{"id":10529,"date":"2013-07-11T11:33:07","date_gmt":"2013-07-11T09:33:07","guid":{"rendered":"http:\/\/www.teatrostabiletorino.it\/?p=10529"},"modified":"2018-03-27T10:23:08","modified_gmt":"2018-03-27T08:23:08","slug":"flauto-magico-lorchestra-piazza-vittorio","status":"publish","type":"post","link":"https:\/\/www.teatrostabiletorino.it\/en\/flauto-magico-lorchestra-piazza-vittorio\/","title":{"rendered":"&#8220;Il Flauto Magico secondo l&#8217;Orchestra di Piazza Vittorio&#8221;"},"content":{"rendered":"<p><div class=\"fusion-fullwidth fullwidth-box fusion-builder-row-1 hundred-percent-fullwidth non-hundred-percent-height-scrolling\" style=\"--awb-border-radius-top-left:0px;--awb-border-radius-top-right:0px;--awb-border-radius-bottom-right:0px;--awb-border-radius-bottom-left:0px;--awb-overflow:visible;--awb-flex-wrap:wrap;\" ><div class=\"fusion-builder-row fusion-row\"><div class=\"fusion-layout-column fusion_builder_column fusion-builder-column-0 fusion_builder_column_1_1 1_1 fusion-one-full fusion-column-first fusion-column-last fusion-column-no-min-height\" style=\"--awb-bg-size:cover;--awb-margin-bottom:0px;\"><div class=\"fusion-column-wrapper fusion-flex-column-wrapper-legacy\">TEATRO CARIGNANO<br \/>\n27 \u2013 31 dicembre 2014<br \/>\n&lt;p style=&#8221;text-align: justify;&#8221;&gt;La pi\u00f9 famosa fiaba della storia della musica inizia, come nella migliore tradizione, con un bosco. Una selva vagamente esotica in cui il giovane principe Tamino sta fuggendo da un mostruoso serpente. A salvarlo in extremis intervengono tre dame, ma il salvataggio ha un prezzo: Tamino viene condotto da una misteriosa Regina della Notte, che gli chiede di riportarle la figlia Pamina, rapita dal (presunto) malvagio Sarastro. Comincia cos\u00ec il viaggio iniziatico dell\u2019eroe che, con l\u2019aiuto dell\u2019uccellatore Papageno e di un flauto dai poteri magici, scoprir\u00e0 che la realt\u00e0 non \u00e8 mai quel che sembra. Il celebre Singspiel mozartiano \u00e8 stato, nel corso di oltre due secoli, oggetto di svariate interpretazioni, che di volta in volta hanno individuato nei suoi personaggi fiabeschi gli emblemi della massoneria o i simboli della cultura illuminista, una metafora politica o un\u2019allegoria mistica. La versione dell\u2019Orchestra di Piazza Vittorio, ensemble romano che riunisce musicisti di dieci diversi paesi, torna invece al carattere gioioso del &lt;em&gt;Flauto magico&lt;\/em&gt;, rivelandone tutta la leggerezza e l\u2019allegria originali. Concepita come una favola tramandata per via orale e giunta sino a noi filtrata dalle diverse culture dei musicisti, l\u2019opera diventa cos\u00ec un racconto contemporaneo, ambientato in una societ\u00e0 multirazziale, in cui la musica mozartiana si trasforma con sorprendente naturalezza in reggae, jazz, intrecci ritmici africani e orientali.&lt;\/p&gt;<\/p>\n\n\t\t<style type=\"text\/css\">\n\t\t\t#gallery-1 {\n\t\t\t\tmargin: auto;\n\t\t\t}\n\t\t\t#gallery-1 .gallery-item {\n\t\t\t\tfloat: left;\n\t\t\t\tmargin-top: 10px;\n\t\t\t\ttext-align: center;\n\t\t\t\twidth: 20%;\n\t\t\t}\n\t\t\t#gallery-1 img {\n\t\t\t\tborder: 2px solid #cfcfcf;\n\t\t\t}\n\t\t\t#gallery-1 .gallery-caption {\n\t\t\t\tmargin-left: 0;\n\t\t\t}\n\t\t\t\/* see gallery_shortcode() in wp-includes\/media.php *\/\n\t\t<\/style>\n\t\t<div id='gallery-1' class='gallery galleryid-10529 gallery-columns-5 gallery-size-thumbnail'><dl class='gallery-item'>\n\t\t\t<dt class='gallery-icon landscape'>\n\t\t\t\t<a data-rel=\"iLightbox[postimages]\" data-title=\"01-ORCHESTRAPIAZZAVITTORIO-06\" data-caption=\"\" href='https:\/\/www.teatrostabiletorino.it\/wp-content\/uploads\/2014\/12\/01-ORCHESTRAPIAZZAVITTORIO-06.jpg'><img decoding=\"async\" width=\"150\" height=\"150\" src=\"https:\/\/www.teatrostabiletorino.it\/wp-content\/uploads\/2014\/12\/01-ORCHESTRAPIAZZAVITTORIO-06-150x150.jpg\" class=\"attachment-thumbnail size-thumbnail lazyload\" alt=\"\" srcset=\"data:image\/svg+xml,%3Csvg%20xmlns%3D%27http%3A%2F%2Fwww.w3.org%2F2000%2Fsvg%27%20width%3D%271890%27%20height%3D%271255%27%20viewBox%3D%270%200%201890%201255%27%3E%3Crect%20width%3D%271890%27%20height%3D%271255%27%20fill-opacity%3D%220%22%2F%3E%3C%2Fsvg%3E\" data-orig-src=\"https:\/\/www.teatrostabiletorino.it\/wp-content\/uploads\/2014\/12\/01-ORCHESTRAPIAZZAVITTORIO-06-150x150.jpg\" data-srcset=\"https:\/\/www.teatrostabiletorino.it\/wp-content\/uploads\/2014\/12\/01-ORCHESTRAPIAZZAVITTORIO-06-66x66.jpg 66w, https:\/\/www.teatrostabiletorino.it\/wp-content\/uploads\/2014\/12\/01-ORCHESTRAPIAZZAVITTORIO-06-150x150.jpg 150w\" data-sizes=\"auto\" \/><\/a>\n\t\t\t<\/dt><\/dl>\n\t\t\t<br style='clear: both' \/>\n\t\t<\/div>\n\n<p>&lt;a href=&#8221;http:\/\/www.teatrostabiletorino.it\/wp-content\/uploads\/2014\/12\/01_TST_Comunicato-IL-FLAUTO-MAGICO.pdf&#8221;&gt;01_TST_Comunicato IL FLAUTO MAGICO&lt;\/a&gt;<br \/>\n&lt;a href=&#8221;http:\/\/www.teatrostabiletorino.it\/wp-content\/uploads\/2014\/12\/02_Scheda-a-cura-della-Compagnia_IL-FLAUTO-MAGICO.pdf&#8221;&gt;02_Scheda a cura della Compagnia_IL FLAUTO MAGICO&lt;\/a&gt;<div class=\"fusion-clearfix\"><\/div><\/div><\/div><\/div><\/div><\/p>","protected":false},"excerpt":{"rendered":"<p>Sorry, this entry is only available in Italiano.TEATRO CARIGNANO 27 \u2013 31 dicembre 2014 La <a href=\"https:\/\/www.teatrostabiletorino.it\/en\/flauto-magico-lorchestra-piazza-vittorio\/\"> [+]<\/a><\/p>\n","protected":false},"author":2,"featured_media":10530,"comment_status":"closed","ping_status":"closed","sticky":false,"template":"","format":"standard","meta":{"_acf_changed":false,"footnotes":""},"categories":[27],"tags":[],"acf":[],"_links":{"self":[{"href":"https:\/\/www.teatrostabiletorino.it\/en\/wp-json\/wp\/v2\/posts\/10529"}],"collection":[{"href":"https:\/\/www.teatrostabiletorino.it\/en\/wp-json\/wp\/v2\/posts"}],"about":[{"href":"https:\/\/www.teatrostabiletorino.it\/en\/wp-json\/wp\/v2\/types\/post"}],"author":[{"embeddable":true,"href":"https:\/\/www.teatrostabiletorino.it\/en\/wp-json\/wp\/v2\/users\/2"}],"replies":[{"embeddable":true,"href":"https:\/\/www.teatrostabiletorino.it\/en\/wp-json\/wp\/v2\/comments?post=10529"}],"version-history":[{"count":0,"href":"https:\/\/www.teatrostabiletorino.it\/en\/wp-json\/wp\/v2\/posts\/10529\/revisions"}],"wp:featuredmedia":[{"embeddable":true,"href":"https:\/\/www.teatrostabiletorino.it\/en\/wp-json\/wp\/v2\/media\/10530"}],"wp:attachment":[{"href":"https:\/\/www.teatrostabiletorino.it\/en\/wp-json\/wp\/v2\/media?parent=10529"}],"wp:term":[{"taxonomy":"category","embeddable":true,"href":"https:\/\/www.teatrostabiletorino.it\/en\/wp-json\/wp\/v2\/categories?post=10529"},{"taxonomy":"post_tag","embeddable":true,"href":"https:\/\/www.teatrostabiletorino.it\/en\/wp-json\/wp\/v2\/tags?post=10529"}],"curies":[{"name":"wp","href":"https:\/\/api.w.org\/{rel}","templated":true}]}}