{"id":11246,"date":"2014-09-02T11:17:06","date_gmt":"2014-09-02T09:17:06","guid":{"rendered":"http:\/\/www.teatrostabiletorino.it\/?p=11246"},"modified":"2018-03-27T10:39:45","modified_gmt":"2018-03-27T08:39:45","slug":"voce-alta-letture-teatro-19-20-marzo-2015-circolo-dei-lettori-partitura-p-regia-adattamento-interpretazione-fabrizio-falco","status":"publish","type":"post","link":"https:\/\/www.teatrostabiletorino.it\/en\/voce-alta-letture-teatro-19-20-marzo-2015-circolo-dei-lettori-partitura-p-regia-adattamento-interpretazione-fabrizio-falco\/","title":{"rendered":"A VOCE ALTA \/ Letture a teatro: &#8220;Partitura P&#8221; di Fabrizio Falco"},"content":{"rendered":"<p><strong>Circolo dei Lettori<br \/>\ndal 19 al 20 marzo 2015<\/strong><\/p>\n<p>Fabrizio Falco si \u00e8 fatto apprezzare nel film di Daniele Cipr\u00ec <em>\u00c8 stato il figlio <\/em>e ne <em>La bella addormentata <\/em>di Marco Bellocchio, \u00e8 autore e interprete di <em>Partitura P, <\/em>a partire da tre novelle di Pirandello: tre stati d\u2019animo, tre tempi diversi che possono essere accostati come fossero movimenti di un unico concerto sinfonico.<\/p>\n<p><a href=\"http:\/\/www.teatrostabiletorino.it\/wp-content\/uploads\/2015\/03\/01_comunicato-stampa-Partitura-P.pdf\">01_Comunicato stampa Partitura P<\/a><\/p>","protected":false},"excerpt":{"rendered":"<p>Circolo dei Lettori dal 19 al 20 marzo 2015 Fabrizio Falco si \u00e8 fatto apprezzare <a href=\"https:\/\/www.teatrostabiletorino.it\/en\/voce-alta-letture-teatro-19-20-marzo-2015-circolo-dei-lettori-partitura-p-regia-adattamento-interpretazione-fabrizio-falco\/\"> [+]<\/a><\/p>\n","protected":false},"author":2,"featured_media":11252,"comment_status":"closed","ping_status":"closed","sticky":false,"template":"","format":"standard","meta":{"_acf_changed":false,"footnotes":""},"categories":[27],"tags":[],"acf":[],"_links":{"self":[{"href":"https:\/\/www.teatrostabiletorino.it\/en\/wp-json\/wp\/v2\/posts\/11246"}],"collection":[{"href":"https:\/\/www.teatrostabiletorino.it\/en\/wp-json\/wp\/v2\/posts"}],"about":[{"href":"https:\/\/www.teatrostabiletorino.it\/en\/wp-json\/wp\/v2\/types\/post"}],"author":[{"embeddable":true,"href":"https:\/\/www.teatrostabiletorino.it\/en\/wp-json\/wp\/v2\/users\/2"}],"replies":[{"embeddable":true,"href":"https:\/\/www.teatrostabiletorino.it\/en\/wp-json\/wp\/v2\/comments?post=11246"}],"version-history":[{"count":0,"href":"https:\/\/www.teatrostabiletorino.it\/en\/wp-json\/wp\/v2\/posts\/11246\/revisions"}],"wp:featuredmedia":[{"embeddable":true,"href":"https:\/\/www.teatrostabiletorino.it\/en\/wp-json\/wp\/v2\/media\/11252"}],"wp:attachment":[{"href":"https:\/\/www.teatrostabiletorino.it\/en\/wp-json\/wp\/v2\/media?parent=11246"}],"wp:term":[{"taxonomy":"category","embeddable":true,"href":"https:\/\/www.teatrostabiletorino.it\/en\/wp-json\/wp\/v2\/categories?post=11246"},{"taxonomy":"post_tag","embeddable":true,"href":"https:\/\/www.teatrostabiletorino.it\/en\/wp-json\/wp\/v2\/tags?post=11246"}],"curies":[{"name":"wp","href":"https:\/\/api.w.org\/{rel}","templated":true}]}}