{"id":11508,"date":"2015-01-07T10:19:40","date_gmt":"2015-01-07T09:19:40","guid":{"rendered":"http:\/\/www.teatrostabiletorino.it\/?p=11508"},"modified":"2018-02-26T16:23:56","modified_gmt":"2018-02-26T15:23:56","slug":"teatro-carignano-dal-21-aprile-al-3-maggio-2015-debutta-il-tartufo-di-moliere-con-eros-pagni-tullio-solenghi-e-la-regia-marco-sciaccaluga","status":"publish","type":"post","link":"https:\/\/www.teatrostabiletorino.it\/en\/teatro-carignano-dal-21-aprile-al-3-maggio-2015-debutta-il-tartufo-di-moliere-con-eros-pagni-tullio-solenghi-e-la-regia-marco-sciaccaluga\/","title":{"rendered":"Teatro Carignano, dal 21 aprile al 3 maggio 2015 debutta IL TARTUFO di Moli\u00e8re, con Eros Pagni, Tullio Solenghi e la regia Marco Sciaccaluga"},"content":{"rendered":"<p><div class=\"fusion-fullwidth fullwidth-box fusion-builder-row-1 hundred-percent-fullwidth non-hundred-percent-height-scrolling\" style=\"--awb-border-radius-top-left:0px;--awb-border-radius-top-right:0px;--awb-border-radius-bottom-right:0px;--awb-border-radius-bottom-left:0px;--awb-overflow:visible;--awb-flex-wrap:wrap;\" ><div class=\"fusion-builder-row fusion-row\"><div class=\"fusion-layout-column fusion_builder_column fusion-builder-column-0 fusion_builder_column_1_1 1_1 fusion-one-full fusion-column-first fusion-column-last fusion-column-no-min-height\" style=\"--awb-bg-size:cover;--awb-margin-bottom:0px;\"><div class=\"fusion-column-wrapper fusion-flex-column-wrapper-legacy\">TEATRO CARIGNANO \/ 21 aprile &#8211; 3 maggio 2015<br \/>\nIL TARTUFO di Moli\u00e8re<br \/>\nversione italiana Valerio Magrelli<br \/>\nregia Marco Sciaccaluga<br \/>\ncon Eros Pagni, Tullio Solenghi, Marco Avogadro, Massimo Cagnina, Alberto Giusta, Barbara Moselli, Pier Luigi Pasino, Mariangeles Torres, Antonio Zavatteri, Gennaro Apicella, Elisabetta Mazzullo<br \/>\nscena e costumi Catherine Rankl<br \/>\nmusiche Andrea Nicolini<br \/>\nluci Sandro Sussi<br \/>\nTeatro Stabile di Genova<\/p>\n<p style=\"text-align: justify;\">Eros Pagni e Tullio Solenghi, intrepretano il capolavoro di Moli\u00e8re. Quando Moliere mise in scena per la prima volta, nel 1664, Il Tartufo, dovette vedersela con la famigerata \u201ccabala dei devoti\u201d, che infestava allora la corte del Re Sole e che riusc\u00ec a far bandire la commedia per diversi anni. Niente di cui stupirsi, visto che \u00e8 la storia di un sepolcro imbiancato: un falso devoto, un baciapile bugiardo, che dietro pie sembianze circuisce il ricco e fin troppo ingenuo Orgon, per spogliarlo dei beni e approfittare della moglie. Portando in scena il capolavoro sempre moderno di Moli\u00e8re, nella nuova traduzione di Valerio Magrelli, il regista Marco Sciaccaluga attenua per\u00f2 i toni cupi e le ostentazioni devote dell\u2019ipocrita anti-eroe, prediligendo il registro farsesco, perfetto per mettere alla berlina le debolezze umane.  \u00abIl Tartufo &#8211; spiega Sciaccaluga &#8211; \u00e8 una commedia strutturata a suspense: il pubblico, come quasi tutti i personaggi, sa chi \u00e8 l&#8217;assassino; ma, attraverso il comico, siamo tutti costretti a vivere nell&#8217;angoscia perch\u00e9 proprio colui che ha il potere in quella casa non se ne accorge, portando cos\u00ec la famiglia alla rovina. [\u2026] \u00c8 proprio questo che insieme ci fa ridere e ci fa paura. A Moli\u00e8re riesce l&#8217;impresa grandiosa di rendere comica e interessante la stupidit\u00e0 umana\u00bb.<\/p>\n<p><a href=\"http:\/\/www.teatrostabiletorino.it\/wp-content\/uploads\/2015\/05\/01_Comunicato-stampa-IL-TARTUFO.pdf\">01_Comunicato stampa IL TARTUFO<\/a><br \/>\n<a href=\"http:\/\/www.teatrostabiletorino.it\/wp-content\/uploads\/2015\/05\/02_Scheda-a-cura-della-Compagnia.pdf\">02_Scheda a cura della Compagnia<\/a><br \/>\n<a href=\"http:\/\/www.teatrostabiletorino.it\/wp-content\/uploads\/2015\/05\/03_Il-Tartufo-conversazione-con-Marco-Sciaccaluga.pdf\">03_Il Tartufo-conversazione con Marco Sciaccaluga<\/a><br \/>\n<a href=\"http:\/\/www.teatrostabiletorino.it\/wp-content\/uploads\/2015\/05\/04_Il-Tartufo-note-traduttore-Valero-Magrelli.pdf\">04_Il Tartufo &#8211; note traduttore Valero Magrelli<\/a><\/p>\n\n\t\t<style type=\"text\/css\">\n\t\t\t#gallery-2 {\n\t\t\t\tmargin: auto;\n\t\t\t}\n\t\t\t#gallery-2 .gallery-item {\n\t\t\t\tfloat: left;\n\t\t\t\tmargin-top: 10px;\n\t\t\t\ttext-align: center;\n\t\t\t\twidth: 20%;\n\t\t\t}\n\t\t\t#gallery-2 img {\n\t\t\t\tborder: 2px solid #cfcfcf;\n\t\t\t}\n\t\t\t#gallery-2 .gallery-caption {\n\t\t\t\tmargin-left: 0;\n\t\t\t}\n\t\t\t\/* see gallery_shortcode() in wp-includes\/media.php *\/\n\t\t<\/style>\n\t\t<div id='gallery-2' class='gallery galleryid-11508 gallery-columns-5 gallery-size-thumbnail'><dl class='gallery-item'>\n\t\t\t<dt class='gallery-icon landscape'>\n\t\t\t\t<a data-rel=\"iLightbox[postimages]\" data-title=\"Teatro Stabile-Il Tartufo\" data-caption=\"\" href='https:\/\/www.teatrostabiletorino.it\/wp-content\/uploads\/2015\/01\/Il-Tartufo-regia-M.-Sciaccaluga-scena-di-insieme-foto-Maritati.jpg'><img decoding=\"async\" width=\"150\" height=\"150\" src=\"https:\/\/www.teatrostabiletorino.it\/wp-content\/uploads\/2015\/01\/Il-Tartufo-regia-M.-Sciaccaluga-scena-di-insieme-foto-Maritati-150x150.jpg\" class=\"attachment-thumbnail size-thumbnail lazyload\" alt=\"\" srcset=\"data:image\/svg+xml,%3Csvg%20xmlns%3D%27http%3A%2F%2Fwww.w3.org%2F2000%2Fsvg%27%20width%3D%272126%27%20height%3D%271415%27%20viewBox%3D%270%200%202126%201415%27%3E%3Crect%20width%3D%272126%27%20height%3D%271415%27%20fill-opacity%3D%220%22%2F%3E%3C%2Fsvg%3E\" data-orig-src=\"https:\/\/www.teatrostabiletorino.it\/wp-content\/uploads\/2015\/01\/Il-Tartufo-regia-M.-Sciaccaluga-scena-di-insieme-foto-Maritati-150x150.jpg\" data-srcset=\"https:\/\/www.teatrostabiletorino.it\/wp-content\/uploads\/2015\/01\/Il-Tartufo-regia-M.-Sciaccaluga-scena-di-insieme-foto-Maritati-66x66.jpg 66w, https:\/\/www.teatrostabiletorino.it\/wp-content\/uploads\/2015\/01\/Il-Tartufo-regia-M.-Sciaccaluga-scena-di-insieme-foto-Maritati-150x150.jpg 150w\" data-sizes=\"auto\" \/><\/a>\n\t\t\t<\/dt><\/dl><dl class='gallery-item'>\n\t\t\t<dt class='gallery-icon landscape'>\n\t\t\t\t<a data-rel=\"iLightbox[postimages]\" data-title=\"Teatro Stabile-Il Tartufo\" data-caption=\"\" href='https:\/\/www.teatrostabiletorino.it\/wp-content\/uploads\/2015\/01\/Il-Tartufo-nella-foto-Pier-Luigi-Pasino-Barbara-Moselli-e-Elisabetta-Mazzullo-foto-Maritati.jpg'><img decoding=\"async\" width=\"150\" height=\"150\" src=\"https:\/\/www.teatrostabiletorino.it\/wp-content\/uploads\/2015\/01\/Il-Tartufo-nella-foto-Pier-Luigi-Pasino-Barbara-Moselli-e-Elisabetta-Mazzullo-foto-Maritati-150x150.jpg\" class=\"attachment-thumbnail size-thumbnail lazyload\" alt=\"\" srcset=\"data:image\/svg+xml,%3Csvg%20xmlns%3D%27http%3A%2F%2Fwww.w3.org%2F2000%2Fsvg%27%20width%3D%272126%27%20height%3D%271415%27%20viewBox%3D%270%200%202126%201415%27%3E%3Crect%20width%3D%272126%27%20height%3D%271415%27%20fill-opacity%3D%220%22%2F%3E%3C%2Fsvg%3E\" data-orig-src=\"https:\/\/www.teatrostabiletorino.it\/wp-content\/uploads\/2015\/01\/Il-Tartufo-nella-foto-Pier-Luigi-Pasino-Barbara-Moselli-e-Elisabetta-Mazzullo-foto-Maritati-150x150.jpg\" data-srcset=\"https:\/\/www.teatrostabiletorino.it\/wp-content\/uploads\/2015\/01\/Il-Tartufo-nella-foto-Pier-Luigi-Pasino-Barbara-Moselli-e-Elisabetta-Mazzullo-foto-Maritati-66x66.jpg 66w, https:\/\/www.teatrostabiletorino.it\/wp-content\/uploads\/2015\/01\/Il-Tartufo-nella-foto-Pier-Luigi-Pasino-Barbara-Moselli-e-Elisabetta-Mazzullo-foto-Maritati-150x150.jpg 150w\" data-sizes=\"auto\" \/><\/a>\n\t\t\t<\/dt><\/dl><dl class='gallery-item'>\n\t\t\t<dt class='gallery-icon landscape'>\n\t\t\t\t<a data-rel=\"iLightbox[postimages]\" data-title=\"Teatro Stabile-Il Tartufo\" data-caption=\"\" href='https:\/\/www.teatrostabiletorino.it\/wp-content\/uploads\/2015\/01\/Tullio-Solenghi-e-Mariangeles-Torres-in-Il-Tartufo-foto-Maritati.jpg'><img decoding=\"async\" width=\"150\" height=\"150\" src=\"https:\/\/www.teatrostabiletorino.it\/wp-content\/uploads\/2015\/01\/Tullio-Solenghi-e-Mariangeles-Torres-in-Il-Tartufo-foto-Maritati-150x150.jpg\" class=\"attachment-thumbnail size-thumbnail lazyload\" alt=\"\" srcset=\"data:image\/svg+xml,%3Csvg%20xmlns%3D%27http%3A%2F%2Fwww.w3.org%2F2000%2Fsvg%27%20width%3D%272126%27%20height%3D%271415%27%20viewBox%3D%270%200%202126%201415%27%3E%3Crect%20width%3D%272126%27%20height%3D%271415%27%20fill-opacity%3D%220%22%2F%3E%3C%2Fsvg%3E\" data-orig-src=\"https:\/\/www.teatrostabiletorino.it\/wp-content\/uploads\/2015\/01\/Tullio-Solenghi-e-Mariangeles-Torres-in-Il-Tartufo-foto-Maritati-150x150.jpg\" data-srcset=\"https:\/\/www.teatrostabiletorino.it\/wp-content\/uploads\/2015\/01\/Tullio-Solenghi-e-Mariangeles-Torres-in-Il-Tartufo-foto-Maritati-66x66.jpg 66w, https:\/\/www.teatrostabiletorino.it\/wp-content\/uploads\/2015\/01\/Tullio-Solenghi-e-Mariangeles-Torres-in-Il-Tartufo-foto-Maritati-150x150.jpg 150w\" data-sizes=\"auto\" \/><\/a>\n\t\t\t<\/dt><\/dl><dl class='gallery-item'>\n\t\t\t<dt class='gallery-icon landscape'>\n\t\t\t\t<a data-rel=\"iLightbox[postimages]\" data-title=\"OLYMPUS DIGITAL CAMERA\" data-caption=\"\" href='https:\/\/www.teatrostabiletorino.it\/wp-content\/uploads\/2015\/01\/01_Eros-Pagni-e-Tullio-Solenghi-in-Il-Tartufo-regia-M.-Sciaccaluga-foto-Ansaldi.jpg'><img decoding=\"async\" width=\"150\" height=\"150\" src=\"https:\/\/www.teatrostabiletorino.it\/wp-content\/uploads\/2015\/01\/01_Eros-Pagni-e-Tullio-Solenghi-in-Il-Tartufo-regia-M.-Sciaccaluga-foto-Ansaldi-150x150.jpg\" class=\"attachment-thumbnail size-thumbnail lazyload\" alt=\"\" srcset=\"data:image\/svg+xml,%3Csvg%20xmlns%3D%27http%3A%2F%2Fwww.w3.org%2F2000%2Fsvg%27%20width%3D%272362%27%20height%3D%271574%27%20viewBox%3D%270%200%202362%201574%27%3E%3Crect%20width%3D%272362%27%20height%3D%271574%27%20fill-opacity%3D%220%22%2F%3E%3C%2Fsvg%3E\" data-orig-src=\"https:\/\/www.teatrostabiletorino.it\/wp-content\/uploads\/2015\/01\/01_Eros-Pagni-e-Tullio-Solenghi-in-Il-Tartufo-regia-M.-Sciaccaluga-foto-Ansaldi-150x150.jpg\" data-srcset=\"https:\/\/www.teatrostabiletorino.it\/wp-content\/uploads\/2015\/01\/01_Eros-Pagni-e-Tullio-Solenghi-in-Il-Tartufo-regia-M.-Sciaccaluga-foto-Ansaldi-66x66.jpg 66w, https:\/\/www.teatrostabiletorino.it\/wp-content\/uploads\/2015\/01\/01_Eros-Pagni-e-Tullio-Solenghi-in-Il-Tartufo-regia-M.-Sciaccaluga-foto-Ansaldi-150x150.jpg 150w\" data-sizes=\"auto\" \/><\/a>\n\t\t\t<\/dt><\/dl><dl class='gallery-item'>\n\t\t\t<dt class='gallery-icon landscape'>\n\t\t\t\t<a data-rel=\"iLightbox[postimages]\" data-title=\"OLYMPUS DIGITAL CAMERA\" data-caption=\"\" href='https:\/\/www.teatrostabiletorino.it\/wp-content\/uploads\/2015\/01\/Eros-Pagni-e-Antonio-Zavatteri-in-Il-Tartufo-foto-Ansaldi.jpg'><img decoding=\"async\" width=\"150\" height=\"150\" src=\"https:\/\/www.teatrostabiletorino.it\/wp-content\/uploads\/2015\/01\/Eros-Pagni-e-Antonio-Zavatteri-in-Il-Tartufo-foto-Ansaldi-150x150.jpg\" class=\"attachment-thumbnail size-thumbnail lazyload\" alt=\"\" srcset=\"data:image\/svg+xml,%3Csvg%20xmlns%3D%27http%3A%2F%2Fwww.w3.org%2F2000%2Fsvg%27%20width%3D%272126%27%20height%3D%271417%27%20viewBox%3D%270%200%202126%201417%27%3E%3Crect%20width%3D%272126%27%20height%3D%271417%27%20fill-opacity%3D%220%22%2F%3E%3C%2Fsvg%3E\" data-orig-src=\"https:\/\/www.teatrostabiletorino.it\/wp-content\/uploads\/2015\/01\/Eros-Pagni-e-Antonio-Zavatteri-in-Il-Tartufo-foto-Ansaldi-150x150.jpg\" data-srcset=\"https:\/\/www.teatrostabiletorino.it\/wp-content\/uploads\/2015\/01\/Eros-Pagni-e-Antonio-Zavatteri-in-Il-Tartufo-foto-Ansaldi-66x66.jpg 66w, https:\/\/www.teatrostabiletorino.it\/wp-content\/uploads\/2015\/01\/Eros-Pagni-e-Antonio-Zavatteri-in-Il-Tartufo-foto-Ansaldi-150x150.jpg 150w\" data-sizes=\"auto\" \/><\/a>\n\t\t\t<\/dt><\/dl><br style=\"clear: both\" \/>\n\t\t<\/div>\n<div class=\"fusion-clearfix\"><\/div><\/div><\/div><\/div><\/div><\/p>","protected":false},"excerpt":{"rendered":"","protected":false},"author":2,"featured_media":27013,"comment_status":"closed","ping_status":"closed","sticky":false,"template":"","format":"standard","meta":{"_acf_changed":false,"footnotes":""},"categories":[27],"tags":[],"acf":[],"_links":{"self":[{"href":"https:\/\/www.teatrostabiletorino.it\/en\/wp-json\/wp\/v2\/posts\/11508"}],"collection":[{"href":"https:\/\/www.teatrostabiletorino.it\/en\/wp-json\/wp\/v2\/posts"}],"about":[{"href":"https:\/\/www.teatrostabiletorino.it\/en\/wp-json\/wp\/v2\/types\/post"}],"author":[{"embeddable":true,"href":"https:\/\/www.teatrostabiletorino.it\/en\/wp-json\/wp\/v2\/users\/2"}],"replies":[{"embeddable":true,"href":"https:\/\/www.teatrostabiletorino.it\/en\/wp-json\/wp\/v2\/comments?post=11508"}],"version-history":[{"count":0,"href":"https:\/\/www.teatrostabiletorino.it\/en\/wp-json\/wp\/v2\/posts\/11508\/revisions"}],"wp:featuredmedia":[{"embeddable":true,"href":"https:\/\/www.teatrostabiletorino.it\/en\/wp-json\/wp\/v2\/media\/27013"}],"wp:attachment":[{"href":"https:\/\/www.teatrostabiletorino.it\/en\/wp-json\/wp\/v2\/media?parent=11508"}],"wp:term":[{"taxonomy":"category","embeddable":true,"href":"https:\/\/www.teatrostabiletorino.it\/en\/wp-json\/wp\/v2\/categories?post=11508"},{"taxonomy":"post_tag","embeddable":true,"href":"https:\/\/www.teatrostabiletorino.it\/en\/wp-json\/wp\/v2\/tags?post=11508"}],"curies":[{"name":"wp","href":"https:\/\/api.w.org\/{rel}","templated":true}]}}