{"id":27495,"date":"2015-05-27T09:35:31","date_gmt":"2015-05-27T07:35:31","guid":{"rendered":"http:\/\/www.teatrostabiletorino.it\/?p=27495"},"modified":"2018-02-26T16:23:49","modified_gmt":"2018-02-26T15:23:49","slug":"teatro-stabile-torino-teatro-nazionale-stagione-20152016","status":"publish","type":"post","link":"https:\/\/www.teatrostabiletorino.it\/en\/teatro-stabile-torino-teatro-nazionale-stagione-20152016\/","title":{"rendered":"TEATRO STABILE TORINO &#8211; TEATRO NAZIONALE &#8211; Stagione 2015\/2016"},"content":{"rendered":"<p class=\"qtranxs-available-languages-message qtranxs-available-languages-message-en\">Sorry, this entry is only available in <a href=\"https:\/\/www.teatrostabiletorino.it\/it\/wp-json\/wp\/v2\/posts\/27495\" class=\"qtranxs-available-language-link qtranxs-available-language-link-it\" title=\"Italiano\">Italiano<\/a>.<\/p><p><div class=\"fusion-fullwidth fullwidth-box fusion-builder-row-1 hundred-percent-fullwidth non-hundred-percent-height-scrolling\" style=\"--awb-border-radius-top-left:0px;--awb-border-radius-top-right:0px;--awb-border-radius-bottom-right:0px;--awb-border-radius-bottom-left:0px;--awb-overflow:visible;--awb-flex-wrap:wrap;\" ><div class=\"fusion-builder-row fusion-row\"><div class=\"fusion-layout-column fusion_builder_column fusion-builder-column-0 fusion_builder_column_1_1 1_1 fusion-one-full fusion-column-first fusion-column-last fusion-column-no-min-height\" style=\"--awb-bg-size:cover;--awb-margin-bottom:0px;\"><div class=\"fusion-column-wrapper fusion-flex-column-wrapper-legacy\"><strong>TEATRO STABILE TORINO &#8211; TEATRO NAZIONALE<\/strong><\/p>\n<p><strong>Stagione 2015\/2016<\/strong><\/p>\n<p>Presentiamo oggi al Gobetti la nuova Stagione del nostro Teatro perch\u00e9 il 27 maggio 2015 \u00e8 il giorno del <strong>Sessantesimo anniversario della nascita del Teatro Stabile<\/strong>. Infatti, proprio il 27 maggio del 1955 il Consiglio Comunale di Torino deliber\u00f2 la fondazione del Piccolo Teatro della Citt\u00e0 di Torino, denominato due anni dopo Teatro Stabile, e la prima sede fu il Teatro Gobetti.<\/p>\n<p>Festeggiamo il 60\u00b0 compleanno dello Stabile con una Stagione ricca di appuntamenti di grande interesse: <strong>13 nuove produzioni<\/strong>, <strong>2 riprese<\/strong>, <strong>30 spettacoli ospiti<\/strong>, <strong>19 spettacoli<\/strong> programmati per <strong>Torinodanza Festival <\/strong>e, contestualmente, anche in occasione dei 40 anni di attivit\u00e0 del Centro Studi, con la <strong>digitalizzazione<\/strong> di tutta la documentazione dei 573 spettacoli prodotti dal nostro Teatro dal 1955 a oggi e dell\u2019intera collezione della rivista <em>Il Dramma<\/em> (1925 \u2013 1983), materiali resi ora disponibili in rete.<\/p>\n<p>Infine, onoriamo questa occasione con l\u2019emissione da parte del Ministero dello Sviluppo Economico di un <strong>francobollo<\/strong> dedicato al Teatro Stabile nell\u2019esclusiva serie tematica \u201cil Patrimonio Artistico e Culturale italiano\u201d e raffigurante il Teatro Carignano che rappresenta, nell\u2019immaginario collettivo, il cuore della vita culturale di Torino. Durante la presentazione della Stagione sar\u00e0 possibile effettuare l\u2019annullo filatelico. Una grande emozione per tutto il pubblico del Teatro Stabile, che potr\u00e0 acquisire un piccolo pezzetto di storia del teatro italiano.<\/p>\n<p>\u00ab\u00c8 di certo una coincidenza che il nostro Stabile venga riconosciuto <strong>Teatro Nazionale<\/strong> nello stesso anno in cui compie 60 anni &#8211; dichiarano <strong>Evelina Christillin <\/strong>e<strong> Filippo Fonsatti<\/strong>, Presidente e Direttore del Teatro Stabile di Torino -. Ma \u00e8 altrettanto certo che l\u2019obiettivo sia stato raggiunto grazie alla consistenza dei numeri e dei fatti: 310 recite prodotte, 256 recite ospitate, 264.000 biglietti venduti in sede e in tourn\u00e9e nel 2014; 18.000 abbonati alla stagione corrente, 50% di autofinanziamento, 20 premi della critica negli ultimi anni, esportazione degli spettacoli in Germania, Francia, Svizzera, Romania, Usa e Cina, 1.200 ore di lezione impartite ogni anno dalla Scuola per Attori; infine 200.000 documenti della nostra storia, custoditi nel pi\u00f9 importante Centro Studi italiano dedicato al teatro, digitalizzati e consultabili online\u00bb.<\/p>\n<p>Per la prossima Stagione, lo Stabile propone un cartellone che spazia dai grandi titoli del repertorio classico alla drammaturgia contemporanea, fino agli spettacoli della danza internazionale pi\u00f9 innovativa. Un&#8217;attivit\u00e0 intensa che fra settembre 2015 e giugno 2016 vedr\u00e0 programmati nel cartellone dello Stabile di Torino e di Torinodanza <strong>63 spettacoli<\/strong>: Eugenio Allegri, Suzanne Andrade, Paul Barritt, Natalino Balasso, Giuseppe Battiston, Valerio Binasco, Anna Bonaiuto, Franco Branciaroli, Michela Cescon, Laura Curino, Luca De Filippo, Mich\u00e8le Anne De Mey, Roberto De Francesco, Andrea De Rosa, Giuliana De Sio, Michele Di Mauro, Gioele Dix, Jurij Ferrini, Angela Finocchiaro, William Forsythe, Iaia Forte, Marco Tullio Giordana, Gabriele Lavia, Luca Lazzareschi, Luigi Lo Cascio, Sandro Lombardi, Valter Malosti, Laura Marinoni, Benjamin Millepied, Leo Muscato, Umberto Orsini, Thomas Ostermeier, Marco Paolini, Fausto Paravidino, Paolo Pierobon, Alain Platel, Massimo Popolizio, Michele Riondino, Fredrik Rydman, Federico Tiezzi, Mario Tronco, Gabriele Vacis, Jaco Van Dormael, Sasha Waltz, Luca Zingaretti sono solo alcuni dei nomi che compongono il nuovo programma.<\/p>\n<p>\u00abIl passaggio a Teatro Nazionale \u2013 dichiara <strong>Mario Martone<\/strong>, Direttore Artistico del Teatro Stabile \u2013 implica naturalmente anche delle sfide nuove, pi\u00f9 ampie, pi\u00f9 radicali: non ho dunque esitato nel decidere di mettere in scena <em>La morte di Danton<\/em> di Georg B\u00fcchner, un testo che raramente viene rappresentato, ma che avrei sempre voluto affrontare. Difficile definirlo: se lo considerassimo un affresco sulla Rivoluzione francese faremmo torto alla sua fulminea capacit\u00e0 di procedere per scatti, come una sceneggiatura cinematografica, in totale libert\u00e0 di costruzione drammaturgica. Certo, la densit\u00e0 del pensiero, la visione profondissima capace di tenere insieme la storia collettiva e le storie individuali degli esseri umani, le voci di decine di personaggi, ne fanno un testo grandioso, ma tanto grande quanto fremente e umana \u00e8 la sua anima. Arrivo alla <em>Morte di Danton<\/em> dopo <em>Noi credevamo<\/em>, dopo le <em>Operette Morali<\/em>, dopo <em>Il giovane favoloso<\/em>: \u00e8 questo lungo laboratorio, in gran parte torinese, sulla storia e sulla visione che della storia aveva Leopardi che costituisce oggi la mia via di accesso ai labirinti del testo di B\u00fcchner. Tutto muove da Torino, dunque, per me e per gli artisti che schieriamo nelle nostre produzioni, che in questa stagione sono, tra gli altri, Gabriele Vacis, Marco Paolini, Valter Malosti, Leo Muscato, Marco Tullio Giordana, Gabriele Lavia, Andrea De Rosa, Thomas Ostermeier, Giuseppe Battiston, Paolo Pierobon, Iaia Forte, Roberto De Francesco, Mario Tronco, Michela Cescon, Laura Marinoni, Jurij Ferrini, Marco Lorenzi, Leonardo Lidi, Enzo Moscato, Paolo Giordano, Davide Carnevali&#8230; Dobbiamo essere grati a questa citt\u00e0, che in tempi di crisi, e tra mille difficolt\u00e0, riesce a tenere fermo lo sguardo sulla cultura come risorsa\u00bb.<\/p>\n<p>Una grande offerta di titoli classici affidati al lavoro di registi e attori che si impongono sulla scena nazionale e internazionale per capacit\u00e0 di innovazione stilistica e per coraggio nella lettura, pur senza perdere il contatto con il pubblico che si vuole sempre parte attiva nel confronto tra classico e contemporaneo.<\/p>\n<p><strong>PRODUZIONI E COPRODUZIONI DEL TEATRO STABILE<\/strong><\/p>\n<p>Il programma delle produzioni si apre con <strong>Vita di Galileo<\/strong> di Bertolt Brecht. Gabriele Lavia interpreter\u00e0 Galileo Galilei e diriger\u00e0 24 attori: ottanta personaggi per uno dei drammi pi\u00f9 intensi e moderni di Brecht. Lo spettacolo debutter\u00e0 in prima nazionale al Teatro Carignano, dal 6 al 25 ottobre 2015, ed \u00e8 coprodotto con la Fondazione Teatro della Toscana.<\/p>\n<p>Jurij Ferrini, dopo il successo di <em>Cyrano de Bergerac<\/em>, diriger\u00e0 e interpreter\u00e0 una delle commedie pi\u00f9 note e celebrate di Moli\u00e8re, <strong>L&#8217;Avaro<\/strong>. Lo spettacolo andr\u00e0 in scena, in prima nazionale, dal 7 al 18 ottobre e dal 27 ottobre all&#8217;8 novembre 2015, al Teatro Gobetti di Torino.<\/p>\n<p>Dal 17 al 29 novembre debutter\u00e0, in prima nazionale, al Teatro Gobetti <strong>Il testamento di Maria<\/strong>, intenso e toccante testo del pi\u00f9 grande scrittore irlandese vivente, Colm T\u00f3ib\u00edn coprodotto con il Teatro Stabile del Veneto. Per l&#8217;occasione, dopo il premiatissimo <em>The coast of Utopia<\/em> di Tom Stoppard, si riforma la coppia artistica composta da Marco Tullio Giordana e Michela Cescon.<\/p>\n<p>Sempre al Gobetti, dall&#8217;1 al 20 dicembre, Marco Lorenzi, dopo <em>Gl&#8217;innamorati<\/em> di Goldoni, porter\u00e0 in scena, in prima nazionale, <strong>L&#8217;albergo del libero scambio <\/strong>di Georges Feydeau, nella traduzione e nell\u2019adattamento del giovane drammaturgo Davide Carnevali, artista emergente anche in ambito europeo.<\/p>\n<p>Andrea De Rosa ha riunito un cast di grande impatto per affrontare <strong>Fedra<\/strong>, <strong>tragedia del <em>furor<\/em> amoroso<\/strong>. Dall&#8217;8 al 20 dicembre, alle Fonderie Limone di Moncalieri, il regista diriger\u00e0 Laura Marinoni, Luca Lazzareschi, Anna Coppola, Fabrizio Falco e Tamara Balducci; lo spettacolo \u00e8 coprodotto con Emilia Romagna Teatro Fondazione.<\/p>\n<p>Dal 19 al 31 gennaio 2016, Valter Malosti porter\u00e0 in scena in prima nazionale, alle Fonderie Limone, <strong>L&#8217;Arialda<\/strong>, terzo volume del ciclo de <em>I segreti di Milano<\/em> di Giovanni Testori, un grande e ruvido affresco della periferia milanese negli anni del boom economico.<\/p>\n<p>Mario Martone, dopo il successo teatrale di <em>Carmen<\/em> e quello cinematografico de <em>Il giovane favoloso<\/em>, curer\u00e0 la regia de <strong>La morte di Danton<\/strong>, capolavoro di Georg B\u00fcchner, un testo grandioso che prevede la partecipazione di 30 attori e che vedr\u00e0 fra i protagonisti Giuseppe Battiston e Paolo Pierobon. Lo spettacolo debutter\u00e0 in prima nazionale al Teatro Carignano il 9 febbraio 2016 (con repliche fino al 28 febbraio).<\/p>\n<p>Alle Fonderie Limone, dal 29 marzo al 10 aprile, debutter\u00e0 in prima assoluta <strong>Amleto a Gerusalemme. Palestinian kids want to see the sea<\/strong>, uno spettacolo che riunisce due protagonisti del teatro italiano, artefici della lunga e felice stagione del teatro di narrazione: Gabriele Vacis e Marco Paolini.<\/p>\n<p>Al Teatro Gobetti, Sala Colonne, dal 5 al 17 aprile, andr\u00e0 in scena, in prima assoluta, <strong>Galois<\/strong> del premio Strega Paolo Giordano, interpretato e diretto dal talentuoso Fabrizio Falco che si \u00e8 fatto apprezzare non solo a teatro, ma anche sul grande schermo.<\/p>\n<p>Thomas Ostermeier, uno tra i registi e direttori teatrali tedeschi pi\u00f9 importanti e apprezzati a livello internazionale, firmer\u00e0 una nuova edizione de <strong>Il Gabbiano<\/strong> di Anton \u010cechov. Lo spettacolo, coprodotto dallo Stabile insieme al Th\u00e9\u00e2tre Vidy-Lausanne e all\u2019Od\u00e9on Th\u00e9\u00e2tre de l\u2019Europe, debutter\u00e0 in prima nazionale alle Fonderie Limone, dal 13 al 16 aprile.<\/p>\n<p>Il Teatro Stabile di Torino prende parte al \u201cProgetto Alfredo Casella\u201d promosso dal Teatro Regio con <strong>La donna serpente <\/strong>di Carlo Gozzi, per la regia di Valter Malosti che coinvolger\u00e0 in questo spettacolo gli allievi della Scuola per Attori. Il debutto \u00e8 programmato alle Fonderie Limone\/Sala Piccola, dal 19 al 21 aprile.<\/p>\n<p>Dopo il grande successo di pubblico e di critica, torna <strong>Carmen<\/strong> di Enzo Moscato, con l&#8217;adattamento e la regia di Mario Martone, la direzione musicale di Mario Tronco e l&#8217;interpretazione di Iaia Forte e Roberto De Francesco, esecuzione dal vivo dell&#8217;Orchestra di Piazza Vittorio. Teatro Carignano, dal 26 aprile al 1 maggio.<\/p>\n<p>Al Teatro Carignano, dal 17 maggio al 5 giugno, debutter\u00e0 in prima nazionale <strong>Come vi piace <\/strong>commedia fra le pi\u00f9 amate e rappresentate di Shakespeare, affidata alla regia di Leo Muscato, giovane e affermato regista di prosa e lirica. Lo spettacolo sar\u00e0 interpretato da Eugenio Allegri e Michele Di Mauro.<\/p>\n<p>Dopo <em>Pinocchio,<\/em> <em>H\u00e4nsel e Gretel e Cenerentola<\/em> lo Stabile proporr\u00e0 ai ragazzi e alle loro famiglie <strong>Peter Pan \u2013 Il sogno di Wendy <\/strong>affidato alla regia del giovane attore e regista Leonardo Lidi: un nuovo modo per avvicinarsi al teatro e riscoprire il Carignano (12 gennaio \u2013 28 aprile, prima nazionale).<\/p>\n<p><strong>Cenerentola <\/strong>da Charles Perrault, una delle fiabe pi\u00f9 popolari al mondo, che il Teatro Stabile di Torino ha prodotto nella scorsa Stagione con la regia di Marco Lorenzi, dopo i consensi riscossi al Carignano da un pubblico formato da grandi e piccini, viene ripresa a partire da dicembre 2015 per una tourn\u00e9e in Regione.<\/p>\n<p><strong>IL PROGETTO INTERNAZIONALE<\/strong><\/p>\n<p>Anche nella Stagione 2015-2016 si distingue un percorso specificamente ideato per sviluppare il processo di internazionalizzazione del nostro Teatro, che prende le mosse il 12 e il 13 giugno 2015 con il debutto della <em>Carmen<\/em> di Enzo Moscato, per la regia di Mario Martone, al Thalia Hall nell\u2019ambito del Festivalul International de Teatru de la Sibiu in Romania, uno dei pi\u00f9 importanti d\u2019Europa, e prosegue il 23 e il 24 ottobre 2015 con <em>L\u2019avaro<\/em> di Moli\u00e8re, firmato da Jurij Ferrini, al Wuzhen Theatre Festival di Shanghai, la rassegna pi\u00f9 vivace della scena teatrale cinese.<\/p>\n<p>Quest\u2019anno il pubblico torinese potr\u00e0 apprezzare alcuni fra i pi\u00f9 curiosi e acclamati spettacoli stranieri. Il Teatro Stabile propone infatti <em>Swan Lake Reloaded<\/em>, una versione dinamica, eccessiva e sfolgorante de <em>Il <\/em><em>Lago dei cigni<\/em> ideata dal coreografo svedese Fredrik Rydman (Teatro Carignano, 29 dicembre 2015 &#8211; 3 gennaio 2016); <em>Stones (Avanim)<\/em> una struggente riflessione sull\u2019Olocausto della compagnia israeliana Orto-Da (Teatro Gobetti, 19 \u2013 24 gennaio).<\/p>\n<p>Prosegue l\u2019esperienza del Teatro in lingua inglese e per cinque giorni il Teatro Gobetti diventer\u00e0 la casa di Shakespeare: il Charioteer Theatre, guidato dalla regista Laura Pasetti, proporr\u00e0 il dittico <em>A Cup of Tea with Shakespeare<\/em> e <em>Shakespeare vs Shakespeare on Air <\/em>(15 \u2013 19 febbraio).<\/p>\n<p>Dal 13 al 16 aprile approder\u00e0 alle Fonderie Limone una nuova edizione del <em>Gabbiano<\/em> di Anton \u010cechov firmata da Thomas Ostermeier, regista tedesco di fama internazionale, e coprodotta dallo Stabile insieme al Th\u00e9\u00e2tre Vidy-Lausanne e all\u2019Od\u00e9on Th\u00e9\u00e2tre de l\u2019Europe. Dall\u201911 al 14 maggio debutter\u00e0 alle Fonderie Limone il sorprendente <em>Golem <\/em>creato dalla compagnia londinese 1927: un allestimento che ha toccato i pi\u00f9 importanti teatri del mondo ed ha ricevuto il Critics Circle Award.<\/p>\n<p>Fa parte del progetto internazionale anche una delle pi\u00f9 importanti produzioni dello Stabile: <em>Amleto a Gerusalemme.<\/em><em> Palestinian kids want to see the sea<\/em>, che vedr\u00e0 la partecipazione di dieci giovani attori palestinesi guidati da Gabriele Vacis e Marco Paolini (Limone Fonderie Teatrali, 29 marzo &#8211; 10 aprile, prima assoluta).<\/p>\n<p>Prosegue l\u2019importante collaborazione con il <strong>Festival Torinodanza<\/strong> che, anche quest\u2019anno, porter\u00e0 sui palcoscenici torinesi il meglio della danza nazionale e internazionale: Alain Platel, Sasha Waltz, Mich\u00e8le Anne De Mey e Jaco Van Dormael, Benjamin Millepied, William Forsythe, Andonis Foniadakis e ancora Louise Vanneste, Michele Di Stefano, Fanny de Chaill\u00e9, Compagnie XY, Valeria Magli, Daniele Ninarello, Silvana Barbarini, Hotel Modern, Leonardo Cuello, Alessandro Sciarroni, Mourad Merzouki.<\/p>\n<p><strong>TEATRO CARIGNANO<\/strong><\/p>\n<p><strong>L\u2019<\/strong><strong>inaugurazione della Stagione 2015\/2016 del Teatro Stabile <\/strong>sar\u00e0 affidata a <em>Vita di Galileo<\/em> di Bertolt Brecht, con l\u2019interpretazione e la regia di Gabriele Lavia che debutter\u00e0, in prima nazionale, al Teatro Carignano, il 6 ottobre 2015 (repliche fino al 25 ottobre).<\/p>\n<p>Dal 27 ottobre sar\u00e0 in scena <em>Il malato immaginario<\/em> di Moli\u00e8re con Gioele Dix e la regia di Andr\u00e9e Ruth Shammah (repliche fino all&#8217;8 novembre).<\/p>\n<p>Nel mese di novembre Luca Zingaretti sar\u00e0 protagonista e regista di <em>The pride <\/em>di Alexi Kaye Campbell (10 &#8211; 22 novembre); Umberto Orsini e Massimo Popolizio interpreteranno <em>Il Prezzo<\/em> di Arthur Miller con la regia dello stesso Popolizio (24 novembre &#8211; 6 dicembre). Cristina Pezzoli diriger\u00e0 Angela Finocchiaro, Laura Curino e Ariella Reggio in <em>Calendar Girls<\/em> tratto dall&#8217;omonimo film di Tim Firth (8 &#8211; 20 dicembre); nel periodo delle feste natalizie sar\u00e0 in scena <em>Swan Lake Reloaded<\/em> ideazione e coreografia Fredrik Rydman (29 dicembre 2015 &#8211; 3 gennaio 2016). Franco Branciaroli sar\u00e0 regista e interprete di <em>Enrico IV<\/em> di Luigi Pirandello (5 &#8211; 17 gennaio); Leonardo Lidi diriger\u00e0 <em>Peter Pan \u2013 Il sogno di Wendy<\/em> tratto dal romanzo di James Matthew Barrie (12 gennaio &#8211; 28 aprile, prima nazionale).<\/p>\n<p>Mario Martone metter\u00e0 in scena il suo nuovo spettacolo <em>La morte di Danton<\/em> di Georg B\u00fcchner, con Giuseppe Battiston, Paolo Pierobon (9 &#8211; 28 febbraio, prima nazionale).<\/p>\n<p>Nel mese di marzo Anna Bonaiuto sar\u00e0 la protagonista di<em> Clitennestra<\/em>, testo e regia di Vincenzo Pirrotta (1 &#8211; 6 marzo); Luca De Filippo porter\u00e0 in scena <em>Non ti pago <\/em>di Eduardo De Filippo (8 &#8211; 20 marzo); Valerio Binasco diriger\u00e0 <em>Il bugiardo<\/em> di Carlo Goldoni con Maurizio Lastrico (29 marzo &#8211; 10 aprile). Federico Tiezzi curer\u00e0 la regia di <em>Questa sera si recita a soggetto<\/em> di Luigi Pirandello che vedr\u00e0 protagonista, tra gli altri, Luigi Lo Cascio (12 &#8211; 24 aprile). Ritorna al Carignano <em>Carmen <\/em>di Enzo Moscato con la regia di Mario Martone, la direzione musicale di Mario Tronco, l&#8217;interpretazione di Iaia Forte e Roberto De Francesco e le musiche eseguite dal vivo dall&#8217;Orchestra di Piazza Vittorio (26 aprile &#8211; 1 maggio); infine Leo Muscato diriger\u00e0 <em>Come vi piace <\/em>di William Shakespeare, con Eugenio Allegri e Michele Di Mauro (17 maggio &#8211; 5 giugno, prima nazionale).<\/p>\n<p><strong><br \/>\n<\/strong><\/p>\n<p><strong>TEATRO GOBETTI<\/strong><\/p>\n<p>Sar\u00e0 Jurij Ferrini, con il debutto in prima nazionale de <em>L&#8217;avaro <\/em>di Moli\u00e8re, ad aprire il 7 ottobre 2015 la Stagione del Gobetti (repliche fino al 18 ottobre e dal 27 ottobre all\u20198 novembre 2015).<\/p>\n<p>A novembre Marco Tullio Giordana e Michela Cescon saranno impegnati ne <em>Il testamento di Maria <\/em>di Colm T\u00f3ib\u00edn (17 &#8211; 29 novembre, prima nazionale); a dicembre debutter\u00e0 <em>L&#8217;albergo del libero scambio<\/em> di Georges Feydeau, nell&#8217;adattamento di Davide Carnevali, con la regia di Marco Lorenzi (1 &#8211; 20 dicembre, prima nazionale).<\/p>\n<p>Anche quest&#8217;anno verr\u00e0 presentata la rassegna <em>Il cielo su Torino\/STT<\/em>: <em>Occidental Express<\/em> di Mat\u00e9i Visniec di Kataplixi Teatro (5 &#8211; 6 gennaio 2016, prima nazionale); <em>Strani-Oggi. Generazione Qualunque Qualsiasi Qualsivoglia<\/em> della Compagnia Tedac\u00e0 (8 &#8211; 9 gennaio, prima assoluta); <em>Il mondo di C. i.<\/em> uno spettacolo di e con Lorenzo Fontana (11 &#8211; 12 gennaio); <em>La Gerusalemme liberata<\/em> di Torquato Tasso, interpretata e diretta da Roberto Zibetti (14 &#8211; 15 gennaio); <em>La crepanza. Uno studio<\/em> di e con Luciana Maniaci e Francesco d&#8217;Amore (16 &#8211; 17 gennaio, prima nazionale).<\/p>\n<p>Il programma del Teatro Gobetti proseguir\u00e0 con <em>S<\/em><em>tones (Avanim)<\/em> di Yinon Tzafrir con la regia di Yinon Tzafrir e Daniel Zafrani (19 &#8211; 24 gennaio); <em>Preamleto <\/em>di Michele Santeramo, con la regia di Veronica\u00a0Cruciani e l\u2019interpretazione di Massimo Foschi e Manuela Mandracchia (26 &#8211; 31 gennaio).<\/p>\n<p>A febbraio andranno in scena: <em>Il berretto a sonagli<\/em> di\u00a0Luigi Pirandello, diretto da Valter Malosti (2 &#8211; 7 febbraio); <em>Il ritorno di Casanova<\/em> di Arthur Schnitzler con Sandro Lombardi e la regia di Federico Tiezzi (9 &#8211; 14 febbraio) e il progetto di teatro in lingua inglese <em>Shakespeaking<\/em> che si comporr\u00e0 di due spettacoli <em>A Cup of Tea with Shakespeare<\/em> e <em>Shakespeare vs Shakespeare on Air <\/em>diretti da Laura Pasetti (15 &#8211; 19 febbraio). Elena Bucci e Marco Sgrosso presenteranno <em>Svenimenti <\/em>da Anton \u010cechov (1 &#8211; 6 marzo); Michele Riondino e Federica Fracassi saranno i protagonisti di <em>Euridice e Orfeo <\/em>di Valeria Parrella, per la regia di Davide Iodice (15 &#8211; 20 marzo); Fausto Paravidino diriger\u00e0 e interpreter\u00e0 <em>I vicini <\/em>di cui \u00e8 anche autore (29 marzo \u2013 3 aprile).<\/p>\n<p>Ad aprile debutteranno: <em>Galois <\/em>di Paolo Giordano, diretto e interpretato da Fabrizio Falco (5 &#8211; 17 aprile, prima assoluta); <em>Buttanissima Sicilia<\/em> di Pietrangelo Buttafuoco, con Salvo Piparo e la regia di Giuseppe Sottile del Basto (19 \u2013 24 aprile). <em>Bersaglio su Molly Bloom. V<\/em><em>enendo l&#8217;ultimo capitolo dell&#8217;<\/em>Ulisse <em>di Joyce a manovrare nelle acque territoriali dei cantanti Marcido<\/em> da James Joyce, con la regia di Marco Isidori, chiuder\u00e0 la programmazione del Teatro Gobetti (3 \u2013 8 maggio).<\/p>\n<p><strong>FONDERIE LIMONE MONCALIERI<\/strong><\/p>\n<p>Alle Fonderie Limone verranno programmati: <em>N<\/em><em>otturno di donna con ospiti <\/em>di Annibale Ruccello, con Giuliana De Sio, regia di Enrico Maria Lamanna (27 &#8211; 29 novembre 2015); <em>Le Olimpiadi del 1936 <\/em>con il giornalista sportivo Federico Buffa e la regia di Emilio Russo e Caterina Spadaro (4 &#8211; 6 dicembre); <em>Fedra<\/em> dalla <em>Phaedra<\/em> di Seneca, con Laura Marinoni e Luca Lazzareschi e la regia di Andrea De Rosa (8 &#8211; 20 dicembre);<em> L\u2019Arialda <\/em>di Giovanni Testori, con la direzione di Valter Malosti (19 &#8211; 31 gennaio 2016, prima nazionale). Natalino Balasso diriger\u00e0 e interpreter\u00e0 <em>La Cativissima. Epopea di Toni Sartana<\/em> di cui \u00e8 anche autore (2 \u2013 7 febbraio).<\/p>\n<p>A marzo debutter\u00e0 <em>Amleto a Gerusalemme.<\/em> <em>Palestinian kids want to see the sea <\/em>di Gabriele Vacis e Marco Paolini, interpretato da Marco Paolini e diretto da Gabriele Vacis (29 marzo &#8211; 10 aprile, prima assoluta). Thomas Ostermeier porter\u00e0 in scena<em> Il Gabbiano<\/em> di Anton \u010cechov (13 &#8211; 16 aprile 2016, prima nazionale); Valter Malosti diriger\u00e0 gli allievi della Scuola per Attori del Teatro Stabile ne <em>La donna serpente.<\/em> <em>Fiaba teatrale tragicomica in tre atti<\/em> di Carlo Gozzi (19 &#8211; 21 aprile). <em>Golem<\/em>, creato dalla compagnia londinese 1927 e scritto e diretto da Suzanne Andrade, chiuder\u00e0 il programma delle Fonderie Limone (11 \u2013 14 maggio).<\/p>\n<p>Prosegue nella nuova Stagione la collaborazione tra il Teatro Stabile e <strong>il Circolo dei lettori<\/strong>: i due enti organizzeranno, infatti, alcuni incontri di approfondimento dedicati agli spettacoli <em>Il testamento di Maria <\/em>di Colm T\u00f3ib\u00edn e <em>Galois<\/em> di Paolo Giordano, presso le sale del Circolo di via Bogino 9.<\/p>\n<p>Agarttha Arte dedica la quarta edizione del <strong>Concorso Nazionale Giovani Artisti &#8211; Fotografia al Teatro Carignano di Torino<\/strong>. Il Progetto, curato da Adele Re Rebaudengo, \u00e8 finalizzato al sostegno e alla formazione dei giovani artisti italiani (con un\u2019et\u00e0 non superiore ai 35 anni), alla produzione e alla promozione di una loro opera e alla valorizzazione dei Beni culturali. Il vincitore, selezionato da una Giuria internazionale presieduta da Jean-Luc Monterosso, ricever\u00e0 un premio per la realizzazione di un lavoro a teatro e sar\u00e0 affiancato da un Maestro della fotografia. Le opere da loro realizzate saranno esposte al Teatro Carignano e alla Maison Europ\u00e9enne de la Photographie di Parigi.<\/p>\n<p>Infine, il Teatro Stabile ha deciso di rinnovare l&#8217;immagine della propria campagna pubblicitaria affidandone lo studio e la realizzazione a <strong>Ideal Comunicazione<\/strong>, agenzia di comunicazione premiata quest\u2019anno come Miglior Agenzia Indipendente Italiana.<\/p>\n<p><a href=\"http:\/\/www.teatrostabiletorino.it\/wp-content\/uploads\/2015\/05\/01_Comunicato-stampa-Stagione-15_16.pdf\">01_Comunicato stampa Stagione 15_16<\/a><\/p>\n<p><a href=\"http:\/\/www.teatrostabiletorino.it\/wp-content\/uploads\/2015\/05\/02_Testo-Christillin_Fonsatti_Stagione-15_16.pdf\">02_Testo Christillin_Fonsatti_Stagione 15_16<\/a><\/p>\n<p><a href=\"http:\/\/www.teatrostabiletorino.it\/wp-content\/uploads\/2015\/05\/03_dati-statistici.pdf\">03_dati statistici<\/a><\/p>\n<p><a href=\"http:\/\/www.teatrostabiletorino.it\/wp-content\/uploads\/2015\/05\/04_Testo-Martone_Stagione-15_16.pdf\">04_Testo Martone_Stagione 15_16<\/a><\/p>\n<p><a href=\"http:\/\/www.teatrostabiletorino.it\/wp-content\/uploads\/2015\/05\/05_Produzioni-e-coproduzioni-15-16.pdf\">05_Produzioni e coproduzioni 15-16<\/a><\/p>\n<p><a href=\"http:\/\/www.teatrostabiletorino.it\/wp-content\/uploads\/2015\/05\/06_Stabile_Torino_Avantprogramme_15_16.pdf\">06_Stabile_Torino_Avantprogramme_15_16<\/a><\/p>\n<p><a href=\"http:\/\/www.teatrostabiletorino.it\/wp-content\/uploads\/2015\/05\/07_Progetto-Internazionale.pdf\">07_Progetto Internazionale<\/a><\/p>\n<p><a href=\"http:\/\/www.teatrostabiletorino.it\/wp-content\/uploads\/2015\/05\/08_Scheda-60-anni-TST.pdf\">08_Scheda 60 anni TST<\/a><\/p>\n<p><a href=\"http:\/\/www.teatrostabiletorino.it\/wp-content\/uploads\/2015\/05\/09_Archivio_digitale_Centro-Studi.pdf\">09_Archivio_digitale_Centro Studi<\/a><\/p>\n<p><a href=\"http:\/\/www.teatrostabiletorino.it\/wp-content\/uploads\/2015\/05\/10_Scuola-per-attori-del-Teatro-Stabile.pdf\">10_Scuola per attori del Teatro Stabile<\/a><\/p>\n<p><a href=\"http:\/\/www.teatrostabiletorino.it\/wp-content\/uploads\/2015\/05\/11_Francobollo-per-i-60-Anni-TST.pdf\">11_Francobollo per i 60 Anni TST<\/a><\/p>\n<p><a href=\"http:\/\/www.teatrostabiletorino.it\/wp-content\/uploads\/2015\/05\/12_Sistema-Teatro-Torino.pdf\">12_Sistema Teatro Torino<\/a><\/p>\n<p><a href=\"http:\/\/www.teatrostabiletorino.it\/wp-content\/uploads\/2015\/05\/13_Sito-Internet-Teatro-Stabile-Torino.pdf\">13_Sito Internet Teatro Stabile Torino<\/a><\/p>\n<p><a href=\"http:\/\/www.teatrostabiletorino.it\/wp-content\/uploads\/2015\/05\/14_Scheda_Torinodanza-2015.pdf\">14_Scheda_Torinodanza 2015<\/a><\/p>\n<p><a href=\"http:\/\/www.teatrostabiletorino.it\/wp-content\/uploads\/2015\/05\/15_Concorso-Nazionale-Giovani-fotografi-2015-Il-Teatro-Carignano.pdf\">15_Concorso Nazionale Giovani fotografi 2015- Il Teatro Carignano<\/a><\/p>\n<p><a href=\"http:\/\/www.teatrostabiletorino.it\/wp-content\/uploads\/2015\/05\/16_Scheda-istituzionali.pdf\">16_Scheda istituzionali<\/a><\/p>\n<p><a href=\"http:\/\/www.teatrostabiletorino.it\/wp-content\/uploads\/2015\/05\/17_5-x-1000.pdf\">17_5 x 1000<\/a><\/p>\n\n\t\t<style type=\"text\/css\">\n\t\t\t#gallery-1 {\n\t\t\t\tmargin: auto;\n\t\t\t}\n\t\t\t#gallery-1 .gallery-item {\n\t\t\t\tfloat: left;\n\t\t\t\tmargin-top: 10px;\n\t\t\t\ttext-align: center;\n\t\t\t\twidth: 20%;\n\t\t\t}\n\t\t\t#gallery-1 img {\n\t\t\t\tborder: 2px solid #cfcfcf;\n\t\t\t}\n\t\t\t#gallery-1 .gallery-caption {\n\t\t\t\tmargin-left: 0;\n\t\t\t}\n\t\t\t\/* see gallery_shortcode() in wp-includes\/media.php *\/\n\t\t<\/style>\n\t\t<div id='gallery-1' class='gallery galleryid-27495 gallery-columns-5 gallery-size-thumbnail'><dl class='gallery-item'>\n\t\t\t<dt class='gallery-icon landscape'>\n\t\t\t\t<a data-rel=\"iLightbox[postimages]\" data-title=\"DIDA_da sinistra_Filippo Fonsatti_Evelina Christillin_Mario Martone\" data-caption=\"da sx_Filippo Fonsatti; Direttore_Evelina Christillin, Presidente_Mario Martone, Direttore Artistico\" href='https:\/\/www.teatrostabiletorino.it\/wp-content\/uploads\/2015\/05\/DIDA_da-sinistra_Filippo-Fonsatti_Evelina-Christillin_Mario-Martone.jpg'><img decoding=\"async\" width=\"150\" height=\"150\" src=\"https:\/\/www.teatrostabiletorino.it\/wp-content\/uploads\/2015\/05\/DIDA_da-sinistra_Filippo-Fonsatti_Evelina-Christillin_Mario-Martone-150x150.jpg\" class=\"attachment-thumbnail size-thumbnail lazyload\" alt=\"\" aria-describedby=\"gallery-1-27564\" srcset=\"data:image\/svg+xml,%3Csvg%20xmlns%3D%27http%3A%2F%2Fwww.w3.org%2F2000%2Fsvg%27%20width%3D%271890%27%20height%3D%271417%27%20viewBox%3D%270%200%201890%201417%27%3E%3Crect%20width%3D%271890%27%20height%3D%271417%27%20fill-opacity%3D%220%22%2F%3E%3C%2Fsvg%3E\" data-orig-src=\"https:\/\/www.teatrostabiletorino.it\/wp-content\/uploads\/2015\/05\/DIDA_da-sinistra_Filippo-Fonsatti_Evelina-Christillin_Mario-Martone-150x150.jpg\" data-srcset=\"https:\/\/www.teatrostabiletorino.it\/wp-content\/uploads\/2015\/05\/DIDA_da-sinistra_Filippo-Fonsatti_Evelina-Christillin_Mario-Martone-66x66.jpg 66w, https:\/\/www.teatrostabiletorino.it\/wp-content\/uploads\/2015\/05\/DIDA_da-sinistra_Filippo-Fonsatti_Evelina-Christillin_Mario-Martone-150x150.jpg 150w\" data-sizes=\"auto\" \/><\/a>\n\t\t\t<\/dt>\n\t\t\t\t<dd class='wp-caption-text gallery-caption' id='gallery-1-27564'>\n\t\t\t\tda sx_Filippo Fonsatti; Direttore_Evelina Christillin, Presidente_Mario Martone, Direttore Artistico\n\t\t\t\t<\/dd><\/dl><dl class='gallery-item'>\n\t\t\t<dt class='gallery-icon portrait'>\n\t\t\t\t<a data-rel=\"iLightbox[postimages]\" data-title=\"Senza titolo-1\" data-caption=\"Immagine guida Stagione 2015-2016\" href='https:\/\/www.teatrostabiletorino.it\/wp-content\/uploads\/2015\/05\/03_Immagine-di-Stagione-15-16.jpg'><img decoding=\"async\" width=\"150\" height=\"150\" src=\"https:\/\/www.teatrostabiletorino.it\/wp-content\/uploads\/2015\/05\/03_Immagine-di-Stagione-15-16-150x150.jpg\" class=\"attachment-thumbnail size-thumbnail lazyload\" alt=\"\" aria-describedby=\"gallery-1-27515\" srcset=\"data:image\/svg+xml,%3Csvg%20xmlns%3D%27http%3A%2F%2Fwww.w3.org%2F2000%2Fsvg%27%20width%3D%271504%27%20height%3D%272126%27%20viewBox%3D%270%200%201504%202126%27%3E%3Crect%20width%3D%271504%27%20height%3D%272126%27%20fill-opacity%3D%220%22%2F%3E%3C%2Fsvg%3E\" data-orig-src=\"https:\/\/www.teatrostabiletorino.it\/wp-content\/uploads\/2015\/05\/03_Immagine-di-Stagione-15-16-150x150.jpg\" data-srcset=\"https:\/\/www.teatrostabiletorino.it\/wp-content\/uploads\/2015\/05\/03_Immagine-di-Stagione-15-16-66x66.jpg 66w, https:\/\/www.teatrostabiletorino.it\/wp-content\/uploads\/2015\/05\/03_Immagine-di-Stagione-15-16-150x150.jpg 150w\" data-sizes=\"auto\" \/><\/a>\n\t\t\t<\/dt>\n\t\t\t\t<dd class='wp-caption-text gallery-caption' id='gallery-1-27515'>\n\t\t\t\tImmagine guida Stagione 2015-2016\n\t\t\t\t<\/dd><\/dl><dl class='gallery-item'>\n\t\t\t<dt class='gallery-icon portrait'>\n\t\t\t\t<a data-rel=\"iLightbox[postimages]\" data-title=\"01_L&#8217;AVARO_Jurij Ferrini\" data-caption=\"L&#039;AVARO_Jurij Ferrini\" href='https:\/\/www.teatrostabiletorino.it\/wp-content\/uploads\/2015\/05\/01_LAVARO_Jurij-Ferrini.jpeg'><img decoding=\"async\" width=\"150\" height=\"150\" src=\"https:\/\/www.teatrostabiletorino.it\/wp-content\/uploads\/2015\/05\/01_LAVARO_Jurij-Ferrini-150x150.jpeg\" class=\"attachment-thumbnail size-thumbnail lazyload\" alt=\"\" aria-describedby=\"gallery-1-27516\" srcset=\"data:image\/svg+xml,%3Csvg%20xmlns%3D%27http%3A%2F%2Fwww.w3.org%2F2000%2Fsvg%27%20width%3D%271261%27%20height%3D%271890%27%20viewBox%3D%270%200%201261%201890%27%3E%3Crect%20width%3D%271261%27%20height%3D%271890%27%20fill-opacity%3D%220%22%2F%3E%3C%2Fsvg%3E\" data-orig-src=\"https:\/\/www.teatrostabiletorino.it\/wp-content\/uploads\/2015\/05\/01_LAVARO_Jurij-Ferrini-150x150.jpeg\" data-srcset=\"https:\/\/www.teatrostabiletorino.it\/wp-content\/uploads\/2015\/05\/01_LAVARO_Jurij-Ferrini-66x66.jpeg 66w, https:\/\/www.teatrostabiletorino.it\/wp-content\/uploads\/2015\/05\/01_LAVARO_Jurij-Ferrini-150x150.jpeg 150w\" data-sizes=\"auto\" \/><\/a>\n\t\t\t<\/dt>\n\t\t\t\t<dd class='wp-caption-text gallery-caption' id='gallery-1-27516'>\n\t\t\t\tL&#8217;AVARO_Jurij Ferrini\n\t\t\t\t<\/dd><\/dl><dl class='gallery-item'>\n\t\t\t<dt class='gallery-icon portrait'>\n\t\t\t\t<a data-rel=\"iLightbox[postimages]\" data-title=\"02_IL TESTAMENTO DI MARIA_Michela Cescon\" data-caption=\"IL TESTAMENTO DI MARIA_Michela Cescon\" href='https:\/\/www.teatrostabiletorino.it\/wp-content\/uploads\/2015\/05\/02_IL-TESTAMENTO-DI-MARIA_Michela-Cescon.jpg'><img decoding=\"async\" width=\"150\" height=\"150\" src=\"https:\/\/www.teatrostabiletorino.it\/wp-content\/uploads\/2015\/05\/02_IL-TESTAMENTO-DI-MARIA_Michela-Cescon-150x150.jpg\" class=\"attachment-thumbnail size-thumbnail lazyload\" alt=\"\" aria-describedby=\"gallery-1-27517\" srcset=\"data:image\/svg+xml,%3Csvg%20xmlns%3D%27http%3A%2F%2Fwww.w3.org%2F2000%2Fsvg%27%20width%3D%27934%27%20height%3D%271070%27%20viewBox%3D%270%200%20934%201070%27%3E%3Crect%20width%3D%27934%27%20height%3D%271070%27%20fill-opacity%3D%220%22%2F%3E%3C%2Fsvg%3E\" data-orig-src=\"https:\/\/www.teatrostabiletorino.it\/wp-content\/uploads\/2015\/05\/02_IL-TESTAMENTO-DI-MARIA_Michela-Cescon-150x150.jpg\" data-srcset=\"https:\/\/www.teatrostabiletorino.it\/wp-content\/uploads\/2015\/05\/02_IL-TESTAMENTO-DI-MARIA_Michela-Cescon-66x66.jpg 66w, https:\/\/www.teatrostabiletorino.it\/wp-content\/uploads\/2015\/05\/02_IL-TESTAMENTO-DI-MARIA_Michela-Cescon-150x150.jpg 150w\" data-sizes=\"auto\" \/><\/a>\n\t\t\t<\/dt>\n\t\t\t\t<dd class='wp-caption-text gallery-caption' id='gallery-1-27517'>\n\t\t\t\tIL TESTAMENTO DI MARIA_Michela Cescon\n\t\t\t\t<\/dd><\/dl><dl class='gallery-item'>\n\t\t\t<dt class='gallery-icon portrait'>\n\t\t\t\t<a data-rel=\"iLightbox[postimages]\" data-title=\"03_IL TESTAMENTO DI MARIA_Marco Tullio Giordana\" data-caption=\"IL TESTAMENTO DI MARIA_Marco Tullio Giordana\" href='https:\/\/www.teatrostabiletorino.it\/wp-content\/uploads\/2015\/05\/03_IL-TESTAMENTO-DI-MARIA_Marco-Tullio-Giordana.jpg'><img decoding=\"async\" width=\"150\" height=\"150\" src=\"https:\/\/www.teatrostabiletorino.it\/wp-content\/uploads\/2015\/05\/03_IL-TESTAMENTO-DI-MARIA_Marco-Tullio-Giordana-150x150.jpg\" class=\"attachment-thumbnail size-thumbnail lazyload\" alt=\"\" aria-describedby=\"gallery-1-27518\" srcset=\"data:image\/svg+xml,%3Csvg%20xmlns%3D%27http%3A%2F%2Fwww.w3.org%2F2000%2Fsvg%27%20width%3D%27764%27%20height%3D%27945%27%20viewBox%3D%270%200%20764%20945%27%3E%3Crect%20width%3D%27764%27%20height%3D%27945%27%20fill-opacity%3D%220%22%2F%3E%3C%2Fsvg%3E\" data-orig-src=\"https:\/\/www.teatrostabiletorino.it\/wp-content\/uploads\/2015\/05\/03_IL-TESTAMENTO-DI-MARIA_Marco-Tullio-Giordana-150x150.jpg\" data-srcset=\"https:\/\/www.teatrostabiletorino.it\/wp-content\/uploads\/2015\/05\/03_IL-TESTAMENTO-DI-MARIA_Marco-Tullio-Giordana-66x66.jpg 66w, https:\/\/www.teatrostabiletorino.it\/wp-content\/uploads\/2015\/05\/03_IL-TESTAMENTO-DI-MARIA_Marco-Tullio-Giordana-150x150.jpg 150w\" data-sizes=\"auto\" \/><\/a>\n\t\t\t<\/dt>\n\t\t\t\t<dd class='wp-caption-text gallery-caption' id='gallery-1-27518'>\n\t\t\t\tIL TESTAMENTO DI MARIA_Marco Tullio Giordana\n\t\t\t\t<\/dd><\/dl><br style=\"clear: both\" \/><dl class='gallery-item'>\n\t\t\t<dt class='gallery-icon landscape'>\n\t\t\t\t<a data-rel=\"iLightbox[postimages]\" data-title=\"04_L&#8217;ALBERGO DEL LIBERO SCAMBIO_Marco Lorenzi\" data-caption=\"L&#039;ALBERGO DEL LIBERO SCAMBIO_Marco Lorenzi\" href='https:\/\/www.teatrostabiletorino.it\/wp-content\/uploads\/2015\/05\/04_LALBERGO-DEL-LIBERO-SCAMBIO_Marco-Lorenzi.jpg'><img decoding=\"async\" width=\"150\" height=\"150\" src=\"https:\/\/www.teatrostabiletorino.it\/wp-content\/uploads\/2015\/05\/04_LALBERGO-DEL-LIBERO-SCAMBIO_Marco-Lorenzi-150x150.jpg\" class=\"attachment-thumbnail size-thumbnail lazyload\" alt=\"\" aria-describedby=\"gallery-1-27519\" srcset=\"data:image\/svg+xml,%3Csvg%20xmlns%3D%27http%3A%2F%2Fwww.w3.org%2F2000%2Fsvg%27%20width%3D%274080%27%20height%3D%272720%27%20viewBox%3D%270%200%204080%202720%27%3E%3Crect%20width%3D%274080%27%20height%3D%272720%27%20fill-opacity%3D%220%22%2F%3E%3C%2Fsvg%3E\" data-orig-src=\"https:\/\/www.teatrostabiletorino.it\/wp-content\/uploads\/2015\/05\/04_LALBERGO-DEL-LIBERO-SCAMBIO_Marco-Lorenzi-150x150.jpg\" data-srcset=\"https:\/\/www.teatrostabiletorino.it\/wp-content\/uploads\/2015\/05\/04_LALBERGO-DEL-LIBERO-SCAMBIO_Marco-Lorenzi-66x66.jpg 66w, https:\/\/www.teatrostabiletorino.it\/wp-content\/uploads\/2015\/05\/04_LALBERGO-DEL-LIBERO-SCAMBIO_Marco-Lorenzi-150x150.jpg 150w\" data-sizes=\"auto\" \/><\/a>\n\t\t\t<\/dt>\n\t\t\t\t<dd class='wp-caption-text gallery-caption' id='gallery-1-27519'>\n\t\t\t\tL&#8217;ALBERGO DEL LIBERO SCAMBIO_Marco Lorenzi\n\t\t\t\t<\/dd><\/dl><dl class='gallery-item'>\n\t\t\t<dt class='gallery-icon portrait'>\n\t\t\t\t<a data-rel=\"iLightbox[postimages]\" data-title=\"05_PETER PAN_Leonardo Lidi\" data-caption=\"PETER PAN_Leonardo Lidi\" href='https:\/\/www.teatrostabiletorino.it\/wp-content\/uploads\/2015\/05\/05_PETER-PAN_Leonardo-Lidi.jpg'><img decoding=\"async\" width=\"150\" height=\"150\" src=\"https:\/\/www.teatrostabiletorino.it\/wp-content\/uploads\/2015\/05\/05_PETER-PAN_Leonardo-Lidi-150x150.jpg\" class=\"attachment-thumbnail size-thumbnail lazyload\" alt=\"\" aria-describedby=\"gallery-1-27520\" srcset=\"data:image\/svg+xml,%3Csvg%20xmlns%3D%27http%3A%2F%2Fwww.w3.org%2F2000%2Fsvg%27%20width%3D%27551%27%20height%3D%27737%27%20viewBox%3D%270%200%20551%20737%27%3E%3Crect%20width%3D%27551%27%20height%3D%27737%27%20fill-opacity%3D%220%22%2F%3E%3C%2Fsvg%3E\" data-orig-src=\"https:\/\/www.teatrostabiletorino.it\/wp-content\/uploads\/2015\/05\/05_PETER-PAN_Leonardo-Lidi-150x150.jpg\" data-srcset=\"https:\/\/www.teatrostabiletorino.it\/wp-content\/uploads\/2015\/05\/05_PETER-PAN_Leonardo-Lidi-66x66.jpg 66w, https:\/\/www.teatrostabiletorino.it\/wp-content\/uploads\/2015\/05\/05_PETER-PAN_Leonardo-Lidi-150x150.jpg 150w\" data-sizes=\"auto\" \/><\/a>\n\t\t\t<\/dt>\n\t\t\t\t<dd class='wp-caption-text gallery-caption' id='gallery-1-27520'>\n\t\t\t\tPETER PAN_Leonardo Lidi\n\t\t\t\t<\/dd><\/dl><dl class='gallery-item'>\n\t\t\t<dt class='gallery-icon portrait'>\n\t\t\t\t<a data-rel=\"iLightbox[postimages]\" data-title=\"06_L&#8217;ARIALDA_Valter Malosti_ ph Sara Magni\" data-caption=\"L&#039;ARIALDA_Valter Malosti_ ph Sara Magni\" href='https:\/\/www.teatrostabiletorino.it\/wp-content\/uploads\/2015\/05\/06_LARIALDA_Valter-Malosti_-ph-Sara-Magni.jpg'><img decoding=\"async\" width=\"150\" height=\"150\" src=\"https:\/\/www.teatrostabiletorino.it\/wp-content\/uploads\/2015\/05\/06_LARIALDA_Valter-Malosti_-ph-Sara-Magni-150x150.jpg\" class=\"attachment-thumbnail size-thumbnail lazyload\" alt=\"\" aria-describedby=\"gallery-1-27521\" srcset=\"data:image\/svg+xml,%3Csvg%20xmlns%3D%27http%3A%2F%2Fwww.w3.org%2F2000%2Fsvg%27%20width%3D%271417%27%20height%3D%272126%27%20viewBox%3D%270%200%201417%202126%27%3E%3Crect%20width%3D%271417%27%20height%3D%272126%27%20fill-opacity%3D%220%22%2F%3E%3C%2Fsvg%3E\" data-orig-src=\"https:\/\/www.teatrostabiletorino.it\/wp-content\/uploads\/2015\/05\/06_LARIALDA_Valter-Malosti_-ph-Sara-Magni-150x150.jpg\" data-srcset=\"https:\/\/www.teatrostabiletorino.it\/wp-content\/uploads\/2015\/05\/06_LARIALDA_Valter-Malosti_-ph-Sara-Magni-66x66.jpg 66w, https:\/\/www.teatrostabiletorino.it\/wp-content\/uploads\/2015\/05\/06_LARIALDA_Valter-Malosti_-ph-Sara-Magni-150x150.jpg 150w\" data-sizes=\"auto\" \/><\/a>\n\t\t\t<\/dt>\n\t\t\t\t<dd class='wp-caption-text gallery-caption' id='gallery-1-27521'>\n\t\t\t\tL&#8217;ARIALDA_Valter Malosti_ ph Sara Magni\n\t\t\t\t<\/dd><\/dl><dl class='gallery-item'>\n\t\t\t<dt class='gallery-icon portrait'>\n\t\t\t\t<a data-rel=\"iLightbox[postimages]\" data-title=\"07_LA MORTE DI DANTON_Giuseppe Battiston_ph Fabrizio Cestari per Primopiano\" data-caption=\"LA MORTE DI DANTON_Giuseppe Battiston_ph Fabrizio Cestari per Primopiano\" href='https:\/\/www.teatrostabiletorino.it\/wp-content\/uploads\/2015\/05\/07_LA-MORTE-DI-DANTON_Giuseppe-Battiston_ph-Fabrizio-Cestari-per-Primopiano.jpg'><img decoding=\"async\" width=\"150\" height=\"150\" src=\"https:\/\/www.teatrostabiletorino.it\/wp-content\/uploads\/2015\/05\/07_LA-MORTE-DI-DANTON_Giuseppe-Battiston_ph-Fabrizio-Cestari-per-Primopiano-150x150.jpg\" class=\"attachment-thumbnail size-thumbnail lazyload\" alt=\"\" aria-describedby=\"gallery-1-27522\" srcset=\"data:image\/svg+xml,%3Csvg%20xmlns%3D%27http%3A%2F%2Fwww.w3.org%2F2000%2Fsvg%27%20width%3D%271050%27%20height%3D%271576%27%20viewBox%3D%270%200%201050%201576%27%3E%3Crect%20width%3D%271050%27%20height%3D%271576%27%20fill-opacity%3D%220%22%2F%3E%3C%2Fsvg%3E\" data-orig-src=\"https:\/\/www.teatrostabiletorino.it\/wp-content\/uploads\/2015\/05\/07_LA-MORTE-DI-DANTON_Giuseppe-Battiston_ph-Fabrizio-Cestari-per-Primopiano-150x150.jpg\" data-srcset=\"https:\/\/www.teatrostabiletorino.it\/wp-content\/uploads\/2015\/05\/07_LA-MORTE-DI-DANTON_Giuseppe-Battiston_ph-Fabrizio-Cestari-per-Primopiano-66x66.jpg 66w, https:\/\/www.teatrostabiletorino.it\/wp-content\/uploads\/2015\/05\/07_LA-MORTE-DI-DANTON_Giuseppe-Battiston_ph-Fabrizio-Cestari-per-Primopiano-150x150.jpg 150w\" data-sizes=\"auto\" \/><\/a>\n\t\t\t<\/dt>\n\t\t\t\t<dd class='wp-caption-text gallery-caption' id='gallery-1-27522'>\n\t\t\t\tLA MORTE DI DANTON_Giuseppe Battiston_ph Fabrizio Cestari per Primopiano\n\t\t\t\t<\/dd><\/dl><dl class='gallery-item'>\n\t\t\t<dt class='gallery-icon portrait'>\n\t\t\t\t<a data-rel=\"iLightbox[postimages]\" data-title=\"02_Mario Martone_ph_Luigi Rinaldi\" data-caption=\"LA MORTE DI DANTON_Mario Martone\" href='https:\/\/www.teatrostabiletorino.it\/wp-content\/uploads\/2015\/05\/02_Mario-Martone_ph_Luigi-Rinaldi.jpg'><img decoding=\"async\" width=\"150\" height=\"150\" src=\"https:\/\/www.teatrostabiletorino.it\/wp-content\/uploads\/2015\/05\/02_Mario-Martone_ph_Luigi-Rinaldi-150x150.jpg\" class=\"attachment-thumbnail size-thumbnail lazyload\" alt=\"\" aria-describedby=\"gallery-1-27514\" srcset=\"data:image\/svg+xml,%3Csvg%20xmlns%3D%27http%3A%2F%2Fwww.w3.org%2F2000%2Fsvg%27%20width%3D%272736%27%20height%3D%273648%27%20viewBox%3D%270%200%202736%203648%27%3E%3Crect%20width%3D%272736%27%20height%3D%273648%27%20fill-opacity%3D%220%22%2F%3E%3C%2Fsvg%3E\" data-orig-src=\"https:\/\/www.teatrostabiletorino.it\/wp-content\/uploads\/2015\/05\/02_Mario-Martone_ph_Luigi-Rinaldi-150x150.jpg\" data-srcset=\"https:\/\/www.teatrostabiletorino.it\/wp-content\/uploads\/2015\/05\/02_Mario-Martone_ph_Luigi-Rinaldi-66x66.jpg 66w, https:\/\/www.teatrostabiletorino.it\/wp-content\/uploads\/2015\/05\/02_Mario-Martone_ph_Luigi-Rinaldi-150x150.jpg 150w\" data-sizes=\"auto\" \/><\/a>\n\t\t\t<\/dt>\n\t\t\t\t<dd class='wp-caption-text gallery-caption' id='gallery-1-27514'>\n\t\t\t\tLA MORTE DI DANTON_Mario Martone\n\t\t\t\t<\/dd><\/dl><br style=\"clear: both\" \/><dl class='gallery-item'>\n\t\t\t<dt class='gallery-icon landscape'>\n\t\t\t\t<a data-rel=\"iLightbox[postimages]\" data-title=\"09_AMLETO A GERUSALEMME Paolini\" data-caption=\"AMLETO A GERUSALEMME_Marco Paolini\" href='https:\/\/www.teatrostabiletorino.it\/wp-content\/uploads\/2015\/05\/09_AMLETO-A-GERUSALEMME-Paolini.jpg'><img decoding=\"async\" width=\"150\" height=\"150\" src=\"https:\/\/www.teatrostabiletorino.it\/wp-content\/uploads\/2015\/05\/09_AMLETO-A-GERUSALEMME-Paolini-150x150.jpg\" class=\"attachment-thumbnail size-thumbnail lazyload\" alt=\"\" aria-describedby=\"gallery-1-27524\" srcset=\"data:image\/svg+xml,%3Csvg%20xmlns%3D%27http%3A%2F%2Fwww.w3.org%2F2000%2Fsvg%27%20width%3D%27850%27%20height%3D%27638%27%20viewBox%3D%270%200%20850%20638%27%3E%3Crect%20width%3D%27850%27%20height%3D%27638%27%20fill-opacity%3D%220%22%2F%3E%3C%2Fsvg%3E\" data-orig-src=\"https:\/\/www.teatrostabiletorino.it\/wp-content\/uploads\/2015\/05\/09_AMLETO-A-GERUSALEMME-Paolini-150x150.jpg\" data-srcset=\"https:\/\/www.teatrostabiletorino.it\/wp-content\/uploads\/2015\/05\/09_AMLETO-A-GERUSALEMME-Paolini-66x66.jpg 66w, https:\/\/www.teatrostabiletorino.it\/wp-content\/uploads\/2015\/05\/09_AMLETO-A-GERUSALEMME-Paolini-150x150.jpg 150w\" data-sizes=\"auto\" \/><\/a>\n\t\t\t<\/dt>\n\t\t\t\t<dd class='wp-caption-text gallery-caption' id='gallery-1-27524'>\n\t\t\t\tAMLETO A GERUSALEMME_Marco Paolini\n\t\t\t\t<\/dd><\/dl><dl class='gallery-item'>\n\t\t\t<dt class='gallery-icon landscape'>\n\t\t\t\t<a data-rel=\"iLightbox[postimages]\" data-title=\"10_AMLETO A GERUSALEMME Vacis\" data-caption=\"AMLETO A GERUSALEMME_Gabriele Vacis\" href='https:\/\/www.teatrostabiletorino.it\/wp-content\/uploads\/2015\/05\/10_AMLETO-A-GERUSALEMME-Vacis.jpg'><img decoding=\"async\" width=\"150\" height=\"150\" src=\"https:\/\/www.teatrostabiletorino.it\/wp-content\/uploads\/2015\/05\/10_AMLETO-A-GERUSALEMME-Vacis-150x150.jpg\" class=\"attachment-thumbnail size-thumbnail lazyload\" alt=\"\" aria-describedby=\"gallery-1-27525\" srcset=\"data:image\/svg+xml,%3Csvg%20xmlns%3D%27http%3A%2F%2Fwww.w3.org%2F2000%2Fsvg%27%20width%3D%27850%27%20height%3D%27478%27%20viewBox%3D%270%200%20850%20478%27%3E%3Crect%20width%3D%27850%27%20height%3D%27478%27%20fill-opacity%3D%220%22%2F%3E%3C%2Fsvg%3E\" data-orig-src=\"https:\/\/www.teatrostabiletorino.it\/wp-content\/uploads\/2015\/05\/10_AMLETO-A-GERUSALEMME-Vacis-150x150.jpg\" data-srcset=\"https:\/\/www.teatrostabiletorino.it\/wp-content\/uploads\/2015\/05\/10_AMLETO-A-GERUSALEMME-Vacis-66x66.jpg 66w, https:\/\/www.teatrostabiletorino.it\/wp-content\/uploads\/2015\/05\/10_AMLETO-A-GERUSALEMME-Vacis-150x150.jpg 150w\" data-sizes=\"auto\" \/><\/a>\n\t\t\t<\/dt>\n\t\t\t\t<dd class='wp-caption-text gallery-caption' id='gallery-1-27525'>\n\t\t\t\tAMLETO A GERUSALEMME_Gabriele Vacis\n\t\t\t\t<\/dd><\/dl><dl class='gallery-item'>\n\t\t\t<dt class='gallery-icon portrait'>\n\t\t\t\t<a data-rel=\"iLightbox[postimages]\" data-title=\"11_GALOIS_Fabrizio Falco\" data-caption=\"GALOIS_Fabrizio Falco\" href='https:\/\/www.teatrostabiletorino.it\/wp-content\/uploads\/2015\/05\/11_GALOIS_Fabrizio-Falco.jpg'><img decoding=\"async\" width=\"150\" height=\"150\" src=\"https:\/\/www.teatrostabiletorino.it\/wp-content\/uploads\/2015\/05\/11_GALOIS_Fabrizio-Falco-150x150.jpg\" class=\"attachment-thumbnail size-thumbnail lazyload\" alt=\"\" aria-describedby=\"gallery-1-27526\" srcset=\"data:image\/svg+xml,%3Csvg%20xmlns%3D%27http%3A%2F%2Fwww.w3.org%2F2000%2Fsvg%27%20width%3D%271577%27%20height%3D%272362%27%20viewBox%3D%270%200%201577%202362%27%3E%3Crect%20width%3D%271577%27%20height%3D%272362%27%20fill-opacity%3D%220%22%2F%3E%3C%2Fsvg%3E\" data-orig-src=\"https:\/\/www.teatrostabiletorino.it\/wp-content\/uploads\/2015\/05\/11_GALOIS_Fabrizio-Falco-150x150.jpg\" data-srcset=\"https:\/\/www.teatrostabiletorino.it\/wp-content\/uploads\/2015\/05\/11_GALOIS_Fabrizio-Falco-66x66.jpg 66w, https:\/\/www.teatrostabiletorino.it\/wp-content\/uploads\/2015\/05\/11_GALOIS_Fabrizio-Falco-150x150.jpg 150w\" data-sizes=\"auto\" \/><\/a>\n\t\t\t<\/dt>\n\t\t\t\t<dd class='wp-caption-text gallery-caption' id='gallery-1-27526'>\n\t\t\t\tGALOIS_Fabrizio Falco\n\t\t\t\t<\/dd><\/dl><dl class='gallery-item'>\n\t\t\t<dt class='gallery-icon portrait'>\n\t\t\t\t<a data-rel=\"iLightbox[postimages]\" data-title=\"photo_d_MYBOSSWAS.com\" data-caption=\"GALOIS_Paolo Giordano_ph MYBOSSWAS.com\" href='https:\/\/www.teatrostabiletorino.it\/wp-content\/uploads\/2015\/05\/12_GALOIS_Paolo-Giordano_ph-foto-di-Mybosswas.jpg'><img decoding=\"async\" width=\"150\" height=\"150\" src=\"https:\/\/www.teatrostabiletorino.it\/wp-content\/uploads\/2015\/05\/12_GALOIS_Paolo-Giordano_ph-foto-di-Mybosswas-150x150.jpg\" class=\"attachment-thumbnail size-thumbnail lazyload\" alt=\"\" aria-describedby=\"gallery-1-27527\" srcset=\"data:image\/svg+xml,%3Csvg%20xmlns%3D%27http%3A%2F%2Fwww.w3.org%2F2000%2Fsvg%27%20width%3D%271418%27%20height%3D%272126%27%20viewBox%3D%270%200%201418%202126%27%3E%3Crect%20width%3D%271418%27%20height%3D%272126%27%20fill-opacity%3D%220%22%2F%3E%3C%2Fsvg%3E\" data-orig-src=\"https:\/\/www.teatrostabiletorino.it\/wp-content\/uploads\/2015\/05\/12_GALOIS_Paolo-Giordano_ph-foto-di-Mybosswas-150x150.jpg\" data-srcset=\"https:\/\/www.teatrostabiletorino.it\/wp-content\/uploads\/2015\/05\/12_GALOIS_Paolo-Giordano_ph-foto-di-Mybosswas-66x66.jpg 66w, https:\/\/www.teatrostabiletorino.it\/wp-content\/uploads\/2015\/05\/12_GALOIS_Paolo-Giordano_ph-foto-di-Mybosswas-150x150.jpg 150w\" data-sizes=\"auto\" \/><\/a>\n\t\t\t<\/dt>\n\t\t\t\t<dd class='wp-caption-text gallery-caption' id='gallery-1-27527'>\n\t\t\t\tGALOIS_Paolo Giordano_ph MYBOSSWAS.com\n\t\t\t\t<\/dd><\/dl><dl class='gallery-item'>\n\t\t\t<dt class='gallery-icon landscape'>\n\t\t\t\t<a data-rel=\"iLightbox[postimages]\" data-title=\"13_CARMEN_Iaia Forte_Roberto De Francesco_ph Mario Spada_MG_7184\" data-caption=\"CARMEN_Iaia Forte_Roberto De Francesco_ph Mario Spada\" href='https:\/\/www.teatrostabiletorino.it\/wp-content\/uploads\/2015\/05\/13_CARMEN_Iaia-Forte_Roberto-De-Francesco_ph-Mario-Spada_MG_7184.jpg'><img decoding=\"async\" width=\"150\" height=\"150\" src=\"https:\/\/www.teatrostabiletorino.it\/wp-content\/uploads\/2015\/05\/13_CARMEN_Iaia-Forte_Roberto-De-Francesco_ph-Mario-Spada_MG_7184-150x150.jpg\" class=\"attachment-thumbnail size-thumbnail lazyload\" alt=\"\" aria-describedby=\"gallery-1-27528\" srcset=\"data:image\/svg+xml,%3Csvg%20xmlns%3D%27http%3A%2F%2Fwww.w3.org%2F2000%2Fsvg%27%20width%3D%271701%27%20height%3D%271134%27%20viewBox%3D%270%200%201701%201134%27%3E%3Crect%20width%3D%271701%27%20height%3D%271134%27%20fill-opacity%3D%220%22%2F%3E%3C%2Fsvg%3E\" data-orig-src=\"https:\/\/www.teatrostabiletorino.it\/wp-content\/uploads\/2015\/05\/13_CARMEN_Iaia-Forte_Roberto-De-Francesco_ph-Mario-Spada_MG_7184-150x150.jpg\" data-srcset=\"https:\/\/www.teatrostabiletorino.it\/wp-content\/uploads\/2015\/05\/13_CARMEN_Iaia-Forte_Roberto-De-Francesco_ph-Mario-Spada_MG_7184-66x66.jpg 66w, https:\/\/www.teatrostabiletorino.it\/wp-content\/uploads\/2015\/05\/13_CARMEN_Iaia-Forte_Roberto-De-Francesco_ph-Mario-Spada_MG_7184-150x150.jpg 150w\" data-sizes=\"auto\" \/><\/a>\n\t\t\t<\/dt>\n\t\t\t\t<dd class='wp-caption-text gallery-caption' id='gallery-1-27528'>\n\t\t\t\tCARMEN_Iaia Forte_Roberto De Francesco_ph Mario Spada\n\t\t\t\t<\/dd><\/dl><br style=\"clear: both\" \/><dl class='gallery-item'>\n\t\t\t<dt class='gallery-icon landscape'>\n\t\t\t\t<a data-rel=\"iLightbox[postimages]\" data-title=\"14_COME VI PIACE_Leo Muscato\" data-caption=\"COME VI PIACE_Leo Muscato\" href='https:\/\/www.teatrostabiletorino.it\/wp-content\/uploads\/2015\/05\/14_COME-VI-PIACE_Leo-Muscato.jpg'><img decoding=\"async\" width=\"150\" height=\"150\" src=\"https:\/\/www.teatrostabiletorino.it\/wp-content\/uploads\/2015\/05\/14_COME-VI-PIACE_Leo-Muscato-150x150.jpg\" class=\"attachment-thumbnail size-thumbnail lazyload\" alt=\"\" aria-describedby=\"gallery-1-27529\" srcset=\"data:image\/svg+xml,%3Csvg%20xmlns%3D%27http%3A%2F%2Fwww.w3.org%2F2000%2Fsvg%27%20width%3D%271280%27%20height%3D%27854%27%20viewBox%3D%270%200%201280%20854%27%3E%3Crect%20width%3D%271280%27%20height%3D%27854%27%20fill-opacity%3D%220%22%2F%3E%3C%2Fsvg%3E\" data-orig-src=\"https:\/\/www.teatrostabiletorino.it\/wp-content\/uploads\/2015\/05\/14_COME-VI-PIACE_Leo-Muscato-150x150.jpg\" data-srcset=\"https:\/\/www.teatrostabiletorino.it\/wp-content\/uploads\/2015\/05\/14_COME-VI-PIACE_Leo-Muscato-66x66.jpg 66w, https:\/\/www.teatrostabiletorino.it\/wp-content\/uploads\/2015\/05\/14_COME-VI-PIACE_Leo-Muscato-150x150.jpg 150w\" data-sizes=\"auto\" \/><\/a>\n\t\t\t<\/dt>\n\t\t\t\t<dd class='wp-caption-text gallery-caption' id='gallery-1-27529'>\n\t\t\t\tCOME VI PIACE_Leo Muscato\n\t\t\t\t<\/dd><\/dl><dl class='gallery-item'>\n\t\t\t<dt class='gallery-icon landscape'>\n\t\t\t\t<a data-rel=\"iLightbox[postimages]\" data-title=\"15_VITA DI GALILEO_Gabriele Lavia_ ph. Filippo Milani\" data-caption=\"VITA DI GALILEO_Gabriele Lavia_ ph. Filippo Milani\" href='https:\/\/www.teatrostabiletorino.it\/wp-content\/uploads\/2015\/05\/15_VITA-DI-GALILEO_Gabriele-Lavia_-ph.-Filippo-Milani.jpg'><img decoding=\"async\" width=\"150\" height=\"150\" src=\"https:\/\/www.teatrostabiletorino.it\/wp-content\/uploads\/2015\/05\/15_VITA-DI-GALILEO_Gabriele-Lavia_-ph.-Filippo-Milani-150x150.jpg\" class=\"attachment-thumbnail size-thumbnail lazyload\" alt=\"\" aria-describedby=\"gallery-1-27530\" srcset=\"data:image\/svg+xml,%3Csvg%20xmlns%3D%27http%3A%2F%2Fwww.w3.org%2F2000%2Fsvg%27%20width%3D%272093%27%20height%3D%271461%27%20viewBox%3D%270%200%202093%201461%27%3E%3Crect%20width%3D%272093%27%20height%3D%271461%27%20fill-opacity%3D%220%22%2F%3E%3C%2Fsvg%3E\" data-orig-src=\"https:\/\/www.teatrostabiletorino.it\/wp-content\/uploads\/2015\/05\/15_VITA-DI-GALILEO_Gabriele-Lavia_-ph.-Filippo-Milani-150x150.jpg\" data-srcset=\"https:\/\/www.teatrostabiletorino.it\/wp-content\/uploads\/2015\/05\/15_VITA-DI-GALILEO_Gabriele-Lavia_-ph.-Filippo-Milani-66x66.jpg 66w, https:\/\/www.teatrostabiletorino.it\/wp-content\/uploads\/2015\/05\/15_VITA-DI-GALILEO_Gabriele-Lavia_-ph.-Filippo-Milani-150x150.jpg 150w\" data-sizes=\"auto\" \/><\/a>\n\t\t\t<\/dt>\n\t\t\t\t<dd class='wp-caption-text gallery-caption' id='gallery-1-27530'>\n\t\t\t\tVITA DI GALILEO_Gabriele Lavia_ ph. Filippo Milani\n\t\t\t\t<\/dd><\/dl><dl class='gallery-item'>\n\t\t\t<dt class='gallery-icon portrait'>\n\t\t\t\t<a data-rel=\"iLightbox[postimages]\" data-title=\"16_FEDRA_Andrea De Rosa\" data-caption=\"FEDRA_Andrea De Rosa\" href='https:\/\/www.teatrostabiletorino.it\/wp-content\/uploads\/2015\/05\/16_FEDRA_Andrea-De-Rosa.jpg'><img decoding=\"async\" width=\"150\" height=\"150\" src=\"https:\/\/www.teatrostabiletorino.it\/wp-content\/uploads\/2015\/05\/16_FEDRA_Andrea-De-Rosa-150x150.jpg\" class=\"attachment-thumbnail size-thumbnail lazyload\" alt=\"\" aria-describedby=\"gallery-1-27531\" srcset=\"data:image\/svg+xml,%3Csvg%20xmlns%3D%27http%3A%2F%2Fwww.w3.org%2F2000%2Fsvg%27%20width%3D%271181%27%20height%3D%271772%27%20viewBox%3D%270%200%201181%201772%27%3E%3Crect%20width%3D%271181%27%20height%3D%271772%27%20fill-opacity%3D%220%22%2F%3E%3C%2Fsvg%3E\" data-orig-src=\"https:\/\/www.teatrostabiletorino.it\/wp-content\/uploads\/2015\/05\/16_FEDRA_Andrea-De-Rosa-150x150.jpg\" data-srcset=\"https:\/\/www.teatrostabiletorino.it\/wp-content\/uploads\/2015\/05\/16_FEDRA_Andrea-De-Rosa-66x66.jpg 66w, https:\/\/www.teatrostabiletorino.it\/wp-content\/uploads\/2015\/05\/16_FEDRA_Andrea-De-Rosa-150x150.jpg 150w\" data-sizes=\"auto\" \/><\/a>\n\t\t\t<\/dt>\n\t\t\t\t<dd class='wp-caption-text gallery-caption' id='gallery-1-27531'>\n\t\t\t\tFEDRA_Andrea De Rosa\n\t\t\t\t<\/dd><\/dl><dl class='gallery-item'>\n\t\t\t<dt class='gallery-icon portrait'>\n\t\t\t\t<a data-rel=\"iLightbox[postimages]\" data-title=\"17_FEDRA_Laura Marinoni\u00a9Fabio Lovino\" data-caption=\"FEDRA_Laura Marinoni_ph Fabio Lovino\" href='https:\/\/www.teatrostabiletorino.it\/wp-content\/uploads\/2015\/05\/17_FEDRA_Laura-Marinoni\u00a9Fabio-Lovino.jpg'><img decoding=\"async\" width=\"150\" height=\"150\" src=\"https:\/\/www.teatrostabiletorino.it\/wp-content\/uploads\/2015\/05\/17_FEDRA_Laura-Marinoni\u00a9Fabio-Lovino-150x150.jpg\" class=\"attachment-thumbnail size-thumbnail lazyload\" alt=\"\" aria-describedby=\"gallery-1-27532\" srcset=\"data:image\/svg+xml,%3Csvg%20xmlns%3D%27http%3A%2F%2Fwww.w3.org%2F2000%2Fsvg%27%20width%3D%27899%27%20height%3D%271348%27%20viewBox%3D%270%200%20899%201348%27%3E%3Crect%20width%3D%27899%27%20height%3D%271348%27%20fill-opacity%3D%220%22%2F%3E%3C%2Fsvg%3E\" data-orig-src=\"https:\/\/www.teatrostabiletorino.it\/wp-content\/uploads\/2015\/05\/17_FEDRA_Laura-Marinoni\u00a9Fabio-Lovino-150x150.jpg\" data-srcset=\"https:\/\/www.teatrostabiletorino.it\/wp-content\/uploads\/2015\/05\/17_FEDRA_Laura-Marinoni\u00a9Fabio-Lovino-66x66.jpg 66w, https:\/\/www.teatrostabiletorino.it\/wp-content\/uploads\/2015\/05\/17_FEDRA_Laura-Marinoni\u00a9Fabio-Lovino-150x150.jpg 150w\" data-sizes=\"auto\" \/><\/a>\n\t\t\t<\/dt>\n\t\t\t\t<dd class='wp-caption-text gallery-caption' id='gallery-1-27532'>\n\t\t\t\tFEDRA_Laura Marinoni_ph Fabio Lovino\n\t\t\t\t<\/dd><\/dl><dl class='gallery-item'>\n\t\t\t<dt class='gallery-icon portrait'>\n\t\t\t\t<a data-rel=\"iLightbox[postimages]\" data-title=\"Thomas Ostermeier in Venice. Italy 2011.\" data-caption=\"IL GABBIANO_Thomas Ostermeier\" href='https:\/\/www.teatrostabiletorino.it\/wp-content\/uploads\/2015\/05\/18_IL-GABBIANO_Thomas-Ostermeier_ph-Paolo-Pellegrin.jpg'><img decoding=\"async\" width=\"150\" height=\"150\" src=\"https:\/\/www.teatrostabiletorino.it\/wp-content\/uploads\/2015\/05\/18_IL-GABBIANO_Thomas-Ostermeier_ph-Paolo-Pellegrin-150x150.jpg\" class=\"attachment-thumbnail size-thumbnail lazyload\" alt=\"\" aria-describedby=\"gallery-1-27533\" srcset=\"data:image\/svg+xml,%3Csvg%20xmlns%3D%27http%3A%2F%2Fwww.w3.org%2F2000%2Fsvg%27%20width%3D%271134%27%20height%3D%271701%27%20viewBox%3D%270%200%201134%201701%27%3E%3Crect%20width%3D%271134%27%20height%3D%271701%27%20fill-opacity%3D%220%22%2F%3E%3C%2Fsvg%3E\" data-orig-src=\"https:\/\/www.teatrostabiletorino.it\/wp-content\/uploads\/2015\/05\/18_IL-GABBIANO_Thomas-Ostermeier_ph-Paolo-Pellegrin-150x150.jpg\" data-srcset=\"https:\/\/www.teatrostabiletorino.it\/wp-content\/uploads\/2015\/05\/18_IL-GABBIANO_Thomas-Ostermeier_ph-Paolo-Pellegrin-66x66.jpg 66w, https:\/\/www.teatrostabiletorino.it\/wp-content\/uploads\/2015\/05\/18_IL-GABBIANO_Thomas-Ostermeier_ph-Paolo-Pellegrin-150x150.jpg 150w\" data-sizes=\"auto\" \/><\/a>\n\t\t\t<\/dt>\n\t\t\t\t<dd class='wp-caption-text gallery-caption' id='gallery-1-27533'>\n\t\t\t\tIL GABBIANO_Thomas Ostermeier\n\t\t\t\t<\/dd><\/dl><br style=\"clear: both\" \/><dl class='gallery-item'>\n\t\t\t<dt class='gallery-icon landscape'>\n\t\t\t\t<a data-rel=\"iLightbox[postimages]\" data-title=\"19_CENERENTOLA_Foto A. Macchia_0131\" data-caption=\"CENERENTOLA_ph A. Macchia\" href='https:\/\/www.teatrostabiletorino.it\/wp-content\/uploads\/2015\/05\/19_CENERENTOLA_Foto-A.-Macchia_0131.jpg'><img decoding=\"async\" width=\"150\" height=\"150\" src=\"https:\/\/www.teatrostabiletorino.it\/wp-content\/uploads\/2015\/05\/19_CENERENTOLA_Foto-A.-Macchia_0131-150x150.jpg\" class=\"attachment-thumbnail size-thumbnail lazyload\" alt=\"\" aria-describedby=\"gallery-1-27534\" srcset=\"data:image\/svg+xml,%3Csvg%20xmlns%3D%27http%3A%2F%2Fwww.w3.org%2F2000%2Fsvg%27%20width%3D%271890%27%20height%3D%271261%27%20viewBox%3D%270%200%201890%201261%27%3E%3Crect%20width%3D%271890%27%20height%3D%271261%27%20fill-opacity%3D%220%22%2F%3E%3C%2Fsvg%3E\" data-orig-src=\"https:\/\/www.teatrostabiletorino.it\/wp-content\/uploads\/2015\/05\/19_CENERENTOLA_Foto-A.-Macchia_0131-150x150.jpg\" data-srcset=\"https:\/\/www.teatrostabiletorino.it\/wp-content\/uploads\/2015\/05\/19_CENERENTOLA_Foto-A.-Macchia_0131-66x66.jpg 66w, https:\/\/www.teatrostabiletorino.it\/wp-content\/uploads\/2015\/05\/19_CENERENTOLA_Foto-A.-Macchia_0131-150x150.jpg 150w\" data-sizes=\"auto\" \/><\/a>\n\t\t\t<\/dt>\n\t\t\t\t<dd class='wp-caption-text gallery-caption' id='gallery-1-27534'>\n\t\t\t\tCENERENTOLA_ph A. Macchia\n\t\t\t\t<\/dd><\/dl><dl class='gallery-item'>\n\t\t\t<dt class='gallery-icon landscape'>\n\t\t\t\t<a data-rel=\"iLightbox[postimages]\" data-title=\"01_IL MALATO IMMAGINARIO_Gioele Dix, Anna Della Rosa, Linda Gennari_ph Fabio Artese\" data-caption=\"\" href='https:\/\/www.teatrostabiletorino.it\/wp-content\/uploads\/2015\/05\/01_IL-MALATO-IMMAGINARIO_Gioele-Dix-Anna-Della-Rosa-Linda-Gennari_ph-Fabio-Artese.jpg'><img decoding=\"async\" width=\"150\" height=\"150\" src=\"https:\/\/www.teatrostabiletorino.it\/wp-content\/uploads\/2015\/05\/01_IL-MALATO-IMMAGINARIO_Gioele-Dix-Anna-Della-Rosa-Linda-Gennari_ph-Fabio-Artese-150x150.jpg\" class=\"attachment-thumbnail size-thumbnail lazyload\" alt=\"Il malato immaginario con Gioele Dix Anna Della Rosa Linda Gennari\" srcset=\"data:image\/svg+xml,%3Csvg%20xmlns%3D%27http%3A%2F%2Fwww.w3.org%2F2000%2Fsvg%27%20width%3D%273543%27%20height%3D%272362%27%20viewBox%3D%270%200%203543%202362%27%3E%3Crect%20width%3D%273543%27%20height%3D%272362%27%20fill-opacity%3D%220%22%2F%3E%3C%2Fsvg%3E\" data-orig-src=\"https:\/\/www.teatrostabiletorino.it\/wp-content\/uploads\/2015\/05\/01_IL-MALATO-IMMAGINARIO_Gioele-Dix-Anna-Della-Rosa-Linda-Gennari_ph-Fabio-Artese-150x150.jpg\" data-srcset=\"https:\/\/www.teatrostabiletorino.it\/wp-content\/uploads\/2015\/05\/01_IL-MALATO-IMMAGINARIO_Gioele-Dix-Anna-Della-Rosa-Linda-Gennari_ph-Fabio-Artese-66x66.jpg 66w, https:\/\/www.teatrostabiletorino.it\/wp-content\/uploads\/2015\/05\/01_IL-MALATO-IMMAGINARIO_Gioele-Dix-Anna-Della-Rosa-Linda-Gennari_ph-Fabio-Artese-150x150.jpg 150w\" data-sizes=\"auto\" \/><\/a>\n\t\t\t<\/dt><\/dl><dl class='gallery-item'>\n\t\t\t<dt class='gallery-icon portrait'>\n\t\t\t\t<a data-rel=\"iLightbox[postimages]\" data-title=\"02_THE PRIDE_Luca Zingaretti_ph Gian Marco Chieregato\" data-caption=\"THE PRIDE_Luca Zingaretti_ph Gian Marco Chieregato\" href='https:\/\/www.teatrostabiletorino.it\/wp-content\/uploads\/2015\/05\/02_THE-PRIDE_Luca-Zingaretti_ph-Gian-Marco-Chieregato.jpg'><img decoding=\"async\" width=\"150\" height=\"150\" src=\"https:\/\/www.teatrostabiletorino.it\/wp-content\/uploads\/2015\/05\/02_THE-PRIDE_Luca-Zingaretti_ph-Gian-Marco-Chieregato-150x150.jpg\" class=\"attachment-thumbnail size-thumbnail lazyload\" alt=\"\" aria-describedby=\"gallery-1-27536\" srcset=\"data:image\/svg+xml,%3Csvg%20xmlns%3D%27http%3A%2F%2Fwww.w3.org%2F2000%2Fsvg%27%20width%3D%272426%27%20height%3D%272655%27%20viewBox%3D%270%200%202426%202655%27%3E%3Crect%20width%3D%272426%27%20height%3D%272655%27%20fill-opacity%3D%220%22%2F%3E%3C%2Fsvg%3E\" data-orig-src=\"https:\/\/www.teatrostabiletorino.it\/wp-content\/uploads\/2015\/05\/02_THE-PRIDE_Luca-Zingaretti_ph-Gian-Marco-Chieregato-150x150.jpg\" data-srcset=\"https:\/\/www.teatrostabiletorino.it\/wp-content\/uploads\/2015\/05\/02_THE-PRIDE_Luca-Zingaretti_ph-Gian-Marco-Chieregato-66x66.jpg 66w, https:\/\/www.teatrostabiletorino.it\/wp-content\/uploads\/2015\/05\/02_THE-PRIDE_Luca-Zingaretti_ph-Gian-Marco-Chieregato-150x150.jpg 150w\" data-sizes=\"auto\" \/><\/a>\n\t\t\t<\/dt>\n\t\t\t\t<dd class='wp-caption-text gallery-caption' id='gallery-1-27536'>\n\t\t\t\tTHE PRIDE_Luca Zingaretti_ph Gian Marco Chieregato\n\t\t\t\t<\/dd><\/dl><dl class='gallery-item'>\n\t\t\t<dt class='gallery-icon portrait'>\n\t\t\t\t<a data-rel=\"iLightbox[postimages]\" data-title=\"03_IL PREZZO_Umberto Orsini\" data-caption=\"IL PREZZO_Umberto Orsini\" href='https:\/\/www.teatrostabiletorino.it\/wp-content\/uploads\/2015\/05\/03_IL-PREZZO_Umberto-Orsini.jpg'><img decoding=\"async\" width=\"150\" height=\"150\" src=\"https:\/\/www.teatrostabiletorino.it\/wp-content\/uploads\/2015\/05\/03_IL-PREZZO_Umberto-Orsini-150x150.jpg\" class=\"attachment-thumbnail size-thumbnail lazyload\" alt=\"\" aria-describedby=\"gallery-1-27537\" srcset=\"data:image\/svg+xml,%3Csvg%20xmlns%3D%27http%3A%2F%2Fwww.w3.org%2F2000%2Fsvg%27%20width%3D%27823%27%20height%3D%271181%27%20viewBox%3D%270%200%20823%201181%27%3E%3Crect%20width%3D%27823%27%20height%3D%271181%27%20fill-opacity%3D%220%22%2F%3E%3C%2Fsvg%3E\" data-orig-src=\"https:\/\/www.teatrostabiletorino.it\/wp-content\/uploads\/2015\/05\/03_IL-PREZZO_Umberto-Orsini-150x150.jpg\" data-srcset=\"https:\/\/www.teatrostabiletorino.it\/wp-content\/uploads\/2015\/05\/03_IL-PREZZO_Umberto-Orsini-66x66.jpg 66w, https:\/\/www.teatrostabiletorino.it\/wp-content\/uploads\/2015\/05\/03_IL-PREZZO_Umberto-Orsini-150x150.jpg 150w\" data-sizes=\"auto\" \/><\/a>\n\t\t\t<\/dt>\n\t\t\t\t<dd class='wp-caption-text gallery-caption' id='gallery-1-27537'>\n\t\t\t\tIL PREZZO_Umberto Orsini\n\t\t\t\t<\/dd><\/dl><dl class='gallery-item'>\n\t\t\t<dt class='gallery-icon portrait'>\n\t\t\t\t<a data-rel=\"iLightbox[postimages]\" data-title=\"ANGELA FINOCCHIARO\" data-caption=\"CALENDAR GIRLS_Angela Finocchiaro_ph Stylaz-Photomovie\" href='https:\/\/www.teatrostabiletorino.it\/wp-content\/uploads\/2015\/05\/04_CALENDAR-GIRLS_Angela-Finocchiaro_ph-Stylaz-Photomovie.jpg'><img decoding=\"async\" width=\"150\" height=\"150\" src=\"https:\/\/www.teatrostabiletorino.it\/wp-content\/uploads\/2015\/05\/04_CALENDAR-GIRLS_Angela-Finocchiaro_ph-Stylaz-Photomovie-150x150.jpg\" class=\"attachment-thumbnail size-thumbnail lazyload\" alt=\"\" aria-describedby=\"gallery-1-27538\" srcset=\"data:image\/svg+xml,%3Csvg%20xmlns%3D%27http%3A%2F%2Fwww.w3.org%2F2000%2Fsvg%27%20width%3D%271488%27%20height%3D%272126%27%20viewBox%3D%270%200%201488%202126%27%3E%3Crect%20width%3D%271488%27%20height%3D%272126%27%20fill-opacity%3D%220%22%2F%3E%3C%2Fsvg%3E\" data-orig-src=\"https:\/\/www.teatrostabiletorino.it\/wp-content\/uploads\/2015\/05\/04_CALENDAR-GIRLS_Angela-Finocchiaro_ph-Stylaz-Photomovie-150x150.jpg\" data-srcset=\"https:\/\/www.teatrostabiletorino.it\/wp-content\/uploads\/2015\/05\/04_CALENDAR-GIRLS_Angela-Finocchiaro_ph-Stylaz-Photomovie-66x66.jpg 66w, https:\/\/www.teatrostabiletorino.it\/wp-content\/uploads\/2015\/05\/04_CALENDAR-GIRLS_Angela-Finocchiaro_ph-Stylaz-Photomovie-150x150.jpg 150w\" data-sizes=\"auto\" \/><\/a>\n\t\t\t<\/dt>\n\t\t\t\t<dd class='wp-caption-text gallery-caption' id='gallery-1-27538'>\n\t\t\t\tCALENDAR GIRLS_Angela Finocchiaro_ph Stylaz-Photomovie\n\t\t\t\t<\/dd><\/dl><br style=\"clear: both\" \/><dl class='gallery-item'>\n\t\t\t<dt class='gallery-icon landscape'>\n\t\t\t\t<a data-rel=\"iLightbox[postimages]\" data-title=\"05_SWAN LAKE RELOADED_ph Mats B\u00e4cker\" data-caption=\"SWAN LAKE RELOADED_ph Mats B\u00e4cker\" href='https:\/\/www.teatrostabiletorino.it\/wp-content\/uploads\/2015\/05\/05_SWAN-LAKE-RELOADED_ph-Mats-B\u00e4cker.jpg'><img decoding=\"async\" width=\"150\" height=\"150\" src=\"https:\/\/www.teatrostabiletorino.it\/wp-content\/uploads\/2015\/05\/05_SWAN-LAKE-RELOADED_ph-Mats-B\u00e4cker-150x150.jpg\" class=\"attachment-thumbnail size-thumbnail lazyload\" alt=\"\" aria-describedby=\"gallery-1-27539\" srcset=\"data:image\/svg+xml,%3Csvg%20xmlns%3D%27http%3A%2F%2Fwww.w3.org%2F2000%2Fsvg%27%20width%3D%272362%27%20height%3D%271575%27%20viewBox%3D%270%200%202362%201575%27%3E%3Crect%20width%3D%272362%27%20height%3D%271575%27%20fill-opacity%3D%220%22%2F%3E%3C%2Fsvg%3E\" data-orig-src=\"https:\/\/www.teatrostabiletorino.it\/wp-content\/uploads\/2015\/05\/05_SWAN-LAKE-RELOADED_ph-Mats-B\u00e4cker-150x150.jpg\" data-srcset=\"https:\/\/www.teatrostabiletorino.it\/wp-content\/uploads\/2015\/05\/05_SWAN-LAKE-RELOADED_ph-Mats-B\u00e4cker-66x66.jpg 66w, https:\/\/www.teatrostabiletorino.it\/wp-content\/uploads\/2015\/05\/05_SWAN-LAKE-RELOADED_ph-Mats-B\u00e4cker-150x150.jpg 150w\" data-sizes=\"auto\" \/><\/a>\n\t\t\t<\/dt>\n\t\t\t\t<dd class='wp-caption-text gallery-caption' id='gallery-1-27539'>\n\t\t\t\tSWAN LAKE RELOADED_ph Mats B\u00e4cker\n\t\t\t\t<\/dd><\/dl><dl class='gallery-item'>\n\t\t\t<dt class='gallery-icon landscape'>\n\t\t\t\t<a data-rel=\"iLightbox[postimages]\" data-title=\"CENTRO TEATRALE BRESCIANO ENRICO IV\" data-caption=\"ENRICO IV_Franco Branciaroli\" href='https:\/\/www.teatrostabiletorino.it\/wp-content\/uploads\/2015\/05\/06_ENRICO-IV_Branciaroli.jpg'><img decoding=\"async\" width=\"150\" height=\"150\" src=\"https:\/\/www.teatrostabiletorino.it\/wp-content\/uploads\/2015\/05\/06_ENRICO-IV_Branciaroli-150x150.jpg\" class=\"attachment-thumbnail size-thumbnail lazyload\" alt=\"\" aria-describedby=\"gallery-1-27540\" srcset=\"data:image\/svg+xml,%3Csvg%20xmlns%3D%27http%3A%2F%2Fwww.w3.org%2F2000%2Fsvg%27%20width%3D%272953%27%20height%3D%271895%27%20viewBox%3D%270%200%202953%201895%27%3E%3Crect%20width%3D%272953%27%20height%3D%271895%27%20fill-opacity%3D%220%22%2F%3E%3C%2Fsvg%3E\" data-orig-src=\"https:\/\/www.teatrostabiletorino.it\/wp-content\/uploads\/2015\/05\/06_ENRICO-IV_Branciaroli-150x150.jpg\" data-srcset=\"https:\/\/www.teatrostabiletorino.it\/wp-content\/uploads\/2015\/05\/06_ENRICO-IV_Branciaroli-66x66.jpg 66w, https:\/\/www.teatrostabiletorino.it\/wp-content\/uploads\/2015\/05\/06_ENRICO-IV_Branciaroli-150x150.jpg 150w\" data-sizes=\"auto\" \/><\/a>\n\t\t\t<\/dt>\n\t\t\t\t<dd class='wp-caption-text gallery-caption' id='gallery-1-27540'>\n\t\t\t\tENRICO IV_Franco Branciaroli\n\t\t\t\t<\/dd><\/dl><dl class='gallery-item'>\n\t\t\t<dt class='gallery-icon landscape'>\n\t\t\t\t<a data-rel=\"iLightbox[postimages]\" data-title=\"07_CLITENNESTRA_Bonaiuto_ph Franco Lannino_Studio Camera\" data-caption=\"CLITENNESTRA_Bonaiuto_ph Franco Lannino_Studio Camera\" href='https:\/\/www.teatrostabiletorino.it\/wp-content\/uploads\/2015\/05\/07_CLITENNESTRA_Bonaiuto_ph-Franco-Lannino_Studio-Camera.jpg'><img decoding=\"async\" width=\"150\" height=\"150\" src=\"https:\/\/www.teatrostabiletorino.it\/wp-content\/uploads\/2015\/05\/07_CLITENNESTRA_Bonaiuto_ph-Franco-Lannino_Studio-Camera-150x150.jpg\" class=\"attachment-thumbnail size-thumbnail lazyload\" alt=\"\" aria-describedby=\"gallery-1-27541\" srcset=\"data:image\/svg+xml,%3Csvg%20xmlns%3D%27http%3A%2F%2Fwww.w3.org%2F2000%2Fsvg%27%20width%3D%273293%27%20height%3D%272196%27%20viewBox%3D%270%200%203293%202196%27%3E%3Crect%20width%3D%273293%27%20height%3D%272196%27%20fill-opacity%3D%220%22%2F%3E%3C%2Fsvg%3E\" data-orig-src=\"https:\/\/www.teatrostabiletorino.it\/wp-content\/uploads\/2015\/05\/07_CLITENNESTRA_Bonaiuto_ph-Franco-Lannino_Studio-Camera-150x150.jpg\" data-srcset=\"https:\/\/www.teatrostabiletorino.it\/wp-content\/uploads\/2015\/05\/07_CLITENNESTRA_Bonaiuto_ph-Franco-Lannino_Studio-Camera-66x66.jpg 66w, https:\/\/www.teatrostabiletorino.it\/wp-content\/uploads\/2015\/05\/07_CLITENNESTRA_Bonaiuto_ph-Franco-Lannino_Studio-Camera-150x150.jpg 150w\" data-sizes=\"auto\" \/><\/a>\n\t\t\t<\/dt>\n\t\t\t\t<dd class='wp-caption-text gallery-caption' id='gallery-1-27541'>\n\t\t\t\tCLITENNESTRA_Bonaiuto_ph Franco Lannino_Studio Camera\n\t\t\t\t<\/dd><\/dl><dl class='gallery-item'>\n\t\t\t<dt class='gallery-icon landscape'>\n\t\t\t\t<a data-rel=\"iLightbox[postimages]\" data-title=\"08_NON TI PAGO_Luca De Filippo\" data-caption=\"NON TI PAGO_Luca De Filippo\" href='https:\/\/www.teatrostabiletorino.it\/wp-content\/uploads\/2015\/05\/08_NON-TI-PAGO_Luca-De-Filippo.jpg'><img decoding=\"async\" width=\"150\" height=\"150\" src=\"https:\/\/www.teatrostabiletorino.it\/wp-content\/uploads\/2015\/05\/08_NON-TI-PAGO_Luca-De-Filippo-150x150.jpg\" class=\"attachment-thumbnail size-thumbnail lazyload\" alt=\"\" aria-describedby=\"gallery-1-27542\" srcset=\"data:image\/svg+xml,%3Csvg%20xmlns%3D%27http%3A%2F%2Fwww.w3.org%2F2000%2Fsvg%27%20width%3D%272362%27%20height%3D%271575%27%20viewBox%3D%270%200%202362%201575%27%3E%3Crect%20width%3D%272362%27%20height%3D%271575%27%20fill-opacity%3D%220%22%2F%3E%3C%2Fsvg%3E\" data-orig-src=\"https:\/\/www.teatrostabiletorino.it\/wp-content\/uploads\/2015\/05\/08_NON-TI-PAGO_Luca-De-Filippo-150x150.jpg\" data-srcset=\"https:\/\/www.teatrostabiletorino.it\/wp-content\/uploads\/2015\/05\/08_NON-TI-PAGO_Luca-De-Filippo-66x66.jpg 66w, https:\/\/www.teatrostabiletorino.it\/wp-content\/uploads\/2015\/05\/08_NON-TI-PAGO_Luca-De-Filippo-150x150.jpg 150w\" data-sizes=\"auto\" \/><\/a>\n\t\t\t<\/dt>\n\t\t\t\t<dd class='wp-caption-text gallery-caption' id='gallery-1-27542'>\n\t\t\t\tNON TI PAGO_Luca De Filippo\n\t\t\t\t<\/dd><\/dl><dl class='gallery-item'>\n\t\t\t<dt class='gallery-icon landscape'>\n\t\t\t\t<a data-rel=\"iLightbox[postimages]\" data-title=\"YASHICA Digital Camera\" data-caption=\"IL BUGIARDO_ph YASHICA Digital Camera\" href='https:\/\/www.teatrostabiletorino.it\/wp-content\/uploads\/2015\/05\/09_IL_BUGIARDO.jpg'><img decoding=\"async\" width=\"150\" height=\"150\" src=\"https:\/\/www.teatrostabiletorino.it\/wp-content\/uploads\/2015\/05\/09_IL_BUGIARDO-150x150.jpg\" class=\"attachment-thumbnail size-thumbnail lazyload\" alt=\"\" aria-describedby=\"gallery-1-27543\" srcset=\"data:image\/svg+xml,%3Csvg%20xmlns%3D%27http%3A%2F%2Fwww.w3.org%2F2000%2Fsvg%27%20width%3D%272362%27%20height%3D%271772%27%20viewBox%3D%270%200%202362%201772%27%3E%3Crect%20width%3D%272362%27%20height%3D%271772%27%20fill-opacity%3D%220%22%2F%3E%3C%2Fsvg%3E\" data-orig-src=\"https:\/\/www.teatrostabiletorino.it\/wp-content\/uploads\/2015\/05\/09_IL_BUGIARDO-150x150.jpg\" data-srcset=\"https:\/\/www.teatrostabiletorino.it\/wp-content\/uploads\/2015\/05\/09_IL_BUGIARDO-66x66.jpg 66w, https:\/\/www.teatrostabiletorino.it\/wp-content\/uploads\/2015\/05\/09_IL_BUGIARDO-150x150.jpg 150w\" data-sizes=\"auto\" \/><\/a>\n\t\t\t<\/dt>\n\t\t\t\t<dd class='wp-caption-text gallery-caption' id='gallery-1-27543'>\n\t\t\t\tIL BUGIARDO_ph YASHICA Digital Camera\n\t\t\t\t<\/dd><\/dl><br style=\"clear: both\" \/><dl class='gallery-item'>\n\t\t\t<dt class='gallery-icon landscape'>\n\t\t\t\t<a data-rel=\"iLightbox[postimages]\" data-title=\"10_QUESTA SERA SI RECITA A SOGGETTO_Luigi Lo Cascio\" data-caption=\"QUESTA SERA SI RECITA A SOGGETTO_Luigi Lo Cascio\" href='https:\/\/www.teatrostabiletorino.it\/wp-content\/uploads\/2015\/05\/10_QUESTA-SERA-SI-RECITA-A-SOGGETTO_Luigi-Lo-Cascio.jpg'><img decoding=\"async\" width=\"150\" height=\"150\" src=\"https:\/\/www.teatrostabiletorino.it\/wp-content\/uploads\/2015\/05\/10_QUESTA-SERA-SI-RECITA-A-SOGGETTO_Luigi-Lo-Cascio-150x150.jpg\" class=\"attachment-thumbnail size-thumbnail lazyload\" alt=\"\" aria-describedby=\"gallery-1-27544\" srcset=\"data:image\/svg+xml,%3Csvg%20xmlns%3D%27http%3A%2F%2Fwww.w3.org%2F2000%2Fsvg%27%20width%3D%272362%27%20height%3D%271923%27%20viewBox%3D%270%200%202362%201923%27%3E%3Crect%20width%3D%272362%27%20height%3D%271923%27%20fill-opacity%3D%220%22%2F%3E%3C%2Fsvg%3E\" data-orig-src=\"https:\/\/www.teatrostabiletorino.it\/wp-content\/uploads\/2015\/05\/10_QUESTA-SERA-SI-RECITA-A-SOGGETTO_Luigi-Lo-Cascio-150x150.jpg\" data-srcset=\"https:\/\/www.teatrostabiletorino.it\/wp-content\/uploads\/2015\/05\/10_QUESTA-SERA-SI-RECITA-A-SOGGETTO_Luigi-Lo-Cascio-66x66.jpg 66w, https:\/\/www.teatrostabiletorino.it\/wp-content\/uploads\/2015\/05\/10_QUESTA-SERA-SI-RECITA-A-SOGGETTO_Luigi-Lo-Cascio-150x150.jpg 150w\" data-sizes=\"auto\" \/><\/a>\n\t\t\t<\/dt>\n\t\t\t\t<dd class='wp-caption-text gallery-caption' id='gallery-1-27544'>\n\t\t\t\tQUESTA SERA SI RECITA A SOGGETTO_Luigi Lo Cascio\n\t\t\t\t<\/dd><\/dl><dl class='gallery-item'>\n\t\t\t<dt class='gallery-icon landscape'>\n\t\t\t\t<a data-rel=\"iLightbox[postimages]\" data-title=\"11_OCCIDENTAL EXPRESS_Luca Busnengo_030\" data-caption=\"OCCIDENTAL EXPRESS_Luca Busnengo\" href='https:\/\/www.teatrostabiletorino.it\/wp-content\/uploads\/2015\/05\/11_OCCIDENTAL-EXPRESS_Luca-Busnengo_030.jpg'><img decoding=\"async\" width=\"150\" height=\"150\" src=\"https:\/\/www.teatrostabiletorino.it\/wp-content\/uploads\/2015\/05\/11_OCCIDENTAL-EXPRESS_Luca-Busnengo_030-150x150.jpg\" class=\"attachment-thumbnail size-thumbnail lazyload\" alt=\"\" aria-describedby=\"gallery-1-27545\" srcset=\"data:image\/svg+xml,%3Csvg%20xmlns%3D%27http%3A%2F%2Fwww.w3.org%2F2000%2Fsvg%27%20width%3D%27787%27%20height%3D%27524%27%20viewBox%3D%270%200%20787%20524%27%3E%3Crect%20width%3D%27787%27%20height%3D%27524%27%20fill-opacity%3D%220%22%2F%3E%3C%2Fsvg%3E\" data-orig-src=\"https:\/\/www.teatrostabiletorino.it\/wp-content\/uploads\/2015\/05\/11_OCCIDENTAL-EXPRESS_Luca-Busnengo_030-150x150.jpg\" data-srcset=\"https:\/\/www.teatrostabiletorino.it\/wp-content\/uploads\/2015\/05\/11_OCCIDENTAL-EXPRESS_Luca-Busnengo_030-66x66.jpg 66w, https:\/\/www.teatrostabiletorino.it\/wp-content\/uploads\/2015\/05\/11_OCCIDENTAL-EXPRESS_Luca-Busnengo_030-150x150.jpg 150w\" data-sizes=\"auto\" \/><\/a>\n\t\t\t<\/dt>\n\t\t\t\t<dd class='wp-caption-text gallery-caption' id='gallery-1-27545'>\n\t\t\t\tOCCIDENTAL EXPRESS_Luca Busnengo\n\t\t\t\t<\/dd><\/dl><dl class='gallery-item'>\n\t\t\t<dt class='gallery-icon landscape'>\n\t\t\t\t<a data-rel=\"iLightbox[postimages]\" data-title=\"12_STRANI OGGI\" data-caption=\"STRANI OGGI\" href='https:\/\/www.teatrostabiletorino.it\/wp-content\/uploads\/2015\/05\/12_STRANI-OGGI.jpg'><img decoding=\"async\" width=\"150\" height=\"150\" src=\"https:\/\/www.teatrostabiletorino.it\/wp-content\/uploads\/2015\/05\/12_STRANI-OGGI-150x150.jpg\" class=\"attachment-thumbnail size-thumbnail lazyload\" alt=\"\" aria-describedby=\"gallery-1-27546\" srcset=\"data:image\/svg+xml,%3Csvg%20xmlns%3D%27http%3A%2F%2Fwww.w3.org%2F2000%2Fsvg%27%20width%3D%272126%27%20height%3D%271417%27%20viewBox%3D%270%200%202126%201417%27%3E%3Crect%20width%3D%272126%27%20height%3D%271417%27%20fill-opacity%3D%220%22%2F%3E%3C%2Fsvg%3E\" data-orig-src=\"https:\/\/www.teatrostabiletorino.it\/wp-content\/uploads\/2015\/05\/12_STRANI-OGGI-150x150.jpg\" data-srcset=\"https:\/\/www.teatrostabiletorino.it\/wp-content\/uploads\/2015\/05\/12_STRANI-OGGI-66x66.jpg 66w, https:\/\/www.teatrostabiletorino.it\/wp-content\/uploads\/2015\/05\/12_STRANI-OGGI-150x150.jpg 150w\" data-sizes=\"auto\" \/><\/a>\n\t\t\t<\/dt>\n\t\t\t\t<dd class='wp-caption-text gallery-caption' id='gallery-1-27546'>\n\t\t\t\tSTRANI OGGI\n\t\t\t\t<\/dd><\/dl><dl class='gallery-item'>\n\t\t\t<dt class='gallery-icon landscape'>\n\t\t\t\t<a data-rel=\"iLightbox[postimages]\" data-title=\"13_IL MONDO DI C.I._Lorenzo Fontana\" data-caption=\"IL MONDO DI C.I._Lorenzo Fontana\" href='https:\/\/www.teatrostabiletorino.it\/wp-content\/uploads\/2015\/05\/13_IL-MONDO-DI-C.I._Lorenzo-Fontana.jpg'><img decoding=\"async\" width=\"150\" height=\"150\" src=\"https:\/\/www.teatrostabiletorino.it\/wp-content\/uploads\/2015\/05\/13_IL-MONDO-DI-C.I._Lorenzo-Fontana-150x150.jpg\" class=\"attachment-thumbnail size-thumbnail lazyload\" alt=\"\" aria-describedby=\"gallery-1-27547\" srcset=\"data:image\/svg+xml,%3Csvg%20xmlns%3D%27http%3A%2F%2Fwww.w3.org%2F2000%2Fsvg%27%20width%3D%272126%27%20height%3D%271457%27%20viewBox%3D%270%200%202126%201457%27%3E%3Crect%20width%3D%272126%27%20height%3D%271457%27%20fill-opacity%3D%220%22%2F%3E%3C%2Fsvg%3E\" data-orig-src=\"https:\/\/www.teatrostabiletorino.it\/wp-content\/uploads\/2015\/05\/13_IL-MONDO-DI-C.I._Lorenzo-Fontana-150x150.jpg\" data-srcset=\"https:\/\/www.teatrostabiletorino.it\/wp-content\/uploads\/2015\/05\/13_IL-MONDO-DI-C.I._Lorenzo-Fontana-66x66.jpg 66w, https:\/\/www.teatrostabiletorino.it\/wp-content\/uploads\/2015\/05\/13_IL-MONDO-DI-C.I._Lorenzo-Fontana-150x150.jpg 150w\" data-sizes=\"auto\" \/><\/a>\n\t\t\t<\/dt>\n\t\t\t\t<dd class='wp-caption-text gallery-caption' id='gallery-1-27547'>\n\t\t\t\tIL MONDO DI C.I._Lorenzo Fontana\n\t\t\t\t<\/dd><\/dl><dl class='gallery-item'>\n\t\t\t<dt class='gallery-icon portrait'>\n\t\t\t\t<a data-rel=\"iLightbox[postimages]\" data-title=\"14_LA GERUSALEMME LIBERATA_Roberto Zibetti\" data-caption=\"LA GERUSALEMME LIBERATA_Roberto Zibetti\" href='https:\/\/www.teatrostabiletorino.it\/wp-content\/uploads\/2015\/05\/14_LA-GERUSALEMME-LIBERATA_Roberto-Zibetti.jpg'><img decoding=\"async\" width=\"150\" height=\"150\" src=\"https:\/\/www.teatrostabiletorino.it\/wp-content\/uploads\/2015\/05\/14_LA-GERUSALEMME-LIBERATA_Roberto-Zibetti-150x150.jpg\" class=\"attachment-thumbnail size-thumbnail lazyload\" alt=\"\" aria-describedby=\"gallery-1-27548\" srcset=\"data:image\/svg+xml,%3Csvg%20xmlns%3D%27http%3A%2F%2Fwww.w3.org%2F2000%2Fsvg%27%20width%3D%27800%27%20height%3D%271201%27%20viewBox%3D%270%200%20800%201201%27%3E%3Crect%20width%3D%27800%27%20height%3D%271201%27%20fill-opacity%3D%220%22%2F%3E%3C%2Fsvg%3E\" data-orig-src=\"https:\/\/www.teatrostabiletorino.it\/wp-content\/uploads\/2015\/05\/14_LA-GERUSALEMME-LIBERATA_Roberto-Zibetti-150x150.jpg\" data-srcset=\"https:\/\/www.teatrostabiletorino.it\/wp-content\/uploads\/2015\/05\/14_LA-GERUSALEMME-LIBERATA_Roberto-Zibetti-66x66.jpg 66w, https:\/\/www.teatrostabiletorino.it\/wp-content\/uploads\/2015\/05\/14_LA-GERUSALEMME-LIBERATA_Roberto-Zibetti-150x150.jpg 150w\" data-sizes=\"auto\" \/><\/a>\n\t\t\t<\/dt>\n\t\t\t\t<dd class='wp-caption-text gallery-caption' id='gallery-1-27548'>\n\t\t\t\tLA GERUSALEMME LIBERATA_Roberto Zibetti\n\t\t\t\t<\/dd><\/dl><br style=\"clear: both\" \/><dl class='gallery-item'>\n\t\t\t<dt class='gallery-icon portrait'>\n\t\t\t\t<a data-rel=\"iLightbox[postimages]\" data-title=\"15_LA CREPANZA_ManiacidAmore_ph Federico Botta\" data-caption=\"LA CREPANZA_ManiacidAmore_ph Federico Botta\" href='https:\/\/www.teatrostabiletorino.it\/wp-content\/uploads\/2015\/05\/15_LA-CREPANZA_ManiacidAmore_ph-Federico-Botta.jpg'><img decoding=\"async\" width=\"150\" height=\"150\" src=\"https:\/\/www.teatrostabiletorino.it\/wp-content\/uploads\/2015\/05\/15_LA-CREPANZA_ManiacidAmore_ph-Federico-Botta-150x150.jpg\" class=\"attachment-thumbnail size-thumbnail lazyload\" alt=\"\" aria-describedby=\"gallery-1-27549\" srcset=\"data:image\/svg+xml,%3Csvg%20xmlns%3D%27http%3A%2F%2Fwww.w3.org%2F2000%2Fsvg%27%20width%3D%271417%27%20height%3D%272126%27%20viewBox%3D%270%200%201417%202126%27%3E%3Crect%20width%3D%271417%27%20height%3D%272126%27%20fill-opacity%3D%220%22%2F%3E%3C%2Fsvg%3E\" data-orig-src=\"https:\/\/www.teatrostabiletorino.it\/wp-content\/uploads\/2015\/05\/15_LA-CREPANZA_ManiacidAmore_ph-Federico-Botta-150x150.jpg\" data-srcset=\"https:\/\/www.teatrostabiletorino.it\/wp-content\/uploads\/2015\/05\/15_LA-CREPANZA_ManiacidAmore_ph-Federico-Botta-66x66.jpg 66w, https:\/\/www.teatrostabiletorino.it\/wp-content\/uploads\/2015\/05\/15_LA-CREPANZA_ManiacidAmore_ph-Federico-Botta-150x150.jpg 150w\" data-sizes=\"auto\" \/><\/a>\n\t\t\t<\/dt>\n\t\t\t\t<dd class='wp-caption-text gallery-caption' id='gallery-1-27549'>\n\t\t\t\tLA CREPANZA_ManiacidAmore_ph Federico Botta\n\t\t\t\t<\/dd><\/dl><dl class='gallery-item'>\n\t\t\t<dt class='gallery-icon landscape'>\n\t\t\t\t<a data-rel=\"iLightbox[postimages]\" data-title=\"16_STONES (AVANIM)\" data-caption=\"STONES (AVANIM)\" href='https:\/\/www.teatrostabiletorino.it\/wp-content\/uploads\/2015\/05\/16_STONES-AVANIM.jpg'><img decoding=\"async\" width=\"150\" height=\"150\" src=\"https:\/\/www.teatrostabiletorino.it\/wp-content\/uploads\/2015\/05\/16_STONES-AVANIM-150x150.jpg\" class=\"attachment-thumbnail size-thumbnail lazyload\" alt=\"\" aria-describedby=\"gallery-1-27550\" srcset=\"data:image\/svg+xml,%3Csvg%20xmlns%3D%27http%3A%2F%2Fwww.w3.org%2F2000%2Fsvg%27%20width%3D%271181%27%20height%3D%27918%27%20viewBox%3D%270%200%201181%20918%27%3E%3Crect%20width%3D%271181%27%20height%3D%27918%27%20fill-opacity%3D%220%22%2F%3E%3C%2Fsvg%3E\" data-orig-src=\"https:\/\/www.teatrostabiletorino.it\/wp-content\/uploads\/2015\/05\/16_STONES-AVANIM-150x150.jpg\" data-srcset=\"https:\/\/www.teatrostabiletorino.it\/wp-content\/uploads\/2015\/05\/16_STONES-AVANIM-66x66.jpg 66w, https:\/\/www.teatrostabiletorino.it\/wp-content\/uploads\/2015\/05\/16_STONES-AVANIM-150x150.jpg 150w\" data-sizes=\"auto\" \/><\/a>\n\t\t\t<\/dt>\n\t\t\t\t<dd class='wp-caption-text gallery-caption' id='gallery-1-27550'>\n\t\t\t\tSTONES (AVANIM)\n\t\t\t\t<\/dd><\/dl><dl class='gallery-item'>\n\t\t\t<dt class='gallery-icon portrait'>\n\t\t\t\t<a data-rel=\"iLightbox[postimages]\" data-title=\"17_PREAMLETO_Veronica Cruciani\" data-caption=\"PREAMLETO_Veronica Cruciani\" href='https:\/\/www.teatrostabiletorino.it\/wp-content\/uploads\/2015\/05\/17_PREAMLETO_Veronica-Cruciani.jpg'><img decoding=\"async\" width=\"150\" height=\"150\" src=\"https:\/\/www.teatrostabiletorino.it\/wp-content\/uploads\/2015\/05\/17_PREAMLETO_Veronica-Cruciani-150x150.jpg\" class=\"attachment-thumbnail size-thumbnail lazyload\" alt=\"\" aria-describedby=\"gallery-1-27551\" srcset=\"data:image\/svg+xml,%3Csvg%20xmlns%3D%27http%3A%2F%2Fwww.w3.org%2F2000%2Fsvg%27%20width%3D%27465%27%20height%3D%27700%27%20viewBox%3D%270%200%20465%20700%27%3E%3Crect%20width%3D%27465%27%20height%3D%27700%27%20fill-opacity%3D%220%22%2F%3E%3C%2Fsvg%3E\" data-orig-src=\"https:\/\/www.teatrostabiletorino.it\/wp-content\/uploads\/2015\/05\/17_PREAMLETO_Veronica-Cruciani-150x150.jpg\" data-srcset=\"https:\/\/www.teatrostabiletorino.it\/wp-content\/uploads\/2015\/05\/17_PREAMLETO_Veronica-Cruciani-66x66.jpg 66w, https:\/\/www.teatrostabiletorino.it\/wp-content\/uploads\/2015\/05\/17_PREAMLETO_Veronica-Cruciani-150x150.jpg 150w\" data-sizes=\"auto\" \/><\/a>\n\t\t\t<\/dt>\n\t\t\t\t<dd class='wp-caption-text gallery-caption' id='gallery-1-27551'>\n\t\t\t\tPREAMLETO_Veronica Cruciani\n\t\t\t\t<\/dd><\/dl><dl class='gallery-item'>\n\t\t\t<dt class='gallery-icon portrait'>\n\t\t\t\t<a data-rel=\"iLightbox[postimages]\" data-title=\"18_IL BERRETTO A SONAGLI_Valter Malosti_ph Tommaso Le Pera\" data-caption=\"IL BERRETTO A SONAGLI_Valter Malosti_ph Tommaso Le Pera\" href='https:\/\/www.teatrostabiletorino.it\/wp-content\/uploads\/2015\/05\/18_IL-BERRETTO-A-SONAGLI_Valter-Malosti_ph-Tommaso-Le-Pera.jpg'><img decoding=\"async\" width=\"150\" height=\"150\" src=\"https:\/\/www.teatrostabiletorino.it\/wp-content\/uploads\/2015\/05\/18_IL-BERRETTO-A-SONAGLI_Valter-Malosti_ph-Tommaso-Le-Pera-150x150.jpg\" class=\"attachment-thumbnail size-thumbnail lazyload\" alt=\"\" aria-describedby=\"gallery-1-27552\" srcset=\"data:image\/svg+xml,%3Csvg%20xmlns%3D%27http%3A%2F%2Fwww.w3.org%2F2000%2Fsvg%27%20width%3D%271257%27%20height%3D%271890%27%20viewBox%3D%270%200%201257%201890%27%3E%3Crect%20width%3D%271257%27%20height%3D%271890%27%20fill-opacity%3D%220%22%2F%3E%3C%2Fsvg%3E\" data-orig-src=\"https:\/\/www.teatrostabiletorino.it\/wp-content\/uploads\/2015\/05\/18_IL-BERRETTO-A-SONAGLI_Valter-Malosti_ph-Tommaso-Le-Pera-150x150.jpg\" data-srcset=\"https:\/\/www.teatrostabiletorino.it\/wp-content\/uploads\/2015\/05\/18_IL-BERRETTO-A-SONAGLI_Valter-Malosti_ph-Tommaso-Le-Pera-66x66.jpg 66w, https:\/\/www.teatrostabiletorino.it\/wp-content\/uploads\/2015\/05\/18_IL-BERRETTO-A-SONAGLI_Valter-Malosti_ph-Tommaso-Le-Pera-150x150.jpg 150w\" data-sizes=\"auto\" \/><\/a>\n\t\t\t<\/dt>\n\t\t\t\t<dd class='wp-caption-text gallery-caption' id='gallery-1-27552'>\n\t\t\t\tIL BERRETTO A SONAGLI_Valter Malosti_ph Tommaso Le Pera\n\t\t\t\t<\/dd><\/dl><dl class='gallery-item'>\n\t\t\t<dt class='gallery-icon landscape'>\n\t\t\t\t<a data-rel=\"iLightbox[postimages]\" data-title=\"19_IL RITONO DI CASANOVA_Sandro Lombardi_ph Luca Manfrini\" data-caption=\"IL RITONO DI CASANOVA_Sandro Lombardi_ph Luca Manfrini\" href='https:\/\/www.teatrostabiletorino.it\/wp-content\/uploads\/2015\/05\/19_IL-RITONO-DI-CASANOVA_Sandro-Lombardi_ph-Luca-Manfrini.jpg'><img decoding=\"async\" width=\"150\" height=\"150\" src=\"https:\/\/www.teatrostabiletorino.it\/wp-content\/uploads\/2015\/05\/19_IL-RITONO-DI-CASANOVA_Sandro-Lombardi_ph-Luca-Manfrini-150x150.jpg\" class=\"attachment-thumbnail size-thumbnail lazyload\" alt=\"\" aria-describedby=\"gallery-1-27553\" srcset=\"data:image\/svg+xml,%3Csvg%20xmlns%3D%27http%3A%2F%2Fwww.w3.org%2F2000%2Fsvg%27%20width%3D%272126%27%20height%3D%271417%27%20viewBox%3D%270%200%202126%201417%27%3E%3Crect%20width%3D%272126%27%20height%3D%271417%27%20fill-opacity%3D%220%22%2F%3E%3C%2Fsvg%3E\" data-orig-src=\"https:\/\/www.teatrostabiletorino.it\/wp-content\/uploads\/2015\/05\/19_IL-RITONO-DI-CASANOVA_Sandro-Lombardi_ph-Luca-Manfrini-150x150.jpg\" data-srcset=\"https:\/\/www.teatrostabiletorino.it\/wp-content\/uploads\/2015\/05\/19_IL-RITONO-DI-CASANOVA_Sandro-Lombardi_ph-Luca-Manfrini-66x66.jpg 66w, https:\/\/www.teatrostabiletorino.it\/wp-content\/uploads\/2015\/05\/19_IL-RITONO-DI-CASANOVA_Sandro-Lombardi_ph-Luca-Manfrini-150x150.jpg 150w\" data-sizes=\"auto\" \/><\/a>\n\t\t\t<\/dt>\n\t\t\t\t<dd class='wp-caption-text gallery-caption' id='gallery-1-27553'>\n\t\t\t\tIL RITONO DI CASANOVA_Sandro Lombardi_ph Luca Manfrini\n\t\t\t\t<\/dd><\/dl><br style=\"clear: both\" \/><dl class='gallery-item'>\n\t\t\t<dt class='gallery-icon landscape'>\n\t\t\t\t<a data-rel=\"iLightbox[postimages]\" data-title=\"20_SHAKESPEARE VS SHAKESPEARE_foto Adele Price\" data-caption=\"SHAKESPEARE VS SHAKESPEARE_foto Adele Price\" href='https:\/\/www.teatrostabiletorino.it\/wp-content\/uploads\/2015\/05\/20_SHAKESPEARE-VS-SHAKESPEARE_foto-Adele-Price.jpg'><img decoding=\"async\" width=\"150\" height=\"150\" src=\"https:\/\/www.teatrostabiletorino.it\/wp-content\/uploads\/2015\/05\/20_SHAKESPEARE-VS-SHAKESPEARE_foto-Adele-Price-150x150.jpg\" class=\"attachment-thumbnail size-thumbnail lazyload\" alt=\"\" aria-describedby=\"gallery-1-27554\" srcset=\"data:image\/svg+xml,%3Csvg%20xmlns%3D%27http%3A%2F%2Fwww.w3.org%2F2000%2Fsvg%27%20width%3D%272362%27%20height%3D%271772%27%20viewBox%3D%270%200%202362%201772%27%3E%3Crect%20width%3D%272362%27%20height%3D%271772%27%20fill-opacity%3D%220%22%2F%3E%3C%2Fsvg%3E\" data-orig-src=\"https:\/\/www.teatrostabiletorino.it\/wp-content\/uploads\/2015\/05\/20_SHAKESPEARE-VS-SHAKESPEARE_foto-Adele-Price-150x150.jpg\" data-srcset=\"https:\/\/www.teatrostabiletorino.it\/wp-content\/uploads\/2015\/05\/20_SHAKESPEARE-VS-SHAKESPEARE_foto-Adele-Price-66x66.jpg 66w, https:\/\/www.teatrostabiletorino.it\/wp-content\/uploads\/2015\/05\/20_SHAKESPEARE-VS-SHAKESPEARE_foto-Adele-Price-150x150.jpg 150w\" data-sizes=\"auto\" \/><\/a>\n\t\t\t<\/dt>\n\t\t\t\t<dd class='wp-caption-text gallery-caption' id='gallery-1-27554'>\n\t\t\t\tSHAKESPEARE VS SHAKESPEARE_foto Adele Price\n\t\t\t\t<\/dd><\/dl><dl class='gallery-item'>\n\t\t\t<dt class='gallery-icon landscape'>\n\t\t\t\t<a data-rel=\"iLightbox[postimages]\" data-title=\"21_SVENIMENTI_Le belle bandierine_ph Luigi Angelucci\" data-caption=\"SVENIMENTI - LE BELLE BANDIERE - PH\u00a9 LUIGI ANGELUCCI\" href='https:\/\/www.teatrostabiletorino.it\/wp-content\/uploads\/2015\/05\/21_SVENIMENTI_Le-belle-bandierine_ph-Luigi-Angelucci.jpg'><img decoding=\"async\" width=\"150\" height=\"150\" src=\"https:\/\/www.teatrostabiletorino.it\/wp-content\/uploads\/2015\/05\/21_SVENIMENTI_Le-belle-bandierine_ph-Luigi-Angelucci-150x150.jpg\" class=\"attachment-thumbnail size-thumbnail lazyload\" alt=\"\" aria-describedby=\"gallery-1-27555\" srcset=\"data:image\/svg+xml,%3Csvg%20xmlns%3D%27http%3A%2F%2Fwww.w3.org%2F2000%2Fsvg%27%20width%3D%271600%27%20height%3D%27838%27%20viewBox%3D%270%200%201600%20838%27%3E%3Crect%20width%3D%271600%27%20height%3D%27838%27%20fill-opacity%3D%220%22%2F%3E%3C%2Fsvg%3E\" data-orig-src=\"https:\/\/www.teatrostabiletorino.it\/wp-content\/uploads\/2015\/05\/21_SVENIMENTI_Le-belle-bandierine_ph-Luigi-Angelucci-150x150.jpg\" data-srcset=\"https:\/\/www.teatrostabiletorino.it\/wp-content\/uploads\/2015\/05\/21_SVENIMENTI_Le-belle-bandierine_ph-Luigi-Angelucci-66x66.jpg 66w, https:\/\/www.teatrostabiletorino.it\/wp-content\/uploads\/2015\/05\/21_SVENIMENTI_Le-belle-bandierine_ph-Luigi-Angelucci-150x150.jpg 150w\" data-sizes=\"auto\" \/><\/a>\n\t\t\t<\/dt>\n\t\t\t\t<dd class='wp-caption-text gallery-caption' id='gallery-1-27555'>\n\t\t\t\tSVENIMENTI &#8211; LE BELLE BANDIERE &#8211; PH\u00a9 LUIGI ANGELUCCI\n\t\t\t\t<\/dd><\/dl><dl class='gallery-item'>\n\t\t\t<dt class='gallery-icon landscape'>\n\t\t\t\t<a data-rel=\"iLightbox[postimages]\" data-title=\"22_EURIDICE E ORFEO_Michele_Riondino\u00a9Fabio Lovino\" data-caption=\"EURIDICE E ORFEO_Michele_Riondino_ph Fabio Lovino\" href='https:\/\/www.teatrostabiletorino.it\/wp-content\/uploads\/2015\/05\/22_EURIDICE-E-ORFEO_Michele_Riondino\u00a9Fabio-Lovino.jpg'><img decoding=\"async\" width=\"150\" height=\"150\" src=\"https:\/\/www.teatrostabiletorino.it\/wp-content\/uploads\/2015\/05\/22_EURIDICE-E-ORFEO_Michele_Riondino\u00a9Fabio-Lovino-150x150.jpg\" class=\"attachment-thumbnail size-thumbnail lazyload\" alt=\"\" aria-describedby=\"gallery-1-27556\" srcset=\"data:image\/svg+xml,%3Csvg%20xmlns%3D%27http%3A%2F%2Fwww.w3.org%2F2000%2Fsvg%27%20width%3D%272126%27%20height%3D%271417%27%20viewBox%3D%270%200%202126%201417%27%3E%3Crect%20width%3D%272126%27%20height%3D%271417%27%20fill-opacity%3D%220%22%2F%3E%3C%2Fsvg%3E\" data-orig-src=\"https:\/\/www.teatrostabiletorino.it\/wp-content\/uploads\/2015\/05\/22_EURIDICE-E-ORFEO_Michele_Riondino\u00a9Fabio-Lovino-150x150.jpg\" data-srcset=\"https:\/\/www.teatrostabiletorino.it\/wp-content\/uploads\/2015\/05\/22_EURIDICE-E-ORFEO_Michele_Riondino\u00a9Fabio-Lovino-66x66.jpg 66w, https:\/\/www.teatrostabiletorino.it\/wp-content\/uploads\/2015\/05\/22_EURIDICE-E-ORFEO_Michele_Riondino\u00a9Fabio-Lovino-150x150.jpg 150w\" data-sizes=\"auto\" \/><\/a>\n\t\t\t<\/dt>\n\t\t\t\t<dd class='wp-caption-text gallery-caption' id='gallery-1-27556'>\n\t\t\t\tEURIDICE E ORFEO_Michele_Riondino_ph Fabio Lovino\n\t\t\t\t<\/dd><\/dl><dl class='gallery-item'>\n\t\t\t<dt class='gallery-icon landscape'>\n\t\t\t\t<a data-rel=\"iLightbox[postimages]\" data-title=\"\u00a9 TUTTI I DIRITTI RISERVATI \u00a9\" data-caption=\"I VICINI_Fausto Paravidino\" href='https:\/\/www.teatrostabiletorino.it\/wp-content\/uploads\/2015\/05\/23_I-VICINI.jpg'><img decoding=\"async\" width=\"150\" height=\"150\" src=\"https:\/\/www.teatrostabiletorino.it\/wp-content\/uploads\/2015\/05\/23_I-VICINI-150x150.jpg\" class=\"attachment-thumbnail size-thumbnail lazyload\" alt=\"\" aria-describedby=\"gallery-1-27557\" srcset=\"data:image\/svg+xml,%3Csvg%20xmlns%3D%27http%3A%2F%2Fwww.w3.org%2F2000%2Fsvg%27%20width%3D%271276%27%20height%3D%27851%27%20viewBox%3D%270%200%201276%20851%27%3E%3Crect%20width%3D%271276%27%20height%3D%27851%27%20fill-opacity%3D%220%22%2F%3E%3C%2Fsvg%3E\" data-orig-src=\"https:\/\/www.teatrostabiletorino.it\/wp-content\/uploads\/2015\/05\/23_I-VICINI-150x150.jpg\" data-srcset=\"https:\/\/www.teatrostabiletorino.it\/wp-content\/uploads\/2015\/05\/23_I-VICINI-66x66.jpg 66w, https:\/\/www.teatrostabiletorino.it\/wp-content\/uploads\/2015\/05\/23_I-VICINI-150x150.jpg 150w\" data-sizes=\"auto\" \/><\/a>\n\t\t\t<\/dt>\n\t\t\t\t<dd class='wp-caption-text gallery-caption' id='gallery-1-27557'>\n\t\t\t\tI VICINI_Fausto Paravidino\n\t\t\t\t<\/dd><\/dl><dl class='gallery-item'>\n\t\t\t<dt class='gallery-icon landscape'>\n\t\t\t\t<a data-rel=\"iLightbox[postimages]\" data-title=\"Salvo Piparo\" data-caption=\"BUTTANISSIMA SICILIA\" href='https:\/\/www.teatrostabiletorino.it\/wp-content\/uploads\/2015\/05\/24_BUTTANISSIMA-SICILIA.jpg'><img decoding=\"async\" width=\"150\" height=\"150\" src=\"https:\/\/www.teatrostabiletorino.it\/wp-content\/uploads\/2015\/05\/24_BUTTANISSIMA-SICILIA-150x150.jpg\" class=\"attachment-thumbnail size-thumbnail lazyload\" alt=\"\" aria-describedby=\"gallery-1-27558\" srcset=\"data:image\/svg+xml,%3Csvg%20xmlns%3D%27http%3A%2F%2Fwww.w3.org%2F2000%2Fsvg%27%20width%3D%272480%27%20height%3D%271654%27%20viewBox%3D%270%200%202480%201654%27%3E%3Crect%20width%3D%272480%27%20height%3D%271654%27%20fill-opacity%3D%220%22%2F%3E%3C%2Fsvg%3E\" data-orig-src=\"https:\/\/www.teatrostabiletorino.it\/wp-content\/uploads\/2015\/05\/24_BUTTANISSIMA-SICILIA-150x150.jpg\" data-srcset=\"https:\/\/www.teatrostabiletorino.it\/wp-content\/uploads\/2015\/05\/24_BUTTANISSIMA-SICILIA-66x66.jpg 66w, https:\/\/www.teatrostabiletorino.it\/wp-content\/uploads\/2015\/05\/24_BUTTANISSIMA-SICILIA-150x150.jpg 150w\" data-sizes=\"auto\" \/><\/a>\n\t\t\t<\/dt>\n\t\t\t\t<dd class='wp-caption-text gallery-caption' id='gallery-1-27558'>\n\t\t\t\tBUTTANISSIMA SICILIA\n\t\t\t\t<\/dd><\/dl><br style=\"clear: both\" \/><dl class='gallery-item'>\n\t\t\t<dt class='gallery-icon landscape'>\n\t\t\t\t<a data-rel=\"iLightbox[postimages]\" data-title=\"25_ BERSAGLIO SU MOLLY BLOOM_ph Daniela Dal Cin\" data-caption=\"BERSAGLIO SU MOLLY BLOOM_ph Daniela Dal Cin\" href='https:\/\/www.teatrostabiletorino.it\/wp-content\/uploads\/2015\/05\/25_-BERSAGLIO-SU-MOLLY-BLOOM_ph-Daniela-Dal-Cin.jpg'><img decoding=\"async\" width=\"150\" height=\"150\" src=\"https:\/\/www.teatrostabiletorino.it\/wp-content\/uploads\/2015\/05\/25_-BERSAGLIO-SU-MOLLY-BLOOM_ph-Daniela-Dal-Cin-150x150.jpg\" class=\"attachment-thumbnail size-thumbnail lazyload\" alt=\"\" aria-describedby=\"gallery-1-27559\" srcset=\"data:image\/svg+xml,%3Csvg%20xmlns%3D%27http%3A%2F%2Fwww.w3.org%2F2000%2Fsvg%27%20width%3D%272126%27%20height%3D%271297%27%20viewBox%3D%270%200%202126%201297%27%3E%3Crect%20width%3D%272126%27%20height%3D%271297%27%20fill-opacity%3D%220%22%2F%3E%3C%2Fsvg%3E\" data-orig-src=\"https:\/\/www.teatrostabiletorino.it\/wp-content\/uploads\/2015\/05\/25_-BERSAGLIO-SU-MOLLY-BLOOM_ph-Daniela-Dal-Cin-150x150.jpg\" data-srcset=\"https:\/\/www.teatrostabiletorino.it\/wp-content\/uploads\/2015\/05\/25_-BERSAGLIO-SU-MOLLY-BLOOM_ph-Daniela-Dal-Cin-66x66.jpg 66w, https:\/\/www.teatrostabiletorino.it\/wp-content\/uploads\/2015\/05\/25_-BERSAGLIO-SU-MOLLY-BLOOM_ph-Daniela-Dal-Cin-150x150.jpg 150w\" data-sizes=\"auto\" \/><\/a>\n\t\t\t<\/dt>\n\t\t\t\t<dd class='wp-caption-text gallery-caption' id='gallery-1-27559'>\n\t\t\t\tBERSAGLIO SU MOLLY BLOOM_ph Daniela Dal Cin\n\t\t\t\t<\/dd><\/dl><dl class='gallery-item'>\n\t\t\t<dt class='gallery-icon portrait'>\n\t\t\t\t<a data-rel=\"iLightbox[postimages]\" data-title=\"26_NOTTURNO DI DONNA CON OSPITI_Giuliana De Sio\" data-caption=\"NOTTURNO DI DONNA CON OSPITI_Giuliana De Sio\" href='https:\/\/www.teatrostabiletorino.it\/wp-content\/uploads\/2015\/05\/26_NOTTURNO-DI-DONNA-CON-OSPITI_Giuliana-De-Sio.jpg'><img decoding=\"async\" width=\"150\" height=\"150\" src=\"https:\/\/www.teatrostabiletorino.it\/wp-content\/uploads\/2015\/05\/26_NOTTURNO-DI-DONNA-CON-OSPITI_Giuliana-De-Sio-150x150.jpg\" class=\"attachment-thumbnail size-thumbnail lazyload\" alt=\"\" aria-describedby=\"gallery-1-27560\" srcset=\"data:image\/svg+xml,%3Csvg%20xmlns%3D%27http%3A%2F%2Fwww.w3.org%2F2000%2Fsvg%27%20width%3D%271559%27%20height%3D%272362%27%20viewBox%3D%270%200%201559%202362%27%3E%3Crect%20width%3D%271559%27%20height%3D%272362%27%20fill-opacity%3D%220%22%2F%3E%3C%2Fsvg%3E\" data-orig-src=\"https:\/\/www.teatrostabiletorino.it\/wp-content\/uploads\/2015\/05\/26_NOTTURNO-DI-DONNA-CON-OSPITI_Giuliana-De-Sio-150x150.jpg\" data-srcset=\"https:\/\/www.teatrostabiletorino.it\/wp-content\/uploads\/2015\/05\/26_NOTTURNO-DI-DONNA-CON-OSPITI_Giuliana-De-Sio-66x66.jpg 66w, https:\/\/www.teatrostabiletorino.it\/wp-content\/uploads\/2015\/05\/26_NOTTURNO-DI-DONNA-CON-OSPITI_Giuliana-De-Sio-150x150.jpg 150w\" data-sizes=\"auto\" \/><\/a>\n\t\t\t<\/dt>\n\t\t\t\t<dd class='wp-caption-text gallery-caption' id='gallery-1-27560'>\n\t\t\t\tNOTTURNO DI DONNA CON OSPITI_Giuliana De Sio\n\t\t\t\t<\/dd><\/dl><dl class='gallery-item'>\n\t\t\t<dt class='gallery-icon landscape'>\n\t\t\t\t<a data-rel=\"iLightbox[postimages]\" data-title=\"27_LE OLIMPIADI DEL 1936_Federico Buffa Laila Pozzo\" data-caption=\"LE OLIMPIADI DEL 1936_Federico Buffa Laila Pozzo\" href='https:\/\/www.teatrostabiletorino.it\/wp-content\/uploads\/2015\/05\/27_LE-OLIMPIADI-DEL-1936_Federico-Buffa-Laila-Pozzo.jpg'><img decoding=\"async\" width=\"150\" height=\"150\" src=\"https:\/\/www.teatrostabiletorino.it\/wp-content\/uploads\/2015\/05\/27_LE-OLIMPIADI-DEL-1936_Federico-Buffa-Laila-Pozzo-150x150.jpg\" class=\"attachment-thumbnail size-thumbnail lazyload\" alt=\"\" aria-describedby=\"gallery-1-27561\" srcset=\"data:image\/svg+xml,%3Csvg%20xmlns%3D%27http%3A%2F%2Fwww.w3.org%2F2000%2Fsvg%27%20width%3D%272126%27%20height%3D%271417%27%20viewBox%3D%270%200%202126%201417%27%3E%3Crect%20width%3D%272126%27%20height%3D%271417%27%20fill-opacity%3D%220%22%2F%3E%3C%2Fsvg%3E\" data-orig-src=\"https:\/\/www.teatrostabiletorino.it\/wp-content\/uploads\/2015\/05\/27_LE-OLIMPIADI-DEL-1936_Federico-Buffa-Laila-Pozzo-150x150.jpg\" data-srcset=\"https:\/\/www.teatrostabiletorino.it\/wp-content\/uploads\/2015\/05\/27_LE-OLIMPIADI-DEL-1936_Federico-Buffa-Laila-Pozzo-66x66.jpg 66w, https:\/\/www.teatrostabiletorino.it\/wp-content\/uploads\/2015\/05\/27_LE-OLIMPIADI-DEL-1936_Federico-Buffa-Laila-Pozzo-150x150.jpg 150w\" data-sizes=\"auto\" \/><\/a>\n\t\t\t<\/dt>\n\t\t\t\t<dd class='wp-caption-text gallery-caption' id='gallery-1-27561'>\n\t\t\t\tLE OLIMPIADI DEL 1936_Federico Buffa Laila Pozzo\n\t\t\t\t<\/dd><\/dl><dl class='gallery-item'>\n\t\t\t<dt class='gallery-icon landscape'>\n\t\t\t\t<a data-rel=\"iLightbox[postimages]\" data-title=\"28_LA CATIVISSIMA_Natalino Balasso\" data-caption=\"LA CATIVISSIMA_Natalino Balasso\" href='https:\/\/www.teatrostabiletorino.it\/wp-content\/uploads\/2015\/05\/28_LA-CATIVISSIMA_Natalino-Balasso.jpg'><img decoding=\"async\" width=\"150\" height=\"150\" src=\"https:\/\/www.teatrostabiletorino.it\/wp-content\/uploads\/2015\/05\/28_LA-CATIVISSIMA_Natalino-Balasso-150x150.jpg\" class=\"attachment-thumbnail size-thumbnail lazyload\" alt=\"\" aria-describedby=\"gallery-1-27562\" srcset=\"data:image\/svg+xml,%3Csvg%20xmlns%3D%27http%3A%2F%2Fwww.w3.org%2F2000%2Fsvg%27%20width%3D%272126%27%20height%3D%271196%27%20viewBox%3D%270%200%202126%201196%27%3E%3Crect%20width%3D%272126%27%20height%3D%271196%27%20fill-opacity%3D%220%22%2F%3E%3C%2Fsvg%3E\" data-orig-src=\"https:\/\/www.teatrostabiletorino.it\/wp-content\/uploads\/2015\/05\/28_LA-CATIVISSIMA_Natalino-Balasso-150x150.jpg\" data-srcset=\"https:\/\/www.teatrostabiletorino.it\/wp-content\/uploads\/2015\/05\/28_LA-CATIVISSIMA_Natalino-Balasso-66x66.jpg 66w, https:\/\/www.teatrostabiletorino.it\/wp-content\/uploads\/2015\/05\/28_LA-CATIVISSIMA_Natalino-Balasso-150x150.jpg 150w\" data-sizes=\"auto\" \/><\/a>\n\t\t\t<\/dt>\n\t\t\t\t<dd class='wp-caption-text gallery-caption' id='gallery-1-27562'>\n\t\t\t\tLA CATIVISSIMA_Natalino Balasso\n\t\t\t\t<\/dd><\/dl><dl class='gallery-item'>\n\t\t\t<dt class='gallery-icon landscape'>\n\t\t\t\t<a data-rel=\"iLightbox[postimages]\" data-title=\"Salzburger Festspiele 2014- Golem -Landestheater Salzburg\" data-caption=\"GOLEM\n\" href='https:\/\/www.teatrostabiletorino.it\/wp-content\/uploads\/2015\/05\/29_GOLEM.jpg'><img decoding=\"async\" width=\"150\" height=\"150\" src=\"https:\/\/www.teatrostabiletorino.it\/wp-content\/uploads\/2015\/05\/29_GOLEM-150x150.jpg\" class=\"attachment-thumbnail size-thumbnail lazyload\" alt=\"\" aria-describedby=\"gallery-1-27563\" srcset=\"data:image\/svg+xml,%3Csvg%20xmlns%3D%27http%3A%2F%2Fwww.w3.org%2F2000%2Fsvg%27%20width%3D%271890%27%20height%3D%271258%27%20viewBox%3D%270%200%201890%201258%27%3E%3Crect%20width%3D%271890%27%20height%3D%271258%27%20fill-opacity%3D%220%22%2F%3E%3C%2Fsvg%3E\" data-orig-src=\"https:\/\/www.teatrostabiletorino.it\/wp-content\/uploads\/2015\/05\/29_GOLEM-150x150.jpg\" data-srcset=\"https:\/\/www.teatrostabiletorino.it\/wp-content\/uploads\/2015\/05\/29_GOLEM-66x66.jpg 66w, https:\/\/www.teatrostabiletorino.it\/wp-content\/uploads\/2015\/05\/29_GOLEM-150x150.jpg 150w\" data-sizes=\"auto\" \/><\/a>\n\t\t\t<\/dt>\n\t\t\t\t<dd class='wp-caption-text gallery-caption' id='gallery-1-27563'>\n\t\t\t\tGOLEM\n\n\t\t\t\t<\/dd><\/dl><br style=\"clear: both\" \/>\n\t\t<\/div>\n\n\n\t\t<style type=\"text\/css\">\n\t\t\t#gallery-2 {\n\t\t\t\tmargin: auto;\n\t\t\t}\n\t\t\t#gallery-2 .gallery-item {\n\t\t\t\tfloat: left;\n\t\t\t\tmargin-top: 10px;\n\t\t\t\ttext-align: center;\n\t\t\t\twidth: 20%;\n\t\t\t}\n\t\t\t#gallery-2 img {\n\t\t\t\tborder: 2px solid #cfcfcf;\n\t\t\t}\n\t\t\t#gallery-2 .gallery-caption {\n\t\t\t\tmargin-left: 0;\n\t\t\t}\n\t\t\t\/* see gallery_shortcode() in wp-includes\/media.php *\/\n\t\t<\/style>\n\t\t<div id='gallery-2' class='gallery galleryid-27495 gallery-columns-5 gallery-size-thumbnail'><dl class='gallery-item'>\n\t\t\t<dt class='gallery-icon portrait'>\n\t\t\t\t<a data-rel=\"iLightbox[postimages]\" data-title=\"01\" data-caption=\"La Moscheta, di Angelo Beolco detto Ruzante, regia di Gianfranco De Bosio, Torino, Teatro Gobetti, 25 ottobre 1960.\nEdda Albertini (Bet\u00eca), Franco Parenti (Ruzante).\nFoto Erminio Trevisio\n\" href='https:\/\/www.teatrostabiletorino.it\/wp-content\/uploads\/2015\/05\/01.jpg'><img decoding=\"async\" width=\"150\" height=\"150\" src=\"https:\/\/www.teatrostabiletorino.it\/wp-content\/uploads\/2015\/05\/01-150x150.jpg\" class=\"attachment-thumbnail size-thumbnail lazyload\" alt=\"\" aria-describedby=\"gallery-2-27565\" srcset=\"data:image\/svg+xml,%3Csvg%20xmlns%3D%27http%3A%2F%2Fwww.w3.org%2F2000%2Fsvg%27%20width%3D%271564%27%20height%3D%272126%27%20viewBox%3D%270%200%201564%202126%27%3E%3Crect%20width%3D%271564%27%20height%3D%272126%27%20fill-opacity%3D%220%22%2F%3E%3C%2Fsvg%3E\" data-orig-src=\"https:\/\/www.teatrostabiletorino.it\/wp-content\/uploads\/2015\/05\/01-150x150.jpg\" data-srcset=\"https:\/\/www.teatrostabiletorino.it\/wp-content\/uploads\/2015\/05\/01-66x66.jpg 66w, https:\/\/www.teatrostabiletorino.it\/wp-content\/uploads\/2015\/05\/01-150x150.jpg 150w\" data-sizes=\"auto\" \/><\/a>\n\t\t\t<\/dt>\n\t\t\t\t<dd class='wp-caption-text gallery-caption' id='gallery-2-27565'>\n\t\t\t\tLa Moscheta, di Angelo Beolco detto Ruzante, regia di Gianfranco De Bosio, Torino, Teatro Gobetti, 25 ottobre 1960.\nEdda Albertini (Bet\u00eca), Franco Parenti (Ruzante).\nFoto Erminio Trevisio\n\n\t\t\t\t<\/dd><\/dl><dl class='gallery-item'>\n\t\t\t<dt class='gallery-icon landscape'>\n\t\t\t\t<a data-rel=\"iLightbox[postimages]\" data-title=\"02\" data-caption=\"Giorni felici, di Samuel Beckett, regia di Roger Blin, Torino, Teatro Gobetti, 2 Aprile 1965\r\nLaura Adani (Winnie).\r\nFoto Fotopress.\r\n\" href='https:\/\/www.teatrostabiletorino.it\/wp-content\/uploads\/2015\/05\/02.jpg'><img decoding=\"async\" width=\"150\" height=\"150\" src=\"https:\/\/www.teatrostabiletorino.it\/wp-content\/uploads\/2015\/05\/02-150x150.jpg\" class=\"attachment-thumbnail size-thumbnail lazyload\" alt=\"\" aria-describedby=\"gallery-2-27566\" srcset=\"data:image\/svg+xml,%3Csvg%20xmlns%3D%27http%3A%2F%2Fwww.w3.org%2F2000%2Fsvg%27%20width%3D%272121%27%20height%3D%271531%27%20viewBox%3D%270%200%202121%201531%27%3E%3Crect%20width%3D%272121%27%20height%3D%271531%27%20fill-opacity%3D%220%22%2F%3E%3C%2Fsvg%3E\" data-orig-src=\"https:\/\/www.teatrostabiletorino.it\/wp-content\/uploads\/2015\/05\/02-150x150.jpg\" data-srcset=\"https:\/\/www.teatrostabiletorino.it\/wp-content\/uploads\/2015\/05\/02-66x66.jpg 66w, https:\/\/www.teatrostabiletorino.it\/wp-content\/uploads\/2015\/05\/02-150x150.jpg 150w\" data-sizes=\"auto\" \/><\/a>\n\t\t\t<\/dt>\n\t\t\t\t<dd class='wp-caption-text gallery-caption' id='gallery-2-27566'>\n\t\t\t\tGiorni felici, di Samuel Beckett, regia di Roger Blin, Torino, Teatro Gobetti, 2 Aprile 1965\r\nLaura Adani (Winnie).\r\nFoto Fotopress.\r\n\n\t\t\t\t<\/dd><\/dl><dl class='gallery-item'>\n\t\t\t<dt class='gallery-icon portrait'>\n\t\t\t\t<a data-rel=\"iLightbox[postimages]\" data-title=\"03\" data-caption=\"La locandiera, di Carlo Goldoni, regia di Franco Enriquez, scene e costumi di Emanuele Luzzati, Torino, Teatro Carignano, 8 ottobre 1965\r\nValeria Moriconi (Mirandolina)\r\nFoto Ferruzzi (Venezia)\r\n\" href='https:\/\/www.teatrostabiletorino.it\/wp-content\/uploads\/2015\/05\/03.jpg'><img decoding=\"async\" width=\"150\" height=\"150\" src=\"https:\/\/www.teatrostabiletorino.it\/wp-content\/uploads\/2015\/05\/03-150x150.jpg\" class=\"attachment-thumbnail size-thumbnail lazyload\" alt=\"\" aria-describedby=\"gallery-2-27567\" srcset=\"data:image\/svg+xml,%3Csvg%20xmlns%3D%27http%3A%2F%2Fwww.w3.org%2F2000%2Fsvg%27%20width%3D%271437%27%20height%3D%271890%27%20viewBox%3D%270%200%201437%201890%27%3E%3Crect%20width%3D%271437%27%20height%3D%271890%27%20fill-opacity%3D%220%22%2F%3E%3C%2Fsvg%3E\" data-orig-src=\"https:\/\/www.teatrostabiletorino.it\/wp-content\/uploads\/2015\/05\/03-150x150.jpg\" data-srcset=\"https:\/\/www.teatrostabiletorino.it\/wp-content\/uploads\/2015\/05\/03-66x66.jpg 66w, https:\/\/www.teatrostabiletorino.it\/wp-content\/uploads\/2015\/05\/03-150x150.jpg 150w\" data-sizes=\"auto\" \/><\/a>\n\t\t\t<\/dt>\n\t\t\t\t<dd class='wp-caption-text gallery-caption' id='gallery-2-27567'>\n\t\t\t\tLa locandiera, di Carlo Goldoni, regia di Franco Enriquez, scene e costumi di Emanuele Luzzati, Torino, Teatro Carignano, 8 ottobre 1965\r\nValeria Moriconi (Mirandolina)\r\nFoto Ferruzzi (Venezia)\r\n\n\t\t\t\t<\/dd><\/dl><dl class='gallery-item'>\n\t\t\t<dt class='gallery-icon landscape'>\n\t\t\t\t<a data-rel=\"iLightbox[postimages]\" data-title=\"04\" data-caption=\"Se questo \u00e8 un uomo, versione drammatica di Primo Levi e Pieralberto March\u00e9, Torino, Teatro Carignano, 18 Novembre 1966.\r\nFoto Stoecklin\r\n\" href='https:\/\/www.teatrostabiletorino.it\/wp-content\/uploads\/2015\/05\/04.jpg'><img decoding=\"async\" width=\"150\" height=\"150\" src=\"https:\/\/www.teatrostabiletorino.it\/wp-content\/uploads\/2015\/05\/04-150x150.jpg\" class=\"attachment-thumbnail size-thumbnail lazyload\" alt=\"\" aria-describedby=\"gallery-2-27568\" srcset=\"data:image\/svg+xml,%3Csvg%20xmlns%3D%27http%3A%2F%2Fwww.w3.org%2F2000%2Fsvg%27%20width%3D%272595%27%20height%3D%271890%27%20viewBox%3D%270%200%202595%201890%27%3E%3Crect%20width%3D%272595%27%20height%3D%271890%27%20fill-opacity%3D%220%22%2F%3E%3C%2Fsvg%3E\" data-orig-src=\"https:\/\/www.teatrostabiletorino.it\/wp-content\/uploads\/2015\/05\/04-150x150.jpg\" data-srcset=\"https:\/\/www.teatrostabiletorino.it\/wp-content\/uploads\/2015\/05\/04-66x66.jpg 66w, https:\/\/www.teatrostabiletorino.it\/wp-content\/uploads\/2015\/05\/04-150x150.jpg 150w\" data-sizes=\"auto\" \/><\/a>\n\t\t\t<\/dt>\n\t\t\t\t<dd class='wp-caption-text gallery-caption' id='gallery-2-27568'>\n\t\t\t\tSe questo \u00e8 un uomo, versione drammatica di Primo Levi e Pieralberto March\u00e9, Torino, Teatro Carignano, 18 Novembre 1966.\r\nFoto Stoecklin\r\n\n\t\t\t\t<\/dd><\/dl><dl class='gallery-item'>\n\t\t\t<dt class='gallery-icon landscape'>\n\t\t\t\t<a data-rel=\"iLightbox[postimages]\" data-title=\"05\" data-caption=\"Riccardo III, di William Shakespeare, regia di Luca Ronconi, scene di Mario Ceroli, costumi di Enrico Job, Torino, Teatro Alfieri, 19 Febbraio 1968\r\nAl centro Vittorio Gassman (Riccardo III) sul cavallo di Mario Ceroli.\r\nFoto Stoecklin\r\n\" href='https:\/\/www.teatrostabiletorino.it\/wp-content\/uploads\/2015\/05\/05.jpg'><img decoding=\"async\" width=\"150\" height=\"150\" src=\"https:\/\/www.teatrostabiletorino.it\/wp-content\/uploads\/2015\/05\/05-150x150.jpg\" class=\"attachment-thumbnail size-thumbnail lazyload\" alt=\"\" aria-describedby=\"gallery-2-27569\" srcset=\"data:image\/svg+xml,%3Csvg%20xmlns%3D%27http%3A%2F%2Fwww.w3.org%2F2000%2Fsvg%27%20width%3D%272126%27%20height%3D%271540%27%20viewBox%3D%270%200%202126%201540%27%3E%3Crect%20width%3D%272126%27%20height%3D%271540%27%20fill-opacity%3D%220%22%2F%3E%3C%2Fsvg%3E\" data-orig-src=\"https:\/\/www.teatrostabiletorino.it\/wp-content\/uploads\/2015\/05\/05-150x150.jpg\" data-srcset=\"https:\/\/www.teatrostabiletorino.it\/wp-content\/uploads\/2015\/05\/05-66x66.jpg 66w, https:\/\/www.teatrostabiletorino.it\/wp-content\/uploads\/2015\/05\/05-150x150.jpg 150w\" data-sizes=\"auto\" \/><\/a>\n\t\t\t<\/dt>\n\t\t\t\t<dd class='wp-caption-text gallery-caption' id='gallery-2-27569'>\n\t\t\t\tRiccardo III, di William Shakespeare, regia di Luca Ronconi, scene di Mario Ceroli, costumi di Enrico Job, Torino, Teatro Alfieri, 19 Febbraio 1968\r\nAl centro Vittorio Gassman (Riccardo III) sul cavallo di Mario Ceroli.\r\nFoto Stoecklin\r\n\n\t\t\t\t<\/dd><\/dl><br style=\"clear: both\" \/><dl class='gallery-item'>\n\t\t\t<dt class='gallery-icon landscape'>\n\t\t\t\t<a data-rel=\"iLightbox[postimages]\" data-title=\"06\" data-caption=\"Riccardo III, di William Shakespeare, regia di Luca Ronconi, scene di Mario Ceroli, costumi di Enrico Job, Torino, Teatro Alfieri, 19 Febbraio 1968\r\nVittorio Gassman (Riccardo III), tra le sagome di Mario Ceroli.\r\nFoto Stoecklin.\r\n\" href='https:\/\/www.teatrostabiletorino.it\/wp-content\/uploads\/2015\/05\/06.jpg'><img decoding=\"async\" width=\"150\" height=\"150\" src=\"https:\/\/www.teatrostabiletorino.it\/wp-content\/uploads\/2015\/05\/06-150x150.jpg\" class=\"attachment-thumbnail size-thumbnail lazyload\" alt=\"\" aria-describedby=\"gallery-2-27570\" srcset=\"data:image\/svg+xml,%3Csvg%20xmlns%3D%27http%3A%2F%2Fwww.w3.org%2F2000%2Fsvg%27%20width%3D%272126%27%20height%3D%271541%27%20viewBox%3D%270%200%202126%201541%27%3E%3Crect%20width%3D%272126%27%20height%3D%271541%27%20fill-opacity%3D%220%22%2F%3E%3C%2Fsvg%3E\" data-orig-src=\"https:\/\/www.teatrostabiletorino.it\/wp-content\/uploads\/2015\/05\/06-150x150.jpg\" data-srcset=\"https:\/\/www.teatrostabiletorino.it\/wp-content\/uploads\/2015\/05\/06-66x66.jpg 66w, https:\/\/www.teatrostabiletorino.it\/wp-content\/uploads\/2015\/05\/06-150x150.jpg 150w\" data-sizes=\"auto\" \/><\/a>\n\t\t\t<\/dt>\n\t\t\t\t<dd class='wp-caption-text gallery-caption' id='gallery-2-27570'>\n\t\t\t\tRiccardo III, di William Shakespeare, regia di Luca Ronconi, scene di Mario Ceroli, costumi di Enrico Job, Torino, Teatro Alfieri, 19 Febbraio 1968\r\nVittorio Gassman (Riccardo III), tra le sagome di Mario Ceroli.\r\nFoto Stoecklin.\r\n\n\t\t\t\t<\/dd><\/dl><dl class='gallery-item'>\n\t\t\t<dt class='gallery-icon landscape'>\n\t\t\t\t<a data-rel=\"iLightbox[postimages]\" data-title=\"07\" data-caption=\"Orgia, di Pier Paolo Pasolini, regia di Pier Paolo Pasolini, scena di Mario Ceroli, musiche di Ennio Morricone, Torino, Deposito d\u2019Arte Presente, 27 Novembre 1968.\r\nLuigi Mezzanotte (Uomo), Laura Betti (Donna).\r\nFoto Vitaliano Davetti.\r\n\" href='https:\/\/www.teatrostabiletorino.it\/wp-content\/uploads\/2015\/05\/07.jpg'><img decoding=\"async\" width=\"150\" height=\"150\" src=\"https:\/\/www.teatrostabiletorino.it\/wp-content\/uploads\/2015\/05\/07-150x150.jpg\" class=\"attachment-thumbnail size-thumbnail lazyload\" alt=\"\" aria-describedby=\"gallery-2-27571\" srcset=\"data:image\/svg+xml,%3Csvg%20xmlns%3D%27http%3A%2F%2Fwww.w3.org%2F2000%2Fsvg%27%20width%3D%272126%27%20height%3D%271451%27%20viewBox%3D%270%200%202126%201451%27%3E%3Crect%20width%3D%272126%27%20height%3D%271451%27%20fill-opacity%3D%220%22%2F%3E%3C%2Fsvg%3E\" data-orig-src=\"https:\/\/www.teatrostabiletorino.it\/wp-content\/uploads\/2015\/05\/07-150x150.jpg\" data-srcset=\"https:\/\/www.teatrostabiletorino.it\/wp-content\/uploads\/2015\/05\/07-66x66.jpg 66w, https:\/\/www.teatrostabiletorino.it\/wp-content\/uploads\/2015\/05\/07-150x150.jpg 150w\" data-sizes=\"auto\" \/><\/a>\n\t\t\t<\/dt>\n\t\t\t\t<dd class='wp-caption-text gallery-caption' id='gallery-2-27571'>\n\t\t\t\tOrgia, di Pier Paolo Pasolini, regia di Pier Paolo Pasolini, scena di Mario Ceroli, musiche di Ennio Morricone, Torino, Deposito d\u2019Arte Presente, 27 Novembre 1968.\r\nLuigi Mezzanotte (Uomo), Laura Betti (Donna).\r\nFoto Vitaliano Davetti.\r\n\n\t\t\t\t<\/dd><\/dl><dl class='gallery-item'>\n\t\t\t<dt class='gallery-icon portrait'>\n\t\t\t\t<a data-rel=\"iLightbox[postimages]\" data-title=\"08\" data-caption=\"Pier Paolo Pasolini, autore e regista di Orgia, sulla scena dello spettacolo, ideata da Mario Ceroli. La sede \u00e8 un garage di Torino, denominato Deposito d\u2019Arte Presente (novembre 1968). \nFoto Vitaliano Davetti.\n\" href='https:\/\/www.teatrostabiletorino.it\/wp-content\/uploads\/2015\/05\/08.jpg'><img decoding=\"async\" width=\"150\" height=\"150\" src=\"https:\/\/www.teatrostabiletorino.it\/wp-content\/uploads\/2015\/05\/08-150x150.jpg\" class=\"attachment-thumbnail size-thumbnail lazyload\" alt=\"\" aria-describedby=\"gallery-2-27572\" srcset=\"data:image\/svg+xml,%3Csvg%20xmlns%3D%27http%3A%2F%2Fwww.w3.org%2F2000%2Fsvg%27%20width%3D%271234%27%20height%3D%271646%27%20viewBox%3D%270%200%201234%201646%27%3E%3Crect%20width%3D%271234%27%20height%3D%271646%27%20fill-opacity%3D%220%22%2F%3E%3C%2Fsvg%3E\" data-orig-src=\"https:\/\/www.teatrostabiletorino.it\/wp-content\/uploads\/2015\/05\/08-150x150.jpg\" data-srcset=\"https:\/\/www.teatrostabiletorino.it\/wp-content\/uploads\/2015\/05\/08-66x66.jpg 66w, https:\/\/www.teatrostabiletorino.it\/wp-content\/uploads\/2015\/05\/08-150x150.jpg 150w\" data-sizes=\"auto\" \/><\/a>\n\t\t\t<\/dt>\n\t\t\t\t<dd class='wp-caption-text gallery-caption' id='gallery-2-27572'>\n\t\t\t\tPier Paolo Pasolini, autore e regista di Orgia, sulla scena dello spettacolo, ideata da Mario Ceroli. La sede \u00e8 un garage di Torino, denominato Deposito d\u2019Arte Presente (novembre 1968). \nFoto Vitaliano Davetti.\n\n\t\t\t\t<\/dd><\/dl><dl class='gallery-item'>\n\t\t\t<dt class='gallery-icon landscape'>\n\t\t\t\t<a data-rel=\"iLightbox[postimages]\" data-title=\"09\" data-caption=\"I giganti della montagna, di Luigi Pirandello, regia di Mario Missiroli, scene e costumi di Enrico Job, Torino, Teatro Carignano, 19 Novembre 1979.\r\nIn primo piano Gianni Agus e Annamaria Guarnieri alle loro spalle Pina Cei, sullo sfondo a destra Gastone Moschin, nel ruolo del mago Cotrone.\r\nFoto di Marcello Norberth.\r\n\" href='https:\/\/www.teatrostabiletorino.it\/wp-content\/uploads\/2015\/05\/09.jpg'><img decoding=\"async\" width=\"150\" height=\"150\" src=\"https:\/\/www.teatrostabiletorino.it\/wp-content\/uploads\/2015\/05\/09-150x150.jpg\" class=\"attachment-thumbnail size-thumbnail lazyload\" alt=\"\" aria-describedby=\"gallery-2-27573\" srcset=\"data:image\/svg+xml,%3Csvg%20xmlns%3D%27http%3A%2F%2Fwww.w3.org%2F2000%2Fsvg%27%20width%3D%271890%27%20height%3D%271300%27%20viewBox%3D%270%200%201890%201300%27%3E%3Crect%20width%3D%271890%27%20height%3D%271300%27%20fill-opacity%3D%220%22%2F%3E%3C%2Fsvg%3E\" data-orig-src=\"https:\/\/www.teatrostabiletorino.it\/wp-content\/uploads\/2015\/05\/09-150x150.jpg\" data-srcset=\"https:\/\/www.teatrostabiletorino.it\/wp-content\/uploads\/2015\/05\/09-66x66.jpg 66w, https:\/\/www.teatrostabiletorino.it\/wp-content\/uploads\/2015\/05\/09-150x150.jpg 150w\" data-sizes=\"auto\" \/><\/a>\n\t\t\t<\/dt>\n\t\t\t\t<dd class='wp-caption-text gallery-caption' id='gallery-2-27573'>\n\t\t\t\tI giganti della montagna, di Luigi Pirandello, regia di Mario Missiroli, scene e costumi di Enrico Job, Torino, Teatro Carignano, 19 Novembre 1979.\r\nIn primo piano Gianni Agus e Annamaria Guarnieri alle loro spalle Pina Cei, sullo sfondo a destra Gastone Moschin, nel ruolo del mago Cotrone.\r\nFoto di Marcello Norberth.\r\n\n\t\t\t\t<\/dd><\/dl><dl class='gallery-item'>\n\t\t\t<dt class='gallery-icon landscape'>\n\t\t\t\t<a data-rel=\"iLightbox[postimages]\" data-title=\"10\" data-caption=\"Mirra, di Vittorio Alfieri, regia di Luca Ronconi, Torino, Teatro Carignano, 15 Giugno 1988.\nAnita Bartolucci (Cecri), Galatea Ranzi (Mirra), Remo Girone (Ciniro).\nFoto di Marcello Norberth.\n\" href='https:\/\/www.teatrostabiletorino.it\/wp-content\/uploads\/2015\/05\/101.jpg'><img decoding=\"async\" width=\"150\" height=\"150\" src=\"https:\/\/www.teatrostabiletorino.it\/wp-content\/uploads\/2015\/05\/101-150x150.jpg\" class=\"attachment-thumbnail size-thumbnail lazyload\" alt=\"\" aria-describedby=\"gallery-2-27574\" srcset=\"data:image\/svg+xml,%3Csvg%20xmlns%3D%27http%3A%2F%2Fwww.w3.org%2F2000%2Fsvg%27%20width%3D%272126%27%20height%3D%271512%27%20viewBox%3D%270%200%202126%201512%27%3E%3Crect%20width%3D%272126%27%20height%3D%271512%27%20fill-opacity%3D%220%22%2F%3E%3C%2Fsvg%3E\" data-orig-src=\"https:\/\/www.teatrostabiletorino.it\/wp-content\/uploads\/2015\/05\/101-150x150.jpg\" data-srcset=\"https:\/\/www.teatrostabiletorino.it\/wp-content\/uploads\/2015\/05\/101-66x66.jpg 66w, https:\/\/www.teatrostabiletorino.it\/wp-content\/uploads\/2015\/05\/101-150x150.jpg 150w\" data-sizes=\"auto\" \/><\/a>\n\t\t\t<\/dt>\n\t\t\t\t<dd class='wp-caption-text gallery-caption' id='gallery-2-27574'>\n\t\t\t\tMirra, di Vittorio Alfieri, regia di Luca Ronconi, Torino, Teatro Carignano, 15 Giugno 1988.\nAnita Bartolucci (Cecri), Galatea Ranzi (Mirra), Remo Girone (Ciniro).\nFoto di Marcello Norberth.\n\n\t\t\t\t<\/dd><\/dl><br style=\"clear: both\" \/><dl class='gallery-item'>\n\t\t\t<dt class='gallery-icon landscape'>\n\t\t\t\t<a data-rel=\"iLightbox[postimages]\" data-title=\"11\" data-caption=\"Gli ultimi giorni dell\u2019umanit\u00e0, di Karl Kraus, regia di Luca Ronconi, Torino, 29 Novembre 1990, nell\u2019Ex Sala Presse della Fiat Lingotto.\nFoto di Tommaso Le Pera.\n\" href='https:\/\/www.teatrostabiletorino.it\/wp-content\/uploads\/2015\/05\/111.jpg'><img decoding=\"async\" width=\"150\" height=\"150\" src=\"https:\/\/www.teatrostabiletorino.it\/wp-content\/uploads\/2015\/05\/111-150x150.jpg\" class=\"attachment-thumbnail size-thumbnail lazyload\" alt=\"\" aria-describedby=\"gallery-2-27575\" srcset=\"data:image\/svg+xml,%3Csvg%20xmlns%3D%27http%3A%2F%2Fwww.w3.org%2F2000%2Fsvg%27%20width%3D%273890%27%20height%3D%273142%27%20viewBox%3D%270%200%203890%203142%27%3E%3Crect%20width%3D%273890%27%20height%3D%273142%27%20fill-opacity%3D%220%22%2F%3E%3C%2Fsvg%3E\" data-orig-src=\"https:\/\/www.teatrostabiletorino.it\/wp-content\/uploads\/2015\/05\/111-150x150.jpg\" data-srcset=\"https:\/\/www.teatrostabiletorino.it\/wp-content\/uploads\/2015\/05\/111-66x66.jpg 66w, https:\/\/www.teatrostabiletorino.it\/wp-content\/uploads\/2015\/05\/111-150x150.jpg 150w\" data-sizes=\"auto\" \/><\/a>\n\t\t\t<\/dt>\n\t\t\t\t<dd class='wp-caption-text gallery-caption' id='gallery-2-27575'>\n\t\t\t\tGli ultimi giorni dell\u2019umanit\u00e0, di Karl Kraus, regia di Luca Ronconi, Torino, 29 Novembre 1990, nell\u2019Ex Sala Presse della Fiat Lingotto.\nFoto di Tommaso Le Pera.\n\n\t\t\t\t<\/dd><\/dl><dl class='gallery-item'>\n\t\t\t<dt class='gallery-icon landscape'>\n\t\t\t\t<a data-rel=\"iLightbox[postimages]\" data-title=\"12\" data-caption=\"Gli ultimi giorni dell\u2019umanit\u00e0, di Karl Kraus, regia di Luca Ronconi, Torino, 29 Novembre 1990, nell\u2019Ex Sala Presse della Fiat Lingotto.\r\nDa sinistra Annamaria Guarnieri, Filippo Gili, Francesco Siciliano, Martino D\u2019Amico\r\nFoto di Tommaso Le Pera\r\n\" href='https:\/\/www.teatrostabiletorino.it\/wp-content\/uploads\/2015\/05\/121.jpg'><img decoding=\"async\" width=\"150\" height=\"150\" src=\"https:\/\/www.teatrostabiletorino.it\/wp-content\/uploads\/2015\/05\/121-150x150.jpg\" class=\"attachment-thumbnail size-thumbnail lazyload\" alt=\"\" aria-describedby=\"gallery-2-27576\" srcset=\"data:image\/svg+xml,%3Csvg%20xmlns%3D%27http%3A%2F%2Fwww.w3.org%2F2000%2Fsvg%27%20width%3D%272126%27%20height%3D%271436%27%20viewBox%3D%270%200%202126%201436%27%3E%3Crect%20width%3D%272126%27%20height%3D%271436%27%20fill-opacity%3D%220%22%2F%3E%3C%2Fsvg%3E\" data-orig-src=\"https:\/\/www.teatrostabiletorino.it\/wp-content\/uploads\/2015\/05\/121-150x150.jpg\" data-srcset=\"https:\/\/www.teatrostabiletorino.it\/wp-content\/uploads\/2015\/05\/121-66x66.jpg 66w, https:\/\/www.teatrostabiletorino.it\/wp-content\/uploads\/2015\/05\/121-150x150.jpg 150w\" data-sizes=\"auto\" \/><\/a>\n\t\t\t<\/dt>\n\t\t\t\t<dd class='wp-caption-text gallery-caption' id='gallery-2-27576'>\n\t\t\t\tGli ultimi giorni dell\u2019umanit\u00e0, di Karl Kraus, regia di Luca Ronconi, Torino, 29 Novembre 1990, nell\u2019Ex Sala Presse della Fiat Lingotto.\r\nDa sinistra Annamaria Guarnieri, Filippo Gili, Francesco Siciliano, Martino D\u2019Amico\r\nFoto di Tommaso Le Pera\r\n\n\t\t\t\t<\/dd><\/dl><dl class='gallery-item'>\n\t\t\t<dt class='gallery-icon portrait'>\n\t\t\t\t<a data-rel=\"iLightbox[postimages]\" data-title=\"13\" data-caption=\"Gli ultimi giorni dell\u2019umanit\u00e0, di Karl Kraus, regia di Luca Ronconi, Torino, 29 Novembre 1990, nell\u2019Ex Sala Presse della Fiat Lingotto.\r\nMassimo Popolizio\r\nFoto di Tommaso Le Pera\r\n\" href='https:\/\/www.teatrostabiletorino.it\/wp-content\/uploads\/2015\/05\/131.jpg'><img decoding=\"async\" width=\"150\" height=\"150\" src=\"https:\/\/www.teatrostabiletorino.it\/wp-content\/uploads\/2015\/05\/131-150x150.jpg\" class=\"attachment-thumbnail size-thumbnail lazyload\" alt=\"\" aria-describedby=\"gallery-2-27577\" srcset=\"data:image\/svg+xml,%3Csvg%20xmlns%3D%27http%3A%2F%2Fwww.w3.org%2F2000%2Fsvg%27%20width%3D%27942%27%20height%3D%272000%27%20viewBox%3D%270%200%20942%202000%27%3E%3Crect%20width%3D%27942%27%20height%3D%272000%27%20fill-opacity%3D%220%22%2F%3E%3C%2Fsvg%3E\" data-orig-src=\"https:\/\/www.teatrostabiletorino.it\/wp-content\/uploads\/2015\/05\/131-150x150.jpg\" data-srcset=\"https:\/\/www.teatrostabiletorino.it\/wp-content\/uploads\/2015\/05\/131-66x66.jpg 66w, https:\/\/www.teatrostabiletorino.it\/wp-content\/uploads\/2015\/05\/131-150x150.jpg 150w\" data-sizes=\"auto\" \/><\/a>\n\t\t\t<\/dt>\n\t\t\t\t<dd class='wp-caption-text gallery-caption' id='gallery-2-27577'>\n\t\t\t\tGli ultimi giorni dell\u2019umanit\u00e0, di Karl Kraus, regia di Luca Ronconi, Torino, 29 Novembre 1990, nell\u2019Ex Sala Presse della Fiat Lingotto.\r\nMassimo Popolizio\r\nFoto di Tommaso Le Pera\r\n\n\t\t\t\t<\/dd><\/dl><dl class='gallery-item'>\n\t\t\t<dt class='gallery-icon landscape'>\n\t\t\t\t<a data-rel=\"iLightbox[postimages]\" data-title=\"14\" data-caption=\"Operette morali, di Giacomo Leopardi, adattamento e regia di Mario Martone, Torino, Teatro Gobetti, 18 marzo 2011\r\nRenato Carpentieri e Tot\u00f2 Onnis (Federico Ruysch), nell\u2019episodio Federico Ruysch e le sue mummie.\r\nFoto di Simona Cagnasso\r\n\" href='https:\/\/www.teatrostabiletorino.it\/wp-content\/uploads\/2015\/05\/14.jpg'><img decoding=\"async\" width=\"150\" height=\"150\" src=\"https:\/\/www.teatrostabiletorino.it\/wp-content\/uploads\/2015\/05\/14-150x150.jpg\" class=\"attachment-thumbnail size-thumbnail lazyload\" alt=\"\" aria-describedby=\"gallery-2-27578\" srcset=\"data:image\/svg+xml,%3Csvg%20xmlns%3D%27http%3A%2F%2Fwww.w3.org%2F2000%2Fsvg%27%20width%3D%272126%27%20height%3D%271417%27%20viewBox%3D%270%200%202126%201417%27%3E%3Crect%20width%3D%272126%27%20height%3D%271417%27%20fill-opacity%3D%220%22%2F%3E%3C%2Fsvg%3E\" data-orig-src=\"https:\/\/www.teatrostabiletorino.it\/wp-content\/uploads\/2015\/05\/14-150x150.jpg\" data-srcset=\"https:\/\/www.teatrostabiletorino.it\/wp-content\/uploads\/2015\/05\/14-66x66.jpg 66w, https:\/\/www.teatrostabiletorino.it\/wp-content\/uploads\/2015\/05\/14-150x150.jpg 150w\" data-sizes=\"auto\" \/><\/a>\n\t\t\t<\/dt>\n\t\t\t\t<dd class='wp-caption-text gallery-caption' id='gallery-2-27578'>\n\t\t\t\tOperette morali, di Giacomo Leopardi, adattamento e regia di Mario Martone, Torino, Teatro Gobetti, 18 marzo 2011\r\nRenato Carpentieri e Tot\u00f2 Onnis (Federico Ruysch), nell\u2019episodio Federico Ruysch e le sue mummie.\r\nFoto di Simona Cagnasso\r\n\n\t\t\t\t<\/dd><\/dl><dl class='gallery-item'>\n\t\t\t<dt class='gallery-icon landscape'>\n\t\t\t\t<a data-rel=\"iLightbox[postimages]\" data-title=\"15\" data-caption=\"La trilogia sugli utopisti russi della cerchia di Bakunin e Marx, The Coast of Utopia (La sponda dell\u2019utopia), di Tom Stoppard, regia Marco Tullio Giordana, Torino, Teatro Carignano, 20 marzo 2012.\r\nUna scena del secondo episodio: Naufragio. \r\nFoto di Fabio Lovino.\r\n\" href='https:\/\/www.teatrostabiletorino.it\/wp-content\/uploads\/2015\/05\/151.jpg'><img decoding=\"async\" width=\"150\" height=\"150\" src=\"https:\/\/www.teatrostabiletorino.it\/wp-content\/uploads\/2015\/05\/151-150x150.jpg\" class=\"attachment-thumbnail size-thumbnail lazyload\" alt=\"\" aria-describedby=\"gallery-2-27579\" srcset=\"data:image\/svg+xml,%3Csvg%20xmlns%3D%27http%3A%2F%2Fwww.w3.org%2F2000%2Fsvg%27%20width%3D%272126%27%20height%3D%271417%27%20viewBox%3D%270%200%202126%201417%27%3E%3Crect%20width%3D%272126%27%20height%3D%271417%27%20fill-opacity%3D%220%22%2F%3E%3C%2Fsvg%3E\" data-orig-src=\"https:\/\/www.teatrostabiletorino.it\/wp-content\/uploads\/2015\/05\/151-150x150.jpg\" data-srcset=\"https:\/\/www.teatrostabiletorino.it\/wp-content\/uploads\/2015\/05\/151-66x66.jpg 66w, https:\/\/www.teatrostabiletorino.it\/wp-content\/uploads\/2015\/05\/151-150x150.jpg 150w\" data-sizes=\"auto\" \/><\/a>\n\t\t\t<\/dt>\n\t\t\t\t<dd class='wp-caption-text gallery-caption' id='gallery-2-27579'>\n\t\t\t\tLa trilogia sugli utopisti russi della cerchia di Bakunin e Marx, The Coast of Utopia (La sponda dell\u2019utopia), di Tom Stoppard, regia Marco Tullio Giordana, Torino, Teatro Carignano, 20 marzo 2012.\r\nUna scena del secondo episodio: Naufragio. \r\nFoto di Fabio Lovino.\r\n\n\t\t\t\t<\/dd><\/dl><br style=\"clear: both\" \/><dl class='gallery-item'>\n\t\t\t<dt class='gallery-icon landscape'>\n\t\t\t\t<a data-rel=\"iLightbox[postimages]\" data-title=\"16\" data-caption=\"Il primo allestimento assoluto di Serata a Colono, di Elsa Morante, regia di Mario Martone, Torino, Teatro Carignano, 15 gennaio 2013. \r\nCarlo Cecchi (Edipo), Antonia Truppa (Antigone), Angelica Ippolito (Suora). \r\nFoto di Mario Spada.\r\n\" href='https:\/\/www.teatrostabiletorino.it\/wp-content\/uploads\/2015\/05\/161.jpg'><img decoding=\"async\" width=\"150\" height=\"150\" src=\"https:\/\/www.teatrostabiletorino.it\/wp-content\/uploads\/2015\/05\/161-150x150.jpg\" class=\"attachment-thumbnail size-thumbnail lazyload\" alt=\"\" aria-describedby=\"gallery-2-27580\" srcset=\"data:image\/svg+xml,%3Csvg%20xmlns%3D%27http%3A%2F%2Fwww.w3.org%2F2000%2Fsvg%27%20width%3D%272362%27%20height%3D%271575%27%20viewBox%3D%270%200%202362%201575%27%3E%3Crect%20width%3D%272362%27%20height%3D%271575%27%20fill-opacity%3D%220%22%2F%3E%3C%2Fsvg%3E\" data-orig-src=\"https:\/\/www.teatrostabiletorino.it\/wp-content\/uploads\/2015\/05\/161-150x150.jpg\" data-srcset=\"https:\/\/www.teatrostabiletorino.it\/wp-content\/uploads\/2015\/05\/161-66x66.jpg 66w, https:\/\/www.teatrostabiletorino.it\/wp-content\/uploads\/2015\/05\/161-150x150.jpg 150w\" data-sizes=\"auto\" \/><\/a>\n\t\t\t<\/dt>\n\t\t\t\t<dd class='wp-caption-text gallery-caption' id='gallery-2-27580'>\n\t\t\t\tIl primo allestimento assoluto di Serata a Colono, di Elsa Morante, regia di Mario Martone, Torino, Teatro Carignano, 15 gennaio 2013. \r\nCarlo Cecchi (Edipo), Antonia Truppa (Antigone), Angelica Ippolito (Suora). \r\nFoto di Mario Spada.\r\n\n\t\t\t\t<\/dd><\/dl>\n\t\t\t<br style='clear: both' \/>\n\t\t<\/div>\n<div class=\"fusion-clearfix\"><\/div><\/div><\/div><\/div><\/div><\/p>","protected":false},"excerpt":{"rendered":"","protected":false},"author":2,"featured_media":27515,"comment_status":"closed","ping_status":"closed","sticky":false,"template":"","format":"standard","meta":{"_acf_changed":false,"footnotes":""},"categories":[61],"tags":[],"acf":[],"_links":{"self":[{"href":"https:\/\/www.teatrostabiletorino.it\/en\/wp-json\/wp\/v2\/posts\/27495"}],"collection":[{"href":"https:\/\/www.teatrostabiletorino.it\/en\/wp-json\/wp\/v2\/posts"}],"about":[{"href":"https:\/\/www.teatrostabiletorino.it\/en\/wp-json\/wp\/v2\/types\/post"}],"author":[{"embeddable":true,"href":"https:\/\/www.teatrostabiletorino.it\/en\/wp-json\/wp\/v2\/users\/2"}],"replies":[{"embeddable":true,"href":"https:\/\/www.teatrostabiletorino.it\/en\/wp-json\/wp\/v2\/comments?post=27495"}],"version-history":[{"count":0,"href":"https:\/\/www.teatrostabiletorino.it\/en\/wp-json\/wp\/v2\/posts\/27495\/revisions"}],"wp:featuredmedia":[{"embeddable":true,"href":"https:\/\/www.teatrostabiletorino.it\/en\/wp-json\/wp\/v2\/media\/27515"}],"wp:attachment":[{"href":"https:\/\/www.teatrostabiletorino.it\/en\/wp-json\/wp\/v2\/media?parent=27495"}],"wp:term":[{"taxonomy":"category","embeddable":true,"href":"https:\/\/www.teatrostabiletorino.it\/en\/wp-json\/wp\/v2\/categories?post=27495"},{"taxonomy":"post_tag","embeddable":true,"href":"https:\/\/www.teatrostabiletorino.it\/en\/wp-json\/wp\/v2\/tags?post=27495"}],"curies":[{"name":"wp","href":"https:\/\/api.w.org\/{rel}","templated":true}]}}