{"id":34017,"date":"2017-06-09T10:47:55","date_gmt":"2017-06-09T08:47:55","guid":{"rendered":"http:\/\/www.teatrostabiletorino.it\/?p=34017"},"modified":"2018-02-26T16:23:09","modified_gmt":"2018-02-26T15:23:09","slug":"istituto-pratiche-teatrali-la-cura-della-persona-progetto-migranti","status":"publish","type":"post","link":"https:\/\/www.teatrostabiletorino.it\/en\/istituto-pratiche-teatrali-la-cura-della-persona-progetto-migranti\/","title":{"rendered":"ISTITUTO DI PRATICHE TEATRALI PER LA CURA DELLA PERSONA  &#8211; PROGETTO MIGRANTI"},"content":{"rendered":"<p class=\"qtranxs-available-languages-message qtranxs-available-languages-message-en\">Sorry, this entry is only available in <a href=\"https:\/\/www.teatrostabiletorino.it\/it\/wp-json\/wp\/v2\/posts\/34017\" class=\"qtranxs-available-language-link qtranxs-available-language-link-it\" title=\"Italiano\">Italiano<\/a>.<\/p><p><div class=\"fusion-fullwidth fullwidth-box fusion-builder-row-1 hundred-percent-fullwidth non-hundred-percent-height-scrolling\" style=\"--awb-border-radius-top-left:0px;--awb-border-radius-top-right:0px;--awb-border-radius-bottom-right:0px;--awb-border-radius-bottom-left:0px;--awb-overflow:visible;--awb-flex-wrap:wrap;\" ><div class=\"fusion-builder-row fusion-row\"><div class=\"fusion-layout-column fusion_builder_column fusion-builder-column-0 fusion_builder_column_1_1 1_1 fusion-one-full fusion-column-first fusion-column-last fusion-column-no-min-height\" style=\"--awb-bg-size:cover;--awb-margin-bottom:0px;\"><div class=\"fusion-column-wrapper fusion-flex-column-wrapper-legacy\"><strong>ISTITUTO DI PRATICHE TEATRALI PER LA CURA DELLA PERSONA <\/strong><br \/>\n<strong>PROGETTO MIGRANTI<\/strong><br \/>\na cura di <strong>Gabriele Vacis<\/strong>, <strong>Roberto Tarasco<\/strong> e <strong>Barbara Bonriposi<\/strong><\/p>\n<p>realizzato dal <strong>Teatro Stabile di Torino &#8211; Teatro Nazionale<\/strong><br \/>\ngrazie al sostegno della <strong>Regione Piemonte <\/strong>e della<strong> Compagnia di San Paolo<\/strong><\/p>\n<p>Il <strong>Teatro Stabile di Torino<\/strong> &#8211; <strong>Teatro Nazionale<\/strong> sostiene da tempo l\u2019importanza del teatro come opportunit\u00e0 di integrazione, condivisione e coesione ed \u00e8 proprio in quest\u2019ottica di teatro inclusivo, impegnato ad operare in aree disagiate della societ\u00e0, che ha deciso di accogliere e sviluppare un progetto di <strong>Gabriele Vacis<\/strong>, <strong>Roberto Tarasco<\/strong> e <strong>Barbara Bonriposi<\/strong> dotandosi, grazie al sostegno della Regione Piemonte e della Compagnia di San Paolo, di una nuova funzione e dando vita all\u2019<strong>Istituto di Pratiche Teatrali per la Cura della Persona<\/strong>.<br \/>\nA partire da 2017, infatti, un nuovo dipartimento all\u2019interno dello Stabile &#8211; considerato anche dal MiBACT quale progetto pilota a livello nazionale &#8211; realizzer\u00e0 attivit\u00e0, laboratori, seminari, performance e \u201cambienti\u201d dedicati alla cittadinanza, concentrandosi, in una prima fase, sulle comunit\u00e0 dei migranti presenti nell\u2019area metropolitana di Torino e sul territorio piemontese.<\/p>\n<p>\u00abQuesto progetto consolida il posizionamento dello Stabile al centro del contesto in cui opera &#8211; dichiarano il Presidente del Teatro Stabile <strong>Lamberto Vallarino Gancia<\/strong> e il Direttore <strong>Filippo Fonsatti<\/strong> &#8211; nella profonda convinzione che il teatro sappia rafforzare il senso di appartenenza ad una comunit\u00e0, favorire la coesione sociale e la condivisione di valori identitari, accogliere e includere le differenze. L\u2019Istituto di Pratiche Teatrali e il progetto Migranti &#8211; continuano Vallarino Gancia e Fonsatti &#8211; contribuiscono a creare una \u201ccompetenza di cittadinanza\u201d e sono complementari all\u2019iniziativa Un posto per tutti che, eliminando ogni barriera di accesso, consente anche alle classi svantaggiate e ai meno abbienti di partecipare alle nostre attivit\u00e0 ricevendo gratuitamente un abbonamento alla nostra stagione\u00bb.<\/p>\n<p>\u00abDa sempre &#8211; scrivono i curatori del progetto &#8211; il teatro impiega le proprie tecniche oltre lo spettacolo: lo psicodramma, la musicoterapia, la danza come antidoto alla nostra vita statica, l\u2019animazione nelle periferie pi\u00f9 degradate, sono consuetudini diffuse e ormai popolari. Si impiega la narrazione in campo medico e il gioco teatrale nella gestione delle disabilit\u00e0&#8230; Tutte queste pratiche si fondano sulla consapevolezza di s\u00e9, degli altri, del tempo e dello spazio, che \u00e8 alla base del teatro di ogni tempo. Oggi c\u2019\u00e8 molta pi\u00f9 gente che fa teatro, che danza, di quanta non vada a vederli teatro e danza. Grandi registi e grandi attori hanno ispirato queste strade del teatro da pi\u00f9 di un secolo. E oggi accade che molti artisti non percepiscano pi\u00f9 l\u2019azione sociale come un dovere civile o una benevola elargizione. Il coinvolgimento del cittadino, della persona, nel lavoro artistico \u00e8 ormai la poetica di molti attori, drammaturghi, registi. Il nostro presente tecnologico produce forme a getto continuo: l\u2019arte non \u00e8 pi\u00f9 solo creazione di forme ma anche inclusione. L\u2019Istituto di Pratiche Teatrali per la Cura della Persona, nasce per comprendere questa articolazione del teatro\u00bb.<\/p>\n<p>L\u2019<strong>Istituto di Pratiche Teatrali per la Cura della Persona<\/strong> nasce dalle esperienze di Gabriele Vacis, Roberto Tarasco, Antonia Spaliviero e dal vasto gruppo di collaboratori che li hanno seguiti in questi anni. Dalle varie edizioni di SCHIERA, metodo di allenamento all\u2019attenzione, ai laboratori che sono confluiti nel film La paura siCura, dalle pratiche con i disabili fisici e psichici fino al progetto ideato da Antonia Spaliviero e realizzato con la Presidenza del Consiglio dei Ministri &#8211; Dipartimento della Giovent\u00f9, la Regione Piemonte e il Teatro Stabile di Torino Cerchiamo Bellezza.<\/p>\n<p>Le <strong>attivit\u00e0 dell\u2019Istituto<\/strong> sono iniziate nel marzo del 2017 con la partecipazione al Festival dell\u2019Europa Solidale e del Mediterraneo di Settimo Torinese, tre giornate ideate da Abdullahi Ahmed, ex rifugiato somalo ora cittadino italiano. Nell\u2019ambito di questa rassegna \u00e8 stata organizzata una serata dal titolo Per la stessa ragione del viaggio, viaggiare con i racconti di Gabriele Vacis, la testimonianza dei ragazzi di Equilibri d\u2019Oriente e gli ambienti sonori di Roberto Tarasco. Nel maggio 2017 sono stati realizzati, al Teatro Gobetti di Torino, i primi video-colloqui con migranti e operatori sociali di differenti cooperative e centri d\u2019accoglienza dell\u2019area metropolitana e regionale (Torino, Settimo, Pecetto, Chieri, Cavoretto, Chivasso); i materiali saranno pubblicati nelle prossime settimane sul sito www.listituto.it.<\/p>\n<p>Dal 3 al 16 luglio 2017, alle Fonderie Limone di Moncalieri, prender\u00e0 vita l\u2019<strong>Awareness Campus<\/strong>: un percorso rivolto ad attori, attrici, mediatori culturali, animatori, danzatori, assistenti sociali, medici, psicologi, fisioterapisti, formatori, ginnasti, musicisti, cantanti e studenti, mirato al consolidamento di un gruppo per la conduzione di pratiche teatrali per la cura della persona e in particolare per il <strong>Progetto Migranti<\/strong> che si svilupper\u00e0 sul territorio piemontese tra il 2017 e il 2018. Il metodo di apprendimento applicato si fonda sull&#8217;esercizio costante e rigoroso della consapevolezza (awareness) e dell\u2019attenzione, tramite la pratica dell\u2019azione fisica, vocale e della narrazione e sulla pratica della SCHIERA, uno strumento articolato di costruzione della propria presenza e un modo di riflettere sullo spazio e sulle relazioni.\u00a0 Le giornate di lavoro di luglio saranno suddivise in diverse attivit\u00e0, che verranno coordinate dai tre diversi dipartimenti: si passer\u00e0 da momenti di lavoro sul corpo (Di.CO.) insieme a Barbara Bonriposi, alla pratica del canto e voce (DI.VO.) con Domenico Castaldo per arrivare fino al lavoro sulla narrazione (DI.NA.) insieme a Gabriele Vacis. Sar\u00e0 inoltre prevista la presenza di ospiti, tra gli altri Gerardo Guccini (Universit\u00e0 di Bologna), Claudio Bernardi (Universit\u00e0 Cattolica del Sacro Cuore di Milano), Domenico Quirico (La Stampa), Suor Giuliana Galli (Mamre Onlus), Fabio Giommi (AIM-Associazione Italiana per la Mindfulness) e Rosario Porrovecchio (Istituto di Psicosomatica e Yoga). <strong>Il campus che ha visto la candidatura di 150 persone provenienti da tutta Italia<\/strong>, tra artisti (attori, danzatori) e professionisti (insegnanti, educatori, mediatori culturali, fisioterapisti e psicologi) sar\u00e0 totalmente gratuito. Per i partecipanti provenienti da fuori Torino sar\u00e0 possibile alloggiare presso le foresterie delle Fonderie Limone di Moncalieri (TO) fino ad esaurimento dei posti disponibili.<\/p>\n<p>Nel settembre 2017 riprenderanno i video-colloqui e gli incontri con diverse associazioni torinesi, a partire dal Centro Polifunzionale C.R.I. &#8220;T. Fenoglio&#8221; di Settimo Torinese (TO), Mamre Onlus (TO), CasaOz (TO) e AlmaTeatro (TO); e dall\u2019 autunno sar\u00e0 implementata la mappatura regionale per la realizzazione di laboratori teatrali e video-colloqui in provincia di Cuneo con il Consorzio Compagnia di Iniziative Sociali (Bra &#8211; CN), con Hub Terramadre e Slow Food (Bra), a Novara con i Centri d\u2019Accoglienza rivolti a migranti coordinati dalla Fondazione Nuovo Teatro Faraggiana, e in provincia di Alessandria con i Centri d\u2019Accoglienza e le realt\u00e0 coordinate dal Teatro Sociale di Valenza.<\/p>\n<p>Il 18 dicembre 2017, alle Fonderie Limone di Moncalieri verr\u00e0 programmato un evento per celebrare la Giornata internazionale per i diritti dei migranti.<\/p>\n<p>Il primo esito spettacolare che nascer\u00e0 dall&#8217;Istituto di Pratiche Teatrali per la Cura della Persona sar\u00e0 <strong>Cuore\/Tenebra. Migrazioni tra De Amicis e Conrad<\/strong> con la regia di Gabriele Vacis, prodotto dal Teatro Stabile di Torino \u2013 Teatro Nazionale che andr\u00e0 in scena in prima assoluta dal 22 maggio al 10 giugno 2018 al Teatro Carignano di Torino.<\/p>\n<p>&nbsp;<\/p>\n<p><a href=\"http:\/\/www.teatrostabiletorino.it\/wp-content\/uploads\/2017\/06\/01_Comunicato-stampa_L_ISTITUTO_MIGRANTI.pdf\">01_Comunicato stampa_L_ISTITUTO_MIGRANTI<\/a><\/p>\n<p><a href=\"http:\/\/www.teatrostabiletorino.it\/wp-content\/uploads\/2017\/06\/02_L_Istituto-presentazione-sintetica-Vacis_1pag.pdf\">02_L&#8217;Istituto presentazione sintetica Vacis<\/a><\/p>\n<p><a href=\"http:\/\/www.teatrostabiletorino.it\/wp-content\/uploads\/2017\/06\/03_Corpo-Voce-Narrazione.pdf\">03_Corpo Voce Narrazione<\/a><\/p>\n<p><a href=\"http:\/\/www.teatrostabiletorino.it\/wp-content\/uploads\/2017\/06\/04_Awareness-Campus.pdf\">04_Awareness Campus<\/a><\/p>\n<p><a href=\"http:\/\/www.teatrostabiletorino.it\/wp-content\/uploads\/2017\/06\/05_Scheda-spettacolo-Cuore_Tenebra.pdf\">05_Scheda spettacolo Cuore_Tenebra<\/a><\/p>\n<p><a href=\"http:\/\/www.teatrostabiletorino.it\/wp-content\/uploads\/2017\/06\/06_Scheda-Regione-Piemonte.pdf\">06_Scheda Regione Piemonte<\/a><\/p>\n<p><a href=\"http:\/\/www.teatrostabiletorino.it\/wp-content\/uploads\/2017\/06\/07_Scheda-Compagnia-di-San-Paolo.pdf\">07_Scheda Compagnia di San Paolo<\/a><\/p>\n<p>&nbsp;<\/p>\n\n\t\t<style type=\"text\/css\">\n\t\t\t#gallery-1 {\n\t\t\t\tmargin: auto;\n\t\t\t}\n\t\t\t#gallery-1 .gallery-item {\n\t\t\t\tfloat: left;\n\t\t\t\tmargin-top: 10px;\n\t\t\t\ttext-align: center;\n\t\t\t\twidth: 25%;\n\t\t\t}\n\t\t\t#gallery-1 img {\n\t\t\t\tborder: 2px solid #cfcfcf;\n\t\t\t}\n\t\t\t#gallery-1 .gallery-caption {\n\t\t\t\tmargin-left: 0;\n\t\t\t}\n\t\t\t\/* see gallery_shortcode() in wp-includes\/media.php *\/\n\t\t<\/style>\n\t\t<div id='gallery-1' class='gallery galleryid-34017 gallery-columns-4 gallery-size-thumbnail'><dl class='gallery-item'>\n\t\t\t<dt class='gallery-icon landscape'>\n\t\t\t\t<a data-rel=\"iLightbox[postimages]\" data-title=\"flock of starlings_Immagine guida\" data-caption=\"Flock of starlings_Immagine guida\" href='https:\/\/www.teatrostabiletorino.it\/wp-content\/uploads\/2017\/06\/flock-of-starlings_Immagine-guida.jpg'><img decoding=\"async\" width=\"150\" height=\"150\" src=\"https:\/\/www.teatrostabiletorino.it\/wp-content\/uploads\/2017\/06\/flock-of-starlings_Immagine-guida-150x150.jpg\" class=\"attachment-thumbnail size-thumbnail lazyload\" alt=\"\" aria-describedby=\"gallery-1-34025\" srcset=\"data:image\/svg+xml,%3Csvg%20xmlns%3D%27http%3A%2F%2Fwww.w3.org%2F2000%2Fsvg%27%20width%3D%272048%27%20height%3D%271068%27%20viewBox%3D%270%200%202048%201068%27%3E%3Crect%20width%3D%272048%27%20height%3D%271068%27%20fill-opacity%3D%220%22%2F%3E%3C%2Fsvg%3E\" data-orig-src=\"https:\/\/www.teatrostabiletorino.it\/wp-content\/uploads\/2017\/06\/flock-of-starlings_Immagine-guida-150x150.jpg\" data-srcset=\"https:\/\/www.teatrostabiletorino.it\/wp-content\/uploads\/2017\/06\/flock-of-starlings_Immagine-guida-66x66.jpg 66w, https:\/\/www.teatrostabiletorino.it\/wp-content\/uploads\/2017\/06\/flock-of-starlings_Immagine-guida-150x150.jpg 150w\" data-sizes=\"auto\" \/><\/a>\n\t\t\t<\/dt>\n\t\t\t\t<dd class='wp-caption-text gallery-caption' id='gallery-1-34025'>\n\t\t\t\tFlock of starlings_Immagine guida\n\t\t\t\t<\/dd><\/dl><dl class='gallery-item'>\n\t\t\t<dt class='gallery-icon portrait'>\n\t\t\t\t<a data-rel=\"iLightbox[postimages]\" data-title=\"01_Gabriele Vacis_IMG_1132\" data-caption=\"Gabriele Vacis\" href='https:\/\/www.teatrostabiletorino.it\/wp-content\/uploads\/2017\/06\/01_Gabriele-Vacis_IMG_1132.jpg'><img decoding=\"async\" width=\"150\" height=\"150\" src=\"https:\/\/www.teatrostabiletorino.it\/wp-content\/uploads\/2017\/06\/01_Gabriele-Vacis_IMG_1132-150x150.jpg\" class=\"attachment-thumbnail size-thumbnail lazyload\" alt=\"\" aria-describedby=\"gallery-1-34026\" srcset=\"data:image\/svg+xml,%3Csvg%20xmlns%3D%27http%3A%2F%2Fwww.w3.org%2F2000%2Fsvg%27%20width%3D%271932%27%20height%3D%272414%27%20viewBox%3D%270%200%201932%202414%27%3E%3Crect%20width%3D%271932%27%20height%3D%272414%27%20fill-opacity%3D%220%22%2F%3E%3C%2Fsvg%3E\" data-orig-src=\"https:\/\/www.teatrostabiletorino.it\/wp-content\/uploads\/2017\/06\/01_Gabriele-Vacis_IMG_1132-150x150.jpg\" data-srcset=\"https:\/\/www.teatrostabiletorino.it\/wp-content\/uploads\/2017\/06\/01_Gabriele-Vacis_IMG_1132-66x66.jpg 66w, https:\/\/www.teatrostabiletorino.it\/wp-content\/uploads\/2017\/06\/01_Gabriele-Vacis_IMG_1132-150x150.jpg 150w\" data-sizes=\"auto\" \/><\/a>\n\t\t\t<\/dt>\n\t\t\t\t<dd class='wp-caption-text gallery-caption' id='gallery-1-34026'>\n\t\t\t\tGabriele Vacis\n\t\t\t\t<\/dd><\/dl><dl class='gallery-item'>\n\t\t\t<dt class='gallery-icon landscape'>\n\t\t\t\t<a data-rel=\"iLightbox[postimages]\" data-title=\"02_Gabriele Vacis_Roberto Tarasco_IMG_1793\" data-caption=\"Gabriele Vacis_Roberto Tarasco\" href='https:\/\/www.teatrostabiletorino.it\/wp-content\/uploads\/2017\/06\/02_Gabriele-Vacis_Roberto-Tarasco_IMG_1793.jpg'><img decoding=\"async\" width=\"150\" height=\"150\" src=\"https:\/\/www.teatrostabiletorino.it\/wp-content\/uploads\/2017\/06\/02_Gabriele-Vacis_Roberto-Tarasco_IMG_1793-150x150.jpg\" class=\"attachment-thumbnail size-thumbnail lazyload\" alt=\"\" aria-describedby=\"gallery-1-34027\" srcset=\"data:image\/svg+xml,%3Csvg%20xmlns%3D%27http%3A%2F%2Fwww.w3.org%2F2000%2Fsvg%27%20width%3D%271214%27%20height%3D%271067%27%20viewBox%3D%270%200%201214%201067%27%3E%3Crect%20width%3D%271214%27%20height%3D%271067%27%20fill-opacity%3D%220%22%2F%3E%3C%2Fsvg%3E\" data-orig-src=\"https:\/\/www.teatrostabiletorino.it\/wp-content\/uploads\/2017\/06\/02_Gabriele-Vacis_Roberto-Tarasco_IMG_1793-150x150.jpg\" data-srcset=\"https:\/\/www.teatrostabiletorino.it\/wp-content\/uploads\/2017\/06\/02_Gabriele-Vacis_Roberto-Tarasco_IMG_1793-66x66.jpg 66w, https:\/\/www.teatrostabiletorino.it\/wp-content\/uploads\/2017\/06\/02_Gabriele-Vacis_Roberto-Tarasco_IMG_1793-150x150.jpg 150w\" data-sizes=\"auto\" \/><\/a>\n\t\t\t<\/dt>\n\t\t\t\t<dd class='wp-caption-text gallery-caption' id='gallery-1-34027'>\n\t\t\t\tGabriele Vacis_Roberto Tarasco\n\t\t\t\t<\/dd><\/dl><dl class='gallery-item'>\n\t\t\t<dt class='gallery-icon landscape'>\n\t\t\t\t<a data-rel=\"iLightbox[postimages]\" data-title=\"03_Gabriele Vacis_IMG_0086\" data-caption=\"Gabriele Vacis\" href='https:\/\/www.teatrostabiletorino.it\/wp-content\/uploads\/2017\/06\/03_Gabriele-Vacis_IMG_0086.jpg'><img decoding=\"async\" width=\"150\" height=\"150\" src=\"https:\/\/www.teatrostabiletorino.it\/wp-content\/uploads\/2017\/06\/03_Gabriele-Vacis_IMG_0086-150x150.jpg\" class=\"attachment-thumbnail size-thumbnail lazyload\" alt=\"\" aria-describedby=\"gallery-1-34028\" srcset=\"data:image\/svg+xml,%3Csvg%20xmlns%3D%27http%3A%2F%2Fwww.w3.org%2F2000%2Fsvg%27%20width%3D%271890%27%20height%3D%271260%27%20viewBox%3D%270%200%201890%201260%27%3E%3Crect%20width%3D%271890%27%20height%3D%271260%27%20fill-opacity%3D%220%22%2F%3E%3C%2Fsvg%3E\" data-orig-src=\"https:\/\/www.teatrostabiletorino.it\/wp-content\/uploads\/2017\/06\/03_Gabriele-Vacis_IMG_0086-150x150.jpg\" data-srcset=\"https:\/\/www.teatrostabiletorino.it\/wp-content\/uploads\/2017\/06\/03_Gabriele-Vacis_IMG_0086-66x66.jpg 66w, https:\/\/www.teatrostabiletorino.it\/wp-content\/uploads\/2017\/06\/03_Gabriele-Vacis_IMG_0086-150x150.jpg 150w\" data-sizes=\"auto\" \/><\/a>\n\t\t\t<\/dt>\n\t\t\t\t<dd class='wp-caption-text gallery-caption' id='gallery-1-34028'>\n\t\t\t\tGabriele Vacis\n\t\t\t\t<\/dd><\/dl><br style=\"clear: both\" \/><dl class='gallery-item'>\n\t\t\t<dt class='gallery-icon landscape'>\n\t\t\t\t<a data-rel=\"iLightbox[postimages]\" data-title=\"05_LA BELLEZZA_Foto prove_IMG_1044\" data-caption=\"LA BELLEZZA_Foto prove\" href='https:\/\/www.teatrostabiletorino.it\/wp-content\/uploads\/2017\/06\/05_LA-BELLEZZA_Foto-prove_IMG_1044.jpg'><img decoding=\"async\" width=\"150\" height=\"150\" src=\"https:\/\/www.teatrostabiletorino.it\/wp-content\/uploads\/2017\/06\/05_LA-BELLEZZA_Foto-prove_IMG_1044-150x150.jpg\" class=\"attachment-thumbnail size-thumbnail lazyload\" alt=\"\" aria-describedby=\"gallery-1-34029\" srcset=\"data:image\/svg+xml,%3Csvg%20xmlns%3D%27http%3A%2F%2Fwww.w3.org%2F2000%2Fsvg%27%20width%3D%271890%27%20height%3D%271183%27%20viewBox%3D%270%200%201890%201183%27%3E%3Crect%20width%3D%271890%27%20height%3D%271183%27%20fill-opacity%3D%220%22%2F%3E%3C%2Fsvg%3E\" data-orig-src=\"https:\/\/www.teatrostabiletorino.it\/wp-content\/uploads\/2017\/06\/05_LA-BELLEZZA_Foto-prove_IMG_1044-150x150.jpg\" data-srcset=\"https:\/\/www.teatrostabiletorino.it\/wp-content\/uploads\/2017\/06\/05_LA-BELLEZZA_Foto-prove_IMG_1044-66x66.jpg 66w, https:\/\/www.teatrostabiletorino.it\/wp-content\/uploads\/2017\/06\/05_LA-BELLEZZA_Foto-prove_IMG_1044-150x150.jpg 150w\" data-sizes=\"auto\" \/><\/a>\n\t\t\t<\/dt>\n\t\t\t\t<dd class='wp-caption-text gallery-caption' id='gallery-1-34029'>\n\t\t\t\tLA BELLEZZA_Foto prove\n\t\t\t\t<\/dd><\/dl><dl class='gallery-item'>\n\t\t\t<dt class='gallery-icon landscape'>\n\t\t\t\t<a data-rel=\"iLightbox[postimages]\" data-title=\"06_AMLETO A GERUSALEMME Vacis\" data-caption=\"AMLETO A GERUSALEMME Gabriele Vacis\" href='https:\/\/www.teatrostabiletorino.it\/wp-content\/uploads\/2017\/06\/06_AMLETO-A-GERUSALEMME-Vacis.jpg'><img decoding=\"async\" width=\"150\" height=\"150\" src=\"https:\/\/www.teatrostabiletorino.it\/wp-content\/uploads\/2017\/06\/06_AMLETO-A-GERUSALEMME-Vacis-150x150.jpg\" class=\"attachment-thumbnail size-thumbnail lazyload\" alt=\"\" aria-describedby=\"gallery-1-34030\" srcset=\"data:image\/svg+xml,%3Csvg%20xmlns%3D%27http%3A%2F%2Fwww.w3.org%2F2000%2Fsvg%27%20width%3D%27850%27%20height%3D%27478%27%20viewBox%3D%270%200%20850%20478%27%3E%3Crect%20width%3D%27850%27%20height%3D%27478%27%20fill-opacity%3D%220%22%2F%3E%3C%2Fsvg%3E\" data-orig-src=\"https:\/\/www.teatrostabiletorino.it\/wp-content\/uploads\/2017\/06\/06_AMLETO-A-GERUSALEMME-Vacis-150x150.jpg\" data-srcset=\"https:\/\/www.teatrostabiletorino.it\/wp-content\/uploads\/2017\/06\/06_AMLETO-A-GERUSALEMME-Vacis-66x66.jpg 66w, https:\/\/www.teatrostabiletorino.it\/wp-content\/uploads\/2017\/06\/06_AMLETO-A-GERUSALEMME-Vacis-150x150.jpg 150w\" data-sizes=\"auto\" \/><\/a>\n\t\t\t<\/dt>\n\t\t\t\t<dd class='wp-caption-text gallery-caption' id='gallery-1-34030'>\n\t\t\t\tAMLETO A GERUSALEMME Gabriele Vacis\n\t\t\t\t<\/dd><\/dl><dl class='gallery-item'>\n\t\t\t<dt class='gallery-icon landscape'>\n\t\t\t\t<a data-rel=\"iLightbox[postimages]\" data-title=\"07_LA BELLEZZA_Foto prove_IMG_1041\" data-caption=\"LA BELLEZZA_Foto prove\" href='https:\/\/www.teatrostabiletorino.it\/wp-content\/uploads\/2017\/06\/07_LA-BELLEZZA_Foto-prove_IMG_1041.jpg'><img decoding=\"async\" width=\"150\" height=\"150\" src=\"https:\/\/www.teatrostabiletorino.it\/wp-content\/uploads\/2017\/06\/07_LA-BELLEZZA_Foto-prove_IMG_1041-150x150.jpg\" class=\"attachment-thumbnail size-thumbnail lazyload\" alt=\"\" aria-describedby=\"gallery-1-34031\" srcset=\"data:image\/svg+xml,%3Csvg%20xmlns%3D%27http%3A%2F%2Fwww.w3.org%2F2000%2Fsvg%27%20width%3D%271890%27%20height%3D%271260%27%20viewBox%3D%270%200%201890%201260%27%3E%3Crect%20width%3D%271890%27%20height%3D%271260%27%20fill-opacity%3D%220%22%2F%3E%3C%2Fsvg%3E\" data-orig-src=\"https:\/\/www.teatrostabiletorino.it\/wp-content\/uploads\/2017\/06\/07_LA-BELLEZZA_Foto-prove_IMG_1041-150x150.jpg\" data-srcset=\"https:\/\/www.teatrostabiletorino.it\/wp-content\/uploads\/2017\/06\/07_LA-BELLEZZA_Foto-prove_IMG_1041-66x66.jpg 66w, https:\/\/www.teatrostabiletorino.it\/wp-content\/uploads\/2017\/06\/07_LA-BELLEZZA_Foto-prove_IMG_1041-150x150.jpg 150w\" data-sizes=\"auto\" \/><\/a>\n\t\t\t<\/dt>\n\t\t\t\t<dd class='wp-caption-text gallery-caption' id='gallery-1-34031'>\n\t\t\t\tLA BELLEZZA_Foto prove\n\t\t\t\t<\/dd><\/dl><dl class='gallery-item'>\n\t\t\t<dt class='gallery-icon landscape'>\n\t\t\t\t<a data-rel=\"iLightbox[postimages]\" data-title=\"08_LA BELLEZZA_Foto prove_IMG_0295\" data-caption=\"LA BELLEZZA_Foto prove\" href='https:\/\/www.teatrostabiletorino.it\/wp-content\/uploads\/2017\/06\/08_LA-BELLEZZA_Foto-prove_IMG_0295.jpg'><img decoding=\"async\" width=\"150\" height=\"150\" src=\"https:\/\/www.teatrostabiletorino.it\/wp-content\/uploads\/2017\/06\/08_LA-BELLEZZA_Foto-prove_IMG_0295-150x150.jpg\" class=\"attachment-thumbnail size-thumbnail lazyload\" alt=\"\" aria-describedby=\"gallery-1-34032\" srcset=\"data:image\/svg+xml,%3Csvg%20xmlns%3D%27http%3A%2F%2Fwww.w3.org%2F2000%2Fsvg%27%20width%3D%271890%27%20height%3D%271260%27%20viewBox%3D%270%200%201890%201260%27%3E%3Crect%20width%3D%271890%27%20height%3D%271260%27%20fill-opacity%3D%220%22%2F%3E%3C%2Fsvg%3E\" data-orig-src=\"https:\/\/www.teatrostabiletorino.it\/wp-content\/uploads\/2017\/06\/08_LA-BELLEZZA_Foto-prove_IMG_0295-150x150.jpg\" data-srcset=\"https:\/\/www.teatrostabiletorino.it\/wp-content\/uploads\/2017\/06\/08_LA-BELLEZZA_Foto-prove_IMG_0295-66x66.jpg 66w, https:\/\/www.teatrostabiletorino.it\/wp-content\/uploads\/2017\/06\/08_LA-BELLEZZA_Foto-prove_IMG_0295-150x150.jpg 150w\" data-sizes=\"auto\" \/><\/a>\n\t\t\t<\/dt>\n\t\t\t\t<dd class='wp-caption-text gallery-caption' id='gallery-1-34032'>\n\t\t\t\tLA BELLEZZA_Foto prove\n\t\t\t\t<\/dd><\/dl><br style=\"clear: both\" \/><dl class='gallery-item'>\n\t\t\t<dt class='gallery-icon landscape'>\n\t\t\t\t<a data-rel=\"iLightbox[postimages]\" data-title=\"LA BELLEZZA_Foto prove_IMG_1171\" data-caption=\"LA BELLEZZA_Foto prove\" href='https:\/\/www.teatrostabiletorino.it\/wp-content\/uploads\/2017\/06\/LA-BELLEZZA_Foto-prove_IMG_1171.jpg'><img decoding=\"async\" width=\"150\" height=\"150\" src=\"https:\/\/www.teatrostabiletorino.it\/wp-content\/uploads\/2017\/06\/LA-BELLEZZA_Foto-prove_IMG_1171-150x150.jpg\" class=\"attachment-thumbnail size-thumbnail lazyload\" alt=\"\" aria-describedby=\"gallery-1-34033\" srcset=\"data:image\/svg+xml,%3Csvg%20xmlns%3D%27http%3A%2F%2Fwww.w3.org%2F2000%2Fsvg%27%20width%3D%271890%27%20height%3D%271109%27%20viewBox%3D%270%200%201890%201109%27%3E%3Crect%20width%3D%271890%27%20height%3D%271109%27%20fill-opacity%3D%220%22%2F%3E%3C%2Fsvg%3E\" data-orig-src=\"https:\/\/www.teatrostabiletorino.it\/wp-content\/uploads\/2017\/06\/LA-BELLEZZA_Foto-prove_IMG_1171-150x150.jpg\" data-srcset=\"https:\/\/www.teatrostabiletorino.it\/wp-content\/uploads\/2017\/06\/LA-BELLEZZA_Foto-prove_IMG_1171-66x66.jpg 66w, https:\/\/www.teatrostabiletorino.it\/wp-content\/uploads\/2017\/06\/LA-BELLEZZA_Foto-prove_IMG_1171-150x150.jpg 150w\" data-sizes=\"auto\" \/><\/a>\n\t\t\t<\/dt>\n\t\t\t\t<dd class='wp-caption-text gallery-caption' id='gallery-1-34033'>\n\t\t\t\tLA BELLEZZA_Foto prove\n\t\t\t\t<\/dd><\/dl><dl class='gallery-item'>\n\t\t\t<dt class='gallery-icon landscape'>\n\t\t\t\t<a data-rel=\"iLightbox[postimages]\" data-title=\"LA BELLEZZA_Foto prove_IMG_1187\" data-caption=\"LA BELLEZZA_Foto prove\" href='https:\/\/www.teatrostabiletorino.it\/wp-content\/uploads\/2017\/06\/LA-BELLEZZA_Foto-prove_IMG_1187.jpg'><img decoding=\"async\" width=\"150\" height=\"150\" src=\"https:\/\/www.teatrostabiletorino.it\/wp-content\/uploads\/2017\/06\/LA-BELLEZZA_Foto-prove_IMG_1187-150x150.jpg\" class=\"attachment-thumbnail size-thumbnail lazyload\" alt=\"\" aria-describedby=\"gallery-1-34034\" srcset=\"data:image\/svg+xml,%3Csvg%20xmlns%3D%27http%3A%2F%2Fwww.w3.org%2F2000%2Fsvg%27%20width%3D%271890%27%20height%3D%271286%27%20viewBox%3D%270%200%201890%201286%27%3E%3Crect%20width%3D%271890%27%20height%3D%271286%27%20fill-opacity%3D%220%22%2F%3E%3C%2Fsvg%3E\" data-orig-src=\"https:\/\/www.teatrostabiletorino.it\/wp-content\/uploads\/2017\/06\/LA-BELLEZZA_Foto-prove_IMG_1187-150x150.jpg\" data-srcset=\"https:\/\/www.teatrostabiletorino.it\/wp-content\/uploads\/2017\/06\/LA-BELLEZZA_Foto-prove_IMG_1187-66x66.jpg 66w, https:\/\/www.teatrostabiletorino.it\/wp-content\/uploads\/2017\/06\/LA-BELLEZZA_Foto-prove_IMG_1187-150x150.jpg 150w\" data-sizes=\"auto\" \/><\/a>\n\t\t\t<\/dt>\n\t\t\t\t<dd class='wp-caption-text gallery-caption' id='gallery-1-34034'>\n\t\t\t\tLA BELLEZZA_Foto prove\n\t\t\t\t<\/dd><\/dl>\n\t\t\t<br style='clear: both' \/>\n\t\t<\/div>\n\n<p>&nbsp;<div class=\"fusion-clearfix\"><\/div><\/div><\/div><\/div><\/div><\/p>","protected":false},"excerpt":{"rendered":"","protected":false},"author":2,"featured_media":34025,"comment_status":"closed","ping_status":"closed","sticky":false,"template":"","format":"standard","meta":{"_acf_changed":false,"footnotes":""},"categories":[85],"tags":[],"acf":[],"_links":{"self":[{"href":"https:\/\/www.teatrostabiletorino.it\/en\/wp-json\/wp\/v2\/posts\/34017"}],"collection":[{"href":"https:\/\/www.teatrostabiletorino.it\/en\/wp-json\/wp\/v2\/posts"}],"about":[{"href":"https:\/\/www.teatrostabiletorino.it\/en\/wp-json\/wp\/v2\/types\/post"}],"author":[{"embeddable":true,"href":"https:\/\/www.teatrostabiletorino.it\/en\/wp-json\/wp\/v2\/users\/2"}],"replies":[{"embeddable":true,"href":"https:\/\/www.teatrostabiletorino.it\/en\/wp-json\/wp\/v2\/comments?post=34017"}],"version-history":[{"count":0,"href":"https:\/\/www.teatrostabiletorino.it\/en\/wp-json\/wp\/v2\/posts\/34017\/revisions"}],"wp:featuredmedia":[{"embeddable":true,"href":"https:\/\/www.teatrostabiletorino.it\/en\/wp-json\/wp\/v2\/media\/34025"}],"wp:attachment":[{"href":"https:\/\/www.teatrostabiletorino.it\/en\/wp-json\/wp\/v2\/media?parent=34017"}],"wp:term":[{"taxonomy":"category","embeddable":true,"href":"https:\/\/www.teatrostabiletorino.it\/en\/wp-json\/wp\/v2\/categories?post=34017"},{"taxonomy":"post_tag","embeddable":true,"href":"https:\/\/www.teatrostabiletorino.it\/en\/wp-json\/wp\/v2\/tags?post=34017"}],"curies":[{"name":"wp","href":"https:\/\/api.w.org\/{rel}","templated":true}]}}