{"id":3438,"date":"2012-12-17T15:26:19","date_gmt":"2012-12-17T15:26:19","guid":{"rendered":"http:\/\/www.teatrostabiletorino.it\/?p=3438"},"modified":"2018-03-26T11:28:55","modified_gmt":"2018-03-26T09:28:55","slug":"martedi-2-aprile-2013-debuttera-al-teatro-gobetti-e-stato-cosi-di-natalia-ginzburg-con-sabrina-impacciatore-regia-valerio-binasco","status":"publish","type":"post","link":"https:\/\/www.teatrostabiletorino.it\/en\/martedi-2-aprile-2013-debuttera-al-teatro-gobetti-e-stato-cosi-di-natalia-ginzburg-con-sabrina-impacciatore-regia-valerio-binasco\/","title":{"rendered":"Marted\u00ec 2 aprile 2013, Teatro Gobetti, \u00c8 STATO COS\u00cc"},"content":{"rendered":"<p>Marted\u00ec 2 aprile 2013, alle ore 19.30, debutter\u00e0 al Teatro Gobetti (via Rossini 8 &#8211; Torino) <strong>\u00c8 STATO COS\u00cc <\/strong>di Natalia Ginzburg, con l\u2019interpretazione di Sabrina Impacciatore e la regia di Valerio Binasco. Le luci e le scene sono di Laura Benzi, le musiche originali di Arturo Annecchino, i costumi di Sandra Cardini. Lo spettacolo rester\u00e0 in scena al Gobetti, per la Stagione in Abbonamento del Teatro Stabile, fino al 7 aprile.<\/p>\n<p><div class=\"fusion-fullwidth fullwidth-box fusion-builder-row-2 hundred-percent-fullwidth non-hundred-percent-height-scrolling\" style=\"--awb-border-radius-top-left:0px;--awb-border-radius-top-right:0px;--awb-border-radius-bottom-right:0px;--awb-border-radius-bottom-left:0px;--awb-overflow:visible;--awb-flex-wrap:wrap;\" ><div class=\"fusion-builder-row fusion-row\"><div class=\"fusion-layout-column fusion_builder_column fusion-builder-column-1 fusion_builder_column_1_1 1_1 fusion-one-full fusion-column-first fusion-column-last fusion-column-no-min-height\" style=\"--awb-bg-size:cover;--awb-margin-bottom:0px;\"><div class=\"fusion-column-wrapper fusion-flex-column-wrapper-legacy\">\n\t\t<style type=\"text\/css\">\n\t\t\t#gallery-2 {\n\t\t\t\tmargin: auto;\n\t\t\t}\n\t\t\t#gallery-2 .gallery-item {\n\t\t\t\tfloat: left;\n\t\t\t\tmargin-top: 10px;\n\t\t\t\ttext-align: center;\n\t\t\t\twidth: 20%;\n\t\t\t}\n\t\t\t#gallery-2 img {\n\t\t\t\tborder: 2px solid #cfcfcf;\n\t\t\t}\n\t\t\t#gallery-2 .gallery-caption {\n\t\t\t\tmargin-left: 0;\n\t\t\t}\n\t\t\t\/* see gallery_shortcode() in wp-includes\/media.php *\/\n\t\t<\/style>\n\t\t<div id='gallery-2' class='gallery galleryid-3438 gallery-columns-5 gallery-size-thumbnail'><dl class='gallery-item'>\n\t\t\t<dt class='gallery-icon portrait'>\n\t\t\t\t<a data-rel=\"iLightbox[postimages]\" data-title=\"03_\u00c8 stato cos\u00ec_foto scena_ph Marco Balostro\" data-caption=\"\" href='https:\/\/www.teatrostabiletorino.it\/wp-content\/uploads\/2013\/03\/03_\u00c8-stato-cos\u00ec_foto-scena_ph-Marco-Balostro.jpg'><img decoding=\"async\" width=\"150\" height=\"150\" src=\"data:image\/svg+xml,%3Csvg%20xmlns%3D%27http%3A%2F%2Fwww.w3.org%2F2000%2Fsvg%27%20width%3D%271415%27%20height%3D%272126%27%20viewBox%3D%270%200%201415%202126%27%3E%3Crect%20width%3D%271415%27%20height%3D%272126%27%20fill-opacity%3D%220%22%2F%3E%3C%2Fsvg%3E\" class=\"attachment-thumbnail size-thumbnail lazyload\" alt=\"\" data-orig-src=\"https:\/\/www.teatrostabiletorino.it\/wp-content\/uploads\/2013\/03\/03_\u00c8-stato-cos\u00ec_foto-scena_ph-Marco-Balostro-150x150.jpg\" \/><\/a>\n\t\t\t<\/dt><\/dl>\n\t\t\t<br style='clear: both' \/>\n\t\t<\/div>\n\n<p><a href=\"http:\/\/www.teatrostabiletorino.it\/wp-content\/uploads\/2013\/03\/TEATRO-STABILE_Comunicato-stampa_\u00c8-STATO-COS\u00cc.pdf\">TEATRO STABILE_Comunicato stampa_\u00c8 STATO COS\u00cc<\/a><br \/>\n<a href=\"http:\/\/www.teatrostabiletorino.it\/wp-content\/uploads\/2013\/03\/stato-cos\u00ec_scheda-della-Compagnia.pdf\">\u00c8 stato cos\u00ec_scheda della Compagnia<\/a><div class=\"fusion-clearfix\"><\/div><\/div><\/div><\/div><\/div><\/p>","protected":false},"excerpt":{"rendered":"<p>Marted\u00ec 2 aprile 2013, alle ore 19.30, debutter\u00e0 al Teatro Gobetti (via Rossini 8 &#8211; <a href=\"https:\/\/www.teatrostabiletorino.it\/en\/martedi-2-aprile-2013-debuttera-al-teatro-gobetti-e-stato-cosi-di-natalia-ginzburg-con-sabrina-impacciatore-regia-valerio-binasco\/\"> [+]<\/a><\/p>\n","protected":false},"author":2,"featured_media":679,"comment_status":"closed","ping_status":"closed","sticky":false,"template":"","format":"standard","meta":{"_acf_changed":false,"footnotes":""},"categories":[20],"tags":[],"acf":[],"_links":{"self":[{"href":"https:\/\/www.teatrostabiletorino.it\/en\/wp-json\/wp\/v2\/posts\/3438"}],"collection":[{"href":"https:\/\/www.teatrostabiletorino.it\/en\/wp-json\/wp\/v2\/posts"}],"about":[{"href":"https:\/\/www.teatrostabiletorino.it\/en\/wp-json\/wp\/v2\/types\/post"}],"author":[{"embeddable":true,"href":"https:\/\/www.teatrostabiletorino.it\/en\/wp-json\/wp\/v2\/users\/2"}],"replies":[{"embeddable":true,"href":"https:\/\/www.teatrostabiletorino.it\/en\/wp-json\/wp\/v2\/comments?post=3438"}],"version-history":[{"count":0,"href":"https:\/\/www.teatrostabiletorino.it\/en\/wp-json\/wp\/v2\/posts\/3438\/revisions"}],"wp:featuredmedia":[{"embeddable":true,"href":"https:\/\/www.teatrostabiletorino.it\/en\/wp-json\/wp\/v2\/media\/679"}],"wp:attachment":[{"href":"https:\/\/www.teatrostabiletorino.it\/en\/wp-json\/wp\/v2\/media?parent=3438"}],"wp:term":[{"taxonomy":"category","embeddable":true,"href":"https:\/\/www.teatrostabiletorino.it\/en\/wp-json\/wp\/v2\/categories?post=3438"},{"taxonomy":"post_tag","embeddable":true,"href":"https:\/\/www.teatrostabiletorino.it\/en\/wp-json\/wp\/v2\/tags?post=3438"}],"curies":[{"name":"wp","href":"https:\/\/api.w.org\/{rel}","templated":true}]}}