{"id":34509,"date":"2017-10-06T10:50:49","date_gmt":"2017-10-06T08:50:49","guid":{"rendered":"http:\/\/www.teatrostabiletorino.it\/?p=34509"},"modified":"2018-02-26T16:23:07","modified_gmt":"2018-02-26T15:23:07","slug":"disgraced-dis-crimini-ayad-akhtar-regia-martin-kusej-inaugura-la-stagione-20172018-del-teatro-stabile-torino-teatro-nazionale-nuova-produzione-realizzata-sostegno-della-fondazio","status":"publish","type":"post","link":"https:\/\/www.teatrostabiletorino.it\/en\/disgraced-dis-crimini-ayad-akhtar-regia-martin-kusej-inaugura-la-stagione-20172018-del-teatro-stabile-torino-teatro-nazionale-nuova-produzione-realizzata-sostegno-della-fondazio\/","title":{"rendered":"DISGRACED (DIS-CRIMINI) DI AYAD AKHTAR, REGIA DI MARTIN KU\u0160EJ  INAUGURA LA STAGIONE 2017\/2018 DEL TEATRO STABILE DI TORINO- TEATRO NAZIONALE. NUOVA PRODUZIONE REALIZZATA CON IL SOSTEGNO DELLA FONDAZIONE CRT"},"content":{"rendered":"<p class=\"qtranxs-available-languages-message qtranxs-available-languages-message-en\">Sorry, this entry is only available in <a href=\"https:\/\/www.teatrostabiletorino.it\/it\/wp-json\/wp\/v2\/posts\/34509\" class=\"qtranxs-available-language-link qtranxs-available-language-link-it\" title=\"Italiano\">Italiano<\/a>.<\/p><p><div class=\"fusion-fullwidth fullwidth-box fusion-builder-row-1 hundred-percent-fullwidth non-hundred-percent-height-scrolling\" style=\"--awb-border-radius-top-left:0px;--awb-border-radius-top-right:0px;--awb-border-radius-bottom-right:0px;--awb-border-radius-bottom-left:0px;--awb-overflow:visible;--awb-flex-wrap:wrap;\" ><div class=\"fusion-builder-row fusion-row\"><div class=\"fusion-layout-column fusion_builder_column fusion-builder-column-0 fusion_builder_column_1_1 1_1 fusion-one-full fusion-column-first fusion-column-last fusion-column-no-min-height\" style=\"--awb-bg-size:cover;--awb-margin-bottom:0px;\"><div class=\"fusion-column-wrapper fusion-flex-column-wrapper-legacy\">\n\t\t<style type=\"text\/css\">\n\t\t\t#gallery-1 {\n\t\t\t\tmargin: auto;\n\t\t\t}\n\t\t\t#gallery-1 .gallery-item {\n\t\t\t\tfloat: left;\n\t\t\t\tmargin-top: 10px;\n\t\t\t\ttext-align: center;\n\t\t\t\twidth: 25%;\n\t\t\t}\n\t\t\t#gallery-1 img {\n\t\t\t\tborder: 2px solid #cfcfcf;\n\t\t\t}\n\t\t\t#gallery-1 .gallery-caption {\n\t\t\t\tmargin-left: 0;\n\t\t\t}\n\t\t\t\/* see gallery_shortcode() in wp-includes\/media.php *\/\n\t\t<\/style>\n\t\t<div id='gallery-1' class='gallery galleryid-34509 gallery-columns-4 gallery-size-thumbnail'><dl class='gallery-item'>\n\t\t\t<dt class='gallery-icon landscape'>\n\t\t\t\t<a data-rel=\"iLightbox[postimages]\" data-title=\"01_DSC_8466\" data-caption=\"DISGRACEDda sinistra Anna Della Rosa, Paolo Pierobon, Fausto Russo Alesi, Astrid Meloni\nph Andrea Macchia\" href='https:\/\/www.teatrostabiletorino.it\/wp-content\/uploads\/2017\/10\/01_DSC_8466.jpg'><img decoding=\"async\" width=\"150\" height=\"150\" src=\"https:\/\/www.teatrostabiletorino.it\/wp-content\/uploads\/2017\/10\/01_DSC_8466-150x150.jpg\" class=\"attachment-thumbnail size-thumbnail lazyload\" alt=\"\" aria-describedby=\"gallery-1-34516\" srcset=\"data:image\/svg+xml,%3Csvg%20xmlns%3D%27http%3A%2F%2Fwww.w3.org%2F2000%2Fsvg%27%20width%3D%272300%27%20height%3D%271535%27%20viewBox%3D%270%200%202300%201535%27%3E%3Crect%20width%3D%272300%27%20height%3D%271535%27%20fill-opacity%3D%220%22%2F%3E%3C%2Fsvg%3E\" data-orig-src=\"https:\/\/www.teatrostabiletorino.it\/wp-content\/uploads\/2017\/10\/01_DSC_8466-150x150.jpg\" data-srcset=\"https:\/\/www.teatrostabiletorino.it\/wp-content\/uploads\/2017\/10\/01_DSC_8466-66x66.jpg 66w, https:\/\/www.teatrostabiletorino.it\/wp-content\/uploads\/2017\/10\/01_DSC_8466-150x150.jpg 150w\" data-sizes=\"auto\" \/><\/a>\n\t\t\t<\/dt>\n\t\t\t\t<dd class='wp-caption-text gallery-caption' id='gallery-1-34516'>\n\t\t\t\tDISGRACED<br>da sinistra Anna Della Rosa, Paolo Pierobon, Fausto Russo Alesi, Astrid Meloni\n<br>ph Andrea Macchia\n\t\t\t\t<\/dd><\/dl><dl class='gallery-item'>\n\t\t\t<dt class='gallery-icon landscape'>\n\t\t\t\t<a data-rel=\"iLightbox[postimages]\" data-title=\"09_DSC_8167\" data-caption=\"Elia Tapognani, Anna Della Rosa, Paolo Pierobon\nph Andrea Macchia\" href='https:\/\/www.teatrostabiletorino.it\/wp-content\/uploads\/2017\/10\/09_DSC_8167.jpg'><img decoding=\"async\" width=\"150\" height=\"150\" src=\"https:\/\/www.teatrostabiletorino.it\/wp-content\/uploads\/2017\/10\/09_DSC_8167-150x150.jpg\" class=\"attachment-thumbnail size-thumbnail lazyload\" alt=\"\" aria-describedby=\"gallery-1-34524\" srcset=\"data:image\/svg+xml,%3Csvg%20xmlns%3D%27http%3A%2F%2Fwww.w3.org%2F2000%2Fsvg%27%20width%3D%272300%27%20height%3D%271535%27%20viewBox%3D%270%200%202300%201535%27%3E%3Crect%20width%3D%272300%27%20height%3D%271535%27%20fill-opacity%3D%220%22%2F%3E%3C%2Fsvg%3E\" data-orig-src=\"https:\/\/www.teatrostabiletorino.it\/wp-content\/uploads\/2017\/10\/09_DSC_8167-150x150.jpg\" data-srcset=\"https:\/\/www.teatrostabiletorino.it\/wp-content\/uploads\/2017\/10\/09_DSC_8167-66x66.jpg 66w, https:\/\/www.teatrostabiletorino.it\/wp-content\/uploads\/2017\/10\/09_DSC_8167-150x150.jpg 150w\" data-sizes=\"auto\" \/><\/a>\n\t\t\t<\/dt>\n\t\t\t\t<dd class='wp-caption-text gallery-caption' id='gallery-1-34524'>\n\t\t\t\tElia Tapognani, Anna Della Rosa, Paolo Pierobon\n<br>ph Andrea Macchia\n\t\t\t\t<\/dd><\/dl>\n\t\t\t<br style='clear: both' \/>\n\t\t<\/div>\n\n<p>&nbsp;<\/p>\n<p>Al <strong>Teatro Carignano di Torino<\/strong>, <strong>luned\u00ec 9 ottobre 2017 alle ore 20.15 in anteprima<\/strong> e <strong>marted\u00ec 10 ottobre alle ore 19.30 in prima nazionale<\/strong>, andr\u00e0 in scena <strong>DISGRACED (DIS-CRIMINI)<\/strong> di <strong>Ayad Akhtar<\/strong>, con la regia di <strong>Martin Ku\u0161ej<\/strong>.<br \/>\nLo spettacolo \u00e8 interpretato da <strong>Paolo Pierobon<\/strong>, <strong>Anna Della Rosa<\/strong>, <strong>Fausto Russo Alesi<\/strong>, <strong>Astrid Meloni<\/strong>, <strong>Elia Tapognani<\/strong>.<br \/>\nIl testo, <strong>vincitore del Premio Pulitzer 2013<\/strong>, \u00e8 stato tradotto da <strong>Monica Capuani<\/strong>.<br \/>\nLe scene sono di <strong>Annette Murschetz<\/strong>, i costumi di <strong>Heide Kastler<\/strong>, le musiche di <strong>Michael Gumpinger<\/strong>, le luci di <strong>Fabrizio Bono<\/strong> e <strong>Daniele Colombatto<\/strong>, drammaturgia di <strong>Milena Massalongo<\/strong>, assistente alla regia <strong>Karla Traun<\/strong>.<br \/>\n<strong>DISGRACED (DIS-CRIMINI) \u00e8 una nuova produzione del Teatro Stabile di Torino &#8211; Teatro Nazionale, realizzata con il sostegno della Fondazione CRT.<\/strong><\/p>\n<p><strong>La serata riservata alla Critica \u00e8 fissata luned\u00ec 9 ottobre 2017, alle ore 20.15.<\/strong><br \/>\n<strong> Lo spettacolo sar\u00e0 replicato al Carignano fino al 29 ottobre 2017.<\/strong><\/p>\n<p>Cos\u2019\u00e8 un nome? E in quale modo esso contribuisce alla percezione che il mondo ha di noi? Sono queste alcune delle domande che pu\u00f2 suscitare la visione di <em>Disgraced<\/em> di Ayad Akhtar, nella regia di Martin Ku\u0161ej. <strong>Il testo, vincitore del Premio Pulitzer 2013<\/strong>, \u00e8 un dramma fortemente contemporaneo, un atto unico che, nella tormentata cornice dell\u2019America (il mondo occidentale) post 11 settembre e tra le pieghe di una societ\u00e0 segnata dalle discriminazioni e da un crescente razzismo, esplora temi delicati come la libert\u00e0 di parola, la correttezza politica, gli scontri interculturali, l\u2019arrivismo ed il bisogno di sentirsi integrati.<\/p>\n<p>Il protagonista della vicenda \u00e8 Amir, un avvocato di successo, intimamente combattuto tra le sue due identit\u00e0: \u00e8 nato in una famiglia musulmana ma \u00e8 cresciuto e si \u00e8 formato negli Stati Uniti. Al suo fianco c\u2019\u00e8 Emily, una sofisticata pittrice newyorchese, affascinata dalla cultura islamica. Tre sono gli eventi scatenanti che contribuiranno a far precipitare le cose in questa dorata bolla alto-borghese: un ritratto di Emily ad Amir, la richiesta di Abe, un giovane cugino, di intercedere in tribunale per un imam accusato di terrorismo ed una cena con una coppia di amici, una giovane afroamericana ed un brillante mercante d\u2019arte ebreo.<\/p>\n<p><strong>Martin Ku\u0161ej<\/strong>, uno dei pi\u00f9 importanti registi europei, mette in scena per la prima volta una produzione del Teatro Stabile di Torino. Ku\u0161ej nel corso degli anni ha alternato regie di prosa e liriche. I suoi allestimenti offrono un significativo spaccato della produzione teatrale internazionale: con Strindberg, Goethe, Grabbe, Horv\u00e1th, Nestroy e B\u00fcchner ha calcato le scene dei pi\u00f9 importanti teatri europei e ampliato al contempo il suo vasto repertorio operistico.<br \/>\nDal 2011 Martin Ku\u0161ej ha assunto la direzione dello Staatsschauspiel (Residenztheater) di Monaco di Baviera. Da allora, oltre a svolgere il ruolo di direttore artistico, Ku\u0161ej ha presentato al Residenztheater anche diverse regie, tra cui <em>Terra sconosciuta<\/em> di Artur Schnitzler, <em>Hedda Gabler<\/em> di Henrik Ibsen, <em>L\u2019Anarchica<\/em> di David Mamet, <em>In agonia<\/em> di Miroslav Krle\u017ea, <em>Chi ha paura di Virginia Woolf<\/em> di Edward Albee, il <em>Faust<\/em> di Goethe e <em>La notte di Fedra<\/em>. Nel 2012 la sua messa in scena dell\u2019opera di Rainer Werner Fassbinder, <em>Le lacrime amare di Petra von Kant<\/em>, \u00e8 stata insignita del Faust-Preis, uno dei pi\u00f9 prestigiosi premi tedeschi dedicati al teatro. Nella stagione 2017\/2018, dopo aver messo in scena <em>Disgraced<\/em> di Ayad Akthar al Teatro Stabile di Torino, a partire da maggio del 2018 lavorer\u00e0 alla sua versione del <em>Don Carlo<\/em> di Friedrich Schiller. Nella stagione 2019\/2020 Ku\u0161ej assumer\u00e0 l\u2019incarico di Direttore presso il prestigioso Burgtheater di Vienna.<\/p>\n<p><strong>Ayad Akhtar<\/strong> nasce a New York nel 1970 in una famiglia musulmana, originaria del Pakistan, colta e di vedute liberali. L\u2019amore per la scrittura nasce prestissimo, ma, prima che il talento lo porti al successo, Akhtar fa diverse esperienze: un corso con Jerzy Grotowski in Italia, una laurea alla Browne University, un paio di film. I riconoscimenti arrivano quando sceglie di raccontare l\u2019esperienza di essere allo stesso tempo pakistano e americano, in un momento storico e politico di forti contraddizioni.<\/p>\n<p>&nbsp;<\/p>\n<p><a href=\"http:\/\/www.teatrostabiletorino.it\/wp-content\/uploads\/2017\/10\/01_Comunicato-stampa-DISGRACED_DIS-CRIMINI.pdf\">01_Comunicato stampa DISGRACED_DIS-CRIMINI<\/a><\/p>\n<p><a href=\"http:\/\/www.teatrostabiletorino.it\/wp-content\/uploads\/2017\/10\/01_Biografia-Martin-Ku\u0161ej.pdf\">02_Biografia Martin Ku\u0161ej<\/a><\/p>\n<p><a href=\"http:\/\/www.teatrostabiletorino.it\/wp-content\/uploads\/2017\/10\/07_Biografia-Ayad-Akhtar.pdf\">03_Biografia Ayad Akhtar<\/a><div class=\"fusion-clearfix\"><\/div><\/div><\/div><\/div><\/div><\/p>","protected":false},"excerpt":{"rendered":"","protected":false},"author":2,"featured_media":34516,"comment_status":"closed","ping_status":"closed","sticky":false,"template":"","format":"standard","meta":{"_acf_changed":false,"footnotes":""},"categories":[85],"tags":[],"acf":[],"_links":{"self":[{"href":"https:\/\/www.teatrostabiletorino.it\/en\/wp-json\/wp\/v2\/posts\/34509"}],"collection":[{"href":"https:\/\/www.teatrostabiletorino.it\/en\/wp-json\/wp\/v2\/posts"}],"about":[{"href":"https:\/\/www.teatrostabiletorino.it\/en\/wp-json\/wp\/v2\/types\/post"}],"author":[{"embeddable":true,"href":"https:\/\/www.teatrostabiletorino.it\/en\/wp-json\/wp\/v2\/users\/2"}],"replies":[{"embeddable":true,"href":"https:\/\/www.teatrostabiletorino.it\/en\/wp-json\/wp\/v2\/comments?post=34509"}],"version-history":[{"count":0,"href":"https:\/\/www.teatrostabiletorino.it\/en\/wp-json\/wp\/v2\/posts\/34509\/revisions"}],"wp:featuredmedia":[{"embeddable":true,"href":"https:\/\/www.teatrostabiletorino.it\/en\/wp-json\/wp\/v2\/media\/34516"}],"wp:attachment":[{"href":"https:\/\/www.teatrostabiletorino.it\/en\/wp-json\/wp\/v2\/media?parent=34509"}],"wp:term":[{"taxonomy":"category","embeddable":true,"href":"https:\/\/www.teatrostabiletorino.it\/en\/wp-json\/wp\/v2\/categories?post=34509"},{"taxonomy":"post_tag","embeddable":true,"href":"https:\/\/www.teatrostabiletorino.it\/en\/wp-json\/wp\/v2\/tags?post=34509"}],"curies":[{"name":"wp","href":"https:\/\/api.w.org\/{rel}","templated":true}]}}