{"id":34644,"date":"2017-10-16T16:03:17","date_gmt":"2017-10-16T14:03:17","guid":{"rendered":"http:\/\/www.teatrostabiletorino.it\/?p=34644"},"modified":"2018-02-26T16:23:06","modified_gmt":"2018-02-26T15:23:06","slug":"valter-malosti-dirige-larialda-giovanni-testori-teatro-gobetti-torino-dal-17-al-29-ottobre-2017","status":"publish","type":"post","link":"https:\/\/www.teatrostabiletorino.it\/en\/valter-malosti-dirige-larialda-giovanni-testori-teatro-gobetti-torino-dal-17-al-29-ottobre-2017\/","title":{"rendered":"VALTER MALOSTI DIRIGE \u201cL\u2019ARIALDA\u201d DI GIOVANNI TESTORI Teatro Gobetti di Torino, dal 17 al 29 ottobre 2017"},"content":{"rendered":"<p class=\"qtranxs-available-languages-message qtranxs-available-languages-message-en\">Sorry, this entry is only available in <a href=\"https:\/\/www.teatrostabiletorino.it\/it\/wp-json\/wp\/v2\/posts\/34644\" class=\"qtranxs-available-language-link qtranxs-available-language-link-it\" title=\"Italiano\">Italiano<\/a>.<\/p><p><div class=\"fusion-fullwidth fullwidth-box fusion-builder-row-1 hundred-percent-fullwidth non-hundred-percent-height-scrolling\" style=\"--awb-border-radius-top-left:0px;--awb-border-radius-top-right:0px;--awb-border-radius-bottom-right:0px;--awb-border-radius-bottom-left:0px;--awb-overflow:visible;--awb-flex-wrap:wrap;\" ><div class=\"fusion-builder-row fusion-row\"><div class=\"fusion-layout-column fusion_builder_column fusion-builder-column-0 fusion_builder_column_1_1 1_1 fusion-one-full fusion-column-first fusion-column-last fusion-column-no-min-height\" style=\"--awb-bg-size:cover;--awb-margin-bottom:0px;\"><div class=\"fusion-column-wrapper fusion-flex-column-wrapper-legacy\">\n\t\t<style type=\"text\/css\">\n\t\t\t#gallery-1 {\n\t\t\t\tmargin: auto;\n\t\t\t}\n\t\t\t#gallery-1 .gallery-item {\n\t\t\t\tfloat: left;\n\t\t\t\tmargin-top: 10px;\n\t\t\t\ttext-align: center;\n\t\t\t\twidth: 33%;\n\t\t\t}\n\t\t\t#gallery-1 img {\n\t\t\t\tborder: 2px solid #cfcfcf;\n\t\t\t}\n\t\t\t#gallery-1 .gallery-caption {\n\t\t\t\tmargin-left: 0;\n\t\t\t}\n\t\t\t\/* see gallery_shortcode() in wp-includes\/media.php *\/\n\t\t<\/style>\n\t\t<div id='gallery-1' class='gallery galleryid-34644 gallery-columns-3 gallery-size-thumbnail'><dl class='gallery-item'>\n\t\t\t<dt class='gallery-icon landscape'>\n\t\t\t\t<a data-rel=\"iLightbox[postimages]\" data-title=\"01_L&#8217;Arialda_Beatrice Vecchione_Vittorio Camarota_ph. A. Macchia\" data-caption=\"Beatrice Vecchione,Vittorio Camarotaph. A. Macchia\" href='https:\/\/www.teatrostabiletorino.it\/wp-content\/uploads\/2017\/10\/01_LArialda_Beatrice-Vecchione_Vittorio-Camarota_ph.-A.-Macchia.jpg'><img decoding=\"async\" width=\"150\" height=\"150\" src=\"https:\/\/www.teatrostabiletorino.it\/wp-content\/uploads\/2017\/10\/01_LArialda_Beatrice-Vecchione_Vittorio-Camarota_ph.-A.-Macchia-150x150.jpg\" class=\"attachment-thumbnail size-thumbnail lazyload\" alt=\"\" aria-describedby=\"gallery-1-34647\" srcset=\"data:image\/svg+xml,%3Csvg%20xmlns%3D%27http%3A%2F%2Fwww.w3.org%2F2000%2Fsvg%27%20width%3D%271240%27%20height%3D%27698%27%20viewBox%3D%270%200%201240%20698%27%3E%3Crect%20width%3D%271240%27%20height%3D%27698%27%20fill-opacity%3D%220%22%2F%3E%3C%2Fsvg%3E\" data-orig-src=\"https:\/\/www.teatrostabiletorino.it\/wp-content\/uploads\/2017\/10\/01_LArialda_Beatrice-Vecchione_Vittorio-Camarota_ph.-A.-Macchia-150x150.jpg\" data-srcset=\"https:\/\/www.teatrostabiletorino.it\/wp-content\/uploads\/2017\/10\/01_LArialda_Beatrice-Vecchione_Vittorio-Camarota_ph.-A.-Macchia-66x66.jpg 66w, https:\/\/www.teatrostabiletorino.it\/wp-content\/uploads\/2017\/10\/01_LArialda_Beatrice-Vecchione_Vittorio-Camarota_ph.-A.-Macchia-150x150.jpg 150w\" data-sizes=\"auto\" \/><\/a>\n\t\t\t<\/dt>\n\t\t\t\t<dd class='wp-caption-text gallery-caption' id='gallery-1-34647'>\n\t\t\t\tBeatrice Vecchione,Vittorio Camarota<br>ph. A. Macchia\n\t\t\t\t<\/dd><\/dl><dl class='gallery-item'>\n\t\t\t<dt class='gallery-icon portrait'>\n\t\t\t\t<a data-rel=\"iLightbox[postimages]\" data-title=\"02_L&#8217;Arialda_Vecchione_Camarota\" data-caption=\"Beatrice Vecchione, Vittorio Camarotaph A. Macchia\" href='https:\/\/www.teatrostabiletorino.it\/wp-content\/uploads\/2017\/10\/02_LArialda_Vecchione_Camarota.jpg'><img decoding=\"async\" width=\"150\" height=\"150\" src=\"https:\/\/www.teatrostabiletorino.it\/wp-content\/uploads\/2017\/10\/02_LArialda_Vecchione_Camarota-150x150.jpg\" class=\"attachment-thumbnail size-thumbnail lazyload\" alt=\"\" aria-describedby=\"gallery-1-34648\" srcset=\"data:image\/svg+xml,%3Csvg%20xmlns%3D%27http%3A%2F%2Fwww.w3.org%2F2000%2Fsvg%27%20width%3D%271419%27%20height%3D%272126%27%20viewBox%3D%270%200%201419%202126%27%3E%3Crect%20width%3D%271419%27%20height%3D%272126%27%20fill-opacity%3D%220%22%2F%3E%3C%2Fsvg%3E\" data-orig-src=\"https:\/\/www.teatrostabiletorino.it\/wp-content\/uploads\/2017\/10\/02_LArialda_Vecchione_Camarota-150x150.jpg\" data-srcset=\"https:\/\/www.teatrostabiletorino.it\/wp-content\/uploads\/2017\/10\/02_LArialda_Vecchione_Camarota-66x66.jpg 66w, https:\/\/www.teatrostabiletorino.it\/wp-content\/uploads\/2017\/10\/02_LArialda_Vecchione_Camarota-150x150.jpg 150w\" data-sizes=\"auto\" \/><\/a>\n\t\t\t<\/dt>\n\t\t\t\t<dd class='wp-caption-text gallery-caption' id='gallery-1-34648'>\n\t\t\t\tBeatrice Vecchione, Vittorio Camarota<br>ph A. Macchia\n\t\t\t\t<\/dd><\/dl><dl class='gallery-item'>\n\t\t\t<dt class='gallery-icon portrait'>\n\t\t\t\t<a data-rel=\"iLightbox[postimages]\" data-title=\"03_L&#8217;Arialda_Vecchione_Spinetta_DSC_2987\" data-caption=\"Beatrice Vecchione, Marcello Spinetta ph A. Macchia\" href='https:\/\/www.teatrostabiletorino.it\/wp-content\/uploads\/2017\/10\/03_LArialda_Vecchione_Spinetta_DSC_2987.jpg'><img decoding=\"async\" width=\"150\" height=\"150\" src=\"https:\/\/www.teatrostabiletorino.it\/wp-content\/uploads\/2017\/10\/03_LArialda_Vecchione_Spinetta_DSC_2987-150x150.jpg\" class=\"attachment-thumbnail size-thumbnail lazyload\" alt=\"\" aria-describedby=\"gallery-1-34649\" srcset=\"data:image\/svg+xml,%3Csvg%20xmlns%3D%27http%3A%2F%2Fwww.w3.org%2F2000%2Fsvg%27%20width%3D%271577%27%20height%3D%272362%27%20viewBox%3D%270%200%201577%202362%27%3E%3Crect%20width%3D%271577%27%20height%3D%272362%27%20fill-opacity%3D%220%22%2F%3E%3C%2Fsvg%3E\" data-orig-src=\"https:\/\/www.teatrostabiletorino.it\/wp-content\/uploads\/2017\/10\/03_LArialda_Vecchione_Spinetta_DSC_2987-150x150.jpg\" data-srcset=\"https:\/\/www.teatrostabiletorino.it\/wp-content\/uploads\/2017\/10\/03_LArialda_Vecchione_Spinetta_DSC_2987-66x66.jpg 66w, https:\/\/www.teatrostabiletorino.it\/wp-content\/uploads\/2017\/10\/03_LArialda_Vecchione_Spinetta_DSC_2987-150x150.jpg 150w\" data-sizes=\"auto\" \/><\/a>\n\t\t\t<\/dt>\n\t\t\t\t<dd class='wp-caption-text gallery-caption' id='gallery-1-34649'>\n\t\t\t\tBeatrice Vecchione, Marcello Spinetta <br>ph A. Macchia\n\t\t\t\t<\/dd><\/dl><br style=\"clear: both\" \/><dl class='gallery-item'>\n\t\t\t<dt class='gallery-icon landscape'>\n\t\t\t\t<a data-rel=\"iLightbox[postimages]\" data-title=\"04_L&#8217;Arialda_Nigro_Restuccia-Camarota_Vecchione_DSC_7457\" data-caption=\"Camilla Nigro, Gloria Restuccia, Vittorio Camarota, Beatrice Vecchione ph A. Macchia\" href='https:\/\/www.teatrostabiletorino.it\/wp-content\/uploads\/2017\/10\/04_LArialda_Nigro_Restuccia-Camarota_Vecchione_DSC_7457.jpg'><img decoding=\"async\" width=\"150\" height=\"150\" src=\"https:\/\/www.teatrostabiletorino.it\/wp-content\/uploads\/2017\/10\/04_LArialda_Nigro_Restuccia-Camarota_Vecchione_DSC_7457-150x150.jpg\" class=\"attachment-thumbnail size-thumbnail lazyload\" alt=\"\" aria-describedby=\"gallery-1-34650\" srcset=\"data:image\/svg+xml,%3Csvg%20xmlns%3D%27http%3A%2F%2Fwww.w3.org%2F2000%2Fsvg%27%20width%3D%272362%27%20height%3D%271577%27%20viewBox%3D%270%200%202362%201577%27%3E%3Crect%20width%3D%272362%27%20height%3D%271577%27%20fill-opacity%3D%220%22%2F%3E%3C%2Fsvg%3E\" data-orig-src=\"https:\/\/www.teatrostabiletorino.it\/wp-content\/uploads\/2017\/10\/04_LArialda_Nigro_Restuccia-Camarota_Vecchione_DSC_7457-150x150.jpg\" data-srcset=\"https:\/\/www.teatrostabiletorino.it\/wp-content\/uploads\/2017\/10\/04_LArialda_Nigro_Restuccia-Camarota_Vecchione_DSC_7457-66x66.jpg 66w, https:\/\/www.teatrostabiletorino.it\/wp-content\/uploads\/2017\/10\/04_LArialda_Nigro_Restuccia-Camarota_Vecchione_DSC_7457-150x150.jpg 150w\" data-sizes=\"auto\" \/><\/a>\n\t\t\t<\/dt>\n\t\t\t\t<dd class='wp-caption-text gallery-caption' id='gallery-1-34650'>\n\t\t\t\tCamilla Nigro, Gloria Restuccia, Vittorio Camarota, Beatrice Vecchione<br> ph A. Macchia\n\t\t\t\t<\/dd><\/dl><dl class='gallery-item'>\n\t\t\t<dt class='gallery-icon portrait'>\n\t\t\t\t<a data-rel=\"iLightbox[postimages]\" data-title=\"05_L&#8217;Arialda_Vecchione_Camarota_Restuccia_DSC_2979\" data-caption=\"Beatrice Vecchione, Vittorio Camarota, Gloria Restuccia  ph A. Macchia\" href='https:\/\/www.teatrostabiletorino.it\/wp-content\/uploads\/2017\/10\/05_LArialda_Vecchione_Camarota_Restuccia_DSC_2979.jpg'><img decoding=\"async\" width=\"150\" height=\"150\" src=\"https:\/\/www.teatrostabiletorino.it\/wp-content\/uploads\/2017\/10\/05_LArialda_Vecchione_Camarota_Restuccia_DSC_2979-150x150.jpg\" class=\"attachment-thumbnail size-thumbnail lazyload\" alt=\"\" aria-describedby=\"gallery-1-34651\" srcset=\"data:image\/svg+xml,%3Csvg%20xmlns%3D%27http%3A%2F%2Fwww.w3.org%2F2000%2Fsvg%27%20width%3D%271419%27%20height%3D%272126%27%20viewBox%3D%270%200%201419%202126%27%3E%3Crect%20width%3D%271419%27%20height%3D%272126%27%20fill-opacity%3D%220%22%2F%3E%3C%2Fsvg%3E\" data-orig-src=\"https:\/\/www.teatrostabiletorino.it\/wp-content\/uploads\/2017\/10\/05_LArialda_Vecchione_Camarota_Restuccia_DSC_2979-150x150.jpg\" data-srcset=\"https:\/\/www.teatrostabiletorino.it\/wp-content\/uploads\/2017\/10\/05_LArialda_Vecchione_Camarota_Restuccia_DSC_2979-66x66.jpg 66w, https:\/\/www.teatrostabiletorino.it\/wp-content\/uploads\/2017\/10\/05_LArialda_Vecchione_Camarota_Restuccia_DSC_2979-150x150.jpg 150w\" data-sizes=\"auto\" \/><\/a>\n\t\t\t<\/dt>\n\t\t\t\t<dd class='wp-caption-text gallery-caption' id='gallery-1-34651'>\n\t\t\t\tBeatrice Vecchione, Vittorio Camarota, Gloria Restuccia <br> ph A. Macchia\n\t\t\t\t<\/dd><\/dl>\n\t\t\t<br style='clear: both' \/>\n\t\t<\/div>\n\n<p>Il Teatro Stabile di Torino &#8211; Teatro Nazionale, presenta al Teatro Gobetti di Torino, il 17 ottobre 2017, alle 19.30, <strong>L\u2019Arialda<\/strong> di <strong>Giovanni Testori<\/strong>, con la regia di <strong>Valter Malosti<\/strong>.<br \/>\nLo spettacolo \u00e8 interpretato da Matteo Baiardi, Vittorio Camarota, Christian di Filippo, Roberta Lanave, Camilla Nigro, Gloria Restuccia, Marcello Spinetta, Jacopo Squizzato, Beatrice Vecchione e dagli allievi della Scuola per Attori del Teatro Stabile di Torino Riccardo Niceforo, Noemi Grasso, Andrea Triaca. Le luci sono di Francesco Dell\u2019Elba, le musiche di Bruno De Franceschi, la cura del movimento di Alessio Maria Romano, assistente alla regia Elena Serra.<br \/>\nLo spettacolo sar\u00e0 replicato al Teatro Gobetti, per la Stagione in abbonamento del Teatro Stabile di Torino, fino a domenica 29 ottobre 2017.<\/p>\n<p><em>Intrisa di neorealismo, l\u2019opera simbolo di Giovanni Testori \u00e8 la fotografia di un\u2019Italia povera e grezza, dove le passioni scoppiano e dilaniano uomini e donne. Protagonista Beatrice Vecchione, insieme a un cast di giovani interpreti diretti da Valter Malosti.<\/em><\/p>\n<p><em>L\u2019Arialda<\/em> (1960) \u00e8 il terzo volume del ciclo de <em>I segreti di Milano<\/em> di Giovanni Testori, un grande e ruvido affresco in cui l\u2019autore racconta, con straordinaria incisivit\u00e0 e poesia, l\u2019anima della periferia milanese negli anni del boom economico, a cavallo fra gli anni Cinquanta e Sessanta, in un momento delicatissimo della storia italiana.<br \/>\nUn\u2019umanit\u00e0 marginale, che lotta per la vita: Arialda e Gaetana, \u201cnegra\u201d perch\u00e9 meridionale, si sfidano per un uomo, un bottegaio, che pu\u00f2 offrire loro una reputazione di moglie e qualche soldo. Cos\u00ec come Eros, fratello omossessuale di Arialda, che spende la sua segreta sensibilit\u00e0 per un ragazzetto, Lino. Intorno a loro le ragazze e i ragazzi della periferia, votati a passioni violente<br \/>\ne senza speranza. Malosti riscopre il nucleo del lavoro dello scrittore di Novate: non un bozzetto sociologico, ma un dramma dei sentimenti e della miseria, dove il riscatto non arriva mai.<br \/>\nIn una dimensione di aperta critica verso un momento storico di trasformazione, la transizione dell\u2019Italia da paese rurale a industriale, con il suo tributo di sofferenza e sradicamento dalle radici<br \/>\ndi migliaia di persone, si innesta la necessit\u00e0, per i protagonisti, di trovare una nuova dimensione, mentre aleggiano su di loro come avvoltoi, i fantasmi del passato. E ne <em>L\u2019Arialda<\/em>, una vera e propria \u201ctragedia popolare\u201d nelle intenzioni dell\u2019autore, il tutto viene innervato dalla creazione straordinaria della protagonista che si aggira in un mondo in cui il confine tra vivi e morti diviene sempre pi\u00f9 labile. Ma come in tutti i grandi autori, commedia e tragedia si fondono inscindibilmente.<\/p>\n<p><a href=\"http:\/\/www.teatrostabiletorino.it\/wp-content\/uploads\/2017\/10\/01_Comunicato-stampa-L_ARIALDA.pdf\">01_Comunicato stampa L&#8217;ARIALDA<\/a><\/p>\n<p><a href=\"http:\/\/www.teatrostabiletorino.it\/wp-content\/uploads\/2017\/10\/02_Note-di-Valter-Malosti-su-L_ARIALDA.pdf\">02_Note di Valter Malosti su L&#8217;ARIALDA<\/a><div class=\"fusion-clearfix\"><\/div><\/div><\/div><\/div><\/div><\/p>","protected":false},"excerpt":{"rendered":"","protected":false},"author":2,"featured_media":34647,"comment_status":"closed","ping_status":"closed","sticky":false,"template":"","format":"standard","meta":{"_acf_changed":false,"footnotes":""},"categories":[85],"tags":[],"acf":[],"_links":{"self":[{"href":"https:\/\/www.teatrostabiletorino.it\/en\/wp-json\/wp\/v2\/posts\/34644"}],"collection":[{"href":"https:\/\/www.teatrostabiletorino.it\/en\/wp-json\/wp\/v2\/posts"}],"about":[{"href":"https:\/\/www.teatrostabiletorino.it\/en\/wp-json\/wp\/v2\/types\/post"}],"author":[{"embeddable":true,"href":"https:\/\/www.teatrostabiletorino.it\/en\/wp-json\/wp\/v2\/users\/2"}],"replies":[{"embeddable":true,"href":"https:\/\/www.teatrostabiletorino.it\/en\/wp-json\/wp\/v2\/comments?post=34644"}],"version-history":[{"count":0,"href":"https:\/\/www.teatrostabiletorino.it\/en\/wp-json\/wp\/v2\/posts\/34644\/revisions"}],"wp:featuredmedia":[{"embeddable":true,"href":"https:\/\/www.teatrostabiletorino.it\/en\/wp-json\/wp\/v2\/media\/34647"}],"wp:attachment":[{"href":"https:\/\/www.teatrostabiletorino.it\/en\/wp-json\/wp\/v2\/media?parent=34644"}],"wp:term":[{"taxonomy":"category","embeddable":true,"href":"https:\/\/www.teatrostabiletorino.it\/en\/wp-json\/wp\/v2\/categories?post=34644"},{"taxonomy":"post_tag","embeddable":true,"href":"https:\/\/www.teatrostabiletorino.it\/en\/wp-json\/wp\/v2\/tags?post=34644"}],"curies":[{"name":"wp","href":"https:\/\/api.w.org\/{rel}","templated":true}]}}