{"id":34676,"date":"2017-10-24T10:36:49","date_gmt":"2017-10-24T08:36:49","guid":{"rendered":"http:\/\/www.teatrostabiletorino.it\/?p=34676"},"modified":"2018-02-26T16:23:06","modified_gmt":"2018-02-26T15:23:06","slug":"questa-parte-del-mare-gianmaria-testa-diretto-giorgio-gallione-interpretato-giuseppe-cederna-debutta-martedi-31-ottobre-al-teatro-gobetti-torino","status":"publish","type":"post","link":"https:\/\/www.teatrostabiletorino.it\/en\/questa-parte-del-mare-gianmaria-testa-diretto-giorgio-gallione-interpretato-giuseppe-cederna-debutta-martedi-31-ottobre-al-teatro-gobetti-torino\/","title":{"rendered":"\u201cDA QUESTA PARTE DEL MARE\u201d DA GIANMARIA TESTA DIRETTO DA GIORGIO GALLIONE E INTERPRETATO DA GIUSEPPE CEDERNA, DEBUTTA MARTED\u00cc 31 OTTOBRE, AL TEATRO GOBETTI DI TORINO"},"content":{"rendered":"<p class=\"qtranxs-available-languages-message qtranxs-available-languages-message-en\">Sorry, this entry is only available in <a href=\"https:\/\/www.teatrostabiletorino.it\/it\/wp-json\/wp\/v2\/posts\/34676\" class=\"qtranxs-available-language-link qtranxs-available-language-link-it\" title=\"Italiano\">Italiano<\/a>.<\/p><p><div class=\"fusion-fullwidth fullwidth-box fusion-builder-row-1 hundred-percent-fullwidth non-hundred-percent-height-scrolling\" style=\"--awb-border-radius-top-left:0px;--awb-border-radius-top-right:0px;--awb-border-radius-bottom-right:0px;--awb-border-radius-bottom-left:0px;--awb-overflow:visible;--awb-flex-wrap:wrap;\" ><div class=\"fusion-builder-row fusion-row\"><div class=\"fusion-layout-column fusion_builder_column fusion-builder-column-0 fusion_builder_column_1_1 1_1 fusion-one-full fusion-column-first fusion-column-last fusion-column-no-min-height\" style=\"--awb-bg-size:cover;--awb-margin-bottom:0px;\"><div class=\"fusion-column-wrapper fusion-flex-column-wrapper-legacy\">\n\t\t<style type=\"text\/css\">\n\t\t\t#gallery-1 {\n\t\t\t\tmargin: auto;\n\t\t\t}\n\t\t\t#gallery-1 .gallery-item {\n\t\t\t\tfloat: left;\n\t\t\t\tmargin-top: 10px;\n\t\t\t\ttext-align: center;\n\t\t\t\twidth: 33%;\n\t\t\t}\n\t\t\t#gallery-1 img {\n\t\t\t\tborder: 2px solid #cfcfcf;\n\t\t\t}\n\t\t\t#gallery-1 .gallery-caption {\n\t\t\t\tmargin-left: 0;\n\t\t\t}\n\t\t\t\/* see gallery_shortcode() in wp-includes\/media.php *\/\n\t\t<\/style>\n\t\t<div id='gallery-1' class='gallery galleryid-34676 gallery-columns-3 gallery-size-thumbnail'><dl class='gallery-item'>\n\t\t\t<dt class='gallery-icon landscape'>\n\t\t\t\t<a data-rel=\"iLightbox[postimages]\" data-title=\"01_Giuseppe Cederna\" data-caption=\"\" href='https:\/\/www.teatrostabiletorino.it\/wp-content\/uploads\/2017\/10\/01_Giuseppe-Cederna.jpg'><img decoding=\"async\" width=\"150\" height=\"150\" src=\"https:\/\/www.teatrostabiletorino.it\/wp-content\/uploads\/2017\/10\/01_Giuseppe-Cederna-150x150.jpg\" class=\"attachment-thumbnail size-thumbnail lazyload\" alt=\"\" srcset=\"data:image\/svg+xml,%3Csvg%20xmlns%3D%27http%3A%2F%2Fwww.w3.org%2F2000%2Fsvg%27%20width%3D%272362%27%20height%3D%271572%27%20viewBox%3D%270%200%202362%201572%27%3E%3Crect%20width%3D%272362%27%20height%3D%271572%27%20fill-opacity%3D%220%22%2F%3E%3C%2Fsvg%3E\" data-orig-src=\"https:\/\/www.teatrostabiletorino.it\/wp-content\/uploads\/2017\/10\/01_Giuseppe-Cederna-150x150.jpg\" data-srcset=\"https:\/\/www.teatrostabiletorino.it\/wp-content\/uploads\/2017\/10\/01_Giuseppe-Cederna-66x66.jpg 66w, https:\/\/www.teatrostabiletorino.it\/wp-content\/uploads\/2017\/10\/01_Giuseppe-Cederna-150x150.jpg 150w\" data-sizes=\"auto\" \/><\/a>\n\t\t\t<\/dt><\/dl><dl class='gallery-item'>\n\t\t\t<dt class='gallery-icon landscape'>\n\t\t\t\t<a data-rel=\"iLightbox[postimages]\" data-title=\"02_Giuseppe Cederna\" data-caption=\"\" href='https:\/\/www.teatrostabiletorino.it\/wp-content\/uploads\/2017\/10\/02_Giuseppe-Cederna.jpg'><img decoding=\"async\" width=\"150\" height=\"150\" src=\"https:\/\/www.teatrostabiletorino.it\/wp-content\/uploads\/2017\/10\/02_Giuseppe-Cederna-150x150.jpg\" class=\"attachment-thumbnail size-thumbnail lazyload\" alt=\"\" srcset=\"data:image\/svg+xml,%3Csvg%20xmlns%3D%27http%3A%2F%2Fwww.w3.org%2F2000%2Fsvg%27%20width%3D%271600%27%20height%3D%27825%27%20viewBox%3D%270%200%201600%20825%27%3E%3Crect%20width%3D%271600%27%20height%3D%27825%27%20fill-opacity%3D%220%22%2F%3E%3C%2Fsvg%3E\" data-orig-src=\"https:\/\/www.teatrostabiletorino.it\/wp-content\/uploads\/2017\/10\/02_Giuseppe-Cederna-150x150.jpg\" data-srcset=\"https:\/\/www.teatrostabiletorino.it\/wp-content\/uploads\/2017\/10\/02_Giuseppe-Cederna-66x66.jpg 66w, https:\/\/www.teatrostabiletorino.it\/wp-content\/uploads\/2017\/10\/02_Giuseppe-Cederna-150x150.jpg 150w\" data-sizes=\"auto\" \/><\/a>\n\t\t\t<\/dt><\/dl><dl class='gallery-item'>\n\t\t\t<dt class='gallery-icon portrait'>\n\t\t\t\t<a data-rel=\"iLightbox[postimages]\" data-title=\"Cederna\" data-caption=\"\" href='https:\/\/www.teatrostabiletorino.it\/wp-content\/uploads\/2017\/10\/Cederna.png'><img decoding=\"async\" width=\"150\" height=\"150\" src=\"https:\/\/www.teatrostabiletorino.it\/wp-content\/uploads\/2017\/10\/Cederna-150x150.png\" class=\"attachment-thumbnail size-thumbnail lazyload\" alt=\"\" srcset=\"data:image\/svg+xml,%3Csvg%20xmlns%3D%27http%3A%2F%2Fwww.w3.org%2F2000%2Fsvg%27%20width%3D%27428%27%20height%3D%27850%27%20viewBox%3D%270%200%20428%20850%27%3E%3Crect%20width%3D%27428%27%20height%3D%27850%27%20fill-opacity%3D%220%22%2F%3E%3C%2Fsvg%3E\" data-orig-src=\"https:\/\/www.teatrostabiletorino.it\/wp-content\/uploads\/2017\/10\/Cederna-150x150.png\" data-srcset=\"https:\/\/www.teatrostabiletorino.it\/wp-content\/uploads\/2017\/10\/Cederna-66x66.png 66w, https:\/\/www.teatrostabiletorino.it\/wp-content\/uploads\/2017\/10\/Cederna-150x150.png 150w\" data-sizes=\"auto\" \/><\/a>\n\t\t\t<\/dt><\/dl><br style=\"clear: both\" \/>\n\t\t<\/div>\n\n<p>&nbsp;<\/p>\n\n\t\t<style type=\"text\/css\">\n\t\t\t#gallery-2 {\n\t\t\t\tmargin: auto;\n\t\t\t}\n\t\t\t#gallery-2 .gallery-item {\n\t\t\t\tfloat: left;\n\t\t\t\tmargin-top: 10px;\n\t\t\t\ttext-align: center;\n\t\t\t\twidth: 25%;\n\t\t\t}\n\t\t\t#gallery-2 img {\n\t\t\t\tborder: 2px solid #cfcfcf;\n\t\t\t}\n\t\t\t#gallery-2 .gallery-caption {\n\t\t\t\tmargin-left: 0;\n\t\t\t}\n\t\t\t\/* see gallery_shortcode() in wp-includes\/media.php *\/\n\t\t<\/style>\n\t\t<div id='gallery-2' class='gallery galleryid-34676 gallery-columns-4 gallery-size-thumbnail'><dl class='gallery-item'>\n\t\t\t<dt class='gallery-icon portrait'>\n\t\t\t\t<a data-rel=\"iLightbox[postimages]\" data-title=\"Giuseppe Cederna &#8220;Da questa parte del mare&#8221;\" data-caption=\"Giuseppe Cederna\n ph Marco Caselli Nirmal\" href='https:\/\/www.teatrostabiletorino.it\/wp-content\/uploads\/2017\/10\/01_Ph_Marco_Caselli_Nirmal_W093_452.jpg'><img decoding=\"async\" width=\"150\" height=\"150\" src=\"https:\/\/www.teatrostabiletorino.it\/wp-content\/uploads\/2017\/10\/01_Ph_Marco_Caselli_Nirmal_W093_452-150x150.jpg\" class=\"attachment-thumbnail size-thumbnail lazyload\" alt=\"\" aria-describedby=\"gallery-2-34707\" srcset=\"data:image\/svg+xml,%3Csvg%20xmlns%3D%27http%3A%2F%2Fwww.w3.org%2F2000%2Fsvg%27%20width%3D%271260%27%20height%3D%271890%27%20viewBox%3D%270%200%201260%201890%27%3E%3Crect%20width%3D%271260%27%20height%3D%271890%27%20fill-opacity%3D%220%22%2F%3E%3C%2Fsvg%3E\" data-orig-src=\"https:\/\/www.teatrostabiletorino.it\/wp-content\/uploads\/2017\/10\/01_Ph_Marco_Caselli_Nirmal_W093_452-150x150.jpg\" data-srcset=\"https:\/\/www.teatrostabiletorino.it\/wp-content\/uploads\/2017\/10\/01_Ph_Marco_Caselli_Nirmal_W093_452-66x66.jpg 66w, https:\/\/www.teatrostabiletorino.it\/wp-content\/uploads\/2017\/10\/01_Ph_Marco_Caselli_Nirmal_W093_452-150x150.jpg 150w\" data-sizes=\"auto\" \/><\/a>\n\t\t\t<\/dt>\n\t\t\t\t<dd class='wp-caption-text gallery-caption' id='gallery-2-34707'>\n\t\t\t\tGiuseppe Cederna\n<br> ph Marco Caselli Nirmal\n\t\t\t\t<\/dd><\/dl><dl class='gallery-item'>\n\t\t\t<dt class='gallery-icon landscape'>\n\t\t\t\t<a data-rel=\"iLightbox[postimages]\" data-title=\"Giuseppe Cederna &#8220;Da questa parte del mare&#8221;\" data-caption=\"Giuseppe Cederna\n ph Marco Caselli Nirmal\" href='https:\/\/www.teatrostabiletorino.it\/wp-content\/uploads\/2017\/10\/02_Ph_Marco_Caselli_Nirmal_W093_467.jpg'><img decoding=\"async\" width=\"150\" height=\"150\" src=\"https:\/\/www.teatrostabiletorino.it\/wp-content\/uploads\/2017\/10\/02_Ph_Marco_Caselli_Nirmal_W093_467-150x150.jpg\" class=\"attachment-thumbnail size-thumbnail lazyload\" alt=\"\" aria-describedby=\"gallery-2-34708\" srcset=\"data:image\/svg+xml,%3Csvg%20xmlns%3D%27http%3A%2F%2Fwww.w3.org%2F2000%2Fsvg%27%20width%3D%271772%27%20height%3D%271181%27%20viewBox%3D%270%200%201772%201181%27%3E%3Crect%20width%3D%271772%27%20height%3D%271181%27%20fill-opacity%3D%220%22%2F%3E%3C%2Fsvg%3E\" data-orig-src=\"https:\/\/www.teatrostabiletorino.it\/wp-content\/uploads\/2017\/10\/02_Ph_Marco_Caselli_Nirmal_W093_467-150x150.jpg\" data-srcset=\"https:\/\/www.teatrostabiletorino.it\/wp-content\/uploads\/2017\/10\/02_Ph_Marco_Caselli_Nirmal_W093_467-66x66.jpg 66w, https:\/\/www.teatrostabiletorino.it\/wp-content\/uploads\/2017\/10\/02_Ph_Marco_Caselli_Nirmal_W093_467-150x150.jpg 150w\" data-sizes=\"auto\" \/><\/a>\n\t\t\t<\/dt>\n\t\t\t\t<dd class='wp-caption-text gallery-caption' id='gallery-2-34708'>\n\t\t\t\tGiuseppe Cederna\n<br> ph Marco Caselli Nirmal\n\t\t\t\t<\/dd><\/dl><dl class='gallery-item'>\n\t\t\t<dt class='gallery-icon portrait'>\n\t\t\t\t<a data-rel=\"iLightbox[postimages]\" data-title=\"Giuseppe Cederna &#8220;Da questa parte del mare&#8221;\" data-caption=\"Giuseppe Cederna\n ph Marco Caselli Nirmal\" href='https:\/\/www.teatrostabiletorino.it\/wp-content\/uploads\/2017\/10\/03_Ph_Marco_Caselli_Nirmal_W093_269.jpg'><img decoding=\"async\" width=\"150\" height=\"150\" src=\"https:\/\/www.teatrostabiletorino.it\/wp-content\/uploads\/2017\/10\/03_Ph_Marco_Caselli_Nirmal_W093_269-150x150.jpg\" class=\"attachment-thumbnail size-thumbnail lazyload\" alt=\"\" aria-describedby=\"gallery-2-34709\" srcset=\"data:image\/svg+xml,%3Csvg%20xmlns%3D%27http%3A%2F%2Fwww.w3.org%2F2000%2Fsvg%27%20width%3D%271260%27%20height%3D%271890%27%20viewBox%3D%270%200%201260%201890%27%3E%3Crect%20width%3D%271260%27%20height%3D%271890%27%20fill-opacity%3D%220%22%2F%3E%3C%2Fsvg%3E\" data-orig-src=\"https:\/\/www.teatrostabiletorino.it\/wp-content\/uploads\/2017\/10\/03_Ph_Marco_Caselli_Nirmal_W093_269-150x150.jpg\" data-srcset=\"https:\/\/www.teatrostabiletorino.it\/wp-content\/uploads\/2017\/10\/03_Ph_Marco_Caselli_Nirmal_W093_269-66x66.jpg 66w, https:\/\/www.teatrostabiletorino.it\/wp-content\/uploads\/2017\/10\/03_Ph_Marco_Caselli_Nirmal_W093_269-150x150.jpg 150w\" data-sizes=\"auto\" \/><\/a>\n\t\t\t<\/dt>\n\t\t\t\t<dd class='wp-caption-text gallery-caption' id='gallery-2-34709'>\n\t\t\t\tGiuseppe Cederna\n<br> ph Marco Caselli Nirmal\n\t\t\t\t<\/dd><\/dl><dl class='gallery-item'>\n\t\t\t<dt class='gallery-icon landscape'>\n\t\t\t\t<a data-rel=\"iLightbox[postimages]\" data-title=\"Giuseppe Cederna &#8220;Da questa parte del mare&#8221;\" data-caption=\"Giuseppe Cederna\n ph Marco Caselli Nirmal\" href='https:\/\/www.teatrostabiletorino.it\/wp-content\/uploads\/2017\/10\/04_Ph_Marco_Caselli_Nirmal_W093_198.jpg'><img decoding=\"async\" width=\"150\" height=\"150\" src=\"https:\/\/www.teatrostabiletorino.it\/wp-content\/uploads\/2017\/10\/04_Ph_Marco_Caselli_Nirmal_W093_198-150x150.jpg\" class=\"attachment-thumbnail size-thumbnail lazyload\" alt=\"\" aria-describedby=\"gallery-2-34710\" srcset=\"data:image\/svg+xml,%3Csvg%20xmlns%3D%27http%3A%2F%2Fwww.w3.org%2F2000%2Fsvg%27%20width%3D%271890%27%20height%3D%271260%27%20viewBox%3D%270%200%201890%201260%27%3E%3Crect%20width%3D%271890%27%20height%3D%271260%27%20fill-opacity%3D%220%22%2F%3E%3C%2Fsvg%3E\" data-orig-src=\"https:\/\/www.teatrostabiletorino.it\/wp-content\/uploads\/2017\/10\/04_Ph_Marco_Caselli_Nirmal_W093_198-150x150.jpg\" data-srcset=\"https:\/\/www.teatrostabiletorino.it\/wp-content\/uploads\/2017\/10\/04_Ph_Marco_Caselli_Nirmal_W093_198-66x66.jpg 66w, https:\/\/www.teatrostabiletorino.it\/wp-content\/uploads\/2017\/10\/04_Ph_Marco_Caselli_Nirmal_W093_198-150x150.jpg 150w\" data-sizes=\"auto\" \/><\/a>\n\t\t\t<\/dt>\n\t\t\t\t<dd class='wp-caption-text gallery-caption' id='gallery-2-34710'>\n\t\t\t\tGiuseppe Cederna\n<br> ph Marco Caselli Nirmal\n\t\t\t\t<\/dd><\/dl><br style=\"clear: both\" \/><dl class='gallery-item'>\n\t\t\t<dt class='gallery-icon landscape'>\n\t\t\t\t<a data-rel=\"iLightbox[postimages]\" data-title=\"Giuseppe Cederna &#8220;Da questa parte del mare&#8221;\" data-caption=\"Giuseppe Cederna\n ph Marco Caselli Nirmal\" href='https:\/\/www.teatrostabiletorino.it\/wp-content\/uploads\/2017\/10\/05_Ph_Marco_Caselli_Nirmal_W093_600.jpg'><img decoding=\"async\" width=\"150\" height=\"150\" src=\"https:\/\/www.teatrostabiletorino.it\/wp-content\/uploads\/2017\/10\/05_Ph_Marco_Caselli_Nirmal_W093_600-150x150.jpg\" class=\"attachment-thumbnail size-thumbnail lazyload\" alt=\"\" aria-describedby=\"gallery-2-34711\" srcset=\"data:image\/svg+xml,%3Csvg%20xmlns%3D%27http%3A%2F%2Fwww.w3.org%2F2000%2Fsvg%27%20width%3D%271575%27%20height%3D%271050%27%20viewBox%3D%270%200%201575%201050%27%3E%3Crect%20width%3D%271575%27%20height%3D%271050%27%20fill-opacity%3D%220%22%2F%3E%3C%2Fsvg%3E\" data-orig-src=\"https:\/\/www.teatrostabiletorino.it\/wp-content\/uploads\/2017\/10\/05_Ph_Marco_Caselli_Nirmal_W093_600-150x150.jpg\" data-srcset=\"https:\/\/www.teatrostabiletorino.it\/wp-content\/uploads\/2017\/10\/05_Ph_Marco_Caselli_Nirmal_W093_600-66x66.jpg 66w, https:\/\/www.teatrostabiletorino.it\/wp-content\/uploads\/2017\/10\/05_Ph_Marco_Caselli_Nirmal_W093_600-150x150.jpg 150w\" data-sizes=\"auto\" \/><\/a>\n\t\t\t<\/dt>\n\t\t\t\t<dd class='wp-caption-text gallery-caption' id='gallery-2-34711'>\n\t\t\t\tGiuseppe Cederna\n<br> ph Marco Caselli Nirmal\n\t\t\t\t<\/dd><\/dl>\n\t\t\t<br style='clear: both' \/>\n\t\t<\/div>\n\n<p>Il <strong>Teatro Stabile di Torino &#8211; Teatro Nazionale<\/strong> e <strong>Produzioni Fuorivia<\/strong>, presentano al <strong>Teatro Gobetti di Torino<\/strong>, il <strong>31 ottobre 2017<\/strong>, alle 19.30, <strong>DA QUESTA PARTE DEL MARE<\/strong> da <strong>Gianmaria Testa<\/strong>, diretto da <strong>Giorgio Gallione<\/strong> e interpretato da <strong>Giuseppe Cederna<\/strong>. Gli elementi scenografici sono di Lorenza Gioberti e le luci di Andrea Violato. Un ringraziamento ad Alessandra Ballerini e Marco Revelli per il loro contributo nella stesura del testo.<br \/>\nLo spettacolo sar\u00e0 replicato al Teatro Gobetti, per la Stagione in abbonamento del Teatro Stabile di Torino, fino a domenica 12 novembre 2017.<\/p>\n<p><em>Gianmaria Testa, oltre alla sua musica, ha lasciato un grande racconto dei nostri ultimi vent\u2019anni, un viaggio struggente, per storie e canzoni, sulle migrazioni umane. Questo testo, che d\u00e0 il titolo allo spettacolo, \u00e8 interpretato da Giuseppe Cederna, diretto da Giorgio Gallione.<\/em><\/p>\n<p><em>Da questa parte del mare<\/em> \u00e8 il libro della vita di Gianmaria Testa, arrivato in libreria postumo per Giulio Einaudi Editore con prefazione di Erri De Luca.<br \/>\n\u00c8 il racconto dei pensieri, delle storie, delle situazioni che hanno contribuito a dar vita ad ognuna delle canzoni dell&#8217;album omonimo, ed \u00e8 un po&#8217;, anche, inevitabilmente, il racconto di Gianmaria stesso e delle sue radici. \u00c8 il racconto dei grandi movimenti di popolo di questi anni, ma \u00e8 anche il racconto delle radici e della loro importanza. Radici che non sono catene, ma sguardi lunghi. \u00c8 il libro con cui Gianmaria si \u00e8 congedato in pace, dopo una vita onesta e dritta. \u00c8 un patrimonio di riflessioni umanissime, senza presunzioni di assolutezza. Un distillato di parole preziose che riesce a restituirci ancora e per sempre la sua voce. \u00c8 uno sguardo lucido, durato pi\u00f9 di 20 anni, sull\u2019oggi. Una lingua poetica, affilata, tagliente, insieme burbera ed emozionata. Bellissima. Adesso questo libro diventa uno spettacolo teatrale vero e proprio e a portarlo in scena sar\u00e0 Giuseppe Cederna che pi\u00f9 volte ha condiviso il palcoscenico con Gianmaria Testa e che con lui condivide ancora, soprattutto, una commossa visione del mondo. Giorgio Gallione, altro amico, cura la regia, traducendo in linguaggio, immagini e forma teatrali, parole pensate per la pagina scritta, ma dense di sonorit\u00e0 e musica.<em> Da questa parte del mare<\/em> \u00e8 un viaggio struggente, per storie e canzoni, sulle migrazioni umane, ma anche sulle radici e sul senso dell\u2019 \u201cumano\u201d.<br \/>\nUn piccolo e intensissimo libro pi\u00f9 potente di mille chiacchiere. E cos\u00ec lo spettacolo, mescolando le parole di Testa a quelle di Marco Revelli e di Alessandra Ballerini, affronta il tema delle migrazioni moderne senza retorica e col solo sguardo sensato: raccontando storie di uomini e donne. Cederna sar\u00e0 al contempo la voce di Testa, affiorante con lacerti accennati di canzone, ma anche quella scheggiata di coloro che non hanno voce, in un continuo campo e controcampo che ha quale elemento costante un mare che salva e insieme danna.<\/p>\n<p><a href=\"http:\/\/www.teatrostabiletorino.it\/wp-content\/uploads\/2017\/10\/01_Comunicato-stampa-DA-QUESTA-PARTE-DEL-MARE.pdf\">01_Comunicato stampa DA QUESTA PARTE DEL MARE<\/a><\/p>\n<p><a href=\"http:\/\/www.teatrostabiletorino.it\/wp-content\/uploads\/2017\/10\/Scheda-sullo-spettacolo.pdf\">02_Scheda sullo spettacolo<\/a><\/p>\n<p>&nbsp;<div class=\"fusion-clearfix\"><\/div><\/div><\/div><\/div><\/div><\/p>","protected":false},"excerpt":{"rendered":"","protected":false},"author":2,"featured_media":34679,"comment_status":"closed","ping_status":"closed","sticky":false,"template":"","format":"standard","meta":{"_acf_changed":false,"footnotes":""},"categories":[85],"tags":[],"acf":[],"_links":{"self":[{"href":"https:\/\/www.teatrostabiletorino.it\/en\/wp-json\/wp\/v2\/posts\/34676"}],"collection":[{"href":"https:\/\/www.teatrostabiletorino.it\/en\/wp-json\/wp\/v2\/posts"}],"about":[{"href":"https:\/\/www.teatrostabiletorino.it\/en\/wp-json\/wp\/v2\/types\/post"}],"author":[{"embeddable":true,"href":"https:\/\/www.teatrostabiletorino.it\/en\/wp-json\/wp\/v2\/users\/2"}],"replies":[{"embeddable":true,"href":"https:\/\/www.teatrostabiletorino.it\/en\/wp-json\/wp\/v2\/comments?post=34676"}],"version-history":[{"count":0,"href":"https:\/\/www.teatrostabiletorino.it\/en\/wp-json\/wp\/v2\/posts\/34676\/revisions"}],"wp:featuredmedia":[{"embeddable":true,"href":"https:\/\/www.teatrostabiletorino.it\/en\/wp-json\/wp\/v2\/media\/34679"}],"wp:attachment":[{"href":"https:\/\/www.teatrostabiletorino.it\/en\/wp-json\/wp\/v2\/media?parent=34676"}],"wp:term":[{"taxonomy":"category","embeddable":true,"href":"https:\/\/www.teatrostabiletorino.it\/en\/wp-json\/wp\/v2\/categories?post=34676"},{"taxonomy":"post_tag","embeddable":true,"href":"https:\/\/www.teatrostabiletorino.it\/en\/wp-json\/wp\/v2\/tags?post=34676"}],"curies":[{"name":"wp","href":"https:\/\/api.w.org\/{rel}","templated":true}]}}