{"id":35022,"date":"2017-11-27T16:27:54","date_gmt":"2017-11-27T15:27:54","guid":{"rendered":"http:\/\/www.teatrostabiletorino.it\/?p=35022"},"modified":"2018-02-26T16:23:05","modified_gmt":"2018-02-26T15:23:05","slug":"debutta-al-teatro-carignano-di-torino-la-versione-rock-de-le-baccanti-di-euripide-firmata-da-andrea-de-rosa-da-martedi-5-a-domenica-17-dicembre-2017","status":"publish","type":"post","link":"https:\/\/www.teatrostabiletorino.it\/en\/debutta-al-teatro-carignano-di-torino-la-versione-rock-de-le-baccanti-di-euripide-firmata-da-andrea-de-rosa-da-martedi-5-a-domenica-17-dicembre-2017\/","title":{"rendered":"DEBUTTA AL TEATRO CARIGNANO DI TORINO LA VERSIONE \u201cROCK\u201d DE  LE BACCANTI DI EURIPIDE FIRMATA DA ANDREA DE ROSA Da marted\u00ec 5 a domenica 17 dicembre 2017"},"content":{"rendered":"<p class=\"qtranxs-available-languages-message qtranxs-available-languages-message-en\">Sorry, this entry is only available in <a href=\"https:\/\/www.teatrostabiletorino.it\/it\/wp-json\/wp\/v2\/posts\/35022\" class=\"qtranxs-available-language-link qtranxs-available-language-link-it\" title=\"Italiano\">Italiano<\/a>.<\/p><p><div class=\"fusion-fullwidth fullwidth-box fusion-builder-row-1 hundred-percent-fullwidth non-hundred-percent-height-scrolling\" style=\"--awb-border-radius-top-left:0px;--awb-border-radius-top-right:0px;--awb-border-radius-bottom-right:0px;--awb-border-radius-bottom-left:0px;--awb-overflow:visible;--awb-flex-wrap:wrap;\" ><div class=\"fusion-builder-row fusion-row\"><div class=\"fusion-layout-column fusion_builder_column fusion-builder-column-0 fusion_builder_column_1_1 1_1 fusion-one-full fusion-column-first fusion-column-last fusion-column-no-min-height\" style=\"--awb-bg-size:cover;--awb-margin-bottom:0px;\"><div class=\"fusion-column-wrapper fusion-flex-column-wrapper-legacy\">Il Teatro Stabile di Torino \u2013 Teatro Nazionale, insieme al Teatro Stabile di Napoli &#8211; Teatro Nazionale e alla Fondazione Campania dei Festival \u2013 Napoli Teatro Festival Italia presentano al Teatro Carignano di Torino, marted\u00ec 5 dicembre 2017, alle ore 19.30, <strong>LE BACCANTI<\/strong> di <strong>Euripide<\/strong>, con l\u2019adattamento e la regia di <strong>Andrea De Rosa<\/strong>.<br \/>\nLo spettacolo \u00e8 interpretato da: Marco Cavicchioli, Cristina Donadio, Ruggero Dondi, Lino Musella, Matthieu Pastore, Irene Petris, Federica Rosellini, Emilio Vacca, Carlotta Viscovo e dalle allieve della Scuola del Teatro Stabile di Napoli Marialuisa Bosso, Francesca Fedeli, Serena Mazzei. Le scene sono di Simone Mannino, i costumi di Fabio Sonnino, le luci di Pasquale Mari, sound designer G.U.P. Alcaro, le musiche originali sono di G.U.P. Alcaro e Davide Tomat, la cura del movimento di Alessio Maria Romano. L\u2019adattamento del testo si basa sulla traduzione di Davide Susanetti, pubblicata da Carocci Editore.<br \/>\n<em>Le Baccanti<\/em> sar\u00e0 replicato al Carignano, per la Stagione in abbonamento del Teatro Stabile di Torino \u2013 Teatro Nazionale, fino a domenica 17 dicembre.<\/p>\n<p>Nelle regie di Andrea De Rosa i tragici occupano un posto di rilievo, cos\u00ec come il loro linguaggio antico che parla alla nostra modernit\u00e0, alle sue incongruenze e contraddizioni. \u00ab<em>Le Baccanti<\/em> di Euripide &#8211; scrive il regista &#8211; \u00e8 un testo che pone numerose sfide a chi lo voglia mettere in scena, la prima e la pi\u00f9 importante delle quali consiste nell\u2019essere l\u2019unica tragedia il cui protagonista \u00e8 un dio (Dioniso). Come rappresentarlo? Come mettere in scena un dio? &#8220;Dio \u00e8 morto&#8221;, scrisse Nietzsche pi\u00f9 di un secolo fa e, a dispetto delle assurde guerre di religione che ancora si affacciano all\u2019orizzonte della nostra storia recente, quella sentenza di morte sembra irreparabile e definitiva. Ma il sacro? Il misterioso? Sono anch\u2019essi spariti per sempre dalle nostre vite? Che senso dare oggi alla presenza di un dio sulla scena, in un mondo in cui l\u2019orizzonte del sacro sembra perduto per sempre? Il teatro \u00e8 ancora il luogo dove un dio pu\u00f2 prendere vita?\u00bb.<br \/>\nLa distanza che ci separa nel tempo dai miti \u00e8 la cifra per comprendere la seduzione che questi esercitano su di noi: \u00e8 il fascino delle storie dominate da una componente oscura e, quando si lavora sul \u201cmito\u201d, ci si trova sempre davanti a questo tipo di forze, potenti e misteriose. Andrea De Rosa prosegue la sua lunga indagine sui tragici per mettere in scena il fallimento degli ideali<br \/>\ndell\u2019Umanesimo greco, di quello spirito razionalistico su cui fondava la civilt\u00e0 classica. Come in Fedra, in Baccanti, scritta attorno al 406 a.C., torna l\u2019analisi dei moti dell\u2019animo umano nelle sue<br \/>\ninfinite sfaccettature e turbamenti.<br \/>\nEuripide sembra profetizzare la necessit\u00e0 di una contaminazione tra Occidente e Oriente, quasi una anticipazione della necessit\u00e0 di rivedere norme di convivenza tra continenti, cos\u00ec attuali e drammaticamente presenti nelle nostre cronache.<\/p>\n<p>&nbsp;<\/p>\n<p>Per RETROSCENA<br \/>\nil progetto realizzato dal Teatro Stabile di Torino \u2013 Teatro Nazionale con l\u2019Universit\u00e0 degli Studi di Torino \/ Dams &#8211; Universit\u00e0 degli Studi di Torino \/ CRAD<br \/>\nal TEATRO GOBETTI<br \/>\nmercoled\u00ec 6 dicembre 2017, alle ore 17.30<br \/>\nAndrea De Rosa e gli attori della Compagnia<br \/>\ndialogano con Giulio Guidorizzi (Universit\u00e0 di Torino)<br \/>\nsu LE BACCANTI di EURIPIDE<\/p>\n<p>Ingresso libero fino ad esaurimento dei posti in sala<\/p>\n<p><a href=\"http:\/\/www.teatrostabiletorino.it\/wp-content\/uploads\/2017\/11\/01_Comunicato-stampa-LE-BACCANTI.pdf\">01_Comunicato stampa LE BACCANTI<\/a><\/p>\n<p><a href=\"http:\/\/www.teatrostabiletorino.it\/wp-content\/uploads\/2017\/11\/Le-Baccanti-scheda-dello-Stabile-di-Napoli.pdf\">02_Le Baccanti scheda dello Stabile di Napoli<\/a><\/p>\n<p>&nbsp;<\/p>\n\n\t\t<style type=\"text\/css\">\n\t\t\t#gallery-1 {\n\t\t\t\tmargin: auto;\n\t\t\t}\n\t\t\t#gallery-1 .gallery-item {\n\t\t\t\tfloat: left;\n\t\t\t\tmargin-top: 10px;\n\t\t\t\ttext-align: center;\n\t\t\t\twidth: 25%;\n\t\t\t}\n\t\t\t#gallery-1 img {\n\t\t\t\tborder: 2px solid #cfcfcf;\n\t\t\t}\n\t\t\t#gallery-1 .gallery-caption {\n\t\t\t\tmargin-left: 0;\n\t\t\t}\n\t\t\t\/* see gallery_shortcode() in wp-includes\/media.php *\/\n\t\t<\/style>\n\t\t<div id='gallery-1' class='gallery galleryid-35022 gallery-columns-4 gallery-size-thumbnail'><dl class='gallery-item'>\n\t\t\t<dt class='gallery-icon landscape'>\n\t\t\t\t<a data-rel=\"iLightbox[postimages]\" data-title=\"Le Baccanti regia Andrea De Rosa foto Marco Ghidelli (2)\" data-caption=\"foto Marco Ghidelli \" href='https:\/\/www.teatrostabiletorino.it\/wp-content\/uploads\/2017\/11\/Le-Baccanti-regia-Andrea-De-Rosa-foto-Marco-Ghidelli-2.jpg'><img decoding=\"async\" width=\"150\" height=\"150\" src=\"https:\/\/www.teatrostabiletorino.it\/wp-content\/uploads\/2017\/11\/Le-Baccanti-regia-Andrea-De-Rosa-foto-Marco-Ghidelli-2-150x150.jpg\" class=\"attachment-thumbnail size-thumbnail lazyload\" alt=\"\" aria-describedby=\"gallery-1-35025\" srcset=\"data:image\/svg+xml,%3Csvg%20xmlns%3D%27http%3A%2F%2Fwww.w3.org%2F2000%2Fsvg%27%20width%3D%271772%27%20height%3D%271181%27%20viewBox%3D%270%200%201772%201181%27%3E%3Crect%20width%3D%271772%27%20height%3D%271181%27%20fill-opacity%3D%220%22%2F%3E%3C%2Fsvg%3E\" data-orig-src=\"https:\/\/www.teatrostabiletorino.it\/wp-content\/uploads\/2017\/11\/Le-Baccanti-regia-Andrea-De-Rosa-foto-Marco-Ghidelli-2-150x150.jpg\" data-srcset=\"https:\/\/www.teatrostabiletorino.it\/wp-content\/uploads\/2017\/11\/Le-Baccanti-regia-Andrea-De-Rosa-foto-Marco-Ghidelli-2-66x66.jpg 66w, https:\/\/www.teatrostabiletorino.it\/wp-content\/uploads\/2017\/11\/Le-Baccanti-regia-Andrea-De-Rosa-foto-Marco-Ghidelli-2-150x150.jpg 150w\" data-sizes=\"auto\" \/><\/a>\n\t\t\t<\/dt>\n\t\t\t\t<dd class='wp-caption-text gallery-caption' id='gallery-1-35025'>\n\t\t\t\tfoto Marco Ghidelli \n\t\t\t\t<\/dd><\/dl><dl class='gallery-item'>\n\t\t\t<dt class='gallery-icon landscape'>\n\t\t\t\t<a data-rel=\"iLightbox[postimages]\" data-title=\"Le Baccanti regia Andrea De Rosa foto Marco Ghidelli (3)\" data-caption=\"foto Marco Ghidelli \" href='https:\/\/www.teatrostabiletorino.it\/wp-content\/uploads\/2017\/11\/Le-Baccanti-regia-Andrea-De-Rosa-foto-Marco-Ghidelli-3.jpg'><img decoding=\"async\" width=\"150\" height=\"150\" src=\"https:\/\/www.teatrostabiletorino.it\/wp-content\/uploads\/2017\/11\/Le-Baccanti-regia-Andrea-De-Rosa-foto-Marco-Ghidelli-3-150x150.jpg\" class=\"attachment-thumbnail size-thumbnail lazyload\" alt=\"\" aria-describedby=\"gallery-1-35026\" srcset=\"data:image\/svg+xml,%3Csvg%20xmlns%3D%27http%3A%2F%2Fwww.w3.org%2F2000%2Fsvg%27%20width%3D%271772%27%20height%3D%271181%27%20viewBox%3D%270%200%201772%201181%27%3E%3Crect%20width%3D%271772%27%20height%3D%271181%27%20fill-opacity%3D%220%22%2F%3E%3C%2Fsvg%3E\" data-orig-src=\"https:\/\/www.teatrostabiletorino.it\/wp-content\/uploads\/2017\/11\/Le-Baccanti-regia-Andrea-De-Rosa-foto-Marco-Ghidelli-3-150x150.jpg\" data-srcset=\"https:\/\/www.teatrostabiletorino.it\/wp-content\/uploads\/2017\/11\/Le-Baccanti-regia-Andrea-De-Rosa-foto-Marco-Ghidelli-3-66x66.jpg 66w, https:\/\/www.teatrostabiletorino.it\/wp-content\/uploads\/2017\/11\/Le-Baccanti-regia-Andrea-De-Rosa-foto-Marco-Ghidelli-3-150x150.jpg 150w\" data-sizes=\"auto\" \/><\/a>\n\t\t\t<\/dt>\n\t\t\t\t<dd class='wp-caption-text gallery-caption' id='gallery-1-35026'>\n\t\t\t\tfoto Marco Ghidelli \n\t\t\t\t<\/dd><\/dl><dl class='gallery-item'>\n\t\t\t<dt class='gallery-icon portrait'>\n\t\t\t\t<a data-rel=\"iLightbox[postimages]\" data-title=\"Le Baccanti regia Andrea De Rosa foto Marco Ghidelli (5)\" data-caption=\"foto Marco Ghidelli \" href='https:\/\/www.teatrostabiletorino.it\/wp-content\/uploads\/2017\/11\/Le-Baccanti-regia-Andrea-De-Rosa-foto-Marco-Ghidelli-5.jpg'><img decoding=\"async\" width=\"150\" height=\"150\" src=\"https:\/\/www.teatrostabiletorino.it\/wp-content\/uploads\/2017\/11\/Le-Baccanti-regia-Andrea-De-Rosa-foto-Marco-Ghidelli-5-150x150.jpg\" class=\"attachment-thumbnail size-thumbnail lazyload\" alt=\"\" aria-describedby=\"gallery-1-35027\" srcset=\"data:image\/svg+xml,%3Csvg%20xmlns%3D%27http%3A%2F%2Fwww.w3.org%2F2000%2Fsvg%27%20width%3D%271181%27%20height%3D%271772%27%20viewBox%3D%270%200%201181%201772%27%3E%3Crect%20width%3D%271181%27%20height%3D%271772%27%20fill-opacity%3D%220%22%2F%3E%3C%2Fsvg%3E\" data-orig-src=\"https:\/\/www.teatrostabiletorino.it\/wp-content\/uploads\/2017\/11\/Le-Baccanti-regia-Andrea-De-Rosa-foto-Marco-Ghidelli-5-150x150.jpg\" data-srcset=\"https:\/\/www.teatrostabiletorino.it\/wp-content\/uploads\/2017\/11\/Le-Baccanti-regia-Andrea-De-Rosa-foto-Marco-Ghidelli-5-66x66.jpg 66w, https:\/\/www.teatrostabiletorino.it\/wp-content\/uploads\/2017\/11\/Le-Baccanti-regia-Andrea-De-Rosa-foto-Marco-Ghidelli-5-150x150.jpg 150w\" data-sizes=\"auto\" \/><\/a>\n\t\t\t<\/dt>\n\t\t\t\t<dd class='wp-caption-text gallery-caption' id='gallery-1-35027'>\n\t\t\t\tfoto Marco Ghidelli \n\t\t\t\t<\/dd><\/dl><dl class='gallery-item'>\n\t\t\t<dt class='gallery-icon landscape'>\n\t\t\t\t<a data-rel=\"iLightbox[postimages]\" data-title=\"Le Baccanti regia Andrea De Rosa foto Marco Ghidelli (7)\" data-caption=\"foto Marco Ghidelli \" href='https:\/\/www.teatrostabiletorino.it\/wp-content\/uploads\/2017\/11\/Le-Baccanti-regia-Andrea-De-Rosa-foto-Marco-Ghidelli-7.jpg'><img decoding=\"async\" width=\"150\" height=\"150\" src=\"https:\/\/www.teatrostabiletorino.it\/wp-content\/uploads\/2017\/11\/Le-Baccanti-regia-Andrea-De-Rosa-foto-Marco-Ghidelli-7-150x150.jpg\" class=\"attachment-thumbnail size-thumbnail lazyload\" alt=\"\" aria-describedby=\"gallery-1-35028\" srcset=\"data:image\/svg+xml,%3Csvg%20xmlns%3D%27http%3A%2F%2Fwww.w3.org%2F2000%2Fsvg%27%20width%3D%271772%27%20height%3D%271181%27%20viewBox%3D%270%200%201772%201181%27%3E%3Crect%20width%3D%271772%27%20height%3D%271181%27%20fill-opacity%3D%220%22%2F%3E%3C%2Fsvg%3E\" data-orig-src=\"https:\/\/www.teatrostabiletorino.it\/wp-content\/uploads\/2017\/11\/Le-Baccanti-regia-Andrea-De-Rosa-foto-Marco-Ghidelli-7-150x150.jpg\" data-srcset=\"https:\/\/www.teatrostabiletorino.it\/wp-content\/uploads\/2017\/11\/Le-Baccanti-regia-Andrea-De-Rosa-foto-Marco-Ghidelli-7-66x66.jpg 66w, https:\/\/www.teatrostabiletorino.it\/wp-content\/uploads\/2017\/11\/Le-Baccanti-regia-Andrea-De-Rosa-foto-Marco-Ghidelli-7-150x150.jpg 150w\" data-sizes=\"auto\" \/><\/a>\n\t\t\t<\/dt>\n\t\t\t\t<dd class='wp-caption-text gallery-caption' id='gallery-1-35028'>\n\t\t\t\tfoto Marco Ghidelli \n\t\t\t\t<\/dd><\/dl><br style=\"clear: both\" \/>\n\t\t<\/div>\n\n<p>&nbsp;<div class=\"fusion-clearfix\"><\/div><\/div><\/div><\/div><\/div><\/p>","protected":false},"excerpt":{"rendered":"","protected":false},"author":2,"featured_media":35028,"comment_status":"closed","ping_status":"closed","sticky":false,"template":"","format":"standard","meta":{"_acf_changed":false,"footnotes":""},"categories":[85],"tags":[],"acf":[],"_links":{"self":[{"href":"https:\/\/www.teatrostabiletorino.it\/en\/wp-json\/wp\/v2\/posts\/35022"}],"collection":[{"href":"https:\/\/www.teatrostabiletorino.it\/en\/wp-json\/wp\/v2\/posts"}],"about":[{"href":"https:\/\/www.teatrostabiletorino.it\/en\/wp-json\/wp\/v2\/types\/post"}],"author":[{"embeddable":true,"href":"https:\/\/www.teatrostabiletorino.it\/en\/wp-json\/wp\/v2\/users\/2"}],"replies":[{"embeddable":true,"href":"https:\/\/www.teatrostabiletorino.it\/en\/wp-json\/wp\/v2\/comments?post=35022"}],"version-history":[{"count":0,"href":"https:\/\/www.teatrostabiletorino.it\/en\/wp-json\/wp\/v2\/posts\/35022\/revisions"}],"wp:featuredmedia":[{"embeddable":true,"href":"https:\/\/www.teatrostabiletorino.it\/en\/wp-json\/wp\/v2\/media\/35028"}],"wp:attachment":[{"href":"https:\/\/www.teatrostabiletorino.it\/en\/wp-json\/wp\/v2\/media?parent=35022"}],"wp:term":[{"taxonomy":"category","embeddable":true,"href":"https:\/\/www.teatrostabiletorino.it\/en\/wp-json\/wp\/v2\/categories?post=35022"},{"taxonomy":"post_tag","embeddable":true,"href":"https:\/\/www.teatrostabiletorino.it\/en\/wp-json\/wp\/v2\/tags?post=35022"}],"curies":[{"name":"wp","href":"https:\/\/api.w.org\/{rel}","templated":true}]}}