{"id":35198,"date":"2017-12-20T13:00:47","date_gmt":"2017-12-20T12:00:47","guid":{"rendered":"http:\/\/www.teatrostabiletorino.it\/?p=35198"},"modified":"2018-02-26T16:23:03","modified_gmt":"2018-02-26T15:23:03","slug":"gabriele-vacis-alla-direzione-della-scuola-attori-del-teatro-stabile-torino-teatro-nazionale-fausto-paravidino-dramaturg-residente","status":"publish","type":"post","link":"https:\/\/www.teatrostabiletorino.it\/en\/gabriele-vacis-alla-direzione-della-scuola-attori-del-teatro-stabile-torino-teatro-nazionale-fausto-paravidino-dramaturg-residente\/","title":{"rendered":"GABRIELE VACIS ALLA DIREZIONE DELLA SCUOLA PER ATTORI DEL TEATRO STABILE DI TORINO \u2013 TEATRO NAZIONALE. FAUSTO PARAVIDINO DRAMATURG RESIDENTE"},"content":{"rendered":"<p class=\"qtranxs-available-languages-message qtranxs-available-languages-message-en\">Sorry, this entry is only available in <a href=\"https:\/\/www.teatrostabiletorino.it\/it\/wp-json\/wp\/v2\/posts\/35198\" class=\"qtranxs-available-language-link qtranxs-available-language-link-it\" title=\"Italiano\">Italiano<\/a>.<\/p><p><div class=\"fusion-fullwidth fullwidth-box fusion-builder-row-1 hundred-percent-fullwidth non-hundred-percent-height-scrolling\" style=\"--awb-border-radius-top-left:0px;--awb-border-radius-top-right:0px;--awb-border-radius-bottom-right:0px;--awb-border-radius-bottom-left:0px;--awb-overflow:visible;--awb-flex-wrap:wrap;\" ><div class=\"fusion-builder-row fusion-row\"><div class=\"fusion-layout-column fusion_builder_column fusion-builder-column-0 fusion_builder_column_1_1 1_1 fusion-one-full fusion-column-first fusion-column-last fusion-column-no-min-height\" style=\"--awb-bg-size:cover;--awb-margin-bottom:0px;\"><div class=\"fusion-column-wrapper fusion-flex-column-wrapper-legacy\">\n<p style=\"text-align: justify;\">Come gi\u00e0 annunciato nei mesi scorsi, il 2018 segna un punto di svolta per il Teatro Stabile di Torino: <strong>Valerio Binasco<\/strong> succede in qualit\u00e0 di <strong>Direttore artistico<\/strong> a Mario Martone. L\u2019avvicendamento implicher\u00e0 un cambiamento significativo nelle modalit\u00e0 di esercizio del ruolo, poich\u00e9 a Binasco sono stati richiesti, oltre alla progettazione artistica dell\u2019attivit\u00e0 istituzionale, anche una presenza intensa e un impegno produttivo forte che si concretizzer\u00e0 nella regia di due nuovi titoli per ciascuno dei tre anni di incarico, con l\u2019obiettivo di connotare con il suo riconosciuto talento l\u2019identit\u00e0 dello Stabile.<br \/>\nLa partenza di Martone coincide con quella di Valter Malosti, che a fine dicembre lascer\u00e0 la direzione della Scuola per attori per andare a guidare la Fondazione TPE (i due ruoli non sono compatibili per legge): a lui va il ringraziamento pi\u00f9 sincero per la dedizione, la competenza e la responsabilit\u00e0 con le quali ha curato il lavoro di formazione e avviamento professionale degli allievi. I vertici dello Stabile \u2013 il <strong>Presidente Vallarino Gancia<\/strong>, il Direttore <strong>Filippo Fonsatti<\/strong> e appunto il neo Direttore artistico <strong>Valerio Binasco<\/strong> \u2013 in pieno accordo e sentito il parere del Consiglio di amministrazione e dei Soci aderenti, hanno proposto a <strong>Gabriele Vacis<\/strong> di assumere l\u2019incarico di <strong>Direttore della Scuola per Attori<\/strong>, ruolo che corona la sua importante carriera didattica, esercitata con autentica vocazione per tanti anni alla Scuola d\u2019arte drammatica \u201cPaolo Grassi\u201d di Milano formando alcuni grandi artisti come Damiano Michieletto, Emma Dante, Serena Sinigaglia, Giuseppe Battiston, Fausto Russo Alesi, proseguita all\u2019Universit\u00e0 Cattolica di Milano dove ha insegnato presso la Facolt\u00e0 di Lettere e Filosofia e infine alla Scuola Holden di Torino. Vacis manterr\u00e0 comunque la guida dell\u2019Istituto di pratiche teatrali per la cura della persona, creato presso lo Stabile l\u2019anno scorso, coniugando la formazione professionale accademica con quella pi\u00f9 innovativa e trasversale rivolta ad attori e operatori che agiscono in contesti teatrali differenti dal palcoscenico, come quello sociale e terapeutico.<br \/>\nInoltre, con l\u2019obiettivo di consolidare un rapporto integrato, organico e complementare tra diverse funzioni del nostro Teatro quali la produzione, la formazione e la ricerca, \u00e8 stato invitato <strong>Fausto Paravidino<\/strong> quale <strong>Dramaturg residente<\/strong> dello Stabile, figura strategica nei teatri europei ma assente in quelli italiani. Paravidino svilupper\u00e0 in modo strutturato la ricerca sulla drammaturgia contemporanea attraverso un cantiere permanente per autori, ma anche registi, attori, critici e artisti visivi, impegnati nella selezione di testi di drammaturghi viventi, nella commissione e produzione di nuovi, nel confronto sulla scrittura teatrale. L\u2019autorevolezza di Paravidino \u00e8 testimoniata non solo dalla prossima pubblicazione presso la casa editrice Einaudi di un volume antologico sul suo teatro, dalla vittoria dei premi Ubu, Tondelli e Gassman e dalla presidenza della giuria del Premio Riccione, ma dall\u2019essere uno dei pi\u00f9 rappresentati autori italiani in Europa, dalla Com\u00e9die-Fran\u00e7aise di Parigi al Royal Court Theatre di Londra, dal Dramaten di Stoccolma ai maggiori teatri tedeschi.<br \/>\nCon l\u2019approdo di Vacis e Paravidino si completa una squadra affiatata che, diretta artisticamente dal carisma di Binasco, sapr\u00e0 connotare in maniera molto forte il progetto culturale dello Stabile in vista dell\u2019istanza ministeriale del triennio 2018-2020; squadra composta tra l\u2019altro da tre grandi talenti di diverse generazioni ma di comune provenienza geografica, il Piemonte. Su proposta di Binasco, lui stesso condirettore della Scuola per attori, Vacis e Paravidino saranno coinvolti nell\u2019attivit\u00e0 teatrale oltre i loro rispettivi ruoli nella formazione e ricerca: il primo curer\u00e0 la regia di Cuore\/Tenebra da De Amicis e Conrad e la ripresa di Novecento di Baricco nel 25\u00b0 anniversario dal debutto, mentre del secondo lo Stabile di Torino coprodurr\u00e0 con quello di Bolzano Il senso della vita di Emma e, coi teatri di Marsiglia, Toulon e Trieste, Abramo \/ after Babel.<br \/>\n\u00abSalutiamo con grande soddisfazione l\u2019approdo di Vacis e di Paravidino nella nostra squadra \u2013 dichiarano il Presidente Vallarino Gancia, il Direttore Filippo Fonsatti e il Direttore artistico Valerio Binasco \u2013 certi che le loro competenze siano risorse preziose e possano contribuire in modo sostanziale alla conferma del Teatro Stabile al vertice della scena italiana e internazionale e all\u2019ampliamento delle proprie funzioni pubbliche a favore della comunit\u00e0\u00bb.<\/p>\n<p><a href=\"http:\/\/www.teatrostabiletorino.it\/wp-content\/uploads\/2017\/12\/Gabriele-Vacis-Direttore-Scuola-TST_Fausto-Paravidino-Dramaturg.pdf\">01_Comunicato stampa Gabriele Vacis Direttore Scuola TST_Fausto Paravidino Dramaturg<\/a><\/p>\n<p>&nbsp;<\/p>\n\n\t\t<style type=\"text\/css\">\n\t\t\t#gallery-1 {\n\t\t\t\tmargin: auto;\n\t\t\t}\n\t\t\t#gallery-1 .gallery-item {\n\t\t\t\tfloat: left;\n\t\t\t\tmargin-top: 10px;\n\t\t\t\ttext-align: center;\n\t\t\t\twidth: 33%;\n\t\t\t}\n\t\t\t#gallery-1 img {\n\t\t\t\tborder: 2px solid #cfcfcf;\n\t\t\t}\n\t\t\t#gallery-1 .gallery-caption {\n\t\t\t\tmargin-left: 0;\n\t\t\t}\n\t\t\t\/* see gallery_shortcode() in wp-includes\/media.php *\/\n\t\t<\/style>\n\t\t<div id='gallery-1' class='gallery galleryid-35198 gallery-columns-3 gallery-size-thumbnail'><dl class='gallery-item'>\n\t\t\t<dt class='gallery-icon landscape'>\n\t\t\t\t<a data-rel=\"iLightbox[postimages]\" data-title=\"Filippo Fonsatti_01_ph Andrea Guermani\" data-caption=\"Filippo Fonsatti, Direttore del Teatro Stabile di Torino - Teatro Nazionale  photo Andrea Guermani\" href='https:\/\/www.teatrostabiletorino.it\/wp-content\/uploads\/2017\/12\/Filippo-Fonsatti_01_ph-Andrea-Guermani.jpg'><img decoding=\"async\" width=\"150\" height=\"150\" src=\"https:\/\/www.teatrostabiletorino.it\/wp-content\/uploads\/2017\/12\/Filippo-Fonsatti_01_ph-Andrea-Guermani-150x150.jpg\" class=\"attachment-thumbnail size-thumbnail lazyload\" alt=\"\" aria-describedby=\"gallery-1-35201\" srcset=\"data:image\/svg+xml,%3Csvg%20xmlns%3D%27http%3A%2F%2Fwww.w3.org%2F2000%2Fsvg%27%20width%3D%27779%27%20height%3D%27674%27%20viewBox%3D%270%200%20779%20674%27%3E%3Crect%20width%3D%27779%27%20height%3D%27674%27%20fill-opacity%3D%220%22%2F%3E%3C%2Fsvg%3E\" data-orig-src=\"https:\/\/www.teatrostabiletorino.it\/wp-content\/uploads\/2017\/12\/Filippo-Fonsatti_01_ph-Andrea-Guermani-150x150.jpg\" data-srcset=\"https:\/\/www.teatrostabiletorino.it\/wp-content\/uploads\/2017\/12\/Filippo-Fonsatti_01_ph-Andrea-Guermani-66x66.jpg 66w, https:\/\/www.teatrostabiletorino.it\/wp-content\/uploads\/2017\/12\/Filippo-Fonsatti_01_ph-Andrea-Guermani-150x150.jpg 150w\" data-sizes=\"auto\" \/><\/a>\n\t\t\t<\/dt>\n\t\t\t\t<dd class='wp-caption-text gallery-caption' id='gallery-1-35201'>\n\t\t\t\tFilippo Fonsatti, Direttore del Teatro Stabile di Torino &#8211; Teatro Nazionale <br> photo Andrea Guermani\n\t\t\t\t<\/dd><\/dl><dl class='gallery-item'>\n\t\t\t<dt class='gallery-icon landscape'>\n\t\t\t\t<a data-rel=\"iLightbox[postimages]\" data-title=\"Valerio Binasco\u00a9Photo Bepi Caroli_DSC_1326\" data-caption=\"Valerio Binasco, Direttore Artistico del Teatro Stabile di Torino - Teatro Nazionale dal 1\u00b0 gennaio 2018 &gt;br&gt; Photo Bepi Caroli\" href='https:\/\/www.teatrostabiletorino.it\/wp-content\/uploads\/2017\/12\/Valerio-Binasco\u00a9Photo-Bepi-Caroli_DSC_1326.jpg'><img decoding=\"async\" width=\"150\" height=\"150\" src=\"https:\/\/www.teatrostabiletorino.it\/wp-content\/uploads\/2017\/12\/Valerio-Binasco\u00a9Photo-Bepi-Caroli_DSC_1326-150x150.jpg\" class=\"attachment-thumbnail size-thumbnail lazyload\" alt=\"\" aria-describedby=\"gallery-1-35203\" srcset=\"data:image\/svg+xml,%3Csvg%20xmlns%3D%27http%3A%2F%2Fwww.w3.org%2F2000%2Fsvg%27%20width%3D%271264%27%20height%3D%271120%27%20viewBox%3D%270%200%201264%201120%27%3E%3Crect%20width%3D%271264%27%20height%3D%271120%27%20fill-opacity%3D%220%22%2F%3E%3C%2Fsvg%3E\" data-orig-src=\"https:\/\/www.teatrostabiletorino.it\/wp-content\/uploads\/2017\/12\/Valerio-Binasco\u00a9Photo-Bepi-Caroli_DSC_1326-150x150.jpg\" data-srcset=\"https:\/\/www.teatrostabiletorino.it\/wp-content\/uploads\/2017\/12\/Valerio-Binasco\u00a9Photo-Bepi-Caroli_DSC_1326-66x66.jpg 66w, https:\/\/www.teatrostabiletorino.it\/wp-content\/uploads\/2017\/12\/Valerio-Binasco\u00a9Photo-Bepi-Caroli_DSC_1326-150x150.jpg 150w\" data-sizes=\"auto\" \/><\/a>\n\t\t\t<\/dt>\n\t\t\t\t<dd class='wp-caption-text gallery-caption' id='gallery-1-35203'>\n\t\t\t\tValerio Binasco, Direttore Artistico del Teatro Stabile di Torino &#8211; Teatro Nazionale dal 1\u00b0 gennaio 2018 >br> Photo Bepi Caroli\n\t\t\t\t<\/dd><\/dl><dl class='gallery-item'>\n\t\t\t<dt class='gallery-icon portrait'>\n\t\t\t\t<a data-rel=\"iLightbox[postimages]\" data-title=\"Gabriele Vacis\" data-caption=\"Gabriele Vacis, Direttore della Scuola per Attori del Teatro Stabile di Torino - Teatro Nazionale dal 1\u00b0 gennaio 2018\" href='https:\/\/www.teatrostabiletorino.it\/wp-content\/uploads\/2017\/12\/Gabriele-Vacis.jpg'><img decoding=\"async\" width=\"150\" height=\"150\" src=\"https:\/\/www.teatrostabiletorino.it\/wp-content\/uploads\/2017\/12\/Gabriele-Vacis-150x150.jpg\" class=\"attachment-thumbnail size-thumbnail lazyload\" alt=\"\" aria-describedby=\"gallery-1-35202\" srcset=\"data:image\/svg+xml,%3Csvg%20xmlns%3D%27http%3A%2F%2Fwww.w3.org%2F2000%2Fsvg%27%20width%3D%271000%27%20height%3D%271523%27%20viewBox%3D%270%200%201000%201523%27%3E%3Crect%20width%3D%271000%27%20height%3D%271523%27%20fill-opacity%3D%220%22%2F%3E%3C%2Fsvg%3E\" data-orig-src=\"https:\/\/www.teatrostabiletorino.it\/wp-content\/uploads\/2017\/12\/Gabriele-Vacis-150x150.jpg\" data-srcset=\"https:\/\/www.teatrostabiletorino.it\/wp-content\/uploads\/2017\/12\/Gabriele-Vacis-66x66.jpg 66w, https:\/\/www.teatrostabiletorino.it\/wp-content\/uploads\/2017\/12\/Gabriele-Vacis-150x150.jpg 150w\" data-sizes=\"auto\" \/><\/a>\n\t\t\t<\/dt>\n\t\t\t\t<dd class='wp-caption-text gallery-caption' id='gallery-1-35202'>\n\t\t\t\tGabriele Vacis, Direttore della Scuola per Attori del Teatro Stabile di Torino &#8211; Teatro Nazionale dal 1\u00b0 gennaio 2018\n\t\t\t\t<\/dd><\/dl><br style=\"clear: both\" \/><dl class='gallery-item'>\n\t\t\t<dt class='gallery-icon landscape'>\n\t\t\t\t<a data-rel=\"iLightbox[postimages]\" data-title=\"Fausto Paravidino\" data-caption=\"Fausto Paravidino, Dramaturg residente del Teatro Stabile di Torino - Teatro Nazionale dal 1\u00b0 gennaio 2018\" href='https:\/\/www.teatrostabiletorino.it\/wp-content\/uploads\/2017\/12\/Fausto-Paravidino.jpeg'><img decoding=\"async\" width=\"150\" height=\"150\" src=\"https:\/\/www.teatrostabiletorino.it\/wp-content\/uploads\/2017\/12\/Fausto-Paravidino-150x150.jpeg\" class=\"attachment-thumbnail size-thumbnail lazyload\" alt=\"\" aria-describedby=\"gallery-1-35200\" srcset=\"data:image\/svg+xml,%3Csvg%20xmlns%3D%27http%3A%2F%2Fwww.w3.org%2F2000%2Fsvg%27%20width%3D%27750%27%20height%3D%27500%27%20viewBox%3D%270%200%20750%20500%27%3E%3Crect%20width%3D%27750%27%20height%3D%27500%27%20fill-opacity%3D%220%22%2F%3E%3C%2Fsvg%3E\" data-orig-src=\"https:\/\/www.teatrostabiletorino.it\/wp-content\/uploads\/2017\/12\/Fausto-Paravidino-150x150.jpeg\" data-srcset=\"https:\/\/www.teatrostabiletorino.it\/wp-content\/uploads\/2017\/12\/Fausto-Paravidino-66x66.jpeg 66w, https:\/\/www.teatrostabiletorino.it\/wp-content\/uploads\/2017\/12\/Fausto-Paravidino-150x150.jpeg 150w\" data-sizes=\"auto\" \/><\/a>\n\t\t\t<\/dt>\n\t\t\t\t<dd class='wp-caption-text gallery-caption' id='gallery-1-35200'>\n\t\t\t\tFausto Paravidino, Dramaturg residente del Teatro Stabile di Torino &#8211; Teatro Nazionale dal 1\u00b0 gennaio 2018\n\t\t\t\t<\/dd><\/dl><dl class='gallery-item'>\n\t\t\t<dt class='gallery-icon landscape'>\n\t\t\t\t<a data-rel=\"iLightbox[postimages]\" data-title=\"DSC_6315ok\" data-caption=\"Teatro Carignano  Photo Bruna Biamino\" href='https:\/\/www.teatrostabiletorino.it\/wp-content\/uploads\/2017\/12\/DSC_6315ok.jpg'><img decoding=\"async\" width=\"150\" height=\"150\" src=\"https:\/\/www.teatrostabiletorino.it\/wp-content\/uploads\/2017\/12\/DSC_6315ok-150x150.jpg\" class=\"attachment-thumbnail size-thumbnail lazyload\" alt=\"\" aria-describedby=\"gallery-1-35204\" srcset=\"data:image\/svg+xml,%3Csvg%20xmlns%3D%27http%3A%2F%2Fwww.w3.org%2F2000%2Fsvg%27%20width%3D%271476%27%20height%3D%271139%27%20viewBox%3D%270%200%201476%201139%27%3E%3Crect%20width%3D%271476%27%20height%3D%271139%27%20fill-opacity%3D%220%22%2F%3E%3C%2Fsvg%3E\" data-orig-src=\"https:\/\/www.teatrostabiletorino.it\/wp-content\/uploads\/2017\/12\/DSC_6315ok-150x150.jpg\" data-srcset=\"https:\/\/www.teatrostabiletorino.it\/wp-content\/uploads\/2017\/12\/DSC_6315ok-66x66.jpg 66w, https:\/\/www.teatrostabiletorino.it\/wp-content\/uploads\/2017\/12\/DSC_6315ok-150x150.jpg 150w\" data-sizes=\"auto\" \/><\/a>\n\t\t\t<\/dt>\n\t\t\t\t<dd class='wp-caption-text gallery-caption' id='gallery-1-35204'>\n\t\t\t\tTeatro Carignano <br> Photo Bruna Biamino\n\t\t\t\t<\/dd><\/dl>\n\t\t\t<br style='clear: both' \/>\n\t\t<\/div>\n\n<p>&nbsp;<\/p>\n<p>&nbsp;<div class=\"fusion-clearfix\"><\/div><\/div><\/div><\/div><\/div><\/p>","protected":false},"excerpt":{"rendered":"","protected":false},"author":2,"featured_media":35204,"comment_status":"closed","ping_status":"closed","sticky":false,"template":"","format":"standard","meta":{"_acf_changed":false,"footnotes":""},"categories":[85],"tags":[],"acf":[],"_links":{"self":[{"href":"https:\/\/www.teatrostabiletorino.it\/en\/wp-json\/wp\/v2\/posts\/35198"}],"collection":[{"href":"https:\/\/www.teatrostabiletorino.it\/en\/wp-json\/wp\/v2\/posts"}],"about":[{"href":"https:\/\/www.teatrostabiletorino.it\/en\/wp-json\/wp\/v2\/types\/post"}],"author":[{"embeddable":true,"href":"https:\/\/www.teatrostabiletorino.it\/en\/wp-json\/wp\/v2\/users\/2"}],"replies":[{"embeddable":true,"href":"https:\/\/www.teatrostabiletorino.it\/en\/wp-json\/wp\/v2\/comments?post=35198"}],"version-history":[{"count":0,"href":"https:\/\/www.teatrostabiletorino.it\/en\/wp-json\/wp\/v2\/posts\/35198\/revisions"}],"wp:featuredmedia":[{"embeddable":true,"href":"https:\/\/www.teatrostabiletorino.it\/en\/wp-json\/wp\/v2\/media\/35204"}],"wp:attachment":[{"href":"https:\/\/www.teatrostabiletorino.it\/en\/wp-json\/wp\/v2\/media?parent=35198"}],"wp:term":[{"taxonomy":"category","embeddable":true,"href":"https:\/\/www.teatrostabiletorino.it\/en\/wp-json\/wp\/v2\/categories?post=35198"},{"taxonomy":"post_tag","embeddable":true,"href":"https:\/\/www.teatrostabiletorino.it\/en\/wp-json\/wp\/v2\/tags?post=35198"}],"curies":[{"name":"wp","href":"https:\/\/api.w.org\/{rel}","templated":true}]}}