{"id":35208,"date":"2018-01-12T12:33:19","date_gmt":"2018-01-12T11:33:19","guid":{"rendered":"http:\/\/www.teatrostabiletorino.it\/?p=35208"},"modified":"2018-02-26T16:22:58","modified_gmt":"2018-02-26T15:22:58","slug":"debutta-nazionale-lillusion-comique-pierre-corneille-la-regia-fabrizio-falco-nuova-produzione-del-teatro-stabile-torino-teatro-nazionale","status":"publish","type":"post","link":"https:\/\/www.teatrostabiletorino.it\/en\/debutta-nazionale-lillusion-comique-pierre-corneille-la-regia-fabrizio-falco-nuova-produzione-del-teatro-stabile-torino-teatro-nazionale\/","title":{"rendered":"DEBUTTA IN PRIMA NAZIONALE \u201cL\u2019ILLUSION COMIQUE\u201d DI PIERRE CORNEILLE, CON LA REGIA DI FABRIZIO FALCO, NUOVA PRODUZIONE DEL TEATRO STABILE DI TORINO \u2013 TEATRO NAZIONALE Teatro Gobetti di Torino, dal 16 gennaio al 4 febbraio 2018"},"content":{"rendered":"<p class=\"qtranxs-available-languages-message qtranxs-available-languages-message-en\">Sorry, this entry is only available in <a href=\"https:\/\/www.teatrostabiletorino.it\/it\/wp-json\/wp\/v2\/posts\/35208\" class=\"qtranxs-available-language-link qtranxs-available-language-link-it\" title=\"Italiano\">Italiano<\/a>.<\/p><p><div class=\"fusion-fullwidth fullwidth-box fusion-builder-row-1 hundred-percent-fullwidth non-hundred-percent-height-scrolling\" style=\"--awb-border-radius-top-left:0px;--awb-border-radius-top-right:0px;--awb-border-radius-bottom-right:0px;--awb-border-radius-bottom-left:0px;--awb-overflow:visible;--awb-flex-wrap:wrap;\" ><div class=\"fusion-builder-row fusion-row\"><div class=\"fusion-layout-column fusion_builder_column fusion-builder-column-0 fusion_builder_column_1_1 1_1 fusion-one-full fusion-column-first fusion-column-last fusion-column-no-min-height\" style=\"--awb-bg-size:cover;--awb-margin-bottom:0px;\"><div class=\"fusion-column-wrapper fusion-flex-column-wrapper-legacy\">Il<strong> Teatro Stabile di Torino &#8211; Teatro Nazionale<\/strong> presenta al Teatro Gobetti, marted\u00ec 16 gennaio 2018, alle ore 19.30, in prima nazionale<strong> L\u2019ILLUSION COMIQUE<\/strong> di <strong>Pierre Corneille<\/strong>, per la regia di <strong>Fabrizio Falco<\/strong>. Lo spettacolo \u00e8 interpretato da <strong>Titino Carrara, Leonardo De Colle, Loris Fabiani, Fabrizio Falco, Mariangela Granelli, Elisabetta Misasi, Massimo Odierna, Matthieu Pastore, Maurizio Spicuzza<\/strong>.<br \/>\nLe scene e i costumi sono di <strong>Eleonora Rossi<\/strong>, le luci di <strong>Pasquale Mari<\/strong>, le musiche di <strong>Angelo Vitaliano<\/strong>. <em>L\u2019Illusion Comique<\/em> \u00e8 prodotto in collaborazione con il Centro Teatrale Santacristina e rester\u00e0 in scena al Gobetti fino al 4 febbraio 2018.<\/p>\n<p><em>Commedia, pastorale e tragedia allo stesso tempo, <\/em>L\u2019Illusion Comique<em> di Pierre Corneille \u00e8 un capolavoro del teatro barocco. Fabrizio Falco dirige e interpreta (nel ruolo di Clindoro) questa spettacolare condensa di generi teatrali.<\/em><\/p>\n<p>Un atto d\u2019amore per la scena con una trama che gioca tra magia e spettacolo, legati dalla stessa natura: dare l\u2019apparenza del reale. Messinese, Fabrizio Falco da tempo alterna i ruoli da interprete alla regia, come per Galois di Paolo Giordano e per Ritratto d\u2019Italia da Leopardi, entrambi prodotti dal Teatro Stabile di Torino. Per la stagione 2017\/2018 dirige <em>L\u2019Illusion Comique<\/em> di Pierre Corneille, capolavoro del teatro barocco. Una storia importante a teatro, con alcuni dei pi\u00f9 grandi registi (Luca Ronconi, Eimuntas Nekro\u0161ius, Nikolaj Karpov), ma anche una carriera cinematografica di tutto rispetto (Marco Bellocchio, Daniele Cipr\u00ec): questo il curriculum di Fabrizio Falco, tra i talenti pi\u00f9 giovani e brillanti del panorama italiano.<br \/>\nCommedia in cinque atti di Pierre Corneille, rappresentata al Th\u00e9\u00e0tre du Marais di Parigi tra il novembre 1635 e la Pasqua del 1636, <em>L\u2019Illusion Comique<\/em> racconta la storia di un padre (Pridamante) alla ricerca del proprio figlio (Clindoro), dei suoi rimorsi per essere stato duro con lui e dei tentativi per sapere se \u00e8 ancora vivo; e racconta anche le peripezie amorose del giovane che lo conducono in prigione, e della sua fuga con la ragazza che ama (Isabella).<br \/>\nUna fitta trama che si lega a temi portanti come la magia e il teatro, legati dalla stessa natura, quella di dare l\u2019apparenza del reale, cos\u00ec come il tema dell\u2019illusione, motore di stupore ma anche di equivoci e fraintendimenti.<\/p>\n<p><strong>Note di regia di Fabrizio Falco<\/strong><br \/>\n\u00abParlare de L\u2019Illuision Comique non \u00e8 impresa facile. Corneille lo definisce uno &#8220;strano mostro&#8221; per la condensa di generi teatrali in esso contenuti e per la capicit\u00e0 che ha l&#8217;opera di sovvertire tutti gli schemi. La cosa che da sempre mi ha affascinato de <em>L&#8217;Illusion<\/em> \u00e8 il rapporto tra il suo bizzarro rigore formale e la libert\u00e0 di invenzione che \u00e8 nascosta tra le sue maglie.<br \/>\nPridamante alla disperata ricerca del figlio, si imbatte nel mago Alcandro che gli mostra, grazie all&#8217;apparizione di &#8220;fantasmi parlanti&#8221;, le scene della vita di Clindoro dalla sua fuga fino ad oggi. Per me il nucleo centrale di questo testo, si trova proprio nel rapporto padre-figlio, vissuto attraverso il filtro del teatro. Il padre a sua insaputa assiste ad una rappresentazione (forse menzognera?) della vita di Clindoro. Vita e teatro, cos\u00ec si impastano, rendendo labili i confini tra verit\u00e0 e menzogna. Pridamante attraverso quello che vede, riflette su di s\u00e9, scatenando una catarsi di dickensiana memoria, diventa primo spettatore di una comunit\u00e0 pi\u00f9 vasta (quella che assister\u00e0 al nostro spettacolo) che seguendo le gesta di Clindoro e compagnia si porter\u00e0 a casa pezzetti di vita che la riguardano, si spera, da vicino. Il teatro inteso, quindi, come potente forma di comunicazione umana (uno degli ultimi baluardi), capace di coinvolgere e di far riflettere sulla sua stessa utilit\u00e0. Partendo da questo triangolo tra la vicenda, il padre e il pubblico, mi \u00e8 sembrato interessante cercare le tracce di un racconto metateatrale su la compagnia di cui fa parte Clindoro. Se il figlio di Pridamante e i suoi amici sono degli attori, qualche elemento doveva pur essere disseminato nel testo: i rapporti tra gli attori, le sfide a colpi di versi, attori vecchi e attori nuovi, una possibile scalata dal genere della commedia alla tragedia (come quella che far\u00e0 Corneille dopo aver partorito <em>L\u2019Illusion Comique<\/em>). Cos\u00ec come un ricercatore di metalli preziosi, ho setacciato il testo alla scoperta di indizi. Credo di averne trovati a sufficienza da rendere plausibile e non arbitraria questa mia lettura. Buon viaggio allora e &#8220;qualunque cosa appaia non abbiate spavento&#8221;\u00bb.<\/p>\n<p>Per RETROSCENA<br \/>\nil progetto realizzato dal Teatro Stabile di Torino \u2013 Teatro Nazionale con l\u2019Universit\u00e0 degli Studi di Torino \/ Dams &#8211; Universit\u00e0 degli Studi di Torino \/ CRAD<br \/>\nal TEATRO GOBETTI<br \/>\nmercoled\u00ec 17 gennaio 2018, alle ore 17.30<br \/>\nFabrizio Falco e gli attori della Compagnia<br \/>\ndialogano con Enrico Mattioda (Dams\/Universit\u00e0 di Torino)<br \/>\nsu L\u2019ILLUSION COMIQUE di Pierre Corneille<\/p>\n<p>Ingresso libero fino ad esaurimento dei posti in sala<\/p>\n<p><a href=\"http:\/\/www.teatrostabiletorino.it\/wp-content\/uploads\/2018\/01\/01_Comunicato-ILLUSION-COMIQUE-regia-F_Falco.pdf\">01_Comunicato ILLUSION COMIQUE regia F_Falco<\/a><\/p>\n<p><a href=\"http:\/\/www.teatrostabiletorino.it\/wp-content\/uploads\/2018\/01\/quaderno_autocopertinato_ILLUSION_leggero_editabile.pdf\">02_Programma di sala<\/a><\/p>\n<p><a href=\"http:\/\/www.teatrostabiletorino.it\/wp-content\/uploads\/2018\/01\/03_Fabrizio-Falco_curriculum.pdf\">03_Fabrizio Falco_curriculum<\/a><\/p>\n<p>&nbsp;<\/p>\n\n\t\t<style type=\"text\/css\">\n\t\t\t#gallery-1 {\n\t\t\t\tmargin: auto;\n\t\t\t}\n\t\t\t#gallery-1 .gallery-item {\n\t\t\t\tfloat: left;\n\t\t\t\tmargin-top: 10px;\n\t\t\t\ttext-align: center;\n\t\t\t\twidth: 33%;\n\t\t\t}\n\t\t\t#gallery-1 img {\n\t\t\t\tborder: 2px solid #cfcfcf;\n\t\t\t}\n\t\t\t#gallery-1 .gallery-caption {\n\t\t\t\tmargin-left: 0;\n\t\t\t}\n\t\t\t\/* see gallery_shortcode() in wp-includes\/media.php *\/\n\t\t<\/style>\n\t\t<div id='gallery-1' class='gallery galleryid-35208 gallery-columns-3 gallery-size-thumbnail'><dl class='gallery-item'>\n\t\t\t<dt class='gallery-icon landscape'>\n\t\t\t\t<a data-rel=\"iLightbox[postimages]\" data-title=\"01_Illusion Comique_1170-phMarinaAlessi-R\" data-caption=\"Fabrizio Falcoph Marina Alessi\" href='https:\/\/www.teatrostabiletorino.it\/en\/debutta-nazionale-lillusion-comique-pierre-corneille-la-regia-fabrizio-falco-nuova-produzione-del-teatro-stabile-torino-teatro-nazionale\/01_illusion-comique_1170-phmarinaalessi-r\/'><img decoding=\"async\" width=\"150\" height=\"150\" src=\"https:\/\/www.teatrostabiletorino.it\/wp-content\/uploads\/2017\/12\/01_Illusion-Comique_1170-phMarinaAlessi-R-150x150.jpg\" class=\"attachment-thumbnail size-thumbnail lazyload\" alt=\"\" aria-describedby=\"gallery-1-35366\" srcset=\"data:image\/svg+xml,%3Csvg%20xmlns%3D%27http%3A%2F%2Fwww.w3.org%2F2000%2Fsvg%27%20width%3D%271772%27%20height%3D%271181%27%20viewBox%3D%270%200%201772%201181%27%3E%3Crect%20width%3D%271772%27%20height%3D%271181%27%20fill-opacity%3D%220%22%2F%3E%3C%2Fsvg%3E\" data-orig-src=\"https:\/\/www.teatrostabiletorino.it\/wp-content\/uploads\/2017\/12\/01_Illusion-Comique_1170-phMarinaAlessi-R-150x150.jpg\" data-srcset=\"https:\/\/www.teatrostabiletorino.it\/wp-content\/uploads\/2017\/12\/01_Illusion-Comique_1170-phMarinaAlessi-R-66x66.jpg 66w, https:\/\/www.teatrostabiletorino.it\/wp-content\/uploads\/2017\/12\/01_Illusion-Comique_1170-phMarinaAlessi-R-150x150.jpg 150w\" data-sizes=\"auto\" \/><\/a>\n\t\t\t<\/dt>\n\t\t\t\t<dd class='wp-caption-text gallery-caption' id='gallery-1-35366'>\n\t\t\t\tFabrizio Falco<br>ph Marina Alessi\n\t\t\t\t<\/dd><\/dl><dl class='gallery-item'>\n\t\t\t<dt class='gallery-icon landscape'>\n\t\t\t\t<a data-rel=\"iLightbox[postimages]\" data-title=\"02_Illusion Comique_0970-phMarinaAlessi-R\" data-caption=\"Mariangela Granelli, Fabrizio Falco ph Marina Alessi\" href='https:\/\/www.teatrostabiletorino.it\/en\/debutta-nazionale-lillusion-comique-pierre-corneille-la-regia-fabrizio-falco-nuova-produzione-del-teatro-stabile-torino-teatro-nazionale\/02_illusion-comique_0970-phmarinaalessi-r\/'><img decoding=\"async\" width=\"150\" height=\"150\" src=\"https:\/\/www.teatrostabiletorino.it\/wp-content\/uploads\/2017\/12\/02_Illusion-Comique_0970-phMarinaAlessi-R-150x150.jpg\" class=\"attachment-thumbnail size-thumbnail lazyload\" alt=\"\" aria-describedby=\"gallery-1-35367\" srcset=\"data:image\/svg+xml,%3Csvg%20xmlns%3D%27http%3A%2F%2Fwww.w3.org%2F2000%2Fsvg%27%20width%3D%271772%27%20height%3D%271181%27%20viewBox%3D%270%200%201772%201181%27%3E%3Crect%20width%3D%271772%27%20height%3D%271181%27%20fill-opacity%3D%220%22%2F%3E%3C%2Fsvg%3E\" data-orig-src=\"https:\/\/www.teatrostabiletorino.it\/wp-content\/uploads\/2017\/12\/02_Illusion-Comique_0970-phMarinaAlessi-R-150x150.jpg\" data-srcset=\"https:\/\/www.teatrostabiletorino.it\/wp-content\/uploads\/2017\/12\/02_Illusion-Comique_0970-phMarinaAlessi-R-66x66.jpg 66w, https:\/\/www.teatrostabiletorino.it\/wp-content\/uploads\/2017\/12\/02_Illusion-Comique_0970-phMarinaAlessi-R-150x150.jpg 150w\" data-sizes=\"auto\" \/><\/a>\n\t\t\t<\/dt>\n\t\t\t\t<dd class='wp-caption-text gallery-caption' id='gallery-1-35367'>\n\t\t\t\tMariangela Granelli, Fabrizio Falco <br>ph Marina Alessi\n\t\t\t\t<\/dd><\/dl><dl class='gallery-item'>\n\t\t\t<dt class='gallery-icon landscape'>\n\t\t\t\t<a data-rel=\"iLightbox[postimages]\" data-title=\"03_Illusion Comique_1272-phMarinaAlessi-R\" data-caption=\"Elisabetta Misasi, Fabrizio Falcoph Marina Alessi\" href='https:\/\/www.teatrostabiletorino.it\/en\/debutta-nazionale-lillusion-comique-pierre-corneille-la-regia-fabrizio-falco-nuova-produzione-del-teatro-stabile-torino-teatro-nazionale\/03_illusion-comique_1272-phmarinaalessi-r\/'><img decoding=\"async\" width=\"150\" height=\"150\" src=\"https:\/\/www.teatrostabiletorino.it\/wp-content\/uploads\/2017\/12\/03_Illusion-Comique_1272-phMarinaAlessi-R-150x150.jpg\" class=\"attachment-thumbnail size-thumbnail lazyload\" alt=\"\" aria-describedby=\"gallery-1-35368\" srcset=\"data:image\/svg+xml,%3Csvg%20xmlns%3D%27http%3A%2F%2Fwww.w3.org%2F2000%2Fsvg%27%20width%3D%271772%27%20height%3D%271181%27%20viewBox%3D%270%200%201772%201181%27%3E%3Crect%20width%3D%271772%27%20height%3D%271181%27%20fill-opacity%3D%220%22%2F%3E%3C%2Fsvg%3E\" data-orig-src=\"https:\/\/www.teatrostabiletorino.it\/wp-content\/uploads\/2017\/12\/03_Illusion-Comique_1272-phMarinaAlessi-R-150x150.jpg\" data-srcset=\"https:\/\/www.teatrostabiletorino.it\/wp-content\/uploads\/2017\/12\/03_Illusion-Comique_1272-phMarinaAlessi-R-66x66.jpg 66w, https:\/\/www.teatrostabiletorino.it\/wp-content\/uploads\/2017\/12\/03_Illusion-Comique_1272-phMarinaAlessi-R-150x150.jpg 150w\" data-sizes=\"auto\" \/><\/a>\n\t\t\t<\/dt>\n\t\t\t\t<dd class='wp-caption-text gallery-caption' id='gallery-1-35368'>\n\t\t\t\tElisabetta Misasi, Fabrizio Falco<br>ph Marina Alessi\n\t\t\t\t<\/dd><\/dl><br style=\"clear: both\" \/><dl class='gallery-item'>\n\t\t\t<dt class='gallery-icon landscape'>\n\t\t\t\t<a data-rel=\"iLightbox[postimages]\" data-title=\"04_Illusion Comique_0684-phMarinaAlessi-R\" data-caption=\"Matthieu Pastore, Fabrizio Falcoph Marina Alessi\" href='https:\/\/www.teatrostabiletorino.it\/en\/debutta-nazionale-lillusion-comique-pierre-corneille-la-regia-fabrizio-falco-nuova-produzione-del-teatro-stabile-torino-teatro-nazionale\/04_illusion-comique_0684-phmarinaalessi-r\/'><img decoding=\"async\" width=\"150\" height=\"150\" src=\"https:\/\/www.teatrostabiletorino.it\/wp-content\/uploads\/2017\/12\/04_Illusion-Comique_0684-phMarinaAlessi-R-150x150.jpg\" class=\"attachment-thumbnail size-thumbnail lazyload\" alt=\"\" aria-describedby=\"gallery-1-35369\" srcset=\"data:image\/svg+xml,%3Csvg%20xmlns%3D%27http%3A%2F%2Fwww.w3.org%2F2000%2Fsvg%27%20width%3D%271673%27%20height%3D%271115%27%20viewBox%3D%270%200%201673%201115%27%3E%3Crect%20width%3D%271673%27%20height%3D%271115%27%20fill-opacity%3D%220%22%2F%3E%3C%2Fsvg%3E\" data-orig-src=\"https:\/\/www.teatrostabiletorino.it\/wp-content\/uploads\/2017\/12\/04_Illusion-Comique_0684-phMarinaAlessi-R-150x150.jpg\" data-srcset=\"https:\/\/www.teatrostabiletorino.it\/wp-content\/uploads\/2017\/12\/04_Illusion-Comique_0684-phMarinaAlessi-R-66x66.jpg 66w, https:\/\/www.teatrostabiletorino.it\/wp-content\/uploads\/2017\/12\/04_Illusion-Comique_0684-phMarinaAlessi-R-150x150.jpg 150w\" data-sizes=\"auto\" \/><\/a>\n\t\t\t<\/dt>\n\t\t\t\t<dd class='wp-caption-text gallery-caption' id='gallery-1-35369'>\n\t\t\t\tMatthieu Pastore, Fabrizio Falco<br>ph Marina Alessi\n\t\t\t\t<\/dd><\/dl><dl class='gallery-item'>\n\t\t\t<dt class='gallery-icon landscape'>\n\t\t\t\t<a data-rel=\"iLightbox[postimages]\" data-title=\"05_Illusion Comique_1182-phMarinaAlessi-R\" data-caption=\"Massimo Odierna, Fabrizio Falco, Mariangela Granelli, Elisabetta Misasiph Marina Alessi\" href='https:\/\/www.teatrostabiletorino.it\/en\/debutta-nazionale-lillusion-comique-pierre-corneille-la-regia-fabrizio-falco-nuova-produzione-del-teatro-stabile-torino-teatro-nazionale\/05_illusion-comique_1182-phmarinaalessi-r\/'><img decoding=\"async\" width=\"150\" height=\"150\" src=\"https:\/\/www.teatrostabiletorino.it\/wp-content\/uploads\/2017\/12\/05_Illusion-Comique_1182-phMarinaAlessi-R-150x150.jpg\" class=\"attachment-thumbnail size-thumbnail lazyload\" alt=\"\" aria-describedby=\"gallery-1-35370\" srcset=\"data:image\/svg+xml,%3Csvg%20xmlns%3D%27http%3A%2F%2Fwww.w3.org%2F2000%2Fsvg%27%20width%3D%271870%27%20height%3D%271246%27%20viewBox%3D%270%200%201870%201246%27%3E%3Crect%20width%3D%271870%27%20height%3D%271246%27%20fill-opacity%3D%220%22%2F%3E%3C%2Fsvg%3E\" data-orig-src=\"https:\/\/www.teatrostabiletorino.it\/wp-content\/uploads\/2017\/12\/05_Illusion-Comique_1182-phMarinaAlessi-R-150x150.jpg\" data-srcset=\"https:\/\/www.teatrostabiletorino.it\/wp-content\/uploads\/2017\/12\/05_Illusion-Comique_1182-phMarinaAlessi-R-66x66.jpg 66w, https:\/\/www.teatrostabiletorino.it\/wp-content\/uploads\/2017\/12\/05_Illusion-Comique_1182-phMarinaAlessi-R-150x150.jpg 150w\" data-sizes=\"auto\" \/><\/a>\n\t\t\t<\/dt>\n\t\t\t\t<dd class='wp-caption-text gallery-caption' id='gallery-1-35370'>\n\t\t\t\tMassimo Odierna, Fabrizio Falco, Mariangela Granelli, Elisabetta Misasi<br>ph Marina Alessi\n\t\t\t\t<\/dd><\/dl><dl class='gallery-item'>\n\t\t\t<dt class='gallery-icon landscape'>\n\t\t\t\t<a data-rel=\"iLightbox[postimages]\" data-title=\"06_Illusion Comique_0898-phMarinaAlessi-R\" data-caption=\"Fabrizio Falco, Matthieu Pastore, Maurizio Spicuzzaph Marina Alessi\" href='https:\/\/www.teatrostabiletorino.it\/en\/debutta-nazionale-lillusion-comique-pierre-corneille-la-regia-fabrizio-falco-nuova-produzione-del-teatro-stabile-torino-teatro-nazionale\/06_illusion-comique_0898-phmarinaalessi-r\/'><img decoding=\"async\" width=\"150\" height=\"150\" src=\"https:\/\/www.teatrostabiletorino.it\/wp-content\/uploads\/2017\/12\/06_Illusion-Comique_0898-phMarinaAlessi-R-150x150.jpg\" class=\"attachment-thumbnail size-thumbnail lazyload\" alt=\"\" aria-describedby=\"gallery-1-35371\" srcset=\"data:image\/svg+xml,%3Csvg%20xmlns%3D%27http%3A%2F%2Fwww.w3.org%2F2000%2Fsvg%27%20width%3D%271772%27%20height%3D%271181%27%20viewBox%3D%270%200%201772%201181%27%3E%3Crect%20width%3D%271772%27%20height%3D%271181%27%20fill-opacity%3D%220%22%2F%3E%3C%2Fsvg%3E\" data-orig-src=\"https:\/\/www.teatrostabiletorino.it\/wp-content\/uploads\/2017\/12\/06_Illusion-Comique_0898-phMarinaAlessi-R-150x150.jpg\" data-srcset=\"https:\/\/www.teatrostabiletorino.it\/wp-content\/uploads\/2017\/12\/06_Illusion-Comique_0898-phMarinaAlessi-R-66x66.jpg 66w, https:\/\/www.teatrostabiletorino.it\/wp-content\/uploads\/2017\/12\/06_Illusion-Comique_0898-phMarinaAlessi-R-150x150.jpg 150w\" data-sizes=\"auto\" \/><\/a>\n\t\t\t<\/dt>\n\t\t\t\t<dd class='wp-caption-text gallery-caption' id='gallery-1-35371'>\n\t\t\t\tFabrizio Falco, Matthieu Pastore, Maurizio Spicuzza<br>ph Marina Alessi\n\t\t\t\t<\/dd><\/dl><br style=\"clear: both\" \/><dl class='gallery-item'>\n\t\t\t<dt class='gallery-icon landscape'>\n\t\t\t\t<a data-rel=\"iLightbox[postimages]\" data-title=\"07_Illusion Comique_0699-phMarinaAlessi-R\" data-caption=\"Loris Fabiani, Elisabetta Misasiph Marina Alessi\" href='https:\/\/www.teatrostabiletorino.it\/en\/debutta-nazionale-lillusion-comique-pierre-corneille-la-regia-fabrizio-falco-nuova-produzione-del-teatro-stabile-torino-teatro-nazionale\/07_illusion-comique_0699-phmarinaalessi-r\/'><img decoding=\"async\" width=\"150\" height=\"150\" src=\"https:\/\/www.teatrostabiletorino.it\/wp-content\/uploads\/2017\/12\/07_Illusion-Comique_0699-phMarinaAlessi-R-150x150.jpg\" class=\"attachment-thumbnail size-thumbnail lazyload\" alt=\"\" aria-describedby=\"gallery-1-35372\" srcset=\"data:image\/svg+xml,%3Csvg%20xmlns%3D%27http%3A%2F%2Fwww.w3.org%2F2000%2Fsvg%27%20width%3D%271772%27%20height%3D%271181%27%20viewBox%3D%270%200%201772%201181%27%3E%3Crect%20width%3D%271772%27%20height%3D%271181%27%20fill-opacity%3D%220%22%2F%3E%3C%2Fsvg%3E\" data-orig-src=\"https:\/\/www.teatrostabiletorino.it\/wp-content\/uploads\/2017\/12\/07_Illusion-Comique_0699-phMarinaAlessi-R-150x150.jpg\" data-srcset=\"https:\/\/www.teatrostabiletorino.it\/wp-content\/uploads\/2017\/12\/07_Illusion-Comique_0699-phMarinaAlessi-R-66x66.jpg 66w, https:\/\/www.teatrostabiletorino.it\/wp-content\/uploads\/2017\/12\/07_Illusion-Comique_0699-phMarinaAlessi-R-150x150.jpg 150w\" data-sizes=\"auto\" \/><\/a>\n\t\t\t<\/dt>\n\t\t\t\t<dd class='wp-caption-text gallery-caption' id='gallery-1-35372'>\n\t\t\t\tLoris Fabiani, Elisabetta Misasi<br>ph Marina Alessi\n\t\t\t\t<\/dd><\/dl><dl class='gallery-item'>\n\t\t\t<dt class='gallery-icon landscape'>\n\t\t\t\t<a data-rel=\"iLightbox[postimages]\" data-title=\"08_Illusion Comique_0542-phMarinaAlessi-R\" data-caption=\"Titino Carrara, Massimo Odiernaph Marina Alessi\" href='https:\/\/www.teatrostabiletorino.it\/en\/debutta-nazionale-lillusion-comique-pierre-corneille-la-regia-fabrizio-falco-nuova-produzione-del-teatro-stabile-torino-teatro-nazionale\/08_illusion-comique_0542-phmarinaalessi-r\/'><img decoding=\"async\" width=\"150\" height=\"150\" src=\"https:\/\/www.teatrostabiletorino.it\/wp-content\/uploads\/2017\/12\/08_Illusion-Comique_0542-phMarinaAlessi-R-150x150.jpg\" class=\"attachment-thumbnail size-thumbnail lazyload\" alt=\"\" aria-describedby=\"gallery-1-35373\" srcset=\"data:image\/svg+xml,%3Csvg%20xmlns%3D%27http%3A%2F%2Fwww.w3.org%2F2000%2Fsvg%27%20width%3D%271772%27%20height%3D%271181%27%20viewBox%3D%270%200%201772%201181%27%3E%3Crect%20width%3D%271772%27%20height%3D%271181%27%20fill-opacity%3D%220%22%2F%3E%3C%2Fsvg%3E\" data-orig-src=\"https:\/\/www.teatrostabiletorino.it\/wp-content\/uploads\/2017\/12\/08_Illusion-Comique_0542-phMarinaAlessi-R-150x150.jpg\" data-srcset=\"https:\/\/www.teatrostabiletorino.it\/wp-content\/uploads\/2017\/12\/08_Illusion-Comique_0542-phMarinaAlessi-R-66x66.jpg 66w, https:\/\/www.teatrostabiletorino.it\/wp-content\/uploads\/2017\/12\/08_Illusion-Comique_0542-phMarinaAlessi-R-150x150.jpg 150w\" data-sizes=\"auto\" \/><\/a>\n\t\t\t<\/dt>\n\t\t\t\t<dd class='wp-caption-text gallery-caption' id='gallery-1-35373'>\n\t\t\t\tTitino Carrara, Massimo Odierna<br>ph Marina Alessi\n\t\t\t\t<\/dd><\/dl><dl class='gallery-item'>\n\t\t\t<dt class='gallery-icon landscape'>\n\t\t\t\t<a data-rel=\"iLightbox[postimages]\" data-title=\"09_Illusion Comique_0579-phMarinaAlessi-R\" data-caption=\"Leonardo De Colle, Titino Carraraph Marina Alessi\" href='https:\/\/www.teatrostabiletorino.it\/en\/debutta-nazionale-lillusion-comique-pierre-corneille-la-regia-fabrizio-falco-nuova-produzione-del-teatro-stabile-torino-teatro-nazionale\/09_illusion-comique_0579-phmarinaalessi-r\/'><img decoding=\"async\" width=\"150\" height=\"150\" src=\"https:\/\/www.teatrostabiletorino.it\/wp-content\/uploads\/2017\/12\/09_Illusion-Comique_0579-phMarinaAlessi-R-150x150.jpg\" class=\"attachment-thumbnail size-thumbnail lazyload\" alt=\"\" aria-describedby=\"gallery-1-35374\" srcset=\"data:image\/svg+xml,%3Csvg%20xmlns%3D%27http%3A%2F%2Fwww.w3.org%2F2000%2Fsvg%27%20width%3D%271772%27%20height%3D%271181%27%20viewBox%3D%270%200%201772%201181%27%3E%3Crect%20width%3D%271772%27%20height%3D%271181%27%20fill-opacity%3D%220%22%2F%3E%3C%2Fsvg%3E\" data-orig-src=\"https:\/\/www.teatrostabiletorino.it\/wp-content\/uploads\/2017\/12\/09_Illusion-Comique_0579-phMarinaAlessi-R-150x150.jpg\" data-srcset=\"https:\/\/www.teatrostabiletorino.it\/wp-content\/uploads\/2017\/12\/09_Illusion-Comique_0579-phMarinaAlessi-R-66x66.jpg 66w, https:\/\/www.teatrostabiletorino.it\/wp-content\/uploads\/2017\/12\/09_Illusion-Comique_0579-phMarinaAlessi-R-150x150.jpg 150w\" data-sizes=\"auto\" \/><\/a>\n\t\t\t<\/dt>\n\t\t\t\t<dd class='wp-caption-text gallery-caption' id='gallery-1-35374'>\n\t\t\t\tLeonardo De Colle, Titino Carrara<br>ph Marina Alessi\n\t\t\t\t<\/dd><\/dl><br style=\"clear: both\" \/><dl class='gallery-item'>\n\t\t\t<dt class='gallery-icon landscape'>\n\t\t\t\t<a data-rel=\"iLightbox[postimages]\" data-title=\"10_Illusion Comique_0471-phMarinaAlessi-R\" data-caption=\"la Compagniaph Marina Alessi\" href='https:\/\/www.teatrostabiletorino.it\/en\/debutta-nazionale-lillusion-comique-pierre-corneille-la-regia-fabrizio-falco-nuova-produzione-del-teatro-stabile-torino-teatro-nazionale\/10_illusion-comique_0471-phmarinaalessi-r\/'><img decoding=\"async\" width=\"150\" height=\"150\" src=\"https:\/\/www.teatrostabiletorino.it\/wp-content\/uploads\/2017\/12\/10_Illusion-Comique_0471-phMarinaAlessi-R-150x150.jpg\" class=\"attachment-thumbnail size-thumbnail lazyload\" alt=\"\" aria-describedby=\"gallery-1-35375\" srcset=\"data:image\/svg+xml,%3Csvg%20xmlns%3D%27http%3A%2F%2Fwww.w3.org%2F2000%2Fsvg%27%20width%3D%271772%27%20height%3D%271181%27%20viewBox%3D%270%200%201772%201181%27%3E%3Crect%20width%3D%271772%27%20height%3D%271181%27%20fill-opacity%3D%220%22%2F%3E%3C%2Fsvg%3E\" data-orig-src=\"https:\/\/www.teatrostabiletorino.it\/wp-content\/uploads\/2017\/12\/10_Illusion-Comique_0471-phMarinaAlessi-R-150x150.jpg\" data-srcset=\"https:\/\/www.teatrostabiletorino.it\/wp-content\/uploads\/2017\/12\/10_Illusion-Comique_0471-phMarinaAlessi-R-66x66.jpg 66w, https:\/\/www.teatrostabiletorino.it\/wp-content\/uploads\/2017\/12\/10_Illusion-Comique_0471-phMarinaAlessi-R-150x150.jpg 150w\" data-sizes=\"auto\" \/><\/a>\n\t\t\t<\/dt>\n\t\t\t\t<dd class='wp-caption-text gallery-caption' id='gallery-1-35375'>\n\t\t\t\tla Compagnia<br>ph Marina Alessi\n\t\t\t\t<\/dd><\/dl><dl class='gallery-item'>\n\t\t\t<dt class='gallery-icon landscape'>\n\t\t\t\t<a data-rel=\"iLightbox[postimages]\" data-title=\"11_Illusion Comique_0612-phMarinaAlessi-R\" data-caption=\"Fabrizio Falco, Matthieu Pastoreph Marina Alessi\" href='https:\/\/www.teatrostabiletorino.it\/en\/debutta-nazionale-lillusion-comique-pierre-corneille-la-regia-fabrizio-falco-nuova-produzione-del-teatro-stabile-torino-teatro-nazionale\/11_illusion-comique_0612-phmarinaalessi-r\/'><img decoding=\"async\" width=\"150\" height=\"150\" src=\"https:\/\/www.teatrostabiletorino.it\/wp-content\/uploads\/2017\/12\/11_Illusion-Comique_0612-phMarinaAlessi-R-150x150.jpg\" class=\"attachment-thumbnail size-thumbnail lazyload\" alt=\"\" aria-describedby=\"gallery-1-35376\" srcset=\"data:image\/svg+xml,%3Csvg%20xmlns%3D%27http%3A%2F%2Fwww.w3.org%2F2000%2Fsvg%27%20width%3D%271772%27%20height%3D%271181%27%20viewBox%3D%270%200%201772%201181%27%3E%3Crect%20width%3D%271772%27%20height%3D%271181%27%20fill-opacity%3D%220%22%2F%3E%3C%2Fsvg%3E\" data-orig-src=\"https:\/\/www.teatrostabiletorino.it\/wp-content\/uploads\/2017\/12\/11_Illusion-Comique_0612-phMarinaAlessi-R-150x150.jpg\" data-srcset=\"https:\/\/www.teatrostabiletorino.it\/wp-content\/uploads\/2017\/12\/11_Illusion-Comique_0612-phMarinaAlessi-R-66x66.jpg 66w, https:\/\/www.teatrostabiletorino.it\/wp-content\/uploads\/2017\/12\/11_Illusion-Comique_0612-phMarinaAlessi-R-150x150.jpg 150w\" data-sizes=\"auto\" \/><\/a>\n\t\t\t<\/dt>\n\t\t\t\t<dd class='wp-caption-text gallery-caption' id='gallery-1-35376'>\n\t\t\t\tFabrizio Falco, Matthieu Pastore<br>ph Marina Alessi\n\t\t\t\t<\/dd><\/dl><dl class='gallery-item'>\n\t\t\t<dt class='gallery-icon landscape'>\n\t\t\t\t<a data-rel=\"iLightbox[postimages]\" data-title=\"12_Illusion Comique_0536-phMarinaAlessi-R\" data-caption=\"Titino Carraraph Marina Alessi\" href='https:\/\/www.teatrostabiletorino.it\/en\/debutta-nazionale-lillusion-comique-pierre-corneille-la-regia-fabrizio-falco-nuova-produzione-del-teatro-stabile-torino-teatro-nazionale\/12_illusion-comique_0536-phmarinaalessi-r\/'><img decoding=\"async\" width=\"150\" height=\"150\" src=\"https:\/\/www.teatrostabiletorino.it\/wp-content\/uploads\/2017\/12\/12_Illusion-Comique_0536-phMarinaAlessi-R-150x150.jpg\" class=\"attachment-thumbnail size-thumbnail lazyload\" alt=\"\" aria-describedby=\"gallery-1-35377\" srcset=\"data:image\/svg+xml,%3Csvg%20xmlns%3D%27http%3A%2F%2Fwww.w3.org%2F2000%2Fsvg%27%20width%3D%271772%27%20height%3D%271181%27%20viewBox%3D%270%200%201772%201181%27%3E%3Crect%20width%3D%271772%27%20height%3D%271181%27%20fill-opacity%3D%220%22%2F%3E%3C%2Fsvg%3E\" data-orig-src=\"https:\/\/www.teatrostabiletorino.it\/wp-content\/uploads\/2017\/12\/12_Illusion-Comique_0536-phMarinaAlessi-R-150x150.jpg\" data-srcset=\"https:\/\/www.teatrostabiletorino.it\/wp-content\/uploads\/2017\/12\/12_Illusion-Comique_0536-phMarinaAlessi-R-66x66.jpg 66w, https:\/\/www.teatrostabiletorino.it\/wp-content\/uploads\/2017\/12\/12_Illusion-Comique_0536-phMarinaAlessi-R-150x150.jpg 150w\" data-sizes=\"auto\" \/><\/a>\n\t\t\t<\/dt>\n\t\t\t\t<dd class='wp-caption-text gallery-caption' id='gallery-1-35377'>\n\t\t\t\tTitino Carrara<br>ph Marina Alessi\n\t\t\t\t<\/dd><\/dl><br style=\"clear: both\" \/><dl class='gallery-item'>\n\t\t\t<dt class='gallery-icon portrait'>\n\t\t\t\t<a data-rel=\"iLightbox[postimages]\" data-title=\"13_Illusion Comique_0737-phMarinaAlessi-R\" data-caption=\"Elisabetta Misasi, Matthieu Pastoreph Marina Alessi\" href='https:\/\/www.teatrostabiletorino.it\/en\/debutta-nazionale-lillusion-comique-pierre-corneille-la-regia-fabrizio-falco-nuova-produzione-del-teatro-stabile-torino-teatro-nazionale\/13_illusion-comique_0737-phmarinaalessi-r\/'><img decoding=\"async\" width=\"150\" height=\"150\" src=\"https:\/\/www.teatrostabiletorino.it\/wp-content\/uploads\/2017\/12\/13_Illusion-Comique_0737-phMarinaAlessi-R-150x150.jpg\" class=\"attachment-thumbnail size-thumbnail lazyload\" alt=\"\" aria-describedby=\"gallery-1-35378\" srcset=\"data:image\/svg+xml,%3Csvg%20xmlns%3D%27http%3A%2F%2Fwww.w3.org%2F2000%2Fsvg%27%20width%3D%271181%27%20height%3D%271772%27%20viewBox%3D%270%200%201181%201772%27%3E%3Crect%20width%3D%271181%27%20height%3D%271772%27%20fill-opacity%3D%220%22%2F%3E%3C%2Fsvg%3E\" data-orig-src=\"https:\/\/www.teatrostabiletorino.it\/wp-content\/uploads\/2017\/12\/13_Illusion-Comique_0737-phMarinaAlessi-R-150x150.jpg\" data-srcset=\"https:\/\/www.teatrostabiletorino.it\/wp-content\/uploads\/2017\/12\/13_Illusion-Comique_0737-phMarinaAlessi-R-66x66.jpg 66w, https:\/\/www.teatrostabiletorino.it\/wp-content\/uploads\/2017\/12\/13_Illusion-Comique_0737-phMarinaAlessi-R-150x150.jpg 150w\" data-sizes=\"auto\" \/><\/a>\n\t\t\t<\/dt>\n\t\t\t\t<dd class='wp-caption-text gallery-caption' id='gallery-1-35378'>\n\t\t\t\tElisabetta Misasi, Matthieu Pastore<br>ph Marina Alessi\n\t\t\t\t<\/dd><\/dl><dl class='gallery-item'>\n\t\t\t<dt class='gallery-icon landscape'>\n\t\t\t\t<a data-rel=\"iLightbox[postimages]\" data-title=\"14_Illusion Comique_0848-phMarinaAlessi-R\" data-caption=\"Loris Fabiani, Mariangela Granelliph Marina Alessi\" href='https:\/\/www.teatrostabiletorino.it\/en\/debutta-nazionale-lillusion-comique-pierre-corneille-la-regia-fabrizio-falco-nuova-produzione-del-teatro-stabile-torino-teatro-nazionale\/14_illusion-comique_0848-phmarinaalessi-r\/'><img decoding=\"async\" width=\"150\" height=\"150\" src=\"https:\/\/www.teatrostabiletorino.it\/wp-content\/uploads\/2017\/12\/14_Illusion-Comique_0848-phMarinaAlessi-R-150x150.jpg\" class=\"attachment-thumbnail size-thumbnail lazyload\" alt=\"\" aria-describedby=\"gallery-1-35379\" srcset=\"data:image\/svg+xml,%3Csvg%20xmlns%3D%27http%3A%2F%2Fwww.w3.org%2F2000%2Fsvg%27%20width%3D%271772%27%20height%3D%271181%27%20viewBox%3D%270%200%201772%201181%27%3E%3Crect%20width%3D%271772%27%20height%3D%271181%27%20fill-opacity%3D%220%22%2F%3E%3C%2Fsvg%3E\" data-orig-src=\"https:\/\/www.teatrostabiletorino.it\/wp-content\/uploads\/2017\/12\/14_Illusion-Comique_0848-phMarinaAlessi-R-150x150.jpg\" data-srcset=\"https:\/\/www.teatrostabiletorino.it\/wp-content\/uploads\/2017\/12\/14_Illusion-Comique_0848-phMarinaAlessi-R-66x66.jpg 66w, https:\/\/www.teatrostabiletorino.it\/wp-content\/uploads\/2017\/12\/14_Illusion-Comique_0848-phMarinaAlessi-R-150x150.jpg 150w\" data-sizes=\"auto\" \/><\/a>\n\t\t\t<\/dt>\n\t\t\t\t<dd class='wp-caption-text gallery-caption' id='gallery-1-35379'>\n\t\t\t\tLoris Fabiani, Mariangela Granelli<br>ph Marina Alessi\n\t\t\t\t<\/dd><\/dl><dl class='gallery-item'>\n\t\t\t<dt class='gallery-icon landscape'>\n\t\t\t\t<a data-rel=\"iLightbox[postimages]\" data-title=\"15_Illusion Comique_1111-phMarinaAlessi-R\" data-caption=\"Mariangela Granelli, Elisabetta Misasiph Marina Alessi\" href='https:\/\/www.teatrostabiletorino.it\/en\/debutta-nazionale-lillusion-comique-pierre-corneille-la-regia-fabrizio-falco-nuova-produzione-del-teatro-stabile-torino-teatro-nazionale\/15_illusion-comique_1111-phmarinaalessi-r\/'><img decoding=\"async\" width=\"150\" height=\"150\" src=\"https:\/\/www.teatrostabiletorino.it\/wp-content\/uploads\/2017\/12\/15_Illusion-Comique_1111-phMarinaAlessi-R-150x150.jpg\" class=\"attachment-thumbnail size-thumbnail lazyload\" alt=\"\" aria-describedby=\"gallery-1-35380\" srcset=\"data:image\/svg+xml,%3Csvg%20xmlns%3D%27http%3A%2F%2Fwww.w3.org%2F2000%2Fsvg%27%20width%3D%271772%27%20height%3D%271181%27%20viewBox%3D%270%200%201772%201181%27%3E%3Crect%20width%3D%271772%27%20height%3D%271181%27%20fill-opacity%3D%220%22%2F%3E%3C%2Fsvg%3E\" data-orig-src=\"https:\/\/www.teatrostabiletorino.it\/wp-content\/uploads\/2017\/12\/15_Illusion-Comique_1111-phMarinaAlessi-R-150x150.jpg\" data-srcset=\"https:\/\/www.teatrostabiletorino.it\/wp-content\/uploads\/2017\/12\/15_Illusion-Comique_1111-phMarinaAlessi-R-66x66.jpg 66w, https:\/\/www.teatrostabiletorino.it\/wp-content\/uploads\/2017\/12\/15_Illusion-Comique_1111-phMarinaAlessi-R-150x150.jpg 150w\" data-sizes=\"auto\" \/><\/a>\n\t\t\t<\/dt>\n\t\t\t\t<dd class='wp-caption-text gallery-caption' id='gallery-1-35380'>\n\t\t\t\tMariangela Granelli, Elisabetta Misasi<br>ph Marina Alessi\n\t\t\t\t<\/dd><\/dl><br style=\"clear: both\" \/><dl class='gallery-item'>\n\t\t\t<dt class='gallery-icon landscape'>\n\t\t\t\t<a data-rel=\"iLightbox[postimages]\" data-title=\"16_Illusion Comique_1368-phMarinaAlessi-R\" data-caption=\"Fabrizio Falco, Leonardo De Colle (di spalle)ph Marina Alessi\" href='https:\/\/www.teatrostabiletorino.it\/en\/debutta-nazionale-lillusion-comique-pierre-corneille-la-regia-fabrizio-falco-nuova-produzione-del-teatro-stabile-torino-teatro-nazionale\/16_illusion-comique_1368-phmarinaalessi-r\/'><img decoding=\"async\" width=\"150\" height=\"150\" src=\"https:\/\/www.teatrostabiletorino.it\/wp-content\/uploads\/2017\/12\/16_Illusion-Comique_1368-phMarinaAlessi-R-150x150.jpg\" class=\"attachment-thumbnail size-thumbnail lazyload\" alt=\"\" aria-describedby=\"gallery-1-35381\" srcset=\"data:image\/svg+xml,%3Csvg%20xmlns%3D%27http%3A%2F%2Fwww.w3.org%2F2000%2Fsvg%27%20width%3D%271772%27%20height%3D%271181%27%20viewBox%3D%270%200%201772%201181%27%3E%3Crect%20width%3D%271772%27%20height%3D%271181%27%20fill-opacity%3D%220%22%2F%3E%3C%2Fsvg%3E\" data-orig-src=\"https:\/\/www.teatrostabiletorino.it\/wp-content\/uploads\/2017\/12\/16_Illusion-Comique_1368-phMarinaAlessi-R-150x150.jpg\" data-srcset=\"https:\/\/www.teatrostabiletorino.it\/wp-content\/uploads\/2017\/12\/16_Illusion-Comique_1368-phMarinaAlessi-R-66x66.jpg 66w, https:\/\/www.teatrostabiletorino.it\/wp-content\/uploads\/2017\/12\/16_Illusion-Comique_1368-phMarinaAlessi-R-150x150.jpg 150w\" data-sizes=\"auto\" \/><\/a>\n\t\t\t<\/dt>\n\t\t\t\t<dd class='wp-caption-text gallery-caption' id='gallery-1-35381'>\n\t\t\t\tFabrizio Falco, Leonardo De Colle (di spalle)<br>ph Marina Alessi\n\t\t\t\t<\/dd><\/dl>\n\t\t\t<br style='clear: both' \/>\n\t\t<\/div>\n\n<h3><strong>\u00a0<\/strong><\/h3>\n<p>&nbsp;<div class=\"fusion-clearfix\"><\/div><\/div><\/div><\/div><\/div><\/p>","protected":false},"excerpt":{"rendered":"","protected":false},"author":2,"featured_media":35375,"comment_status":"closed","ping_status":"closed","sticky":false,"template":"","format":"standard","meta":{"_acf_changed":false,"footnotes":""},"categories":[85],"tags":[],"acf":[],"_links":{"self":[{"href":"https:\/\/www.teatrostabiletorino.it\/en\/wp-json\/wp\/v2\/posts\/35208"}],"collection":[{"href":"https:\/\/www.teatrostabiletorino.it\/en\/wp-json\/wp\/v2\/posts"}],"about":[{"href":"https:\/\/www.teatrostabiletorino.it\/en\/wp-json\/wp\/v2\/types\/post"}],"author":[{"embeddable":true,"href":"https:\/\/www.teatrostabiletorino.it\/en\/wp-json\/wp\/v2\/users\/2"}],"replies":[{"embeddable":true,"href":"https:\/\/www.teatrostabiletorino.it\/en\/wp-json\/wp\/v2\/comments?post=35208"}],"version-history":[{"count":0,"href":"https:\/\/www.teatrostabiletorino.it\/en\/wp-json\/wp\/v2\/posts\/35208\/revisions"}],"wp:featuredmedia":[{"embeddable":true,"href":"https:\/\/www.teatrostabiletorino.it\/en\/wp-json\/wp\/v2\/media\/35375"}],"wp:attachment":[{"href":"https:\/\/www.teatrostabiletorino.it\/en\/wp-json\/wp\/v2\/media?parent=35208"}],"wp:term":[{"taxonomy":"category","embeddable":true,"href":"https:\/\/www.teatrostabiletorino.it\/en\/wp-json\/wp\/v2\/categories?post=35208"},{"taxonomy":"post_tag","embeddable":true,"href":"https:\/\/www.teatrostabiletorino.it\/en\/wp-json\/wp\/v2\/tags?post=35208"}],"curies":[{"name":"wp","href":"https:\/\/api.w.org\/{rel}","templated":true}]}}