{"id":38581,"date":"2018-09-26T16:17:37","date_gmt":"2018-09-26T14:17:37","guid":{"rendered":"http:\/\/www.teatrostabiletorino.it\/?p=38581"},"modified":"2018-10-09T14:51:22","modified_gmt":"2018-10-09T12:51:22","slug":"arlecchino-servitore-di-due-padroni-di-carlo-goldoni-con-la-regia-di-valerio-binasco-inaugura-la-nuova-stagione-del-teatro-stabile-di-torino-teatro-nazionale-teatro-carigna","status":"publish","type":"post","link":"https:\/\/www.teatrostabiletorino.it\/en\/arlecchino-servitore-di-due-padroni-di-carlo-goldoni-con-la-regia-di-valerio-binasco-inaugura-la-nuova-stagione-del-teatro-stabile-di-torino-teatro-nazionale-teatro-carigna\/","title":{"rendered":"\u201cARLECCHINO SERVITORE DI DUE PADRONI\u201d DI CARLO GOLDONI CON LA REGIA DI VALERIO BINASCO INAUGURA LA NUOVA STAGIONE DEL TEATRO STABILE DI TORINO \u2013 TEATRO NAZIONALE Teatro Carignano di Torino, luned\u00ec 8 ottobre 2018 &#8211; Prima Nazionale"},"content":{"rendered":"<p class=\"qtranxs-available-languages-message qtranxs-available-languages-message-en\">Sorry, this entry is only available in <a href=\"https:\/\/www.teatrostabiletorino.it\/it\/wp-json\/wp\/v2\/posts\/38581\" class=\"qtranxs-available-language-link qtranxs-available-language-link-it\" title=\"Italiano\">Italiano<\/a>.<\/p><p>Al Teatro Carignano di Torino, luned\u00ec 8 ottobre 2018, alle ore 20.00, debutta in prima nazionale <strong>ARLECCHINO SERVITORE DI DUE PADRONI<\/strong> di <strong>Carlo Goldoni<\/strong>. Lo spettacolo \u00e8 diretto da <strong>Valerio Binasco<\/strong> e gli interpreti sono: <strong>Natalino Balasso<\/strong> (nel ruolo di <em>Arlecchino<\/em> e del <em>Narratore<\/em>), <strong>Michele Di Mauro<\/strong> (nelle vesti di <em>Pantalone<\/em>), <strong>Fabrizio Contri<\/strong> (<em>Il Dottore<\/em>), <strong>Elena Gigliotti<\/strong> (<em>Clarice<\/em>), <strong>Denis Fasolo<\/strong> (<em>Silvio<\/em>), <strong>Elisabetta Mazzullo<\/strong> (<em>Beatrice<\/em>), <strong>Gianmaria Martini<\/strong> (<em>Florindo<\/em>), <strong>Ivan Zerbinati<\/strong> (<em>Brighella<\/em>), <strong>Lucio De Francesco<\/strong> (<em>Servitore<\/em>), <strong>Marta Cortellazzo Wiel<\/strong> (<em>Smeraldina<\/em>). Le scene dello spettacolo sono di <strong>Guido Fiorato<\/strong>, i costumi di <strong>Sandra Cardini<\/strong>, le luci di <strong>Pasquale Mari<\/strong> e le musiche di <strong>Arturo Annecchino<\/strong>.<br \/>\nLo spettacolo, realizzato con il sostegno della <strong>Fondazione CRT<\/strong>, inaugurer\u00e0 al Carignano la Stagione Teatrale 2018\/2019 del Teatro Stabile e sar\u00e0 replicato a Torino fino al 28 ottobre. Successivamente sar\u00e0 rappresentato in tourn\u00e9e fino al 16 dicembre 2018.<\/p>\n<p>\u00abNon faremo uno spettacolo ispirato alla Commedia dell\u2019Arte, e non useremo le maschere della tradizione\u00bb dichiara subito Valerio Binasco del suo Arlecchino servitore di due padroni. Il regista sceglie deliberatamente di resistere alla \u00abpura, impressionante forza teatrale\u00bb del meccanismo della commedia di Goldoni. E prende un\u2019altra strada, con il proposito di dare al testo un sapore moderno, e di restituire realismo e credibilit\u00e0 ai personaggi, non cedendo alla \u00abpur irresistibile tentazione del formalismo\u00bb. Sar\u00e0 un \u201cArlecchino\u201d che guarda pi\u00f9 alla commedia all\u2019italiana che alla Commedia dell\u2019Arte, con un forte, sentito richiamo all\u2019umanit\u00e0 vecchio stampo, di sapore paesano e umilmente arcaico. Quella che \u00abha abitato il nostro mondo in bianco e nero\u00bb, ricorda Binasco, \u00absi \u00e8 seduta ai tavoli di vecchie osterie, ha indossato gli ultimi cappelli, ha assistito al trionfo della modernit\u00e0 con comico sussiego, ci ha fatto ridere e piangere a teatro e al cinema con le \u2018nuove maschere\u2019 dei grandi comici del Novecento, e poi \u00e8 svanita per sempre, nel nulla del nuovo secolo televisivo\u00bb.<\/p>\n<p>Famelico, bugiardo, disperato e arraffone. L\u2019Arlecchino \u201ccontemporaneo\u201d di Valerio Binasco \u00e8 un poveraccio che sugli equivoci costruisce una specie di misero riscatto sociale. Dopo il Don Giovanni di Moli\u00e8re, Binasco, cinque volte premio Ubu, torna a cimentarsi con un titolo del grande repertorio. \u00abA chi mi chiede: \u201ccome mai ancora Arlecchino?\u201d rispondo che i classici sono carichi di una forza inesauribile e l\u2019antico teatro \u00e8 ancora il teatro della festa e della favola\u00bb, dice il regista. Che mette il suo stile cinematografico, fatto di sintesi, unit\u00e0 di azione e suspense, al servizio del testo di Goldoni, un perfetto congegno che dal 1745 non smette di funzionare e incantare il pubblico.<br \/>\nLa \u201ccommedia della stravaganza\u201d diventa cos\u00ec un gioioso viaggio nel tempo, alle origini del teatro italiano e della sua grande tradizione comica, con un cast di attori straordinari, molti dei quali collaborano da tempo con il regista.<br \/>\nPersonaggio dalle molteplici contraddizioni: meschino e anarchico, irriguardoso e servile, Arlecchino riesce a portare scompiglio nell\u2019ottusa societ\u00e0 borghese, con una carica che suo malgrado si pu\u00f2 perfino dire \u201csovversiva\u201d.<br \/>\n\u00abCome avevano capito benissimo Alonge e (in modo assai pi\u00f9 radicale) Fassbinder &#8211; scriveva Binasco a proposito del Bugiardo &#8211; Goldoni \u00e8 un autore capace di rappresentare inquietudini moderne, con lampi di vera contemporaneit\u00e0\u00bb.<\/p>\n<p><strong>Valerio Binasco<\/strong> \u00e8 dal 2018 il Direttore artistico del Teatro Stabile di Torino. Le sue scelte registiche si sono spesso orientate verso il teatro contemporaneo, con lavori da Pinter, Fosse, Paravidino, McPherson, che si sono alternati ai grandi classici, come il <em>Don Giovanni<\/em> di Moli\u00e8re, programmato nella stagione 2017\/2018 del Teatro Stabile di Torino, con un grande successo di critica e pubblico. Ha vinto cinque premi Ubu, tra cui quello del 1999 per il personaggio di Amleto diretto da Carlo Cecchi e quello del 2004 per il ruolo di Polinice nell\u2019Edipo a Colono diretto da Mario Martone, e due Premi dell\u2019Associazione Nazionale dei Critici di Teatro.<br \/>\nLa giuria del Premio \u201cLe Maschere del Teatro Italiano 2018\u201d gli ha appena conferito il premio per la migliore regia per lo spettacolo <em>La Cucina<\/em> di Arnold Wesker.<br \/>\nNella sua carriera \u00e8 stato diretto dai pi\u00f9 importanti registi italiani (Martone, Comencini, Giordana, Ozpetek), nel 2016 Binasco \u00e8 stato nominato per il David di Donatello come miglior attore non protagonista per il film Alaska di Claudio Cupellini.<\/p>\n<p><a href=\"http:\/\/www.teatrostabiletorino.it\/wp-content\/uploads\/2018\/09\/01_CS_Arlecchino-servitore-di-due-padroni.pdf\">01_CS_Arlecchino servitore di due padroni<\/a><\/p>\n<p><a href=\"http:\/\/www.teatrostabiletorino.it\/wp-content\/uploads\/2018\/09\/IQUADERNIDELTEATROSTABILE_Arlecchino_n.1.pdf\">02_I quaderni del Teatro Stabile_Arlecchino_n.1<\/a><\/p>\n<p>&nbsp;<\/p>\n<p>&nbsp;<\/p>\n<h3>Foto dello spettacolo_ph Bepi Caroli<\/h3>\n<p>\n\t\t<style type=\"text\/css\">\n\t\t\t#gallery-1 {\n\t\t\t\tmargin: auto;\n\t\t\t}\n\t\t\t#gallery-1 .gallery-item {\n\t\t\t\tfloat: left;\n\t\t\t\tmargin-top: 10px;\n\t\t\t\ttext-align: center;\n\t\t\t\twidth: 25%;\n\t\t\t}\n\t\t\t#gallery-1 img {\n\t\t\t\tborder: 2px solid #cfcfcf;\n\t\t\t}\n\t\t\t#gallery-1 .gallery-caption {\n\t\t\t\tmargin-left: 0;\n\t\t\t}\n\t\t\t\/* see gallery_shortcode() in wp-includes\/media.php *\/\n\t\t<\/style>\n\t\t<div id='gallery-1' class='gallery galleryid-38581 gallery-columns-4 gallery-size-thumbnail'><dl class='gallery-item'>\n\t\t\t<dt class='gallery-icon landscape'>\n\t\t\t\t<a data-rel=\"iLightbox[postimages]\" data-title=\"01_ARLECCHINO_ph Bepi Caroli_DSC_0628\" data-caption=\"la Compagniaph Bepi Caroli\" href='https:\/\/www.teatrostabiletorino.it\/wp-content\/uploads\/2018\/09\/01_ARLECCHINO_ph-Bepi-Caroli_DSC_0628.jpg'><img decoding=\"async\" width=\"150\" height=\"150\" src=\"https:\/\/www.teatrostabiletorino.it\/wp-content\/uploads\/2018\/09\/01_ARLECCHINO_ph-Bepi-Caroli_DSC_0628-150x150.jpg\" class=\"attachment-thumbnail size-thumbnail lazyload\" alt=\"\" aria-describedby=\"gallery-1-38677\" srcset=\"data:image\/svg+xml,%3Csvg%20xmlns%3D%27http%3A%2F%2Fwww.w3.org%2F2000%2Fsvg%27%20width%3D%271890%27%20height%3D%271164%27%20viewBox%3D%270%200%201890%201164%27%3E%3Crect%20width%3D%271890%27%20height%3D%271164%27%20fill-opacity%3D%220%22%2F%3E%3C%2Fsvg%3E\" data-orig-src=\"https:\/\/www.teatrostabiletorino.it\/wp-content\/uploads\/2018\/09\/01_ARLECCHINO_ph-Bepi-Caroli_DSC_0628-150x150.jpg\" data-srcset=\"https:\/\/www.teatrostabiletorino.it\/wp-content\/uploads\/2018\/09\/01_ARLECCHINO_ph-Bepi-Caroli_DSC_0628-66x66.jpg 66w, https:\/\/www.teatrostabiletorino.it\/wp-content\/uploads\/2018\/09\/01_ARLECCHINO_ph-Bepi-Caroli_DSC_0628-150x150.jpg 150w\" data-sizes=\"auto\" \/><\/a>\n\t\t\t<\/dt>\n\t\t\t\t<dd class='wp-caption-text gallery-caption' id='gallery-1-38677'>\n\t\t\t\tla Compagnia<br>ph Bepi Caroli\n\t\t\t\t<\/dd><\/dl><dl class='gallery-item'>\n\t\t\t<dt class='gallery-icon landscape'>\n\t\t\t\t<a data-rel=\"iLightbox[postimages]\" data-title=\"02_ARLECCHINO_ph Bepi Caroli_DSC_0747\" data-caption=\"la Compagniaph Bepi Caroli\" href='https:\/\/www.teatrostabiletorino.it\/wp-content\/uploads\/2018\/09\/02_ARLECCHINO_ph-Bepi-Caroli_DSC_0747.jpg'><img decoding=\"async\" width=\"150\" height=\"150\" src=\"https:\/\/www.teatrostabiletorino.it\/wp-content\/uploads\/2018\/09\/02_ARLECCHINO_ph-Bepi-Caroli_DSC_0747-150x150.jpg\" class=\"attachment-thumbnail size-thumbnail lazyload\" alt=\"\" aria-describedby=\"gallery-1-38678\" srcset=\"data:image\/svg+xml,%3Csvg%20xmlns%3D%27http%3A%2F%2Fwww.w3.org%2F2000%2Fsvg%27%20width%3D%271890%27%20height%3D%271104%27%20viewBox%3D%270%200%201890%201104%27%3E%3Crect%20width%3D%271890%27%20height%3D%271104%27%20fill-opacity%3D%220%22%2F%3E%3C%2Fsvg%3E\" data-orig-src=\"https:\/\/www.teatrostabiletorino.it\/wp-content\/uploads\/2018\/09\/02_ARLECCHINO_ph-Bepi-Caroli_DSC_0747-150x150.jpg\" data-srcset=\"https:\/\/www.teatrostabiletorino.it\/wp-content\/uploads\/2018\/09\/02_ARLECCHINO_ph-Bepi-Caroli_DSC_0747-66x66.jpg 66w, https:\/\/www.teatrostabiletorino.it\/wp-content\/uploads\/2018\/09\/02_ARLECCHINO_ph-Bepi-Caroli_DSC_0747-150x150.jpg 150w\" data-sizes=\"auto\" \/><\/a>\n\t\t\t<\/dt>\n\t\t\t\t<dd class='wp-caption-text gallery-caption' id='gallery-1-38678'>\n\t\t\t\tla Compagnia<br>ph Bepi Caroli\n\t\t\t\t<\/dd><\/dl><dl class='gallery-item'>\n\t\t\t<dt class='gallery-icon landscape'>\n\t\t\t\t<a data-rel=\"iLightbox[postimages]\" data-title=\"03_ARLECCHINO_ph Bepi Caroli_DSC_0884\" data-caption=\"la Compagniaph Bepi Caroli\" href='https:\/\/www.teatrostabiletorino.it\/wp-content\/uploads\/2018\/09\/03_ARLECCHINO_ph-Bepi-Caroli_DSC_0884.jpg'><img decoding=\"async\" width=\"150\" height=\"150\" src=\"https:\/\/www.teatrostabiletorino.it\/wp-content\/uploads\/2018\/09\/03_ARLECCHINO_ph-Bepi-Caroli_DSC_0884-150x150.jpg\" class=\"attachment-thumbnail size-thumbnail lazyload\" alt=\"\" aria-describedby=\"gallery-1-38679\" srcset=\"data:image\/svg+xml,%3Csvg%20xmlns%3D%27http%3A%2F%2Fwww.w3.org%2F2000%2Fsvg%27%20width%3D%271890%27%20height%3D%271210%27%20viewBox%3D%270%200%201890%201210%27%3E%3Crect%20width%3D%271890%27%20height%3D%271210%27%20fill-opacity%3D%220%22%2F%3E%3C%2Fsvg%3E\" data-orig-src=\"https:\/\/www.teatrostabiletorino.it\/wp-content\/uploads\/2018\/09\/03_ARLECCHINO_ph-Bepi-Caroli_DSC_0884-150x150.jpg\" data-srcset=\"https:\/\/www.teatrostabiletorino.it\/wp-content\/uploads\/2018\/09\/03_ARLECCHINO_ph-Bepi-Caroli_DSC_0884-66x66.jpg 66w, https:\/\/www.teatrostabiletorino.it\/wp-content\/uploads\/2018\/09\/03_ARLECCHINO_ph-Bepi-Caroli_DSC_0884-150x150.jpg 150w\" data-sizes=\"auto\" \/><\/a>\n\t\t\t<\/dt>\n\t\t\t\t<dd class='wp-caption-text gallery-caption' id='gallery-1-38679'>\n\t\t\t\tla Compagnia<br>ph Bepi Caroli\n\t\t\t\t<\/dd><\/dl><dl class='gallery-item'>\n\t\t\t<dt class='gallery-icon landscape'>\n\t\t\t\t<a data-rel=\"iLightbox[postimages]\" data-title=\"04_ARLECCHINO_ph Bepi Caroli_DSC_0956\" data-caption=\"(da sinistra) Natalino Balasso, Elisabetta Mazzulloph Bepi Caroli\" href='https:\/\/www.teatrostabiletorino.it\/wp-content\/uploads\/2018\/09\/04_ARLECCHINO_ph-Bepi-Caroli_DSC_0956.jpg'><img decoding=\"async\" width=\"150\" height=\"150\" src=\"https:\/\/www.teatrostabiletorino.it\/wp-content\/uploads\/2018\/09\/04_ARLECCHINO_ph-Bepi-Caroli_DSC_0956-150x150.jpg\" class=\"attachment-thumbnail size-thumbnail lazyload\" alt=\"\" aria-describedby=\"gallery-1-38680\" srcset=\"data:image\/svg+xml,%3Csvg%20xmlns%3D%27http%3A%2F%2Fwww.w3.org%2F2000%2Fsvg%27%20width%3D%271890%27%20height%3D%271281%27%20viewBox%3D%270%200%201890%201281%27%3E%3Crect%20width%3D%271890%27%20height%3D%271281%27%20fill-opacity%3D%220%22%2F%3E%3C%2Fsvg%3E\" data-orig-src=\"https:\/\/www.teatrostabiletorino.it\/wp-content\/uploads\/2018\/09\/04_ARLECCHINO_ph-Bepi-Caroli_DSC_0956-150x150.jpg\" data-srcset=\"https:\/\/www.teatrostabiletorino.it\/wp-content\/uploads\/2018\/09\/04_ARLECCHINO_ph-Bepi-Caroli_DSC_0956-66x66.jpg 66w, https:\/\/www.teatrostabiletorino.it\/wp-content\/uploads\/2018\/09\/04_ARLECCHINO_ph-Bepi-Caroli_DSC_0956-150x150.jpg 150w\" data-sizes=\"auto\" \/><\/a>\n\t\t\t<\/dt>\n\t\t\t\t<dd class='wp-caption-text gallery-caption' id='gallery-1-38680'>\n\t\t\t\t(da sinistra) Natalino Balasso, Elisabetta Mazzullo<br>ph Bepi Caroli\n\t\t\t\t<\/dd><\/dl><br style=\"clear: both\" \/><dl class='gallery-item'>\n\t\t\t<dt class='gallery-icon landscape'>\n\t\t\t\t<a data-rel=\"iLightbox[postimages]\" data-title=\"05_ARLECCHINO_ph Bepi Caroli_DSC_1208\" data-caption=\"Natalino Balassoph Bepi Caroli\" href='https:\/\/www.teatrostabiletorino.it\/wp-content\/uploads\/2018\/09\/05_ARLECCHINO_ph-Bepi-Caroli_DSC_1208.jpg'><img decoding=\"async\" width=\"150\" height=\"150\" src=\"https:\/\/www.teatrostabiletorino.it\/wp-content\/uploads\/2018\/09\/05_ARLECCHINO_ph-Bepi-Caroli_DSC_1208-150x150.jpg\" class=\"attachment-thumbnail size-thumbnail lazyload\" alt=\"\" aria-describedby=\"gallery-1-38681\" srcset=\"data:image\/svg+xml,%3Csvg%20xmlns%3D%27http%3A%2F%2Fwww.w3.org%2F2000%2Fsvg%27%20width%3D%271890%27%20height%3D%271287%27%20viewBox%3D%270%200%201890%201287%27%3E%3Crect%20width%3D%271890%27%20height%3D%271287%27%20fill-opacity%3D%220%22%2F%3E%3C%2Fsvg%3E\" data-orig-src=\"https:\/\/www.teatrostabiletorino.it\/wp-content\/uploads\/2018\/09\/05_ARLECCHINO_ph-Bepi-Caroli_DSC_1208-150x150.jpg\" data-srcset=\"https:\/\/www.teatrostabiletorino.it\/wp-content\/uploads\/2018\/09\/05_ARLECCHINO_ph-Bepi-Caroli_DSC_1208-66x66.jpg 66w, https:\/\/www.teatrostabiletorino.it\/wp-content\/uploads\/2018\/09\/05_ARLECCHINO_ph-Bepi-Caroli_DSC_1208-150x150.jpg 150w\" data-sizes=\"auto\" \/><\/a>\n\t\t\t<\/dt>\n\t\t\t\t<dd class='wp-caption-text gallery-caption' id='gallery-1-38681'>\n\t\t\t\tNatalino Balasso<br>ph Bepi Caroli\n\t\t\t\t<\/dd><\/dl><dl class='gallery-item'>\n\t\t\t<dt class='gallery-icon landscape'>\n\t\t\t\t<a data-rel=\"iLightbox[postimages]\" data-title=\"06_ARLECCHINO_ph Bepi Caroli_DSC_1819\" data-caption=\"(da sinistra) Michele Di Mauro, Elena Gigliotti, Elisabetta Mazzulloph Bepi Caroli\" href='https:\/\/www.teatrostabiletorino.it\/wp-content\/uploads\/2018\/09\/06_ARLECCHINO_ph-Bepi-Caroli_DSC_1819.jpg'><img decoding=\"async\" width=\"150\" height=\"150\" src=\"https:\/\/www.teatrostabiletorino.it\/wp-content\/uploads\/2018\/09\/06_ARLECCHINO_ph-Bepi-Caroli_DSC_1819-150x150.jpg\" class=\"attachment-thumbnail size-thumbnail lazyload\" alt=\"\" aria-describedby=\"gallery-1-38682\" srcset=\"data:image\/svg+xml,%3Csvg%20xmlns%3D%27http%3A%2F%2Fwww.w3.org%2F2000%2Fsvg%27%20width%3D%271890%27%20height%3D%271185%27%20viewBox%3D%270%200%201890%201185%27%3E%3Crect%20width%3D%271890%27%20height%3D%271185%27%20fill-opacity%3D%220%22%2F%3E%3C%2Fsvg%3E\" data-orig-src=\"https:\/\/www.teatrostabiletorino.it\/wp-content\/uploads\/2018\/09\/06_ARLECCHINO_ph-Bepi-Caroli_DSC_1819-150x150.jpg\" data-srcset=\"https:\/\/www.teatrostabiletorino.it\/wp-content\/uploads\/2018\/09\/06_ARLECCHINO_ph-Bepi-Caroli_DSC_1819-66x66.jpg 66w, https:\/\/www.teatrostabiletorino.it\/wp-content\/uploads\/2018\/09\/06_ARLECCHINO_ph-Bepi-Caroli_DSC_1819-150x150.jpg 150w\" data-sizes=\"auto\" \/><\/a>\n\t\t\t<\/dt>\n\t\t\t\t<dd class='wp-caption-text gallery-caption' id='gallery-1-38682'>\n\t\t\t\t(da sinistra) Michele Di Mauro, Elena Gigliotti, Elisabetta Mazzullo<br>ph Bepi Caroli\n\t\t\t\t<\/dd><\/dl><dl class='gallery-item'>\n\t\t\t<dt class='gallery-icon landscape'>\n\t\t\t\t<a data-rel=\"iLightbox[postimages]\" data-title=\"07_ARLECCHINO_ph Bepi Caroli_DSC_1882\" data-caption=\"(da sinistra) Elena Gigliotti, Elisabetta Mazzulloph Bepi Caroli\" href='https:\/\/www.teatrostabiletorino.it\/wp-content\/uploads\/2018\/09\/07_ARLECCHINO_ph-Bepi-Caroli_DSC_1882.jpg'><img decoding=\"async\" width=\"150\" height=\"150\" src=\"https:\/\/www.teatrostabiletorino.it\/wp-content\/uploads\/2018\/09\/07_ARLECCHINO_ph-Bepi-Caroli_DSC_1882-150x150.jpg\" class=\"attachment-thumbnail size-thumbnail lazyload\" alt=\"\" aria-describedby=\"gallery-1-38683\" srcset=\"data:image\/svg+xml,%3Csvg%20xmlns%3D%27http%3A%2F%2Fwww.w3.org%2F2000%2Fsvg%27%20width%3D%271890%27%20height%3D%271327%27%20viewBox%3D%270%200%201890%201327%27%3E%3Crect%20width%3D%271890%27%20height%3D%271327%27%20fill-opacity%3D%220%22%2F%3E%3C%2Fsvg%3E\" data-orig-src=\"https:\/\/www.teatrostabiletorino.it\/wp-content\/uploads\/2018\/09\/07_ARLECCHINO_ph-Bepi-Caroli_DSC_1882-150x150.jpg\" data-srcset=\"https:\/\/www.teatrostabiletorino.it\/wp-content\/uploads\/2018\/09\/07_ARLECCHINO_ph-Bepi-Caroli_DSC_1882-66x66.jpg 66w, https:\/\/www.teatrostabiletorino.it\/wp-content\/uploads\/2018\/09\/07_ARLECCHINO_ph-Bepi-Caroli_DSC_1882-150x150.jpg 150w\" data-sizes=\"auto\" \/><\/a>\n\t\t\t<\/dt>\n\t\t\t\t<dd class='wp-caption-text gallery-caption' id='gallery-1-38683'>\n\t\t\t\t(da sinistra) Elena Gigliotti, Elisabetta Mazzullo<br>ph Bepi Caroli\n\t\t\t\t<\/dd><\/dl><dl class='gallery-item'>\n\t\t\t<dt class='gallery-icon landscape'>\n\t\t\t\t<a data-rel=\"iLightbox[postimages]\" data-title=\"08_ARLECCHINO_ph Bepi Caroli_DSC_2094\" data-caption=\"(da sinistra) Fabrizio Contri, Denis Fasolo, Michele Di Mauroph Bepi Caroli\" href='https:\/\/www.teatrostabiletorino.it\/wp-content\/uploads\/2018\/09\/08_ARLECCHINO_ph-Bepi-Caroli_DSC_2094.jpg'><img decoding=\"async\" width=\"150\" height=\"150\" src=\"https:\/\/www.teatrostabiletorino.it\/wp-content\/uploads\/2018\/09\/08_ARLECCHINO_ph-Bepi-Caroli_DSC_2094-150x150.jpg\" class=\"attachment-thumbnail size-thumbnail lazyload\" alt=\"\" aria-describedby=\"gallery-1-38684\" srcset=\"data:image\/svg+xml,%3Csvg%20xmlns%3D%27http%3A%2F%2Fwww.w3.org%2F2000%2Fsvg%27%20width%3D%271890%27%20height%3D%271158%27%20viewBox%3D%270%200%201890%201158%27%3E%3Crect%20width%3D%271890%27%20height%3D%271158%27%20fill-opacity%3D%220%22%2F%3E%3C%2Fsvg%3E\" data-orig-src=\"https:\/\/www.teatrostabiletorino.it\/wp-content\/uploads\/2018\/09\/08_ARLECCHINO_ph-Bepi-Caroli_DSC_2094-150x150.jpg\" data-srcset=\"https:\/\/www.teatrostabiletorino.it\/wp-content\/uploads\/2018\/09\/08_ARLECCHINO_ph-Bepi-Caroli_DSC_2094-66x66.jpg 66w, https:\/\/www.teatrostabiletorino.it\/wp-content\/uploads\/2018\/09\/08_ARLECCHINO_ph-Bepi-Caroli_DSC_2094-150x150.jpg 150w\" data-sizes=\"auto\" \/><\/a>\n\t\t\t<\/dt>\n\t\t\t\t<dd class='wp-caption-text gallery-caption' id='gallery-1-38684'>\n\t\t\t\t(da sinistra) Fabrizio Contri, Denis Fasolo, Michele Di Mauro<br>ph Bepi Caroli\n\t\t\t\t<\/dd><\/dl><br style=\"clear: both\" \/><dl class='gallery-item'>\n\t\t\t<dt class='gallery-icon landscape'>\n\t\t\t\t<a data-rel=\"iLightbox[postimages]\" data-title=\"09_ARLECCHINO_ph Bepi Caroli_DSC_2504\" data-caption=\"(da sinistra) Lucio De Francesco, Natalino Balasso, Ivan Zerbinatiph Bepi Caroli\" href='https:\/\/www.teatrostabiletorino.it\/wp-content\/uploads\/2018\/09\/09_ARLECCHINO_ph-Bepi-Caroli_DSC_2504.jpg'><img decoding=\"async\" width=\"150\" height=\"150\" src=\"https:\/\/www.teatrostabiletorino.it\/wp-content\/uploads\/2018\/09\/09_ARLECCHINO_ph-Bepi-Caroli_DSC_2504-150x150.jpg\" class=\"attachment-thumbnail size-thumbnail lazyload\" alt=\"\" aria-describedby=\"gallery-1-38685\" srcset=\"data:image\/svg+xml,%3Csvg%20xmlns%3D%27http%3A%2F%2Fwww.w3.org%2F2000%2Fsvg%27%20width%3D%271890%27%20height%3D%271178%27%20viewBox%3D%270%200%201890%201178%27%3E%3Crect%20width%3D%271890%27%20height%3D%271178%27%20fill-opacity%3D%220%22%2F%3E%3C%2Fsvg%3E\" data-orig-src=\"https:\/\/www.teatrostabiletorino.it\/wp-content\/uploads\/2018\/09\/09_ARLECCHINO_ph-Bepi-Caroli_DSC_2504-150x150.jpg\" data-srcset=\"https:\/\/www.teatrostabiletorino.it\/wp-content\/uploads\/2018\/09\/09_ARLECCHINO_ph-Bepi-Caroli_DSC_2504-66x66.jpg 66w, https:\/\/www.teatrostabiletorino.it\/wp-content\/uploads\/2018\/09\/09_ARLECCHINO_ph-Bepi-Caroli_DSC_2504-150x150.jpg 150w\" data-sizes=\"auto\" \/><\/a>\n\t\t\t<\/dt>\n\t\t\t\t<dd class='wp-caption-text gallery-caption' id='gallery-1-38685'>\n\t\t\t\t(da sinistra) Lucio De Francesco, Natalino Balasso, Ivan Zerbinati<br>ph Bepi Caroli\n\t\t\t\t<\/dd><\/dl><dl class='gallery-item'>\n\t\t\t<dt class='gallery-icon landscape'>\n\t\t\t\t<a data-rel=\"iLightbox[postimages]\" data-title=\"10_ARLECCHINO_ph Bepi Caroli_DSC_2558\" data-caption=\"(da sinistra) Lucio De Francesco, Natalino Balasso, Michele Di Mauro, Ivan Zerbinatiph Bepi Caroli\" href='https:\/\/www.teatrostabiletorino.it\/wp-content\/uploads\/2018\/09\/10_ARLECCHINO_ph-Bepi-Caroli_DSC_2558.jpg'><img decoding=\"async\" width=\"150\" height=\"150\" src=\"https:\/\/www.teatrostabiletorino.it\/wp-content\/uploads\/2018\/09\/10_ARLECCHINO_ph-Bepi-Caroli_DSC_2558-150x150.jpg\" class=\"attachment-thumbnail size-thumbnail lazyload\" alt=\"\" aria-describedby=\"gallery-1-38686\" srcset=\"data:image\/svg+xml,%3Csvg%20xmlns%3D%27http%3A%2F%2Fwww.w3.org%2F2000%2Fsvg%27%20width%3D%271890%27%20height%3D%271240%27%20viewBox%3D%270%200%201890%201240%27%3E%3Crect%20width%3D%271890%27%20height%3D%271240%27%20fill-opacity%3D%220%22%2F%3E%3C%2Fsvg%3E\" data-orig-src=\"https:\/\/www.teatrostabiletorino.it\/wp-content\/uploads\/2018\/09\/10_ARLECCHINO_ph-Bepi-Caroli_DSC_2558-150x150.jpg\" data-srcset=\"https:\/\/www.teatrostabiletorino.it\/wp-content\/uploads\/2018\/09\/10_ARLECCHINO_ph-Bepi-Caroli_DSC_2558-66x66.jpg 66w, https:\/\/www.teatrostabiletorino.it\/wp-content\/uploads\/2018\/09\/10_ARLECCHINO_ph-Bepi-Caroli_DSC_2558-150x150.jpg 150w\" data-sizes=\"auto\" \/><\/a>\n\t\t\t<\/dt>\n\t\t\t\t<dd class='wp-caption-text gallery-caption' id='gallery-1-38686'>\n\t\t\t\t(da sinistra) Lucio De Francesco, Natalino Balasso, Michele Di Mauro, Ivan Zerbinati<br>ph Bepi Caroli\n\t\t\t\t<\/dd><\/dl><dl class='gallery-item'>\n\t\t\t<dt class='gallery-icon landscape'>\n\t\t\t\t<a data-rel=\"iLightbox[postimages]\" data-title=\"11_ARLECCHINO_ph Bepi Caroli_DSC_2643\" data-caption=\"Natalino Balassoph Bepi Caroli\" href='https:\/\/www.teatrostabiletorino.it\/wp-content\/uploads\/2018\/09\/11_ARLECCHINO_ph-Bepi-Caroli_DSC_2643.jpg'><img decoding=\"async\" width=\"150\" height=\"150\" src=\"https:\/\/www.teatrostabiletorino.it\/wp-content\/uploads\/2018\/09\/11_ARLECCHINO_ph-Bepi-Caroli_DSC_2643-150x150.jpg\" class=\"attachment-thumbnail size-thumbnail lazyload\" alt=\"\" aria-describedby=\"gallery-1-38687\" srcset=\"data:image\/svg+xml,%3Csvg%20xmlns%3D%27http%3A%2F%2Fwww.w3.org%2F2000%2Fsvg%27%20width%3D%271890%27%20height%3D%271205%27%20viewBox%3D%270%200%201890%201205%27%3E%3Crect%20width%3D%271890%27%20height%3D%271205%27%20fill-opacity%3D%220%22%2F%3E%3C%2Fsvg%3E\" data-orig-src=\"https:\/\/www.teatrostabiletorino.it\/wp-content\/uploads\/2018\/09\/11_ARLECCHINO_ph-Bepi-Caroli_DSC_2643-150x150.jpg\" data-srcset=\"https:\/\/www.teatrostabiletorino.it\/wp-content\/uploads\/2018\/09\/11_ARLECCHINO_ph-Bepi-Caroli_DSC_2643-66x66.jpg 66w, https:\/\/www.teatrostabiletorino.it\/wp-content\/uploads\/2018\/09\/11_ARLECCHINO_ph-Bepi-Caroli_DSC_2643-150x150.jpg 150w\" data-sizes=\"auto\" \/><\/a>\n\t\t\t<\/dt>\n\t\t\t\t<dd class='wp-caption-text gallery-caption' id='gallery-1-38687'>\n\t\t\t\tNatalino Balasso<br>ph Bepi Caroli\n\t\t\t\t<\/dd><\/dl><dl class='gallery-item'>\n\t\t\t<dt class='gallery-icon landscape'>\n\t\t\t\t<a data-rel=\"iLightbox[postimages]\" data-title=\"12_ARLECCHINO_ph Bepi Caroli_DSC_2985\" data-caption=\"(da sinistra) Marta Cortellazzo Wiel, Natalino Balassoph Bepi Caroli\" href='https:\/\/www.teatrostabiletorino.it\/wp-content\/uploads\/2018\/09\/12_ARLECCHINO_ph-Bepi-Caroli_DSC_2985.jpg'><img decoding=\"async\" width=\"150\" height=\"150\" src=\"https:\/\/www.teatrostabiletorino.it\/wp-content\/uploads\/2018\/09\/12_ARLECCHINO_ph-Bepi-Caroli_DSC_2985-150x150.jpg\" class=\"attachment-thumbnail size-thumbnail lazyload\" alt=\"\" aria-describedby=\"gallery-1-38688\" srcset=\"data:image\/svg+xml,%3Csvg%20xmlns%3D%27http%3A%2F%2Fwww.w3.org%2F2000%2Fsvg%27%20width%3D%271890%27%20height%3D%271260%27%20viewBox%3D%270%200%201890%201260%27%3E%3Crect%20width%3D%271890%27%20height%3D%271260%27%20fill-opacity%3D%220%22%2F%3E%3C%2Fsvg%3E\" data-orig-src=\"https:\/\/www.teatrostabiletorino.it\/wp-content\/uploads\/2018\/09\/12_ARLECCHINO_ph-Bepi-Caroli_DSC_2985-150x150.jpg\" data-srcset=\"https:\/\/www.teatrostabiletorino.it\/wp-content\/uploads\/2018\/09\/12_ARLECCHINO_ph-Bepi-Caroli_DSC_2985-66x66.jpg 66w, https:\/\/www.teatrostabiletorino.it\/wp-content\/uploads\/2018\/09\/12_ARLECCHINO_ph-Bepi-Caroli_DSC_2985-150x150.jpg 150w\" data-sizes=\"auto\" \/><\/a>\n\t\t\t<\/dt>\n\t\t\t\t<dd class='wp-caption-text gallery-caption' id='gallery-1-38688'>\n\t\t\t\t(da sinistra) Marta Cortellazzo Wiel, Natalino Balasso<br>ph Bepi Caroli\n\t\t\t\t<\/dd><\/dl><br style=\"clear: both\" \/><dl class='gallery-item'>\n\t\t\t<dt class='gallery-icon portrait'>\n\t\t\t\t<a data-rel=\"iLightbox[postimages]\" data-title=\"13_ARLECCHINO_ph Bepi Caroli_DSC_3179\" data-caption=\"(da sinistra) Natalino Balasso, Gianmaria Martiniph Bepi Caroli\" href='https:\/\/www.teatrostabiletorino.it\/wp-content\/uploads\/2018\/09\/13_ARLECCHINO_ph-Bepi-Caroli_DSC_3179.jpg'><img decoding=\"async\" width=\"150\" height=\"150\" src=\"https:\/\/www.teatrostabiletorino.it\/wp-content\/uploads\/2018\/09\/13_ARLECCHINO_ph-Bepi-Caroli_DSC_3179-150x150.jpg\" class=\"attachment-thumbnail size-thumbnail lazyload\" alt=\"\" aria-describedby=\"gallery-1-38689\" srcset=\"data:image\/svg+xml,%3Csvg%20xmlns%3D%27http%3A%2F%2Fwww.w3.org%2F2000%2Fsvg%27%20width%3D%271259%27%20height%3D%271890%27%20viewBox%3D%270%200%201259%201890%27%3E%3Crect%20width%3D%271259%27%20height%3D%271890%27%20fill-opacity%3D%220%22%2F%3E%3C%2Fsvg%3E\" data-orig-src=\"https:\/\/www.teatrostabiletorino.it\/wp-content\/uploads\/2018\/09\/13_ARLECCHINO_ph-Bepi-Caroli_DSC_3179-150x150.jpg\" data-srcset=\"https:\/\/www.teatrostabiletorino.it\/wp-content\/uploads\/2018\/09\/13_ARLECCHINO_ph-Bepi-Caroli_DSC_3179-66x66.jpg 66w, https:\/\/www.teatrostabiletorino.it\/wp-content\/uploads\/2018\/09\/13_ARLECCHINO_ph-Bepi-Caroli_DSC_3179-150x150.jpg 150w\" data-sizes=\"auto\" \/><\/a>\n\t\t\t<\/dt>\n\t\t\t\t<dd class='wp-caption-text gallery-caption' id='gallery-1-38689'>\n\t\t\t\t(da sinistra) Natalino Balasso, Gianmaria Martini<br>ph Bepi Caroli\n\t\t\t\t<\/dd><\/dl><dl class='gallery-item'>\n\t\t\t<dt class='gallery-icon landscape'>\n\t\t\t\t<a data-rel=\"iLightbox[postimages]\" data-title=\"14_ARLECCHINO_ph Bepi Caroli_DSC_3595\" data-caption=\"(da sinistra) Fabrizio Contri (davanti), Denis FasoloBepi Caroli\" href='https:\/\/www.teatrostabiletorino.it\/wp-content\/uploads\/2018\/09\/14_ARLECCHINO_ph-Bepi-Caroli_DSC_3595.jpg'><img decoding=\"async\" width=\"150\" height=\"150\" src=\"https:\/\/www.teatrostabiletorino.it\/wp-content\/uploads\/2018\/09\/14_ARLECCHINO_ph-Bepi-Caroli_DSC_3595-150x150.jpg\" class=\"attachment-thumbnail size-thumbnail lazyload\" alt=\"\" aria-describedby=\"gallery-1-38690\" srcset=\"data:image\/svg+xml,%3Csvg%20xmlns%3D%27http%3A%2F%2Fwww.w3.org%2F2000%2Fsvg%27%20width%3D%271890%27%20height%3D%271260%27%20viewBox%3D%270%200%201890%201260%27%3E%3Crect%20width%3D%271890%27%20height%3D%271260%27%20fill-opacity%3D%220%22%2F%3E%3C%2Fsvg%3E\" data-orig-src=\"https:\/\/www.teatrostabiletorino.it\/wp-content\/uploads\/2018\/09\/14_ARLECCHINO_ph-Bepi-Caroli_DSC_3595-150x150.jpg\" data-srcset=\"https:\/\/www.teatrostabiletorino.it\/wp-content\/uploads\/2018\/09\/14_ARLECCHINO_ph-Bepi-Caroli_DSC_3595-66x66.jpg 66w, https:\/\/www.teatrostabiletorino.it\/wp-content\/uploads\/2018\/09\/14_ARLECCHINO_ph-Bepi-Caroli_DSC_3595-150x150.jpg 150w\" data-sizes=\"auto\" \/><\/a>\n\t\t\t<\/dt>\n\t\t\t\t<dd class='wp-caption-text gallery-caption' id='gallery-1-38690'>\n\t\t\t\t(da sinistra) Fabrizio Contri (davanti), Denis Fasolo<br>Bepi Caroli\n\t\t\t\t<\/dd><\/dl><dl class='gallery-item'>\n\t\t\t<dt class='gallery-icon landscape'>\n\t\t\t\t<a data-rel=\"iLightbox[postimages]\" data-title=\"15_ARLECCHINO_ph Bepi Caroli_DSC_3656\" data-caption=\"(da sinistra) Denis Fasolo (di spalle), Michele Di Mauroph Bepi Caroli\" href='https:\/\/www.teatrostabiletorino.it\/wp-content\/uploads\/2018\/09\/15_ARLECCHINO_ph-Bepi-Caroli_DSC_3656.jpg'><img decoding=\"async\" width=\"150\" height=\"150\" src=\"https:\/\/www.teatrostabiletorino.it\/wp-content\/uploads\/2018\/09\/15_ARLECCHINO_ph-Bepi-Caroli_DSC_3656-150x150.jpg\" class=\"attachment-thumbnail size-thumbnail lazyload\" alt=\"\" aria-describedby=\"gallery-1-38691\" srcset=\"data:image\/svg+xml,%3Csvg%20xmlns%3D%27http%3A%2F%2Fwww.w3.org%2F2000%2Fsvg%27%20width%3D%272126%27%20height%3D%271326%27%20viewBox%3D%270%200%202126%201326%27%3E%3Crect%20width%3D%272126%27%20height%3D%271326%27%20fill-opacity%3D%220%22%2F%3E%3C%2Fsvg%3E\" data-orig-src=\"https:\/\/www.teatrostabiletorino.it\/wp-content\/uploads\/2018\/09\/15_ARLECCHINO_ph-Bepi-Caroli_DSC_3656-150x150.jpg\" data-srcset=\"https:\/\/www.teatrostabiletorino.it\/wp-content\/uploads\/2018\/09\/15_ARLECCHINO_ph-Bepi-Caroli_DSC_3656-66x66.jpg 66w, https:\/\/www.teatrostabiletorino.it\/wp-content\/uploads\/2018\/09\/15_ARLECCHINO_ph-Bepi-Caroli_DSC_3656-150x150.jpg 150w\" data-sizes=\"auto\" \/><\/a>\n\t\t\t<\/dt>\n\t\t\t\t<dd class='wp-caption-text gallery-caption' id='gallery-1-38691'>\n\t\t\t\t(da sinistra) Denis Fasolo (di spalle), Michele Di Mauro<br>ph Bepi Caroli\n\t\t\t\t<\/dd><\/dl><dl class='gallery-item'>\n\t\t\t<dt class='gallery-icon landscape'>\n\t\t\t\t<a data-rel=\"iLightbox[postimages]\" data-title=\"16_ARLECCHINO_ph Bepi Caroli_DSC_3738\" data-caption=\"Elisabetta Mazzulloph Bepi Caroli\" href='https:\/\/www.teatrostabiletorino.it\/wp-content\/uploads\/2018\/09\/16_ARLECCHINO_ph-Bepi-Caroli_DSC_3738.jpg'><img decoding=\"async\" width=\"150\" height=\"150\" src=\"https:\/\/www.teatrostabiletorino.it\/wp-content\/uploads\/2018\/09\/16_ARLECCHINO_ph-Bepi-Caroli_DSC_3738-150x150.jpg\" class=\"attachment-thumbnail size-thumbnail lazyload\" alt=\"\" aria-describedby=\"gallery-1-38692\" srcset=\"data:image\/svg+xml,%3Csvg%20xmlns%3D%27http%3A%2F%2Fwww.w3.org%2F2000%2Fsvg%27%20width%3D%271890%27%20height%3D%271255%27%20viewBox%3D%270%200%201890%201255%27%3E%3Crect%20width%3D%271890%27%20height%3D%271255%27%20fill-opacity%3D%220%22%2F%3E%3C%2Fsvg%3E\" data-orig-src=\"https:\/\/www.teatrostabiletorino.it\/wp-content\/uploads\/2018\/09\/16_ARLECCHINO_ph-Bepi-Caroli_DSC_3738-150x150.jpg\" data-srcset=\"https:\/\/www.teatrostabiletorino.it\/wp-content\/uploads\/2018\/09\/16_ARLECCHINO_ph-Bepi-Caroli_DSC_3738-66x66.jpg 66w, https:\/\/www.teatrostabiletorino.it\/wp-content\/uploads\/2018\/09\/16_ARLECCHINO_ph-Bepi-Caroli_DSC_3738-150x150.jpg 150w\" data-sizes=\"auto\" \/><\/a>\n\t\t\t<\/dt>\n\t\t\t\t<dd class='wp-caption-text gallery-caption' id='gallery-1-38692'>\n\t\t\t\tElisabetta Mazzullo<br>ph Bepi Caroli\n\t\t\t\t<\/dd><\/dl><br style=\"clear: both\" \/><dl class='gallery-item'>\n\t\t\t<dt class='gallery-icon landscape'>\n\t\t\t\t<a data-rel=\"iLightbox[postimages]\" data-title=\"17_ARLECCHINO_ph Bepi Caroli_DSC_3808\" data-caption=\"(da sinistra) Gianmaria Martini, Elisabetta Mazzulloph Bepi Caroli\" href='https:\/\/www.teatrostabiletorino.it\/wp-content\/uploads\/2018\/09\/17_ARLECCHINO_ph-Bepi-Caroli_DSC_3808.jpg'><img decoding=\"async\" width=\"150\" height=\"150\" src=\"https:\/\/www.teatrostabiletorino.it\/wp-content\/uploads\/2018\/09\/17_ARLECCHINO_ph-Bepi-Caroli_DSC_3808-150x150.jpg\" class=\"attachment-thumbnail size-thumbnail lazyload\" alt=\"\" aria-describedby=\"gallery-1-38693\" srcset=\"data:image\/svg+xml,%3Csvg%20xmlns%3D%27http%3A%2F%2Fwww.w3.org%2F2000%2Fsvg%27%20width%3D%271890%27%20height%3D%271180%27%20viewBox%3D%270%200%201890%201180%27%3E%3Crect%20width%3D%271890%27%20height%3D%271180%27%20fill-opacity%3D%220%22%2F%3E%3C%2Fsvg%3E\" data-orig-src=\"https:\/\/www.teatrostabiletorino.it\/wp-content\/uploads\/2018\/09\/17_ARLECCHINO_ph-Bepi-Caroli_DSC_3808-150x150.jpg\" data-srcset=\"https:\/\/www.teatrostabiletorino.it\/wp-content\/uploads\/2018\/09\/17_ARLECCHINO_ph-Bepi-Caroli_DSC_3808-66x66.jpg 66w, https:\/\/www.teatrostabiletorino.it\/wp-content\/uploads\/2018\/09\/17_ARLECCHINO_ph-Bepi-Caroli_DSC_3808-150x150.jpg 150w\" data-sizes=\"auto\" \/><\/a>\n\t\t\t<\/dt>\n\t\t\t\t<dd class='wp-caption-text gallery-caption' id='gallery-1-38693'>\n\t\t\t\t(da sinistra) Gianmaria Martini, Elisabetta Mazzullo<br>ph Bepi Caroli\n\t\t\t\t<\/dd><\/dl><dl class='gallery-item'>\n\t\t\t<dt class='gallery-icon landscape'>\n\t\t\t\t<a data-rel=\"iLightbox[postimages]\" data-title=\"18_ARLECCHINO_ph Bepi Caroli_DSC_2012\" data-caption=\"nella foto: (da sinistra in primo piano) Michele Di Mauro, Fabrizio Contri\n(dietro da sinistra) Marta Cortellazzo Wiel, Lucio De Francesco\nph Bepi Caroli\" href='https:\/\/www.teatrostabiletorino.it\/wp-content\/uploads\/2018\/09\/18_ARLECCHINO_ph-Bepi-Caroli_DSC_2012.jpg'><img decoding=\"async\" width=\"150\" height=\"150\" src=\"https:\/\/www.teatrostabiletorino.it\/wp-content\/uploads\/2018\/09\/18_ARLECCHINO_ph-Bepi-Caroli_DSC_2012-150x150.jpg\" class=\"attachment-thumbnail size-thumbnail lazyload\" alt=\"\" aria-describedby=\"gallery-1-38694\" srcset=\"data:image\/svg+xml,%3Csvg%20xmlns%3D%27http%3A%2F%2Fwww.w3.org%2F2000%2Fsvg%27%20width%3D%271772%27%20height%3D%271181%27%20viewBox%3D%270%200%201772%201181%27%3E%3Crect%20width%3D%271772%27%20height%3D%271181%27%20fill-opacity%3D%220%22%2F%3E%3C%2Fsvg%3E\" data-orig-src=\"https:\/\/www.teatrostabiletorino.it\/wp-content\/uploads\/2018\/09\/18_ARLECCHINO_ph-Bepi-Caroli_DSC_2012-150x150.jpg\" data-srcset=\"https:\/\/www.teatrostabiletorino.it\/wp-content\/uploads\/2018\/09\/18_ARLECCHINO_ph-Bepi-Caroli_DSC_2012-66x66.jpg 66w, https:\/\/www.teatrostabiletorino.it\/wp-content\/uploads\/2018\/09\/18_ARLECCHINO_ph-Bepi-Caroli_DSC_2012-150x150.jpg 150w\" data-sizes=\"auto\" \/><\/a>\n\t\t\t<\/dt>\n\t\t\t\t<dd class='wp-caption-text gallery-caption' id='gallery-1-38694'>\n\t\t\t\tnella foto: (da sinistra in primo piano) Michele Di Mauro, Fabrizio Contri\n(dietro da sinistra) Marta Cortellazzo Wiel, Lucio De Francesco\n<br>ph Bepi Caroli\n\t\t\t\t<\/dd><\/dl>\n\t\t\t<br style='clear: both' \/>\n\t\t<\/div>\n<\/p>","protected":false},"excerpt":{"rendered":"<p>Sorry, this entry is only available in Italiano.Al Teatro Carignano di Torino, luned\u00ec 8 ottobre <a href=\"https:\/\/www.teatrostabiletorino.it\/en\/arlecchino-servitore-di-due-padroni-di-carlo-goldoni-con-la-regia-di-valerio-binasco-inaugura-la-nuova-stagione-del-teatro-stabile-di-torino-teatro-nazionale-teatro-carigna\/\"> [+]<\/a><\/p>\n","protected":false},"author":2,"featured_media":38677,"comment_status":"closed","ping_status":"closed","sticky":false,"template":"","format":"standard","meta":{"_acf_changed":false,"footnotes":""},"categories":[92],"tags":[],"acf":[],"_links":{"self":[{"href":"https:\/\/www.teatrostabiletorino.it\/en\/wp-json\/wp\/v2\/posts\/38581"}],"collection":[{"href":"https:\/\/www.teatrostabiletorino.it\/en\/wp-json\/wp\/v2\/posts"}],"about":[{"href":"https:\/\/www.teatrostabiletorino.it\/en\/wp-json\/wp\/v2\/types\/post"}],"author":[{"embeddable":true,"href":"https:\/\/www.teatrostabiletorino.it\/en\/wp-json\/wp\/v2\/users\/2"}],"replies":[{"embeddable":true,"href":"https:\/\/www.teatrostabiletorino.it\/en\/wp-json\/wp\/v2\/comments?post=38581"}],"version-history":[{"count":0,"href":"https:\/\/www.teatrostabiletorino.it\/en\/wp-json\/wp\/v2\/posts\/38581\/revisions"}],"wp:featuredmedia":[{"embeddable":true,"href":"https:\/\/www.teatrostabiletorino.it\/en\/wp-json\/wp\/v2\/media\/38677"}],"wp:attachment":[{"href":"https:\/\/www.teatrostabiletorino.it\/en\/wp-json\/wp\/v2\/media?parent=38581"}],"wp:term":[{"taxonomy":"category","embeddable":true,"href":"https:\/\/www.teatrostabiletorino.it\/en\/wp-json\/wp\/v2\/categories?post=38581"},{"taxonomy":"post_tag","embeddable":true,"href":"https:\/\/www.teatrostabiletorino.it\/en\/wp-json\/wp\/v2\/tags?post=38581"}],"curies":[{"name":"wp","href":"https:\/\/api.w.org\/{rel}","templated":true}]}}