{"id":40210,"date":"2019-03-18T17:40:58","date_gmt":"2019-03-18T16:40:58","guid":{"rendered":"https:\/\/www.teatrostabiletorino.it\/?p=40210"},"modified":"2019-04-02T15:06:07","modified_gmt":"2019-04-02T13:06:07","slug":"martedi-23-aprile-debutta-in-prima-nazionale-al-teatro-carignano-se-questo-e-un-uomo-da-primo-levi-nellinterpretazione-di-paolo-pierobon-con-la-regia-di-valter-malosti","status":"publish","type":"post","link":"https:\/\/www.teatrostabiletorino.it\/en\/martedi-23-aprile-debutta-in-prima-nazionale-al-teatro-carignano-se-questo-e-un-uomo-da-primo-levi-nellinterpretazione-di-paolo-pierobon-con-la-regia-di-valter-malosti\/","title":{"rendered":"MARTED\u00cc 23 APRILE DEBUTTA, IN PRIMA NAZIONALE, AL TEATRO CARIGNANO,  &#8220;SE QUESTO \u00c8 UN UOMO&#8221; DA PRIMO LEVI, NELL\u2019INTERPRETAZIONE DI PAOLO PIEROBON CON LA REGIA DI VALTER MALOSTI"},"content":{"rendered":"<p class=\"qtranxs-available-languages-message qtranxs-available-languages-message-en\">Sorry, this entry is only available in <a href=\"https:\/\/www.teatrostabiletorino.it\/it\/wp-json\/wp\/v2\/posts\/40210\" class=\"qtranxs-available-language-link qtranxs-available-language-link-it\" title=\"Italiano\">Italiano<\/a>.<\/p><p><\/p>\n<p style=\"text-align: center;\"><strong>AUSCHWITZ RACCONTATO DA PRIMO LEVI: AL TEATRO CARIGNANO <em>SE QUESTO \u00c8 UN UOMO<\/em> NELL\u2019INTERPRETAZIONE DI PAOLO PIEROBON CON LA REGIA DI VALTER MALOSTI<\/strong><\/p>\n<p style=\"text-align: center;\"><em>Per la prima volta in scena direttamente la voce di questa irripetibile opera prima, tra i libri pi\u00f9 belli e atroci del ventesimo secolo. Una voce critica che nella sua nudit\u00e0 sa restituire la babele del campo: i suoni, le minacce, gli ordini, il rumore della fabbrica di morte<\/em><\/p>\n<p>La voce di Primo Levi \u00e8 la voce che pi\u00f9 di ogni altra ha saputo far parlare Auschwitz: la voce che da oltre settant\u2019anni, con Se questo \u00e8 un uomo, racconta ai lettori di tutto il mondo la verit\u00e0 sullo sterminio nazista. \u00c8 una voce dal timbro inconfondibile, mite e salda: \u00abconsiderate che questo \u00e8 stato\u00bb.<br \/>\nOggi, nel centenario della nascita di Levi, il direttore di TPE &#8211; Teatro Piemonte Europa Valter Malosti firma la regia di Se questo \u00e8 un uomo portando per la prima volta in scena direttamente la voce di questa irripetibile opera prima, che \u00e8 il libro di avventure pi\u00f9 atroce e pi\u00f9 bello del ventesimo secolo: quella voce senza alcuna altra mediazione. Una voce che nella sua nudit\u00e0 sa restituire la babele del campo \u2013 i suoni, le minacce, gli ordini, il rumore della fabbrica di morte.<br \/>\n<em>Se questo \u00e8 un uomo<\/em> va in scena dal 23 aprile al 12 maggio 2019 per la Stagione del Teatro Stabile di Torino al Teatro Carignano e vede assieme per la prima volta in una coproduzione TPE &#8211; Teatro Piemonte Europa, Teatro Stabile di Torino &#8211; Teatro Nazionale e Teatro di Roma &#8211; Teatro Nazionale, con la consulenza del Centro Internazionale di Studi Primo Levi e la collaborazione del Polo del \u2018900 e di Giulio Einaudi editore.<br \/>\nLa condensazione scenica del testo \u00e8 stata curata da Domenico Scarpa e dallo stesso Malosti. La voce \u00e8 quella del testimone-protagonista, ma i registri di quella voce sono molti. La voce di Se questo \u00e8 un uomo contiene in realt\u00e0 una moltitudine di registri espressivi, narrativi, percettivi e di pensiero. Questi registri, questi scarti, questa fusione di fatti e di pensieri, gli \u00aba parte\u00bb meditativi, morali e perfino scientifici, perfino politici, sono altrettante opportunit\u00e0 per un attore di grande talento e carisma quale Paolo Pierobon per ricreare in scena quella quantit\u00e0 di dimensioni e di chiaroscuri.<br \/>\nLa scena sar\u00e0 di Margherita Palli, che ha immaginato un cortocircuito visivo tra la memoria del lager e le \u00abnostre tiepide case\u00bb. Le luci saranno di Cesare Accetta, i costumi di Gianluca Sbicca.<br \/>\nIl progetto sonoro, curato da Gup Alcaro, sar\u00e0 fondamentale in questa riscrittura scenica. Se questo \u00e8 un uomo \u00e8 infatti un\u2019opera acustica. Levi restituisce la babele del campo \u2013 i suoni, le minacce, gli ordini, i vocaboli gergali incomprensibili, i rari discorsi chiari e distinti \u2013 orchestrandola sulle lingue parlate in quel perimetro di filo spinato.<br \/>\nCome contrappunto al testo e al suono del lager ci saranno tre madrigali originali creati da Carlo Boccadoro a partire dalle poesie che Levi scrive immediatamente dopo il ritorno dal campo di annientamento, negli anni 1945-46.<br \/>\nL\u2019immagine guida \u00e8 opera del disegnatore e fumettista Pietro Scarnera, che ha rielaborato appositamente per la messa in scena di Se questo \u00e8 un uomo una tavola del suo graphic novel <em>Una stella tranquilla<\/em>. Ritratto sentimentale di Primo Levi (Bologna, Comma 22, 2013), premio Cosmonauti per il miglior libro e Prix R\u00e9v\u00e9lation al Festival di Angoul\u00eame 2016.<\/p>\n<p><a href=\"http:\/\/www.teatrostabiletorino.it\/wp-content\/uploads\/2019\/03\/01_Cs_Se-questo-\u00e8-un-uomo_Periodici_19_03_19.pdf\" target=\"_blank\" rel=\"noopener\">01_Cs_ Se questo \u00e8 un uomo<\/a><\/p>\n\n\t\t<style type=\"text\/css\">\n\t\t\t#gallery-1 {\n\t\t\t\tmargin: auto;\n\t\t\t}\n\t\t\t#gallery-1 .gallery-item {\n\t\t\t\tfloat: left;\n\t\t\t\tmargin-top: 10px;\n\t\t\t\ttext-align: center;\n\t\t\t\twidth: 25%;\n\t\t\t}\n\t\t\t#gallery-1 img {\n\t\t\t\tborder: 2px solid #cfcfcf;\n\t\t\t}\n\t\t\t#gallery-1 .gallery-caption {\n\t\t\t\tmargin-left: 0;\n\t\t\t}\n\t\t\t\/* see gallery_shortcode() in wp-includes\/media.php *\/\n\t\t<\/style>\n\t\t<div id='gallery-1' class='gallery galleryid-40210 gallery-columns-4 gallery-size-thumbnail'><dl class='gallery-item'>\n\t\t\t<dt class='gallery-icon landscape'>\n\t\t\t\t<a data-rel=\"iLightbox[postimages]\" data-title=\"02_Paolo Pierobon\" data-caption=\"Paolo Pierobon\" href='https:\/\/www.teatrostabiletorino.it\/wp-content\/uploads\/2019\/03\/02_Paolo-Pierobon.jpg'><img decoding=\"async\" width=\"150\" height=\"150\" src=\"https:\/\/www.teatrostabiletorino.it\/wp-content\/uploads\/2019\/03\/02_Paolo-Pierobon-150x150.jpg\" class=\"attachment-thumbnail size-thumbnail lazyload\" alt=\"\" aria-describedby=\"gallery-1-40212\" srcset=\"data:image\/svg+xml,%3Csvg%20xmlns%3D%27http%3A%2F%2Fwww.w3.org%2F2000%2Fsvg%27%20width%3D%271890%27%20height%3D%271869%27%20viewBox%3D%270%200%201890%201869%27%3E%3Crect%20width%3D%271890%27%20height%3D%271869%27%20fill-opacity%3D%220%22%2F%3E%3C%2Fsvg%3E\" data-orig-src=\"https:\/\/www.teatrostabiletorino.it\/wp-content\/uploads\/2019\/03\/02_Paolo-Pierobon-150x150.jpg\" data-srcset=\"https:\/\/www.teatrostabiletorino.it\/wp-content\/uploads\/2019\/03\/02_Paolo-Pierobon-66x66.jpg 66w, https:\/\/www.teatrostabiletorino.it\/wp-content\/uploads\/2019\/03\/02_Paolo-Pierobon-150x150.jpg 150w, https:\/\/www.teatrostabiletorino.it\/wp-content\/uploads\/2019\/03\/02_Paolo-Pierobon-200x198.jpg 200w, https:\/\/www.teatrostabiletorino.it\/wp-content\/uploads\/2019\/03\/02_Paolo-Pierobon-300x297.jpg 300w, https:\/\/www.teatrostabiletorino.it\/wp-content\/uploads\/2019\/03\/02_Paolo-Pierobon-400x396.jpg 400w\" data-sizes=\"auto\" \/><\/a>\n\t\t\t<\/dt>\n\t\t\t\t<dd class='wp-caption-text gallery-caption' id='gallery-1-40212'>\n\t\t\t\tPaolo Pierobon\n\t\t\t\t<\/dd><\/dl><dl class='gallery-item'>\n\t\t\t<dt class='gallery-icon portrait'>\n\t\t\t\t<a data-rel=\"iLightbox[postimages]\" data-title=\"03_Valter Malosti\" data-caption=\"Valter Malosti\" href='https:\/\/www.teatrostabiletorino.it\/wp-content\/uploads\/2019\/03\/03_Valter-Malosti.jpg'><img decoding=\"async\" width=\"150\" height=\"150\" src=\"https:\/\/www.teatrostabiletorino.it\/wp-content\/uploads\/2019\/03\/03_Valter-Malosti-150x150.jpg\" class=\"attachment-thumbnail size-thumbnail lazyload\" alt=\"\" aria-describedby=\"gallery-1-40213\" srcset=\"data:image\/svg+xml,%3Csvg%20xmlns%3D%27http%3A%2F%2Fwww.w3.org%2F2000%2Fsvg%27%20width%3D%271417%27%20height%3D%271890%27%20viewBox%3D%270%200%201417%201890%27%3E%3Crect%20width%3D%271417%27%20height%3D%271890%27%20fill-opacity%3D%220%22%2F%3E%3C%2Fsvg%3E\" data-orig-src=\"https:\/\/www.teatrostabiletorino.it\/wp-content\/uploads\/2019\/03\/03_Valter-Malosti-150x150.jpg\" data-srcset=\"https:\/\/www.teatrostabiletorino.it\/wp-content\/uploads\/2019\/03\/03_Valter-Malosti-66x66.jpg 66w, https:\/\/www.teatrostabiletorino.it\/wp-content\/uploads\/2019\/03\/03_Valter-Malosti-150x150.jpg 150w\" data-sizes=\"auto\" \/><\/a>\n\t\t\t<\/dt>\n\t\t\t\t<dd class='wp-caption-text gallery-caption' id='gallery-1-40213'>\n\t\t\t\tValter Malosti\n\t\t\t\t<\/dd><\/dl><dl class='gallery-item'>\n\t\t\t<dt class='gallery-icon landscape'>\n\t\t\t\t<a data-rel=\"iLightbox[postimages]\" data-title=\"04_Valter Malosti\" data-caption=\"Valter Malosti\" href='https:\/\/www.teatrostabiletorino.it\/wp-content\/uploads\/2019\/03\/04_Valter-Malosti.jpg'><img decoding=\"async\" width=\"150\" height=\"150\" src=\"https:\/\/www.teatrostabiletorino.it\/wp-content\/uploads\/2019\/03\/04_Valter-Malosti-150x150.jpg\" class=\"attachment-thumbnail size-thumbnail lazyload\" alt=\"\" aria-describedby=\"gallery-1-40214\" srcset=\"data:image\/svg+xml,%3Csvg%20xmlns%3D%27http%3A%2F%2Fwww.w3.org%2F2000%2Fsvg%27%20width%3D%271890%27%20height%3D%271258%27%20viewBox%3D%270%200%201890%201258%27%3E%3Crect%20width%3D%271890%27%20height%3D%271258%27%20fill-opacity%3D%220%22%2F%3E%3C%2Fsvg%3E\" data-orig-src=\"https:\/\/www.teatrostabiletorino.it\/wp-content\/uploads\/2019\/03\/04_Valter-Malosti-150x150.jpg\" data-srcset=\"https:\/\/www.teatrostabiletorino.it\/wp-content\/uploads\/2019\/03\/04_Valter-Malosti-66x66.jpg 66w, https:\/\/www.teatrostabiletorino.it\/wp-content\/uploads\/2019\/03\/04_Valter-Malosti-150x150.jpg 150w\" data-sizes=\"auto\" \/><\/a>\n\t\t\t<\/dt>\n\t\t\t\t<dd class='wp-caption-text gallery-caption' id='gallery-1-40214'>\n\t\t\t\tValter Malosti\n\t\t\t\t<\/dd><\/dl><dl class='gallery-item'>\n\t\t\t<dt class='gallery-icon landscape'>\n\t\t\t\t<a data-rel=\"iLightbox[postimages]\" data-title=\"Immagine guida_Se questo \u00e8 un uomo_\u00a9_Pietro Scarnera\" data-caption=\"Immagine guida_Se questo \u00e8 un uomo_\u00a9_Pietro Scarnera\" href='https:\/\/www.teatrostabiletorino.it\/wp-content\/uploads\/2019\/03\/05_Immagine-guida_Se-questo-\u00e8-un-uomo_\u00a9_Pietro-Scarnera.jpg'><img decoding=\"async\" width=\"150\" height=\"150\" src=\"https:\/\/www.teatrostabiletorino.it\/wp-content\/uploads\/2019\/03\/05_Immagine-guida_Se-questo-\u00e8-un-uomo_\u00a9_Pietro-Scarnera-150x150.jpg\" class=\"attachment-thumbnail size-thumbnail lazyload\" alt=\"\" aria-describedby=\"gallery-1-40215\" srcset=\"data:image\/svg+xml,%3Csvg%20xmlns%3D%27http%3A%2F%2Fwww.w3.org%2F2000%2Fsvg%27%20width%3D%272126%27%20height%3D%272006%27%20viewBox%3D%270%200%202126%202006%27%3E%3Crect%20width%3D%272126%27%20height%3D%272006%27%20fill-opacity%3D%220%22%2F%3E%3C%2Fsvg%3E\" data-orig-src=\"https:\/\/www.teatrostabiletorino.it\/wp-content\/uploads\/2019\/03\/05_Immagine-guida_Se-questo-\u00e8-un-uomo_\u00a9_Pietro-Scarnera-150x150.jpg\" data-srcset=\"https:\/\/www.teatrostabiletorino.it\/wp-content\/uploads\/2019\/03\/05_Immagine-guida_Se-questo-\u00e8-un-uomo_\u00a9_Pietro-Scarnera-66x66.jpg 66w, https:\/\/www.teatrostabiletorino.it\/wp-content\/uploads\/2019\/03\/05_Immagine-guida_Se-questo-\u00e8-un-uomo_\u00a9_Pietro-Scarnera-150x150.jpg 150w\" data-sizes=\"auto\" \/><\/a>\n\t\t\t<\/dt>\n\t\t\t\t<dd class='wp-caption-text gallery-caption' id='gallery-1-40215'>\n\t\t\t\tImmagine guida_Se questo \u00e8 un uomo_\u00a9_Pietro Scarnera\n\t\t\t\t<\/dd><\/dl><br style=\"clear: both\" \/>\n\t\t<\/div>\n\n<p>&nbsp;<\/p>\n<p>&nbsp;<\/p>","protected":false},"excerpt":{"rendered":"<p>Sorry, this entry is only available in Italiano. AUSCHWITZ RACCONTATO DA PRIMO LEVI: AL TEATRO <a href=\"https:\/\/www.teatrostabiletorino.it\/en\/martedi-23-aprile-debutta-in-prima-nazionale-al-teatro-carignano-se-questo-e-un-uomo-da-primo-levi-nellinterpretazione-di-paolo-pierobon-con-la-regia-di-valter-malosti\/\"> [+]<\/a><\/p>\n","protected":false},"author":2,"featured_media":40215,"comment_status":"closed","ping_status":"closed","sticky":false,"template":"","format":"standard","meta":{"_acf_changed":false,"footnotes":""},"categories":[1],"tags":[],"acf":[],"_links":{"self":[{"href":"https:\/\/www.teatrostabiletorino.it\/en\/wp-json\/wp\/v2\/posts\/40210"}],"collection":[{"href":"https:\/\/www.teatrostabiletorino.it\/en\/wp-json\/wp\/v2\/posts"}],"about":[{"href":"https:\/\/www.teatrostabiletorino.it\/en\/wp-json\/wp\/v2\/types\/post"}],"author":[{"embeddable":true,"href":"https:\/\/www.teatrostabiletorino.it\/en\/wp-json\/wp\/v2\/users\/2"}],"replies":[{"embeddable":true,"href":"https:\/\/www.teatrostabiletorino.it\/en\/wp-json\/wp\/v2\/comments?post=40210"}],"version-history":[{"count":0,"href":"https:\/\/www.teatrostabiletorino.it\/en\/wp-json\/wp\/v2\/posts\/40210\/revisions"}],"wp:featuredmedia":[{"embeddable":true,"href":"https:\/\/www.teatrostabiletorino.it\/en\/wp-json\/wp\/v2\/media\/40215"}],"wp:attachment":[{"href":"https:\/\/www.teatrostabiletorino.it\/en\/wp-json\/wp\/v2\/media?parent=40210"}],"wp:term":[{"taxonomy":"category","embeddable":true,"href":"https:\/\/www.teatrostabiletorino.it\/en\/wp-json\/wp\/v2\/categories?post=40210"},{"taxonomy":"post_tag","embeddable":true,"href":"https:\/\/www.teatrostabiletorino.it\/en\/wp-json\/wp\/v2\/tags?post=40210"}],"curies":[{"name":"wp","href":"https:\/\/api.w.org\/{rel}","templated":true}]}}