{"id":41606,"date":"2019-10-03T12:14:05","date_gmt":"2019-10-03T10:14:05","guid":{"rendered":"https:\/\/www.teatrostabiletorino.it\/?p=41606"},"modified":"2019-10-11T12:48:00","modified_gmt":"2019-10-11T10:48:00","slug":"si-inaugura-la-nuova-stagione-del-teatro-stabile-torino-teatro-nazionale-con-rumori-fuori-scena-di-michael-frayn-diretto-e-interpretato-da-valerio-binasco-lo-spettacolo-debutta-in","status":"publish","type":"post","link":"https:\/\/www.teatrostabiletorino.it\/en\/si-inaugura-la-nuova-stagione-del-teatro-stabile-torino-teatro-nazionale-con-rumori-fuori-scena-di-michael-frayn-diretto-e-interpretato-da-valerio-binasco-lo-spettacolo-debutta-in\/","title":{"rendered":"SI INAUGURA LA NUOVA STAGIONE DEL TEATRO STABILE TORINO &#8211; TEATRO NAZIONALE CON \u201cRUMORI FUORI SCENA\u201d DI MICHAEL FRAYN DIRETTO E INTERPRETATO DA VALERIO BINASCO. LO SPETTACOLO DEBUTTA IN PRIMA NAZIONALE AL CARIGNANO IL 7 OTTOBRE"},"content":{"rendered":"<p class=\"qtranxs-available-languages-message qtranxs-available-languages-message-en\">Sorry, this entry is only available in <a href=\"https:\/\/www.teatrostabiletorino.it\/it\/wp-json\/wp\/v2\/posts\/41606\" class=\"qtranxs-available-language-link qtranxs-available-language-link-it\" title=\"Italiano\">Italiano<\/a>.<\/p><p>Al Teatro Carignano di Torino luned\u00ec 7 ottobre 2019 alle ore 20.00, debutta in prima nazionale <strong>RUMORI FUORI SCENA<\/strong> di <strong>Michael Frayn<\/strong>, traduzione di <strong>Filippo Ottoni <\/strong>per la regia di <strong>Valerio Binasco<\/strong>. Lo spettacolo \u00e8 interpretato da (in o.a.): <strong>Francesca Agostini<\/strong>,<strong> Valerio Binasco<\/strong>,<strong> Fabrizio Contri<\/strong>,<strong> Andrea Di Casa<\/strong>,<strong> Giordana Faggiano<\/strong>,<strong> Elena Gigliotti<\/strong>,<strong> Milvia Marigliano<\/strong>, <strong>Nicola Pannelli<\/strong>,<strong> Ivan Zerbinati<\/strong>. Le scene sono di <strong>Margherita Palli<\/strong>, i costumi di <strong>Sandra Cardini<\/strong> e le luci di<strong> Pasquale Mari<\/strong>. Lo spettacolo, che \u00e8 prodotto dal <strong>Teatro Stabile Torino \u2013 Teatro Nazionale con il sostegno di Fondazione CRT<\/strong>, inaugura la Stagione di Prosa 2019\/2020 dello Stabile torinese. Al Carignano sar\u00e0 replicato fino al 27 ottobre e poi sar\u00e0 rappresentato in tourn\u00e9e in Italia.<\/p>\n<p>Valerio Binasco affronta un cult del teatro contemporaneo: <em>Rumori fuori scena<\/em> dell\u2019inglese Michael Frayn, celebrazione delle goffe imprese di una compagnia di scalcagnati teatranti.<br \/>\nBinasco ha una lunga e felice frequentazione con i meccanismi della commedia e con grandi autori come Goldoni, Shakespeare, Moli\u00e8re. Naturale quindi per lui approdare al testo che meglio svela, con affettuoso sarcasmo, le dinamiche che si nascondono dietro a uno spettacolo teatrale. In tre atti, allestimento, debutto e tourn\u00e9e di una farsa erotica: gli spettatori assistono alla prova generale della pi\u00e8ce, congegno perfetto di entrate e uscite, ma anche di divertenti equivoci. La quotidianit\u00e0 del teatro lascia spazio alla sua natura istrionica: il pubblico si trova a sbirciare dietro le quinte, tra animate ripicche e rivalit\u00e0. Interruzioni, errori, crisi di nervi, tensioni, amorazzi e riappacificazioni potrebbero compromettere definitivamente la recita della commedia, ma nonostante tutto, si va in scena e con grande successo!<br \/>\n<em>Rumori fuori scena<\/em> ha debuttato nel 1982 a Londra, trasformandosi immediatamente in un successo internazionale. Nel 1992, lo spettacolo \u00e8 stato trasformato in un film diretto da Peter Bogdanovich e interpretato tra gli altri da Michael Caine e Christopher Reeve.<\/p>\n<p>Valerio Binasco \u00e8 dal 2018 il Direttore artistico del Teatro Stabile di Torino. Le sue scelte registiche si sono spesso orientate verso il teatro contemporaneo, con lavori da Pinter, Fosse, Paravidino, McPherson, che si sono alternati ai grandi classici, come il <em>Don Giovanni<\/em> di Moli\u00e8re, programmato nella stagione 2017\/2018 del Teatro Stabile di Torino, con un grande successo di critica e pubblico. Ha vinto cinque premi Ubu, tra cui quello del 1998 per il personaggio di <em>Amleto<\/em> diretto da Carlo Cecchi e quello del 2004 per il ruolo di Polinice nell\u2019<em>Edipo a Colono<\/em> diretto da Mario Martone, e due Premi dell\u2019Associazione Nazionale dei Critici di Teatro. La giuria del Premio \u201cLe Maschere del Teatro Italiano 2018\u201d gli ha conferito il premio per la migliore regia per lo spettacolo <em>La Cucina<\/em> di Arnold Wesker. Nella sua carriera \u00e8 stato diretto dai pi\u00f9 importanti registi italiani (Martone, Comencini, Giordana, Ozpetek), nel 2016 Binasco \u00e8 stato nominato per il David di Donatello come miglior attore non protagonista per il film <em>Alaska<\/em> di Claudio Cupellini.<\/p>\n<p><strong>Per RETROSCENA<\/strong><br \/>\n<strong>il progetto realizzato dal Teatro Stabile di Torino \u2013 Teatro Nazionale con l\u2019Universit\u00e0 degli Studi di Torino \/ Dams \u2013 Universit\u00e0 degli Studi di Torino \/ CRAD<\/strong><br \/>\n<strong>al TEATRO GOBETTI<\/strong><br \/>\n<strong>mercoled\u00ec 9 ottobre 2019, alle ore 17.30 <\/strong><br \/>\n<strong>Valerio Binasco e gli attori della compagnia<\/strong><br \/>\n<strong>dialogano con Armando Petrini (DAMS\/ Universit\u00e0 di Torino)<\/strong><br \/>\n<strong>su RUMORI FUORI SCENA di Michael Frayn<\/strong><\/p>\n<p><em>Ingresso libero fino ad esaurimento dei posti in sala<\/em><\/p>\n<p>&nbsp;<\/p>\n<p><a href=\"http:\/\/www.teatrostabiletorino.it\/wp-content\/uploads\/2019\/10\/01_CS_Rumori-fuori-scena.pdf\" target=\"_blank\" rel=\"noopener\">01_CS_Rumori fuori scena<\/a><\/p>\n<p><a href=\"http:\/\/www.teatrostabiletorino.it\/wp-content\/uploads\/2019\/10\/02_Note-di-regia-Valerio-Binasco.pdf\" target=\"_blank\" rel=\"noopener\">02_Note di regia_Rumori fuori scena<\/a><\/p>\n<p><a href=\"https:\/\/www.youtube.com\/watch?v=c9M8mUDqxSk\" target=\"_blank\" rel=\"noopener\">03_Trailer dello spettacolo<\/a><\/p>\n<p>&nbsp;<\/p>\n<h3>Fotografie di Giampiero Assumma<\/h3>\n<p>\n\t\t<style type=\"text\/css\">\n\t\t\t#gallery-1 {\n\t\t\t\tmargin: auto;\n\t\t\t}\n\t\t\t#gallery-1 .gallery-item {\n\t\t\t\tfloat: left;\n\t\t\t\tmargin-top: 10px;\n\t\t\t\ttext-align: center;\n\t\t\t\twidth: 20%;\n\t\t\t}\n\t\t\t#gallery-1 img {\n\t\t\t\tborder: 2px solid #cfcfcf;\n\t\t\t}\n\t\t\t#gallery-1 .gallery-caption {\n\t\t\t\tmargin-left: 0;\n\t\t\t}\n\t\t\t\/* see gallery_shortcode() in wp-includes\/media.php *\/\n\t\t<\/style>\n\t\t<div id='gallery-1' class='gallery galleryid-41606 gallery-columns-5 gallery-size-thumbnail'><dl class='gallery-item'>\n\t\t\t<dt class='gallery-icon landscape'>\n\t\t\t\t<a data-rel=\"iLightbox[postimages]\" data-title=\"01_RumoriFuoriScena_P1474914col\" data-caption=\"Valerio Binascoph Giampiero Assumma\" href='https:\/\/www.teatrostabiletorino.it\/wp-content\/uploads\/2019\/10\/01_RumoriFuoriScena_P1474914col.jpg'><img decoding=\"async\" width=\"150\" height=\"150\" src=\"https:\/\/www.teatrostabiletorino.it\/wp-content\/uploads\/2019\/10\/01_RumoriFuoriScena_P1474914col-150x150.jpg\" class=\"attachment-thumbnail size-thumbnail lazyload\" alt=\"\" aria-describedby=\"gallery-1-41746\" srcset=\"data:image\/svg+xml,%3Csvg%20xmlns%3D%27http%3A%2F%2Fwww.w3.org%2F2000%2Fsvg%27%20width%3D%272126%27%20height%3D%271677%27%20viewBox%3D%270%200%202126%201677%27%3E%3Crect%20width%3D%272126%27%20height%3D%271677%27%20fill-opacity%3D%220%22%2F%3E%3C%2Fsvg%3E\" data-orig-src=\"https:\/\/www.teatrostabiletorino.it\/wp-content\/uploads\/2019\/10\/01_RumoriFuoriScena_P1474914col-150x150.jpg\" data-srcset=\"https:\/\/www.teatrostabiletorino.it\/wp-content\/uploads\/2019\/10\/01_RumoriFuoriScena_P1474914col-66x66.jpg 66w, https:\/\/www.teatrostabiletorino.it\/wp-content\/uploads\/2019\/10\/01_RumoriFuoriScena_P1474914col-150x150.jpg 150w\" data-sizes=\"auto\" \/><\/a>\n\t\t\t<\/dt>\n\t\t\t\t<dd class='wp-caption-text gallery-caption' id='gallery-1-41746'>\n\t\t\t\tValerio Binasco<br>ph Giampiero Assumma\n\t\t\t\t<\/dd><\/dl><dl class='gallery-item'>\n\t\t\t<dt class='gallery-icon landscape'>\n\t\t\t\t<a data-rel=\"iLightbox[postimages]\" data-title=\"02_RumoriFuoriScena_P1498084col\" data-caption=\"Valerio Binasco, Milvia Marigliano. Dietro Francesca Agostiniph Giampiero Assumma\" href='https:\/\/www.teatrostabiletorino.it\/wp-content\/uploads\/2019\/10\/02_RumoriFuoriScena_P1498084col.jpg'><img decoding=\"async\" width=\"150\" height=\"150\" src=\"https:\/\/www.teatrostabiletorino.it\/wp-content\/uploads\/2019\/10\/02_RumoriFuoriScena_P1498084col-150x150.jpg\" class=\"attachment-thumbnail size-thumbnail lazyload\" alt=\"\" aria-describedby=\"gallery-1-41747\" srcset=\"data:image\/svg+xml,%3Csvg%20xmlns%3D%27http%3A%2F%2Fwww.w3.org%2F2000%2Fsvg%27%20width%3D%271890%27%20height%3D%271179%27%20viewBox%3D%270%200%201890%201179%27%3E%3Crect%20width%3D%271890%27%20height%3D%271179%27%20fill-opacity%3D%220%22%2F%3E%3C%2Fsvg%3E\" data-orig-src=\"https:\/\/www.teatrostabiletorino.it\/wp-content\/uploads\/2019\/10\/02_RumoriFuoriScena_P1498084col-150x150.jpg\" data-srcset=\"https:\/\/www.teatrostabiletorino.it\/wp-content\/uploads\/2019\/10\/02_RumoriFuoriScena_P1498084col-66x66.jpg 66w, https:\/\/www.teatrostabiletorino.it\/wp-content\/uploads\/2019\/10\/02_RumoriFuoriScena_P1498084col-150x150.jpg 150w\" data-sizes=\"auto\" \/><\/a>\n\t\t\t<\/dt>\n\t\t\t\t<dd class='wp-caption-text gallery-caption' id='gallery-1-41747'>\n\t\t\t\tValerio Binasco, Milvia Marigliano. Dietro Francesca Agostini<br>ph Giampiero Assumma\n\t\t\t\t<\/dd><\/dl><dl class='gallery-item'>\n\t\t\t<dt class='gallery-icon landscape'>\n\t\t\t\t<a data-rel=\"iLightbox[postimages]\" data-title=\"03_RumoriFuoriScena_P1474876col\" data-caption=\"da sinistra Francesca Agostini, Valerio Binasco, Giordana Faggianoph Giampiero Assumma\" href='https:\/\/www.teatrostabiletorino.it\/wp-content\/uploads\/2019\/10\/03_RumoriFuoriScena_P1474876col.jpg'><img decoding=\"async\" width=\"150\" height=\"150\" src=\"https:\/\/www.teatrostabiletorino.it\/wp-content\/uploads\/2019\/10\/03_RumoriFuoriScena_P1474876col-150x150.jpg\" class=\"attachment-thumbnail size-thumbnail lazyload\" alt=\"\" aria-describedby=\"gallery-1-41748\" srcset=\"data:image\/svg+xml,%3Csvg%20xmlns%3D%27http%3A%2F%2Fwww.w3.org%2F2000%2Fsvg%27%20width%3D%272126%27%20height%3D%271561%27%20viewBox%3D%270%200%202126%201561%27%3E%3Crect%20width%3D%272126%27%20height%3D%271561%27%20fill-opacity%3D%220%22%2F%3E%3C%2Fsvg%3E\" data-orig-src=\"https:\/\/www.teatrostabiletorino.it\/wp-content\/uploads\/2019\/10\/03_RumoriFuoriScena_P1474876col-150x150.jpg\" data-srcset=\"https:\/\/www.teatrostabiletorino.it\/wp-content\/uploads\/2019\/10\/03_RumoriFuoriScena_P1474876col-66x66.jpg 66w, https:\/\/www.teatrostabiletorino.it\/wp-content\/uploads\/2019\/10\/03_RumoriFuoriScena_P1474876col-150x150.jpg 150w\" data-sizes=\"auto\" \/><\/a>\n\t\t\t<\/dt>\n\t\t\t\t<dd class='wp-caption-text gallery-caption' id='gallery-1-41748'>\n\t\t\t\tda sinistra Francesca Agostini, Valerio Binasco, Giordana Faggiano<br>ph Giampiero Assumma\n\t\t\t\t<\/dd><\/dl><dl class='gallery-item'>\n\t\t\t<dt class='gallery-icon portrait'>\n\t\t\t\t<a data-rel=\"iLightbox[postimages]\" data-title=\"04_RumoriFuoriScena_P1577122col\" data-caption=\"da sinistra Valerio Binasco, Francesca Agostiniph Giampiero Assumma\" href='https:\/\/www.teatrostabiletorino.it\/wp-content\/uploads\/2019\/10\/04_RumoriFuoriScena_P1577122col.jpg'><img decoding=\"async\" width=\"150\" height=\"150\" src=\"https:\/\/www.teatrostabiletorino.it\/wp-content\/uploads\/2019\/10\/04_RumoriFuoriScena_P1577122col-150x150.jpg\" class=\"attachment-thumbnail size-thumbnail lazyload\" alt=\"\" aria-describedby=\"gallery-1-41749\" srcset=\"data:image\/svg+xml,%3Csvg%20xmlns%3D%27http%3A%2F%2Fwww.w3.org%2F2000%2Fsvg%27%20width%3D%271568%27%20height%3D%271772%27%20viewBox%3D%270%200%201568%201772%27%3E%3Crect%20width%3D%271568%27%20height%3D%271772%27%20fill-opacity%3D%220%22%2F%3E%3C%2Fsvg%3E\" data-orig-src=\"https:\/\/www.teatrostabiletorino.it\/wp-content\/uploads\/2019\/10\/04_RumoriFuoriScena_P1577122col-150x150.jpg\" data-srcset=\"https:\/\/www.teatrostabiletorino.it\/wp-content\/uploads\/2019\/10\/04_RumoriFuoriScena_P1577122col-66x66.jpg 66w, https:\/\/www.teatrostabiletorino.it\/wp-content\/uploads\/2019\/10\/04_RumoriFuoriScena_P1577122col-150x150.jpg 150w\" data-sizes=\"auto\" \/><\/a>\n\t\t\t<\/dt>\n\t\t\t\t<dd class='wp-caption-text gallery-caption' id='gallery-1-41749'>\n\t\t\t\tda sinistra Valerio Binasco, Francesca Agostini<br>ph Giampiero Assumma\n\t\t\t\t<\/dd><\/dl><dl class='gallery-item'>\n\t\t\t<dt class='gallery-icon landscape'>\n\t\t\t\t<a data-rel=\"iLightbox[postimages]\" data-title=\"05_RumoriFuoriScena_P1566562col\" data-caption=\"sul divano Nicola Pannelli, Milvia Marigliano. In piedi da sinistra Fabrizio Contri, Elena Gigliotti, Andrea Di Casa, Valerio Binasco, Francesca Agostiniph Giampiero Assumma\" href='https:\/\/www.teatrostabiletorino.it\/wp-content\/uploads\/2019\/10\/05_RumoriFuoriScena_P1566562col.jpg'><img decoding=\"async\" width=\"150\" height=\"150\" src=\"https:\/\/www.teatrostabiletorino.it\/wp-content\/uploads\/2019\/10\/05_RumoriFuoriScena_P1566562col-150x150.jpg\" class=\"attachment-thumbnail size-thumbnail lazyload\" alt=\"\" aria-describedby=\"gallery-1-41750\" srcset=\"data:image\/svg+xml,%3Csvg%20xmlns%3D%27http%3A%2F%2Fwww.w3.org%2F2000%2Fsvg%27%20width%3D%271772%27%20height%3D%271267%27%20viewBox%3D%270%200%201772%201267%27%3E%3Crect%20width%3D%271772%27%20height%3D%271267%27%20fill-opacity%3D%220%22%2F%3E%3C%2Fsvg%3E\" data-orig-src=\"https:\/\/www.teatrostabiletorino.it\/wp-content\/uploads\/2019\/10\/05_RumoriFuoriScena_P1566562col-150x150.jpg\" data-srcset=\"https:\/\/www.teatrostabiletorino.it\/wp-content\/uploads\/2019\/10\/05_RumoriFuoriScena_P1566562col-66x66.jpg 66w, https:\/\/www.teatrostabiletorino.it\/wp-content\/uploads\/2019\/10\/05_RumoriFuoriScena_P1566562col-150x150.jpg 150w\" data-sizes=\"auto\" \/><\/a>\n\t\t\t<\/dt>\n\t\t\t\t<dd class='wp-caption-text gallery-caption' id='gallery-1-41750'>\n\t\t\t\tsul divano Nicola Pannelli, Milvia Marigliano. In piedi da sinistra Fabrizio Contri, Elena Gigliotti, Andrea Di Casa, Valerio Binasco, Francesca Agostini<br>ph Giampiero Assumma\n\t\t\t\t<\/dd><\/dl><br style=\"clear: both\" \/><dl class='gallery-item'>\n\t\t\t<dt class='gallery-icon landscape'>\n\t\t\t\t<a data-rel=\"iLightbox[postimages]\" data-title=\"06_RumoriFuoriScena_P1565887col\" data-caption=\"da sinistra Valerio Binasco, Nicola Pannelli, Elena Gigliotti, Francesca Agostini, Milvia Mariglianoph Giampiero Assumma\" href='https:\/\/www.teatrostabiletorino.it\/wp-content\/uploads\/2019\/10\/06_RumoriFuoriScena_P1565887col.jpg'><img decoding=\"async\" width=\"150\" height=\"150\" src=\"https:\/\/www.teatrostabiletorino.it\/wp-content\/uploads\/2019\/10\/06_RumoriFuoriScena_P1565887col-150x150.jpg\" class=\"attachment-thumbnail size-thumbnail lazyload\" alt=\"\" aria-describedby=\"gallery-1-41751\" srcset=\"data:image\/svg+xml,%3Csvg%20xmlns%3D%27http%3A%2F%2Fwww.w3.org%2F2000%2Fsvg%27%20width%3D%272126%27%20height%3D%271422%27%20viewBox%3D%270%200%202126%201422%27%3E%3Crect%20width%3D%272126%27%20height%3D%271422%27%20fill-opacity%3D%220%22%2F%3E%3C%2Fsvg%3E\" data-orig-src=\"https:\/\/www.teatrostabiletorino.it\/wp-content\/uploads\/2019\/10\/06_RumoriFuoriScena_P1565887col-150x150.jpg\" data-srcset=\"https:\/\/www.teatrostabiletorino.it\/wp-content\/uploads\/2019\/10\/06_RumoriFuoriScena_P1565887col-66x66.jpg 66w, https:\/\/www.teatrostabiletorino.it\/wp-content\/uploads\/2019\/10\/06_RumoriFuoriScena_P1565887col-150x150.jpg 150w\" data-sizes=\"auto\" \/><\/a>\n\t\t\t<\/dt>\n\t\t\t\t<dd class='wp-caption-text gallery-caption' id='gallery-1-41751'>\n\t\t\t\tda sinistra Valerio Binasco, Nicola Pannelli, Elena Gigliotti, Francesca Agostini, Milvia Marigliano<br>ph Giampiero Assumma\n\t\t\t\t<\/dd><\/dl><dl class='gallery-item'>\n\t\t\t<dt class='gallery-icon landscape'>\n\t\t\t\t<a data-rel=\"iLightbox[postimages]\" data-title=\"07_RumoriFuoriScena_P1475602col\" data-caption=\"da sinistra Nicola Pannelli, Elena Gigliotti, Valerio Binasco, Milvia Mariglianoph Giampiero Assumma\" href='https:\/\/www.teatrostabiletorino.it\/wp-content\/uploads\/2019\/10\/07_RumoriFuoriScena_P1475602col.jpg'><img decoding=\"async\" width=\"150\" height=\"150\" src=\"https:\/\/www.teatrostabiletorino.it\/wp-content\/uploads\/2019\/10\/07_RumoriFuoriScena_P1475602col-150x150.jpg\" class=\"attachment-thumbnail size-thumbnail lazyload\" alt=\"\" aria-describedby=\"gallery-1-41752\" srcset=\"data:image\/svg+xml,%3Csvg%20xmlns%3D%27http%3A%2F%2Fwww.w3.org%2F2000%2Fsvg%27%20width%3D%272126%27%20height%3D%271261%27%20viewBox%3D%270%200%202126%201261%27%3E%3Crect%20width%3D%272126%27%20height%3D%271261%27%20fill-opacity%3D%220%22%2F%3E%3C%2Fsvg%3E\" data-orig-src=\"https:\/\/www.teatrostabiletorino.it\/wp-content\/uploads\/2019\/10\/07_RumoriFuoriScena_P1475602col-150x150.jpg\" data-srcset=\"https:\/\/www.teatrostabiletorino.it\/wp-content\/uploads\/2019\/10\/07_RumoriFuoriScena_P1475602col-66x66.jpg 66w, https:\/\/www.teatrostabiletorino.it\/wp-content\/uploads\/2019\/10\/07_RumoriFuoriScena_P1475602col-150x150.jpg 150w\" data-sizes=\"auto\" \/><\/a>\n\t\t\t<\/dt>\n\t\t\t\t<dd class='wp-caption-text gallery-caption' id='gallery-1-41752'>\n\t\t\t\tda sinistra Nicola Pannelli, Elena Gigliotti, Valerio Binasco, Milvia Marigliano<br>ph Giampiero Assumma\n\t\t\t\t<\/dd><\/dl><dl class='gallery-item'>\n\t\t\t<dt class='gallery-icon landscape'>\n\t\t\t\t<a data-rel=\"iLightbox[postimages]\" data-title=\"08_RumoriFuoriScena_P1519493col\" data-caption=\"da sinistra Fabrizio Contri, Valerio Binasco, Elena Gigliottiph Giampiero Assumma\" href='https:\/\/www.teatrostabiletorino.it\/wp-content\/uploads\/2019\/10\/08_RumoriFuoriScena_P1519493col.jpg'><img decoding=\"async\" width=\"150\" height=\"150\" src=\"https:\/\/www.teatrostabiletorino.it\/wp-content\/uploads\/2019\/10\/08_RumoriFuoriScena_P1519493col-150x150.jpg\" class=\"attachment-thumbnail size-thumbnail lazyload\" alt=\"\" aria-describedby=\"gallery-1-41753\" srcset=\"data:image\/svg+xml,%3Csvg%20xmlns%3D%27http%3A%2F%2Fwww.w3.org%2F2000%2Fsvg%27%20width%3D%272127%27%20height%3D%271528%27%20viewBox%3D%270%200%202127%201528%27%3E%3Crect%20width%3D%272127%27%20height%3D%271528%27%20fill-opacity%3D%220%22%2F%3E%3C%2Fsvg%3E\" data-orig-src=\"https:\/\/www.teatrostabiletorino.it\/wp-content\/uploads\/2019\/10\/08_RumoriFuoriScena_P1519493col-150x150.jpg\" data-srcset=\"https:\/\/www.teatrostabiletorino.it\/wp-content\/uploads\/2019\/10\/08_RumoriFuoriScena_P1519493col-66x66.jpg 66w, https:\/\/www.teatrostabiletorino.it\/wp-content\/uploads\/2019\/10\/08_RumoriFuoriScena_P1519493col-150x150.jpg 150w\" data-sizes=\"auto\" \/><\/a>\n\t\t\t<\/dt>\n\t\t\t\t<dd class='wp-caption-text gallery-caption' id='gallery-1-41753'>\n\t\t\t\tda sinistra Fabrizio Contri, Valerio Binasco, Elena Gigliotti<br>ph Giampiero Assumma\n\t\t\t\t<\/dd><\/dl><dl class='gallery-item'>\n\t\t\t<dt class='gallery-icon landscape'>\n\t\t\t\t<a data-rel=\"iLightbox[postimages]\" data-title=\"09_RumoriFuoriScena_P1486149col2\" data-caption=\"in primo piano Francesca Agostini. Dietro da sinistra Elena Gigliotti, Fabrizio Contri, Ivan Zerbinati, Milvia Mariglianoph Giampiero Assumma\" href='https:\/\/www.teatrostabiletorino.it\/wp-content\/uploads\/2019\/10\/09_RumoriFuoriScena_P1486149col2.jpg'><img decoding=\"async\" width=\"150\" height=\"150\" src=\"https:\/\/www.teatrostabiletorino.it\/wp-content\/uploads\/2019\/10\/09_RumoriFuoriScena_P1486149col2-150x150.jpg\" class=\"attachment-thumbnail size-thumbnail lazyload\" alt=\"\" aria-describedby=\"gallery-1-41754\" srcset=\"data:image\/svg+xml,%3Csvg%20xmlns%3D%27http%3A%2F%2Fwww.w3.org%2F2000%2Fsvg%27%20width%3D%271772%27%20height%3D%271770%27%20viewBox%3D%270%200%201772%201770%27%3E%3Crect%20width%3D%271772%27%20height%3D%271770%27%20fill-opacity%3D%220%22%2F%3E%3C%2Fsvg%3E\" data-orig-src=\"https:\/\/www.teatrostabiletorino.it\/wp-content\/uploads\/2019\/10\/09_RumoriFuoriScena_P1486149col2-150x150.jpg\" data-srcset=\"https:\/\/www.teatrostabiletorino.it\/wp-content\/uploads\/2019\/10\/09_RumoriFuoriScena_P1486149col2-66x66.jpg 66w, https:\/\/www.teatrostabiletorino.it\/wp-content\/uploads\/2019\/10\/09_RumoriFuoriScena_P1486149col2-150x150.jpg 150w, https:\/\/www.teatrostabiletorino.it\/wp-content\/uploads\/2019\/10\/09_RumoriFuoriScena_P1486149col2-200x200.jpg 200w, https:\/\/www.teatrostabiletorino.it\/wp-content\/uploads\/2019\/10\/09_RumoriFuoriScena_P1486149col2-300x300.jpg 300w, https:\/\/www.teatrostabiletorino.it\/wp-content\/uploads\/2019\/10\/09_RumoriFuoriScena_P1486149col2-400x400.jpg 400w, https:\/\/www.teatrostabiletorino.it\/wp-content\/uploads\/2019\/10\/09_RumoriFuoriScena_P1486149col2-600x599.jpg 600w, https:\/\/www.teatrostabiletorino.it\/wp-content\/uploads\/2019\/10\/09_RumoriFuoriScena_P1486149col2-768x767.jpg 768w, https:\/\/www.teatrostabiletorino.it\/wp-content\/uploads\/2019\/10\/09_RumoriFuoriScena_P1486149col2-800x799.jpg 800w, https:\/\/www.teatrostabiletorino.it\/wp-content\/uploads\/2019\/10\/09_RumoriFuoriScena_P1486149col2-1024x1024.jpg 1024w, https:\/\/www.teatrostabiletorino.it\/wp-content\/uploads\/2019\/10\/09_RumoriFuoriScena_P1486149col2-1200x1199.jpg 1200w, https:\/\/www.teatrostabiletorino.it\/wp-content\/uploads\/2019\/10\/09_RumoriFuoriScena_P1486149col2.jpg 1772w\" data-sizes=\"auto\" \/><\/a>\n\t\t\t<\/dt>\n\t\t\t\t<dd class='wp-caption-text gallery-caption' id='gallery-1-41754'>\n\t\t\t\tin primo piano Francesca Agostini. Dietro da sinistra Elena Gigliotti, Fabrizio Contri, Ivan Zerbinati, Milvia Marigliano<br>ph Giampiero Assumma\n\t\t\t\t<\/dd><\/dl><dl class='gallery-item'>\n\t\t\t<dt class='gallery-icon landscape'>\n\t\t\t\t<a data-rel=\"iLightbox[postimages]\" data-title=\"10_RumoriFuoriScena_P1496847col2\" data-caption=\"da sinistra Andrea Di Casa, Milvia Mariglianoph Giampiero Assumma\" href='https:\/\/www.teatrostabiletorino.it\/wp-content\/uploads\/2019\/10\/10_RumoriFuoriScena_P1496847col2.jpg'><img decoding=\"async\" width=\"150\" height=\"150\" src=\"https:\/\/www.teatrostabiletorino.it\/wp-content\/uploads\/2019\/10\/10_RumoriFuoriScena_P1496847col2-150x150.jpg\" class=\"attachment-thumbnail size-thumbnail lazyload\" alt=\"\" aria-describedby=\"gallery-1-41755\" srcset=\"data:image\/svg+xml,%3Csvg%20xmlns%3D%27http%3A%2F%2Fwww.w3.org%2F2000%2Fsvg%27%20width%3D%272126%27%20height%3D%271527%27%20viewBox%3D%270%200%202126%201527%27%3E%3Crect%20width%3D%272126%27%20height%3D%271527%27%20fill-opacity%3D%220%22%2F%3E%3C%2Fsvg%3E\" data-orig-src=\"https:\/\/www.teatrostabiletorino.it\/wp-content\/uploads\/2019\/10\/10_RumoriFuoriScena_P1496847col2-150x150.jpg\" data-srcset=\"https:\/\/www.teatrostabiletorino.it\/wp-content\/uploads\/2019\/10\/10_RumoriFuoriScena_P1496847col2-66x66.jpg 66w, https:\/\/www.teatrostabiletorino.it\/wp-content\/uploads\/2019\/10\/10_RumoriFuoriScena_P1496847col2-150x150.jpg 150w\" data-sizes=\"auto\" \/><\/a>\n\t\t\t<\/dt>\n\t\t\t\t<dd class='wp-caption-text gallery-caption' id='gallery-1-41755'>\n\t\t\t\tda sinistra Andrea Di Casa, Milvia Marigliano<br>ph Giampiero Assumma\n\t\t\t\t<\/dd><\/dl><br style=\"clear: both\" \/><dl class='gallery-item'>\n\t\t\t<dt class='gallery-icon landscape'>\n\t\t\t\t<a data-rel=\"iLightbox[postimages]\" data-title=\"11_RumoriFuoriScena_P1587648col\" data-caption=\"da sinistra Fabrizio Contri, Elena Gigliotti, Andrea Di Casa, Valerio Binasco, Giordana Faggiano, Ivan Zerbinatiph Giampiero Assumma\" href='https:\/\/www.teatrostabiletorino.it\/wp-content\/uploads\/2019\/10\/11_RumoriFuoriScena_P1587648col.jpg'><img decoding=\"async\" width=\"150\" height=\"150\" src=\"https:\/\/www.teatrostabiletorino.it\/wp-content\/uploads\/2019\/10\/11_RumoriFuoriScena_P1587648col-150x150.jpg\" class=\"attachment-thumbnail size-thumbnail lazyload\" alt=\"\" aria-describedby=\"gallery-1-41756\" srcset=\"data:image\/svg+xml,%3Csvg%20xmlns%3D%27http%3A%2F%2Fwww.w3.org%2F2000%2Fsvg%27%20width%3D%271890%27%20height%3D%271260%27%20viewBox%3D%270%200%201890%201260%27%3E%3Crect%20width%3D%271890%27%20height%3D%271260%27%20fill-opacity%3D%220%22%2F%3E%3C%2Fsvg%3E\" data-orig-src=\"https:\/\/www.teatrostabiletorino.it\/wp-content\/uploads\/2019\/10\/11_RumoriFuoriScena_P1587648col-150x150.jpg\" data-srcset=\"https:\/\/www.teatrostabiletorino.it\/wp-content\/uploads\/2019\/10\/11_RumoriFuoriScena_P1587648col-66x66.jpg 66w, https:\/\/www.teatrostabiletorino.it\/wp-content\/uploads\/2019\/10\/11_RumoriFuoriScena_P1587648col-150x150.jpg 150w\" data-sizes=\"auto\" \/><\/a>\n\t\t\t<\/dt>\n\t\t\t\t<dd class='wp-caption-text gallery-caption' id='gallery-1-41756'>\n\t\t\t\tda sinistra Fabrizio Contri, Elena Gigliotti, Andrea Di Casa, Valerio Binasco, Giordana Faggiano, Ivan Zerbinati<br>ph Giampiero Assumma\n\t\t\t\t<\/dd><\/dl><dl class='gallery-item'>\n\t\t\t<dt class='gallery-icon landscape'>\n\t\t\t\t<a data-rel=\"iLightbox[postimages]\" data-title=\"12_RumoriFuoriScena_P1565945col\" data-caption=\"da sinistra Nicola Pannelli, Fabrizio Contri, Milvia Marigliano, Andrea Di Casa, Elena Gigliottiph Giampiero Assumma\" href='https:\/\/www.teatrostabiletorino.it\/wp-content\/uploads\/2019\/10\/12_RumoriFuoriScena_P1565945col.jpg'><img decoding=\"async\" width=\"150\" height=\"150\" src=\"https:\/\/www.teatrostabiletorino.it\/wp-content\/uploads\/2019\/10\/12_RumoriFuoriScena_P1565945col-150x150.jpg\" class=\"attachment-thumbnail size-thumbnail lazyload\" alt=\"\" aria-describedby=\"gallery-1-41757\" srcset=\"data:image\/svg+xml,%3Csvg%20xmlns%3D%27http%3A%2F%2Fwww.w3.org%2F2000%2Fsvg%27%20width%3D%271890%27%20height%3D%271434%27%20viewBox%3D%270%200%201890%201434%27%3E%3Crect%20width%3D%271890%27%20height%3D%271434%27%20fill-opacity%3D%220%22%2F%3E%3C%2Fsvg%3E\" data-orig-src=\"https:\/\/www.teatrostabiletorino.it\/wp-content\/uploads\/2019\/10\/12_RumoriFuoriScena_P1565945col-150x150.jpg\" data-srcset=\"https:\/\/www.teatrostabiletorino.it\/wp-content\/uploads\/2019\/10\/12_RumoriFuoriScena_P1565945col-66x66.jpg 66w, https:\/\/www.teatrostabiletorino.it\/wp-content\/uploads\/2019\/10\/12_RumoriFuoriScena_P1565945col-150x150.jpg 150w\" data-sizes=\"auto\" \/><\/a>\n\t\t\t<\/dt>\n\t\t\t\t<dd class='wp-caption-text gallery-caption' id='gallery-1-41757'>\n\t\t\t\tda sinistra Nicola Pannelli, Fabrizio Contri, Milvia Marigliano, Andrea Di Casa, Elena Gigliotti<br>ph Giampiero Assumma\n\t\t\t\t<\/dd><\/dl><dl class='gallery-item'>\n\t\t\t<dt class='gallery-icon landscape'>\n\t\t\t\t<a data-rel=\"iLightbox[postimages]\" data-title=\"13_RumoriFuoriScena_P1497782col\" data-caption=\"da sinistra Milvia Marigliano, Francesca Agostiniph Giampiero Assumma\" href='https:\/\/www.teatrostabiletorino.it\/wp-content\/uploads\/2019\/10\/13_RumoriFuoriScena_P1497782col.jpg'><img decoding=\"async\" width=\"150\" height=\"150\" src=\"https:\/\/www.teatrostabiletorino.it\/wp-content\/uploads\/2019\/10\/13_RumoriFuoriScena_P1497782col-150x150.jpg\" class=\"attachment-thumbnail size-thumbnail lazyload\" alt=\"\" aria-describedby=\"gallery-1-41758\" srcset=\"data:image\/svg+xml,%3Csvg%20xmlns%3D%27http%3A%2F%2Fwww.w3.org%2F2000%2Fsvg%27%20width%3D%272127%27%20height%3D%271630%27%20viewBox%3D%270%200%202127%201630%27%3E%3Crect%20width%3D%272127%27%20height%3D%271630%27%20fill-opacity%3D%220%22%2F%3E%3C%2Fsvg%3E\" data-orig-src=\"https:\/\/www.teatrostabiletorino.it\/wp-content\/uploads\/2019\/10\/13_RumoriFuoriScena_P1497782col-150x150.jpg\" data-srcset=\"https:\/\/www.teatrostabiletorino.it\/wp-content\/uploads\/2019\/10\/13_RumoriFuoriScena_P1497782col-66x66.jpg 66w, https:\/\/www.teatrostabiletorino.it\/wp-content\/uploads\/2019\/10\/13_RumoriFuoriScena_P1497782col-150x150.jpg 150w\" data-sizes=\"auto\" \/><\/a>\n\t\t\t<\/dt>\n\t\t\t\t<dd class='wp-caption-text gallery-caption' id='gallery-1-41758'>\n\t\t\t\tda sinistra Milvia Marigliano, Francesca Agostini<br>ph Giampiero Assumma\n\t\t\t\t<\/dd><\/dl><dl class='gallery-item'>\n\t\t\t<dt class='gallery-icon portrait'>\n\t\t\t\t<a data-rel=\"iLightbox[postimages]\" data-title=\"14_RumoriFuoriScena_P1566489col\" data-caption=\"in primo piano Fabrizio Contri, Francesca Agostini. Dietro Elena Gigliottiph Giampiero Assumma\" href='https:\/\/www.teatrostabiletorino.it\/wp-content\/uploads\/2019\/10\/14_RumoriFuoriScena_P1566489col.jpg'><img decoding=\"async\" width=\"150\" height=\"150\" src=\"https:\/\/www.teatrostabiletorino.it\/wp-content\/uploads\/2019\/10\/14_RumoriFuoriScena_P1566489col-150x150.jpg\" class=\"attachment-thumbnail size-thumbnail lazyload\" alt=\"\" aria-describedby=\"gallery-1-41759\" srcset=\"data:image\/svg+xml,%3Csvg%20xmlns%3D%27http%3A%2F%2Fwww.w3.org%2F2000%2Fsvg%27%20width%3D%271601%27%20height%3D%271890%27%20viewBox%3D%270%200%201601%201890%27%3E%3Crect%20width%3D%271601%27%20height%3D%271890%27%20fill-opacity%3D%220%22%2F%3E%3C%2Fsvg%3E\" data-orig-src=\"https:\/\/www.teatrostabiletorino.it\/wp-content\/uploads\/2019\/10\/14_RumoriFuoriScena_P1566489col-150x150.jpg\" data-srcset=\"https:\/\/www.teatrostabiletorino.it\/wp-content\/uploads\/2019\/10\/14_RumoriFuoriScena_P1566489col-66x66.jpg 66w, https:\/\/www.teatrostabiletorino.it\/wp-content\/uploads\/2019\/10\/14_RumoriFuoriScena_P1566489col-150x150.jpg 150w\" data-sizes=\"auto\" \/><\/a>\n\t\t\t<\/dt>\n\t\t\t\t<dd class='wp-caption-text gallery-caption' id='gallery-1-41759'>\n\t\t\t\tin primo piano Fabrizio Contri, Francesca Agostini. Dietro Elena Gigliotti<br>ph Giampiero Assumma\n\t\t\t\t<\/dd><\/dl><dl class='gallery-item'>\n\t\t\t<dt class='gallery-icon landscape'>\n\t\t\t\t<a data-rel=\"iLightbox[postimages]\" data-title=\"15_RumoriFuoriScena_P1553989col\" data-caption=\"da sinistra Andrea Di Casa, Milvia Marigliano, Elena Gigliotti, Giordana Faggianoph Giampiero Assumma\" href='https:\/\/www.teatrostabiletorino.it\/wp-content\/uploads\/2019\/10\/15_RumoriFuoriScena_P1553989col.jpg'><img decoding=\"async\" width=\"150\" height=\"150\" src=\"https:\/\/www.teatrostabiletorino.it\/wp-content\/uploads\/2019\/10\/15_RumoriFuoriScena_P1553989col-150x150.jpg\" class=\"attachment-thumbnail size-thumbnail lazyload\" alt=\"\" aria-describedby=\"gallery-1-41760\" srcset=\"data:image\/svg+xml,%3Csvg%20xmlns%3D%27http%3A%2F%2Fwww.w3.org%2F2000%2Fsvg%27%20width%3D%271890%27%20height%3D%271368%27%20viewBox%3D%270%200%201890%201368%27%3E%3Crect%20width%3D%271890%27%20height%3D%271368%27%20fill-opacity%3D%220%22%2F%3E%3C%2Fsvg%3E\" data-orig-src=\"https:\/\/www.teatrostabiletorino.it\/wp-content\/uploads\/2019\/10\/15_RumoriFuoriScena_P1553989col-150x150.jpg\" data-srcset=\"https:\/\/www.teatrostabiletorino.it\/wp-content\/uploads\/2019\/10\/15_RumoriFuoriScena_P1553989col-66x66.jpg 66w, https:\/\/www.teatrostabiletorino.it\/wp-content\/uploads\/2019\/10\/15_RumoriFuoriScena_P1553989col-150x150.jpg 150w\" data-sizes=\"auto\" \/><\/a>\n\t\t\t<\/dt>\n\t\t\t\t<dd class='wp-caption-text gallery-caption' id='gallery-1-41760'>\n\t\t\t\tda sinistra Andrea Di Casa, Milvia Marigliano, Elena Gigliotti, Giordana Faggiano<br>ph Giampiero Assumma\n\t\t\t\t<\/dd><\/dl><br style=\"clear: both\" \/><dl class='gallery-item'>\n\t\t\t<dt class='gallery-icon landscape'>\n\t\t\t\t<a data-rel=\"iLightbox[postimages]\" data-title=\"16_RumoriFuoriScena_P1554709col\" data-caption=\"Francesca Agostini, Andrea Di Casaph Giampiero Assumma\" href='https:\/\/www.teatrostabiletorino.it\/wp-content\/uploads\/2019\/10\/16_RumoriFuoriScena_P1554709col.jpg'><img decoding=\"async\" width=\"150\" height=\"150\" src=\"https:\/\/www.teatrostabiletorino.it\/wp-content\/uploads\/2019\/10\/16_RumoriFuoriScena_P1554709col-150x150.jpg\" class=\"attachment-thumbnail size-thumbnail lazyload\" alt=\"\" aria-describedby=\"gallery-1-41761\" srcset=\"data:image\/svg+xml,%3Csvg%20xmlns%3D%27http%3A%2F%2Fwww.w3.org%2F2000%2Fsvg%27%20width%3D%271890%27%20height%3D%271260%27%20viewBox%3D%270%200%201890%201260%27%3E%3Crect%20width%3D%271890%27%20height%3D%271260%27%20fill-opacity%3D%220%22%2F%3E%3C%2Fsvg%3E\" data-orig-src=\"https:\/\/www.teatrostabiletorino.it\/wp-content\/uploads\/2019\/10\/16_RumoriFuoriScena_P1554709col-150x150.jpg\" data-srcset=\"https:\/\/www.teatrostabiletorino.it\/wp-content\/uploads\/2019\/10\/16_RumoriFuoriScena_P1554709col-66x66.jpg 66w, https:\/\/www.teatrostabiletorino.it\/wp-content\/uploads\/2019\/10\/16_RumoriFuoriScena_P1554709col-150x150.jpg 150w\" data-sizes=\"auto\" \/><\/a>\n\t\t\t<\/dt>\n\t\t\t\t<dd class='wp-caption-text gallery-caption' id='gallery-1-41761'>\n\t\t\t\tFrancesca Agostini, Andrea Di Casa<br>ph Giampiero Assumma\n\t\t\t\t<\/dd><\/dl><dl class='gallery-item'>\n\t\t\t<dt class='gallery-icon landscape'>\n\t\t\t\t<a data-rel=\"iLightbox[postimages]\" data-title=\"17_RumoriFuoriScena_P1542973col\" data-caption=\"Fabrizio Contri, Giordana Faggianoph Giampiero Assumma\" href='https:\/\/www.teatrostabiletorino.it\/wp-content\/uploads\/2019\/10\/17_RumoriFuoriScena_P1542973col.jpg'><img decoding=\"async\" width=\"150\" height=\"150\" src=\"https:\/\/www.teatrostabiletorino.it\/wp-content\/uploads\/2019\/10\/17_RumoriFuoriScena_P1542973col-150x150.jpg\" class=\"attachment-thumbnail size-thumbnail lazyload\" alt=\"\" aria-describedby=\"gallery-1-41762\" srcset=\"data:image\/svg+xml,%3Csvg%20xmlns%3D%27http%3A%2F%2Fwww.w3.org%2F2000%2Fsvg%27%20width%3D%271772%27%20height%3D%271188%27%20viewBox%3D%270%200%201772%201188%27%3E%3Crect%20width%3D%271772%27%20height%3D%271188%27%20fill-opacity%3D%220%22%2F%3E%3C%2Fsvg%3E\" data-orig-src=\"https:\/\/www.teatrostabiletorino.it\/wp-content\/uploads\/2019\/10\/17_RumoriFuoriScena_P1542973col-150x150.jpg\" data-srcset=\"https:\/\/www.teatrostabiletorino.it\/wp-content\/uploads\/2019\/10\/17_RumoriFuoriScena_P1542973col-66x66.jpg 66w, https:\/\/www.teatrostabiletorino.it\/wp-content\/uploads\/2019\/10\/17_RumoriFuoriScena_P1542973col-150x150.jpg 150w\" data-sizes=\"auto\" \/><\/a>\n\t\t\t<\/dt>\n\t\t\t\t<dd class='wp-caption-text gallery-caption' id='gallery-1-41762'>\n\t\t\t\tFabrizio Contri, Giordana Faggiano<br>ph Giampiero Assumma\n\t\t\t\t<\/dd><\/dl><dl class='gallery-item'>\n\t\t\t<dt class='gallery-icon landscape'>\n\t\t\t\t<a data-rel=\"iLightbox[postimages]\" data-title=\"18_RumoriFuoriScena_P1508193col\" data-caption=\"Elena Gigliotti, Ivan Zerbinatiph Giampiero Assumma\" href='https:\/\/www.teatrostabiletorino.it\/wp-content\/uploads\/2019\/10\/18_RumoriFuoriScena_P1508193col.jpg'><img decoding=\"async\" width=\"150\" height=\"150\" src=\"https:\/\/www.teatrostabiletorino.it\/wp-content\/uploads\/2019\/10\/18_RumoriFuoriScena_P1508193col-150x150.jpg\" class=\"attachment-thumbnail size-thumbnail lazyload\" alt=\"\" aria-describedby=\"gallery-1-41763\" srcset=\"data:image\/svg+xml,%3Csvg%20xmlns%3D%27http%3A%2F%2Fwww.w3.org%2F2000%2Fsvg%27%20width%3D%272126%27%20height%3D%271548%27%20viewBox%3D%270%200%202126%201548%27%3E%3Crect%20width%3D%272126%27%20height%3D%271548%27%20fill-opacity%3D%220%22%2F%3E%3C%2Fsvg%3E\" data-orig-src=\"https:\/\/www.teatrostabiletorino.it\/wp-content\/uploads\/2019\/10\/18_RumoriFuoriScena_P1508193col-150x150.jpg\" data-srcset=\"https:\/\/www.teatrostabiletorino.it\/wp-content\/uploads\/2019\/10\/18_RumoriFuoriScena_P1508193col-66x66.jpg 66w, https:\/\/www.teatrostabiletorino.it\/wp-content\/uploads\/2019\/10\/18_RumoriFuoriScena_P1508193col-150x150.jpg 150w\" data-sizes=\"auto\" \/><\/a>\n\t\t\t<\/dt>\n\t\t\t\t<dd class='wp-caption-text gallery-caption' id='gallery-1-41763'>\n\t\t\t\tElena Gigliotti, Ivan Zerbinati<br>ph Giampiero Assumma\n\t\t\t\t<\/dd><\/dl><dl class='gallery-item'>\n\t\t\t<dt class='gallery-icon landscape'>\n\t\t\t\t<a data-rel=\"iLightbox[postimages]\" data-title=\"19_RumoriFuoriScena_P1553970col\" data-caption=\"Giordana Faggiano, Fabrizio Contri, Ivan Zerbinatiph Giampiero Assumma\" href='https:\/\/www.teatrostabiletorino.it\/wp-content\/uploads\/2019\/10\/19_RumoriFuoriScena_P1553970col.jpg'><img decoding=\"async\" width=\"150\" height=\"150\" src=\"https:\/\/www.teatrostabiletorino.it\/wp-content\/uploads\/2019\/10\/19_RumoriFuoriScena_P1553970col-150x150.jpg\" class=\"attachment-thumbnail size-thumbnail lazyload\" alt=\"\" aria-describedby=\"gallery-1-41764\" srcset=\"data:image\/svg+xml,%3Csvg%20xmlns%3D%27http%3A%2F%2Fwww.w3.org%2F2000%2Fsvg%27%20width%3D%271276%27%20height%3D%27870%27%20viewBox%3D%270%200%201276%20870%27%3E%3Crect%20width%3D%271276%27%20height%3D%27870%27%20fill-opacity%3D%220%22%2F%3E%3C%2Fsvg%3E\" data-orig-src=\"https:\/\/www.teatrostabiletorino.it\/wp-content\/uploads\/2019\/10\/19_RumoriFuoriScena_P1553970col-150x150.jpg\" data-srcset=\"https:\/\/www.teatrostabiletorino.it\/wp-content\/uploads\/2019\/10\/19_RumoriFuoriScena_P1553970col-66x66.jpg 66w, https:\/\/www.teatrostabiletorino.it\/wp-content\/uploads\/2019\/10\/19_RumoriFuoriScena_P1553970col-150x150.jpg 150w\" data-sizes=\"auto\" \/><\/a>\n\t\t\t<\/dt>\n\t\t\t\t<dd class='wp-caption-text gallery-caption' id='gallery-1-41764'>\n\t\t\t\tGiordana Faggiano, Fabrizio Contri, Ivan Zerbinati<br>ph Giampiero Assumma\n\t\t\t\t<\/dd><\/dl><dl class='gallery-item'>\n\t\t\t<dt class='gallery-icon landscape'>\n\t\t\t\t<a data-rel=\"iLightbox[postimages]\" data-title=\"20_RumoriFuoriScena_P1576739col\" data-caption=\"Fabrizio Contri, Nicola Pannelli, Francesca Agostiniph Giampiero Assumma\" href='https:\/\/www.teatrostabiletorino.it\/wp-content\/uploads\/2019\/10\/20_RumoriFuoriScena_P1576739col.jpg'><img decoding=\"async\" width=\"150\" height=\"150\" src=\"https:\/\/www.teatrostabiletorino.it\/wp-content\/uploads\/2019\/10\/20_RumoriFuoriScena_P1576739col-150x150.jpg\" class=\"attachment-thumbnail size-thumbnail lazyload\" alt=\"\" aria-describedby=\"gallery-1-41765\" srcset=\"data:image\/svg+xml,%3Csvg%20xmlns%3D%27http%3A%2F%2Fwww.w3.org%2F2000%2Fsvg%27%20width%3D%271890%27%20height%3D%271301%27%20viewBox%3D%270%200%201890%201301%27%3E%3Crect%20width%3D%271890%27%20height%3D%271301%27%20fill-opacity%3D%220%22%2F%3E%3C%2Fsvg%3E\" data-orig-src=\"https:\/\/www.teatrostabiletorino.it\/wp-content\/uploads\/2019\/10\/20_RumoriFuoriScena_P1576739col-150x150.jpg\" data-srcset=\"https:\/\/www.teatrostabiletorino.it\/wp-content\/uploads\/2019\/10\/20_RumoriFuoriScena_P1576739col-66x66.jpg 66w, https:\/\/www.teatrostabiletorino.it\/wp-content\/uploads\/2019\/10\/20_RumoriFuoriScena_P1576739col-150x150.jpg 150w\" data-sizes=\"auto\" \/><\/a>\n\t\t\t<\/dt>\n\t\t\t\t<dd class='wp-caption-text gallery-caption' id='gallery-1-41765'>\n\t\t\t\tFabrizio Contri, Nicola Pannelli, Francesca Agostini<br>ph Giampiero Assumma\n\t\t\t\t<\/dd><\/dl><br style=\"clear: both\" \/><dl class='gallery-item'>\n\t\t\t<dt class='gallery-icon portrait'>\n\t\t\t\t<a data-rel=\"iLightbox[postimages]\" data-title=\"21_RumoriFuoriScena_P1542776col\" data-caption=\"Nicola Pannelli, Elena Gigliottiph Giampiero Assumma\" href='https:\/\/www.teatrostabiletorino.it\/wp-content\/uploads\/2019\/10\/21_RumoriFuoriScena_P1542776col.jpg'><img decoding=\"async\" width=\"150\" height=\"150\" src=\"https:\/\/www.teatrostabiletorino.it\/wp-content\/uploads\/2019\/10\/21_RumoriFuoriScena_P1542776col-150x150.jpg\" class=\"attachment-thumbnail size-thumbnail lazyload\" alt=\"\" aria-describedby=\"gallery-1-41766\" srcset=\"data:image\/svg+xml,%3Csvg%20xmlns%3D%27http%3A%2F%2Fwww.w3.org%2F2000%2Fsvg%27%20width%3D%271529%27%20height%3D%272126%27%20viewBox%3D%270%200%201529%202126%27%3E%3Crect%20width%3D%271529%27%20height%3D%272126%27%20fill-opacity%3D%220%22%2F%3E%3C%2Fsvg%3E\" data-orig-src=\"https:\/\/www.teatrostabiletorino.it\/wp-content\/uploads\/2019\/10\/21_RumoriFuoriScena_P1542776col-150x150.jpg\" data-srcset=\"https:\/\/www.teatrostabiletorino.it\/wp-content\/uploads\/2019\/10\/21_RumoriFuoriScena_P1542776col-66x66.jpg 66w, https:\/\/www.teatrostabiletorino.it\/wp-content\/uploads\/2019\/10\/21_RumoriFuoriScena_P1542776col-150x150.jpg 150w\" data-sizes=\"auto\" \/><\/a>\n\t\t\t<\/dt>\n\t\t\t\t<dd class='wp-caption-text gallery-caption' id='gallery-1-41766'>\n\t\t\t\tNicola Pannelli, Elena Gigliotti<br>ph Giampiero Assumma\n\t\t\t\t<\/dd><\/dl><dl class='gallery-item'>\n\t\t\t<dt class='gallery-icon landscape'>\n\t\t\t\t<a data-rel=\"iLightbox[postimages]\" data-title=\"22_RumoriFuoriScena_P1565812col\" data-caption=\"Valerio Binascoph Giampiero Assumma\" href='https:\/\/www.teatrostabiletorino.it\/wp-content\/uploads\/2019\/10\/22_RumoriFuoriScena_P1565812col.jpg'><img decoding=\"async\" width=\"150\" height=\"150\" src=\"https:\/\/www.teatrostabiletorino.it\/wp-content\/uploads\/2019\/10\/22_RumoriFuoriScena_P1565812col-150x150.jpg\" class=\"attachment-thumbnail size-thumbnail lazyload\" alt=\"\" aria-describedby=\"gallery-1-41767\" srcset=\"data:image\/svg+xml,%3Csvg%20xmlns%3D%27http%3A%2F%2Fwww.w3.org%2F2000%2Fsvg%27%20width%3D%272126%27%20height%3D%271418%27%20viewBox%3D%270%200%202126%201418%27%3E%3Crect%20width%3D%272126%27%20height%3D%271418%27%20fill-opacity%3D%220%22%2F%3E%3C%2Fsvg%3E\" data-orig-src=\"https:\/\/www.teatrostabiletorino.it\/wp-content\/uploads\/2019\/10\/22_RumoriFuoriScena_P1565812col-150x150.jpg\" data-srcset=\"https:\/\/www.teatrostabiletorino.it\/wp-content\/uploads\/2019\/10\/22_RumoriFuoriScena_P1565812col-66x66.jpg 66w, https:\/\/www.teatrostabiletorino.it\/wp-content\/uploads\/2019\/10\/22_RumoriFuoriScena_P1565812col-150x150.jpg 150w\" data-sizes=\"auto\" \/><\/a>\n\t\t\t<\/dt>\n\t\t\t\t<dd class='wp-caption-text gallery-caption' id='gallery-1-41767'>\n\t\t\t\tValerio Binasco<br>ph Giampiero Assumma\n\t\t\t\t<\/dd><\/dl><dl class='gallery-item'>\n\t\t\t<dt class='gallery-icon landscape'>\n\t\t\t\t<a data-rel=\"iLightbox[postimages]\" data-title=\"23_RumoriFuoriScena_P1508488col\" data-caption=\"Foto di scena (scenografia di Margherita Palli)ph Giampiero Assumma\" href='https:\/\/www.teatrostabiletorino.it\/wp-content\/uploads\/2019\/10\/23_RumoriFuoriScena_P1508488col.jpg'><img decoding=\"async\" width=\"150\" height=\"150\" src=\"https:\/\/www.teatrostabiletorino.it\/wp-content\/uploads\/2019\/10\/23_RumoriFuoriScena_P1508488col-150x150.jpg\" class=\"attachment-thumbnail size-thumbnail lazyload\" alt=\"\" aria-describedby=\"gallery-1-41768\" srcset=\"data:image\/svg+xml,%3Csvg%20xmlns%3D%27http%3A%2F%2Fwww.w3.org%2F2000%2Fsvg%27%20width%3D%271890%27%20height%3D%271228%27%20viewBox%3D%270%200%201890%201228%27%3E%3Crect%20width%3D%271890%27%20height%3D%271228%27%20fill-opacity%3D%220%22%2F%3E%3C%2Fsvg%3E\" data-orig-src=\"https:\/\/www.teatrostabiletorino.it\/wp-content\/uploads\/2019\/10\/23_RumoriFuoriScena_P1508488col-150x150.jpg\" data-srcset=\"https:\/\/www.teatrostabiletorino.it\/wp-content\/uploads\/2019\/10\/23_RumoriFuoriScena_P1508488col-66x66.jpg 66w, https:\/\/www.teatrostabiletorino.it\/wp-content\/uploads\/2019\/10\/23_RumoriFuoriScena_P1508488col-150x150.jpg 150w\" data-sizes=\"auto\" \/><\/a>\n\t\t\t<\/dt>\n\t\t\t\t<dd class='wp-caption-text gallery-caption' id='gallery-1-41768'>\n\t\t\t\tFoto di scena (scenografia di Margherita Palli)<br>ph Giampiero Assumma\n\t\t\t\t<\/dd><\/dl><dl class='gallery-item'>\n\t\t\t<dt class='gallery-icon landscape'>\n\t\t\t\t<a data-rel=\"iLightbox[postimages]\" data-title=\"24_RumoriFuoriScena_P1509234col\" data-caption=\"Foto di scena (scenografia di Margherita Palli)ph Giampiero Assumma\" href='https:\/\/www.teatrostabiletorino.it\/wp-content\/uploads\/2019\/10\/24_RumoriFuoriScena_P1509234col.jpg'><img decoding=\"async\" width=\"150\" height=\"150\" src=\"https:\/\/www.teatrostabiletorino.it\/wp-content\/uploads\/2019\/10\/24_RumoriFuoriScena_P1509234col-150x150.jpg\" class=\"attachment-thumbnail size-thumbnail lazyload\" alt=\"\" aria-describedby=\"gallery-1-41769\" srcset=\"data:image\/svg+xml,%3Csvg%20xmlns%3D%27http%3A%2F%2Fwww.w3.org%2F2000%2Fsvg%27%20width%3D%271890%27%20height%3D%271113%27%20viewBox%3D%270%200%201890%201113%27%3E%3Crect%20width%3D%271890%27%20height%3D%271113%27%20fill-opacity%3D%220%22%2F%3E%3C%2Fsvg%3E\" data-orig-src=\"https:\/\/www.teatrostabiletorino.it\/wp-content\/uploads\/2019\/10\/24_RumoriFuoriScena_P1509234col-150x150.jpg\" data-srcset=\"https:\/\/www.teatrostabiletorino.it\/wp-content\/uploads\/2019\/10\/24_RumoriFuoriScena_P1509234col-66x66.jpg 66w, https:\/\/www.teatrostabiletorino.it\/wp-content\/uploads\/2019\/10\/24_RumoriFuoriScena_P1509234col-150x150.jpg 150w\" data-sizes=\"auto\" \/><\/a>\n\t\t\t<\/dt>\n\t\t\t\t<dd class='wp-caption-text gallery-caption' id='gallery-1-41769'>\n\t\t\t\tFoto di scena (scenografia di Margherita Palli)<br>ph Giampiero Assumma\n\t\t\t\t<\/dd><\/dl><dl class='gallery-item'>\n\t\t\t<dt class='gallery-icon landscape'>\n\t\t\t\t<a data-rel=\"iLightbox[postimages]\" data-title=\"25_RumoriFuoriScena_P1542668col\" data-caption=\"da sinistra Francesca Agostini, Andrea Di Casa, Giordana Faggianoph Giampiero Assumma\" href='https:\/\/www.teatrostabiletorino.it\/wp-content\/uploads\/2019\/10\/25_RumoriFuoriScena_P1542668col.jpg'><img decoding=\"async\" width=\"150\" height=\"150\" src=\"https:\/\/www.teatrostabiletorino.it\/wp-content\/uploads\/2019\/10\/25_RumoriFuoriScena_P1542668col-150x150.jpg\" class=\"attachment-thumbnail size-thumbnail lazyload\" alt=\"\" aria-describedby=\"gallery-1-41770\" srcset=\"data:image\/svg+xml,%3Csvg%20xmlns%3D%27http%3A%2F%2Fwww.w3.org%2F2000%2Fsvg%27%20width%3D%272126%27%20height%3D%271051%27%20viewBox%3D%270%200%202126%201051%27%3E%3Crect%20width%3D%272126%27%20height%3D%271051%27%20fill-opacity%3D%220%22%2F%3E%3C%2Fsvg%3E\" data-orig-src=\"https:\/\/www.teatrostabiletorino.it\/wp-content\/uploads\/2019\/10\/25_RumoriFuoriScena_P1542668col-150x150.jpg\" data-srcset=\"https:\/\/www.teatrostabiletorino.it\/wp-content\/uploads\/2019\/10\/25_RumoriFuoriScena_P1542668col-66x66.jpg 66w, https:\/\/www.teatrostabiletorino.it\/wp-content\/uploads\/2019\/10\/25_RumoriFuoriScena_P1542668col-150x150.jpg 150w\" data-sizes=\"auto\" \/><\/a>\n\t\t\t<\/dt>\n\t\t\t\t<dd class='wp-caption-text gallery-caption' id='gallery-1-41770'>\n\t\t\t\tda sinistra Francesca Agostini, Andrea Di Casa, Giordana Faggiano<br>ph Giampiero Assumma\n\t\t\t\t<\/dd><\/dl><br style=\"clear: both\" \/><dl class='gallery-item'>\n\t\t\t<dt class='gallery-icon landscape'>\n\t\t\t\t<a data-rel=\"iLightbox[postimages]\" data-title=\"26_RumoriFuoriScena_P1554657col\" data-caption=\"da sinistra Francesca Agostini, Andrea Di Casa, Milvia Mariglianoph Giampiero Assumma\" href='https:\/\/www.teatrostabiletorino.it\/wp-content\/uploads\/2019\/10\/26_RumoriFuoriScena_P1554657col.jpg'><img decoding=\"async\" width=\"150\" height=\"150\" src=\"https:\/\/www.teatrostabiletorino.it\/wp-content\/uploads\/2019\/10\/26_RumoriFuoriScena_P1554657col-150x150.jpg\" class=\"attachment-thumbnail size-thumbnail lazyload\" alt=\"\" aria-describedby=\"gallery-1-41771\" srcset=\"data:image\/svg+xml,%3Csvg%20xmlns%3D%27http%3A%2F%2Fwww.w3.org%2F2000%2Fsvg%27%20width%3D%271890%27%20height%3D%271261%27%20viewBox%3D%270%200%201890%201261%27%3E%3Crect%20width%3D%271890%27%20height%3D%271261%27%20fill-opacity%3D%220%22%2F%3E%3C%2Fsvg%3E\" data-orig-src=\"https:\/\/www.teatrostabiletorino.it\/wp-content\/uploads\/2019\/10\/26_RumoriFuoriScena_P1554657col-150x150.jpg\" data-srcset=\"https:\/\/www.teatrostabiletorino.it\/wp-content\/uploads\/2019\/10\/26_RumoriFuoriScena_P1554657col-66x66.jpg 66w, https:\/\/www.teatrostabiletorino.it\/wp-content\/uploads\/2019\/10\/26_RumoriFuoriScena_P1554657col-150x150.jpg 150w\" data-sizes=\"auto\" \/><\/a>\n\t\t\t<\/dt>\n\t\t\t\t<dd class='wp-caption-text gallery-caption' id='gallery-1-41771'>\n\t\t\t\tda sinistra Francesca Agostini, Andrea Di Casa, Milvia Marigliano<br>ph Giampiero Assumma\n\t\t\t\t<\/dd><\/dl>\n\t\t\t<br style='clear: both' \/>\n\t\t<\/div>\n<\/p>","protected":false},"excerpt":{"rendered":"<p>Sorry, this entry is only available in Italiano.Al Teatro Carignano di Torino luned\u00ec 7 ottobre <a href=\"https:\/\/www.teatrostabiletorino.it\/en\/si-inaugura-la-nuova-stagione-del-teatro-stabile-torino-teatro-nazionale-con-rumori-fuori-scena-di-michael-frayn-diretto-e-interpretato-da-valerio-binasco-lo-spettacolo-debutta-in\/\"> [+]<\/a><\/p>\n","protected":false},"author":2,"featured_media":41556,"comment_status":"closed","ping_status":"closed","sticky":false,"template":"","format":"standard","meta":{"_acf_changed":false,"footnotes":""},"categories":[103],"tags":[],"acf":[],"_links":{"self":[{"href":"https:\/\/www.teatrostabiletorino.it\/en\/wp-json\/wp\/v2\/posts\/41606"}],"collection":[{"href":"https:\/\/www.teatrostabiletorino.it\/en\/wp-json\/wp\/v2\/posts"}],"about":[{"href":"https:\/\/www.teatrostabiletorino.it\/en\/wp-json\/wp\/v2\/types\/post"}],"author":[{"embeddable":true,"href":"https:\/\/www.teatrostabiletorino.it\/en\/wp-json\/wp\/v2\/users\/2"}],"replies":[{"embeddable":true,"href":"https:\/\/www.teatrostabiletorino.it\/en\/wp-json\/wp\/v2\/comments?post=41606"}],"version-history":[{"count":0,"href":"https:\/\/www.teatrostabiletorino.it\/en\/wp-json\/wp\/v2\/posts\/41606\/revisions"}],"wp:featuredmedia":[{"embeddable":true,"href":"https:\/\/www.teatrostabiletorino.it\/en\/wp-json\/wp\/v2\/media\/41556"}],"wp:attachment":[{"href":"https:\/\/www.teatrostabiletorino.it\/en\/wp-json\/wp\/v2\/media?parent=41606"}],"wp:term":[{"taxonomy":"category","embeddable":true,"href":"https:\/\/www.teatrostabiletorino.it\/en\/wp-json\/wp\/v2\/categories?post=41606"},{"taxonomy":"post_tag","embeddable":true,"href":"https:\/\/www.teatrostabiletorino.it\/en\/wp-json\/wp\/v2\/tags?post=41606"}],"curies":[{"name":"wp","href":"https:\/\/api.w.org\/{rel}","templated":true}]}}