{"id":41646,"date":"2019-10-02T15:25:11","date_gmt":"2019-10-02T13:25:11","guid":{"rendered":"https:\/\/www.teatrostabiletorino.it\/?p=41646"},"modified":"2019-10-04T17:28:33","modified_gmt":"2019-10-04T15:28:33","slug":"teatro-stabile-torino-teatro-nazionale-stagione-2019-2020-2","status":"publish","type":"post","link":"https:\/\/www.teatrostabiletorino.it\/en\/teatro-stabile-torino-teatro-nazionale-stagione-2019-2020-2\/","title":{"rendered":"TEATRO STABILE TORINO &#8211; TEATRO NAZIONALE Stagione 2019\/2020"},"content":{"rendered":"<p class=\"qtranxs-available-languages-message qtranxs-available-languages-message-en\">Sorry, this entry is only available in <a href=\"https:\/\/www.teatrostabiletorino.it\/it\/wp-json\/wp\/v2\/posts\/41646\" class=\"qtranxs-available-language-link qtranxs-available-language-link-it\" title=\"Italiano\">Italiano<\/a>.<\/p><p>La nuova Stagione del Teatro Stabile di Torino si conferma densa di proposte all\u2019insegna della pluralit\u00e0 espressiva, ma sempre coerenti e interconnesse tra loro; un programma diversificato per soddisfare il fabbisogno culturale, la riflessione estetica e l\u2019intrattenimento intelligente, che accanto a grandi maestri del teatro dar\u00e0 ampio spazio a giovani talenti emergenti.<br \/>\n<strong>Saranno 74 i titoli programmati in sede e in tourn\u00e9e, di cui 17 produzioni (9 nuove produzioni esecutive, 4 nuove coproduzioni e 4 riprese), 38 spettacoli ospiti e 19 allestimenti per Torinodanza: questi i numeri della Stagione 2019\/2020 del Teatro Stabile di Torino<\/strong> che si conferma saldamente al primo posto tra i Teatri Nazionali nella classifica del MiBAC e che nel 2018 ha conseguito risultati che hanno superato le previsioni pi\u00f9 ottimistiche, facendo segnare nell\u2019anno appena trascorso nuovi record per incassi da biglietteria, presenze, abbonamenti, produttivit\u00e0, giornate lavorative, contributi FUS.<\/p>\n<p>Un cartellone che da un lato propone il repertorio affidato a registi e interpreti affermati che incontrano la pi\u00f9 ampia partecipazione del pubblico, formando le giovani generazioni con i testi fondamentali del teatro italiano ed europeo, e che dall\u2019altro dedica ampio spazio alla drammaturgia contemporanea proponendo un ventaglio di autori davvero eterogeneo, dal teatro civile e di narrazione alla ricerca, dal dramma borghese al mimo e alla clownerie. Una Stagione che testimonia una particolare attenzione al territorio in cui opera il nostro Ente, ma sempre aperta alle prospettive internazionali: una vocazione che, ormai da anni, si conferma non solo nella programmazione di spettacoli provenienti dall\u2019estero e dall\u2019esportazione delle nostre produzioni, ma anche con il coinvolgimento di registi stranieri nel progetto produttivo dello Stabile. Sul fronte dell\u2019internazionalizzazione, un ruolo importante \u00e8 svolto dal festival Torinodanza, di cui la Compagnia di San Paolo \u00e8 il maggior sostenitore, che a inizio stagione presenta i migliori coreografi e le pi\u00f9 affermate compagnie della scena mondiale.<\/p>\n<p>Un programma ricco e composito, capace di proporre ad un pubblico affezionato quanto esigente molti spunti di riflessione sulle sfide sociali e politiche che il mondo globale pone quotidianamente: come sempre, al centro, un progetto produttivo in continuo sviluppo che si specchia in queste tematiche e che, attraverso le peculiarit\u00e0 estetiche e poetiche dei registi e degli attori coinvolti, cerca di superare le convenzioni, ricercando costantemente nuovi e coraggiosi stilemi espressivi. Il rischio culturale \u00e8 denominatore comune di molte produzioni dello Stabile e anche le riletture dei classici seguono metodologie e forme non tradizionali.<\/p>\n<p><strong>Valerio Binasco,<\/strong> direttore artistico del Teatro Stabile, dopo aver affrontato il grande repertorio con <em>Don Giovanni<\/em> di Moli\u00e8re, <em>Arlecchino servitore di due padroni<\/em> di Goldoni e <em>Amleto<\/em> di Shakespeare, apre e chiude la nuova Stagione con due classici del Novecento <em>Rumori fuori scena<\/em> di Michael Frayn e <em>Uno sguardo dal ponte<\/em> di Arthur Miller. Sempre a maestri del Novecento guardano <strong>Leonardo Lidi<\/strong> che cura la regia de <em>La casa di Bernarda Alba<\/em> di Federico Garc\u00eda Lorca; <strong>Eugenio Allegri<\/strong> che in <em>Mistero buffo<\/em> mette in scena nuove giullarate di Dario Fo; <strong>Gabriele Lavia<\/strong> che dirige e interpreta <em>I giganti della montagna<\/em> di Luigi Pirandello e <strong>Laura Curino<\/strong> che propone <em>L\u2019anello forte<\/em> da Nuto Revelli.<br \/>\nL\u2019impegno internazionale del Teatro Stabile, in ambito produttivo, si conferma con la messa in scena di <em>Zio Vanja<\/em> di Anton \u010cechov affidata a <strong>Kriszta Sz\u00e9kely,<\/strong> regista residente al Teatro Katona di Budapest che dirige il suo primo spettacolo in Italia.<br \/>\nDopo il successo della scorsa Stagione torna <strong>Filippo Dini<\/strong> con<em> Cos\u00ec \u00e8 (se vi pare)<\/em> di Luigi Pirandello e con <em>Misery,<\/em> versione teatrale di William Goldman dal romanzo di Stephen King.<br \/>\nNel novero delle produzioni si inseriscono lo spettacolo <em>Fausto Coppi. L\u2019affollata solitudine del campione<\/em>, un progetto di <strong>Gian Luca Favetto;<\/strong> <em>Fuoriusciti<\/em> di Giovanni Grasso, con la regia di <strong>Piero Maccarinelli<\/strong> e <em>Scene di violenza coniugale. Atto finale<\/em> di G\u00e9rard Watkins con la regia di <strong>Elena Serra.<\/strong><br \/>\n<em>Il mago di Oz<\/em> di Lyman Frank Baum, diretto da <strong>Silvio Peroni,<\/strong> sar\u00e0 lo spettacolo che quest\u2019anno il Teatro Stabile dedica ai ragazzi e alle loro famiglie.<br \/>\nNel periodo estivo al Carignano per <em>Prato inglese\/Sere d\u2019estate con William Shakespeare<\/em> andranno in scena <em>Molto rumore per nulla<\/em> e <em>Riccardo III<\/em>.<br \/>\nA completare il progetto produttivo sono le riprese dei gi\u00e0 citati <em>Arlecchino servitore di due padroni<\/em> e <em>Cos\u00ec \u00e8 (se vi pare)<\/em> a cui si aggiunge <em>Se questo \u00e8 un uomo<\/em> dall\u2019opera di Primo Levi, diretto e interpretato da <strong>Valter Malosti.<\/strong><\/p>\n<p>Il rapporto con gli spettatori \u00e8 al centro delle politiche culturali del Teatro Stabile che, forte dei risultati ottenuti nel 2018, ha deciso di ampliare ulteriormente le attivit\u00e0 rivolte al pubblico, rafforzando e diversificando i legami tra cittadino-spettatore e istituzione-attivit\u00e0. Considerando l\u2019accessibilit\u00e0 uno dei punti focali della mission del nostro Ente, nella Stagione 2019\/2020 viene riproposta l\u2019iniziativa <strong>Un posto per tutti<\/strong>, sostenuta dalla Fondazione CRT, che garantisce l\u2019abbattimento delle barriere di accesso permettendo a chiunque di assistere agli spettacoli in cartellone, anche se appartenente alle fasce deboli e svantaggiate. Vengono, infatti, messi a disposizione dei cittadini a basso reddito (certificazione ISEE) 1.000 abbonamenti gratuiti: l\u2019iniziativa, attiva da due anni, riscuote un notevole successo ed ha ampliato il pubblico di giovani famiglie, studenti fuori sede e lavoratori extracomunitari. Per gli studenti universitari e in generale per i giovani vengono invece confermate le formule di abbonamento particolarmente vantaggiose e gradite.<\/p>\n<p>&nbsp;<\/p>\n<p><a href=\"http:\/\/www.teatrostabiletorino.it\/wp-content\/uploads\/2019\/10\/01_Comunicato-stampa-Stagione-19_20.pdf\" target=\"_blank\" rel=\"noopener\">Comunicato stampa Stagione 19-20<\/a><\/p>\n<p><a href=\"http:\/\/www.teatrostabiletorino.it\/wp-content\/uploads\/2019\/10\/02_ProduzioniTST_-Stagione_19_20.pdf\" target=\"_blank\" rel=\"noopener\">Produzioni TST Stagione 19-20<\/a><\/p>\n<p><a href=\"http:\/\/www.teatrostabiletorino.it\/wp-content\/uploads\/2019\/10\/03_TST_calendario_Stagione_19_20.pdf\" target=\"_blank\" rel=\"noopener\">Calendario TST Stagione 19-20<\/a><\/p>\n<p><a href=\"http:\/\/www.teatrostabiletorino.it\/wp-content\/uploads\/2019\/10\/04_Testo-Direttore-Fonsatti_Presidente-Gancia.pdf\" target=\"_blank\" rel=\"noopener\">Testo Direttore Fonsatti &#8211; Presidente Gancia<\/a><\/p>\n<p><a href=\"http:\/\/www.teatrostabiletorino.it\/wp-content\/uploads\/2019\/10\/05_Testo-Direttore-Artistico-Binasco.pdf\" target=\"_blank\" rel=\"noopener\">Testo Direttore Artistico Binasco<\/a><\/p>\n<p><a href=\"http:\/\/www.teatrostabiletorino.it\/wp-content\/uploads\/2019\/10\/06_Retroscena.pdf\" target=\"_blank\" rel=\"noopener\">Retroscena<\/a><\/p>\n<p><a href=\"http:\/\/www.teatrostabiletorino.it\/wp-content\/uploads\/2019\/10\/07_Biglietti-e-abbonamenti_19-20.pdf\" target=\"_blank\" rel=\"noopener\">Biglietti e abbonamenti 19-20<\/a><\/p>\n<p>&nbsp;<\/p>\n<p><strong>FOTOGRAFIE PRODUZIONI<\/strong><\/p>\n\n\t\t<style type=\"text\/css\">\n\t\t\t#gallery-1 {\n\t\t\t\tmargin: auto;\n\t\t\t}\n\t\t\t#gallery-1 .gallery-item {\n\t\t\t\tfloat: left;\n\t\t\t\tmargin-top: 10px;\n\t\t\t\ttext-align: center;\n\t\t\t\twidth: 20%;\n\t\t\t}\n\t\t\t#gallery-1 img {\n\t\t\t\tborder: 2px solid #cfcfcf;\n\t\t\t}\n\t\t\t#gallery-1 .gallery-caption {\n\t\t\t\tmargin-left: 0;\n\t\t\t}\n\t\t\t\/* see gallery_shortcode() in wp-includes\/media.php *\/\n\t\t<\/style>\n\t\t<div id='gallery-1' class='gallery galleryid-41646 gallery-columns-5 gallery-size-thumbnail'><dl class='gallery-item'>\n\t\t\t<dt class='gallery-icon portrait'>\n\t\t\t\t<a data-rel=\"iLightbox[postimages]\" data-title=\"01_Rumori fuori scena_ph Laila Pozzo\" data-caption=\"Rumori fuori scenaph Laila Pozzo\" href='https:\/\/www.teatrostabiletorino.it\/wp-content\/uploads\/2019\/10\/01_Rumori-fuori-scena_ph-Laila-Pozzo.jpg'><img decoding=\"async\" width=\"150\" height=\"150\" src=\"https:\/\/www.teatrostabiletorino.it\/wp-content\/uploads\/2019\/10\/01_Rumori-fuori-scena_ph-Laila-Pozzo-150x150.jpg\" class=\"attachment-thumbnail size-thumbnail lazyload\" alt=\"\" aria-describedby=\"gallery-1-41658\" srcset=\"data:image\/svg+xml,%3Csvg%20xmlns%3D%27http%3A%2F%2Fwww.w3.org%2F2000%2Fsvg%27%20width%3D%271260%27%20height%3D%271890%27%20viewBox%3D%270%200%201260%201890%27%3E%3Crect%20width%3D%271260%27%20height%3D%271890%27%20fill-opacity%3D%220%22%2F%3E%3C%2Fsvg%3E\" data-orig-src=\"https:\/\/www.teatrostabiletorino.it\/wp-content\/uploads\/2019\/10\/01_Rumori-fuori-scena_ph-Laila-Pozzo-150x150.jpg\" data-srcset=\"https:\/\/www.teatrostabiletorino.it\/wp-content\/uploads\/2019\/10\/01_Rumori-fuori-scena_ph-Laila-Pozzo-66x66.jpg 66w, https:\/\/www.teatrostabiletorino.it\/wp-content\/uploads\/2019\/10\/01_Rumori-fuori-scena_ph-Laila-Pozzo-150x150.jpg 150w\" data-sizes=\"auto\" \/><\/a>\n\t\t\t<\/dt>\n\t\t\t\t<dd class='wp-caption-text gallery-caption' id='gallery-1-41658'>\n\t\t\t\tRumori fuori scena<br>ph Laila Pozzo\n\t\t\t\t<\/dd><\/dl><dl class='gallery-item'>\n\t\t\t<dt class='gallery-icon landscape'>\n\t\t\t\t<a data-rel=\"iLightbox[postimages]\" data-title=\"02_Zio Vanja_Pierobon_maxresdefault\" data-caption=\"Zio Vanja_Pierobonmaxresdefault\" href='https:\/\/www.teatrostabiletorino.it\/wp-content\/uploads\/2019\/10\/02_Zio-Vanja_Pierobon_maxresdefault.jpg'><img decoding=\"async\" width=\"150\" height=\"150\" src=\"https:\/\/www.teatrostabiletorino.it\/wp-content\/uploads\/2019\/10\/02_Zio-Vanja_Pierobon_maxresdefault-150x150.jpg\" class=\"attachment-thumbnail size-thumbnail lazyload\" alt=\"\" aria-describedby=\"gallery-1-41659\" srcset=\"data:image\/svg+xml,%3Csvg%20xmlns%3D%27http%3A%2F%2Fwww.w3.org%2F2000%2Fsvg%27%20width%3D%272126%27%20height%3D%271196%27%20viewBox%3D%270%200%202126%201196%27%3E%3Crect%20width%3D%272126%27%20height%3D%271196%27%20fill-opacity%3D%220%22%2F%3E%3C%2Fsvg%3E\" data-orig-src=\"https:\/\/www.teatrostabiletorino.it\/wp-content\/uploads\/2019\/10\/02_Zio-Vanja_Pierobon_maxresdefault-150x150.jpg\" data-srcset=\"https:\/\/www.teatrostabiletorino.it\/wp-content\/uploads\/2019\/10\/02_Zio-Vanja_Pierobon_maxresdefault-66x66.jpg 66w, https:\/\/www.teatrostabiletorino.it\/wp-content\/uploads\/2019\/10\/02_Zio-Vanja_Pierobon_maxresdefault-150x150.jpg 150w\" data-sizes=\"auto\" \/><\/a>\n\t\t\t<\/dt>\n\t\t\t\t<dd class='wp-caption-text gallery-caption' id='gallery-1-41659'>\n\t\t\t\tZio Vanja_Pierobon<br>maxresdefault\n\t\t\t\t<\/dd><\/dl><dl class='gallery-item'>\n\t\t\t<dt class='gallery-icon landscape'>\n\t\t\t\t<a data-rel=\"iLightbox[postimages]\" data-title=\"03_Zio Vanja_Kristza Szekely\" data-caption=\"Zio VanjaKristza Szekely\" href='https:\/\/www.teatrostabiletorino.it\/wp-content\/uploads\/2019\/10\/03_Zio-Vanja_Kristza-Szekely.jpg'><img decoding=\"async\" width=\"150\" height=\"150\" src=\"https:\/\/www.teatrostabiletorino.it\/wp-content\/uploads\/2019\/10\/03_Zio-Vanja_Kristza-Szekely-150x150.jpg\" class=\"attachment-thumbnail size-thumbnail lazyload\" alt=\"\" aria-describedby=\"gallery-1-41660\" srcset=\"data:image\/svg+xml,%3Csvg%20xmlns%3D%27http%3A%2F%2Fwww.w3.org%2F2000%2Fsvg%27%20width%3D%27709%27%20height%3D%27709%27%20viewBox%3D%270%200%20709%20709%27%3E%3Crect%20width%3D%27709%27%20height%3D%27709%27%20fill-opacity%3D%220%22%2F%3E%3C%2Fsvg%3E\" data-orig-src=\"https:\/\/www.teatrostabiletorino.it\/wp-content\/uploads\/2019\/10\/03_Zio-Vanja_Kristza-Szekely-150x150.jpg\" data-srcset=\"https:\/\/www.teatrostabiletorino.it\/wp-content\/uploads\/2019\/10\/03_Zio-Vanja_Kristza-Szekely-66x66.jpg 66w, https:\/\/www.teatrostabiletorino.it\/wp-content\/uploads\/2019\/10\/03_Zio-Vanja_Kristza-Szekely-150x150.jpg 150w, https:\/\/www.teatrostabiletorino.it\/wp-content\/uploads\/2019\/10\/03_Zio-Vanja_Kristza-Szekely-200x200.jpg 200w, https:\/\/www.teatrostabiletorino.it\/wp-content\/uploads\/2019\/10\/03_Zio-Vanja_Kristza-Szekely-300x300.jpg 300w, https:\/\/www.teatrostabiletorino.it\/wp-content\/uploads\/2019\/10\/03_Zio-Vanja_Kristza-Szekely-400x400.jpg 400w, https:\/\/www.teatrostabiletorino.it\/wp-content\/uploads\/2019\/10\/03_Zio-Vanja_Kristza-Szekely-600x600.jpg 600w, https:\/\/www.teatrostabiletorino.it\/wp-content\/uploads\/2019\/10\/03_Zio-Vanja_Kristza-Szekely.jpg 709w\" data-sizes=\"auto\" \/><\/a>\n\t\t\t<\/dt>\n\t\t\t\t<dd class='wp-caption-text gallery-caption' id='gallery-1-41660'>\n\t\t\t\tZio Vanja<br>Kristza Szekely\n\t\t\t\t<\/dd><\/dl><dl class='gallery-item'>\n\t\t\t<dt class='gallery-icon portrait'>\n\t\t\t\t<a data-rel=\"iLightbox[postimages]\" data-title=\"04_Uno sguardo dal ponte_Binasco_ph Daniela Foresto\" data-caption=\"Uno sguardo dal ponte_Binascoph Daniela Foresto\" href='https:\/\/www.teatrostabiletorino.it\/wp-content\/uploads\/2019\/10\/04_Uno-sguardo-dal-ponte_Binasco_ph-Daniela-Foresto.jpg'><img decoding=\"async\" width=\"150\" height=\"150\" src=\"https:\/\/www.teatrostabiletorino.it\/wp-content\/uploads\/2019\/10\/04_Uno-sguardo-dal-ponte_Binasco_ph-Daniela-Foresto-150x150.jpg\" class=\"attachment-thumbnail size-thumbnail lazyload\" alt=\"\" aria-describedby=\"gallery-1-41661\" srcset=\"data:image\/svg+xml,%3Csvg%20xmlns%3D%27http%3A%2F%2Fwww.w3.org%2F2000%2Fsvg%27%20width%3D%271575%27%20height%3D%272362%27%20viewBox%3D%270%200%201575%202362%27%3E%3Crect%20width%3D%271575%27%20height%3D%272362%27%20fill-opacity%3D%220%22%2F%3E%3C%2Fsvg%3E\" data-orig-src=\"https:\/\/www.teatrostabiletorino.it\/wp-content\/uploads\/2019\/10\/04_Uno-sguardo-dal-ponte_Binasco_ph-Daniela-Foresto-150x150.jpg\" data-srcset=\"https:\/\/www.teatrostabiletorino.it\/wp-content\/uploads\/2019\/10\/04_Uno-sguardo-dal-ponte_Binasco_ph-Daniela-Foresto-66x66.jpg 66w, https:\/\/www.teatrostabiletorino.it\/wp-content\/uploads\/2019\/10\/04_Uno-sguardo-dal-ponte_Binasco_ph-Daniela-Foresto-150x150.jpg 150w\" data-sizes=\"auto\" \/><\/a>\n\t\t\t<\/dt>\n\t\t\t\t<dd class='wp-caption-text gallery-caption' id='gallery-1-41661'>\n\t\t\t\tUno sguardo dal ponte_Binasco<br>ph Daniela Foresto\n\t\t\t\t<\/dd><\/dl><dl class='gallery-item'>\n\t\t\t<dt class='gallery-icon portrait'>\n\t\t\t\t<a data-rel=\"iLightbox[postimages]\" data-title=\"05_La casa di Bernarda Alba_Leonardo Lidi\" data-caption=\"La casa di Bernarda Alba_Leonardo Lidi\" href='https:\/\/www.teatrostabiletorino.it\/wp-content\/uploads\/2019\/10\/05_La-casa-di-Bernarda-Alba_Leonardo-Lidi.jpg'><img decoding=\"async\" width=\"150\" height=\"150\" src=\"https:\/\/www.teatrostabiletorino.it\/wp-content\/uploads\/2019\/10\/05_La-casa-di-Bernarda-Alba_Leonardo-Lidi-150x150.jpg\" class=\"attachment-thumbnail size-thumbnail lazyload\" alt=\"\" aria-describedby=\"gallery-1-41662\" srcset=\"data:image\/svg+xml,%3Csvg%20xmlns%3D%27http%3A%2F%2Fwww.w3.org%2F2000%2Fsvg%27%20width%3D%271000%27%20height%3D%271200%27%20viewBox%3D%270%200%201000%201200%27%3E%3Crect%20width%3D%271000%27%20height%3D%271200%27%20fill-opacity%3D%220%22%2F%3E%3C%2Fsvg%3E\" data-orig-src=\"https:\/\/www.teatrostabiletorino.it\/wp-content\/uploads\/2019\/10\/05_La-casa-di-Bernarda-Alba_Leonardo-Lidi-150x150.jpg\" data-srcset=\"https:\/\/www.teatrostabiletorino.it\/wp-content\/uploads\/2019\/10\/05_La-casa-di-Bernarda-Alba_Leonardo-Lidi-66x66.jpg 66w, https:\/\/www.teatrostabiletorino.it\/wp-content\/uploads\/2019\/10\/05_La-casa-di-Bernarda-Alba_Leonardo-Lidi-150x150.jpg 150w\" data-sizes=\"auto\" \/><\/a>\n\t\t\t<\/dt>\n\t\t\t\t<dd class='wp-caption-text gallery-caption' id='gallery-1-41662'>\n\t\t\t\tLa casa di Bernarda Alba_Leonardo Lidi\n\t\t\t\t<\/dd><\/dl><br style=\"clear: both\" \/><dl class='gallery-item'>\n\t\t\t<dt class='gallery-icon landscape'>\n\t\t\t\t<a data-rel=\"iLightbox[postimages]\" data-title=\"06_Mistero Buffo_Martelli_ph Andrea Macchia\" data-caption=\"Mistero Buffo_Martelliph Andrea Macchia\" href='https:\/\/www.teatrostabiletorino.it\/wp-content\/uploads\/2019\/10\/06_Mistero-Buffo_Martelli_ph-Andrea-Macchia.jpg'><img decoding=\"async\" width=\"150\" height=\"150\" src=\"https:\/\/www.teatrostabiletorino.it\/wp-content\/uploads\/2019\/10\/06_Mistero-Buffo_Martelli_ph-Andrea-Macchia-150x150.jpg\" class=\"attachment-thumbnail size-thumbnail lazyload\" alt=\"\" aria-describedby=\"gallery-1-41663\" srcset=\"data:image\/svg+xml,%3Csvg%20xmlns%3D%27http%3A%2F%2Fwww.w3.org%2F2000%2Fsvg%27%20width%3D%272362%27%20height%3D%271576%27%20viewBox%3D%270%200%202362%201576%27%3E%3Crect%20width%3D%272362%27%20height%3D%271576%27%20fill-opacity%3D%220%22%2F%3E%3C%2Fsvg%3E\" data-orig-src=\"https:\/\/www.teatrostabiletorino.it\/wp-content\/uploads\/2019\/10\/06_Mistero-Buffo_Martelli_ph-Andrea-Macchia-150x150.jpg\" data-srcset=\"https:\/\/www.teatrostabiletorino.it\/wp-content\/uploads\/2019\/10\/06_Mistero-Buffo_Martelli_ph-Andrea-Macchia-66x66.jpg 66w, https:\/\/www.teatrostabiletorino.it\/wp-content\/uploads\/2019\/10\/06_Mistero-Buffo_Martelli_ph-Andrea-Macchia-150x150.jpg 150w\" data-sizes=\"auto\" \/><\/a>\n\t\t\t<\/dt>\n\t\t\t\t<dd class='wp-caption-text gallery-caption' id='gallery-1-41663'>\n\t\t\t\tMistero Buffo_Martelli<br>ph Andrea Macchia\n\t\t\t\t<\/dd><\/dl><dl class='gallery-item'>\n\t\t\t<dt class='gallery-icon landscape'>\n\t\t\t\t<a data-rel=\"iLightbox[postimages]\" data-title=\"07_Fausto Coppi_Favetto_Maccagno_Barovero_ph AndreaMacchia\" data-caption=\"Fausto Coppi_Favetto Maccagno Baroveroph AndreaMacchia\" href='https:\/\/www.teatrostabiletorino.it\/wp-content\/uploads\/2019\/10\/07_Fausto-Coppi_Favetto_Maccagno_Barovero_ph-AndreaMacchia.jpg'><img decoding=\"async\" width=\"150\" height=\"150\" src=\"https:\/\/www.teatrostabiletorino.it\/wp-content\/uploads\/2019\/10\/07_Fausto-Coppi_Favetto_Maccagno_Barovero_ph-AndreaMacchia-150x150.jpg\" class=\"attachment-thumbnail size-thumbnail lazyload\" alt=\"\" aria-describedby=\"gallery-1-41664\" srcset=\"data:image\/svg+xml,%3Csvg%20xmlns%3D%27http%3A%2F%2Fwww.w3.org%2F2000%2Fsvg%27%20width%3D%271772%27%20height%3D%271181%27%20viewBox%3D%270%200%201772%201181%27%3E%3Crect%20width%3D%271772%27%20height%3D%271181%27%20fill-opacity%3D%220%22%2F%3E%3C%2Fsvg%3E\" data-orig-src=\"https:\/\/www.teatrostabiletorino.it\/wp-content\/uploads\/2019\/10\/07_Fausto-Coppi_Favetto_Maccagno_Barovero_ph-AndreaMacchia-150x150.jpg\" data-srcset=\"https:\/\/www.teatrostabiletorino.it\/wp-content\/uploads\/2019\/10\/07_Fausto-Coppi_Favetto_Maccagno_Barovero_ph-AndreaMacchia-66x66.jpg 66w, https:\/\/www.teatrostabiletorino.it\/wp-content\/uploads\/2019\/10\/07_Fausto-Coppi_Favetto_Maccagno_Barovero_ph-AndreaMacchia-150x150.jpg 150w\" data-sizes=\"auto\" \/><\/a>\n\t\t\t<\/dt>\n\t\t\t\t<dd class='wp-caption-text gallery-caption' id='gallery-1-41664'>\n\t\t\t\tFausto Coppi_Favetto Maccagno Barovero<br>ph AndreaMacchia\n\t\t\t\t<\/dd><\/dl><dl class='gallery-item'>\n\t\t\t<dt class='gallery-icon portrait'>\n\t\t\t\t<a data-rel=\"iLightbox[postimages]\" data-title=\"08_Misery_Filippo Dini_ph Laila Pozzo\" data-caption=\"Misery_Filippo Diniph Laila Pozzo\" href='https:\/\/www.teatrostabiletorino.it\/wp-content\/uploads\/2019\/10\/08_Misery_Filippo-Dini_ph-Laila-Pozzo.jpg'><img decoding=\"async\" width=\"150\" height=\"150\" src=\"https:\/\/www.teatrostabiletorino.it\/wp-content\/uploads\/2019\/10\/08_Misery_Filippo-Dini_ph-Laila-Pozzo-150x150.jpg\" class=\"attachment-thumbnail size-thumbnail lazyload\" alt=\"\" aria-describedby=\"gallery-1-41665\" srcset=\"data:image\/svg+xml,%3Csvg%20xmlns%3D%27http%3A%2F%2Fwww.w3.org%2F2000%2Fsvg%27%20width%3D%271181%27%20height%3D%271772%27%20viewBox%3D%270%200%201181%201772%27%3E%3Crect%20width%3D%271181%27%20height%3D%271772%27%20fill-opacity%3D%220%22%2F%3E%3C%2Fsvg%3E\" data-orig-src=\"https:\/\/www.teatrostabiletorino.it\/wp-content\/uploads\/2019\/10\/08_Misery_Filippo-Dini_ph-Laila-Pozzo-150x150.jpg\" data-srcset=\"https:\/\/www.teatrostabiletorino.it\/wp-content\/uploads\/2019\/10\/08_Misery_Filippo-Dini_ph-Laila-Pozzo-66x66.jpg 66w, https:\/\/www.teatrostabiletorino.it\/wp-content\/uploads\/2019\/10\/08_Misery_Filippo-Dini_ph-Laila-Pozzo-150x150.jpg 150w\" data-sizes=\"auto\" \/><\/a>\n\t\t\t<\/dt>\n\t\t\t\t<dd class='wp-caption-text gallery-caption' id='gallery-1-41665'>\n\t\t\t\tMisery_Filippo Dini<br>ph Laila Pozzo\n\t\t\t\t<\/dd><\/dl><dl class='gallery-item'>\n\t\t\t<dt class='gallery-icon landscape'>\n\t\t\t\t<a data-rel=\"iLightbox[postimages]\" data-title=\"09_Scene di violenza coniugale &#8211; ph Manuela Giusto\" data-caption=\"Scene di violenza coniugaleph Manuela Giusto\" href='https:\/\/www.teatrostabiletorino.it\/wp-content\/uploads\/2019\/10\/09_Scene-di-violenza-coniugale-ph-Manuela-Giusto.jpg'><img decoding=\"async\" width=\"150\" height=\"150\" src=\"https:\/\/www.teatrostabiletorino.it\/wp-content\/uploads\/2019\/10\/09_Scene-di-violenza-coniugale-ph-Manuela-Giusto-150x150.jpg\" class=\"attachment-thumbnail size-thumbnail lazyload\" alt=\"\" aria-describedby=\"gallery-1-41666\" srcset=\"data:image\/svg+xml,%3Csvg%20xmlns%3D%27http%3A%2F%2Fwww.w3.org%2F2000%2Fsvg%27%20width%3D%272126%27%20height%3D%271439%27%20viewBox%3D%270%200%202126%201439%27%3E%3Crect%20width%3D%272126%27%20height%3D%271439%27%20fill-opacity%3D%220%22%2F%3E%3C%2Fsvg%3E\" data-orig-src=\"https:\/\/www.teatrostabiletorino.it\/wp-content\/uploads\/2019\/10\/09_Scene-di-violenza-coniugale-ph-Manuela-Giusto-150x150.jpg\" data-srcset=\"https:\/\/www.teatrostabiletorino.it\/wp-content\/uploads\/2019\/10\/09_Scene-di-violenza-coniugale-ph-Manuela-Giusto-66x66.jpg 66w, https:\/\/www.teatrostabiletorino.it\/wp-content\/uploads\/2019\/10\/09_Scene-di-violenza-coniugale-ph-Manuela-Giusto-150x150.jpg 150w\" data-sizes=\"auto\" \/><\/a>\n\t\t\t<\/dt>\n\t\t\t\t<dd class='wp-caption-text gallery-caption' id='gallery-1-41666'>\n\t\t\t\tScene di violenza coniugale<br>ph Manuela Giusto\n\t\t\t\t<\/dd><\/dl><dl class='gallery-item'>\n\t\t\t<dt class='gallery-icon portrait'>\n\t\t\t\t<a data-rel=\"iLightbox[postimages]\" data-title=\"10_Fuoriusciti_Luigi Diberti\" data-caption=\"FuoriuscitiLuigi Diberti\" href='https:\/\/www.teatrostabiletorino.it\/wp-content\/uploads\/2019\/10\/10_Fuoriusciti_Luigi-Diberti.jpg'><img decoding=\"async\" width=\"150\" height=\"150\" src=\"https:\/\/www.teatrostabiletorino.it\/wp-content\/uploads\/2019\/10\/10_Fuoriusciti_Luigi-Diberti-150x150.jpg\" class=\"attachment-thumbnail size-thumbnail lazyload\" alt=\"\" aria-describedby=\"gallery-1-41667\" srcset=\"data:image\/svg+xml,%3Csvg%20xmlns%3D%27http%3A%2F%2Fwww.w3.org%2F2000%2Fsvg%27%20width%3D%271414%27%20height%3D%272126%27%20viewBox%3D%270%200%201414%202126%27%3E%3Crect%20width%3D%271414%27%20height%3D%272126%27%20fill-opacity%3D%220%22%2F%3E%3C%2Fsvg%3E\" data-orig-src=\"https:\/\/www.teatrostabiletorino.it\/wp-content\/uploads\/2019\/10\/10_Fuoriusciti_Luigi-Diberti-150x150.jpg\" data-srcset=\"https:\/\/www.teatrostabiletorino.it\/wp-content\/uploads\/2019\/10\/10_Fuoriusciti_Luigi-Diberti-66x66.jpg 66w, https:\/\/www.teatrostabiletorino.it\/wp-content\/uploads\/2019\/10\/10_Fuoriusciti_Luigi-Diberti-150x150.jpg 150w\" data-sizes=\"auto\" \/><\/a>\n\t\t\t<\/dt>\n\t\t\t\t<dd class='wp-caption-text gallery-caption' id='gallery-1-41667'>\n\t\t\t\tFuoriusciti<br>Luigi Diberti\n\t\t\t\t<\/dd><\/dl><br style=\"clear: both\" \/><dl class='gallery-item'>\n\t\t\t<dt class='gallery-icon portrait'>\n\t\t\t\t<a data-rel=\"iLightbox[postimages]\" data-title=\"11_L&#8217;anello forte_Laura Curino\" data-caption=\"L&#039;anello forteLaura Curino\" href='https:\/\/www.teatrostabiletorino.it\/wp-content\/uploads\/2019\/10\/11_Lanello-forte_Laura-Curino.jpg'><img decoding=\"async\" width=\"150\" height=\"150\" src=\"https:\/\/www.teatrostabiletorino.it\/wp-content\/uploads\/2019\/10\/11_Lanello-forte_Laura-Curino-150x150.jpg\" class=\"attachment-thumbnail size-thumbnail lazyload\" alt=\"\" aria-describedby=\"gallery-1-41668\" srcset=\"data:image\/svg+xml,%3Csvg%20xmlns%3D%27http%3A%2F%2Fwww.w3.org%2F2000%2Fsvg%27%20width%3D%271181%27%20height%3D%271772%27%20viewBox%3D%270%200%201181%201772%27%3E%3Crect%20width%3D%271181%27%20height%3D%271772%27%20fill-opacity%3D%220%22%2F%3E%3C%2Fsvg%3E\" data-orig-src=\"https:\/\/www.teatrostabiletorino.it\/wp-content\/uploads\/2019\/10\/11_Lanello-forte_Laura-Curino-150x150.jpg\" data-srcset=\"https:\/\/www.teatrostabiletorino.it\/wp-content\/uploads\/2019\/10\/11_Lanello-forte_Laura-Curino-66x66.jpg 66w, https:\/\/www.teatrostabiletorino.it\/wp-content\/uploads\/2019\/10\/11_Lanello-forte_Laura-Curino-150x150.jpg 150w\" data-sizes=\"auto\" \/><\/a>\n\t\t\t<\/dt>\n\t\t\t\t<dd class='wp-caption-text gallery-caption' id='gallery-1-41668'>\n\t\t\t\tL&#8217;anello forte<br>Laura Curino\n\t\t\t\t<\/dd><\/dl><dl class='gallery-item'>\n\t\t\t<dt class='gallery-icon landscape'>\n\t\t\t\t<a data-rel=\"iLightbox[postimages]\" data-title=\"12_Arlecchino_ph Bepi Caroli\" data-caption=\"Arlecchino ph Bepi Caroli\" href='https:\/\/www.teatrostabiletorino.it\/wp-content\/uploads\/2019\/10\/12_Arlecchino_ph-Bepi-Caroli.jpg'><img decoding=\"async\" width=\"150\" height=\"150\" src=\"https:\/\/www.teatrostabiletorino.it\/wp-content\/uploads\/2019\/10\/12_Arlecchino_ph-Bepi-Caroli-150x150.jpg\" class=\"attachment-thumbnail size-thumbnail lazyload\" alt=\"\" aria-describedby=\"gallery-1-41669\" srcset=\"data:image\/svg+xml,%3Csvg%20xmlns%3D%27http%3A%2F%2Fwww.w3.org%2F2000%2Fsvg%27%20width%3D%271890%27%20height%3D%271287%27%20viewBox%3D%270%200%201890%201287%27%3E%3Crect%20width%3D%271890%27%20height%3D%271287%27%20fill-opacity%3D%220%22%2F%3E%3C%2Fsvg%3E\" data-orig-src=\"https:\/\/www.teatrostabiletorino.it\/wp-content\/uploads\/2019\/10\/12_Arlecchino_ph-Bepi-Caroli-150x150.jpg\" data-srcset=\"https:\/\/www.teatrostabiletorino.it\/wp-content\/uploads\/2019\/10\/12_Arlecchino_ph-Bepi-Caroli-66x66.jpg 66w, https:\/\/www.teatrostabiletorino.it\/wp-content\/uploads\/2019\/10\/12_Arlecchino_ph-Bepi-Caroli-150x150.jpg 150w\" data-sizes=\"auto\" \/><\/a>\n\t\t\t<\/dt>\n\t\t\t\t<dd class='wp-caption-text gallery-caption' id='gallery-1-41669'>\n\t\t\t\tArlecchino <br>ph Bepi Caroli\n\t\t\t\t<\/dd><\/dl><dl class='gallery-item'>\n\t\t\t<dt class='gallery-icon landscape'>\n\t\t\t\t<a data-rel=\"iLightbox[postimages]\" data-title=\"13_Cos\u00ec \u00e8 (se vi pare)_ph Laila Pozzo\" data-caption=\"Cos\u00ec \u00e8 (se vi pare)ph Laila Pozzo\" href='https:\/\/www.teatrostabiletorino.it\/wp-content\/uploads\/2019\/10\/13_Cos\u00ec-\u00e8-se-vi-pare_ph-Laila-Pozzo.jpg'><img decoding=\"async\" width=\"150\" height=\"150\" src=\"https:\/\/www.teatrostabiletorino.it\/wp-content\/uploads\/2019\/10\/13_Cos\u00ec-\u00e8-se-vi-pare_ph-Laila-Pozzo-150x150.jpg\" class=\"attachment-thumbnail size-thumbnail lazyload\" alt=\"\" aria-describedby=\"gallery-1-41670\" srcset=\"data:image\/svg+xml,%3Csvg%20xmlns%3D%27http%3A%2F%2Fwww.w3.org%2F2000%2Fsvg%27%20width%3D%271701%27%20height%3D%271134%27%20viewBox%3D%270%200%201701%201134%27%3E%3Crect%20width%3D%271701%27%20height%3D%271134%27%20fill-opacity%3D%220%22%2F%3E%3C%2Fsvg%3E\" data-orig-src=\"https:\/\/www.teatrostabiletorino.it\/wp-content\/uploads\/2019\/10\/13_Cos\u00ec-\u00e8-se-vi-pare_ph-Laila-Pozzo-150x150.jpg\" data-srcset=\"https:\/\/www.teatrostabiletorino.it\/wp-content\/uploads\/2019\/10\/13_Cos\u00ec-\u00e8-se-vi-pare_ph-Laila-Pozzo-66x66.jpg 66w, https:\/\/www.teatrostabiletorino.it\/wp-content\/uploads\/2019\/10\/13_Cos\u00ec-\u00e8-se-vi-pare_ph-Laila-Pozzo-150x150.jpg 150w\" data-sizes=\"auto\" \/><\/a>\n\t\t\t<\/dt>\n\t\t\t\t<dd class='wp-caption-text gallery-caption' id='gallery-1-41670'>\n\t\t\t\tCos\u00ec \u00e8 (se vi pare)<br>ph Laila Pozzo\n\t\t\t\t<\/dd><\/dl><dl class='gallery-item'>\n\t\t\t<dt class='gallery-icon landscape'>\n\t\t\t\t<a data-rel=\"iLightbox[postimages]\" data-title=\"14_Se questo \u00e8 un uomo_Malosti_ph Tommaso Le Pera\" data-caption=\"Se questo \u00e8 un uomo_Malostiph Tommaso Le Pera\" href='https:\/\/www.teatrostabiletorino.it\/wp-content\/uploads\/2019\/10\/14_Se-questo-\u00e8-un-uomo_Malosti_ph-Tommaso-Le-Pera.jpg'><img decoding=\"async\" width=\"150\" height=\"150\" src=\"https:\/\/www.teatrostabiletorino.it\/wp-content\/uploads\/2019\/10\/14_Se-questo-\u00e8-un-uomo_Malosti_ph-Tommaso-Le-Pera-150x150.jpg\" class=\"attachment-thumbnail size-thumbnail lazyload\" alt=\"\" aria-describedby=\"gallery-1-41671\" srcset=\"data:image\/svg+xml,%3Csvg%20xmlns%3D%27http%3A%2F%2Fwww.w3.org%2F2000%2Fsvg%27%20width%3D%271890%27%20height%3D%271258%27%20viewBox%3D%270%200%201890%201258%27%3E%3Crect%20width%3D%271890%27%20height%3D%271258%27%20fill-opacity%3D%220%22%2F%3E%3C%2Fsvg%3E\" data-orig-src=\"https:\/\/www.teatrostabiletorino.it\/wp-content\/uploads\/2019\/10\/14_Se-questo-\u00e8-un-uomo_Malosti_ph-Tommaso-Le-Pera-150x150.jpg\" data-srcset=\"https:\/\/www.teatrostabiletorino.it\/wp-content\/uploads\/2019\/10\/14_Se-questo-\u00e8-un-uomo_Malosti_ph-Tommaso-Le-Pera-66x66.jpg 66w, https:\/\/www.teatrostabiletorino.it\/wp-content\/uploads\/2019\/10\/14_Se-questo-\u00e8-un-uomo_Malosti_ph-Tommaso-Le-Pera-150x150.jpg 150w\" data-sizes=\"auto\" \/><\/a>\n\t\t\t<\/dt>\n\t\t\t\t<dd class='wp-caption-text gallery-caption' id='gallery-1-41671'>\n\t\t\t\tSe questo \u00e8 un uomo_Malosti<br>ph Tommaso Le Pera\n\t\t\t\t<\/dd><\/dl><dl class='gallery-item'>\n\t\t\t<dt class='gallery-icon landscape'>\n\t\t\t\t<a data-rel=\"iLightbox[postimages]\" data-title=\"15_I giganti della montagna_Lavia _ ph. Tommaso Le Pera\" data-caption=\"I giganti della montagna_Laviaph Tommaso Le Pera\" href='https:\/\/www.teatrostabiletorino.it\/wp-content\/uploads\/2019\/10\/15_I-giganti-della-montagna_Lavia-_-ph.-Tommaso-Le-Pera.jpg'><img decoding=\"async\" width=\"150\" height=\"150\" src=\"https:\/\/www.teatrostabiletorino.it\/wp-content\/uploads\/2019\/10\/15_I-giganti-della-montagna_Lavia-_-ph.-Tommaso-Le-Pera-150x150.jpg\" class=\"attachment-thumbnail size-thumbnail lazyload\" alt=\"\" aria-describedby=\"gallery-1-41672\" srcset=\"data:image\/svg+xml,%3Csvg%20xmlns%3D%27http%3A%2F%2Fwww.w3.org%2F2000%2Fsvg%27%20width%3D%272126%27%20height%3D%271417%27%20viewBox%3D%270%200%202126%201417%27%3E%3Crect%20width%3D%272126%27%20height%3D%271417%27%20fill-opacity%3D%220%22%2F%3E%3C%2Fsvg%3E\" data-orig-src=\"https:\/\/www.teatrostabiletorino.it\/wp-content\/uploads\/2019\/10\/15_I-giganti-della-montagna_Lavia-_-ph.-Tommaso-Le-Pera-150x150.jpg\" data-srcset=\"https:\/\/www.teatrostabiletorino.it\/wp-content\/uploads\/2019\/10\/15_I-giganti-della-montagna_Lavia-_-ph.-Tommaso-Le-Pera-66x66.jpg 66w, https:\/\/www.teatrostabiletorino.it\/wp-content\/uploads\/2019\/10\/15_I-giganti-della-montagna_Lavia-_-ph.-Tommaso-Le-Pera-150x150.jpg 150w\" data-sizes=\"auto\" \/><\/a>\n\t\t\t<\/dt>\n\t\t\t\t<dd class='wp-caption-text gallery-caption' id='gallery-1-41672'>\n\t\t\t\tI giganti della montagna_Lavia<br>ph Tommaso Le Pera\n\t\t\t\t<\/dd><\/dl><br style=\"clear: both\" \/>\n\t\t<\/div>\n\n<p>&nbsp;<\/p>\n<p><strong>FOTOGRAFIE SPETTACOLI OSPITI<\/strong><\/p>\n<p>\n\t\t<style type=\"text\/css\">\n\t\t\t#gallery-2 {\n\t\t\t\tmargin: auto;\n\t\t\t}\n\t\t\t#gallery-2 .gallery-item {\n\t\t\t\tfloat: left;\n\t\t\t\tmargin-top: 10px;\n\t\t\t\ttext-align: center;\n\t\t\t\twidth: 20%;\n\t\t\t}\n\t\t\t#gallery-2 img {\n\t\t\t\tborder: 2px solid #cfcfcf;\n\t\t\t}\n\t\t\t#gallery-2 .gallery-caption {\n\t\t\t\tmargin-left: 0;\n\t\t\t}\n\t\t\t\/* see gallery_shortcode() in wp-includes\/media.php *\/\n\t\t<\/style>\n\t\t<div id='gallery-2' class='gallery galleryid-41646 gallery-columns-5 gallery-size-thumbnail'><dl class='gallery-item'>\n\t\t\t<dt class='gallery-icon landscape'>\n\t\t\t\t<a data-rel=\"iLightbox[postimages]\" data-title=\"01_Ditegli sempre di s\u00ec_Rosi_Imparato_ph Fabio Lovino\" data-caption=\"Ditegli sempre di s\u00ec Rosi_Imparatoph Fabio Lovino\" href='https:\/\/www.teatrostabiletorino.it\/wp-content\/uploads\/2019\/10\/01_Ditegli-sempre-di-s\u00ec_Rosi_Imparato_ph-Fabio-Lovino.jpg'><img decoding=\"async\" width=\"150\" height=\"150\" src=\"https:\/\/www.teatrostabiletorino.it\/wp-content\/uploads\/2019\/10\/01_Ditegli-sempre-di-s\u00ec_Rosi_Imparato_ph-Fabio-Lovino-150x150.jpg\" class=\"attachment-thumbnail size-thumbnail lazyload\" alt=\"\" aria-describedby=\"gallery-2-41673\" srcset=\"data:image\/svg+xml,%3Csvg%20xmlns%3D%27http%3A%2F%2Fwww.w3.org%2F2000%2Fsvg%27%20width%3D%272126%27%20height%3D%271944%27%20viewBox%3D%270%200%202126%201944%27%3E%3Crect%20width%3D%272126%27%20height%3D%271944%27%20fill-opacity%3D%220%22%2F%3E%3C%2Fsvg%3E\" data-orig-src=\"https:\/\/www.teatrostabiletorino.it\/wp-content\/uploads\/2019\/10\/01_Ditegli-sempre-di-s\u00ec_Rosi_Imparato_ph-Fabio-Lovino-150x150.jpg\" data-srcset=\"https:\/\/www.teatrostabiletorino.it\/wp-content\/uploads\/2019\/10\/01_Ditegli-sempre-di-s\u00ec_Rosi_Imparato_ph-Fabio-Lovino-66x66.jpg 66w, https:\/\/www.teatrostabiletorino.it\/wp-content\/uploads\/2019\/10\/01_Ditegli-sempre-di-s\u00ec_Rosi_Imparato_ph-Fabio-Lovino-150x150.jpg 150w\" data-sizes=\"auto\" \/><\/a>\n\t\t\t<\/dt>\n\t\t\t\t<dd class='wp-caption-text gallery-caption' id='gallery-2-41673'>\n\t\t\t\tDitegli sempre di s\u00ec<br> Rosi_Imparato<br>ph Fabio Lovino\n\t\t\t\t<\/dd><\/dl><dl class='gallery-item'>\n\t\t\t<dt class='gallery-icon landscape'>\n\t\t\t\t<a data-rel=\"iLightbox[postimages]\" data-title=\"61\u00b0 Festival di Spoleto, ( FOTO GRATUITE )\" data-caption=\"Si nota all\u2019imbrunireSilvio Orlando\" href='https:\/\/www.teatrostabiletorino.it\/wp-content\/uploads\/2019\/10\/02_Si-nota-allimbrunire_ph-Maria-Laura-Antonelli.jpg'><img decoding=\"async\" width=\"150\" height=\"150\" src=\"https:\/\/www.teatrostabiletorino.it\/wp-content\/uploads\/2019\/10\/02_Si-nota-allimbrunire_ph-Maria-Laura-Antonelli-150x150.jpg\" class=\"attachment-thumbnail size-thumbnail lazyload\" alt=\"\" aria-describedby=\"gallery-2-41674\" srcset=\"data:image\/svg+xml,%3Csvg%20xmlns%3D%27http%3A%2F%2Fwww.w3.org%2F2000%2Fsvg%27%20width%3D%272000%27%20height%3D%271334%27%20viewBox%3D%270%200%202000%201334%27%3E%3Crect%20width%3D%272000%27%20height%3D%271334%27%20fill-opacity%3D%220%22%2F%3E%3C%2Fsvg%3E\" data-orig-src=\"https:\/\/www.teatrostabiletorino.it\/wp-content\/uploads\/2019\/10\/02_Si-nota-allimbrunire_ph-Maria-Laura-Antonelli-150x150.jpg\" data-srcset=\"https:\/\/www.teatrostabiletorino.it\/wp-content\/uploads\/2019\/10\/02_Si-nota-allimbrunire_ph-Maria-Laura-Antonelli-66x66.jpg 66w, https:\/\/www.teatrostabiletorino.it\/wp-content\/uploads\/2019\/10\/02_Si-nota-allimbrunire_ph-Maria-Laura-Antonelli-150x150.jpg 150w\" data-sizes=\"auto\" \/><\/a>\n\t\t\t<\/dt>\n\t\t\t\t<dd class='wp-caption-text gallery-caption' id='gallery-2-41674'>\n\t\t\t\tSi nota all\u2019imbrunire<br>Silvio Orlando\n\t\t\t\t<\/dd><\/dl><dl class='gallery-item'>\n\t\t\t<dt class='gallery-icon landscape'>\n\t\t\t\t<a data-rel=\"iLightbox[postimages]\" data-title=\"03_Cos\u00ec parl\u00f2 bellavista_ph Mario Spada\" data-caption=\"Cos\u00ec parl\u00f2 bellavistaph Mario Spada\" href='https:\/\/www.teatrostabiletorino.it\/wp-content\/uploads\/2019\/10\/03_Cos\u00ec-parl\u00f2-bellavista_ph-Mario-Spada.jpg'><img decoding=\"async\" width=\"150\" height=\"150\" src=\"https:\/\/www.teatrostabiletorino.it\/wp-content\/uploads\/2019\/10\/03_Cos\u00ec-parl\u00f2-bellavista_ph-Mario-Spada-150x150.jpg\" class=\"attachment-thumbnail size-thumbnail lazyload\" alt=\"\" aria-describedby=\"gallery-2-41675\" srcset=\"data:image\/svg+xml,%3Csvg%20xmlns%3D%27http%3A%2F%2Fwww.w3.org%2F2000%2Fsvg%27%20width%3D%271890%27%20height%3D%271258%27%20viewBox%3D%270%200%201890%201258%27%3E%3Crect%20width%3D%271890%27%20height%3D%271258%27%20fill-opacity%3D%220%22%2F%3E%3C%2Fsvg%3E\" data-orig-src=\"https:\/\/www.teatrostabiletorino.it\/wp-content\/uploads\/2019\/10\/03_Cos\u00ec-parl\u00f2-bellavista_ph-Mario-Spada-150x150.jpg\" data-srcset=\"https:\/\/www.teatrostabiletorino.it\/wp-content\/uploads\/2019\/10\/03_Cos\u00ec-parl\u00f2-bellavista_ph-Mario-Spada-66x66.jpg 66w, https:\/\/www.teatrostabiletorino.it\/wp-content\/uploads\/2019\/10\/03_Cos\u00ec-parl\u00f2-bellavista_ph-Mario-Spada-150x150.jpg 150w\" data-sizes=\"auto\" \/><\/a>\n\t\t\t<\/dt>\n\t\t\t\t<dd class='wp-caption-text gallery-caption' id='gallery-2-41675'>\n\t\t\t\tCos\u00ec parl\u00f2 bellavista<br>ph Mario Spada\n\t\t\t\t<\/dd><\/dl><dl class='gallery-item'>\n\t\t\t<dt class='gallery-icon landscape'>\n\t\t\t\t<a data-rel=\"iLightbox[postimages]\" data-title=\"04_Tempo di Chet_Rubino_Fresu_Bardoscia_ph LePera\" data-caption=\"Tempo di Chet_Rubino Fresu_Bardosciaph Le Pera\" href='https:\/\/www.teatrostabiletorino.it\/wp-content\/uploads\/2019\/10\/04_Tempo-di-Chet_Rubino_Fresu_Bardoscia_ph-LePera.jpg'><img decoding=\"async\" width=\"150\" height=\"150\" src=\"https:\/\/www.teatrostabiletorino.it\/wp-content\/uploads\/2019\/10\/04_Tempo-di-Chet_Rubino_Fresu_Bardoscia_ph-LePera-150x150.jpg\" class=\"attachment-thumbnail size-thumbnail lazyload\" alt=\"\" aria-describedby=\"gallery-2-41676\" srcset=\"data:image\/svg+xml,%3Csvg%20xmlns%3D%27http%3A%2F%2Fwww.w3.org%2F2000%2Fsvg%27%20width%3D%271890%27%20height%3D%271258%27%20viewBox%3D%270%200%201890%201258%27%3E%3Crect%20width%3D%271890%27%20height%3D%271258%27%20fill-opacity%3D%220%22%2F%3E%3C%2Fsvg%3E\" data-orig-src=\"https:\/\/www.teatrostabiletorino.it\/wp-content\/uploads\/2019\/10\/04_Tempo-di-Chet_Rubino_Fresu_Bardoscia_ph-LePera-150x150.jpg\" data-srcset=\"https:\/\/www.teatrostabiletorino.it\/wp-content\/uploads\/2019\/10\/04_Tempo-di-Chet_Rubino_Fresu_Bardoscia_ph-LePera-66x66.jpg 66w, https:\/\/www.teatrostabiletorino.it\/wp-content\/uploads\/2019\/10\/04_Tempo-di-Chet_Rubino_Fresu_Bardoscia_ph-LePera-150x150.jpg 150w\" data-sizes=\"auto\" \/><\/a>\n\t\t\t<\/dt>\n\t\t\t\t<dd class='wp-caption-text gallery-caption' id='gallery-2-41676'>\n\t\t\t\tTempo di Chet_Rubino Fresu_Bardoscia<br>ph Le Pera\n\t\t\t\t<\/dd><\/dl><dl class='gallery-item'>\n\t\t\t<dt class='gallery-icon landscape'>\n\t\t\t\t<a data-rel=\"iLightbox[postimages]\" data-title=\"fronte del porto\" data-caption=\"Fronte del porto \" href='https:\/\/www.teatrostabiletorino.it\/wp-content\/uploads\/2019\/10\/05_Fronte-del-porto_ph-Mario-Spada.jpg'><img decoding=\"async\" width=\"150\" height=\"150\" src=\"https:\/\/www.teatrostabiletorino.it\/wp-content\/uploads\/2019\/10\/05_Fronte-del-porto_ph-Mario-Spada-150x150.jpg\" class=\"attachment-thumbnail size-thumbnail lazyload\" alt=\"\" aria-describedby=\"gallery-2-41677\" srcset=\"data:image\/svg+xml,%3Csvg%20xmlns%3D%27http%3A%2F%2Fwww.w3.org%2F2000%2Fsvg%27%20width%3D%271890%27%20height%3D%271260%27%20viewBox%3D%270%200%201890%201260%27%3E%3Crect%20width%3D%271890%27%20height%3D%271260%27%20fill-opacity%3D%220%22%2F%3E%3C%2Fsvg%3E\" data-orig-src=\"https:\/\/www.teatrostabiletorino.it\/wp-content\/uploads\/2019\/10\/05_Fronte-del-porto_ph-Mario-Spada-150x150.jpg\" data-srcset=\"https:\/\/www.teatrostabiletorino.it\/wp-content\/uploads\/2019\/10\/05_Fronte-del-porto_ph-Mario-Spada-66x66.jpg 66w, https:\/\/www.teatrostabiletorino.it\/wp-content\/uploads\/2019\/10\/05_Fronte-del-porto_ph-Mario-Spada-150x150.jpg 150w\" data-sizes=\"auto\" \/><\/a>\n\t\t\t<\/dt>\n\t\t\t\t<dd class='wp-caption-text gallery-caption' id='gallery-2-41677'>\n\t\t\t\tFronte del porto \n\t\t\t\t<\/dd><\/dl><br style=\"clear: both\" \/><dl class='gallery-item'>\n\t\t\t<dt class='gallery-icon portrait'>\n\t\t\t\t<a data-rel=\"iLightbox[postimages]\" data-title=\"06_Nemico del popolo_ph Giuseppe_Distefano\" data-caption=\"Nemico del popoloph Giuseppe Distefano\" href='https:\/\/www.teatrostabiletorino.it\/wp-content\/uploads\/2019\/10\/06_Nemico-del-popolo_ph-Giuseppe_Distefano.jpg'><img decoding=\"async\" width=\"150\" height=\"150\" src=\"https:\/\/www.teatrostabiletorino.it\/wp-content\/uploads\/2019\/10\/06_Nemico-del-popolo_ph-Giuseppe_Distefano-150x150.jpg\" class=\"attachment-thumbnail size-thumbnail lazyload\" alt=\"\" aria-describedby=\"gallery-2-41678\" srcset=\"data:image\/svg+xml,%3Csvg%20xmlns%3D%27http%3A%2F%2Fwww.w3.org%2F2000%2Fsvg%27%20width%3D%271618%27%20height%3D%272362%27%20viewBox%3D%270%200%201618%202362%27%3E%3Crect%20width%3D%271618%27%20height%3D%272362%27%20fill-opacity%3D%220%22%2F%3E%3C%2Fsvg%3E\" data-orig-src=\"https:\/\/www.teatrostabiletorino.it\/wp-content\/uploads\/2019\/10\/06_Nemico-del-popolo_ph-Giuseppe_Distefano-150x150.jpg\" data-srcset=\"https:\/\/www.teatrostabiletorino.it\/wp-content\/uploads\/2019\/10\/06_Nemico-del-popolo_ph-Giuseppe_Distefano-66x66.jpg 66w, https:\/\/www.teatrostabiletorino.it\/wp-content\/uploads\/2019\/10\/06_Nemico-del-popolo_ph-Giuseppe_Distefano-150x150.jpg 150w\" data-sizes=\"auto\" \/><\/a>\n\t\t\t<\/dt>\n\t\t\t\t<dd class='wp-caption-text gallery-caption' id='gallery-2-41678'>\n\t\t\t\tNemico del popolo<br>ph Giuseppe Distefano\n\t\t\t\t<\/dd><\/dl><dl class='gallery-item'>\n\t\t\t<dt class='gallery-icon landscape'>\n\t\t\t\t<a data-rel=\"iLightbox[postimages]\" data-title=\"07_Macbeth_ph Tommaso Le Pera\" data-caption=\"Macbeth ph Tommaso Le Pera\" href='https:\/\/www.teatrostabiletorino.it\/wp-content\/uploads\/2019\/10\/07_Macbeth_ph-Tommaso-Le-Pera.jpg'><img decoding=\"async\" width=\"150\" height=\"150\" src=\"https:\/\/www.teatrostabiletorino.it\/wp-content\/uploads\/2019\/10\/07_Macbeth_ph-Tommaso-Le-Pera-150x150.jpg\" class=\"attachment-thumbnail size-thumbnail lazyload\" alt=\"\" aria-describedby=\"gallery-2-41679\" srcset=\"data:image\/svg+xml,%3Csvg%20xmlns%3D%27http%3A%2F%2Fwww.w3.org%2F2000%2Fsvg%27%20width%3D%272126%27%20height%3D%271417%27%20viewBox%3D%270%200%202126%201417%27%3E%3Crect%20width%3D%272126%27%20height%3D%271417%27%20fill-opacity%3D%220%22%2F%3E%3C%2Fsvg%3E\" data-orig-src=\"https:\/\/www.teatrostabiletorino.it\/wp-content\/uploads\/2019\/10\/07_Macbeth_ph-Tommaso-Le-Pera-150x150.jpg\" data-srcset=\"https:\/\/www.teatrostabiletorino.it\/wp-content\/uploads\/2019\/10\/07_Macbeth_ph-Tommaso-Le-Pera-66x66.jpg 66w, https:\/\/www.teatrostabiletorino.it\/wp-content\/uploads\/2019\/10\/07_Macbeth_ph-Tommaso-Le-Pera-150x150.jpg 150w\" data-sizes=\"auto\" \/><\/a>\n\t\t\t<\/dt>\n\t\t\t\t<dd class='wp-caption-text gallery-caption' id='gallery-2-41679'>\n\t\t\t\tMacbeth <br>ph Tommaso Le Pera\n\t\t\t\t<\/dd><\/dl><dl class='gallery-item'>\n\t\t\t<dt class='gallery-icon landscape'>\n\t\t\t\t<a data-rel=\"iLightbox[postimages]\" data-title=\"08_Orgoglio e pregiudizio_ph Matteo Delbo\" data-caption=\"Orgoglio e pregiudizioph Matteo Delbo\" href='https:\/\/www.teatrostabiletorino.it\/wp-content\/uploads\/2019\/10\/08_Orgoglio-e-pregiudizio_ph-Matteo-Delbo.jpg'><img decoding=\"async\" width=\"150\" height=\"150\" src=\"https:\/\/www.teatrostabiletorino.it\/wp-content\/uploads\/2019\/10\/08_Orgoglio-e-pregiudizio_ph-Matteo-Delbo-150x150.jpg\" class=\"attachment-thumbnail size-thumbnail lazyload\" alt=\"\" aria-describedby=\"gallery-2-41680\" srcset=\"data:image\/svg+xml,%3Csvg%20xmlns%3D%27http%3A%2F%2Fwww.w3.org%2F2000%2Fsvg%27%20width%3D%271600%27%20height%3D%27919%27%20viewBox%3D%270%200%201600%20919%27%3E%3Crect%20width%3D%271600%27%20height%3D%27919%27%20fill-opacity%3D%220%22%2F%3E%3C%2Fsvg%3E\" data-orig-src=\"https:\/\/www.teatrostabiletorino.it\/wp-content\/uploads\/2019\/10\/08_Orgoglio-e-pregiudizio_ph-Matteo-Delbo-150x150.jpg\" data-srcset=\"https:\/\/www.teatrostabiletorino.it\/wp-content\/uploads\/2019\/10\/08_Orgoglio-e-pregiudizio_ph-Matteo-Delbo-66x66.jpg 66w, https:\/\/www.teatrostabiletorino.it\/wp-content\/uploads\/2019\/10\/08_Orgoglio-e-pregiudizio_ph-Matteo-Delbo-150x150.jpg 150w\" data-sizes=\"auto\" \/><\/a>\n\t\t\t<\/dt>\n\t\t\t\t<dd class='wp-caption-text gallery-caption' id='gallery-2-41680'>\n\t\t\t\tOrgoglio e pregiudizio<br>ph Matteo Delbo\n\t\t\t\t<\/dd><\/dl><dl class='gallery-item'>\n\t\t\t<dt class='gallery-icon landscape'>\n\t\t\t\t<a data-rel=\"iLightbox[postimages]\" data-title=\"09_Il costruttore Solness_ph Alessandro Serra\" data-caption=\"Il costruttore Solnessph Alessandro Serra\" href='https:\/\/www.teatrostabiletorino.it\/wp-content\/uploads\/2019\/10\/09_Il-costruttore-Solness_ph-Alessandro-Serra.jpg'><img decoding=\"async\" width=\"150\" height=\"150\" src=\"https:\/\/www.teatrostabiletorino.it\/wp-content\/uploads\/2019\/10\/09_Il-costruttore-Solness_ph-Alessandro-Serra-150x150.jpg\" class=\"attachment-thumbnail size-thumbnail lazyload\" alt=\"\" aria-describedby=\"gallery-2-41681\" srcset=\"data:image\/svg+xml,%3Csvg%20xmlns%3D%27http%3A%2F%2Fwww.w3.org%2F2000%2Fsvg%27%20width%3D%272126%27%20height%3D%271417%27%20viewBox%3D%270%200%202126%201417%27%3E%3Crect%20width%3D%272126%27%20height%3D%271417%27%20fill-opacity%3D%220%22%2F%3E%3C%2Fsvg%3E\" data-orig-src=\"https:\/\/www.teatrostabiletorino.it\/wp-content\/uploads\/2019\/10\/09_Il-costruttore-Solness_ph-Alessandro-Serra-150x150.jpg\" data-srcset=\"https:\/\/www.teatrostabiletorino.it\/wp-content\/uploads\/2019\/10\/09_Il-costruttore-Solness_ph-Alessandro-Serra-66x66.jpg 66w, https:\/\/www.teatrostabiletorino.it\/wp-content\/uploads\/2019\/10\/09_Il-costruttore-Solness_ph-Alessandro-Serra-150x150.jpg 150w\" data-sizes=\"auto\" \/><\/a>\n\t\t\t<\/dt>\n\t\t\t\t<dd class='wp-caption-text gallery-caption' id='gallery-2-41681'>\n\t\t\t\tIl costruttore Solness<br>ph Alessandro Serra\n\t\t\t\t<\/dd><\/dl><dl class='gallery-item'>\n\t\t\t<dt class='gallery-icon portrait'>\n\t\t\t\t<a data-rel=\"iLightbox[postimages]\" data-title=\"10_Baricco_Novecento_ph Monica Cillaro-Rosebud2\" data-caption=\"Baricco legge Novecento ph Monica Cillaro-Rosebud2\" href='https:\/\/www.teatrostabiletorino.it\/wp-content\/uploads\/2019\/10\/10_Baricco_Novecento_ph-Monica-Cillaro-Rosebud2.jpg'><img decoding=\"async\" width=\"150\" height=\"150\" src=\"https:\/\/www.teatrostabiletorino.it\/wp-content\/uploads\/2019\/10\/10_Baricco_Novecento_ph-Monica-Cillaro-Rosebud2-150x150.jpg\" class=\"attachment-thumbnail size-thumbnail lazyload\" alt=\"\" aria-describedby=\"gallery-2-41682\" srcset=\"data:image\/svg+xml,%3Csvg%20xmlns%3D%27http%3A%2F%2Fwww.w3.org%2F2000%2Fsvg%27%20width%3D%271691%27%20height%3D%272126%27%20viewBox%3D%270%200%201691%202126%27%3E%3Crect%20width%3D%271691%27%20height%3D%272126%27%20fill-opacity%3D%220%22%2F%3E%3C%2Fsvg%3E\" data-orig-src=\"https:\/\/www.teatrostabiletorino.it\/wp-content\/uploads\/2019\/10\/10_Baricco_Novecento_ph-Monica-Cillaro-Rosebud2-150x150.jpg\" data-srcset=\"https:\/\/www.teatrostabiletorino.it\/wp-content\/uploads\/2019\/10\/10_Baricco_Novecento_ph-Monica-Cillaro-Rosebud2-66x66.jpg 66w, https:\/\/www.teatrostabiletorino.it\/wp-content\/uploads\/2019\/10\/10_Baricco_Novecento_ph-Monica-Cillaro-Rosebud2-150x150.jpg 150w\" data-sizes=\"auto\" \/><\/a>\n\t\t\t<\/dt>\n\t\t\t\t<dd class='wp-caption-text gallery-caption' id='gallery-2-41682'>\n\t\t\t\tBaricco legge Novecento <br>ph Monica Cillaro-Rosebud2\n\t\t\t\t<\/dd><\/dl><br style=\"clear: both\" \/><dl class='gallery-item'>\n\t\t\t<dt class='gallery-icon landscape'>\n\t\t\t\t<a data-rel=\"iLightbox[postimages]\" data-title=\"11_Tartufo_ph Daniel Matvejev\" data-caption=\"Tartufoph Daniel Matvejev\" href='https:\/\/www.teatrostabiletorino.it\/wp-content\/uploads\/2019\/10\/11_Tartufo_ph-Daniel-Matvejev.jpg'><img decoding=\"async\" width=\"150\" height=\"150\" src=\"https:\/\/www.teatrostabiletorino.it\/wp-content\/uploads\/2019\/10\/11_Tartufo_ph-Daniel-Matvejev-150x150.jpg\" class=\"attachment-thumbnail size-thumbnail lazyload\" alt=\"\" aria-describedby=\"gallery-2-41683\" srcset=\"data:image\/svg+xml,%3Csvg%20xmlns%3D%27http%3A%2F%2Fwww.w3.org%2F2000%2Fsvg%27%20width%3D%271772%27%20height%3D%271119%27%20viewBox%3D%270%200%201772%201119%27%3E%3Crect%20width%3D%271772%27%20height%3D%271119%27%20fill-opacity%3D%220%22%2F%3E%3C%2Fsvg%3E\" data-orig-src=\"https:\/\/www.teatrostabiletorino.it\/wp-content\/uploads\/2019\/10\/11_Tartufo_ph-Daniel-Matvejev-150x150.jpg\" data-srcset=\"https:\/\/www.teatrostabiletorino.it\/wp-content\/uploads\/2019\/10\/11_Tartufo_ph-Daniel-Matvejev-66x66.jpg 66w, https:\/\/www.teatrostabiletorino.it\/wp-content\/uploads\/2019\/10\/11_Tartufo_ph-Daniel-Matvejev-150x150.jpg 150w\" data-sizes=\"auto\" \/><\/a>\n\t\t\t<\/dt>\n\t\t\t\t<dd class='wp-caption-text gallery-caption' id='gallery-2-41683'>\n\t\t\t\tTartufo<br>ph Daniel Matvejev\n\t\t\t\t<\/dd><\/dl><dl class='gallery-item'>\n\t\t\t<dt class='gallery-icon landscape'>\n\t\t\t\t<a data-rel=\"iLightbox[postimages]\" data-title=\"12_Lodka_ph Maria Mitrofanova e Alisa Gill\" data-caption=\"Lodkaph Maria Mitrofanova e Alisa Gill\" href='https:\/\/www.teatrostabiletorino.it\/wp-content\/uploads\/2019\/10\/12_Lodka_ph-Maria-Mitrofanova-e-Alisa-Gill.jpg'><img decoding=\"async\" width=\"150\" height=\"150\" src=\"https:\/\/www.teatrostabiletorino.it\/wp-content\/uploads\/2019\/10\/12_Lodka_ph-Maria-Mitrofanova-e-Alisa-Gill-150x150.jpg\" class=\"attachment-thumbnail size-thumbnail lazyload\" alt=\"\" aria-describedby=\"gallery-2-41684\" srcset=\"data:image\/svg+xml,%3Csvg%20xmlns%3D%27http%3A%2F%2Fwww.w3.org%2F2000%2Fsvg%27%20width%3D%272126%27%20height%3D%271417%27%20viewBox%3D%270%200%202126%201417%27%3E%3Crect%20width%3D%272126%27%20height%3D%271417%27%20fill-opacity%3D%220%22%2F%3E%3C%2Fsvg%3E\" data-orig-src=\"https:\/\/www.teatrostabiletorino.it\/wp-content\/uploads\/2019\/10\/12_Lodka_ph-Maria-Mitrofanova-e-Alisa-Gill-150x150.jpg\" data-srcset=\"https:\/\/www.teatrostabiletorino.it\/wp-content\/uploads\/2019\/10\/12_Lodka_ph-Maria-Mitrofanova-e-Alisa-Gill-66x66.jpg 66w, https:\/\/www.teatrostabiletorino.it\/wp-content\/uploads\/2019\/10\/12_Lodka_ph-Maria-Mitrofanova-e-Alisa-Gill-150x150.jpg 150w\" data-sizes=\"auto\" \/><\/a>\n\t\t\t<\/dt>\n\t\t\t\t<dd class='wp-caption-text gallery-caption' id='gallery-2-41684'>\n\t\t\t\tLodka<br>ph Maria Mitrofanova e Alisa Gill\n\t\t\t\t<\/dd><\/dl><dl class='gallery-item'>\n\t\t\t<dt class='gallery-icon portrait'>\n\t\t\t\t<a data-rel=\"iLightbox[postimages]\" data-title=\"13_Sotto lo sguardo delle mosche_ph Emanuele Basile\" data-caption=\"Sotto lo sguardo delle moscheph Emanuele Basile\" href='https:\/\/www.teatrostabiletorino.it\/wp-content\/uploads\/2019\/10\/13_Sotto-lo-sguardo-delle-mosche_ph-Emanuele-Basile.jpg'><img decoding=\"async\" width=\"150\" height=\"150\" src=\"https:\/\/www.teatrostabiletorino.it\/wp-content\/uploads\/2019\/10\/13_Sotto-lo-sguardo-delle-mosche_ph-Emanuele-Basile-150x150.jpg\" class=\"attachment-thumbnail size-thumbnail lazyload\" alt=\"\" aria-describedby=\"gallery-2-41685\" srcset=\"data:image\/svg+xml,%3Csvg%20xmlns%3D%27http%3A%2F%2Fwww.w3.org%2F2000%2Fsvg%27%20width%3D%271575%27%20height%3D%272362%27%20viewBox%3D%270%200%201575%202362%27%3E%3Crect%20width%3D%271575%27%20height%3D%272362%27%20fill-opacity%3D%220%22%2F%3E%3C%2Fsvg%3E\" data-orig-src=\"https:\/\/www.teatrostabiletorino.it\/wp-content\/uploads\/2019\/10\/13_Sotto-lo-sguardo-delle-mosche_ph-Emanuele-Basile-150x150.jpg\" data-srcset=\"https:\/\/www.teatrostabiletorino.it\/wp-content\/uploads\/2019\/10\/13_Sotto-lo-sguardo-delle-mosche_ph-Emanuele-Basile-66x66.jpg 66w, https:\/\/www.teatrostabiletorino.it\/wp-content\/uploads\/2019\/10\/13_Sotto-lo-sguardo-delle-mosche_ph-Emanuele-Basile-150x150.jpg 150w\" data-sizes=\"auto\" \/><\/a>\n\t\t\t<\/dt>\n\t\t\t\t<dd class='wp-caption-text gallery-caption' id='gallery-2-41685'>\n\t\t\t\tSotto lo sguardo delle mosche<br>ph Emanuele Basile\n\t\t\t\t<\/dd><\/dl><dl class='gallery-item'>\n\t\t\t<dt class='gallery-icon landscape'>\n\t\t\t\t<a data-rel=\"iLightbox[postimages]\" data-title=\"14_Il nipote di Wittgenstein_ph Marco Caselli\" data-caption=\"Il nipote di Wittgenstein ph Marco Caselli\" href='https:\/\/www.teatrostabiletorino.it\/wp-content\/uploads\/2019\/10\/14_Il-nipote-di-Wittgenstein_ph-Marco-Caselli.jpg'><img decoding=\"async\" width=\"150\" height=\"150\" src=\"https:\/\/www.teatrostabiletorino.it\/wp-content\/uploads\/2019\/10\/14_Il-nipote-di-Wittgenstein_ph-Marco-Caselli-150x150.jpg\" class=\"attachment-thumbnail size-thumbnail lazyload\" alt=\"\" aria-describedby=\"gallery-2-41686\" srcset=\"data:image\/svg+xml,%3Csvg%20xmlns%3D%27http%3A%2F%2Fwww.w3.org%2F2000%2Fsvg%27%20width%3D%271772%27%20height%3D%271181%27%20viewBox%3D%270%200%201772%201181%27%3E%3Crect%20width%3D%271772%27%20height%3D%271181%27%20fill-opacity%3D%220%22%2F%3E%3C%2Fsvg%3E\" data-orig-src=\"https:\/\/www.teatrostabiletorino.it\/wp-content\/uploads\/2019\/10\/14_Il-nipote-di-Wittgenstein_ph-Marco-Caselli-150x150.jpg\" data-srcset=\"https:\/\/www.teatrostabiletorino.it\/wp-content\/uploads\/2019\/10\/14_Il-nipote-di-Wittgenstein_ph-Marco-Caselli-66x66.jpg 66w, https:\/\/www.teatrostabiletorino.it\/wp-content\/uploads\/2019\/10\/14_Il-nipote-di-Wittgenstein_ph-Marco-Caselli-150x150.jpg 150w\" data-sizes=\"auto\" \/><\/a>\n\t\t\t<\/dt>\n\t\t\t\t<dd class='wp-caption-text gallery-caption' id='gallery-2-41686'>\n\t\t\t\tIl nipote di Wittgenstein <br>ph Marco Caselli\n\t\t\t\t<\/dd><\/dl><dl class='gallery-item'>\n\t\t\t<dt class='gallery-icon landscape'>\n\t\t\t\t<a data-rel=\"iLightbox[postimages]\" data-title=\"15_L&#8217;infinito tra parentesi_ph Simone Di Luca\" data-caption=\"L&#039;infinito tra parentesi ph Simone Di Luca\" href='https:\/\/www.teatrostabiletorino.it\/wp-content\/uploads\/2019\/10\/15_Linfinito-tra-parentesi_ph-Simone-Di-Luca.jpg'><img decoding=\"async\" width=\"150\" height=\"150\" src=\"https:\/\/www.teatrostabiletorino.it\/wp-content\/uploads\/2019\/10\/15_Linfinito-tra-parentesi_ph-Simone-Di-Luca-150x150.jpg\" class=\"attachment-thumbnail size-thumbnail lazyload\" alt=\"\" aria-describedby=\"gallery-2-41687\" srcset=\"data:image\/svg+xml,%3Csvg%20xmlns%3D%27http%3A%2F%2Fwww.w3.org%2F2000%2Fsvg%27%20width%3D%271772%27%20height%3D%271181%27%20viewBox%3D%270%200%201772%201181%27%3E%3Crect%20width%3D%271772%27%20height%3D%271181%27%20fill-opacity%3D%220%22%2F%3E%3C%2Fsvg%3E\" data-orig-src=\"https:\/\/www.teatrostabiletorino.it\/wp-content\/uploads\/2019\/10\/15_Linfinito-tra-parentesi_ph-Simone-Di-Luca-150x150.jpg\" data-srcset=\"https:\/\/www.teatrostabiletorino.it\/wp-content\/uploads\/2019\/10\/15_Linfinito-tra-parentesi_ph-Simone-Di-Luca-66x66.jpg 66w, https:\/\/www.teatrostabiletorino.it\/wp-content\/uploads\/2019\/10\/15_Linfinito-tra-parentesi_ph-Simone-Di-Luca-150x150.jpg 150w\" data-sizes=\"auto\" \/><\/a>\n\t\t\t<\/dt>\n\t\t\t\t<dd class='wp-caption-text gallery-caption' id='gallery-2-41687'>\n\t\t\t\tL&#8217;infinito tra parentesi <br>ph Simone Di Luca\n\t\t\t\t<\/dd><\/dl><br style=\"clear: both\" \/><dl class='gallery-item'>\n\t\t\t<dt class='gallery-icon landscape'>\n\t\t\t\t<a data-rel=\"iLightbox[postimages]\" data-title=\"16_L&#8217;arte di morire ridendo_ph Gabriele Zucca\" data-caption=\"L&#039;arte di morire ridendo ph Gabriele Zucca\" href='https:\/\/www.teatrostabiletorino.it\/wp-content\/uploads\/2019\/10\/16_Larte-di-morire-ridendo_ph-Gabriele-Zucca.jpg'><img decoding=\"async\" width=\"150\" height=\"150\" src=\"https:\/\/www.teatrostabiletorino.it\/wp-content\/uploads\/2019\/10\/16_Larte-di-morire-ridendo_ph-Gabriele-Zucca-150x150.jpg\" class=\"attachment-thumbnail size-thumbnail lazyload\" alt=\"\" aria-describedby=\"gallery-2-41688\" srcset=\"data:image\/svg+xml,%3Csvg%20xmlns%3D%27http%3A%2F%2Fwww.w3.org%2F2000%2Fsvg%27%20width%3D%272126%27%20height%3D%271417%27%20viewBox%3D%270%200%202126%201417%27%3E%3Crect%20width%3D%272126%27%20height%3D%271417%27%20fill-opacity%3D%220%22%2F%3E%3C%2Fsvg%3E\" data-orig-src=\"https:\/\/www.teatrostabiletorino.it\/wp-content\/uploads\/2019\/10\/16_Larte-di-morire-ridendo_ph-Gabriele-Zucca-150x150.jpg\" data-srcset=\"https:\/\/www.teatrostabiletorino.it\/wp-content\/uploads\/2019\/10\/16_Larte-di-morire-ridendo_ph-Gabriele-Zucca-66x66.jpg 66w, https:\/\/www.teatrostabiletorino.it\/wp-content\/uploads\/2019\/10\/16_Larte-di-morire-ridendo_ph-Gabriele-Zucca-150x150.jpg 150w\" data-sizes=\"auto\" \/><\/a>\n\t\t\t<\/dt>\n\t\t\t\t<dd class='wp-caption-text gallery-caption' id='gallery-2-41688'>\n\t\t\t\tL&#8217;arte di morire ridendo <br>ph Gabriele Zucca\n\t\t\t\t<\/dd><\/dl><dl class='gallery-item'>\n\t\t\t<dt class='gallery-icon landscape'>\n\t\t\t\t<a data-rel=\"iLightbox[postimages]\" data-title=\"17_Ci vediamo alba\" data-caption=\"Ci vediamo all&#039;alba\" href='https:\/\/www.teatrostabiletorino.it\/wp-content\/uploads\/2019\/10\/17_Ci-vediamo-alba.jpg'><img decoding=\"async\" width=\"150\" height=\"150\" src=\"https:\/\/www.teatrostabiletorino.it\/wp-content\/uploads\/2019\/10\/17_Ci-vediamo-alba-150x150.jpg\" class=\"attachment-thumbnail size-thumbnail lazyload\" alt=\"\" aria-describedby=\"gallery-2-41689\" srcset=\"data:image\/svg+xml,%3Csvg%20xmlns%3D%27http%3A%2F%2Fwww.w3.org%2F2000%2Fsvg%27%20width%3D%272008%27%20height%3D%271339%27%20viewBox%3D%270%200%202008%201339%27%3E%3Crect%20width%3D%272008%27%20height%3D%271339%27%20fill-opacity%3D%220%22%2F%3E%3C%2Fsvg%3E\" data-orig-src=\"https:\/\/www.teatrostabiletorino.it\/wp-content\/uploads\/2019\/10\/17_Ci-vediamo-alba-150x150.jpg\" data-srcset=\"https:\/\/www.teatrostabiletorino.it\/wp-content\/uploads\/2019\/10\/17_Ci-vediamo-alba-66x66.jpg 66w, https:\/\/www.teatrostabiletorino.it\/wp-content\/uploads\/2019\/10\/17_Ci-vediamo-alba-150x150.jpg 150w\" data-sizes=\"auto\" \/><\/a>\n\t\t\t<\/dt>\n\t\t\t\t<dd class='wp-caption-text gallery-caption' id='gallery-2-41689'>\n\t\t\t\tCi vediamo all&#8217;alba\n\t\t\t\t<\/dd><\/dl><dl class='gallery-item'>\n\t\t\t<dt class='gallery-icon landscape'>\n\t\t\t\t<a data-rel=\"iLightbox[postimages]\" data-title=\"18_La locandiera_ph Alessandro Botticelli\" data-caption=\"La locandieraph Alessandro Botticelli\" href='https:\/\/www.teatrostabiletorino.it\/wp-content\/uploads\/2019\/10\/18_La-locandiera_ph-Alessandro-Botticelli.jpg'><img decoding=\"async\" width=\"150\" height=\"150\" src=\"https:\/\/www.teatrostabiletorino.it\/wp-content\/uploads\/2019\/10\/18_La-locandiera_ph-Alessandro-Botticelli-150x150.jpg\" class=\"attachment-thumbnail size-thumbnail lazyload\" alt=\"\" aria-describedby=\"gallery-2-41690\" srcset=\"data:image\/svg+xml,%3Csvg%20xmlns%3D%27http%3A%2F%2Fwww.w3.org%2F2000%2Fsvg%27%20width%3D%272126%27%20height%3D%271418%27%20viewBox%3D%270%200%202126%201418%27%3E%3Crect%20width%3D%272126%27%20height%3D%271418%27%20fill-opacity%3D%220%22%2F%3E%3C%2Fsvg%3E\" data-orig-src=\"https:\/\/www.teatrostabiletorino.it\/wp-content\/uploads\/2019\/10\/18_La-locandiera_ph-Alessandro-Botticelli-150x150.jpg\" data-srcset=\"https:\/\/www.teatrostabiletorino.it\/wp-content\/uploads\/2019\/10\/18_La-locandiera_ph-Alessandro-Botticelli-66x66.jpg 66w, https:\/\/www.teatrostabiletorino.it\/wp-content\/uploads\/2019\/10\/18_La-locandiera_ph-Alessandro-Botticelli-150x150.jpg 150w\" data-sizes=\"auto\" \/><\/a>\n\t\t\t<\/dt>\n\t\t\t\t<dd class='wp-caption-text gallery-caption' id='gallery-2-41690'>\n\t\t\t\tLa locandiera<br>ph Alessandro Botticelli\n\t\t\t\t<\/dd><\/dl><dl class='gallery-item'>\n\t\t\t<dt class='gallery-icon landscape'>\n\t\t\t\t<a data-rel=\"iLightbox[postimages]\" data-title=\"19_Thanks for vaselina_ph Laila Pozzo\" data-caption=\"Thanks for vaselinaph Laila Pozzo\" href='https:\/\/www.teatrostabiletorino.it\/wp-content\/uploads\/2019\/10\/19_Thanks-for-vaselina_ph-Laila-Pozzo.jpg'><img decoding=\"async\" width=\"150\" height=\"150\" src=\"https:\/\/www.teatrostabiletorino.it\/wp-content\/uploads\/2019\/10\/19_Thanks-for-vaselina_ph-Laila-Pozzo-150x150.jpg\" class=\"attachment-thumbnail size-thumbnail lazyload\" alt=\"\" aria-describedby=\"gallery-2-41691\" srcset=\"data:image\/svg+xml,%3Csvg%20xmlns%3D%27http%3A%2F%2Fwww.w3.org%2F2000%2Fsvg%27%20width%3D%271772%27%20height%3D%27997%27%20viewBox%3D%270%200%201772%20997%27%3E%3Crect%20width%3D%271772%27%20height%3D%27997%27%20fill-opacity%3D%220%22%2F%3E%3C%2Fsvg%3E\" data-orig-src=\"https:\/\/www.teatrostabiletorino.it\/wp-content\/uploads\/2019\/10\/19_Thanks-for-vaselina_ph-Laila-Pozzo-150x150.jpg\" data-srcset=\"https:\/\/www.teatrostabiletorino.it\/wp-content\/uploads\/2019\/10\/19_Thanks-for-vaselina_ph-Laila-Pozzo-66x66.jpg 66w, https:\/\/www.teatrostabiletorino.it\/wp-content\/uploads\/2019\/10\/19_Thanks-for-vaselina_ph-Laila-Pozzo-150x150.jpg 150w\" data-sizes=\"auto\" \/><\/a>\n\t\t\t<\/dt>\n\t\t\t\t<dd class='wp-caption-text gallery-caption' id='gallery-2-41691'>\n\t\t\t\tThanks for vaselina<br>ph Laila Pozzo\n\t\t\t\t<\/dd><\/dl><dl class='gallery-item'>\n\t\t\t<dt class='gallery-icon landscape'>\n\t\t\t\t<a data-rel=\"iLightbox[postimages]\" data-title=\"20_Animali da bar_ph Laila Pozzo\" data-caption=\"Animali da barph Laila Pozzo\" href='https:\/\/www.teatrostabiletorino.it\/wp-content\/uploads\/2019\/10\/20_Animali-da-bar_ph-Laila-Pozzo.jpg'><img decoding=\"async\" width=\"150\" height=\"150\" src=\"https:\/\/www.teatrostabiletorino.it\/wp-content\/uploads\/2019\/10\/20_Animali-da-bar_ph-Laila-Pozzo-150x150.jpg\" class=\"attachment-thumbnail size-thumbnail lazyload\" alt=\"\" aria-describedby=\"gallery-2-41692\" srcset=\"data:image\/svg+xml,%3Csvg%20xmlns%3D%27http%3A%2F%2Fwww.w3.org%2F2000%2Fsvg%27%20width%3D%272000%27%20height%3D%271259%27%20viewBox%3D%270%200%202000%201259%27%3E%3Crect%20width%3D%272000%27%20height%3D%271259%27%20fill-opacity%3D%220%22%2F%3E%3C%2Fsvg%3E\" data-orig-src=\"https:\/\/www.teatrostabiletorino.it\/wp-content\/uploads\/2019\/10\/20_Animali-da-bar_ph-Laila-Pozzo-150x150.jpg\" data-srcset=\"https:\/\/www.teatrostabiletorino.it\/wp-content\/uploads\/2019\/10\/20_Animali-da-bar_ph-Laila-Pozzo-66x66.jpg 66w, https:\/\/www.teatrostabiletorino.it\/wp-content\/uploads\/2019\/10\/20_Animali-da-bar_ph-Laila-Pozzo-150x150.jpg 150w\" data-sizes=\"auto\" \/><\/a>\n\t\t\t<\/dt>\n\t\t\t\t<dd class='wp-caption-text gallery-caption' id='gallery-2-41692'>\n\t\t\t\tAnimali da bar<br>ph Laila Pozzo\n\t\t\t\t<\/dd><\/dl><br style=\"clear: both\" \/><dl class='gallery-item'>\n\t\t\t<dt class='gallery-icon landscape'>\n\t\t\t\t<a data-rel=\"iLightbox[postimages]\" data-title=\"21_Apologia_ph Luca Del Pia\" data-caption=\"Apologiaph Luca Del Pia\" href='https:\/\/www.teatrostabiletorino.it\/wp-content\/uploads\/2019\/10\/21_Apologia_ph-Luca-Del-Pia.jpg'><img decoding=\"async\" width=\"150\" height=\"150\" src=\"https:\/\/www.teatrostabiletorino.it\/wp-content\/uploads\/2019\/10\/21_Apologia_ph-Luca-Del-Pia-150x150.jpg\" class=\"attachment-thumbnail size-thumbnail lazyload\" alt=\"\" aria-describedby=\"gallery-2-41693\" srcset=\"data:image\/svg+xml,%3Csvg%20xmlns%3D%27http%3A%2F%2Fwww.w3.org%2F2000%2Fsvg%27%20width%3D%271772%27%20height%3D%271181%27%20viewBox%3D%270%200%201772%201181%27%3E%3Crect%20width%3D%271772%27%20height%3D%271181%27%20fill-opacity%3D%220%22%2F%3E%3C%2Fsvg%3E\" data-orig-src=\"https:\/\/www.teatrostabiletorino.it\/wp-content\/uploads\/2019\/10\/21_Apologia_ph-Luca-Del-Pia-150x150.jpg\" data-srcset=\"https:\/\/www.teatrostabiletorino.it\/wp-content\/uploads\/2019\/10\/21_Apologia_ph-Luca-Del-Pia-66x66.jpg 66w, https:\/\/www.teatrostabiletorino.it\/wp-content\/uploads\/2019\/10\/21_Apologia_ph-Luca-Del-Pia-150x150.jpg 150w\" data-sizes=\"auto\" \/><\/a>\n\t\t\t<\/dt>\n\t\t\t\t<dd class='wp-caption-text gallery-caption' id='gallery-2-41693'>\n\t\t\t\tApologia<br>ph Luca Del Pia\n\t\t\t\t<\/dd><\/dl><dl class='gallery-item'>\n\t\t\t<dt class='gallery-icon landscape'>\n\t\t\t\t<a data-rel=\"iLightbox[postimages]\" data-title=\"22_Radio Clandestina_AscanioCelestini\" data-caption=\"Radio Clandestina AscanioCelestini\nph Musacchio, Ianniello &amp; Pasqualini\" href='https:\/\/www.teatrostabiletorino.it\/wp-content\/uploads\/2019\/10\/22_Radio-Clandestina_AscanioCelestini.jpg'><img decoding=\"async\" width=\"150\" height=\"150\" src=\"https:\/\/www.teatrostabiletorino.it\/wp-content\/uploads\/2019\/10\/22_Radio-Clandestina_AscanioCelestini-150x150.jpg\" class=\"attachment-thumbnail size-thumbnail lazyload\" alt=\"\" aria-describedby=\"gallery-2-41694\" srcset=\"data:image\/svg+xml,%3Csvg%20xmlns%3D%27http%3A%2F%2Fwww.w3.org%2F2000%2Fsvg%27%20width%3D%272126%27%20height%3D%271417%27%20viewBox%3D%270%200%202126%201417%27%3E%3Crect%20width%3D%272126%27%20height%3D%271417%27%20fill-opacity%3D%220%22%2F%3E%3C%2Fsvg%3E\" data-orig-src=\"https:\/\/www.teatrostabiletorino.it\/wp-content\/uploads\/2019\/10\/22_Radio-Clandestina_AscanioCelestini-150x150.jpg\" data-srcset=\"https:\/\/www.teatrostabiletorino.it\/wp-content\/uploads\/2019\/10\/22_Radio-Clandestina_AscanioCelestini-66x66.jpg 66w, https:\/\/www.teatrostabiletorino.it\/wp-content\/uploads\/2019\/10\/22_Radio-Clandestina_AscanioCelestini-150x150.jpg 150w\" data-sizes=\"auto\" \/><\/a>\n\t\t\t<\/dt>\n\t\t\t\t<dd class='wp-caption-text gallery-caption' id='gallery-2-41694'>\n\t\t\t\tRadio Clandestina AscanioCelestini<br>\nph Musacchio, Ianniello &amp; Pasqualini\n\t\t\t\t<\/dd><\/dl><dl class='gallery-item'>\n\t\t\t<dt class='gallery-icon portrait'>\n\t\t\t\t<a data-rel=\"iLightbox[postimages]\" data-title=\"23_Questioni di cuore &#8211; Lella Costa\" data-caption=\"Questioni di cuore Lella Costa\" href='https:\/\/www.teatrostabiletorino.it\/wp-content\/uploads\/2019\/10\/23_Questioni-di-cuore-Lella-Costa.jpg'><img decoding=\"async\" width=\"150\" height=\"150\" src=\"https:\/\/www.teatrostabiletorino.it\/wp-content\/uploads\/2019\/10\/23_Questioni-di-cuore-Lella-Costa-150x150.jpg\" class=\"attachment-thumbnail size-thumbnail lazyload\" alt=\"\" aria-describedby=\"gallery-2-41695\" srcset=\"data:image\/svg+xml,%3Csvg%20xmlns%3D%27http%3A%2F%2Fwww.w3.org%2F2000%2Fsvg%27%20width%3D%271940%27%20height%3D%272126%27%20viewBox%3D%270%200%201940%202126%27%3E%3Crect%20width%3D%271940%27%20height%3D%272126%27%20fill-opacity%3D%220%22%2F%3E%3C%2Fsvg%3E\" data-orig-src=\"https:\/\/www.teatrostabiletorino.it\/wp-content\/uploads\/2019\/10\/23_Questioni-di-cuore-Lella-Costa-150x150.jpg\" data-srcset=\"https:\/\/www.teatrostabiletorino.it\/wp-content\/uploads\/2019\/10\/23_Questioni-di-cuore-Lella-Costa-66x66.jpg 66w, https:\/\/www.teatrostabiletorino.it\/wp-content\/uploads\/2019\/10\/23_Questioni-di-cuore-Lella-Costa-150x150.jpg 150w\" data-sizes=\"auto\" \/><\/a>\n\t\t\t<\/dt>\n\t\t\t\t<dd class='wp-caption-text gallery-caption' id='gallery-2-41695'>\n\t\t\t\tQuestioni di cuore<br> Lella Costa\n\t\t\t\t<\/dd><\/dl><dl class='gallery-item'>\n\t\t\t<dt class='gallery-icon landscape'>\n\t\t\t\t<a data-rel=\"iLightbox[postimages]\" data-title=\"24_Happy days_Oricco_ph Carlo Manzato\" data-caption=\"Happy days_Oriccoph Carlo Manzato\" href='https:\/\/www.teatrostabiletorino.it\/wp-content\/uploads\/2019\/10\/24_Happy-days_Oricco_ph-Carlo-Manzato.jpg'><img decoding=\"async\" width=\"150\" height=\"150\" src=\"https:\/\/www.teatrostabiletorino.it\/wp-content\/uploads\/2019\/10\/24_Happy-days_Oricco_ph-Carlo-Manzato-150x150.jpg\" class=\"attachment-thumbnail size-thumbnail lazyload\" alt=\"\" aria-describedby=\"gallery-2-41696\" srcset=\"data:image\/svg+xml,%3Csvg%20xmlns%3D%27http%3A%2F%2Fwww.w3.org%2F2000%2Fsvg%27%20width%3D%272148%27%20height%3D%271841%27%20viewBox%3D%270%200%202148%201841%27%3E%3Crect%20width%3D%272148%27%20height%3D%271841%27%20fill-opacity%3D%220%22%2F%3E%3C%2Fsvg%3E\" data-orig-src=\"https:\/\/www.teatrostabiletorino.it\/wp-content\/uploads\/2019\/10\/24_Happy-days_Oricco_ph-Carlo-Manzato-150x150.jpg\" data-srcset=\"https:\/\/www.teatrostabiletorino.it\/wp-content\/uploads\/2019\/10\/24_Happy-days_Oricco_ph-Carlo-Manzato-66x66.jpg 66w, https:\/\/www.teatrostabiletorino.it\/wp-content\/uploads\/2019\/10\/24_Happy-days_Oricco_ph-Carlo-Manzato-150x150.jpg 150w\" data-sizes=\"auto\" \/><\/a>\n\t\t\t<\/dt>\n\t\t\t\t<dd class='wp-caption-text gallery-caption' id='gallery-2-41696'>\n\t\t\t\tHappy days_Oricco<br>ph Carlo Manzato\n\t\t\t\t<\/dd><\/dl><dl class='gallery-item'>\n\t\t\t<dt class='gallery-icon landscape'>\n\t\t\t\t<a data-rel=\"iLightbox[postimages]\" data-title=\"25_Signorina lei \u00e8 un maschio o una femmina\" data-caption=\"Signorina lei \u00e8 un maschio o una femmina\" href='https:\/\/www.teatrostabiletorino.it\/wp-content\/uploads\/2019\/10\/25_Signorina-lei-\u00e8-un-maschio-o-una-femmina.jpg'><img decoding=\"async\" width=\"150\" height=\"150\" src=\"https:\/\/www.teatrostabiletorino.it\/wp-content\/uploads\/2019\/10\/25_Signorina-lei-\u00e8-un-maschio-o-una-femmina-150x150.jpg\" class=\"attachment-thumbnail size-thumbnail lazyload\" alt=\"\" aria-describedby=\"gallery-2-41697\" srcset=\"data:image\/svg+xml,%3Csvg%20xmlns%3D%27http%3A%2F%2Fwww.w3.org%2F2000%2Fsvg%27%20width%3D%271772%27%20height%3D%271400%27%20viewBox%3D%270%200%201772%201400%27%3E%3Crect%20width%3D%271772%27%20height%3D%271400%27%20fill-opacity%3D%220%22%2F%3E%3C%2Fsvg%3E\" data-orig-src=\"https:\/\/www.teatrostabiletorino.it\/wp-content\/uploads\/2019\/10\/25_Signorina-lei-\u00e8-un-maschio-o-una-femmina-150x150.jpg\" data-srcset=\"https:\/\/www.teatrostabiletorino.it\/wp-content\/uploads\/2019\/10\/25_Signorina-lei-\u00e8-un-maschio-o-una-femmina-66x66.jpg 66w, https:\/\/www.teatrostabiletorino.it\/wp-content\/uploads\/2019\/10\/25_Signorina-lei-\u00e8-un-maschio-o-una-femmina-150x150.jpg 150w\" data-sizes=\"auto\" \/><\/a>\n\t\t\t<\/dt>\n\t\t\t\t<dd class='wp-caption-text gallery-caption' id='gallery-2-41697'>\n\t\t\t\tSignorina lei \u00e8 un maschio o una femmina\n\t\t\t\t<\/dd><\/dl><br style=\"clear: both\" \/><dl class='gallery-item'>\n\t\t\t<dt class='gallery-icon landscape'>\n\t\t\t\t<a data-rel=\"iLightbox[postimages]\" data-title=\"26_Buon appetito\" data-caption=\"Buon appetito\" href='https:\/\/www.teatrostabiletorino.it\/wp-content\/uploads\/2019\/10\/26_Buon-appetito.jpg'><img decoding=\"async\" width=\"150\" height=\"150\" src=\"https:\/\/www.teatrostabiletorino.it\/wp-content\/uploads\/2019\/10\/26_Buon-appetito-150x150.jpg\" class=\"attachment-thumbnail size-thumbnail lazyload\" alt=\"\" aria-describedby=\"gallery-2-41698\" srcset=\"data:image\/svg+xml,%3Csvg%20xmlns%3D%27http%3A%2F%2Fwww.w3.org%2F2000%2Fsvg%27%20width%3D%271440%27%20height%3D%27960%27%20viewBox%3D%270%200%201440%20960%27%3E%3Crect%20width%3D%271440%27%20height%3D%27960%27%20fill-opacity%3D%220%22%2F%3E%3C%2Fsvg%3E\" data-orig-src=\"https:\/\/www.teatrostabiletorino.it\/wp-content\/uploads\/2019\/10\/26_Buon-appetito-150x150.jpg\" data-srcset=\"https:\/\/www.teatrostabiletorino.it\/wp-content\/uploads\/2019\/10\/26_Buon-appetito-66x66.jpg 66w, https:\/\/www.teatrostabiletorino.it\/wp-content\/uploads\/2019\/10\/26_Buon-appetito-150x150.jpg 150w\" data-sizes=\"auto\" \/><\/a>\n\t\t\t<\/dt>\n\t\t\t\t<dd class='wp-caption-text gallery-caption' id='gallery-2-41698'>\n\t\t\t\tBuon appetito\n\t\t\t\t<\/dd><\/dl><dl class='gallery-item'>\n\t\t\t<dt class='gallery-icon landscape'>\n\t\t\t\t<a data-rel=\"iLightbox[postimages]\" data-title=\"27_Con sorte_ph Sophia Bellina\" data-caption=\"Con sorte Sophia Bellina\" href='https:\/\/www.teatrostabiletorino.it\/wp-content\/uploads\/2019\/10\/27_Con-sorte_ph-Sophia-Bellina.jpg'><img decoding=\"async\" width=\"150\" height=\"150\" src=\"https:\/\/www.teatrostabiletorino.it\/wp-content\/uploads\/2019\/10\/27_Con-sorte_ph-Sophia-Bellina-150x150.jpg\" class=\"attachment-thumbnail size-thumbnail lazyload\" alt=\"\" aria-describedby=\"gallery-2-41699\" srcset=\"data:image\/svg+xml,%3Csvg%20xmlns%3D%27http%3A%2F%2Fwww.w3.org%2F2000%2Fsvg%27%20width%3D%272126%27%20height%3D%271417%27%20viewBox%3D%270%200%202126%201417%27%3E%3Crect%20width%3D%272126%27%20height%3D%271417%27%20fill-opacity%3D%220%22%2F%3E%3C%2Fsvg%3E\" data-orig-src=\"https:\/\/www.teatrostabiletorino.it\/wp-content\/uploads\/2019\/10\/27_Con-sorte_ph-Sophia-Bellina-150x150.jpg\" data-srcset=\"https:\/\/www.teatrostabiletorino.it\/wp-content\/uploads\/2019\/10\/27_Con-sorte_ph-Sophia-Bellina-66x66.jpg 66w, https:\/\/www.teatrostabiletorino.it\/wp-content\/uploads\/2019\/10\/27_Con-sorte_ph-Sophia-Bellina-150x150.jpg 150w\" data-sizes=\"auto\" \/><\/a>\n\t\t\t<\/dt>\n\t\t\t\t<dd class='wp-caption-text gallery-caption' id='gallery-2-41699'>\n\t\t\t\tCon sorte<br> Sophia Bellina\n\t\t\t\t<\/dd><\/dl><dl class='gallery-item'>\n\t\t\t<dt class='gallery-icon portrait'>\n\t\t\t\t<a data-rel=\"iLightbox[postimages]\" data-title=\"28_Era meglio nascere topi\" data-caption=\"Era meglio nascere topi\" href='https:\/\/www.teatrostabiletorino.it\/wp-content\/uploads\/2019\/10\/28_Era-meglio-nascere-topi.jpg'><img decoding=\"async\" width=\"150\" height=\"150\" src=\"https:\/\/www.teatrostabiletorino.it\/wp-content\/uploads\/2019\/10\/28_Era-meglio-nascere-topi-150x150.jpg\" class=\"attachment-thumbnail size-thumbnail lazyload\" alt=\"\" aria-describedby=\"gallery-2-41700\" srcset=\"data:image\/svg+xml,%3Csvg%20xmlns%3D%27http%3A%2F%2Fwww.w3.org%2F2000%2Fsvg%27%20width%3D%271572%27%20height%3D%272362%27%20viewBox%3D%270%200%201572%202362%27%3E%3Crect%20width%3D%271572%27%20height%3D%272362%27%20fill-opacity%3D%220%22%2F%3E%3C%2Fsvg%3E\" data-orig-src=\"https:\/\/www.teatrostabiletorino.it\/wp-content\/uploads\/2019\/10\/28_Era-meglio-nascere-topi-150x150.jpg\" data-srcset=\"https:\/\/www.teatrostabiletorino.it\/wp-content\/uploads\/2019\/10\/28_Era-meglio-nascere-topi-66x66.jpg 66w, https:\/\/www.teatrostabiletorino.it\/wp-content\/uploads\/2019\/10\/28_Era-meglio-nascere-topi-150x150.jpg 150w\" data-sizes=\"auto\" \/><\/a>\n\t\t\t<\/dt>\n\t\t\t\t<dd class='wp-caption-text gallery-caption' id='gallery-2-41700'>\n\t\t\t\tEra meglio nascere topi\n\t\t\t\t<\/dd><\/dl><dl class='gallery-item'>\n\t\t\t<dt class='gallery-icon portrait'>\n\t\t\t\t<a data-rel=\"iLightbox[postimages]\" data-title=\"29_Queer Picture Show_immagine Matteo Marini\" data-caption=\"Queer Picture Showph Matteo Marini\" href='https:\/\/www.teatrostabiletorino.it\/wp-content\/uploads\/2019\/10\/29_Queer-Picture-Show_immagine-Matteo-Marini.jpg'><img decoding=\"async\" width=\"150\" height=\"150\" src=\"https:\/\/www.teatrostabiletorino.it\/wp-content\/uploads\/2019\/10\/29_Queer-Picture-Show_immagine-Matteo-Marini-150x150.jpg\" class=\"attachment-thumbnail size-thumbnail lazyload\" alt=\"\" aria-describedby=\"gallery-2-41701\" srcset=\"data:image\/svg+xml,%3Csvg%20xmlns%3D%27http%3A%2F%2Fwww.w3.org%2F2000%2Fsvg%27%20width%3D%272100%27%20height%3D%272126%27%20viewBox%3D%270%200%202100%202126%27%3E%3Crect%20width%3D%272100%27%20height%3D%272126%27%20fill-opacity%3D%220%22%2F%3E%3C%2Fsvg%3E\" data-orig-src=\"https:\/\/www.teatrostabiletorino.it\/wp-content\/uploads\/2019\/10\/29_Queer-Picture-Show_immagine-Matteo-Marini-150x150.jpg\" data-srcset=\"https:\/\/www.teatrostabiletorino.it\/wp-content\/uploads\/2019\/10\/29_Queer-Picture-Show_immagine-Matteo-Marini-66x66.jpg 66w, https:\/\/www.teatrostabiletorino.it\/wp-content\/uploads\/2019\/10\/29_Queer-Picture-Show_immagine-Matteo-Marini-150x150.jpg 150w\" data-sizes=\"auto\" \/><\/a>\n\t\t\t<\/dt>\n\t\t\t\t<dd class='wp-caption-text gallery-caption' id='gallery-2-41701'>\n\t\t\t\tQueer Picture Show<br>ph Matteo Marini\n\t\t\t\t<\/dd><\/dl><dl class='gallery-item'>\n\t\t\t<dt class='gallery-icon landscape'>\n\t\t\t\t<a data-rel=\"iLightbox[postimages]\" data-title=\"30_Il rifugio\" data-caption=\"Il rifugio\" href='https:\/\/www.teatrostabiletorino.it\/wp-content\/uploads\/2019\/10\/30_Il-rifugio.jpg'><img decoding=\"async\" width=\"150\" height=\"150\" src=\"https:\/\/www.teatrostabiletorino.it\/wp-content\/uploads\/2019\/10\/30_Il-rifugio-150x150.jpg\" class=\"attachment-thumbnail size-thumbnail lazyload\" alt=\"\" aria-describedby=\"gallery-2-41702\" srcset=\"data:image\/svg+xml,%3Csvg%20xmlns%3D%27http%3A%2F%2Fwww.w3.org%2F2000%2Fsvg%27%20width%3D%271772%27%20height%3D%271181%27%20viewBox%3D%270%200%201772%201181%27%3E%3Crect%20width%3D%271772%27%20height%3D%271181%27%20fill-opacity%3D%220%22%2F%3E%3C%2Fsvg%3E\" data-orig-src=\"https:\/\/www.teatrostabiletorino.it\/wp-content\/uploads\/2019\/10\/30_Il-rifugio-150x150.jpg\" data-srcset=\"https:\/\/www.teatrostabiletorino.it\/wp-content\/uploads\/2019\/10\/30_Il-rifugio-66x66.jpg 66w, https:\/\/www.teatrostabiletorino.it\/wp-content\/uploads\/2019\/10\/30_Il-rifugio-150x150.jpg 150w\" data-sizes=\"auto\" \/><\/a>\n\t\t\t<\/dt>\n\t\t\t\t<dd class='wp-caption-text gallery-caption' id='gallery-2-41702'>\n\t\t\t\tIl rifugio\n\t\t\t\t<\/dd><\/dl><br style=\"clear: both\" \/><dl class='gallery-item'>\n\t\t\t<dt class='gallery-icon landscape'>\n\t\t\t\t<a data-rel=\"iLightbox[postimages]\" data-title=\"31_Alda &#8211; Milvia Marigliano &#8211; ph Bepi Caroli\" data-caption=\"Alda_Milvia Mariglianoph Bepi Caroli\" href='https:\/\/www.teatrostabiletorino.it\/wp-content\/uploads\/2019\/10\/31_Alda-Milvia-Marigliano-ph-Bepi-Caroli.jpg'><img decoding=\"async\" width=\"150\" height=\"150\" src=\"https:\/\/www.teatrostabiletorino.it\/wp-content\/uploads\/2019\/10\/31_Alda-Milvia-Marigliano-ph-Bepi-Caroli-150x150.jpg\" class=\"attachment-thumbnail size-thumbnail lazyload\" alt=\"\" aria-describedby=\"gallery-2-41703\" srcset=\"data:image\/svg+xml,%3Csvg%20xmlns%3D%27http%3A%2F%2Fwww.w3.org%2F2000%2Fsvg%27%20width%3D%272126%27%20height%3D%271241%27%20viewBox%3D%270%200%202126%201241%27%3E%3Crect%20width%3D%272126%27%20height%3D%271241%27%20fill-opacity%3D%220%22%2F%3E%3C%2Fsvg%3E\" data-orig-src=\"https:\/\/www.teatrostabiletorino.it\/wp-content\/uploads\/2019\/10\/31_Alda-Milvia-Marigliano-ph-Bepi-Caroli-150x150.jpg\" data-srcset=\"https:\/\/www.teatrostabiletorino.it\/wp-content\/uploads\/2019\/10\/31_Alda-Milvia-Marigliano-ph-Bepi-Caroli-66x66.jpg 66w, https:\/\/www.teatrostabiletorino.it\/wp-content\/uploads\/2019\/10\/31_Alda-Milvia-Marigliano-ph-Bepi-Caroli-150x150.jpg 150w\" data-sizes=\"auto\" \/><\/a>\n\t\t\t<\/dt>\n\t\t\t\t<dd class='wp-caption-text gallery-caption' id='gallery-2-41703'>\n\t\t\t\tAlda_Milvia Marigliano<br>ph Bepi Caroli\n\t\t\t\t<\/dd><\/dl><dl class='gallery-item'>\n\t\t\t<dt class='gallery-icon landscape'>\n\t\t\t\t<a data-rel=\"iLightbox[postimages]\" data-title=\"32_La Bancarotta\" data-caption=\"La Bancarotta\" href='https:\/\/www.teatrostabiletorino.it\/wp-content\/uploads\/2019\/10\/32_La-Bancarotta.jpg'><img decoding=\"async\" width=\"150\" height=\"150\" src=\"https:\/\/www.teatrostabiletorino.it\/wp-content\/uploads\/2019\/10\/32_La-Bancarotta-150x150.jpg\" class=\"attachment-thumbnail size-thumbnail lazyload\" alt=\"\" aria-describedby=\"gallery-2-41704\" srcset=\"data:image\/svg+xml,%3Csvg%20xmlns%3D%27http%3A%2F%2Fwww.w3.org%2F2000%2Fsvg%27%20width%3D%272126%27%20height%3D%271414%27%20viewBox%3D%270%200%202126%201414%27%3E%3Crect%20width%3D%272126%27%20height%3D%271414%27%20fill-opacity%3D%220%22%2F%3E%3C%2Fsvg%3E\" data-orig-src=\"https:\/\/www.teatrostabiletorino.it\/wp-content\/uploads\/2019\/10\/32_La-Bancarotta-150x150.jpg\" data-srcset=\"https:\/\/www.teatrostabiletorino.it\/wp-content\/uploads\/2019\/10\/32_La-Bancarotta-66x66.jpg 66w, https:\/\/www.teatrostabiletorino.it\/wp-content\/uploads\/2019\/10\/32_La-Bancarotta-150x150.jpg 150w\" data-sizes=\"auto\" \/><\/a>\n\t\t\t<\/dt>\n\t\t\t\t<dd class='wp-caption-text gallery-caption' id='gallery-2-41704'>\n\t\t\t\tLa Bancarotta\n\t\t\t\t<\/dd><\/dl><dl class='gallery-item'>\n\t\t\t<dt class='gallery-icon landscape'>\n\t\t\t\t<a data-rel=\"iLightbox[postimages]\" data-title=\"33_Macbettu_ph Alessandro Serra\" data-caption=\"Macbettuph Alessandro Serra\" href='https:\/\/www.teatrostabiletorino.it\/wp-content\/uploads\/2019\/10\/33_Macbettu_ph-Alessandro-Serra.jpg'><img decoding=\"async\" width=\"150\" height=\"150\" src=\"https:\/\/www.teatrostabiletorino.it\/wp-content\/uploads\/2019\/10\/33_Macbettu_ph-Alessandro-Serra-150x150.jpg\" class=\"attachment-thumbnail size-thumbnail lazyload\" alt=\"\" aria-describedby=\"gallery-2-41705\" srcset=\"data:image\/svg+xml,%3Csvg%20xmlns%3D%27http%3A%2F%2Fwww.w3.org%2F2000%2Fsvg%27%20width%3D%271772%27%20height%3D%27997%27%20viewBox%3D%270%200%201772%20997%27%3E%3Crect%20width%3D%271772%27%20height%3D%27997%27%20fill-opacity%3D%220%22%2F%3E%3C%2Fsvg%3E\" data-orig-src=\"https:\/\/www.teatrostabiletorino.it\/wp-content\/uploads\/2019\/10\/33_Macbettu_ph-Alessandro-Serra-150x150.jpg\" data-srcset=\"https:\/\/www.teatrostabiletorino.it\/wp-content\/uploads\/2019\/10\/33_Macbettu_ph-Alessandro-Serra-66x66.jpg 66w, https:\/\/www.teatrostabiletorino.it\/wp-content\/uploads\/2019\/10\/33_Macbettu_ph-Alessandro-Serra-150x150.jpg 150w\" data-sizes=\"auto\" \/><\/a>\n\t\t\t<\/dt>\n\t\t\t\t<dd class='wp-caption-text gallery-caption' id='gallery-2-41705'>\n\t\t\t\tMacbettu<br>ph Alessandro Serra\n\t\t\t\t<\/dd><\/dl><dl class='gallery-item'>\n\t\t\t<dt class='gallery-icon landscape'>\n\t\t\t\t<a data-rel=\"iLightbox[postimages]\" data-title=\"Dio ride_Moni Ovadia\" data-caption=\"Dio ride_Moni Ovadia ph Favretto\" href='https:\/\/www.teatrostabiletorino.it\/wp-content\/uploads\/2019\/10\/34_Dio-ride-Nish-Koshe_ph-Umberto-Favretto.jpg'><img decoding=\"async\" width=\"150\" height=\"150\" src=\"https:\/\/www.teatrostabiletorino.it\/wp-content\/uploads\/2019\/10\/34_Dio-ride-Nish-Koshe_ph-Umberto-Favretto-150x150.jpg\" class=\"attachment-thumbnail size-thumbnail lazyload\" alt=\"\" aria-describedby=\"gallery-2-41706\" srcset=\"data:image\/svg+xml,%3Csvg%20xmlns%3D%27http%3A%2F%2Fwww.w3.org%2F2000%2Fsvg%27%20width%3D%273543%27%20height%3D%272362%27%20viewBox%3D%270%200%203543%202362%27%3E%3Crect%20width%3D%273543%27%20height%3D%272362%27%20fill-opacity%3D%220%22%2F%3E%3C%2Fsvg%3E\" data-orig-src=\"https:\/\/www.teatrostabiletorino.it\/wp-content\/uploads\/2019\/10\/34_Dio-ride-Nish-Koshe_ph-Umberto-Favretto-150x150.jpg\" data-srcset=\"https:\/\/www.teatrostabiletorino.it\/wp-content\/uploads\/2019\/10\/34_Dio-ride-Nish-Koshe_ph-Umberto-Favretto-66x66.jpg 66w, https:\/\/www.teatrostabiletorino.it\/wp-content\/uploads\/2019\/10\/34_Dio-ride-Nish-Koshe_ph-Umberto-Favretto-150x150.jpg 150w\" data-sizes=\"auto\" \/><\/a>\n\t\t\t<\/dt>\n\t\t\t\t<dd class='wp-caption-text gallery-caption' id='gallery-2-41706'>\n\t\t\t\tDio ride_Moni Ovadia <br>ph Favretto\n\t\t\t\t<\/dd><\/dl><dl class='gallery-item'>\n\t\t\t<dt class='gallery-icon landscape'>\n\t\t\t\t<a data-rel=\"iLightbox[postimages]\" data-title=\"35_Skianto_ph Sebastiano Mauri\" data-caption=\"Skiantoph Sebastiano Mauri\" href='https:\/\/www.teatrostabiletorino.it\/wp-content\/uploads\/2019\/10\/35_Skianto_ph-Sebastiano-Mauri.jpg'><img decoding=\"async\" width=\"150\" height=\"150\" src=\"https:\/\/www.teatrostabiletorino.it\/wp-content\/uploads\/2019\/10\/35_Skianto_ph-Sebastiano-Mauri-150x150.jpg\" class=\"attachment-thumbnail size-thumbnail lazyload\" alt=\"\" aria-describedby=\"gallery-2-41707\" srcset=\"data:image\/svg+xml,%3Csvg%20xmlns%3D%27http%3A%2F%2Fwww.w3.org%2F2000%2Fsvg%27%20width%3D%271890%27%20height%3D%271260%27%20viewBox%3D%270%200%201890%201260%27%3E%3Crect%20width%3D%271890%27%20height%3D%271260%27%20fill-opacity%3D%220%22%2F%3E%3C%2Fsvg%3E\" data-orig-src=\"https:\/\/www.teatrostabiletorino.it\/wp-content\/uploads\/2019\/10\/35_Skianto_ph-Sebastiano-Mauri-150x150.jpg\" data-srcset=\"https:\/\/www.teatrostabiletorino.it\/wp-content\/uploads\/2019\/10\/35_Skianto_ph-Sebastiano-Mauri-66x66.jpg 66w, https:\/\/www.teatrostabiletorino.it\/wp-content\/uploads\/2019\/10\/35_Skianto_ph-Sebastiano-Mauri-150x150.jpg 150w\" data-sizes=\"auto\" \/><\/a>\n\t\t\t<\/dt>\n\t\t\t\t<dd class='wp-caption-text gallery-caption' id='gallery-2-41707'>\n\t\t\t\tSkianto<br>ph Sebastiano Mauri\n\t\t\t\t<\/dd><\/dl><br style=\"clear: both\" \/><dl class='gallery-item'>\n\t\t\t<dt class='gallery-icon landscape'>\n\t\t\t\t<a data-rel=\"iLightbox[postimages]\" data-title=\"36_Revisor_ph Michael-Slobodian\" data-caption=\"Revisorph Michael Slobodian\" href='https:\/\/www.teatrostabiletorino.it\/wp-content\/uploads\/2019\/10\/36_Revisor_ph-Michael-Slobodian.jpg'><img decoding=\"async\" width=\"150\" height=\"150\" src=\"https:\/\/www.teatrostabiletorino.it\/wp-content\/uploads\/2019\/10\/36_Revisor_ph-Michael-Slobodian-150x150.jpg\" class=\"attachment-thumbnail size-thumbnail lazyload\" alt=\"\" aria-describedby=\"gallery-2-41708\" srcset=\"data:image\/svg+xml,%3Csvg%20xmlns%3D%27http%3A%2F%2Fwww.w3.org%2F2000%2Fsvg%27%20width%3D%271890%27%20height%3D%271260%27%20viewBox%3D%270%200%201890%201260%27%3E%3Crect%20width%3D%271890%27%20height%3D%271260%27%20fill-opacity%3D%220%22%2F%3E%3C%2Fsvg%3E\" data-orig-src=\"https:\/\/www.teatrostabiletorino.it\/wp-content\/uploads\/2019\/10\/36_Revisor_ph-Michael-Slobodian-150x150.jpg\" data-srcset=\"https:\/\/www.teatrostabiletorino.it\/wp-content\/uploads\/2019\/10\/36_Revisor_ph-Michael-Slobodian-66x66.jpg 66w, https:\/\/www.teatrostabiletorino.it\/wp-content\/uploads\/2019\/10\/36_Revisor_ph-Michael-Slobodian-150x150.jpg 150w\" data-sizes=\"auto\" \/><\/a>\n\t\t\t<\/dt>\n\t\t\t\t<dd class='wp-caption-text gallery-caption' id='gallery-2-41708'>\n\t\t\t\tRevisor<br>ph Michael Slobodian\n\t\t\t\t<\/dd><\/dl><dl class='gallery-item'>\n\t\t\t<dt class='gallery-icon landscape'>\n\t\t\t\t<a data-rel=\"iLightbox[postimages]\" data-title=\"37_Why_Peter Brook_ph J\u00e9rome Bonnet\" data-caption=\"Why_Peter Brookph J\u00e9rome Bonnet\" href='https:\/\/www.teatrostabiletorino.it\/wp-content\/uploads\/2019\/10\/37_Why_Peter-Brook_ph-J\u00e9rome-Bonnet.jpg'><img decoding=\"async\" width=\"150\" height=\"150\" src=\"https:\/\/www.teatrostabiletorino.it\/wp-content\/uploads\/2019\/10\/37_Why_Peter-Brook_ph-J\u00e9rome-Bonnet-150x150.jpg\" class=\"attachment-thumbnail size-thumbnail lazyload\" alt=\"\" aria-describedby=\"gallery-2-41709\" srcset=\"data:image\/svg+xml,%3Csvg%20xmlns%3D%27http%3A%2F%2Fwww.w3.org%2F2000%2Fsvg%27%20width%3D%271890%27%20height%3D%271509%27%20viewBox%3D%270%200%201890%201509%27%3E%3Crect%20width%3D%271890%27%20height%3D%271509%27%20fill-opacity%3D%220%22%2F%3E%3C%2Fsvg%3E\" data-orig-src=\"https:\/\/www.teatrostabiletorino.it\/wp-content\/uploads\/2019\/10\/37_Why_Peter-Brook_ph-J\u00e9rome-Bonnet-150x150.jpg\" data-srcset=\"https:\/\/www.teatrostabiletorino.it\/wp-content\/uploads\/2019\/10\/37_Why_Peter-Brook_ph-J\u00e9rome-Bonnet-66x66.jpg 66w, https:\/\/www.teatrostabiletorino.it\/wp-content\/uploads\/2019\/10\/37_Why_Peter-Brook_ph-J\u00e9rome-Bonnet-150x150.jpg 150w\" data-sizes=\"auto\" \/><\/a>\n\t\t\t<\/dt>\n\t\t\t\t<dd class='wp-caption-text gallery-caption' id='gallery-2-41709'>\n\t\t\t\tWhy_Peter Brook<br>ph J\u00e9rome Bonnet\n\t\t\t\t<\/dd><\/dl>\n\t\t\t<br style='clear: both' \/>\n\t\t<\/div>\n<\/p>","protected":false},"excerpt":{"rendered":"<p>Sorry, this entry is only available in Italiano.La nuova Stagione del Teatro Stabile di Torino <a href=\"https:\/\/www.teatrostabiletorino.it\/en\/teatro-stabile-torino-teatro-nazionale-stagione-2019-2020-2\/\"> [+]<\/a><\/p>\n","protected":false},"author":2,"featured_media":40975,"comment_status":"closed","ping_status":"closed","sticky":false,"template":"","format":"standard","meta":{"_acf_changed":false,"footnotes":""},"categories":[103],"tags":[],"acf":[],"_links":{"self":[{"href":"https:\/\/www.teatrostabiletorino.it\/en\/wp-json\/wp\/v2\/posts\/41646"}],"collection":[{"href":"https:\/\/www.teatrostabiletorino.it\/en\/wp-json\/wp\/v2\/posts"}],"about":[{"href":"https:\/\/www.teatrostabiletorino.it\/en\/wp-json\/wp\/v2\/types\/post"}],"author":[{"embeddable":true,"href":"https:\/\/www.teatrostabiletorino.it\/en\/wp-json\/wp\/v2\/users\/2"}],"replies":[{"embeddable":true,"href":"https:\/\/www.teatrostabiletorino.it\/en\/wp-json\/wp\/v2\/comments?post=41646"}],"version-history":[{"count":0,"href":"https:\/\/www.teatrostabiletorino.it\/en\/wp-json\/wp\/v2\/posts\/41646\/revisions"}],"wp:featuredmedia":[{"embeddable":true,"href":"https:\/\/www.teatrostabiletorino.it\/en\/wp-json\/wp\/v2\/media\/40975"}],"wp:attachment":[{"href":"https:\/\/www.teatrostabiletorino.it\/en\/wp-json\/wp\/v2\/media?parent=41646"}],"wp:term":[{"taxonomy":"category","embeddable":true,"href":"https:\/\/www.teatrostabiletorino.it\/en\/wp-json\/wp\/v2\/categories?post=41646"},{"taxonomy":"post_tag","embeddable":true,"href":"https:\/\/www.teatrostabiletorino.it\/en\/wp-json\/wp\/v2\/tags?post=41646"}],"curies":[{"name":"wp","href":"https:\/\/api.w.org\/{rel}","templated":true}]}}