{"id":42116,"date":"2019-10-29T10:04:05","date_gmt":"2019-10-29T09:04:05","guid":{"rendered":"https:\/\/www.teatrostabiletorino.it\/?p=42116"},"modified":"2019-10-29T10:04:05","modified_gmt":"2019-10-29T09:04:05","slug":"natalino-balasso-apre-la-stagione-del-teatro-stabile-alle-fonderie-limone-di-moncalieri-con-lo-spettacolo-la-bancarotta-di-vitaliano-trevisan-da-la-bancarotta-di-carlo-goldoni-con-l","status":"publish","type":"post","link":"https:\/\/www.teatrostabiletorino.it\/en\/natalino-balasso-apre-la-stagione-del-teatro-stabile-alle-fonderie-limone-di-moncalieri-con-lo-spettacolo-la-bancarotta-di-vitaliano-trevisan-da-la-bancarotta-di-carlo-goldoni-con-l\/","title":{"rendered":"NATALINO BALASSO APRE LA STAGIONE DEL TEATRO STABILE ALLE FONDERIE LIMONE DI MONCALIERI CON LO SPETTACOLO \u201cLA BANCAROTTA\u201d DI VITALIANO TREVISAN DA LA BANCAROTTA DI CARLO GOLDONI, CON LA REGIA SERENA SINIGAGLIA"},"content":{"rendered":"<p class=\"qtranxs-available-languages-message qtranxs-available-languages-message-en\">Sorry, this entry is only available in <a href=\"https:\/\/www.teatrostabiletorino.it\/it\/wp-json\/wp\/v2\/posts\/42116\" class=\"qtranxs-available-language-link qtranxs-available-language-link-it\" title=\"Italiano\">Italiano<\/a>.<\/p><p>Alle Fonderie Limone di Moncalieri, marted\u00ec 5 novembre 2019, alle ore 20.45, debutta <strong>LA BANCAROTTA<\/strong> di <strong>Vitaliano Trevisan<\/strong> da <em>La Bancarotta<\/em> di <strong>Carlo Goldoni<\/strong>, con la regia <strong>Serena Sinigaglia<\/strong>, le scene e i costumi di <strong>Maria Paola Di Francesco<\/strong>, luci e suono di <strong>Roberta Faiolo<\/strong>. In scena <strong>Natalino Balasso<\/strong> (nel ruolo di Pantalone) insieme a <strong>Fulvio Falzarano, Massimo Verdastro, Marta Dalla Via, Denis Fasolo, Carla Manzon, Celeste Gugliandolo, Raffaele Musella, Giuseppe Aceto<\/strong>.<br \/>\nLo spettacolo, prodotto dal Teatro Stabile Di Bolzano, rester\u00e0 in scena alle Fonderie Limone per la Stagione in Abbonamento del Teatro Stabile di Torino \u2013 Teatro Nazionale, fino a domenica 10 novembre.<\/p>\n<p><em>Vitaliano Trevisan riscrive con implacabile sarcasmo un testo poco frequentato di Goldoni: una caustica, irridente rappresentazione dell\u2019Italia di oggi. Natalino Balasso guida un cast corale diretto da Serena Sinigaglia.<\/em><\/p>\n<p>Con il suo stile pungente e sincopato, implacabile e sarcastico, lo scrittore e drammaturgo vicentino Vitaliano Trevisan riscrive La bancarotta di Carlo Goldoni in cui si sbeffeggia Pantalone finito in miseria. Le disgrazie finanziarie che affliggono il poveretto non sono solo il frutto di errori e debolezze, ma sono il risultato simbolico e paradigmatico di una pi\u00f9 vasta disgregazione di valori della societ\u00e0 della sua epoca. Il fallimento del mercante \u00e8 calato tra i problemi del Bel Paese di oggi, cos\u00ec la dissolutezza<br \/>\ndel Settecento veneziano si amplifica nell\u2019Italia degli anni Duemila.<br \/>\nIn questa deriva amorale la satira \u00e8 pi\u00f9 spietata e al tempo stesso pi\u00f9 comica del solito. L\u2019opera segna per Goldoni la svolta dai canovacci della Commedia dell\u2019Arte a un\u2019idea di testo pi\u00f9 determinato ed esteso, evoluto rispetto alla prassi del recitare a soggetto.<br \/>\n\u00abQuesto testo &#8211; dichiara Balasso &#8211; non asseconda affatto la garbatezza goldoniana nel trattare un tema delicato, ma affonda il coltello e diventa ruvido con l\u2019immediatezza che sempre ammiro in Trevisan\u00bb.<br \/>\nUn testo necessario, soprattutto all\u2019apice della crisi economica che ha sconvolto il mondo del lavoro e dell\u2019imprenditoria nel Nordest.<\/p>\n<p><a href=\"http:\/\/www.teatrostabiletorino.it\/wp-content\/uploads\/2019\/10\/01_CS-La-bancarotta.pdf\" target=\"_blank\" rel=\"noopener\">01_CS La bancarotta<\/a><\/p>\n<p><a href=\"http:\/\/www.teatrostabiletorino.it\/wp-content\/uploads\/2019\/10\/02_scheda-a-cura-della-Compagnia-1.pdf\" target=\"_blank\" rel=\"noopener\">02_scheda a cura della Compagnia<\/a><\/p>\n<p>&nbsp;<\/p>\n\n\t\t<style type=\"text\/css\">\n\t\t\t#gallery-1 {\n\t\t\t\tmargin: auto;\n\t\t\t}\n\t\t\t#gallery-1 .gallery-item {\n\t\t\t\tfloat: left;\n\t\t\t\tmargin-top: 10px;\n\t\t\t\ttext-align: center;\n\t\t\t\twidth: 20%;\n\t\t\t}\n\t\t\t#gallery-1 img {\n\t\t\t\tborder: 2px solid #cfcfcf;\n\t\t\t}\n\t\t\t#gallery-1 .gallery-caption {\n\t\t\t\tmargin-left: 0;\n\t\t\t}\n\t\t\t\/* see gallery_shortcode() in wp-includes\/media.php *\/\n\t\t<\/style>\n\t\t<div id='gallery-1' class='gallery galleryid-42116 gallery-columns-5 gallery-size-thumbnail'><dl class='gallery-item'>\n\t\t\t<dt class='gallery-icon landscape'>\n\t\t\t\t<a data-rel=\"iLightbox[postimages]\" data-title=\"DSC_5050_balasso\" data-caption=\"Natalino Balassoph Tommaso Le Pera\" href='https:\/\/www.teatrostabiletorino.it\/wp-content\/uploads\/2019\/10\/DSC_5050_balasso.jpg'><img decoding=\"async\" width=\"150\" height=\"150\" src=\"https:\/\/www.teatrostabiletorino.it\/wp-content\/uploads\/2019\/10\/DSC_5050_balasso-150x150.jpg\" class=\"attachment-thumbnail size-thumbnail lazyload\" alt=\"\" aria-describedby=\"gallery-1-42119\" srcset=\"data:image\/svg+xml,%3Csvg%20xmlns%3D%27http%3A%2F%2Fwww.w3.org%2F2000%2Fsvg%27%20width%3D%272126%27%20height%3D%271415%27%20viewBox%3D%270%200%202126%201415%27%3E%3Crect%20width%3D%272126%27%20height%3D%271415%27%20fill-opacity%3D%220%22%2F%3E%3C%2Fsvg%3E\" data-orig-src=\"https:\/\/www.teatrostabiletorino.it\/wp-content\/uploads\/2019\/10\/DSC_5050_balasso-150x150.jpg\" data-srcset=\"https:\/\/www.teatrostabiletorino.it\/wp-content\/uploads\/2019\/10\/DSC_5050_balasso-66x66.jpg 66w, https:\/\/www.teatrostabiletorino.it\/wp-content\/uploads\/2019\/10\/DSC_5050_balasso-150x150.jpg 150w\" data-sizes=\"auto\" \/><\/a>\n\t\t\t<\/dt>\n\t\t\t\t<dd class='wp-caption-text gallery-caption' id='gallery-1-42119'>\n\t\t\t\tNatalino Balasso<br>ph Tommaso Le Pera\n\t\t\t\t<\/dd><\/dl><dl class='gallery-item'>\n\t\t\t<dt class='gallery-icon landscape'>\n\t\t\t\t<a data-rel=\"iLightbox[postimages]\" data-title=\"DSC_5199_verdastro_aceto_balasso_falzarano\" data-caption=\"Verdastro_Aceto_Balasso_Falzaranoph Tommaso Le Pera\" href='https:\/\/www.teatrostabiletorino.it\/wp-content\/uploads\/2019\/10\/DSC_5199_verdastro_aceto_balasso_falzarano.jpg'><img decoding=\"async\" width=\"150\" height=\"150\" src=\"https:\/\/www.teatrostabiletorino.it\/wp-content\/uploads\/2019\/10\/DSC_5199_verdastro_aceto_balasso_falzarano-150x150.jpg\" class=\"attachment-thumbnail size-thumbnail lazyload\" alt=\"\" aria-describedby=\"gallery-1-42120\" srcset=\"data:image\/svg+xml,%3Csvg%20xmlns%3D%27http%3A%2F%2Fwww.w3.org%2F2000%2Fsvg%27%20width%3D%271701%27%20height%3D%271132%27%20viewBox%3D%270%200%201701%201132%27%3E%3Crect%20width%3D%271701%27%20height%3D%271132%27%20fill-opacity%3D%220%22%2F%3E%3C%2Fsvg%3E\" data-orig-src=\"https:\/\/www.teatrostabiletorino.it\/wp-content\/uploads\/2019\/10\/DSC_5199_verdastro_aceto_balasso_falzarano-150x150.jpg\" data-srcset=\"https:\/\/www.teatrostabiletorino.it\/wp-content\/uploads\/2019\/10\/DSC_5199_verdastro_aceto_balasso_falzarano-66x66.jpg 66w, https:\/\/www.teatrostabiletorino.it\/wp-content\/uploads\/2019\/10\/DSC_5199_verdastro_aceto_balasso_falzarano-150x150.jpg 150w\" data-sizes=\"auto\" \/><\/a>\n\t\t\t<\/dt>\n\t\t\t\t<dd class='wp-caption-text gallery-caption' id='gallery-1-42120'>\n\t\t\t\tVerdastro_Aceto_Balasso_Falzarano<br>ph Tommaso Le Pera\n\t\t\t\t<\/dd><\/dl><dl class='gallery-item'>\n\t\t\t<dt class='gallery-icon landscape'>\n\t\t\t\t<a data-rel=\"iLightbox[postimages]\" data-title=\"DSC_5221_verdastro_balasso\" data-caption=\"Verdastro_Balassoph Tommaso Le Pera\" href='https:\/\/www.teatrostabiletorino.it\/wp-content\/uploads\/2019\/10\/DSC_5221_verdastro_balasso.jpg'><img decoding=\"async\" width=\"150\" height=\"150\" src=\"https:\/\/www.teatrostabiletorino.it\/wp-content\/uploads\/2019\/10\/DSC_5221_verdastro_balasso-150x150.jpg\" class=\"attachment-thumbnail size-thumbnail lazyload\" alt=\"\" aria-describedby=\"gallery-1-42121\" srcset=\"data:image\/svg+xml,%3Csvg%20xmlns%3D%27http%3A%2F%2Fwww.w3.org%2F2000%2Fsvg%27%20width%3D%272126%27%20height%3D%271415%27%20viewBox%3D%270%200%202126%201415%27%3E%3Crect%20width%3D%272126%27%20height%3D%271415%27%20fill-opacity%3D%220%22%2F%3E%3C%2Fsvg%3E\" data-orig-src=\"https:\/\/www.teatrostabiletorino.it\/wp-content\/uploads\/2019\/10\/DSC_5221_verdastro_balasso-150x150.jpg\" data-srcset=\"https:\/\/www.teatrostabiletorino.it\/wp-content\/uploads\/2019\/10\/DSC_5221_verdastro_balasso-66x66.jpg 66w, https:\/\/www.teatrostabiletorino.it\/wp-content\/uploads\/2019\/10\/DSC_5221_verdastro_balasso-150x150.jpg 150w\" data-sizes=\"auto\" \/><\/a>\n\t\t\t<\/dt>\n\t\t\t\t<dd class='wp-caption-text gallery-caption' id='gallery-1-42121'>\n\t\t\t\tVerdastro_Balasso<br>ph Tommaso Le Pera\n\t\t\t\t<\/dd><\/dl><dl class='gallery-item'>\n\t\t\t<dt class='gallery-icon landscape'>\n\t\t\t\t<a data-rel=\"iLightbox[postimages]\" data-title=\"DSC_5778_balasso_fasolo\" data-caption=\"Balasso_Fasoloph Tommaso Le Pera\" href='https:\/\/www.teatrostabiletorino.it\/wp-content\/uploads\/2019\/10\/DSC_5778_balasso_fasolo.jpg'><img decoding=\"async\" width=\"150\" height=\"150\" src=\"https:\/\/www.teatrostabiletorino.it\/wp-content\/uploads\/2019\/10\/DSC_5778_balasso_fasolo-150x150.jpg\" class=\"attachment-thumbnail size-thumbnail lazyload\" alt=\"\" aria-describedby=\"gallery-1-42122\" srcset=\"data:image\/svg+xml,%3Csvg%20xmlns%3D%27http%3A%2F%2Fwww.w3.org%2F2000%2Fsvg%27%20width%3D%272126%27%20height%3D%271415%27%20viewBox%3D%270%200%202126%201415%27%3E%3Crect%20width%3D%272126%27%20height%3D%271415%27%20fill-opacity%3D%220%22%2F%3E%3C%2Fsvg%3E\" data-orig-src=\"https:\/\/www.teatrostabiletorino.it\/wp-content\/uploads\/2019\/10\/DSC_5778_balasso_fasolo-150x150.jpg\" data-srcset=\"https:\/\/www.teatrostabiletorino.it\/wp-content\/uploads\/2019\/10\/DSC_5778_balasso_fasolo-66x66.jpg 66w, https:\/\/www.teatrostabiletorino.it\/wp-content\/uploads\/2019\/10\/DSC_5778_balasso_fasolo-150x150.jpg 150w\" data-sizes=\"auto\" \/><\/a>\n\t\t\t<\/dt>\n\t\t\t\t<dd class='wp-caption-text gallery-caption' id='gallery-1-42122'>\n\t\t\t\tBalasso_Fasolo<br>ph Tommaso Le Pera\n\t\t\t\t<\/dd><\/dl><dl class='gallery-item'>\n\t\t\t<dt class='gallery-icon landscape'>\n\t\t\t\t<a data-rel=\"iLightbox[postimages]\" data-title=\"DSC_5812_balasso_fasolo_falzarano_aceto_dallvia_musella\" data-caption=\"Balasso_Fasolo_Falzarano_Aceto_Dalla Via_Musellaph Tommaso Le Pera\" href='https:\/\/www.teatrostabiletorino.it\/wp-content\/uploads\/2019\/10\/DSC_5812_balasso_fasolo_falzarano_aceto_dallvia_musella.jpg'><img decoding=\"async\" width=\"150\" height=\"150\" src=\"https:\/\/www.teatrostabiletorino.it\/wp-content\/uploads\/2019\/10\/DSC_5812_balasso_fasolo_falzarano_aceto_dallvia_musella-150x150.jpg\" class=\"attachment-thumbnail size-thumbnail lazyload\" alt=\"\" aria-describedby=\"gallery-1-42123\" srcset=\"data:image\/svg+xml,%3Csvg%20xmlns%3D%27http%3A%2F%2Fwww.w3.org%2F2000%2Fsvg%27%20width%3D%272126%27%20height%3D%271415%27%20viewBox%3D%270%200%202126%201415%27%3E%3Crect%20width%3D%272126%27%20height%3D%271415%27%20fill-opacity%3D%220%22%2F%3E%3C%2Fsvg%3E\" data-orig-src=\"https:\/\/www.teatrostabiletorino.it\/wp-content\/uploads\/2019\/10\/DSC_5812_balasso_fasolo_falzarano_aceto_dallvia_musella-150x150.jpg\" data-srcset=\"https:\/\/www.teatrostabiletorino.it\/wp-content\/uploads\/2019\/10\/DSC_5812_balasso_fasolo_falzarano_aceto_dallvia_musella-66x66.jpg 66w, https:\/\/www.teatrostabiletorino.it\/wp-content\/uploads\/2019\/10\/DSC_5812_balasso_fasolo_falzarano_aceto_dallvia_musella-150x150.jpg 150w\" data-sizes=\"auto\" \/><\/a>\n\t\t\t<\/dt>\n\t\t\t\t<dd class='wp-caption-text gallery-caption' id='gallery-1-42123'>\n\t\t\t\tBalasso_Fasolo_Falzarano_Aceto_Dalla Via_Musella<br>ph Tommaso Le Pera\n\t\t\t\t<\/dd><\/dl><br style=\"clear: both\" \/><dl class='gallery-item'>\n\t\t\t<dt class='gallery-icon landscape'>\n\t\t\t\t<a data-rel=\"iLightbox[postimages]\" data-title=\"DSC_5976_balasso_gugliandolo_falzarano\" data-caption=\"Balasso_Gugliandolo_Falzaranoph Tommaso Le Pera\" href='https:\/\/www.teatrostabiletorino.it\/wp-content\/uploads\/2019\/10\/DSC_5976_balasso_gugliandolo_falzarano.jpg'><img decoding=\"async\" width=\"150\" height=\"150\" src=\"https:\/\/www.teatrostabiletorino.it\/wp-content\/uploads\/2019\/10\/DSC_5976_balasso_gugliandolo_falzarano-150x150.jpg\" class=\"attachment-thumbnail size-thumbnail lazyload\" alt=\"\" aria-describedby=\"gallery-1-42124\" srcset=\"data:image\/svg+xml,%3Csvg%20xmlns%3D%27http%3A%2F%2Fwww.w3.org%2F2000%2Fsvg%27%20width%3D%272126%27%20height%3D%271415%27%20viewBox%3D%270%200%202126%201415%27%3E%3Crect%20width%3D%272126%27%20height%3D%271415%27%20fill-opacity%3D%220%22%2F%3E%3C%2Fsvg%3E\" data-orig-src=\"https:\/\/www.teatrostabiletorino.it\/wp-content\/uploads\/2019\/10\/DSC_5976_balasso_gugliandolo_falzarano-150x150.jpg\" data-srcset=\"https:\/\/www.teatrostabiletorino.it\/wp-content\/uploads\/2019\/10\/DSC_5976_balasso_gugliandolo_falzarano-66x66.jpg 66w, https:\/\/www.teatrostabiletorino.it\/wp-content\/uploads\/2019\/10\/DSC_5976_balasso_gugliandolo_falzarano-150x150.jpg 150w\" data-sizes=\"auto\" \/><\/a>\n\t\t\t<\/dt>\n\t\t\t\t<dd class='wp-caption-text gallery-caption' id='gallery-1-42124'>\n\t\t\t\tBalasso_Gugliandolo_Falzarano<br>ph Tommaso Le Pera\n\t\t\t\t<\/dd><\/dl><dl class='gallery-item'>\n\t\t\t<dt class='gallery-icon landscape'>\n\t\t\t\t<a data-rel=\"iLightbox[postimages]\" data-title=\"DSC_6250_balasso_verdastro_dallavia\" data-caption=\"Balasso_Verdastro_Dalla Viaph Tommaso Le Pera\" href='https:\/\/www.teatrostabiletorino.it\/wp-content\/uploads\/2019\/10\/DSC_6250_balasso_verdastro_dallavia.jpg'><img decoding=\"async\" width=\"150\" height=\"150\" src=\"https:\/\/www.teatrostabiletorino.it\/wp-content\/uploads\/2019\/10\/DSC_6250_balasso_verdastro_dallavia-150x150.jpg\" class=\"attachment-thumbnail size-thumbnail lazyload\" alt=\"\" aria-describedby=\"gallery-1-42125\" srcset=\"data:image\/svg+xml,%3Csvg%20xmlns%3D%27http%3A%2F%2Fwww.w3.org%2F2000%2Fsvg%27%20width%3D%272126%27%20height%3D%271415%27%20viewBox%3D%270%200%202126%201415%27%3E%3Crect%20width%3D%272126%27%20height%3D%271415%27%20fill-opacity%3D%220%22%2F%3E%3C%2Fsvg%3E\" data-orig-src=\"https:\/\/www.teatrostabiletorino.it\/wp-content\/uploads\/2019\/10\/DSC_6250_balasso_verdastro_dallavia-150x150.jpg\" data-srcset=\"https:\/\/www.teatrostabiletorino.it\/wp-content\/uploads\/2019\/10\/DSC_6250_balasso_verdastro_dallavia-66x66.jpg 66w, https:\/\/www.teatrostabiletorino.it\/wp-content\/uploads\/2019\/10\/DSC_6250_balasso_verdastro_dallavia-150x150.jpg 150w\" data-sizes=\"auto\" \/><\/a>\n\t\t\t<\/dt>\n\t\t\t\t<dd class='wp-caption-text gallery-caption' id='gallery-1-42125'>\n\t\t\t\tBalasso_Verdastro_Dalla Via<br>ph Tommaso Le Pera\n\t\t\t\t<\/dd><\/dl><dl class='gallery-item'>\n\t\t\t<dt class='gallery-icon portrait'>\n\t\t\t\t<a data-rel=\"iLightbox[postimages]\" data-title=\"DSC_6503_gugliandolo_manzon\" data-caption=\"Gugliandolo_Manzonph Tommaso Le Pera\" href='https:\/\/www.teatrostabiletorino.it\/wp-content\/uploads\/2019\/10\/DSC_6503_gugliandolo_manzon.jpg'><img decoding=\"async\" width=\"150\" height=\"150\" src=\"https:\/\/www.teatrostabiletorino.it\/wp-content\/uploads\/2019\/10\/DSC_6503_gugliandolo_manzon-150x150.jpg\" class=\"attachment-thumbnail size-thumbnail lazyload\" alt=\"\" aria-describedby=\"gallery-1-42126\" srcset=\"data:image\/svg+xml,%3Csvg%20xmlns%3D%27http%3A%2F%2Fwww.w3.org%2F2000%2Fsvg%27%20width%3D%271415%27%20height%3D%272126%27%20viewBox%3D%270%200%201415%202126%27%3E%3Crect%20width%3D%271415%27%20height%3D%272126%27%20fill-opacity%3D%220%22%2F%3E%3C%2Fsvg%3E\" data-orig-src=\"https:\/\/www.teatrostabiletorino.it\/wp-content\/uploads\/2019\/10\/DSC_6503_gugliandolo_manzon-150x150.jpg\" data-srcset=\"https:\/\/www.teatrostabiletorino.it\/wp-content\/uploads\/2019\/10\/DSC_6503_gugliandolo_manzon-66x66.jpg 66w, https:\/\/www.teatrostabiletorino.it\/wp-content\/uploads\/2019\/10\/DSC_6503_gugliandolo_manzon-150x150.jpg 150w\" data-sizes=\"auto\" \/><\/a>\n\t\t\t<\/dt>\n\t\t\t\t<dd class='wp-caption-text gallery-caption' id='gallery-1-42126'>\n\t\t\t\tGugliandolo_Manzon<br>ph Tommaso Le Pera\n\t\t\t\t<\/dd><\/dl><dl class='gallery-item'>\n\t\t\t<dt class='gallery-icon landscape'>\n\t\t\t\t<a data-rel=\"iLightbox[postimages]\" data-title=\"DSC_6768_balasso_dallavia\" data-caption=\"Balasso_Dalla Viaph Tommaso Le Pera\" href='https:\/\/www.teatrostabiletorino.it\/wp-content\/uploads\/2019\/10\/DSC_6768_balasso_dallavia.jpg'><img decoding=\"async\" width=\"150\" height=\"150\" src=\"https:\/\/www.teatrostabiletorino.it\/wp-content\/uploads\/2019\/10\/DSC_6768_balasso_dallavia-150x150.jpg\" class=\"attachment-thumbnail size-thumbnail lazyload\" alt=\"\" aria-describedby=\"gallery-1-42127\" srcset=\"data:image\/svg+xml,%3Csvg%20xmlns%3D%27http%3A%2F%2Fwww.w3.org%2F2000%2Fsvg%27%20width%3D%272126%27%20height%3D%271415%27%20viewBox%3D%270%200%202126%201415%27%3E%3Crect%20width%3D%272126%27%20height%3D%271415%27%20fill-opacity%3D%220%22%2F%3E%3C%2Fsvg%3E\" data-orig-src=\"https:\/\/www.teatrostabiletorino.it\/wp-content\/uploads\/2019\/10\/DSC_6768_balasso_dallavia-150x150.jpg\" data-srcset=\"https:\/\/www.teatrostabiletorino.it\/wp-content\/uploads\/2019\/10\/DSC_6768_balasso_dallavia-66x66.jpg 66w, https:\/\/www.teatrostabiletorino.it\/wp-content\/uploads\/2019\/10\/DSC_6768_balasso_dallavia-150x150.jpg 150w\" data-sizes=\"auto\" \/><\/a>\n\t\t\t<\/dt>\n\t\t\t\t<dd class='wp-caption-text gallery-caption' id='gallery-1-42127'>\n\t\t\t\tBalasso_Dalla Via<br>ph Tommaso Le Pera\n\t\t\t\t<\/dd><\/dl>\n\t\t\t<br style='clear: both' \/>\n\t\t<\/div>\n\n<p>&nbsp;<\/p>\n<p>&nbsp;<\/p>\n<p>&nbsp;<\/p>","protected":false},"excerpt":{"rendered":"<p>Sorry, this entry is only available in Italiano.Alle Fonderie Limone di Moncalieri, marted\u00ec 5 novembre <a href=\"https:\/\/www.teatrostabiletorino.it\/en\/natalino-balasso-apre-la-stagione-del-teatro-stabile-alle-fonderie-limone-di-moncalieri-con-lo-spettacolo-la-bancarotta-di-vitaliano-trevisan-da-la-bancarotta-di-carlo-goldoni-con-l\/\"> [+]<\/a><\/p>\n","protected":false},"author":2,"featured_media":42119,"comment_status":"closed","ping_status":"closed","sticky":false,"template":"","format":"standard","meta":{"_acf_changed":false,"footnotes":""},"categories":[103],"tags":[],"acf":[],"_links":{"self":[{"href":"https:\/\/www.teatrostabiletorino.it\/en\/wp-json\/wp\/v2\/posts\/42116"}],"collection":[{"href":"https:\/\/www.teatrostabiletorino.it\/en\/wp-json\/wp\/v2\/posts"}],"about":[{"href":"https:\/\/www.teatrostabiletorino.it\/en\/wp-json\/wp\/v2\/types\/post"}],"author":[{"embeddable":true,"href":"https:\/\/www.teatrostabiletorino.it\/en\/wp-json\/wp\/v2\/users\/2"}],"replies":[{"embeddable":true,"href":"https:\/\/www.teatrostabiletorino.it\/en\/wp-json\/wp\/v2\/comments?post=42116"}],"version-history":[{"count":0,"href":"https:\/\/www.teatrostabiletorino.it\/en\/wp-json\/wp\/v2\/posts\/42116\/revisions"}],"wp:featuredmedia":[{"embeddable":true,"href":"https:\/\/www.teatrostabiletorino.it\/en\/wp-json\/wp\/v2\/media\/42119"}],"wp:attachment":[{"href":"https:\/\/www.teatrostabiletorino.it\/en\/wp-json\/wp\/v2\/media?parent=42116"}],"wp:term":[{"taxonomy":"category","embeddable":true,"href":"https:\/\/www.teatrostabiletorino.it\/en\/wp-json\/wp\/v2\/categories?post=42116"},{"taxonomy":"post_tag","embeddable":true,"href":"https:\/\/www.teatrostabiletorino.it\/en\/wp-json\/wp\/v2\/tags?post=42116"}],"curies":[{"name":"wp","href":"https:\/\/api.w.org\/{rel}","templated":true}]}}