{"id":42176,"date":"2019-11-05T12:36:12","date_gmt":"2019-11-05T11:36:12","guid":{"rendered":"https:\/\/www.teatrostabiletorino.it\/?p=42176"},"modified":"2019-11-05T12:50:00","modified_gmt":"2019-11-05T11:50:00","slug":"gabriele-lavia-dirige-e-interpreta-i-giganti-della-montagna-di-luigi-pirandello-al-teatro-carignano-dal-13-novembre-lo-spettacolo-e-coprodotto-dallo-stabile-di-torino","status":"publish","type":"post","link":"https:\/\/www.teatrostabiletorino.it\/en\/gabriele-lavia-dirige-e-interpreta-i-giganti-della-montagna-di-luigi-pirandello-al-teatro-carignano-dal-13-novembre-lo-spettacolo-e-coprodotto-dallo-stabile-di-torino\/","title":{"rendered":"GABRIELE LAVIA DIRIGE E INTERPRETA \u201cI GIGANTI DELLA MONTAGNA\u201d DI LUIGI PIRANDELLO AL TEATRO CARIGNANO DAL 13 NOVEMBRE. LO SPETTACOLO \u00c8 COPRODOTTO DALLO STABILE DI TORINO"},"content":{"rendered":"<p class=\"qtranxs-available-languages-message qtranxs-available-languages-message-en\">Sorry, this entry is only available in <a href=\"https:\/\/www.teatrostabiletorino.it\/it\/wp-json\/wp\/v2\/posts\/42176\" class=\"qtranxs-available-language-link qtranxs-available-language-link-it\" title=\"Italiano\">Italiano<\/a>.<\/p><p>Al Teatro Carignano mercoled\u00ec 13 novembre 2019, alle ore 20.45, debutta <strong>I giganti della montagna<\/strong> di <strong>Luigi Pirandello<\/strong>, diretto e interpretato da <strong>Gabriele Lavia<\/strong>. In scena con lui un cast imponente di pi\u00f9 di venti interpreti (attori, ma anche mimi, danzatori e musicisti):\u00a0<strong>Federica Di Martino, Clemente Pernarella, Giovanna Guida, Mauro Mandolini, Lorenzo Terenzi, Gianni De Lellis, Federico Le Pera, Luca Massaro, Nellina Lagan\u00e0, Ludovica Apollonj Ghetti, Michele Demaria, Simone Toni, Mar\u00ecka Pugliatti, Beatrice Ceccherini, Luca Pedron, Laura Pinato, Francesco Grossi, Davide Diamanti, Debora Rita Iannotta, Sara Pallini, Roberta Catanese, Eleonora Tiberia<\/strong>.<br \/>\nLe scene sono di <strong>Alessandro Camera<\/strong>, i costumi di <strong>Andrea Viotti<\/strong>, le musiche di <strong>Antonio Di Pofi<\/strong>, le luci di <strong>Michelangelo Vitullo<\/strong>, le maschere di <strong>Elena Bianchini<\/strong>, le coreografie di <strong>Adriana Borriello<\/strong>.<br \/>\n<em>I giganti della montagna<\/em> \u2013 prodotto da Teatro Stabile di Torino\/Teatro Nazionale, Fondazione Teatro della Toscana, Teatro Biondo di Palermo &#8211; rester\u00e0 in scena al Carignano per la Stagione in abbonamento dello Stabile torinese fino a domenica 1 dicembre.<\/p>\n<p><em>Gabriele Lavia chiude la trilogia pirandelliana dopo <\/em>Sei personaggi in cerca d\u2019autore <em>e <\/em>L\u2019uomo dal fiore in bocca<em>. La magica opera incompiuta diventa un sogno a colori di sapore felliniano.<\/em><\/p>\n<p>\u00abQuest\u2019opera \u00e8 un abisso, una vertigine\u00bb, dice Gabriele Lavia, che dopo<em> Sei personaggi in cerca d\u2019autor<\/em>e e <em>L\u2019uomo dal fiore in bocca<\/em> chiude un ideale trittico pirandelliano con <em>I giganti della montagna<\/em>, testamento artistico del drammaturgo siciliano, il suo testo pi\u00f9 astratto e metafisico e sintesi pi\u00f9 alta di tutta la sua poetica. Lavia incornicia la trama onirica in un allestimento che combina grandiosit\u00e0 scenografica e coreografica.<br \/>\nLa storia del mago Cotrone al cospetto del mistero dell\u2019Oltre diventa una folle, poetica sarabanda ambientata in un tempo e luogo indefiniti, tra favola e realt\u00e0, con atmosfere di sapore felliniano. Lo spettacolo \u00e8 una grande (utopistica) celebrazione del teatro come spazio salvifico, libero e indipendente, ultima roccaforte dell\u2019umanit\u00e0, in una societ\u00e0 distratta e svuotata di principi e ideali.<br \/>\nUna compagnia di teatranti girovaghi, sperduti e disperati, arriva alla villa detta La Scalogna dove vive il mago Cotrone, che d\u00e0 loro rifugio. Per Lavia Cotrone \u00e8, s\u00ec, l\u2019alter ego di Pirandello (morente), ma anche di se stesso, colui che vive rifugiato o emarginato nell&#8217;illusione che il Teatro possa essere il Luogo Assoluto, fuori da ogni contaminazione. La pi\u00e8ce \u00e8 un omaggio alle magie dell\u2019Arte, prodigi straordinari che consolano l\u2019incompiutezza umana. E guariscono, dice Lavia, la solitudine dell\u2019\u00abanima sola con se stessa\u00bb.<\/p>\n<p><strong>Per RETROSCENA<\/strong><br \/>\n<strong>il progetto realizzato dal Teatro Stabile di Torino \u2013 Teatro Nazionale con l\u2019Universit\u00e0 degli Studi di Torino \/ Dams &#8211; Universit\u00e0 degli Studi di Torino \/ CRAD<\/strong><br \/>\n<strong>al TEATRO GOBETTI<\/strong><br \/>\n<strong>mercoled\u00ec 27 novembre 2019, alle ore 17.30 <\/strong><br \/>\n<strong>Gabriele Lavia dialoga con Leonardo Mancini (DAMS\/ Universit\u00e0 di Torino) su I GIGANTI DELLA MONTAGNA di Luigi Pirandello.<\/strong><\/p>\n<p><em>Ingresso libero fino ad esaurimento dei posti in sala<\/em><\/p>\n<p><a href=\"http:\/\/www.teatrostabiletorino.it\/wp-content\/uploads\/2019\/11\/01_CS_I-giganti-della-montagna.pdf\" target=\"_blank\" rel=\"noopener\">01_CS_I giganti della montagna<\/a><\/p>\n<p><a href=\"http:\/\/www.teatrostabiletorino.it\/wp-content\/uploads\/2019\/11\/CS-del-debutto-a-FI-a-cura-della-Compagnia.pdf\" target=\"_blank\" rel=\"noopener\">02_CS del debutto a FI a cura della Compagnia<\/a><\/p>\n<p>&nbsp;<\/p>\n\n\t\t<style type=\"text\/css\">\n\t\t\t#gallery-1 {\n\t\t\t\tmargin: auto;\n\t\t\t}\n\t\t\t#gallery-1 .gallery-item {\n\t\t\t\tfloat: left;\n\t\t\t\tmargin-top: 10px;\n\t\t\t\ttext-align: center;\n\t\t\t\twidth: 25%;\n\t\t\t}\n\t\t\t#gallery-1 img {\n\t\t\t\tborder: 2px solid #cfcfcf;\n\t\t\t}\n\t\t\t#gallery-1 .gallery-caption {\n\t\t\t\tmargin-left: 0;\n\t\t\t}\n\t\t\t\/* see gallery_shortcode() in wp-includes\/media.php *\/\n\t\t<\/style>\n\t\t<div id='gallery-1' class='gallery galleryid-42176 gallery-columns-4 gallery-size-thumbnail'><dl class='gallery-item'>\n\t\t\t<dt class='gallery-icon landscape'>\n\t\t\t\t<a data-rel=\"iLightbox[postimages]\" data-title=\"01_I giganti della montagna &#8211; Gabriele Lavia _ ph. Tommaso Le Pera (1)\" data-caption=\"Gabriele Lavia  ph Tommaso Le Pera \" href='https:\/\/www.teatrostabiletorino.it\/wp-content\/uploads\/2019\/11\/01_I-giganti-della-montagna-Gabriele-Lavia-_-ph.-Tommaso-Le-Pera-1.jpg'><img decoding=\"async\" width=\"150\" height=\"150\" src=\"https:\/\/www.teatrostabiletorino.it\/wp-content\/uploads\/2019\/11\/01_I-giganti-della-montagna-Gabriele-Lavia-_-ph.-Tommaso-Le-Pera-1-150x150.jpg\" class=\"attachment-thumbnail size-thumbnail lazyload\" alt=\"\" aria-describedby=\"gallery-1-42179\" srcset=\"data:image\/svg+xml,%3Csvg%20xmlns%3D%27http%3A%2F%2Fwww.w3.org%2F2000%2Fsvg%27%20width%3D%272126%27%20height%3D%271417%27%20viewBox%3D%270%200%202126%201417%27%3E%3Crect%20width%3D%272126%27%20height%3D%271417%27%20fill-opacity%3D%220%22%2F%3E%3C%2Fsvg%3E\" data-orig-src=\"https:\/\/www.teatrostabiletorino.it\/wp-content\/uploads\/2019\/11\/01_I-giganti-della-montagna-Gabriele-Lavia-_-ph.-Tommaso-Le-Pera-1-150x150.jpg\" data-srcset=\"https:\/\/www.teatrostabiletorino.it\/wp-content\/uploads\/2019\/11\/01_I-giganti-della-montagna-Gabriele-Lavia-_-ph.-Tommaso-Le-Pera-1-66x66.jpg 66w, https:\/\/www.teatrostabiletorino.it\/wp-content\/uploads\/2019\/11\/01_I-giganti-della-montagna-Gabriele-Lavia-_-ph.-Tommaso-Le-Pera-1-150x150.jpg 150w\" data-sizes=\"auto\" \/><\/a>\n\t\t\t<\/dt>\n\t\t\t\t<dd class='wp-caption-text gallery-caption' id='gallery-1-42179'>\n\t\t\t\tGabriele Lavia  <br>ph Tommaso Le Pera \n\t\t\t\t<\/dd><\/dl><dl class='gallery-item'>\n\t\t\t<dt class='gallery-icon landscape'>\n\t\t\t\t<a data-rel=\"iLightbox[postimages]\" data-title=\"02_I giganti della montagna_ph Filippo Manzini-dsc_4437\" data-caption=\"I giganti della montagna ph Filippo Manzini\" href='https:\/\/www.teatrostabiletorino.it\/wp-content\/uploads\/2019\/11\/02_I-giganti-della-montagna_ph-Filippo-Manzini-dsc_4437.jpg'><img decoding=\"async\" width=\"150\" height=\"150\" src=\"https:\/\/www.teatrostabiletorino.it\/wp-content\/uploads\/2019\/11\/02_I-giganti-della-montagna_ph-Filippo-Manzini-dsc_4437-150x150.jpg\" class=\"attachment-thumbnail size-thumbnail lazyload\" alt=\"\" aria-describedby=\"gallery-1-42180\" srcset=\"data:image\/svg+xml,%3Csvg%20xmlns%3D%27http%3A%2F%2Fwww.w3.org%2F2000%2Fsvg%27%20width%3D%272048%27%20height%3D%271152%27%20viewBox%3D%270%200%202048%201152%27%3E%3Crect%20width%3D%272048%27%20height%3D%271152%27%20fill-opacity%3D%220%22%2F%3E%3C%2Fsvg%3E\" data-orig-src=\"https:\/\/www.teatrostabiletorino.it\/wp-content\/uploads\/2019\/11\/02_I-giganti-della-montagna_ph-Filippo-Manzini-dsc_4437-150x150.jpg\" data-srcset=\"https:\/\/www.teatrostabiletorino.it\/wp-content\/uploads\/2019\/11\/02_I-giganti-della-montagna_ph-Filippo-Manzini-dsc_4437-66x66.jpg 66w, https:\/\/www.teatrostabiletorino.it\/wp-content\/uploads\/2019\/11\/02_I-giganti-della-montagna_ph-Filippo-Manzini-dsc_4437-150x150.jpg 150w\" data-sizes=\"auto\" \/><\/a>\n\t\t\t<\/dt>\n\t\t\t\t<dd class='wp-caption-text gallery-caption' id='gallery-1-42180'>\n\t\t\t\tI giganti della montagna <br>ph Filippo Manzini\n\t\t\t\t<\/dd><\/dl><dl class='gallery-item'>\n\t\t\t<dt class='gallery-icon portrait'>\n\t\t\t\t<a data-rel=\"iLightbox[postimages]\" data-title=\"03_I giganti della montagna &#8211; Gabriele Lavia _ ph. Tommaso Le Pera (2)\" data-caption=\"Gabriele Lavia  ph Tommaso Le Pera \" href='https:\/\/www.teatrostabiletorino.it\/wp-content\/uploads\/2019\/11\/03_I-giganti-della-montagna-Gabriele-Lavia-_-ph.-Tommaso-Le-Pera-2.jpg'><img decoding=\"async\" width=\"150\" height=\"150\" src=\"https:\/\/www.teatrostabiletorino.it\/wp-content\/uploads\/2019\/11\/03_I-giganti-della-montagna-Gabriele-Lavia-_-ph.-Tommaso-Le-Pera-2-150x150.jpg\" class=\"attachment-thumbnail size-thumbnail lazyload\" alt=\"\" aria-describedby=\"gallery-1-42181\" srcset=\"data:image\/svg+xml,%3Csvg%20xmlns%3D%27http%3A%2F%2Fwww.w3.org%2F2000%2Fsvg%27%20width%3D%271417%27%20height%3D%272126%27%20viewBox%3D%270%200%201417%202126%27%3E%3Crect%20width%3D%271417%27%20height%3D%272126%27%20fill-opacity%3D%220%22%2F%3E%3C%2Fsvg%3E\" data-orig-src=\"https:\/\/www.teatrostabiletorino.it\/wp-content\/uploads\/2019\/11\/03_I-giganti-della-montagna-Gabriele-Lavia-_-ph.-Tommaso-Le-Pera-2-150x150.jpg\" data-srcset=\"https:\/\/www.teatrostabiletorino.it\/wp-content\/uploads\/2019\/11\/03_I-giganti-della-montagna-Gabriele-Lavia-_-ph.-Tommaso-Le-Pera-2-66x66.jpg 66w, https:\/\/www.teatrostabiletorino.it\/wp-content\/uploads\/2019\/11\/03_I-giganti-della-montagna-Gabriele-Lavia-_-ph.-Tommaso-Le-Pera-2-150x150.jpg 150w\" data-sizes=\"auto\" \/><\/a>\n\t\t\t<\/dt>\n\t\t\t\t<dd class='wp-caption-text gallery-caption' id='gallery-1-42181'>\n\t\t\t\tGabriele Lavia  <br>ph Tommaso Le Pera \n\t\t\t\t<\/dd><\/dl><dl class='gallery-item'>\n\t\t\t<dt class='gallery-icon landscape'>\n\t\t\t\t<a data-rel=\"iLightbox[postimages]\" data-title=\"04_I giganti della montagna &#8211; Gabriele Lavia _ ph. Tommaso Le Pera (3)\" data-caption=\"Gabriele Lavia  ph Tommaso Le Pera \" href='https:\/\/www.teatrostabiletorino.it\/wp-content\/uploads\/2019\/11\/04_I-giganti-della-montagna-Gabriele-Lavia-_-ph.-Tommaso-Le-Pera-3.jpg'><img decoding=\"async\" width=\"150\" height=\"150\" src=\"https:\/\/www.teatrostabiletorino.it\/wp-content\/uploads\/2019\/11\/04_I-giganti-della-montagna-Gabriele-Lavia-_-ph.-Tommaso-Le-Pera-3-150x150.jpg\" class=\"attachment-thumbnail size-thumbnail lazyload\" alt=\"\" aria-describedby=\"gallery-1-42182\" srcset=\"data:image\/svg+xml,%3Csvg%20xmlns%3D%27http%3A%2F%2Fwww.w3.org%2F2000%2Fsvg%27%20width%3D%272126%27%20height%3D%271415%27%20viewBox%3D%270%200%202126%201415%27%3E%3Crect%20width%3D%272126%27%20height%3D%271415%27%20fill-opacity%3D%220%22%2F%3E%3C%2Fsvg%3E\" data-orig-src=\"https:\/\/www.teatrostabiletorino.it\/wp-content\/uploads\/2019\/11\/04_I-giganti-della-montagna-Gabriele-Lavia-_-ph.-Tommaso-Le-Pera-3-150x150.jpg\" data-srcset=\"https:\/\/www.teatrostabiletorino.it\/wp-content\/uploads\/2019\/11\/04_I-giganti-della-montagna-Gabriele-Lavia-_-ph.-Tommaso-Le-Pera-3-66x66.jpg 66w, https:\/\/www.teatrostabiletorino.it\/wp-content\/uploads\/2019\/11\/04_I-giganti-della-montagna-Gabriele-Lavia-_-ph.-Tommaso-Le-Pera-3-150x150.jpg 150w\" data-sizes=\"auto\" \/><\/a>\n\t\t\t<\/dt>\n\t\t\t\t<dd class='wp-caption-text gallery-caption' id='gallery-1-42182'>\n\t\t\t\tGabriele Lavia  <br>ph Tommaso Le Pera \n\t\t\t\t<\/dd><\/dl><br style=\"clear: both\" \/><dl class='gallery-item'>\n\t\t\t<dt class='gallery-icon landscape'>\n\t\t\t\t<a data-rel=\"iLightbox[postimages]\" data-title=\"05_lavia-i-giganti-della-montagna_dsc_1880-ph-filippo-manzini-02-2019_46483614174_o\" data-caption=\"ph Filippo Manzini\" href='https:\/\/www.teatrostabiletorino.it\/wp-content\/uploads\/2019\/11\/05_lavia-i-giganti-della-montagna_dsc_1880-ph-filippo-manzini-02-2019_46483614174_o.jpg'><img decoding=\"async\" width=\"150\" height=\"150\" src=\"https:\/\/www.teatrostabiletorino.it\/wp-content\/uploads\/2019\/11\/05_lavia-i-giganti-della-montagna_dsc_1880-ph-filippo-manzini-02-2019_46483614174_o-150x150.jpg\" class=\"attachment-thumbnail size-thumbnail lazyload\" alt=\"\" aria-describedby=\"gallery-1-42183\" srcset=\"data:image\/svg+xml,%3Csvg%20xmlns%3D%27http%3A%2F%2Fwww.w3.org%2F2000%2Fsvg%27%20width%3D%272048%27%20height%3D%271365%27%20viewBox%3D%270%200%202048%201365%27%3E%3Crect%20width%3D%272048%27%20height%3D%271365%27%20fill-opacity%3D%220%22%2F%3E%3C%2Fsvg%3E\" data-orig-src=\"https:\/\/www.teatrostabiletorino.it\/wp-content\/uploads\/2019\/11\/05_lavia-i-giganti-della-montagna_dsc_1880-ph-filippo-manzini-02-2019_46483614174_o-150x150.jpg\" data-srcset=\"https:\/\/www.teatrostabiletorino.it\/wp-content\/uploads\/2019\/11\/05_lavia-i-giganti-della-montagna_dsc_1880-ph-filippo-manzini-02-2019_46483614174_o-66x66.jpg 66w, https:\/\/www.teatrostabiletorino.it\/wp-content\/uploads\/2019\/11\/05_lavia-i-giganti-della-montagna_dsc_1880-ph-filippo-manzini-02-2019_46483614174_o-150x150.jpg 150w\" data-sizes=\"auto\" \/><\/a>\n\t\t\t<\/dt>\n\t\t\t\t<dd class='wp-caption-text gallery-caption' id='gallery-1-42183'>\n\t\t\t\tph Filippo Manzini\n\t\t\t\t<\/dd><\/dl><dl class='gallery-item'>\n\t\t\t<dt class='gallery-icon landscape'>\n\t\t\t\t<a data-rel=\"iLightbox[postimages]\" data-title=\"06_DSC_9574- ph. Tommaso Le Pera\" data-caption=\"ph. Tommaso Le Pera\" href='https:\/\/www.teatrostabiletorino.it\/wp-content\/uploads\/2019\/11\/06_DSC_9574-ph.-Tommaso-Le-Pera.jpg'><img decoding=\"async\" width=\"150\" height=\"150\" src=\"https:\/\/www.teatrostabiletorino.it\/wp-content\/uploads\/2019\/11\/06_DSC_9574-ph.-Tommaso-Le-Pera-150x150.jpg\" class=\"attachment-thumbnail size-thumbnail lazyload\" alt=\"\" aria-describedby=\"gallery-1-42184\" srcset=\"data:image\/svg+xml,%3Csvg%20xmlns%3D%27http%3A%2F%2Fwww.w3.org%2F2000%2Fsvg%27%20width%3D%272126%27%20height%3D%271415%27%20viewBox%3D%270%200%202126%201415%27%3E%3Crect%20width%3D%272126%27%20height%3D%271415%27%20fill-opacity%3D%220%22%2F%3E%3C%2Fsvg%3E\" data-orig-src=\"https:\/\/www.teatrostabiletorino.it\/wp-content\/uploads\/2019\/11\/06_DSC_9574-ph.-Tommaso-Le-Pera-150x150.jpg\" data-srcset=\"https:\/\/www.teatrostabiletorino.it\/wp-content\/uploads\/2019\/11\/06_DSC_9574-ph.-Tommaso-Le-Pera-66x66.jpg 66w, https:\/\/www.teatrostabiletorino.it\/wp-content\/uploads\/2019\/11\/06_DSC_9574-ph.-Tommaso-Le-Pera-150x150.jpg 150w\" data-sizes=\"auto\" \/><\/a>\n\t\t\t<\/dt>\n\t\t\t\t<dd class='wp-caption-text gallery-caption' id='gallery-1-42184'>\n\t\t\t\tph. Tommaso Le Pera\n\t\t\t\t<\/dd><\/dl><dl class='gallery-item'>\n\t\t\t<dt class='gallery-icon portrait'>\n\t\t\t\t<a data-rel=\"iLightbox[postimages]\" data-title=\"07_DSC_9171- ph. Tommaso Le Pera\" data-caption=\"ph. Tommaso Le Pera\" href='https:\/\/www.teatrostabiletorino.it\/wp-content\/uploads\/2019\/11\/07_DSC_9171-ph.-Tommaso-Le-Pera.jpg'><img decoding=\"async\" width=\"150\" height=\"150\" src=\"https:\/\/www.teatrostabiletorino.it\/wp-content\/uploads\/2019\/11\/07_DSC_9171-ph.-Tommaso-Le-Pera-150x150.jpg\" class=\"attachment-thumbnail size-thumbnail lazyload\" alt=\"\" aria-describedby=\"gallery-1-42185\" srcset=\"data:image\/svg+xml,%3Csvg%20xmlns%3D%27http%3A%2F%2Fwww.w3.org%2F2000%2Fsvg%27%20width%3D%271415%27%20height%3D%272126%27%20viewBox%3D%270%200%201415%202126%27%3E%3Crect%20width%3D%271415%27%20height%3D%272126%27%20fill-opacity%3D%220%22%2F%3E%3C%2Fsvg%3E\" data-orig-src=\"https:\/\/www.teatrostabiletorino.it\/wp-content\/uploads\/2019\/11\/07_DSC_9171-ph.-Tommaso-Le-Pera-150x150.jpg\" data-srcset=\"https:\/\/www.teatrostabiletorino.it\/wp-content\/uploads\/2019\/11\/07_DSC_9171-ph.-Tommaso-Le-Pera-66x66.jpg 66w, https:\/\/www.teatrostabiletorino.it\/wp-content\/uploads\/2019\/11\/07_DSC_9171-ph.-Tommaso-Le-Pera-150x150.jpg 150w\" data-sizes=\"auto\" \/><\/a>\n\t\t\t<\/dt>\n\t\t\t\t<dd class='wp-caption-text gallery-caption' id='gallery-1-42185'>\n\t\t\t\tph. Tommaso Le Pera\n\t\t\t\t<\/dd><\/dl><dl class='gallery-item'>\n\t\t\t<dt class='gallery-icon portrait'>\n\t\t\t\t<a data-rel=\"iLightbox[postimages]\" data-title=\"08_DSC_9202- ph. Tommaso Le Pera\" data-caption=\"ph. Tommaso Le Pera\" href='https:\/\/www.teatrostabiletorino.it\/wp-content\/uploads\/2019\/11\/08_DSC_9202-ph.-Tommaso-Le-Pera.jpg'><img decoding=\"async\" width=\"150\" height=\"150\" src=\"https:\/\/www.teatrostabiletorino.it\/wp-content\/uploads\/2019\/11\/08_DSC_9202-ph.-Tommaso-Le-Pera-150x150.jpg\" class=\"attachment-thumbnail size-thumbnail lazyload\" alt=\"\" aria-describedby=\"gallery-1-42186\" srcset=\"data:image\/svg+xml,%3Csvg%20xmlns%3D%27http%3A%2F%2Fwww.w3.org%2F2000%2Fsvg%27%20width%3D%271415%27%20height%3D%272126%27%20viewBox%3D%270%200%201415%202126%27%3E%3Crect%20width%3D%271415%27%20height%3D%272126%27%20fill-opacity%3D%220%22%2F%3E%3C%2Fsvg%3E\" data-orig-src=\"https:\/\/www.teatrostabiletorino.it\/wp-content\/uploads\/2019\/11\/08_DSC_9202-ph.-Tommaso-Le-Pera-150x150.jpg\" data-srcset=\"https:\/\/www.teatrostabiletorino.it\/wp-content\/uploads\/2019\/11\/08_DSC_9202-ph.-Tommaso-Le-Pera-66x66.jpg 66w, https:\/\/www.teatrostabiletorino.it\/wp-content\/uploads\/2019\/11\/08_DSC_9202-ph.-Tommaso-Le-Pera-150x150.jpg 150w\" data-sizes=\"auto\" \/><\/a>\n\t\t\t<\/dt>\n\t\t\t\t<dd class='wp-caption-text gallery-caption' id='gallery-1-42186'>\n\t\t\t\tph. Tommaso Le Pera\n\t\t\t\t<\/dd><\/dl><br style=\"clear: both\" \/><dl class='gallery-item'>\n\t\t\t<dt class='gallery-icon landscape'>\n\t\t\t\t<a data-rel=\"iLightbox[postimages]\" data-title=\"09_DSC_8843 &#8211; ph. Tommaso Le Pera\" data-caption=\"ph. Tommaso Le Pera\" href='https:\/\/www.teatrostabiletorino.it\/wp-content\/uploads\/2019\/11\/09_DSC_8843-ph.-Tommaso-Le-Pera.jpg'><img decoding=\"async\" width=\"150\" height=\"150\" src=\"https:\/\/www.teatrostabiletorino.it\/wp-content\/uploads\/2019\/11\/09_DSC_8843-ph.-Tommaso-Le-Pera-150x150.jpg\" class=\"attachment-thumbnail size-thumbnail lazyload\" alt=\"\" aria-describedby=\"gallery-1-42187\" srcset=\"data:image\/svg+xml,%3Csvg%20xmlns%3D%27http%3A%2F%2Fwww.w3.org%2F2000%2Fsvg%27%20width%3D%271701%27%20height%3D%271132%27%20viewBox%3D%270%200%201701%201132%27%3E%3Crect%20width%3D%271701%27%20height%3D%271132%27%20fill-opacity%3D%220%22%2F%3E%3C%2Fsvg%3E\" data-orig-src=\"https:\/\/www.teatrostabiletorino.it\/wp-content\/uploads\/2019\/11\/09_DSC_8843-ph.-Tommaso-Le-Pera-150x150.jpg\" data-srcset=\"https:\/\/www.teatrostabiletorino.it\/wp-content\/uploads\/2019\/11\/09_DSC_8843-ph.-Tommaso-Le-Pera-66x66.jpg 66w, https:\/\/www.teatrostabiletorino.it\/wp-content\/uploads\/2019\/11\/09_DSC_8843-ph.-Tommaso-Le-Pera-150x150.jpg 150w\" data-sizes=\"auto\" \/><\/a>\n\t\t\t<\/dt>\n\t\t\t\t<dd class='wp-caption-text gallery-caption' id='gallery-1-42187'>\n\t\t\t\tph. Tommaso Le Pera\n\t\t\t\t<\/dd><\/dl><dl class='gallery-item'>\n\t\t\t<dt class='gallery-icon portrait'>\n\t\t\t\t<a data-rel=\"iLightbox[postimages]\" data-title=\"10_lavia-i-giganti-della-montagna_dsc_1853-ph-filippo-manzini-02-2019_40242161233_o\" data-caption=\"ph Filippo Manzini\" href='https:\/\/www.teatrostabiletorino.it\/wp-content\/uploads\/2019\/11\/10_lavia-i-giganti-della-montagna_dsc_1853-ph-filippo-manzini-02-2019_40242161233_o.jpg'><img decoding=\"async\" width=\"150\" height=\"150\" src=\"https:\/\/www.teatrostabiletorino.it\/wp-content\/uploads\/2019\/11\/10_lavia-i-giganti-della-montagna_dsc_1853-ph-filippo-manzini-02-2019_40242161233_o-150x150.jpg\" class=\"attachment-thumbnail size-thumbnail lazyload\" alt=\"\" aria-describedby=\"gallery-1-42188\" srcset=\"data:image\/svg+xml,%3Csvg%20xmlns%3D%27http%3A%2F%2Fwww.w3.org%2F2000%2Fsvg%27%20width%3D%271365%27%20height%3D%272048%27%20viewBox%3D%270%200%201365%202048%27%3E%3Crect%20width%3D%271365%27%20height%3D%272048%27%20fill-opacity%3D%220%22%2F%3E%3C%2Fsvg%3E\" data-orig-src=\"https:\/\/www.teatrostabiletorino.it\/wp-content\/uploads\/2019\/11\/10_lavia-i-giganti-della-montagna_dsc_1853-ph-filippo-manzini-02-2019_40242161233_o-150x150.jpg\" data-srcset=\"https:\/\/www.teatrostabiletorino.it\/wp-content\/uploads\/2019\/11\/10_lavia-i-giganti-della-montagna_dsc_1853-ph-filippo-manzini-02-2019_40242161233_o-66x66.jpg 66w, https:\/\/www.teatrostabiletorino.it\/wp-content\/uploads\/2019\/11\/10_lavia-i-giganti-della-montagna_dsc_1853-ph-filippo-manzini-02-2019_40242161233_o-150x150.jpg 150w\" data-sizes=\"auto\" \/><\/a>\n\t\t\t<\/dt>\n\t\t\t\t<dd class='wp-caption-text gallery-caption' id='gallery-1-42188'>\n\t\t\t\tph Filippo Manzini\n\t\t\t\t<\/dd><\/dl><dl class='gallery-item'>\n\t\t\t<dt class='gallery-icon portrait'>\n\t\t\t\t<a data-rel=\"iLightbox[postimages]\" data-title=\"11_lavia-i-giganti-della-montagna_dsc_1910-ph-filippo-manzini-02-2019_33331445638_o\" data-caption=\"ph Filippo Manzini\" href='https:\/\/www.teatrostabiletorino.it\/wp-content\/uploads\/2019\/11\/11_lavia-i-giganti-della-montagna_dsc_1910-ph-filippo-manzini-02-2019_33331445638_o.jpg'><img decoding=\"async\" width=\"150\" height=\"150\" src=\"https:\/\/www.teatrostabiletorino.it\/wp-content\/uploads\/2019\/11\/11_lavia-i-giganti-della-montagna_dsc_1910-ph-filippo-manzini-02-2019_33331445638_o-150x150.jpg\" class=\"attachment-thumbnail size-thumbnail lazyload\" alt=\"\" aria-describedby=\"gallery-1-42189\" srcset=\"data:image\/svg+xml,%3Csvg%20xmlns%3D%27http%3A%2F%2Fwww.w3.org%2F2000%2Fsvg%27%20width%3D%271365%27%20height%3D%272048%27%20viewBox%3D%270%200%201365%202048%27%3E%3Crect%20width%3D%271365%27%20height%3D%272048%27%20fill-opacity%3D%220%22%2F%3E%3C%2Fsvg%3E\" data-orig-src=\"https:\/\/www.teatrostabiletorino.it\/wp-content\/uploads\/2019\/11\/11_lavia-i-giganti-della-montagna_dsc_1910-ph-filippo-manzini-02-2019_33331445638_o-150x150.jpg\" data-srcset=\"https:\/\/www.teatrostabiletorino.it\/wp-content\/uploads\/2019\/11\/11_lavia-i-giganti-della-montagna_dsc_1910-ph-filippo-manzini-02-2019_33331445638_o-66x66.jpg 66w, https:\/\/www.teatrostabiletorino.it\/wp-content\/uploads\/2019\/11\/11_lavia-i-giganti-della-montagna_dsc_1910-ph-filippo-manzini-02-2019_33331445638_o-150x150.jpg 150w\" data-sizes=\"auto\" \/><\/a>\n\t\t\t<\/dt>\n\t\t\t\t<dd class='wp-caption-text gallery-caption' id='gallery-1-42189'>\n\t\t\t\tph Filippo Manzini\n\t\t\t\t<\/dd><\/dl><dl class='gallery-item'>\n\t\t\t<dt class='gallery-icon portrait'>\n\t\t\t\t<a data-rel=\"iLightbox[postimages]\" data-title=\"12_lavia-i-giganti-della-montagna_dsc_2418-ph-filippo-manzini-02-2019_32264720117_o\" data-caption=\"ph Filippo Manzini\" href='https:\/\/www.teatrostabiletorino.it\/wp-content\/uploads\/2019\/11\/12_lavia-i-giganti-della-montagna_dsc_2418-ph-filippo-manzini-02-2019_32264720117_o.jpg'><img decoding=\"async\" width=\"150\" height=\"150\" src=\"https:\/\/www.teatrostabiletorino.it\/wp-content\/uploads\/2019\/11\/12_lavia-i-giganti-della-montagna_dsc_2418-ph-filippo-manzini-02-2019_32264720117_o-150x150.jpg\" class=\"attachment-thumbnail size-thumbnail lazyload\" alt=\"\" aria-describedby=\"gallery-1-42190\" srcset=\"data:image\/svg+xml,%3Csvg%20xmlns%3D%27http%3A%2F%2Fwww.w3.org%2F2000%2Fsvg%27%20width%3D%271258%27%20height%3D%271890%27%20viewBox%3D%270%200%201258%201890%27%3E%3Crect%20width%3D%271258%27%20height%3D%271890%27%20fill-opacity%3D%220%22%2F%3E%3C%2Fsvg%3E\" data-orig-src=\"https:\/\/www.teatrostabiletorino.it\/wp-content\/uploads\/2019\/11\/12_lavia-i-giganti-della-montagna_dsc_2418-ph-filippo-manzini-02-2019_32264720117_o-150x150.jpg\" data-srcset=\"https:\/\/www.teatrostabiletorino.it\/wp-content\/uploads\/2019\/11\/12_lavia-i-giganti-della-montagna_dsc_2418-ph-filippo-manzini-02-2019_32264720117_o-66x66.jpg 66w, https:\/\/www.teatrostabiletorino.it\/wp-content\/uploads\/2019\/11\/12_lavia-i-giganti-della-montagna_dsc_2418-ph-filippo-manzini-02-2019_32264720117_o-150x150.jpg 150w\" data-sizes=\"auto\" \/><\/a>\n\t\t\t<\/dt>\n\t\t\t\t<dd class='wp-caption-text gallery-caption' id='gallery-1-42190'>\n\t\t\t\tph Filippo Manzini\n\t\t\t\t<\/dd><\/dl><br style=\"clear: both\" \/><dl class='gallery-item'>\n\t\t\t<dt class='gallery-icon portrait'>\n\t\t\t\t<a data-rel=\"iLightbox[postimages]\" data-title=\"13_lavia-i-giganti-della-montagna_dsc_2064-ph-filippo-manzini-02-2019_40242159293_o\" data-caption=\"ph Filippo Manzini\" href='https:\/\/www.teatrostabiletorino.it\/wp-content\/uploads\/2019\/11\/13_lavia-i-giganti-della-montagna_dsc_2064-ph-filippo-manzini-02-2019_40242159293_o.jpg'><img decoding=\"async\" width=\"150\" height=\"150\" src=\"https:\/\/www.teatrostabiletorino.it\/wp-content\/uploads\/2019\/11\/13_lavia-i-giganti-della-montagna_dsc_2064-ph-filippo-manzini-02-2019_40242159293_o-150x150.jpg\" class=\"attachment-thumbnail size-thumbnail lazyload\" alt=\"\" aria-describedby=\"gallery-1-42191\" srcset=\"data:image\/svg+xml,%3Csvg%20xmlns%3D%27http%3A%2F%2Fwww.w3.org%2F2000%2Fsvg%27%20width%3D%271363%27%20height%3D%272048%27%20viewBox%3D%270%200%201363%202048%27%3E%3Crect%20width%3D%271363%27%20height%3D%272048%27%20fill-opacity%3D%220%22%2F%3E%3C%2Fsvg%3E\" data-orig-src=\"https:\/\/www.teatrostabiletorino.it\/wp-content\/uploads\/2019\/11\/13_lavia-i-giganti-della-montagna_dsc_2064-ph-filippo-manzini-02-2019_40242159293_o-150x150.jpg\" data-srcset=\"https:\/\/www.teatrostabiletorino.it\/wp-content\/uploads\/2019\/11\/13_lavia-i-giganti-della-montagna_dsc_2064-ph-filippo-manzini-02-2019_40242159293_o-66x66.jpg 66w, https:\/\/www.teatrostabiletorino.it\/wp-content\/uploads\/2019\/11\/13_lavia-i-giganti-della-montagna_dsc_2064-ph-filippo-manzini-02-2019_40242159293_o-150x150.jpg 150w\" data-sizes=\"auto\" \/><\/a>\n\t\t\t<\/dt>\n\t\t\t\t<dd class='wp-caption-text gallery-caption' id='gallery-1-42191'>\n\t\t\t\tph Filippo Manzini\n\t\t\t\t<\/dd><\/dl><dl class='gallery-item'>\n\t\t\t<dt class='gallery-icon portrait'>\n\t\t\t\t<a data-rel=\"iLightbox[postimages]\" data-title=\"14_lavia-i-giganti-della-montagna_dsc_2097-ph-filippo-manzini-02-2019_47155029642_o\" data-caption=\"ph Filippo Manzini\" href='https:\/\/www.teatrostabiletorino.it\/wp-content\/uploads\/2019\/11\/14_lavia-i-giganti-della-montagna_dsc_2097-ph-filippo-manzini-02-2019_47155029642_o.jpg'><img decoding=\"async\" width=\"150\" height=\"150\" src=\"https:\/\/www.teatrostabiletorino.it\/wp-content\/uploads\/2019\/11\/14_lavia-i-giganti-della-montagna_dsc_2097-ph-filippo-manzini-02-2019_47155029642_o-150x150.jpg\" class=\"attachment-thumbnail size-thumbnail lazyload\" alt=\"\" aria-describedby=\"gallery-1-42192\" srcset=\"data:image\/svg+xml,%3Csvg%20xmlns%3D%27http%3A%2F%2Fwww.w3.org%2F2000%2Fsvg%27%20width%3D%271365%27%20height%3D%272048%27%20viewBox%3D%270%200%201365%202048%27%3E%3Crect%20width%3D%271365%27%20height%3D%272048%27%20fill-opacity%3D%220%22%2F%3E%3C%2Fsvg%3E\" data-orig-src=\"https:\/\/www.teatrostabiletorino.it\/wp-content\/uploads\/2019\/11\/14_lavia-i-giganti-della-montagna_dsc_2097-ph-filippo-manzini-02-2019_47155029642_o-150x150.jpg\" data-srcset=\"https:\/\/www.teatrostabiletorino.it\/wp-content\/uploads\/2019\/11\/14_lavia-i-giganti-della-montagna_dsc_2097-ph-filippo-manzini-02-2019_47155029642_o-66x66.jpg 66w, https:\/\/www.teatrostabiletorino.it\/wp-content\/uploads\/2019\/11\/14_lavia-i-giganti-della-montagna_dsc_2097-ph-filippo-manzini-02-2019_47155029642_o-150x150.jpg 150w\" data-sizes=\"auto\" \/><\/a>\n\t\t\t<\/dt>\n\t\t\t\t<dd class='wp-caption-text gallery-caption' id='gallery-1-42192'>\n\t\t\t\tph Filippo Manzini\n\t\t\t\t<\/dd><\/dl><dl class='gallery-item'>\n\t\t\t<dt class='gallery-icon portrait'>\n\t\t\t\t<a data-rel=\"iLightbox[postimages]\" data-title=\"15_lavia-i-giganti-della-montagna_dsc_2106-ph-filippo-manzini-02-2019_47155034672_o\" data-caption=\"ph Filippo Manzini\" href='https:\/\/www.teatrostabiletorino.it\/wp-content\/uploads\/2019\/11\/15_lavia-i-giganti-della-montagna_dsc_2106-ph-filippo-manzini-02-2019_47155034672_o.jpg'><img decoding=\"async\" width=\"150\" height=\"150\" src=\"https:\/\/www.teatrostabiletorino.it\/wp-content\/uploads\/2019\/11\/15_lavia-i-giganti-della-montagna_dsc_2106-ph-filippo-manzini-02-2019_47155034672_o-150x150.jpg\" class=\"attachment-thumbnail size-thumbnail lazyload\" alt=\"\" aria-describedby=\"gallery-1-42193\" srcset=\"data:image\/svg+xml,%3Csvg%20xmlns%3D%27http%3A%2F%2Fwww.w3.org%2F2000%2Fsvg%27%20width%3D%271363%27%20height%3D%272048%27%20viewBox%3D%270%200%201363%202048%27%3E%3Crect%20width%3D%271363%27%20height%3D%272048%27%20fill-opacity%3D%220%22%2F%3E%3C%2Fsvg%3E\" data-orig-src=\"https:\/\/www.teatrostabiletorino.it\/wp-content\/uploads\/2019\/11\/15_lavia-i-giganti-della-montagna_dsc_2106-ph-filippo-manzini-02-2019_47155034672_o-150x150.jpg\" data-srcset=\"https:\/\/www.teatrostabiletorino.it\/wp-content\/uploads\/2019\/11\/15_lavia-i-giganti-della-montagna_dsc_2106-ph-filippo-manzini-02-2019_47155034672_o-66x66.jpg 66w, https:\/\/www.teatrostabiletorino.it\/wp-content\/uploads\/2019\/11\/15_lavia-i-giganti-della-montagna_dsc_2106-ph-filippo-manzini-02-2019_47155034672_o-150x150.jpg 150w\" data-sizes=\"auto\" \/><\/a>\n\t\t\t<\/dt>\n\t\t\t\t<dd class='wp-caption-text gallery-caption' id='gallery-1-42193'>\n\t\t\t\tph Filippo Manzini\n\t\t\t\t<\/dd><\/dl><dl class='gallery-item'>\n\t\t\t<dt class='gallery-icon landscape'>\n\t\t\t\t<a data-rel=\"iLightbox[postimages]\" data-title=\"16_DSC_9858 &#8211; ph. Tommaso Le Pera\" data-caption=\"ph. Tommaso Le Pera\" href='https:\/\/www.teatrostabiletorino.it\/wp-content\/uploads\/2019\/11\/16_DSC_9858-ph.-Tommaso-Le-Pera.jpg'><img decoding=\"async\" width=\"150\" height=\"150\" src=\"https:\/\/www.teatrostabiletorino.it\/wp-content\/uploads\/2019\/11\/16_DSC_9858-ph.-Tommaso-Le-Pera-150x150.jpg\" class=\"attachment-thumbnail size-thumbnail lazyload\" alt=\"\" aria-describedby=\"gallery-1-42194\" srcset=\"data:image\/svg+xml,%3Csvg%20xmlns%3D%27http%3A%2F%2Fwww.w3.org%2F2000%2Fsvg%27%20width%3D%272126%27%20height%3D%271415%27%20viewBox%3D%270%200%202126%201415%27%3E%3Crect%20width%3D%272126%27%20height%3D%271415%27%20fill-opacity%3D%220%22%2F%3E%3C%2Fsvg%3E\" data-orig-src=\"https:\/\/www.teatrostabiletorino.it\/wp-content\/uploads\/2019\/11\/16_DSC_9858-ph.-Tommaso-Le-Pera-150x150.jpg\" data-srcset=\"https:\/\/www.teatrostabiletorino.it\/wp-content\/uploads\/2019\/11\/16_DSC_9858-ph.-Tommaso-Le-Pera-66x66.jpg 66w, https:\/\/www.teatrostabiletorino.it\/wp-content\/uploads\/2019\/11\/16_DSC_9858-ph.-Tommaso-Le-Pera-150x150.jpg 150w\" data-sizes=\"auto\" \/><\/a>\n\t\t\t<\/dt>\n\t\t\t\t<dd class='wp-caption-text gallery-caption' id='gallery-1-42194'>\n\t\t\t\tph. Tommaso Le Pera\n\t\t\t\t<\/dd><\/dl><br style=\"clear: both\" \/>\n\t\t<\/div>\n\n<p>&nbsp;<\/p>","protected":false},"excerpt":{"rendered":"<p>Sorry, this entry is only available in Italiano.Al Teatro Carignano mercoled\u00ec 13 novembre 2019, alle <a href=\"https:\/\/www.teatrostabiletorino.it\/en\/gabriele-lavia-dirige-e-interpreta-i-giganti-della-montagna-di-luigi-pirandello-al-teatro-carignano-dal-13-novembre-lo-spettacolo-e-coprodotto-dallo-stabile-di-torino\/\"> [+]<\/a><\/p>\n","protected":false},"author":2,"featured_media":42180,"comment_status":"closed","ping_status":"closed","sticky":false,"template":"","format":"standard","meta":{"_acf_changed":false,"footnotes":""},"categories":[103],"tags":[],"acf":[],"_links":{"self":[{"href":"https:\/\/www.teatrostabiletorino.it\/en\/wp-json\/wp\/v2\/posts\/42176"}],"collection":[{"href":"https:\/\/www.teatrostabiletorino.it\/en\/wp-json\/wp\/v2\/posts"}],"about":[{"href":"https:\/\/www.teatrostabiletorino.it\/en\/wp-json\/wp\/v2\/types\/post"}],"author":[{"embeddable":true,"href":"https:\/\/www.teatrostabiletorino.it\/en\/wp-json\/wp\/v2\/users\/2"}],"replies":[{"embeddable":true,"href":"https:\/\/www.teatrostabiletorino.it\/en\/wp-json\/wp\/v2\/comments?post=42176"}],"version-history":[{"count":0,"href":"https:\/\/www.teatrostabiletorino.it\/en\/wp-json\/wp\/v2\/posts\/42176\/revisions"}],"wp:featuredmedia":[{"embeddable":true,"href":"https:\/\/www.teatrostabiletorino.it\/en\/wp-json\/wp\/v2\/media\/42180"}],"wp:attachment":[{"href":"https:\/\/www.teatrostabiletorino.it\/en\/wp-json\/wp\/v2\/media?parent=42176"}],"wp:term":[{"taxonomy":"category","embeddable":true,"href":"https:\/\/www.teatrostabiletorino.it\/en\/wp-json\/wp\/v2\/categories?post=42176"},{"taxonomy":"post_tag","embeddable":true,"href":"https:\/\/www.teatrostabiletorino.it\/en\/wp-json\/wp\/v2\/tags?post=42176"}],"curies":[{"name":"wp","href":"https:\/\/api.w.org\/{rel}","templated":true}]}}