{"id":42527,"date":"2019-12-03T12:37:15","date_gmt":"2019-12-03T11:37:15","guid":{"rendered":"https:\/\/www.teatrostabiletorino.it\/?p=42527"},"modified":"2019-12-10T12:44:29","modified_gmt":"2019-12-10T11:44:29","slug":"per-le-feste-natalizie-il-teatro-stabile-di-torino-programma-al-teatro-carignano-dal-17-al-31-dicembre-2019-cosi-parlo-bellavista-un-omaggio-a-luciano-de-crescenzo-con-geppy-gleij","status":"publish","type":"post","link":"https:\/\/www.teatrostabiletorino.it\/en\/per-le-feste-natalizie-il-teatro-stabile-di-torino-programma-al-teatro-carignano-dal-17-al-31-dicembre-2019-cosi-parlo-bellavista-un-omaggio-a-luciano-de-crescenzo-con-geppy-gleij\/","title":{"rendered":"PER LE FESTE NATALIZIE IL TEATRO STABILE DI TORINO PROGRAMMA: AL TEATRO CARIGNANO DAL 17 AL 31 DICEMBRE 2019 \u201cCOS\u00cc PARL\u00d2 BELLAVISTA\u201d, UN OMAGGIO A LUCIANO DE CRESCENZO  CON GEPPY GLEIJESES E MARISA LAURITO"},"content":{"rendered":"<p class=\"qtranxs-available-languages-message qtranxs-available-languages-message-en\">Sorry, this entry is only available in <a href=\"https:\/\/www.teatrostabiletorino.it\/it\/wp-json\/wp\/v2\/posts\/42527\" class=\"qtranxs-available-language-link qtranxs-available-language-link-it\" title=\"Italiano\">Italiano<\/a>.<\/p><p>Marted\u00ec 17 dicembre 2019, alle ore 19.30, debutta al Teatro Carignano di Torino <strong>COS\u00cc PARL\u00d2 BELLAVISTA<\/strong>, adattamento teatrale di\u00a0<strong>Geppy\u00a0 Gleijeses<\/strong> dal film e dal romanzo di <strong>Luciano De Crescenzo<\/strong>. La regia dello spettacolo \u00e8 dello stesso <strong>Geppy Gleijeses<\/strong>, che sar\u00e0 in scena con <strong>Marisa Laurito<\/strong> e <strong>Benedetto Casillo<\/strong> affiancati da <strong>Nunzia Schiano, Salvatore Misticone, Vittorio Ciorcalo, Patrizia Capuano, Gianluca Ferrato e da Elisabetta Mirra, Gregorio De Paola, Agostino Pannone, Adriano Falivene, Brunella De Feudis<\/strong>. Le scene sono di Roberto Crea, le musiche di Claudio Mattone, i costumi di Gabriella Campagna, le luci di Luigi Ascione.<\/p>\n<p>Lo spettacolo, prodotto da Gitiesse Artisti Riuniti e da Best Live, rester\u00e0 in scena al Carignano per la Stagione in abbonamento del Teatro Stabile di Torino \u2013 Teatro Nazionale fino a marted\u00ec 31 dicembre.<\/p>\n<p><strong>Variazioni di orario durante le Feste:<\/strong><br \/>\n<strong>Recite: luned\u00ec 23 dicembre 2019, ore 19.30; marted\u00ec 24 dicembre, riposo; mercoled\u00ec 25 dicembre, ore 20.45; gioved\u00ec 26 dicembre, ore 15.30; luned\u00ec 30 dicembre, ore 19.30.<\/strong><br \/>\n<strong>La recita del 31 dicembre 2019 \u00e8 programmata alle ore 20.45 (fuori abbonamento).<\/strong><br \/>\n<strong>Il 31 dicembre, al termine dello spettacolo, saranno offerti al pubblico nella Caffetteria Lavazza e nel foyer del Carignano un calice di bollicine con il panettone o il pandoro Stratta.<\/strong><\/p>\n<p><em>Geppy Gleijeses interpreta il <\/em>Professore <em>nato dal romanzo e reso celebre dal film culto di Luciano De Crescenzo. Un adattamento fortemente voluto da Alessandro Siani: un omaggio all\u2019ingegnere-filosofo napoletano, che ci ha da poco lasciati.<\/em><\/p>\n<p>Nato nel 2018 in occasione dei 90 anni di Luciano De Crescenzo, <em>Cos\u00ec parl\u00f2 Bellavista<\/em> arriva allo Stabile come una sorta di omaggio, dopo la morte recente dell\u2019ingegnere-filosofo napoletano. Geppy Gleijeses \u00e8 regista e protagonista, insieme a Marisa Laurito, di questo spettacolo prodotto dalla star di Benvenuti al Sud, Alessandro Siani. Un omaggio a De Crescenzo, ma anche un grande affresco corale, celebrazione della umanissima ed esilarante napoletanit\u00e0. Sullo sfondo dell\u2019eterna diatriba, di carattere etnico\/sentimentale, tra uomini d\u2019amore (napoletani) e uomini di libert\u00e0 (milanesi), tema dell&#8217;iconica lezione del Professore, rivivono, in un perfetto meccanismo teatrale, le scene pi\u00f9 divertenti del film come Il cavalluccio rosso, La lavastoviglie, Il Banco Lotto, La 500 tappezzata di giornali. Cardine della storia, il contrasto tra il meridionalissimo professor Bellavista e il dirigente dell\u2019Alfa venuto dal Nord Cazzaniga. La scenografia riproduce la facciata del grande palazzo di via Foria, dove fu girata la pellicola, con i tipici elementi della casa partenopea: il tavolo dei pomodori, il negozio di arredi sacri, l\u2019ascensore, il cenacolo. Proprio qui, nel cenacolo, Bellavista tiene le sue dissertazioni e regala pillole di saggezza. La produzione \u00e8 anche un omaggio al coautore di quel film, Riccardo Pazzaglia, in memoria di una stagione cinematografica e televisiva indimenticabile.<\/p>\n<p><strong>Per RETROSCENA<\/strong><br \/>\n<strong>il progetto realizzato dal Teatro Stabile di Torino \u2013 Teatro Nazionale con l\u2019Universit\u00e0 degli Studi di Torino \/ Dams &#8211; Universit\u00e0 degli Studi di Torino \/ CRAD<\/strong><br \/>\n<strong>al TEATRO GOBETTI<\/strong><br \/>\n<strong>mercoled\u00ec 18 dicembre 2019, alle ore 17.30 <\/strong><br \/>\n<strong>Geppy Gleijeses, Marisa Laurito e gli attori della compagnia <\/strong><br \/>\n<strong>dialogano con Gabriele Rigola (DAMS\/ Universit\u00e0 di Torino) <\/strong><br \/>\n<strong>su COS\u00cc PARL\u00d2 BELLAVISTA dal film e dal romanzo di Luciano De Crescenzo<\/strong><\/p>\n<p><em>Ingresso libero fino ad esaurimento dei posti in sala<\/em><\/p>\n<p>&nbsp;<\/p>\n<p><a href=\"http:\/\/www.teatrostabiletorino.it\/wp-content\/uploads\/2019\/12\/CS_Cos\u00ec-parl\u00f2-Bellavista.pdf\" target=\"_blank\" rel=\"noopener\">CS_Cos\u00ec parl\u00f2 Bellavista<\/a><\/p>\n<p>&nbsp;<\/p>\n<p>&nbsp;<\/p>\n<p>&nbsp;<\/p>\n<p>\n\t\t<style type=\"text\/css\">\n\t\t\t#gallery-1 {\n\t\t\t\tmargin: auto;\n\t\t\t}\n\t\t\t#gallery-1 .gallery-item {\n\t\t\t\tfloat: left;\n\t\t\t\tmargin-top: 10px;\n\t\t\t\ttext-align: center;\n\t\t\t\twidth: 25%;\n\t\t\t}\n\t\t\t#gallery-1 img {\n\t\t\t\tborder: 2px solid #cfcfcf;\n\t\t\t}\n\t\t\t#gallery-1 .gallery-caption {\n\t\t\t\tmargin-left: 0;\n\t\t\t}\n\t\t\t\/* see gallery_shortcode() in wp-includes\/media.php *\/\n\t\t<\/style>\n\t\t<div id='gallery-1' class='gallery galleryid-42527 gallery-columns-4 gallery-size-thumbnail'><dl class='gallery-item'>\n\t\t\t<dt class='gallery-icon landscape'>\n\t\t\t\t<a data-rel=\"iLightbox[postimages]\" data-title=\"01_Geppy Gleijeses_Marisa Laurito\" data-caption=\"Geppy Gleijeses_Marisa Laurito\" href='https:\/\/www.teatrostabiletorino.it\/wp-content\/uploads\/2019\/12\/01_Geppy-Gleijeses_Marisa-Laurito.jpg'><img decoding=\"async\" width=\"150\" height=\"150\" src=\"https:\/\/www.teatrostabiletorino.it\/wp-content\/uploads\/2019\/12\/01_Geppy-Gleijeses_Marisa-Laurito-150x150.jpg\" class=\"attachment-thumbnail size-thumbnail lazyload\" alt=\"\" aria-describedby=\"gallery-1-42528\" srcset=\"data:image\/svg+xml,%3Csvg%20xmlns%3D%27http%3A%2F%2Fwww.w3.org%2F2000%2Fsvg%27%20width%3D%271890%27%20height%3D%271259%27%20viewBox%3D%270%200%201890%201259%27%3E%3Crect%20width%3D%271890%27%20height%3D%271259%27%20fill-opacity%3D%220%22%2F%3E%3C%2Fsvg%3E\" data-orig-src=\"https:\/\/www.teatrostabiletorino.it\/wp-content\/uploads\/2019\/12\/01_Geppy-Gleijeses_Marisa-Laurito-150x150.jpg\" data-srcset=\"https:\/\/www.teatrostabiletorino.it\/wp-content\/uploads\/2019\/12\/01_Geppy-Gleijeses_Marisa-Laurito-66x66.jpg 66w, https:\/\/www.teatrostabiletorino.it\/wp-content\/uploads\/2019\/12\/01_Geppy-Gleijeses_Marisa-Laurito-150x150.jpg 150w\" data-sizes=\"auto\" \/><\/a>\n\t\t\t<\/dt>\n\t\t\t\t<dd class='wp-caption-text gallery-caption' id='gallery-1-42528'>\n\t\t\t\tGeppy Gleijeses_Marisa Laurito\n\t\t\t\t<\/dd><\/dl><dl class='gallery-item'>\n\t\t\t<dt class='gallery-icon landscape'>\n\t\t\t\t<a data-rel=\"iLightbox[postimages]\" data-title=\"02_Geppy Gleijeses\" data-caption=\"Geppy Gleijeses\" href='https:\/\/www.teatrostabiletorino.it\/wp-content\/uploads\/2019\/12\/02_Geppy-Gleijeses.jpg'><img decoding=\"async\" width=\"150\" height=\"150\" src=\"https:\/\/www.teatrostabiletorino.it\/wp-content\/uploads\/2019\/12\/02_Geppy-Gleijeses-150x150.jpg\" class=\"attachment-thumbnail size-thumbnail lazyload\" alt=\"\" aria-describedby=\"gallery-1-42529\" srcset=\"data:image\/svg+xml,%3Csvg%20xmlns%3D%27http%3A%2F%2Fwww.w3.org%2F2000%2Fsvg%27%20width%3D%271644%27%20height%3D%271096%27%20viewBox%3D%270%200%201644%201096%27%3E%3Crect%20width%3D%271644%27%20height%3D%271096%27%20fill-opacity%3D%220%22%2F%3E%3C%2Fsvg%3E\" data-orig-src=\"https:\/\/www.teatrostabiletorino.it\/wp-content\/uploads\/2019\/12\/02_Geppy-Gleijeses-150x150.jpg\" data-srcset=\"https:\/\/www.teatrostabiletorino.it\/wp-content\/uploads\/2019\/12\/02_Geppy-Gleijeses-66x66.jpg 66w, https:\/\/www.teatrostabiletorino.it\/wp-content\/uploads\/2019\/12\/02_Geppy-Gleijeses-150x150.jpg 150w\" data-sizes=\"auto\" \/><\/a>\n\t\t\t<\/dt>\n\t\t\t\t<dd class='wp-caption-text gallery-caption' id='gallery-1-42529'>\n\t\t\t\tGeppy Gleijeses\n\t\t\t\t<\/dd><\/dl><dl class='gallery-item'>\n\t\t\t<dt class='gallery-icon landscape'>\n\t\t\t\t<a data-rel=\"iLightbox[postimages]\" data-title=\"03_Nunzia Schiano_Geppy Gleijeses_Marisa Laurito\" data-caption=\"Nunzia Schiano_Geppy Gleijeses_Marisa Laurito\" href='https:\/\/www.teatrostabiletorino.it\/wp-content\/uploads\/2019\/12\/03_Nunzia-Schiano_Geppy-Gleijeses_Marisa-Laurito.jpg'><img decoding=\"async\" width=\"150\" height=\"150\" src=\"https:\/\/www.teatrostabiletorino.it\/wp-content\/uploads\/2019\/12\/03_Nunzia-Schiano_Geppy-Gleijeses_Marisa-Laurito-150x150.jpg\" class=\"attachment-thumbnail size-thumbnail lazyload\" alt=\"\" aria-describedby=\"gallery-1-42530\" srcset=\"data:image\/svg+xml,%3Csvg%20xmlns%3D%27http%3A%2F%2Fwww.w3.org%2F2000%2Fsvg%27%20width%3D%271651%27%20height%3D%271101%27%20viewBox%3D%270%200%201651%201101%27%3E%3Crect%20width%3D%271651%27%20height%3D%271101%27%20fill-opacity%3D%220%22%2F%3E%3C%2Fsvg%3E\" data-orig-src=\"https:\/\/www.teatrostabiletorino.it\/wp-content\/uploads\/2019\/12\/03_Nunzia-Schiano_Geppy-Gleijeses_Marisa-Laurito-150x150.jpg\" data-srcset=\"https:\/\/www.teatrostabiletorino.it\/wp-content\/uploads\/2019\/12\/03_Nunzia-Schiano_Geppy-Gleijeses_Marisa-Laurito-66x66.jpg 66w, https:\/\/www.teatrostabiletorino.it\/wp-content\/uploads\/2019\/12\/03_Nunzia-Schiano_Geppy-Gleijeses_Marisa-Laurito-150x150.jpg 150w\" data-sizes=\"auto\" \/><\/a>\n\t\t\t<\/dt>\n\t\t\t\t<dd class='wp-caption-text gallery-caption' id='gallery-1-42530'>\n\t\t\t\tNunzia Schiano_Geppy Gleijeses_Marisa Laurito\n\t\t\t\t<\/dd><\/dl>\n\t\t\t<br style='clear: both' \/>\n\t\t<\/div>\n<\/p>","protected":false},"excerpt":{"rendered":"<p>Sorry, this entry is only available in Italiano.Marted\u00ec 17 dicembre 2019, alle ore 19.30, debutta <a href=\"https:\/\/www.teatrostabiletorino.it\/en\/per-le-feste-natalizie-il-teatro-stabile-di-torino-programma-al-teatro-carignano-dal-17-al-31-dicembre-2019-cosi-parlo-bellavista-un-omaggio-a-luciano-de-crescenzo-con-geppy-gleij\/\"> [+]<\/a><\/p>\n","protected":false},"author":2,"featured_media":42528,"comment_status":"closed","ping_status":"closed","sticky":false,"template":"","format":"standard","meta":{"_acf_changed":false,"footnotes":""},"categories":[103],"tags":[],"acf":[],"_links":{"self":[{"href":"https:\/\/www.teatrostabiletorino.it\/en\/wp-json\/wp\/v2\/posts\/42527"}],"collection":[{"href":"https:\/\/www.teatrostabiletorino.it\/en\/wp-json\/wp\/v2\/posts"}],"about":[{"href":"https:\/\/www.teatrostabiletorino.it\/en\/wp-json\/wp\/v2\/types\/post"}],"author":[{"embeddable":true,"href":"https:\/\/www.teatrostabiletorino.it\/en\/wp-json\/wp\/v2\/users\/2"}],"replies":[{"embeddable":true,"href":"https:\/\/www.teatrostabiletorino.it\/en\/wp-json\/wp\/v2\/comments?post=42527"}],"version-history":[{"count":0,"href":"https:\/\/www.teatrostabiletorino.it\/en\/wp-json\/wp\/v2\/posts\/42527\/revisions"}],"wp:featuredmedia":[{"embeddable":true,"href":"https:\/\/www.teatrostabiletorino.it\/en\/wp-json\/wp\/v2\/media\/42528"}],"wp:attachment":[{"href":"https:\/\/www.teatrostabiletorino.it\/en\/wp-json\/wp\/v2\/media?parent=42527"}],"wp:term":[{"taxonomy":"category","embeddable":true,"href":"https:\/\/www.teatrostabiletorino.it\/en\/wp-json\/wp\/v2\/categories?post=42527"},{"taxonomy":"post_tag","embeddable":true,"href":"https:\/\/www.teatrostabiletorino.it\/en\/wp-json\/wp\/v2\/tags?post=42527"}],"curies":[{"name":"wp","href":"https:\/\/api.w.org\/{rel}","templated":true}]}}