{"id":42660,"date":"2020-01-02T18:02:00","date_gmt":"2020-01-02T17:02:00","guid":{"rendered":"https:\/\/www.teatrostabiletorino.it\/?p=42660"},"modified":"2020-01-02T18:06:39","modified_gmt":"2020-01-02T17:06:39","slug":"il-teatro-stabile-di-torino-festeggia-un-2019-ancora-in-crescita","status":"publish","type":"post","link":"https:\/\/www.teatrostabiletorino.it\/en\/il-teatro-stabile-di-torino-festeggia-un-2019-ancora-in-crescita\/","title":{"rendered":"IL TEATRO STABILE DI TORINO FESTEGGIA UN 2019 ANCORA IN CRESCITA"},"content":{"rendered":"<p class=\"qtranxs-available-languages-message qtranxs-available-languages-message-en\">Sorry, this entry is only available in <a href=\"https:\/\/www.teatrostabiletorino.it\/it\/wp-json\/wp\/v2\/posts\/42660\" class=\"qtranxs-available-language-link qtranxs-available-language-link-it\" title=\"Italiano\">Italiano<\/a>.<\/p><p>Il 2019 \u00e8 stato un anno molto positivo per il Teatro Stabile di Torino: ai riconoscimenti artistici sono corrisposte ottime prestazioni sul fronte della produttivit\u00e0, della partecipazione del pubblico e degli incassi da bigliettazione. La progressione \u00e8 ancor pi\u00f9 significativa considerato che gi\u00e0 i due precedenti esercizi avevano fatto registrare risultati in forte crescita.<\/p>\n<p>In merito alla qualit\u00e0 artistica delle produzioni, lo spettacolo <em>Cos\u00ec \u00e8 (se vi pare)<\/em> di Pirandello, diretto e interpretato da Filippo Dini, ha ottenuto il Premio nazionale \u201cLe Maschere del Teatro\u201d per la migliore regia dell\u2019anno. Tale riconoscimento suggella il posizionamento del TST nelle graduatorie del MiBACT, che nel 2019 ha assegnato al nostro Stabile il punteggio artistico pi\u00f9 alto tra i Teatri Nazionali e a Torinodanza il punteggio artistico pi\u00f9 alto tra i festival disciplinari.<\/p>\n<p>Sul fronte dei risultati quantitativi, il TST migliora ancora una volta tutti gli indicatori chiave di prestazione rispetto all\u2019esercizio precedente. <strong>Nel 2019 si sono infatti conseguiti sette nuovi record storici per produttivit\u00e0, alzate di sipario, incassi da biglietteria, biglietti venduti in sede, numero di abbonamenti, presenze totali e contributi FUS<\/strong>.<\/p>\n<div class=\"thumbnail thumbnail-application\"><\/div>\n<div class=\"details\">\n<div class=\"filename\"><a href=\"http:\/\/www.teatrostabiletorino.it\/wp-content\/uploads\/2020\/01\/01_CS_TST-ancora-in-crescita-nel-2019.pdf\" target=\"_blank\" rel=\"noopener\">01_CS_TST-ancora-in-crescita-nel-2019<\/a><\/div>\n<\/div>\n<div><\/div>\n<div>\n\n\t\t<style type=\"text\/css\">\n\t\t\t#gallery-1 {\n\t\t\t\tmargin: auto;\n\t\t\t}\n\t\t\t#gallery-1 .gallery-item {\n\t\t\t\tfloat: left;\n\t\t\t\tmargin-top: 10px;\n\t\t\t\ttext-align: center;\n\t\t\t\twidth: 33%;\n\t\t\t}\n\t\t\t#gallery-1 img {\n\t\t\t\tborder: 2px solid #cfcfcf;\n\t\t\t}\n\t\t\t#gallery-1 .gallery-caption {\n\t\t\t\tmargin-left: 0;\n\t\t\t}\n\t\t\t\/* see gallery_shortcode() in wp-includes\/media.php *\/\n\t\t<\/style>\n\t\t<div id='gallery-1' class='gallery galleryid-42660 gallery-columns-3 gallery-size-thumbnail'><dl class='gallery-item'>\n\t\t\t<dt class='gallery-icon landscape'>\n\t\t\t\t<a data-rel=\"iLightbox[postimages]\" data-title=\"02_Fonsatti_Binasco_Vallarino Gancia\" data-caption=\"da sinistra Filippo Fonsatti, Direttore del Teatro Stabile di Torino, Valerio Binasco, Direttore artistico, Lamberto Vallarino Gancia, Presidente Photo Michele D\u2019Ottavio\" href='https:\/\/www.teatrostabiletorino.it\/wp-content\/uploads\/2020\/01\/02_Fonsatti_Binasco_Vallarino-Gancia-1.jpg'><img decoding=\"async\" width=\"150\" height=\"150\" src=\"https:\/\/www.teatrostabiletorino.it\/wp-content\/uploads\/2020\/01\/02_Fonsatti_Binasco_Vallarino-Gancia-1-150x150.jpg\" class=\"attachment-thumbnail size-thumbnail lazyload\" alt=\"\" aria-describedby=\"gallery-1-42662\" srcset=\"data:image\/svg+xml,%3Csvg%20xmlns%3D%27http%3A%2F%2Fwww.w3.org%2F2000%2Fsvg%27%20width%3D%273324%27%20height%3D%272218%27%20viewBox%3D%270%200%203324%202218%27%3E%3Crect%20width%3D%273324%27%20height%3D%272218%27%20fill-opacity%3D%220%22%2F%3E%3C%2Fsvg%3E\" data-orig-src=\"https:\/\/www.teatrostabiletorino.it\/wp-content\/uploads\/2020\/01\/02_Fonsatti_Binasco_Vallarino-Gancia-1-150x150.jpg\" data-srcset=\"https:\/\/www.teatrostabiletorino.it\/wp-content\/uploads\/2020\/01\/02_Fonsatti_Binasco_Vallarino-Gancia-1-66x66.jpg 66w, https:\/\/www.teatrostabiletorino.it\/wp-content\/uploads\/2020\/01\/02_Fonsatti_Binasco_Vallarino-Gancia-1-150x150.jpg 150w\" data-sizes=\"auto\" \/><\/a>\n\t\t\t<\/dt>\n\t\t\t\t<dd class='wp-caption-text gallery-caption' id='gallery-1-42662'>\n\t\t\t\tda sinistra Filippo Fonsatti, Direttore del Teatro Stabile di Torino, Valerio Binasco, Direttore artistico, <br>Lamberto Vallarino Gancia, Presidente <br>Photo Michele D\u2019Ottavio\n\t\t\t\t<\/dd><\/dl>\n\t\t\t<br style='clear: both' \/>\n\t\t<\/div>\n\n<\/div>\n<p>&nbsp;<\/p>\n<p>&nbsp;<\/p>","protected":false},"excerpt":{"rendered":"<p>Sorry, this entry is only available in Italiano.Il 2019 \u00e8 stato un anno molto positivo <a href=\"https:\/\/www.teatrostabiletorino.it\/en\/il-teatro-stabile-di-torino-festeggia-un-2019-ancora-in-crescita\/\"> [+]<\/a><\/p>\n","protected":false},"author":2,"featured_media":42662,"comment_status":"closed","ping_status":"closed","sticky":false,"template":"","format":"standard","meta":{"_acf_changed":false,"footnotes":""},"categories":[103],"tags":[],"acf":[],"_links":{"self":[{"href":"https:\/\/www.teatrostabiletorino.it\/en\/wp-json\/wp\/v2\/posts\/42660"}],"collection":[{"href":"https:\/\/www.teatrostabiletorino.it\/en\/wp-json\/wp\/v2\/posts"}],"about":[{"href":"https:\/\/www.teatrostabiletorino.it\/en\/wp-json\/wp\/v2\/types\/post"}],"author":[{"embeddable":true,"href":"https:\/\/www.teatrostabiletorino.it\/en\/wp-json\/wp\/v2\/users\/2"}],"replies":[{"embeddable":true,"href":"https:\/\/www.teatrostabiletorino.it\/en\/wp-json\/wp\/v2\/comments?post=42660"}],"version-history":[{"count":0,"href":"https:\/\/www.teatrostabiletorino.it\/en\/wp-json\/wp\/v2\/posts\/42660\/revisions"}],"wp:featuredmedia":[{"embeddable":true,"href":"https:\/\/www.teatrostabiletorino.it\/en\/wp-json\/wp\/v2\/media\/42662"}],"wp:attachment":[{"href":"https:\/\/www.teatrostabiletorino.it\/en\/wp-json\/wp\/v2\/media?parent=42660"}],"wp:term":[{"taxonomy":"category","embeddable":true,"href":"https:\/\/www.teatrostabiletorino.it\/en\/wp-json\/wp\/v2\/categories?post=42660"},{"taxonomy":"post_tag","embeddable":true,"href":"https:\/\/www.teatrostabiletorino.it\/en\/wp-json\/wp\/v2\/tags?post=42660"}],"curies":[{"name":"wp","href":"https:\/\/api.w.org\/{rel}","templated":true}]}}