{"id":42769,"date":"2020-01-14T15:24:20","date_gmt":"2020-01-14T14:24:20","guid":{"rendered":"https:\/\/www.teatrostabiletorino.it\/?p=42769"},"modified":"2020-01-20T18:03:26","modified_gmt":"2020-01-20T17:03:26","slug":"debutta-in-prima-nazionale-scene-di-violenza-coniugale-atto-finale-di-gerard-watkins-con-la-regia-di-elena-serra-lo-spettacolo-va-in-scena-alla-galleria-franco-noero-di-torino-da","status":"publish","type":"post","link":"https:\/\/www.teatrostabiletorino.it\/en\/debutta-in-prima-nazionale-scene-di-violenza-coniugale-atto-finale-di-gerard-watkins-con-la-regia-di-elena-serra-lo-spettacolo-va-in-scena-alla-galleria-franco-noero-di-torino-da\/","title":{"rendered":"DEBUTTA IN PRIMA NAZIONALE \u201cSCENE DI VIOLENZA CONIUGALE \/ ATTO FINALE\u201d DI G\u00c9RARD WATKINS, CON LA REGIA DI ELENA SERRA. LO SPETTACOLO VA IN SCENA ALLA GALLERIA FRANCO NOERO DI TORINO DAL 20 AL 31 GENNAIO 2020"},"content":{"rendered":"<p class=\"qtranxs-available-languages-message qtranxs-available-languages-message-en\">Sorry, this entry is only available in <a href=\"https:\/\/www.teatrostabiletorino.it\/it\/wp-json\/wp\/v2\/posts\/42769\" class=\"qtranxs-available-language-link qtranxs-available-language-link-it\" title=\"Italiano\">Italiano<\/a>.<\/p><p>Luned\u00ec 20 gennaio 2020, alle ore 19.30, debutta in prima nazionale alla Galleria Franco Noero (Piazza Carignano 2, Torino) lo spettacolo <strong>SCENE DI VIOLENZA CONIUGALE. ATTO FINALE<\/strong> di <strong>G\u00e9rard Watkins<\/strong>, tradotto da <strong>Monica Capuani<\/strong>, con la regia di <strong>Elena Serra<\/strong>.<br \/>\nIn scena: <strong>Roberto Corradino<\/strong> (Pascal), <strong>Clio Cipolletta<\/strong> (Annie), <strong>Aron Tewelde<\/strong> (Liam), <strong>Annamaria Troisi<\/strong> (Rachida), <strong>Elena Serra<\/strong> (Agnes). Lo spazio scenico \u00e8 di <strong>Jacopo Valsania<\/strong>, il progetto sonoro di <strong>Alessio Foglia<\/strong>.<\/p>\n<p>Lo spettacolo, prodotto dal Teatro Stabile di Torino &#8211; Teatro Nazionale, dal Teatro di Dioniso, da PAV con il supporto della Fondazione Nuovi Mecenati \u2013 fondazione franco-italiana di sostegno alla creazione contemporanea nell\u2019ambito di Fabulamundi Playwriting Europe \u2013 Beyond Borders, sar\u00e0 replicato alla Galleria Franco Noero per la Stagione in abbonamento del Teatro Stabile di Torino &#8211; Teatro Nazionale fino a venerd\u00ec 31 gennaio.<\/p>\n<p><em>Elena Serra realizza per il testo di G\u00e9rard Watkins una regia immersiva nello spazio fisico di un vero appartamento. Il dramma dell\u2019autore anglo-francese incide senza piet\u00e0 la carne viva delle dinamiche di coppia, dove le donne sono vittime designate.<\/em><\/p>\n<p>In un appartamento di Parigi si incrociano le vicende di due coppie di diverse estrazioni sociali: Liam, ex bullo di periferia in cerca di riscatto, e Rachida che cerca di sfuggire al clima soffocante della sua famiglia; Annie, ragazza madre in cerca di lavoro, e Pascal, fotografo radical chic. Destini paralleli che si incontrano casualmente nelle stanze dell\u2019appartamento \u2013 che entrambe le coppie si trovano contemporaneamente a visitare \u2013 e finiscono per combaciare nella spirale di violenza che, via via, trascina i protagonisti nelle profondit\u00e0 del dramma. Scene di violenza coniugale del drammaturgo G\u00e9rard Watkins (traduzione di Monica Capuani) \u00e8 un testo duro, gelido, implacabile, che \u00abmette sotto la lente di ingrandimento i processi mentali e comportamentali di vittima e carnefice\u00bb.<br \/>\nLa regista Elena Serra ha scelto lo spazio fisico di un appartamento reale, dove svanisce il confine tra realt\u00e0 e finzione, per un\u2019esperienza teatrale destinata a poche decine di spettatori alla volta.<br \/>\nIl luogo diventa metaforicamente una gabbia all\u2019interno della quale sia i carnefici sia le vittime finiscono per rimanere schiacciati dalla violenza esercitata e subita. Watkins costruisce un ingranaggio teatrale perfetto, millimetrico e con occhio da entomologo osserva e riporta i percorsi mentali dei quattro protagonisti.<\/p>\n<p><a href=\"http:\/\/www.teatrostabiletorino.it\/wp-content\/uploads\/2020\/01\/01_CS_Scene-di-violenza-coniugale_Prima-nazionale.pdf\" target=\"_blank\" rel=\"noopener\">01_CS_Scene di violenza coniugale_Prima nazionale<\/a><\/p>\n<p><a href=\"http:\/\/www.teatrostabiletorino.it\/wp-content\/uploads\/2020\/01\/02_Scheda-a-cura-della-Compagnia_scene.pdf\" target=\"_blank\" rel=\"noopener\">02_Scheda a cura della Compagnia<\/a><\/p>\n<p>&nbsp;<\/p>\n\n\t\t<style type=\"text\/css\">\n\t\t\t#gallery-1 {\n\t\t\t\tmargin: auto;\n\t\t\t}\n\t\t\t#gallery-1 .gallery-item {\n\t\t\t\tfloat: left;\n\t\t\t\tmargin-top: 10px;\n\t\t\t\ttext-align: center;\n\t\t\t\twidth: 20%;\n\t\t\t}\n\t\t\t#gallery-1 img {\n\t\t\t\tborder: 2px solid #cfcfcf;\n\t\t\t}\n\t\t\t#gallery-1 .gallery-caption {\n\t\t\t\tmargin-left: 0;\n\t\t\t}\n\t\t\t\/* see gallery_shortcode() in wp-includes\/media.php *\/\n\t\t<\/style>\n\t\t<div id='gallery-1' class='gallery galleryid-42769 gallery-columns-5 gallery-size-thumbnail'><dl class='gallery-item'>\n\t\t\t<dt class='gallery-icon portrait'>\n\t\t\t\t<a data-rel=\"iLightbox[postimages]\" data-title=\"03_Ritratto Elena Serra\" data-caption=\"Elena Serra\" href='https:\/\/www.teatrostabiletorino.it\/wp-content\/uploads\/2020\/01\/03_Ritratto-Elena-Serra.jpg'><img decoding=\"async\" width=\"150\" height=\"150\" src=\"https:\/\/www.teatrostabiletorino.it\/wp-content\/uploads\/2020\/01\/03_Ritratto-Elena-Serra-150x150.jpg\" class=\"attachment-thumbnail size-thumbnail lazyload\" alt=\"\" aria-describedby=\"gallery-1-42797\" srcset=\"data:image\/svg+xml,%3Csvg%20xmlns%3D%27http%3A%2F%2Fwww.w3.org%2F2000%2Fsvg%27%20width%3D%273475%27%20height%3D%274865%27%20viewBox%3D%270%200%203475%204865%27%3E%3Crect%20width%3D%273475%27%20height%3D%274865%27%20fill-opacity%3D%220%22%2F%3E%3C%2Fsvg%3E\" data-orig-src=\"https:\/\/www.teatrostabiletorino.it\/wp-content\/uploads\/2020\/01\/03_Ritratto-Elena-Serra-150x150.jpg\" data-srcset=\"https:\/\/www.teatrostabiletorino.it\/wp-content\/uploads\/2020\/01\/03_Ritratto-Elena-Serra-66x66.jpg 66w, https:\/\/www.teatrostabiletorino.it\/wp-content\/uploads\/2020\/01\/03_Ritratto-Elena-Serra-150x150.jpg 150w\" data-sizes=\"auto\" \/><\/a>\n\t\t\t<\/dt>\n\t\t\t\t<dd class='wp-caption-text gallery-caption' id='gallery-1-42797'>\n\t\t\t\tElena Serra\n\t\t\t\t<\/dd><\/dl>\n\t\t\t<br style='clear: both' \/>\n\t\t<\/div>\n\n<p>&nbsp;<\/p>\n<p>\n\t\t<style type=\"text\/css\">\n\t\t\t#gallery-2 {\n\t\t\t\tmargin: auto;\n\t\t\t}\n\t\t\t#gallery-2 .gallery-item {\n\t\t\t\tfloat: left;\n\t\t\t\tmargin-top: 10px;\n\t\t\t\ttext-align: center;\n\t\t\t\twidth: 20%;\n\t\t\t}\n\t\t\t#gallery-2 img {\n\t\t\t\tborder: 2px solid #cfcfcf;\n\t\t\t}\n\t\t\t#gallery-2 .gallery-caption {\n\t\t\t\tmargin-left: 0;\n\t\t\t}\n\t\t\t\/* see gallery_shortcode() in wp-includes\/media.php *\/\n\t\t<\/style>\n\t\t<div id='gallery-2' class='gallery galleryid-42769 gallery-columns-5 gallery-size-thumbnail'><dl class='gallery-item'>\n\t\t\t<dt class='gallery-icon landscape'>\n\t\t\t\t<a data-rel=\"iLightbox[postimages]\" data-title=\"01_Scene_ph Luigi De Palma_MG_0064\" data-caption=\"Roberto Corradino, Clio CipollettaLuigi De Palma\" href='https:\/\/www.teatrostabiletorino.it\/wp-content\/uploads\/2020\/01\/01_Scene_ph-Luigi-De-Palma_MG_0064.jpg'><img decoding=\"async\" width=\"150\" height=\"150\" src=\"https:\/\/www.teatrostabiletorino.it\/wp-content\/uploads\/2020\/01\/01_Scene_ph-Luigi-De-Palma_MG_0064-150x150.jpg\" class=\"attachment-thumbnail size-thumbnail lazyload\" alt=\"\" aria-describedby=\"gallery-2-42836\" srcset=\"data:image\/svg+xml,%3Csvg%20xmlns%3D%27http%3A%2F%2Fwww.w3.org%2F2000%2Fsvg%27%20width%3D%271500%27%20height%3D%271000%27%20viewBox%3D%270%200%201500%201000%27%3E%3Crect%20width%3D%271500%27%20height%3D%271000%27%20fill-opacity%3D%220%22%2F%3E%3C%2Fsvg%3E\" data-orig-src=\"https:\/\/www.teatrostabiletorino.it\/wp-content\/uploads\/2020\/01\/01_Scene_ph-Luigi-De-Palma_MG_0064-150x150.jpg\" data-srcset=\"https:\/\/www.teatrostabiletorino.it\/wp-content\/uploads\/2020\/01\/01_Scene_ph-Luigi-De-Palma_MG_0064-66x66.jpg 66w, https:\/\/www.teatrostabiletorino.it\/wp-content\/uploads\/2020\/01\/01_Scene_ph-Luigi-De-Palma_MG_0064-150x150.jpg 150w\" data-sizes=\"auto\" \/><\/a>\n\t\t\t<\/dt>\n\t\t\t\t<dd class='wp-caption-text gallery-caption' id='gallery-2-42836'>\n\t\t\t\tRoberto Corradino, Clio Cipolletta<br>Luigi De Palma\n\t\t\t\t<\/dd><\/dl><dl class='gallery-item'>\n\t\t\t<dt class='gallery-icon landscape'>\n\t\t\t\t<a data-rel=\"iLightbox[postimages]\" data-title=\"02_Scene_ph Luigi De Palma_MG_0473\" data-caption=\"Aron Tewelde, Annamaria TroisiLuigi De Palma\" href='https:\/\/www.teatrostabiletorino.it\/wp-content\/uploads\/2020\/01\/02_Scene_ph-Luigi-De-Palma_MG_0473.jpg'><img decoding=\"async\" width=\"150\" height=\"150\" src=\"https:\/\/www.teatrostabiletorino.it\/wp-content\/uploads\/2020\/01\/02_Scene_ph-Luigi-De-Palma_MG_0473-150x150.jpg\" class=\"attachment-thumbnail size-thumbnail lazyload\" alt=\"\" aria-describedby=\"gallery-2-42837\" srcset=\"data:image\/svg+xml,%3Csvg%20xmlns%3D%27http%3A%2F%2Fwww.w3.org%2F2000%2Fsvg%27%20width%3D%271500%27%20height%3D%271000%27%20viewBox%3D%270%200%201500%201000%27%3E%3Crect%20width%3D%271500%27%20height%3D%271000%27%20fill-opacity%3D%220%22%2F%3E%3C%2Fsvg%3E\" data-orig-src=\"https:\/\/www.teatrostabiletorino.it\/wp-content\/uploads\/2020\/01\/02_Scene_ph-Luigi-De-Palma_MG_0473-150x150.jpg\" data-srcset=\"https:\/\/www.teatrostabiletorino.it\/wp-content\/uploads\/2020\/01\/02_Scene_ph-Luigi-De-Palma_MG_0473-66x66.jpg 66w, https:\/\/www.teatrostabiletorino.it\/wp-content\/uploads\/2020\/01\/02_Scene_ph-Luigi-De-Palma_MG_0473-150x150.jpg 150w\" data-sizes=\"auto\" \/><\/a>\n\t\t\t<\/dt>\n\t\t\t\t<dd class='wp-caption-text gallery-caption' id='gallery-2-42837'>\n\t\t\t\tAron Tewelde, Annamaria Troisi<br>Luigi De Palma\n\t\t\t\t<\/dd><\/dl><dl class='gallery-item'>\n\t\t\t<dt class='gallery-icon landscape'>\n\t\t\t\t<a data-rel=\"iLightbox[postimages]\" data-title=\"03_Scene_ph Luigi De Palma_MG_0520\" data-caption=\"Roberto Corradino, Clio CipollettaLuigi De Palma\" href='https:\/\/www.teatrostabiletorino.it\/wp-content\/uploads\/2020\/01\/03_Scene_ph-Luigi-De-Palma_MG_0520.jpg'><img decoding=\"async\" width=\"150\" height=\"150\" src=\"https:\/\/www.teatrostabiletorino.it\/wp-content\/uploads\/2020\/01\/03_Scene_ph-Luigi-De-Palma_MG_0520-150x150.jpg\" class=\"attachment-thumbnail size-thumbnail lazyload\" alt=\"\" aria-describedby=\"gallery-2-42838\" srcset=\"data:image\/svg+xml,%3Csvg%20xmlns%3D%27http%3A%2F%2Fwww.w3.org%2F2000%2Fsvg%27%20width%3D%271500%27%20height%3D%271000%27%20viewBox%3D%270%200%201500%201000%27%3E%3Crect%20width%3D%271500%27%20height%3D%271000%27%20fill-opacity%3D%220%22%2F%3E%3C%2Fsvg%3E\" data-orig-src=\"https:\/\/www.teatrostabiletorino.it\/wp-content\/uploads\/2020\/01\/03_Scene_ph-Luigi-De-Palma_MG_0520-150x150.jpg\" data-srcset=\"https:\/\/www.teatrostabiletorino.it\/wp-content\/uploads\/2020\/01\/03_Scene_ph-Luigi-De-Palma_MG_0520-66x66.jpg 66w, https:\/\/www.teatrostabiletorino.it\/wp-content\/uploads\/2020\/01\/03_Scene_ph-Luigi-De-Palma_MG_0520-150x150.jpg 150w\" data-sizes=\"auto\" \/><\/a>\n\t\t\t<\/dt>\n\t\t\t\t<dd class='wp-caption-text gallery-caption' id='gallery-2-42838'>\n\t\t\t\tRoberto Corradino, Clio Cipolletta<br>Luigi De Palma\n\t\t\t\t<\/dd><\/dl><dl class='gallery-item'>\n\t\t\t<dt class='gallery-icon landscape'>\n\t\t\t\t<a data-rel=\"iLightbox[postimages]\" data-title=\"04_Scene_ph Luigi De Palma_MG_9736\" data-caption=\"Roberto Corradino, Clio CipollettaLuigi De Palma\" href='https:\/\/www.teatrostabiletorino.it\/wp-content\/uploads\/2020\/01\/04_Scene_ph-Luigi-De-Palma_MG_9736.jpg'><img decoding=\"async\" width=\"150\" height=\"150\" src=\"https:\/\/www.teatrostabiletorino.it\/wp-content\/uploads\/2020\/01\/04_Scene_ph-Luigi-De-Palma_MG_9736-150x150.jpg\" class=\"attachment-thumbnail size-thumbnail lazyload\" alt=\"\" aria-describedby=\"gallery-2-42839\" srcset=\"data:image\/svg+xml,%3Csvg%20xmlns%3D%27http%3A%2F%2Fwww.w3.org%2F2000%2Fsvg%27%20width%3D%271500%27%20height%3D%271000%27%20viewBox%3D%270%200%201500%201000%27%3E%3Crect%20width%3D%271500%27%20height%3D%271000%27%20fill-opacity%3D%220%22%2F%3E%3C%2Fsvg%3E\" data-orig-src=\"https:\/\/www.teatrostabiletorino.it\/wp-content\/uploads\/2020\/01\/04_Scene_ph-Luigi-De-Palma_MG_9736-150x150.jpg\" data-srcset=\"https:\/\/www.teatrostabiletorino.it\/wp-content\/uploads\/2020\/01\/04_Scene_ph-Luigi-De-Palma_MG_9736-66x66.jpg 66w, https:\/\/www.teatrostabiletorino.it\/wp-content\/uploads\/2020\/01\/04_Scene_ph-Luigi-De-Palma_MG_9736-150x150.jpg 150w\" data-sizes=\"auto\" \/><\/a>\n\t\t\t<\/dt>\n\t\t\t\t<dd class='wp-caption-text gallery-caption' id='gallery-2-42839'>\n\t\t\t\tRoberto Corradino, Clio Cipolletta<br>Luigi De Palma\n\t\t\t\t<\/dd><\/dl><dl class='gallery-item'>\n\t\t\t<dt class='gallery-icon landscape'>\n\t\t\t\t<a data-rel=\"iLightbox[postimages]\" data-title=\"05_Scene_ph Luigi De Palma_P1A8128\" data-caption=\"Aron Tewelde, Annamaria TroisiLuigi De Palma\" href='https:\/\/www.teatrostabiletorino.it\/wp-content\/uploads\/2020\/01\/05_Scene_ph-Luigi-De-Palma_P1A8128.jpg'><img decoding=\"async\" width=\"150\" height=\"150\" src=\"https:\/\/www.teatrostabiletorino.it\/wp-content\/uploads\/2020\/01\/05_Scene_ph-Luigi-De-Palma_P1A8128-150x150.jpg\" class=\"attachment-thumbnail size-thumbnail lazyload\" alt=\"\" aria-describedby=\"gallery-2-42840\" srcset=\"data:image\/svg+xml,%3Csvg%20xmlns%3D%27http%3A%2F%2Fwww.w3.org%2F2000%2Fsvg%27%20width%3D%271500%27%20height%3D%271000%27%20viewBox%3D%270%200%201500%201000%27%3E%3Crect%20width%3D%271500%27%20height%3D%271000%27%20fill-opacity%3D%220%22%2F%3E%3C%2Fsvg%3E\" data-orig-src=\"https:\/\/www.teatrostabiletorino.it\/wp-content\/uploads\/2020\/01\/05_Scene_ph-Luigi-De-Palma_P1A8128-150x150.jpg\" data-srcset=\"https:\/\/www.teatrostabiletorino.it\/wp-content\/uploads\/2020\/01\/05_Scene_ph-Luigi-De-Palma_P1A8128-66x66.jpg 66w, https:\/\/www.teatrostabiletorino.it\/wp-content\/uploads\/2020\/01\/05_Scene_ph-Luigi-De-Palma_P1A8128-150x150.jpg 150w\" data-sizes=\"auto\" \/><\/a>\n\t\t\t<\/dt>\n\t\t\t\t<dd class='wp-caption-text gallery-caption' id='gallery-2-42840'>\n\t\t\t\tAron Tewelde, Annamaria Troisi<br>Luigi De Palma\n\t\t\t\t<\/dd><\/dl><br style=\"clear: both\" \/><dl class='gallery-item'>\n\t\t\t<dt class='gallery-icon landscape'>\n\t\t\t\t<a data-rel=\"iLightbox[postimages]\" data-title=\"06_Scene_ph Luigi De Palma_P1A7145\" data-caption=\"Clio Cipolletta, Roberto CorradinoLuigi De Palma\" href='https:\/\/www.teatrostabiletorino.it\/wp-content\/uploads\/2020\/01\/06_Scene_ph-Luigi-De-Palma_P1A7145.jpg'><img decoding=\"async\" width=\"150\" height=\"150\" src=\"https:\/\/www.teatrostabiletorino.it\/wp-content\/uploads\/2020\/01\/06_Scene_ph-Luigi-De-Palma_P1A7145-150x150.jpg\" class=\"attachment-thumbnail size-thumbnail lazyload\" alt=\"\" aria-describedby=\"gallery-2-42841\" srcset=\"data:image\/svg+xml,%3Csvg%20xmlns%3D%27http%3A%2F%2Fwww.w3.org%2F2000%2Fsvg%27%20width%3D%271500%27%20height%3D%271000%27%20viewBox%3D%270%200%201500%201000%27%3E%3Crect%20width%3D%271500%27%20height%3D%271000%27%20fill-opacity%3D%220%22%2F%3E%3C%2Fsvg%3E\" data-orig-src=\"https:\/\/www.teatrostabiletorino.it\/wp-content\/uploads\/2020\/01\/06_Scene_ph-Luigi-De-Palma_P1A7145-150x150.jpg\" data-srcset=\"https:\/\/www.teatrostabiletorino.it\/wp-content\/uploads\/2020\/01\/06_Scene_ph-Luigi-De-Palma_P1A7145-66x66.jpg 66w, https:\/\/www.teatrostabiletorino.it\/wp-content\/uploads\/2020\/01\/06_Scene_ph-Luigi-De-Palma_P1A7145-150x150.jpg 150w\" data-sizes=\"auto\" \/><\/a>\n\t\t\t<\/dt>\n\t\t\t\t<dd class='wp-caption-text gallery-caption' id='gallery-2-42841'>\n\t\t\t\tClio Cipolletta, Roberto Corradino<br>Luigi De Palma\n\t\t\t\t<\/dd><\/dl>\n\t\t\t<br style='clear: both' \/>\n\t\t<\/div>\n<\/p>","protected":false},"excerpt":{"rendered":"<p>Sorry, this entry is only available in Italiano.Luned\u00ec 20 gennaio 2020, alle ore 19.30, debutta <a href=\"https:\/\/www.teatrostabiletorino.it\/en\/debutta-in-prima-nazionale-scene-di-violenza-coniugale-atto-finale-di-gerard-watkins-con-la-regia-di-elena-serra-lo-spettacolo-va-in-scena-alla-galleria-franco-noero-di-torino-da\/\"> [+]<\/a><\/p>\n","protected":false},"author":2,"featured_media":42615,"comment_status":"closed","ping_status":"closed","sticky":false,"template":"","format":"standard","meta":{"_acf_changed":false,"footnotes":""},"categories":[103],"tags":[],"acf":[],"_links":{"self":[{"href":"https:\/\/www.teatrostabiletorino.it\/en\/wp-json\/wp\/v2\/posts\/42769"}],"collection":[{"href":"https:\/\/www.teatrostabiletorino.it\/en\/wp-json\/wp\/v2\/posts"}],"about":[{"href":"https:\/\/www.teatrostabiletorino.it\/en\/wp-json\/wp\/v2\/types\/post"}],"author":[{"embeddable":true,"href":"https:\/\/www.teatrostabiletorino.it\/en\/wp-json\/wp\/v2\/users\/2"}],"replies":[{"embeddable":true,"href":"https:\/\/www.teatrostabiletorino.it\/en\/wp-json\/wp\/v2\/comments?post=42769"}],"version-history":[{"count":0,"href":"https:\/\/www.teatrostabiletorino.it\/en\/wp-json\/wp\/v2\/posts\/42769\/revisions"}],"wp:featuredmedia":[{"embeddable":true,"href":"https:\/\/www.teatrostabiletorino.it\/en\/wp-json\/wp\/v2\/media\/42615"}],"wp:attachment":[{"href":"https:\/\/www.teatrostabiletorino.it\/en\/wp-json\/wp\/v2\/media?parent=42769"}],"wp:term":[{"taxonomy":"category","embeddable":true,"href":"https:\/\/www.teatrostabiletorino.it\/en\/wp-json\/wp\/v2\/categories?post=42769"},{"taxonomy":"post_tag","embeddable":true,"href":"https:\/\/www.teatrostabiletorino.it\/en\/wp-json\/wp\/v2\/tags?post=42769"}],"curies":[{"name":"wp","href":"https:\/\/api.w.org\/{rel}","templated":true}]}}