{"id":42818,"date":"2020-01-20T12:22:42","date_gmt":"2020-01-20T11:22:42","guid":{"rendered":"https:\/\/www.teatrostabiletorino.it\/?p=42818"},"modified":"2020-01-20T12:22:42","modified_gmt":"2020-01-20T11:22:42","slug":"paolo-fresu-diretto-da-leo-muscato-racconta-chet-baker-nello-spettacolo-tempo-di-chet-la-versione-di-chet-baker-in-scena-al-teatro-carignano-dal-28-gennaio","status":"publish","type":"post","link":"https:\/\/www.teatrostabiletorino.it\/en\/paolo-fresu-diretto-da-leo-muscato-racconta-chet-baker-nello-spettacolo-tempo-di-chet-la-versione-di-chet-baker-in-scena-al-teatro-carignano-dal-28-gennaio\/","title":{"rendered":"PAOLO FRESU, DIRETTO DA LEO MUSCATO, RACCONTA CHET BAKER NELLO SPETTACOLO \u201cTEMPO DI CHET. LA VERSIONE DI CHET BAKER\u201d IN SCENA AL TEATRO CARIGNANO DAL 28 GENNAIO"},"content":{"rendered":"<p class=\"qtranxs-available-languages-message qtranxs-available-languages-message-en\">Sorry, this entry is only available in <a href=\"https:\/\/www.teatrostabiletorino.it\/it\/wp-json\/wp\/v2\/posts\/42818\" class=\"qtranxs-available-language-link qtranxs-available-language-link-it\" title=\"Italiano\">Italiano<\/a>.<\/p><p>Marted\u00ec 28 gennaio 2020, alle ore 19.30, debutta al Teatro Carignano di Torino lo spettacolo <strong>TEMPODICHET. LA VERSIONE DI CHET BAKER<\/strong>, diretto da <strong>Leo Muscato,<\/strong> che ne \u00e8 anche autore insieme a <strong>Laura Perini.<\/strong> In scena <strong>Paolo Fresu<\/strong> (tromba e flicorno), che ha composto le musiche originali, <strong>Dino Rubino<\/strong> (piano) e <strong>Marco Bardoscia<\/strong> (contrabbasso), affiancati dagli attori (in ordine alfabetico) <strong>Alessandro Averone, Rufin Doh, Paolo Li Volsi<\/strong>, <strong>Debora Mancini, Daniele Marmi, Mauro Parrinello, Graziano Piazza, Laura Pozone.<\/strong> Le scene sono di Andrea Belli, i costumi di Silvia Aymonino, le luci di Alessandro Verazzi.<\/p>\n<p>Lo spettacolo, prodotto dal Teatro Stabile di Bolzano, rester\u00e0 in scena al Carignano per la Stagione in abbonamento del Teatro Stabile di Torino \u2013 Teatro Nazionale fino a domenica 2 febbraio.<\/p>\n<p><em>Il musicista Paolo Fresu, con una nutrita compagnia di attori, racconta un mito assoluto del jazz: Chet Baker. Note e parole si incontrano in una inedita sovrapposizione tra scrittura drammaturgica e improvvisazione musicale.<\/em><\/p>\n<p>La pi\u00f9 emozionante e disperata delle trombe jazz, quella di Chet Baker, \u00e8 uno dei miti musicali pi\u00f9 controversi e discussi del \u2019900. A farlo rivivere sulla scena in questo biopic teatrale \u00e8 il grande trombettista Paolo Fresu, alter ego del suo predecessore americano, nato nell\u2019Oklahoma della Grande Depressione. <em>Tempo di Chet. La versione di Chet Baker<\/em> \u00e8 il risultato della fusione e della sovrapposizione tra la scrittura drammaturgica di Leo Muscato e Laura Perini e la partitura musicale curata, e interpretata dal vivo, di Paolo Fresu. Un flusso organico di note, parole e immagini per raccontare un personaggio leggendario e la sua epoca. La regia di Muscato oscilla tra passato e presente, lungo le varie fasi della vita dell\u2019artista \u2013 raccontato da chi lo ha incontrato: i genitori, le amanti, gli amici della giovinezza, i colleghi musicisti, i critici musicali \u2013 mettendo a fuoco fatti ed episodi, da quando bambino suo padre gli regal\u00f2 la prima tromba, fino agli istanti prima della morte, trovata volando gi\u00f9 dalla finestra di un albergo di Amsterdam. Fresu ricorda che all\u2019interno dell\u2019alone di mistero che circonda il trombettista si staglia, come un cono di luce, una musica straordinariamente limpida, logica e trasparente, forse una delle pi\u00f9 razionali e architettonicamente perfette della storia del jazz. La colonna sonora dell\u2019opera teatrale \u00e8 interpretata live da Paolo Fresu con Dino Rubino e Marco Bardoscia.<\/p>\n<p><a href=\"http:\/\/www.teatrostabiletorino.it\/wp-content\/uploads\/2020\/01\/01_CS_Tempo-di-Chet.pdf\" target=\"_blank\" rel=\"noopener\">01_CS_TEMPO DI CHET<\/a><\/p>\n<p><a href=\"http:\/\/www.teatrostabiletorino.it\/wp-content\/uploads\/2020\/01\/02_Scheda-a-cura-della-Compagnia-2.pdf\" target=\"_blank\" rel=\"noopener\">02_Scheda a cura della compagnia<\/a><\/p>\n<p><a href=\"http:\/\/www.teatrostabiletorino.it\/wp-content\/uploads\/2020\/01\/03_Note_Tempo-di-Chet.pdf\" target=\"_blank\" rel=\"noopener\">03_Note_Tempo di Chet<\/a><\/p>\n<p>Foto dello spettacolo ph_Tommaso Le Pera<\/p>\n<p>\n\t\t<style type=\"text\/css\">\n\t\t\t#gallery-1 {\n\t\t\t\tmargin: auto;\n\t\t\t}\n\t\t\t#gallery-1 .gallery-item {\n\t\t\t\tfloat: left;\n\t\t\t\tmargin-top: 10px;\n\t\t\t\ttext-align: center;\n\t\t\t\twidth: 20%;\n\t\t\t}\n\t\t\t#gallery-1 img {\n\t\t\t\tborder: 2px solid #cfcfcf;\n\t\t\t}\n\t\t\t#gallery-1 .gallery-caption {\n\t\t\t\tmargin-left: 0;\n\t\t\t}\n\t\t\t\/* see gallery_shortcode() in wp-includes\/media.php *\/\n\t\t<\/style>\n\t\t<div id='gallery-1' class='gallery galleryid-42818 gallery-columns-5 gallery-size-thumbnail'><dl class='gallery-item'>\n\t\t\t<dt class='gallery-icon landscape'>\n\t\t\t\t<a data-rel=\"iLightbox[postimages]\" data-title=\"DSC_4837_Tempo di Chet\" data-caption=\"da sinistra: Dino Rubino, Marco Bardoscia, Paolo Fresu  ph_Tommaso Le Pera\" href='https:\/\/www.teatrostabiletorino.it\/wp-content\/uploads\/2020\/01\/DSC_4837_Tempo-di-Chet_rubino_fresu_bardoscia_LePera.jpg'><img decoding=\"async\" width=\"150\" height=\"150\" src=\"https:\/\/www.teatrostabiletorino.it\/wp-content\/uploads\/2020\/01\/DSC_4837_Tempo-di-Chet_rubino_fresu_bardoscia_LePera-150x150.jpg\" class=\"attachment-thumbnail size-thumbnail lazyload\" alt=\"\" aria-describedby=\"gallery-1-42822\" srcset=\"data:image\/svg+xml,%3Csvg%20xmlns%3D%27http%3A%2F%2Fwww.w3.org%2F2000%2Fsvg%27%20width%3D%272126%27%20height%3D%271415%27%20viewBox%3D%270%200%202126%201415%27%3E%3Crect%20width%3D%272126%27%20height%3D%271415%27%20fill-opacity%3D%220%22%2F%3E%3C%2Fsvg%3E\" data-orig-src=\"https:\/\/www.teatrostabiletorino.it\/wp-content\/uploads\/2020\/01\/DSC_4837_Tempo-di-Chet_rubino_fresu_bardoscia_LePera-150x150.jpg\" data-srcset=\"https:\/\/www.teatrostabiletorino.it\/wp-content\/uploads\/2020\/01\/DSC_4837_Tempo-di-Chet_rubino_fresu_bardoscia_LePera-66x66.jpg 66w, https:\/\/www.teatrostabiletorino.it\/wp-content\/uploads\/2020\/01\/DSC_4837_Tempo-di-Chet_rubino_fresu_bardoscia_LePera-150x150.jpg 150w\" data-sizes=\"auto\" \/><\/a>\n\t\t\t<\/dt>\n\t\t\t\t<dd class='wp-caption-text gallery-caption' id='gallery-1-42822'>\n\t\t\t\tda sinistra: Dino Rubino, Marco Bardoscia, Paolo Fresu <br> ph_Tommaso Le Pera\n\t\t\t\t<\/dd><\/dl><dl class='gallery-item'>\n\t\t\t<dt class='gallery-icon landscape'>\n\t\t\t\t<a data-rel=\"iLightbox[postimages]\" data-title=\"DSC_4959_Tempo di Chet\" data-caption=\"da sinistra: Paolo Fresu, Marco Bardoscia  ph_Tommaso Le Pera\" href='https:\/\/www.teatrostabiletorino.it\/wp-content\/uploads\/2020\/01\/DSC_4959_Tempo-di-Chet_fresu_bardoscia.jpg'><img decoding=\"async\" width=\"150\" height=\"150\" src=\"https:\/\/www.teatrostabiletorino.it\/wp-content\/uploads\/2020\/01\/DSC_4959_Tempo-di-Chet_fresu_bardoscia-150x150.jpg\" class=\"attachment-thumbnail size-thumbnail lazyload\" alt=\"\" aria-describedby=\"gallery-1-42823\" srcset=\"data:image\/svg+xml,%3Csvg%20xmlns%3D%27http%3A%2F%2Fwww.w3.org%2F2000%2Fsvg%27%20width%3D%272126%27%20height%3D%271415%27%20viewBox%3D%270%200%202126%201415%27%3E%3Crect%20width%3D%272126%27%20height%3D%271415%27%20fill-opacity%3D%220%22%2F%3E%3C%2Fsvg%3E\" data-orig-src=\"https:\/\/www.teatrostabiletorino.it\/wp-content\/uploads\/2020\/01\/DSC_4959_Tempo-di-Chet_fresu_bardoscia-150x150.jpg\" data-srcset=\"https:\/\/www.teatrostabiletorino.it\/wp-content\/uploads\/2020\/01\/DSC_4959_Tempo-di-Chet_fresu_bardoscia-66x66.jpg 66w, https:\/\/www.teatrostabiletorino.it\/wp-content\/uploads\/2020\/01\/DSC_4959_Tempo-di-Chet_fresu_bardoscia-150x150.jpg 150w\" data-sizes=\"auto\" \/><\/a>\n\t\t\t<\/dt>\n\t\t\t\t<dd class='wp-caption-text gallery-caption' id='gallery-1-42823'>\n\t\t\t\tda sinistra: Paolo Fresu, Marco Bardoscia <br> ph_Tommaso Le Pera\n\t\t\t\t<\/dd><\/dl><dl class='gallery-item'>\n\t\t\t<dt class='gallery-icon landscape'>\n\t\t\t\t<a data-rel=\"iLightbox[postimages]\" data-title=\"DSC_4990_Tempo di Chet\" data-caption=\"da sinistra: Dino Rubino, Paolo Fresu, Marco Bardoscia Tommaso Le Pera\" href='https:\/\/www.teatrostabiletorino.it\/wp-content\/uploads\/2020\/01\/DSC_4990_Tempo-di-Chet_rubino_fresu_bardoscia_foto_LePera.jpg'><img decoding=\"async\" width=\"150\" height=\"150\" src=\"https:\/\/www.teatrostabiletorino.it\/wp-content\/uploads\/2020\/01\/DSC_4990_Tempo-di-Chet_rubino_fresu_bardoscia_foto_LePera-150x150.jpg\" class=\"attachment-thumbnail size-thumbnail lazyload\" alt=\"\" aria-describedby=\"gallery-1-42824\" srcset=\"data:image\/svg+xml,%3Csvg%20xmlns%3D%27http%3A%2F%2Fwww.w3.org%2F2000%2Fsvg%27%20width%3D%272362%27%20height%3D%271572%27%20viewBox%3D%270%200%202362%201572%27%3E%3Crect%20width%3D%272362%27%20height%3D%271572%27%20fill-opacity%3D%220%22%2F%3E%3C%2Fsvg%3E\" data-orig-src=\"https:\/\/www.teatrostabiletorino.it\/wp-content\/uploads\/2020\/01\/DSC_4990_Tempo-di-Chet_rubino_fresu_bardoscia_foto_LePera-150x150.jpg\" data-srcset=\"https:\/\/www.teatrostabiletorino.it\/wp-content\/uploads\/2020\/01\/DSC_4990_Tempo-di-Chet_rubino_fresu_bardoscia_foto_LePera-66x66.jpg 66w, https:\/\/www.teatrostabiletorino.it\/wp-content\/uploads\/2020\/01\/DSC_4990_Tempo-di-Chet_rubino_fresu_bardoscia_foto_LePera-150x150.jpg 150w\" data-sizes=\"auto\" \/><\/a>\n\t\t\t<\/dt>\n\t\t\t\t<dd class='wp-caption-text gallery-caption' id='gallery-1-42824'>\n\t\t\t\tda sinistra: Dino Rubino, Paolo Fresu, Marco Bardoscia <ph>Tommaso Le Pera\n\t\t\t\t<\/dd><\/dl><dl class='gallery-item'>\n\t\t\t<dt class='gallery-icon landscape'>\n\t\t\t\t<a data-rel=\"iLightbox[postimages]\" data-title=\"DSC_5490_Tempo di Chet\" data-caption=\"da sinistra, in primo piano: Rufin Doh, Simone Luglio, Alessandro Averone\n da sinistra, sul fondo: Dino Rubino, Marco Bardoscia, Paolo Fresu ph_Tommaso Le Pera\n\" href='https:\/\/www.teatrostabiletorino.it\/wp-content\/uploads\/2020\/01\/DSC_5490_Tempo-di-Chet_doh_luglio_averenone_bardoscia_fresu.jpg'><img decoding=\"async\" width=\"150\" height=\"150\" src=\"https:\/\/www.teatrostabiletorino.it\/wp-content\/uploads\/2020\/01\/DSC_5490_Tempo-di-Chet_doh_luglio_averenone_bardoscia_fresu-150x150.jpg\" class=\"attachment-thumbnail size-thumbnail lazyload\" alt=\"\" aria-describedby=\"gallery-1-42825\" srcset=\"data:image\/svg+xml,%3Csvg%20xmlns%3D%27http%3A%2F%2Fwww.w3.org%2F2000%2Fsvg%27%20width%3D%272126%27%20height%3D%271417%27%20viewBox%3D%270%200%202126%201417%27%3E%3Crect%20width%3D%272126%27%20height%3D%271417%27%20fill-opacity%3D%220%22%2F%3E%3C%2Fsvg%3E\" data-orig-src=\"https:\/\/www.teatrostabiletorino.it\/wp-content\/uploads\/2020\/01\/DSC_5490_Tempo-di-Chet_doh_luglio_averenone_bardoscia_fresu-150x150.jpg\" data-srcset=\"https:\/\/www.teatrostabiletorino.it\/wp-content\/uploads\/2020\/01\/DSC_5490_Tempo-di-Chet_doh_luglio_averenone_bardoscia_fresu-66x66.jpg 66w, https:\/\/www.teatrostabiletorino.it\/wp-content\/uploads\/2020\/01\/DSC_5490_Tempo-di-Chet_doh_luglio_averenone_bardoscia_fresu-150x150.jpg 150w\" data-sizes=\"auto\" \/><\/a>\n\t\t\t<\/dt>\n\t\t\t\t<dd class='wp-caption-text gallery-caption' id='gallery-1-42825'>\n\t\t\t\tda sinistra, in primo piano: Rufin Doh, Simone Luglio, Alessandro Averone\n<br> da sinistra, sul fondo: Dino Rubino, Marco Bardoscia, Paolo Fresu <br>ph_Tommaso Le Pera\n\n\t\t\t\t<\/dd><\/dl><dl class='gallery-item'>\n\t\t\t<dt class='gallery-icon landscape'>\n\t\t\t\t<a data-rel=\"iLightbox[postimages]\" data-title=\"DSC_6784_Tempo di Chet\" data-caption=\"da sinistra: Alessandro Averone, Mauro Parrinello \nsecondo piano: Paolo Fresu  ph_Tommaso Le Pera\" href='https:\/\/www.teatrostabiletorino.it\/wp-content\/uploads\/2020\/01\/DSC_6784_Tempo-di-Chet_averone_parrinello_fresu.jpg'><img decoding=\"async\" width=\"150\" height=\"150\" src=\"https:\/\/www.teatrostabiletorino.it\/wp-content\/uploads\/2020\/01\/DSC_6784_Tempo-di-Chet_averone_parrinello_fresu-150x150.jpg\" class=\"attachment-thumbnail size-thumbnail lazyload\" alt=\"\" aria-describedby=\"gallery-1-42826\" srcset=\"data:image\/svg+xml,%3Csvg%20xmlns%3D%27http%3A%2F%2Fwww.w3.org%2F2000%2Fsvg%27%20width%3D%272126%27%20height%3D%271417%27%20viewBox%3D%270%200%202126%201417%27%3E%3Crect%20width%3D%272126%27%20height%3D%271417%27%20fill-opacity%3D%220%22%2F%3E%3C%2Fsvg%3E\" data-orig-src=\"https:\/\/www.teatrostabiletorino.it\/wp-content\/uploads\/2020\/01\/DSC_6784_Tempo-di-Chet_averone_parrinello_fresu-150x150.jpg\" data-srcset=\"https:\/\/www.teatrostabiletorino.it\/wp-content\/uploads\/2020\/01\/DSC_6784_Tempo-di-Chet_averone_parrinello_fresu-66x66.jpg 66w, https:\/\/www.teatrostabiletorino.it\/wp-content\/uploads\/2020\/01\/DSC_6784_Tempo-di-Chet_averone_parrinello_fresu-150x150.jpg 150w\" data-sizes=\"auto\" \/><\/a>\n\t\t\t<\/dt>\n\t\t\t\t<dd class='wp-caption-text gallery-caption' id='gallery-1-42826'>\n\t\t\t\tda sinistra: Alessandro Averone, Mauro Parrinello <br>\nsecondo piano: Paolo Fresu <br> ph_Tommaso Le Pera\n\t\t\t\t<\/dd><\/dl><br style=\"clear: both\" \/><dl class='gallery-item'>\n\t\t\t<dt class='gallery-icon landscape'>\n\t\t\t\t<a data-rel=\"iLightbox[postimages]\" data-title=\"DSC_7366_Tempo di Chet\" data-caption=\"Alessandro Averone\n da sinistra, sul fondo: Dino Rubino, Marco Bardoscia, Paolo Fresu ph_Tommaso Le Pera\" href='https:\/\/www.teatrostabiletorino.it\/wp-content\/uploads\/2020\/01\/DSC_7366_Tempo-di-Chet_averone_rubino_bardoscia_fresu_tempodiChet_M.jpg'><img decoding=\"async\" width=\"150\" height=\"150\" src=\"https:\/\/www.teatrostabiletorino.it\/wp-content\/uploads\/2020\/01\/DSC_7366_Tempo-di-Chet_averone_rubino_bardoscia_fresu_tempodiChet_M-150x150.jpg\" class=\"attachment-thumbnail size-thumbnail lazyload\" alt=\"\" aria-describedby=\"gallery-1-42827\" srcset=\"data:image\/svg+xml,%3Csvg%20xmlns%3D%27http%3A%2F%2Fwww.w3.org%2F2000%2Fsvg%27%20width%3D%272126%27%20height%3D%271417%27%20viewBox%3D%270%200%202126%201417%27%3E%3Crect%20width%3D%272126%27%20height%3D%271417%27%20fill-opacity%3D%220%22%2F%3E%3C%2Fsvg%3E\" data-orig-src=\"https:\/\/www.teatrostabiletorino.it\/wp-content\/uploads\/2020\/01\/DSC_7366_Tempo-di-Chet_averone_rubino_bardoscia_fresu_tempodiChet_M-150x150.jpg\" data-srcset=\"https:\/\/www.teatrostabiletorino.it\/wp-content\/uploads\/2020\/01\/DSC_7366_Tempo-di-Chet_averone_rubino_bardoscia_fresu_tempodiChet_M-66x66.jpg 66w, https:\/\/www.teatrostabiletorino.it\/wp-content\/uploads\/2020\/01\/DSC_7366_Tempo-di-Chet_averone_rubino_bardoscia_fresu_tempodiChet_M-150x150.jpg 150w\" data-sizes=\"auto\" \/><\/a>\n\t\t\t<\/dt>\n\t\t\t\t<dd class='wp-caption-text gallery-caption' id='gallery-1-42827'>\n\t\t\t\tAlessandro Averone\n<br> da sinistra, sul fondo: Dino Rubino, Marco Bardoscia, Paolo Fresu <br>ph_Tommaso Le Pera\n\t\t\t\t<\/dd><\/dl><dl class='gallery-item'>\n\t\t\t<dt class='gallery-icon landscape'>\n\t\t\t\t<a data-rel=\"iLightbox[postimages]\" data-title=\"DSC_7691_Tempo di Chet\" data-caption=\"Tutti (Daniele Marmi, Simone Luglio, Laura Pozone, Alessandro Averone, Dino Rubino, Marco Bardoscia, Paolo Fresu, Debora Mancini, Graziano Piazza, Mauro Parrinello, Rufin Doh)ph_Tommaso Le Pera \" href='https:\/\/www.teatrostabiletorino.it\/wp-content\/uploads\/2020\/01\/DSC_7691_Tempo-di-Chet_tutti.jpg'><img decoding=\"async\" width=\"150\" height=\"150\" src=\"https:\/\/www.teatrostabiletorino.it\/wp-content\/uploads\/2020\/01\/DSC_7691_Tempo-di-Chet_tutti-150x150.jpg\" class=\"attachment-thumbnail size-thumbnail lazyload\" alt=\"\" aria-describedby=\"gallery-1-42828\" srcset=\"data:image\/svg+xml,%3Csvg%20xmlns%3D%27http%3A%2F%2Fwww.w3.org%2F2000%2Fsvg%27%20width%3D%272126%27%20height%3D%271417%27%20viewBox%3D%270%200%202126%201417%27%3E%3Crect%20width%3D%272126%27%20height%3D%271417%27%20fill-opacity%3D%220%22%2F%3E%3C%2Fsvg%3E\" data-orig-src=\"https:\/\/www.teatrostabiletorino.it\/wp-content\/uploads\/2020\/01\/DSC_7691_Tempo-di-Chet_tutti-150x150.jpg\" data-srcset=\"https:\/\/www.teatrostabiletorino.it\/wp-content\/uploads\/2020\/01\/DSC_7691_Tempo-di-Chet_tutti-66x66.jpg 66w, https:\/\/www.teatrostabiletorino.it\/wp-content\/uploads\/2020\/01\/DSC_7691_Tempo-di-Chet_tutti-150x150.jpg 150w\" data-sizes=\"auto\" \/><\/a>\n\t\t\t<\/dt>\n\t\t\t\t<dd class='wp-caption-text gallery-caption' id='gallery-1-42828'>\n\t\t\t\tTutti (Daniele Marmi, Simone Luglio, Laura Pozone, Alessandro Averone, Dino Rubino, Marco Bardoscia, Paolo Fresu, Debora Mancini, Graziano Piazza, Mauro Parrinello, Rufin Doh)<br>ph_Tommaso Le Pera \n\t\t\t\t<\/dd><\/dl>\n\t\t\t<br style='clear: both' \/>\n\t\t<\/div>\n<\/p>","protected":false},"excerpt":{"rendered":"<p>Sorry, this entry is only available in Italiano.Marted\u00ec 28 gennaio 2020, alle ore 19.30, debutta <a href=\"https:\/\/www.teatrostabiletorino.it\/en\/paolo-fresu-diretto-da-leo-muscato-racconta-chet-baker-nello-spettacolo-tempo-di-chet-la-versione-di-chet-baker-in-scena-al-teatro-carignano-dal-28-gennaio\/\"> [+]<\/a><\/p>\n","protected":false},"author":2,"featured_media":42823,"comment_status":"closed","ping_status":"closed","sticky":false,"template":"","format":"standard","meta":{"_acf_changed":false,"footnotes":""},"categories":[103],"tags":[],"acf":[],"_links":{"self":[{"href":"https:\/\/www.teatrostabiletorino.it\/en\/wp-json\/wp\/v2\/posts\/42818"}],"collection":[{"href":"https:\/\/www.teatrostabiletorino.it\/en\/wp-json\/wp\/v2\/posts"}],"about":[{"href":"https:\/\/www.teatrostabiletorino.it\/en\/wp-json\/wp\/v2\/types\/post"}],"author":[{"embeddable":true,"href":"https:\/\/www.teatrostabiletorino.it\/en\/wp-json\/wp\/v2\/users\/2"}],"replies":[{"embeddable":true,"href":"https:\/\/www.teatrostabiletorino.it\/en\/wp-json\/wp\/v2\/comments?post=42818"}],"version-history":[{"count":0,"href":"https:\/\/www.teatrostabiletorino.it\/en\/wp-json\/wp\/v2\/posts\/42818\/revisions"}],"wp:featuredmedia":[{"embeddable":true,"href":"https:\/\/www.teatrostabiletorino.it\/en\/wp-json\/wp\/v2\/media\/42823"}],"wp:attachment":[{"href":"https:\/\/www.teatrostabiletorino.it\/en\/wp-json\/wp\/v2\/media?parent=42818"}],"wp:term":[{"taxonomy":"category","embeddable":true,"href":"https:\/\/www.teatrostabiletorino.it\/en\/wp-json\/wp\/v2\/categories?post=42818"},{"taxonomy":"post_tag","embeddable":true,"href":"https:\/\/www.teatrostabiletorino.it\/en\/wp-json\/wp\/v2\/tags?post=42818"}],"curies":[{"name":"wp","href":"https:\/\/api.w.org\/{rel}","templated":true}]}}