{"id":43026,"date":"2020-02-05T13:20:25","date_gmt":"2020-02-05T12:20:25","guid":{"rendered":"https:\/\/www.teatrostabiletorino.it\/?p=43026"},"modified":"2020-02-05T13:23:02","modified_gmt":"2020-02-05T12:23:02","slug":"vincitore-del-premio-ubu-2019-come-miglior-spettacolo-dellanno-va-in-scena-al-carignano-di-torino-un-nemico-del-popolo-di-henrik-ibsen-a-firmarne-la-regia-e-massimo-popoli","status":"publish","type":"post","link":"https:\/\/www.teatrostabiletorino.it\/en\/vincitore-del-premio-ubu-2019-come-miglior-spettacolo-dellanno-va-in-scena-al-carignano-di-torino-un-nemico-del-popolo-di-henrik-ibsen-a-firmarne-la-regia-e-massimo-popoli\/","title":{"rendered":"VINCITORE DEL PREMIO UBU 2019 COME MIGLIOR SPETTACOLO DELL\u2019ANNO, VA IN SCENA AL CARIGNANO DI TORINO \u201cUN NEMICO DEL POPOLO\u201d DI HENRIK IBSEN. A FIRMARNE LA REGIA \u00c8 MASSIMO POPOLIZIO, CHE SAR\u00c0 IN SCENA INSIEME A MARIA PAIATO"},"content":{"rendered":"<p class=\"qtranxs-available-languages-message qtranxs-available-languages-message-en\">Sorry, this entry is only available in <a href=\"https:\/\/www.teatrostabiletorino.it\/it\/wp-json\/wp\/v2\/posts\/43026\" class=\"qtranxs-available-language-link qtranxs-available-language-link-it\" title=\"Italiano\">Italiano<\/a>.<\/p><p>Debutta al Teatro Carignano di Torino, marted\u00ec 18 febbraio 2020, alle ore 19.30, <strong>UN NEMICO DEL POPOLO<\/strong>, di <strong>Henrik Ibsen,<\/strong> con la traduzione di <strong>Luigi Squarzina,<\/strong> per la regia di <strong>Massimo Popolizio.<\/strong> In scena <strong>Massimo Popolizio<\/strong> e <strong>Maria Paiato<\/strong> insieme a <strong>Tommaso Cardarelli, Francesca Ciocchetti, Martin Chishimba, Maria Laila Fernandez, Paolo Musio, Michele Nani, Francesco Bolo Rossini<\/strong> e con <strong>Flavio Francucci\/Luca Mascolo, Cosimo Frascella, Duilio Paciello, Francesco Santagada, Gabriele Zecchiaroli.<\/strong> Le scene sono di Marco Rossi, i costumi di Gianluca Sbicca, le luci di Luigi Biondi, il suono di Maurizio Capitini, i video di Lorenzo Bruno e Igor Renzetti.<\/p>\n<p>Lo spettacolo, prodotto dal Teatro di Roma \u2013 Teatro Nazionale, rester\u00e0 in scena al Carignano per la Stagione in abbonamento del Teatro Stabile di Torino \u2013 Teatro Nazionale fino a domenica 1 marzo.<\/p>\n<p><em>Massimo Popolizio sfida un testo classico dai tratti di rovente attualit\u00e0, e nel confronto con il testo di Ibsen sulla politica corrotta fa emergere temi e mali del nostro tempo. In scena una straordinaria Maria Paiato <\/em>en travesti<em>.<\/em><\/p>\n<p>Un testo dallo spirito fortemente contemporaneo, che parla di ricerca della verit\u00e0, di consenso popolare e giornalistico. Dopo i disperati, vitalissimi <em>Ragazzi di vita<\/em> di Pasolini, Massimo Popolizio affronta una nuova sfida registica. <em>Un nemico del popolo<\/em> di Henrik Ibsen \u00e8 un testo classico dai tratti di assoluta attualit\u00e0: dalla prospettiva dell\u2019oggi, l\u2019opera del drammaturgo norvegese assume un&#8217;inedita forza comunicativa. Oltre a firmare l\u2019allestimento, Popolizio \u00e8 protagonista nel ruolo del dottor Thomas Stockmann, accanto a una <strong>Maria Paiato<\/strong> in panni maschili, quelli di Peter Stockmann: <strong>per questo ruolo \u00e8 stata insignita del Premio Le Maschere del Teatro Italiano 2019<\/strong> e ha ricevuto l\u2019<strong>Ubu 2019 come migliore attrice<\/strong>. <em>Un nemico del popolo<\/em> ha ricevuto il <strong>Premio Ubu 2019 come migliore spettacolo dell\u2019anno<\/strong>. Un conflitto politico e morale contrappone i due fratelli: il medico, Thomas, che scopre l\u2019inquinamento delle acque termali della sua cittadina, e il sindaco, Peter, che tenta (invano) di convincerlo a insabbiare la notizia. Uno scontro tra due punti di vista: le ragioni della scienza e quelle del capitale. Dalla piccola borghesia ai grandi azionisti, dalla classe politica alla stampa, tutta la societ\u00e0 infatti prima elogia e poi dichiara inammissibile la scoperta del dottore, le cui conseguenze economiche per la piccola comunit\u00e0 sarebbero disastrose. Popolizio si spinge ad indagare i grandi temi e le contraddizioni della nostra societ\u00e0: dalla corruzione alla responsabilit\u00e0 etica per l\u2019ambiente, dal ruolo dei media nella creazione di opinioni e consenso ai rapporti tra massa e potere. E molto ha ancora oggi da dire il testo di Ibsen proprio sui meccanismi e i volti del potere, su come esso nasconda corruzione e interesse personale dietro il pretesto del bene comune.<\/p>\n<p><a href=\"http:\/\/www.teatrostabiletorino.it\/wp-content\/uploads\/2020\/02\/01_CS_Un-nemico-del-popolo.pdf\" target=\"_blank\" rel=\"noopener\">CS_Un nemico del popolo<\/a><\/p>\n<p><a href=\"http:\/\/www.teatrostabiletorino.it\/wp-content\/uploads\/2020\/02\/Scheda-a-cura-della-Compagnia-1.pdf\" target=\"_blank\" rel=\"noopener\">Scheda a cura della Compagnia<\/a><\/p>\n<p>\n\t\t<style type=\"text\/css\">\n\t\t\t#gallery-1 {\n\t\t\t\tmargin: auto;\n\t\t\t}\n\t\t\t#gallery-1 .gallery-item {\n\t\t\t\tfloat: left;\n\t\t\t\tmargin-top: 10px;\n\t\t\t\ttext-align: center;\n\t\t\t\twidth: 20%;\n\t\t\t}\n\t\t\t#gallery-1 img {\n\t\t\t\tborder: 2px solid #cfcfcf;\n\t\t\t}\n\t\t\t#gallery-1 .gallery-caption {\n\t\t\t\tmargin-left: 0;\n\t\t\t}\n\t\t\t\/* see gallery_shortcode() in wp-includes\/media.php *\/\n\t\t<\/style>\n\t\t<div id='gallery-1' class='gallery galleryid-43026 gallery-columns-5 gallery-size-thumbnail'><dl class='gallery-item'>\n\t\t\t<dt class='gallery-icon landscape'>\n\t\t\t\t<a data-rel=\"iLightbox[postimages]\" data-title=\"01_UN NEMICO DEL POPOLO_Popolizio e Paiato_ foto Giuseppe Distefano\" data-caption=\"Massimo Popolizio, Maria Paiato  foto Giuseppe Distefano\" href='https:\/\/www.teatrostabiletorino.it\/wp-content\/uploads\/2020\/02\/01_UN-NEMICO-DEL-POPOLO_Popolizio-e-Paiato_-foto-Giuseppe-Distefano.jpg'><img decoding=\"async\" width=\"150\" height=\"150\" src=\"https:\/\/www.teatrostabiletorino.it\/wp-content\/uploads\/2020\/02\/01_UN-NEMICO-DEL-POPOLO_Popolizio-e-Paiato_-foto-Giuseppe-Distefano-150x150.jpg\" class=\"attachment-thumbnail size-thumbnail lazyload\" alt=\"\" aria-describedby=\"gallery-1-43029\" srcset=\"data:image\/svg+xml,%3Csvg%20xmlns%3D%27http%3A%2F%2Fwww.w3.org%2F2000%2Fsvg%27%20width%3D%27716%27%20height%3D%27428%27%20viewBox%3D%270%200%20716%20428%27%3E%3Crect%20width%3D%27716%27%20height%3D%27428%27%20fill-opacity%3D%220%22%2F%3E%3C%2Fsvg%3E\" data-orig-src=\"https:\/\/www.teatrostabiletorino.it\/wp-content\/uploads\/2020\/02\/01_UN-NEMICO-DEL-POPOLO_Popolizio-e-Paiato_-foto-Giuseppe-Distefano-150x150.jpg\" data-srcset=\"https:\/\/www.teatrostabiletorino.it\/wp-content\/uploads\/2020\/02\/01_UN-NEMICO-DEL-POPOLO_Popolizio-e-Paiato_-foto-Giuseppe-Distefano-66x66.jpg 66w, https:\/\/www.teatrostabiletorino.it\/wp-content\/uploads\/2020\/02\/01_UN-NEMICO-DEL-POPOLO_Popolizio-e-Paiato_-foto-Giuseppe-Distefano-150x150.jpg 150w\" data-sizes=\"auto\" \/><\/a>\n\t\t\t<\/dt>\n\t\t\t\t<dd class='wp-caption-text gallery-caption' id='gallery-1-43029'>\n\t\t\t\tMassimo Popolizio, Maria Paiato <br> foto Giuseppe Distefano\n\t\t\t\t<\/dd><\/dl><dl class='gallery-item'>\n\t\t\t<dt class='gallery-icon portrait'>\n\t\t\t\t<a data-rel=\"iLightbox[postimages]\" data-title=\"02_UN NEMICO DEL POPOLO_Paiato e Popolizio _ foto Giuseppe Distefano\" data-caption=\"Maria Paiato, Massimo Popolizio  foto Giuseppe Distefano\" href='https:\/\/www.teatrostabiletorino.it\/wp-content\/uploads\/2020\/02\/02_UN-NEMICO-DEL-POPOLO_Paiato-e-Popolizio-_-foto-Giuseppe-Distefano.jpg'><img decoding=\"async\" width=\"150\" height=\"150\" src=\"https:\/\/www.teatrostabiletorino.it\/wp-content\/uploads\/2020\/02\/02_UN-NEMICO-DEL-POPOLO_Paiato-e-Popolizio-_-foto-Giuseppe-Distefano-150x150.jpg\" class=\"attachment-thumbnail size-thumbnail lazyload\" alt=\"\" aria-describedby=\"gallery-1-43030\" srcset=\"data:image\/svg+xml,%3Csvg%20xmlns%3D%27http%3A%2F%2Fwww.w3.org%2F2000%2Fsvg%27%20width%3D%27346%27%20height%3D%27504%27%20viewBox%3D%270%200%20346%20504%27%3E%3Crect%20width%3D%27346%27%20height%3D%27504%27%20fill-opacity%3D%220%22%2F%3E%3C%2Fsvg%3E\" data-orig-src=\"https:\/\/www.teatrostabiletorino.it\/wp-content\/uploads\/2020\/02\/02_UN-NEMICO-DEL-POPOLO_Paiato-e-Popolizio-_-foto-Giuseppe-Distefano-150x150.jpg\" data-srcset=\"https:\/\/www.teatrostabiletorino.it\/wp-content\/uploads\/2020\/02\/02_UN-NEMICO-DEL-POPOLO_Paiato-e-Popolizio-_-foto-Giuseppe-Distefano-66x66.jpg 66w, https:\/\/www.teatrostabiletorino.it\/wp-content\/uploads\/2020\/02\/02_UN-NEMICO-DEL-POPOLO_Paiato-e-Popolizio-_-foto-Giuseppe-Distefano-150x150.jpg 150w\" data-sizes=\"auto\" \/><\/a>\n\t\t\t<\/dt>\n\t\t\t\t<dd class='wp-caption-text gallery-caption' id='gallery-1-43030'>\n\t\t\t\tMaria Paiato, Massimo Popolizio <br> foto Giuseppe Distefano\n\t\t\t\t<\/dd><\/dl><dl class='gallery-item'>\n\t\t\t<dt class='gallery-icon portrait'>\n\t\t\t\t<a data-rel=\"iLightbox[postimages]\" data-title=\"03_UN NEMICO DEL POPOLO_ Massimo Popolizio.02_ foto Giuseppe Distefano\" data-caption=\"Massimo Popolizio  foto Giuseppe Distefano\" href='https:\/\/www.teatrostabiletorino.it\/wp-content\/uploads\/2020\/02\/03_UN-NEMICO-DEL-POPOLO_-Massimo-Popolizio.02_-foto-Giuseppe-Distefano.jpg'><img decoding=\"async\" width=\"150\" height=\"150\" src=\"https:\/\/www.teatrostabiletorino.it\/wp-content\/uploads\/2020\/02\/03_UN-NEMICO-DEL-POPOLO_-Massimo-Popolizio.02_-foto-Giuseppe-Distefano-150x150.jpg\" class=\"attachment-thumbnail size-thumbnail lazyload\" alt=\"\" aria-describedby=\"gallery-1-43031\" srcset=\"data:image\/svg+xml,%3Csvg%20xmlns%3D%27http%3A%2F%2Fwww.w3.org%2F2000%2Fsvg%27%20width%3D%27616%27%20height%3D%27899%27%20viewBox%3D%270%200%20616%20899%27%3E%3Crect%20width%3D%27616%27%20height%3D%27899%27%20fill-opacity%3D%220%22%2F%3E%3C%2Fsvg%3E\" data-orig-src=\"https:\/\/www.teatrostabiletorino.it\/wp-content\/uploads\/2020\/02\/03_UN-NEMICO-DEL-POPOLO_-Massimo-Popolizio.02_-foto-Giuseppe-Distefano-150x150.jpg\" data-srcset=\"https:\/\/www.teatrostabiletorino.it\/wp-content\/uploads\/2020\/02\/03_UN-NEMICO-DEL-POPOLO_-Massimo-Popolizio.02_-foto-Giuseppe-Distefano-66x66.jpg 66w, https:\/\/www.teatrostabiletorino.it\/wp-content\/uploads\/2020\/02\/03_UN-NEMICO-DEL-POPOLO_-Massimo-Popolizio.02_-foto-Giuseppe-Distefano-150x150.jpg 150w\" data-sizes=\"auto\" \/><\/a>\n\t\t\t<\/dt>\n\t\t\t\t<dd class='wp-caption-text gallery-caption' id='gallery-1-43031'>\n\t\t\t\tMassimo Popolizio <br> foto Giuseppe Distefano\n\t\t\t\t<\/dd><\/dl><dl class='gallery-item'>\n\t\t\t<dt class='gallery-icon landscape'>\n\t\t\t\t<a data-rel=\"iLightbox[postimages]\" data-title=\"04_UN NEMICO DEL POPOLO_ Michele Nani, Paolo Musio, Massimo Popolizio eTommaso Cardarelli_ foto Giuseppe Distefano\" data-caption=\"Michele Nani, Paolo Musio, Massimo Massimo Popolizio, Tommaso Cardarelli  foto Giuseppe Distefano\" href='https:\/\/www.teatrostabiletorino.it\/wp-content\/uploads\/2020\/02\/04_UN-NEMICO-DEL-POPOLO_-Michele-Nani-Paolo-Musio-Massimo-Popolizio-eTommaso-Cardarelli_-foto-Giuseppe-Distefano.jpg'><img decoding=\"async\" width=\"150\" height=\"150\" src=\"https:\/\/www.teatrostabiletorino.it\/wp-content\/uploads\/2020\/02\/04_UN-NEMICO-DEL-POPOLO_-Michele-Nani-Paolo-Musio-Massimo-Popolizio-eTommaso-Cardarelli_-foto-Giuseppe-Distefano-150x150.jpg\" class=\"attachment-thumbnail size-thumbnail lazyload\" alt=\"\" aria-describedby=\"gallery-1-43032\" srcset=\"data:image\/svg+xml,%3Csvg%20xmlns%3D%27http%3A%2F%2Fwww.w3.org%2F2000%2Fsvg%27%20width%3D%271022%27%20height%3D%27680%27%20viewBox%3D%270%200%201022%20680%27%3E%3Crect%20width%3D%271022%27%20height%3D%27680%27%20fill-opacity%3D%220%22%2F%3E%3C%2Fsvg%3E\" data-orig-src=\"https:\/\/www.teatrostabiletorino.it\/wp-content\/uploads\/2020\/02\/04_UN-NEMICO-DEL-POPOLO_-Michele-Nani-Paolo-Musio-Massimo-Popolizio-eTommaso-Cardarelli_-foto-Giuseppe-Distefano-150x150.jpg\" data-srcset=\"https:\/\/www.teatrostabiletorino.it\/wp-content\/uploads\/2020\/02\/04_UN-NEMICO-DEL-POPOLO_-Michele-Nani-Paolo-Musio-Massimo-Popolizio-eTommaso-Cardarelli_-foto-Giuseppe-Distefano-66x66.jpg 66w, https:\/\/www.teatrostabiletorino.it\/wp-content\/uploads\/2020\/02\/04_UN-NEMICO-DEL-POPOLO_-Michele-Nani-Paolo-Musio-Massimo-Popolizio-eTommaso-Cardarelli_-foto-Giuseppe-Distefano-150x150.jpg 150w\" data-sizes=\"auto\" \/><\/a>\n\t\t\t<\/dt>\n\t\t\t\t<dd class='wp-caption-text gallery-caption' id='gallery-1-43032'>\n\t\t\t\tMichele Nani, Paolo Musio, Massimo Massimo Popolizio, Tommaso Cardarelli <br> foto Giuseppe Distefano\n\t\t\t\t<\/dd><\/dl><dl class='gallery-item'>\n\t\t\t<dt class='gallery-icon landscape'>\n\t\t\t\t<a data-rel=\"iLightbox[postimages]\" data-title=\"05_UN NEMICO DEL POPOLO_Maria Paiato_ foto Giuseppe Distefano\" data-caption=\"Maria Paiato  foto Giuseppe Distefano\" href='https:\/\/www.teatrostabiletorino.it\/wp-content\/uploads\/2020\/02\/05_UN-NEMICO-DEL-POPOLO_Maria-Paiato_-foto-Giuseppe-Distefano.jpg'><img decoding=\"async\" width=\"150\" height=\"150\" src=\"https:\/\/www.teatrostabiletorino.it\/wp-content\/uploads\/2020\/02\/05_UN-NEMICO-DEL-POPOLO_Maria-Paiato_-foto-Giuseppe-Distefano-150x150.jpg\" class=\"attachment-thumbnail size-thumbnail lazyload\" alt=\"\" aria-describedby=\"gallery-1-43033\" srcset=\"data:image\/svg+xml,%3Csvg%20xmlns%3D%27http%3A%2F%2Fwww.w3.org%2F2000%2Fsvg%27%20width%3D%27573%27%20height%3D%27381%27%20viewBox%3D%270%200%20573%20381%27%3E%3Crect%20width%3D%27573%27%20height%3D%27381%27%20fill-opacity%3D%220%22%2F%3E%3C%2Fsvg%3E\" data-orig-src=\"https:\/\/www.teatrostabiletorino.it\/wp-content\/uploads\/2020\/02\/05_UN-NEMICO-DEL-POPOLO_Maria-Paiato_-foto-Giuseppe-Distefano-150x150.jpg\" data-srcset=\"https:\/\/www.teatrostabiletorino.it\/wp-content\/uploads\/2020\/02\/05_UN-NEMICO-DEL-POPOLO_Maria-Paiato_-foto-Giuseppe-Distefano-66x66.jpg 66w, https:\/\/www.teatrostabiletorino.it\/wp-content\/uploads\/2020\/02\/05_UN-NEMICO-DEL-POPOLO_Maria-Paiato_-foto-Giuseppe-Distefano-150x150.jpg 150w\" data-sizes=\"auto\" \/><\/a>\n\t\t\t<\/dt>\n\t\t\t\t<dd class='wp-caption-text gallery-caption' id='gallery-1-43033'>\n\t\t\t\tMaria Paiato <br> foto Giuseppe Distefano\n\t\t\t\t<\/dd><\/dl><br style=\"clear: both\" \/><dl class='gallery-item'>\n\t\t\t<dt class='gallery-icon landscape'>\n\t\t\t\t<a data-rel=\"iLightbox[postimages]\" data-title=\"06_UN NEMICO DEL POPOLO_ Francesco Bolo Rossini e Massimo Popolizio _ foto Giuseppe Distefano\" data-caption=\"Francesco Bolo Rossini, Massimo Popolizio  foto Giuseppe Distefano\" href='https:\/\/www.teatrostabiletorino.it\/wp-content\/uploads\/2020\/02\/06_UN-NEMICO-DEL-POPOLO_-Francesco-Bolo-Rossini-e-Massimo-Popolizio-_-foto-Giuseppe-Distefano.jpg'><img decoding=\"async\" width=\"150\" height=\"150\" src=\"https:\/\/www.teatrostabiletorino.it\/wp-content\/uploads\/2020\/02\/06_UN-NEMICO-DEL-POPOLO_-Francesco-Bolo-Rossini-e-Massimo-Popolizio-_-foto-Giuseppe-Distefano-150x150.jpg\" class=\"attachment-thumbnail size-thumbnail lazyload\" alt=\"\" aria-describedby=\"gallery-1-43034\" srcset=\"data:image\/svg+xml,%3Csvg%20xmlns%3D%27http%3A%2F%2Fwww.w3.org%2F2000%2Fsvg%27%20width%3D%271022%27%20height%3D%27680%27%20viewBox%3D%270%200%201022%20680%27%3E%3Crect%20width%3D%271022%27%20height%3D%27680%27%20fill-opacity%3D%220%22%2F%3E%3C%2Fsvg%3E\" data-orig-src=\"https:\/\/www.teatrostabiletorino.it\/wp-content\/uploads\/2020\/02\/06_UN-NEMICO-DEL-POPOLO_-Francesco-Bolo-Rossini-e-Massimo-Popolizio-_-foto-Giuseppe-Distefano-150x150.jpg\" data-srcset=\"https:\/\/www.teatrostabiletorino.it\/wp-content\/uploads\/2020\/02\/06_UN-NEMICO-DEL-POPOLO_-Francesco-Bolo-Rossini-e-Massimo-Popolizio-_-foto-Giuseppe-Distefano-66x66.jpg 66w, https:\/\/www.teatrostabiletorino.it\/wp-content\/uploads\/2020\/02\/06_UN-NEMICO-DEL-POPOLO_-Francesco-Bolo-Rossini-e-Massimo-Popolizio-_-foto-Giuseppe-Distefano-150x150.jpg 150w\" data-sizes=\"auto\" \/><\/a>\n\t\t\t<\/dt>\n\t\t\t\t<dd class='wp-caption-text gallery-caption' id='gallery-1-43034'>\n\t\t\t\tFrancesco Bolo Rossini, Massimo Popolizio <br> foto Giuseppe Distefano\n\t\t\t\t<\/dd><\/dl>\n\t\t\t<br style='clear: both' \/>\n\t\t<\/div>\n<\/p>","protected":false},"excerpt":{"rendered":"<p>Sorry, this entry is only available in Italiano.Debutta al Teatro Carignano di Torino, marted\u00ec 18 <a href=\"https:\/\/www.teatrostabiletorino.it\/en\/vincitore-del-premio-ubu-2019-come-miglior-spettacolo-dellanno-va-in-scena-al-carignano-di-torino-un-nemico-del-popolo-di-henrik-ibsen-a-firmarne-la-regia-e-massimo-popoli\/\"> [+]<\/a><\/p>\n","protected":false},"author":2,"featured_media":43029,"comment_status":"closed","ping_status":"closed","sticky":false,"template":"","format":"standard","meta":{"_acf_changed":false,"footnotes":""},"categories":[103],"tags":[],"acf":[],"_links":{"self":[{"href":"https:\/\/www.teatrostabiletorino.it\/en\/wp-json\/wp\/v2\/posts\/43026"}],"collection":[{"href":"https:\/\/www.teatrostabiletorino.it\/en\/wp-json\/wp\/v2\/posts"}],"about":[{"href":"https:\/\/www.teatrostabiletorino.it\/en\/wp-json\/wp\/v2\/types\/post"}],"author":[{"embeddable":true,"href":"https:\/\/www.teatrostabiletorino.it\/en\/wp-json\/wp\/v2\/users\/2"}],"replies":[{"embeddable":true,"href":"https:\/\/www.teatrostabiletorino.it\/en\/wp-json\/wp\/v2\/comments?post=43026"}],"version-history":[{"count":0,"href":"https:\/\/www.teatrostabiletorino.it\/en\/wp-json\/wp\/v2\/posts\/43026\/revisions"}],"wp:featuredmedia":[{"embeddable":true,"href":"https:\/\/www.teatrostabiletorino.it\/en\/wp-json\/wp\/v2\/media\/43029"}],"wp:attachment":[{"href":"https:\/\/www.teatrostabiletorino.it\/en\/wp-json\/wp\/v2\/media?parent=43026"}],"wp:term":[{"taxonomy":"category","embeddable":true,"href":"https:\/\/www.teatrostabiletorino.it\/en\/wp-json\/wp\/v2\/categories?post=43026"},{"taxonomy":"post_tag","embeddable":true,"href":"https:\/\/www.teatrostabiletorino.it\/en\/wp-json\/wp\/v2\/tags?post=43026"}],"curies":[{"name":"wp","href":"https:\/\/api.w.org\/{rel}","templated":true}]}}