{"id":43406,"date":"2020-03-16T09:23:24","date_gmt":"2020-03-16T08:23:24","guid":{"rendered":"https:\/\/www.teatrostabiletorino.it\/?p=43406"},"modified":"2020-03-16T12:33:00","modified_gmt":"2020-03-16T11:33:00","slug":"stranointerludio-gli-artisti-live-sui-canali-virtuali-del-teatro-stabile-di-torino","status":"publish","type":"post","link":"https:\/\/www.teatrostabiletorino.it\/en\/stranointerludio-gli-artisti-live-sui-canali-virtuali-del-teatro-stabile-di-torino\/","title":{"rendered":"#stranointerludio &#8211; Gli artisti live sui canali virtuali del Teatro Stabile di Torino"},"content":{"rendered":"<p class=\"qtranxs-available-languages-message qtranxs-available-languages-message-en\">Sorry, this entry is only available in <a href=\"https:\/\/www.teatrostabiletorino.it\/it\/wp-json\/wp\/v2\/posts\/43406\" class=\"qtranxs-available-language-link qtranxs-available-language-link-it\" title=\"Italiano\">Italiano<\/a>.<\/p><p>Le disposizioni introdotte dalla Presidenza del Consiglio dei Ministri hanno avuto e avranno, purtroppo, pesanti ripercussioni sulla nostra programmazione e sullo svolgimento delle nostre attivit\u00e0.<\/p>\n<p><strong>Siamo al fianco di tutti gli artisti, autori, programmatori, collaboratori che hanno lavorato e continuano a lavorare insieme a noi<\/strong> per fronteggiare questa situazione complessa.<\/p>\n<p>Durante questa pausa forzata, il Teatro Stabile di Torino sta accumulando e conservando idee e energie per il futuro. E per non interrompere la connessione empatica con l&#8217;amatissimo pubblico ha deciso, insieme alla Community dei suoi artisti, di condividere una serie di clip video che faranno assaporare testi, autori, personaggi che sono l&#8217;anima del nostro teatro.<\/p>\n<p>Con Natalino Balasso, Laura Curino, Filippo Dini, Michele Di Mauro, Umberto Orsini, Maria Paiato, Massimo Popolizio, Fausto Paravidino, Fausto Russo Alesi, Francesca Mazza, Milvia Marigliano, Orietta Notari, Deniz \u00d6zdogan, Arianna Scommegna, Elena Gigliotti, Silvio Peroni, Dario Aita, Emmanuele Aita, Ilaria Falini, Andrea Di Casa, Nicola Pannelli (e altri ancora) live per voi, condivideremo un nuovo modo di essere \u201cin contatto\u201d anche adesso che non sono fisicamente sul palco.<\/p>\n<p>Un\u2019occasione per testimoniare che il teatro continua ad abbracciare il suo pubblico, un nuovo modo di stare insieme, di sicuro un messaggio che parla al cuore mentre ci fa guardare negli occhi gli interpreti e i registi della stagione del Teatro Stabile di Torino con la certezza di un arrivederci a presto.<\/p>\n<p>A partire da luned\u00ec 16 marzo 2020, sul sito TST e sulla pagina Facebook ufficiale saranno disponibili brevi clip di pochi minuti che raccolgono brani, commenti, poesie e riflessioni dei protagonisti della scena italiana: un modo per sentirci tutti pi\u00f9 uniti, in un momento storico e sociale che impone rigore nei comportamenti.<\/p>\n<p>Alle testimonianze degli artisti si aggiungeranno quiz sulla storia del nostro teatro, e delle nostre pi\u00f9 grandi produzioni del passato, per mettersi alla prova come spettatori, magari ricordare uno spettacolo molto amato e riscoprire il patrimonio digitale del nostro Centro Studi.<\/p>\n<p>Luned\u00ec ad introdurre questa nuova iniziativa sul sito e sui social del TST sar\u00e0 il Direttore del Teatro Stabile di Torino Filippo Fonsatti; nella stessa giornata verr\u00e0 pubblicata una clip realizzata dal Direttore Artistico Valerio Binasco dedicata all&#8217;allestimento di \u201cUno sguardo dal ponte\u201d di Arthur Miller.<\/p>\n<p>Invitiamo tutti a seguirci tramite gli aggiornamenti che verranno comunicati sul nostro sito e sui nostri profili social!<\/p>\n<p><strong>State con noi!!! Perch\u00e9 abbiamo bisogno della vostra amicizia e della vostra solidariet\u00e0&#8230; anche attraverso il web.<\/strong><br \/>\nUniti riusciremo ad uscire da questo stato di emergenza!<br \/>\n<strong>#iorestoacasa<\/strong><\/p>\n<p>www.teatrostabiletorino.it<br \/>\nwww.facebook.com\/teatrostabileditorino\/<br \/>\nwww.instagram.com\/teatrostabile_torino\/<\/p>\n<p><a href=\"http:\/\/www.teatrostabiletorino.it\/wp-content\/uploads\/2020\/03\/CS_Teatro-Stabile-Torino-_stranointerludio_Artisti-live.pdf\" target=\"_blank\" rel=\"noopener\">Cs_#stranointerludio<\/a><\/p>\n\n\t\t<style type=\"text\/css\">\n\t\t\t#gallery-1 {\n\t\t\t\tmargin: auto;\n\t\t\t}\n\t\t\t#gallery-1 .gallery-item {\n\t\t\t\tfloat: left;\n\t\t\t\tmargin-top: 10px;\n\t\t\t\ttext-align: center;\n\t\t\t\twidth: 33%;\n\t\t\t}\n\t\t\t#gallery-1 img {\n\t\t\t\tborder: 2px solid #cfcfcf;\n\t\t\t}\n\t\t\t#gallery-1 .gallery-caption {\n\t\t\t\tmargin-left: 0;\n\t\t\t}\n\t\t\t\/* see gallery_shortcode() in wp-includes\/media.php *\/\n\t\t<\/style>\n\t\t<div id='gallery-1' class='gallery galleryid-43406 gallery-columns-3 gallery-size-thumbnail'><dl class='gallery-item'>\n\t\t\t<dt class='gallery-icon landscape'>\n\t\t\t\t<a data-rel=\"iLightbox[postimages]\" data-title=\"stranointerludio\" data-caption=\"\" href='https:\/\/www.teatrostabiletorino.it\/en\/teatro-stabile-torino\/stranointerludio-2\/'><img decoding=\"async\" width=\"150\" height=\"150\" src=\"https:\/\/www.teatrostabiletorino.it\/wp-content\/uploads\/2020\/03\/stranointerludio-150x150.jpg\" class=\"attachment-thumbnail size-thumbnail lazyload\" alt=\"\" srcset=\"data:image\/svg+xml,%3Csvg%20xmlns%3D%27http%3A%2F%2Fwww.w3.org%2F2000%2Fsvg%27%20width%3D%271316%27%20height%3D%27737%27%20viewBox%3D%270%200%201316%20737%27%3E%3Crect%20width%3D%271316%27%20height%3D%27737%27%20fill-opacity%3D%220%22%2F%3E%3C%2Fsvg%3E\" data-orig-src=\"https:\/\/www.teatrostabiletorino.it\/wp-content\/uploads\/2020\/03\/stranointerludio-150x150.jpg\" data-srcset=\"https:\/\/www.teatrostabiletorino.it\/wp-content\/uploads\/2020\/03\/stranointerludio-66x66.jpg 66w, https:\/\/www.teatrostabiletorino.it\/wp-content\/uploads\/2020\/03\/stranointerludio-150x150.jpg 150w, https:\/\/www.teatrostabiletorino.it\/wp-content\/uploads\/2020\/03\/stranointerludio-400x400.jpg 400w\" data-sizes=\"auto\" \/><\/a>\n\t\t\t<\/dt><\/dl>\n\t\t\t<br style='clear: both' \/>\n\t\t<\/div>\n\n<p>&nbsp;<\/p>","protected":false},"excerpt":{"rendered":"<p>Sorry, this entry is only available in Italiano.Le disposizioni introdotte dalla Presidenza del Consiglio dei <a href=\"https:\/\/www.teatrostabiletorino.it\/en\/stranointerludio-gli-artisti-live-sui-canali-virtuali-del-teatro-stabile-di-torino\/\"> [+]<\/a><\/p>\n","protected":false},"author":2,"featured_media":43401,"comment_status":"closed","ping_status":"closed","sticky":false,"template":"","format":"standard","meta":{"_acf_changed":false,"footnotes":""},"categories":[103],"tags":[],"acf":[],"_links":{"self":[{"href":"https:\/\/www.teatrostabiletorino.it\/en\/wp-json\/wp\/v2\/posts\/43406"}],"collection":[{"href":"https:\/\/www.teatrostabiletorino.it\/en\/wp-json\/wp\/v2\/posts"}],"about":[{"href":"https:\/\/www.teatrostabiletorino.it\/en\/wp-json\/wp\/v2\/types\/post"}],"author":[{"embeddable":true,"href":"https:\/\/www.teatrostabiletorino.it\/en\/wp-json\/wp\/v2\/users\/2"}],"replies":[{"embeddable":true,"href":"https:\/\/www.teatrostabiletorino.it\/en\/wp-json\/wp\/v2\/comments?post=43406"}],"version-history":[{"count":0,"href":"https:\/\/www.teatrostabiletorino.it\/en\/wp-json\/wp\/v2\/posts\/43406\/revisions"}],"wp:featuredmedia":[{"embeddable":true,"href":"https:\/\/www.teatrostabiletorino.it\/en\/wp-json\/wp\/v2\/media\/43401"}],"wp:attachment":[{"href":"https:\/\/www.teatrostabiletorino.it\/en\/wp-json\/wp\/v2\/media?parent=43406"}],"wp:term":[{"taxonomy":"category","embeddable":true,"href":"https:\/\/www.teatrostabiletorino.it\/en\/wp-json\/wp\/v2\/categories?post=43406"},{"taxonomy":"post_tag","embeddable":true,"href":"https:\/\/www.teatrostabiletorino.it\/en\/wp-json\/wp\/v2\/tags?post=43406"}],"curies":[{"name":"wp","href":"https:\/\/api.w.org\/{rel}","templated":true}]}}