{"id":43749,"date":"2020-05-26T10:56:10","date_gmt":"2020-05-26T08:56:10","guid":{"rendered":"https:\/\/www.teatrostabiletorino.it\/?p=43749"},"modified":"2020-05-26T11:08:23","modified_gmt":"2020-05-26T09:08:23","slug":"43749-2","status":"publish","type":"post","link":"https:\/\/www.teatrostabiletorino.it\/en\/43749-2\/","title":{"rendered":"#stranointerludio #laricetta appuntamenti con Giordana Faggiano e Matilde Vigna"},"content":{"rendered":"<p class=\"qtranxs-available-languages-message qtranxs-available-languages-message-en\">Sorry, this entry is only available in <a href=\"https:\/\/www.teatrostabiletorino.it\/it\/wp-json\/wp\/v2\/posts\/43749\" class=\"qtranxs-available-language-link qtranxs-available-language-link-it\" title=\"Italiano\">Italiano<\/a>.<\/p><p><strong>TEATRO STABILE DI TORINO &#8211; TEATRO NAZIONALE<\/strong><br \/>\n<strong>Stagione Teatrale 2019\/2020<\/strong><\/p>\n<p><strong>#stranointerludio<\/strong><br \/>\n<strong>#laricetta<\/strong><br \/>\n<strong>appunti per un men\u00f9 teatrale<\/strong><\/p>\n<p>Prosegue l\u2019iniziativa del Teatro Stabile di Torino <strong>#stranointerludio #laricetta<\/strong> che vedr\u00e0 nelle prossime settimane artisti affermati e giovani attori impegnati in video su testi originali o di grandi autori della letteratura, realizzati con uno sguardo inedito e personalissimo, montati come brevi cortometraggi: a partire dal tema del cibo per scoprire intense riflessioni sul nostro presente.<\/p>\n<p>Ad alternarsi sul palcoscenico virtuale dello Stabile insieme al Direttore artistico del Teatro, Valerio Binasco, saranno: Vittorio Camarota, Marta Cortellazzo Wiel, Andrea Di Casa, Giordana Faggiano, Ilaria Falini, Paola Giannini, Marcello Spinetta, Roberto Turchetta, Matilde Vigna.<\/p>\n<p>Marted\u00ec 26 maggio 2020, <strong>Giordana<\/strong> <strong>Faggiano<\/strong> sar\u00e0 interprete insieme a Valeria Bono di \u201cHeavy in your arms\u201d, scritto e diretto da Egidio Alessandro Carchedi, poesie di Marco Pace, \u201cIo il caff\u00e8 lo bevo amaro\u201d dalla raccolta<em> \u201c<\/em>Come di notte<em>\u201d<\/em>, 2010, Boopen Editore e Derek Walcott, \u201cTempo verr\u00e0<em>\u201d<\/em>, Adelphi, musiche originali Alessandro Rebesani\/ Rbsn.<\/p>\n<p>\u00abIl caff\u00e8 &#8211; scrive Giordana Faggiano -, aroma penetrante al momento del risveglio, energia vitale durante tutto il giorno, gusto consolatorio al momento dell&#8217;addormentamento. Il caff\u00e8 disegno del tempo circolare nutre la mente, l&#8217;anima e il corpo in un rituale assoluto. Il caff\u00e8 tinge lasciando tracce indelebili, il caff\u00e8 si disperde come polvere. Il caff\u00e8 \u00e8 veleno e medicina al contempo. Il caff\u00e8 \u00e8 torbido come la memoria, \u00e8 nero, come il buio del vortice che ci ingoia, ma ha il sapore di un dolore necessario legato ineluttabilmente ad un viaggio che nasce dall\u2019incontro con noi stessi e con l\u2019altro. Cos\u00ec mi rispecchio e mi riconosco, al l\u00e0 di ogni tempo e mistero\u00bb.<\/p>\n<p>&nbsp;<\/p>\n<p>Venerd\u00ec 29 maggio 2020, <strong>Matilde Vigna<\/strong> propone un brano da Filippo Tommaso Marinetti \u201c<em>Il manifesto della cucina futurista\u201d<\/em>, Passerino Editore.<\/p>\n<p>La prima manifestazione a favore della campagna per l&#8217;affermazione di una tavola avanguardista, con teorie e proposte radicali, vede la luce il 28 dicembre del 1930, quando Filippo Tommaso Marinetti pubblica sulla \u201cGazzetta del Popolo\u201d di Torino \u201cIl Manifesto della cucina futurista\u201d. La pi\u00f9 incontenibile corrente italiana del \u2018900, intenzionata a trasmettere i propri ideali in ciascun campo dello scibile umano, prende cos\u00ec posizione contro un caposaldo della cucina italiana: la pastasciutta. Proprio contro il primo piatto per eccellenza si scaglia la penna insolente di Marinetti, descrivendolo come cibo che infiacchisce e soprattutto bandiera del colonialismo straniero del grano, da abbandonare a favore dell\u2019italianissimo riso. In un crescendo tra comico e paradossale si consuma la critica a un cibo che non si mastica, ma si ingozza, annunciando l\u2019abolizione di forchetta e coltello, per ristabilire un rapporto tattile con il cibo.<\/p>\n<p>Sul sito del Teatro Stabile di Torino sono disponibile tutte le clip degli attori e i registi che si sono cimentati per <strong>#stranointerludio #laricetta<\/strong>: <strong>Laura Curino <\/strong>con <em>Cuoco Martino da Como e i suoi ricettari rinascimentali <\/em>scritto dalla stessa Curino (marted\u00ec 28 aprile 2020), <strong>Gabriele Vacis<\/strong> impegnato con <em>Le golose<\/em>, poesia di Guido Gozzano (gioved\u00ec 30 aprile 2020), <strong>Filippo Dini<\/strong> che ha presentato un estratto da <em>I dispiaceri della carne<\/em> di Plutarco (marted\u00ec 5 maggio 2020 &#8211; parte prima e gioved\u00ec 7 maggio 2020 &#8211; parte seconda), <strong>Milvia Marigliano<\/strong> che ha interpretato un estratto da <em>Calypso<\/em>, dall&#8217;episodio 4 di &#8220;Ulisse&#8221; di James Joyce (marted\u00ec 12 maggio 2020), <strong>Matthias Martelli<\/strong>\u00a0 con un testo originale scritto appositamente per #stranointerludio dal titolo &#8220;Il pane&#8221; (venerd\u00ec 15 maggio 2020), <strong>Eugenio Allegri <\/strong>che ha proposto una lettera di Rossini alla moglie Olympe P\u00e9lissier da <em>Lettere e documenti<\/em> di Gioacchino Rossini a cura di B. Cagli e S. Ragni &#8211; Fondazione Rossini Pesaro, 1992 (marted\u00ec 19 maggio) e <strong>Orietta Notari<\/strong> ha letto <em>Gli asparagi e l&#8217;immortalit\u00e0 dell&#8217;anima<\/em>, uno dei racconti pi\u00f9 famosi di Achille Campanile (venerd\u00ec 22 maggio).<\/p>\n<p>Le clip vengono pubblicate con cadenza bisettimanale al link <a href=\"https:\/\/www.teatrostabiletorino.it\/stranointerludio\">https:\/\/www.teatrostabiletorino.it\/stranointerludio<\/a><\/p>\n<p>Su Instagram prosegue #albumdifamiglia, un ritrovo virtuale per raccontare il proprio essere spettatore nelle sale del Teatro Stabile di Torino: #albumdifamiglia #teatrostabiletorino #stranointerludio sono gli hashtag per postare le foto scattate al Carignano, Gobetti, Fonderie, taggando @teatrostabile_torino che far\u00e0 il repost. Un modo per sentirci vicini e per un arrivederci a presto.<\/p>\n<p>Continua il viaggio a ritroso nelle Stagioni appena passate grazie alle fotografie delle produzioni dello Stabile che quotidianamente verranno pubblicate sui canali Instagram e Facebook del teatro e, per chi voglia mettersi alla prova come spettatore, magari ricordare uno spettacolo molto amato e riscoprire il patrimonio digitale del nostro Centro Studi, prosegue l\u2019appuntamento con i quiz sulla storia del nostro teatro, e delle nostre pi\u00f9 grandi produzioni del passato.<\/p>\n<p>Il Teatro continua a lavorare per il suo pubblico con nuove modalit\u00e0 per stare insieme e per dare appuntamento in sala, appena possibile. Nel frattempo invitiamo tutti a seguirci tramite gli aggiornamenti che verranno comunicati sul nostro sito e sui nostri profili social!<\/p>\n<p><strong><a href=\"http:\/\/www.teatrostabiletorino.it\/\">www.teatrostabiletorino.it<\/a><\/strong><\/p>\n<p><strong><a href=\"http:\/\/www.facebook.com\/teatrostabileditorino\/\">www.facebook.com\/teatrostabileditorino\/<\/a><\/strong><br \/>\n<strong>www.instagram.com\/teatrostabile_torino\/<\/strong><\/p>\n<p>&nbsp;<\/p>\n<p><a href=\"http:\/\/www.teatrostabiletorino.it\/wp-content\/uploads\/2020\/05\/07_CS-Teatro-Stabile-Torino-_stranointerludio_laricetta_-26-e-29-maggio-2020.pdf\" target=\"_blank\" rel=\"noopener\">CS_stranointerludio_laricetta_26-29-maggio-2020.pdf<\/a><\/p>\n\n\t\t<style type=\"text\/css\">\n\t\t\t#gallery-1 {\n\t\t\t\tmargin: auto;\n\t\t\t}\n\t\t\t#gallery-1 .gallery-item {\n\t\t\t\tfloat: left;\n\t\t\t\tmargin-top: 10px;\n\t\t\t\ttext-align: center;\n\t\t\t\twidth: 20%;\n\t\t\t}\n\t\t\t#gallery-1 img {\n\t\t\t\tborder: 2px solid #cfcfcf;\n\t\t\t}\n\t\t\t#gallery-1 .gallery-caption {\n\t\t\t\tmargin-left: 0;\n\t\t\t}\n\t\t\t\/* see gallery_shortcode() in wp-includes\/media.php *\/\n\t\t<\/style>\n\t\t<div id='gallery-1' class='gallery galleryid-43749 gallery-columns-5 gallery-size-thumbnail'><dl class='gallery-item'>\n\t\t\t<dt class='gallery-icon landscape'>\n\t\t\t\t<a data-rel=\"iLightbox[postimages]\" data-title=\"Immagine#stranointerludio#laricetta\" data-caption=\"\" href='https:\/\/www.teatrostabiletorino.it\/en\/stranointerludio-laricetta-appunti-per-un-menu-teatrale\/immaginestranointerludiolaricetta\/'><img decoding=\"async\" width=\"150\" height=\"150\" src=\"https:\/\/www.teatrostabiletorino.it\/wp-content\/uploads\/2020\/04\/Immaginestranointerludiolaricetta-150x150.jpg\" class=\"attachment-thumbnail size-thumbnail lazyload\" alt=\"\" srcset=\"data:image\/svg+xml,%3Csvg%20xmlns%3D%27http%3A%2F%2Fwww.w3.org%2F2000%2Fsvg%27%20width%3D%271408%27%20height%3D%27764%27%20viewBox%3D%270%200%201408%20764%27%3E%3Crect%20width%3D%271408%27%20height%3D%27764%27%20fill-opacity%3D%220%22%2F%3E%3C%2Fsvg%3E\" data-orig-src=\"https:\/\/www.teatrostabiletorino.it\/wp-content\/uploads\/2020\/04\/Immaginestranointerludiolaricetta-150x150.jpg\" data-srcset=\"https:\/\/www.teatrostabiletorino.it\/wp-content\/uploads\/2020\/04\/Immaginestranointerludiolaricetta-66x66.jpg 66w, https:\/\/www.teatrostabiletorino.it\/wp-content\/uploads\/2020\/04\/Immaginestranointerludiolaricetta-150x150.jpg 150w, https:\/\/www.teatrostabiletorino.it\/wp-content\/uploads\/2020\/04\/Immaginestranointerludiolaricetta-400x400.jpg 400w\" data-sizes=\"auto\" \/><\/a>\n\t\t\t<\/dt><\/dl><dl class='gallery-item'>\n\t\t\t<dt class='gallery-icon landscape'>\n\t\t\t\t<a data-rel=\"iLightbox[postimages]\" data-title=\"-mg-6686\" data-caption=\"Giordana Faggiano\" href='https:\/\/www.teatrostabiletorino.it\/en\/43749-2\/mg-6686\/'><img decoding=\"async\" width=\"150\" height=\"150\" src=\"https:\/\/www.teatrostabiletorino.it\/wp-content\/uploads\/2020\/05\/mg-6686-150x150.jpeg\" class=\"attachment-thumbnail size-thumbnail lazyload\" alt=\"\" aria-describedby=\"gallery-1-43752\" srcset=\"data:image\/svg+xml,%3Csvg%20xmlns%3D%27http%3A%2F%2Fwww.w3.org%2F2000%2Fsvg%27%20width%3D%272000%27%20height%3D%271333%27%20viewBox%3D%270%200%202000%201333%27%3E%3Crect%20width%3D%272000%27%20height%3D%271333%27%20fill-opacity%3D%220%22%2F%3E%3C%2Fsvg%3E\" data-orig-src=\"https:\/\/www.teatrostabiletorino.it\/wp-content\/uploads\/2020\/05\/mg-6686-150x150.jpeg\" data-srcset=\"https:\/\/www.teatrostabiletorino.it\/wp-content\/uploads\/2020\/05\/mg-6686-66x66.jpeg 66w, https:\/\/www.teatrostabiletorino.it\/wp-content\/uploads\/2020\/05\/mg-6686-150x150.jpeg 150w, https:\/\/www.teatrostabiletorino.it\/wp-content\/uploads\/2020\/05\/mg-6686-400x400.jpeg 400w\" data-sizes=\"auto\" \/><\/a>\n\t\t\t<\/dt>\n\t\t\t\t<dd class='wp-caption-text gallery-caption' id='gallery-1-43752'>\n\t\t\t\tGiordana Faggiano\n\t\t\t\t<\/dd><\/dl><dl class='gallery-item'>\n\t\t\t<dt class='gallery-icon portrait'>\n\t\t\t\t<a data-rel=\"iLightbox[postimages]\" data-title=\"-mg-6683\" data-caption=\"Giordana Faggiano\" href='https:\/\/www.teatrostabiletorino.it\/en\/43749-2\/mg-6683\/'><img decoding=\"async\" width=\"150\" height=\"150\" src=\"https:\/\/www.teatrostabiletorino.it\/wp-content\/uploads\/2020\/05\/mg-6683-150x150.jpg\" class=\"attachment-thumbnail size-thumbnail lazyload\" alt=\"\" aria-describedby=\"gallery-1-43751\" srcset=\"data:image\/svg+xml,%3Csvg%20xmlns%3D%27http%3A%2F%2Fwww.w3.org%2F2000%2Fsvg%27%20width%3D%272000%27%20height%3D%273000%27%20viewBox%3D%270%200%202000%203000%27%3E%3Crect%20width%3D%272000%27%20height%3D%273000%27%20fill-opacity%3D%220%22%2F%3E%3C%2Fsvg%3E\" data-orig-src=\"https:\/\/www.teatrostabiletorino.it\/wp-content\/uploads\/2020\/05\/mg-6683-150x150.jpg\" data-srcset=\"https:\/\/www.teatrostabiletorino.it\/wp-content\/uploads\/2020\/05\/mg-6683-66x66.jpg 66w, https:\/\/www.teatrostabiletorino.it\/wp-content\/uploads\/2020\/05\/mg-6683-150x150.jpg 150w, https:\/\/www.teatrostabiletorino.it\/wp-content\/uploads\/2020\/05\/mg-6683-400x400.jpg 400w\" data-sizes=\"auto\" \/><\/a>\n\t\t\t<\/dt>\n\t\t\t\t<dd class='wp-caption-text gallery-caption' id='gallery-1-43751'>\n\t\t\t\tGiordana Faggiano\n\t\t\t\t<\/dd><\/dl><dl class='gallery-item'>\n\t\t\t<dt class='gallery-icon portrait'>\n\t\t\t\t<a data-rel=\"iLightbox[postimages]\" data-title=\"MATILDE VIGNA pp_mora1\" data-caption=\"Matilde Vigna\" href='https:\/\/www.teatrostabiletorino.it\/en\/43749-2\/matilde-vigna-pp_mora1\/'><img decoding=\"async\" width=\"150\" height=\"150\" src=\"https:\/\/www.teatrostabiletorino.it\/wp-content\/uploads\/2020\/05\/MATILDE-VIGNA-pp_mora1-150x150.jpg\" class=\"attachment-thumbnail size-thumbnail lazyload\" alt=\"\" aria-describedby=\"gallery-1-43753\" srcset=\"data:image\/svg+xml,%3Csvg%20xmlns%3D%27http%3A%2F%2Fwww.w3.org%2F2000%2Fsvg%27%20width%3D%271621%27%20height%3D%272362%27%20viewBox%3D%270%200%201621%202362%27%3E%3Crect%20width%3D%271621%27%20height%3D%272362%27%20fill-opacity%3D%220%22%2F%3E%3C%2Fsvg%3E\" data-orig-src=\"https:\/\/www.teatrostabiletorino.it\/wp-content\/uploads\/2020\/05\/MATILDE-VIGNA-pp_mora1-150x150.jpg\" data-srcset=\"https:\/\/www.teatrostabiletorino.it\/wp-content\/uploads\/2020\/05\/MATILDE-VIGNA-pp_mora1-66x66.jpg 66w, https:\/\/www.teatrostabiletorino.it\/wp-content\/uploads\/2020\/05\/MATILDE-VIGNA-pp_mora1-150x150.jpg 150w, https:\/\/www.teatrostabiletorino.it\/wp-content\/uploads\/2020\/05\/MATILDE-VIGNA-pp_mora1-400x400.jpg 400w\" data-sizes=\"auto\" \/><\/a>\n\t\t\t<\/dt>\n\t\t\t\t<dd class='wp-caption-text gallery-caption' id='gallery-1-43753'>\n\t\t\t\tMatilde Vigna\n\t\t\t\t<\/dd><\/dl><dl class='gallery-item'>\n\t\t\t<dt class='gallery-icon landscape'>\n\t\t\t\t<a data-rel=\"iLightbox[postimages]\" data-title=\"MATILDE VIGNA _studio_bionda\" data-caption=\"Matilde Vigna\" href='https:\/\/www.teatrostabiletorino.it\/en\/43749-2\/matilde-vigna-_studio_bionda\/'><img decoding=\"async\" width=\"150\" height=\"150\" src=\"https:\/\/www.teatrostabiletorino.it\/wp-content\/uploads\/2020\/05\/MATILDE-VIGNA-_studio_bionda-150x150.jpg\" class=\"attachment-thumbnail size-thumbnail lazyload\" alt=\"\" aria-describedby=\"gallery-1-43754\" srcset=\"data:image\/svg+xml,%3Csvg%20xmlns%3D%27http%3A%2F%2Fwww.w3.org%2F2000%2Fsvg%27%20width%3D%272000%27%20height%3D%271335%27%20viewBox%3D%270%200%202000%201335%27%3E%3Crect%20width%3D%272000%27%20height%3D%271335%27%20fill-opacity%3D%220%22%2F%3E%3C%2Fsvg%3E\" data-orig-src=\"https:\/\/www.teatrostabiletorino.it\/wp-content\/uploads\/2020\/05\/MATILDE-VIGNA-_studio_bionda-150x150.jpg\" data-srcset=\"https:\/\/www.teatrostabiletorino.it\/wp-content\/uploads\/2020\/05\/MATILDE-VIGNA-_studio_bionda-66x66.jpg 66w, https:\/\/www.teatrostabiletorino.it\/wp-content\/uploads\/2020\/05\/MATILDE-VIGNA-_studio_bionda-150x150.jpg 150w, https:\/\/www.teatrostabiletorino.it\/wp-content\/uploads\/2020\/05\/MATILDE-VIGNA-_studio_bionda-400x400.jpg 400w\" data-sizes=\"auto\" \/><\/a>\n\t\t\t<\/dt>\n\t\t\t\t<dd class='wp-caption-text gallery-caption' id='gallery-1-43754'>\n\t\t\t\tMatilde Vigna\n\t\t\t\t<\/dd><\/dl><br style=\"clear: both\" \/>\n\t\t<\/div>\n\n<p>&nbsp;<\/p>","protected":false},"excerpt":{"rendered":"<p>Sorry, this entry is only available in Italiano.TEATRO STABILE DI TORINO &#8211; TEATRO NAZIONALE Stagione <a href=\"https:\/\/www.teatrostabiletorino.it\/en\/43749-2\/\"> [+]<\/a><\/p>\n","protected":false},"author":2,"featured_media":43671,"comment_status":"closed","ping_status":"closed","sticky":false,"template":"","format":"standard","meta":{"_acf_changed":false,"footnotes":""},"categories":[103],"tags":[],"acf":[],"_links":{"self":[{"href":"https:\/\/www.teatrostabiletorino.it\/en\/wp-json\/wp\/v2\/posts\/43749"}],"collection":[{"href":"https:\/\/www.teatrostabiletorino.it\/en\/wp-json\/wp\/v2\/posts"}],"about":[{"href":"https:\/\/www.teatrostabiletorino.it\/en\/wp-json\/wp\/v2\/types\/post"}],"author":[{"embeddable":true,"href":"https:\/\/www.teatrostabiletorino.it\/en\/wp-json\/wp\/v2\/users\/2"}],"replies":[{"embeddable":true,"href":"https:\/\/www.teatrostabiletorino.it\/en\/wp-json\/wp\/v2\/comments?post=43749"}],"version-history":[{"count":0,"href":"https:\/\/www.teatrostabiletorino.it\/en\/wp-json\/wp\/v2\/posts\/43749\/revisions"}],"wp:featuredmedia":[{"embeddable":true,"href":"https:\/\/www.teatrostabiletorino.it\/en\/wp-json\/wp\/v2\/media\/43671"}],"wp:attachment":[{"href":"https:\/\/www.teatrostabiletorino.it\/en\/wp-json\/wp\/v2\/media?parent=43749"}],"wp:term":[{"taxonomy":"category","embeddable":true,"href":"https:\/\/www.teatrostabiletorino.it\/en\/wp-json\/wp\/v2\/categories?post=43749"},{"taxonomy":"post_tag","embeddable":true,"href":"https:\/\/www.teatrostabiletorino.it\/en\/wp-json\/wp\/v2\/tags?post=43749"}],"curies":[{"name":"wp","href":"https:\/\/api.w.org\/{rel}","templated":true}]}}