{"id":43764,"date":"2020-05-26T16:03:06","date_gmt":"2020-05-26T14:03:06","guid":{"rendered":"https:\/\/www.teatrostabiletorino.it\/?p=43764"},"modified":"2020-05-26T16:03:06","modified_gmt":"2020-05-26T14:03:06","slug":"il-teatro-stabile-di-torino-partecipa-al-progetto-teatrale-europeo-stories-from-europe-crisis-and-reflection-la-quotidianita-al-tempo-della-pandemia-nato-nellambito-del-network-internazion","status":"publish","type":"post","link":"https:\/\/www.teatrostabiletorino.it\/en\/il-teatro-stabile-di-torino-partecipa-al-progetto-teatrale-europeo-stories-from-europe-crisis-and-reflection-la-quotidianita-al-tempo-della-pandemia-nato-nellambito-del-network-internazion\/","title":{"rendered":"IL TEATRO STABILE DI TORINO PARTECIPA AL PROGETTO TEATRALE EUROPEO STORIES FROM EUROPE: CRISIS AND REFLECTION &#8211; LA QUOTIDIANIT\u00c0 AL TEMPO DELLA PANDEMIA NATO NELL\u2019AMBITO DEL NETWORK INTERNAZIONALE MITOS 21"},"content":{"rendered":"<p class=\"qtranxs-available-languages-message qtranxs-available-languages-message-en\">Sorry, this entry is only available in <a href=\"https:\/\/www.teatrostabiletorino.it\/it\/wp-json\/wp\/v2\/posts\/43764\" class=\"qtranxs-available-language-link qtranxs-available-language-link-it\" title=\"Italiano\">Italiano<\/a>.<\/p><p>Il <strong>Teatro Stabile di Torino \u2013 Teatro Nazionale<\/strong> ha aderito al progetto internazionale <em>Stories from Europe: Crisis and reflection \/<\/em> <em>Storie dall\u2019Europa: crisi e riflessioni<\/em> nato in seno a <strong>Mitos21<\/strong>, network composto dai pi\u00f9 importanti teatri europei (fra cui l\u2019Od\u00e9on di Parigi, il National Theatre di Londra, il Berliner Ensemble di Berlino, il Dramaten di Stoccolma, il Toneelgroep di Amsterdam, il Katona di Budapest, il Royal Theatre di Copenhagen) e di cui lo Stabile fa parte come unico teatro italiano.<\/p>\n<p>&nbsp;<\/p>\n<p>L\u2019iniziativa alla quale, insieme allo Stabile di Torino, partecipano il Berliner Ensemble, il Burgtheater di Vienna, il Kongelige Teater di Copenhagen, il Dramaten di Stoccolma, il Katona Jozsef Theatre di Budapest, il National Theatre di Londra, il Teatre Lliure di Barcellona, il Thalia Theater di Amburgo vuole disegnare un\u2019immagine dell\u2019Europa durante la pandemia partendo da quelle figure professionali che in questo periodo di lockdown hanno continuato a lavorare. Ci si \u00e8 voluti interrogare sull\u2019aspetto che la vita quotidiana ha assunto per loro in un momento in cui tutto si \u00e8 capovolto e quali scelte e complessit\u00e0 hanno dovuto affrontare: infermieri, addetti alle pulizie, tassisti e persone provenienti da tutta Europa impiegate nella fornitura di servizi essenziali sono stati intervistati e i drammaturghi dei diversi teatri hanno adattato le loro storie personali ed esistenziali realizzando brevi monologhi. La guida e il coordinamento di questo progetto sono affidati al Dramaten di Stoccolma, che ha lanciato l&#8217;iniziativa.<\/p>\n<p><em>\u00abL&#8217;invito che il Bergman Studio del Dramaten di Stoccolma ha rivolto ai teatri membri del network Mitos21- dichiara <strong>Filippo Fonsatti<\/strong>, Direttore del Teatro Stabile di Torino &#8211;\u00a0 non poteva che essere accolto da noi con enorme entusiasmo. Mettere insieme un coro di autori europei per cercare di restituire un grande affresco di storie ai confini del lockdown ci \u00e8 sembrato il modo migliore per mettere a frutto questo periodo di interruzione forzata. In questo momento di frontiere bloccate, di chiusure, divisioni e di immobilit\u00e0, unirsi, se pur virtualmente, nel racconto di ci\u00f2 che \u00e8 accaduto l\u00e0 fuori, oltre le nostre finestre, ci \u00e8 sembrato un segnale importante da poter offrire ai nostri spettatori in attesa, la prima di una lunga serie di cuciture che ricomporranno questo strappo. Oltre alle nostre parole, ci saranno quelle scritte a Berlino, Londra, Budapest, Vienna, Copenaghen, Barcellona, Amburgo e, ovviamente, a Stoccolma, e sono certo che ognuno dei brevi monologhi che verranno presentati costituir\u00e0 la tessera di un mosaico articolato e affascinante, ma soprattutto impreziosito dal numero dei talenti che avranno contribuito a comporlo e dalla loro collaborazione\u00bb.<\/em><\/p>\n<p>Il gruppo di lavoro del Teatro Stabile di Torino, coordinato da <strong>Fausto Paravidino<\/strong>, ha deciso di focalizzarsi su taxisti, assicuratori e forze dell&#8217;ordine: al termine della stesura di tre testi scritti da <strong>Maria Teresa Berardelli, Tatjana Motta, Fausto Paravidino, Pier Lorenzo Pisano, Irene Petra Zani<\/strong>, che fanno parte del gruppo Playstorm e che hanno lavorato collettivamente a questo progetto, i monologhi verranno recitati in video dallo stesso <strong>Fausto Paravidino, da Iris Fusetti <\/strong>e<strong> Daniele Natali<\/strong>. Il lavoro di scrittura \u00e8 basato sugli spunti forniti dalle numerose interviste fatte dagli autori nel mese di maggio del 2020 e confluir\u00e0 in un film sottotitolato in inglese, nato proprio da questa collaborazione tra i teatri della rete internazionale Mitos21 e avviata dal Royal Dramatic Theatre di Stoccolma, che verr\u00e0 diffuso attraverso i canali digitali dei teatri partecipanti. <strong>La p<\/strong><strong>rima digitale \u00e8 prevista il 12 giugno 2020<\/strong>.<\/p>\n<p><em>\u00ab<\/em><em>Questo progetto coordinato dal Dramaten di Stoccolma<\/em><em> &#8211; scrive <strong>Fausto Paravidino<\/strong>, Dramaturg del Teatro Stabile di Torino &#8211; \u00a0coinvolge una numerosa rete di teatri europei nel tentativo di raccontare la pandemia che stiamo attraversando. In questo periodo, oltre che confinati in casa, ci siamo molto isolati dal resto del mondo, cosa sciocca da farsi in una pandemia. Ci siamo spesso aggrappati all\u2019orgoglio nazionale, anche con gran sventolio di bandiere come se fossimo in guerra e se lo fossimo contro gli altri. Il teatro vive di relazioni interpersonali. Il teatro \u00e8 fatto di gente che viaggia in lungo e in largo solo per parlare. Non per parlare di una cosa. Per parlare. \u00c8 la nostra specialit\u00e0. Purtroppo non si pu\u00f2 fare teatro in questo periodo. E anche parlare con le altre persone \u00e8 al limite della legalit\u00e0. Per cui \u00e8 molto difficile per noi trovare il modo di dare il nostro contributo sociale. Questo \u00e8 un piccolo tentativo: autori di tutta Europa che affrontano creativamente l\u2019evento che stiamo vivendo ognuno dal suo punto di vista\u00bb. <\/em><\/p>\n<p><em>\u00a0<\/em><\/p>\n<p><u><a href=\"http:\/\/www.teatrostabiletorino.it\">www.teatrostabiletorino.it<\/a><\/u><\/p>\n<p><u>www.dramaten.se\/aktuellt\/2020\/stories-from-europe\/<\/u><\/p>\n<p><a href=\"http:\/\/www.teatrostabiletorino.it\/wp-content\/uploads\/2020\/05\/Bozza-CS_Mytos_Stories-from-Europe-Crisis-and-reflection.pdf\" target=\"_blank\" rel=\"noopener\">\u00a0CS_Mitos21_Stories from Europe Crisis and reflection<\/a><\/p>\n<p><a href=\"http:\/\/www.teatrostabiletorino.it\/wp-content\/uploads\/2020\/05\/CV_Fausto-Paravidino.pdf\" target=\"_blank\" rel=\"noopener\">Biografia Fausto Paravidino<\/a><\/p>\n<p>&nbsp;<\/p>\n<p>\n\t\t<style type=\"text\/css\">\n\t\t\t#gallery-1 {\n\t\t\t\tmargin: auto;\n\t\t\t}\n\t\t\t#gallery-1 .gallery-item {\n\t\t\t\tfloat: left;\n\t\t\t\tmargin-top: 10px;\n\t\t\t\ttext-align: center;\n\t\t\t\twidth: 20%;\n\t\t\t}\n\t\t\t#gallery-1 img {\n\t\t\t\tborder: 2px solid #cfcfcf;\n\t\t\t}\n\t\t\t#gallery-1 .gallery-caption {\n\t\t\t\tmargin-left: 0;\n\t\t\t}\n\t\t\t\/* see gallery_shortcode() in wp-includes\/media.php *\/\n\t\t<\/style>\n\t\t<div id='gallery-1' class='gallery galleryid-43764 gallery-columns-5 gallery-size-thumbnail'><dl class='gallery-item'>\n\t\t\t<dt class='gallery-icon landscape'>\n\t\t\t\t<a data-rel=\"iLightbox[postimages]\" data-title=\"Immagine_Stories_fr_Eu_Press\" data-caption=\"\" href='https:\/\/www.teatrostabiletorino.it\/wp-content\/uploads\/2020\/05\/Immagine_Stories_fr_Eu_Press.jpg'><img decoding=\"async\" width=\"150\" height=\"150\" src=\"https:\/\/www.teatrostabiletorino.it\/wp-content\/uploads\/2020\/05\/Immagine_Stories_fr_Eu_Press-150x150.jpg\" class=\"attachment-thumbnail size-thumbnail lazyload\" alt=\"\" srcset=\"data:image\/svg+xml,%3Csvg%20xmlns%3D%27http%3A%2F%2Fwww.w3.org%2F2000%2Fsvg%27%20width%3D%271890%27%20height%3D%271259%27%20viewBox%3D%270%200%201890%201259%27%3E%3Crect%20width%3D%271890%27%20height%3D%271259%27%20fill-opacity%3D%220%22%2F%3E%3C%2Fsvg%3E\" data-orig-src=\"https:\/\/www.teatrostabiletorino.it\/wp-content\/uploads\/2020\/05\/Immagine_Stories_fr_Eu_Press-150x150.jpg\" data-srcset=\"https:\/\/www.teatrostabiletorino.it\/wp-content\/uploads\/2020\/05\/Immagine_Stories_fr_Eu_Press-66x66.jpg 66w, https:\/\/www.teatrostabiletorino.it\/wp-content\/uploads\/2020\/05\/Immagine_Stories_fr_Eu_Press-150x150.jpg 150w, https:\/\/www.teatrostabiletorino.it\/wp-content\/uploads\/2020\/05\/Immagine_Stories_fr_Eu_Press-400x400.jpg 400w\" data-sizes=\"auto\" \/><\/a>\n\t\t\t<\/dt><\/dl><dl class='gallery-item'>\n\t\t\t<dt class='gallery-icon landscape'>\n\t\t\t\t<a data-rel=\"iLightbox[postimages]\" data-title=\"01_Fausto Paravino \u00a9sara ciommei\" data-caption=\"Fausto Paravino \nph Sara Ciommei\" href='https:\/\/www.teatrostabiletorino.it\/wp-content\/uploads\/2020\/05\/01_Fausto-Paravino-\u00a9sara-ciommei.jpg'><img decoding=\"async\" width=\"150\" height=\"150\" src=\"https:\/\/www.teatrostabiletorino.it\/wp-content\/uploads\/2020\/05\/01_Fausto-Paravino-\u00a9sara-ciommei-150x150.jpg\" class=\"attachment-thumbnail size-thumbnail lazyload\" alt=\"\" aria-describedby=\"gallery-1-43767\" srcset=\"data:image\/svg+xml,%3Csvg%20xmlns%3D%27http%3A%2F%2Fwww.w3.org%2F2000%2Fsvg%27%20width%3D%272126%27%20height%3D%272126%27%20viewBox%3D%270%200%202126%202126%27%3E%3Crect%20width%3D%272126%27%20height%3D%272126%27%20fill-opacity%3D%220%22%2F%3E%3C%2Fsvg%3E\" data-orig-src=\"https:\/\/www.teatrostabiletorino.it\/wp-content\/uploads\/2020\/05\/01_Fausto-Paravino-\u00a9sara-ciommei-150x150.jpg\" data-srcset=\"https:\/\/www.teatrostabiletorino.it\/wp-content\/uploads\/2020\/05\/01_Fausto-Paravino-\u00a9sara-ciommei-66x66.jpg 66w, https:\/\/www.teatrostabiletorino.it\/wp-content\/uploads\/2020\/05\/01_Fausto-Paravino-\u00a9sara-ciommei-150x150.jpg 150w, https:\/\/www.teatrostabiletorino.it\/wp-content\/uploads\/2020\/05\/01_Fausto-Paravino-\u00a9sara-ciommei-200x200.jpg 200w, https:\/\/www.teatrostabiletorino.it\/wp-content\/uploads\/2020\/05\/01_Fausto-Paravino-\u00a9sara-ciommei-300x300.jpg 300w, https:\/\/www.teatrostabiletorino.it\/wp-content\/uploads\/2020\/05\/01_Fausto-Paravino-\u00a9sara-ciommei-400x400.jpg 400w, https:\/\/www.teatrostabiletorino.it\/wp-content\/uploads\/2020\/05\/01_Fausto-Paravino-\u00a9sara-ciommei-600x600.jpg 600w, https:\/\/www.teatrostabiletorino.it\/wp-content\/uploads\/2020\/05\/01_Fausto-Paravino-\u00a9sara-ciommei-768x768.jpg 768w, https:\/\/www.teatrostabiletorino.it\/wp-content\/uploads\/2020\/05\/01_Fausto-Paravino-\u00a9sara-ciommei-800x800.jpg 800w, https:\/\/www.teatrostabiletorino.it\/wp-content\/uploads\/2020\/05\/01_Fausto-Paravino-\u00a9sara-ciommei-1024x1024.jpg 1024w, https:\/\/www.teatrostabiletorino.it\/wp-content\/uploads\/2020\/05\/01_Fausto-Paravino-\u00a9sara-ciommei-1200x1200.jpg 1200w\" data-sizes=\"auto\" \/><\/a>\n\t\t\t<\/dt>\n\t\t\t\t<dd class='wp-caption-text gallery-caption' id='gallery-1-43767'>\n\t\t\t\tFausto Paravino <br>\nph Sara Ciommei\n\t\t\t\t<\/dd><\/dl>\n\t\t\t<br style='clear: both' \/>\n\t\t<\/div>\n<\/p>","protected":false},"excerpt":{"rendered":"<p>Sorry, this entry is only available in Italiano.Il Teatro Stabile di Torino \u2013 Teatro Nazionale <a href=\"https:\/\/www.teatrostabiletorino.it\/en\/il-teatro-stabile-di-torino-partecipa-al-progetto-teatrale-europeo-stories-from-europe-crisis-and-reflection-la-quotidianita-al-tempo-della-pandemia-nato-nellambito-del-network-internazion\/\"> [+]<\/a><\/p>\n","protected":false},"author":2,"featured_media":43768,"comment_status":"closed","ping_status":"closed","sticky":false,"template":"","format":"standard","meta":{"_acf_changed":false,"footnotes":""},"categories":[103],"tags":[],"acf":[],"_links":{"self":[{"href":"https:\/\/www.teatrostabiletorino.it\/en\/wp-json\/wp\/v2\/posts\/43764"}],"collection":[{"href":"https:\/\/www.teatrostabiletorino.it\/en\/wp-json\/wp\/v2\/posts"}],"about":[{"href":"https:\/\/www.teatrostabiletorino.it\/en\/wp-json\/wp\/v2\/types\/post"}],"author":[{"embeddable":true,"href":"https:\/\/www.teatrostabiletorino.it\/en\/wp-json\/wp\/v2\/users\/2"}],"replies":[{"embeddable":true,"href":"https:\/\/www.teatrostabiletorino.it\/en\/wp-json\/wp\/v2\/comments?post=43764"}],"version-history":[{"count":0,"href":"https:\/\/www.teatrostabiletorino.it\/en\/wp-json\/wp\/v2\/posts\/43764\/revisions"}],"wp:featuredmedia":[{"embeddable":true,"href":"https:\/\/www.teatrostabiletorino.it\/en\/wp-json\/wp\/v2\/media\/43768"}],"wp:attachment":[{"href":"https:\/\/www.teatrostabiletorino.it\/en\/wp-json\/wp\/v2\/media?parent=43764"}],"wp:term":[{"taxonomy":"category","embeddable":true,"href":"https:\/\/www.teatrostabiletorino.it\/en\/wp-json\/wp\/v2\/categories?post=43764"},{"taxonomy":"post_tag","embeddable":true,"href":"https:\/\/www.teatrostabiletorino.it\/en\/wp-json\/wp\/v2\/tags?post=43764"}],"curies":[{"name":"wp","href":"https:\/\/api.w.org\/{rel}","templated":true}]}}