{"id":43814,"date":"2020-06-03T11:32:39","date_gmt":"2020-06-03T09:32:39","guid":{"rendered":"https:\/\/www.teatrostabiletorino.it\/?p=43814"},"modified":"2020-06-03T11:34:47","modified_gmt":"2020-06-03T09:34:47","slug":"43814-2","status":"publish","type":"post","link":"https:\/\/www.teatrostabiletorino.it\/en\/43814-2\/","title":{"rendered":"#stranointerludio #laricetta appuntamenti con Andrea Di Casa e Ilaria Falini"},"content":{"rendered":"<p class=\"qtranxs-available-languages-message qtranxs-available-languages-message-en\">Sorry, this entry is only available in <a href=\"https:\/\/www.teatrostabiletorino.it\/it\/wp-json\/wp\/v2\/posts\/43814\" class=\"qtranxs-available-language-link qtranxs-available-language-link-it\" title=\"Italiano\">Italiano<\/a>.<\/p><p><strong>#stranointerludio<br \/>\n#laricetta<br \/>\nappunti per un men\u00f9 teatrale<\/strong><\/p>\n<p><strong>\u00a0<\/strong><\/p>\n<p>Prosegue l\u2019iniziativa del Teatro Stabile di Torino <strong>#stranointerludio #laricetta<\/strong> con artisti affermati e giovani attori impegnati in video su testi originali o di grandi autori della letteratura, realizzati con uno sguardo inedito e personalissimo, montati come brevi cortometraggi: a partire dal tema del cibo per scoprire intense riflessioni sul nostro presente.<\/p>\n<p>Per questo progetto <strong>Andrea<\/strong><strong> Di Casa<\/strong> e <strong>Ilaria Falini<\/strong> tornano a lavorare insieme per il pubblico dello Stabile di Torino che li ha applauditi diretti da Filippo Dini in <em>Cos\u00ec \u00e8 (se vi pare)<\/em> e nella precedente clip di #stranointerludio, giocata spiritosamente sulle prove di memoria a distanza, complici un computer ed uno smartphone. In questa occasione i due artisti si sono scambiati i ruoli di registi e interprete l\u2019uno per il video dell\u2019altro, con un unico set: la cucina dell\u2019attrice.<\/p>\n<p>Marted\u00ec 9 giugno 2020 Andrea Di Casa sar\u00e0 protagonista di \u201cDue fette di pane nero\u201d un suo testo originale, mentre gioved\u00ec 11 giugno Ilaria Falini si cimenter\u00e0 in \u201c<em>L&#8217;uovo di Dante<\/em>\u201d di cui \u00e8 anche l\u2019autrice.<\/p>\n<p>Due clip che dialogano tra loro, quindi, dedicate a due elementi semplici e centrali in cucina: il pane e l\u2019uovo. Sulla scelta fatta Andrea Di Casa ha scritto: \u00abquando ho immaginato la storia da raccontare mi \u00e8 venuto naturale pensare al momento presente, a ci\u00f2 che stiamo vivendo. Ho ripensato a quei momenti all&#8217;inizio del lockdown, quando uno dei pensieri pi\u00f9 ricorrenti era rivolto a chi ha vissuto situazioni ben peggiori della mia. Mi hanno sempre affascinato i periodi delle due guerre, ma non mi era mai successo di empatizzare con la storia cos\u00ec tanto come durante la Fase 1. Allora inevitabilmente ho ripensato ad un mio zio materno, alla sua tremenda esperienza vissuta nei campi di concentramento nazisti, e a quanto due semplici fette di pane fossero state cos\u00ec determinanti per la sua sopravvivenza: due fette di pane donategli da chi non si sarebbe aspettato, il suo carceriere. Mi \u00e8 servito per ritrovare un po&#8217; di quella fiducia nel prossimo che nel frattempo era scemata e anche per salutare ancora una volta il mio zio preferito, lo zio Nucci\u00bb.<\/p>\n<p>Ilaria Falini, che ha realizzato un vivace collegamento tra una ricetta di sua nonna e Dante Alighieri, ha a sua volta dichiarato: \u00abHo scelto di parlare di uova perch\u00e9 per cucinare le uova ci sono un\u2019infinit\u00e0 di ricette ma io ne proporr\u00f2 solo una, che poi \u00e8 la mia preferita, quella di Dante: perch\u00e9 dall\u2019uovo si sviluppano moltissimi simboli, ma io parler\u00f2 solo di uno di essi; perch\u00e9 ci sono parecchie storie che raccontano di uova, ma io racconter\u00f2 solo quella dell\u2019uovo di mia nonna;\u00a0 perch\u00e9 sono tantissimi i miti legati all\u2019uovo, ma io parler\u00f2 di uno soltanto; e poi perch\u00e9 l\u2019uovo \u00e8 fertilit\u00e0, ricchezza, speranza, primavera e rinnovamento, perch\u00e9 \u00e8 qualcosa ma potenzialmente anche qualcos\u2019altro, e poi perch\u00e9 \u00e8 buono!\u00bb<\/p>\n<p>Nelle prossime settimane i protagonisti di <strong>#stranointerludio #laricetta<\/strong> saranno <strong>Marta Cortellazzo Wiel, Marcello Spinetta, Roberto Turchetta.<\/strong><strong>\u00a0<\/strong><\/p>\n<p>Sul sito del Teatro Stabile di Torino sono disponibile tutte le clip degli attori e i registi che si sono cimentati, catturando l\u2019interesse delle persone e dei media, per questa iniziativa dello Stabile: <strong>Laura Curino<\/strong> con <em>Cuoco Martino da Como e i suoi ricettari rinascimentali <\/em>scritto dalla stessa Curino (marted\u00ec 28 aprile 2020), <strong>Gabriele Vacis<\/strong> impegnato con <em>Le golose<\/em>, poesia di Guido Gozzano (gioved\u00ec 30 aprile 2020), <strong>Filippo Dini<\/strong> che ha presentato un estratto da <em>I dispiaceri della carne<\/em> di Plutarco (marted\u00ec 5 maggio 2020 &#8211; parte prima e gioved\u00ec 7 maggio 2020 &#8211; parte seconda), <strong>Milvia Marigliano<\/strong> che ha interpretato un estratto da <em>Calypso<\/em>, dall&#8217;episodio 4 di &#8220;Ulisse&#8221; di James Joyce (marted\u00ec 12 maggio 2020), <strong>Matthias Martelli<\/strong> con un testo originale scritto appositamente per #stranointerludio dal titolo &#8220;Il pane&#8221; (venerd\u00ec 15 maggio 2020), <strong>Eugenio Allegri <\/strong>che ha proposto una lettera di Rossini alla moglie Olympe P\u00e9lissier da <em>Lettere e documenti<\/em> di Gioacchino Rossini a cura di B. Cagli e S. Ragni &#8211; Fondazione Rossini Pesaro, 1992 (marted\u00ec 19 maggio), <strong>Orietta Notari<\/strong> con <em>Gli asparagi e l&#8217;immortalit\u00e0 dell&#8217;anima<\/em>, uno dei racconti pi\u00f9 famosi di Achille Campanile (venerd\u00ec 22 maggio); <strong>Giordana<\/strong> <strong>Faggiano<\/strong> interprete di <em>Heavy in your arms<\/em>, scritto e diretto da Egidio Alessandro Carchedi (marted\u00ec 26 maggio 2020) e <strong>Matilde Vigna<\/strong> che ha proposto un brano da Filippo Tommaso Marinetti <em>Il manifesto della cucina futurista<\/em>, Passerino Editore (venerd\u00ec 29 maggio 2020), <strong>Vittorio Camarota<\/strong> con \u201cSi cucine cumme vogli&#8217; i&#8217;\u201d(Se cucini come voglio io) di Eduardo De Filippo (luned\u00ec 1 giugno 2020) e <strong>Paola Giannini in una clip dedicata a <\/strong>\u201cIf I Knew You Were Coming I&#8217;d\u2019ve Baked a Cake\u201d (venerd\u00ec 5 giugno 2020)<strong>.<\/strong><\/p>\n<p>Le clip vengono pubblicate con cadenza bisettimanale al link <u><a href=\"https:\/\/www.teatrostabiletorino.it\/stranointerludio\">https:\/\/www.teatrostabiletorino.it\/stranointerludio<\/a><\/u><\/p>\n<p>Prosegue su Instagram #albumdifamiglia, un ritrovo virtuale per raccontare il proprio essere spettatore nelle sale del Teatro Stabile di Torino, per condividere un ricordo speciale in attesa di ritrovarci tutti in sala: #albumdifamiglia #teatrostabiletorino #stranointerludio sono gli hashtag per postare le foto scattate al Carignano, Gobetti, Fonderie, taggando @teatrostabile_torino che far\u00e0 il repost. Un modo per sentirci vicini e per un arrivederci a presto.<\/p>\n<p>Continua il viaggio a ritroso nelle Stagioni appena passate grazie alle fotografie delle produzioni dello Stabile che quotidianamente verranno pubblicate sui canali Instagram e Facebook del teatro.<\/p>\n<p>Per chi voglia mettersi alla prova come spettatore, magari ricordare uno spettacolo molto amato e riscoprire il patrimonio digitale del nostro Centro Studi prosegue l\u2019appuntamento con i quiz sulla storia del nostro teatro, e delle nostre pi\u00f9 grandi produzioni del passato.<\/p>\n<p>Il Teatro continua a lavorare per il suo pubblico con nuove modalit\u00e0 per stare insieme e per dare appuntamento in sala, appena possibile. Nel frattempo invitiamo tutti a seguirci tramite gli aggiornamenti che verranno comunicati sul nostro sito e sui nostri profili social!<\/p>\n<p><strong><a href=\"http:\/\/www.teatrostabiletorino.it\/\">www.teatrostabiletorino.it<\/a><\/strong><\/p>\n<p><strong><a href=\"http:\/\/www.facebook.com\/teatrostabileditorino\/\">www.facebook.com\/teatrostabileditorino\/<\/a><\/strong><br \/>\n<strong>www.instagram.com\/teatrostabile_torino\/<\/strong><\/p>\n<p><a href=\"http:\/\/www.teatrostabiletorino.it\/wp-content\/uploads\/2020\/06\/CS_Teatro-Stabile-Torino-_stranointerludio_laricetta_8-12-giugno-2020.pdf\" target=\"_blank\" rel=\"noopener\">CS #stranointerludio #laricetta_appuntamenti 9 e 11 giugno 2020<\/a><\/p>\n<p>&nbsp;<\/p>\n\n\t\t<style type=\"text\/css\">\n\t\t\t#gallery-1 {\n\t\t\t\tmargin: auto;\n\t\t\t}\n\t\t\t#gallery-1 .gallery-item {\n\t\t\t\tfloat: left;\n\t\t\t\tmargin-top: 10px;\n\t\t\t\ttext-align: center;\n\t\t\t\twidth: 20%;\n\t\t\t}\n\t\t\t#gallery-1 img {\n\t\t\t\tborder: 2px solid #cfcfcf;\n\t\t\t}\n\t\t\t#gallery-1 .gallery-caption {\n\t\t\t\tmargin-left: 0;\n\t\t\t}\n\t\t\t\/* see gallery_shortcode() in wp-includes\/media.php *\/\n\t\t<\/style>\n\t\t<div id='gallery-1' class='gallery galleryid-43814 gallery-columns-5 gallery-size-thumbnail'><dl class='gallery-item'>\n\t\t\t<dt class='gallery-icon landscape'>\n\t\t\t\t<a data-rel=\"iLightbox[postimages]\" data-title=\"Andrea Di Casa_1\" data-caption=\"\" href='https:\/\/www.teatrostabiletorino.it\/wp-content\/uploads\/2020\/06\/Andrea-Di-Casa_1.jpeg'><img decoding=\"async\" width=\"150\" height=\"150\" src=\"https:\/\/www.teatrostabiletorino.it\/wp-content\/uploads\/2020\/06\/Andrea-Di-Casa_1-150x150.jpeg\" class=\"attachment-thumbnail size-thumbnail lazyload\" alt=\"\" srcset=\"data:image\/svg+xml,%3Csvg%20xmlns%3D%27http%3A%2F%2Fwww.w3.org%2F2000%2Fsvg%27%20width%3D%274096%27%20height%3D%272778%27%20viewBox%3D%270%200%204096%202778%27%3E%3Crect%20width%3D%274096%27%20height%3D%272778%27%20fill-opacity%3D%220%22%2F%3E%3C%2Fsvg%3E\" data-orig-src=\"https:\/\/www.teatrostabiletorino.it\/wp-content\/uploads\/2020\/06\/Andrea-Di-Casa_1-150x150.jpeg\" data-srcset=\"https:\/\/www.teatrostabiletorino.it\/wp-content\/uploads\/2020\/06\/Andrea-Di-Casa_1-66x66.jpeg 66w, https:\/\/www.teatrostabiletorino.it\/wp-content\/uploads\/2020\/06\/Andrea-Di-Casa_1-150x150.jpeg 150w, https:\/\/www.teatrostabiletorino.it\/wp-content\/uploads\/2020\/06\/Andrea-Di-Casa_1-400x400.jpeg 400w\" data-sizes=\"auto\" \/><\/a>\n\t\t\t<\/dt><\/dl><dl class='gallery-item'>\n\t\t\t<dt class='gallery-icon portrait'>\n\t\t\t\t<a data-rel=\"iLightbox[postimages]\" data-title=\"Ilaria Falini\" data-caption=\"\" href='https:\/\/www.teatrostabiletorino.it\/wp-content\/uploads\/2020\/06\/Ilaria-Falini.jpg'><img decoding=\"async\" width=\"150\" height=\"150\" src=\"https:\/\/www.teatrostabiletorino.it\/wp-content\/uploads\/2020\/06\/Ilaria-Falini-150x150.jpg\" class=\"attachment-thumbnail size-thumbnail lazyload\" alt=\"\" srcset=\"data:image\/svg+xml,%3Csvg%20xmlns%3D%27http%3A%2F%2Fwww.w3.org%2F2000%2Fsvg%27%20width%3D%27827%27%20height%3D%271240%27%20viewBox%3D%270%200%20827%201240%27%3E%3Crect%20width%3D%27827%27%20height%3D%271240%27%20fill-opacity%3D%220%22%2F%3E%3C%2Fsvg%3E\" data-orig-src=\"https:\/\/www.teatrostabiletorino.it\/wp-content\/uploads\/2020\/06\/Ilaria-Falini-150x150.jpg\" data-srcset=\"https:\/\/www.teatrostabiletorino.it\/wp-content\/uploads\/2020\/06\/Ilaria-Falini-66x66.jpg 66w, https:\/\/www.teatrostabiletorino.it\/wp-content\/uploads\/2020\/06\/Ilaria-Falini-150x150.jpg 150w, https:\/\/www.teatrostabiletorino.it\/wp-content\/uploads\/2020\/06\/Ilaria-Falini-400x400.jpg 400w\" data-sizes=\"auto\" \/><\/a>\n\t\t\t<\/dt><\/dl><dl class='gallery-item'>\n\t\t\t<dt class='gallery-icon landscape'>\n\t\t\t\t<a data-rel=\"iLightbox[postimages]\" data-title=\"Immagine#stranointerludio#laricetta\" data-caption=\"\" href='https:\/\/www.teatrostabiletorino.it\/wp-content\/uploads\/2020\/04\/Immaginestranointerludiolaricetta.jpg'><img decoding=\"async\" width=\"150\" height=\"150\" src=\"https:\/\/www.teatrostabiletorino.it\/wp-content\/uploads\/2020\/04\/Immaginestranointerludiolaricetta-150x150.jpg\" class=\"attachment-thumbnail size-thumbnail lazyload\" alt=\"\" srcset=\"data:image\/svg+xml,%3Csvg%20xmlns%3D%27http%3A%2F%2Fwww.w3.org%2F2000%2Fsvg%27%20width%3D%271408%27%20height%3D%27764%27%20viewBox%3D%270%200%201408%20764%27%3E%3Crect%20width%3D%271408%27%20height%3D%27764%27%20fill-opacity%3D%220%22%2F%3E%3C%2Fsvg%3E\" data-orig-src=\"https:\/\/www.teatrostabiletorino.it\/wp-content\/uploads\/2020\/04\/Immaginestranointerludiolaricetta-150x150.jpg\" data-srcset=\"https:\/\/www.teatrostabiletorino.it\/wp-content\/uploads\/2020\/04\/Immaginestranointerludiolaricetta-66x66.jpg 66w, https:\/\/www.teatrostabiletorino.it\/wp-content\/uploads\/2020\/04\/Immaginestranointerludiolaricetta-150x150.jpg 150w, https:\/\/www.teatrostabiletorino.it\/wp-content\/uploads\/2020\/04\/Immaginestranointerludiolaricetta-400x400.jpg 400w\" data-sizes=\"auto\" \/><\/a>\n\t\t\t<\/dt><\/dl>\n\t\t\t<br style='clear: both' \/>\n\t\t<\/div>\n\n<p>&nbsp;<\/p>\n<p>&nbsp;<\/p>","protected":false},"excerpt":{"rendered":"<p>Sorry, this entry is only available in Italiano.#stranointerludio #laricetta appunti per un men\u00f9 teatrale \u00a0 <a href=\"https:\/\/www.teatrostabiletorino.it\/en\/43814-2\/\"> [+]<\/a><\/p>\n","protected":false},"author":2,"featured_media":43671,"comment_status":"closed","ping_status":"closed","sticky":false,"template":"","format":"standard","meta":{"_acf_changed":false,"footnotes":""},"categories":[103],"tags":[],"acf":[],"_links":{"self":[{"href":"https:\/\/www.teatrostabiletorino.it\/en\/wp-json\/wp\/v2\/posts\/43814"}],"collection":[{"href":"https:\/\/www.teatrostabiletorino.it\/en\/wp-json\/wp\/v2\/posts"}],"about":[{"href":"https:\/\/www.teatrostabiletorino.it\/en\/wp-json\/wp\/v2\/types\/post"}],"author":[{"embeddable":true,"href":"https:\/\/www.teatrostabiletorino.it\/en\/wp-json\/wp\/v2\/users\/2"}],"replies":[{"embeddable":true,"href":"https:\/\/www.teatrostabiletorino.it\/en\/wp-json\/wp\/v2\/comments?post=43814"}],"version-history":[{"count":0,"href":"https:\/\/www.teatrostabiletorino.it\/en\/wp-json\/wp\/v2\/posts\/43814\/revisions"}],"wp:featuredmedia":[{"embeddable":true,"href":"https:\/\/www.teatrostabiletorino.it\/en\/wp-json\/wp\/v2\/media\/43671"}],"wp:attachment":[{"href":"https:\/\/www.teatrostabiletorino.it\/en\/wp-json\/wp\/v2\/media?parent=43814"}],"wp:term":[{"taxonomy":"category","embeddable":true,"href":"https:\/\/www.teatrostabiletorino.it\/en\/wp-json\/wp\/v2\/categories?post=43814"},{"taxonomy":"post_tag","embeddable":true,"href":"https:\/\/www.teatrostabiletorino.it\/en\/wp-json\/wp\/v2\/tags?post=43814"}],"curies":[{"name":"wp","href":"https:\/\/api.w.org\/{rel}","templated":true}]}}