{"id":44159,"date":"2020-06-17T13:38:55","date_gmt":"2020-06-17T11:38:55","guid":{"rendered":"https:\/\/www.teatrostabiletorino.it\/?p=44159"},"modified":"2020-06-17T13:39:45","modified_gmt":"2020-06-17T11:39:45","slug":"44159-2","status":"publish","type":"post","link":"https:\/\/www.teatrostabiletorino.it\/en\/44159-2\/","title":{"rendered":"TST\/TPE_SUMMER PLAYS: PRENDONO IL VIA LE &#8220;LEZIONI SHAKESPEARIANE&#8221;. Primo appuntamento domani con Fausto Paravidino"},"content":{"rendered":"<p class=\"qtranxs-available-languages-message qtranxs-available-languages-message-en\">Sorry, this entry is only available in <a href=\"https:\/\/www.teatrostabiletorino.it\/it\/wp-json\/wp\/v2\/posts\/44159\" class=\"qtranxs-available-language-link qtranxs-available-language-link-it\" title=\"Italiano\">Italiano<\/a>.<\/p><p><strong>SUMMER PLAYS<\/strong><br \/>\n<strong>Sere d\u2019estate al Teatro Carignano<\/strong><br \/>\n<strong>15 giugno \u2013 13 settembre 2020<\/strong><\/p>\n<p>Nell\u2019ambito di <strong>Summer Plays<\/strong>, la Stagione organizzata al Teatro Carignano da Teatro Stabile di Torino &#8211; Teatro Nazionale e TPE &#8211; Teatro Piemonte Europa, prendono il via le <em>Lezioni shakespeariane<\/em>, iniziativa programmata dal 18 giugno al 30 luglio e inserita in <strong>Extra Plays<\/strong>. Sette registi di generazioni diverse racconteranno con l\u2019aiuto pratico di alcuni attori le scene pi\u00f9 celebri di altrettanti capolavori di Shakespeare, svelando la straordinaria attualit\u00e0 della sua scrittura.<\/p>\n<p>Il primo appuntamento \u00e8 programmato domani, gioved\u00ec 18 giugno, alle ore 18.30, al Carignano con <strong>Fausto Paravidino<\/strong> che presenter\u00e0 insieme a <strong>Valerio Binasco<\/strong> <em>I due gentiluomini di Verona<\/em> di William Shakespeare.<br \/>\n\u00abMi ero dimenticato &#8211; dichiara Fausto Paravidino &#8211; de <em>I due gentiluomini di Verona<\/em>. Me lo fece riscoprire Ren\u00e9 Girard che partiva da l\u00ec per il suo bel libro su Shakespeare e l\u2019invidia. Cominciai a studiare la commedia e ad usarla nei laboratori di recitazione e di drammaturgia perch\u00e9 vi si prestava molto bene proprio perch\u00e9 \u00e8 poco frequentata: non ci sono passati sopra i preraffaelliti, il Romanticismo, la Prof. di inglese, Verdi, il cinema. Quando leggiamo I due gentiluomini di Verona lo leggiamo davvero per la prima volta. E cos\u00ec abbiamo l\u2019opportunit\u00e0 di vedere che tipo \u00e8 Shakespeare, il giovane Shakespeare in questo caso. \u00c8 una commedia semplicissima, con una comicit\u00e0 somara come non mai e con un cuore grandissimo. C\u2019\u00e8 tutto quello che c\u2019\u00e8 in Shakespeare: innamorati che amano se stessi, servi tonti, ricchi sbruffoni, ragazze coraggiose che si travestono, amori non corrisposti, anelli e lettere, foreste nelle quali ritrovarsi, scale di corda, briganti dal cuore d\u2019oro, geografie di un\u2019Italia inventata, padri padroni, tradimenti e perdoni. Parla di amore e di amicizia. Di come \u00e8 difficile essere umani. Di come potrebbe essere bellissimo\u00bb.<\/p>\n<p>I prossimi incontri delle <em>Lezioni shakespeariane<\/em> sono programmati con Marco Lorenzi, Otello (25 giugno); Valerio Binasco, Amleto (2 luglio); Silvio Peroni, Molto rumore per nulla (9 luglio); Gabriele Vacis, Romeo e Giulietta (16 luglio); Filippo Dini, Enrico VI (23 luglio); Elena Gigliotti, La bisbetica domata (30 luglio).<\/p>\n<p>INFO<\/p>\n<p>Ingresso libero fino ad esaurimento dei posti disponibili.<br \/>\nPrenotazione obbligatoria su teatrostabiletorino.it<\/p>\n<p><a href=\"http:\/\/www.teatrostabiletorino.it\/wp-content\/uploads\/2020\/06\/01_Lezioni-Shakespeariane_Summer-Plays_TST_TPE.pdf\" target=\"_blank\" rel=\"noopener\">Comunicato stampa Lezioni Shakespeariane<\/a><\/p>\n<p>\n\t\t<style type=\"text\/css\">\n\t\t\t#gallery-1 {\n\t\t\t\tmargin: auto;\n\t\t\t}\n\t\t\t#gallery-1 .gallery-item {\n\t\t\t\tfloat: left;\n\t\t\t\tmargin-top: 10px;\n\t\t\t\ttext-align: center;\n\t\t\t\twidth: 33%;\n\t\t\t}\n\t\t\t#gallery-1 img {\n\t\t\t\tborder: 2px solid #cfcfcf;\n\t\t\t}\n\t\t\t#gallery-1 .gallery-caption {\n\t\t\t\tmargin-left: 0;\n\t\t\t}\n\t\t\t\/* see gallery_shortcode() in wp-includes\/media.php *\/\n\t\t<\/style>\n\t\t<div id='gallery-1' class='gallery galleryid-44159 gallery-columns-3 gallery-size-thumbnail'><dl class='gallery-item'>\n\t\t\t<dt class='gallery-icon landscape'>\n\t\t\t\t<a data-rel=\"iLightbox[postimages]\" data-title=\"01_Fausto Paravino \u00a9sara ciommei\" data-caption=\"Fausto Paravino ph Sara Ciommei\" href='https:\/\/www.teatrostabiletorino.it\/wp-content\/uploads\/2020\/06\/01_Fausto-Paravino-\u00a9sara-ciommei.jpg'><img decoding=\"async\" width=\"150\" height=\"150\" src=\"https:\/\/www.teatrostabiletorino.it\/wp-content\/uploads\/2020\/06\/01_Fausto-Paravino-\u00a9sara-ciommei-150x150.jpg\" class=\"attachment-thumbnail size-thumbnail lazyload\" alt=\"\" aria-describedby=\"gallery-1-44161\" srcset=\"data:image\/svg+xml,%3Csvg%20xmlns%3D%27http%3A%2F%2Fwww.w3.org%2F2000%2Fsvg%27%20width%3D%272126%27%20height%3D%272126%27%20viewBox%3D%270%200%202126%202126%27%3E%3Crect%20width%3D%272126%27%20height%3D%272126%27%20fill-opacity%3D%220%22%2F%3E%3C%2Fsvg%3E\" data-orig-src=\"https:\/\/www.teatrostabiletorino.it\/wp-content\/uploads\/2020\/06\/01_Fausto-Paravino-\u00a9sara-ciommei-150x150.jpg\" data-srcset=\"https:\/\/www.teatrostabiletorino.it\/wp-content\/uploads\/2020\/06\/01_Fausto-Paravino-\u00a9sara-ciommei-66x66.jpg 66w, https:\/\/www.teatrostabiletorino.it\/wp-content\/uploads\/2020\/06\/01_Fausto-Paravino-\u00a9sara-ciommei-150x150.jpg 150w, https:\/\/www.teatrostabiletorino.it\/wp-content\/uploads\/2020\/06\/01_Fausto-Paravino-\u00a9sara-ciommei-200x200.jpg 200w, https:\/\/www.teatrostabiletorino.it\/wp-content\/uploads\/2020\/06\/01_Fausto-Paravino-\u00a9sara-ciommei-300x300.jpg 300w, https:\/\/www.teatrostabiletorino.it\/wp-content\/uploads\/2020\/06\/01_Fausto-Paravino-\u00a9sara-ciommei-400x400.jpg 400w, https:\/\/www.teatrostabiletorino.it\/wp-content\/uploads\/2020\/06\/01_Fausto-Paravino-\u00a9sara-ciommei-600x600.jpg 600w, https:\/\/www.teatrostabiletorino.it\/wp-content\/uploads\/2020\/06\/01_Fausto-Paravino-\u00a9sara-ciommei-768x768.jpg 768w, https:\/\/www.teatrostabiletorino.it\/wp-content\/uploads\/2020\/06\/01_Fausto-Paravino-\u00a9sara-ciommei-800x800.jpg 800w, https:\/\/www.teatrostabiletorino.it\/wp-content\/uploads\/2020\/06\/01_Fausto-Paravino-\u00a9sara-ciommei-1024x1024.jpg 1024w, https:\/\/www.teatrostabiletorino.it\/wp-content\/uploads\/2020\/06\/01_Fausto-Paravino-\u00a9sara-ciommei-1200x1200.jpg 1200w\" data-sizes=\"auto\" \/><\/a>\n\t\t\t<\/dt>\n\t\t\t\t<dd class='wp-caption-text gallery-caption' id='gallery-1-44161'>\n\t\t\t\tFausto Paravino <br>ph Sara Ciommei\n\t\t\t\t<\/dd><\/dl>\n\t\t\t<br style='clear: both' \/>\n\t\t<\/div>\n<\/p>","protected":false},"excerpt":{"rendered":"<p>Sorry, this entry is only available in Italiano.SUMMER PLAYS Sere d\u2019estate al Teatro Carignano 15 <a href=\"https:\/\/www.teatrostabiletorino.it\/en\/44159-2\/\"> [+]<\/a><\/p>\n","protected":false},"author":2,"featured_media":44161,"comment_status":"open","ping_status":"open","sticky":false,"template":"","format":"standard","meta":{"_acf_changed":false,"footnotes":""},"categories":[103],"tags":[],"acf":[],"_links":{"self":[{"href":"https:\/\/www.teatrostabiletorino.it\/en\/wp-json\/wp\/v2\/posts\/44159"}],"collection":[{"href":"https:\/\/www.teatrostabiletorino.it\/en\/wp-json\/wp\/v2\/posts"}],"about":[{"href":"https:\/\/www.teatrostabiletorino.it\/en\/wp-json\/wp\/v2\/types\/post"}],"author":[{"embeddable":true,"href":"https:\/\/www.teatrostabiletorino.it\/en\/wp-json\/wp\/v2\/users\/2"}],"replies":[{"embeddable":true,"href":"https:\/\/www.teatrostabiletorino.it\/en\/wp-json\/wp\/v2\/comments?post=44159"}],"version-history":[{"count":0,"href":"https:\/\/www.teatrostabiletorino.it\/en\/wp-json\/wp\/v2\/posts\/44159\/revisions"}],"wp:featuredmedia":[{"embeddable":true,"href":"https:\/\/www.teatrostabiletorino.it\/en\/wp-json\/wp\/v2\/media\/44161"}],"wp:attachment":[{"href":"https:\/\/www.teatrostabiletorino.it\/en\/wp-json\/wp\/v2\/media?parent=44159"}],"wp:term":[{"taxonomy":"category","embeddable":true,"href":"https:\/\/www.teatrostabiletorino.it\/en\/wp-json\/wp\/v2\/categories?post=44159"},{"taxonomy":"post_tag","embeddable":true,"href":"https:\/\/www.teatrostabiletorino.it\/en\/wp-json\/wp\/v2\/tags?post=44159"}],"curies":[{"name":"wp","href":"https:\/\/api.w.org\/{rel}","templated":true}]}}