{"id":44322,"date":"2020-07-10T17:43:26","date_gmt":"2020-07-10T15:43:26","guid":{"rendered":"https:\/\/www.teatrostabiletorino.it\/?p=44322"},"modified":"2020-09-14T11:22:49","modified_gmt":"2020-09-14T09:22:49","slug":"nellambito-della-rassegna-estiva-summer-plays-debutta-il-mago-di-oz-di-lyman-frank-baum-regia-silvio-peroni","status":"publish","type":"post","link":"https:\/\/www.teatrostabiletorino.it\/en\/nellambito-della-rassegna-estiva-summer-plays-debutta-il-mago-di-oz-di-lyman-frank-baum-regia-silvio-peroni\/","title":{"rendered":"NELL\u2019AMBITO DELLA RASSEGNA ESTIVA \u201cSUMMER PLAYS\u201d DEBUTTA \u201cIL MAGO DI OZ\u201d DI LYMAN FRANK BAUM, REGIA SILVIO PERONI"},"content":{"rendered":"<p class=\"qtranxs-available-languages-message qtranxs-available-languages-message-en\">Sorry, this entry is only available in <a href=\"https:\/\/www.teatrostabiletorino.it\/it\/wp-json\/wp\/v2\/posts\/44322\" class=\"qtranxs-available-language-link qtranxs-available-language-link-it\" title=\"Italiano\">Italiano<\/a>.<\/p><p>Al Teatro Carignano di Torino va in scena, nell\u2019ambito di EXTRA KIDS, <strong>IL MAGO DI OZ<\/strong>, nato dalla penna di <strong>Lyman<\/strong> <strong>Frank<\/strong> <strong>Baum<\/strong>, per la regia di <strong>Silvio<\/strong> <strong>Peroni<\/strong> e con l\u2019adattamento di <strong>Emanuele<\/strong> <strong>Aldrovandi<\/strong>. In scena <strong>Vittorio Camarota<\/strong>, <strong>Giorgia Cipolla<\/strong>, <strong>Maria Lombardo<\/strong>, <strong>Aron Tewelde<\/strong>, <strong>Andrea Triaca<\/strong>, <strong>Isacco Venturini<\/strong>. Le scene e i costumi sono di Silvia Brero, le luci di Valerio Tiberi e le musiche originali di Oliviero Forni.<\/p>\n<p>Lo spettacolo, prodotto dal Teatro Stabile di Torino &#8211; Teatro Nazionale, sar\u00e0 replicato <strong>dall\u20198 luglio al 2 agosto 2020<\/strong>. Le recite infrasettimanali sono riservate a <strong>La bella estate <\/strong>un progetto promosso da Fondazione Compagnia di San Paolo, in collaborazione con il Consorzio Xk\u00e9? ZeroTredici.<\/p>\n<p><strong>A partire dall\u201911 luglio, ogni sabato alle ore 17.00 e ogni domenica alle ore 11.00, sono previste le recite aperte al pubblico.<\/strong><\/p>\n<p>La piccola Dorothy \u00e8 una bambina che vive nel Kansas assieme al suo cane, Tot\u00f2, e ai suoi zii. Un ciclone improvviso spazza via ogni cosa trascinando con s\u00e9 anche Dorothy che viene scaraventata in un paese popolato da strani personaggi. Il suo unico pensiero \u00e8 quello di fare ritorno a casa, ma il solo che pu\u00f2 aiutarla in questa impresa \u00e8 il grande e temibile Mago di Oz, che si trova nella citt\u00e0 di Smeraldo.<\/p>\n<p><strong>\u00a0<\/strong><strong>LA VERIT\u00c0 DIETRO L\u2019ILLUSIONE<\/strong><\/p>\n<p>Note a cura di Emanuele Aldrovandi e Silvio Peroni<\/p>\n<p><strong>\u00a0<\/strong><\/p>\n<p>\u00abOgnuno ha una propria immagine dei personaggi letterari. Un\u2019immagine personale che si \u00e8 costruita nella nostra fantasia attraverso le prime letture e che poi \u00e8 stata modificata, delusa, arricchita o stravolta dalle immagini cinematografiche. Ognuno ha un suo Piccolo Principe, una sua Alice o un suo Pinocchio, suggestionato ovviamente dalle parole degli autori, ma anche dalle illustrazioni presenti sui libri o &#8211; in quei casi in cui la visione ha preceduto la lettura &#8211; creato direttamente, appunto, dalle immagini cinematografiche. Se di ogni personaggio esistono per\u00f2 varie versioni che, in un certo senso, rendono diverse le immagini personali che si sono stratificate in ogni individuo, per quanto riguarda <em>Il mago di Oz<\/em> l\u2019impressione che abbiamo \u00e8 che il film di Victor Fleming, sia per la potenza iconografica, sia per la mancanza di valide alternative visive, abbia in un certo senso colonizzato l\u2019immaginario e cristallizzato una certa visione dei personaggi principali: chi, pensando al <em>Il mago di Oz<\/em>, non ricorda l\u2019abito con grembiule e le scarpette rosse di Dorothy, l\u2019imbuto in testa del Taglialegna, lo Spaventapasseri vestito di verde e il Leone piagnucoloso e antropomorfo? Tutte interpretazioni funzionali alla creazione cinematografica, ma non necessariamente aderenti al racconto di Baum. Che negli anni \u00e8 stato anche soggetto a numerose interpretazioni, una su tutte quella politica, come critica nei confronti del fiorente capitalismo di inizio Novecento che avrebbe trasformato gli Stati Uniti da societ\u00e0 rurale nella pi\u00f9 importante potenza militare e economica mondiale.<\/p>\n<p>Quello che abbiamo provato a fare con questo spettacolo teatrale, sia per quanto riguarda l\u2019adattamento che l\u2019allestimento, \u00e8 stato cercare di slegarci il pi\u00f9 possibile dall\u2019immaginario del film e dalle possibili interpretazioni critiche, per concentrarci sui personaggi descritti nel romanzo, senza considerarli dei semplici clich\u00e9 stravaganti, ma provando &#8211; pur senza uscire dal contesto favolistico &#8211; a indagare la loro personalit\u00e0.<\/p>\n<p>Il Taglialegna, lo Spaventapasseri e il Leone vanno dal Mago di Oz per chiedergli cuore, cervello e coraggio, tre tratti distintivi di un\u2019interiorit\u00e0 umana, tre capacit\u00e0 (amare, ragionare e agire) che tutti abbiamo, ma che a volte ci dimentichiamo di avere. Abbiamo bisogno che qualcuno ce le ricordi o dobbiamo impegnarci in un percorso &#8211; un viaggio &#8211; che ci faccia riscoprire quello che pensavamo di non avere o di avere perso.<\/p>\n<p>Il fascino di questi personaggi ha fatto s\u00ec che non potessimo esimerci dall\u2019occuparci della loro personalit\u00e0 e del loro viaggio di scoperta apportando &#8211; certamente &#8211; delle forzature al testo, ma cercando di non tradire lo spirito dell\u2019opera. Da questo viaggio ovviamente non viene esclusa Dorothy, l\u2019eroina che cerca qualcosa ma non capisce cosa, l\u2019eroina catalizzatrice attraverso la quale tutti ritrovano se stessi, l\u2019eroina che \u00e8 pronta a sacrificarsi per il bene comune; quello che cerca non le \u00e8 chiaro, ma chiara sar\u00e0 la crescita e le scoperte che far\u00e0 nel mondo di OZ. Conoscer\u00e0 il coraggio, l\u2019amicizia e il valore delle cose. Potr\u00e0 tornare nel suo mondo consapevole che il cambiamento \u00e8 sempre possibile, basta non perdere la speranza\u00bb.<\/p>\n<p><strong>Silvio Peroni<\/strong>, regista teatrale e direttore artistico di Festival e rassegne culturali. Esordisce come regista a 22 anni. Negli anni realizza la regia di spettacoli e di letture poetiche debuttando in numerosi festival e curando l\u2019allestimento di spettacoli nella maggiori piazze nazionali. Ha concentrato e specializzato il suo lavoro sulla drammaturgia contemporanea realizzando spettacoli di autori come Will Eno, Nick Payne, Mike Bartlett, Lucy Prebble, Annie Baker, Neil LaBute, Harold Pinter; creando una perfetta sinergia fra il lavoro con gli attori e i testi rappresentati. Collabora con produzioni pubbliche e private fra le quali il Teatro Stabile di Torino, il Teatro Stabile d\u2019Abruzzo, la Compagnia Mauri Sturno e Khora.teatro. Parallelamente al lavoro di regista ha da anni sviluppato e approfondito il suo interesse per la pedagogia teatrale, interesse che lo ha portato a condurre vari seminari in festival, scuole e accademie teatrali nazionali.<\/p>\n<p><a href=\"http:\/\/www.teatrostabiletorino.it\/wp-content\/uploads\/2020\/07\/01_CS_Il-Mago-di-Oz.pdf\" target=\"_blank\" rel=\"noopener\">Comunicato stampa IL MAGO DI OZ<\/a><\/p>\n\n\t\t<style type=\"text\/css\">\n\t\t\t#gallery-1 {\n\t\t\t\tmargin: auto;\n\t\t\t}\n\t\t\t#gallery-1 .gallery-item {\n\t\t\t\tfloat: left;\n\t\t\t\tmargin-top: 10px;\n\t\t\t\ttext-align: center;\n\t\t\t\twidth: 20%;\n\t\t\t}\n\t\t\t#gallery-1 img {\n\t\t\t\tborder: 2px solid #cfcfcf;\n\t\t\t}\n\t\t\t#gallery-1 .gallery-caption {\n\t\t\t\tmargin-left: 0;\n\t\t\t}\n\t\t\t\/* see gallery_shortcode() in wp-includes\/media.php *\/\n\t\t<\/style>\n\t\t<div id='gallery-1' class='gallery galleryid-44322 gallery-columns-5 gallery-size-thumbnail'><dl class='gallery-item'>\n\t\t\t<dt class='gallery-icon landscape'>\n\t\t\t\t<a data-rel=\"iLightbox[postimages]\" data-title=\"01_Il mago di OZ_ph Luigi De Palma_P1A5864\" data-caption=\"Il mago di OZ_ph Luigi De Palma\" href='https:\/\/www.teatrostabiletorino.it\/wp-content\/uploads\/2020\/07\/01_Il-mago-di-OZ_ph-Luigi-De-Palma_P1A5864.jpg'><img decoding=\"async\" width=\"150\" height=\"150\" src=\"https:\/\/www.teatrostabiletorino.it\/wp-content\/uploads\/2020\/07\/01_Il-mago-di-OZ_ph-Luigi-De-Palma_P1A5864-150x150.jpg\" class=\"attachment-thumbnail size-thumbnail lazyload\" alt=\"\" aria-describedby=\"gallery-1-44324\" srcset=\"data:image\/svg+xml,%3Csvg%20xmlns%3D%27http%3A%2F%2Fwww.w3.org%2F2000%2Fsvg%27%20width%3D%271890%27%20height%3D%271260%27%20viewBox%3D%270%200%201890%201260%27%3E%3Crect%20width%3D%271890%27%20height%3D%271260%27%20fill-opacity%3D%220%22%2F%3E%3C%2Fsvg%3E\" data-orig-src=\"https:\/\/www.teatrostabiletorino.it\/wp-content\/uploads\/2020\/07\/01_Il-mago-di-OZ_ph-Luigi-De-Palma_P1A5864-150x150.jpg\" data-srcset=\"https:\/\/www.teatrostabiletorino.it\/wp-content\/uploads\/2020\/07\/01_Il-mago-di-OZ_ph-Luigi-De-Palma_P1A5864-66x66.jpg 66w, https:\/\/www.teatrostabiletorino.it\/wp-content\/uploads\/2020\/07\/01_Il-mago-di-OZ_ph-Luigi-De-Palma_P1A5864-150x150.jpg 150w\" data-sizes=\"auto\" \/><\/a>\n\t\t\t<\/dt>\n\t\t\t\t<dd class='wp-caption-text gallery-caption' id='gallery-1-44324'>\n\t\t\t\tIl mago di OZ_ph Luigi De Palma\n\t\t\t\t<\/dd><\/dl><dl class='gallery-item'>\n\t\t\t<dt class='gallery-icon landscape'>\n\t\t\t\t<a data-rel=\"iLightbox[postimages]\" data-title=\"02_Il mago di OZ_ph Luigi De Palma_P1A6025\" data-caption=\"Il mago di OZ_ph Luigi De Palma\" href='https:\/\/www.teatrostabiletorino.it\/wp-content\/uploads\/2020\/07\/02_Il-mago-di-OZ_ph-Luigi-De-Palma_P1A6025.jpg'><img decoding=\"async\" width=\"150\" height=\"150\" src=\"https:\/\/www.teatrostabiletorino.it\/wp-content\/uploads\/2020\/07\/02_Il-mago-di-OZ_ph-Luigi-De-Palma_P1A6025-150x150.jpg\" class=\"attachment-thumbnail size-thumbnail lazyload\" alt=\"\" aria-describedby=\"gallery-1-44325\" srcset=\"data:image\/svg+xml,%3Csvg%20xmlns%3D%27http%3A%2F%2Fwww.w3.org%2F2000%2Fsvg%27%20width%3D%271890%27%20height%3D%271260%27%20viewBox%3D%270%200%201890%201260%27%3E%3Crect%20width%3D%271890%27%20height%3D%271260%27%20fill-opacity%3D%220%22%2F%3E%3C%2Fsvg%3E\" data-orig-src=\"https:\/\/www.teatrostabiletorino.it\/wp-content\/uploads\/2020\/07\/02_Il-mago-di-OZ_ph-Luigi-De-Palma_P1A6025-150x150.jpg\" data-srcset=\"https:\/\/www.teatrostabiletorino.it\/wp-content\/uploads\/2020\/07\/02_Il-mago-di-OZ_ph-Luigi-De-Palma_P1A6025-66x66.jpg 66w, https:\/\/www.teatrostabiletorino.it\/wp-content\/uploads\/2020\/07\/02_Il-mago-di-OZ_ph-Luigi-De-Palma_P1A6025-150x150.jpg 150w\" data-sizes=\"auto\" \/><\/a>\n\t\t\t<\/dt>\n\t\t\t\t<dd class='wp-caption-text gallery-caption' id='gallery-1-44325'>\n\t\t\t\tIl mago di OZ_ph Luigi De Palma\n\t\t\t\t<\/dd><\/dl><dl class='gallery-item'>\n\t\t\t<dt class='gallery-icon landscape'>\n\t\t\t\t<a data-rel=\"iLightbox[postimages]\" data-title=\"03_Il mago di OZ_ph Luigi De Palma_P1A6069\" data-caption=\"Il mago di OZ_ph Luigi De Palma\" href='https:\/\/www.teatrostabiletorino.it\/wp-content\/uploads\/2020\/07\/03_Il-mago-di-OZ_ph-Luigi-De-Palma_P1A6069.jpg'><img decoding=\"async\" width=\"150\" height=\"150\" src=\"https:\/\/www.teatrostabiletorino.it\/wp-content\/uploads\/2020\/07\/03_Il-mago-di-OZ_ph-Luigi-De-Palma_P1A6069-150x150.jpg\" class=\"attachment-thumbnail size-thumbnail lazyload\" alt=\"\" aria-describedby=\"gallery-1-44326\" srcset=\"data:image\/svg+xml,%3Csvg%20xmlns%3D%27http%3A%2F%2Fwww.w3.org%2F2000%2Fsvg%27%20width%3D%271890%27%20height%3D%271260%27%20viewBox%3D%270%200%201890%201260%27%3E%3Crect%20width%3D%271890%27%20height%3D%271260%27%20fill-opacity%3D%220%22%2F%3E%3C%2Fsvg%3E\" data-orig-src=\"https:\/\/www.teatrostabiletorino.it\/wp-content\/uploads\/2020\/07\/03_Il-mago-di-OZ_ph-Luigi-De-Palma_P1A6069-150x150.jpg\" data-srcset=\"https:\/\/www.teatrostabiletorino.it\/wp-content\/uploads\/2020\/07\/03_Il-mago-di-OZ_ph-Luigi-De-Palma_P1A6069-66x66.jpg 66w, https:\/\/www.teatrostabiletorino.it\/wp-content\/uploads\/2020\/07\/03_Il-mago-di-OZ_ph-Luigi-De-Palma_P1A6069-150x150.jpg 150w\" data-sizes=\"auto\" \/><\/a>\n\t\t\t<\/dt>\n\t\t\t\t<dd class='wp-caption-text gallery-caption' id='gallery-1-44326'>\n\t\t\t\tIl mago di OZ_ph Luigi De Palma\n\t\t\t\t<\/dd><\/dl><dl class='gallery-item'>\n\t\t\t<dt class='gallery-icon landscape'>\n\t\t\t\t<a data-rel=\"iLightbox[postimages]\" data-title=\"04_Il mago di OZ_ph Luigi De Palma_P1A6103\" data-caption=\"Il mago di OZ_ph Luigi De Palma\" href='https:\/\/www.teatrostabiletorino.it\/wp-content\/uploads\/2020\/07\/04_Il-mago-di-OZ_ph-Luigi-De-Palma_P1A6103.jpg'><img decoding=\"async\" width=\"150\" height=\"150\" src=\"https:\/\/www.teatrostabiletorino.it\/wp-content\/uploads\/2020\/07\/04_Il-mago-di-OZ_ph-Luigi-De-Palma_P1A6103-150x150.jpg\" class=\"attachment-thumbnail size-thumbnail lazyload\" alt=\"\" aria-describedby=\"gallery-1-44327\" srcset=\"data:image\/svg+xml,%3Csvg%20xmlns%3D%27http%3A%2F%2Fwww.w3.org%2F2000%2Fsvg%27%20width%3D%271890%27%20height%3D%271260%27%20viewBox%3D%270%200%201890%201260%27%3E%3Crect%20width%3D%271890%27%20height%3D%271260%27%20fill-opacity%3D%220%22%2F%3E%3C%2Fsvg%3E\" data-orig-src=\"https:\/\/www.teatrostabiletorino.it\/wp-content\/uploads\/2020\/07\/04_Il-mago-di-OZ_ph-Luigi-De-Palma_P1A6103-150x150.jpg\" data-srcset=\"https:\/\/www.teatrostabiletorino.it\/wp-content\/uploads\/2020\/07\/04_Il-mago-di-OZ_ph-Luigi-De-Palma_P1A6103-66x66.jpg 66w, https:\/\/www.teatrostabiletorino.it\/wp-content\/uploads\/2020\/07\/04_Il-mago-di-OZ_ph-Luigi-De-Palma_P1A6103-150x150.jpg 150w\" data-sizes=\"auto\" \/><\/a>\n\t\t\t<\/dt>\n\t\t\t\t<dd class='wp-caption-text gallery-caption' id='gallery-1-44327'>\n\t\t\t\tIl mago di OZ_ph Luigi De Palma\n\t\t\t\t<\/dd><\/dl><dl class='gallery-item'>\n\t\t\t<dt class='gallery-icon landscape'>\n\t\t\t\t<a data-rel=\"iLightbox[postimages]\" data-title=\"05_Il mago di OZ_ph Luigi De Palma_P1A6105\" data-caption=\"Il mago di OZ_ph Luigi De Palma\" href='https:\/\/www.teatrostabiletorino.it\/wp-content\/uploads\/2020\/07\/05_Il-mago-di-OZ_ph-Luigi-De-Palma_P1A6105.jpg'><img decoding=\"async\" width=\"150\" height=\"150\" src=\"https:\/\/www.teatrostabiletorino.it\/wp-content\/uploads\/2020\/07\/05_Il-mago-di-OZ_ph-Luigi-De-Palma_P1A6105-150x150.jpg\" class=\"attachment-thumbnail size-thumbnail lazyload\" alt=\"\" aria-describedby=\"gallery-1-44328\" srcset=\"data:image\/svg+xml,%3Csvg%20xmlns%3D%27http%3A%2F%2Fwww.w3.org%2F2000%2Fsvg%27%20width%3D%271890%27%20height%3D%271260%27%20viewBox%3D%270%200%201890%201260%27%3E%3Crect%20width%3D%271890%27%20height%3D%271260%27%20fill-opacity%3D%220%22%2F%3E%3C%2Fsvg%3E\" data-orig-src=\"https:\/\/www.teatrostabiletorino.it\/wp-content\/uploads\/2020\/07\/05_Il-mago-di-OZ_ph-Luigi-De-Palma_P1A6105-150x150.jpg\" data-srcset=\"https:\/\/www.teatrostabiletorino.it\/wp-content\/uploads\/2020\/07\/05_Il-mago-di-OZ_ph-Luigi-De-Palma_P1A6105-66x66.jpg 66w, https:\/\/www.teatrostabiletorino.it\/wp-content\/uploads\/2020\/07\/05_Il-mago-di-OZ_ph-Luigi-De-Palma_P1A6105-150x150.jpg 150w\" data-sizes=\"auto\" \/><\/a>\n\t\t\t<\/dt>\n\t\t\t\t<dd class='wp-caption-text gallery-caption' id='gallery-1-44328'>\n\t\t\t\tIl mago di OZ_ph Luigi De Palma\n\t\t\t\t<\/dd><\/dl><br style=\"clear: both\" \/><dl class='gallery-item'>\n\t\t\t<dt class='gallery-icon landscape'>\n\t\t\t\t<a data-rel=\"iLightbox[postimages]\" data-title=\"06_Il mago di OZ_ph Luigi De Palma_P1A6120\" data-caption=\"Il mago di OZ_ph Luigi De Palma\" href='https:\/\/www.teatrostabiletorino.it\/wp-content\/uploads\/2020\/07\/06_Il-mago-di-OZ_ph-Luigi-De-Palma_P1A6120.jpg'><img decoding=\"async\" width=\"150\" height=\"150\" src=\"https:\/\/www.teatrostabiletorino.it\/wp-content\/uploads\/2020\/07\/06_Il-mago-di-OZ_ph-Luigi-De-Palma_P1A6120-150x150.jpg\" class=\"attachment-thumbnail size-thumbnail lazyload\" alt=\"\" aria-describedby=\"gallery-1-44329\" srcset=\"data:image\/svg+xml,%3Csvg%20xmlns%3D%27http%3A%2F%2Fwww.w3.org%2F2000%2Fsvg%27%20width%3D%271890%27%20height%3D%271260%27%20viewBox%3D%270%200%201890%201260%27%3E%3Crect%20width%3D%271890%27%20height%3D%271260%27%20fill-opacity%3D%220%22%2F%3E%3C%2Fsvg%3E\" data-orig-src=\"https:\/\/www.teatrostabiletorino.it\/wp-content\/uploads\/2020\/07\/06_Il-mago-di-OZ_ph-Luigi-De-Palma_P1A6120-150x150.jpg\" data-srcset=\"https:\/\/www.teatrostabiletorino.it\/wp-content\/uploads\/2020\/07\/06_Il-mago-di-OZ_ph-Luigi-De-Palma_P1A6120-66x66.jpg 66w, https:\/\/www.teatrostabiletorino.it\/wp-content\/uploads\/2020\/07\/06_Il-mago-di-OZ_ph-Luigi-De-Palma_P1A6120-150x150.jpg 150w\" data-sizes=\"auto\" \/><\/a>\n\t\t\t<\/dt>\n\t\t\t\t<dd class='wp-caption-text gallery-caption' id='gallery-1-44329'>\n\t\t\t\tIl mago di OZ_ph Luigi De Palma\n\t\t\t\t<\/dd><\/dl><dl class='gallery-item'>\n\t\t\t<dt class='gallery-icon landscape'>\n\t\t\t\t<a data-rel=\"iLightbox[postimages]\" data-title=\"07_Il mago di OZ_ph Luigi De Palma_P1A6723\" data-caption=\"Il mago di OZ_ph Luigi De Palma\" href='https:\/\/www.teatrostabiletorino.it\/wp-content\/uploads\/2020\/07\/07_Il-mago-di-OZ_ph-Luigi-De-Palma_P1A6723.jpg'><img decoding=\"async\" width=\"150\" height=\"150\" src=\"https:\/\/www.teatrostabiletorino.it\/wp-content\/uploads\/2020\/07\/07_Il-mago-di-OZ_ph-Luigi-De-Palma_P1A6723-150x150.jpg\" class=\"attachment-thumbnail size-thumbnail lazyload\" alt=\"\" aria-describedby=\"gallery-1-44330\" srcset=\"data:image\/svg+xml,%3Csvg%20xmlns%3D%27http%3A%2F%2Fwww.w3.org%2F2000%2Fsvg%27%20width%3D%271890%27%20height%3D%271260%27%20viewBox%3D%270%200%201890%201260%27%3E%3Crect%20width%3D%271890%27%20height%3D%271260%27%20fill-opacity%3D%220%22%2F%3E%3C%2Fsvg%3E\" data-orig-src=\"https:\/\/www.teatrostabiletorino.it\/wp-content\/uploads\/2020\/07\/07_Il-mago-di-OZ_ph-Luigi-De-Palma_P1A6723-150x150.jpg\" data-srcset=\"https:\/\/www.teatrostabiletorino.it\/wp-content\/uploads\/2020\/07\/07_Il-mago-di-OZ_ph-Luigi-De-Palma_P1A6723-66x66.jpg 66w, https:\/\/www.teatrostabiletorino.it\/wp-content\/uploads\/2020\/07\/07_Il-mago-di-OZ_ph-Luigi-De-Palma_P1A6723-150x150.jpg 150w\" data-sizes=\"auto\" \/><\/a>\n\t\t\t<\/dt>\n\t\t\t\t<dd class='wp-caption-text gallery-caption' id='gallery-1-44330'>\n\t\t\t\tIl mago di OZ_ph Luigi De Palma\n\t\t\t\t<\/dd><\/dl>\n\t\t\t<br style='clear: both' \/>\n\t\t<\/div>\n\n<p>&nbsp;<\/p>\n<p>&nbsp;<\/p>\n<p><strong>\u00a0<\/strong><\/p>","protected":false},"excerpt":{"rendered":"<p>Sorry, this entry is only available in Italiano.Al Teatro Carignano di Torino va in scena, <a href=\"https:\/\/www.teatrostabiletorino.it\/en\/nellambito-della-rassegna-estiva-summer-plays-debutta-il-mago-di-oz-di-lyman-frank-baum-regia-silvio-peroni\/\"> [+]<\/a><\/p>\n","protected":false},"author":2,"featured_media":44330,"comment_status":"open","ping_status":"open","sticky":false,"template":"","format":"standard","meta":{"_acf_changed":false,"footnotes":""},"categories":[103],"tags":[],"acf":[],"_links":{"self":[{"href":"https:\/\/www.teatrostabiletorino.it\/en\/wp-json\/wp\/v2\/posts\/44322"}],"collection":[{"href":"https:\/\/www.teatrostabiletorino.it\/en\/wp-json\/wp\/v2\/posts"}],"about":[{"href":"https:\/\/www.teatrostabiletorino.it\/en\/wp-json\/wp\/v2\/types\/post"}],"author":[{"embeddable":true,"href":"https:\/\/www.teatrostabiletorino.it\/en\/wp-json\/wp\/v2\/users\/2"}],"replies":[{"embeddable":true,"href":"https:\/\/www.teatrostabiletorino.it\/en\/wp-json\/wp\/v2\/comments?post=44322"}],"version-history":[{"count":0,"href":"https:\/\/www.teatrostabiletorino.it\/en\/wp-json\/wp\/v2\/posts\/44322\/revisions"}],"wp:featuredmedia":[{"embeddable":true,"href":"https:\/\/www.teatrostabiletorino.it\/en\/wp-json\/wp\/v2\/media\/44330"}],"wp:attachment":[{"href":"https:\/\/www.teatrostabiletorino.it\/en\/wp-json\/wp\/v2\/media?parent=44322"}],"wp:term":[{"taxonomy":"category","embeddable":true,"href":"https:\/\/www.teatrostabiletorino.it\/en\/wp-json\/wp\/v2\/categories?post=44322"},{"taxonomy":"post_tag","embeddable":true,"href":"https:\/\/www.teatrostabiletorino.it\/en\/wp-json\/wp\/v2\/tags?post=44322"}],"curies":[{"name":"wp","href":"https:\/\/api.w.org\/{rel}","templated":true}]}}