{"id":44391,"date":"2020-07-13T11:23:58","date_gmt":"2020-07-13T09:23:58","guid":{"rendered":"https:\/\/www.teatrostabiletorino.it\/?p=44391"},"modified":"2020-09-14T11:22:32","modified_gmt":"2020-09-14T09:22:32","slug":"blu-oltremare-classica-jazz-teatro-rock-circo-incontri_15-luglio-27-settembre-2020-nel-cortile-di-combo","status":"publish","type":"post","link":"https:\/\/www.teatrostabiletorino.it\/en\/blu-oltremare-classica-jazz-teatro-rock-circo-incontri_15-luglio-27-settembre-2020-nel-cortile-di-combo\/","title":{"rendered":"BLU OLTREMARE &#8211; CLASSICA \/ JAZZ \/ TEATRO \/ ROCK \/ CIRCO \/ INCONTRI_15 LUGLIO &#8211; 27 SETTEMBRE 2020 NEL CORTILE DI COMBO"},"content":{"rendered":"<p class=\"qtranxs-available-languages-message qtranxs-available-languages-message-en\">Sorry, this entry is only available in <a href=\"https:\/\/www.teatrostabiletorino.it\/it\/wp-json\/wp\/v2\/posts\/44391\" class=\"qtranxs-available-language-link qtranxs-available-language-link-it\" title=\"Italiano\">Italiano<\/a>.<\/p><p>L\u2019estate 2020 sar\u00e0 una stagione speciale, un periodo di transizione in cui la nostra comunit\u00e0 dovr\u00e0 ritrovarsi per ristabilire insieme una \u201cnuova\u201d normalit\u00e0. Sar\u00e0 un\u2019estate nella quale la mobilit\u00e0 ridotta porter\u00e0 in citt\u00e0 meno turisti del solito e nella quale dunque i torinesi potranno gradualmente riappropriarsi delle loro piazze, dei loro quartieri, delle loro istituzioni culturali. E potranno tornare a fruire in totale sicurezza dello spettacolo dal vivo, che a Torino conta eccellenze indiscusse.<\/p>\n<p>Nell\u2019ambito del progetto <strong>Torino a Cielo Aperto<\/strong>, la <strong>Citt\u00e0 di Torino<\/strong>, insieme alla <strong>Fondazione per la Cultura<\/strong>, ha incaricato il <strong>Teatro Stabile<\/strong> di coordinare un programma di iniziative in uno spazio tutto da scoprire, il <strong>cortile di Combo<\/strong>, a pochi passi da Porta Palazzo. Laddove c\u2019era la caserma dei Vigili del Fuoco, in corso Regina Margherita 128, oggi ha sede un nuovissimo ostello con locali al piano terra dedicati alla somministrazione e ad eventi culturali come concerti, performance e mostre. All\u2019esterno sono appena terminati i lavori di rifacimento del cortile, nel quale sar\u00e0 montato un palcoscenico perfettamente attrezzato e una comoda platea. Lo spazio e le infrastrutture vengono messe a disposizione gratuitamente dalla propriet\u00e0.<\/p>\n<p>\u00abDa casa per bambini e ragazzi temporaneamente soli, con i genitori ricoverati a causa del Covid-19, a spazio per l\u2019estate di Torino a Cielo Aperto: <em>Blu Oltremare, nel cortile di Combo<\/em>, diventa cos\u00ec anche un forte segnale di impegno, da parte dell&#8217;Amministrazione, per la ripartenza delle attivit\u00e0 culturali nella nostra Citt\u00e0 &#8211; dichiara l\u2019Assessora alla Cultura della Citt\u00e0 di Torino <strong>Francesca Leon<\/strong>. Siamo grati a Michele Denegri &#8211; prosegue l\u2019Assessora &#8211; che ha gi\u00e0 dato prova di attenzione alle necessit\u00e0 del territorio e che oggi rinnova la propria disponibilit\u00e0 per questa importante iniziativa; uno straordinario esempio di collaborazione tra pubblico e privato<em>\u00bb<\/em><em>. <\/em><\/p>\n<p>\u00abSiamo felici di contribuire a questa rassegna mettendo a disposizione gli spazi di Combo\u00a0&#8211;<em>\u00a0<\/em>commenta\u00a0<strong>Michele Denegri\u00a0<\/strong>&#8211; e di riempire di energia e cultura il nuovo cortile. \u00c8 il nostro contributo per supportare la ripresa della citt\u00e0 dopo questo periodo particolare di emergenza<em>\u00bb<\/em><em>. <\/em><\/p>\n<p>\u00abAnche se il titolo e l\u2019immagine della rassegna, <strong>Blu Oltremare<\/strong>, stimolano evasioni marine e spensieratezza estiva &#8211; spiega <strong>Filippo Fonsatti<\/strong>, Direttore del TST &#8211; in realt\u00e0 traggono ispirazione dal colore della pavimentazione del cortile di Combo, quasi la citazione dell\u2019iconico Blue Klein che disvela la vocazione per l\u2019arte contemporanea del luogo, come dimostrano le residenze gi\u00e0 offerte alla Experimental Academy di Artissima e al Museo del Castello di Rivoli. Per oltre due mesi &#8211; continua Fonsatti &#8211; Combo si trasformer\u00e0 in un ambiente vivace, accogliente e animato, capace di favorire le interferenze culturali, l\u2019interdisciplinariet\u00e0 artistica, l\u2019incontro e lo scambio tra artisti, che in certi casi soggiorneranno, proveranno e creeranno negli spazi dell\u2019ostello\u00bb.<\/p>\n<p><strong>Da mercoled\u00ec 15 luglio a domenica 27 settembre 2020<\/strong> si svolgeranno <strong>50 manifestazioni <\/strong>in un cartellone che offre <strong>musica classica, jazz e rock, teatro di prosa, circo contemporaneo, incontri e letture<\/strong> e che riunisce per la prima volta nello stesso contesto tutte le grandi istituzioni culturali del territorio: <strong>Teatro Regio Torino<\/strong>, <strong>MITO per la Citt\u00e0<\/strong>, <strong>Teatro Stabile di Torino &#8211; Teatro Nazionale<\/strong>, <strong>TPE &#8211; Teatro Piemonte Europa, Torino Jazz Festival<\/strong>, <strong>TOdays Festival<\/strong>, <strong>Fondazione<\/strong> <strong>Piemonte dal Vivo<\/strong>, <strong>Fondazione TRG Onlus<\/strong><strong>, Fondazione Circolo dei lettori<\/strong> e <strong>Torino Spiritualit\u00e0<\/strong>, oltre ad alcune compagnie indipendenti di <strong>Torino Arti Performative<\/strong>.<\/p>\n<p>L\u2019iniziativa, promossa dalla <strong>Citt\u00e0 di Torino<\/strong>, \u00e8 sostenuta dalla <strong>Fondazione per la Cultura Torino<\/strong>, Main Partner <strong>Intesa Sanpaolo<\/strong> e <strong>Iren<\/strong> ed \u00e8 coordinata dal <strong>Teatro Stabile di Torino<\/strong>.<\/p>\n<p>Ad inaugurare la rassegna sar\u00e0, mercoled\u00ec 15 luglio 2020, il <strong>Teatro Regio Torino <\/strong>che nel cartellone di <strong>Blu Oltremare <\/strong>presenta otto concerti affidati ai due ensemble \u2018Ottoni e Percussioni\u2019 e \u2018Fiati e Percussioni\u2019, che esploreranno repertori vasti, spaziando dal barocco al Novecento, dalla classica al jazz. Il primo a salire sul podio sar\u00e0, proprio il 15 luglio, il maestro <strong>Giulio Laguzzi<\/strong> alla guida dell\u2019ensemble \u2018Ottoni e percussioni\u2019 con una scelta di brillanti pagine otto-novecentesche che abbina il colore iberico delle danze di Bizet, Alb\u00e9niz, Chueca e Valverde Dur\u00e1n alla sontuosit\u00e0 dei balli russi di \u010cajkovskij e alle fresche suggestioni americane di Scott Joplin e George Gershwin (repliche gioved\u00ec 16, marted\u00ec 21 e mercoled\u00ec 22 luglio). Venerd\u00ec 17 e venerd\u00ec 24 luglio l\u2019ensemble \u2018Fiati e Percussioni\u2019, sotto la direzione del maestro <strong>Andrea Mauri<\/strong>, metter\u00e0 a confronto due grandi classici del sinfonismo germanico quali le <em>Variazioni su un tema di Haydn <\/em>di Brahms e la <em>Sinfonia n. 1<\/em> di Beethoven, di cui ricorre quest\u2019anno il 250\u00b0 anniversario della nascita. Nuovamente impegnato sabato 18 e 25 luglio, l\u2019ensemble \u2018Fiati e Percussioni\u2019 diretto ancora dal M\u00b0 Mauri eseguir\u00e0 un programma fra il rigore compositivo di Bach, la bellezza armonica delle Ouverture da <em>La clemenza di Tito<\/em>, <em>Cos\u00ec fan tutte <\/em>e <em>Il flauto magico <\/em>di Mozart e il chiaroscuro romantico di Weber.<\/p>\n<p>Il <strong>Teatro Stabile di Torino<\/strong>, insieme a <strong>Torino Arti Performative<\/strong>, proporr\u00e0 alcuni degli artisti e delle compagnie pi\u00f9 interessanti del territorio: il 19 e il 20 luglio, l\u2019<strong>Accademia dei Folli<\/strong> presenta <em>I promessi sposi on air<\/em>, una versione spassosa e sfrontata del capolavoro di Manzoni, gi\u00e0 ospitata con grande successo al Teatro Gobetti nella stagione del TST; dal 4 al 6 agosto la compagnia Artquarium propone <em>La storia di Cirano<\/em>, cavallo di battaglia di <strong>Eugenio Allegri<\/strong> e <strong>Gabriele Vacis<\/strong> che partendo dal celebre personaggio nato dalla penna di Rostand danno vita a un Cyrano moderno e futurista ante litteram. La programmazione prosegue, dal 7 al 9 agosto, con una delle commedie pi\u00f9 brillanti di Carlo Goldoni, <em>Gl\u2019Innamorati<\/em>, portati in scena dalla compagnia <strong>Il Mulino di Amleto<\/strong> diretta da <strong>Marco Lorenzi<\/strong>, spettacolo coprodotto dal TST e molto applaudito anche a Pechino. Il 4 e il 5 settembre tocca al <strong>Teatro della Caduta<\/strong> presentare una eccentrica versione di <em>Madama Bovary<\/em> di e con la talentuosa <strong>Lorena Senestro<\/strong>, mentre la compagnia emergente <strong>Asterlizze<\/strong> proporr\u00e0, il 9 e 10 settembre,<em> Arte, <\/em>uno dei testi pi\u00f9 celebri della drammaturga francese Yasmina Reza, con la regia della giovane <strong>Alba Maria Porto<\/strong>. Il 17 e 18 agosto tocca invece a <strong>Lella Costa<\/strong> riprendere il filo del discorso interrotto dal lockdown quando era in scena al Teatro Gobetti con <em>Questioni di cuore,<\/em> celebre rubrica di Natalia Aspesi che elargisce consigli e risposte profonde, ironiche, spiazzanti.<\/p>\n<p>Restando in ambito teatrale, il <strong>TPE &#8211; Teatro Piemonte Europa<\/strong>, che gi\u00e0 nella sua stagione aveva dedicato una sorta di viaggio nel corpo della lingua italiana con una deriva importante rappresentata dalla poesia, propone il 19 settembre una serata con <strong>Stefano Benni<\/strong> che recita, oltre alle sue ultime poesie appena edite da Feltrinelli, testi di Gozzano, Pascoli e Palazzeschi, mentre il giorno successivo il regista <strong>Federico Tiezzi<\/strong> riunisce intorno alla <em>Commedia<\/em> dantesca <strong>Sandro Lombardi<\/strong> e <strong>David Riondino<\/strong> nello spettacolo <em>Inferno Novecento<\/em>, nel quale i maggiori personaggi dell\u2019<em>Inferno<\/em> si confrontano con grandi icone del \u2018900 e con momenti cruciali della sua storia.<\/p>\n<p>Tra teatro e musica si muove la proposta per bambini e famiglie della <strong>Fondazione TRG Onlus <\/strong>che il 12 settembre porta al cortile di Combo, in coproduzione con l\u2019<strong>Unione Musicale Onlus e l&#8217;Ass. Cult. Tzim Tzum<\/strong> l\u2019ormai classica favola in forma sonata <em>Va, Va, Va, van Beethoven<\/em>, interpretata e diretta da <strong>Pasquale Buonarota<\/strong>, <strong>Alessandro Pisci<\/strong> e dal pianista <strong>Diego Mingolla<\/strong>.<\/p>\n<p><strong>Fondazione Piemonte dal Vivo<\/strong>, circuito regionale multidisciplinare, partecipa al cartellone di <em>Blu Oltremare<\/em> in qualit\u00e0 di membro del tavolo Torino Arti Performative, programmando un focus sul circo contemporaneo, disciplina che in Piemonte pu\u00f2 contare su compagnie e produzioni di eccellenza nazionale e internazionale. Ecco quindi <strong>MagdaClan Circo<\/strong> con <em>Sic Transit <\/em>(23 luglio), <strong>blucinQue\/Fondazione Cirko Vertigo<\/strong> con <em>Vertigine di Giulietta<\/em>, spettacolo tra danza, musica e circo (29 &#8211; 30 luglio) e i giovanissimi artisti della <strong>Compagnia Zenhir<\/strong>, coprodotti da MagdaClan, Scuola di circo Flic e C.I.T.A con <em>Ah, com\u2019\u00e8 bello l\u2019uomo <\/em>(31 luglio e 1 agosto).<\/p>\n<p><strong>MITO per la Citt\u00e0 <\/strong>conferisce alla programmazione due concerti: il 27 luglio il <strong>Tor\u00f9n Brass Quintet<\/strong> spazier\u00e0 dal repertorio classico a quello moderno, passando da H\u00e4ndel, Bizet, Donizetti e Verdi fino ad arrivare a Rodriguez e alle colonne sonore dei videogame, con un doveroso e sentito omaggio al genio di <strong>Ennio Morricone<\/strong>, mentre il 28 luglio <strong>Incamto Trio<\/strong> eseguir\u00e0 un raffinato repertorio a cavallo tra XVIII e il XIX secolo con rare pagine di Johann Christian Bach, Carl Stamitz, Franz Joseph Haydn e Franz Danzi. <strong>\u00a0<\/strong><\/p>\n<p>Altra rarit\u00e0 da non perdere \u00e8 l\u2019esecuzione dell\u2019operita <em>Maria de Buenos Aires<\/em>, capolavoro assoluto del principe del tango <strong>Astor Piazzolla<\/strong>: musica e danza saranno protagonisti di una produzione sostenuta da Combo che coinvolge alcuni valenti strumentisti e cantanti neodiplomati del <strong>Conservatorio G. Verdi di Torino<\/strong> diretti da <strong>Antonio Valentino<\/strong>: special guest <strong>Massimo Pitzianti<\/strong>, bandoneonista e arrangiatore di Paolo Conte, e la coppia di tangueros torinesi nota in tutto il mondo <strong>Marcela Guevara<\/strong> e <strong>Stefano Giudice <\/strong>(1 e 2 settembre).<\/p>\n<p>Dal 21 al 30 agosto il cortile di Combo ospiter\u00e0 dieci concerti di un\u2019edizione speciale del <strong>Torino Jazz Festival<\/strong>, il cui programma verr\u00e0 presentato nella conferenza stampa prevista il 24 luglio prossimo: si annunciano grandi nomi della scena jazzistica italiana, oltre ad alcuni ospiti internazionali.<\/p>\n<p><strong>TOdays<\/strong> <strong>Festival<\/strong> che ha dovuto cancellare la propria edizione 2020 a causa delle restrizioni imposte ma ha voluto essere presente il 3 settembre con <strong>Andrea Laszlo De Simone<\/strong> che torna dal vivo per un concerto \u201cspeciale\u201d: con lui sul palco nove musicisti in una performance immersiva, un\u2019orchestra mista tra synth, elettronica, cori, archi e fiati, un intreccio di strumenti classici e moderni, una versione contemporanea di musica da camera.<\/p>\n<p>Infine <strong>Torino Spiritualit\u00e0<\/strong> chiuder\u00e0 il ricco palinsesto estivo di Combo dal 24 al 27 settembre con quattro giorni dedicati al \u201cRespiro\u201d, tema della 16\u00aa edizione che ben si coniuga con l\u2019approdo a Porta Palazzo, cuore multiculturale della citt\u00e0, l\u00ec dove lingue, fedi e coscienze si fondono e confrontano.<\/p>\n<p><a href=\"http:\/\/www.teatrostabiletorino.it\/wp-content\/uploads\/2020\/07\/00_Immagine-giuda-Blu-Oltremare.pdf\" target=\"_blank\" rel=\"noopener\">01_Immagine guida<\/a><\/p>\n<p><a href=\"http:\/\/www.teatrostabiletorino.it\/wp-content\/uploads\/2020\/07\/01_Comunicato-stampa-BLU-OLTREMARE.pdf\" target=\"_blank\" rel=\"noopener\">02_Comunicato stampa Blu Oltremare<\/a><\/p>\n<p><a href=\"http:\/\/www.teatrostabiletorino.it\/wp-content\/uploads\/2020\/07\/02_Leaflet_Blu-Oltremare.pdf\" target=\"_blank\" rel=\"noopener\">03_Programma Blu Oltremare<\/a><\/p>\n<p><a href=\"http:\/\/www.teatrostabiletorino.it\/wp-content\/uploads\/2020\/07\/03_ISP-per-Blu-Oltremare.pdf\" target=\"_blank\" rel=\"noopener\">04_ISP per Blu Oltremare<\/a><\/p>\n<p><a href=\"http:\/\/www.teatrostabiletorino.it\/wp-content\/uploads\/2020\/07\/04_IREN_Company-Profile.pdf\" target=\"_blank\" rel=\"noopener\">05_IREN_Company Profile<\/a><\/p>\n<p>&nbsp;<\/p>\n\n\t\t<style type=\"text\/css\">\n\t\t\t#gallery-1 {\n\t\t\t\tmargin: auto;\n\t\t\t}\n\t\t\t#gallery-1 .gallery-item {\n\t\t\t\tfloat: left;\n\t\t\t\tmargin-top: 10px;\n\t\t\t\ttext-align: center;\n\t\t\t\twidth: 20%;\n\t\t\t}\n\t\t\t#gallery-1 img {\n\t\t\t\tborder: 2px solid #cfcfcf;\n\t\t\t}\n\t\t\t#gallery-1 .gallery-caption {\n\t\t\t\tmargin-left: 0;\n\t\t\t}\n\t\t\t\/* see gallery_shortcode() in wp-includes\/media.php *\/\n\t\t<\/style>\n\t\t<div id='gallery-1' class='gallery galleryid-44391 gallery-columns-5 gallery-size-thumbnail'><dl class='gallery-item'>\n\t\t\t<dt class='gallery-icon portrait'>\n\t\t\t\t<a data-rel=\"iLightbox[postimages]\" data-title=\"programma.indd\" data-caption=\"\" href='https:\/\/www.teatrostabiletorino.it\/wp-content\/uploads\/2020\/07\/00_Immagine-guida-Blu-Oltremare.jpg'><img decoding=\"async\" width=\"150\" height=\"150\" src=\"https:\/\/www.teatrostabiletorino.it\/wp-content\/uploads\/2020\/07\/00_Immagine-guida-Blu-Oltremare-150x150.jpg\" class=\"attachment-thumbnail size-thumbnail lazyload\" alt=\"\" srcset=\"data:image\/svg+xml,%3Csvg%20xmlns%3D%27http%3A%2F%2Fwww.w3.org%2F2000%2Fsvg%27%20width%3D%272480%27%20height%3D%273507%27%20viewBox%3D%270%200%202480%203507%27%3E%3Crect%20width%3D%272480%27%20height%3D%273507%27%20fill-opacity%3D%220%22%2F%3E%3C%2Fsvg%3E\" data-orig-src=\"https:\/\/www.teatrostabiletorino.it\/wp-content\/uploads\/2020\/07\/00_Immagine-guida-Blu-Oltremare-150x150.jpg\" data-srcset=\"https:\/\/www.teatrostabiletorino.it\/wp-content\/uploads\/2020\/07\/00_Immagine-guida-Blu-Oltremare-66x66.jpg 66w, https:\/\/www.teatrostabiletorino.it\/wp-content\/uploads\/2020\/07\/00_Immagine-guida-Blu-Oltremare-150x150.jpg 150w\" data-sizes=\"auto\" \/><\/a>\n\t\t\t<\/dt><\/dl>\n\t\t\t<br style='clear: both' \/>\n\t\t<\/div>\n\n<p><strong>\u00a0Fotografie cortile di Combo_ph Luigi De Palma<br \/>\n<\/strong><\/p>\n\n\t\t<style type=\"text\/css\">\n\t\t\t#gallery-2 {\n\t\t\t\tmargin: auto;\n\t\t\t}\n\t\t\t#gallery-2 .gallery-item {\n\t\t\t\tfloat: left;\n\t\t\t\tmargin-top: 10px;\n\t\t\t\ttext-align: center;\n\t\t\t\twidth: 20%;\n\t\t\t}\n\t\t\t#gallery-2 img {\n\t\t\t\tborder: 2px solid #cfcfcf;\n\t\t\t}\n\t\t\t#gallery-2 .gallery-caption {\n\t\t\t\tmargin-left: 0;\n\t\t\t}\n\t\t\t\/* see gallery_shortcode() in wp-includes\/media.php *\/\n\t\t<\/style>\n\t\t<div id='gallery-2' class='gallery galleryid-44391 gallery-columns-5 gallery-size-thumbnail'><dl class='gallery-item'>\n\t\t\t<dt class='gallery-icon landscape'>\n\t\t\t\t<a data-rel=\"iLightbox[postimages]\" data-title=\"COMBO_cortile_Torino_ph Luigi De Palma\" data-caption=\"Cortile di Combo_ph Luigi De Palma\" href='https:\/\/www.teatrostabiletorino.it\/wp-content\/uploads\/2020\/07\/COMBO_cortile_Torino_ph-Luigi-De-Palma.jpg'><img decoding=\"async\" width=\"150\" height=\"150\" src=\"https:\/\/www.teatrostabiletorino.it\/wp-content\/uploads\/2020\/07\/COMBO_cortile_Torino_ph-Luigi-De-Palma-150x150.jpg\" class=\"attachment-thumbnail size-thumbnail lazyload\" alt=\"\" aria-describedby=\"gallery-2-44473\" srcset=\"data:image\/svg+xml,%3Csvg%20xmlns%3D%27http%3A%2F%2Fwww.w3.org%2F2000%2Fsvg%27%20width%3D%272362%27%20height%3D%271575%27%20viewBox%3D%270%200%202362%201575%27%3E%3Crect%20width%3D%272362%27%20height%3D%271575%27%20fill-opacity%3D%220%22%2F%3E%3C%2Fsvg%3E\" data-orig-src=\"https:\/\/www.teatrostabiletorino.it\/wp-content\/uploads\/2020\/07\/COMBO_cortile_Torino_ph-Luigi-De-Palma-150x150.jpg\" data-srcset=\"https:\/\/www.teatrostabiletorino.it\/wp-content\/uploads\/2020\/07\/COMBO_cortile_Torino_ph-Luigi-De-Palma-66x66.jpg 66w, https:\/\/www.teatrostabiletorino.it\/wp-content\/uploads\/2020\/07\/COMBO_cortile_Torino_ph-Luigi-De-Palma-150x150.jpg 150w\" data-sizes=\"auto\" \/><\/a>\n\t\t\t<\/dt>\n\t\t\t\t<dd class='wp-caption-text gallery-caption' id='gallery-2-44473'>\n\t\t\t\tCortile di Combo_ph Luigi De Palma\n\t\t\t\t<\/dd><\/dl><dl class='gallery-item'>\n\t\t\t<dt class='gallery-icon landscape'>\n\t\t\t\t<a data-rel=\"iLightbox[postimages]\" data-title=\"COMBO_cortile_Torino_ph Luigi De Palma_10\" data-caption=\"Cortile di Combo_ph Luigi De Palma\" href='https:\/\/www.teatrostabiletorino.it\/wp-content\/uploads\/2020\/07\/COMBO_cortile_Torino_ph-Luigi-De-Palma_10.jpg'><img decoding=\"async\" width=\"150\" height=\"150\" src=\"https:\/\/www.teatrostabiletorino.it\/wp-content\/uploads\/2020\/07\/COMBO_cortile_Torino_ph-Luigi-De-Palma_10-150x150.jpg\" class=\"attachment-thumbnail size-thumbnail lazyload\" alt=\"\" aria-describedby=\"gallery-2-44474\" srcset=\"data:image\/svg+xml,%3Csvg%20xmlns%3D%27http%3A%2F%2Fwww.w3.org%2F2000%2Fsvg%27%20width%3D%272126%27%20height%3D%271417%27%20viewBox%3D%270%200%202126%201417%27%3E%3Crect%20width%3D%272126%27%20height%3D%271417%27%20fill-opacity%3D%220%22%2F%3E%3C%2Fsvg%3E\" data-orig-src=\"https:\/\/www.teatrostabiletorino.it\/wp-content\/uploads\/2020\/07\/COMBO_cortile_Torino_ph-Luigi-De-Palma_10-150x150.jpg\" data-srcset=\"https:\/\/www.teatrostabiletorino.it\/wp-content\/uploads\/2020\/07\/COMBO_cortile_Torino_ph-Luigi-De-Palma_10-66x66.jpg 66w, https:\/\/www.teatrostabiletorino.it\/wp-content\/uploads\/2020\/07\/COMBO_cortile_Torino_ph-Luigi-De-Palma_10-150x150.jpg 150w\" data-sizes=\"auto\" \/><\/a>\n\t\t\t<\/dt>\n\t\t\t\t<dd class='wp-caption-text gallery-caption' id='gallery-2-44474'>\n\t\t\t\tCortile di Combo_ph Luigi De Palma\n\t\t\t\t<\/dd><\/dl><dl class='gallery-item'>\n\t\t\t<dt class='gallery-icon landscape'>\n\t\t\t\t<a data-rel=\"iLightbox[postimages]\" data-title=\"COMBO_cortile_Torino_ph Luigi De Palma_12\" data-caption=\"Cortile di Combo_ph Luigi De Palma\" href='https:\/\/www.teatrostabiletorino.it\/wp-content\/uploads\/2020\/07\/COMBO_cortile_Torino_ph-Luigi-De-Palma_12.jpg'><img decoding=\"async\" width=\"150\" height=\"150\" src=\"https:\/\/www.teatrostabiletorino.it\/wp-content\/uploads\/2020\/07\/COMBO_cortile_Torino_ph-Luigi-De-Palma_12-150x150.jpg\" class=\"attachment-thumbnail size-thumbnail lazyload\" alt=\"\" aria-describedby=\"gallery-2-44475\" srcset=\"data:image\/svg+xml,%3Csvg%20xmlns%3D%27http%3A%2F%2Fwww.w3.org%2F2000%2Fsvg%27%20width%3D%272126%27%20height%3D%271417%27%20viewBox%3D%270%200%202126%201417%27%3E%3Crect%20width%3D%272126%27%20height%3D%271417%27%20fill-opacity%3D%220%22%2F%3E%3C%2Fsvg%3E\" data-orig-src=\"https:\/\/www.teatrostabiletorino.it\/wp-content\/uploads\/2020\/07\/COMBO_cortile_Torino_ph-Luigi-De-Palma_12-150x150.jpg\" data-srcset=\"https:\/\/www.teatrostabiletorino.it\/wp-content\/uploads\/2020\/07\/COMBO_cortile_Torino_ph-Luigi-De-Palma_12-66x66.jpg 66w, https:\/\/www.teatrostabiletorino.it\/wp-content\/uploads\/2020\/07\/COMBO_cortile_Torino_ph-Luigi-De-Palma_12-150x150.jpg 150w\" data-sizes=\"auto\" \/><\/a>\n\t\t\t<\/dt>\n\t\t\t\t<dd class='wp-caption-text gallery-caption' id='gallery-2-44475'>\n\t\t\t\tCortile di Combo_ph Luigi De Palma\n\t\t\t\t<\/dd><\/dl>\n\t\t\t<br style='clear: both' \/>\n\t\t<\/div>\n\n<p>&nbsp;<\/p>\n<p>&nbsp;<\/p>\n\n\t\t<style type=\"text\/css\">\n\t\t\t#gallery-3 {\n\t\t\t\tmargin: auto;\n\t\t\t}\n\t\t\t#gallery-3 .gallery-item {\n\t\t\t\tfloat: left;\n\t\t\t\tmargin-top: 10px;\n\t\t\t\ttext-align: center;\n\t\t\t\twidth: 20%;\n\t\t\t}\n\t\t\t#gallery-3 img {\n\t\t\t\tborder: 2px solid #cfcfcf;\n\t\t\t}\n\t\t\t#gallery-3 .gallery-caption {\n\t\t\t\tmargin-left: 0;\n\t\t\t}\n\t\t\t\/* see gallery_shortcode() in wp-includes\/media.php *\/\n\t\t<\/style>\n\t\t<div id='gallery-3' class='gallery galleryid-44391 gallery-columns-5 gallery-size-thumbnail'><dl class='gallery-item'>\n\t\t\t<dt class='gallery-icon landscape'>\n\t\t\t\t<a data-rel=\"iLightbox[postimages]\" data-title=\"01_Orchestra Teatro Regio Torino_032b\" data-caption=\"Orchestra Teatro Regio_ Edoardo Piva\" href='https:\/\/www.teatrostabiletorino.it\/wp-content\/uploads\/2020\/07\/01_Orchestra-Teatro-Regio-Torino_032b.jpg'><img decoding=\"async\" width=\"150\" height=\"150\" src=\"https:\/\/www.teatrostabiletorino.it\/wp-content\/uploads\/2020\/07\/01_Orchestra-Teatro-Regio-Torino_032b-150x150.jpg\" class=\"attachment-thumbnail size-thumbnail lazyload\" alt=\"\" aria-describedby=\"gallery-3-44415\" srcset=\"data:image\/svg+xml,%3Csvg%20xmlns%3D%27http%3A%2F%2Fwww.w3.org%2F2000%2Fsvg%27%20width%3D%271892%27%20height%3D%271264%27%20viewBox%3D%270%200%201892%201264%27%3E%3Crect%20width%3D%271892%27%20height%3D%271264%27%20fill-opacity%3D%220%22%2F%3E%3C%2Fsvg%3E\" data-orig-src=\"https:\/\/www.teatrostabiletorino.it\/wp-content\/uploads\/2020\/07\/01_Orchestra-Teatro-Regio-Torino_032b-150x150.jpg\" data-srcset=\"https:\/\/www.teatrostabiletorino.it\/wp-content\/uploads\/2020\/07\/01_Orchestra-Teatro-Regio-Torino_032b-66x66.jpg 66w, https:\/\/www.teatrostabiletorino.it\/wp-content\/uploads\/2020\/07\/01_Orchestra-Teatro-Regio-Torino_032b-150x150.jpg 150w\" data-sizes=\"auto\" \/><\/a>\n\t\t\t<\/dt>\n\t\t\t\t<dd class='wp-caption-text gallery-caption' id='gallery-3-44415'>\n\t\t\t\tOrchestra Teatro Regio_<br> Edoardo Piva\n\t\t\t\t<\/dd><\/dl><dl class='gallery-item'>\n\t\t\t<dt class='gallery-icon landscape'>\n\t\t\t\t<a data-rel=\"iLightbox[postimages]\" data-title=\"02_Promessi sposi on air\" data-caption=\"Promessi sposi on air\" href='https:\/\/www.teatrostabiletorino.it\/wp-content\/uploads\/2020\/07\/02_Promessi-sposi-on-air.jpg'><img decoding=\"async\" width=\"150\" height=\"150\" src=\"https:\/\/www.teatrostabiletorino.it\/wp-content\/uploads\/2020\/07\/02_Promessi-sposi-on-air-150x150.jpg\" class=\"attachment-thumbnail size-thumbnail lazyload\" alt=\"\" aria-describedby=\"gallery-3-44416\" srcset=\"data:image\/svg+xml,%3Csvg%20xmlns%3D%27http%3A%2F%2Fwww.w3.org%2F2000%2Fsvg%27%20width%3D%271890%27%20height%3D%271260%27%20viewBox%3D%270%200%201890%201260%27%3E%3Crect%20width%3D%271890%27%20height%3D%271260%27%20fill-opacity%3D%220%22%2F%3E%3C%2Fsvg%3E\" data-orig-src=\"https:\/\/www.teatrostabiletorino.it\/wp-content\/uploads\/2020\/07\/02_Promessi-sposi-on-air-150x150.jpg\" data-srcset=\"https:\/\/www.teatrostabiletorino.it\/wp-content\/uploads\/2020\/07\/02_Promessi-sposi-on-air-66x66.jpg 66w, https:\/\/www.teatrostabiletorino.it\/wp-content\/uploads\/2020\/07\/02_Promessi-sposi-on-air-150x150.jpg 150w\" data-sizes=\"auto\" \/><\/a>\n\t\t\t<\/dt>\n\t\t\t\t<dd class='wp-caption-text gallery-caption' id='gallery-3-44416'>\n\t\t\t\tPromessi sposi on air\n\t\t\t\t<\/dd><\/dl><dl class='gallery-item'>\n\t\t\t<dt class='gallery-icon landscape'>\n\t\t\t\t<a data-rel=\"iLightbox[postimages]\" data-title=\"03_SIC TRANSIT MagdaClan 2 @Independent Picture\" data-caption=\"SIC TRANSIT MagdaClan 2 ph Independent Picture\" href='https:\/\/www.teatrostabiletorino.it\/wp-content\/uploads\/2020\/07\/03_SIC-TRANSIT-MagdaClan-2-@Independent-Picture.jpg'><img decoding=\"async\" width=\"150\" height=\"150\" src=\"https:\/\/www.teatrostabiletorino.it\/wp-content\/uploads\/2020\/07\/03_SIC-TRANSIT-MagdaClan-2-@Independent-Picture-150x150.jpg\" class=\"attachment-thumbnail size-thumbnail lazyload\" alt=\"\" aria-describedby=\"gallery-3-44417\" srcset=\"data:image\/svg+xml,%3Csvg%20xmlns%3D%27http%3A%2F%2Fwww.w3.org%2F2000%2Fsvg%27%20width%3D%271890%27%20height%3D%271260%27%20viewBox%3D%270%200%201890%201260%27%3E%3Crect%20width%3D%271890%27%20height%3D%271260%27%20fill-opacity%3D%220%22%2F%3E%3C%2Fsvg%3E\" data-orig-src=\"https:\/\/www.teatrostabiletorino.it\/wp-content\/uploads\/2020\/07\/03_SIC-TRANSIT-MagdaClan-2-@Independent-Picture-150x150.jpg\" data-srcset=\"https:\/\/www.teatrostabiletorino.it\/wp-content\/uploads\/2020\/07\/03_SIC-TRANSIT-MagdaClan-2-@Independent-Picture-66x66.jpg 66w, https:\/\/www.teatrostabiletorino.it\/wp-content\/uploads\/2020\/07\/03_SIC-TRANSIT-MagdaClan-2-@Independent-Picture-150x150.jpg 150w\" data-sizes=\"auto\" \/><\/a>\n\t\t\t<\/dt>\n\t\t\t\t<dd class='wp-caption-text gallery-caption' id='gallery-3-44417'>\n\t\t\t\tSIC TRANSIT MagdaClan 2 <br>ph Independent Picture\n\t\t\t\t<\/dd><\/dl><dl class='gallery-item'>\n\t\t\t<dt class='gallery-icon landscape'>\n\t\t\t\t<a data-rel=\"iLightbox[postimages]\" data-title=\"18.IX.19 &#8211; Torino &#8211; MITO per la citt\u00e0, Al Mercato Centrale\" data-caption=\"TOrun Brass\nQuintetto di ottoni  ph. Alessia Volpe\" href='https:\/\/www.teatrostabiletorino.it\/wp-content\/uploads\/2020\/07\/04_Torun-Brass-Quintet.jpg'><img decoding=\"async\" width=\"150\" height=\"150\" src=\"https:\/\/www.teatrostabiletorino.it\/wp-content\/uploads\/2020\/07\/04_Torun-Brass-Quintet-150x150.jpg\" class=\"attachment-thumbnail size-thumbnail lazyload\" alt=\"\" aria-describedby=\"gallery-3-44418\" srcset=\"data:image\/svg+xml,%3Csvg%20xmlns%3D%27http%3A%2F%2Fwww.w3.org%2F2000%2Fsvg%27%20width%3D%271654%27%20height%3D%271407%27%20viewBox%3D%270%200%201654%201407%27%3E%3Crect%20width%3D%271654%27%20height%3D%271407%27%20fill-opacity%3D%220%22%2F%3E%3C%2Fsvg%3E\" data-orig-src=\"https:\/\/www.teatrostabiletorino.it\/wp-content\/uploads\/2020\/07\/04_Torun-Brass-Quintet-150x150.jpg\" data-srcset=\"https:\/\/www.teatrostabiletorino.it\/wp-content\/uploads\/2020\/07\/04_Torun-Brass-Quintet-66x66.jpg 66w, https:\/\/www.teatrostabiletorino.it\/wp-content\/uploads\/2020\/07\/04_Torun-Brass-Quintet-150x150.jpg 150w\" data-sizes=\"auto\" \/><\/a>\n\t\t\t<\/dt>\n\t\t\t\t<dd class='wp-caption-text gallery-caption' id='gallery-3-44418'>\n\t\t\t\tTOrun Brass\nQuintetto di ottoni <br> ph. Alessia Volpe\n\t\t\t\t<\/dd><\/dl><dl class='gallery-item'>\n\t\t\t<dt class='gallery-icon landscape'>\n\t\t\t\t<a data-rel=\"iLightbox[postimages]\" data-title=\"05_Incamto Trio_Flavio Cappello &#8211; Foto 02\" data-caption=\"Incamto Trio_Flavio Cappello\" href='https:\/\/www.teatrostabiletorino.it\/wp-content\/uploads\/2020\/07\/05_Incamto-Trio_Flavio-Cappello-Foto-02.jpg'><img decoding=\"async\" width=\"150\" height=\"150\" src=\"https:\/\/www.teatrostabiletorino.it\/wp-content\/uploads\/2020\/07\/05_Incamto-Trio_Flavio-Cappello-Foto-02-150x150.jpg\" class=\"attachment-thumbnail size-thumbnail lazyload\" alt=\"\" aria-describedby=\"gallery-3-44419\" srcset=\"data:image\/svg+xml,%3Csvg%20xmlns%3D%27http%3A%2F%2Fwww.w3.org%2F2000%2Fsvg%27%20width%3D%272362%27%20height%3D%271572%27%20viewBox%3D%270%200%202362%201572%27%3E%3Crect%20width%3D%272362%27%20height%3D%271572%27%20fill-opacity%3D%220%22%2F%3E%3C%2Fsvg%3E\" data-orig-src=\"https:\/\/www.teatrostabiletorino.it\/wp-content\/uploads\/2020\/07\/05_Incamto-Trio_Flavio-Cappello-Foto-02-150x150.jpg\" data-srcset=\"https:\/\/www.teatrostabiletorino.it\/wp-content\/uploads\/2020\/07\/05_Incamto-Trio_Flavio-Cappello-Foto-02-66x66.jpg 66w, https:\/\/www.teatrostabiletorino.it\/wp-content\/uploads\/2020\/07\/05_Incamto-Trio_Flavio-Cappello-Foto-02-150x150.jpg 150w\" data-sizes=\"auto\" \/><\/a>\n\t\t\t<\/dt>\n\t\t\t\t<dd class='wp-caption-text gallery-caption' id='gallery-3-44419'>\n\t\t\t\tIncamto Trio_Flavio Cappello\n\t\t\t\t<\/dd><\/dl><br style=\"clear: both\" \/><dl class='gallery-item'>\n\t\t\t<dt class='gallery-icon portrait'>\n\t\t\t\t<a data-rel=\"iLightbox[postimages]\" data-title=\"06_Vertigine Giulietta distance mode_phAndreaMacchia\" data-caption=\"Vertigine Giulietta distance modephAndreaMacchia\" href='https:\/\/www.teatrostabiletorino.it\/wp-content\/uploads\/2020\/07\/06_Vertine-Giulietta-distance-mode_phAndreaMacchia.jpg'><img decoding=\"async\" width=\"150\" height=\"150\" src=\"https:\/\/www.teatrostabiletorino.it\/wp-content\/uploads\/2020\/07\/06_Vertine-Giulietta-distance-mode_phAndreaMacchia-150x150.jpg\" class=\"attachment-thumbnail size-thumbnail lazyload\" alt=\"\" aria-describedby=\"gallery-3-44420\" srcset=\"data:image\/svg+xml,%3Csvg%20xmlns%3D%27http%3A%2F%2Fwww.w3.org%2F2000%2Fsvg%27%20width%3D%271179%27%20height%3D%271772%27%20viewBox%3D%270%200%201179%201772%27%3E%3Crect%20width%3D%271179%27%20height%3D%271772%27%20fill-opacity%3D%220%22%2F%3E%3C%2Fsvg%3E\" data-orig-src=\"https:\/\/www.teatrostabiletorino.it\/wp-content\/uploads\/2020\/07\/06_Vertine-Giulietta-distance-mode_phAndreaMacchia-150x150.jpg\" data-srcset=\"https:\/\/www.teatrostabiletorino.it\/wp-content\/uploads\/2020\/07\/06_Vertine-Giulietta-distance-mode_phAndreaMacchia-66x66.jpg 66w, https:\/\/www.teatrostabiletorino.it\/wp-content\/uploads\/2020\/07\/06_Vertine-Giulietta-distance-mode_phAndreaMacchia-150x150.jpg 150w\" data-sizes=\"auto\" \/><\/a>\n\t\t\t<\/dt>\n\t\t\t\t<dd class='wp-caption-text gallery-caption' id='gallery-3-44420'>\n\t\t\t\tVertigine Giulietta distance mode<br>phAndreaMacchia\n\t\t\t\t<\/dd><\/dl><dl class='gallery-item'>\n\t\t\t<dt class='gallery-icon landscape'>\n\t\t\t\t<a data-rel=\"iLightbox[postimages]\" data-title=\"07_ahcomebello\" data-caption=\"Ah com&#039;\u00e8 bello\" href='https:\/\/www.teatrostabiletorino.it\/wp-content\/uploads\/2020\/07\/07_ahcomebello_foto.jpg'><img decoding=\"async\" width=\"150\" height=\"150\" src=\"https:\/\/www.teatrostabiletorino.it\/wp-content\/uploads\/2020\/07\/07_ahcomebello_foto-150x150.jpg\" class=\"attachment-thumbnail size-thumbnail lazyload\" alt=\"\" aria-describedby=\"gallery-3-44421\" srcset=\"data:image\/svg+xml,%3Csvg%20xmlns%3D%27http%3A%2F%2Fwww.w3.org%2F2000%2Fsvg%27%20width%3D%272126%27%20height%3D%271415%27%20viewBox%3D%270%200%202126%201415%27%3E%3Crect%20width%3D%272126%27%20height%3D%271415%27%20fill-opacity%3D%220%22%2F%3E%3C%2Fsvg%3E\" data-orig-src=\"https:\/\/www.teatrostabiletorino.it\/wp-content\/uploads\/2020\/07\/07_ahcomebello_foto-150x150.jpg\" data-srcset=\"https:\/\/www.teatrostabiletorino.it\/wp-content\/uploads\/2020\/07\/07_ahcomebello_foto-66x66.jpg 66w, https:\/\/www.teatrostabiletorino.it\/wp-content\/uploads\/2020\/07\/07_ahcomebello_foto-150x150.jpg 150w\" data-sizes=\"auto\" \/><\/a>\n\t\t\t<\/dt>\n\t\t\t\t<dd class='wp-caption-text gallery-caption' id='gallery-3-44421'>\n\t\t\t\tAh com&#8217;\u00e8 bello\n\t\t\t\t<\/dd><\/dl><dl class='gallery-item'>\n\t\t\t<dt class='gallery-icon portrait'>\n\t\t\t\t<a data-rel=\"iLightbox[postimages]\" data-title=\"08_La storia di Cirano_Eugenio Allegri\" data-caption=\"La storia di Cirano_Eugenio Allegri\" href='https:\/\/www.teatrostabiletorino.it\/wp-content\/uploads\/2020\/07\/08_La-storia-di-Cirano_Eugenio-Allegri.jpg'><img decoding=\"async\" width=\"150\" height=\"150\" src=\"https:\/\/www.teatrostabiletorino.it\/wp-content\/uploads\/2020\/07\/08_La-storia-di-Cirano_Eugenio-Allegri-150x150.jpg\" class=\"attachment-thumbnail size-thumbnail lazyload\" alt=\"\" aria-describedby=\"gallery-3-44422\" srcset=\"data:image\/svg+xml,%3Csvg%20xmlns%3D%27http%3A%2F%2Fwww.w3.org%2F2000%2Fsvg%27%20width%3D%271424%27%20height%3D%272126%27%20viewBox%3D%270%200%201424%202126%27%3E%3Crect%20width%3D%271424%27%20height%3D%272126%27%20fill-opacity%3D%220%22%2F%3E%3C%2Fsvg%3E\" data-orig-src=\"https:\/\/www.teatrostabiletorino.it\/wp-content\/uploads\/2020\/07\/08_La-storia-di-Cirano_Eugenio-Allegri-150x150.jpg\" data-srcset=\"https:\/\/www.teatrostabiletorino.it\/wp-content\/uploads\/2020\/07\/08_La-storia-di-Cirano_Eugenio-Allegri-66x66.jpg 66w, https:\/\/www.teatrostabiletorino.it\/wp-content\/uploads\/2020\/07\/08_La-storia-di-Cirano_Eugenio-Allegri-150x150.jpg 150w\" data-sizes=\"auto\" \/><\/a>\n\t\t\t<\/dt>\n\t\t\t\t<dd class='wp-caption-text gallery-caption' id='gallery-3-44422'>\n\t\t\t\tLa storia di Cirano_Eugenio Allegri\n\t\t\t\t<\/dd><\/dl><dl class='gallery-item'>\n\t\t\t<dt class='gallery-icon landscape'>\n\t\t\t\t<a data-rel=\"iLightbox[postimages]\" data-title=\"09_Gl&#8217;Innamorati_ph Manuela Giusto (4)\" data-caption=\"Gl&#039;Innamoratiph Manuela Giusto\" href='https:\/\/www.teatrostabiletorino.it\/wp-content\/uploads\/2020\/07\/09_GlInnamorati_ph-Manuela-Giusto-4.jpg'><img decoding=\"async\" width=\"150\" height=\"150\" src=\"https:\/\/www.teatrostabiletorino.it\/wp-content\/uploads\/2020\/07\/09_GlInnamorati_ph-Manuela-Giusto-4-150x150.jpg\" class=\"attachment-thumbnail size-thumbnail lazyload\" alt=\"\" aria-describedby=\"gallery-3-44423\" srcset=\"data:image\/svg+xml,%3Csvg%20xmlns%3D%27http%3A%2F%2Fwww.w3.org%2F2000%2Fsvg%27%20width%3D%272126%27%20height%3D%271418%27%20viewBox%3D%270%200%202126%201418%27%3E%3Crect%20width%3D%272126%27%20height%3D%271418%27%20fill-opacity%3D%220%22%2F%3E%3C%2Fsvg%3E\" data-orig-src=\"https:\/\/www.teatrostabiletorino.it\/wp-content\/uploads\/2020\/07\/09_GlInnamorati_ph-Manuela-Giusto-4-150x150.jpg\" data-srcset=\"https:\/\/www.teatrostabiletorino.it\/wp-content\/uploads\/2020\/07\/09_GlInnamorati_ph-Manuela-Giusto-4-66x66.jpg 66w, https:\/\/www.teatrostabiletorino.it\/wp-content\/uploads\/2020\/07\/09_GlInnamorati_ph-Manuela-Giusto-4-150x150.jpg 150w\" data-sizes=\"auto\" \/><\/a>\n\t\t\t<\/dt>\n\t\t\t\t<dd class='wp-caption-text gallery-caption' id='gallery-3-44423'>\n\t\t\t\tGl&#8217;Innamorati<br>ph Manuela Giusto\n\t\t\t\t<\/dd><\/dl><dl class='gallery-item'>\n\t\t\t<dt class='gallery-icon portrait'>\n\t\t\t\t<a data-rel=\"iLightbox[postimages]\" data-title=\"10_Questioni di cuore_Lella Costa_ph Lorenzo Piano\" data-caption=\"Questioni di cuore_Lella Costaph Lorenzo Piano\" href='https:\/\/www.teatrostabiletorino.it\/wp-content\/uploads\/2020\/07\/10_Questioni-di-cuore_Lella-Costa_ph-Lorenzo-Piano.jpg'><img decoding=\"async\" width=\"150\" height=\"150\" src=\"https:\/\/www.teatrostabiletorino.it\/wp-content\/uploads\/2020\/07\/10_Questioni-di-cuore_Lella-Costa_ph-Lorenzo-Piano-150x150.jpg\" class=\"attachment-thumbnail size-thumbnail lazyload\" alt=\"\" aria-describedby=\"gallery-3-44424\" srcset=\"data:image\/svg+xml,%3Csvg%20xmlns%3D%27http%3A%2F%2Fwww.w3.org%2F2000%2Fsvg%27%20width%3D%271417%27%20height%3D%272126%27%20viewBox%3D%270%200%201417%202126%27%3E%3Crect%20width%3D%271417%27%20height%3D%272126%27%20fill-opacity%3D%220%22%2F%3E%3C%2Fsvg%3E\" data-orig-src=\"https:\/\/www.teatrostabiletorino.it\/wp-content\/uploads\/2020\/07\/10_Questioni-di-cuore_Lella-Costa_ph-Lorenzo-Piano-150x150.jpg\" data-srcset=\"https:\/\/www.teatrostabiletorino.it\/wp-content\/uploads\/2020\/07\/10_Questioni-di-cuore_Lella-Costa_ph-Lorenzo-Piano-66x66.jpg 66w, https:\/\/www.teatrostabiletorino.it\/wp-content\/uploads\/2020\/07\/10_Questioni-di-cuore_Lella-Costa_ph-Lorenzo-Piano-150x150.jpg 150w\" data-sizes=\"auto\" \/><\/a>\n\t\t\t<\/dt>\n\t\t\t\t<dd class='wp-caption-text gallery-caption' id='gallery-3-44424'>\n\t\t\t\tQuestioni di cuore_Lella Costa<br>ph Lorenzo Piano\n\t\t\t\t<\/dd><\/dl><br style=\"clear: both\" \/><dl class='gallery-item'>\n\t\t\t<dt class='gallery-icon landscape'>\n\t\t\t\t<a data-rel=\"iLightbox[postimages]\" data-title=\"11_Maria De Buenos Aires_MarcelaGuevara&#038;StefanoGiudice\" data-caption=\"Maria De Buenos Aires_MarcelaGuevara&amp;StefanoGiudice\" href='https:\/\/www.teatrostabiletorino.it\/wp-content\/uploads\/2020\/07\/11_Maria-De-Buenos-Aires_MarcelaGuevaraStefanoGiudice.jpg'><img decoding=\"async\" width=\"150\" height=\"150\" src=\"https:\/\/www.teatrostabiletorino.it\/wp-content\/uploads\/2020\/07\/11_Maria-De-Buenos-Aires_MarcelaGuevaraStefanoGiudice-150x150.jpg\" class=\"attachment-thumbnail size-thumbnail lazyload\" alt=\"\" aria-describedby=\"gallery-3-44425\" srcset=\"data:image\/svg+xml,%3Csvg%20xmlns%3D%27http%3A%2F%2Fwww.w3.org%2F2000%2Fsvg%27%20width%3D%272362%27%20height%3D%271575%27%20viewBox%3D%270%200%202362%201575%27%3E%3Crect%20width%3D%272362%27%20height%3D%271575%27%20fill-opacity%3D%220%22%2F%3E%3C%2Fsvg%3E\" data-orig-src=\"https:\/\/www.teatrostabiletorino.it\/wp-content\/uploads\/2020\/07\/11_Maria-De-Buenos-Aires_MarcelaGuevaraStefanoGiudice-150x150.jpg\" data-srcset=\"https:\/\/www.teatrostabiletorino.it\/wp-content\/uploads\/2020\/07\/11_Maria-De-Buenos-Aires_MarcelaGuevaraStefanoGiudice-66x66.jpg 66w, https:\/\/www.teatrostabiletorino.it\/wp-content\/uploads\/2020\/07\/11_Maria-De-Buenos-Aires_MarcelaGuevaraStefanoGiudice-150x150.jpg 150w\" data-sizes=\"auto\" \/><\/a>\n\t\t\t<\/dt>\n\t\t\t\t<dd class='wp-caption-text gallery-caption' id='gallery-3-44425'>\n\t\t\t\tMaria De Buenos Aires_MarcelaGuevara&#038;StefanoGiudice\n\t\t\t\t<\/dd><\/dl><dl class='gallery-item'>\n\t\t\t<dt class='gallery-icon landscape'>\n\t\t\t\t<a data-rel=\"iLightbox[postimages]\" data-title=\"12_AndreaLaszloDeSimone_robertapaolucci-46\" data-caption=\"AndreaLaszloDeSimoneph Roberta Paolucci\" href='https:\/\/www.teatrostabiletorino.it\/wp-content\/uploads\/2020\/07\/12_AndreaLaszloDeSimone_robertapaolucci-46.jpg'><img decoding=\"async\" width=\"150\" height=\"150\" src=\"https:\/\/www.teatrostabiletorino.it\/wp-content\/uploads\/2020\/07\/12_AndreaLaszloDeSimone_robertapaolucci-46-150x150.jpg\" class=\"attachment-thumbnail size-thumbnail lazyload\" alt=\"\" aria-describedby=\"gallery-3-44426\" srcset=\"data:image\/svg+xml,%3Csvg%20xmlns%3D%27http%3A%2F%2Fwww.w3.org%2F2000%2Fsvg%27%20width%3D%272126%27%20height%3D%271417%27%20viewBox%3D%270%200%202126%201417%27%3E%3Crect%20width%3D%272126%27%20height%3D%271417%27%20fill-opacity%3D%220%22%2F%3E%3C%2Fsvg%3E\" data-orig-src=\"https:\/\/www.teatrostabiletorino.it\/wp-content\/uploads\/2020\/07\/12_AndreaLaszloDeSimone_robertapaolucci-46-150x150.jpg\" data-srcset=\"https:\/\/www.teatrostabiletorino.it\/wp-content\/uploads\/2020\/07\/12_AndreaLaszloDeSimone_robertapaolucci-46-66x66.jpg 66w, https:\/\/www.teatrostabiletorino.it\/wp-content\/uploads\/2020\/07\/12_AndreaLaszloDeSimone_robertapaolucci-46-150x150.jpg 150w\" data-sizes=\"auto\" \/><\/a>\n\t\t\t<\/dt>\n\t\t\t\t<dd class='wp-caption-text gallery-caption' id='gallery-3-44426'>\n\t\t\t\tAndreaLaszloDeSimone<br>ph Roberta Paolucci\n\t\t\t\t<\/dd><\/dl><dl class='gallery-item'>\n\t\t\t<dt class='gallery-icon landscape'>\n\t\t\t\t<a data-rel=\"iLightbox[postimages]\" data-title=\"13_Madama Bovary\" data-caption=\"Madama Bovary\" href='https:\/\/www.teatrostabiletorino.it\/wp-content\/uploads\/2020\/07\/13_Madama-Bovary.jpg'><img decoding=\"async\" width=\"150\" height=\"150\" src=\"https:\/\/www.teatrostabiletorino.it\/wp-content\/uploads\/2020\/07\/13_Madama-Bovary-150x150.jpg\" class=\"attachment-thumbnail size-thumbnail lazyload\" alt=\"\" aria-describedby=\"gallery-3-44427\" srcset=\"data:image\/svg+xml,%3Csvg%20xmlns%3D%27http%3A%2F%2Fwww.w3.org%2F2000%2Fsvg%27%20width%3D%272362%27%20height%3D%272362%27%20viewBox%3D%270%200%202362%202362%27%3E%3Crect%20width%3D%272362%27%20height%3D%272362%27%20fill-opacity%3D%220%22%2F%3E%3C%2Fsvg%3E\" data-orig-src=\"https:\/\/www.teatrostabiletorino.it\/wp-content\/uploads\/2020\/07\/13_Madama-Bovary-150x150.jpg\" data-srcset=\"https:\/\/www.teatrostabiletorino.it\/wp-content\/uploads\/2020\/07\/13_Madama-Bovary-66x66.jpg 66w, https:\/\/www.teatrostabiletorino.it\/wp-content\/uploads\/2020\/07\/13_Madama-Bovary-150x150.jpg 150w, https:\/\/www.teatrostabiletorino.it\/wp-content\/uploads\/2020\/07\/13_Madama-Bovary-200x200.jpg 200w, https:\/\/www.teatrostabiletorino.it\/wp-content\/uploads\/2020\/07\/13_Madama-Bovary-300x300.jpg 300w, https:\/\/www.teatrostabiletorino.it\/wp-content\/uploads\/2020\/07\/13_Madama-Bovary-400x400.jpg 400w, https:\/\/www.teatrostabiletorino.it\/wp-content\/uploads\/2020\/07\/13_Madama-Bovary-600x600.jpg 600w, https:\/\/www.teatrostabiletorino.it\/wp-content\/uploads\/2020\/07\/13_Madama-Bovary-768x768.jpg 768w, https:\/\/www.teatrostabiletorino.it\/wp-content\/uploads\/2020\/07\/13_Madama-Bovary-800x800.jpg 800w, https:\/\/www.teatrostabiletorino.it\/wp-content\/uploads\/2020\/07\/13_Madama-Bovary-1024x1024.jpg 1024w, https:\/\/www.teatrostabiletorino.it\/wp-content\/uploads\/2020\/07\/13_Madama-Bovary-1200x1200.jpg 1200w\" data-sizes=\"auto\" \/><\/a>\n\t\t\t<\/dt>\n\t\t\t\t<dd class='wp-caption-text gallery-caption' id='gallery-3-44427'>\n\t\t\t\tMadama Bovary\n\t\t\t\t<\/dd><\/dl><dl class='gallery-item'>\n\t\t\t<dt class='gallery-icon landscape'>\n\t\t\t\t<a data-rel=\"iLightbox[postimages]\" data-title=\"14_Arte\" data-caption=\"Arte\" href='https:\/\/www.teatrostabiletorino.it\/wp-content\/uploads\/2020\/07\/14_Arte.jpg'><img decoding=\"async\" width=\"150\" height=\"150\" src=\"https:\/\/www.teatrostabiletorino.it\/wp-content\/uploads\/2020\/07\/14_Arte-150x150.jpg\" class=\"attachment-thumbnail size-thumbnail lazyload\" alt=\"\" aria-describedby=\"gallery-3-44428\" srcset=\"data:image\/svg+xml,%3Csvg%20xmlns%3D%27http%3A%2F%2Fwww.w3.org%2F2000%2Fsvg%27%20width%3D%272126%27%20height%3D%271417%27%20viewBox%3D%270%200%202126%201417%27%3E%3Crect%20width%3D%272126%27%20height%3D%271417%27%20fill-opacity%3D%220%22%2F%3E%3C%2Fsvg%3E\" data-orig-src=\"https:\/\/www.teatrostabiletorino.it\/wp-content\/uploads\/2020\/07\/14_Arte-150x150.jpg\" data-srcset=\"https:\/\/www.teatrostabiletorino.it\/wp-content\/uploads\/2020\/07\/14_Arte-66x66.jpg 66w, https:\/\/www.teatrostabiletorino.it\/wp-content\/uploads\/2020\/07\/14_Arte-150x150.jpg 150w\" data-sizes=\"auto\" \/><\/a>\n\t\t\t<\/dt>\n\t\t\t\t<dd class='wp-caption-text gallery-caption' id='gallery-3-44428'>\n\t\t\t\tArte\n\t\t\t\t<\/dd><\/dl><dl class='gallery-item'>\n\t\t\t<dt class='gallery-icon landscape'>\n\t\t\t\t<a data-rel=\"iLightbox[postimages]\" data-title=\"15_VaVaVaVanBeethoven\" data-caption=\"VaVaVaVanBeethoven\" href='https:\/\/www.teatrostabiletorino.it\/wp-content\/uploads\/2020\/07\/15_VaVaVaVanBeethoven.jpg'><img decoding=\"async\" width=\"150\" height=\"150\" src=\"https:\/\/www.teatrostabiletorino.it\/wp-content\/uploads\/2020\/07\/15_VaVaVaVanBeethoven-150x150.jpg\" class=\"attachment-thumbnail size-thumbnail lazyload\" alt=\"\" aria-describedby=\"gallery-3-44429\" srcset=\"data:image\/svg+xml,%3Csvg%20xmlns%3D%27http%3A%2F%2Fwww.w3.org%2F2000%2Fsvg%27%20width%3D%271417%27%20height%3D%27945%27%20viewBox%3D%270%200%201417%20945%27%3E%3Crect%20width%3D%271417%27%20height%3D%27945%27%20fill-opacity%3D%220%22%2F%3E%3C%2Fsvg%3E\" data-orig-src=\"https:\/\/www.teatrostabiletorino.it\/wp-content\/uploads\/2020\/07\/15_VaVaVaVanBeethoven-150x150.jpg\" data-srcset=\"https:\/\/www.teatrostabiletorino.it\/wp-content\/uploads\/2020\/07\/15_VaVaVaVanBeethoven-66x66.jpg 66w, https:\/\/www.teatrostabiletorino.it\/wp-content\/uploads\/2020\/07\/15_VaVaVaVanBeethoven-150x150.jpg 150w\" data-sizes=\"auto\" \/><\/a>\n\t\t\t<\/dt>\n\t\t\t\t<dd class='wp-caption-text gallery-caption' id='gallery-3-44429'>\n\t\t\t\tVaVaVaVanBeethoven\n\t\t\t\t<\/dd><\/dl><br style=\"clear: both\" \/><dl class='gallery-item'>\n\t\t\t<dt class='gallery-icon landscape'>\n\t\t\t\t<a data-rel=\"iLightbox[postimages]\" data-title=\"16_Stefano Benni \u00a9Barbara LeddaPhotomovie\" data-caption=\"Stefano Benni \u00a9Barbara LeddaPhotomovie\" href='https:\/\/www.teatrostabiletorino.it\/wp-content\/uploads\/2020\/07\/16_Stefano-Benni-\u00a9Barbara-LeddaPhotomovie.jpg'><img decoding=\"async\" width=\"150\" height=\"150\" src=\"https:\/\/www.teatrostabiletorino.it\/wp-content\/uploads\/2020\/07\/16_Stefano-Benni-\u00a9Barbara-LeddaPhotomovie-150x150.jpg\" class=\"attachment-thumbnail size-thumbnail lazyload\" alt=\"\" aria-describedby=\"gallery-3-44430\" srcset=\"data:image\/svg+xml,%3Csvg%20xmlns%3D%27http%3A%2F%2Fwww.w3.org%2F2000%2Fsvg%27%20width%3D%272126%27%20height%3D%271415%27%20viewBox%3D%270%200%202126%201415%27%3E%3Crect%20width%3D%272126%27%20height%3D%271415%27%20fill-opacity%3D%220%22%2F%3E%3C%2Fsvg%3E\" data-orig-src=\"https:\/\/www.teatrostabiletorino.it\/wp-content\/uploads\/2020\/07\/16_Stefano-Benni-\u00a9Barbara-LeddaPhotomovie-150x150.jpg\" data-srcset=\"https:\/\/www.teatrostabiletorino.it\/wp-content\/uploads\/2020\/07\/16_Stefano-Benni-\u00a9Barbara-LeddaPhotomovie-66x66.jpg 66w, https:\/\/www.teatrostabiletorino.it\/wp-content\/uploads\/2020\/07\/16_Stefano-Benni-\u00a9Barbara-LeddaPhotomovie-150x150.jpg 150w\" data-sizes=\"auto\" \/><\/a>\n\t\t\t<\/dt>\n\t\t\t\t<dd class='wp-caption-text gallery-caption' id='gallery-3-44430'>\n\t\t\t\tStefano Benni \u00a9Barbara LeddaPhotomovie\n\t\t\t\t<\/dd><\/dl><dl class='gallery-item'>\n\t\t\t<dt class='gallery-icon landscape'>\n\t\t\t\t<a data-rel=\"iLightbox[postimages]\" data-title=\"17_ritratto Sandro Lombardi David Riondino\" data-caption=\"Sandro Lombardi David Riondino\" href='https:\/\/www.teatrostabiletorino.it\/wp-content\/uploads\/2020\/07\/17_ritratto-Sandro-Lombardi-David-Riondino.jpg'><img decoding=\"async\" width=\"150\" height=\"150\" src=\"https:\/\/www.teatrostabiletorino.it\/wp-content\/uploads\/2020\/07\/17_ritratto-Sandro-Lombardi-David-Riondino-150x150.jpg\" class=\"attachment-thumbnail size-thumbnail lazyload\" alt=\"\" aria-describedby=\"gallery-3-44431\" srcset=\"data:image\/svg+xml,%3Csvg%20xmlns%3D%27http%3A%2F%2Fwww.w3.org%2F2000%2Fsvg%27%20width%3D%271890%27%20height%3D%271338%27%20viewBox%3D%270%200%201890%201338%27%3E%3Crect%20width%3D%271890%27%20height%3D%271338%27%20fill-opacity%3D%220%22%2F%3E%3C%2Fsvg%3E\" data-orig-src=\"https:\/\/www.teatrostabiletorino.it\/wp-content\/uploads\/2020\/07\/17_ritratto-Sandro-Lombardi-David-Riondino-150x150.jpg\" data-srcset=\"https:\/\/www.teatrostabiletorino.it\/wp-content\/uploads\/2020\/07\/17_ritratto-Sandro-Lombardi-David-Riondino-66x66.jpg 66w, https:\/\/www.teatrostabiletorino.it\/wp-content\/uploads\/2020\/07\/17_ritratto-Sandro-Lombardi-David-Riondino-150x150.jpg 150w\" data-sizes=\"auto\" \/><\/a>\n\t\t\t<\/dt>\n\t\t\t\t<dd class='wp-caption-text gallery-caption' id='gallery-3-44431'>\n\t\t\t\tSandro Lombardi David Riondino\n\t\t\t\t<\/dd><\/dl><dl class='gallery-item'>\n\t\t\t<dt class='gallery-icon landscape'>\n\t\t\t\t<a data-rel=\"iLightbox[postimages]\" data-title=\"18_Torino Spiritualita\u0300\" data-caption=\"Torino Spiritualita\u0300\" href='https:\/\/www.teatrostabiletorino.it\/wp-content\/uploads\/2020\/07\/18_Torino-Spiritualita\u0300.jpg'><img decoding=\"async\" width=\"150\" height=\"150\" src=\"https:\/\/www.teatrostabiletorino.it\/wp-content\/uploads\/2020\/07\/18_Torino-Spiritualita\u0300-150x150.jpg\" class=\"attachment-thumbnail size-thumbnail lazyload\" alt=\"\" aria-describedby=\"gallery-3-44432\" srcset=\"data:image\/svg+xml,%3Csvg%20xmlns%3D%27http%3A%2F%2Fwww.w3.org%2F2000%2Fsvg%27%20width%3D%271890%27%20height%3D%271261%27%20viewBox%3D%270%200%201890%201261%27%3E%3Crect%20width%3D%271890%27%20height%3D%271261%27%20fill-opacity%3D%220%22%2F%3E%3C%2Fsvg%3E\" data-orig-src=\"https:\/\/www.teatrostabiletorino.it\/wp-content\/uploads\/2020\/07\/18_Torino-Spiritualita\u0300-150x150.jpg\" data-srcset=\"https:\/\/www.teatrostabiletorino.it\/wp-content\/uploads\/2020\/07\/18_Torino-Spiritualita\u0300-66x66.jpg 66w, https:\/\/www.teatrostabiletorino.it\/wp-content\/uploads\/2020\/07\/18_Torino-Spiritualita\u0300-150x150.jpg 150w\" data-sizes=\"auto\" \/><\/a>\n\t\t\t<\/dt>\n\t\t\t\t<dd class='wp-caption-text gallery-caption' id='gallery-3-44432'>\n\t\t\t\tTorino Spiritualita\u0300\n\t\t\t\t<\/dd><\/dl>\n\t\t\t<br style='clear: both' \/>\n\t\t<\/div>\n\n<p><strong>\u00a0<\/strong><\/p>","protected":false},"excerpt":{"rendered":"<p>Sorry, this entry is only available in Italiano.L\u2019estate 2020 sar\u00e0 una stagione speciale, un periodo <a href=\"https:\/\/www.teatrostabiletorino.it\/en\/blu-oltremare-classica-jazz-teatro-rock-circo-incontri_15-luglio-27-settembre-2020-nel-cortile-di-combo\/\"> [+]<\/a><\/p>\n","protected":false},"author":2,"featured_media":44262,"comment_status":"open","ping_status":"open","sticky":false,"template":"","format":"standard","meta":{"_acf_changed":false,"footnotes":""},"categories":[103],"tags":[],"acf":[],"_links":{"self":[{"href":"https:\/\/www.teatrostabiletorino.it\/en\/wp-json\/wp\/v2\/posts\/44391"}],"collection":[{"href":"https:\/\/www.teatrostabiletorino.it\/en\/wp-json\/wp\/v2\/posts"}],"about":[{"href":"https:\/\/www.teatrostabiletorino.it\/en\/wp-json\/wp\/v2\/types\/post"}],"author":[{"embeddable":true,"href":"https:\/\/www.teatrostabiletorino.it\/en\/wp-json\/wp\/v2\/users\/2"}],"replies":[{"embeddable":true,"href":"https:\/\/www.teatrostabiletorino.it\/en\/wp-json\/wp\/v2\/comments?post=44391"}],"version-history":[{"count":0,"href":"https:\/\/www.teatrostabiletorino.it\/en\/wp-json\/wp\/v2\/posts\/44391\/revisions"}],"wp:featuredmedia":[{"embeddable":true,"href":"https:\/\/www.teatrostabiletorino.it\/en\/wp-json\/wp\/v2\/media\/44262"}],"wp:attachment":[{"href":"https:\/\/www.teatrostabiletorino.it\/en\/wp-json\/wp\/v2\/media?parent=44391"}],"wp:term":[{"taxonomy":"category","embeddable":true,"href":"https:\/\/www.teatrostabiletorino.it\/en\/wp-json\/wp\/v2\/categories?post=44391"},{"taxonomy":"post_tag","embeddable":true,"href":"https:\/\/www.teatrostabiletorino.it\/en\/wp-json\/wp\/v2\/tags?post=44391"}],"curies":[{"name":"wp","href":"https:\/\/api.w.org\/{rel}","templated":true}]}}