{"id":44538,"date":"2020-07-15T16:10:04","date_gmt":"2020-07-15T14:10:04","guid":{"rendered":"https:\/\/www.teatrostabiletorino.it\/?p=44538"},"modified":"2020-07-15T16:11:40","modified_gmt":"2020-07-15T14:11:40","slug":"44538-2","status":"publish","type":"post","link":"https:\/\/www.teatrostabiletorino.it\/en\/44538-2\/","title":{"rendered":"DEBUTTA AL TEATRO CARIGNANO IL 21 LUGLIO \u201cLOCKE\u201d DI STEVEN KNIGHT, DIRETTO E INTERPRETATO DA FILIPPO DINI"},"content":{"rendered":"<p class=\"qtranxs-available-languages-message qtranxs-available-languages-message-en\">Sorry, this entry is only available in <a href=\"https:\/\/www.teatrostabiletorino.it\/it\/wp-json\/wp\/v2\/posts\/44538\" class=\"qtranxs-available-language-link qtranxs-available-language-link-it\" title=\"Italiano\">Italiano<\/a>.<\/p><p>Al Teatro Carignano di Torino marted\u00ec 21 luglio 2020, alle ore 21.00, debutta <strong>LOCKE <\/strong>di <strong>Steven Knight<\/strong>: dopo il grande successo cinematografico diretto da Steven Knight con protagonista Tom Hardy, arriva in scena la trasposizione teatrale diretta e interpretata da <strong>Filippo Dini<\/strong>. Le scene e i costumi sono di Laura Benzi, le luci di Pasquale Mari, la colonna sonora di Michele Fiori e la regia del suono di David Barittoni.<\/p>\n<p>Lo spettacolo, coprodotto da Teatro Stabile di Torino &#8211; Teatro Nazionale, Teatro Franco Parenti e Teatro Stabile del Friuli Venezia-Giulia, sar\u00e0 replicato al Carignano fino al 26 luglio nell\u2019ambito della rassegna <strong>SUMMER PLAYS <\/strong>organizzata dal Teatro Stabile di Torino e da TPE \u2013 Teatro Piemonte Europa.<\/p>\n<p>Ivan Locke ha una famiglia e un lavoro di responsabilit\u00e0, ma una telefonata mette tutto in discussione: a partire dal film di Steven Knight, Filippo Dini dirige e interpreta uno spettacolo dove il tempo della storia e il tempo del racconto coincidono.<\/p>\n<p>&nbsp;<\/p>\n<p><strong>Note di <\/strong><strong>Filippo Dini<\/strong><\/p>\n<p>La vicenda narrata in \u201cLocke\u201d \u00e8 un grande inno al coraggio, alla sua espressione pi\u00f9 potente e pi\u00f9 arcaica: il coraggio di abbandonare la propria vita, le proprie certezze, i successi personali, i propri affetti, per iniziare una nuova esistenza, misteriosa, ignota, forse terribile, ma espressione del proprio miglioramento personale. Ivan Locke compie il suo viaggio in nome della salvezza, sfida le leggi umane e divine, per poter riscattare l\u2019umanit\u00e0: \u00e8 un eroe epico, riscritto nel mondo contemporaneo, e come tale, sacrifica tutto, rinuncia alla propria vita e si fa metafora della nostra salvezza. Tutti noi viaggeremo con Ivan Locke, e all\u2019arrivo troveremo una persona diversa.<\/p>\n<p>Ogni giorno ognuno di noi si trova in viaggio con lui, alla ricerca di risposte, alla ricerca di un significato che dia senso alla sofferenza, alla fragilit\u00e0, ai nostri errori e a quelli altrui.<\/p>\n<p>Ogni giorno siamo in viaggio con Ivan, nella speranza che il cambiamento continuo che la vita ci prepara, non sia troppo doloroso, con il costante augurio di avere abbastanza forza, abbastanza ironia, per poterlo sopportare.<\/p>\n<p>Steven Knight ci dice: non avere paura, guida con determinazione verso il tuo domani, con coraggio, vai nel posto peggiore per te, se \u00e8 quello che desideri, se \u00e8 quello che devi; al tuo arrivo sarai una persona nuova, forse ti sarai procurato qualche ferita, forse ti sarai trovato costretto a ferire qualcuno durante il viaggio, ma di sicuro avrai rubato il tuo pezzo di cielo.<\/p>\n<p><a href=\"http:\/\/www.teatrostabiletorino.it\/wp-content\/uploads\/2020\/07\/01_CS_LOCKE_SUMMER-PLAYS.pdf\" target=\"_blank\" rel=\"noopener\">Comunicato stampa<\/a><\/p>\n<p>\n\t\t<style type=\"text\/css\">\n\t\t\t#gallery-1 {\n\t\t\t\tmargin: auto;\n\t\t\t}\n\t\t\t#gallery-1 .gallery-item {\n\t\t\t\tfloat: left;\n\t\t\t\tmargin-top: 10px;\n\t\t\t\ttext-align: center;\n\t\t\t\twidth: 20%;\n\t\t\t}\n\t\t\t#gallery-1 img {\n\t\t\t\tborder: 2px solid #cfcfcf;\n\t\t\t}\n\t\t\t#gallery-1 .gallery-caption {\n\t\t\t\tmargin-left: 0;\n\t\t\t}\n\t\t\t\/* see gallery_shortcode() in wp-includes\/media.php *\/\n\t\t<\/style>\n\t\t<div id='gallery-1' class='gallery galleryid-44538 gallery-columns-5 gallery-size-thumbnail'><dl class='gallery-item'>\n\t\t\t<dt class='gallery-icon landscape'>\n\t\t\t\t<a data-rel=\"iLightbox[postimages]\" data-title=\"Filippo Dini &#8211; Locke &#8211; Foto di Noemi Ardesi\" data-caption=\"Locke di Steven Knight\nregia Filippo Dini\ncon Filippo Dini Noemi Ardesi\n\n\" href='https:\/\/www.teatrostabiletorino.it\/wp-content\/uploads\/2020\/07\/Filippo-Dini-Locke-Foto-di-Noemi-Ardesi-.jpg'><img decoding=\"async\" width=\"150\" height=\"150\" src=\"https:\/\/www.teatrostabiletorino.it\/wp-content\/uploads\/2020\/07\/Filippo-Dini-Locke-Foto-di-Noemi-Ardesi--150x150.jpg\" class=\"attachment-thumbnail size-thumbnail lazyload\" alt=\"\" aria-describedby=\"gallery-1-44540\" srcset=\"data:image\/svg+xml,%3Csvg%20xmlns%3D%27http%3A%2F%2Fwww.w3.org%2F2000%2Fsvg%27%20width%3D%272953%27%20height%3D%271969%27%20viewBox%3D%270%200%202953%201969%27%3E%3Crect%20width%3D%272953%27%20height%3D%271969%27%20fill-opacity%3D%220%22%2F%3E%3C%2Fsvg%3E\" data-orig-src=\"https:\/\/www.teatrostabiletorino.it\/wp-content\/uploads\/2020\/07\/Filippo-Dini-Locke-Foto-di-Noemi-Ardesi--150x150.jpg\" data-srcset=\"https:\/\/www.teatrostabiletorino.it\/wp-content\/uploads\/2020\/07\/Filippo-Dini-Locke-Foto-di-Noemi-Ardesi--66x66.jpg 66w, https:\/\/www.teatrostabiletorino.it\/wp-content\/uploads\/2020\/07\/Filippo-Dini-Locke-Foto-di-Noemi-Ardesi--150x150.jpg 150w\" data-sizes=\"auto\" \/><\/a>\n\t\t\t<\/dt>\n\t\t\t\t<dd class='wp-caption-text gallery-caption' id='gallery-1-44540'>\n\t\t\t\tLocke di Steven Knight\nregia Filippo Dini\ncon Filippo Dini <br>Noemi Ardesi\n\n\n\t\t\t\t<\/dd><\/dl><dl class='gallery-item'>\n\t\t\t<dt class='gallery-icon portrait'>\n\t\t\t\t<a data-rel=\"iLightbox[postimages]\" data-title=\"Filippo Dini in Locke foto di Noemi Ardesi &#8211; 01\" data-caption=\"Locke di Steven Knight\nregia Filippo Dini\ncon Filippo Dini Noemi Ardesi\n\n\" href='https:\/\/www.teatrostabiletorino.it\/wp-content\/uploads\/2020\/07\/Filippo-Dini-in-Locke-foto-di-Noemi-Ardesi-01.jpg'><img decoding=\"async\" width=\"150\" height=\"150\" src=\"https:\/\/www.teatrostabiletorino.it\/wp-content\/uploads\/2020\/07\/Filippo-Dini-in-Locke-foto-di-Noemi-Ardesi-01-150x150.jpg\" class=\"attachment-thumbnail size-thumbnail lazyload\" alt=\"\" aria-describedby=\"gallery-1-44541\" srcset=\"data:image\/svg+xml,%3Csvg%20xmlns%3D%27http%3A%2F%2Fwww.w3.org%2F2000%2Fsvg%27%20width%3D%271575%27%20height%3D%272362%27%20viewBox%3D%270%200%201575%202362%27%3E%3Crect%20width%3D%271575%27%20height%3D%272362%27%20fill-opacity%3D%220%22%2F%3E%3C%2Fsvg%3E\" data-orig-src=\"https:\/\/www.teatrostabiletorino.it\/wp-content\/uploads\/2020\/07\/Filippo-Dini-in-Locke-foto-di-Noemi-Ardesi-01-150x150.jpg\" data-srcset=\"https:\/\/www.teatrostabiletorino.it\/wp-content\/uploads\/2020\/07\/Filippo-Dini-in-Locke-foto-di-Noemi-Ardesi-01-66x66.jpg 66w, https:\/\/www.teatrostabiletorino.it\/wp-content\/uploads\/2020\/07\/Filippo-Dini-in-Locke-foto-di-Noemi-Ardesi-01-150x150.jpg 150w\" data-sizes=\"auto\" \/><\/a>\n\t\t\t<\/dt>\n\t\t\t\t<dd class='wp-caption-text gallery-caption' id='gallery-1-44541'>\n\t\t\t\tLocke di Steven Knight\nregia Filippo Dini\ncon Filippo Dini <br>Noemi Ardesi\n\n\n\t\t\t\t<\/dd><\/dl>\n\t\t\t<br style='clear: both' \/>\n\t\t<\/div>\n<\/p>","protected":false},"excerpt":{"rendered":"<p>Sorry, this entry is only available in Italiano.Al Teatro Carignano di Torino marted\u00ec 21 luglio <a href=\"https:\/\/www.teatrostabiletorino.it\/en\/44538-2\/\"> [+]<\/a><\/p>\n","protected":false},"author":2,"featured_media":44540,"comment_status":"open","ping_status":"open","sticky":false,"template":"","format":"standard","meta":{"_acf_changed":false,"footnotes":""},"categories":[103],"tags":[],"acf":[],"_links":{"self":[{"href":"https:\/\/www.teatrostabiletorino.it\/en\/wp-json\/wp\/v2\/posts\/44538"}],"collection":[{"href":"https:\/\/www.teatrostabiletorino.it\/en\/wp-json\/wp\/v2\/posts"}],"about":[{"href":"https:\/\/www.teatrostabiletorino.it\/en\/wp-json\/wp\/v2\/types\/post"}],"author":[{"embeddable":true,"href":"https:\/\/www.teatrostabiletorino.it\/en\/wp-json\/wp\/v2\/users\/2"}],"replies":[{"embeddable":true,"href":"https:\/\/www.teatrostabiletorino.it\/en\/wp-json\/wp\/v2\/comments?post=44538"}],"version-history":[{"count":0,"href":"https:\/\/www.teatrostabiletorino.it\/en\/wp-json\/wp\/v2\/posts\/44538\/revisions"}],"wp:featuredmedia":[{"embeddable":true,"href":"https:\/\/www.teatrostabiletorino.it\/en\/wp-json\/wp\/v2\/media\/44540"}],"wp:attachment":[{"href":"https:\/\/www.teatrostabiletorino.it\/en\/wp-json\/wp\/v2\/media?parent=44538"}],"wp:term":[{"taxonomy":"category","embeddable":true,"href":"https:\/\/www.teatrostabiletorino.it\/en\/wp-json\/wp\/v2\/categories?post=44538"},{"taxonomy":"post_tag","embeddable":true,"href":"https:\/\/www.teatrostabiletorino.it\/en\/wp-json\/wp\/v2\/tags?post=44538"}],"curies":[{"name":"wp","href":"https:\/\/api.w.org\/{rel}","templated":true}]}}