{"id":44655,"date":"2020-07-31T16:21:39","date_gmt":"2020-07-31T14:21:39","guid":{"rendered":"https:\/\/www.teatrostabiletorino.it\/?p=44655"},"modified":"2020-07-31T16:22:02","modified_gmt":"2020-07-31T14:22:02","slug":"va-in-scena-al-teatro-carignano-il-4-agosto-la-segretaria-di-natalia-ginzburg-con-la-regia-di-leonardo-lidi","status":"publish","type":"post","link":"https:\/\/www.teatrostabiletorino.it\/en\/va-in-scena-al-teatro-carignano-il-4-agosto-la-segretaria-di-natalia-ginzburg-con-la-regia-di-leonardo-lidi\/","title":{"rendered":"VA IN SCENA AL TEATRO CARIGNANO IL 4 AGOSTO \u201cLA SEGRETARIA\u201d DI NATALIA GINZBURG CON LA REGIA DI LEONARDO LIDI"},"content":{"rendered":"<p class=\"qtranxs-available-languages-message qtranxs-available-languages-message-en\">Sorry, this entry is only available in <a href=\"https:\/\/www.teatrostabiletorino.it\/it\/wp-json\/wp\/v2\/posts\/44655\" class=\"qtranxs-available-language-link qtranxs-available-language-link-it\" title=\"Italiano\">Italiano<\/a>.<\/p><p><strong>SUMMER PLAYS<\/strong><\/p>\n<p><strong>Sere d\u2019estate al Teatro Carignano<\/strong><\/p>\n<p><strong>15 giugno \u2013 13 settembre 2020<\/strong><\/p>\n<p>&nbsp;<\/p>\n<p>Al Teatro Carignano di Torino marted\u00ec 4 agosto 2020, alle ore 21.00, debutta <strong>LA SEGRETARIA<\/strong> di <strong>Natalia Ginzburg <\/strong>con la regia di <strong>Leonardo Lidi<\/strong>. Lo spettacolo, prodotto dal<strong> Teatro Stabile di Torino<\/strong>, vede in scena<strong> Matilde Vigna<\/strong>, <strong>Christian La Rosa<\/strong>, <strong>Giorgia Cipolla<\/strong>, <strong>Elio D\u2019Alessandro<\/strong>, le musiche sono eseguite dal vivo dai <strong>Perturbazione <\/strong>(Tommaso Cerasuolo, Cristiano Lo Mele, Alex Baracco, Rossano Lo Mele). Lo spettacolo sar\u00e0 replicato al Carignano fino a domenica 9 agosto, nell\u2019ambito della rassegna <strong>SUMMER PLAYS. <\/strong><strong>Sere d\u2019estate al Teatro Carignano<\/strong> organizzata dal Teatro Stabile di Torino e da TPE &#8211; Teatro Piemonte Europa.<\/p>\n<p>Ritratto satirico di una certa borghesia che si \u00e8 stabilita in campagna con tanto disordine e nessun futuro: all\u2019interno di questa famiglia si insinua \u201cla segretaria\u201d. Installatasi in casa, dopo essersi presentata improvvisamente raccontando una storia improbabile, si fidanza ora con uno, ora con un altro, sempre con indolenza e pressapochismo.<\/p>\n<p>La scrittura della Ginzburg, nei romanzi cos\u00ec come nei racconti, \u00e8 primaria, priva di fronzoli. Seduce e incatena il pubblico con un linguaggio semplice, quasi da teatro classico: con la sua essenzialit\u00e0 lascia un margine a chi lo mette in scena o lo legge, uno spiraglio poetico dove le parole generano continue possibilit\u00e0 interpretative. Il teatro per la Ginzburg \u00e8 una sorta di prolungamento di quella vena narrativa messa a punto con <em>Lessico famigliare<\/em>, la possibilit\u00e0 di dare voce a punti di vista diversi, a sfumature delle personalit\u00e0 oltre al senso di distacco dal proprio tempo. Tra il 1965 e il 1971 l\u2019autrice scrive otto commedie, che hanno un buon riscontro anche nei teatri internazionali: i tre atti de <em>La segretaria <\/em>sono del 1967. La segretaria \u00e8 una ragazza piovuta dal cielo, cartina di tornasole in un malandato contesto familiare. Silvana, questo \u00e8 il suo nome, \u00e8 la prima espressione del personaggio della \u201crandagia\u201d che torner\u00e0 spesso nei lavori della scrittrice: spacciata dall\u2019amante Eduardo per segretaria, non ha un lavoro, non ha una casa. Il suo attaccamento all\u2019uomo (sposato, sporco, pigro, alcolizzato) produrr\u00e0 un dramma senza che questo le permetta di prendere una posizione nei confronti della vita, di se stessa e degli altri.<\/p>\n<p><strong>Leonardo Lidi<\/strong>, pluripremiato attore e regista formatosi alla Scuola per Attori dello Stabile torinese, vincitore nel 2018 del Bando registi under 30 della Biennale di Venezia per la riscrittura dell\u2019ibseniano <em>Spettr<\/em>i, ha recentemente diretto per il LAC di Lugano <em>Lo zoo di vetro<\/em> di Tennessee Williams, l\u2019opera lirica <em>Falstaff<\/em> di Giuseppe Verdi (Fondazione Teatri Piacenza, Fondazione Teatro Comunale di Modena e Fondazione I Teatri di Reggio Emilia) e per il Teatro Stabile di Torino <em>La casa di Bernarda Alba<\/em>, il cui debutto \u00e8 stato sospeso a causa della pandemia. Dal settembre 2018 \u00e8 Direttore Artistico della Societ\u00e0 Filodrammatica Piacentina, storica associazione fondata nel 1825 da Maria Luigia d&#8217;Austria.<\/p>\n<p>Dopo il fortunato progetto <em>Qualcuno che tace<\/em> prodotto dal TST su tre testi di Natalia Ginzburg, Lidi riallestisce <em>La segretaria.<\/em> Ancora una volta le musiche originali eseguite in scena sono dei <strong>Perturbazione<\/strong>, che scrivono: \u00abIl nostro nuovo album, <em>&#8216;(dis)amore&#8217;<\/em>, pubblicato il 29 maggio 2020, \u00e8 profondamente legato alla scrittura di Natalia Ginzburg. I primi brani composti per questo album sono stati proprio quelli per la trilogia dedicata a questa tenacissima scrittrice. Il disco ha successivamente imboccato una strada narrativa personale, trasformandosi in un concept album di 23 brani sulla impossibile definizione dell&#8217;amore e del suo contrario. Tuttavia \u00e8 emozionante ritrovare quella prima scintilla creativa, che ruota senz&#8217;altro attorno al tema dell&#8217;assenza: al centro delle storie della Ginzburg c&#8217;\u00e8 sempre un protagonista a cui tutti i personaggi sono legati, ma che non \u00e8 in scena. Proprio come il (dis)amore\u00bb.<\/p>\n<p><a href=\"http:\/\/www.teatrostabiletorino.it\/wp-content\/uploads\/2020\/07\/01_CS_LA-SEGRETARIA_SUMMER-PLAY.pdf\" target=\"_blank\" rel=\"noopener\">Comunicato stampa<\/a><\/p>\n<p>&nbsp;<\/p>\n<p>&nbsp;<\/p>\n<p>\n\t\t<style type=\"text\/css\">\n\t\t\t#gallery-1 {\n\t\t\t\tmargin: auto;\n\t\t\t}\n\t\t\t#gallery-1 .gallery-item {\n\t\t\t\tfloat: left;\n\t\t\t\tmargin-top: 10px;\n\t\t\t\ttext-align: center;\n\t\t\t\twidth: 20%;\n\t\t\t}\n\t\t\t#gallery-1 img {\n\t\t\t\tborder: 2px solid #cfcfcf;\n\t\t\t}\n\t\t\t#gallery-1 .gallery-caption {\n\t\t\t\tmargin-left: 0;\n\t\t\t}\n\t\t\t\/* see gallery_shortcode() in wp-includes\/media.php *\/\n\t\t<\/style>\n\t\t<div id='gallery-1' class='gallery galleryid-44655 gallery-columns-5 gallery-size-thumbnail'><dl class='gallery-item'>\n\t\t\t<dt class='gallery-icon landscape'>\n\t\t\t\t<a data-rel=\"iLightbox[postimages]\" data-title=\"01_La Segretaria\" data-caption=\"da sinistra Elio D&#039;Alessandro, Ilaria Matilde Vigna, Christian La Rosa, Giorgia Cipollaph Luigi De Palma\" href='https:\/\/www.teatrostabiletorino.it\/wp-content\/uploads\/2020\/07\/01_La-Segretaria.jpg'><img decoding=\"async\" width=\"150\" height=\"150\" src=\"https:\/\/www.teatrostabiletorino.it\/wp-content\/uploads\/2020\/07\/01_La-Segretaria-150x150.jpg\" class=\"attachment-thumbnail size-thumbnail lazyload\" alt=\"\" aria-describedby=\"gallery-1-44657\" srcset=\"data:image\/svg+xml,%3Csvg%20xmlns%3D%27http%3A%2F%2Fwww.w3.org%2F2000%2Fsvg%27%20width%3D%271575%27%20height%3D%271050%27%20viewBox%3D%270%200%201575%201050%27%3E%3Crect%20width%3D%271575%27%20height%3D%271050%27%20fill-opacity%3D%220%22%2F%3E%3C%2Fsvg%3E\" data-orig-src=\"https:\/\/www.teatrostabiletorino.it\/wp-content\/uploads\/2020\/07\/01_La-Segretaria-150x150.jpg\" data-srcset=\"https:\/\/www.teatrostabiletorino.it\/wp-content\/uploads\/2020\/07\/01_La-Segretaria-66x66.jpg 66w, https:\/\/www.teatrostabiletorino.it\/wp-content\/uploads\/2020\/07\/01_La-Segretaria-150x150.jpg 150w\" data-sizes=\"auto\" \/><\/a>\n\t\t\t<\/dt>\n\t\t\t\t<dd class='wp-caption-text gallery-caption' id='gallery-1-44657'>\n\t\t\t\tda sinistra Elio D&#8217;Alessandro, Ilaria Matilde Vigna, Christian La Rosa, Giorgia Cipolla<br>ph Luigi De Palma\n\t\t\t\t<\/dd><\/dl><dl class='gallery-item'>\n\t\t\t<dt class='gallery-icon landscape'>\n\t\t\t\t<a data-rel=\"iLightbox[postimages]\" data-title=\"02_La Segretaria\" data-caption=\"da sinistra Elio D&#039;Alessandro, Christian La Rosa, Ilaria Matilde Vigna, Giorgia Cipolla ph Luigi De Palma\n\" href='https:\/\/www.teatrostabiletorino.it\/wp-content\/uploads\/2020\/07\/02_La-Segretaria.jpg'><img decoding=\"async\" width=\"150\" height=\"150\" src=\"https:\/\/www.teatrostabiletorino.it\/wp-content\/uploads\/2020\/07\/02_La-Segretaria-150x150.jpg\" class=\"attachment-thumbnail size-thumbnail lazyload\" alt=\"\" aria-describedby=\"gallery-1-44658\" srcset=\"data:image\/svg+xml,%3Csvg%20xmlns%3D%27http%3A%2F%2Fwww.w3.org%2F2000%2Fsvg%27%20width%3D%271575%27%20height%3D%271050%27%20viewBox%3D%270%200%201575%201050%27%3E%3Crect%20width%3D%271575%27%20height%3D%271050%27%20fill-opacity%3D%220%22%2F%3E%3C%2Fsvg%3E\" data-orig-src=\"https:\/\/www.teatrostabiletorino.it\/wp-content\/uploads\/2020\/07\/02_La-Segretaria-150x150.jpg\" data-srcset=\"https:\/\/www.teatrostabiletorino.it\/wp-content\/uploads\/2020\/07\/02_La-Segretaria-66x66.jpg 66w, https:\/\/www.teatrostabiletorino.it\/wp-content\/uploads\/2020\/07\/02_La-Segretaria-150x150.jpg 150w\" data-sizes=\"auto\" \/><\/a>\n\t\t\t<\/dt>\n\t\t\t\t<dd class='wp-caption-text gallery-caption' id='gallery-1-44658'>\n\t\t\t\tda sinistra Elio D&#8217;Alessandro, Christian La Rosa, Ilaria Matilde Vigna, Giorgia Cipolla <br>ph Luigi De Palma\n\n\t\t\t\t<\/dd><\/dl><dl class='gallery-item'>\n\t\t\t<dt class='gallery-icon landscape'>\n\t\t\t\t<a data-rel=\"iLightbox[postimages]\" data-title=\"03_La Segretaria_56\" data-caption=\"i Perturbazione ph Luigi De Palma\" href='https:\/\/www.teatrostabiletorino.it\/wp-content\/uploads\/2020\/07\/03_La-Segretaria_56.jpg'><img decoding=\"async\" width=\"150\" height=\"150\" src=\"https:\/\/www.teatrostabiletorino.it\/wp-content\/uploads\/2020\/07\/03_La-Segretaria_56-150x150.jpg\" class=\"attachment-thumbnail size-thumbnail lazyload\" alt=\"\" aria-describedby=\"gallery-1-44659\" srcset=\"data:image\/svg+xml,%3Csvg%20xmlns%3D%27http%3A%2F%2Fwww.w3.org%2F2000%2Fsvg%27%20width%3D%271772%27%20height%3D%271181%27%20viewBox%3D%270%200%201772%201181%27%3E%3Crect%20width%3D%271772%27%20height%3D%271181%27%20fill-opacity%3D%220%22%2F%3E%3C%2Fsvg%3E\" data-orig-src=\"https:\/\/www.teatrostabiletorino.it\/wp-content\/uploads\/2020\/07\/03_La-Segretaria_56-150x150.jpg\" data-srcset=\"https:\/\/www.teatrostabiletorino.it\/wp-content\/uploads\/2020\/07\/03_La-Segretaria_56-66x66.jpg 66w, https:\/\/www.teatrostabiletorino.it\/wp-content\/uploads\/2020\/07\/03_La-Segretaria_56-150x150.jpg 150w\" data-sizes=\"auto\" \/><\/a>\n\t\t\t<\/dt>\n\t\t\t\t<dd class='wp-caption-text gallery-caption' id='gallery-1-44659'>\n\t\t\t\ti Perturbazione <br>ph Luigi De Palma\n\t\t\t\t<\/dd><\/dl><dl class='gallery-item'>\n\t\t\t<dt class='gallery-icon landscape'>\n\t\t\t\t<a data-rel=\"iLightbox[postimages]\" data-title=\"04_La Segretaria_36\" data-caption=\"da sinistra Christian La Rosa, Elio D&#039;Alessandro, Ilaria Matilde Vigna (di spalle), Giorgia Cipolla ph Luigi De Palma\" href='https:\/\/www.teatrostabiletorino.it\/wp-content\/uploads\/2020\/07\/04_La-Segretaria_36.jpg'><img decoding=\"async\" width=\"150\" height=\"150\" src=\"https:\/\/www.teatrostabiletorino.it\/wp-content\/uploads\/2020\/07\/04_La-Segretaria_36-150x150.jpg\" class=\"attachment-thumbnail size-thumbnail lazyload\" alt=\"\" aria-describedby=\"gallery-1-44660\" srcset=\"data:image\/svg+xml,%3Csvg%20xmlns%3D%27http%3A%2F%2Fwww.w3.org%2F2000%2Fsvg%27%20width%3D%271575%27%20height%3D%271050%27%20viewBox%3D%270%200%201575%201050%27%3E%3Crect%20width%3D%271575%27%20height%3D%271050%27%20fill-opacity%3D%220%22%2F%3E%3C%2Fsvg%3E\" data-orig-src=\"https:\/\/www.teatrostabiletorino.it\/wp-content\/uploads\/2020\/07\/04_La-Segretaria_36-150x150.jpg\" data-srcset=\"https:\/\/www.teatrostabiletorino.it\/wp-content\/uploads\/2020\/07\/04_La-Segretaria_36-66x66.jpg 66w, https:\/\/www.teatrostabiletorino.it\/wp-content\/uploads\/2020\/07\/04_La-Segretaria_36-150x150.jpg 150w\" data-sizes=\"auto\" \/><\/a>\n\t\t\t<\/dt>\n\t\t\t\t<dd class='wp-caption-text gallery-caption' id='gallery-1-44660'>\n\t\t\t\tda sinistra Christian La Rosa, Elio D&#8217;Alessandro, Ilaria Matilde Vigna (di spalle), Giorgia Cipolla <br>ph Luigi De Palma\n\t\t\t\t<\/dd><\/dl><dl class='gallery-item'>\n\t\t\t<dt class='gallery-icon landscape'>\n\t\t\t\t<a data-rel=\"iLightbox[postimages]\" data-title=\"05_La Segretaria_49\" data-caption=\"da sinistra Christian La Rosa, Elio D&#039;Alessandro, Giorgia Cipolla ph Luigi De Palma\" href='https:\/\/www.teatrostabiletorino.it\/wp-content\/uploads\/2020\/07\/05_La-Segretaria_49.jpg'><img decoding=\"async\" width=\"150\" height=\"150\" src=\"https:\/\/www.teatrostabiletorino.it\/wp-content\/uploads\/2020\/07\/05_La-Segretaria_49-150x150.jpg\" class=\"attachment-thumbnail size-thumbnail lazyload\" alt=\"\" aria-describedby=\"gallery-1-44661\" srcset=\"data:image\/svg+xml,%3Csvg%20xmlns%3D%27http%3A%2F%2Fwww.w3.org%2F2000%2Fsvg%27%20width%3D%271575%27%20height%3D%271050%27%20viewBox%3D%270%200%201575%201050%27%3E%3Crect%20width%3D%271575%27%20height%3D%271050%27%20fill-opacity%3D%220%22%2F%3E%3C%2Fsvg%3E\" data-orig-src=\"https:\/\/www.teatrostabiletorino.it\/wp-content\/uploads\/2020\/07\/05_La-Segretaria_49-150x150.jpg\" data-srcset=\"https:\/\/www.teatrostabiletorino.it\/wp-content\/uploads\/2020\/07\/05_La-Segretaria_49-66x66.jpg 66w, https:\/\/www.teatrostabiletorino.it\/wp-content\/uploads\/2020\/07\/05_La-Segretaria_49-150x150.jpg 150w\" data-sizes=\"auto\" \/><\/a>\n\t\t\t<\/dt>\n\t\t\t\t<dd class='wp-caption-text gallery-caption' id='gallery-1-44661'>\n\t\t\t\tda sinistra Christian La Rosa, Elio D&#8217;Alessandro, Giorgia Cipolla <br>ph Luigi De Palma\n\t\t\t\t<\/dd><\/dl><br style=\"clear: both\" \/><dl class='gallery-item'>\n\t\t\t<dt class='gallery-icon landscape'>\n\t\t\t\t<a data-rel=\"iLightbox[postimages]\" data-title=\"06_La Segretaria_15\" data-caption=\"Ilaria Matilde Vigna, Giorgia Cipolla ph Luigi De Palma\" href='https:\/\/www.teatrostabiletorino.it\/wp-content\/uploads\/2020\/07\/06_La-Segretaria_15.jpg'><img decoding=\"async\" width=\"150\" height=\"150\" src=\"https:\/\/www.teatrostabiletorino.it\/wp-content\/uploads\/2020\/07\/06_La-Segretaria_15-150x150.jpg\" class=\"attachment-thumbnail size-thumbnail lazyload\" alt=\"\" aria-describedby=\"gallery-1-44662\" srcset=\"data:image\/svg+xml,%3Csvg%20xmlns%3D%27http%3A%2F%2Fwww.w3.org%2F2000%2Fsvg%27%20width%3D%271575%27%20height%3D%271050%27%20viewBox%3D%270%200%201575%201050%27%3E%3Crect%20width%3D%271575%27%20height%3D%271050%27%20fill-opacity%3D%220%22%2F%3E%3C%2Fsvg%3E\" data-orig-src=\"https:\/\/www.teatrostabiletorino.it\/wp-content\/uploads\/2020\/07\/06_La-Segretaria_15-150x150.jpg\" data-srcset=\"https:\/\/www.teatrostabiletorino.it\/wp-content\/uploads\/2020\/07\/06_La-Segretaria_15-66x66.jpg 66w, https:\/\/www.teatrostabiletorino.it\/wp-content\/uploads\/2020\/07\/06_La-Segretaria_15-150x150.jpg 150w\" data-sizes=\"auto\" \/><\/a>\n\t\t\t<\/dt>\n\t\t\t\t<dd class='wp-caption-text gallery-caption' id='gallery-1-44662'>\n\t\t\t\tIlaria Matilde Vigna, Giorgia Cipolla <br>ph Luigi De Palma\n\t\t\t\t<\/dd><\/dl>\n\t\t\t<br style='clear: both' \/>\n\t\t<\/div>\n<\/p>","protected":false},"excerpt":{"rendered":"<p>Sorry, this entry is only available in Italiano.SUMMER PLAYS Sere d\u2019estate al Teatro Carignano 15 <a href=\"https:\/\/www.teatrostabiletorino.it\/en\/va-in-scena-al-teatro-carignano-il-4-agosto-la-segretaria-di-natalia-ginzburg-con-la-regia-di-leonardo-lidi\/\"> [+]<\/a><\/p>\n","protected":false},"author":2,"featured_media":44658,"comment_status":"open","ping_status":"open","sticky":false,"template":"","format":"standard","meta":{"_acf_changed":false,"footnotes":""},"categories":[103],"tags":[],"acf":[],"_links":{"self":[{"href":"https:\/\/www.teatrostabiletorino.it\/en\/wp-json\/wp\/v2\/posts\/44655"}],"collection":[{"href":"https:\/\/www.teatrostabiletorino.it\/en\/wp-json\/wp\/v2\/posts"}],"about":[{"href":"https:\/\/www.teatrostabiletorino.it\/en\/wp-json\/wp\/v2\/types\/post"}],"author":[{"embeddable":true,"href":"https:\/\/www.teatrostabiletorino.it\/en\/wp-json\/wp\/v2\/users\/2"}],"replies":[{"embeddable":true,"href":"https:\/\/www.teatrostabiletorino.it\/en\/wp-json\/wp\/v2\/comments?post=44655"}],"version-history":[{"count":0,"href":"https:\/\/www.teatrostabiletorino.it\/en\/wp-json\/wp\/v2\/posts\/44655\/revisions"}],"wp:featuredmedia":[{"embeddable":true,"href":"https:\/\/www.teatrostabiletorino.it\/en\/wp-json\/wp\/v2\/media\/44658"}],"wp:attachment":[{"href":"https:\/\/www.teatrostabiletorino.it\/en\/wp-json\/wp\/v2\/media?parent=44655"}],"wp:term":[{"taxonomy":"category","embeddable":true,"href":"https:\/\/www.teatrostabiletorino.it\/en\/wp-json\/wp\/v2\/categories?post=44655"},{"taxonomy":"post_tag","embeddable":true,"href":"https:\/\/www.teatrostabiletorino.it\/en\/wp-json\/wp\/v2\/tags?post=44655"}],"curies":[{"name":"wp","href":"https:\/\/api.w.org\/{rel}","templated":true}]}}