{"id":44703,"date":"2020-08-05T12:31:51","date_gmt":"2020-08-05T10:31:51","guid":{"rendered":"https:\/\/www.teatrostabiletorino.it\/?p=44703"},"modified":"2020-08-05T12:31:51","modified_gmt":"2020-08-05T10:31:51","slug":"nellambito-della-rassegna-estiva-summer-plays-debutta-piccola-societa-disoccupata-di-remi-de-vos-con-la-regia-di-beppe-rosso-teatro-carignano-dal-21-al-2","status":"publish","type":"post","link":"https:\/\/www.teatrostabiletorino.it\/en\/nellambito-della-rassegna-estiva-summer-plays-debutta-piccola-societa-disoccupata-di-remi-de-vos-con-la-regia-di-beppe-rosso-teatro-carignano-dal-21-al-2\/","title":{"rendered":"NELL\u2019AMBITO DELLA RASSEGNA ESTIVA \u201cSUMMER PLAYS\u201d DEBUTTA \u201cPICCOLA SOCIET\u00c0 DISOCCUPATA\u201d DI R\u00c9MI DE VOS, CON LA REGIA DI BEPPE ROSSO. TEATRO CARIGNANO DAL 21 AL 23 AGOSTO 2020"},"content":{"rendered":"<p class=\"qtranxs-available-languages-message qtranxs-available-languages-message-en\">Sorry, this entry is only available in <a href=\"https:\/\/www.teatrostabiletorino.it\/it\/wp-json\/wp\/v2\/posts\/44703\" class=\"qtranxs-available-language-link qtranxs-available-language-link-it\" title=\"Italiano\">Italiano<\/a>.<\/p><p><strong>SUMMER PLAYS<\/strong><\/p>\n<p><strong>Sere d\u2019estate al Teatro Carignano<\/strong><\/p>\n<p><strong>15 giugno \u2013 13 settembre 2020<\/strong><\/p>\n<p><strong>Rassegna organizzata da <\/strong><strong>Teatro Stabile di Torino &#8211; Teatro Nazionale e TPE &#8211; Teatro Piemonte Europa<\/strong><\/p>\n<p><strong>\u00a0<\/strong><\/p>\n<p>Al Teatro Carignano di Torino venerd\u00ec 21 agosto 2020, alle ore 21.00, va in scena: <strong>PICCOLA SOCIET\u00c0 DISOCCUPATA <\/strong>di R\u00e9mi De Vos, con Ture Magro, Barbara Mazzi, Beppe Rosso diretti da Beppe Rosso. Lo spettacolo, prodotto da ACTI Teatri Indipendenti, \u00e8 inserito nella rassegna <strong>SUMMER PLAYS. <\/strong><strong>Sere d\u2019estate al Teatro Carignano<\/strong> organizzata dal Teatro Stabile di Torino e da TPE \u2013 Teatro Piemonte Europa e sar\u00e0 replicato al Carignano il 22 e il 23 agosto 2020.<\/p>\n<p>Tre attori di diversa generazione formano una \u201cpiccola societ\u00e0 disoccupata\u201d interpretando vari ruoli in un gioco cinico ed esilarante; sono personaggi che si dibattono in una lotta senza esclusione di colpi per conservare o trovare lavoro, una lotta del tutti contro tutti, in cui non mancano slanci d\u2019amore, ingenuit\u00e0 e momenti di grande illusione. Un mondo dove \u00e8 evidente la fragilit\u00e0 individuale che di volta in volta si trasforma in astuzia o in follia solitaria. Astuzia e follia che sono anche strategie di sopravvivenza in una commedia contemporanea dove ogni scena apparentemente reale attraverso lo humour e il paradosso viene portata ad estreme conseguenze tragicomiche. Il testo di R\u00e9mi De Vos propone un calembour di situazioni con al centro il conflitto generazionale che intercorre tra giovani ed anziani nell\u2019affrontare l\u2019attuale trasformazione dell\u2019uomo in rapporto al lavoro. Situazioni legate da un filo rosso che nell\u2019insieme ricostruiscono la \u201ccommedia\u201d del mondo del lavoro in questa societ\u00e0 postindustriale. Una Piccola Societ\u00e0 Disoccupata che rispecchia passato e futuro e cosa avviene in una societ\u00e0 fondata sul lavoro quando il lavoro viene a mancare. Dove porter\u00e0 questa rivoluzione, condurr\u00e0 alla societ\u00e0 della disoccupazione o a quella del tempo libero? Evidenti le diverse risposte che le generazioni ancora attive ne danno ed evidente \u00e8 il conflitto strisciante che le contrappone. Immersi dentro un mondo in cui tutto \u00e8 mercato, in un vortice di mutazioni sociali dominato da algoritmi e indagini statistiche dove la realt\u00e0 \u00e8 dominata dal paradosso. Il teatro, mestiere antico e lento, pu\u00f2 tentare di fermare un attimo questo vortice e riportare al centro l\u2019uomo, le sue paure, le contraddizioni, le fragilit\u00e0 e i paradossi che incontra sulla strada del lavoro, trasformando la complessit\u00e0 del momento in puro gioco teatrale.<\/p>\n<p>&nbsp;<\/p>\n<p><a href=\"http:\/\/www.teatrostabiletorino.it\/wp-content\/uploads\/2020\/08\/01_CS_PICCOLA-SOCIET\u00c0-DISOCCUPATA_SUMMER-PLAYS.pdf\" target=\"_blank\" rel=\"noopener\">Comunicato stampa<\/a><\/p>\n\n\t\t<style type=\"text\/css\">\n\t\t\t#gallery-1 {\n\t\t\t\tmargin: auto;\n\t\t\t}\n\t\t\t#gallery-1 .gallery-item {\n\t\t\t\tfloat: left;\n\t\t\t\tmargin-top: 10px;\n\t\t\t\ttext-align: center;\n\t\t\t\twidth: 20%;\n\t\t\t}\n\t\t\t#gallery-1 img {\n\t\t\t\tborder: 2px solid #cfcfcf;\n\t\t\t}\n\t\t\t#gallery-1 .gallery-caption {\n\t\t\t\tmargin-left: 0;\n\t\t\t}\n\t\t\t\/* see gallery_shortcode() in wp-includes\/media.php *\/\n\t\t<\/style>\n\t\t<div id='gallery-1' class='gallery galleryid-44703 gallery-columns-5 gallery-size-thumbnail'><dl class='gallery-item'>\n\t\t\t<dt class='gallery-icon landscape'>\n\t\t\t\t<a data-rel=\"iLightbox[postimages]\" data-title=\"Piccola Societ\u00e0 Disoccupata 1\" data-caption=\"\" href='https:\/\/www.teatrostabiletorino.it\/wp-content\/uploads\/2020\/08\/Piccola-Societ\u00e0-Disoccupata-1.jpg'><img decoding=\"async\" width=\"150\" height=\"150\" src=\"https:\/\/www.teatrostabiletorino.it\/wp-content\/uploads\/2020\/08\/Piccola-Societ\u00e0-Disoccupata-1-150x150.jpg\" class=\"attachment-thumbnail size-thumbnail lazyload\" alt=\"\" srcset=\"data:image\/svg+xml,%3Csvg%20xmlns%3D%27http%3A%2F%2Fwww.w3.org%2F2000%2Fsvg%27%20width%3D%271024%27%20height%3D%27683%27%20viewBox%3D%270%200%201024%20683%27%3E%3Crect%20width%3D%271024%27%20height%3D%27683%27%20fill-opacity%3D%220%22%2F%3E%3C%2Fsvg%3E\" data-orig-src=\"https:\/\/www.teatrostabiletorino.it\/wp-content\/uploads\/2020\/08\/Piccola-Societ\u00e0-Disoccupata-1-150x150.jpg\" data-srcset=\"https:\/\/www.teatrostabiletorino.it\/wp-content\/uploads\/2020\/08\/Piccola-Societ\u00e0-Disoccupata-1-66x66.jpg 66w, https:\/\/www.teatrostabiletorino.it\/wp-content\/uploads\/2020\/08\/Piccola-Societ\u00e0-Disoccupata-1-150x150.jpg 150w\" data-sizes=\"auto\" \/><\/a>\n\t\t\t<\/dt><\/dl><dl class='gallery-item'>\n\t\t\t<dt class='gallery-icon landscape'>\n\t\t\t\t<a data-rel=\"iLightbox[postimages]\" data-title=\"Piccola Societ\u00e0 Disoccupata 2\" data-caption=\"\" href='https:\/\/www.teatrostabiletorino.it\/wp-content\/uploads\/2020\/08\/Piccola-Societ\u00e0-Disoccupata-2.jpg'><img decoding=\"async\" width=\"150\" height=\"150\" src=\"https:\/\/www.teatrostabiletorino.it\/wp-content\/uploads\/2020\/08\/Piccola-Societ\u00e0-Disoccupata-2-150x150.jpg\" class=\"attachment-thumbnail size-thumbnail lazyload\" alt=\"\" srcset=\"data:image\/svg+xml,%3Csvg%20xmlns%3D%27http%3A%2F%2Fwww.w3.org%2F2000%2Fsvg%27%20width%3D%271024%27%20height%3D%27683%27%20viewBox%3D%270%200%201024%20683%27%3E%3Crect%20width%3D%271024%27%20height%3D%27683%27%20fill-opacity%3D%220%22%2F%3E%3C%2Fsvg%3E\" data-orig-src=\"https:\/\/www.teatrostabiletorino.it\/wp-content\/uploads\/2020\/08\/Piccola-Societ\u00e0-Disoccupata-2-150x150.jpg\" data-srcset=\"https:\/\/www.teatrostabiletorino.it\/wp-content\/uploads\/2020\/08\/Piccola-Societ\u00e0-Disoccupata-2-66x66.jpg 66w, https:\/\/www.teatrostabiletorino.it\/wp-content\/uploads\/2020\/08\/Piccola-Societ\u00e0-Disoccupata-2-150x150.jpg 150w\" data-sizes=\"auto\" \/><\/a>\n\t\t\t<\/dt><\/dl><dl class='gallery-item'>\n\t\t\t<dt class='gallery-icon landscape'>\n\t\t\t\t<a data-rel=\"iLightbox[postimages]\" data-title=\"Piccola Societ\u00e0 Disoccupata 3\" data-caption=\"\" href='https:\/\/www.teatrostabiletorino.it\/wp-content\/uploads\/2020\/08\/Piccola-Societ\u00e0-Disoccupata-3.jpg'><img decoding=\"async\" width=\"150\" height=\"150\" src=\"https:\/\/www.teatrostabiletorino.it\/wp-content\/uploads\/2020\/08\/Piccola-Societ\u00e0-Disoccupata-3-150x150.jpg\" class=\"attachment-thumbnail size-thumbnail lazyload\" alt=\"\" srcset=\"data:image\/svg+xml,%3Csvg%20xmlns%3D%27http%3A%2F%2Fwww.w3.org%2F2000%2Fsvg%27%20width%3D%271346%27%20height%3D%27897%27%20viewBox%3D%270%200%201346%20897%27%3E%3Crect%20width%3D%271346%27%20height%3D%27897%27%20fill-opacity%3D%220%22%2F%3E%3C%2Fsvg%3E\" data-orig-src=\"https:\/\/www.teatrostabiletorino.it\/wp-content\/uploads\/2020\/08\/Piccola-Societ\u00e0-Disoccupata-3-150x150.jpg\" data-srcset=\"https:\/\/www.teatrostabiletorino.it\/wp-content\/uploads\/2020\/08\/Piccola-Societ\u00e0-Disoccupata-3-66x66.jpg 66w, https:\/\/www.teatrostabiletorino.it\/wp-content\/uploads\/2020\/08\/Piccola-Societ\u00e0-Disoccupata-3-150x150.jpg 150w\" data-sizes=\"auto\" \/><\/a>\n\t\t\t<\/dt><\/dl>\n\t\t\t<br style='clear: both' \/>\n\t\t<\/div>\n\n<p>&nbsp;<\/p>","protected":false},"excerpt":{"rendered":"<p>Sorry, this entry is only available in Italiano.SUMMER PLAYS Sere d\u2019estate al Teatro Carignano 15 <a href=\"https:\/\/www.teatrostabiletorino.it\/en\/nellambito-della-rassegna-estiva-summer-plays-debutta-piccola-societa-disoccupata-di-remi-de-vos-con-la-regia-di-beppe-rosso-teatro-carignano-dal-21-al-2\/\"> [+]<\/a><\/p>\n","protected":false},"author":2,"featured_media":44705,"comment_status":"open","ping_status":"open","sticky":false,"template":"","format":"standard","meta":{"_acf_changed":false,"footnotes":""},"categories":[103],"tags":[],"acf":[],"_links":{"self":[{"href":"https:\/\/www.teatrostabiletorino.it\/en\/wp-json\/wp\/v2\/posts\/44703"}],"collection":[{"href":"https:\/\/www.teatrostabiletorino.it\/en\/wp-json\/wp\/v2\/posts"}],"about":[{"href":"https:\/\/www.teatrostabiletorino.it\/en\/wp-json\/wp\/v2\/types\/post"}],"author":[{"embeddable":true,"href":"https:\/\/www.teatrostabiletorino.it\/en\/wp-json\/wp\/v2\/users\/2"}],"replies":[{"embeddable":true,"href":"https:\/\/www.teatrostabiletorino.it\/en\/wp-json\/wp\/v2\/comments?post=44703"}],"version-history":[{"count":0,"href":"https:\/\/www.teatrostabiletorino.it\/en\/wp-json\/wp\/v2\/posts\/44703\/revisions"}],"wp:featuredmedia":[{"embeddable":true,"href":"https:\/\/www.teatrostabiletorino.it\/en\/wp-json\/wp\/v2\/media\/44705"}],"wp:attachment":[{"href":"https:\/\/www.teatrostabiletorino.it\/en\/wp-json\/wp\/v2\/media?parent=44703"}],"wp:term":[{"taxonomy":"category","embeddable":true,"href":"https:\/\/www.teatrostabiletorino.it\/en\/wp-json\/wp\/v2\/categories?post=44703"},{"taxonomy":"post_tag","embeddable":true,"href":"https:\/\/www.teatrostabiletorino.it\/en\/wp-json\/wp\/v2\/tags?post=44703"}],"curies":[{"name":"wp","href":"https:\/\/api.w.org\/{rel}","templated":true}]}}