{"id":44709,"date":"2020-08-05T12:40:00","date_gmt":"2020-08-05T10:40:00","guid":{"rendered":"https:\/\/www.teatrostabiletorino.it\/?p=44709"},"modified":"2020-09-14T11:22:41","modified_gmt":"2020-09-14T09:22:41","slug":"summer-plays-festival-delle-colline-torinesi_debutta-al-teatro-carignano-il-25-agosto-guarda-come-nevica-3-i-sentimenti-del-maiale-scritto-diretto-e-interpretato-da-licia-lanera","status":"publish","type":"post","link":"https:\/\/www.teatrostabiletorino.it\/en\/summer-plays-festival-delle-colline-torinesi_debutta-al-teatro-carignano-il-25-agosto-guarda-come-nevica-3-i-sentimenti-del-maiale-scritto-diretto-e-interpretato-da-licia-lanera\/","title":{"rendered":"SUMMER PLAYS &#8211; FESTIVAL DELLE COLLINE TORINESI_DEBUTTA AL TEATRO CARIGNANO IL 25 AGOSTO \u201cGUARDA COME NEVICA 3. I SENTIMENTI DEL MAIALE\u201d SCRITTO, DIRETTO E INTERPRETATO DA LICIA LANERA"},"content":{"rendered":"<p class=\"qtranxs-available-languages-message qtranxs-available-languages-message-en\">Sorry, this entry is only available in <a href=\"https:\/\/www.teatrostabiletorino.it\/it\/wp-json\/wp\/v2\/posts\/44709\" class=\"qtranxs-available-language-link qtranxs-available-language-link-it\" title=\"Italiano\">Italiano<\/a>.<\/p><p><strong>SUMMER PLAYS &#8211; FESTIVAL DELLE COLLINE TORINESI<\/strong><\/p>\n<p><strong>Sere d\u2019estate al Teatro Carignano<\/strong><\/p>\n<p><strong>15 giugno \u2013 13 settembre 2020<\/strong><\/p>\n<p><strong>\u00a0<\/strong><\/p>\n<p><strong>DEBUTTA AL TEATRO CARIGNANO IL 25 AGOSTO \u201cGUARDA COME NEVICA 3. I SENTIMENTI DEL MAIALE\u201d SCRITTO, DIRETTO E INTERPRETATO DA LICIA LANERA<\/strong><\/p>\n<p>&nbsp;<\/p>\n<p>Al Teatro Carignano di Torino, marted\u00ec 25 agosto 2020, ore 21.00, debutta in <em>prima assoluta <\/em><strong>Guarda come nevica 3. I SENTIMENTI DEL MAIALE <\/strong>scritto e diretto da Licia Lanera e interpretato da Licia Lanera con Danilo Giuva. In scena con loro i musicisti Dario Bissanti (chitarra e voce), Giorgio Cardone (batteria), Nico Morde Crumor (basso). Lo spettacolo, coprodotto da Compagnia Licia Lanera, TPE &#8211; Teatro Piemonte Europa, Festival delle Colline Torinesi, sar\u00e0 replicato al Carignano fino al 27 agosto, nell\u2019ambito della rassegna <strong>SUMMER PLAYS. <\/strong><strong>Sere d\u2019estate al Teatro Carignano<\/strong> organizzata dal Teatro Stabile di Torino e da TPE &#8211; Teatro Piemonte Europa. <strong>Guarda come nevica 3. I SENTIMENTI DEL MAIALE<\/strong> \u00e8 il primo degli undici spettacoli dal vivo che compongono il cartellone del 25\u00b0 Festival delle Colline Torinesi &#8211; diretto da Sergio Ariotti e Isabella Lagattolla &#8211; che quest\u2019anno, a causa dell\u2019epidemia, si svolger\u00e0 in una forma inedita con appuntamenti distribuiti lungo un anno, dal 25 agosto 2020 alla primavera 2021.<\/p>\n<p>&nbsp;<\/p>\n<p><em>\u201cIo e il mio cuore nemmeno una volta fino a maggio siamo vissuti,<\/em><\/p>\n<p><em>e nella vita passata<\/em><\/p>\n<p><em>c&#8217;\u00e8 soltanto il centesimo aprile\u201d<\/em><\/p>\n<p><em>\u00a0<\/em><\/p>\n<p>\u00ab<em>I sentimenti del maiale<\/em>&#8211; scrive la Compagnia &#8211; \u00e8 l&#8217;ultimo spettacolo della trilogia <em>Guarda come nevica<\/em>, che ha cominciato il suo percorso nel 2018 con <em>Cuore di cane<\/em>, proseguendo poi nel 2019 con <em>Il Gabbiano<\/em>. Dopo aver affrontato il romanzo e la drammaturgia con Bulgakov e Cechov, ne<em>I sentimenti del maiale<\/em> Licia Lanera approccia l\u2019opera di Vladimir Majakovskij. La neve non cade pi\u00f9, \u00e8 gi\u00e0 caduta, e una spessa coltre bianca ricopre il palcoscenico. Nella neve c&#8217;\u00e8 un divano, una rock band, un maiale appeso per le zampe che appena macellato, cola sangue, e due attori: Licia e Danilo. <em>I sentimenti del maiale<\/em> \u00e8 un ironico simposio sul tema del suicidio, dell&#8217;arte e dell&#8217;isolamento. \u00c8 aprile, fuori esplode la primavera, ma i due sono chiusi in una stanza a leggere, a parlare, a giocare a recitare. A fare le prove. Di uno spettacolo o del loro suicidio. Uno spettacolo che non si compie mai, in cui la morte di Majakovskij si fonde a quella di Ian Curtis e di un qualunque maiale. Licia Lanera si concentra sull&#8217;icona dell&#8217;artista maledetto, i suoi tumulti interiori, i suoi amori prepotenti, la paura di invecchiare, la sfida con la morte, l&#8217;orrore per la solitudine\u00bb.<\/p>\n<p>&nbsp;<\/p>\n<p><strong>Licia Lanera<\/strong><\/p>\n<p>Regista e attrice, studia al CUT dell\u2019Universit\u00e0 di Bari e continua a formarsi con Carlo Formigoni, Ricci\/Forte, Massimo Verdastro, Marco Sgrosso, E. Nekrosius e Luca Ronconi. Nel 2006 fonda a Bari la compagnia Fibre Parallele assieme a Riccardo Spagnulo con cui realizza come regista e attrice <em>Mangiami l\u2019anima e poi sputala <\/em>(2007), <em>2. (due) <\/em>(2008, premio FIT l\u2019Altrofestival &#8211; Lugano), <em>Furie de Sanghe &#8211; Emorragia Cerebrale <\/em>(2009 &#8211; Nuove Sensibilit\u00e0 &#8211; ETI), rappresentato in Francia, Belgio e Macedonia, <em>Duramadre <\/em>(2011) ispirato a <em>La Ginestra <\/em>di G. Leopardi, <em>Lo splendore dei supplizi<\/em> (2013), <em>La beatitudine<\/em> (2015). Nel 2011 vince il Premio Landieri come miglior attrice italiana giovane.<\/p>\n<p>Nel 2012 studia con Luca Ronconi alla Biennale Teatro Venezia e porta in scena uno studio tratto da <em>Questa sera si recita a soggetto<\/em>.<\/p>\n<p>Nel 2014 recita nella <em>Celestina <\/em>di F. De Rojas, regia di Ronconi; \u00e8 invitata dal MiBACT a partecipare a un masterclass europeo sulla regia teatrale nell\u2019ambito del Festival di Avignone. Ad Ottobre dello stesso anno dirige <em>Blue Bird Bukowski <\/em>per il Teatro Abeliano di Bari. Nel 2014 vince il Premio Eleonora Duse, il Premio Virginia Reiter e il Premio UBU come migliore attrice italiana under 35. Con la produzione di Fibre Parallele, Lanera dirige e interpreta nel 2016 <em>Orgia<\/em> di Pier Paolo Pasolini e nel 2017 <em>The Black\u2019sTales Tour<\/em>, sua prima drammaturgia.<\/p>\n<p>Nel 2018, per identificare le sue pi\u00f9 recenti creazioni e produzioni artistiche, Fibre Parallele cambia nome in Compagnia Licia Lanera. A marzo 2018 Lanera \u00e8 docente presso \u201cLa scuola per attori\u201d del Teatro Stabile di Torino per cui cura la regia dello spettacolo conclusivo dei diplomati dell\u2019accademia, che debutta in occasione del Festival delle Colline Torinesi nel mese di giugno dello stesso anno.<\/p>\n<p>Nel mese di ottobre 2018 Lanera dirige e interpreta <em>Guarda come nevica 1. Cuore di Cane<\/em> di Michail Bulgakov, primo spettacolo della trilogia \u201c<em>Guarda come nevica<\/em>\u201d dedicata ad autori russi e con il quale \u00e8 stata candidata al Premio Ubu come miglior attrice nel 2019. Nel mese di novembre del 2019 ha debuttato il secondo episodio \u201c<em>Il Gabbiano<\/em>\u201d di Anton Cechov al Teatro Petruzzelli di Bari. Un anno importante il 2019 che ha visto la citt\u00e0 di Bari affidare a Licia Lanera la regia degli spettacoli di prosa per l&#8217;evento di riapertura dello storico Teatro Piccinni.<\/p>\n<p><a href=\"http:\/\/www.teatrostabiletorino.it\/wp-content\/uploads\/2020\/08\/01_CS_Guarda-come-nevica-3.pdf\" target=\"_blank\" rel=\"noopener\">Comunicato stampa<\/a><\/p>\n<p>\n\t\t<style type=\"text\/css\">\n\t\t\t#gallery-1 {\n\t\t\t\tmargin: auto;\n\t\t\t}\n\t\t\t#gallery-1 .gallery-item {\n\t\t\t\tfloat: left;\n\t\t\t\tmargin-top: 10px;\n\t\t\t\ttext-align: center;\n\t\t\t\twidth: 20%;\n\t\t\t}\n\t\t\t#gallery-1 img {\n\t\t\t\tborder: 2px solid #cfcfcf;\n\t\t\t}\n\t\t\t#gallery-1 .gallery-caption {\n\t\t\t\tmargin-left: 0;\n\t\t\t}\n\t\t\t\/* see gallery_shortcode() in wp-includes\/media.php *\/\n\t\t<\/style>\n\t\t<div id='gallery-1' class='gallery galleryid-44709 gallery-columns-5 gallery-size-thumbnail'><dl class='gallery-item'>\n\t\t\t<dt class='gallery-icon landscape'>\n\t\t\t\t<a data-rel=\"iLightbox[postimages]\" data-title=\"IMG_3653\" data-caption=\"\" href='https:\/\/www.teatrostabiletorino.it\/wp-content\/uploads\/2020\/08\/IMG_3653.jpg'><img decoding=\"async\" width=\"150\" height=\"150\" src=\"https:\/\/www.teatrostabiletorino.it\/wp-content\/uploads\/2020\/08\/IMG_3653-150x150.jpg\" class=\"attachment-thumbnail size-thumbnail lazyload\" alt=\"\" srcset=\"data:image\/svg+xml,%3Csvg%20xmlns%3D%27http%3A%2F%2Fwww.w3.org%2F2000%2Fsvg%27%20width%3D%272126%27%20height%3D%271444%27%20viewBox%3D%270%200%202126%201444%27%3E%3Crect%20width%3D%272126%27%20height%3D%271444%27%20fill-opacity%3D%220%22%2F%3E%3C%2Fsvg%3E\" data-orig-src=\"https:\/\/www.teatrostabiletorino.it\/wp-content\/uploads\/2020\/08\/IMG_3653-150x150.jpg\" data-srcset=\"https:\/\/www.teatrostabiletorino.it\/wp-content\/uploads\/2020\/08\/IMG_3653-66x66.jpg 66w, https:\/\/www.teatrostabiletorino.it\/wp-content\/uploads\/2020\/08\/IMG_3653-150x150.jpg 150w\" data-sizes=\"auto\" \/><\/a>\n\t\t\t<\/dt><\/dl><dl class='gallery-item'>\n\t\t\t<dt class='gallery-icon landscape'>\n\t\t\t\t<a data-rel=\"iLightbox[postimages]\" data-title=\"IMG_3077\" data-caption=\"\" href='https:\/\/www.teatrostabiletorino.it\/wp-content\/uploads\/2020\/08\/IMG_3077.jpg'><img decoding=\"async\" width=\"150\" height=\"150\" src=\"https:\/\/www.teatrostabiletorino.it\/wp-content\/uploads\/2020\/08\/IMG_3077-150x150.jpg\" class=\"attachment-thumbnail size-thumbnail lazyload\" alt=\"\" srcset=\"data:image\/svg+xml,%3Csvg%20xmlns%3D%27http%3A%2F%2Fwww.w3.org%2F2000%2Fsvg%27%20width%3D%272126%27%20height%3D%271417%27%20viewBox%3D%270%200%202126%201417%27%3E%3Crect%20width%3D%272126%27%20height%3D%271417%27%20fill-opacity%3D%220%22%2F%3E%3C%2Fsvg%3E\" data-orig-src=\"https:\/\/www.teatrostabiletorino.it\/wp-content\/uploads\/2020\/08\/IMG_3077-150x150.jpg\" data-srcset=\"https:\/\/www.teatrostabiletorino.it\/wp-content\/uploads\/2020\/08\/IMG_3077-66x66.jpg 66w, https:\/\/www.teatrostabiletorino.it\/wp-content\/uploads\/2020\/08\/IMG_3077-150x150.jpg 150w\" data-sizes=\"auto\" \/><\/a>\n\t\t\t<\/dt><\/dl><dl class='gallery-item'>\n\t\t\t<dt class='gallery-icon landscape'>\n\t\t\t\t<a data-rel=\"iLightbox[postimages]\" data-title=\"IMG_2830\" data-caption=\"\" href='https:\/\/www.teatrostabiletorino.it\/wp-content\/uploads\/2020\/08\/IMG_2830.jpg'><img decoding=\"async\" width=\"150\" height=\"150\" src=\"https:\/\/www.teatrostabiletorino.it\/wp-content\/uploads\/2020\/08\/IMG_2830-150x150.jpg\" class=\"attachment-thumbnail size-thumbnail lazyload\" alt=\"\" srcset=\"data:image\/svg+xml,%3Csvg%20xmlns%3D%27http%3A%2F%2Fwww.w3.org%2F2000%2Fsvg%27%20width%3D%272126%27%20height%3D%271433%27%20viewBox%3D%270%200%202126%201433%27%3E%3Crect%20width%3D%272126%27%20height%3D%271433%27%20fill-opacity%3D%220%22%2F%3E%3C%2Fsvg%3E\" data-orig-src=\"https:\/\/www.teatrostabiletorino.it\/wp-content\/uploads\/2020\/08\/IMG_2830-150x150.jpg\" data-srcset=\"https:\/\/www.teatrostabiletorino.it\/wp-content\/uploads\/2020\/08\/IMG_2830-66x66.jpg 66w, https:\/\/www.teatrostabiletorino.it\/wp-content\/uploads\/2020\/08\/IMG_2830-150x150.jpg 150w\" data-sizes=\"auto\" \/><\/a>\n\t\t\t<\/dt><\/dl><dl class='gallery-item'>\n\t\t\t<dt class='gallery-icon landscape'>\n\t\t\t\t<a data-rel=\"iLightbox[postimages]\" data-title=\"1_Licia Lanera_ph Luigi Laselva\" data-caption=\"Licia Laneraph Luigi Laselva\" href='https:\/\/www.teatrostabiletorino.it\/wp-content\/uploads\/2020\/08\/1_Licia-Lanera_ph-Luigi-Laselva.jpg'><img decoding=\"async\" width=\"150\" height=\"150\" src=\"https:\/\/www.teatrostabiletorino.it\/wp-content\/uploads\/2020\/08\/1_Licia-Lanera_ph-Luigi-Laselva-150x150.jpg\" class=\"attachment-thumbnail size-thumbnail lazyload\" alt=\"\" aria-describedby=\"gallery-1-44714\" srcset=\"data:image\/svg+xml,%3Csvg%20xmlns%3D%27http%3A%2F%2Fwww.w3.org%2F2000%2Fsvg%27%20width%3D%271772%27%20height%3D%271181%27%20viewBox%3D%270%200%201772%201181%27%3E%3Crect%20width%3D%271772%27%20height%3D%271181%27%20fill-opacity%3D%220%22%2F%3E%3C%2Fsvg%3E\" data-orig-src=\"https:\/\/www.teatrostabiletorino.it\/wp-content\/uploads\/2020\/08\/1_Licia-Lanera_ph-Luigi-Laselva-150x150.jpg\" data-srcset=\"https:\/\/www.teatrostabiletorino.it\/wp-content\/uploads\/2020\/08\/1_Licia-Lanera_ph-Luigi-Laselva-66x66.jpg 66w, https:\/\/www.teatrostabiletorino.it\/wp-content\/uploads\/2020\/08\/1_Licia-Lanera_ph-Luigi-Laselva-150x150.jpg 150w\" data-sizes=\"auto\" \/><\/a>\n\t\t\t<\/dt>\n\t\t\t\t<dd class='wp-caption-text gallery-caption' id='gallery-1-44714'>\n\t\t\t\tLicia Lanera<br>ph Luigi Laselva\n\t\t\t\t<\/dd><\/dl><dl class='gallery-item'>\n\t\t\t<dt class='gallery-icon portrait'>\n\t\t\t\t<a data-rel=\"iLightbox[postimages]\" data-title=\"2_Licia Lanera_ph Assunta Simone (1)\" data-caption=\"Licia Laneraph Assunta Simone\" href='https:\/\/www.teatrostabiletorino.it\/wp-content\/uploads\/2020\/08\/2_Licia-Lanera_ph-Assunta-Simone-1.jpg'><img decoding=\"async\" width=\"150\" height=\"150\" src=\"https:\/\/www.teatrostabiletorino.it\/wp-content\/uploads\/2020\/08\/2_Licia-Lanera_ph-Assunta-Simone-1-150x150.jpg\" class=\"attachment-thumbnail size-thumbnail lazyload\" alt=\"\" aria-describedby=\"gallery-1-44715\" srcset=\"data:image\/svg+xml,%3Csvg%20xmlns%3D%27http%3A%2F%2Fwww.w3.org%2F2000%2Fsvg%27%20width%3D%271572%27%20height%3D%272362%27%20viewBox%3D%270%200%201572%202362%27%3E%3Crect%20width%3D%271572%27%20height%3D%272362%27%20fill-opacity%3D%220%22%2F%3E%3C%2Fsvg%3E\" data-orig-src=\"https:\/\/www.teatrostabiletorino.it\/wp-content\/uploads\/2020\/08\/2_Licia-Lanera_ph-Assunta-Simone-1-150x150.jpg\" data-srcset=\"https:\/\/www.teatrostabiletorino.it\/wp-content\/uploads\/2020\/08\/2_Licia-Lanera_ph-Assunta-Simone-1-66x66.jpg 66w, https:\/\/www.teatrostabiletorino.it\/wp-content\/uploads\/2020\/08\/2_Licia-Lanera_ph-Assunta-Simone-1-150x150.jpg 150w\" data-sizes=\"auto\" \/><\/a>\n\t\t\t<\/dt>\n\t\t\t\t<dd class='wp-caption-text gallery-caption' id='gallery-1-44715'>\n\t\t\t\tLicia Lanera<br>ph Assunta Simone\n\t\t\t\t<\/dd><\/dl><br style=\"clear: both\" \/>\n\t\t<\/div>\n<\/p>","protected":false},"excerpt":{"rendered":"<p>Sorry, this entry is only available in Italiano.SUMMER PLAYS &#8211; FESTIVAL DELLE COLLINE TORINESI Sere <a href=\"https:\/\/www.teatrostabiletorino.it\/en\/summer-plays-festival-delle-colline-torinesi_debutta-al-teatro-carignano-il-25-agosto-guarda-come-nevica-3-i-sentimenti-del-maiale-scritto-diretto-e-interpretato-da-licia-lanera\/\"> [+]<\/a><\/p>\n","protected":false},"author":2,"featured_media":44712,"comment_status":"open","ping_status":"open","sticky":false,"template":"","format":"standard","meta":{"_acf_changed":false,"footnotes":""},"categories":[103],"tags":[],"acf":[],"_links":{"self":[{"href":"https:\/\/www.teatrostabiletorino.it\/en\/wp-json\/wp\/v2\/posts\/44709"}],"collection":[{"href":"https:\/\/www.teatrostabiletorino.it\/en\/wp-json\/wp\/v2\/posts"}],"about":[{"href":"https:\/\/www.teatrostabiletorino.it\/en\/wp-json\/wp\/v2\/types\/post"}],"author":[{"embeddable":true,"href":"https:\/\/www.teatrostabiletorino.it\/en\/wp-json\/wp\/v2\/users\/2"}],"replies":[{"embeddable":true,"href":"https:\/\/www.teatrostabiletorino.it\/en\/wp-json\/wp\/v2\/comments?post=44709"}],"version-history":[{"count":0,"href":"https:\/\/www.teatrostabiletorino.it\/en\/wp-json\/wp\/v2\/posts\/44709\/revisions"}],"wp:featuredmedia":[{"embeddable":true,"href":"https:\/\/www.teatrostabiletorino.it\/en\/wp-json\/wp\/v2\/media\/44712"}],"wp:attachment":[{"href":"https:\/\/www.teatrostabiletorino.it\/en\/wp-json\/wp\/v2\/media?parent=44709"}],"wp:term":[{"taxonomy":"category","embeddable":true,"href":"https:\/\/www.teatrostabiletorino.it\/en\/wp-json\/wp\/v2\/categories?post=44709"},{"taxonomy":"post_tag","embeddable":true,"href":"https:\/\/www.teatrostabiletorino.it\/en\/wp-json\/wp\/v2\/tags?post=44709"}],"curies":[{"name":"wp","href":"https:\/\/api.w.org\/{rel}","templated":true}]}}