{"id":48827,"date":"2021-06-07T15:02:18","date_gmt":"2021-06-07T13:02:18","guid":{"rendered":"https:\/\/www.teatrostabiletorino.it\/?p=48827"},"modified":"2021-06-07T15:02:18","modified_gmt":"2021-06-07T13:02:18","slug":"il-15-giugno-il-teatro-dei-gordi-debutta-al-teatro-gobetti-di-torino-con-lo-spettacolo-pandora","status":"publish","type":"post","link":"https:\/\/www.teatrostabiletorino.it\/en\/il-15-giugno-il-teatro-dei-gordi-debutta-al-teatro-gobetti-di-torino-con-lo-spettacolo-pandora\/","title":{"rendered":"IL 15 GIUGNO IL TEATRO DEI GORDI DEBUTTA AL TEATRO GOBETTI DI TORINO CON LO SPETTACOLO \u201cPANDORA\u201d"},"content":{"rendered":"<p class=\"qtranxs-available-languages-message qtranxs-available-languages-message-en\">Sorry, this entry is only available in <a href=\"https:\/\/www.teatrostabiletorino.it\/it\/wp-json\/wp\/v2\/posts\/48827\" class=\"qtranxs-available-language-link qtranxs-available-language-link-it\" title=\"Italiano\">Italiano<\/a>.<\/p><p>Al Teatro Gobetti, marted\u00ec 15 giugno 2021, alle ore 19.30, va in scena <strong>PANDORA,<\/strong> nuovo allestimento ironico e senza parole del <strong>Teatro dei Gordi<\/strong>. Lo spettacolo \u00e8 ideato e diretto da R<strong>iccardo Pippa<\/strong> e interpretato da C<strong>laudia Caldarano, Cecilia Campani, Giovanni Longhin, Andrea Panigatti, Sandro Pivotti, Matteo Vitanza. Dramaturg Giulia Tollis<\/strong>, maschere e costumi di Ilaria Ariemme, scene di Anna Maddalena Cingi, disegno luci di Paolo Casati, cura del suono Luca De Marinis.<\/p>\n<p>Lo spettacolo, coprodotto da Teatro Stabile di Torino &#8211; Teatro Nazionale, Teatro Franco Parenti, Fondazione Campania dei Festival in collaborazione con Teatro dei Gordi, rester\u00e0 in scena al Teatro Gobetti fino a domenica 27 giugno.<\/p>\n<p>I Gordi sono imperdibili: un giovane collettivo che crea spettacoli ironici, suggestivi e soprattutto senza parole. In un mondo soffocato dalle chiacchiere, il silenzio \u00e8 un atto rivoluzionario.<\/p>\n<p>Un bagno in fondo a un corridoio o sotto la piazza di una citt\u00e0. Pu\u00f2 essere il bagno di un aeroporto, di un club o di una stazione di servizio. Lo attraversa un\u2019umanit\u00e0 variegata e transitoria. \u00c8 un luogo di passaggio, d\u2019attesa, d\u2019incontro tra sconosciuti, un camerino improvvisato dove fare scongiuri, nascondersi, sfogarsi. \u00c8 un covo per i demoni, un\u2019anticamera, una soglia prima di un congedo o un battesimo del fuoco. Non \u00e8 un luogo pi\u00f9 vero rispetto al fuori, \u00e8 solo un altro aspetto dell\u2019esserci; se fuori ci si deve attenere alle norme sociali, ad una prassi, al gioco, dentro si dismette qualcosa; \u00e8 uno spazio amorale, di sospensione, anche di grossa violenza e nudit\u00e0, un luogo comune dell\u2019interiorit\u00e0 dove ampliare lo spettro dell\u2019azione quotidiana oltre i limiti e le censure. Filo conduttore del percorso del Teatro dei Gordi ad oggi \u00e8 la ricerca di un linguaggio specificamente teatrale, fatto di movimento, partiture di gesti concreti, oggetti, vestiti, maschere, musica, poesia, presenza e incontro. Nel lavoro di scena ricercano sinestesie e un teatro poetico capace di emozionare e produrre immagini vive. In Pandora si amplia la ricerca sulla maschera per metterne in discussione i confini. C&#8217;\u00e8 anche qui la maschera di cartapesta, che ha caratterizzato i due spettacoli precedenti (Sulla morte senza esagerare e Visite), ma ci sono anche le maschere di tutti i giorni, come una benda o un paio di occhiali, come un&#8217;espressione o un volto.<\/p>\n<p><a href=\"http:\/\/www.teatrostabiletorino.it\/wp-content\/uploads\/2021\/06\/01_CS_Pandora_Teatro-dei-Gordi.pdf\">01_CS_Pandora_Teatro dei Gordi<\/a><\/p>\n<p>&nbsp;<\/p>\n<p>\n\t\t<style type=\"text\/css\">\n\t\t\t#gallery-1 {\n\t\t\t\tmargin: auto;\n\t\t\t}\n\t\t\t#gallery-1 .gallery-item {\n\t\t\t\tfloat: left;\n\t\t\t\tmargin-top: 10px;\n\t\t\t\ttext-align: center;\n\t\t\t\twidth: 20%;\n\t\t\t}\n\t\t\t#gallery-1 img {\n\t\t\t\tborder: 2px solid #cfcfcf;\n\t\t\t}\n\t\t\t#gallery-1 .gallery-caption {\n\t\t\t\tmargin-left: 0;\n\t\t\t}\n\t\t\t\/* see gallery_shortcode() in wp-includes\/media.php *\/\n\t\t<\/style>\n\t\t<div id='gallery-1' class='gallery galleryid-48827 gallery-columns-5 gallery-size-thumbnail'><dl class='gallery-item'>\n\t\t\t<dt class='gallery-icon landscape'>\n\t\t\t\t<a data-rel=\"iLightbox[postimages]\" data-title=\"01_Noemi Ardesi &#8211; 52-2\" data-caption=\"Pandora_ph Noemi Ardesi\" href='https:\/\/www.teatrostabiletorino.it\/wp-content\/uploads\/2021\/06\/01_Noemi-Ardesi-52-2.jpg'><img decoding=\"async\" width=\"150\" height=\"150\" src=\"https:\/\/www.teatrostabiletorino.it\/wp-content\/uploads\/2021\/06\/01_Noemi-Ardesi-52-2-150x150.jpg\" class=\"attachment-thumbnail size-thumbnail lazyload\" alt=\"\" aria-describedby=\"gallery-1-48829\" srcset=\"data:image\/svg+xml,%3Csvg%20xmlns%3D%27http%3A%2F%2Fwww.w3.org%2F2000%2Fsvg%27%20width%3D%272126%27%20height%3D%271594%27%20viewBox%3D%270%200%202126%201594%27%3E%3Crect%20width%3D%272126%27%20height%3D%271594%27%20fill-opacity%3D%220%22%2F%3E%3C%2Fsvg%3E\" data-orig-src=\"https:\/\/www.teatrostabiletorino.it\/wp-content\/uploads\/2021\/06\/01_Noemi-Ardesi-52-2-150x150.jpg\" data-srcset=\"https:\/\/www.teatrostabiletorino.it\/wp-content\/uploads\/2021\/06\/01_Noemi-Ardesi-52-2-66x66.jpg 66w, https:\/\/www.teatrostabiletorino.it\/wp-content\/uploads\/2021\/06\/01_Noemi-Ardesi-52-2-150x150.jpg 150w\" data-sizes=\"auto\" \/><\/a>\n\t\t\t<\/dt>\n\t\t\t\t<dd class='wp-caption-text gallery-caption' id='gallery-1-48829'>\n\t\t\t\tPandora_ph Noemi Ardesi\n\t\t\t\t<\/dd><\/dl><dl class='gallery-item'>\n\t\t\t<dt class='gallery-icon landscape'>\n\t\t\t\t<a data-rel=\"iLightbox[postimages]\" data-title=\"Noemi Ardesi &#8211; 04_1\" data-caption=\"Pandora_ph Noemi Ardesi\" href='https:\/\/www.teatrostabiletorino.it\/wp-content\/uploads\/2021\/06\/Noemi-Ardesi-04_1.jpg'><img decoding=\"async\" width=\"150\" height=\"150\" src=\"https:\/\/www.teatrostabiletorino.it\/wp-content\/uploads\/2021\/06\/Noemi-Ardesi-04_1-150x150.jpg\" class=\"attachment-thumbnail size-thumbnail lazyload\" alt=\"\" aria-describedby=\"gallery-1-48830\" srcset=\"data:image\/svg+xml,%3Csvg%20xmlns%3D%27http%3A%2F%2Fwww.w3.org%2F2000%2Fsvg%27%20width%3D%271772%27%20height%3D%271181%27%20viewBox%3D%270%200%201772%201181%27%3E%3Crect%20width%3D%271772%27%20height%3D%271181%27%20fill-opacity%3D%220%22%2F%3E%3C%2Fsvg%3E\" data-orig-src=\"https:\/\/www.teatrostabiletorino.it\/wp-content\/uploads\/2021\/06\/Noemi-Ardesi-04_1-150x150.jpg\" data-srcset=\"https:\/\/www.teatrostabiletorino.it\/wp-content\/uploads\/2021\/06\/Noemi-Ardesi-04_1-66x66.jpg 66w, https:\/\/www.teatrostabiletorino.it\/wp-content\/uploads\/2021\/06\/Noemi-Ardesi-04_1-150x150.jpg 150w\" data-sizes=\"auto\" \/><\/a>\n\t\t\t<\/dt>\n\t\t\t\t<dd class='wp-caption-text gallery-caption' id='gallery-1-48830'>\n\t\t\t\tPandora_ph Noemi Ardesi\n\t\t\t\t<\/dd><\/dl><dl class='gallery-item'>\n\t\t\t<dt class='gallery-icon landscape'>\n\t\t\t\t<a data-rel=\"iLightbox[postimages]\" data-title=\"Noemi Ardesi &#8211; 05_1\" data-caption=\"Pandora_ph Noemi Ardesi\" href='https:\/\/www.teatrostabiletorino.it\/wp-content\/uploads\/2021\/06\/Noemi-Ardesi-05_1.jpg'><img decoding=\"async\" width=\"150\" height=\"150\" src=\"https:\/\/www.teatrostabiletorino.it\/wp-content\/uploads\/2021\/06\/Noemi-Ardesi-05_1-150x150.jpg\" class=\"attachment-thumbnail size-thumbnail lazyload\" alt=\"\" aria-describedby=\"gallery-1-48831\" srcset=\"data:image\/svg+xml,%3Csvg%20xmlns%3D%27http%3A%2F%2Fwww.w3.org%2F2000%2Fsvg%27%20width%3D%272126%27%20height%3D%271417%27%20viewBox%3D%270%200%202126%201417%27%3E%3Crect%20width%3D%272126%27%20height%3D%271417%27%20fill-opacity%3D%220%22%2F%3E%3C%2Fsvg%3E\" data-orig-src=\"https:\/\/www.teatrostabiletorino.it\/wp-content\/uploads\/2021\/06\/Noemi-Ardesi-05_1-150x150.jpg\" data-srcset=\"https:\/\/www.teatrostabiletorino.it\/wp-content\/uploads\/2021\/06\/Noemi-Ardesi-05_1-66x66.jpg 66w, https:\/\/www.teatrostabiletorino.it\/wp-content\/uploads\/2021\/06\/Noemi-Ardesi-05_1-150x150.jpg 150w\" data-sizes=\"auto\" \/><\/a>\n\t\t\t<\/dt>\n\t\t\t\t<dd class='wp-caption-text gallery-caption' id='gallery-1-48831'>\n\t\t\t\tPandora_ph Noemi Ardesi\n\t\t\t\t<\/dd><\/dl><dl class='gallery-item'>\n\t\t\t<dt class='gallery-icon landscape'>\n\t\t\t\t<a data-rel=\"iLightbox[postimages]\" data-title=\"Noemi Ardesi &#8211; 28_1\" data-caption=\"Pandora_ph Noemi Ardesi\" href='https:\/\/www.teatrostabiletorino.it\/wp-content\/uploads\/2021\/06\/Noemi-Ardesi-28_1.jpg'><img decoding=\"async\" width=\"150\" height=\"150\" src=\"https:\/\/www.teatrostabiletorino.it\/wp-content\/uploads\/2021\/06\/Noemi-Ardesi-28_1-150x150.jpg\" class=\"attachment-thumbnail size-thumbnail lazyload\" alt=\"\" aria-describedby=\"gallery-1-48832\" srcset=\"data:image\/svg+xml,%3Csvg%20xmlns%3D%27http%3A%2F%2Fwww.w3.org%2F2000%2Fsvg%27%20width%3D%271063%27%20height%3D%27709%27%20viewBox%3D%270%200%201063%20709%27%3E%3Crect%20width%3D%271063%27%20height%3D%27709%27%20fill-opacity%3D%220%22%2F%3E%3C%2Fsvg%3E\" data-orig-src=\"https:\/\/www.teatrostabiletorino.it\/wp-content\/uploads\/2021\/06\/Noemi-Ardesi-28_1-150x150.jpg\" data-srcset=\"https:\/\/www.teatrostabiletorino.it\/wp-content\/uploads\/2021\/06\/Noemi-Ardesi-28_1-66x66.jpg 66w, https:\/\/www.teatrostabiletorino.it\/wp-content\/uploads\/2021\/06\/Noemi-Ardesi-28_1-150x150.jpg 150w\" data-sizes=\"auto\" \/><\/a>\n\t\t\t<\/dt>\n\t\t\t\t<dd class='wp-caption-text gallery-caption' id='gallery-1-48832'>\n\t\t\t\tPandora_ph Noemi Ardesi\n\t\t\t\t<\/dd><\/dl><dl class='gallery-item'>\n\t\t\t<dt class='gallery-icon landscape'>\n\t\t\t\t<a data-rel=\"iLightbox[postimages]\" data-title=\"Noemi Ardesi &#8211; 62_1\" data-caption=\"Pandora_ph Noemi Ardesi\" href='https:\/\/www.teatrostabiletorino.it\/wp-content\/uploads\/2021\/06\/Noemi-Ardesi-62_1.jpg'><img decoding=\"async\" width=\"150\" height=\"150\" src=\"https:\/\/www.teatrostabiletorino.it\/wp-content\/uploads\/2021\/06\/Noemi-Ardesi-62_1-150x150.jpg\" class=\"attachment-thumbnail size-thumbnail lazyload\" alt=\"\" aria-describedby=\"gallery-1-48833\" srcset=\"data:image\/svg+xml,%3Csvg%20xmlns%3D%27http%3A%2F%2Fwww.w3.org%2F2000%2Fsvg%27%20width%3D%272362%27%20height%3D%271772%27%20viewBox%3D%270%200%202362%201772%27%3E%3Crect%20width%3D%272362%27%20height%3D%271772%27%20fill-opacity%3D%220%22%2F%3E%3C%2Fsvg%3E\" data-orig-src=\"https:\/\/www.teatrostabiletorino.it\/wp-content\/uploads\/2021\/06\/Noemi-Ardesi-62_1-150x150.jpg\" data-srcset=\"https:\/\/www.teatrostabiletorino.it\/wp-content\/uploads\/2021\/06\/Noemi-Ardesi-62_1-66x66.jpg 66w, https:\/\/www.teatrostabiletorino.it\/wp-content\/uploads\/2021\/06\/Noemi-Ardesi-62_1-150x150.jpg 150w\" data-sizes=\"auto\" \/><\/a>\n\t\t\t<\/dt>\n\t\t\t\t<dd class='wp-caption-text gallery-caption' id='gallery-1-48833'>\n\t\t\t\tPandora_ph Noemi Ardesi\n\t\t\t\t<\/dd><\/dl><br style=\"clear: both\" \/><dl class='gallery-item'>\n\t\t\t<dt class='gallery-icon landscape'>\n\t\t\t\t<a data-rel=\"iLightbox[postimages]\" data-title=\"Noemi Ardesi &#8211; 73_1\" data-caption=\"Pandora_ph Noemi Ardesi\" href='https:\/\/www.teatrostabiletorino.it\/wp-content\/uploads\/2021\/06\/Noemi-Ardesi-73_1.jpg'><img decoding=\"async\" width=\"150\" height=\"150\" src=\"https:\/\/www.teatrostabiletorino.it\/wp-content\/uploads\/2021\/06\/Noemi-Ardesi-73_1-150x150.jpg\" class=\"attachment-thumbnail size-thumbnail lazyload\" alt=\"\" aria-describedby=\"gallery-1-48834\" srcset=\"data:image\/svg+xml,%3Csvg%20xmlns%3D%27http%3A%2F%2Fwww.w3.org%2F2000%2Fsvg%27%20width%3D%272126%27%20height%3D%271417%27%20viewBox%3D%270%200%202126%201417%27%3E%3Crect%20width%3D%272126%27%20height%3D%271417%27%20fill-opacity%3D%220%22%2F%3E%3C%2Fsvg%3E\" data-orig-src=\"https:\/\/www.teatrostabiletorino.it\/wp-content\/uploads\/2021\/06\/Noemi-Ardesi-73_1-150x150.jpg\" data-srcset=\"https:\/\/www.teatrostabiletorino.it\/wp-content\/uploads\/2021\/06\/Noemi-Ardesi-73_1-66x66.jpg 66w, https:\/\/www.teatrostabiletorino.it\/wp-content\/uploads\/2021\/06\/Noemi-Ardesi-73_1-150x150.jpg 150w\" data-sizes=\"auto\" \/><\/a>\n\t\t\t<\/dt>\n\t\t\t\t<dd class='wp-caption-text gallery-caption' id='gallery-1-48834'>\n\t\t\t\tPandora_ph Noemi Ardesi\n\t\t\t\t<\/dd><\/dl>\n\t\t\t<br style='clear: both' \/>\n\t\t<\/div>\n<\/p>","protected":false},"excerpt":{"rendered":"<p>Sorry, this entry is only available in Italiano.Al Teatro Gobetti, marted\u00ec 15 giugno 2021, alle <a href=\"https:\/\/www.teatrostabiletorino.it\/en\/il-15-giugno-il-teatro-dei-gordi-debutta-al-teatro-gobetti-di-torino-con-lo-spettacolo-pandora\/\"> [+]<\/a><\/p>\n","protected":false},"author":2,"featured_media":48829,"comment_status":"open","ping_status":"open","sticky":false,"template":"","format":"standard","meta":{"_acf_changed":false,"footnotes":""},"categories":[126],"tags":[],"acf":[],"_links":{"self":[{"href":"https:\/\/www.teatrostabiletorino.it\/en\/wp-json\/wp\/v2\/posts\/48827"}],"collection":[{"href":"https:\/\/www.teatrostabiletorino.it\/en\/wp-json\/wp\/v2\/posts"}],"about":[{"href":"https:\/\/www.teatrostabiletorino.it\/en\/wp-json\/wp\/v2\/types\/post"}],"author":[{"embeddable":true,"href":"https:\/\/www.teatrostabiletorino.it\/en\/wp-json\/wp\/v2\/users\/2"}],"replies":[{"embeddable":true,"href":"https:\/\/www.teatrostabiletorino.it\/en\/wp-json\/wp\/v2\/comments?post=48827"}],"version-history":[{"count":0,"href":"https:\/\/www.teatrostabiletorino.it\/en\/wp-json\/wp\/v2\/posts\/48827\/revisions"}],"wp:featuredmedia":[{"embeddable":true,"href":"https:\/\/www.teatrostabiletorino.it\/en\/wp-json\/wp\/v2\/media\/48829"}],"wp:attachment":[{"href":"https:\/\/www.teatrostabiletorino.it\/en\/wp-json\/wp\/v2\/media?parent=48827"}],"wp:term":[{"taxonomy":"category","embeddable":true,"href":"https:\/\/www.teatrostabiletorino.it\/en\/wp-json\/wp\/v2\/categories?post=48827"},{"taxonomy":"post_tag","embeddable":true,"href":"https:\/\/www.teatrostabiletorino.it\/en\/wp-json\/wp\/v2\/tags?post=48827"}],"curies":[{"name":"wp","href":"https:\/\/api.w.org\/{rel}","templated":true}]}}