{"id":50038,"date":"2021-10-04T09:54:17","date_gmt":"2021-10-04T07:54:17","guid":{"rendered":"https:\/\/www.teatrostabiletorino.it\/?p=50038"},"modified":"2023-05-11T10:28:58","modified_gmt":"2023-05-11T08:28:58","slug":"inaugurazione-stagione-2021-2022-del-tst-casa-di-bambola-di-henrik-ibsen-regia-filippo-dini-torino-teatro-carignano-4-ottobre-2021-prima-nazionale","status":"publish","type":"post","link":"https:\/\/www.teatrostabiletorino.it\/en\/inaugurazione-stagione-2021-2022-del-tst-casa-di-bambola-di-henrik-ibsen-regia-filippo-dini-torino-teatro-carignano-4-ottobre-2021-prima-nazionale\/","title":{"rendered":"INAUGURAZIONE STAGIONE 2021\/2022 DEL TST  \u201cCASA DI BAMBOLA\u201d DI HENRIK IBSEN, REGIA FILIPPO DINI  <br> Torino, Teatro Carignano, 4 ottobre 2021 &#8211; Prima nazionale"},"content":{"rendered":"<p class=\"qtranxs-available-languages-message qtranxs-available-languages-message-en\">Sorry, this entry is only available in <a href=\"https:\/\/www.teatrostabiletorino.it\/it\/wp-json\/wp\/v2\/posts\/50038\" class=\"qtranxs-available-language-link qtranxs-available-language-link-it\" title=\"Italiano\">Italiano<\/a>.<\/p><p>Un grande classico della drammaturgia di fine Ottocento rivisitato\u00a0in chiave moderna da uno dei registi italiani pi\u00f9 apprezzati della sua generazione. \u00c8 <strong>CASA DI BAMBOLA<\/strong> di <strong>Henrik Ibsen<\/strong> con la regia di<strong> Filippo Dini<\/strong> il titolo che inaugura <strong>in prima nazionale<\/strong> la nuova stagione del Teatro Stabile di Torino <strong>luned\u00ec 4 ottobre<\/strong>, <strong>alle 20.30, al Teatro Carignano<\/strong>. Dopo il successo di <em>Cos\u00ec \u00e8 (se vi pare)<\/em> e l\u2019allestimento di <em>The Spank<\/em>, novit\u00e0 assoluta dello scrittore Hanif Kureishi, Dini \u2013 da quest\u2019anno <strong>regista residente<\/strong> <strong>al TST fino al 2024<\/strong> \u2013 si misura con l\u2019iconico capolavoro ibseniano, firmando una rilettura inedita dello scontro di genere in casa Helmer che ribalta le regie tradizionali. Spogliando la pi\u00e8ce dalle stratificazioni femministe attribuite nel secolo scorso al personaggio di Nora, l\u2019artista genovese mette a fuoco il nucleo vivo della vicenda, cogliendo nelle ipocrisie di un\u2019esistenza coniugale solo apparentemente rispettabile quel dualismo cruciale fra uomo e donna, ancora oggi attualissimo e in gran parte tutto da risolvere. Protagonista al fianco di Dini, impegnato anche come interprete principale nel ruolo del marito Torvald Helmer, \u00e8 la Nora di <strong>Deniz \u00d6zdo\u011fan<\/strong>, talentuosa attrice di origini turche naturalizzata italiana, vincitrice di numerosi premi (fra cui il Golden Graal 2013 e l\u2019Adelaide Ristori 2018) e nota per aver collaborato pi\u00f9 volte con Valerio Binasco e la sua Popular Shakespeare Kompany. Completano il cast <strong>Orietta Notari<\/strong> (Anne Marie, bambinaia e cameriera presso gli Helmer),<strong> Andrea Di Casa<\/strong> (il procuratore legale Nils Krogstad),<strong> Eva Cambiale<\/strong> (la signora Linde) e<strong> Fulvio Pepe<\/strong> (il dottor Rank). Coprodotto dal <strong>Teatro Stabile di Torino &#8211; Teatro Nazionale <\/strong>e dal<strong> Teatro Stabile di Bolzano<\/strong>, con il sostegno dalla <strong>Fondazione CRT<\/strong>, <em>Casa di bambola<\/em> si avvale delle scene di <strong>Laura Benzi<\/strong>, delle luci di <strong>Pasquale Mari<\/strong>, dei costumi di <strong>Sandra Cardini<\/strong> e delle musiche di <strong>Arturo Annecchino<\/strong>. Aiuto regia <strong>Carlo Orlando<\/strong>. Lo spettacolo sar\u00e0 replicato al Teatro Carignano per la Stagione in abbonamento del TST fino al 31 ottobre e poi sar\u00e0 rappresentato in tourn\u00e9e nei mesi di novembre e dicembre 2021.<\/p>\n<p><strong>La serata riservata alla critica \u00e8 programmata venerd\u00ec 8 ottobre, alle ore 20.45.<\/strong><\/p>\n<p><em>\u00abIl mistero che avvolge la donna, da sempre, nella letteratura, come nella pittura e in definitiva, in tutte le arti, \u00e8 perennemente legato al giudizio dell\u2019uomo su di lei <\/em>\u2013 dichiara Filippo Dini nelle sue prime note di regia \u2013<em>. La definizione del suo mistero non la si pu\u00f2 scindere da colui che lo ha inventato e quindi dichiarato e demonizzato, ovvero l\u2019uomo. La Nora di Ibsen nasconde un segreto, che se scoperto e interpretato dalla logica maschile, rappresenterebbe una colpa\u2026 Esattamente come le necessit\u00e0 inoppugnabili di Antigone si scontravano con le leggi altrettanto inoppugnabili di Creonte, cos\u00ec i coniugi Helmer smarriscono il loro amore (o presunto tale), di fronte al reciproco mistero, incapaci di trovare una soluzione all\u2019enigma millenario che si cela tra i due sessi\u2026 Non credo nell\u2019interpretazione, molto frequente in passato, di una Nora che si libera da un marito pedante e ottuso, ma credo piuttosto in una interpretazione pi\u00f9 contemporanea di un legame che si dissolve a causa di una reciproca diffidenza, nata dall\u2019incomprensione mai risolta tra uomo e donna. La cronaca ci ha abituato alle efferatezze e alle violenze generate da questa incomprensione; i \u201cmostri\u201d di tali episodi sono sempre accolti e talvolta molto amati dalle proprie vittime. Fino a quando continueremo a chiamarli mostri e fino a quando continueremo a parlare di masochismo riferendoci alle vittime, temo continueremo a leggere terribili notizie della brutalit\u00e0 maschile sulla donna. Ibsen, con straordinario anticipo sulla storia, ci metteva in guardia in merito a ci\u00f2 che sarebbe potuto scaturire da quella mancanza di reciproca comprensione: quel vuoto fra i due sessi, quella differenza di coscienze ha generato l\u2019epoca contemporanea e ha detonato una guerra fredda disperata, caotica e spesso fatta di ottusit\u00e0, rancori, passivit\u00e0, prepotenza e fragilit\u00e0 che non sappiamo pi\u00f9 definire. Oggi sappiamo che le regole di ieri erano sbagliate, siamo chiamati a fare chiarezza, a riconoscere le nostre personali specifiche miserie.\u00bb<\/em><\/p>\n<p>Scritto nel 1879 durante un soggiorno ad Amalfi, <em>Casa di bambola<\/em> suscit\u00f2 grande indignazione al suo debutto al Teatro Reale di Copenaghen. La figura di Nora, incompresa sposa-bambina disposta a lasciare marito e figli per conquistare la propria indipendenza, non riscosse molta comprensione presso il pubblico borghese dell\u2019epoca, per il quale i vincoli del matrimonio erano sacri. Lo stesso Ibsen prese le distanze da quanti la applaudirono come un\u2019antesignana dell\u2019emancipazione femminile. In Italia <em>Casa di bambola <\/em>approd\u00f2 proprio a Torino nel 1889 come prima rappresentazione ibseniana, quando Emilia Aliprandi la propose assieme al marito Vittorio Pieri al Teatro Gerbino, gloriosa sala ottocentesca demolita nel 1905. Due anni pi\u00f9 tardi, fu Eleonora Duse ad attirare le attenzioni sul genio norvegese, suscitando le perplessit\u00e0 del pubblico e gli imbarazzi della critica con una versione milanese del dramma. Divenuto ben presto uno dei testi pi\u00f9 frequentati del Novecento, <em>Casa di bambola<\/em> resta un\u2019opera di sorprendente modernit\u00e0, che continua a parlare attraverso i secoli rinnovando il tema della fedelt\u00e0 alla vita quale assoluto morale, al di fuori del quale non esiste possibilit\u00e0 di salvezza.<\/p>\n<p>&nbsp;<\/p>\n<p><strong>Filippo Dini<\/strong> si \u00e8 formato alla Scuola di Recitazione del Teatro Stabile di Genova. Nel 1998, insieme ad Andrea Di Casa, Sergio Grossini, Fausto Paravidino e Giampiero Rappa, fonda la compagnia Gloriababbi Teatro, con cui collabora fino al 2016. Fra i principali riconoscimenti ricevuti, si annoverano il Premio Le Maschere del Teatro Italiano 2019 come Miglior regia per <em>Cos\u00ec \u00e8 (se vi pare) <\/em>prodotto dal TST, il Premio Le Maschere del Teatro Italiano 2016 come Miglior regia per <em>Ivanov<\/em>, il Premio ANCT Hystrio 2014 e il Premio Golden Graal 2013 come Migliore attore per gli spettacoli <em>Romeo e Giulietta<\/em> (regia di Valerio Binasco) e <em>Il discorso del Re <\/em>(regia di Luca Barbareschi). Filippo Dini \u00e8 stato nominato regista residente al Teatro Stabile di Torino dal 2021 al 2024.<\/p>\n<p><a href=\"http:\/\/www.teatrostabiletorino.it\/wp-content\/uploads\/2021\/09\/01_CS_Casa-di-bambola_2.pdf\" target=\"_blank\" rel=\"noopener noreferrer\">01_CS_Casa di bambola<\/a><\/p>\n<p><a href=\"https:\/\/www.teatrostabiletorino.it\/wp-content\/uploads\/2021\/07\/Casadibambola_programma.pdf\" target=\"_blank\" rel=\"noopener noreferrer\">02_programma di sala<\/a><\/p>\n<p><a href=\"https:\/\/www.dropbox.com\/sh\/qow96smfif3w5b4\/AAAP2whEWZxCoExIQVjPa8kCa?dl=0\" target=\"_blank\" rel=\"noopener noreferrer\">03_link per scaricare le fotografie<\/a><\/p>\n<p><a href=\"https:\/\/www.youtube.com\/watch?v=5cVMIu7eysA\" target=\"_blank\" rel=\"noopener noreferrer\">04_trailer dello spettacolo<\/a><\/p>\n<h3><\/h3>\n<h3>Immagine locandina_Ph Laila Pozzo<\/h3>\n\n\t\t<style type=\"text\/css\">\n\t\t\t#gallery-1 {\n\t\t\t\tmargin: auto;\n\t\t\t}\n\t\t\t#gallery-1 .gallery-item {\n\t\t\t\tfloat: left;\n\t\t\t\tmargin-top: 10px;\n\t\t\t\ttext-align: center;\n\t\t\t\twidth: 20%;\n\t\t\t}\n\t\t\t#gallery-1 img {\n\t\t\t\tborder: 2px solid #cfcfcf;\n\t\t\t}\n\t\t\t#gallery-1 .gallery-caption {\n\t\t\t\tmargin-left: 0;\n\t\t\t}\n\t\t\t\/* see gallery_shortcode() in wp-includes\/media.php *\/\n\t\t<\/style>\n\t\t<div id='gallery-1' class='gallery galleryid-50038 gallery-columns-5 gallery-size-thumbnail'><dl class='gallery-item'>\n\t\t\t<dt class='gallery-icon portrait'>\n\t\t\t\t<a data-rel=\"iLightbox[postimages]\" data-title=\"CASADIBAMBOLA_fotoLailaPozzo_A5A1913_med\" data-caption=\"\" href='https:\/\/www.teatrostabiletorino.it\/wp-content\/uploads\/2021\/10\/CASADIBAMBOLA_fotoLailaPozzo_A5A1913_med.jpg'><img decoding=\"async\" width=\"150\" height=\"150\" src=\"https:\/\/www.teatrostabiletorino.it\/wp-content\/uploads\/2021\/10\/CASADIBAMBOLA_fotoLailaPozzo_A5A1913_med-150x150.jpg\" class=\"attachment-thumbnail size-thumbnail lazyload\" alt=\"\" srcset=\"data:image\/svg+xml,%3Csvg%20xmlns%3D%27http%3A%2F%2Fwww.w3.org%2F2000%2Fsvg%27%20width%3D%271417%27%20height%3D%272126%27%20viewBox%3D%270%200%201417%202126%27%3E%3Crect%20width%3D%271417%27%20height%3D%272126%27%20fill-opacity%3D%220%22%2F%3E%3C%2Fsvg%3E\" data-orig-src=\"https:\/\/www.teatrostabiletorino.it\/wp-content\/uploads\/2021\/10\/CASADIBAMBOLA_fotoLailaPozzo_A5A1913_med-150x150.jpg\" data-srcset=\"https:\/\/www.teatrostabiletorino.it\/wp-content\/uploads\/2021\/10\/CASADIBAMBOLA_fotoLailaPozzo_A5A1913_med-66x66.jpg 66w, https:\/\/www.teatrostabiletorino.it\/wp-content\/uploads\/2021\/10\/CASADIBAMBOLA_fotoLailaPozzo_A5A1913_med-150x150.jpg 150w\" data-sizes=\"auto\" \/><\/a>\n\t\t\t<\/dt><\/dl>\n\t\t\t<br style='clear: both' \/>\n\t\t<\/div>\n\n<h2>Foto\u00a0 dello spettacolo Casa di bambola<\/h2>\n\n\t\t<style type=\"text\/css\">\n\t\t\t#gallery-2 {\n\t\t\t\tmargin: auto;\n\t\t\t}\n\t\t\t#gallery-2 .gallery-item {\n\t\t\t\tfloat: left;\n\t\t\t\tmargin-top: 10px;\n\t\t\t\ttext-align: center;\n\t\t\t\twidth: 20%;\n\t\t\t}\n\t\t\t#gallery-2 img {\n\t\t\t\tborder: 2px solid #cfcfcf;\n\t\t\t}\n\t\t\t#gallery-2 .gallery-caption {\n\t\t\t\tmargin-left: 0;\n\t\t\t}\n\t\t\t\/* see gallery_shortcode() in wp-includes\/media.php *\/\n\t\t<\/style>\n\t\t<div id='gallery-2' class='gallery galleryid-50038 gallery-columns-5 gallery-size-thumbnail'><dl class='gallery-item'>\n\t\t\t<dt class='gallery-icon landscape'>\n\t\t\t\t<a data-rel=\"iLightbox[postimages]\" data-title=\"01_Foto prove Casa di Bambola_ph Luigi De Palma_P1A0912\" data-caption=\"Deniz \u00d6zdo\u011fan, Filippo Diniph Luigi De Palma\" href='https:\/\/www.teatrostabiletorino.it\/wp-content\/uploads\/2021\/09\/01_Foto-prove-Casa-di-Bambola_ph-Luigi-De-Palma_P1A0912.jpg'><img decoding=\"async\" width=\"150\" height=\"150\" src=\"https:\/\/www.teatrostabiletorino.it\/wp-content\/uploads\/2021\/09\/01_Foto-prove-Casa-di-Bambola_ph-Luigi-De-Palma_P1A0912-150x150.jpg\" class=\"attachment-thumbnail size-thumbnail lazyload\" alt=\"\" aria-describedby=\"gallery-2-50040\" srcset=\"data:image\/svg+xml,%3Csvg%20xmlns%3D%27http%3A%2F%2Fwww.w3.org%2F2000%2Fsvg%27%20width%3D%272126%27%20height%3D%271417%27%20viewBox%3D%270%200%202126%201417%27%3E%3Crect%20width%3D%272126%27%20height%3D%271417%27%20fill-opacity%3D%220%22%2F%3E%3C%2Fsvg%3E\" data-orig-src=\"https:\/\/www.teatrostabiletorino.it\/wp-content\/uploads\/2021\/09\/01_Foto-prove-Casa-di-Bambola_ph-Luigi-De-Palma_P1A0912-150x150.jpg\" data-srcset=\"https:\/\/www.teatrostabiletorino.it\/wp-content\/uploads\/2021\/09\/01_Foto-prove-Casa-di-Bambola_ph-Luigi-De-Palma_P1A0912-66x66.jpg 66w, https:\/\/www.teatrostabiletorino.it\/wp-content\/uploads\/2021\/09\/01_Foto-prove-Casa-di-Bambola_ph-Luigi-De-Palma_P1A0912-150x150.jpg 150w\" data-sizes=\"auto\" \/><\/a>\n\t\t\t<\/dt>\n\t\t\t\t<dd class='wp-caption-text gallery-caption' id='gallery-2-50040'>\n\t\t\t\tDeniz \u00d6zdo\u011fan, <br>Filippo Dini<br>ph Luigi De Palma\n\t\t\t\t<\/dd><\/dl><dl class='gallery-item'>\n\t\t\t<dt class='gallery-icon landscape'>\n\t\t\t\t<a data-rel=\"iLightbox[postimages]\" data-title=\"02_Foto prove Casa di Bambola_ph Luigi De Palma_P1A0913\" data-caption=\"Deniz \u00d6zdo\u011fan, Filippo Diniph Luigi De Palma\" href='https:\/\/www.teatrostabiletorino.it\/wp-content\/uploads\/2021\/09\/02_Foto-prove-Casa-di-Bambola_ph-Luigi-De-Palma_P1A0913.jpg'><img decoding=\"async\" width=\"150\" height=\"150\" src=\"https:\/\/www.teatrostabiletorino.it\/wp-content\/uploads\/2021\/09\/02_Foto-prove-Casa-di-Bambola_ph-Luigi-De-Palma_P1A0913-150x150.jpg\" class=\"attachment-thumbnail size-thumbnail lazyload\" alt=\"\" aria-describedby=\"gallery-2-50041\" srcset=\"data:image\/svg+xml,%3Csvg%20xmlns%3D%27http%3A%2F%2Fwww.w3.org%2F2000%2Fsvg%27%20width%3D%272126%27%20height%3D%271417%27%20viewBox%3D%270%200%202126%201417%27%3E%3Crect%20width%3D%272126%27%20height%3D%271417%27%20fill-opacity%3D%220%22%2F%3E%3C%2Fsvg%3E\" data-orig-src=\"https:\/\/www.teatrostabiletorino.it\/wp-content\/uploads\/2021\/09\/02_Foto-prove-Casa-di-Bambola_ph-Luigi-De-Palma_P1A0913-150x150.jpg\" data-srcset=\"https:\/\/www.teatrostabiletorino.it\/wp-content\/uploads\/2021\/09\/02_Foto-prove-Casa-di-Bambola_ph-Luigi-De-Palma_P1A0913-66x66.jpg 66w, https:\/\/www.teatrostabiletorino.it\/wp-content\/uploads\/2021\/09\/02_Foto-prove-Casa-di-Bambola_ph-Luigi-De-Palma_P1A0913-150x150.jpg 150w\" data-sizes=\"auto\" \/><\/a>\n\t\t\t<\/dt>\n\t\t\t\t<dd class='wp-caption-text gallery-caption' id='gallery-2-50041'>\n\t\t\t\tDeniz \u00d6zdo\u011fan, <br>Filippo Dini<br>ph Luigi De Palma\n\t\t\t\t<\/dd><\/dl><dl class='gallery-item'>\n\t\t\t<dt class='gallery-icon landscape'>\n\t\t\t\t<a data-rel=\"iLightbox[postimages]\" data-title=\"03_Foto prove Casa di Bambola_ph Luigi De Palma_RR62240\" data-caption=\"Casa di Bambola Deniz \u00d6zdo\u011fan, Filippo Diniph Luigi De Palma\" href='https:\/\/www.teatrostabiletorino.it\/wp-content\/uploads\/2021\/09\/03_Foto-prove-Casa-di-Bambola_ph-Luigi-De-Palma_RR62240.jpg'><img decoding=\"async\" width=\"150\" height=\"150\" src=\"https:\/\/www.teatrostabiletorino.it\/wp-content\/uploads\/2021\/09\/03_Foto-prove-Casa-di-Bambola_ph-Luigi-De-Palma_RR62240-150x150.jpg\" class=\"attachment-thumbnail size-thumbnail lazyload\" alt=\"\" aria-describedby=\"gallery-2-50042\" srcset=\"data:image\/svg+xml,%3Csvg%20xmlns%3D%27http%3A%2F%2Fwww.w3.org%2F2000%2Fsvg%27%20width%3D%272126%27%20height%3D%271417%27%20viewBox%3D%270%200%202126%201417%27%3E%3Crect%20width%3D%272126%27%20height%3D%271417%27%20fill-opacity%3D%220%22%2F%3E%3C%2Fsvg%3E\" data-orig-src=\"https:\/\/www.teatrostabiletorino.it\/wp-content\/uploads\/2021\/09\/03_Foto-prove-Casa-di-Bambola_ph-Luigi-De-Palma_RR62240-150x150.jpg\" data-srcset=\"https:\/\/www.teatrostabiletorino.it\/wp-content\/uploads\/2021\/09\/03_Foto-prove-Casa-di-Bambola_ph-Luigi-De-Palma_RR62240-66x66.jpg 66w, https:\/\/www.teatrostabiletorino.it\/wp-content\/uploads\/2021\/09\/03_Foto-prove-Casa-di-Bambola_ph-Luigi-De-Palma_RR62240-150x150.jpg 150w\" data-sizes=\"auto\" \/><\/a>\n\t\t\t<\/dt>\n\t\t\t\t<dd class='wp-caption-text gallery-caption' id='gallery-2-50042'>\n\t\t\t\tCasa di Bambola<br> Deniz \u00d6zdo\u011fan,<br> Filippo Dini<br>ph Luigi De Palma\n\t\t\t\t<\/dd><\/dl><dl class='gallery-item'>\n\t\t\t<dt class='gallery-icon landscape'>\n\t\t\t\t<a data-rel=\"iLightbox[postimages]\" data-title=\"04_Foto prove Casa di Bambola_ph Luigi De Palma_P1A0418\" data-caption=\"Filippo Dini, Deniz \u00d6zdo\u011fanph Luigi De Palma\" href='https:\/\/www.teatrostabiletorino.it\/wp-content\/uploads\/2021\/09\/04_Foto-prove-Casa-di-Bambola_ph-Luigi-De-Palma_P1A0418.jpg'><img decoding=\"async\" width=\"150\" height=\"150\" src=\"https:\/\/www.teatrostabiletorino.it\/wp-content\/uploads\/2021\/09\/04_Foto-prove-Casa-di-Bambola_ph-Luigi-De-Palma_P1A0418-150x150.jpg\" class=\"attachment-thumbnail size-thumbnail lazyload\" alt=\"\" aria-describedby=\"gallery-2-50043\" srcset=\"data:image\/svg+xml,%3Csvg%20xmlns%3D%27http%3A%2F%2Fwww.w3.org%2F2000%2Fsvg%27%20width%3D%272126%27%20height%3D%271417%27%20viewBox%3D%270%200%202126%201417%27%3E%3Crect%20width%3D%272126%27%20height%3D%271417%27%20fill-opacity%3D%220%22%2F%3E%3C%2Fsvg%3E\" data-orig-src=\"https:\/\/www.teatrostabiletorino.it\/wp-content\/uploads\/2021\/09\/04_Foto-prove-Casa-di-Bambola_ph-Luigi-De-Palma_P1A0418-150x150.jpg\" data-srcset=\"https:\/\/www.teatrostabiletorino.it\/wp-content\/uploads\/2021\/09\/04_Foto-prove-Casa-di-Bambola_ph-Luigi-De-Palma_P1A0418-66x66.jpg 66w, https:\/\/www.teatrostabiletorino.it\/wp-content\/uploads\/2021\/09\/04_Foto-prove-Casa-di-Bambola_ph-Luigi-De-Palma_P1A0418-150x150.jpg 150w\" data-sizes=\"auto\" \/><\/a>\n\t\t\t<\/dt>\n\t\t\t\t<dd class='wp-caption-text gallery-caption' id='gallery-2-50043'>\n\t\t\t\tFilippo Dini,<br> Deniz \u00d6zdo\u011fan<br>ph Luigi De Palma\n\t\t\t\t<\/dd><\/dl><dl class='gallery-item'>\n\t\t\t<dt class='gallery-icon landscape'>\n\t\t\t\t<a data-rel=\"iLightbox[postimages]\" data-title=\"05_Foto prove Casa di Bambola_ph Luigi De Palma_P1A0458\" data-caption=\"Filippo Dini, Deniz \u00d6zdo\u011fanph Luigi De Palma\" href='https:\/\/www.teatrostabiletorino.it\/wp-content\/uploads\/2021\/09\/05_Foto-prove-Casa-di-Bambola_ph-Luigi-De-Palma_P1A0458.jpg'><img decoding=\"async\" width=\"150\" height=\"150\" src=\"https:\/\/www.teatrostabiletorino.it\/wp-content\/uploads\/2021\/09\/05_Foto-prove-Casa-di-Bambola_ph-Luigi-De-Palma_P1A0458-150x150.jpg\" class=\"attachment-thumbnail size-thumbnail lazyload\" alt=\"\" aria-describedby=\"gallery-2-50044\" srcset=\"data:image\/svg+xml,%3Csvg%20xmlns%3D%27http%3A%2F%2Fwww.w3.org%2F2000%2Fsvg%27%20width%3D%272126%27%20height%3D%271417%27%20viewBox%3D%270%200%202126%201417%27%3E%3Crect%20width%3D%272126%27%20height%3D%271417%27%20fill-opacity%3D%220%22%2F%3E%3C%2Fsvg%3E\" data-orig-src=\"https:\/\/www.teatrostabiletorino.it\/wp-content\/uploads\/2021\/09\/05_Foto-prove-Casa-di-Bambola_ph-Luigi-De-Palma_P1A0458-150x150.jpg\" data-srcset=\"https:\/\/www.teatrostabiletorino.it\/wp-content\/uploads\/2021\/09\/05_Foto-prove-Casa-di-Bambola_ph-Luigi-De-Palma_P1A0458-66x66.jpg 66w, https:\/\/www.teatrostabiletorino.it\/wp-content\/uploads\/2021\/09\/05_Foto-prove-Casa-di-Bambola_ph-Luigi-De-Palma_P1A0458-150x150.jpg 150w\" data-sizes=\"auto\" \/><\/a>\n\t\t\t<\/dt>\n\t\t\t\t<dd class='wp-caption-text gallery-caption' id='gallery-2-50044'>\n\t\t\t\tFilippo Dini,<br> Deniz \u00d6zdo\u011fan<br>ph Luigi De Palma\n\t\t\t\t<\/dd><\/dl><br style=\"clear: both\" \/><dl class='gallery-item'>\n\t\t\t<dt class='gallery-icon landscape'>\n\t\t\t\t<a data-rel=\"iLightbox[postimages]\" data-title=\"06_Foto prove Casa di Bambola_ph Luigi De Palma_RR61215\" data-caption=\"Deniz \u00d6zdo\u011fan, Filippo Diniph Luigi De Palma\" href='https:\/\/www.teatrostabiletorino.it\/wp-content\/uploads\/2021\/09\/06_Foto-prove-Casa-di-Bambola_ph-Luigi-De-Palma_RR61215.jpg'><img decoding=\"async\" width=\"150\" height=\"150\" src=\"https:\/\/www.teatrostabiletorino.it\/wp-content\/uploads\/2021\/09\/06_Foto-prove-Casa-di-Bambola_ph-Luigi-De-Palma_RR61215-150x150.jpg\" class=\"attachment-thumbnail size-thumbnail lazyload\" alt=\"\" aria-describedby=\"gallery-2-50045\" srcset=\"data:image\/svg+xml,%3Csvg%20xmlns%3D%27http%3A%2F%2Fwww.w3.org%2F2000%2Fsvg%27%20width%3D%272126%27%20height%3D%271417%27%20viewBox%3D%270%200%202126%201417%27%3E%3Crect%20width%3D%272126%27%20height%3D%271417%27%20fill-opacity%3D%220%22%2F%3E%3C%2Fsvg%3E\" data-orig-src=\"https:\/\/www.teatrostabiletorino.it\/wp-content\/uploads\/2021\/09\/06_Foto-prove-Casa-di-Bambola_ph-Luigi-De-Palma_RR61215-150x150.jpg\" data-srcset=\"https:\/\/www.teatrostabiletorino.it\/wp-content\/uploads\/2021\/09\/06_Foto-prove-Casa-di-Bambola_ph-Luigi-De-Palma_RR61215-66x66.jpg 66w, https:\/\/www.teatrostabiletorino.it\/wp-content\/uploads\/2021\/09\/06_Foto-prove-Casa-di-Bambola_ph-Luigi-De-Palma_RR61215-150x150.jpg 150w\" data-sizes=\"auto\" \/><\/a>\n\t\t\t<\/dt>\n\t\t\t\t<dd class='wp-caption-text gallery-caption' id='gallery-2-50045'>\n\t\t\t\tDeniz \u00d6zdo\u011fan,<br> Filippo Dini<br>ph Luigi De Palma\n\t\t\t\t<\/dd><\/dl><dl class='gallery-item'>\n\t\t\t<dt class='gallery-icon landscape'>\n\t\t\t\t<a data-rel=\"iLightbox[postimages]\" data-title=\"07_Foto prove Casa di Bambola_ph Luigi De Palma_RR61217\" data-caption=\"Deniz \u00d6zdo\u011fan, Filippo Diniph Luigi De Palma\" href='https:\/\/www.teatrostabiletorino.it\/wp-content\/uploads\/2021\/09\/07_Foto-prove-Casa-di-Bambola_ph-Luigi-De-Palma_RR61217.jpg'><img decoding=\"async\" width=\"150\" height=\"150\" src=\"https:\/\/www.teatrostabiletorino.it\/wp-content\/uploads\/2021\/09\/07_Foto-prove-Casa-di-Bambola_ph-Luigi-De-Palma_RR61217-150x150.jpg\" class=\"attachment-thumbnail size-thumbnail lazyload\" alt=\"\" aria-describedby=\"gallery-2-50046\" srcset=\"data:image\/svg+xml,%3Csvg%20xmlns%3D%27http%3A%2F%2Fwww.w3.org%2F2000%2Fsvg%27%20width%3D%272126%27%20height%3D%271417%27%20viewBox%3D%270%200%202126%201417%27%3E%3Crect%20width%3D%272126%27%20height%3D%271417%27%20fill-opacity%3D%220%22%2F%3E%3C%2Fsvg%3E\" data-orig-src=\"https:\/\/www.teatrostabiletorino.it\/wp-content\/uploads\/2021\/09\/07_Foto-prove-Casa-di-Bambola_ph-Luigi-De-Palma_RR61217-150x150.jpg\" data-srcset=\"https:\/\/www.teatrostabiletorino.it\/wp-content\/uploads\/2021\/09\/07_Foto-prove-Casa-di-Bambola_ph-Luigi-De-Palma_RR61217-66x66.jpg 66w, https:\/\/www.teatrostabiletorino.it\/wp-content\/uploads\/2021\/09\/07_Foto-prove-Casa-di-Bambola_ph-Luigi-De-Palma_RR61217-150x150.jpg 150w\" data-sizes=\"auto\" \/><\/a>\n\t\t\t<\/dt>\n\t\t\t\t<dd class='wp-caption-text gallery-caption' id='gallery-2-50046'>\n\t\t\t\tDeniz \u00d6zdo\u011fan,<br> Filippo Dini<br>ph Luigi De Palma\n\t\t\t\t<\/dd><\/dl><dl class='gallery-item'>\n\t\t\t<dt class='gallery-icon landscape'>\n\t\t\t\t<a data-rel=\"iLightbox[postimages]\" data-title=\"08_Foto prove Casa di Bambola_ph Luigi De Palma_P1A0613-Copia1\" data-caption=\"Filippo Dini, Deniz \u00d6zdo\u011fanph Luigi De Palma\" href='https:\/\/www.teatrostabiletorino.it\/wp-content\/uploads\/2021\/09\/08_Foto-prove-Casa-di-Bambola_ph-Luigi-De-Palma_P1A0613-Copia1.jpg'><img decoding=\"async\" width=\"150\" height=\"150\" src=\"https:\/\/www.teatrostabiletorino.it\/wp-content\/uploads\/2021\/09\/08_Foto-prove-Casa-di-Bambola_ph-Luigi-De-Palma_P1A0613-Copia1-150x150.jpg\" class=\"attachment-thumbnail size-thumbnail lazyload\" alt=\"\" aria-describedby=\"gallery-2-50047\" srcset=\"data:image\/svg+xml,%3Csvg%20xmlns%3D%27http%3A%2F%2Fwww.w3.org%2F2000%2Fsvg%27%20width%3D%272126%27%20height%3D%271417%27%20viewBox%3D%270%200%202126%201417%27%3E%3Crect%20width%3D%272126%27%20height%3D%271417%27%20fill-opacity%3D%220%22%2F%3E%3C%2Fsvg%3E\" data-orig-src=\"https:\/\/www.teatrostabiletorino.it\/wp-content\/uploads\/2021\/09\/08_Foto-prove-Casa-di-Bambola_ph-Luigi-De-Palma_P1A0613-Copia1-150x150.jpg\" data-srcset=\"https:\/\/www.teatrostabiletorino.it\/wp-content\/uploads\/2021\/09\/08_Foto-prove-Casa-di-Bambola_ph-Luigi-De-Palma_P1A0613-Copia1-66x66.jpg 66w, https:\/\/www.teatrostabiletorino.it\/wp-content\/uploads\/2021\/09\/08_Foto-prove-Casa-di-Bambola_ph-Luigi-De-Palma_P1A0613-Copia1-150x150.jpg 150w\" data-sizes=\"auto\" \/><\/a>\n\t\t\t<\/dt>\n\t\t\t\t<dd class='wp-caption-text gallery-caption' id='gallery-2-50047'>\n\t\t\t\tFilippo Dini,<br> Deniz \u00d6zdo\u011fan<br>ph Luigi De Palma\n\t\t\t\t<\/dd><\/dl><dl class='gallery-item'>\n\t\t\t<dt class='gallery-icon landscape'>\n\t\t\t\t<a data-rel=\"iLightbox[postimages]\" data-title=\"10_Foto prove Casa di Bambola_ph Luigi De Palma_P1A0628\" data-caption=\"Filippo Dini, Deniz \u00d6zdo\u011fanph Luigi De Palma\" href='https:\/\/www.teatrostabiletorino.it\/wp-content\/uploads\/2021\/09\/10_Foto-prove-Casa-di-Bambola_ph-Luigi-De-Palma_P1A0628.jpg'><img decoding=\"async\" width=\"150\" height=\"150\" src=\"https:\/\/www.teatrostabiletorino.it\/wp-content\/uploads\/2021\/09\/10_Foto-prove-Casa-di-Bambola_ph-Luigi-De-Palma_P1A0628-150x150.jpg\" class=\"attachment-thumbnail size-thumbnail lazyload\" alt=\"\" aria-describedby=\"gallery-2-50049\" srcset=\"data:image\/svg+xml,%3Csvg%20xmlns%3D%27http%3A%2F%2Fwww.w3.org%2F2000%2Fsvg%27%20width%3D%272126%27%20height%3D%271417%27%20viewBox%3D%270%200%202126%201417%27%3E%3Crect%20width%3D%272126%27%20height%3D%271417%27%20fill-opacity%3D%220%22%2F%3E%3C%2Fsvg%3E\" data-orig-src=\"https:\/\/www.teatrostabiletorino.it\/wp-content\/uploads\/2021\/09\/10_Foto-prove-Casa-di-Bambola_ph-Luigi-De-Palma_P1A0628-150x150.jpg\" data-srcset=\"https:\/\/www.teatrostabiletorino.it\/wp-content\/uploads\/2021\/09\/10_Foto-prove-Casa-di-Bambola_ph-Luigi-De-Palma_P1A0628-66x66.jpg 66w, https:\/\/www.teatrostabiletorino.it\/wp-content\/uploads\/2021\/09\/10_Foto-prove-Casa-di-Bambola_ph-Luigi-De-Palma_P1A0628-150x150.jpg 150w\" data-sizes=\"auto\" \/><\/a>\n\t\t\t<\/dt>\n\t\t\t\t<dd class='wp-caption-text gallery-caption' id='gallery-2-50049'>\n\t\t\t\tFilippo Dini,<br> Deniz \u00d6zdo\u011fan<br>ph Luigi De Palma\n\t\t\t\t<\/dd><\/dl><dl class='gallery-item'>\n\t\t\t<dt class='gallery-icon portrait'>\n\t\t\t\t<a data-rel=\"iLightbox[postimages]\" data-title=\"11_Foto prove Casa di Bambola_ph Luigi De Palma_RR62334\" data-caption=\"Filippo Dini, Deniz \u00d6zdo\u011fanph Luigi De Palma\" href='https:\/\/www.teatrostabiletorino.it\/wp-content\/uploads\/2021\/09\/11_Foto-prove-Casa-di-Bambola_ph-Luigi-De-Palma_RR62334.jpg'><img decoding=\"async\" width=\"150\" height=\"150\" src=\"https:\/\/www.teatrostabiletorino.it\/wp-content\/uploads\/2021\/09\/11_Foto-prove-Casa-di-Bambola_ph-Luigi-De-Palma_RR62334-150x150.jpg\" class=\"attachment-thumbnail size-thumbnail lazyload\" alt=\"\" aria-describedby=\"gallery-2-50050\" srcset=\"data:image\/svg+xml,%3Csvg%20xmlns%3D%27http%3A%2F%2Fwww.w3.org%2F2000%2Fsvg%27%20width%3D%271417%27%20height%3D%272126%27%20viewBox%3D%270%200%201417%202126%27%3E%3Crect%20width%3D%271417%27%20height%3D%272126%27%20fill-opacity%3D%220%22%2F%3E%3C%2Fsvg%3E\" data-orig-src=\"https:\/\/www.teatrostabiletorino.it\/wp-content\/uploads\/2021\/09\/11_Foto-prove-Casa-di-Bambola_ph-Luigi-De-Palma_RR62334-150x150.jpg\" data-srcset=\"https:\/\/www.teatrostabiletorino.it\/wp-content\/uploads\/2021\/09\/11_Foto-prove-Casa-di-Bambola_ph-Luigi-De-Palma_RR62334-66x66.jpg 66w, https:\/\/www.teatrostabiletorino.it\/wp-content\/uploads\/2021\/09\/11_Foto-prove-Casa-di-Bambola_ph-Luigi-De-Palma_RR62334-150x150.jpg 150w\" data-sizes=\"auto\" \/><\/a>\n\t\t\t<\/dt>\n\t\t\t\t<dd class='wp-caption-text gallery-caption' id='gallery-2-50050'>\n\t\t\t\tFilippo Dini,<br> Deniz \u00d6zdo\u011fan<br>ph Luigi De Palma\n\t\t\t\t<\/dd><\/dl><br style=\"clear: both\" \/>\n\t\t<\/div>\n\n<p>&nbsp;<\/p>","protected":false},"excerpt":{"rendered":"<p>Sorry, this entry is only available in Italiano.Un grande classico della drammaturgia di fine Ottocento <a href=\"https:\/\/www.teatrostabiletorino.it\/en\/inaugurazione-stagione-2021-2022-del-tst-casa-di-bambola-di-henrik-ibsen-regia-filippo-dini-torino-teatro-carignano-4-ottobre-2021-prima-nazionale\/\"> [+]<\/a><\/p>\n","protected":false},"author":2,"featured_media":50062,"comment_status":"open","ping_status":"open","sticky":false,"template":"","format":"standard","meta":{"_acf_changed":false,"footnotes":""},"categories":[149],"tags":[],"acf":[],"_links":{"self":[{"href":"https:\/\/www.teatrostabiletorino.it\/en\/wp-json\/wp\/v2\/posts\/50038"}],"collection":[{"href":"https:\/\/www.teatrostabiletorino.it\/en\/wp-json\/wp\/v2\/posts"}],"about":[{"href":"https:\/\/www.teatrostabiletorino.it\/en\/wp-json\/wp\/v2\/types\/post"}],"author":[{"embeddable":true,"href":"https:\/\/www.teatrostabiletorino.it\/en\/wp-json\/wp\/v2\/users\/2"}],"replies":[{"embeddable":true,"href":"https:\/\/www.teatrostabiletorino.it\/en\/wp-json\/wp\/v2\/comments?post=50038"}],"version-history":[{"count":0,"href":"https:\/\/www.teatrostabiletorino.it\/en\/wp-json\/wp\/v2\/posts\/50038\/revisions"}],"wp:featuredmedia":[{"embeddable":true,"href":"https:\/\/www.teatrostabiletorino.it\/en\/wp-json\/wp\/v2\/media\/50062"}],"wp:attachment":[{"href":"https:\/\/www.teatrostabiletorino.it\/en\/wp-json\/wp\/v2\/media?parent=50038"}],"wp:term":[{"taxonomy":"category","embeddable":true,"href":"https:\/\/www.teatrostabiletorino.it\/en\/wp-json\/wp\/v2\/categories?post=50038"},{"taxonomy":"post_tag","embeddable":true,"href":"https:\/\/www.teatrostabiletorino.it\/en\/wp-json\/wp\/v2\/tags?post=50038"}],"curies":[{"name":"wp","href":"https:\/\/api.w.org\/{rel}","templated":true}]}}