{"id":50612,"date":"2021-12-02T13:18:23","date_gmt":"2021-12-02T12:18:23","guid":{"rendered":"https:\/\/www.teatrostabiletorino.it\/?p=50612"},"modified":"2021-12-02T13:18:23","modified_gmt":"2021-12-02T12:18:23","slug":"jurij-ferrini-dirige-e-interpreta-i-due-gemelli-un-adattamento-di-natalino-balasso-del-classico-goldonianoteatro-gobetti-7-19-dicembre-2021","status":"publish","type":"post","link":"https:\/\/www.teatrostabiletorino.it\/en\/jurij-ferrini-dirige-e-interpreta-i-due-gemelli-un-adattamento-di-natalino-balasso-del-classico-goldonianoteatro-gobetti-7-19-dicembre-2021\/","title":{"rendered":"JURIJ FERRINI DIRIGE E INTERPRETA \u201cI DUE GEMELLI\u201d, UN ADATTAMENTO DI NATALINO BALASSO DEL CLASSICO GOLDONIANO<br>Teatro Gobetti, 7 \u2013 19 dicembre 2021"},"content":{"rendered":"<p class=\"qtranxs-available-languages-message qtranxs-available-languages-message-en\">Sorry, this entry is only available in <a href=\"https:\/\/www.teatrostabiletorino.it\/it\/wp-json\/wp\/v2\/posts\/50612\" class=\"qtranxs-available-language-link qtranxs-available-language-link-it\" title=\"Italiano\">Italiano<\/a>.<\/p><p>Marted\u00ec 7 dicembre, alle ore 19.30, debutta al Teatro Gobetti di Torino <strong>I DUE GEMELLI<\/strong> un libero adattamento di <strong>Natalino<\/strong> <strong>Balasso<\/strong> dell\u2019opera <em>I due gemelli veneziani<\/em> di <strong>Carlo<\/strong> <strong>Goldoni<\/strong> per la regia di <strong>Jurij<\/strong> <strong>Ferrini<\/strong>. In questo nuovo adattamento, la commedia \u00e8 ambientata negli anni Settanta e riflette su temi attuali come il culto dell\u2019appartenenza, la manipolazione, le <em>fake<\/em> <em>news<\/em>. Ferrini sar\u00e0 in scena insieme a <strong>Jurij Ferrini<\/strong>,<strong> Francesco Gargiulo<\/strong>,<strong> Maria Rita Lo Destro<\/strong>,<strong> Federico Palumeri<\/strong>,<strong> Stefano Paradisi<\/strong>,<strong> Andrea Peron<\/strong>,<strong> Marta Zito<\/strong>. I costumi sono di Paola Caterina D\u2019Arienzo, la scenografia di Eleonora Diana, luci e suono di Gian Andrea Francescutti. Lo spettacolo, prodotto da Progetto U.R.T. in collaborazione con il 53\u00b0 Festival Teatrale di Borgio Verezzi, sar\u00e0 replicato al Teatro Gobetti per la Stagione in abbonamento del TST fino al 19 dicembre 2021.<\/p>\n<p>&nbsp;<\/p>\n<p><strong>Note di regia di Jurij Ferrini<\/strong><\/p>\n<p>La nuova avventura dei gemelli veneziani \u00e8 ambientata negli anni \u201970. \u00abC\u2019era \u2013 dice Natalino Balasso \u2013 una curiosa gemellarit\u00e0 nei giovani di quegli anni, i movimenti di protesta, gli studenti, i giovani operai si erano polarizzati su due fronti opposti: comunisti e fascisti, rossi e neri\u00bb. Erano gli anni di piombo e quando non erano criminali erano tutti giovani che desideravano divorare la vita e lottavano da opposte fazioni per un futuro migliore. Questo sguardo \u2013 da un punto di osservazione che si trova ormai a quasi mezzo secolo di distanza \u2013 coincide con il nostro presente. E allora nel grigiore di questa modernit\u00e0 disperante, presente distopico dove la bugia si accoppia con bugia, fino a far della menzogna una compagna della vita quotidiana, immagino che questa commedia possa offrirci un interessante spunto di riflessione sul tema dell\u2019apparenza. Perfino sul concetto di virtuale; che tende sempre pi\u00f9 a sostituirsi al reale. O quanto meno a manipolare cos\u00ec facilmente la realt\u00e0 da confonderci fino al pi\u00f9 totale smarrimento, fino a farci cadere come allocchi nelle pi\u00f9 improbabili <em>fake<\/em> <em>news<\/em>, nuove sottili armi di persuasione di massa.<\/p>\n<p>Ecco perch\u00e9 la vicenda e l\u2019intreccio \u2013 straordinariamente comico \u2013 delle disavventure di due fratelli gemelli, davvero identici, che non si vedono da anni e per puro caso si ritrovano a Verona per sposarsi, oltre ad esser motore di equivoci spassosi, pu\u00f2 diventare un\u2019allegoria della fallacia dei nostri sensi, delle nostre percezioni e di ci\u00f2 che cade sotto di loro. Goldoni e Balasso sembrano volerci prendere in giro proprio sulla nostra poca lucidit\u00e0. Natalino Balasso si serve degli stessi meccanismi comici della commedia del 1747, per rileggerla in chiave contemporanea. Tale operazione ha come scopo quello di rivolgersi alla nostra epoca, riavvicinando il pubblico alle vicende e alle tematiche goldoniane, non limitandosi a una semplice spolverata linguistica, ma a un vero e proprio spostamento dei personaggi e dell\u2019ambientazione storica.<\/p>\n<p>La struttura della commedia rimane intatta, cos\u00ec come lo scambio dei gemelli rimane centrale nella storia, ma il tutto viene perfezionato e ripensato per una societ\u00e0 libera, in emancipazione come quella degli anni Settanta. In tal senso i personaggi diventano pi\u00f9 complessi, pi\u00f9 sviluppati, lontani dalla maschera stereotipica della commedia dell\u2019arte, da cui l\u2019autore veneziano gi\u00e0 tentava di prendere le distanze. Proprio grazie a questo spostamento si pu\u00f2 godere e comprendere a pieno l\u2019ironia pi\u00f9 profonda di Goldoni, esaltata dallo stile sarcastico e pungente di Natalino Balasso.<\/p>\n<p><em>I due gemelli<\/em> \u00e8 sia un classico goldoniano, che una scrittura originale contemporanea: due spettacoli in uno. Uno spettacolo di puro divertimento.<\/p>\n<p>&nbsp;<\/p>\n<p><a href=\"http:\/\/www.teatrostabiletorino.it\/wp-content\/uploads\/2021\/12\/01_CS_I-due-gemelli.pdf\" target=\"_blank\" rel=\"noopener\">CS_I due gemelli<\/a><\/p>\n<p>&nbsp;<\/p>\n\n\t\t<style type=\"text\/css\">\n\t\t\t#gallery-1 {\n\t\t\t\tmargin: auto;\n\t\t\t}\n\t\t\t#gallery-1 .gallery-item {\n\t\t\t\tfloat: left;\n\t\t\t\tmargin-top: 10px;\n\t\t\t\ttext-align: center;\n\t\t\t\twidth: 20%;\n\t\t\t}\n\t\t\t#gallery-1 img {\n\t\t\t\tborder: 2px solid #cfcfcf;\n\t\t\t}\n\t\t\t#gallery-1 .gallery-caption {\n\t\t\t\tmargin-left: 0;\n\t\t\t}\n\t\t\t\/* see gallery_shortcode() in wp-includes\/media.php *\/\n\t\t<\/style>\n\t\t<div id='gallery-1' class='gallery galleryid-50612 gallery-columns-5 gallery-size-thumbnail'><dl class='gallery-item'>\n\t\t\t<dt class='gallery-icon landscape'>\n\t\t\t\t<a data-rel=\"iLightbox[postimages]\" data-title=\"01_I due gemelli-\u00a9-luigi-cerati_421\" data-caption=\"Jurij FerriniPh\u00a9Luigi Cerati\" href='https:\/\/www.teatrostabiletorino.it\/wp-content\/uploads\/2021\/12\/01_I-due-gemelli-\u00a9-luigi-cerati_421.jpg'><img decoding=\"async\" width=\"150\" height=\"150\" src=\"https:\/\/www.teatrostabiletorino.it\/wp-content\/uploads\/2021\/12\/01_I-due-gemelli-\u00a9-luigi-cerati_421-150x150.jpg\" class=\"attachment-thumbnail size-thumbnail lazyload\" alt=\"\" aria-describedby=\"gallery-1-50614\" srcset=\"data:image\/svg+xml,%3Csvg%20xmlns%3D%27http%3A%2F%2Fwww.w3.org%2F2000%2Fsvg%27%20width%3D%273500%27%20height%3D%272333%27%20viewBox%3D%270%200%203500%202333%27%3E%3Crect%20width%3D%273500%27%20height%3D%272333%27%20fill-opacity%3D%220%22%2F%3E%3C%2Fsvg%3E\" data-orig-src=\"https:\/\/www.teatrostabiletorino.it\/wp-content\/uploads\/2021\/12\/01_I-due-gemelli-\u00a9-luigi-cerati_421-150x150.jpg\" data-srcset=\"https:\/\/www.teatrostabiletorino.it\/wp-content\/uploads\/2021\/12\/01_I-due-gemelli-\u00a9-luigi-cerati_421-66x66.jpg 66w, https:\/\/www.teatrostabiletorino.it\/wp-content\/uploads\/2021\/12\/01_I-due-gemelli-\u00a9-luigi-cerati_421-150x150.jpg 150w\" data-sizes=\"auto\" \/><\/a>\n\t\t\t<\/dt>\n\t\t\t\t<dd class='wp-caption-text gallery-caption' id='gallery-1-50614'>\n\t\t\t\tJurij Ferrini<br>Ph\u00a9Luigi Cerati\n\t\t\t\t<\/dd><\/dl><dl class='gallery-item'>\n\t\t\t<dt class='gallery-icon landscape'>\n\t\t\t\t<a data-rel=\"iLightbox[postimages]\" data-title=\"02_I due gemelli-\u00a9-luigi-cerati_054\" data-caption=\"Maria Rita Lo Destro, Jurij FerriniPh\u00a9Luigi Cerati\" href='https:\/\/www.teatrostabiletorino.it\/wp-content\/uploads\/2021\/12\/02_I-due-gemelli-\u00a9-luigi-cerati_054.jpg'><img decoding=\"async\" width=\"150\" height=\"150\" src=\"https:\/\/www.teatrostabiletorino.it\/wp-content\/uploads\/2021\/12\/02_I-due-gemelli-\u00a9-luigi-cerati_054-150x150.jpg\" class=\"attachment-thumbnail size-thumbnail lazyload\" alt=\"\" aria-describedby=\"gallery-1-50615\" srcset=\"data:image\/svg+xml,%3Csvg%20xmlns%3D%27http%3A%2F%2Fwww.w3.org%2F2000%2Fsvg%27%20width%3D%273500%27%20height%3D%272333%27%20viewBox%3D%270%200%203500%202333%27%3E%3Crect%20width%3D%273500%27%20height%3D%272333%27%20fill-opacity%3D%220%22%2F%3E%3C%2Fsvg%3E\" data-orig-src=\"https:\/\/www.teatrostabiletorino.it\/wp-content\/uploads\/2021\/12\/02_I-due-gemelli-\u00a9-luigi-cerati_054-150x150.jpg\" data-srcset=\"https:\/\/www.teatrostabiletorino.it\/wp-content\/uploads\/2021\/12\/02_I-due-gemelli-\u00a9-luigi-cerati_054-66x66.jpg 66w, https:\/\/www.teatrostabiletorino.it\/wp-content\/uploads\/2021\/12\/02_I-due-gemelli-\u00a9-luigi-cerati_054-150x150.jpg 150w\" data-sizes=\"auto\" \/><\/a>\n\t\t\t<\/dt>\n\t\t\t\t<dd class='wp-caption-text gallery-caption' id='gallery-1-50615'>\n\t\t\t\tMaria Rita Lo Destro, Jurij Ferrini<br>Ph\u00a9Luigi Cerati\n\t\t\t\t<\/dd><\/dl><dl class='gallery-item'>\n\t\t\t<dt class='gallery-icon landscape'>\n\t\t\t\t<a data-rel=\"iLightbox[postimages]\" data-title=\"03_I due gemelli-\u00a9-luigi-cerati_361\" data-caption=\"Maria Rita Lo Destro, Jurij FerriniPh\u00a9Luigi Cerati\" href='https:\/\/www.teatrostabiletorino.it\/wp-content\/uploads\/2021\/12\/03_I-due-gemelli-\u00a9-luigi-cerati_361.jpg'><img decoding=\"async\" width=\"150\" height=\"150\" src=\"https:\/\/www.teatrostabiletorino.it\/wp-content\/uploads\/2021\/12\/03_I-due-gemelli-\u00a9-luigi-cerati_361-150x150.jpg\" class=\"attachment-thumbnail size-thumbnail lazyload\" alt=\"\" aria-describedby=\"gallery-1-50616\" srcset=\"data:image\/svg+xml,%3Csvg%20xmlns%3D%27http%3A%2F%2Fwww.w3.org%2F2000%2Fsvg%27%20width%3D%273500%27%20height%3D%272333%27%20viewBox%3D%270%200%203500%202333%27%3E%3Crect%20width%3D%273500%27%20height%3D%272333%27%20fill-opacity%3D%220%22%2F%3E%3C%2Fsvg%3E\" data-orig-src=\"https:\/\/www.teatrostabiletorino.it\/wp-content\/uploads\/2021\/12\/03_I-due-gemelli-\u00a9-luigi-cerati_361-150x150.jpg\" data-srcset=\"https:\/\/www.teatrostabiletorino.it\/wp-content\/uploads\/2021\/12\/03_I-due-gemelli-\u00a9-luigi-cerati_361-66x66.jpg 66w, https:\/\/www.teatrostabiletorino.it\/wp-content\/uploads\/2021\/12\/03_I-due-gemelli-\u00a9-luigi-cerati_361-150x150.jpg 150w\" data-sizes=\"auto\" \/><\/a>\n\t\t\t<\/dt>\n\t\t\t\t<dd class='wp-caption-text gallery-caption' id='gallery-1-50616'>\n\t\t\t\tMaria Rita Lo Destro, Jurij Ferrini<br>Ph\u00a9Luigi Cerati\n\t\t\t\t<\/dd><\/dl><dl class='gallery-item'>\n\t\t\t<dt class='gallery-icon landscape'>\n\t\t\t\t<a data-rel=\"iLightbox[postimages]\" data-title=\"04_I due gemelli-\u00a9-luigi-cerati_423\" data-caption=\"Marta Zito, Jurij FerriniPh\u00a9Luigi Cerati\" href='https:\/\/www.teatrostabiletorino.it\/wp-content\/uploads\/2021\/12\/04_I-due-gemelli-\u00a9-luigi-cerati_423.jpg'><img decoding=\"async\" width=\"150\" height=\"150\" src=\"https:\/\/www.teatrostabiletorino.it\/wp-content\/uploads\/2021\/12\/04_I-due-gemelli-\u00a9-luigi-cerati_423-150x150.jpg\" class=\"attachment-thumbnail size-thumbnail lazyload\" alt=\"\" aria-describedby=\"gallery-1-50617\" srcset=\"data:image\/svg+xml,%3Csvg%20xmlns%3D%27http%3A%2F%2Fwww.w3.org%2F2000%2Fsvg%27%20width%3D%273500%27%20height%3D%272333%27%20viewBox%3D%270%200%203500%202333%27%3E%3Crect%20width%3D%273500%27%20height%3D%272333%27%20fill-opacity%3D%220%22%2F%3E%3C%2Fsvg%3E\" data-orig-src=\"https:\/\/www.teatrostabiletorino.it\/wp-content\/uploads\/2021\/12\/04_I-due-gemelli-\u00a9-luigi-cerati_423-150x150.jpg\" data-srcset=\"https:\/\/www.teatrostabiletorino.it\/wp-content\/uploads\/2021\/12\/04_I-due-gemelli-\u00a9-luigi-cerati_423-66x66.jpg 66w, https:\/\/www.teatrostabiletorino.it\/wp-content\/uploads\/2021\/12\/04_I-due-gemelli-\u00a9-luigi-cerati_423-150x150.jpg 150w\" data-sizes=\"auto\" \/><\/a>\n\t\t\t<\/dt>\n\t\t\t\t<dd class='wp-caption-text gallery-caption' id='gallery-1-50617'>\n\t\t\t\tMarta Zito, Jurij Ferrini<br>Ph\u00a9Luigi Cerati\n\t\t\t\t<\/dd><\/dl><dl class='gallery-item'>\n\t\t\t<dt class='gallery-icon portrait'>\n\t\t\t\t<a data-rel=\"iLightbox[postimages]\" data-title=\"05_I due gemelli-\u00a9-luigi-cerati_437\" data-caption=\"Stefano Paradisi, Marta ZitoPh\u00a9Luigi Cerati\" href='https:\/\/www.teatrostabiletorino.it\/wp-content\/uploads\/2021\/12\/05_I-due-gemelli-\u00a9-luigi-cerati_437.jpg'><img decoding=\"async\" width=\"150\" height=\"150\" src=\"https:\/\/www.teatrostabiletorino.it\/wp-content\/uploads\/2021\/12\/05_I-due-gemelli-\u00a9-luigi-cerati_437-150x150.jpg\" class=\"attachment-thumbnail size-thumbnail lazyload\" alt=\"\" aria-describedby=\"gallery-1-50618\" srcset=\"data:image\/svg+xml,%3Csvg%20xmlns%3D%27http%3A%2F%2Fwww.w3.org%2F2000%2Fsvg%27%20width%3D%272333%27%20height%3D%273500%27%20viewBox%3D%270%200%202333%203500%27%3E%3Crect%20width%3D%272333%27%20height%3D%273500%27%20fill-opacity%3D%220%22%2F%3E%3C%2Fsvg%3E\" data-orig-src=\"https:\/\/www.teatrostabiletorino.it\/wp-content\/uploads\/2021\/12\/05_I-due-gemelli-\u00a9-luigi-cerati_437-150x150.jpg\" data-srcset=\"https:\/\/www.teatrostabiletorino.it\/wp-content\/uploads\/2021\/12\/05_I-due-gemelli-\u00a9-luigi-cerati_437-66x66.jpg 66w, https:\/\/www.teatrostabiletorino.it\/wp-content\/uploads\/2021\/12\/05_I-due-gemelli-\u00a9-luigi-cerati_437-150x150.jpg 150w\" data-sizes=\"auto\" \/><\/a>\n\t\t\t<\/dt>\n\t\t\t\t<dd class='wp-caption-text gallery-caption' id='gallery-1-50618'>\n\t\t\t\tStefano Paradisi, Marta Zito<br>Ph\u00a9Luigi Cerati\n\t\t\t\t<\/dd><\/dl><br style=\"clear: both\" \/><dl class='gallery-item'>\n\t\t\t<dt class='gallery-icon portrait'>\n\t\t\t\t<a data-rel=\"iLightbox[postimages]\" data-title=\"06_I due gemelli-\u00a9-luigi-cerati_516\" data-caption=\"Jurij FerriniPh\u00a9Luigi Cerati\" href='https:\/\/www.teatrostabiletorino.it\/wp-content\/uploads\/2021\/12\/06_I-due-gemelli-\u00a9-luigi-cerati_516.jpg'><img decoding=\"async\" width=\"150\" height=\"150\" src=\"https:\/\/www.teatrostabiletorino.it\/wp-content\/uploads\/2021\/12\/06_I-due-gemelli-\u00a9-luigi-cerati_516-150x150.jpg\" class=\"attachment-thumbnail size-thumbnail lazyload\" alt=\"\" aria-describedby=\"gallery-1-50619\" srcset=\"data:image\/svg+xml,%3Csvg%20xmlns%3D%27http%3A%2F%2Fwww.w3.org%2F2000%2Fsvg%27%20width%3D%272333%27%20height%3D%273500%27%20viewBox%3D%270%200%202333%203500%27%3E%3Crect%20width%3D%272333%27%20height%3D%273500%27%20fill-opacity%3D%220%22%2F%3E%3C%2Fsvg%3E\" data-orig-src=\"https:\/\/www.teatrostabiletorino.it\/wp-content\/uploads\/2021\/12\/06_I-due-gemelli-\u00a9-luigi-cerati_516-150x150.jpg\" data-srcset=\"https:\/\/www.teatrostabiletorino.it\/wp-content\/uploads\/2021\/12\/06_I-due-gemelli-\u00a9-luigi-cerati_516-66x66.jpg 66w, https:\/\/www.teatrostabiletorino.it\/wp-content\/uploads\/2021\/12\/06_I-due-gemelli-\u00a9-luigi-cerati_516-150x150.jpg 150w\" data-sizes=\"auto\" \/><\/a>\n\t\t\t<\/dt>\n\t\t\t\t<dd class='wp-caption-text gallery-caption' id='gallery-1-50619'>\n\t\t\t\tJurij Ferrini<br>Ph\u00a9Luigi Cerati\n\t\t\t\t<\/dd><\/dl><dl class='gallery-item'>\n\t\t\t<dt class='gallery-icon portrait'>\n\t\t\t\t<a data-rel=\"iLightbox[postimages]\" data-title=\"07_I due gemelli-\u00a9-luigi-cerati_124\" data-caption=\"Francesco Gargiulo, Maria Rita Lo Destro, Federico PalumeriPh\u00a9Luigi Cerati\" href='https:\/\/www.teatrostabiletorino.it\/wp-content\/uploads\/2021\/12\/07_I-due-gemelli-\u00a9-luigi-cerati_124.jpg'><img decoding=\"async\" width=\"150\" height=\"150\" src=\"https:\/\/www.teatrostabiletorino.it\/wp-content\/uploads\/2021\/12\/07_I-due-gemelli-\u00a9-luigi-cerati_124-150x150.jpg\" class=\"attachment-thumbnail size-thumbnail lazyload\" alt=\"\" aria-describedby=\"gallery-1-50620\" srcset=\"data:image\/svg+xml,%3Csvg%20xmlns%3D%27http%3A%2F%2Fwww.w3.org%2F2000%2Fsvg%27%20width%3D%272333%27%20height%3D%273500%27%20viewBox%3D%270%200%202333%203500%27%3E%3Crect%20width%3D%272333%27%20height%3D%273500%27%20fill-opacity%3D%220%22%2F%3E%3C%2Fsvg%3E\" data-orig-src=\"https:\/\/www.teatrostabiletorino.it\/wp-content\/uploads\/2021\/12\/07_I-due-gemelli-\u00a9-luigi-cerati_124-150x150.jpg\" data-srcset=\"https:\/\/www.teatrostabiletorino.it\/wp-content\/uploads\/2021\/12\/07_I-due-gemelli-\u00a9-luigi-cerati_124-66x66.jpg 66w, https:\/\/www.teatrostabiletorino.it\/wp-content\/uploads\/2021\/12\/07_I-due-gemelli-\u00a9-luigi-cerati_124-150x150.jpg 150w\" data-sizes=\"auto\" \/><\/a>\n\t\t\t<\/dt>\n\t\t\t\t<dd class='wp-caption-text gallery-caption' id='gallery-1-50620'>\n\t\t\t\tFrancesco Gargiulo, Maria Rita Lo Destro, Federico Palumeri<br>Ph\u00a9Luigi Cerati\n\t\t\t\t<\/dd><\/dl><dl class='gallery-item'>\n\t\t\t<dt class='gallery-icon landscape'>\n\t\t\t\t<a data-rel=\"iLightbox[postimages]\" data-title=\"08_I due gemelli-\u00a9-luigi-cerati_158\" data-caption=\"Andrea Peron, Stefano ParadisiPh\u00a9Luigi Cerati\" href='https:\/\/www.teatrostabiletorino.it\/wp-content\/uploads\/2021\/12\/08_I-due-gemelli-\u00a9-luigi-cerati_158.jpg'><img decoding=\"async\" width=\"150\" height=\"150\" src=\"https:\/\/www.teatrostabiletorino.it\/wp-content\/uploads\/2021\/12\/08_I-due-gemelli-\u00a9-luigi-cerati_158-150x150.jpg\" class=\"attachment-thumbnail size-thumbnail lazyload\" alt=\"\" aria-describedby=\"gallery-1-50621\" srcset=\"data:image\/svg+xml,%3Csvg%20xmlns%3D%27http%3A%2F%2Fwww.w3.org%2F2000%2Fsvg%27%20width%3D%273500%27%20height%3D%272333%27%20viewBox%3D%270%200%203500%202333%27%3E%3Crect%20width%3D%273500%27%20height%3D%272333%27%20fill-opacity%3D%220%22%2F%3E%3C%2Fsvg%3E\" data-orig-src=\"https:\/\/www.teatrostabiletorino.it\/wp-content\/uploads\/2021\/12\/08_I-due-gemelli-\u00a9-luigi-cerati_158-150x150.jpg\" data-srcset=\"https:\/\/www.teatrostabiletorino.it\/wp-content\/uploads\/2021\/12\/08_I-due-gemelli-\u00a9-luigi-cerati_158-66x66.jpg 66w, https:\/\/www.teatrostabiletorino.it\/wp-content\/uploads\/2021\/12\/08_I-due-gemelli-\u00a9-luigi-cerati_158-150x150.jpg 150w\" data-sizes=\"auto\" \/><\/a>\n\t\t\t<\/dt>\n\t\t\t\t<dd class='wp-caption-text gallery-caption' id='gallery-1-50621'>\n\t\t\t\tAndrea Peron, Stefano Paradisi<br>Ph\u00a9Luigi Cerati\n\t\t\t\t<\/dd><\/dl><dl class='gallery-item'>\n\t\t\t<dt class='gallery-icon portrait'>\n\t\t\t\t<a data-rel=\"iLightbox[postimages]\" data-title=\"09_I due gemelli-\u00a9-luigi-cerati_308\" data-caption=\"Marta ZitoPh\u00a9Luigi Cerati\" href='https:\/\/www.teatrostabiletorino.it\/wp-content\/uploads\/2021\/12\/09_I-due-gemelli-\u00a9-luigi-cerati_308.jpg'><img decoding=\"async\" width=\"150\" height=\"150\" src=\"https:\/\/www.teatrostabiletorino.it\/wp-content\/uploads\/2021\/12\/09_I-due-gemelli-\u00a9-luigi-cerati_308-150x150.jpg\" class=\"attachment-thumbnail size-thumbnail lazyload\" alt=\"\" aria-describedby=\"gallery-1-50622\" srcset=\"data:image\/svg+xml,%3Csvg%20xmlns%3D%27http%3A%2F%2Fwww.w3.org%2F2000%2Fsvg%27%20width%3D%272333%27%20height%3D%273500%27%20viewBox%3D%270%200%202333%203500%27%3E%3Crect%20width%3D%272333%27%20height%3D%273500%27%20fill-opacity%3D%220%22%2F%3E%3C%2Fsvg%3E\" data-orig-src=\"https:\/\/www.teatrostabiletorino.it\/wp-content\/uploads\/2021\/12\/09_I-due-gemelli-\u00a9-luigi-cerati_308-150x150.jpg\" data-srcset=\"https:\/\/www.teatrostabiletorino.it\/wp-content\/uploads\/2021\/12\/09_I-due-gemelli-\u00a9-luigi-cerati_308-66x66.jpg 66w, https:\/\/www.teatrostabiletorino.it\/wp-content\/uploads\/2021\/12\/09_I-due-gemelli-\u00a9-luigi-cerati_308-150x150.jpg 150w\" data-sizes=\"auto\" \/><\/a>\n\t\t\t<\/dt>\n\t\t\t\t<dd class='wp-caption-text gallery-caption' id='gallery-1-50622'>\n\t\t\t\tMarta Zito<br>Ph\u00a9Luigi Cerati\n\t\t\t\t<\/dd><\/dl>\n\t\t\t<br style='clear: both' \/>\n\t\t<\/div>\n\n<p>&nbsp;<\/p>","protected":false},"excerpt":{"rendered":"<p>Sorry, this entry is only available in Italiano.Marted\u00ec 7 dicembre, alle ore 19.30, debutta al <a href=\"https:\/\/www.teatrostabiletorino.it\/en\/jurij-ferrini-dirige-e-interpreta-i-due-gemelli-un-adattamento-di-natalino-balasso-del-classico-goldonianoteatro-gobetti-7-19-dicembre-2021\/\"> [+]<\/a><\/p>\n","protected":false},"author":2,"featured_media":50614,"comment_status":"open","ping_status":"open","sticky":false,"template":"","format":"standard","meta":{"_acf_changed":false,"footnotes":""},"categories":[149],"tags":[],"acf":[],"_links":{"self":[{"href":"https:\/\/www.teatrostabiletorino.it\/en\/wp-json\/wp\/v2\/posts\/50612"}],"collection":[{"href":"https:\/\/www.teatrostabiletorino.it\/en\/wp-json\/wp\/v2\/posts"}],"about":[{"href":"https:\/\/www.teatrostabiletorino.it\/en\/wp-json\/wp\/v2\/types\/post"}],"author":[{"embeddable":true,"href":"https:\/\/www.teatrostabiletorino.it\/en\/wp-json\/wp\/v2\/users\/2"}],"replies":[{"embeddable":true,"href":"https:\/\/www.teatrostabiletorino.it\/en\/wp-json\/wp\/v2\/comments?post=50612"}],"version-history":[{"count":0,"href":"https:\/\/www.teatrostabiletorino.it\/en\/wp-json\/wp\/v2\/posts\/50612\/revisions"}],"wp:featuredmedia":[{"embeddable":true,"href":"https:\/\/www.teatrostabiletorino.it\/en\/wp-json\/wp\/v2\/media\/50614"}],"wp:attachment":[{"href":"https:\/\/www.teatrostabiletorino.it\/en\/wp-json\/wp\/v2\/media?parent=50612"}],"wp:term":[{"taxonomy":"category","embeddable":true,"href":"https:\/\/www.teatrostabiletorino.it\/en\/wp-json\/wp\/v2\/categories?post=50612"},{"taxonomy":"post_tag","embeddable":true,"href":"https:\/\/www.teatrostabiletorino.it\/en\/wp-json\/wp\/v2\/tags?post=50612"}],"curies":[{"name":"wp","href":"https:\/\/api.w.org\/{rel}","templated":true}]}}