{"id":50691,"date":"2021-12-07T12:20:54","date_gmt":"2021-12-07T11:20:54","guid":{"rendered":"https:\/\/www.teatrostabiletorino.it\/?p=50691"},"modified":"2021-12-16T16:49:17","modified_gmt":"2021-12-16T15:49:17","slug":"il-teatro-stabile-di-torino-propone-in-prima-nazionale-sogno-di-una-notte-di-mezza-estate-di-william-shakespeare-nuova-produzione-diretta-e-interpretata-da-valerio-binascotorino-t","status":"publish","type":"post","link":"https:\/\/www.teatrostabiletorino.it\/en\/il-teatro-stabile-di-torino-propone-in-prima-nazionale-sogno-di-una-notte-di-mezza-estate-di-william-shakespeare-nuova-produzione-diretta-e-interpretata-da-valerio-binascotorino-t\/","title":{"rendered":"IL TEATRO STABILE DI TORINO PROPONE IN PRIMA NAZIONALE  \u201cSOGNO DI UNA NOTTE DI MEZZA ESTATE\u201d <br>DI WILLIAM SHAKESPEARE, NUOVA PRODUZIONE DIRETTA E INTERPRETATA DA VALERIO BINASCO<br>Torino, Teatro Carignano, 14 dicembre 2021 \u2013 16 gennaio 2022"},"content":{"rendered":"<p class=\"qtranxs-available-languages-message qtranxs-available-languages-message-en\">Sorry, this entry is only available in <a href=\"https:\/\/www.teatrostabiletorino.it\/it\/wp-json\/wp\/v2\/posts\/50691\" class=\"qtranxs-available-language-link qtranxs-available-language-link-it\" title=\"Italiano\">Italiano<\/a>.<\/p><p>Marted\u00ec 14 dicembre 2021, alle ore 19.30, debutta in prima nazionale al Teatro Carignano la nuova produzione del Teatro Stabile di Torino \u2013 Teatro Nazionale: <strong>SOGNO DI UNA NOTTE DI MEZZA ESTATE <\/strong>di <strong>William<\/strong> <strong>Shakespeare<\/strong>, diretto da <strong>Valerio Binasco<\/strong> che ha curato anche il nuovo adattamento del testo.<\/p>\n<p>Dopo il successo de <em>Il piacere dell\u2019onest\u00e0<\/em> e <em>Le sedie<\/em>, il direttore artistico dello Stabile torna a un autore al quale \u00e8 profondamente legato, sia come interprete che come regista, William Shakespeare, e lo celebra con una commedia delicata e sottile che declina con potente intensit\u00e0 insieme a <strong>Davide Antenucci<\/strong>,<strong> Fabrizio Costella<\/strong>,<strong> Michele Di Mauro<\/strong>,<strong> Giordana Faggiano<\/strong>,<strong> Lorenzo Frediani<\/strong>,<strong> Olivia Manescalchi<\/strong>,<strong> Daniele Marmi<\/strong>,<strong> Nicola Pannelli<\/strong>, <strong>Cristina Parku<\/strong>, <strong>Greta Petronillo<\/strong>, <strong>Franco Ravera<\/strong>,<strong> Dalila Reas<\/strong>,<strong> Francesco Russo<\/strong>, <strong>Letizia Russo<\/strong>, <strong>Michele Schiano di Cola<\/strong>,<strong> Valentina Spaletta Tavella<\/strong>. Le scene e le luci sono di <strong>Nicolas Bovey<\/strong>, i costumi di <strong>Alessio Rosati<\/strong>, le musiche di <strong>Paolo Spaccamonti<\/strong>, la consulenza vocale di <strong>Carlo Pavese<\/strong>, assistente alla regia <strong>Giulia Odetto<\/strong>. Lo spettacolo verr\u00e0 replicato al Teatro Carignano fino al 16 gennaio 2022 per la Stagione in abbonamento del Teatro Stabile di Torino.<\/p>\n<p>Con il <em>Sogno di una notte di mezza estate<\/em>, Valerio Binasco, dopo il pi\u00f9 recente <em>Amleto<\/em>, si immerge in un piccolo dramma che \u2013 come ha scritto Croce \u2013 \u00absembra nato da un sorriso, tanto \u00e8 delicato, sottile, aereo\u00bb, ma che affronta con perizia l\u2019amore, con le sue zone buie e le sue armonie conquistate faticosamente. Un tema, quello dell\u2019amore, che Binasco ha saputo declinare attraverso autori e testi diversi, ma con un\u2019originalit\u00e0 e un\u2019intensit\u00e0 apprezzati da critica e pubblico.<\/p>\n<p>La notte di mezza estate \u00e8 quella del solstizio ed \u00e8 una festa che risale ad antiche credenze pagane, tipiche dei Paesi nordici: \u00e8 una notte magica, la pi\u00f9 breve dell\u2019anno, in cui un tripudio di luci e fal\u00f2 illumina campi e terreni, ed \u00e8 lo spunto per una tra le commedie pi\u00f9 famose di Shakespeare, che racconta tre storie d\u2019amore che si incrociano fra loro.<\/p>\n<p>In una felice miscela si uniscono il mondo classico e quello nordico fiabesco, le allegorie rinascimentali, i romanzi cavallereschi, la tradizione greco-latina: la commedia degli equivoci con gli amori incrociati di Ermia e Lisandro, Demetrio ed Elena, il bosco fatato di Oberon e Titania (che rievocano nei loro litigi quelli di Giove e Giunone), la malizia del folletto Puck (che reputa folli gli uomini e non fa altro che far innamorare le coppie sbagliate coi filtri del suo signore), la recita degli attori-artigiani che rappresentano l&#8217;opera nell&#8217;opera (il dramma di Piramo e Tisbe), infine il matrimonio mitologico di Teseo e Ippolita. Un complicato intreccio che la cifra registica di Binasco, con i suoi echi cinematografici e la capacit\u00e0 di isolare ed evidenziare i nodi narrativi delle opere, sar\u00e0 in grado di valorizzare al meglio.<\/p>\n<p><strong>Valerio Binasco<\/strong> \u00e8 dal 2018 il Direttore artistico del Teatro Stabile di Torino. Le sue scelte registiche si sono spesso orientate verso il teatro contemporaneo, con lavori da Pinter, Fosse, Paravidino, McPherson, che si sono alternati ai grandi classici. Ha vinto cinque premi Ubu e due Premi dell\u2019Associazione Nazionale dei Critici di Teatro, due premi Le Maschere del Teatro Italiano. Nella sua carriera \u00e8 stato diretto dai pi\u00f9 importanti registi italiani (Martone, Comencini, Giordana, Ozpetek); nel 2016 \u00e8 stato nominato per il David di Donatello come miglior attore non protagonista per il film <em>Alaska di Claudio Cupellini.<\/em> Tra le sue regie pi\u00f9 recenti e applaudite al Teatro Stabile di Torino: <em>Amleto, Arlecchino servitore di due padroni, Rumori fuori scena <\/em>(<strong>47\u00b0 Premio Internazionale Flaiano\u00a0per la regia teatrale)<\/strong><em>, Il piacere dell\u2019onest\u00e0, Le sedie. <\/em>Binasco diriger\u00e0 la Scuola per Attori del Teatro Stabile di Torino per il triennio 2021 \u2013 2024.<\/p>\n<p><strong>\u00a0<\/strong><strong>Accessibilit\u00e0<\/strong>. Dodici delle repliche in programma di S<em>ogno di una notte di mezza estate<\/em>, quelle dal 4 al 16 gennaio 2022, saranno accessibili: si potr\u00e0 assistere allo spettacolo con il supporto di soprattitoli in inglese e in italiano semplificato con descrizione dei suoni, attraverso l\u2019uso di <strong>smart-glasses<\/strong>, <strong>tablet<\/strong> o <strong>smartphone<\/strong>, in base alle esigenze dello spettatore. Saranno inoltre disponibili, a partire dal 24 dicembre 2021, sul sito internet del TST (predisposto per la lettura da parte di applicazioni screen reader) e sulla APP del TST, materiali di supporto realizzati <em>ad hoc<\/em> per la produzione: <strong>video di approfondimento con audio, sottotitoli e LIS e scheda semplificata di presentazione dello spettacolo<\/strong>. Un ulteriore passo in avanti verso la resa accessibile <em>for all<\/em> prevede la trasmissione in sala dell&#8217;audiointroduzione ad inizio spettacolo e l\u2019organizzazione di un tour descrittivo e tattile sul palcoscenico, con partecipazione gratuita fino esaurimento dei posti disponibili, previa prenotazione a accessibilita@teatrostabiletorino.it \u2013 0115169460.<\/p>\n<p>L\u2019iniziativa si inserisce nell\u2019ambito del bando <strong>SWITCH_Strategie e strumenti per la digital transformation nella cultura<\/strong>, sostenuto dalla Fondazione Compagnia di San Paolo, che ha consentito al Teatro Stabile di Torino di avviare un articolato processo di trasformazione digitale garantendo, grazie all\u2019adozione di tecnologie innovative, una maggiore accessibilit\u00e0 della propria offerta culturale. Il progetto \u00e8 stato sviluppato in collaborazione col partner tecnologico <strong>Panthea<\/strong> e la onlus <strong>+Cultura Accessibile<\/strong>.<\/p>\n<p>Per l\u2019utilizzo gratuito dei dispositivi per l\u2019accessibilit\u00e0 (smart-glasses, tablet o smartphone) \u00e8 necessaria la prenotazione dei biglietti, che potr\u00e0 essere effettuata contattando la biglietteria. Per maggiori informazioni visitare la pagina: www.teatrostabiletorino.it\/accessibilita<\/p>\n<p><strong>RETROSCENA<\/strong><br \/>\nProgetto realizzato dal <strong>Teatro Stabile di Torino \u2013 Teatro Nazionale<\/strong> con l<strong>\u2019Universit\u00e0 degli Studi di Torino \/ DAMS \u2013 Universit\u00e0 degli Studi di Torino \/ CRAD<\/strong><br \/>\n<strong>Teatro Gobetti, Sala Pasolini<\/strong><br \/>\n<strong>Mercoled\u00ec 15 dicembre 2021, ore 17.30<\/strong><br \/>\n<strong>Valerio Binasco<\/strong> e <strong>gli attori della Compagnia<\/strong><br \/>\ndialogano con <strong>Armando Petrini (DAMS \/ Universit\u00e0 di Torino)<\/strong><br \/>\nsu <strong>SOGNO DI UNA NOTTE DI MEZZA ESTATE<\/strong> di <strong>William Shakespeare<\/strong><\/p>\n<p><em>Ingresso libero fino a esaurimento dei posti disponibili<\/em><br \/>\n<em>Prenotazione obbligatoria sul sito www.teatrostabiletorino.it\/retroscena\/<\/em><\/p>\n<p>&nbsp;<\/p>\n<p><a href=\"http:\/\/www.teatrostabiletorino.it\/wp-content\/uploads\/2021\/12\/01_CS-Sogno-di-una-notte-di-mezza-estate.pdf\" target=\"_blank\" rel=\"noopener\">CS_Sogno di una notte di mezza estate<\/a><strong><br \/>\n<\/strong><\/p>\n<p><a href=\"https:\/\/www.dropbox.com\/sh\/m5bpq4rh5b3zy2e\/AACT-YVUlKJrzYRqKyUNPIHda?dl=0\" target=\"_blank\" rel=\"noopener\">Link per scaricare le foto di scena\u00a0 di Luigi De Palma<\/a><\/p>\n<p><a href=\"https:\/\/www.teatrostabiletorino.it\/wp-content\/uploads\/2021\/07\/quaderno_sogno_web.pdf\" target=\"_blank\" rel=\"noopener\">Quaderno di sala<\/a><\/p>\n\n\t\t<style type=\"text\/css\">\n\t\t\t#gallery-1 {\n\t\t\t\tmargin: auto;\n\t\t\t}\n\t\t\t#gallery-1 .gallery-item {\n\t\t\t\tfloat: left;\n\t\t\t\tmargin-top: 10px;\n\t\t\t\ttext-align: center;\n\t\t\t\twidth: 20%;\n\t\t\t}\n\t\t\t#gallery-1 img {\n\t\t\t\tborder: 2px solid #cfcfcf;\n\t\t\t}\n\t\t\t#gallery-1 .gallery-caption {\n\t\t\t\tmargin-left: 0;\n\t\t\t}\n\t\t\t\/* see gallery_shortcode() in wp-includes\/media.php *\/\n\t\t<\/style>\n\t\t<div id='gallery-1' class='gallery galleryid-50691 gallery-columns-5 gallery-size-thumbnail'><dl class='gallery-item'>\n\t\t\t<dt class='gallery-icon portrait'>\n\t\t\t\t<a data-rel=\"iLightbox[postimages]\" data-title=\"01_Sogno di una notte di mezza estate_ph Luigi De Palma_P1A5100\" data-caption=\"Valerio Binasco, Olivia Manescalchiph Luigi De Palma\" href='https:\/\/www.teatrostabiletorino.it\/wp-content\/uploads\/2021\/12\/01_Sogno-di-una-notte-di-mezza-estate_ph-Luigi-De-Palma_P1A5100.jpg'><img decoding=\"async\" width=\"150\" height=\"150\" src=\"https:\/\/www.teatrostabiletorino.it\/wp-content\/uploads\/2021\/12\/01_Sogno-di-una-notte-di-mezza-estate_ph-Luigi-De-Palma_P1A5100-150x150.jpg\" class=\"attachment-thumbnail size-thumbnail lazyload\" alt=\"\" aria-describedby=\"gallery-1-50798\" srcset=\"data:image\/svg+xml,%3Csvg%20xmlns%3D%27http%3A%2F%2Fwww.w3.org%2F2000%2Fsvg%27%20width%3D%271339%27%20height%3D%272008%27%20viewBox%3D%270%200%201339%202008%27%3E%3Crect%20width%3D%271339%27%20height%3D%272008%27%20fill-opacity%3D%220%22%2F%3E%3C%2Fsvg%3E\" data-orig-src=\"https:\/\/www.teatrostabiletorino.it\/wp-content\/uploads\/2021\/12\/01_Sogno-di-una-notte-di-mezza-estate_ph-Luigi-De-Palma_P1A5100-150x150.jpg\" data-srcset=\"https:\/\/www.teatrostabiletorino.it\/wp-content\/uploads\/2021\/12\/01_Sogno-di-una-notte-di-mezza-estate_ph-Luigi-De-Palma_P1A5100-66x66.jpg 66w, https:\/\/www.teatrostabiletorino.it\/wp-content\/uploads\/2021\/12\/01_Sogno-di-una-notte-di-mezza-estate_ph-Luigi-De-Palma_P1A5100-150x150.jpg 150w\" data-sizes=\"auto\" \/><\/a>\n\t\t\t<\/dt>\n\t\t\t\t<dd class='wp-caption-text gallery-caption' id='gallery-1-50798'>\n\t\t\t\tValerio Binasco, Olivia Manescalchi<br>ph Luigi De Palma\n\t\t\t\t<\/dd><\/dl><dl class='gallery-item'>\n\t\t\t<dt class='gallery-icon landscape'>\n\t\t\t\t<a data-rel=\"iLightbox[postimages]\" data-title=\"02_Sogno di una notte di mezza estate_ph Luigi De Palma_RR62421\" data-caption=\"da sx: Daniele Marmi, Lorenzo Frediani, Giordana Faggiano, Valerio Binasco, Olivia Manescalchiph Luigi De Palma\" href='https:\/\/www.teatrostabiletorino.it\/wp-content\/uploads\/2021\/12\/02_Sogno-di-una-notte-di-mezza-estate_ph-Luigi-De-Palma_RR62421.jpg'><img decoding=\"async\" width=\"150\" height=\"150\" src=\"https:\/\/www.teatrostabiletorino.it\/wp-content\/uploads\/2021\/12\/02_Sogno-di-una-notte-di-mezza-estate_ph-Luigi-De-Palma_RR62421-150x150.jpg\" class=\"attachment-thumbnail size-thumbnail lazyload\" alt=\"\" aria-describedby=\"gallery-1-50799\" srcset=\"data:image\/svg+xml,%3Csvg%20xmlns%3D%27http%3A%2F%2Fwww.w3.org%2F2000%2Fsvg%27%20width%3D%272048%27%20height%3D%271365%27%20viewBox%3D%270%200%202048%201365%27%3E%3Crect%20width%3D%272048%27%20height%3D%271365%27%20fill-opacity%3D%220%22%2F%3E%3C%2Fsvg%3E\" data-orig-src=\"https:\/\/www.teatrostabiletorino.it\/wp-content\/uploads\/2021\/12\/02_Sogno-di-una-notte-di-mezza-estate_ph-Luigi-De-Palma_RR62421-150x150.jpg\" data-srcset=\"https:\/\/www.teatrostabiletorino.it\/wp-content\/uploads\/2021\/12\/02_Sogno-di-una-notte-di-mezza-estate_ph-Luigi-De-Palma_RR62421-66x66.jpg 66w, https:\/\/www.teatrostabiletorino.it\/wp-content\/uploads\/2021\/12\/02_Sogno-di-una-notte-di-mezza-estate_ph-Luigi-De-Palma_RR62421-150x150.jpg 150w\" data-sizes=\"auto\" \/><\/a>\n\t\t\t<\/dt>\n\t\t\t\t<dd class='wp-caption-text gallery-caption' id='gallery-1-50799'>\n\t\t\t\tda sx: Daniele Marmi, Lorenzo Frediani, Giordana Faggiano, Valerio Binasco, Olivia Manescalchi<br>ph Luigi De Palma\n\t\t\t\t<\/dd><\/dl><dl class='gallery-item'>\n\t\t\t<dt class='gallery-icon landscape'>\n\t\t\t\t<a data-rel=\"iLightbox[postimages]\" data-title=\"03_Sogno di una notte di mezza estate_ph Luigi De Palma_P1A4593\" data-caption=\"Francesco Russo, Valerio Binascoph Luigi De Palma\" href='https:\/\/www.teatrostabiletorino.it\/wp-content\/uploads\/2021\/12\/03_Sogno-di-una-notte-di-mezza-estate_ph-Luigi-De-Palma_P1A4593.jpg'><img decoding=\"async\" width=\"150\" height=\"150\" src=\"https:\/\/www.teatrostabiletorino.it\/wp-content\/uploads\/2021\/12\/03_Sogno-di-una-notte-di-mezza-estate_ph-Luigi-De-Palma_P1A4593-150x150.jpg\" class=\"attachment-thumbnail size-thumbnail lazyload\" alt=\"\" aria-describedby=\"gallery-1-50800\" srcset=\"data:image\/svg+xml,%3Csvg%20xmlns%3D%27http%3A%2F%2Fwww.w3.org%2F2000%2Fsvg%27%20width%3D%272048%27%20height%3D%271365%27%20viewBox%3D%270%200%202048%201365%27%3E%3Crect%20width%3D%272048%27%20height%3D%271365%27%20fill-opacity%3D%220%22%2F%3E%3C%2Fsvg%3E\" data-orig-src=\"https:\/\/www.teatrostabiletorino.it\/wp-content\/uploads\/2021\/12\/03_Sogno-di-una-notte-di-mezza-estate_ph-Luigi-De-Palma_P1A4593-150x150.jpg\" data-srcset=\"https:\/\/www.teatrostabiletorino.it\/wp-content\/uploads\/2021\/12\/03_Sogno-di-una-notte-di-mezza-estate_ph-Luigi-De-Palma_P1A4593-66x66.jpg 66w, https:\/\/www.teatrostabiletorino.it\/wp-content\/uploads\/2021\/12\/03_Sogno-di-una-notte-di-mezza-estate_ph-Luigi-De-Palma_P1A4593-150x150.jpg 150w\" data-sizes=\"auto\" \/><\/a>\n\t\t\t<\/dt>\n\t\t\t\t<dd class='wp-caption-text gallery-caption' id='gallery-1-50800'>\n\t\t\t\tFrancesco Russo, Valerio Binasco<br>ph Luigi De Palma\n\t\t\t\t<\/dd><\/dl><dl class='gallery-item'>\n\t\t\t<dt class='gallery-icon landscape'>\n\t\t\t\t<a data-rel=\"iLightbox[postimages]\" data-title=\"04_Sogno di una notte di mezza estate_ph Luigi De Palma_RR68626\" data-caption=\"Francesco Russo, Valerio Binasco davanti: Valentina Spaletta Tavella, Letizia Russo, Olivia Manescalchi, Cristina Parku, Greta Petronilloph Luigi De Palma\" href='https:\/\/www.teatrostabiletorino.it\/wp-content\/uploads\/2021\/12\/04_Sogno-di-una-notte-di-mezza-estate_ph-Luigi-De-Palma_RR68626.jpg'><img decoding=\"async\" width=\"150\" height=\"150\" src=\"https:\/\/www.teatrostabiletorino.it\/wp-content\/uploads\/2021\/12\/04_Sogno-di-una-notte-di-mezza-estate_ph-Luigi-De-Palma_RR68626-150x150.jpg\" class=\"attachment-thumbnail size-thumbnail lazyload\" alt=\"\" aria-describedby=\"gallery-1-50801\" srcset=\"data:image\/svg+xml,%3Csvg%20xmlns%3D%27http%3A%2F%2Fwww.w3.org%2F2000%2Fsvg%27%20width%3D%272048%27%20height%3D%271365%27%20viewBox%3D%270%200%202048%201365%27%3E%3Crect%20width%3D%272048%27%20height%3D%271365%27%20fill-opacity%3D%220%22%2F%3E%3C%2Fsvg%3E\" data-orig-src=\"https:\/\/www.teatrostabiletorino.it\/wp-content\/uploads\/2021\/12\/04_Sogno-di-una-notte-di-mezza-estate_ph-Luigi-De-Palma_RR68626-150x150.jpg\" data-srcset=\"https:\/\/www.teatrostabiletorino.it\/wp-content\/uploads\/2021\/12\/04_Sogno-di-una-notte-di-mezza-estate_ph-Luigi-De-Palma_RR68626-66x66.jpg 66w, https:\/\/www.teatrostabiletorino.it\/wp-content\/uploads\/2021\/12\/04_Sogno-di-una-notte-di-mezza-estate_ph-Luigi-De-Palma_RR68626-150x150.jpg 150w\" data-sizes=\"auto\" \/><\/a>\n\t\t\t<\/dt>\n\t\t\t\t<dd class='wp-caption-text gallery-caption' id='gallery-1-50801'>\n\t\t\t\tFrancesco Russo, Valerio Binasco <br>davanti: Valentina Spaletta Tavella, Letizia Russo, Olivia Manescalchi, Cristina Parku, Greta Petronillo<br>ph Luigi De Palma\n\t\t\t\t<\/dd><\/dl><dl class='gallery-item'>\n\t\t\t<dt class='gallery-icon landscape'>\n\t\t\t\t<a data-rel=\"iLightbox[postimages]\" data-title=\"05_Sogno di una notte di mezza estate_ph Luigi De Palma_RR65087\" data-caption=\"Sogno di una notte di mezza estateda sx: Francesco Russo, Lorenzo Frediani, Giordana Faggiano, Fabrizio Costella, Valerio Binasco, Dalila Reasph Luigi De Palma\" href='https:\/\/www.teatrostabiletorino.it\/wp-content\/uploads\/2021\/12\/05_Sogno-di-una-notte-di-mezza-estate_ph-Luigi-De-Palma_RR65087.jpg'><img decoding=\"async\" width=\"150\" height=\"150\" src=\"https:\/\/www.teatrostabiletorino.it\/wp-content\/uploads\/2021\/12\/05_Sogno-di-una-notte-di-mezza-estate_ph-Luigi-De-Palma_RR65087-150x150.jpg\" class=\"attachment-thumbnail size-thumbnail lazyload\" alt=\"\" aria-describedby=\"gallery-1-50802\" srcset=\"data:image\/svg+xml,%3Csvg%20xmlns%3D%27http%3A%2F%2Fwww.w3.org%2F2000%2Fsvg%27%20width%3D%272048%27%20height%3D%271365%27%20viewBox%3D%270%200%202048%201365%27%3E%3Crect%20width%3D%272048%27%20height%3D%271365%27%20fill-opacity%3D%220%22%2F%3E%3C%2Fsvg%3E\" data-orig-src=\"https:\/\/www.teatrostabiletorino.it\/wp-content\/uploads\/2021\/12\/05_Sogno-di-una-notte-di-mezza-estate_ph-Luigi-De-Palma_RR65087-150x150.jpg\" data-srcset=\"https:\/\/www.teatrostabiletorino.it\/wp-content\/uploads\/2021\/12\/05_Sogno-di-una-notte-di-mezza-estate_ph-Luigi-De-Palma_RR65087-66x66.jpg 66w, https:\/\/www.teatrostabiletorino.it\/wp-content\/uploads\/2021\/12\/05_Sogno-di-una-notte-di-mezza-estate_ph-Luigi-De-Palma_RR65087-150x150.jpg 150w\" data-sizes=\"auto\" \/><\/a>\n\t\t\t<\/dt>\n\t\t\t\t<dd class='wp-caption-text gallery-caption' id='gallery-1-50802'>\n\t\t\t\tSogno di una notte di mezza estate<br>da sx: Francesco Russo, Lorenzo Frediani, Giordana Faggiano, Fabrizio Costella, Valerio Binasco, Dalila Reas<br>ph Luigi De Palma\n\t\t\t\t<\/dd><\/dl><br style=\"clear: both\" \/><dl class='gallery-item'>\n\t\t\t<dt class='gallery-icon landscape'>\n\t\t\t\t<a data-rel=\"iLightbox[postimages]\" data-title=\"06_Sogno di una notte di mezza estate_ph Luigi De Palma_RR69052\" data-caption=\"da sx: Letizia Russo, Michele Di Mauro, Greta Petronillo (dietro), Cristina Parku, Valentina Spaletta Tavellaph Luigi De Palma\" href='https:\/\/www.teatrostabiletorino.it\/wp-content\/uploads\/2021\/12\/06_Sogno-di-una-notte-di-mezza-estate_ph-Luigi-De-Palma_RR69052.jpg'><img decoding=\"async\" width=\"150\" height=\"150\" src=\"https:\/\/www.teatrostabiletorino.it\/wp-content\/uploads\/2021\/12\/06_Sogno-di-una-notte-di-mezza-estate_ph-Luigi-De-Palma_RR69052-150x150.jpg\" class=\"attachment-thumbnail size-thumbnail lazyload\" alt=\"\" aria-describedby=\"gallery-1-50803\" srcset=\"data:image\/svg+xml,%3Csvg%20xmlns%3D%27http%3A%2F%2Fwww.w3.org%2F2000%2Fsvg%27%20width%3D%272048%27%20height%3D%271365%27%20viewBox%3D%270%200%202048%201365%27%3E%3Crect%20width%3D%272048%27%20height%3D%271365%27%20fill-opacity%3D%220%22%2F%3E%3C%2Fsvg%3E\" data-orig-src=\"https:\/\/www.teatrostabiletorino.it\/wp-content\/uploads\/2021\/12\/06_Sogno-di-una-notte-di-mezza-estate_ph-Luigi-De-Palma_RR69052-150x150.jpg\" data-srcset=\"https:\/\/www.teatrostabiletorino.it\/wp-content\/uploads\/2021\/12\/06_Sogno-di-una-notte-di-mezza-estate_ph-Luigi-De-Palma_RR69052-66x66.jpg 66w, https:\/\/www.teatrostabiletorino.it\/wp-content\/uploads\/2021\/12\/06_Sogno-di-una-notte-di-mezza-estate_ph-Luigi-De-Palma_RR69052-150x150.jpg 150w\" data-sizes=\"auto\" \/><\/a>\n\t\t\t<\/dt>\n\t\t\t\t<dd class='wp-caption-text gallery-caption' id='gallery-1-50803'>\n\t\t\t\tda sx: Letizia Russo, Michele Di Mauro, Greta Petronillo (dietro), Cristina Parku, Valentina Spaletta Tavella<br>ph Luigi De Palma\n\t\t\t\t<\/dd><\/dl><dl class='gallery-item'>\n\t\t\t<dt class='gallery-icon portrait'>\n\t\t\t\t<a data-rel=\"iLightbox[postimages]\" data-title=\"07_Sogno di una notte di mezza estate_ph Luigi De Palma_P1A4475\" data-caption=\"Olivia Manescalchi, Valerio Binasco, Francesco Russoph Luigi De Palma\" href='https:\/\/www.teatrostabiletorino.it\/wp-content\/uploads\/2021\/12\/07_Sogno-di-una-notte-di-mezza-estate_ph-Luigi-De-Palma_P1A4475.jpg'><img decoding=\"async\" width=\"150\" height=\"150\" src=\"https:\/\/www.teatrostabiletorino.it\/wp-content\/uploads\/2021\/12\/07_Sogno-di-una-notte-di-mezza-estate_ph-Luigi-De-Palma_P1A4475-150x150.jpg\" class=\"attachment-thumbnail size-thumbnail lazyload\" alt=\"\" aria-describedby=\"gallery-1-50804\" srcset=\"data:image\/svg+xml,%3Csvg%20xmlns%3D%27http%3A%2F%2Fwww.w3.org%2F2000%2Fsvg%27%20width%3D%271339%27%20height%3D%272008%27%20viewBox%3D%270%200%201339%202008%27%3E%3Crect%20width%3D%271339%27%20height%3D%272008%27%20fill-opacity%3D%220%22%2F%3E%3C%2Fsvg%3E\" data-orig-src=\"https:\/\/www.teatrostabiletorino.it\/wp-content\/uploads\/2021\/12\/07_Sogno-di-una-notte-di-mezza-estate_ph-Luigi-De-Palma_P1A4475-150x150.jpg\" data-srcset=\"https:\/\/www.teatrostabiletorino.it\/wp-content\/uploads\/2021\/12\/07_Sogno-di-una-notte-di-mezza-estate_ph-Luigi-De-Palma_P1A4475-66x66.jpg 66w, https:\/\/www.teatrostabiletorino.it\/wp-content\/uploads\/2021\/12\/07_Sogno-di-una-notte-di-mezza-estate_ph-Luigi-De-Palma_P1A4475-150x150.jpg 150w\" data-sizes=\"auto\" \/><\/a>\n\t\t\t<\/dt>\n\t\t\t\t<dd class='wp-caption-text gallery-caption' id='gallery-1-50804'>\n\t\t\t\tOlivia Manescalchi, Valerio Binasco, Francesco Russo<br>ph Luigi De Palma\n\t\t\t\t<\/dd><\/dl><dl class='gallery-item'>\n\t\t\t<dt class='gallery-icon landscape'>\n\t\t\t\t<a data-rel=\"iLightbox[postimages]\" data-title=\"08_Sogno di una notte di mezza estate_ph Luigi De Palma_RR68648\" data-caption=\"in alto a sx: Valentina Spaletta Tavella, Letizia Russo davanti: Valerio Binasco, Olivia Manescalchi, Cristina Parku, Francesco Russoph Luigi De Palma\" href='https:\/\/www.teatrostabiletorino.it\/wp-content\/uploads\/2021\/12\/08_Sogno-di-una-notte-di-mezza-estate_ph-Luigi-De-Palma_RR68648.jpg'><img decoding=\"async\" width=\"150\" height=\"150\" src=\"https:\/\/www.teatrostabiletorino.it\/wp-content\/uploads\/2021\/12\/08_Sogno-di-una-notte-di-mezza-estate_ph-Luigi-De-Palma_RR68648-150x150.jpg\" class=\"attachment-thumbnail size-thumbnail lazyload\" alt=\"\" aria-describedby=\"gallery-1-50805\" srcset=\"data:image\/svg+xml,%3Csvg%20xmlns%3D%27http%3A%2F%2Fwww.w3.org%2F2000%2Fsvg%27%20width%3D%271890%27%20height%3D%271260%27%20viewBox%3D%270%200%201890%201260%27%3E%3Crect%20width%3D%271890%27%20height%3D%271260%27%20fill-opacity%3D%220%22%2F%3E%3C%2Fsvg%3E\" data-orig-src=\"https:\/\/www.teatrostabiletorino.it\/wp-content\/uploads\/2021\/12\/08_Sogno-di-una-notte-di-mezza-estate_ph-Luigi-De-Palma_RR68648-150x150.jpg\" data-srcset=\"https:\/\/www.teatrostabiletorino.it\/wp-content\/uploads\/2021\/12\/08_Sogno-di-una-notte-di-mezza-estate_ph-Luigi-De-Palma_RR68648-66x66.jpg 66w, https:\/\/www.teatrostabiletorino.it\/wp-content\/uploads\/2021\/12\/08_Sogno-di-una-notte-di-mezza-estate_ph-Luigi-De-Palma_RR68648-150x150.jpg 150w\" data-sizes=\"auto\" \/><\/a>\n\t\t\t<\/dt>\n\t\t\t\t<dd class='wp-caption-text gallery-caption' id='gallery-1-50805'>\n\t\t\t\tin alto a sx: Valentina Spaletta Tavella, Letizia Russo davanti: Valerio Binasco, Olivia Manescalchi, Cristina Parku, Francesco Russo<br>ph Luigi De Palma\n\t\t\t\t<\/dd><\/dl><dl class='gallery-item'>\n\t\t\t<dt class='gallery-icon landscape'>\n\t\t\t\t<a data-rel=\"iLightbox[postimages]\" data-title=\"09_Sogno di una notte di mezza estate_ph Luigi De Palma_RR60911\" data-caption=\"da sx: Letizia Russo, Fabrizio Costella, Lorenzo Frediani, Valentina Spaletta Tavella, Valerio Binasco, Dalila Reas, Francesco Russoph Luigi De Palma\" href='https:\/\/www.teatrostabiletorino.it\/wp-content\/uploads\/2021\/12\/09_Sogno-di-una-notte-di-mezza-estate_ph-Luigi-De-Palma_RR60911.jpg'><img decoding=\"async\" width=\"150\" height=\"150\" src=\"https:\/\/www.teatrostabiletorino.it\/wp-content\/uploads\/2021\/12\/09_Sogno-di-una-notte-di-mezza-estate_ph-Luigi-De-Palma_RR60911-150x150.jpg\" class=\"attachment-thumbnail size-thumbnail lazyload\" alt=\"\" aria-describedby=\"gallery-1-50806\" srcset=\"data:image\/svg+xml,%3Csvg%20xmlns%3D%27http%3A%2F%2Fwww.w3.org%2F2000%2Fsvg%27%20width%3D%272048%27%20height%3D%271365%27%20viewBox%3D%270%200%202048%201365%27%3E%3Crect%20width%3D%272048%27%20height%3D%271365%27%20fill-opacity%3D%220%22%2F%3E%3C%2Fsvg%3E\" data-orig-src=\"https:\/\/www.teatrostabiletorino.it\/wp-content\/uploads\/2021\/12\/09_Sogno-di-una-notte-di-mezza-estate_ph-Luigi-De-Palma_RR60911-150x150.jpg\" data-srcset=\"https:\/\/www.teatrostabiletorino.it\/wp-content\/uploads\/2021\/12\/09_Sogno-di-una-notte-di-mezza-estate_ph-Luigi-De-Palma_RR60911-66x66.jpg 66w, https:\/\/www.teatrostabiletorino.it\/wp-content\/uploads\/2021\/12\/09_Sogno-di-una-notte-di-mezza-estate_ph-Luigi-De-Palma_RR60911-150x150.jpg 150w\" data-sizes=\"auto\" \/><\/a>\n\t\t\t<\/dt>\n\t\t\t\t<dd class='wp-caption-text gallery-caption' id='gallery-1-50806'>\n\t\t\t\tda sx: Letizia Russo, Fabrizio Costella, Lorenzo Frediani, Valentina Spaletta Tavella, Valerio Binasco, Dalila Reas, Francesco Russo<br>ph Luigi De Palma\n\t\t\t\t<\/dd><\/dl><dl class='gallery-item'>\n\t\t\t<dt class='gallery-icon landscape'>\n\t\t\t\t<a data-rel=\"iLightbox[postimages]\" data-title=\"10_Sogno di una notte di mezza estate_ph Luigi De Palma_RR68109\" data-caption=\"da sx: Nicola Pannelli, Franco Ravera, Michele Di Mauro, Davide Antenucci (dietro), Daniele Marmi, Michele Schiano di Colaph Luigi De Palma\" href='https:\/\/www.teatrostabiletorino.it\/wp-content\/uploads\/2021\/12\/10_Sogno-di-una-notte-di-mezza-estate_ph-Luigi-De-Palma_RR68109.jpg'><img decoding=\"async\" width=\"150\" height=\"150\" src=\"https:\/\/www.teatrostabiletorino.it\/wp-content\/uploads\/2021\/12\/10_Sogno-di-una-notte-di-mezza-estate_ph-Luigi-De-Palma_RR68109-150x150.jpg\" class=\"attachment-thumbnail size-thumbnail lazyload\" alt=\"\" aria-describedby=\"gallery-1-50807\" srcset=\"data:image\/svg+xml,%3Csvg%20xmlns%3D%27http%3A%2F%2Fwww.w3.org%2F2000%2Fsvg%27%20width%3D%272048%27%20height%3D%271365%27%20viewBox%3D%270%200%202048%201365%27%3E%3Crect%20width%3D%272048%27%20height%3D%271365%27%20fill-opacity%3D%220%22%2F%3E%3C%2Fsvg%3E\" data-orig-src=\"https:\/\/www.teatrostabiletorino.it\/wp-content\/uploads\/2021\/12\/10_Sogno-di-una-notte-di-mezza-estate_ph-Luigi-De-Palma_RR68109-150x150.jpg\" data-srcset=\"https:\/\/www.teatrostabiletorino.it\/wp-content\/uploads\/2021\/12\/10_Sogno-di-una-notte-di-mezza-estate_ph-Luigi-De-Palma_RR68109-66x66.jpg 66w, https:\/\/www.teatrostabiletorino.it\/wp-content\/uploads\/2021\/12\/10_Sogno-di-una-notte-di-mezza-estate_ph-Luigi-De-Palma_RR68109-150x150.jpg 150w\" data-sizes=\"auto\" \/><\/a>\n\t\t\t<\/dt>\n\t\t\t\t<dd class='wp-caption-text gallery-caption' id='gallery-1-50807'>\n\t\t\t\tda sx: Nicola Pannelli, Franco Ravera, Michele Di Mauro, Davide Antenucci (dietro), Daniele Marmi, Michele Schiano di Cola<br>ph Luigi De Palma\n\t\t\t\t<\/dd><\/dl><br style=\"clear: both\" \/><dl class='gallery-item'>\n\t\t\t<dt class='gallery-icon landscape'>\n\t\t\t\t<a data-rel=\"iLightbox[postimages]\" data-title=\"12_Sogno di una notte di mezza estate_ph Luigi De Palma_RR69490\" data-caption=\"da sx: Daniele Marmi, Davie Antenucci, Michele Schiano di Cola, Michele Di Mauro, Franco Ravera (dietro)ph Luigi De Palma\" href='https:\/\/www.teatrostabiletorino.it\/wp-content\/uploads\/2021\/12\/12_Sogno-di-una-notte-di-mezza-estate_ph-Luigi-De-Palma_RR69490.jpg'><img decoding=\"async\" width=\"150\" height=\"150\" src=\"https:\/\/www.teatrostabiletorino.it\/wp-content\/uploads\/2021\/12\/12_Sogno-di-una-notte-di-mezza-estate_ph-Luigi-De-Palma_RR69490-150x150.jpg\" class=\"attachment-thumbnail size-thumbnail lazyload\" alt=\"\" aria-describedby=\"gallery-1-50809\" srcset=\"data:image\/svg+xml,%3Csvg%20xmlns%3D%27http%3A%2F%2Fwww.w3.org%2F2000%2Fsvg%27%20width%3D%272048%27%20height%3D%271365%27%20viewBox%3D%270%200%202048%201365%27%3E%3Crect%20width%3D%272048%27%20height%3D%271365%27%20fill-opacity%3D%220%22%2F%3E%3C%2Fsvg%3E\" data-orig-src=\"https:\/\/www.teatrostabiletorino.it\/wp-content\/uploads\/2021\/12\/12_Sogno-di-una-notte-di-mezza-estate_ph-Luigi-De-Palma_RR69490-150x150.jpg\" data-srcset=\"https:\/\/www.teatrostabiletorino.it\/wp-content\/uploads\/2021\/12\/12_Sogno-di-una-notte-di-mezza-estate_ph-Luigi-De-Palma_RR69490-66x66.jpg 66w, https:\/\/www.teatrostabiletorino.it\/wp-content\/uploads\/2021\/12\/12_Sogno-di-una-notte-di-mezza-estate_ph-Luigi-De-Palma_RR69490-150x150.jpg 150w\" data-sizes=\"auto\" \/><\/a>\n\t\t\t<\/dt>\n\t\t\t\t<dd class='wp-caption-text gallery-caption' id='gallery-1-50809'>\n\t\t\t\tda sx: Daniele Marmi, Davie Antenucci, Michele Schiano di Cola, Michele Di Mauro, Franco Ravera (dietro)<br>ph Luigi De Palma\n\t\t\t\t<\/dd><\/dl><dl class='gallery-item'>\n\t\t\t<dt class='gallery-icon landscape'>\n\t\t\t\t<a data-rel=\"iLightbox[postimages]\" data-title=\"13_Sogno di una notte di mezza estate_ph Luigi De Palma_P1A5961\" data-caption=\"davanti: Valerio Binasco, Olivia Manescalchidietro, da sx: Cristina Parku, Greta Petronillo, Letizia Russo, Valentina Spaletta Tavellaph Luigi De Palma\" href='https:\/\/www.teatrostabiletorino.it\/wp-content\/uploads\/2021\/12\/13_Sogno-di-una-notte-di-mezza-estate_ph-Luigi-De-Palma_P1A5961.jpg'><img decoding=\"async\" width=\"150\" height=\"150\" src=\"https:\/\/www.teatrostabiletorino.it\/wp-content\/uploads\/2021\/12\/13_Sogno-di-una-notte-di-mezza-estate_ph-Luigi-De-Palma_P1A5961-150x150.jpg\" class=\"attachment-thumbnail size-thumbnail lazyload\" alt=\"\" aria-describedby=\"gallery-1-50810\" srcset=\"data:image\/svg+xml,%3Csvg%20xmlns%3D%27http%3A%2F%2Fwww.w3.org%2F2000%2Fsvg%27%20width%3D%272048%27%20height%3D%271365%27%20viewBox%3D%270%200%202048%201365%27%3E%3Crect%20width%3D%272048%27%20height%3D%271365%27%20fill-opacity%3D%220%22%2F%3E%3C%2Fsvg%3E\" data-orig-src=\"https:\/\/www.teatrostabiletorino.it\/wp-content\/uploads\/2021\/12\/13_Sogno-di-una-notte-di-mezza-estate_ph-Luigi-De-Palma_P1A5961-150x150.jpg\" data-srcset=\"https:\/\/www.teatrostabiletorino.it\/wp-content\/uploads\/2021\/12\/13_Sogno-di-una-notte-di-mezza-estate_ph-Luigi-De-Palma_P1A5961-66x66.jpg 66w, https:\/\/www.teatrostabiletorino.it\/wp-content\/uploads\/2021\/12\/13_Sogno-di-una-notte-di-mezza-estate_ph-Luigi-De-Palma_P1A5961-150x150.jpg 150w\" data-sizes=\"auto\" \/><\/a>\n\t\t\t<\/dt>\n\t\t\t\t<dd class='wp-caption-text gallery-caption' id='gallery-1-50810'>\n\t\t\t\tdavanti: Valerio Binasco, Olivia Manescalchi<br>dietro, da sx: Cristina Parku, Greta Petronillo, Letizia Russo, Valentina Spaletta Tavella<br>ph Luigi De Palma\n\t\t\t\t<\/dd><\/dl><dl class='gallery-item'>\n\t\t\t<dt class='gallery-icon landscape'>\n\t\t\t\t<a data-rel=\"iLightbox[postimages]\" data-title=\"14_Sogno di una notte di mezza estate_ph Luigi De Palma_P1A5263\" data-caption=\"da sx: Davide Antenucci, Michele Schiano di Cola, Nicola Pannelli, Daniele Marmiph Luigi De Palma\" href='https:\/\/www.teatrostabiletorino.it\/wp-content\/uploads\/2021\/12\/14_Sogno-di-una-notte-di-mezza-estate_ph-Luigi-De-Palma_P1A5263.jpg'><img decoding=\"async\" width=\"150\" height=\"150\" src=\"https:\/\/www.teatrostabiletorino.it\/wp-content\/uploads\/2021\/12\/14_Sogno-di-una-notte-di-mezza-estate_ph-Luigi-De-Palma_P1A5263-150x150.jpg\" class=\"attachment-thumbnail size-thumbnail lazyload\" alt=\"\" aria-describedby=\"gallery-1-50811\" srcset=\"data:image\/svg+xml,%3Csvg%20xmlns%3D%27http%3A%2F%2Fwww.w3.org%2F2000%2Fsvg%27%20width%3D%272048%27%20height%3D%271365%27%20viewBox%3D%270%200%202048%201365%27%3E%3Crect%20width%3D%272048%27%20height%3D%271365%27%20fill-opacity%3D%220%22%2F%3E%3C%2Fsvg%3E\" data-orig-src=\"https:\/\/www.teatrostabiletorino.it\/wp-content\/uploads\/2021\/12\/14_Sogno-di-una-notte-di-mezza-estate_ph-Luigi-De-Palma_P1A5263-150x150.jpg\" data-srcset=\"https:\/\/www.teatrostabiletorino.it\/wp-content\/uploads\/2021\/12\/14_Sogno-di-una-notte-di-mezza-estate_ph-Luigi-De-Palma_P1A5263-66x66.jpg 66w, https:\/\/www.teatrostabiletorino.it\/wp-content\/uploads\/2021\/12\/14_Sogno-di-una-notte-di-mezza-estate_ph-Luigi-De-Palma_P1A5263-150x150.jpg 150w\" data-sizes=\"auto\" \/><\/a>\n\t\t\t<\/dt>\n\t\t\t\t<dd class='wp-caption-text gallery-caption' id='gallery-1-50811'>\n\t\t\t\tda sx: Davide Antenucci, Michele Schiano di Cola, Nicola Pannelli, Daniele Marmi<br>ph Luigi De Palma\n\t\t\t\t<\/dd><\/dl><dl class='gallery-item'>\n\t\t\t<dt class='gallery-icon landscape'>\n\t\t\t\t<a data-rel=\"iLightbox[postimages]\" data-title=\"15_Sogno di una notte di mezza estate_ph Luigi De Palma_RR63341\" data-caption=\"Scena d\u2019insiemeph Luigi De Palma\" href='https:\/\/www.teatrostabiletorino.it\/wp-content\/uploads\/2021\/12\/15_Sogno-di-una-notte-di-mezza-estate_ph-Luigi-De-Palma_RR63341.jpg'><img decoding=\"async\" width=\"150\" height=\"150\" src=\"https:\/\/www.teatrostabiletorino.it\/wp-content\/uploads\/2021\/12\/15_Sogno-di-una-notte-di-mezza-estate_ph-Luigi-De-Palma_RR63341-150x150.jpg\" class=\"attachment-thumbnail size-thumbnail lazyload\" alt=\"\" aria-describedby=\"gallery-1-50812\" srcset=\"data:image\/svg+xml,%3Csvg%20xmlns%3D%27http%3A%2F%2Fwww.w3.org%2F2000%2Fsvg%27%20width%3D%272048%27%20height%3D%271365%27%20viewBox%3D%270%200%202048%201365%27%3E%3Crect%20width%3D%272048%27%20height%3D%271365%27%20fill-opacity%3D%220%22%2F%3E%3C%2Fsvg%3E\" data-orig-src=\"https:\/\/www.teatrostabiletorino.it\/wp-content\/uploads\/2021\/12\/15_Sogno-di-una-notte-di-mezza-estate_ph-Luigi-De-Palma_RR63341-150x150.jpg\" data-srcset=\"https:\/\/www.teatrostabiletorino.it\/wp-content\/uploads\/2021\/12\/15_Sogno-di-una-notte-di-mezza-estate_ph-Luigi-De-Palma_RR63341-66x66.jpg 66w, https:\/\/www.teatrostabiletorino.it\/wp-content\/uploads\/2021\/12\/15_Sogno-di-una-notte-di-mezza-estate_ph-Luigi-De-Palma_RR63341-150x150.jpg 150w\" data-sizes=\"auto\" \/><\/a>\n\t\t\t<\/dt>\n\t\t\t\t<dd class='wp-caption-text gallery-caption' id='gallery-1-50812'>\n\t\t\t\tScena d\u2019insieme<br>ph Luigi De Palma\n\t\t\t\t<\/dd><\/dl>\n\t\t\t<br style='clear: both' \/>\n\t\t<\/div>\n\n<p>&nbsp;<\/p>","protected":false},"excerpt":{"rendered":"<p>Sorry, this entry is only available in Italiano.Marted\u00ec 14 dicembre 2021, alle ore 19.30, debutta <a href=\"https:\/\/www.teatrostabiletorino.it\/en\/il-teatro-stabile-di-torino-propone-in-prima-nazionale-sogno-di-una-notte-di-mezza-estate-di-william-shakespeare-nuova-produzione-diretta-e-interpretata-da-valerio-binascotorino-t\/\"> [+]<\/a><\/p>\n","protected":false},"author":2,"featured_media":50700,"comment_status":"open","ping_status":"open","sticky":false,"template":"","format":"standard","meta":{"_acf_changed":false,"footnotes":""},"categories":[149],"tags":[],"acf":[],"_links":{"self":[{"href":"https:\/\/www.teatrostabiletorino.it\/en\/wp-json\/wp\/v2\/posts\/50691"}],"collection":[{"href":"https:\/\/www.teatrostabiletorino.it\/en\/wp-json\/wp\/v2\/posts"}],"about":[{"href":"https:\/\/www.teatrostabiletorino.it\/en\/wp-json\/wp\/v2\/types\/post"}],"author":[{"embeddable":true,"href":"https:\/\/www.teatrostabiletorino.it\/en\/wp-json\/wp\/v2\/users\/2"}],"replies":[{"embeddable":true,"href":"https:\/\/www.teatrostabiletorino.it\/en\/wp-json\/wp\/v2\/comments?post=50691"}],"version-history":[{"count":0,"href":"https:\/\/www.teatrostabiletorino.it\/en\/wp-json\/wp\/v2\/posts\/50691\/revisions"}],"wp:featuredmedia":[{"embeddable":true,"href":"https:\/\/www.teatrostabiletorino.it\/en\/wp-json\/wp\/v2\/media\/50700"}],"wp:attachment":[{"href":"https:\/\/www.teatrostabiletorino.it\/en\/wp-json\/wp\/v2\/media?parent=50691"}],"wp:term":[{"taxonomy":"category","embeddable":true,"href":"https:\/\/www.teatrostabiletorino.it\/en\/wp-json\/wp\/v2\/categories?post=50691"},{"taxonomy":"post_tag","embeddable":true,"href":"https:\/\/www.teatrostabiletorino.it\/en\/wp-json\/wp\/v2\/tags?post=50691"}],"curies":[{"name":"wp","href":"https:\/\/api.w.org\/{rel}","templated":true}]}}