{"id":51214,"date":"2022-01-27T13:21:39","date_gmt":"2022-01-27T12:21:39","guid":{"rendered":"https:\/\/www.teatrostabiletorino.it\/?p=51214"},"modified":"2022-01-27T13:21:39","modified_gmt":"2022-01-27T12:21:39","slug":"al-teatro-carignano-debutta-moby-dick-alla-prova-nelladattamento-di-orson-welles-dal-romanzo-di-melville-per-la-regia-di-elio-de-capitaniteatro-carignano-8-20-feb","status":"publish","type":"post","link":"https:\/\/www.teatrostabiletorino.it\/en\/al-teatro-carignano-debutta-moby-dick-alla-prova-nelladattamento-di-orson-welles-dal-romanzo-di-melville-per-la-regia-di-elio-de-capitaniteatro-carignano-8-20-feb\/","title":{"rendered":"AL TEATRO CARIGNANO DEBUTTA \u201cMOBY DICK ALLA PROVA\u201d NELL\u2019ADATTAMENTO DI ORSON WELLES DAL ROMANZO DI MELVILLE PER LA REGIA DI ELIO DE CAPITANI<br>Teatro Carignano, 8 \u2013 20 febbraio 2022"},"content":{"rendered":"<p class=\"qtranxs-available-languages-message qtranxs-available-languages-message-en\">Sorry, this entry is only available in <a href=\"https:\/\/www.teatrostabiletorino.it\/it\/wp-json\/wp\/v2\/posts\/51214\" class=\"qtranxs-available-language-link qtranxs-available-language-link-it\" title=\"Italiano\">Italiano<\/a>.<\/p><p>Marted\u00ec 8 febbraio 2022, alle ore 19.30, debutta al Teatro Carignano di Torino <strong><em>Moby Dick alla prova<\/em><\/strong> di <strong>Orson Welles<\/strong>, un adattamento dal romanzo di <strong>Herman<\/strong> <strong>Melville<\/strong>, nella traduzione di <strong>Cristina Viti<\/strong>, per la regia di <strong>Elio De Capitani<\/strong>. Lo spettacolo vedr\u00e0 in scena lo stesso De Capitani insieme a <strong>Cristina<\/strong> <strong>Crippa<\/strong>, <strong>Angelo<\/strong> <strong>Di<\/strong> <strong>Genio<\/strong>, <strong>Marco<\/strong> <strong>Bonadei<\/strong>, <strong>Enzo<\/strong> <strong>Curcur\u00f9<\/strong>, <strong>Alessandro<\/strong> <strong>Lussiana<\/strong>, <strong>Massimo<\/strong> <strong>Somaglino<\/strong>, <strong>Michele<\/strong> <strong>Costabile<\/strong>, <strong>Giulia<\/strong> <strong>Viana<\/strong>, <strong>Vincenzo<\/strong> <strong>Zampa<\/strong>, <strong>Mario Arcari<\/strong>. I costumi sono di <strong>Ferdinando Bruni<\/strong>, le maschere di<strong> Marco Bonadei<\/strong> e le musiche dal vivo di<strong> Mario Arcari <\/strong>e<strong> Francesca Breschi<\/strong>. Le luci sono di <strong>Michele<\/strong> <strong>Ceglia<\/strong>, il suono di <strong>Gianfranco Turco<\/strong>.<\/p>\n<p>Elio De Capitani sceglie un testo teatrale finora sconosciuto ai nostri palcoscenici, sebbene scritto (e, a suo tempo, diretto e interpretato) da uno dei pi\u00f9 grandi artisti del Novecento. <em>Moby Dick alla prova<\/em> rivela la potenza scenica dell&#8217;Orson Welles drammaturgo, ossessionato dal ritmo narrativo e musicale della creazione teatrale, sia nella dimensione della parola che dell\u2019azione fisica. Lo spettacolo, una coproduzione del Teatro dell\u2019Elfo e del Teatro Stabile di Torino \u2013 Teatro Nazionale, sar\u00e0 in scena nella stagione in abbonamento dello Stabile fino a domenica 20 febbraio 2022.<\/p>\n<p><strong>\u00a0<\/strong><\/p>\n<p><strong>Note di Regia di Elio De Capitani<\/strong><\/p>\n<p>Una duratura e magnifica ossessione quella di Welles per <em>Moby-Dick<\/em>. E finalmente il 16 giugno 1955, al Duke of York\u2019s Theatre di Londra, va in scena per lottare personalmente con le sue balene bianche: Melville, il palco vuoto e la sala piena di spettatori. \u00c8 un successo.<\/p>\n<p>Eppure al pubblico non d\u00e0 n\u00e9 mare, n\u00e9 balene n\u00e9 navi. Solo un palco vuoto, una compagnia di attori, se stesso in quattro ruoli: \u00e8 Achab e padre Mapple, ma \u00e8 anche Re Lear ed \u00e8 un impresario teatrale che convince la sua compagnia ad allontanarsi da Shakespeare e a seguirlo in una nuova avventura. Soprattutto Welles al pubblico d\u00e0 il suo testo, su cui ha lavorato per mesi, trovando appunto una via indiretta per affrontare la sfida di mettere in scena il romanzo: passare per <em>Re Lear<\/em>, lo spettacolo che la compagnia sta recitando ogni sera, che getta un ponte tra Melville e Shakespeare, scivolando dall\u2019ostinazione di Lear (che la vita, atroce maestra, infine redimer\u00e0) all\u2019ostinazione irredimibile, fino all\u2019ultimo istante, del capitano Achab.<\/p>\n<p>Il <em>blank verse<\/em> \u2013 per noi splendidamente tradotto dalla poetessa Cristina Viti \u2013 restituisce con forza d\u2019immagini la prosa del romanzo, trasformando rapidamente l\u2019iniziale entrare e uscire dal personaggio, che il capocomico Welles e i suoi attori fanno come ogni compagnia in prova, in una travolgente e intensa rappresentazione dello scontro, titanico e insensato, tra uomo e natura. Oltre alla traduzione, un secondo potente motore di questa nostra versione del capolavoro di Welles \u00e8 una ciurma d\u2019attori pi\u00f9 che pronti alla sfida: un cast che salda le eccellenze artistiche di tre generazioni dell\u2019ensemble dell\u2019Elfo, nel quale anche molti dei giovani hanno un curriculum ricco di premi; quando i teatri erano chiusi, con la vita ferma fuori dalle mura del teatro, gli attori, i musicisti e le maestranze hanno trovato l\u2019assoluta concentrazione e le prove sono diventate un ritiro totalizzante. Terzo importante elemento dello spettacolo \u00e8 la musica, che abita intensamente e dal vivo la scena (sia nel canto degli <em>sea shanties,<\/em> che strumentale), portentosa magia generatrice di emozioni profonde.<\/p>\n<p>Ed \u00e8 stato cos\u00ec che il capodoglio bianco ha preso anche la nostra vita. Da quando abbiamo iniziato a portare sulla scena il <em>Moby Dick alla prova<\/em> di Orson Welles, la duplice natura del grande mammifero marino ci tormenta. [\u2026]<\/p>\n<p>Diciamolo: <em>Moby-Dick<\/em> parla di noi, oggi. Ne parla come solo l\u2019arte sa fare. Cogliendo il respiro dei secoli \u2013 tra passato e futuro \u2013 nel respiro di ogni istante della nostra vita.<\/p>\n<p><a href=\"http:\/\/www.teatrostabiletorino.it\/wp-content\/uploads\/2022\/01\/01_CS_Moby-Dick-alla-prova.pdf\" target=\"_blank\" rel=\"noopener\">CS_Moby Dick alla prova<\/a><\/p>\n\n\t\t<style type=\"text\/css\">\n\t\t\t#gallery-1 {\n\t\t\t\tmargin: auto;\n\t\t\t}\n\t\t\t#gallery-1 .gallery-item {\n\t\t\t\tfloat: left;\n\t\t\t\tmargin-top: 10px;\n\t\t\t\ttext-align: center;\n\t\t\t\twidth: 20%;\n\t\t\t}\n\t\t\t#gallery-1 img {\n\t\t\t\tborder: 2px solid #cfcfcf;\n\t\t\t}\n\t\t\t#gallery-1 .gallery-caption {\n\t\t\t\tmargin-left: 0;\n\t\t\t}\n\t\t\t\/* see gallery_shortcode() in wp-includes\/media.php *\/\n\t\t<\/style>\n\t\t<div id='gallery-1' class='gallery galleryid-51214 gallery-columns-5 gallery-size-thumbnail'><dl class='gallery-item'>\n\t\t\t<dt class='gallery-icon landscape'>\n\t\t\t\t<a data-rel=\"iLightbox[postimages]\" data-title=\"01_Moby_Dick-ph_Marcella Foccardi\" data-caption=\"Moby Dick_Michele Costabile_Elio De Capitani_Enzo Curcur\u00f9ph_Marcella Foccardi\" href='https:\/\/www.teatrostabiletorino.it\/wp-content\/uploads\/2022\/01\/01_Moby_Dick-ph_Marcella-Foccardi.jpg'><img decoding=\"async\" width=\"150\" height=\"150\" src=\"https:\/\/www.teatrostabiletorino.it\/wp-content\/uploads\/2022\/01\/01_Moby_Dick-ph_Marcella-Foccardi-150x150.jpg\" class=\"attachment-thumbnail size-thumbnail lazyload\" alt=\"\" aria-describedby=\"gallery-1-51216\" srcset=\"data:image\/svg+xml,%3Csvg%20xmlns%3D%27http%3A%2F%2Fwww.w3.org%2F2000%2Fsvg%27%20width%3D%272126%27%20height%3D%271418%27%20viewBox%3D%270%200%202126%201418%27%3E%3Crect%20width%3D%272126%27%20height%3D%271418%27%20fill-opacity%3D%220%22%2F%3E%3C%2Fsvg%3E\" data-orig-src=\"https:\/\/www.teatrostabiletorino.it\/wp-content\/uploads\/2022\/01\/01_Moby_Dick-ph_Marcella-Foccardi-150x150.jpg\" data-srcset=\"https:\/\/www.teatrostabiletorino.it\/wp-content\/uploads\/2022\/01\/01_Moby_Dick-ph_Marcella-Foccardi-66x66.jpg 66w, https:\/\/www.teatrostabiletorino.it\/wp-content\/uploads\/2022\/01\/01_Moby_Dick-ph_Marcella-Foccardi-150x150.jpg 150w\" data-sizes=\"auto\" \/><\/a>\n\t\t\t<\/dt>\n\t\t\t\t<dd class='wp-caption-text gallery-caption' id='gallery-1-51216'>\n\t\t\t\tMoby Dick_Michele Costabile_Elio De Capitani_Enzo Curcur\u00f9<br>ph_Marcella Foccardi\n\t\t\t\t<\/dd><\/dl><dl class='gallery-item'>\n\t\t\t<dt class='gallery-icon landscape'>\n\t\t\t\t<a data-rel=\"iLightbox[postimages]\" data-title=\"02_Moby_Dick-ph_Marcella Foccardi\" data-caption=\"Moby Dick_Elio De Capitani_Angelo Di Genioph_Marcella Foccardi\" href='https:\/\/www.teatrostabiletorino.it\/wp-content\/uploads\/2022\/01\/02_Moby_Dick-ph_Marcella-Foccardi.jpg'><img decoding=\"async\" width=\"150\" height=\"150\" src=\"https:\/\/www.teatrostabiletorino.it\/wp-content\/uploads\/2022\/01\/02_Moby_Dick-ph_Marcella-Foccardi-150x150.jpg\" class=\"attachment-thumbnail size-thumbnail lazyload\" alt=\"\" aria-describedby=\"gallery-1-51217\" srcset=\"data:image\/svg+xml,%3Csvg%20xmlns%3D%27http%3A%2F%2Fwww.w3.org%2F2000%2Fsvg%27%20width%3D%272126%27%20height%3D%271418%27%20viewBox%3D%270%200%202126%201418%27%3E%3Crect%20width%3D%272126%27%20height%3D%271418%27%20fill-opacity%3D%220%22%2F%3E%3C%2Fsvg%3E\" data-orig-src=\"https:\/\/www.teatrostabiletorino.it\/wp-content\/uploads\/2022\/01\/02_Moby_Dick-ph_Marcella-Foccardi-150x150.jpg\" data-srcset=\"https:\/\/www.teatrostabiletorino.it\/wp-content\/uploads\/2022\/01\/02_Moby_Dick-ph_Marcella-Foccardi-66x66.jpg 66w, https:\/\/www.teatrostabiletorino.it\/wp-content\/uploads\/2022\/01\/02_Moby_Dick-ph_Marcella-Foccardi-150x150.jpg 150w\" data-sizes=\"auto\" \/><\/a>\n\t\t\t<\/dt>\n\t\t\t\t<dd class='wp-caption-text gallery-caption' id='gallery-1-51217'>\n\t\t\t\tMoby Dick_Elio De Capitani_Angelo Di Genio<br>ph_Marcella Foccardi\n\t\t\t\t<\/dd><\/dl><dl class='gallery-item'>\n\t\t\t<dt class='gallery-icon landscape'>\n\t\t\t\t<a data-rel=\"iLightbox[postimages]\" data-title=\"03_Moby_Dick-ph_Marcella Foccardi\" data-caption=\"Moby Dickph_Marcella Foccardi\" href='https:\/\/www.teatrostabiletorino.it\/wp-content\/uploads\/2022\/01\/03_Moby_Dick-ph_Marcella-Foccardi.jpg'><img decoding=\"async\" width=\"150\" height=\"150\" src=\"https:\/\/www.teatrostabiletorino.it\/wp-content\/uploads\/2022\/01\/03_Moby_Dick-ph_Marcella-Foccardi-150x150.jpg\" class=\"attachment-thumbnail size-thumbnail lazyload\" alt=\"\" aria-describedby=\"gallery-1-51218\" srcset=\"data:image\/svg+xml,%3Csvg%20xmlns%3D%27http%3A%2F%2Fwww.w3.org%2F2000%2Fsvg%27%20width%3D%272126%27%20height%3D%271418%27%20viewBox%3D%270%200%202126%201418%27%3E%3Crect%20width%3D%272126%27%20height%3D%271418%27%20fill-opacity%3D%220%22%2F%3E%3C%2Fsvg%3E\" data-orig-src=\"https:\/\/www.teatrostabiletorino.it\/wp-content\/uploads\/2022\/01\/03_Moby_Dick-ph_Marcella-Foccardi-150x150.jpg\" data-srcset=\"https:\/\/www.teatrostabiletorino.it\/wp-content\/uploads\/2022\/01\/03_Moby_Dick-ph_Marcella-Foccardi-66x66.jpg 66w, https:\/\/www.teatrostabiletorino.it\/wp-content\/uploads\/2022\/01\/03_Moby_Dick-ph_Marcella-Foccardi-150x150.jpg 150w\" data-sizes=\"auto\" \/><\/a>\n\t\t\t<\/dt>\n\t\t\t\t<dd class='wp-caption-text gallery-caption' id='gallery-1-51218'>\n\t\t\t\tMoby Dick<br>ph_Marcella Foccardi\n\t\t\t\t<\/dd><\/dl><dl class='gallery-item'>\n\t\t\t<dt class='gallery-icon landscape'>\n\t\t\t\t<a data-rel=\"iLightbox[postimages]\" data-title=\"04_Moby_Dick-ph_Marcella Foccardi\" data-caption=\"Moby Dickph_Marcella Foccardi\" href='https:\/\/www.teatrostabiletorino.it\/wp-content\/uploads\/2022\/01\/04_Moby_Dick-ph_Marcella-Foccardi.jpg'><img decoding=\"async\" width=\"150\" height=\"150\" src=\"https:\/\/www.teatrostabiletorino.it\/wp-content\/uploads\/2022\/01\/04_Moby_Dick-ph_Marcella-Foccardi-150x150.jpg\" class=\"attachment-thumbnail size-thumbnail lazyload\" alt=\"\" aria-describedby=\"gallery-1-51219\" srcset=\"data:image\/svg+xml,%3Csvg%20xmlns%3D%27http%3A%2F%2Fwww.w3.org%2F2000%2Fsvg%27%20width%3D%272126%27%20height%3D%271418%27%20viewBox%3D%270%200%202126%201418%27%3E%3Crect%20width%3D%272126%27%20height%3D%271418%27%20fill-opacity%3D%220%22%2F%3E%3C%2Fsvg%3E\" data-orig-src=\"https:\/\/www.teatrostabiletorino.it\/wp-content\/uploads\/2022\/01\/04_Moby_Dick-ph_Marcella-Foccardi-150x150.jpg\" data-srcset=\"https:\/\/www.teatrostabiletorino.it\/wp-content\/uploads\/2022\/01\/04_Moby_Dick-ph_Marcella-Foccardi-66x66.jpg 66w, https:\/\/www.teatrostabiletorino.it\/wp-content\/uploads\/2022\/01\/04_Moby_Dick-ph_Marcella-Foccardi-150x150.jpg 150w\" data-sizes=\"auto\" \/><\/a>\n\t\t\t<\/dt>\n\t\t\t\t<dd class='wp-caption-text gallery-caption' id='gallery-1-51219'>\n\t\t\t\tMoby Dick<br>ph_Marcella Foccardi\n\t\t\t\t<\/dd><\/dl><dl class='gallery-item'>\n\t\t\t<dt class='gallery-icon landscape'>\n\t\t\t\t<a data-rel=\"iLightbox[postimages]\" data-title=\"05_Moby_Dick-ph_Marcella Foccardi\" data-caption=\"Moby Dick_Elio De Capitaniph_Marcella Foccardi\" href='https:\/\/www.teatrostabiletorino.it\/wp-content\/uploads\/2022\/01\/05_Moby_Dick-ph_Marcella-Foccardi.jpg'><img decoding=\"async\" width=\"150\" height=\"150\" src=\"https:\/\/www.teatrostabiletorino.it\/wp-content\/uploads\/2022\/01\/05_Moby_Dick-ph_Marcella-Foccardi-150x150.jpg\" class=\"attachment-thumbnail size-thumbnail lazyload\" alt=\"\" aria-describedby=\"gallery-1-51220\" srcset=\"data:image\/svg+xml,%3Csvg%20xmlns%3D%27http%3A%2F%2Fwww.w3.org%2F2000%2Fsvg%27%20width%3D%272126%27%20height%3D%271418%27%20viewBox%3D%270%200%202126%201418%27%3E%3Crect%20width%3D%272126%27%20height%3D%271418%27%20fill-opacity%3D%220%22%2F%3E%3C%2Fsvg%3E\" data-orig-src=\"https:\/\/www.teatrostabiletorino.it\/wp-content\/uploads\/2022\/01\/05_Moby_Dick-ph_Marcella-Foccardi-150x150.jpg\" data-srcset=\"https:\/\/www.teatrostabiletorino.it\/wp-content\/uploads\/2022\/01\/05_Moby_Dick-ph_Marcella-Foccardi-66x66.jpg 66w, https:\/\/www.teatrostabiletorino.it\/wp-content\/uploads\/2022\/01\/05_Moby_Dick-ph_Marcella-Foccardi-150x150.jpg 150w\" data-sizes=\"auto\" \/><\/a>\n\t\t\t<\/dt>\n\t\t\t\t<dd class='wp-caption-text gallery-caption' id='gallery-1-51220'>\n\t\t\t\tMoby Dick_Elio De Capitani<br>ph_Marcella Foccardi\n\t\t\t\t<\/dd><\/dl><br style=\"clear: both\" \/><dl class='gallery-item'>\n\t\t\t<dt class='gallery-icon landscape'>\n\t\t\t\t<a data-rel=\"iLightbox[postimages]\" data-title=\"06_Moby_Dick-ph_Marcella Foccardi\" data-caption=\"Moby Dick_Elio De Capitaniph_Marcella Foccardi\" href='https:\/\/www.teatrostabiletorino.it\/wp-content\/uploads\/2022\/01\/06_Moby_Dick-ph_Marcella-Foccardi.jpg'><img decoding=\"async\" width=\"150\" height=\"150\" src=\"https:\/\/www.teatrostabiletorino.it\/wp-content\/uploads\/2022\/01\/06_Moby_Dick-ph_Marcella-Foccardi-150x150.jpg\" class=\"attachment-thumbnail size-thumbnail lazyload\" alt=\"\" aria-describedby=\"gallery-1-51221\" srcset=\"data:image\/svg+xml,%3Csvg%20xmlns%3D%27http%3A%2F%2Fwww.w3.org%2F2000%2Fsvg%27%20width%3D%272126%27%20height%3D%271418%27%20viewBox%3D%270%200%202126%201418%27%3E%3Crect%20width%3D%272126%27%20height%3D%271418%27%20fill-opacity%3D%220%22%2F%3E%3C%2Fsvg%3E\" data-orig-src=\"https:\/\/www.teatrostabiletorino.it\/wp-content\/uploads\/2022\/01\/06_Moby_Dick-ph_Marcella-Foccardi-150x150.jpg\" data-srcset=\"https:\/\/www.teatrostabiletorino.it\/wp-content\/uploads\/2022\/01\/06_Moby_Dick-ph_Marcella-Foccardi-66x66.jpg 66w, https:\/\/www.teatrostabiletorino.it\/wp-content\/uploads\/2022\/01\/06_Moby_Dick-ph_Marcella-Foccardi-150x150.jpg 150w\" data-sizes=\"auto\" \/><\/a>\n\t\t\t<\/dt>\n\t\t\t\t<dd class='wp-caption-text gallery-caption' id='gallery-1-51221'>\n\t\t\t\tMoby Dick_Elio De Capitani<br>ph_Marcella Foccardi\n\t\t\t\t<\/dd><\/dl><dl class='gallery-item'>\n\t\t\t<dt class='gallery-icon landscape'>\n\t\t\t\t<a data-rel=\"iLightbox[postimages]\" data-title=\"07_Moby_Dick-ph_Marcella Foccardi\" data-caption=\"Moby Dick_Giulia Viana_Elio De Capitaniph_Marcella Foccardi\" href='https:\/\/www.teatrostabiletorino.it\/wp-content\/uploads\/2022\/01\/07_Moby_Dick-ph_Marcella-Foccardi.jpg'><img decoding=\"async\" width=\"150\" height=\"150\" src=\"https:\/\/www.teatrostabiletorino.it\/wp-content\/uploads\/2022\/01\/07_Moby_Dick-ph_Marcella-Foccardi-150x150.jpg\" class=\"attachment-thumbnail size-thumbnail lazyload\" alt=\"\" aria-describedby=\"gallery-1-51222\" srcset=\"data:image\/svg+xml,%3Csvg%20xmlns%3D%27http%3A%2F%2Fwww.w3.org%2F2000%2Fsvg%27%20width%3D%272126%27%20height%3D%271418%27%20viewBox%3D%270%200%202126%201418%27%3E%3Crect%20width%3D%272126%27%20height%3D%271418%27%20fill-opacity%3D%220%22%2F%3E%3C%2Fsvg%3E\" data-orig-src=\"https:\/\/www.teatrostabiletorino.it\/wp-content\/uploads\/2022\/01\/07_Moby_Dick-ph_Marcella-Foccardi-150x150.jpg\" data-srcset=\"https:\/\/www.teatrostabiletorino.it\/wp-content\/uploads\/2022\/01\/07_Moby_Dick-ph_Marcella-Foccardi-66x66.jpg 66w, https:\/\/www.teatrostabiletorino.it\/wp-content\/uploads\/2022\/01\/07_Moby_Dick-ph_Marcella-Foccardi-150x150.jpg 150w\" data-sizes=\"auto\" \/><\/a>\n\t\t\t<\/dt>\n\t\t\t\t<dd class='wp-caption-text gallery-caption' id='gallery-1-51222'>\n\t\t\t\tMoby Dick_Giulia Viana_Elio De Capitani<br>ph_Marcella Foccardi\n\t\t\t\t<\/dd><\/dl><dl class='gallery-item'>\n\t\t\t<dt class='gallery-icon landscape'>\n\t\t\t\t<a data-rel=\"iLightbox[postimages]\" data-title=\"08_Moby_Dick-ph_Marcella Foccardi\" data-caption=\"Moby Dick_Marco Bonadeiph_Marcella Foccardi\" href='https:\/\/www.teatrostabiletorino.it\/wp-content\/uploads\/2022\/01\/08_Moby_Dick-ph_Marcella-Foccardi.jpg'><img decoding=\"async\" width=\"150\" height=\"150\" src=\"https:\/\/www.teatrostabiletorino.it\/wp-content\/uploads\/2022\/01\/08_Moby_Dick-ph_Marcella-Foccardi-150x150.jpg\" class=\"attachment-thumbnail size-thumbnail lazyload\" alt=\"\" aria-describedby=\"gallery-1-51223\" srcset=\"data:image\/svg+xml,%3Csvg%20xmlns%3D%27http%3A%2F%2Fwww.w3.org%2F2000%2Fsvg%27%20width%3D%272126%27%20height%3D%271418%27%20viewBox%3D%270%200%202126%201418%27%3E%3Crect%20width%3D%272126%27%20height%3D%271418%27%20fill-opacity%3D%220%22%2F%3E%3C%2Fsvg%3E\" data-orig-src=\"https:\/\/www.teatrostabiletorino.it\/wp-content\/uploads\/2022\/01\/08_Moby_Dick-ph_Marcella-Foccardi-150x150.jpg\" data-srcset=\"https:\/\/www.teatrostabiletorino.it\/wp-content\/uploads\/2022\/01\/08_Moby_Dick-ph_Marcella-Foccardi-66x66.jpg 66w, https:\/\/www.teatrostabiletorino.it\/wp-content\/uploads\/2022\/01\/08_Moby_Dick-ph_Marcella-Foccardi-150x150.jpg 150w\" data-sizes=\"auto\" \/><\/a>\n\t\t\t<\/dt>\n\t\t\t\t<dd class='wp-caption-text gallery-caption' id='gallery-1-51223'>\n\t\t\t\tMoby Dick_Marco Bonadei<br>ph_Marcella Foccardi\n\t\t\t\t<\/dd><\/dl><dl class='gallery-item'>\n\t\t\t<dt class='gallery-icon landscape'>\n\t\t\t\t<a data-rel=\"iLightbox[postimages]\" data-title=\"09_Moby_Dick-ph_Marcella Foccardi\" data-caption=\"Moby Dick_Angelo Di Genioph_Marcella Foccardi\" href='https:\/\/www.teatrostabiletorino.it\/wp-content\/uploads\/2022\/01\/09_Moby_Dick-ph_Marcella-Foccardi.jpg'><img decoding=\"async\" width=\"150\" height=\"150\" src=\"https:\/\/www.teatrostabiletorino.it\/wp-content\/uploads\/2022\/01\/09_Moby_Dick-ph_Marcella-Foccardi-150x150.jpg\" class=\"attachment-thumbnail size-thumbnail lazyload\" alt=\"\" aria-describedby=\"gallery-1-51224\" srcset=\"data:image\/svg+xml,%3Csvg%20xmlns%3D%27http%3A%2F%2Fwww.w3.org%2F2000%2Fsvg%27%20width%3D%272126%27%20height%3D%271418%27%20viewBox%3D%270%200%202126%201418%27%3E%3Crect%20width%3D%272126%27%20height%3D%271418%27%20fill-opacity%3D%220%22%2F%3E%3C%2Fsvg%3E\" data-orig-src=\"https:\/\/www.teatrostabiletorino.it\/wp-content\/uploads\/2022\/01\/09_Moby_Dick-ph_Marcella-Foccardi-150x150.jpg\" data-srcset=\"https:\/\/www.teatrostabiletorino.it\/wp-content\/uploads\/2022\/01\/09_Moby_Dick-ph_Marcella-Foccardi-66x66.jpg 66w, https:\/\/www.teatrostabiletorino.it\/wp-content\/uploads\/2022\/01\/09_Moby_Dick-ph_Marcella-Foccardi-150x150.jpg 150w\" data-sizes=\"auto\" \/><\/a>\n\t\t\t<\/dt>\n\t\t\t\t<dd class='wp-caption-text gallery-caption' id='gallery-1-51224'>\n\t\t\t\tMoby Dick_Angelo Di Genio<br>ph_Marcella Foccardi\n\t\t\t\t<\/dd><\/dl>\n\t\t\t<br style='clear: both' \/>\n\t\t<\/div>\n\n<p>&nbsp;<\/p>","protected":false},"excerpt":{"rendered":"<p>Sorry, this entry is only available in Italiano.Marted\u00ec 8 febbraio 2022, alle ore 19.30, debutta <a href=\"https:\/\/www.teatrostabiletorino.it\/en\/al-teatro-carignano-debutta-moby-dick-alla-prova-nelladattamento-di-orson-welles-dal-romanzo-di-melville-per-la-regia-di-elio-de-capitaniteatro-carignano-8-20-feb\/\"> [+]<\/a><\/p>\n","protected":false},"author":2,"featured_media":51218,"comment_status":"open","ping_status":"open","sticky":false,"template":"","format":"standard","meta":{"_acf_changed":false,"footnotes":""},"categories":[149],"tags":[],"acf":[],"_links":{"self":[{"href":"https:\/\/www.teatrostabiletorino.it\/en\/wp-json\/wp\/v2\/posts\/51214"}],"collection":[{"href":"https:\/\/www.teatrostabiletorino.it\/en\/wp-json\/wp\/v2\/posts"}],"about":[{"href":"https:\/\/www.teatrostabiletorino.it\/en\/wp-json\/wp\/v2\/types\/post"}],"author":[{"embeddable":true,"href":"https:\/\/www.teatrostabiletorino.it\/en\/wp-json\/wp\/v2\/users\/2"}],"replies":[{"embeddable":true,"href":"https:\/\/www.teatrostabiletorino.it\/en\/wp-json\/wp\/v2\/comments?post=51214"}],"version-history":[{"count":0,"href":"https:\/\/www.teatrostabiletorino.it\/en\/wp-json\/wp\/v2\/posts\/51214\/revisions"}],"wp:featuredmedia":[{"embeddable":true,"href":"https:\/\/www.teatrostabiletorino.it\/en\/wp-json\/wp\/v2\/media\/51218"}],"wp:attachment":[{"href":"https:\/\/www.teatrostabiletorino.it\/en\/wp-json\/wp\/v2\/media?parent=51214"}],"wp:term":[{"taxonomy":"category","embeddable":true,"href":"https:\/\/www.teatrostabiletorino.it\/en\/wp-json\/wp\/v2\/categories?post=51214"},{"taxonomy":"post_tag","embeddable":true,"href":"https:\/\/www.teatrostabiletorino.it\/en\/wp-json\/wp\/v2\/tags?post=51214"}],"curies":[{"name":"wp","href":"https:\/\/api.w.org\/{rel}","templated":true}]}}