{"id":51362,"date":"2022-02-11T17:00:31","date_gmt":"2022-02-11T16:00:31","guid":{"rendered":"https:\/\/www.teatrostabiletorino.it\/?p=51362"},"modified":"2022-02-15T15:01:36","modified_gmt":"2022-02-15T14:01:36","slug":"va-in-scena-al-teatro-carignano-il-silenzio-grande-di-maurizio-de-giovanni-con-massimiliano-gallo-e-stefania-rocca-per-la-regia-di-alessandro-gassmann-teatro-carignano-22-febbraio","status":"publish","type":"post","link":"https:\/\/www.teatrostabiletorino.it\/en\/va-in-scena-al-teatro-carignano-il-silenzio-grande-di-maurizio-de-giovanni-con-massimiliano-gallo-e-stefania-rocca-per-la-regia-di-alessandro-gassmann-teatro-carignano-22-febbraio\/","title":{"rendered":"VA IN SCENA AL TEATRO CARIGNANO \u201cIL SILENZIO GRANDE\u201d DI MAURIZIO DE GIOVANNI CON MASSIMILIANO GALLO E STEFANIA ROCCA PER LA REGIA DI ALESSANDRO GASSMANN <br> Teatro Carignano, 22 febbraio \u2013 6 marzo 2022"},"content":{"rendered":"<p class=\"qtranxs-available-languages-message qtranxs-available-languages-message-en\">Sorry, this entry is only available in <a href=\"https:\/\/www.teatrostabiletorino.it\/it\/wp-json\/wp\/v2\/posts\/51362\" class=\"qtranxs-available-language-link qtranxs-available-language-link-it\" title=\"Italiano\">Italiano<\/a>.<\/p><p>Marted\u00ec 22 febbraio 2022, alle ore 19.30, debutta al Teatro Carignano di Torino <strong><em>Il silenzio grande<\/em><\/strong> di <strong>Maurizio de Giovanni<\/strong> per la regia di <strong>Alessandro Gassmann<\/strong>. Lo spettacolo vedr\u00e0 in scena <strong>Massimiliano<\/strong> <strong>Gallo<\/strong>, <strong>Stefania Rocca<\/strong>,<strong> Pina Giarman\u00e0<\/strong>,<strong> Paola Senatore<\/strong>,<strong> Jacopo Sorbini<\/strong>. Le scene sono di<strong> Gianluca Amodio<\/strong>, i costumi di <strong>Mariano Tufano<\/strong> e il suono di <strong>Paolo<\/strong> <strong>Cillerai<\/strong>, light desiger <strong>Marco<\/strong> <strong>Palmieri<\/strong>. Le elaborazioni video sono di <strong>Marco<\/strong> <strong>Schiavoni <\/strong>e le musiche originali di <strong>Pivio &amp; Aldo De Scalzi<\/strong>.<\/p>\n<p>Lo spettacolo, prodotto da Diana OR.I.S., sar\u00e0 in scena nella stagione in abbonamento dello Stabile fino a domenica 6 marzo 2022.<\/p>\n<p>Due figli d\u2019arte, Alessandro Gassmann e Massimiliano Gallo, sono rispettivamente regista e interprete della prima commedia di Maurizio de Giovanni, gi\u00e0 inventore di appassionanti vicende letterarie, rese celebri dalla televisione (<em>Il commissario Ricciardi<\/em>, <em>I bastardi di Pizzofalcone<\/em>).<\/p>\n<p>Nella Napoli del 1969, in una villa sopra Posillipo, vivono un famoso scrittore, la sua famiglia, la servit\u00f9. Un quadro domestico rassicurante solo in apparenza: di fronte alla decisione di vendere la casa, ogni personaggio trova il coraggio di confrontarsi con il padre, dando cos\u00ec vita a un commovente catalogo di rapporti familiari, tra presente, futuro, speranze e rimpianti.<\/p>\n<p><strong>\u00a0<\/strong><\/p>\n<p><strong>Note di Regia di Alessandro Gassmann<\/strong><\/p>\n<p>L&#8217;incontro con Maurizio de Giovanni \u00e8 stato, nella mia carriera recente, portatore di novit\u00e0 importanti e di progetti che mi hanno appassionato. In <em>Qualcuno vol\u00f2 sul nido del cuculo<\/em> l&#8217;adattamento di Maurizio mi ha permesso di portare quella storia che trasuda umanit\u00e0, in Italia nel 1982, conferendole una immediatezza ed una riconoscibilit\u00e0 ancora pi\u00f9 efficaci per il nostro pubblico, regalando allo spettacolo un successo straordinario.<\/p>\n<p>Ho poi approfondito la mia conoscenza delle umanit\u00e0 raccontate da de Giovanni, interpretando l&#8217;ispettore Lojacono nella fortunatissima serie televisiva <em>I bastardi di Pizzofalcone<\/em>. Quando in una pausa a pranzo con Maurizio parlammo de <em>Il silenzio grande<\/em> vidi l&#8217;idea nascere l\u00ec in pochi minuti. Ebbi subito la sensazione che, nelle sue mani, un tema importante come quello dei rapporti familiari, del tempo che scorre, del luogo dove le nostre vite scorrono e mutano negli anni, ovvero la casa, avrebbe avuto una evoluzione emozionante e sorprendente. Immagino uno spettacolo dove le verit\u00e0 che i protagonisti si dicono, a volte si urlano o si sussurrano, possano farvi riconoscere; dove, come sempre accade, anche nei momenti pi\u00f9 drammatici, possano esplodere risate, divertimento, insomma la vita.<\/p>\n<p>Questa \u00e8 una delle funzioni che il teatro pu\u00f2 avere, quella di raccontarci come siamo, potremmo essere o anche quello che avremmo potuto essere. Questa storia ha poi al suo interno grandissime sorprese, misteri che solo un grande scrittore di gialli come Maurizio de Giovanni avrebbe saputo maneggiare con questa abilit\u00e0 e che la rendono davvero un piccolo classico contemporaneo.<\/p>\n<p>Per rendere al meglio, il teatro necessita di attori che aderiscano in modo moderno ai personaggi e penso che Massimiliano Gallo, con il quale ho condiviso set e avventure cinematografiche, sia oggi uno degli attori italiani pi\u00f9 efficaci e completi. Sar\u00e0 per me una grande gioia dirigerlo in un personaggio per lui ideale. Questo facciamo a teatro, o almeno ci sforziamo di fare: cerchiamo disperatamente la verit\u00e0, e confidiamo nella vostra voglia di crederci.<\/p>\n<p>&nbsp;<\/p>\n<p><a href=\"http:\/\/www.teatrostabiletorino.it\/wp-content\/uploads\/2022\/02\/01_CS_Il-silenzio-grande.pdf\" target=\"_blank\" rel=\"noopener\">CS_Il silenzio grande<\/a><\/p>\n\n\t\t<style type=\"text\/css\">\n\t\t\t#gallery-1 {\n\t\t\t\tmargin: auto;\n\t\t\t}\n\t\t\t#gallery-1 .gallery-item {\n\t\t\t\tfloat: left;\n\t\t\t\tmargin-top: 10px;\n\t\t\t\ttext-align: center;\n\t\t\t\twidth: 20%;\n\t\t\t}\n\t\t\t#gallery-1 img {\n\t\t\t\tborder: 2px solid #cfcfcf;\n\t\t\t}\n\t\t\t#gallery-1 .gallery-caption {\n\t\t\t\tmargin-left: 0;\n\t\t\t}\n\t\t\t\/* see gallery_shortcode() in wp-includes\/media.php *\/\n\t\t<\/style>\n\t\t<div id='gallery-1' class='gallery galleryid-51362 gallery-columns-5 gallery-size-thumbnail'><dl class='gallery-item'>\n\t\t\t<dt class='gallery-icon landscape'>\n\t\t\t\t<a data-rel=\"iLightbox[postimages]\" data-title=\"03_Il silenzio grande_ph_Manuela Giusto\" data-caption=\"Il silenzio grandeph_Manuela Giusto\" href='https:\/\/www.teatrostabiletorino.it\/wp-content\/uploads\/2022\/02\/03_Il-silenzio-grande_ph_Manuela-Giusto.jpg'><img decoding=\"async\" width=\"150\" height=\"150\" src=\"https:\/\/www.teatrostabiletorino.it\/wp-content\/uploads\/2022\/02\/03_Il-silenzio-grande_ph_Manuela-Giusto-150x150.jpg\" class=\"attachment-thumbnail size-thumbnail lazyload\" alt=\"\" aria-describedby=\"gallery-1-51366\" srcset=\"data:image\/svg+xml,%3Csvg%20xmlns%3D%27http%3A%2F%2Fwww.w3.org%2F2000%2Fsvg%27%20width%3D%271200%27%20height%3D%27776%27%20viewBox%3D%270%200%201200%20776%27%3E%3Crect%20width%3D%271200%27%20height%3D%27776%27%20fill-opacity%3D%220%22%2F%3E%3C%2Fsvg%3E\" data-orig-src=\"https:\/\/www.teatrostabiletorino.it\/wp-content\/uploads\/2022\/02\/03_Il-silenzio-grande_ph_Manuela-Giusto-150x150.jpg\" data-srcset=\"https:\/\/www.teatrostabiletorino.it\/wp-content\/uploads\/2022\/02\/03_Il-silenzio-grande_ph_Manuela-Giusto-66x66.jpg 66w, https:\/\/www.teatrostabiletorino.it\/wp-content\/uploads\/2022\/02\/03_Il-silenzio-grande_ph_Manuela-Giusto-150x150.jpg 150w\" data-sizes=\"auto\" \/><\/a>\n\t\t\t<\/dt>\n\t\t\t\t<dd class='wp-caption-text gallery-caption' id='gallery-1-51366'>\n\t\t\t\tIl silenzio grande<br>ph_Manuela Giusto\n\t\t\t\t<\/dd><\/dl><dl class='gallery-item'>\n\t\t\t<dt class='gallery-icon portrait'>\n\t\t\t\t<a data-rel=\"iLightbox[postimages]\" data-title=\"02_Il silenzio grande_ph_Manuela Giusto\" data-caption=\"Il silenzio grandeph_Manuela Giusto\" href='https:\/\/www.teatrostabiletorino.it\/wp-content\/uploads\/2022\/02\/02_Il-silenzio-grande_ph_Manuela-Giusto-1.jpg'><img decoding=\"async\" width=\"150\" height=\"150\" src=\"https:\/\/www.teatrostabiletorino.it\/wp-content\/uploads\/2022\/02\/02_Il-silenzio-grande_ph_Manuela-Giusto-1-150x150.jpg\" class=\"attachment-thumbnail size-thumbnail lazyload\" alt=\"\" aria-describedby=\"gallery-1-51405\" srcset=\"data:image\/svg+xml,%3Csvg%20xmlns%3D%27http%3A%2F%2Fwww.w3.org%2F2000%2Fsvg%27%20width%3D%27808%27%20height%3D%271200%27%20viewBox%3D%270%200%20808%201200%27%3E%3Crect%20width%3D%27808%27%20height%3D%271200%27%20fill-opacity%3D%220%22%2F%3E%3C%2Fsvg%3E\" data-orig-src=\"https:\/\/www.teatrostabiletorino.it\/wp-content\/uploads\/2022\/02\/02_Il-silenzio-grande_ph_Manuela-Giusto-1-150x150.jpg\" data-srcset=\"https:\/\/www.teatrostabiletorino.it\/wp-content\/uploads\/2022\/02\/02_Il-silenzio-grande_ph_Manuela-Giusto-1-66x66.jpg 66w, https:\/\/www.teatrostabiletorino.it\/wp-content\/uploads\/2022\/02\/02_Il-silenzio-grande_ph_Manuela-Giusto-1-150x150.jpg 150w\" data-sizes=\"auto\" \/><\/a>\n\t\t\t<\/dt>\n\t\t\t\t<dd class='wp-caption-text gallery-caption' id='gallery-1-51405'>\n\t\t\t\tIl silenzio grande<br>ph_Manuela Giusto\n\t\t\t\t<\/dd><\/dl><dl class='gallery-item'>\n\t\t\t<dt class='gallery-icon portrait'>\n\t\t\t\t<a data-rel=\"iLightbox[postimages]\" data-title=\"08_Il silenzio grande_ph_Manuela Giusto\" data-caption=\"Il silenzio grandeph_Manuela Giusto\" href='https:\/\/www.teatrostabiletorino.it\/wp-content\/uploads\/2022\/02\/08_Il-silenzio-grande_ph_Manuela-Giusto.jpg'><img decoding=\"async\" width=\"150\" height=\"150\" src=\"https:\/\/www.teatrostabiletorino.it\/wp-content\/uploads\/2022\/02\/08_Il-silenzio-grande_ph_Manuela-Giusto-150x150.jpg\" class=\"attachment-thumbnail size-thumbnail lazyload\" alt=\"\" aria-describedby=\"gallery-1-51371\" srcset=\"data:image\/svg+xml,%3Csvg%20xmlns%3D%27http%3A%2F%2Fwww.w3.org%2F2000%2Fsvg%27%20width%3D%27809%27%20height%3D%271200%27%20viewBox%3D%270%200%20809%201200%27%3E%3Crect%20width%3D%27809%27%20height%3D%271200%27%20fill-opacity%3D%220%22%2F%3E%3C%2Fsvg%3E\" data-orig-src=\"https:\/\/www.teatrostabiletorino.it\/wp-content\/uploads\/2022\/02\/08_Il-silenzio-grande_ph_Manuela-Giusto-150x150.jpg\" data-srcset=\"https:\/\/www.teatrostabiletorino.it\/wp-content\/uploads\/2022\/02\/08_Il-silenzio-grande_ph_Manuela-Giusto-66x66.jpg 66w, https:\/\/www.teatrostabiletorino.it\/wp-content\/uploads\/2022\/02\/08_Il-silenzio-grande_ph_Manuela-Giusto-150x150.jpg 150w\" data-sizes=\"auto\" \/><\/a>\n\t\t\t<\/dt>\n\t\t\t\t<dd class='wp-caption-text gallery-caption' id='gallery-1-51371'>\n\t\t\t\tIl silenzio grande<br>ph_Manuela Giusto\n\t\t\t\t<\/dd><\/dl><dl class='gallery-item'>\n\t\t\t<dt class='gallery-icon landscape'>\n\t\t\t\t<a data-rel=\"iLightbox[postimages]\" data-title=\"04_Il silenzio grande_ph_Manuela Giusto\" data-caption=\"Il silenzio grandeph_Manuela Giusto\" href='https:\/\/www.teatrostabiletorino.it\/wp-content\/uploads\/2022\/02\/04_Il-silenzio-grande_ph_Manuela-Giusto-1.jpg'><img decoding=\"async\" width=\"150\" height=\"150\" src=\"https:\/\/www.teatrostabiletorino.it\/wp-content\/uploads\/2022\/02\/04_Il-silenzio-grande_ph_Manuela-Giusto-1-150x150.jpg\" class=\"attachment-thumbnail size-thumbnail lazyload\" alt=\"\" aria-describedby=\"gallery-1-51406\" srcset=\"data:image\/svg+xml,%3Csvg%20xmlns%3D%27http%3A%2F%2Fwww.w3.org%2F2000%2Fsvg%27%20width%3D%271200%27%20height%3D%27743%27%20viewBox%3D%270%200%201200%20743%27%3E%3Crect%20width%3D%271200%27%20height%3D%27743%27%20fill-opacity%3D%220%22%2F%3E%3C%2Fsvg%3E\" data-orig-src=\"https:\/\/www.teatrostabiletorino.it\/wp-content\/uploads\/2022\/02\/04_Il-silenzio-grande_ph_Manuela-Giusto-1-150x150.jpg\" data-srcset=\"https:\/\/www.teatrostabiletorino.it\/wp-content\/uploads\/2022\/02\/04_Il-silenzio-grande_ph_Manuela-Giusto-1-66x66.jpg 66w, https:\/\/www.teatrostabiletorino.it\/wp-content\/uploads\/2022\/02\/04_Il-silenzio-grande_ph_Manuela-Giusto-1-150x150.jpg 150w\" data-sizes=\"auto\" \/><\/a>\n\t\t\t<\/dt>\n\t\t\t\t<dd class='wp-caption-text gallery-caption' id='gallery-1-51406'>\n\t\t\t\tIl silenzio grande<br>ph_Manuela Giusto\n\t\t\t\t<\/dd><\/dl><dl class='gallery-item'>\n\t\t\t<dt class='gallery-icon landscape'>\n\t\t\t\t<a data-rel=\"iLightbox[postimages]\" data-title=\"04_Il silenzio grande_ph_Manuela Giusto\" data-caption=\"Il silenzio grandeph_Manuela Giusto\" href='https:\/\/www.teatrostabiletorino.it\/wp-content\/uploads\/2022\/02\/04_Il-silenzio-grande_ph_Manuela-Giusto.jpg'><img decoding=\"async\" width=\"150\" height=\"150\" src=\"https:\/\/www.teatrostabiletorino.it\/wp-content\/uploads\/2022\/02\/04_Il-silenzio-grande_ph_Manuela-Giusto-150x150.jpg\" class=\"attachment-thumbnail size-thumbnail lazyload\" alt=\"\" aria-describedby=\"gallery-1-51367\" srcset=\"data:image\/svg+xml,%3Csvg%20xmlns%3D%27http%3A%2F%2Fwww.w3.org%2F2000%2Fsvg%27%20width%3D%271200%27%20height%3D%27780%27%20viewBox%3D%270%200%201200%20780%27%3E%3Crect%20width%3D%271200%27%20height%3D%27780%27%20fill-opacity%3D%220%22%2F%3E%3C%2Fsvg%3E\" data-orig-src=\"https:\/\/www.teatrostabiletorino.it\/wp-content\/uploads\/2022\/02\/04_Il-silenzio-grande_ph_Manuela-Giusto-150x150.jpg\" data-srcset=\"https:\/\/www.teatrostabiletorino.it\/wp-content\/uploads\/2022\/02\/04_Il-silenzio-grande_ph_Manuela-Giusto-66x66.jpg 66w, https:\/\/www.teatrostabiletorino.it\/wp-content\/uploads\/2022\/02\/04_Il-silenzio-grande_ph_Manuela-Giusto-150x150.jpg 150w\" data-sizes=\"auto\" \/><\/a>\n\t\t\t<\/dt>\n\t\t\t\t<dd class='wp-caption-text gallery-caption' id='gallery-1-51367'>\n\t\t\t\tIl silenzio grande<br>ph_Manuela Giusto\n\t\t\t\t<\/dd><\/dl><br style=\"clear: both\" \/><dl class='gallery-item'>\n\t\t\t<dt class='gallery-icon landscape'>\n\t\t\t\t<a data-rel=\"iLightbox[postimages]\" data-title=\"07_Il silenzio grande_ph_Manuela Giusto\" data-caption=\"Il silenzio grandeph_Manuela Giusto\" href='https:\/\/www.teatrostabiletorino.it\/wp-content\/uploads\/2022\/02\/07_Il-silenzio-grande_ph_Manuela-Giusto.jpg'><img decoding=\"async\" width=\"150\" height=\"150\" src=\"https:\/\/www.teatrostabiletorino.it\/wp-content\/uploads\/2022\/02\/07_Il-silenzio-grande_ph_Manuela-Giusto-150x150.jpg\" class=\"attachment-thumbnail size-thumbnail lazyload\" alt=\"\" aria-describedby=\"gallery-1-51370\" srcset=\"data:image\/svg+xml,%3Csvg%20xmlns%3D%27http%3A%2F%2Fwww.w3.org%2F2000%2Fsvg%27%20width%3D%271200%27%20height%3D%27800%27%20viewBox%3D%270%200%201200%20800%27%3E%3Crect%20width%3D%271200%27%20height%3D%27800%27%20fill-opacity%3D%220%22%2F%3E%3C%2Fsvg%3E\" data-orig-src=\"https:\/\/www.teatrostabiletorino.it\/wp-content\/uploads\/2022\/02\/07_Il-silenzio-grande_ph_Manuela-Giusto-150x150.jpg\" data-srcset=\"https:\/\/www.teatrostabiletorino.it\/wp-content\/uploads\/2022\/02\/07_Il-silenzio-grande_ph_Manuela-Giusto-66x66.jpg 66w, https:\/\/www.teatrostabiletorino.it\/wp-content\/uploads\/2022\/02\/07_Il-silenzio-grande_ph_Manuela-Giusto-150x150.jpg 150w\" data-sizes=\"auto\" \/><\/a>\n\t\t\t<\/dt>\n\t\t\t\t<dd class='wp-caption-text gallery-caption' id='gallery-1-51370'>\n\t\t\t\tIl silenzio grande<br>ph_Manuela Giusto\n\t\t\t\t<\/dd><\/dl><dl class='gallery-item'>\n\t\t\t<dt class='gallery-icon landscape'>\n\t\t\t\t<a data-rel=\"iLightbox[postimages]\" data-title=\"07_Il silenzio grande_ph_Manuela Giusto\" data-caption=\"Il silenzio grandeph_Manuela Giusto\" href='https:\/\/www.teatrostabiletorino.it\/wp-content\/uploads\/2022\/02\/07_Il-silenzio-grande_ph_Manuela-Giusto-1.jpg'><img decoding=\"async\" width=\"150\" height=\"150\" src=\"https:\/\/www.teatrostabiletorino.it\/wp-content\/uploads\/2022\/02\/07_Il-silenzio-grande_ph_Manuela-Giusto-1-150x150.jpg\" class=\"attachment-thumbnail size-thumbnail lazyload\" alt=\"\" aria-describedby=\"gallery-1-51407\" srcset=\"data:image\/svg+xml,%3Csvg%20xmlns%3D%27http%3A%2F%2Fwww.w3.org%2F2000%2Fsvg%27%20width%3D%271200%27%20height%3D%27800%27%20viewBox%3D%270%200%201200%20800%27%3E%3Crect%20width%3D%271200%27%20height%3D%27800%27%20fill-opacity%3D%220%22%2F%3E%3C%2Fsvg%3E\" data-orig-src=\"https:\/\/www.teatrostabiletorino.it\/wp-content\/uploads\/2022\/02\/07_Il-silenzio-grande_ph_Manuela-Giusto-1-150x150.jpg\" data-srcset=\"https:\/\/www.teatrostabiletorino.it\/wp-content\/uploads\/2022\/02\/07_Il-silenzio-grande_ph_Manuela-Giusto-1-66x66.jpg 66w, https:\/\/www.teatrostabiletorino.it\/wp-content\/uploads\/2022\/02\/07_Il-silenzio-grande_ph_Manuela-Giusto-1-150x150.jpg 150w\" data-sizes=\"auto\" \/><\/a>\n\t\t\t<\/dt>\n\t\t\t\t<dd class='wp-caption-text gallery-caption' id='gallery-1-51407'>\n\t\t\t\tIl silenzio grande<br>ph_Manuela Giusto\n\t\t\t\t<\/dd><\/dl><dl class='gallery-item'>\n\t\t\t<dt class='gallery-icon landscape'>\n\t\t\t\t<a data-rel=\"iLightbox[postimages]\" data-title=\"08_Il silenzio grande_ph_Manuela Giusto\" data-caption=\"Il silenzio grandeph_Manuela Giusto\" href='https:\/\/www.teatrostabiletorino.it\/wp-content\/uploads\/2022\/02\/08_Il-silenzio-grande_ph_Manuela-Giusto-1.jpg'><img decoding=\"async\" width=\"150\" height=\"150\" src=\"https:\/\/www.teatrostabiletorino.it\/wp-content\/uploads\/2022\/02\/08_Il-silenzio-grande_ph_Manuela-Giusto-1-150x150.jpg\" class=\"attachment-thumbnail size-thumbnail lazyload\" alt=\"\" aria-describedby=\"gallery-1-51408\" srcset=\"data:image\/svg+xml,%3Csvg%20xmlns%3D%27http%3A%2F%2Fwww.w3.org%2F2000%2Fsvg%27%20width%3D%271200%27%20height%3D%27803%27%20viewBox%3D%270%200%201200%20803%27%3E%3Crect%20width%3D%271200%27%20height%3D%27803%27%20fill-opacity%3D%220%22%2F%3E%3C%2Fsvg%3E\" data-orig-src=\"https:\/\/www.teatrostabiletorino.it\/wp-content\/uploads\/2022\/02\/08_Il-silenzio-grande_ph_Manuela-Giusto-1-150x150.jpg\" data-srcset=\"https:\/\/www.teatrostabiletorino.it\/wp-content\/uploads\/2022\/02\/08_Il-silenzio-grande_ph_Manuela-Giusto-1-66x66.jpg 66w, https:\/\/www.teatrostabiletorino.it\/wp-content\/uploads\/2022\/02\/08_Il-silenzio-grande_ph_Manuela-Giusto-1-150x150.jpg 150w\" data-sizes=\"auto\" \/><\/a>\n\t\t\t<\/dt>\n\t\t\t\t<dd class='wp-caption-text gallery-caption' id='gallery-1-51408'>\n\t\t\t\tIl silenzio grande<br>ph_Manuela Giusto\n\t\t\t\t<\/dd><\/dl><dl class='gallery-item'>\n\t\t\t<dt class='gallery-icon landscape'>\n\t\t\t\t<a data-rel=\"iLightbox[postimages]\" data-title=\"09_Il silenzio grande_ph_Manuela Giusto\" data-caption=\"Il silenzio grandeph_Manuela Giusto\" href='https:\/\/www.teatrostabiletorino.it\/wp-content\/uploads\/2022\/02\/09_Il-silenzio-grande_ph_Manuela-Giusto.jpg'><img decoding=\"async\" width=\"150\" height=\"150\" src=\"https:\/\/www.teatrostabiletorino.it\/wp-content\/uploads\/2022\/02\/09_Il-silenzio-grande_ph_Manuela-Giusto-150x150.jpg\" class=\"attachment-thumbnail size-thumbnail lazyload\" alt=\"\" aria-describedby=\"gallery-1-51409\" srcset=\"data:image\/svg+xml,%3Csvg%20xmlns%3D%27http%3A%2F%2Fwww.w3.org%2F2000%2Fsvg%27%20width%3D%272126%27%20height%3D%271470%27%20viewBox%3D%270%200%202126%201470%27%3E%3Crect%20width%3D%272126%27%20height%3D%271470%27%20fill-opacity%3D%220%22%2F%3E%3C%2Fsvg%3E\" data-orig-src=\"https:\/\/www.teatrostabiletorino.it\/wp-content\/uploads\/2022\/02\/09_Il-silenzio-grande_ph_Manuela-Giusto-150x150.jpg\" data-srcset=\"https:\/\/www.teatrostabiletorino.it\/wp-content\/uploads\/2022\/02\/09_Il-silenzio-grande_ph_Manuela-Giusto-66x66.jpg 66w, https:\/\/www.teatrostabiletorino.it\/wp-content\/uploads\/2022\/02\/09_Il-silenzio-grande_ph_Manuela-Giusto-150x150.jpg 150w\" data-sizes=\"auto\" \/><\/a>\n\t\t\t<\/dt>\n\t\t\t\t<dd class='wp-caption-text gallery-caption' id='gallery-1-51409'>\n\t\t\t\tIl silenzio grande<br>ph_Manuela Giusto\n\t\t\t\t<\/dd><\/dl>\n\t\t\t<br style='clear: both' \/>\n\t\t<\/div>\n\n<p>&nbsp;<\/p>","protected":false},"excerpt":{"rendered":"<p>Sorry, this entry is only available in Italiano.Marted\u00ec 22 febbraio 2022, alle ore 19.30, debutta <a href=\"https:\/\/www.teatrostabiletorino.it\/en\/va-in-scena-al-teatro-carignano-il-silenzio-grande-di-maurizio-de-giovanni-con-massimiliano-gallo-e-stefania-rocca-per-la-regia-di-alessandro-gassmann-teatro-carignano-22-febbraio\/\"> [+]<\/a><\/p>\n","protected":false},"author":2,"featured_media":51366,"comment_status":"open","ping_status":"open","sticky":false,"template":"","format":"standard","meta":{"_acf_changed":false,"footnotes":""},"categories":[149],"tags":[],"acf":[],"_links":{"self":[{"href":"https:\/\/www.teatrostabiletorino.it\/en\/wp-json\/wp\/v2\/posts\/51362"}],"collection":[{"href":"https:\/\/www.teatrostabiletorino.it\/en\/wp-json\/wp\/v2\/posts"}],"about":[{"href":"https:\/\/www.teatrostabiletorino.it\/en\/wp-json\/wp\/v2\/types\/post"}],"author":[{"embeddable":true,"href":"https:\/\/www.teatrostabiletorino.it\/en\/wp-json\/wp\/v2\/users\/2"}],"replies":[{"embeddable":true,"href":"https:\/\/www.teatrostabiletorino.it\/en\/wp-json\/wp\/v2\/comments?post=51362"}],"version-history":[{"count":0,"href":"https:\/\/www.teatrostabiletorino.it\/en\/wp-json\/wp\/v2\/posts\/51362\/revisions"}],"wp:featuredmedia":[{"embeddable":true,"href":"https:\/\/www.teatrostabiletorino.it\/en\/wp-json\/wp\/v2\/media\/51366"}],"wp:attachment":[{"href":"https:\/\/www.teatrostabiletorino.it\/en\/wp-json\/wp\/v2\/media?parent=51362"}],"wp:term":[{"taxonomy":"category","embeddable":true,"href":"https:\/\/www.teatrostabiletorino.it\/en\/wp-json\/wp\/v2\/categories?post=51362"},{"taxonomy":"post_tag","embeddable":true,"href":"https:\/\/www.teatrostabiletorino.it\/en\/wp-json\/wp\/v2\/tags?post=51362"}],"curies":[{"name":"wp","href":"https:\/\/api.w.org\/{rel}","templated":true}]}}