{"id":51580,"date":"2022-03-04T16:56:32","date_gmt":"2022-03-04T15:56:32","guid":{"rendered":"https:\/\/www.teatrostabiletorino.it\/?p=51580"},"modified":"2022-04-04T16:07:09","modified_gmt":"2022-04-04T14:07:09","slug":"debutta-in-prima-nazionale-alle-fonderie-limone-di-moncalieri-la-tempesta-di-william-shakespeare-il-nuovo-lavoro-di-alessandro-serra-fonderie-limone-di-moncalieri-15-marzo","status":"publish","type":"post","link":"https:\/\/www.teatrostabiletorino.it\/en\/debutta-in-prima-nazionale-alle-fonderie-limone-di-moncalieri-la-tempesta-di-william-shakespeare-il-nuovo-lavoro-di-alessandro-serra-fonderie-limone-di-moncalieri-15-marzo\/","title":{"rendered":"DEBUTTA IN PRIMA NAZIONALE ALLE FONDERIE LIMONE DI MONCALIERI \u201cLA TEMPESTA\u201d DI WILLIAM SHAKESPEARE  IL NUOVO LAVORO DI ALESSANDRO SERRA <br> Fonderie Limone di Moncalieri, 15 marzo \u2013 3 aprile 2022"},"content":{"rendered":"<p class=\"qtranxs-available-languages-message qtranxs-available-languages-message-en\">Sorry, this entry is only available in <a href=\"https:\/\/www.teatrostabiletorino.it\/it\/wp-json\/wp\/v2\/posts\/51580\" class=\"qtranxs-available-language-link qtranxs-available-language-link-it\" title=\"Italiano\">Italiano<\/a>.<\/p><p><strong>Alessandro<\/strong> <strong>Serra<\/strong>, autore di un teatro materico e ancestrale, dirige <strong><em>La tempesta<\/em><\/strong> di <strong>William<\/strong> <strong>Shakespeare<\/strong> che debutta in <strong>prima<\/strong> <strong>nazionale<\/strong> <strong>marted\u00ec 15 marzo 2022 alle 20.45 alle Fonderie Limone di Moncalieri<\/strong>. La traduzione e l\u2019adattamento del testo shakespeariano sono di <strong>Alessandro Serra<\/strong>, che ha curato, oltre alla regia, anche scene, luci, suoni e costumi. Lo spettacolo vede in scena <strong>Fabio<\/strong> <strong>Barone<\/strong>, <strong>Andrea<\/strong> <strong>Castellano<\/strong>, <strong>Vincenzo<\/strong> <strong>Del<\/strong> <strong>Prete<\/strong>, <strong>Massimiliano<\/strong> <strong>Donato<\/strong>, <strong>Paolo<\/strong> <strong>Madonna<\/strong>, <strong>Jared<\/strong> <strong>McNeill<\/strong>, <strong>Chiara<\/strong> <strong>Michelini<\/strong>, <strong>Maria<\/strong> <strong>Irene<\/strong> <strong>Minelli<\/strong>, <strong>Valerio<\/strong> <strong>Pietrovita<\/strong>, <strong>Massimiliano<\/strong> <strong>Poli<\/strong>, <strong>Marco<\/strong> <strong>Sgrosso<\/strong>, <strong>Bruno<\/strong> <strong>Stori<\/strong>. <strong>Stefano<\/strong> <strong>Bardelli <\/strong>ha collaborato alle luci, <strong>Alessandro<\/strong> <strong>Saviozzi <\/strong>ha collaborato ai suoni, <strong>Francesca<\/strong> <strong>Novati <\/strong>ha collaborato ai costumi. Le maschere sono di <strong>Tiziano Fario<\/strong>.<\/p>\n<p><em>La tempesta<\/em>, prodotto dal <strong>Teatro Stabile di Torino \u2013 Teatro Nazionale<\/strong>, dal Teatro di Roma \u2013 Teatro Nazionale, da ERT \u2013 Teatro Nazionale, Sardegna Teatro, in collaborazione con Fondazione I Teatri Reggio Emilia e Compagnia Teatropersona, sar\u00e0 replicato alle Fonderie Limone di Moncalieri per la Stagione in abbonamento del TST fino al 3 aprile 2022. Dopo Torino, lo spettacolo sar\u00e0 in tourn\u00e9e a Reggio Emilia, al Teatro Valli, il 5 e il 6 aprile 2022 e a Roma, al Teatro Argentina, dal 28 aprile al 15 maggio 2022.<\/p>\n<p>&nbsp;<\/p>\n<p><strong>Note di Regia di Alessandro Serra<\/strong><\/p>\n<p>\u00ab<em>Nella tempesta il sovrannaturale si inchina al servizio dell\u2019uomo, Prospero \u00e8 del tutto privo di trascendenza, eppure con la sua rozza magia imprigiona gli spiriti della natura, scatena la tempesta, e resuscita i morti. Ma sar\u00e0 Ariel, uno spirito dell\u2019aria, ad insegnargli la forza della compassione, e del perdono. Su quest\u2019isola-palcoscenico tutti chiedono perdono e tutti si pentono ad eccezione di Antonio e Sebastiano, non a caso gli unici immuni dalla bellezza e dallo stato di estasi che pervade gli altri. Il fatto che Prospero rinunci alla vendetta proprio quando i suoi nemici sono distesi ai suoi piedi, ecco questo \u00e8 il suo vero innalzamento spirituale, il sovrannaturale arriva quando Prospero vi rinuncia, rinuncia a usarlo come arma. Ma il potere supremo, pare dirci Shakespeare, \u00e8 il potere del Teatro. La tempesta \u00e8 un inno al teatro fatto con il teatro, la cui forza magica risiede proprio in questa possibilit\u00e0 unica e irripetibile di accedere a dimensioni metafisiche attraverso la cialtroneria di una compagnia di comici che calpestano quattro assi di legno, con pochi oggetti e un mucchietto di costumi rattoppati<\/em>\u00bb.<\/p>\n<p>&nbsp;<\/p>\n<p><strong>Alessandro Serra\u00a0<\/strong><\/p>\n<p>Regista, autore, scenografo, light designer.\u00a0 Laureato in Arti e Scienze dello spettacolo con una tesi sulla drammaturgia dell\u2019immagine. Nel 1999 fonda la Compagnia Teatropersona, con la quale mette in scena le proprie opere presentate in molti paesi europei, oltre che in Asia, Sud America, Russia, Regno Unito. Ha ricevuto numerosi premi e riconoscimenti, tra cui il premio UBU come miglior spettacolo e il premio Le Maschere del Teatro Italiano come Miglior Scenografo e miglior spettacolo per <em>Macbettu<\/em>. Il Premio Hystrio alla reg\u00eca e il Grand Prix \u201cGolden Laurel Wreath Award\u201d come miglior regista (MESS Festival \u2013 Sarajevo).<\/p>\n<p>&nbsp;<\/p>\n<p><a href=\"http:\/\/www.teatrostabiletorino.it\/wp-content\/uploads\/2022\/03\/01_CS_LA-TEMPESTA.pdf\" target=\"_blank\" rel=\"noopener\">CS_La tempesta<\/a><\/p>\n<p><a href=\"http:\/\/www.teatrostabiletorino.it\/wp-content\/uploads\/2022\/03\/Didascalie-foto-La-tempesta.pdf\" target=\"_blank\" rel=\"noopener\">Didascalie foto<\/a><\/p>\n<p>\n\t\t<style type=\"text\/css\">\n\t\t\t#gallery-1 {\n\t\t\t\tmargin: auto;\n\t\t\t}\n\t\t\t#gallery-1 .gallery-item {\n\t\t\t\tfloat: left;\n\t\t\t\tmargin-top: 10px;\n\t\t\t\ttext-align: center;\n\t\t\t\twidth: 20%;\n\t\t\t}\n\t\t\t#gallery-1 img {\n\t\t\t\tborder: 2px solid #cfcfcf;\n\t\t\t}\n\t\t\t#gallery-1 .gallery-caption {\n\t\t\t\tmargin-left: 0;\n\t\t\t}\n\t\t\t\/* see gallery_shortcode() in wp-includes\/media.php *\/\n\t\t<\/style>\n\t\t<div id='gallery-1' class='gallery galleryid-51580 gallery-columns-5 gallery-size-thumbnail'><dl class='gallery-item'>\n\t\t\t<dt class='gallery-icon landscape'>\n\t\t\t\t<a data-rel=\"iLightbox[postimages]\" data-title=\"01_La Tempesta_ph Alessandro Serra_L1030102\" data-caption=\"01_da sx: Maria Irene Minelli, Marco Sgrosso  ph. Alessandro Serra\" href='https:\/\/www.teatrostabiletorino.it\/wp-content\/uploads\/2022\/03\/01_La-Tempesta_ph-Alessandro-Serra_L1030102.jpg'><img decoding=\"async\" width=\"150\" height=\"150\" src=\"https:\/\/www.teatrostabiletorino.it\/wp-content\/uploads\/2022\/03\/01_La-Tempesta_ph-Alessandro-Serra_L1030102-150x150.jpg\" class=\"attachment-thumbnail size-thumbnail lazyload\" alt=\"\" aria-describedby=\"gallery-1-51585\" srcset=\"data:image\/svg+xml,%3Csvg%20xmlns%3D%27http%3A%2F%2Fwww.w3.org%2F2000%2Fsvg%27%20width%3D%272126%27%20height%3D%271419%27%20viewBox%3D%270%200%202126%201419%27%3E%3Crect%20width%3D%272126%27%20height%3D%271419%27%20fill-opacity%3D%220%22%2F%3E%3C%2Fsvg%3E\" data-orig-src=\"https:\/\/www.teatrostabiletorino.it\/wp-content\/uploads\/2022\/03\/01_La-Tempesta_ph-Alessandro-Serra_L1030102-150x150.jpg\" data-srcset=\"https:\/\/www.teatrostabiletorino.it\/wp-content\/uploads\/2022\/03\/01_La-Tempesta_ph-Alessandro-Serra_L1030102-66x66.jpg 66w, https:\/\/www.teatrostabiletorino.it\/wp-content\/uploads\/2022\/03\/01_La-Tempesta_ph-Alessandro-Serra_L1030102-150x150.jpg 150w\" data-sizes=\"auto\" \/><\/a>\n\t\t\t<\/dt>\n\t\t\t\t<dd class='wp-caption-text gallery-caption' id='gallery-1-51585'>\n\t\t\t\t01_da sx: Maria Irene Minelli, Marco Sgrosso <br> ph. Alessandro Serra\n\t\t\t\t<\/dd><\/dl><dl class='gallery-item'>\n\t\t\t<dt class='gallery-icon landscape'>\n\t\t\t\t<a data-rel=\"iLightbox[postimages]\" data-title=\"02_La Tempesta_ph Alessandro Serra_1020569\" data-caption=\"02_La tempesta ph_Alessandro Serra\" href='https:\/\/www.teatrostabiletorino.it\/wp-content\/uploads\/2022\/03\/02_La-Tempesta_ph-Alessandro-Serra_1020569.jpg'><img decoding=\"async\" width=\"150\" height=\"150\" src=\"https:\/\/www.teatrostabiletorino.it\/wp-content\/uploads\/2022\/03\/02_La-Tempesta_ph-Alessandro-Serra_1020569-150x150.jpg\" class=\"attachment-thumbnail size-thumbnail lazyload\" alt=\"\" aria-describedby=\"gallery-1-51586\" srcset=\"data:image\/svg+xml,%3Csvg%20xmlns%3D%27http%3A%2F%2Fwww.w3.org%2F2000%2Fsvg%27%20width%3D%272126%27%20height%3D%271419%27%20viewBox%3D%270%200%202126%201419%27%3E%3Crect%20width%3D%272126%27%20height%3D%271419%27%20fill-opacity%3D%220%22%2F%3E%3C%2Fsvg%3E\" data-orig-src=\"https:\/\/www.teatrostabiletorino.it\/wp-content\/uploads\/2022\/03\/02_La-Tempesta_ph-Alessandro-Serra_1020569-150x150.jpg\" data-srcset=\"https:\/\/www.teatrostabiletorino.it\/wp-content\/uploads\/2022\/03\/02_La-Tempesta_ph-Alessandro-Serra_1020569-66x66.jpg 66w, https:\/\/www.teatrostabiletorino.it\/wp-content\/uploads\/2022\/03\/02_La-Tempesta_ph-Alessandro-Serra_1020569-150x150.jpg 150w\" data-sizes=\"auto\" \/><\/a>\n\t\t\t<\/dt>\n\t\t\t\t<dd class='wp-caption-text gallery-caption' id='gallery-1-51586'>\n\t\t\t\t02_La tempesta <br>ph_Alessandro Serra\n\t\t\t\t<\/dd><\/dl><dl class='gallery-item'>\n\t\t\t<dt class='gallery-icon landscape'>\n\t\t\t\t<a data-rel=\"iLightbox[postimages]\" data-title=\"03_La Tempesta_ph Alessandro Serra_L1030643\" data-caption=\"03_La tempesta ph_Alessandro Serra\" href='https:\/\/www.teatrostabiletorino.it\/wp-content\/uploads\/2022\/03\/03_La-Tempesta_ph-Alessandro-Serra_L1030643-1.jpg'><img decoding=\"async\" width=\"150\" height=\"150\" src=\"https:\/\/www.teatrostabiletorino.it\/wp-content\/uploads\/2022\/03\/03_La-Tempesta_ph-Alessandro-Serra_L1030643-1-150x150.jpg\" class=\"attachment-thumbnail size-thumbnail lazyload\" alt=\"\" aria-describedby=\"gallery-1-51884\" srcset=\"data:image\/svg+xml,%3Csvg%20xmlns%3D%27http%3A%2F%2Fwww.w3.org%2F2000%2Fsvg%27%20width%3D%272362%27%20height%3D%271577%27%20viewBox%3D%270%200%202362%201577%27%3E%3Crect%20width%3D%272362%27%20height%3D%271577%27%20fill-opacity%3D%220%22%2F%3E%3C%2Fsvg%3E\" data-orig-src=\"https:\/\/www.teatrostabiletorino.it\/wp-content\/uploads\/2022\/03\/03_La-Tempesta_ph-Alessandro-Serra_L1030643-1-150x150.jpg\" data-srcset=\"https:\/\/www.teatrostabiletorino.it\/wp-content\/uploads\/2022\/03\/03_La-Tempesta_ph-Alessandro-Serra_L1030643-1-66x66.jpg 66w, https:\/\/www.teatrostabiletorino.it\/wp-content\/uploads\/2022\/03\/03_La-Tempesta_ph-Alessandro-Serra_L1030643-1-150x150.jpg 150w\" data-sizes=\"auto\" \/><\/a>\n\t\t\t<\/dt>\n\t\t\t\t<dd class='wp-caption-text gallery-caption' id='gallery-1-51884'>\n\t\t\t\t03_La tempesta <br>ph_Alessandro Serra\n\t\t\t\t<\/dd><\/dl><dl class='gallery-item'>\n\t\t\t<dt class='gallery-icon landscape'>\n\t\t\t\t<a data-rel=\"iLightbox[postimages]\" data-title=\"04_La Tempesta_ph Alessandro Serra_L1020871\" data-caption=\"04_La tempesta ph_Alessandro Serra\" href='https:\/\/www.teatrostabiletorino.it\/wp-content\/uploads\/2022\/03\/04_La-Tempesta_ph-Alessandro-Serra_L1020871.jpg'><img decoding=\"async\" width=\"150\" height=\"150\" src=\"https:\/\/www.teatrostabiletorino.it\/wp-content\/uploads\/2022\/03\/04_La-Tempesta_ph-Alessandro-Serra_L1020871-150x150.jpg\" class=\"attachment-thumbnail size-thumbnail lazyload\" alt=\"\" aria-describedby=\"gallery-1-51588\" srcset=\"data:image\/svg+xml,%3Csvg%20xmlns%3D%27http%3A%2F%2Fwww.w3.org%2F2000%2Fsvg%27%20width%3D%272126%27%20height%3D%271196%27%20viewBox%3D%270%200%202126%201196%27%3E%3Crect%20width%3D%272126%27%20height%3D%271196%27%20fill-opacity%3D%220%22%2F%3E%3C%2Fsvg%3E\" data-orig-src=\"https:\/\/www.teatrostabiletorino.it\/wp-content\/uploads\/2022\/03\/04_La-Tempesta_ph-Alessandro-Serra_L1020871-150x150.jpg\" data-srcset=\"https:\/\/www.teatrostabiletorino.it\/wp-content\/uploads\/2022\/03\/04_La-Tempesta_ph-Alessandro-Serra_L1020871-66x66.jpg 66w, https:\/\/www.teatrostabiletorino.it\/wp-content\/uploads\/2022\/03\/04_La-Tempesta_ph-Alessandro-Serra_L1020871-150x150.jpg 150w\" data-sizes=\"auto\" \/><\/a>\n\t\t\t<\/dt>\n\t\t\t\t<dd class='wp-caption-text gallery-caption' id='gallery-1-51588'>\n\t\t\t\t04_La tempesta <br>ph_Alessandro Serra\n\t\t\t\t<\/dd><\/dl><dl class='gallery-item'>\n\t\t\t<dt class='gallery-icon landscape'>\n\t\t\t\t<a data-rel=\"iLightbox[postimages]\" data-title=\"05_La Tempesta_ph Alessandro Serra_L1020819\" data-caption=\"05_La tempesta ph_Alessandro Serra\" href='https:\/\/www.teatrostabiletorino.it\/wp-content\/uploads\/2022\/03\/05_La-Tempesta_ph-Alessandro-Serra_L1020819.jpg'><img decoding=\"async\" width=\"150\" height=\"150\" src=\"https:\/\/www.teatrostabiletorino.it\/wp-content\/uploads\/2022\/03\/05_La-Tempesta_ph-Alessandro-Serra_L1020819-150x150.jpg\" class=\"attachment-thumbnail size-thumbnail lazyload\" alt=\"\" aria-describedby=\"gallery-1-51589\" srcset=\"data:image\/svg+xml,%3Csvg%20xmlns%3D%27http%3A%2F%2Fwww.w3.org%2F2000%2Fsvg%27%20width%3D%272126%27%20height%3D%271419%27%20viewBox%3D%270%200%202126%201419%27%3E%3Crect%20width%3D%272126%27%20height%3D%271419%27%20fill-opacity%3D%220%22%2F%3E%3C%2Fsvg%3E\" data-orig-src=\"https:\/\/www.teatrostabiletorino.it\/wp-content\/uploads\/2022\/03\/05_La-Tempesta_ph-Alessandro-Serra_L1020819-150x150.jpg\" data-srcset=\"https:\/\/www.teatrostabiletorino.it\/wp-content\/uploads\/2022\/03\/05_La-Tempesta_ph-Alessandro-Serra_L1020819-66x66.jpg 66w, https:\/\/www.teatrostabiletorino.it\/wp-content\/uploads\/2022\/03\/05_La-Tempesta_ph-Alessandro-Serra_L1020819-150x150.jpg 150w\" data-sizes=\"auto\" \/><\/a>\n\t\t\t<\/dt>\n\t\t\t\t<dd class='wp-caption-text gallery-caption' id='gallery-1-51589'>\n\t\t\t\t05_La tempesta <br>ph_Alessandro Serra\n\t\t\t\t<\/dd><\/dl><br style=\"clear: both\" \/><dl class='gallery-item'>\n\t\t\t<dt class='gallery-icon landscape'>\n\t\t\t\t<a data-rel=\"iLightbox[postimages]\" data-title=\"06_La Tempesta_ph Alessandro Serra_L1030676\" data-caption=\"Chiara Michelini, Valerio Pietrovita, Paolo Madonna  ph. Alessandro Serra\" href='https:\/\/www.teatrostabiletorino.it\/wp-content\/uploads\/2022\/03\/06_La-Tempesta_ph-Alessandro-Serra_L1030676.jpg'><img decoding=\"async\" width=\"150\" height=\"150\" src=\"https:\/\/www.teatrostabiletorino.it\/wp-content\/uploads\/2022\/03\/06_La-Tempesta_ph-Alessandro-Serra_L1030676-150x150.jpg\" class=\"attachment-thumbnail size-thumbnail lazyload\" alt=\"\" aria-describedby=\"gallery-1-51590\" srcset=\"data:image\/svg+xml,%3Csvg%20xmlns%3D%27http%3A%2F%2Fwww.w3.org%2F2000%2Fsvg%27%20width%3D%272362%27%20height%3D%271576%27%20viewBox%3D%270%200%202362%201576%27%3E%3Crect%20width%3D%272362%27%20height%3D%271576%27%20fill-opacity%3D%220%22%2F%3E%3C%2Fsvg%3E\" data-orig-src=\"https:\/\/www.teatrostabiletorino.it\/wp-content\/uploads\/2022\/03\/06_La-Tempesta_ph-Alessandro-Serra_L1030676-150x150.jpg\" data-srcset=\"https:\/\/www.teatrostabiletorino.it\/wp-content\/uploads\/2022\/03\/06_La-Tempesta_ph-Alessandro-Serra_L1030676-66x66.jpg 66w, https:\/\/www.teatrostabiletorino.it\/wp-content\/uploads\/2022\/03\/06_La-Tempesta_ph-Alessandro-Serra_L1030676-150x150.jpg 150w\" data-sizes=\"auto\" \/><\/a>\n\t\t\t<\/dt>\n\t\t\t\t<dd class='wp-caption-text gallery-caption' id='gallery-1-51590'>\n\t\t\t\tChiara Michelini, Valerio Pietrovita, Paolo Madonna <br> ph. Alessandro Serra\n\t\t\t\t<\/dd><\/dl><dl class='gallery-item'>\n\t\t\t<dt class='gallery-icon landscape'>\n\t\t\t\t<a data-rel=\"iLightbox[postimages]\" data-title=\"07_La Tempesta_ph Alessandro Serra_L1020975\" data-caption=\"07_da sx: Maria Irene Minelli, Fabio Barone  ph. Alessandro Serra\" href='https:\/\/www.teatrostabiletorino.it\/wp-content\/uploads\/2022\/03\/07_La-Tempesta_ph-Alessandro-Serra_L1020975.jpg'><img decoding=\"async\" width=\"150\" height=\"150\" src=\"https:\/\/www.teatrostabiletorino.it\/wp-content\/uploads\/2022\/03\/07_La-Tempesta_ph-Alessandro-Serra_L1020975-150x150.jpg\" class=\"attachment-thumbnail size-thumbnail lazyload\" alt=\"\" aria-describedby=\"gallery-1-51591\" srcset=\"data:image\/svg+xml,%3Csvg%20xmlns%3D%27http%3A%2F%2Fwww.w3.org%2F2000%2Fsvg%27%20width%3D%272126%27%20height%3D%271419%27%20viewBox%3D%270%200%202126%201419%27%3E%3Crect%20width%3D%272126%27%20height%3D%271419%27%20fill-opacity%3D%220%22%2F%3E%3C%2Fsvg%3E\" data-orig-src=\"https:\/\/www.teatrostabiletorino.it\/wp-content\/uploads\/2022\/03\/07_La-Tempesta_ph-Alessandro-Serra_L1020975-150x150.jpg\" data-srcset=\"https:\/\/www.teatrostabiletorino.it\/wp-content\/uploads\/2022\/03\/07_La-Tempesta_ph-Alessandro-Serra_L1020975-66x66.jpg 66w, https:\/\/www.teatrostabiletorino.it\/wp-content\/uploads\/2022\/03\/07_La-Tempesta_ph-Alessandro-Serra_L1020975-150x150.jpg 150w\" data-sizes=\"auto\" \/><\/a>\n\t\t\t<\/dt>\n\t\t\t\t<dd class='wp-caption-text gallery-caption' id='gallery-1-51591'>\n\t\t\t\t07_da sx: Maria Irene Minelli, Fabio Barone <br> ph. Alessandro Serra\n\t\t\t\t<\/dd><\/dl><dl class='gallery-item'>\n\t\t\t<dt class='gallery-icon landscape'>\n\t\t\t\t<a data-rel=\"iLightbox[postimages]\" data-title=\"08_La Tempesta_ph Alessandro Serra_L1020995\" data-caption=\"08_Bruno Stori  ph. Alessandro Serra\" href='https:\/\/www.teatrostabiletorino.it\/wp-content\/uploads\/2022\/03\/08_La-Tempesta_ph-Alessandro-Serra_L1020995.jpg'><img decoding=\"async\" width=\"150\" height=\"150\" src=\"https:\/\/www.teatrostabiletorino.it\/wp-content\/uploads\/2022\/03\/08_La-Tempesta_ph-Alessandro-Serra_L1020995-150x150.jpg\" class=\"attachment-thumbnail size-thumbnail lazyload\" alt=\"\" aria-describedby=\"gallery-1-51592\" srcset=\"data:image\/svg+xml,%3Csvg%20xmlns%3D%27http%3A%2F%2Fwww.w3.org%2F2000%2Fsvg%27%20width%3D%275076%27%20height%3D%272855%27%20viewBox%3D%270%200%205076%202855%27%3E%3Crect%20width%3D%275076%27%20height%3D%272855%27%20fill-opacity%3D%220%22%2F%3E%3C%2Fsvg%3E\" data-orig-src=\"https:\/\/www.teatrostabiletorino.it\/wp-content\/uploads\/2022\/03\/08_La-Tempesta_ph-Alessandro-Serra_L1020995-150x150.jpg\" data-srcset=\"https:\/\/www.teatrostabiletorino.it\/wp-content\/uploads\/2022\/03\/08_La-Tempesta_ph-Alessandro-Serra_L1020995-66x66.jpg 66w, https:\/\/www.teatrostabiletorino.it\/wp-content\/uploads\/2022\/03\/08_La-Tempesta_ph-Alessandro-Serra_L1020995-150x150.jpg 150w\" data-sizes=\"auto\" \/><\/a>\n\t\t\t<\/dt>\n\t\t\t\t<dd class='wp-caption-text gallery-caption' id='gallery-1-51592'>\n\t\t\t\t08_Bruno Stori <br> ph. Alessandro Serra\n\t\t\t\t<\/dd><\/dl><dl class='gallery-item'>\n\t\t\t<dt class='gallery-icon landscape'>\n\t\t\t\t<a data-rel=\"iLightbox[postimages]\" data-title=\"09_La Tempesta_ph Alessandro Serra\" data-caption=\"09_da sx: Paolo Madonna (dietro), Massimiliano Donato  ph. Alessandro Serra\" href='https:\/\/www.teatrostabiletorino.it\/wp-content\/uploads\/2022\/03\/09_La-Tempesta_ph-Alessandro-Serra.jpg'><img decoding=\"async\" width=\"150\" height=\"150\" src=\"https:\/\/www.teatrostabiletorino.it\/wp-content\/uploads\/2022\/03\/09_La-Tempesta_ph-Alessandro-Serra-150x150.jpg\" class=\"attachment-thumbnail size-thumbnail lazyload\" alt=\"\" aria-describedby=\"gallery-1-51593\" srcset=\"data:image\/svg+xml,%3Csvg%20xmlns%3D%27http%3A%2F%2Fwww.w3.org%2F2000%2Fsvg%27%20width%3D%272126%27%20height%3D%271419%27%20viewBox%3D%270%200%202126%201419%27%3E%3Crect%20width%3D%272126%27%20height%3D%271419%27%20fill-opacity%3D%220%22%2F%3E%3C%2Fsvg%3E\" data-orig-src=\"https:\/\/www.teatrostabiletorino.it\/wp-content\/uploads\/2022\/03\/09_La-Tempesta_ph-Alessandro-Serra-150x150.jpg\" data-srcset=\"https:\/\/www.teatrostabiletorino.it\/wp-content\/uploads\/2022\/03\/09_La-Tempesta_ph-Alessandro-Serra-66x66.jpg 66w, https:\/\/www.teatrostabiletorino.it\/wp-content\/uploads\/2022\/03\/09_La-Tempesta_ph-Alessandro-Serra-150x150.jpg 150w\" data-sizes=\"auto\" \/><\/a>\n\t\t\t<\/dt>\n\t\t\t\t<dd class='wp-caption-text gallery-caption' id='gallery-1-51593'>\n\t\t\t\t09_da sx: Paolo Madonna (dietro), Massimiliano Donato <br> ph. Alessandro Serra\n\t\t\t\t<\/dd><\/dl><dl class='gallery-item'>\n\t\t\t<dt class='gallery-icon landscape'>\n\t\t\t\t<a data-rel=\"iLightbox[postimages]\" data-title=\"10_La Tempesta_ph Alessandro Serra_L1030315\" data-caption=\"10_da sx: Jared McNeill, Vincenzo Del Prete, Massimiliano Poli  ph. Alessandro Serra\" href='https:\/\/www.teatrostabiletorino.it\/wp-content\/uploads\/2022\/03\/10_La-Tempesta_ph-Alessandro-Serra_L1030315.jpg'><img decoding=\"async\" width=\"150\" height=\"150\" src=\"https:\/\/www.teatrostabiletorino.it\/wp-content\/uploads\/2022\/03\/10_La-Tempesta_ph-Alessandro-Serra_L1030315-150x150.jpg\" class=\"attachment-thumbnail size-thumbnail lazyload\" alt=\"\" aria-describedby=\"gallery-1-51594\" srcset=\"data:image\/svg+xml,%3Csvg%20xmlns%3D%27http%3A%2F%2Fwww.w3.org%2F2000%2Fsvg%27%20width%3D%272126%27%20height%3D%271419%27%20viewBox%3D%270%200%202126%201419%27%3E%3Crect%20width%3D%272126%27%20height%3D%271419%27%20fill-opacity%3D%220%22%2F%3E%3C%2Fsvg%3E\" data-orig-src=\"https:\/\/www.teatrostabiletorino.it\/wp-content\/uploads\/2022\/03\/10_La-Tempesta_ph-Alessandro-Serra_L1030315-150x150.jpg\" data-srcset=\"https:\/\/www.teatrostabiletorino.it\/wp-content\/uploads\/2022\/03\/10_La-Tempesta_ph-Alessandro-Serra_L1030315-66x66.jpg 66w, https:\/\/www.teatrostabiletorino.it\/wp-content\/uploads\/2022\/03\/10_La-Tempesta_ph-Alessandro-Serra_L1030315-150x150.jpg 150w\" data-sizes=\"auto\" \/><\/a>\n\t\t\t<\/dt>\n\t\t\t\t<dd class='wp-caption-text gallery-caption' id='gallery-1-51594'>\n\t\t\t\t10_da sx: Jared McNeill, Vincenzo Del Prete, Massimiliano Poli <br> ph. Alessandro Serra\n\t\t\t\t<\/dd><\/dl><br style=\"clear: both\" \/><dl class='gallery-item'>\n\t\t\t<dt class='gallery-icon landscape'>\n\t\t\t\t<a data-rel=\"iLightbox[postimages]\" data-title=\"11_La Tempesta_ph Alessandro Serra_L1030271\" data-caption=\"11_da sx: Jared McNeill, Vincenzo Del Prete  ph. Alessandro Serra\" href='https:\/\/www.teatrostabiletorino.it\/wp-content\/uploads\/2022\/03\/11_La-Tempesta_ph-Alessandro-Serra_L1030271.jpg'><img decoding=\"async\" width=\"150\" height=\"150\" src=\"https:\/\/www.teatrostabiletorino.it\/wp-content\/uploads\/2022\/03\/11_La-Tempesta_ph-Alessandro-Serra_L1030271-150x150.jpg\" class=\"attachment-thumbnail size-thumbnail lazyload\" alt=\"\" aria-describedby=\"gallery-1-51595\" srcset=\"data:image\/svg+xml,%3Csvg%20xmlns%3D%27http%3A%2F%2Fwww.w3.org%2F2000%2Fsvg%27%20width%3D%272126%27%20height%3D%271196%27%20viewBox%3D%270%200%202126%201196%27%3E%3Crect%20width%3D%272126%27%20height%3D%271196%27%20fill-opacity%3D%220%22%2F%3E%3C%2Fsvg%3E\" data-orig-src=\"https:\/\/www.teatrostabiletorino.it\/wp-content\/uploads\/2022\/03\/11_La-Tempesta_ph-Alessandro-Serra_L1030271-150x150.jpg\" data-srcset=\"https:\/\/www.teatrostabiletorino.it\/wp-content\/uploads\/2022\/03\/11_La-Tempesta_ph-Alessandro-Serra_L1030271-66x66.jpg 66w, https:\/\/www.teatrostabiletorino.it\/wp-content\/uploads\/2022\/03\/11_La-Tempesta_ph-Alessandro-Serra_L1030271-150x150.jpg 150w\" data-sizes=\"auto\" \/><\/a>\n\t\t\t<\/dt>\n\t\t\t\t<dd class='wp-caption-text gallery-caption' id='gallery-1-51595'>\n\t\t\t\t11_da sx: Jared McNeill, Vincenzo Del Prete <br> ph. Alessandro Serra\n\t\t\t\t<\/dd><\/dl><dl class='gallery-item'>\n\t\t\t<dt class='gallery-icon landscape'>\n\t\t\t\t<a data-rel=\"iLightbox[postimages]\" data-title=\"12_La Tempesta_ph Alessandro Serra_L1020907\" data-caption=\"12_Jared McNeill  ph. Alessandro Serra\" href='https:\/\/www.teatrostabiletorino.it\/wp-content\/uploads\/2022\/03\/12_La-Tempesta_ph-Alessandro-Serra_L1020907.jpg'><img decoding=\"async\" width=\"150\" height=\"150\" src=\"https:\/\/www.teatrostabiletorino.it\/wp-content\/uploads\/2022\/03\/12_La-Tempesta_ph-Alessandro-Serra_L1020907-150x150.jpg\" class=\"attachment-thumbnail size-thumbnail lazyload\" alt=\"\" aria-describedby=\"gallery-1-51596\" srcset=\"data:image\/svg+xml,%3Csvg%20xmlns%3D%27http%3A%2F%2Fwww.w3.org%2F2000%2Fsvg%27%20width%3D%272126%27%20height%3D%271419%27%20viewBox%3D%270%200%202126%201419%27%3E%3Crect%20width%3D%272126%27%20height%3D%271419%27%20fill-opacity%3D%220%22%2F%3E%3C%2Fsvg%3E\" data-orig-src=\"https:\/\/www.teatrostabiletorino.it\/wp-content\/uploads\/2022\/03\/12_La-Tempesta_ph-Alessandro-Serra_L1020907-150x150.jpg\" data-srcset=\"https:\/\/www.teatrostabiletorino.it\/wp-content\/uploads\/2022\/03\/12_La-Tempesta_ph-Alessandro-Serra_L1020907-66x66.jpg 66w, https:\/\/www.teatrostabiletorino.it\/wp-content\/uploads\/2022\/03\/12_La-Tempesta_ph-Alessandro-Serra_L1020907-150x150.jpg 150w\" data-sizes=\"auto\" \/><\/a>\n\t\t\t<\/dt>\n\t\t\t\t<dd class='wp-caption-text gallery-caption' id='gallery-1-51596'>\n\t\t\t\t12_Jared McNeill <br> ph. Alessandro Serra\n\t\t\t\t<\/dd><\/dl><dl class='gallery-item'>\n\t\t\t<dt class='gallery-icon landscape'>\n\t\t\t\t<a data-rel=\"iLightbox[postimages]\" data-title=\"13_La Tempesta_ph Alessandro Serra_L1030134\" data-caption=\"13_da sx: Chiara Michelini, Marco Sgrosso  ph. Alessandro Serra\" href='https:\/\/www.teatrostabiletorino.it\/wp-content\/uploads\/2022\/03\/13_La-Tempesta_ph-Alessandro-Serra_L1030134.jpg'><img decoding=\"async\" width=\"150\" height=\"150\" src=\"https:\/\/www.teatrostabiletorino.it\/wp-content\/uploads\/2022\/03\/13_La-Tempesta_ph-Alessandro-Serra_L1030134-150x150.jpg\" class=\"attachment-thumbnail size-thumbnail lazyload\" alt=\"\" aria-describedby=\"gallery-1-51597\" srcset=\"data:image\/svg+xml,%3Csvg%20xmlns%3D%27http%3A%2F%2Fwww.w3.org%2F2000%2Fsvg%27%20width%3D%272953%27%20height%3D%271971%27%20viewBox%3D%270%200%202953%201971%27%3E%3Crect%20width%3D%272953%27%20height%3D%271971%27%20fill-opacity%3D%220%22%2F%3E%3C%2Fsvg%3E\" data-orig-src=\"https:\/\/www.teatrostabiletorino.it\/wp-content\/uploads\/2022\/03\/13_La-Tempesta_ph-Alessandro-Serra_L1030134-150x150.jpg\" data-srcset=\"https:\/\/www.teatrostabiletorino.it\/wp-content\/uploads\/2022\/03\/13_La-Tempesta_ph-Alessandro-Serra_L1030134-66x66.jpg 66w, https:\/\/www.teatrostabiletorino.it\/wp-content\/uploads\/2022\/03\/13_La-Tempesta_ph-Alessandro-Serra_L1030134-150x150.jpg 150w\" data-sizes=\"auto\" \/><\/a>\n\t\t\t<\/dt>\n\t\t\t\t<dd class='wp-caption-text gallery-caption' id='gallery-1-51597'>\n\t\t\t\t13_da sx: Chiara Michelini, Marco Sgrosso <br> ph. Alessandro Serra\n\t\t\t\t<\/dd><\/dl><dl class='gallery-item'>\n\t\t\t<dt class='gallery-icon landscape'>\n\t\t\t\t<a data-rel=\"iLightbox[postimages]\" data-title=\"14_La Tempesta_ph Alessandro Serra_L1030297\" data-caption=\"14_da sx: Vincenzo Del Prete, Jared McNeill, Massimiliano Poli  ph. Alessandro Serra\" href='https:\/\/www.teatrostabiletorino.it\/wp-content\/uploads\/2022\/03\/14_La-Tempesta_ph-Alessandro-Serra_L1030297.jpg'><img decoding=\"async\" width=\"150\" height=\"150\" src=\"https:\/\/www.teatrostabiletorino.it\/wp-content\/uploads\/2022\/03\/14_La-Tempesta_ph-Alessandro-Serra_L1030297-150x150.jpg\" class=\"attachment-thumbnail size-thumbnail lazyload\" alt=\"\" aria-describedby=\"gallery-1-51598\" srcset=\"data:image\/svg+xml,%3Csvg%20xmlns%3D%27http%3A%2F%2Fwww.w3.org%2F2000%2Fsvg%27%20width%3D%272126%27%20height%3D%271419%27%20viewBox%3D%270%200%202126%201419%27%3E%3Crect%20width%3D%272126%27%20height%3D%271419%27%20fill-opacity%3D%220%22%2F%3E%3C%2Fsvg%3E\" data-orig-src=\"https:\/\/www.teatrostabiletorino.it\/wp-content\/uploads\/2022\/03\/14_La-Tempesta_ph-Alessandro-Serra_L1030297-150x150.jpg\" data-srcset=\"https:\/\/www.teatrostabiletorino.it\/wp-content\/uploads\/2022\/03\/14_La-Tempesta_ph-Alessandro-Serra_L1030297-66x66.jpg 66w, https:\/\/www.teatrostabiletorino.it\/wp-content\/uploads\/2022\/03\/14_La-Tempesta_ph-Alessandro-Serra_L1030297-150x150.jpg 150w\" data-sizes=\"auto\" \/><\/a>\n\t\t\t<\/dt>\n\t\t\t\t<dd class='wp-caption-text gallery-caption' id='gallery-1-51598'>\n\t\t\t\t14_da sx: Vincenzo Del Prete, Jared McNeill, Massimiliano Poli <br> ph. Alessandro Serra\n\t\t\t\t<\/dd><\/dl><dl class='gallery-item'>\n\t\t\t<dt class='gallery-icon landscape'>\n\t\t\t\t<a data-rel=\"iLightbox[postimages]\" data-title=\"15_La Tempesta_ph Alessandro Serra_L1020897\" data-caption=\"15_da sx: Jared McNeill, Vincenzo Del Prete, Massimiliano Poli  ph. Alessandro Serra\" href='https:\/\/www.teatrostabiletorino.it\/wp-content\/uploads\/2022\/03\/15_La-Tempesta_ph-Alessandro-Serra_L1020897.jpg'><img decoding=\"async\" width=\"150\" height=\"150\" src=\"https:\/\/www.teatrostabiletorino.it\/wp-content\/uploads\/2022\/03\/15_La-Tempesta_ph-Alessandro-Serra_L1020897-150x150.jpg\" class=\"attachment-thumbnail size-thumbnail lazyload\" alt=\"\" aria-describedby=\"gallery-1-51599\" srcset=\"data:image\/svg+xml,%3Csvg%20xmlns%3D%27http%3A%2F%2Fwww.w3.org%2F2000%2Fsvg%27%20width%3D%272126%27%20height%3D%271419%27%20viewBox%3D%270%200%202126%201419%27%3E%3Crect%20width%3D%272126%27%20height%3D%271419%27%20fill-opacity%3D%220%22%2F%3E%3C%2Fsvg%3E\" data-orig-src=\"https:\/\/www.teatrostabiletorino.it\/wp-content\/uploads\/2022\/03\/15_La-Tempesta_ph-Alessandro-Serra_L1020897-150x150.jpg\" data-srcset=\"https:\/\/www.teatrostabiletorino.it\/wp-content\/uploads\/2022\/03\/15_La-Tempesta_ph-Alessandro-Serra_L1020897-66x66.jpg 66w, https:\/\/www.teatrostabiletorino.it\/wp-content\/uploads\/2022\/03\/15_La-Tempesta_ph-Alessandro-Serra_L1020897-150x150.jpg 150w\" data-sizes=\"auto\" \/><\/a>\n\t\t\t<\/dt>\n\t\t\t\t<dd class='wp-caption-text gallery-caption' id='gallery-1-51599'>\n\t\t\t\t15_da sx: Jared McNeill, Vincenzo Del Prete, Massimiliano Poli <br> ph. Alessandro Serra\n\t\t\t\t<\/dd><\/dl><br style=\"clear: both\" \/><dl class='gallery-item'>\n\t\t\t<dt class='gallery-icon landscape'>\n\t\t\t\t<a data-rel=\"iLightbox[postimages]\" data-title=\"16_La Tempesta_ph Alessandro Serra_L1030081\" data-caption=\"Marco Sgrosso, Maria Irene Minelli  ph. Alessandro Serra\" href='https:\/\/www.teatrostabiletorino.it\/wp-content\/uploads\/2022\/03\/16_La-Tempesta_ph-Alessandro-Serra_L1030081.jpg'><img decoding=\"async\" width=\"150\" height=\"150\" src=\"https:\/\/www.teatrostabiletorino.it\/wp-content\/uploads\/2022\/03\/16_La-Tempesta_ph-Alessandro-Serra_L1030081-150x150.jpg\" class=\"attachment-thumbnail size-thumbnail lazyload\" alt=\"\" aria-describedby=\"gallery-1-51600\" srcset=\"data:image\/svg+xml,%3Csvg%20xmlns%3D%27http%3A%2F%2Fwww.w3.org%2F2000%2Fsvg%27%20width%3D%273543%27%20height%3D%271994%27%20viewBox%3D%270%200%203543%201994%27%3E%3Crect%20width%3D%273543%27%20height%3D%271994%27%20fill-opacity%3D%220%22%2F%3E%3C%2Fsvg%3E\" data-orig-src=\"https:\/\/www.teatrostabiletorino.it\/wp-content\/uploads\/2022\/03\/16_La-Tempesta_ph-Alessandro-Serra_L1030081-150x150.jpg\" data-srcset=\"https:\/\/www.teatrostabiletorino.it\/wp-content\/uploads\/2022\/03\/16_La-Tempesta_ph-Alessandro-Serra_L1030081-66x66.jpg 66w, https:\/\/www.teatrostabiletorino.it\/wp-content\/uploads\/2022\/03\/16_La-Tempesta_ph-Alessandro-Serra_L1030081-150x150.jpg 150w\" data-sizes=\"auto\" \/><\/a>\n\t\t\t<\/dt>\n\t\t\t\t<dd class='wp-caption-text gallery-caption' id='gallery-1-51600'>\n\t\t\t\tMarco Sgrosso, Maria Irene Minelli <br> ph. Alessandro Serra\n\t\t\t\t<\/dd><\/dl><dl class='gallery-item'>\n\t\t\t<dt class='gallery-icon landscape'>\n\t\t\t\t<a data-rel=\"iLightbox[postimages]\" data-title=\"17_La Tempesta_ph Alessandro Serra_L1020846\" data-caption=\"17_da sx: Vincenzo Del Prete, Jared McNeill  ph. Alessandro Serra\" href='https:\/\/www.teatrostabiletorino.it\/wp-content\/uploads\/2022\/03\/17_La-Tempesta_ph-Alessandro-Serra_L1020846.jpg'><img decoding=\"async\" width=\"150\" height=\"150\" src=\"https:\/\/www.teatrostabiletorino.it\/wp-content\/uploads\/2022\/03\/17_La-Tempesta_ph-Alessandro-Serra_L1020846-150x150.jpg\" class=\"attachment-thumbnail size-thumbnail lazyload\" alt=\"\" aria-describedby=\"gallery-1-51601\" srcset=\"data:image\/svg+xml,%3Csvg%20xmlns%3D%27http%3A%2F%2Fwww.w3.org%2F2000%2Fsvg%27%20width%3D%272126%27%20height%3D%271419%27%20viewBox%3D%270%200%202126%201419%27%3E%3Crect%20width%3D%272126%27%20height%3D%271419%27%20fill-opacity%3D%220%22%2F%3E%3C%2Fsvg%3E\" data-orig-src=\"https:\/\/www.teatrostabiletorino.it\/wp-content\/uploads\/2022\/03\/17_La-Tempesta_ph-Alessandro-Serra_L1020846-150x150.jpg\" data-srcset=\"https:\/\/www.teatrostabiletorino.it\/wp-content\/uploads\/2022\/03\/17_La-Tempesta_ph-Alessandro-Serra_L1020846-66x66.jpg 66w, https:\/\/www.teatrostabiletorino.it\/wp-content\/uploads\/2022\/03\/17_La-Tempesta_ph-Alessandro-Serra_L1020846-150x150.jpg 150w\" data-sizes=\"auto\" \/><\/a>\n\t\t\t<\/dt>\n\t\t\t\t<dd class='wp-caption-text gallery-caption' id='gallery-1-51601'>\n\t\t\t\t17_da sx: Vincenzo Del Prete, Jared McNeill <br> ph. Alessandro Serra\n\t\t\t\t<\/dd><\/dl><dl class='gallery-item'>\n\t\t\t<dt class='gallery-icon portrait'>\n\t\t\t\t<a data-rel=\"iLightbox[postimages]\" data-title=\"18_La Tempesta_ph Alessandro Serra_L1020418\" data-caption=\"18_Foto di scena  ph. Alessandro Serra\" href='https:\/\/www.teatrostabiletorino.it\/wp-content\/uploads\/2022\/03\/18_La-Tempesta_ph-Alessandro-Serra_L1020418.jpg'><img decoding=\"async\" width=\"150\" height=\"150\" src=\"https:\/\/www.teatrostabiletorino.it\/wp-content\/uploads\/2022\/03\/18_La-Tempesta_ph-Alessandro-Serra_L1020418-150x150.jpg\" class=\"attachment-thumbnail size-thumbnail lazyload\" alt=\"\" aria-describedby=\"gallery-1-51602\" srcset=\"data:image\/svg+xml,%3Csvg%20xmlns%3D%27http%3A%2F%2Fwww.w3.org%2F2000%2Fsvg%27%20width%3D%271435%27%20height%3D%272126%27%20viewBox%3D%270%200%201435%202126%27%3E%3Crect%20width%3D%271435%27%20height%3D%272126%27%20fill-opacity%3D%220%22%2F%3E%3C%2Fsvg%3E\" data-orig-src=\"https:\/\/www.teatrostabiletorino.it\/wp-content\/uploads\/2022\/03\/18_La-Tempesta_ph-Alessandro-Serra_L1020418-150x150.jpg\" data-srcset=\"https:\/\/www.teatrostabiletorino.it\/wp-content\/uploads\/2022\/03\/18_La-Tempesta_ph-Alessandro-Serra_L1020418-66x66.jpg 66w, https:\/\/www.teatrostabiletorino.it\/wp-content\/uploads\/2022\/03\/18_La-Tempesta_ph-Alessandro-Serra_L1020418-150x150.jpg 150w\" data-sizes=\"auto\" \/><\/a>\n\t\t\t<\/dt>\n\t\t\t\t<dd class='wp-caption-text gallery-caption' id='gallery-1-51602'>\n\t\t\t\t18_Foto di scena <br> ph. Alessandro Serra\n\t\t\t\t<\/dd><\/dl>\n\t\t\t<br style='clear: both' \/>\n\t\t<\/div>\n<\/p>","protected":false},"excerpt":{"rendered":"<p>Sorry, this entry is only available in Italiano.Alessandro Serra, autore di un teatro materico e <a href=\"https:\/\/www.teatrostabiletorino.it\/en\/debutta-in-prima-nazionale-alle-fonderie-limone-di-moncalieri-la-tempesta-di-william-shakespeare-il-nuovo-lavoro-di-alessandro-serra-fonderie-limone-di-moncalieri-15-marzo\/\"> [+]<\/a><\/p>\n","protected":false},"author":2,"featured_media":51884,"comment_status":"open","ping_status":"open","sticky":false,"template":"","format":"standard","meta":{"_acf_changed":false,"footnotes":""},"categories":[149],"tags":[],"acf":[],"_links":{"self":[{"href":"https:\/\/www.teatrostabiletorino.it\/en\/wp-json\/wp\/v2\/posts\/51580"}],"collection":[{"href":"https:\/\/www.teatrostabiletorino.it\/en\/wp-json\/wp\/v2\/posts"}],"about":[{"href":"https:\/\/www.teatrostabiletorino.it\/en\/wp-json\/wp\/v2\/types\/post"}],"author":[{"embeddable":true,"href":"https:\/\/www.teatrostabiletorino.it\/en\/wp-json\/wp\/v2\/users\/2"}],"replies":[{"embeddable":true,"href":"https:\/\/www.teatrostabiletorino.it\/en\/wp-json\/wp\/v2\/comments?post=51580"}],"version-history":[{"count":0,"href":"https:\/\/www.teatrostabiletorino.it\/en\/wp-json\/wp\/v2\/posts\/51580\/revisions"}],"wp:featuredmedia":[{"embeddable":true,"href":"https:\/\/www.teatrostabiletorino.it\/en\/wp-json\/wp\/v2\/media\/51884"}],"wp:attachment":[{"href":"https:\/\/www.teatrostabiletorino.it\/en\/wp-json\/wp\/v2\/media?parent=51580"}],"wp:term":[{"taxonomy":"category","embeddable":true,"href":"https:\/\/www.teatrostabiletorino.it\/en\/wp-json\/wp\/v2\/categories?post=51580"},{"taxonomy":"post_tag","embeddable":true,"href":"https:\/\/www.teatrostabiletorino.it\/en\/wp-json\/wp\/v2\/tags?post=51580"}],"curies":[{"name":"wp","href":"https:\/\/api.w.org\/{rel}","templated":true}]}}