{"id":51613,"date":"2022-03-04T17:26:41","date_gmt":"2022-03-04T16:26:41","guid":{"rendered":"https:\/\/www.teatrostabiletorino.it\/?p=51613"},"modified":"2022-04-07T16:38:59","modified_gmt":"2022-04-07T14:38:59","slug":"debutta-per-la-prima-volta-in-italia-ghiaccio-frozen-il-pluripremiato-testo-della-drammaturga-inglese-bryony-lavery-interpretato-da-filippo-dini-mariangela-granelli-lucia-mascino","status":"publish","type":"post","link":"https:\/\/www.teatrostabiletorino.it\/en\/debutta-per-la-prima-volta-in-italia-ghiaccio-frozen-il-pluripremiato-testo-della-drammaturga-inglese-bryony-lavery-interpretato-da-filippo-dini-mariangela-granelli-lucia-mascino\/","title":{"rendered":"DEBUTTA PER LA PRIMA VOLTA IN ITALIA \u201cGHIACCIO (FROZEN)\u201d IL PLURIPREMIATO TESTO DELLA DRAMMATURGA INGLESE BRYONY LAVERY INTERPRETATO DA FILIPPO DINI, MARIANGELA GRANELLI, LUCIA MASCINO, PER LA REGIA DI FILIPPO DINI. NUOVA PRODUZIONE DEL TEATRO STABILE DI TORINO"},"content":{"rendered":"<p class=\"qtranxs-available-languages-message qtranxs-available-languages-message-en\">Sorry, this entry is only available in <a href=\"https:\/\/www.teatrostabiletorino.it\/it\/wp-json\/wp\/v2\/posts\/51613\" class=\"qtranxs-available-language-link qtranxs-available-language-link-it\" title=\"Italiano\">Italiano<\/a>.<\/p><p><strong>Marted\u00ec 22 marzo 2022, alle 19.30, debutta al Teatro Gobetti di Torino, in prima nazionale, <em>GHIACCIO (Frozen)<\/em> <\/strong><strong>di Bryony Lavery con la regia di Filippo Dini. Gli interpreti sono lo stesso Dini (<em>nel ruolo di Ralph<\/em>), Mariangela Granelli (<em>Nancy<\/em>), Lucia Mascino (<em>Agnetha<\/em>). <\/strong>Il testo \u00e8 tradotto da <strong>Monica Capuani<\/strong> e <strong>Massimiliano Farau<\/strong>. Le scene sono di <strong>Maria Spazzi<\/strong>, i costumi di <strong>Katarina Vukcevic<\/strong>, le luci di <strong>Pasquale Mari<\/strong>, le musiche di <strong>Aleph Viola<\/strong>. Aiuto regia <strong>Carlo Orlando<\/strong>. Lo spettacolo, prodotto dal <strong>Teatro Stabile di Torino \u2013 Teatro Nazionale<\/strong>, in accordo con <strong>Arcadia &amp; Ricono Ltd<\/strong> per gentile concessione di <strong>United Agents LLP<\/strong>, sar\u00e0 replicato al Gobetti fino al 10 aprile, per la Stagione in Abbonamento del TST.<\/p>\n<p>&nbsp;<\/p>\n<p><strong>La serata riservata alla Critica \u00e8 fissata gioved\u00ec 24 marzo, alle ore 19.30.<\/strong><\/p>\n<p><em>Tre vite conducono un\u2019esistenza avvolta nel freddo ghiaccio della conservazione, della determinazione a sopravvivere. Si pu\u00f2 solo tentare di vivere, ma nel ghiaccio, nell\u2019immutabilit\u00e0 del tutto, nella consacrazione di un vuoto (Filippo Dini)<\/em><\/p>\n<p><strong>\u00a0<\/strong>Filippo Dini dirige <em>Ghiaccio<\/em> (titolo originale <em>Frozen<\/em>, 1998) della drammaturga britannica Bryony Lavery. Un thriller psicologico, che si annoda intorno alle vite di un serial killer condannato, la madre di una delle sue vittime e una psichiatra. Ognuno di loro propone una propria versione dei fatti, offrendo un ritratto di se stesso e del proprio animo lacerato, ma, lentamente, la storia si ricompone e i fili del dolore che ne \u00e8 scaturito ritrovano un ordine e una consistenza diversa, arrivando quasi a sciogliersi nell&#8217;idea di un possibile perdono. Rhona, dieci anni, scompare mentre sta portando a sua nonna delle cesoie da giardino. I giorni, i mesi, gli anni che seguono sono congelati (<em>frozen<\/em>) nella speranza della madre Nancy di rivederla e nella solitudine della sorella, testimone della disperazione e della disgregazione familiare. Vent\u2019anni dopo, a seguito del ritrovamento di Rhona e di altre vittime, il serial killer Ralph incontra Agnetha \u2013 una scienziata che studia il funzionamento del cervello e sta mettendo a punto una teoria sugli assassini seriali \u2013 e successivamente Nancy. La struttura del dramma, con tre lunghi monologhi iniziali, che mettono il pubblico in diretto contatto con i tre personaggi e i loro punti di vista, si apre a uno sviluppo estremamente efficace nel cesellarne gli sviluppi emotivi.<\/p>\n<p>&nbsp;<\/p>\n<p><strong>Bryony Lavery<\/strong> \u00e8 una drammaturga inglese di grande successo. Ha scritto oltre 50 opere teatrali e libri, tra cui sceneggiature originali, pi\u00e8ce per ragazzi, radiodrammi e adattamenti teatrali. Tra i suoi testi teatrali: <em>Bag, The Origin of the Species, Witchcraze, Wicked, Kitchen Matters, Nothing Compares to You, Ophelia, A Wedding Story <\/em>e il premiatissimo<em> Her Aching Heart<\/em>.<\/p>\n<p><em>Frozen<\/em> \u00e8 stato prodotto per la prima volta in Inghilterra nel 1998 al Birmingham Repertory Theatre e ha vinto il premio TMA come Migliore Nuovo Testo Teatrale e il premio Eileen Anderson Central Television come Miglior testo teatrale. L\u2019opera \u00e8 stata messa in scena nel luglio 2002 dal Royal National Theatre di Londra, conquistando il Barclay Award. A New York il testo ha avuto quattro nominations ai Tony Awards e Brian F. O\u2019Byrne ha vinto il Tony come Miglior Attore per la sua interpretazione di Ralph. Nel 2018 la pi\u00e8ce ha avuto una nuova produzione di grande successo nel West End di Londra con un cast stellare: Suranne Jones, Jason Watkins e Nina Sosanya. A distanza di pi\u00f9 di vent\u2019anni, lo spettacolo mantiene intatta la capacit\u00e0 di porre domande sulla societ\u00e0, sulla fame istintiva di vendetta e sul ruolo del sistema carcerario.<\/p>\n<p><strong>Filippo Dini<\/strong> (1973) si \u00e8 formato alla Scuola dello Stabile di Genova e all&#8217;inizio della sua carriera di attore \u00e8 stato diretto da figure importanti del teatro italiano, tra cui Carlo Cecchi, Giorgio Barberio Corsetti e Valerio Binasco. Come interprete ha vinto un premio Hystrio-Anct, un premio Golden Graal e due premi Le Maschere del Teatro Italiano. Al cinema ha lavorato con Nanni Moretti, Pupi Avati, i fratelli Taviani, Donato Carrisi, Francesca Comencini, i fratelli D&#8217;Innocenzo. La sua prima regia \u00e8 del 2012, seguita poi nel 2015 dal suo primo importante riconoscimento nazionale, il premio Le Maschere del Teatro Italiano per la messinscena dell&#8217;<em>Ivanov <\/em>di Cechov, rinnovato nel 2019 per <em>Cos\u00ec \u00e8 (se vi pare)<\/em> di Pirandello. Erede del pi\u00f9 nobile capocomicato, Dini riesce a trovare nel suo lavoro l&#8217;equilibrio della propria ricerca creativa alternando grandi classici ad adattamenti teatrali di opere letterarie o cinematografiche e nuovi testi di drammaturgia contemporanea. Dal 2021 \u00e8 regista residente del Teatro Stabile di Torino. \u00c8 presente nella attuale stagione del TST in qualit\u00e0 di regista e interprete di <em>Casa di bambola<\/em>, <em>The Spank<\/em> e <em>Ghiaccio<\/em>.<\/p>\n<p><a href=\"http:\/\/www.teatrostabiletorino.it\/wp-content\/uploads\/2022\/03\/01_CS-GHIACCIO.pdf\" target=\"_blank\" rel=\"noopener\">01_CS_Ghiaccio<\/a><\/p>\n<p><a href=\"http:\/\/www.teatrostabiletorino.it\/wp-content\/uploads\/2022\/03\/02_Brevi-note-di-Filippo-Dini-su-GHIACCIO.pdf\" target=\"_blank\" rel=\"noopener\">02_Brevi note di Filippo Dini su GHIACCIO<\/a><\/p>\n<p><a href=\"http:\/\/www.teatrostabiletorino.it\/wp-content\/uploads\/2022\/03\/03_Conversazione-con-Bryony-Lavery-di-Dinah-Wood.pdf\" target=\"_blank\" rel=\"noopener\">03_Conversazione con Bryony Lavery di Dinah Wood<\/a><\/p>\n<p><a href=\"https:\/\/www.dropbox.com\/sh\/tq6ts0acykmr3gd\/AACwU1WrqpQm6Vz10OTmAGaYa?dl=0\" target=\"_blank\" rel=\"noopener\">04_Foto e bio Dini_Granelli_Mascino<\/a><\/p>\n<p>&nbsp;<\/p>\n<h3>Foto delle prove dello spettacolo_ph Luigi De Palma<\/h3>\n\n\t\t<style type=\"text\/css\">\n\t\t\t#gallery-1 {\n\t\t\t\tmargin: auto;\n\t\t\t}\n\t\t\t#gallery-1 .gallery-item {\n\t\t\t\tfloat: left;\n\t\t\t\tmargin-top: 10px;\n\t\t\t\ttext-align: center;\n\t\t\t\twidth: 20%;\n\t\t\t}\n\t\t\t#gallery-1 img {\n\t\t\t\tborder: 2px solid #cfcfcf;\n\t\t\t}\n\t\t\t#gallery-1 .gallery-caption {\n\t\t\t\tmargin-left: 0;\n\t\t\t}\n\t\t\t\/* see gallery_shortcode() in wp-includes\/media.php *\/\n\t\t<\/style>\n\t\t<div id='gallery-1' class='gallery galleryid-51613 gallery-columns-5 gallery-size-thumbnail'><dl class='gallery-item'>\n\t\t\t<dt class='gallery-icon landscape'>\n\t\t\t\t<a data-rel=\"iLightbox[postimages]\" data-title=\"01_Ghiaccio_ph Luigi De Palma PR53710-Modifica-Modifica-Copia1\" data-caption=\"da sx: Lucia Mascino, Filippo Dini, Mariangela Granelliph Luigi De Palma\" href='https:\/\/www.teatrostabiletorino.it\/wp-content\/uploads\/2022\/03\/01_Ghiaccio_ph-Luigi-De-Palma-PR53710-Modifica-Modifica-Copia1.jpg'><img decoding=\"async\" width=\"150\" height=\"150\" src=\"https:\/\/www.teatrostabiletorino.it\/wp-content\/uploads\/2022\/03\/01_Ghiaccio_ph-Luigi-De-Palma-PR53710-Modifica-Modifica-Copia1-150x150.jpg\" class=\"attachment-thumbnail size-thumbnail lazyload\" alt=\"\" aria-describedby=\"gallery-1-51915\" srcset=\"data:image\/svg+xml,%3Csvg%20xmlns%3D%27http%3A%2F%2Fwww.w3.org%2F2000%2Fsvg%27%20width%3D%272048%27%20height%3D%271366%27%20viewBox%3D%270%200%202048%201366%27%3E%3Crect%20width%3D%272048%27%20height%3D%271366%27%20fill-opacity%3D%220%22%2F%3E%3C%2Fsvg%3E\" data-orig-src=\"https:\/\/www.teatrostabiletorino.it\/wp-content\/uploads\/2022\/03\/01_Ghiaccio_ph-Luigi-De-Palma-PR53710-Modifica-Modifica-Copia1-150x150.jpg\" data-srcset=\"https:\/\/www.teatrostabiletorino.it\/wp-content\/uploads\/2022\/03\/01_Ghiaccio_ph-Luigi-De-Palma-PR53710-Modifica-Modifica-Copia1-66x66.jpg 66w, https:\/\/www.teatrostabiletorino.it\/wp-content\/uploads\/2022\/03\/01_Ghiaccio_ph-Luigi-De-Palma-PR53710-Modifica-Modifica-Copia1-150x150.jpg 150w\" data-sizes=\"auto\" \/><\/a>\n\t\t\t<\/dt>\n\t\t\t\t<dd class='wp-caption-text gallery-caption' id='gallery-1-51915'>\n\t\t\t\tda sx: Lucia Mascino, Filippo Dini, Mariangela Granelli<br>ph Luigi De Palma\n\t\t\t\t<\/dd><\/dl><dl class='gallery-item'>\n\t\t\t<dt class='gallery-icon landscape'>\n\t\t\t\t<a data-rel=\"iLightbox[postimages]\" data-title=\"02_Ghiaccio_ph Luigi De Palma_PR53674-Modifica-3-2\" data-caption=\"da sx: Mariangela Granelli, Lucia Mascino, Filippo Diniph Luigi De Palma\" href='https:\/\/www.teatrostabiletorino.it\/wp-content\/uploads\/2022\/03\/02_Ghiaccio_ph-Luigi-De-Palma_PR53674-Modifica-3-2.jpg'><img decoding=\"async\" width=\"150\" height=\"150\" src=\"https:\/\/www.teatrostabiletorino.it\/wp-content\/uploads\/2022\/03\/02_Ghiaccio_ph-Luigi-De-Palma_PR53674-Modifica-3-2-150x150.jpg\" class=\"attachment-thumbnail size-thumbnail lazyload\" alt=\"\" aria-describedby=\"gallery-1-51916\" srcset=\"data:image\/svg+xml,%3Csvg%20xmlns%3D%27http%3A%2F%2Fwww.w3.org%2F2000%2Fsvg%27%20width%3D%272008%27%20height%3D%271339%27%20viewBox%3D%270%200%202008%201339%27%3E%3Crect%20width%3D%272008%27%20height%3D%271339%27%20fill-opacity%3D%220%22%2F%3E%3C%2Fsvg%3E\" data-orig-src=\"https:\/\/www.teatrostabiletorino.it\/wp-content\/uploads\/2022\/03\/02_Ghiaccio_ph-Luigi-De-Palma_PR53674-Modifica-3-2-150x150.jpg\" data-srcset=\"https:\/\/www.teatrostabiletorino.it\/wp-content\/uploads\/2022\/03\/02_Ghiaccio_ph-Luigi-De-Palma_PR53674-Modifica-3-2-66x66.jpg 66w, https:\/\/www.teatrostabiletorino.it\/wp-content\/uploads\/2022\/03\/02_Ghiaccio_ph-Luigi-De-Palma_PR53674-Modifica-3-2-150x150.jpg 150w\" data-sizes=\"auto\" \/><\/a>\n\t\t\t<\/dt>\n\t\t\t\t<dd class='wp-caption-text gallery-caption' id='gallery-1-51916'>\n\t\t\t\tda sx: Mariangela Granelli, Lucia Mascino, Filippo Dini<br>ph Luigi De Palma\n\t\t\t\t<\/dd><\/dl><dl class='gallery-item'>\n\t\t\t<dt class='gallery-icon landscape'>\n\t\t\t\t<a data-rel=\"iLightbox[postimages]\" data-title=\"03_Ghiaccio_ph Luigi De Palma_PR53906\" data-caption=\"da sx: Lucia Mascino, Mariangela Granelli, Filippo Diniph Luigi De Palma\" href='https:\/\/www.teatrostabiletorino.it\/wp-content\/uploads\/2022\/03\/03_Ghiaccio_ph-Luigi-De-Palma_PR53906.jpg'><img decoding=\"async\" width=\"150\" height=\"150\" src=\"https:\/\/www.teatrostabiletorino.it\/wp-content\/uploads\/2022\/03\/03_Ghiaccio_ph-Luigi-De-Palma_PR53906-150x150.jpg\" class=\"attachment-thumbnail size-thumbnail lazyload\" alt=\"\" aria-describedby=\"gallery-1-51917\" srcset=\"data:image\/svg+xml,%3Csvg%20xmlns%3D%27http%3A%2F%2Fwww.w3.org%2F2000%2Fsvg%27%20width%3D%272048%27%20height%3D%271366%27%20viewBox%3D%270%200%202048%201366%27%3E%3Crect%20width%3D%272048%27%20height%3D%271366%27%20fill-opacity%3D%220%22%2F%3E%3C%2Fsvg%3E\" data-orig-src=\"https:\/\/www.teatrostabiletorino.it\/wp-content\/uploads\/2022\/03\/03_Ghiaccio_ph-Luigi-De-Palma_PR53906-150x150.jpg\" data-srcset=\"https:\/\/www.teatrostabiletorino.it\/wp-content\/uploads\/2022\/03\/03_Ghiaccio_ph-Luigi-De-Palma_PR53906-66x66.jpg 66w, https:\/\/www.teatrostabiletorino.it\/wp-content\/uploads\/2022\/03\/03_Ghiaccio_ph-Luigi-De-Palma_PR53906-150x150.jpg 150w\" data-sizes=\"auto\" \/><\/a>\n\t\t\t<\/dt>\n\t\t\t\t<dd class='wp-caption-text gallery-caption' id='gallery-1-51917'>\n\t\t\t\tda sx: Lucia Mascino, Mariangela Granelli, Filippo Dini<br>ph Luigi De Palma\n\t\t\t\t<\/dd><\/dl><dl class='gallery-item'>\n\t\t\t<dt class='gallery-icon landscape'>\n\t\t\t\t<a data-rel=\"iLightbox[postimages]\" data-title=\"04_Ghiaccio_ph Luigi De Palma_PR54158\" data-caption=\"foto della scena con al centro Filippo Diniph Luigi De Palma\" href='https:\/\/www.teatrostabiletorino.it\/wp-content\/uploads\/2022\/03\/04_Ghiaccio_ph-Luigi-De-Palma_PR54158.jpg'><img decoding=\"async\" width=\"150\" height=\"150\" src=\"https:\/\/www.teatrostabiletorino.it\/wp-content\/uploads\/2022\/03\/04_Ghiaccio_ph-Luigi-De-Palma_PR54158-150x150.jpg\" class=\"attachment-thumbnail size-thumbnail lazyload\" alt=\"\" aria-describedby=\"gallery-1-51918\" srcset=\"data:image\/svg+xml,%3Csvg%20xmlns%3D%27http%3A%2F%2Fwww.w3.org%2F2000%2Fsvg%27%20width%3D%271772%27%20height%3D%271181%27%20viewBox%3D%270%200%201772%201181%27%3E%3Crect%20width%3D%271772%27%20height%3D%271181%27%20fill-opacity%3D%220%22%2F%3E%3C%2Fsvg%3E\" data-orig-src=\"https:\/\/www.teatrostabiletorino.it\/wp-content\/uploads\/2022\/03\/04_Ghiaccio_ph-Luigi-De-Palma_PR54158-150x150.jpg\" data-srcset=\"https:\/\/www.teatrostabiletorino.it\/wp-content\/uploads\/2022\/03\/04_Ghiaccio_ph-Luigi-De-Palma_PR54158-66x66.jpg 66w, https:\/\/www.teatrostabiletorino.it\/wp-content\/uploads\/2022\/03\/04_Ghiaccio_ph-Luigi-De-Palma_PR54158-150x150.jpg 150w\" data-sizes=\"auto\" \/><\/a>\n\t\t\t<\/dt>\n\t\t\t\t<dd class='wp-caption-text gallery-caption' id='gallery-1-51918'>\n\t\t\t\tfoto della scena con al centro Filippo Dini<br>ph Luigi De Palma\n\t\t\t\t<\/dd><\/dl><dl class='gallery-item'>\n\t\t\t<dt class='gallery-icon landscape'>\n\t\t\t\t<a data-rel=\"iLightbox[postimages]\" data-title=\"05_Ghiaccio_ph Luigi De Palma_PR51187\" data-caption=\"Filippo Diniph Luigi De Palma\" href='https:\/\/www.teatrostabiletorino.it\/wp-content\/uploads\/2022\/03\/05_Ghiaccio_ph-Luigi-De-Palma_PR51187.jpg'><img decoding=\"async\" width=\"150\" height=\"150\" src=\"https:\/\/www.teatrostabiletorino.it\/wp-content\/uploads\/2022\/03\/05_Ghiaccio_ph-Luigi-De-Palma_PR51187-150x150.jpg\" class=\"attachment-thumbnail size-thumbnail lazyload\" alt=\"\" aria-describedby=\"gallery-1-51919\" srcset=\"data:image\/svg+xml,%3Csvg%20xmlns%3D%27http%3A%2F%2Fwww.w3.org%2F2000%2Fsvg%27%20width%3D%272048%27%20height%3D%271366%27%20viewBox%3D%270%200%202048%201366%27%3E%3Crect%20width%3D%272048%27%20height%3D%271366%27%20fill-opacity%3D%220%22%2F%3E%3C%2Fsvg%3E\" data-orig-src=\"https:\/\/www.teatrostabiletorino.it\/wp-content\/uploads\/2022\/03\/05_Ghiaccio_ph-Luigi-De-Palma_PR51187-150x150.jpg\" data-srcset=\"https:\/\/www.teatrostabiletorino.it\/wp-content\/uploads\/2022\/03\/05_Ghiaccio_ph-Luigi-De-Palma_PR51187-66x66.jpg 66w, https:\/\/www.teatrostabiletorino.it\/wp-content\/uploads\/2022\/03\/05_Ghiaccio_ph-Luigi-De-Palma_PR51187-150x150.jpg 150w\" data-sizes=\"auto\" \/><\/a>\n\t\t\t<\/dt>\n\t\t\t\t<dd class='wp-caption-text gallery-caption' id='gallery-1-51919'>\n\t\t\t\tFilippo Dini<br>ph Luigi De Palma\n\t\t\t\t<\/dd><\/dl><br style=\"clear: both\" \/><dl class='gallery-item'>\n\t\t\t<dt class='gallery-icon landscape'>\n\t\t\t\t<a data-rel=\"iLightbox[postimages]\" data-title=\"06_Ghiaccio_ph Luigi De Palma_RR62120-Modifica-2\" data-caption=\"Lucia Mascinoph Luigi De Palma\" href='https:\/\/www.teatrostabiletorino.it\/wp-content\/uploads\/2022\/03\/06_Ghiaccio_ph-Luigi-De-Palma_RR62120-Modifica-2.jpg'><img decoding=\"async\" width=\"150\" height=\"150\" src=\"https:\/\/www.teatrostabiletorino.it\/wp-content\/uploads\/2022\/03\/06_Ghiaccio_ph-Luigi-De-Palma_RR62120-Modifica-2-150x150.jpg\" class=\"attachment-thumbnail size-thumbnail lazyload\" alt=\"\" aria-describedby=\"gallery-1-51920\" srcset=\"data:image\/svg+xml,%3Csvg%20xmlns%3D%27http%3A%2F%2Fwww.w3.org%2F2000%2Fsvg%27%20width%3D%272048%27%20height%3D%271365%27%20viewBox%3D%270%200%202048%201365%27%3E%3Crect%20width%3D%272048%27%20height%3D%271365%27%20fill-opacity%3D%220%22%2F%3E%3C%2Fsvg%3E\" data-orig-src=\"https:\/\/www.teatrostabiletorino.it\/wp-content\/uploads\/2022\/03\/06_Ghiaccio_ph-Luigi-De-Palma_RR62120-Modifica-2-150x150.jpg\" data-srcset=\"https:\/\/www.teatrostabiletorino.it\/wp-content\/uploads\/2022\/03\/06_Ghiaccio_ph-Luigi-De-Palma_RR62120-Modifica-2-66x66.jpg 66w, https:\/\/www.teatrostabiletorino.it\/wp-content\/uploads\/2022\/03\/06_Ghiaccio_ph-Luigi-De-Palma_RR62120-Modifica-2-150x150.jpg 150w\" data-sizes=\"auto\" \/><\/a>\n\t\t\t<\/dt>\n\t\t\t\t<dd class='wp-caption-text gallery-caption' id='gallery-1-51920'>\n\t\t\t\tLucia Mascino<br>ph Luigi De Palma\n\t\t\t\t<\/dd><\/dl><dl class='gallery-item'>\n\t\t\t<dt class='gallery-icon portrait'>\n\t\t\t\t<a data-rel=\"iLightbox[postimages]\" data-title=\"07_Ghiaccio_ph Luigi De Palma_PR51237-Modifica-2\" data-caption=\"Mariangela Granelliph Luigi De Palma\" href='https:\/\/www.teatrostabiletorino.it\/wp-content\/uploads\/2022\/03\/07_Ghiaccio_ph-Luigi-De-Palma_PR51237-Modifica-2.jpg'><img decoding=\"async\" width=\"150\" height=\"150\" src=\"https:\/\/www.teatrostabiletorino.it\/wp-content\/uploads\/2022\/03\/07_Ghiaccio_ph-Luigi-De-Palma_PR51237-Modifica-2-150x150.jpg\" class=\"attachment-thumbnail size-thumbnail lazyload\" alt=\"\" aria-describedby=\"gallery-1-51921\" srcset=\"data:image\/svg+xml,%3Csvg%20xmlns%3D%27http%3A%2F%2Fwww.w3.org%2F2000%2Fsvg%27%20width%3D%271181%27%20height%3D%271772%27%20viewBox%3D%270%200%201181%201772%27%3E%3Crect%20width%3D%271181%27%20height%3D%271772%27%20fill-opacity%3D%220%22%2F%3E%3C%2Fsvg%3E\" data-orig-src=\"https:\/\/www.teatrostabiletorino.it\/wp-content\/uploads\/2022\/03\/07_Ghiaccio_ph-Luigi-De-Palma_PR51237-Modifica-2-150x150.jpg\" data-srcset=\"https:\/\/www.teatrostabiletorino.it\/wp-content\/uploads\/2022\/03\/07_Ghiaccio_ph-Luigi-De-Palma_PR51237-Modifica-2-66x66.jpg 66w, https:\/\/www.teatrostabiletorino.it\/wp-content\/uploads\/2022\/03\/07_Ghiaccio_ph-Luigi-De-Palma_PR51237-Modifica-2-150x150.jpg 150w\" data-sizes=\"auto\" \/><\/a>\n\t\t\t<\/dt>\n\t\t\t\t<dd class='wp-caption-text gallery-caption' id='gallery-1-51921'>\n\t\t\t\tMariangela Granelli<br>ph Luigi De Palma\n\t\t\t\t<\/dd><\/dl><dl class='gallery-item'>\n\t\t\t<dt class='gallery-icon landscape'>\n\t\t\t\t<a data-rel=\"iLightbox[postimages]\" data-title=\"08_Ghiaccio_ph Luigi De Palma_RR62504\" data-caption=\"Lucia Mascino, Filippo Diniph Luigi De Palma\" href='https:\/\/www.teatrostabiletorino.it\/wp-content\/uploads\/2022\/03\/08_Ghiaccio_ph-Luigi-De-Palma_RR62504.jpg'><img decoding=\"async\" width=\"150\" height=\"150\" src=\"https:\/\/www.teatrostabiletorino.it\/wp-content\/uploads\/2022\/03\/08_Ghiaccio_ph-Luigi-De-Palma_RR62504-150x150.jpg\" class=\"attachment-thumbnail size-thumbnail lazyload\" alt=\"\" aria-describedby=\"gallery-1-51922\" srcset=\"data:image\/svg+xml,%3Csvg%20xmlns%3D%27http%3A%2F%2Fwww.w3.org%2F2000%2Fsvg%27%20width%3D%272362%27%20height%3D%271574%27%20viewBox%3D%270%200%202362%201574%27%3E%3Crect%20width%3D%272362%27%20height%3D%271574%27%20fill-opacity%3D%220%22%2F%3E%3C%2Fsvg%3E\" data-orig-src=\"https:\/\/www.teatrostabiletorino.it\/wp-content\/uploads\/2022\/03\/08_Ghiaccio_ph-Luigi-De-Palma_RR62504-150x150.jpg\" data-srcset=\"https:\/\/www.teatrostabiletorino.it\/wp-content\/uploads\/2022\/03\/08_Ghiaccio_ph-Luigi-De-Palma_RR62504-66x66.jpg 66w, https:\/\/www.teatrostabiletorino.it\/wp-content\/uploads\/2022\/03\/08_Ghiaccio_ph-Luigi-De-Palma_RR62504-150x150.jpg 150w\" data-sizes=\"auto\" \/><\/a>\n\t\t\t<\/dt>\n\t\t\t\t<dd class='wp-caption-text gallery-caption' id='gallery-1-51922'>\n\t\t\t\tLucia Mascino, Filippo Dini<br>ph Luigi De Palma\n\t\t\t\t<\/dd><\/dl><dl class='gallery-item'>\n\t\t\t<dt class='gallery-icon landscape'>\n\t\t\t\t<a data-rel=\"iLightbox[postimages]\" data-title=\"09_Ghiaccio_ph Luigi De Palma_RR69764-Modifica\" data-caption=\"Mariangela Granelliph Luigi De Palma\" href='https:\/\/www.teatrostabiletorino.it\/wp-content\/uploads\/2022\/03\/09_Ghiaccio_ph-Luigi-De-Palma_RR69764-Modifica.jpg'><img decoding=\"async\" width=\"150\" height=\"150\" src=\"https:\/\/www.teatrostabiletorino.it\/wp-content\/uploads\/2022\/03\/09_Ghiaccio_ph-Luigi-De-Palma_RR69764-Modifica-150x150.jpg\" class=\"attachment-thumbnail size-thumbnail lazyload\" alt=\"\" aria-describedby=\"gallery-1-51923\" srcset=\"data:image\/svg+xml,%3Csvg%20xmlns%3D%27http%3A%2F%2Fwww.w3.org%2F2000%2Fsvg%27%20width%3D%272048%27%20height%3D%271365%27%20viewBox%3D%270%200%202048%201365%27%3E%3Crect%20width%3D%272048%27%20height%3D%271365%27%20fill-opacity%3D%220%22%2F%3E%3C%2Fsvg%3E\" data-orig-src=\"https:\/\/www.teatrostabiletorino.it\/wp-content\/uploads\/2022\/03\/09_Ghiaccio_ph-Luigi-De-Palma_RR69764-Modifica-150x150.jpg\" data-srcset=\"https:\/\/www.teatrostabiletorino.it\/wp-content\/uploads\/2022\/03\/09_Ghiaccio_ph-Luigi-De-Palma_RR69764-Modifica-66x66.jpg 66w, https:\/\/www.teatrostabiletorino.it\/wp-content\/uploads\/2022\/03\/09_Ghiaccio_ph-Luigi-De-Palma_RR69764-Modifica-150x150.jpg 150w\" data-sizes=\"auto\" \/><\/a>\n\t\t\t<\/dt>\n\t\t\t\t<dd class='wp-caption-text gallery-caption' id='gallery-1-51923'>\n\t\t\t\tMariangela Granelli<br>ph Luigi De Palma\n\t\t\t\t<\/dd><\/dl><dl class='gallery-item'>\n\t\t\t<dt class='gallery-icon portrait'>\n\t\t\t\t<a data-rel=\"iLightbox[postimages]\" data-title=\"10_Ghiaccio_ph Luigi De Palma_RR62031\" data-caption=\"Filippo Diniph Luigi De Palma\" href='https:\/\/www.teatrostabiletorino.it\/wp-content\/uploads\/2022\/03\/10_Ghiaccio_ph-Luigi-De-Palma_RR62031.jpg'><img decoding=\"async\" width=\"150\" height=\"150\" src=\"https:\/\/www.teatrostabiletorino.it\/wp-content\/uploads\/2022\/03\/10_Ghiaccio_ph-Luigi-De-Palma_RR62031-150x150.jpg\" class=\"attachment-thumbnail size-thumbnail lazyload\" alt=\"\" aria-describedby=\"gallery-1-51924\" srcset=\"data:image\/svg+xml,%3Csvg%20xmlns%3D%27http%3A%2F%2Fwww.w3.org%2F2000%2Fsvg%27%20width%3D%272048%27%20height%3D%273072%27%20viewBox%3D%270%200%202048%203072%27%3E%3Crect%20width%3D%272048%27%20height%3D%273072%27%20fill-opacity%3D%220%22%2F%3E%3C%2Fsvg%3E\" data-orig-src=\"https:\/\/www.teatrostabiletorino.it\/wp-content\/uploads\/2022\/03\/10_Ghiaccio_ph-Luigi-De-Palma_RR62031-150x150.jpg\" data-srcset=\"https:\/\/www.teatrostabiletorino.it\/wp-content\/uploads\/2022\/03\/10_Ghiaccio_ph-Luigi-De-Palma_RR62031-66x66.jpg 66w, https:\/\/www.teatrostabiletorino.it\/wp-content\/uploads\/2022\/03\/10_Ghiaccio_ph-Luigi-De-Palma_RR62031-150x150.jpg 150w\" data-sizes=\"auto\" \/><\/a>\n\t\t\t<\/dt>\n\t\t\t\t<dd class='wp-caption-text gallery-caption' id='gallery-1-51924'>\n\t\t\t\tFilippo Dini<br>ph Luigi De Palma\n\t\t\t\t<\/dd><\/dl><br style=\"clear: both\" \/><dl class='gallery-item'>\n\t\t\t<dt class='gallery-icon landscape'>\n\t\t\t\t<a data-rel=\"iLightbox[postimages]\" data-title=\"11_Ghiaccio_ph Luigi De Palma_RR62033\" data-caption=\"Filippo Diniph Luigi De Palma\" href='https:\/\/www.teatrostabiletorino.it\/wp-content\/uploads\/2022\/03\/11_Ghiaccio_ph-Luigi-De-Palma_RR62033.jpg'><img decoding=\"async\" width=\"150\" height=\"150\" src=\"https:\/\/www.teatrostabiletorino.it\/wp-content\/uploads\/2022\/03\/11_Ghiaccio_ph-Luigi-De-Palma_RR62033-150x150.jpg\" class=\"attachment-thumbnail size-thumbnail lazyload\" alt=\"\" aria-describedby=\"gallery-1-51925\" srcset=\"data:image\/svg+xml,%3Csvg%20xmlns%3D%27http%3A%2F%2Fwww.w3.org%2F2000%2Fsvg%27%20width%3D%271890%27%20height%3D%271260%27%20viewBox%3D%270%200%201890%201260%27%3E%3Crect%20width%3D%271890%27%20height%3D%271260%27%20fill-opacity%3D%220%22%2F%3E%3C%2Fsvg%3E\" data-orig-src=\"https:\/\/www.teatrostabiletorino.it\/wp-content\/uploads\/2022\/03\/11_Ghiaccio_ph-Luigi-De-Palma_RR62033-150x150.jpg\" data-srcset=\"https:\/\/www.teatrostabiletorino.it\/wp-content\/uploads\/2022\/03\/11_Ghiaccio_ph-Luigi-De-Palma_RR62033-66x66.jpg 66w, https:\/\/www.teatrostabiletorino.it\/wp-content\/uploads\/2022\/03\/11_Ghiaccio_ph-Luigi-De-Palma_RR62033-150x150.jpg 150w\" data-sizes=\"auto\" \/><\/a>\n\t\t\t<\/dt>\n\t\t\t\t<dd class='wp-caption-text gallery-caption' id='gallery-1-51925'>\n\t\t\t\tFilippo Dini<br>ph Luigi De Palma\n\t\t\t\t<\/dd><\/dl><dl class='gallery-item'>\n\t\t\t<dt class='gallery-icon landscape'>\n\t\t\t\t<a data-rel=\"iLightbox[postimages]\" data-title=\"12_Ghiaccio_ph Luigi De Palma_RR60618-Modifica\" data-caption=\"Filippo Dini, Mariangela Granelliph Luigi De Palma\" href='https:\/\/www.teatrostabiletorino.it\/wp-content\/uploads\/2022\/03\/12_Ghiaccio_ph-Luigi-De-Palma_RR60618-Modifica.jpg'><img decoding=\"async\" width=\"150\" height=\"150\" src=\"https:\/\/www.teatrostabiletorino.it\/wp-content\/uploads\/2022\/03\/12_Ghiaccio_ph-Luigi-De-Palma_RR60618-Modifica-150x150.jpg\" class=\"attachment-thumbnail size-thumbnail lazyload\" alt=\"\" aria-describedby=\"gallery-1-51926\" srcset=\"data:image\/svg+xml,%3Csvg%20xmlns%3D%27http%3A%2F%2Fwww.w3.org%2F2000%2Fsvg%27%20width%3D%272048%27%20height%3D%271365%27%20viewBox%3D%270%200%202048%201365%27%3E%3Crect%20width%3D%272048%27%20height%3D%271365%27%20fill-opacity%3D%220%22%2F%3E%3C%2Fsvg%3E\" data-orig-src=\"https:\/\/www.teatrostabiletorino.it\/wp-content\/uploads\/2022\/03\/12_Ghiaccio_ph-Luigi-De-Palma_RR60618-Modifica-150x150.jpg\" data-srcset=\"https:\/\/www.teatrostabiletorino.it\/wp-content\/uploads\/2022\/03\/12_Ghiaccio_ph-Luigi-De-Palma_RR60618-Modifica-66x66.jpg 66w, https:\/\/www.teatrostabiletorino.it\/wp-content\/uploads\/2022\/03\/12_Ghiaccio_ph-Luigi-De-Palma_RR60618-Modifica-150x150.jpg 150w\" data-sizes=\"auto\" \/><\/a>\n\t\t\t<\/dt>\n\t\t\t\t<dd class='wp-caption-text gallery-caption' id='gallery-1-51926'>\n\t\t\t\tFilippo Dini, Mariangela Granelli<br>ph Luigi De Palma\n\t\t\t\t<\/dd><\/dl><dl class='gallery-item'>\n\t\t\t<dt class='gallery-icon landscape'>\n\t\t\t\t<a data-rel=\"iLightbox[postimages]\" data-title=\"13_Ghiaccio_ph Luigi De Palma_RR62508\" data-caption=\"Lucia Mascino, Filippo Diniph Luigi De Palma\" href='https:\/\/www.teatrostabiletorino.it\/wp-content\/uploads\/2022\/03\/13_Ghiaccio_ph-Luigi-De-Palma_RR62508.jpg'><img decoding=\"async\" width=\"150\" height=\"150\" src=\"https:\/\/www.teatrostabiletorino.it\/wp-content\/uploads\/2022\/03\/13_Ghiaccio_ph-Luigi-De-Palma_RR62508-150x150.jpg\" class=\"attachment-thumbnail size-thumbnail lazyload\" alt=\"\" aria-describedby=\"gallery-1-51927\" srcset=\"data:image\/svg+xml,%3Csvg%20xmlns%3D%27http%3A%2F%2Fwww.w3.org%2F2000%2Fsvg%27%20width%3D%272048%27%20height%3D%271365%27%20viewBox%3D%270%200%202048%201365%27%3E%3Crect%20width%3D%272048%27%20height%3D%271365%27%20fill-opacity%3D%220%22%2F%3E%3C%2Fsvg%3E\" data-orig-src=\"https:\/\/www.teatrostabiletorino.it\/wp-content\/uploads\/2022\/03\/13_Ghiaccio_ph-Luigi-De-Palma_RR62508-150x150.jpg\" data-srcset=\"https:\/\/www.teatrostabiletorino.it\/wp-content\/uploads\/2022\/03\/13_Ghiaccio_ph-Luigi-De-Palma_RR62508-66x66.jpg 66w, https:\/\/www.teatrostabiletorino.it\/wp-content\/uploads\/2022\/03\/13_Ghiaccio_ph-Luigi-De-Palma_RR62508-150x150.jpg 150w\" data-sizes=\"auto\" \/><\/a>\n\t\t\t<\/dt>\n\t\t\t\t<dd class='wp-caption-text gallery-caption' id='gallery-1-51927'>\n\t\t\t\tLucia Mascino, Filippo Dini<br>ph Luigi De Palma\n\t\t\t\t<\/dd><\/dl>\n\t\t\t<br style='clear: both' \/>\n\t\t<\/div>\n\n<h3><\/h3>\n<h3>Ritratti<\/h3>\n<p>&nbsp;<\/p>\n<p>\n\t\t<style type=\"text\/css\">\n\t\t\t#gallery-2 {\n\t\t\t\tmargin: auto;\n\t\t\t}\n\t\t\t#gallery-2 .gallery-item {\n\t\t\t\tfloat: left;\n\t\t\t\tmargin-top: 10px;\n\t\t\t\ttext-align: center;\n\t\t\t\twidth: 20%;\n\t\t\t}\n\t\t\t#gallery-2 img {\n\t\t\t\tborder: 2px solid #cfcfcf;\n\t\t\t}\n\t\t\t#gallery-2 .gallery-caption {\n\t\t\t\tmargin-left: 0;\n\t\t\t}\n\t\t\t\/* see gallery_shortcode() in wp-includes\/media.php *\/\n\t\t<\/style>\n\t\t<div id='gallery-2' class='gallery galleryid-51613 gallery-columns-5 gallery-size-thumbnail'><dl class='gallery-item'>\n\t\t\t<dt class='gallery-icon portrait'>\n\t\t\t\t<a data-rel=\"iLightbox[postimages]\" data-title=\"Filippo_Dini_\u00a9Photo_Luigi_De_Palma_17\" data-caption=\"Filippo Dini_ph Luigi De Palma\" href='https:\/\/www.teatrostabiletorino.it\/wp-content\/uploads\/2022\/03\/Filippo_Dini_\u00a9Photo_Luigi_De_Palma_17.jpg'><img decoding=\"async\" width=\"150\" height=\"150\" src=\"https:\/\/www.teatrostabiletorino.it\/wp-content\/uploads\/2022\/03\/Filippo_Dini_\u00a9Photo_Luigi_De_Palma_17-150x150.jpg\" class=\"attachment-thumbnail size-thumbnail lazyload\" alt=\"\" aria-describedby=\"gallery-2-51619\" srcset=\"data:image\/svg+xml,%3Csvg%20xmlns%3D%27http%3A%2F%2Fwww.w3.org%2F2000%2Fsvg%27%20width%3D%271260%27%20height%3D%271890%27%20viewBox%3D%270%200%201260%201890%27%3E%3Crect%20width%3D%271260%27%20height%3D%271890%27%20fill-opacity%3D%220%22%2F%3E%3C%2Fsvg%3E\" data-orig-src=\"https:\/\/www.teatrostabiletorino.it\/wp-content\/uploads\/2022\/03\/Filippo_Dini_\u00a9Photo_Luigi_De_Palma_17-150x150.jpg\" data-srcset=\"https:\/\/www.teatrostabiletorino.it\/wp-content\/uploads\/2022\/03\/Filippo_Dini_\u00a9Photo_Luigi_De_Palma_17-66x66.jpg 66w, https:\/\/www.teatrostabiletorino.it\/wp-content\/uploads\/2022\/03\/Filippo_Dini_\u00a9Photo_Luigi_De_Palma_17-150x150.jpg 150w\" data-sizes=\"auto\" \/><\/a>\n\t\t\t<\/dt>\n\t\t\t\t<dd class='wp-caption-text gallery-caption' id='gallery-2-51619'>\n\t\t\t\tFilippo Dini_ph Luigi De Palma\n\t\t\t\t<\/dd><\/dl><dl class='gallery-item'>\n\t\t\t<dt class='gallery-icon landscape'>\n\t\t\t\t<a data-rel=\"iLightbox[postimages]\" data-title=\"Filippo_Dini_\u00a9Photo_Luigi_De_Palma_25\" data-caption=\"Filippo Dini_ph Luigi De Palma\" href='https:\/\/www.teatrostabiletorino.it\/wp-content\/uploads\/2022\/03\/Filippo_Dini_\u00a9Photo_Luigi_De_Palma_25.jpg'><img decoding=\"async\" width=\"150\" height=\"150\" src=\"https:\/\/www.teatrostabiletorino.it\/wp-content\/uploads\/2022\/03\/Filippo_Dini_\u00a9Photo_Luigi_De_Palma_25-150x150.jpg\" class=\"attachment-thumbnail size-thumbnail lazyload\" alt=\"\" aria-describedby=\"gallery-2-51622\" srcset=\"data:image\/svg+xml,%3Csvg%20xmlns%3D%27http%3A%2F%2Fwww.w3.org%2F2000%2Fsvg%27%20width%3D%272362%27%20height%3D%271574%27%20viewBox%3D%270%200%202362%201574%27%3E%3Crect%20width%3D%272362%27%20height%3D%271574%27%20fill-opacity%3D%220%22%2F%3E%3C%2Fsvg%3E\" data-orig-src=\"https:\/\/www.teatrostabiletorino.it\/wp-content\/uploads\/2022\/03\/Filippo_Dini_\u00a9Photo_Luigi_De_Palma_25-150x150.jpg\" data-srcset=\"https:\/\/www.teatrostabiletorino.it\/wp-content\/uploads\/2022\/03\/Filippo_Dini_\u00a9Photo_Luigi_De_Palma_25-66x66.jpg 66w, https:\/\/www.teatrostabiletorino.it\/wp-content\/uploads\/2022\/03\/Filippo_Dini_\u00a9Photo_Luigi_De_Palma_25-150x150.jpg 150w\" data-sizes=\"auto\" \/><\/a>\n\t\t\t<\/dt>\n\t\t\t\t<dd class='wp-caption-text gallery-caption' id='gallery-2-51622'>\n\t\t\t\tFilippo Dini_ph Luigi De Palma\n\t\t\t\t<\/dd><\/dl><dl class='gallery-item'>\n\t\t\t<dt class='gallery-icon landscape'>\n\t\t\t\t<a data-rel=\"iLightbox[postimages]\" data-title=\"_MG_3761-Modifica\" data-caption=\"Mariangela Granelli\" href='https:\/\/www.teatrostabiletorino.it\/wp-content\/uploads\/2022\/03\/MG_3761-Modifica.jpg'><img decoding=\"async\" width=\"150\" height=\"150\" src=\"https:\/\/www.teatrostabiletorino.it\/wp-content\/uploads\/2022\/03\/MG_3761-Modifica-150x150.jpg\" class=\"attachment-thumbnail size-thumbnail lazyload\" alt=\"\" aria-describedby=\"gallery-2-51621\" srcset=\"data:image\/svg+xml,%3Csvg%20xmlns%3D%27http%3A%2F%2Fwww.w3.org%2F2000%2Fsvg%27%20width%3D%271890%27%20height%3D%271260%27%20viewBox%3D%270%200%201890%201260%27%3E%3Crect%20width%3D%271890%27%20height%3D%271260%27%20fill-opacity%3D%220%22%2F%3E%3C%2Fsvg%3E\" data-orig-src=\"https:\/\/www.teatrostabiletorino.it\/wp-content\/uploads\/2022\/03\/MG_3761-Modifica-150x150.jpg\" data-srcset=\"https:\/\/www.teatrostabiletorino.it\/wp-content\/uploads\/2022\/03\/MG_3761-Modifica-66x66.jpg 66w, https:\/\/www.teatrostabiletorino.it\/wp-content\/uploads\/2022\/03\/MG_3761-Modifica-150x150.jpg 150w\" data-sizes=\"auto\" \/><\/a>\n\t\t\t<\/dt>\n\t\t\t\t<dd class='wp-caption-text gallery-caption' id='gallery-2-51621'>\n\t\t\t\tMariangela Granelli\n\t\t\t\t<\/dd><\/dl><dl class='gallery-item'>\n\t\t\t<dt class='gallery-icon landscape'>\n\t\t\t\t<a data-rel=\"iLightbox[postimages]\" data-title=\"_MG_3462-Modifica\" data-caption=\"Mariangela Granelli\" href='https:\/\/www.teatrostabiletorino.it\/wp-content\/uploads\/2022\/03\/MG_3462-Modifica.jpg'><img decoding=\"async\" width=\"150\" height=\"150\" src=\"https:\/\/www.teatrostabiletorino.it\/wp-content\/uploads\/2022\/03\/MG_3462-Modifica-150x150.jpg\" class=\"attachment-thumbnail size-thumbnail lazyload\" alt=\"\" aria-describedby=\"gallery-2-51616\" srcset=\"data:image\/svg+xml,%3Csvg%20xmlns%3D%27http%3A%2F%2Fwww.w3.org%2F2000%2Fsvg%27%20width%3D%271890%27%20height%3D%271260%27%20viewBox%3D%270%200%201890%201260%27%3E%3Crect%20width%3D%271890%27%20height%3D%271260%27%20fill-opacity%3D%220%22%2F%3E%3C%2Fsvg%3E\" data-orig-src=\"https:\/\/www.teatrostabiletorino.it\/wp-content\/uploads\/2022\/03\/MG_3462-Modifica-150x150.jpg\" data-srcset=\"https:\/\/www.teatrostabiletorino.it\/wp-content\/uploads\/2022\/03\/MG_3462-Modifica-66x66.jpg 66w, https:\/\/www.teatrostabiletorino.it\/wp-content\/uploads\/2022\/03\/MG_3462-Modifica-150x150.jpg 150w\" data-sizes=\"auto\" \/><\/a>\n\t\t\t<\/dt>\n\t\t\t\t<dd class='wp-caption-text gallery-caption' id='gallery-2-51616'>\n\t\t\t\tMariangela Granelli\n\t\t\t\t<\/dd><\/dl><dl class='gallery-item'>\n\t\t\t<dt class='gallery-icon portrait'>\n\t\t\t\t<a data-rel=\"iLightbox[postimages]\" data-title=\"Lucia Mascino_IMG_2008\" data-caption=\"Lucia Mascino\" href='https:\/\/www.teatrostabiletorino.it\/wp-content\/uploads\/2022\/03\/Lucia-Mascino_IMG_2008.jpg'><img decoding=\"async\" width=\"150\" height=\"150\" src=\"https:\/\/www.teatrostabiletorino.it\/wp-content\/uploads\/2022\/03\/Lucia-Mascino_IMG_2008-150x150.jpg\" class=\"attachment-thumbnail size-thumbnail lazyload\" alt=\"\" aria-describedby=\"gallery-2-51620\" srcset=\"data:image\/svg+xml,%3Csvg%20xmlns%3D%27http%3A%2F%2Fwww.w3.org%2F2000%2Fsvg%27%20width%3D%271020%27%20height%3D%271531%27%20viewBox%3D%270%200%201020%201531%27%3E%3Crect%20width%3D%271020%27%20height%3D%271531%27%20fill-opacity%3D%220%22%2F%3E%3C%2Fsvg%3E\" data-orig-src=\"https:\/\/www.teatrostabiletorino.it\/wp-content\/uploads\/2022\/03\/Lucia-Mascino_IMG_2008-150x150.jpg\" data-srcset=\"https:\/\/www.teatrostabiletorino.it\/wp-content\/uploads\/2022\/03\/Lucia-Mascino_IMG_2008-66x66.jpg 66w, https:\/\/www.teatrostabiletorino.it\/wp-content\/uploads\/2022\/03\/Lucia-Mascino_IMG_2008-150x150.jpg 150w\" data-sizes=\"auto\" \/><\/a>\n\t\t\t<\/dt>\n\t\t\t\t<dd class='wp-caption-text gallery-caption' id='gallery-2-51620'>\n\t\t\t\tLucia Mascino\n\t\t\t\t<\/dd><\/dl><br style=\"clear: both\" \/><dl class='gallery-item'>\n\t\t\t<dt class='gallery-icon portrait'>\n\t\t\t\t<a data-rel=\"iLightbox[postimages]\" data-title=\"Lucia Mascino_IMG_1991\" data-caption=\"Lucia Mascino\" href='https:\/\/www.teatrostabiletorino.it\/wp-content\/uploads\/2022\/03\/Lucia-Mascino_IMG_1991.jpg'><img decoding=\"async\" width=\"150\" height=\"150\" src=\"https:\/\/www.teatrostabiletorino.it\/wp-content\/uploads\/2022\/03\/Lucia-Mascino_IMG_1991-150x150.jpg\" class=\"attachment-thumbnail size-thumbnail lazyload\" alt=\"\" aria-describedby=\"gallery-2-51617\" srcset=\"data:image\/svg+xml,%3Csvg%20xmlns%3D%27http%3A%2F%2Fwww.w3.org%2F2000%2Fsvg%27%20width%3D%271020%27%20height%3D%271531%27%20viewBox%3D%270%200%201020%201531%27%3E%3Crect%20width%3D%271020%27%20height%3D%271531%27%20fill-opacity%3D%220%22%2F%3E%3C%2Fsvg%3E\" data-orig-src=\"https:\/\/www.teatrostabiletorino.it\/wp-content\/uploads\/2022\/03\/Lucia-Mascino_IMG_1991-150x150.jpg\" data-srcset=\"https:\/\/www.teatrostabiletorino.it\/wp-content\/uploads\/2022\/03\/Lucia-Mascino_IMG_1991-66x66.jpg 66w, https:\/\/www.teatrostabiletorino.it\/wp-content\/uploads\/2022\/03\/Lucia-Mascino_IMG_1991-150x150.jpg 150w\" data-sizes=\"auto\" \/><\/a>\n\t\t\t<\/dt>\n\t\t\t\t<dd class='wp-caption-text gallery-caption' id='gallery-2-51617'>\n\t\t\t\tLucia Mascino\n\t\t\t\t<\/dd><\/dl><dl class='gallery-item'>\n\t\t\t<dt class='gallery-icon landscape'>\n\t\t\t\t<a data-rel=\"iLightbox[postimages]\" data-title=\"GHIACCIO_MariangelaGranelli_FilippoDini_LuciaMascino\" data-caption=\"Granelli - Dini - Mascino\" href='https:\/\/www.teatrostabiletorino.it\/wp-content\/uploads\/2022\/03\/GHIACCIO_MariangelaGranelli_FilippoDini_LuciaMascino.jpg'><img decoding=\"async\" width=\"150\" height=\"150\" src=\"https:\/\/www.teatrostabiletorino.it\/wp-content\/uploads\/2022\/03\/GHIACCIO_MariangelaGranelli_FilippoDini_LuciaMascino-150x150.jpg\" class=\"attachment-thumbnail size-thumbnail lazyload\" alt=\"\" aria-describedby=\"gallery-2-51614\" srcset=\"data:image\/svg+xml,%3Csvg%20xmlns%3D%27http%3A%2F%2Fwww.w3.org%2F2000%2Fsvg%27%20width%3D%274372%27%20height%3D%272126%27%20viewBox%3D%270%200%204372%202126%27%3E%3Crect%20width%3D%274372%27%20height%3D%272126%27%20fill-opacity%3D%220%22%2F%3E%3C%2Fsvg%3E\" data-orig-src=\"https:\/\/www.teatrostabiletorino.it\/wp-content\/uploads\/2022\/03\/GHIACCIO_MariangelaGranelli_FilippoDini_LuciaMascino-150x150.jpg\" data-srcset=\"https:\/\/www.teatrostabiletorino.it\/wp-content\/uploads\/2022\/03\/GHIACCIO_MariangelaGranelli_FilippoDini_LuciaMascino-66x66.jpg 66w, https:\/\/www.teatrostabiletorino.it\/wp-content\/uploads\/2022\/03\/GHIACCIO_MariangelaGranelli_FilippoDini_LuciaMascino-150x150.jpg 150w\" data-sizes=\"auto\" \/><\/a>\n\t\t\t<\/dt>\n\t\t\t\t<dd class='wp-caption-text gallery-caption' id='gallery-2-51614'>\n\t\t\t\tGranelli &#8211; Dini &#8211; Mascino\n\t\t\t\t<\/dd><\/dl>\n\t\t\t<br style='clear: both' \/>\n\t\t<\/div>\n<\/p>","protected":false},"excerpt":{"rendered":"<p>Sorry, this entry is only available in Italiano.Marted\u00ec 22 marzo 2022, alle 19.30, debutta al <a href=\"https:\/\/www.teatrostabiletorino.it\/en\/debutta-per-la-prima-volta-in-italia-ghiaccio-frozen-il-pluripremiato-testo-della-drammaturga-inglese-bryony-lavery-interpretato-da-filippo-dini-mariangela-granelli-lucia-mascino\/\"> [+]<\/a><\/p>\n","protected":false},"author":2,"featured_media":51694,"comment_status":"open","ping_status":"open","sticky":false,"template":"","format":"standard","meta":{"_acf_changed":false,"footnotes":""},"categories":[149],"tags":[],"acf":[],"_links":{"self":[{"href":"https:\/\/www.teatrostabiletorino.it\/en\/wp-json\/wp\/v2\/posts\/51613"}],"collection":[{"href":"https:\/\/www.teatrostabiletorino.it\/en\/wp-json\/wp\/v2\/posts"}],"about":[{"href":"https:\/\/www.teatrostabiletorino.it\/en\/wp-json\/wp\/v2\/types\/post"}],"author":[{"embeddable":true,"href":"https:\/\/www.teatrostabiletorino.it\/en\/wp-json\/wp\/v2\/users\/2"}],"replies":[{"embeddable":true,"href":"https:\/\/www.teatrostabiletorino.it\/en\/wp-json\/wp\/v2\/comments?post=51613"}],"version-history":[{"count":0,"href":"https:\/\/www.teatrostabiletorino.it\/en\/wp-json\/wp\/v2\/posts\/51613\/revisions"}],"wp:featuredmedia":[{"embeddable":true,"href":"https:\/\/www.teatrostabiletorino.it\/en\/wp-json\/wp\/v2\/media\/51694"}],"wp:attachment":[{"href":"https:\/\/www.teatrostabiletorino.it\/en\/wp-json\/wp\/v2\/media?parent=51613"}],"wp:term":[{"taxonomy":"category","embeddable":true,"href":"https:\/\/www.teatrostabiletorino.it\/en\/wp-json\/wp\/v2\/categories?post=51613"},{"taxonomy":"post_tag","embeddable":true,"href":"https:\/\/www.teatrostabiletorino.it\/en\/wp-json\/wp\/v2\/tags?post=51613"}],"curies":[{"name":"wp","href":"https:\/\/api.w.org\/{rel}","templated":true}]}}