{"id":52208,"date":"2022-05-16T12:39:07","date_gmt":"2022-05-16T10:39:07","guid":{"rendered":"https:\/\/www.teatrostabiletorino.it\/?p=52208"},"modified":"2022-05-18T17:16:52","modified_gmt":"2022-05-18T15:16:52","slug":"al-teatro-carignano-va-in-scena-comme-tu-me-veux-come-tu-mi-vuoi-di-luigi-pirandello-per-la-regia-di-stephane-braunschweig-teatro-carignano-27-29-maggio-2022","status":"publish","type":"post","link":"https:\/\/www.teatrostabiletorino.it\/en\/al-teatro-carignano-va-in-scena-comme-tu-me-veux-come-tu-mi-vuoi-di-luigi-pirandello-per-la-regia-di-stephane-braunschweig-teatro-carignano-27-29-maggio-2022\/","title":{"rendered":"AL TEATRO CARIGNANO DEBUTTA IN PRIMA NAZIONALE COMME TU ME VEUX (Come tu mi vuoi) DI LUIGI PIRANDELLO PER LA REGIA DI ST\u00c9PHANE BRAUNSCHWEIG <br>Teatro Carignano, 27 \u2013 29 maggio 2022"},"content":{"rendered":"<p class=\"qtranxs-available-languages-message qtranxs-available-languages-message-en\">Sorry, this entry is only available in <a href=\"https:\/\/www.teatrostabiletorino.it\/it\/wp-json\/wp\/v2\/posts\/52208\" class=\"qtranxs-available-language-link qtranxs-available-language-link-it\" title=\"Italiano\">Italiano<\/a>.<\/p><p>Venerd\u00ec 27 maggio 2022 alle ore 20.45 debutta in prima nazionale al Teatro Carignano <strong><em>COMME TU ME VEUX (Come tu mi vuoi)<\/em> <\/strong>di Luigi Pirandello per la regia di <strong>St\u00e9phane<\/strong> <strong>Braunschweig<\/strong>, direttore dell\u2019Od\u00e9on-Th\u00e9\u00e2tre de l\u2019Europe di Parigi, che ha curato anche la traduzione del testo e la scenografia dello spettacolo. Saranno in scena <strong>Sharif Andoura<\/strong>,<strong> Jean-Baptiste Anoumon<\/strong>,<strong> C\u00e9cile Coustillac<\/strong>,<strong> Claude Duparfait<\/strong>,<strong> Alain Libolt<\/strong>,<strong> Annie Mercier<\/strong>,<strong> Thierry Paret<\/strong>,<strong> Pierric Plathier<\/strong>,<strong> Lamaya Regragui Muzio<\/strong>,<strong> Chlo\u00e9 R\u00e9jon<\/strong>. I costumi sono di <strong>Thibault Vancraenenbroeck<\/strong>, le luci di <strong>Marion<\/strong> <strong>Hewlett<\/strong>, il suono di <strong>Xavier Jacquot <\/strong>e il video di <strong>Ma\u00efa Fastinger<\/strong>. Lo spettacolo \u00e8 in francese con soprattitoli in italiano.<\/p>\n<p>St\u00e9phane Braunschweig, tra i registi pi\u00f9 illustri della scena internazionale, dirige un testo di Pirandello scabroso e moderno. A met\u00e0 strada tra il dramma poliziesco e la favola esistenziale, <em>Come tu mi vuoi<\/em> si svolge in un\u2019Europa devastata e sull\u2019orlo di un\u2019altra grande catastrofe, e ci conduce tra le pieghe dei misteri dell\u2019identit\u00e0, nella persistenza del trauma e nella finzione che le persone interpretano per sopravvivere. Al centro della vicenda c\u2019\u00e8 una donna misteriosa, l\u2019Ignota, un \u201ccorpo senza nome\u201d che scena dopo scena diventa metafora di purezze infrante, menzogne, violenze e illusioni.<\/p>\n<p><em>Comme tu me veux (Come tu mi vuoi)<\/em>, prodotto dall\u2019Od\u00e9on-Th\u00e9\u00e2tre de l\u2019Europe, sar\u00e0 in scena nella Stagione in abbonamento dello Stabile fino a domenica 29 maggio 2022.<\/p>\n<p>&nbsp;<\/p>\n<p><strong>Note di St\u00e9phane Braunschweig<\/strong><\/p>\n<p>L\u2019intrigo di <em>Come tu mi vuoi<\/em> si colloca dieci anni dopo la fine della Prima Guerra Mondiale, nel momento in cui il nazismo \u00e8 in piena ascesa in Germania e il Fascismo trionfa in Italia.<\/p>\n<p>Il personaggio principale non ha un nome: Pirandello la chiama \u201cl\u2019Ignota\u201d, \u00e8 un \u201ccorpo senza nome\u201d, come si definisce lei stessa. Ballerina di cabaret, amante di uno scrittore di successo, torna da lui, tutte le sere, ubriaca e seguita da una banda di borghesi dissoluti. Una sera, un fotografo italiano di passaggio \u00e8 sicuro di riconoscerla: \u00e8 Lucia, la giovane moglie del suo amico Bruno Pieri. Lucia era scomparsa dieci anni prima, senza lasciare traccia, durante l\u2019invasione del Nord Italia da parte dell\u2019esercito austro-ungarico. Tutti pensano che lei sia stata violentata, rapita o uccisa dall\u2019esercito nemico.<\/p>\n<p>Ma in un primo momento l\u2019Ignota rifiuta di lasciarsi riconoscere: forse il trauma della guerra le ha provocato un\u2019amnesia? O semplicemente non sopporta l\u2019idea di tornare alla sua \u201cvita di prima\u201d, dopo \u201ctutto quello che le \u00e8 successo\u201d? L\u2019Ignota finisce tuttavia per accettare di \u201critornare\u201d in Italia e di \u201cridiventare\u201d Lucia per suo marito Bruno, che sembra non aver mai cessato di amarla.<\/p>\n<p>Ma lei \u00e8 veramente Lucia? O \u00e8 soltanto un ruolo che lei accetta di interpretare? Un\u2019identit\u00e0 che indossa, lei che non ha un\u2019identit\u00e0?<\/p>\n<p>Il seguito della pi\u00e8ce si svolge a Venezia: dopo il caos decadente di Berlino, il contrasto \u00e8 massimo, si ha l\u2019impressione di una societ\u00e0 in cui regna l\u2019ordine. E l\u00e0 l\u2019Ignota-Lucia si ritrova al centro di una disputa di interesse che riguarda l\u2019eredit\u00e0 della propria casa. Comincia a comprendere che suo marito aveva tutto l\u2019interesse a ritrovare sua moglie viva, che fosse o meno la vera Lucia, per mantenere la propriet\u00e0 della casa. Comprende che \u00e8 fuggita da un mondo che la disgusta, Berlino, per uno che la disgusta ancora di pi\u00f9, l\u2019Italia. Allora decide di distruggere questo mondo.<\/p>\n<p>Questo mondo \u00e8 il \u201cmondo di dopo\u201d, che si \u00e8 ricostruito sulle macerie del vecchio, cercando di seppellire i traumi della guerra e di guarire le ferite della fantasia nazionalista, anche a costo di chiudere gli occhi sulla barbarie in marcia, in Germania come in Italia. Il personaggio della Demente, che si presenta nel terzo atto, \u00e8 certamente l\u2019altra faccia possibile di Lucia, ma incarna anche questo passato represso che torna in superficie, quello che si preferirebbe non vedere, il volto di una riparazione impossibile\u2026<\/p>\n<p><a href=\"http:\/\/www.teatrostabiletorino.it\/wp-content\/uploads\/2022\/05\/01_CS_Comme-tu-me-veux.pdf\" target=\"_blank\" rel=\"noopener\">CS_Comme tu me veux (Come tu mi vuoi)<\/a><\/p>\n<p><a href=\"http:\/\/www.teatrostabiletorino.it\/wp-content\/uploads\/2022\/05\/00_didascalie.docx\" target=\"_blank\" rel=\"noopener\">Didascalie foto<\/a><\/p>\n<p>&nbsp;<\/p>\n<p>\n\t\t<style type=\"text\/css\">\n\t\t\t#gallery-1 {\n\t\t\t\tmargin: auto;\n\t\t\t}\n\t\t\t#gallery-1 .gallery-item {\n\t\t\t\tfloat: left;\n\t\t\t\tmargin-top: 10px;\n\t\t\t\ttext-align: center;\n\t\t\t\twidth: 20%;\n\t\t\t}\n\t\t\t#gallery-1 img {\n\t\t\t\tborder: 2px solid #cfcfcf;\n\t\t\t}\n\t\t\t#gallery-1 .gallery-caption {\n\t\t\t\tmargin-left: 0;\n\t\t\t}\n\t\t\t\/* see gallery_shortcode() in wp-includes\/media.php *\/\n\t\t<\/style>\n\t\t<div id='gallery-1' class='gallery galleryid-52208 gallery-columns-5 gallery-size-thumbnail'><dl class='gallery-item'>\n\t\t\t<dt class='gallery-icon landscape'>\n\t\t\t\t<a data-rel=\"iLightbox[postimages]\" data-title=\"01_Comme_tu_me_veux_ph-Simon_Gosselin\" data-caption=\"01_Pierric Plathier, Chlo\u00e9 R\u00e9jon, C\u00e9cile Coustillac, Alain Libolt ph_Simon Gosselin\" href='https:\/\/www.teatrostabiletorino.it\/wp-content\/uploads\/2022\/05\/01_Comme_tu_me_veux_ph-Simon_Gosselin.jpg'><img decoding=\"async\" width=\"150\" height=\"150\" src=\"https:\/\/www.teatrostabiletorino.it\/wp-content\/uploads\/2022\/05\/01_Comme_tu_me_veux_ph-Simon_Gosselin-150x150.jpg\" class=\"attachment-thumbnail size-thumbnail lazyload\" alt=\"\" aria-describedby=\"gallery-1-52210\" srcset=\"data:image\/svg+xml,%3Csvg%20xmlns%3D%27http%3A%2F%2Fwww.w3.org%2F2000%2Fsvg%27%20width%3D%271701%27%20height%3D%271134%27%20viewBox%3D%270%200%201701%201134%27%3E%3Crect%20width%3D%271701%27%20height%3D%271134%27%20fill-opacity%3D%220%22%2F%3E%3C%2Fsvg%3E\" data-orig-src=\"https:\/\/www.teatrostabiletorino.it\/wp-content\/uploads\/2022\/05\/01_Comme_tu_me_veux_ph-Simon_Gosselin-150x150.jpg\" data-srcset=\"https:\/\/www.teatrostabiletorino.it\/wp-content\/uploads\/2022\/05\/01_Comme_tu_me_veux_ph-Simon_Gosselin-66x66.jpg 66w, https:\/\/www.teatrostabiletorino.it\/wp-content\/uploads\/2022\/05\/01_Comme_tu_me_veux_ph-Simon_Gosselin-150x150.jpg 150w\" data-sizes=\"auto\" \/><\/a>\n\t\t\t<\/dt>\n\t\t\t\t<dd class='wp-caption-text gallery-caption' id='gallery-1-52210'>\n\t\t\t\t01_Pierric Plathier, Chlo\u00e9 R\u00e9jon, C\u00e9cile Coustillac, Alain Libolt <br>ph_Simon Gosselin\n\t\t\t\t<\/dd><\/dl><dl class='gallery-item'>\n\t\t\t<dt class='gallery-icon landscape'>\n\t\t\t\t<a data-rel=\"iLightbox[postimages]\" data-title=\"THEATRE &#8211; COMME TU ME VEUX\" data-caption=\"02_Pierric Plathier, Alain Libolt, Annie Mercierph_Juliette Parisot\" href='https:\/\/www.teatrostabiletorino.it\/wp-content\/uploads\/2022\/05\/02_Comme_tu_me_veux_ph-Juliette_Parisot.jpg'><img decoding=\"async\" width=\"150\" height=\"150\" src=\"https:\/\/www.teatrostabiletorino.it\/wp-content\/uploads\/2022\/05\/02_Comme_tu_me_veux_ph-Juliette_Parisot-150x150.jpg\" class=\"attachment-thumbnail size-thumbnail lazyload\" alt=\"\" aria-describedby=\"gallery-1-52211\" srcset=\"data:image\/svg+xml,%3Csvg%20xmlns%3D%27http%3A%2F%2Fwww.w3.org%2F2000%2Fsvg%27%20width%3D%272126%27%20height%3D%271417%27%20viewBox%3D%270%200%202126%201417%27%3E%3Crect%20width%3D%272126%27%20height%3D%271417%27%20fill-opacity%3D%220%22%2F%3E%3C%2Fsvg%3E\" data-orig-src=\"https:\/\/www.teatrostabiletorino.it\/wp-content\/uploads\/2022\/05\/02_Comme_tu_me_veux_ph-Juliette_Parisot-150x150.jpg\" data-srcset=\"https:\/\/www.teatrostabiletorino.it\/wp-content\/uploads\/2022\/05\/02_Comme_tu_me_veux_ph-Juliette_Parisot-66x66.jpg 66w, https:\/\/www.teatrostabiletorino.it\/wp-content\/uploads\/2022\/05\/02_Comme_tu_me_veux_ph-Juliette_Parisot-150x150.jpg 150w\" data-sizes=\"auto\" \/><\/a>\n\t\t\t<\/dt>\n\t\t\t\t<dd class='wp-caption-text gallery-caption' id='gallery-1-52211'>\n\t\t\t\t02_Pierric Plathier, Alain Libolt, Annie Mercier<br>ph_Juliette Parisot\n\t\t\t\t<\/dd><\/dl><dl class='gallery-item'>\n\t\t\t<dt class='gallery-icon landscape'>\n\t\t\t\t<a data-rel=\"iLightbox[postimages]\" data-title=\"THEATRE &#8211; COMME TU ME VEUX\" data-caption=\"03_Lamya Regragui Muzio, Chlo\u00e9 R\u00e9jonph_Juliette Parisot\" href='https:\/\/www.teatrostabiletorino.it\/wp-content\/uploads\/2022\/05\/03_Comme_tu_me_veux_ph-Juliette_Parisot.jpg'><img decoding=\"async\" width=\"150\" height=\"150\" src=\"https:\/\/www.teatrostabiletorino.it\/wp-content\/uploads\/2022\/05\/03_Comme_tu_me_veux_ph-Juliette_Parisot-150x150.jpg\" class=\"attachment-thumbnail size-thumbnail lazyload\" alt=\"\" aria-describedby=\"gallery-1-52212\" srcset=\"data:image\/svg+xml,%3Csvg%20xmlns%3D%27http%3A%2F%2Fwww.w3.org%2F2000%2Fsvg%27%20width%3D%272126%27%20height%3D%271417%27%20viewBox%3D%270%200%202126%201417%27%3E%3Crect%20width%3D%272126%27%20height%3D%271417%27%20fill-opacity%3D%220%22%2F%3E%3C%2Fsvg%3E\" data-orig-src=\"https:\/\/www.teatrostabiletorino.it\/wp-content\/uploads\/2022\/05\/03_Comme_tu_me_veux_ph-Juliette_Parisot-150x150.jpg\" data-srcset=\"https:\/\/www.teatrostabiletorino.it\/wp-content\/uploads\/2022\/05\/03_Comme_tu_me_veux_ph-Juliette_Parisot-66x66.jpg 66w, https:\/\/www.teatrostabiletorino.it\/wp-content\/uploads\/2022\/05\/03_Comme_tu_me_veux_ph-Juliette_Parisot-150x150.jpg 150w\" data-sizes=\"auto\" \/><\/a>\n\t\t\t<\/dt>\n\t\t\t\t<dd class='wp-caption-text gallery-caption' id='gallery-1-52212'>\n\t\t\t\t03_Lamya Regragui Muzio, Chlo\u00e9 R\u00e9jon<br>ph_Juliette Parisot\n\t\t\t\t<\/dd><\/dl><dl class='gallery-item'>\n\t\t\t<dt class='gallery-icon landscape'>\n\t\t\t\t<a data-rel=\"iLightbox[postimages]\" data-title=\"04_Comme_tu_me_veux_ph-Simon_Gosselin\" data-caption=\"04_Pierric Plathier, Chlo\u00e9 R\u00e9jonph_Simon Gosselin\" href='https:\/\/www.teatrostabiletorino.it\/wp-content\/uploads\/2022\/05\/04_Comme_tu_me_veux_ph-Simon_Gosselin.jpg'><img decoding=\"async\" width=\"150\" height=\"150\" src=\"https:\/\/www.teatrostabiletorino.it\/wp-content\/uploads\/2022\/05\/04_Comme_tu_me_veux_ph-Simon_Gosselin-150x150.jpg\" class=\"attachment-thumbnail size-thumbnail lazyload\" alt=\"\" aria-describedby=\"gallery-1-52213\" srcset=\"data:image\/svg+xml,%3Csvg%20xmlns%3D%27http%3A%2F%2Fwww.w3.org%2F2000%2Fsvg%27%20width%3D%272126%27%20height%3D%271417%27%20viewBox%3D%270%200%202126%201417%27%3E%3Crect%20width%3D%272126%27%20height%3D%271417%27%20fill-opacity%3D%220%22%2F%3E%3C%2Fsvg%3E\" data-orig-src=\"https:\/\/www.teatrostabiletorino.it\/wp-content\/uploads\/2022\/05\/04_Comme_tu_me_veux_ph-Simon_Gosselin-150x150.jpg\" data-srcset=\"https:\/\/www.teatrostabiletorino.it\/wp-content\/uploads\/2022\/05\/04_Comme_tu_me_veux_ph-Simon_Gosselin-66x66.jpg 66w, https:\/\/www.teatrostabiletorino.it\/wp-content\/uploads\/2022\/05\/04_Comme_tu_me_veux_ph-Simon_Gosselin-150x150.jpg 150w\" data-sizes=\"auto\" \/><\/a>\n\t\t\t<\/dt>\n\t\t\t\t<dd class='wp-caption-text gallery-caption' id='gallery-1-52213'>\n\t\t\t\t04_Pierric Plathier, Chlo\u00e9 R\u00e9jon<br>ph_Simon Gosselin\n\t\t\t\t<\/dd><\/dl>\n\t\t\t<br style='clear: both' \/>\n\t\t<\/div>\n<\/p>","protected":false},"excerpt":{"rendered":"<p>Sorry, this entry is only available in Italiano.Venerd\u00ec 27 maggio 2022 alle ore 20.45 debutta <a href=\"https:\/\/www.teatrostabiletorino.it\/en\/al-teatro-carignano-va-in-scena-comme-tu-me-veux-come-tu-mi-vuoi-di-luigi-pirandello-per-la-regia-di-stephane-braunschweig-teatro-carignano-27-29-maggio-2022\/\"> [+]<\/a><\/p>\n","protected":false},"author":2,"featured_media":52212,"comment_status":"open","ping_status":"open","sticky":false,"template":"","format":"standard","meta":{"_acf_changed":false,"footnotes":""},"categories":[149],"tags":[],"acf":[],"_links":{"self":[{"href":"https:\/\/www.teatrostabiletorino.it\/en\/wp-json\/wp\/v2\/posts\/52208"}],"collection":[{"href":"https:\/\/www.teatrostabiletorino.it\/en\/wp-json\/wp\/v2\/posts"}],"about":[{"href":"https:\/\/www.teatrostabiletorino.it\/en\/wp-json\/wp\/v2\/types\/post"}],"author":[{"embeddable":true,"href":"https:\/\/www.teatrostabiletorino.it\/en\/wp-json\/wp\/v2\/users\/2"}],"replies":[{"embeddable":true,"href":"https:\/\/www.teatrostabiletorino.it\/en\/wp-json\/wp\/v2\/comments?post=52208"}],"version-history":[{"count":0,"href":"https:\/\/www.teatrostabiletorino.it\/en\/wp-json\/wp\/v2\/posts\/52208\/revisions"}],"wp:featuredmedia":[{"embeddable":true,"href":"https:\/\/www.teatrostabiletorino.it\/en\/wp-json\/wp\/v2\/media\/52212"}],"wp:attachment":[{"href":"https:\/\/www.teatrostabiletorino.it\/en\/wp-json\/wp\/v2\/media?parent=52208"}],"wp:term":[{"taxonomy":"category","embeddable":true,"href":"https:\/\/www.teatrostabiletorino.it\/en\/wp-json\/wp\/v2\/categories?post=52208"},{"taxonomy":"post_tag","embeddable":true,"href":"https:\/\/www.teatrostabiletorino.it\/en\/wp-json\/wp\/v2\/tags?post=52208"}],"curies":[{"name":"wp","href":"https:\/\/api.w.org\/{rel}","templated":true}]}}