{"id":52216,"date":"2022-05-16T16:14:04","date_gmt":"2022-05-16T14:14:04","guid":{"rendered":"https:\/\/www.teatrostabiletorino.it\/?p=52216"},"modified":"2022-05-20T12:42:10","modified_gmt":"2022-05-20T10:42:10","slug":"conclude-la-stagione-del-teatro-stabile-di-torino-un-dittico-di-tragedie-di-euripide-ifigenia-e-oreste-per-la-regia-di-valerio-binasco-in-scena-in-prima-nazionale","status":"publish","type":"post","link":"https:\/\/www.teatrostabiletorino.it\/en\/conclude-la-stagione-del-teatro-stabile-di-torino-un-dittico-di-tragedie-di-euripide-ifigenia-e-oreste-per-la-regia-di-valerio-binasco-in-scena-in-prima-nazionale\/","title":{"rendered":"CONCLUDE LA STAGIONE DEL TEATRO STABILE DI TORINO UN DITTICO DI TRAGEDIE DI EURIPIDE \u201cIFIGENIA\u201d E \u201cORESTE\u201d PER LA REGIA DI VALERIO BINASCO<br>In scena in prima nazionale, a partire dal 24 maggio 2022, alle Fonderie Limone"},"content":{"rendered":"<p class=\"qtranxs-available-languages-message qtranxs-available-languages-message-en\">Sorry, this entry is only available in <a href=\"https:\/\/www.teatrostabiletorino.it\/it\/wp-json\/wp\/v2\/posts\/52216\" class=\"qtranxs-available-language-link qtranxs-available-language-link-it\" title=\"Italiano\">Italiano<\/a>.<\/p><p>In chiusura di Stagione,<strong> Valerio Binasco<\/strong> dirige due nuove produzioni del <strong>Teatro Stabile di Torino<\/strong>: <strong>IFIGENIA <\/strong>e <strong>ORESTE<\/strong> di <strong>Euripide<\/strong> che andranno in scena alle <strong>Fonderie Limone<\/strong> di Moncalieri, <strong>dal 24 maggio al 12 giugno 2022<\/strong>.<\/p>\n<p>Le due tragedie sono interpretate da: <strong>Giovanni Anzaldo<\/strong>,<strong> Sara Bertel\u00e0<\/strong>, <strong>Valerio<\/strong><strong> Binasco<\/strong>, <strong>Giovanni<\/strong><strong> Calcagno<\/strong>,<strong> Giovanni Drago<\/strong>,<strong> Giordana Faggiano<\/strong>,<strong> Jurij<\/strong><strong> Ferrini<\/strong>, <strong>Nicola<\/strong><strong> Pannelli<\/strong>, <strong>Letizia Russo<\/strong>, <strong>Arianna<\/strong><strong> Scommegna <\/strong>e <strong>Matteo Leverano<\/strong>.<\/p>\n<p>Le scene e luci sono di <strong>Nicolas<\/strong><strong> Bovey<\/strong>, i costumi di <strong>Alessio<\/strong><strong> Rosati<\/strong>, le musiche di <strong>Paolo Spaccamonti<\/strong>. Assistenti alla regia Giulia Odetto e Micol Jalla, assistente costumi Agnese Rabatti.<\/p>\n<p>Il debutto dei due spettacoli in <strong>prima nazionale<\/strong> alle Fonderie Limone \u00e8 programmato:<\/p>\n<p><strong>_marted\u00ec 24 maggio, alle ore 20.45, per IFIGENIA<\/strong><\/p>\n<p><strong>_mercoled\u00ec 25 maggio, alle ore 20.45, per ORESTE.<\/strong><\/p>\n<p><strong>Fino al 12 giugno i due spettacoli saranno replicati alle Fonderie Limone a sere alterne, dal marted\u00ec al venerd\u00ec alle ore 20.45, mentre il sabato e la domenica saranno previste delle maratone che permetteranno la visione consecutiva dei due spettacoli.<\/strong><\/p>\n<p><strong>Le recite per la CRITICA dei due spettacoli sono programmate:<\/strong><\/p>\n<p><strong>_sabato 28 maggio (ore 19.30 IFIGENIA e ore 21.30 ORESTE)<\/strong><\/p>\n<p><strong>_domenica 29 maggio (ore 15.30 IFIGENIA e ore 17.30 ORESTE).<\/strong><\/p>\n<p>Il Direttore artistico del Teatro Stabile, Valerio Binasco, prosegue la sua ricognizione del repertorio classico intrapresa fin dal suo approdo al vertice dell\u2019Ente, proponendo alle Fonderie Limone IFIGENIA e ORESTE: un dittico di tragedie che, partendo da Euripide, ma attualizzandone i temi, seguir\u00e0 un ideale percorso di indagine nel dolore dei figli e nella cupa solitudine della famiglia. La capacit\u00e0 di rendere vivi e contemporanei i classici del repertorio facendoli dialogare col nostro presente attraverso la centralit\u00e0 dell\u2019attore e del testo \u00e8 uno dei fattori distintivi della poetica di Binasco.<\/p>\n<p>Ifigenia e Oreste sono due vittime, passiva e sottomessa la prima, destinato al delitto e dunque al rimorso il secondo. Quando il destino li riunisce, fratello e sorella potranno liberarsi dal peso del passato, dalle colpe della propria casata, perch\u00e9 entrambi sono spiriti gentili, ma determinati a sfuggire a un futuro di sofferenza.<\/p>\n<p>\u00abDopo diversi anni che metto in scena commedie &#8211; scrive Valerio Binasco nelle sue note &#8211; mi confronto con una Tragedia Classica. Vorrei affrontarla senza fronzoli stilistici, restando fedele come posso a una idea generale di \u201ctragedia\u201d, ovvero, per come pare a me oggi, uno spettacolo dove si vedono il dolore estremo e il caos dentro al quale, quando la sofferenza prende possesso della vita, vanno ad affogare uno ad uno tutti i sentimenti e i pensieri umani [\u2026]. Posso dire di saperne qualcosa, io, di questo dolore estremo? No. O forse s\u00ec, ma giusto \u201cqualcosa\u201d. Il dolore estremo \u00e8 in me, lo conosco cos\u00ec come conosco la morte, l\u2019estasi, la tortura, la felicit\u00e0, la furia, il volo. Tutte esperienze che non ho vissuto, ma che in qualche modo conosco, perch\u00e9 abitano misteriosamente in me, eredit\u00e0 immaginaria di altri esseri umani. Non conosco quindi, ma \u201cso\u201d.<\/p>\n<p>IFIGENIA deve essere uno spettacolo severo, spoglio di attrazioni visive fini a se stesse, deve essere uno spettacolo semplice e a suo modo estremo, almeno nella ricerca che investe la recitazione e quindi i sentimenti umani. So bene che la Tragedia Greca porta con s\u00e9 un fardello di aspettative formali, una delle quali deve fare i conti con la religione e i misteri di un\u2019umanit\u00e0 lontana. Ma depongo volentieri questo fardello. Cerco la mia vicinanza e non mi faccio irretire dalla vertigine della distanza. Non la vedo neppure, a dire la verit\u00e0. Mi limito a dire \u2013 mettendo un po\u2019 le mani avanti \u2013 che venendomi a mancare, uomo del mio tempo, la complessit\u00e0 religiosa, mi manca anche il gusto per la componente \u201cliturgica\u201d, che sembra necessaria per accostarsi a una tragedia di questa portata. La forma \u201cliturgica\u201d spesso incoraggia gli interpreti a una densa, quanto in fin dei conti frivola, spettacolarizzazione o alla ritualizzazione in stile arcaico. Per\u00f2, proprio grazie al fatto che sono un uomo del mio tempo e che del suo tempo vuole parlare, ho invece ben presente soprattutto la concretezza psicologica contenuta in questa antica favola tragica: voglio assumermi tutte le responsabilit\u00e0 nel tutelare questa sensibilit\u00e0 contemporanea, essendo in qualche modo certo che la nostra condizione umana \u00e8 sempre e comunque illuminata dalla rappresentazione mitica, ne \u00e8 svelata, anche se del mito ci sfugge la profondit\u00e0 sacra. Non credo infatti che sia vero che i protagonisti dei miti siano solo dei modelli archetipici, privi di autentiche analogie con gli esseri umani contemporanei. Al contrario credo che certe paure, certi dolori archetipici, siano ben presenti anche in noi, e che dentro a ciascuno di noi si svolga una vita che \u00e8 sia \u201cdentro\u201d che \u201cfuori\u201d, sia secolare che sacra, sia mitologica che patologica. Ogni essere umano vivente \u00e8 un archetipo. E viceversa [\u2026]. In questa storia cos\u00ec archetipica, eppure cos\u00ec personale, alla base di tutto non c\u2019\u00e8 solo l\u2019oracolo di un dio, ma soprattutto la patologia di un padre-comandante.<\/p>\n<p>L\u2019ORESTE tragico di Eschilo \u00e8 diventato in Euripide un attentatore psicopatico, come la cronaca contemporanea ne conosce tanti,\u00a0che reagisce con estrema ingiustizia e violenza a un mondo che gli sembra ingiusto e violento. In questo dramma di Euripide c\u2019\u00e8 una specie di lieto fine, ma per arrivare a tanto occorre l\u2019intervento degli Dei. Non mi importa che nel finale Euripide faccia entrare in scena Apollo in persona che in poche battute rimette tutto a posto. L\u2019ingresso in scena di Dio per risolvere il finale, ex machina o no, \u00e8 un espediente teatrale, e come tale \u00e8 legato a un\u2019epoca, a un gusto, a una \u201cmoda\u201d culturale.<\/p>\n<p>[\u2026] occorre sbarazzarsi di tutto ci\u00f2 che appartiene agli espedienti letterari (e teatrali) in uso nell\u2019epoca in cui l\u2019opera fu pensata. Me ne sono sbarazzato, senza rimpianti. Quel che resta, \u00e8 l\u2019azione pura. \u00c8 un grumo di verit\u00e0 che resiste ai millenni, e resiste perfino ai registi. Se decido di cercare la vita dentro a quel grumo di verit\u00e0 superstite, allora mi risulta impossibile pensare che Oreste venga salvato da Apollo. Oreste \u00e8 solo. Non c\u2019\u00e8 nessun Apollo cui dare la colpa.<\/p>\n<p>Credo che, in fondo, perfino Oreste lo sappia. E allora? Come finisce? Oreste si condanna da solo, insieme a sua sorella e a Pilade, commettendo una strage\u00bb.<\/p>\n<p>&nbsp;<\/p>\n<p><a href=\"http:\/\/www.teatrostabiletorino.it\/wp-content\/uploads\/2022\/05\/01_CS-IFIGENIA_ORESTE_regia-Valerio-Binasco.pdf\" target=\"_blank\" rel=\"noopener\">CS_Ifigenia \/ Oreste<\/a><\/p>\n<p><strong>Foto di scena &#8211; IFIGENIA<\/strong><\/p>\n\n\t\t<style type=\"text\/css\">\n\t\t\t#gallery-1 {\n\t\t\t\tmargin: auto;\n\t\t\t}\n\t\t\t#gallery-1 .gallery-item {\n\t\t\t\tfloat: left;\n\t\t\t\tmargin-top: 10px;\n\t\t\t\ttext-align: center;\n\t\t\t\twidth: 20%;\n\t\t\t}\n\t\t\t#gallery-1 img {\n\t\t\t\tborder: 2px solid #cfcfcf;\n\t\t\t}\n\t\t\t#gallery-1 .gallery-caption {\n\t\t\t\tmargin-left: 0;\n\t\t\t}\n\t\t\t\/* see gallery_shortcode() in wp-includes\/media.php *\/\n\t\t<\/style>\n\t\t<div id='gallery-1' class='gallery galleryid-52216 gallery-columns-5 gallery-size-thumbnail'><dl class='gallery-item'>\n\t\t\t<dt class='gallery-icon landscape'>\n\t\t\t\t<a data-rel=\"iLightbox[postimages]\" data-title=\"01_Ifigenia_0144\" data-caption=\"Valerio Binasco (Agamennone), Giorgana Faggiano (Ifigenia)ph Luigi De Palma\" href='https:\/\/www.teatrostabiletorino.it\/wp-content\/uploads\/2022\/05\/01_Ifigenia_0144.jpg'><img decoding=\"async\" width=\"150\" height=\"150\" src=\"https:\/\/www.teatrostabiletorino.it\/wp-content\/uploads\/2022\/05\/01_Ifigenia_0144-150x150.jpg\" class=\"attachment-thumbnail size-thumbnail lazyload\" alt=\"\" aria-describedby=\"gallery-1-52263\" srcset=\"data:image\/svg+xml,%3Csvg%20xmlns%3D%27http%3A%2F%2Fwww.w3.org%2F2000%2Fsvg%27%20width%3D%272362%27%20height%3D%271576%27%20viewBox%3D%270%200%202362%201576%27%3E%3Crect%20width%3D%272362%27%20height%3D%271576%27%20fill-opacity%3D%220%22%2F%3E%3C%2Fsvg%3E\" data-orig-src=\"https:\/\/www.teatrostabiletorino.it\/wp-content\/uploads\/2022\/05\/01_Ifigenia_0144-150x150.jpg\" data-srcset=\"https:\/\/www.teatrostabiletorino.it\/wp-content\/uploads\/2022\/05\/01_Ifigenia_0144-66x66.jpg 66w, https:\/\/www.teatrostabiletorino.it\/wp-content\/uploads\/2022\/05\/01_Ifigenia_0144-150x150.jpg 150w\" data-sizes=\"auto\" \/><\/a>\n\t\t\t<\/dt>\n\t\t\t\t<dd class='wp-caption-text gallery-caption' id='gallery-1-52263'>\n\t\t\t\tValerio Binasco (Agamennone), Giorgana Faggiano (Ifigenia)<br>ph Luigi De Palma\n\t\t\t\t<\/dd><\/dl><dl class='gallery-item'>\n\t\t\t<dt class='gallery-icon landscape'>\n\t\t\t\t<a data-rel=\"iLightbox[postimages]\" data-title=\"02_Ifigenia_0073\" data-caption=\"da sinistra Giorgana Faggiano (Ifigenia), Valerio Binasco (Agamennone), Arianna Scommegna (Clitemnestra) e di spalle Matteo Leverano (Oreste bambino)ph Luigi De Palma\" href='https:\/\/www.teatrostabiletorino.it\/wp-content\/uploads\/2022\/05\/02_Ifigenia_0073.jpg'><img decoding=\"async\" width=\"150\" height=\"150\" src=\"https:\/\/www.teatrostabiletorino.it\/wp-content\/uploads\/2022\/05\/02_Ifigenia_0073-150x150.jpg\" class=\"attachment-thumbnail size-thumbnail lazyload\" alt=\"\" aria-describedby=\"gallery-1-52264\" srcset=\"data:image\/svg+xml,%3Csvg%20xmlns%3D%27http%3A%2F%2Fwww.w3.org%2F2000%2Fsvg%27%20width%3D%272362%27%20height%3D%271574%27%20viewBox%3D%270%200%202362%201574%27%3E%3Crect%20width%3D%272362%27%20height%3D%271574%27%20fill-opacity%3D%220%22%2F%3E%3C%2Fsvg%3E\" data-orig-src=\"https:\/\/www.teatrostabiletorino.it\/wp-content\/uploads\/2022\/05\/02_Ifigenia_0073-150x150.jpg\" data-srcset=\"https:\/\/www.teatrostabiletorino.it\/wp-content\/uploads\/2022\/05\/02_Ifigenia_0073-66x66.jpg 66w, https:\/\/www.teatrostabiletorino.it\/wp-content\/uploads\/2022\/05\/02_Ifigenia_0073-150x150.jpg 150w\" data-sizes=\"auto\" \/><\/a>\n\t\t\t<\/dt>\n\t\t\t\t<dd class='wp-caption-text gallery-caption' id='gallery-1-52264'>\n\t\t\t\tda sinistra Giorgana Faggiano (Ifigenia), Valerio Binasco (Agamennone), Arianna Scommegna (Clitemnestra) e di spalle Matteo Leverano (Oreste bambino)<br>ph Luigi De Palma\n\t\t\t\t<\/dd><\/dl><dl class='gallery-item'>\n\t\t\t<dt class='gallery-icon landscape'>\n\t\t\t\t<a data-rel=\"iLightbox[postimages]\" data-title=\"03_Ifigenia_0018\" data-caption=\"da sinistra Nicola Pannelli (Soldato), Valerio Binasco (Agamennone)ph Luigi De Palma\" href='https:\/\/www.teatrostabiletorino.it\/wp-content\/uploads\/2022\/05\/03_Ifigenia_0018.jpg'><img decoding=\"async\" width=\"150\" height=\"150\" src=\"https:\/\/www.teatrostabiletorino.it\/wp-content\/uploads\/2022\/05\/03_Ifigenia_0018-150x150.jpg\" class=\"attachment-thumbnail size-thumbnail lazyload\" alt=\"\" aria-describedby=\"gallery-1-52265\" srcset=\"data:image\/svg+xml,%3Csvg%20xmlns%3D%27http%3A%2F%2Fwww.w3.org%2F2000%2Fsvg%27%20width%3D%272362%27%20height%3D%271576%27%20viewBox%3D%270%200%202362%201576%27%3E%3Crect%20width%3D%272362%27%20height%3D%271576%27%20fill-opacity%3D%220%22%2F%3E%3C%2Fsvg%3E\" data-orig-src=\"https:\/\/www.teatrostabiletorino.it\/wp-content\/uploads\/2022\/05\/03_Ifigenia_0018-150x150.jpg\" data-srcset=\"https:\/\/www.teatrostabiletorino.it\/wp-content\/uploads\/2022\/05\/03_Ifigenia_0018-66x66.jpg 66w, https:\/\/www.teatrostabiletorino.it\/wp-content\/uploads\/2022\/05\/03_Ifigenia_0018-150x150.jpg 150w\" data-sizes=\"auto\" \/><\/a>\n\t\t\t<\/dt>\n\t\t\t\t<dd class='wp-caption-text gallery-caption' id='gallery-1-52265'>\n\t\t\t\tda sinistra Nicola Pannelli (Soldato), Valerio Binasco (Agamennone)<br>ph Luigi De Palma\n\t\t\t\t<\/dd><\/dl><dl class='gallery-item'>\n\t\t\t<dt class='gallery-icon landscape'>\n\t\t\t\t<a data-rel=\"iLightbox[postimages]\" data-title=\"04_Ifigenia_0025\" data-caption=\"da sinistra Nicola Pannelli (Soldato), Jurij Ferrini (Menelao)ph Luigi De Palma\" href='https:\/\/www.teatrostabiletorino.it\/wp-content\/uploads\/2022\/05\/04_Ifigenia_0025.jpg'><img decoding=\"async\" width=\"150\" height=\"150\" src=\"https:\/\/www.teatrostabiletorino.it\/wp-content\/uploads\/2022\/05\/04_Ifigenia_0025-150x150.jpg\" class=\"attachment-thumbnail size-thumbnail lazyload\" alt=\"\" aria-describedby=\"gallery-1-52266\" srcset=\"data:image\/svg+xml,%3Csvg%20xmlns%3D%27http%3A%2F%2Fwww.w3.org%2F2000%2Fsvg%27%20width%3D%272362%27%20height%3D%271574%27%20viewBox%3D%270%200%202362%201574%27%3E%3Crect%20width%3D%272362%27%20height%3D%271574%27%20fill-opacity%3D%220%22%2F%3E%3C%2Fsvg%3E\" data-orig-src=\"https:\/\/www.teatrostabiletorino.it\/wp-content\/uploads\/2022\/05\/04_Ifigenia_0025-150x150.jpg\" data-srcset=\"https:\/\/www.teatrostabiletorino.it\/wp-content\/uploads\/2022\/05\/04_Ifigenia_0025-66x66.jpg 66w, https:\/\/www.teatrostabiletorino.it\/wp-content\/uploads\/2022\/05\/04_Ifigenia_0025-150x150.jpg 150w\" data-sizes=\"auto\" \/><\/a>\n\t\t\t<\/dt>\n\t\t\t\t<dd class='wp-caption-text gallery-caption' id='gallery-1-52266'>\n\t\t\t\tda sinistra Nicola Pannelli (Soldato), Jurij Ferrini (Menelao)<br>ph Luigi De Palma\n\t\t\t\t<\/dd><\/dl><dl class='gallery-item'>\n\t\t\t<dt class='gallery-icon landscape'>\n\t\t\t\t<a data-rel=\"iLightbox[postimages]\" data-title=\"05_Ifigenia_0090\" data-caption=\"Arianna Scommegna (Clitemnestra), Valerio Binasco (Agamennone)ph Luigi De Palma\" href='https:\/\/www.teatrostabiletorino.it\/wp-content\/uploads\/2022\/05\/05_Ifigenia_0090.jpg'><img decoding=\"async\" width=\"150\" height=\"150\" src=\"https:\/\/www.teatrostabiletorino.it\/wp-content\/uploads\/2022\/05\/05_Ifigenia_0090-150x150.jpg\" class=\"attachment-thumbnail size-thumbnail lazyload\" alt=\"\" aria-describedby=\"gallery-1-52267\" srcset=\"data:image\/svg+xml,%3Csvg%20xmlns%3D%27http%3A%2F%2Fwww.w3.org%2F2000%2Fsvg%27%20width%3D%272362%27%20height%3D%271574%27%20viewBox%3D%270%200%202362%201574%27%3E%3Crect%20width%3D%272362%27%20height%3D%271574%27%20fill-opacity%3D%220%22%2F%3E%3C%2Fsvg%3E\" data-orig-src=\"https:\/\/www.teatrostabiletorino.it\/wp-content\/uploads\/2022\/05\/05_Ifigenia_0090-150x150.jpg\" data-srcset=\"https:\/\/www.teatrostabiletorino.it\/wp-content\/uploads\/2022\/05\/05_Ifigenia_0090-66x66.jpg 66w, https:\/\/www.teatrostabiletorino.it\/wp-content\/uploads\/2022\/05\/05_Ifigenia_0090-150x150.jpg 150w\" data-sizes=\"auto\" \/><\/a>\n\t\t\t<\/dt>\n\t\t\t\t<dd class='wp-caption-text gallery-caption' id='gallery-1-52267'>\n\t\t\t\tArianna Scommegna (Clitemnestra), Valerio Binasco (Agamennone)<br>ph Luigi De Palma\n\t\t\t\t<\/dd><\/dl><br style=\"clear: both\" \/><dl class='gallery-item'>\n\t\t\t<dt class='gallery-icon landscape'>\n\t\t\t\t<a data-rel=\"iLightbox[postimages]\" data-title=\"06_Ifigenia_0126\" data-caption=\"da sinistra Arianna Scommegna (Clitemnestra), Giorgana Faggiano (Ifigenia), Valerio Binasco (Agamennone)ph Luigi De Palma\" href='https:\/\/www.teatrostabiletorino.it\/wp-content\/uploads\/2022\/05\/06_Ifigenia_0126.jpg'><img decoding=\"async\" width=\"150\" height=\"150\" src=\"https:\/\/www.teatrostabiletorino.it\/wp-content\/uploads\/2022\/05\/06_Ifigenia_0126-150x150.jpg\" class=\"attachment-thumbnail size-thumbnail lazyload\" alt=\"\" aria-describedby=\"gallery-1-52268\" srcset=\"data:image\/svg+xml,%3Csvg%20xmlns%3D%27http%3A%2F%2Fwww.w3.org%2F2000%2Fsvg%27%20width%3D%272362%27%20height%3D%271576%27%20viewBox%3D%270%200%202362%201576%27%3E%3Crect%20width%3D%272362%27%20height%3D%271576%27%20fill-opacity%3D%220%22%2F%3E%3C%2Fsvg%3E\" data-orig-src=\"https:\/\/www.teatrostabiletorino.it\/wp-content\/uploads\/2022\/05\/06_Ifigenia_0126-150x150.jpg\" data-srcset=\"https:\/\/www.teatrostabiletorino.it\/wp-content\/uploads\/2022\/05\/06_Ifigenia_0126-66x66.jpg 66w, https:\/\/www.teatrostabiletorino.it\/wp-content\/uploads\/2022\/05\/06_Ifigenia_0126-150x150.jpg 150w\" data-sizes=\"auto\" \/><\/a>\n\t\t\t<\/dt>\n\t\t\t\t<dd class='wp-caption-text gallery-caption' id='gallery-1-52268'>\n\t\t\t\tda sinistra Arianna Scommegna (Clitemnestra), Giorgana Faggiano (Ifigenia), Valerio Binasco (Agamennone)<br>ph Luigi De Palma\n\t\t\t\t<\/dd><\/dl><dl class='gallery-item'>\n\t\t\t<dt class='gallery-icon portrait'>\n\t\t\t\t<a data-rel=\"iLightbox[postimages]\" data-title=\"07_Ifigenia_0165\" data-caption=\"Giordana Faggiano (Ifigenia), Giovanni Calcagno (Achille) e in fondo Arianna Scommegna (Clitemnestra)ph Luigi De Palma\" href='https:\/\/www.teatrostabiletorino.it\/wp-content\/uploads\/2022\/05\/07_Ifigenia_0165.jpg'><img decoding=\"async\" width=\"150\" height=\"150\" src=\"https:\/\/www.teatrostabiletorino.it\/wp-content\/uploads\/2022\/05\/07_Ifigenia_0165-150x150.jpg\" class=\"attachment-thumbnail size-thumbnail lazyload\" alt=\"\" aria-describedby=\"gallery-1-52269\" srcset=\"data:image\/svg+xml,%3Csvg%20xmlns%3D%27http%3A%2F%2Fwww.w3.org%2F2000%2Fsvg%27%20width%3D%272048%27%20height%3D%273072%27%20viewBox%3D%270%200%202048%203072%27%3E%3Crect%20width%3D%272048%27%20height%3D%273072%27%20fill-opacity%3D%220%22%2F%3E%3C%2Fsvg%3E\" data-orig-src=\"https:\/\/www.teatrostabiletorino.it\/wp-content\/uploads\/2022\/05\/07_Ifigenia_0165-150x150.jpg\" data-srcset=\"https:\/\/www.teatrostabiletorino.it\/wp-content\/uploads\/2022\/05\/07_Ifigenia_0165-66x66.jpg 66w, https:\/\/www.teatrostabiletorino.it\/wp-content\/uploads\/2022\/05\/07_Ifigenia_0165-150x150.jpg 150w\" data-sizes=\"auto\" \/><\/a>\n\t\t\t<\/dt>\n\t\t\t\t<dd class='wp-caption-text gallery-caption' id='gallery-1-52269'>\n\t\t\t\tGiordana Faggiano (Ifigenia), Giovanni Calcagno (Achille) e in fondo Arianna Scommegna (Clitemnestra)<br>ph Luigi De Palma\n\t\t\t\t<\/dd><\/dl>\n\t\t\t<br style='clear: both' \/>\n\t\t<\/div>\n\n<p><strong>Foto di scena &#8211; ORESTE<\/strong><\/p>\n<p>\n\t\t<style type=\"text\/css\">\n\t\t\t#gallery-2 {\n\t\t\t\tmargin: auto;\n\t\t\t}\n\t\t\t#gallery-2 .gallery-item {\n\t\t\t\tfloat: left;\n\t\t\t\tmargin-top: 10px;\n\t\t\t\ttext-align: center;\n\t\t\t\twidth: 20%;\n\t\t\t}\n\t\t\t#gallery-2 img {\n\t\t\t\tborder: 2px solid #cfcfcf;\n\t\t\t}\n\t\t\t#gallery-2 .gallery-caption {\n\t\t\t\tmargin-left: 0;\n\t\t\t}\n\t\t\t\/* see gallery_shortcode() in wp-includes\/media.php *\/\n\t\t<\/style>\n\t\t<div id='gallery-2' class='gallery galleryid-52216 gallery-columns-5 gallery-size-thumbnail'><dl class='gallery-item'>\n\t\t\t<dt class='gallery-icon landscape'>\n\t\t\t\t<a data-rel=\"iLightbox[postimages]\" data-title=\"08_Oreste_0025\" data-caption=\"in piedi Sara Bertel\u00e0 (Elena), a terra Giordana Faggiano (Elettra), Giovanni Drago (Oreste)ph Luigi De Palma\" href='https:\/\/www.teatrostabiletorino.it\/wp-content\/uploads\/2022\/05\/08_Oreste_0025.jpg'><img decoding=\"async\" width=\"150\" height=\"150\" src=\"https:\/\/www.teatrostabiletorino.it\/wp-content\/uploads\/2022\/05\/08_Oreste_0025-150x150.jpg\" class=\"attachment-thumbnail size-thumbnail lazyload\" alt=\"\" aria-describedby=\"gallery-2-52270\" srcset=\"data:image\/svg+xml,%3Csvg%20xmlns%3D%27http%3A%2F%2Fwww.w3.org%2F2000%2Fsvg%27%20width%3D%272362%27%20height%3D%271574%27%20viewBox%3D%270%200%202362%201574%27%3E%3Crect%20width%3D%272362%27%20height%3D%271574%27%20fill-opacity%3D%220%22%2F%3E%3C%2Fsvg%3E\" data-orig-src=\"https:\/\/www.teatrostabiletorino.it\/wp-content\/uploads\/2022\/05\/08_Oreste_0025-150x150.jpg\" data-srcset=\"https:\/\/www.teatrostabiletorino.it\/wp-content\/uploads\/2022\/05\/08_Oreste_0025-66x66.jpg 66w, https:\/\/www.teatrostabiletorino.it\/wp-content\/uploads\/2022\/05\/08_Oreste_0025-150x150.jpg 150w\" data-sizes=\"auto\" \/><\/a>\n\t\t\t<\/dt>\n\t\t\t\t<dd class='wp-caption-text gallery-caption' id='gallery-2-52270'>\n\t\t\t\tin piedi Sara Bertel\u00e0 (Elena), a terra Giordana Faggiano (Elettra), Giovanni Drago (Oreste)<br>ph Luigi De Palma\n\t\t\t\t<\/dd><\/dl><dl class='gallery-item'>\n\t\t\t<dt class='gallery-icon portrait'>\n\t\t\t\t<a data-rel=\"iLightbox[postimages]\" data-title=\"09_Oreste_RR68370-Copia1\" data-caption=\"Giordana Faggiano (Elettra), Giovanni Drago (Oreste)ph Luigi De Palma\" href='https:\/\/www.teatrostabiletorino.it\/wp-content\/uploads\/2022\/05\/09_Oreste_RR68370-Copia1.jpg'><img decoding=\"async\" width=\"150\" height=\"150\" src=\"https:\/\/www.teatrostabiletorino.it\/wp-content\/uploads\/2022\/05\/09_Oreste_RR68370-Copia1-150x150.jpg\" class=\"attachment-thumbnail size-thumbnail lazyload\" alt=\"\" aria-describedby=\"gallery-2-52271\" srcset=\"data:image\/svg+xml,%3Csvg%20xmlns%3D%27http%3A%2F%2Fwww.w3.org%2F2000%2Fsvg%27%20width%3D%271260%27%20height%3D%271890%27%20viewBox%3D%270%200%201260%201890%27%3E%3Crect%20width%3D%271260%27%20height%3D%271890%27%20fill-opacity%3D%220%22%2F%3E%3C%2Fsvg%3E\" data-orig-src=\"https:\/\/www.teatrostabiletorino.it\/wp-content\/uploads\/2022\/05\/09_Oreste_RR68370-Copia1-150x150.jpg\" data-srcset=\"https:\/\/www.teatrostabiletorino.it\/wp-content\/uploads\/2022\/05\/09_Oreste_RR68370-Copia1-66x66.jpg 66w, https:\/\/www.teatrostabiletorino.it\/wp-content\/uploads\/2022\/05\/09_Oreste_RR68370-Copia1-150x150.jpg 150w\" data-sizes=\"auto\" \/><\/a>\n\t\t\t<\/dt>\n\t\t\t\t<dd class='wp-caption-text gallery-caption' id='gallery-2-52271'>\n\t\t\t\tGiordana Faggiano (Elettra), Giovanni Drago (Oreste)<br>ph Luigi De Palma\n\t\t\t\t<\/dd><\/dl><dl class='gallery-item'>\n\t\t\t<dt class='gallery-icon landscape'>\n\t\t\t\t<a data-rel=\"iLightbox[postimages]\" data-title=\"10_Oreste_RR69005\" data-caption=\"da sinistra Nicola Pannelli (Menelao), Giovanni Drago (Oreste), Giovanni Anzaldo (in piedi, Pilade), Letizia Russo (Ermione), Giordana Faggiano (Elettra)ph Luigi De Palma\" href='https:\/\/www.teatrostabiletorino.it\/wp-content\/uploads\/2022\/05\/10_Oreste_RR69005.jpg'><img decoding=\"async\" width=\"150\" height=\"150\" src=\"https:\/\/www.teatrostabiletorino.it\/wp-content\/uploads\/2022\/05\/10_Oreste_RR69005-150x150.jpg\" class=\"attachment-thumbnail size-thumbnail lazyload\" alt=\"\" aria-describedby=\"gallery-2-52272\" srcset=\"data:image\/svg+xml,%3Csvg%20xmlns%3D%27http%3A%2F%2Fwww.w3.org%2F2000%2Fsvg%27%20width%3D%272048%27%20height%3D%271365%27%20viewBox%3D%270%200%202048%201365%27%3E%3Crect%20width%3D%272048%27%20height%3D%271365%27%20fill-opacity%3D%220%22%2F%3E%3C%2Fsvg%3E\" data-orig-src=\"https:\/\/www.teatrostabiletorino.it\/wp-content\/uploads\/2022\/05\/10_Oreste_RR69005-150x150.jpg\" data-srcset=\"https:\/\/www.teatrostabiletorino.it\/wp-content\/uploads\/2022\/05\/10_Oreste_RR69005-66x66.jpg 66w, https:\/\/www.teatrostabiletorino.it\/wp-content\/uploads\/2022\/05\/10_Oreste_RR69005-150x150.jpg 150w\" data-sizes=\"auto\" \/><\/a>\n\t\t\t<\/dt>\n\t\t\t\t<dd class='wp-caption-text gallery-caption' id='gallery-2-52272'>\n\t\t\t\tda sinistra Nicola Pannelli (Menelao), Giovanni Drago (Oreste), Giovanni Anzaldo (in piedi, Pilade), Letizia Russo (Ermione), Giordana Faggiano (Elettra)<br>ph Luigi De Palma\n\t\t\t\t<\/dd><\/dl><dl class='gallery-item'>\n\t\t\t<dt class='gallery-icon landscape'>\n\t\t\t\t<a data-rel=\"iLightbox[postimages]\" data-title=\"11_Oreste_0116\" data-caption=\"Giordana Faggiano (Elettra), Jurij Ferrini (Tindaro)ph Luigi De Palma\" href='https:\/\/www.teatrostabiletorino.it\/wp-content\/uploads\/2022\/05\/11_Oreste_0116.jpg'><img decoding=\"async\" width=\"150\" height=\"150\" src=\"https:\/\/www.teatrostabiletorino.it\/wp-content\/uploads\/2022\/05\/11_Oreste_0116-150x150.jpg\" class=\"attachment-thumbnail size-thumbnail lazyload\" alt=\"\" aria-describedby=\"gallery-2-52273\" srcset=\"data:image\/svg+xml,%3Csvg%20xmlns%3D%27http%3A%2F%2Fwww.w3.org%2F2000%2Fsvg%27%20width%3D%272362%27%20height%3D%271576%27%20viewBox%3D%270%200%202362%201576%27%3E%3Crect%20width%3D%272362%27%20height%3D%271576%27%20fill-opacity%3D%220%22%2F%3E%3C%2Fsvg%3E\" data-orig-src=\"https:\/\/www.teatrostabiletorino.it\/wp-content\/uploads\/2022\/05\/11_Oreste_0116-150x150.jpg\" data-srcset=\"https:\/\/www.teatrostabiletorino.it\/wp-content\/uploads\/2022\/05\/11_Oreste_0116-66x66.jpg 66w, https:\/\/www.teatrostabiletorino.it\/wp-content\/uploads\/2022\/05\/11_Oreste_0116-150x150.jpg 150w\" data-sizes=\"auto\" \/><\/a>\n\t\t\t<\/dt>\n\t\t\t\t<dd class='wp-caption-text gallery-caption' id='gallery-2-52273'>\n\t\t\t\tGiordana Faggiano (Elettra), Jurij Ferrini (Tindaro)<br>ph Luigi De Palma\n\t\t\t\t<\/dd><\/dl><dl class='gallery-item'>\n\t\t\t<dt class='gallery-icon landscape'>\n\t\t\t\t<a data-rel=\"iLightbox[postimages]\" data-title=\"12_Oreste_0197\" data-caption=\"da sinistra Giovanni Anzaldo (Pilade), Sara Bertel\u00e0 (Elena), Giovanni Drago (Oreste)ph Luigi De Palma\" href='https:\/\/www.teatrostabiletorino.it\/wp-content\/uploads\/2022\/05\/12_Oreste_0197.jpg'><img decoding=\"async\" width=\"150\" height=\"150\" src=\"https:\/\/www.teatrostabiletorino.it\/wp-content\/uploads\/2022\/05\/12_Oreste_0197-150x150.jpg\" class=\"attachment-thumbnail size-thumbnail lazyload\" alt=\"\" aria-describedby=\"gallery-2-52274\" srcset=\"data:image\/svg+xml,%3Csvg%20xmlns%3D%27http%3A%2F%2Fwww.w3.org%2F2000%2Fsvg%27%20width%3D%272362%27%20height%3D%271574%27%20viewBox%3D%270%200%202362%201574%27%3E%3Crect%20width%3D%272362%27%20height%3D%271574%27%20fill-opacity%3D%220%22%2F%3E%3C%2Fsvg%3E\" data-orig-src=\"https:\/\/www.teatrostabiletorino.it\/wp-content\/uploads\/2022\/05\/12_Oreste_0197-150x150.jpg\" data-srcset=\"https:\/\/www.teatrostabiletorino.it\/wp-content\/uploads\/2022\/05\/12_Oreste_0197-66x66.jpg 66w, https:\/\/www.teatrostabiletorino.it\/wp-content\/uploads\/2022\/05\/12_Oreste_0197-150x150.jpg 150w\" data-sizes=\"auto\" \/><\/a>\n\t\t\t<\/dt>\n\t\t\t\t<dd class='wp-caption-text gallery-caption' id='gallery-2-52274'>\n\t\t\t\tda sinistra Giovanni Anzaldo (Pilade), Sara Bertel\u00e0 (Elena), Giovanni Drago (Oreste)<br>ph Luigi De Palma\n\t\t\t\t<\/dd><\/dl><br style=\"clear: both\" \/><dl class='gallery-item'>\n\t\t\t<dt class='gallery-icon landscape'>\n\t\t\t\t<a data-rel=\"iLightbox[postimages]\" data-title=\"13_Oreste_0147\" data-caption=\"da sinistra Giovanni Drago (Oreste), Giovanni Anzaldo (Pilade)ph Luigi De Palma\" href='https:\/\/www.teatrostabiletorino.it\/wp-content\/uploads\/2022\/05\/13_Oreste_0147.jpg'><img decoding=\"async\" width=\"150\" height=\"150\" src=\"https:\/\/www.teatrostabiletorino.it\/wp-content\/uploads\/2022\/05\/13_Oreste_0147-150x150.jpg\" class=\"attachment-thumbnail size-thumbnail lazyload\" alt=\"\" aria-describedby=\"gallery-2-52275\" srcset=\"data:image\/svg+xml,%3Csvg%20xmlns%3D%27http%3A%2F%2Fwww.w3.org%2F2000%2Fsvg%27%20width%3D%272048%27%20height%3D%271366%27%20viewBox%3D%270%200%202048%201366%27%3E%3Crect%20width%3D%272048%27%20height%3D%271366%27%20fill-opacity%3D%220%22%2F%3E%3C%2Fsvg%3E\" data-orig-src=\"https:\/\/www.teatrostabiletorino.it\/wp-content\/uploads\/2022\/05\/13_Oreste_0147-150x150.jpg\" data-srcset=\"https:\/\/www.teatrostabiletorino.it\/wp-content\/uploads\/2022\/05\/13_Oreste_0147-66x66.jpg 66w, https:\/\/www.teatrostabiletorino.it\/wp-content\/uploads\/2022\/05\/13_Oreste_0147-150x150.jpg 150w\" data-sizes=\"auto\" \/><\/a>\n\t\t\t<\/dt>\n\t\t\t\t<dd class='wp-caption-text gallery-caption' id='gallery-2-52275'>\n\t\t\t\tda sinistra Giovanni Drago (Oreste), Giovanni Anzaldo (Pilade)<br>ph Luigi De Palma\n\t\t\t\t<\/dd><\/dl><dl class='gallery-item'>\n\t\t\t<dt class='gallery-icon landscape'>\n\t\t\t\t<a data-rel=\"iLightbox[postimages]\" data-title=\"14_Oreste_0251\" data-caption=\"la Compagnia dello spettacolo Oresteph Luigi De Palma\" href='https:\/\/www.teatrostabiletorino.it\/wp-content\/uploads\/2022\/05\/14_Oreste_0251.jpg'><img decoding=\"async\" width=\"150\" height=\"150\" src=\"https:\/\/www.teatrostabiletorino.it\/wp-content\/uploads\/2022\/05\/14_Oreste_0251-150x150.jpg\" class=\"attachment-thumbnail size-thumbnail lazyload\" alt=\"\" aria-describedby=\"gallery-2-52276\" srcset=\"data:image\/svg+xml,%3Csvg%20xmlns%3D%27http%3A%2F%2Fwww.w3.org%2F2000%2Fsvg%27%20width%3D%272048%27%20height%3D%271365%27%20viewBox%3D%270%200%202048%201365%27%3E%3Crect%20width%3D%272048%27%20height%3D%271365%27%20fill-opacity%3D%220%22%2F%3E%3C%2Fsvg%3E\" data-orig-src=\"https:\/\/www.teatrostabiletorino.it\/wp-content\/uploads\/2022\/05\/14_Oreste_0251-150x150.jpg\" data-srcset=\"https:\/\/www.teatrostabiletorino.it\/wp-content\/uploads\/2022\/05\/14_Oreste_0251-66x66.jpg 66w, https:\/\/www.teatrostabiletorino.it\/wp-content\/uploads\/2022\/05\/14_Oreste_0251-150x150.jpg 150w\" data-sizes=\"auto\" \/><\/a>\n\t\t\t<\/dt>\n\t\t\t\t<dd class='wp-caption-text gallery-caption' id='gallery-2-52276'>\n\t\t\t\tla Compagnia dello spettacolo Oreste<br>ph Luigi De Palma\n\t\t\t\t<\/dd><\/dl>\n\t\t\t<br style='clear: both' \/>\n\t\t<\/div>\n<\/p>","protected":false},"excerpt":{"rendered":"<p>Sorry, this entry is only available in Italiano.In chiusura di Stagione, Valerio Binasco dirige due <a href=\"https:\/\/www.teatrostabiletorino.it\/en\/conclude-la-stagione-del-teatro-stabile-di-torino-un-dittico-di-tragedie-di-euripide-ifigenia-e-oreste-per-la-regia-di-valerio-binasco-in-scena-in-prima-nazionale\/\"> [+]<\/a><\/p>\n","protected":false},"author":2,"featured_media":52248,"comment_status":"open","ping_status":"open","sticky":false,"template":"","format":"standard","meta":{"_acf_changed":false,"footnotes":""},"categories":[149],"tags":[],"acf":[],"_links":{"self":[{"href":"https:\/\/www.teatrostabiletorino.it\/en\/wp-json\/wp\/v2\/posts\/52216"}],"collection":[{"href":"https:\/\/www.teatrostabiletorino.it\/en\/wp-json\/wp\/v2\/posts"}],"about":[{"href":"https:\/\/www.teatrostabiletorino.it\/en\/wp-json\/wp\/v2\/types\/post"}],"author":[{"embeddable":true,"href":"https:\/\/www.teatrostabiletorino.it\/en\/wp-json\/wp\/v2\/users\/2"}],"replies":[{"embeddable":true,"href":"https:\/\/www.teatrostabiletorino.it\/en\/wp-json\/wp\/v2\/comments?post=52216"}],"version-history":[{"count":0,"href":"https:\/\/www.teatrostabiletorino.it\/en\/wp-json\/wp\/v2\/posts\/52216\/revisions"}],"wp:featuredmedia":[{"embeddable":true,"href":"https:\/\/www.teatrostabiletorino.it\/en\/wp-json\/wp\/v2\/media\/52248"}],"wp:attachment":[{"href":"https:\/\/www.teatrostabiletorino.it\/en\/wp-json\/wp\/v2\/media?parent=52216"}],"wp:term":[{"taxonomy":"category","embeddable":true,"href":"https:\/\/www.teatrostabiletorino.it\/en\/wp-json\/wp\/v2\/categories?post=52216"},{"taxonomy":"post_tag","embeddable":true,"href":"https:\/\/www.teatrostabiletorino.it\/en\/wp-json\/wp\/v2\/tags?post=52216"}],"curies":[{"name":"wp","href":"https:\/\/api.w.org\/{rel}","templated":true}]}}