{"id":52925,"date":"2022-06-13T16:43:58","date_gmt":"2022-06-13T14:43:58","guid":{"rendered":"https:\/\/www.teatrostabiletorino.it\/?p=52925"},"modified":"2022-06-15T15:20:56","modified_gmt":"2022-06-15T13:20:56","slug":"torna-in-scena-al-carignano-nellambito-di-prato-inglese-sogno-di-una-notte-di-mezza-estate-di-william-shakespeare-per-la-regia-di-valerio-binascoteatro-c","status":"publish","type":"post","link":"https:\/\/www.teatrostabiletorino.it\/en\/torna-in-scena-al-carignano-nellambito-di-prato-inglese-sogno-di-una-notte-di-mezza-estate-di-william-shakespeare-per-la-regia-di-valerio-binascoteatro-c\/","title":{"rendered":"TORNA IN SCENA AL CARIGNANO, NELL\u2019AMBITO DI \u201cPRATO INGLESE\u201d, \u201cSOGNO DI UNA NOTTE DI MEZZA ESTATE\u201d DI WILLIAM SHAKESPEARE PER LA REGIA DI VALERIO BINASCO<br>Teatro Carignano, 16 giugno \u2013 3 luglio 2022"},"content":{"rendered":"<p class=\"qtranxs-available-languages-message qtranxs-available-languages-message-en\">Sorry, this entry is only available in <a href=\"https:\/\/www.teatrostabiletorino.it\/it\/wp-json\/wp\/v2\/posts\/52925\" class=\"qtranxs-available-language-link qtranxs-available-language-link-it\" title=\"Italiano\">Italiano<\/a>.<\/p><p>Torna il consueto appuntamento estivo con <em>Prato inglese<\/em>, l\u2019iniziativa del Teatro Stabile di Torino che propone ogni anno dei capolavori shakespeariani nella cornice del Teatro Carignano. Per l\u2019estate 2022, torner\u00e0 in scena <strong><em>Sogno di una notte di mezza estate<\/em><\/strong>, di<strong> William Shakespeare <\/strong>per l\u2019adattamento e la regia di<strong> Valerio Binasco<\/strong>, che sar\u00e0 programmato da gioved\u00ec 16 giugno alle ore 21.00 con un nuovo cast, composto da (in ordine alfabetico) <strong>Davide Antenucci<\/strong>,<strong> Luigi<\/strong> <strong>Bignone<\/strong>,<strong> Valerio Binasco<\/strong>, <strong>Fabrizio Costella<\/strong>,<strong> Giordana Faggiano<\/strong>,<strong> Denis Fasolo<\/strong>,<strong> Lorenzo Frediani<\/strong>,<strong> Paolo Giangrasso<\/strong>,<strong> Marta Malvestiti<\/strong>,<strong> Olivia Manescalchi<\/strong>,<strong> Nicola Pannelli<\/strong>,<strong> Cristina Parku<\/strong>,<strong> Greta Petronillo<\/strong>,<strong> Bruno Ricci<\/strong>,<strong> Letizia Russo<\/strong>,<strong> Michele Schiano di Cola<\/strong>,<strong> Valentina Spaletta Tavella<\/strong>. Le scene e le luci sono di <strong>Nicolas Bovey<\/strong>, i costumi di <strong>Alessio Rosati<\/strong>, le musiche di <strong>Paolo Spaccamonti<\/strong>, la consulenza vocale di <strong>Carlo Pavese<\/strong>, l\u2019assistente alla regia \u00e8 <strong>Giulia Odetto<\/strong>. Lo spettacolo verr\u00e0 replicato al Teatro Carignano fino al 3 luglio 2022. Anche per questo spettacolo sono previste delle recite accessibili, dal 21 al 26 giugno 2022.<\/p>\n<p>Con il <em>Sogno di una notte di mezza estate<\/em>, Valerio Binasco, dopo il pi\u00f9 recente <em>Amleto<\/em>, si immerge in un piccolo dramma che \u2013 come ha scritto Croce \u2013 \u00absembra nato da un sorriso, tanto \u00e8 delicato, sottile, aereo\u00bb, ma che affronta con perizia l\u2019amore, con le sue zone buie e le sue armonie conquistate faticosamente. Un tema, quello dell\u2019amore, che Binasco ha saputo declinare attraverso autori e testi diversi, ma con un\u2019originalit\u00e0 e un\u2019intensit\u00e0 apprezzati da critica e pubblico.\u00a0La notte di mezza estate \u00e8 quella del solstizio ed \u00e8 una festa che risale ad antiche credenze pagane, tipiche dei Paesi nordici: \u00e8 una notte magica, la pi\u00f9 breve dell\u2019anno, in cui un tripudio di luci e fal\u00f2 illumina campi e terreni, ed \u00e8 lo spunto per una tra le commedie pi\u00f9 famose di Shakespeare, che racconta tre storie d\u2019amore che si incrociano fra loro.<\/p>\n<p>In una felice miscela si uniscono il mondo classico e quello nordico fiabesco, le allegorie rinascimentali, i romanzi cavallereschi, la tradizione greco-latina: la commedia degli equivoci con gli amori incrociati di Ermia e Lisandro, Demetrio ed Elena, il bosco fatato di Oberon e Titania (che rievocano nei loro litigi quelli di Giove e Giunone), la malizia del folletto Puck (che reputa folli gli uomini e non fa altro che far innamorare le coppie sbagliate coi filtri del suo signore), la recita degli attori-artigiani che rappresentano l&#8217;opera nell&#8217;opera (il dramma di Piramo e Tisbe), infine il matrimonio mitologico di Teseo e Ippolita. Un complicato intreccio che la cifra registica di Binasco, con i suoi echi cinematografici e la capacit\u00e0 di isolare ed evidenziare i nodi narrativi delle opere, sar\u00e0 in grado di valorizzare al meglio.<\/p>\n<p><strong>Valerio Binasco<\/strong> \u00e8 dal 2018 il Direttore artistico del Teatro Stabile di Torino. Le sue scelte registiche si sono spesso orientate verso il teatro contemporaneo, con lavori da Pinter, Fosse, Paravidino, McPherson, che si sono alternati ai grandi classici. Ha vinto cinque premi Ubu e due Premi dell\u2019Associazione Nazionale dei Critici di Teatro, due premi Le Maschere del Teatro Italiano. Nella sua carriera \u00e8 stato diretto dai pi\u00f9 importanti registi italiani (Martone, Comencini, Giordana, \u00d6zpetek); nel 2016 \u00e8 stato nominato per il David di Donatello come miglior attore non protagonista per il film <em>Alaska di Claudio Cupellini.<\/em> Tra le sue regie pi\u00f9 recenti e applaudite al Teatro Stabile di Torino: <em>Amleto, Arlecchino servitore di due padroni, Rumori fuori scena <\/em>(<strong>47\u00b0 Premio Internazionale Flaiano\u00a0per la regia teatrale)<\/strong><em>, Il piacere dell\u2019onest\u00e0, Le sedie. <\/em>Binasco diriger\u00e0 la Scuola per Attori del Teatro Stabile di Torino per il triennio 2021 \u2013 2024.<\/p>\n<p><strong>Accessibilit\u00e0<\/strong>. Sei delle repliche in programma di S<em>ogno di una notte di mezza estate<\/em>, quelle dal 21 al 26 giugno 2022, saranno accessibili: si potr\u00e0 assistere allo spettacolo con il supporto di soprattitoli in italiano e in italiano semplificato con descrizione dei suoni, attraverso l\u2019uso di <strong>smart-glasses<\/strong>, <strong>tablet<\/strong> o <strong>smartphone<\/strong>, in base alle esigenze dello spettatore. Sono inoltre disponibili sul sito internet del TST (predisposto per la lettura da parte di applicazioni screen reader) e sulla APP del TST, materiali di supporto realizzati <em>ad hoc<\/em> per la produzione: <strong>video di approfondimento con audio, sottotitoli e LIS e scheda semplificata di presentazione dello spettacolo<\/strong>.<\/p>\n<p>Un ulteriore passo in avanti verso la resa accessibile <em>for all<\/em> prevede la trasmissione in sala dell&#8217;audiointroduzione a inizio spettacolo e l\u2019organizzazione di un <strong>tour descrittivo e tattile sul palcoscenico<\/strong>, in programma per <strong>mercoled\u00ec 22 giugno alle ore 18.45 al Teatro Carignano<\/strong>. La partecipazione \u00e8 gratuita fino esaurimento dei posti disponibili, previa prenotazione a accessibilita@teatrostabiletorino.it \u2013 0115169460. L\u2019iniziativa si inserisce nell\u2019ambito del bando <strong>SWITCH_Strategie e strumenti per la digital transformation nella cultura<\/strong>, sostenuto dalla Fondazione Compagnia di San Paolo, che ha consentito al Teatro Stabile di Torino di avviare un articolato processo di trasformazione digitale garantendo, grazie all\u2019adozione di tecnologie innovative, una maggiore accessibilit\u00e0 della propria offerta culturale. Il progetto \u00e8 stato sviluppato in collaborazione col partner tecnologico <strong>Panthea<\/strong> e la onlus <strong>+Cultura Accessibile<\/strong>.<\/p>\n<p>Per l\u2019utilizzo gratuito dei dispositivi per l\u2019accessibilit\u00e0 (smart-glasses, tablet o smartphone) \u00e8 necessaria la prenotazione dei biglietti, che potr\u00e0 essere effettuata contattando la biglietteria. Per maggiori informazioni visitare la pagina: www.teatrostabiletorino.it\/accessibilita o contattare accessibilita@teatrostabiletorino.it \u2013 011 5169460.<\/p>\n<p><a href=\"http:\/\/www.teatrostabiletorino.it\/wp-content\/uploads\/2022\/06\/01_Sogno-di-una-notte-di-mezza-estate.pdf\" target=\"_blank\" rel=\"noopener\">CS_Sogno di una notte di mezza estate<\/a><\/p>\n<p>&nbsp;<\/p>\n<p>\n\t\t<style type=\"text\/css\">\n\t\t\t#gallery-1 {\n\t\t\t\tmargin: auto;\n\t\t\t}\n\t\t\t#gallery-1 .gallery-item {\n\t\t\t\tfloat: left;\n\t\t\t\tmargin-top: 10px;\n\t\t\t\ttext-align: center;\n\t\t\t\twidth: 20%;\n\t\t\t}\n\t\t\t#gallery-1 img {\n\t\t\t\tborder: 2px solid #cfcfcf;\n\t\t\t}\n\t\t\t#gallery-1 .gallery-caption {\n\t\t\t\tmargin-left: 0;\n\t\t\t}\n\t\t\t\/* see gallery_shortcode() in wp-includes\/media.php *\/\n\t\t<\/style>\n\t\t<div id='gallery-1' class='gallery galleryid-52925 gallery-columns-5 gallery-size-thumbnail'><dl class='gallery-item'>\n\t\t\t<dt class='gallery-icon portrait'>\n\t\t\t\t<a data-rel=\"iLightbox[postimages]\" data-title=\"01_Sogno di una notte di mezza estate_ph Luigi De Palma_P1A5100\" data-caption=\"Valerio Binasco, Olivia Manescalchi ph Luigi De Palma\" href='https:\/\/www.teatrostabiletorino.it\/wp-content\/uploads\/2022\/06\/01_Sogno-di-una-notte-di-mezza-estate_ph-Luigi-De-Palma_P1A5100.jpg'><img decoding=\"async\" width=\"150\" height=\"150\" src=\"https:\/\/www.teatrostabiletorino.it\/wp-content\/uploads\/2022\/06\/01_Sogno-di-una-notte-di-mezza-estate_ph-Luigi-De-Palma_P1A5100-150x150.jpg\" class=\"attachment-thumbnail size-thumbnail lazyload\" alt=\"\" aria-describedby=\"gallery-1-52991\" srcset=\"data:image\/svg+xml,%3Csvg%20xmlns%3D%27http%3A%2F%2Fwww.w3.org%2F2000%2Fsvg%27%20width%3D%271339%27%20height%3D%272008%27%20viewBox%3D%270%200%201339%202008%27%3E%3Crect%20width%3D%271339%27%20height%3D%272008%27%20fill-opacity%3D%220%22%2F%3E%3C%2Fsvg%3E\" data-orig-src=\"https:\/\/www.teatrostabiletorino.it\/wp-content\/uploads\/2022\/06\/01_Sogno-di-una-notte-di-mezza-estate_ph-Luigi-De-Palma_P1A5100-150x150.jpg\" data-srcset=\"https:\/\/www.teatrostabiletorino.it\/wp-content\/uploads\/2022\/06\/01_Sogno-di-una-notte-di-mezza-estate_ph-Luigi-De-Palma_P1A5100-66x66.jpg 66w, https:\/\/www.teatrostabiletorino.it\/wp-content\/uploads\/2022\/06\/01_Sogno-di-una-notte-di-mezza-estate_ph-Luigi-De-Palma_P1A5100-150x150.jpg 150w\" data-sizes=\"auto\" \/><\/a>\n\t\t\t<\/dt>\n\t\t\t\t<dd class='wp-caption-text gallery-caption' id='gallery-1-52991'>\n\t\t\t\tValerio Binasco, Olivia Manescalchi <br>ph Luigi De Palma\n\t\t\t\t<\/dd><\/dl><dl class='gallery-item'>\n\t\t\t<dt class='gallery-icon landscape'>\n\t\t\t\t<a data-rel=\"iLightbox[postimages]\" data-title=\"02_Sogno di una notte di mezza estate_ph Luigi De Palma_P1A5961\" data-caption=\"davanti: Valerio Binasco, Olivia Manescalchi; dietro, da sinistra: Cristina Parku, Greta Petronillo, Letizia Russo, Valentina Spaletta Tavellaph Luigi De Palma\" href='https:\/\/www.teatrostabiletorino.it\/wp-content\/uploads\/2022\/06\/02_Sogno-di-una-notte-di-mezza-estate_ph-Luigi-De-Palma_P1A5961.jpg'><img decoding=\"async\" width=\"150\" height=\"150\" src=\"https:\/\/www.teatrostabiletorino.it\/wp-content\/uploads\/2022\/06\/02_Sogno-di-una-notte-di-mezza-estate_ph-Luigi-De-Palma_P1A5961-150x150.jpg\" class=\"attachment-thumbnail size-thumbnail lazyload\" alt=\"\" aria-describedby=\"gallery-1-52992\" srcset=\"data:image\/svg+xml,%3Csvg%20xmlns%3D%27http%3A%2F%2Fwww.w3.org%2F2000%2Fsvg%27%20width%3D%272048%27%20height%3D%271365%27%20viewBox%3D%270%200%202048%201365%27%3E%3Crect%20width%3D%272048%27%20height%3D%271365%27%20fill-opacity%3D%220%22%2F%3E%3C%2Fsvg%3E\" data-orig-src=\"https:\/\/www.teatrostabiletorino.it\/wp-content\/uploads\/2022\/06\/02_Sogno-di-una-notte-di-mezza-estate_ph-Luigi-De-Palma_P1A5961-150x150.jpg\" data-srcset=\"https:\/\/www.teatrostabiletorino.it\/wp-content\/uploads\/2022\/06\/02_Sogno-di-una-notte-di-mezza-estate_ph-Luigi-De-Palma_P1A5961-66x66.jpg 66w, https:\/\/www.teatrostabiletorino.it\/wp-content\/uploads\/2022\/06\/02_Sogno-di-una-notte-di-mezza-estate_ph-Luigi-De-Palma_P1A5961-150x150.jpg 150w\" data-sizes=\"auto\" \/><\/a>\n\t\t\t<\/dt>\n\t\t\t\t<dd class='wp-caption-text gallery-caption' id='gallery-1-52992'>\n\t\t\t\tdavanti: Valerio Binasco, Olivia Manescalchi; dietro, da sinistra: Cristina Parku, Greta Petronillo, Letizia Russo, Valentina Spaletta Tavella<br>ph Luigi De Palma\n\t\t\t\t<\/dd><\/dl><dl class='gallery-item'>\n\t\t\t<dt class='gallery-icon landscape'>\n\t\t\t\t<a data-rel=\"iLightbox[postimages]\" data-title=\"03_Sogno di una notte di mezza estate_ph Luigi De Palma_RR63191\" data-caption=\"davanti: Lorenzo Frediani, Fabrizio Costella; dietro, da sinistra: Letizia Russo, Valentina Spaletta Tavella, Valerio Binasco, Greta Petronillo (in alto), Cristina Parkuph Luigi De Palma\" href='https:\/\/www.teatrostabiletorino.it\/wp-content\/uploads\/2022\/06\/03_Sogno-di-una-notte-di-mezza-estate_ph-Luigi-De-Palma_RR63191.jpg'><img decoding=\"async\" width=\"150\" height=\"150\" src=\"https:\/\/www.teatrostabiletorino.it\/wp-content\/uploads\/2022\/06\/03_Sogno-di-una-notte-di-mezza-estate_ph-Luigi-De-Palma_RR63191-150x150.jpg\" class=\"attachment-thumbnail size-thumbnail lazyload\" alt=\"\" aria-describedby=\"gallery-1-52993\" srcset=\"data:image\/svg+xml,%3Csvg%20xmlns%3D%27http%3A%2F%2Fwww.w3.org%2F2000%2Fsvg%27%20width%3D%272362%27%20height%3D%271575%27%20viewBox%3D%270%200%202362%201575%27%3E%3Crect%20width%3D%272362%27%20height%3D%271575%27%20fill-opacity%3D%220%22%2F%3E%3C%2Fsvg%3E\" data-orig-src=\"https:\/\/www.teatrostabiletorino.it\/wp-content\/uploads\/2022\/06\/03_Sogno-di-una-notte-di-mezza-estate_ph-Luigi-De-Palma_RR63191-150x150.jpg\" data-srcset=\"https:\/\/www.teatrostabiletorino.it\/wp-content\/uploads\/2022\/06\/03_Sogno-di-una-notte-di-mezza-estate_ph-Luigi-De-Palma_RR63191-66x66.jpg 66w, https:\/\/www.teatrostabiletorino.it\/wp-content\/uploads\/2022\/06\/03_Sogno-di-una-notte-di-mezza-estate_ph-Luigi-De-Palma_RR63191-150x150.jpg 150w\" data-sizes=\"auto\" \/><\/a>\n\t\t\t<\/dt>\n\t\t\t\t<dd class='wp-caption-text gallery-caption' id='gallery-1-52993'>\n\t\t\t\tdavanti: Lorenzo Frediani, Fabrizio Costella; dietro, da sinistra: Letizia Russo, Valentina Spaletta Tavella, Valerio Binasco, Greta Petronillo (in alto), Cristina Parku<br>ph Luigi De Palma\n\t\t\t\t<\/dd><\/dl><dl class='gallery-item'>\n\t\t\t<dt class='gallery-icon landscape'>\n\t\t\t\t<a data-rel=\"iLightbox[postimages]\" data-title=\"04_Sogno di una notte di mezza estate_ph Luigi De Palma_P1A5468\" data-caption=\"Valerio Binasco, Olivia Manescalchiph Luigi De Palma\" href='https:\/\/www.teatrostabiletorino.it\/wp-content\/uploads\/2022\/06\/04_Sogno-di-una-notte-di-mezza-estate_ph-Luigi-De-Palma_P1A5468.jpg'><img decoding=\"async\" width=\"150\" height=\"150\" src=\"https:\/\/www.teatrostabiletorino.it\/wp-content\/uploads\/2022\/06\/04_Sogno-di-una-notte-di-mezza-estate_ph-Luigi-De-Palma_P1A5468-150x150.jpg\" class=\"attachment-thumbnail size-thumbnail lazyload\" alt=\"\" aria-describedby=\"gallery-1-52994\" srcset=\"data:image\/svg+xml,%3Csvg%20xmlns%3D%27http%3A%2F%2Fwww.w3.org%2F2000%2Fsvg%27%20width%3D%272362%27%20height%3D%271575%27%20viewBox%3D%270%200%202362%201575%27%3E%3Crect%20width%3D%272362%27%20height%3D%271575%27%20fill-opacity%3D%220%22%2F%3E%3C%2Fsvg%3E\" data-orig-src=\"https:\/\/www.teatrostabiletorino.it\/wp-content\/uploads\/2022\/06\/04_Sogno-di-una-notte-di-mezza-estate_ph-Luigi-De-Palma_P1A5468-150x150.jpg\" data-srcset=\"https:\/\/www.teatrostabiletorino.it\/wp-content\/uploads\/2022\/06\/04_Sogno-di-una-notte-di-mezza-estate_ph-Luigi-De-Palma_P1A5468-66x66.jpg 66w, https:\/\/www.teatrostabiletorino.it\/wp-content\/uploads\/2022\/06\/04_Sogno-di-una-notte-di-mezza-estate_ph-Luigi-De-Palma_P1A5468-150x150.jpg 150w\" data-sizes=\"auto\" \/><\/a>\n\t\t\t<\/dt>\n\t\t\t\t<dd class='wp-caption-text gallery-caption' id='gallery-1-52994'>\n\t\t\t\tValerio Binasco, Olivia Manescalchi<br>ph Luigi De Palma\n\t\t\t\t<\/dd><\/dl><dl class='gallery-item'>\n\t\t\t<dt class='gallery-icon landscape'>\n\t\t\t\t<a data-rel=\"iLightbox[postimages]\" data-title=\"05_Sogno di una notte di mezza estate_ph Luigi De Palma_0194\" data-caption=\"da sinistra: Luigi Bignone, Cristina Parku, Valerio Binasco, Olivia Manescalchiph Luigi De Palma\" href='https:\/\/www.teatrostabiletorino.it\/wp-content\/uploads\/2022\/06\/05_Sogno-di-una-notte-di-mezza-estate_ph-Luigi-De-Palma_0194.jpg'><img decoding=\"async\" width=\"150\" height=\"150\" src=\"https:\/\/www.teatrostabiletorino.it\/wp-content\/uploads\/2022\/06\/05_Sogno-di-una-notte-di-mezza-estate_ph-Luigi-De-Palma_0194-150x150.jpg\" class=\"attachment-thumbnail size-thumbnail lazyload\" alt=\"\" aria-describedby=\"gallery-1-52995\" srcset=\"data:image\/svg+xml,%3Csvg%20xmlns%3D%27http%3A%2F%2Fwww.w3.org%2F2000%2Fsvg%27%20width%3D%272048%27%20height%3D%271365%27%20viewBox%3D%270%200%202048%201365%27%3E%3Crect%20width%3D%272048%27%20height%3D%271365%27%20fill-opacity%3D%220%22%2F%3E%3C%2Fsvg%3E\" data-orig-src=\"https:\/\/www.teatrostabiletorino.it\/wp-content\/uploads\/2022\/06\/05_Sogno-di-una-notte-di-mezza-estate_ph-Luigi-De-Palma_0194-150x150.jpg\" data-srcset=\"https:\/\/www.teatrostabiletorino.it\/wp-content\/uploads\/2022\/06\/05_Sogno-di-una-notte-di-mezza-estate_ph-Luigi-De-Palma_0194-66x66.jpg 66w, https:\/\/www.teatrostabiletorino.it\/wp-content\/uploads\/2022\/06\/05_Sogno-di-una-notte-di-mezza-estate_ph-Luigi-De-Palma_0194-150x150.jpg 150w\" data-sizes=\"auto\" \/><\/a>\n\t\t\t<\/dt>\n\t\t\t\t<dd class='wp-caption-text gallery-caption' id='gallery-1-52995'>\n\t\t\t\tda sinistra: Luigi Bignone, Cristina Parku, Valerio Binasco, Olivia Manescalchi<br>ph Luigi De Palma\n\t\t\t\t<\/dd><\/dl><br style=\"clear: both\" \/><dl class='gallery-item'>\n\t\t\t<dt class='gallery-icon landscape'>\n\t\t\t\t<a data-rel=\"iLightbox[postimages]\" data-title=\"06_Sogno di una notte di mezza estate_ph Luigi De Palma_0042\" data-caption=\"da sinistra: Lorenzo Frediani, Paolo Giangrasso, Fabrizio Costella, Giordana Faggianoph Luigi De Palma\" href='https:\/\/www.teatrostabiletorino.it\/wp-content\/uploads\/2022\/06\/06_Sogno-di-una-notte-di-mezza-estate_ph-Luigi-De-Palma_0042.jpg'><img decoding=\"async\" width=\"150\" height=\"150\" src=\"https:\/\/www.teatrostabiletorino.it\/wp-content\/uploads\/2022\/06\/06_Sogno-di-una-notte-di-mezza-estate_ph-Luigi-De-Palma_0042-150x150.jpg\" class=\"attachment-thumbnail size-thumbnail lazyload\" alt=\"\" aria-describedby=\"gallery-1-52996\" srcset=\"data:image\/svg+xml,%3Csvg%20xmlns%3D%27http%3A%2F%2Fwww.w3.org%2F2000%2Fsvg%27%20width%3D%272048%27%20height%3D%271366%27%20viewBox%3D%270%200%202048%201366%27%3E%3Crect%20width%3D%272048%27%20height%3D%271366%27%20fill-opacity%3D%220%22%2F%3E%3C%2Fsvg%3E\" data-orig-src=\"https:\/\/www.teatrostabiletorino.it\/wp-content\/uploads\/2022\/06\/06_Sogno-di-una-notte-di-mezza-estate_ph-Luigi-De-Palma_0042-150x150.jpg\" data-srcset=\"https:\/\/www.teatrostabiletorino.it\/wp-content\/uploads\/2022\/06\/06_Sogno-di-una-notte-di-mezza-estate_ph-Luigi-De-Palma_0042-66x66.jpg 66w, https:\/\/www.teatrostabiletorino.it\/wp-content\/uploads\/2022\/06\/06_Sogno-di-una-notte-di-mezza-estate_ph-Luigi-De-Palma_0042-150x150.jpg 150w\" data-sizes=\"auto\" \/><\/a>\n\t\t\t<\/dt>\n\t\t\t\t<dd class='wp-caption-text gallery-caption' id='gallery-1-52996'>\n\t\t\t\tda sinistra: Lorenzo Frediani, Paolo Giangrasso, Fabrizio Costella, Giordana Faggiano<br>ph Luigi De Palma\n\t\t\t\t<\/dd><\/dl><dl class='gallery-item'>\n\t\t\t<dt class='gallery-icon landscape'>\n\t\t\t\t<a data-rel=\"iLightbox[postimages]\" data-title=\"07_Sogno di una notte di mezza estate_ph Luigi De Palma_0016\" data-caption=\"da sinistra: Nicola Pannelli, Davide Antenucci, Denis Fasolo, Michele Schiano di Cola, Bruno Ricci, Paolo Giangrassoph Luigi De Palma\" href='https:\/\/www.teatrostabiletorino.it\/wp-content\/uploads\/2022\/06\/07_Sogno-di-una-notte-di-mezza-estate_ph-Luigi-De-Palma_0016.jpg'><img decoding=\"async\" width=\"150\" height=\"150\" src=\"https:\/\/www.teatrostabiletorino.it\/wp-content\/uploads\/2022\/06\/07_Sogno-di-una-notte-di-mezza-estate_ph-Luigi-De-Palma_0016-150x150.jpg\" class=\"attachment-thumbnail size-thumbnail lazyload\" alt=\"\" aria-describedby=\"gallery-1-52997\" srcset=\"data:image\/svg+xml,%3Csvg%20xmlns%3D%27http%3A%2F%2Fwww.w3.org%2F2000%2Fsvg%27%20width%3D%272048%27%20height%3D%271365%27%20viewBox%3D%270%200%202048%201365%27%3E%3Crect%20width%3D%272048%27%20height%3D%271365%27%20fill-opacity%3D%220%22%2F%3E%3C%2Fsvg%3E\" data-orig-src=\"https:\/\/www.teatrostabiletorino.it\/wp-content\/uploads\/2022\/06\/07_Sogno-di-una-notte-di-mezza-estate_ph-Luigi-De-Palma_0016-150x150.jpg\" data-srcset=\"https:\/\/www.teatrostabiletorino.it\/wp-content\/uploads\/2022\/06\/07_Sogno-di-una-notte-di-mezza-estate_ph-Luigi-De-Palma_0016-66x66.jpg 66w, https:\/\/www.teatrostabiletorino.it\/wp-content\/uploads\/2022\/06\/07_Sogno-di-una-notte-di-mezza-estate_ph-Luigi-De-Palma_0016-150x150.jpg 150w\" data-sizes=\"auto\" \/><\/a>\n\t\t\t<\/dt>\n\t\t\t\t<dd class='wp-caption-text gallery-caption' id='gallery-1-52997'>\n\t\t\t\tda sinistra: Nicola Pannelli, Davide Antenucci, Denis Fasolo, Michele Schiano di Cola, Bruno Ricci, Paolo Giangrasso<br>ph Luigi De Palma\n\t\t\t\t<\/dd><\/dl><dl class='gallery-item'>\n\t\t\t<dt class='gallery-icon landscape'>\n\t\t\t\t<a data-rel=\"iLightbox[postimages]\" data-title=\"08_Sogno di una notte di mezza estate_ph Luigi De Palma_0077\" data-caption=\"Valerio Binasco, Luigi Bignoneph Luigi De Palma\" href='https:\/\/www.teatrostabiletorino.it\/wp-content\/uploads\/2022\/06\/08_Sogno-di-una-notte-di-mezza-estate_ph-Luigi-De-Palma_0077.jpg'><img decoding=\"async\" width=\"150\" height=\"150\" src=\"https:\/\/www.teatrostabiletorino.it\/wp-content\/uploads\/2022\/06\/08_Sogno-di-una-notte-di-mezza-estate_ph-Luigi-De-Palma_0077-150x150.jpg\" class=\"attachment-thumbnail size-thumbnail lazyload\" alt=\"\" aria-describedby=\"gallery-1-52998\" srcset=\"data:image\/svg+xml,%3Csvg%20xmlns%3D%27http%3A%2F%2Fwww.w3.org%2F2000%2Fsvg%27%20width%3D%272048%27%20height%3D%271365%27%20viewBox%3D%270%200%202048%201365%27%3E%3Crect%20width%3D%272048%27%20height%3D%271365%27%20fill-opacity%3D%220%22%2F%3E%3C%2Fsvg%3E\" data-orig-src=\"https:\/\/www.teatrostabiletorino.it\/wp-content\/uploads\/2022\/06\/08_Sogno-di-una-notte-di-mezza-estate_ph-Luigi-De-Palma_0077-150x150.jpg\" data-srcset=\"https:\/\/www.teatrostabiletorino.it\/wp-content\/uploads\/2022\/06\/08_Sogno-di-una-notte-di-mezza-estate_ph-Luigi-De-Palma_0077-66x66.jpg 66w, https:\/\/www.teatrostabiletorino.it\/wp-content\/uploads\/2022\/06\/08_Sogno-di-una-notte-di-mezza-estate_ph-Luigi-De-Palma_0077-150x150.jpg 150w\" data-sizes=\"auto\" \/><\/a>\n\t\t\t<\/dt>\n\t\t\t\t<dd class='wp-caption-text gallery-caption' id='gallery-1-52998'>\n\t\t\t\tValerio Binasco, Luigi Bignone<br>ph Luigi De Palma\n\t\t\t\t<\/dd><\/dl><dl class='gallery-item'>\n\t\t\t<dt class='gallery-icon landscape'>\n\t\t\t\t<a data-rel=\"iLightbox[postimages]\" data-title=\"09_Sogno di una notte di mezza estate_ph Luigi De Palma_0080\" data-caption=\"Valerio Binasco, Luigi Bignoneph Luigi De Palma\" href='https:\/\/www.teatrostabiletorino.it\/wp-content\/uploads\/2022\/06\/09_Sogno-di-una-notte-di-mezza-estate_ph-Luigi-De-Palma_0080.jpg'><img decoding=\"async\" width=\"150\" height=\"150\" src=\"https:\/\/www.teatrostabiletorino.it\/wp-content\/uploads\/2022\/06\/09_Sogno-di-una-notte-di-mezza-estate_ph-Luigi-De-Palma_0080-150x150.jpg\" class=\"attachment-thumbnail size-thumbnail lazyload\" alt=\"\" aria-describedby=\"gallery-1-52999\" srcset=\"data:image\/svg+xml,%3Csvg%20xmlns%3D%27http%3A%2F%2Fwww.w3.org%2F2000%2Fsvg%27%20width%3D%272048%27%20height%3D%271365%27%20viewBox%3D%270%200%202048%201365%27%3E%3Crect%20width%3D%272048%27%20height%3D%271365%27%20fill-opacity%3D%220%22%2F%3E%3C%2Fsvg%3E\" data-orig-src=\"https:\/\/www.teatrostabiletorino.it\/wp-content\/uploads\/2022\/06\/09_Sogno-di-una-notte-di-mezza-estate_ph-Luigi-De-Palma_0080-150x150.jpg\" data-srcset=\"https:\/\/www.teatrostabiletorino.it\/wp-content\/uploads\/2022\/06\/09_Sogno-di-una-notte-di-mezza-estate_ph-Luigi-De-Palma_0080-66x66.jpg 66w, https:\/\/www.teatrostabiletorino.it\/wp-content\/uploads\/2022\/06\/09_Sogno-di-una-notte-di-mezza-estate_ph-Luigi-De-Palma_0080-150x150.jpg 150w\" data-sizes=\"auto\" \/><\/a>\n\t\t\t<\/dt>\n\t\t\t\t<dd class='wp-caption-text gallery-caption' id='gallery-1-52999'>\n\t\t\t\tValerio Binasco, Luigi Bignone<br>ph Luigi De Palma\n\t\t\t\t<\/dd><\/dl><dl class='gallery-item'>\n\t\t\t<dt class='gallery-icon landscape'>\n\t\t\t\t<a data-rel=\"iLightbox[postimages]\" data-title=\"10_Sogno di una notte di mezza estate_ph Luigi De Palma_0048\" data-caption=\"da sinistra: Marta Malvestiti, Fabrizio Costella, Giordana Faggianoph Luigi De Palma\" href='https:\/\/www.teatrostabiletorino.it\/wp-content\/uploads\/2022\/06\/10_Sogno-di-una-notte-di-mezza-estate_ph-Luigi-De-Palma_0048.jpg'><img decoding=\"async\" width=\"150\" height=\"150\" src=\"https:\/\/www.teatrostabiletorino.it\/wp-content\/uploads\/2022\/06\/10_Sogno-di-una-notte-di-mezza-estate_ph-Luigi-De-Palma_0048-150x150.jpg\" class=\"attachment-thumbnail size-thumbnail lazyload\" alt=\"\" aria-describedby=\"gallery-1-53000\" srcset=\"data:image\/svg+xml,%3Csvg%20xmlns%3D%27http%3A%2F%2Fwww.w3.org%2F2000%2Fsvg%27%20width%3D%272048%27%20height%3D%271365%27%20viewBox%3D%270%200%202048%201365%27%3E%3Crect%20width%3D%272048%27%20height%3D%271365%27%20fill-opacity%3D%220%22%2F%3E%3C%2Fsvg%3E\" data-orig-src=\"https:\/\/www.teatrostabiletorino.it\/wp-content\/uploads\/2022\/06\/10_Sogno-di-una-notte-di-mezza-estate_ph-Luigi-De-Palma_0048-150x150.jpg\" data-srcset=\"https:\/\/www.teatrostabiletorino.it\/wp-content\/uploads\/2022\/06\/10_Sogno-di-una-notte-di-mezza-estate_ph-Luigi-De-Palma_0048-66x66.jpg 66w, https:\/\/www.teatrostabiletorino.it\/wp-content\/uploads\/2022\/06\/10_Sogno-di-una-notte-di-mezza-estate_ph-Luigi-De-Palma_0048-150x150.jpg 150w\" data-sizes=\"auto\" \/><\/a>\n\t\t\t<\/dt>\n\t\t\t\t<dd class='wp-caption-text gallery-caption' id='gallery-1-53000'>\n\t\t\t\tda sinistra: Marta Malvestiti, Fabrizio Costella, Giordana Faggiano<br>ph Luigi De Palma\n\t\t\t\t<\/dd><\/dl><br style=\"clear: both\" \/><dl class='gallery-item'>\n\t\t\t<dt class='gallery-icon landscape'>\n\t\t\t\t<a data-rel=\"iLightbox[postimages]\" data-title=\"11_Sogno di una notte di mezza estate_ph Luigi De Palma_0101\" data-caption=\"da sinistra: Valentina Spaletta Tavella, Letizia Russo, Valerio Binasco, Olivia Manescalchi, Cristina Parku, Luigi Bignone, Greta Petronilloph Luigi De Palma\" href='https:\/\/www.teatrostabiletorino.it\/wp-content\/uploads\/2022\/06\/11_Sogno-di-una-notte-di-mezza-estate_ph-Luigi-De-Palma_0101.jpg'><img decoding=\"async\" width=\"150\" height=\"150\" src=\"https:\/\/www.teatrostabiletorino.it\/wp-content\/uploads\/2022\/06\/11_Sogno-di-una-notte-di-mezza-estate_ph-Luigi-De-Palma_0101-150x150.jpg\" class=\"attachment-thumbnail size-thumbnail lazyload\" alt=\"\" aria-describedby=\"gallery-1-53001\" srcset=\"data:image\/svg+xml,%3Csvg%20xmlns%3D%27http%3A%2F%2Fwww.w3.org%2F2000%2Fsvg%27%20width%3D%271890%27%20height%3D%271260%27%20viewBox%3D%270%200%201890%201260%27%3E%3Crect%20width%3D%271890%27%20height%3D%271260%27%20fill-opacity%3D%220%22%2F%3E%3C%2Fsvg%3E\" data-orig-src=\"https:\/\/www.teatrostabiletorino.it\/wp-content\/uploads\/2022\/06\/11_Sogno-di-una-notte-di-mezza-estate_ph-Luigi-De-Palma_0101-150x150.jpg\" data-srcset=\"https:\/\/www.teatrostabiletorino.it\/wp-content\/uploads\/2022\/06\/11_Sogno-di-una-notte-di-mezza-estate_ph-Luigi-De-Palma_0101-66x66.jpg 66w, https:\/\/www.teatrostabiletorino.it\/wp-content\/uploads\/2022\/06\/11_Sogno-di-una-notte-di-mezza-estate_ph-Luigi-De-Palma_0101-150x150.jpg 150w\" data-sizes=\"auto\" \/><\/a>\n\t\t\t<\/dt>\n\t\t\t\t<dd class='wp-caption-text gallery-caption' id='gallery-1-53001'>\n\t\t\t\tda sinistra: Valentina Spaletta Tavella, Letizia Russo, Valerio Binasco, Olivia Manescalchi, Cristina Parku, Luigi Bignone, Greta Petronillo<br>ph Luigi De Palma\n\t\t\t\t<\/dd><\/dl><dl class='gallery-item'>\n\t\t\t<dt class='gallery-icon landscape'>\n\t\t\t\t<a data-rel=\"iLightbox[postimages]\" data-title=\"12_Sogno di una notte di mezza estate_ph Luigi De Palma_0144\" data-caption=\"da sinistra: Olivia Manescalchi, Denis Fasolo; dietro Letizia Russo, Valentina Spaletta Tavella, Luigi Bignone, Greta Petronilloph Luigi De Palma\" href='https:\/\/www.teatrostabiletorino.it\/wp-content\/uploads\/2022\/06\/12_Sogno-di-una-notte-di-mezza-estate_ph-Luigi-De-Palma_0144.jpg'><img decoding=\"async\" width=\"150\" height=\"150\" src=\"https:\/\/www.teatrostabiletorino.it\/wp-content\/uploads\/2022\/06\/12_Sogno-di-una-notte-di-mezza-estate_ph-Luigi-De-Palma_0144-150x150.jpg\" class=\"attachment-thumbnail size-thumbnail lazyload\" alt=\"\" aria-describedby=\"gallery-1-53002\" srcset=\"data:image\/svg+xml,%3Csvg%20xmlns%3D%27http%3A%2F%2Fwww.w3.org%2F2000%2Fsvg%27%20width%3D%272048%27%20height%3D%271365%27%20viewBox%3D%270%200%202048%201365%27%3E%3Crect%20width%3D%272048%27%20height%3D%271365%27%20fill-opacity%3D%220%22%2F%3E%3C%2Fsvg%3E\" data-orig-src=\"https:\/\/www.teatrostabiletorino.it\/wp-content\/uploads\/2022\/06\/12_Sogno-di-una-notte-di-mezza-estate_ph-Luigi-De-Palma_0144-150x150.jpg\" data-srcset=\"https:\/\/www.teatrostabiletorino.it\/wp-content\/uploads\/2022\/06\/12_Sogno-di-una-notte-di-mezza-estate_ph-Luigi-De-Palma_0144-66x66.jpg 66w, https:\/\/www.teatrostabiletorino.it\/wp-content\/uploads\/2022\/06\/12_Sogno-di-una-notte-di-mezza-estate_ph-Luigi-De-Palma_0144-150x150.jpg 150w\" data-sizes=\"auto\" \/><\/a>\n\t\t\t<\/dt>\n\t\t\t\t<dd class='wp-caption-text gallery-caption' id='gallery-1-53002'>\n\t\t\t\tda sinistra: Olivia Manescalchi, Denis Fasolo; dietro Letizia Russo, Valentina Spaletta Tavella, Luigi Bignone, Greta Petronillo<br>ph Luigi De Palma\n\t\t\t\t<\/dd><\/dl><dl class='gallery-item'>\n\t\t\t<dt class='gallery-icon portrait'>\n\t\t\t\t<a data-rel=\"iLightbox[postimages]\" data-title=\"13_Sogno di una notte di mezza estate_ph Luigi De Palma_0045\" data-caption=\"Fabrizio Costella, Giordana Faggianoph Luigi De Palma\" href='https:\/\/www.teatrostabiletorino.it\/wp-content\/uploads\/2022\/06\/13_Sogno-di-una-notte-di-mezza-estate_ph-Luigi-De-Palma_0045.jpg'><img decoding=\"async\" width=\"150\" height=\"150\" src=\"https:\/\/www.teatrostabiletorino.it\/wp-content\/uploads\/2022\/06\/13_Sogno-di-una-notte-di-mezza-estate_ph-Luigi-De-Palma_0045-150x150.jpg\" class=\"attachment-thumbnail size-thumbnail lazyload\" alt=\"\" aria-describedby=\"gallery-1-53003\" srcset=\"data:image\/svg+xml,%3Csvg%20xmlns%3D%27http%3A%2F%2Fwww.w3.org%2F2000%2Fsvg%27%20width%3D%272048%27%20height%3D%273072%27%20viewBox%3D%270%200%202048%203072%27%3E%3Crect%20width%3D%272048%27%20height%3D%273072%27%20fill-opacity%3D%220%22%2F%3E%3C%2Fsvg%3E\" data-orig-src=\"https:\/\/www.teatrostabiletorino.it\/wp-content\/uploads\/2022\/06\/13_Sogno-di-una-notte-di-mezza-estate_ph-Luigi-De-Palma_0045-150x150.jpg\" data-srcset=\"https:\/\/www.teatrostabiletorino.it\/wp-content\/uploads\/2022\/06\/13_Sogno-di-una-notte-di-mezza-estate_ph-Luigi-De-Palma_0045-66x66.jpg 66w, https:\/\/www.teatrostabiletorino.it\/wp-content\/uploads\/2022\/06\/13_Sogno-di-una-notte-di-mezza-estate_ph-Luigi-De-Palma_0045-150x150.jpg 150w\" data-sizes=\"auto\" \/><\/a>\n\t\t\t<\/dt>\n\t\t\t\t<dd class='wp-caption-text gallery-caption' id='gallery-1-53003'>\n\t\t\t\tFabrizio Costella, Giordana Faggiano<br>ph Luigi De Palma\n\t\t\t\t<\/dd><\/dl><dl class='gallery-item'>\n\t\t\t<dt class='gallery-icon portrait'>\n\t\t\t\t<a data-rel=\"iLightbox[postimages]\" data-title=\"14_Sogno di una notte di mezza estate_ph Luigi De Palma_0137\" data-caption=\"in primo piano: Denis Fasolo, Luigi Bignoneph Luigi De Palma\" href='https:\/\/www.teatrostabiletorino.it\/wp-content\/uploads\/2022\/06\/14_Sogno-di-una-notte-di-mezza-estate_ph-Luigi-De-Palma_0137.jpg'><img decoding=\"async\" width=\"150\" height=\"150\" src=\"https:\/\/www.teatrostabiletorino.it\/wp-content\/uploads\/2022\/06\/14_Sogno-di-una-notte-di-mezza-estate_ph-Luigi-De-Palma_0137-150x150.jpg\" class=\"attachment-thumbnail size-thumbnail lazyload\" alt=\"\" aria-describedby=\"gallery-1-53004\" srcset=\"data:image\/svg+xml,%3Csvg%20xmlns%3D%27http%3A%2F%2Fwww.w3.org%2F2000%2Fsvg%27%20width%3D%271260%27%20height%3D%271890%27%20viewBox%3D%270%200%201260%201890%27%3E%3Crect%20width%3D%271260%27%20height%3D%271890%27%20fill-opacity%3D%220%22%2F%3E%3C%2Fsvg%3E\" data-orig-src=\"https:\/\/www.teatrostabiletorino.it\/wp-content\/uploads\/2022\/06\/14_Sogno-di-una-notte-di-mezza-estate_ph-Luigi-De-Palma_0137-150x150.jpg\" data-srcset=\"https:\/\/www.teatrostabiletorino.it\/wp-content\/uploads\/2022\/06\/14_Sogno-di-una-notte-di-mezza-estate_ph-Luigi-De-Palma_0137-66x66.jpg 66w, https:\/\/www.teatrostabiletorino.it\/wp-content\/uploads\/2022\/06\/14_Sogno-di-una-notte-di-mezza-estate_ph-Luigi-De-Palma_0137-150x150.jpg 150w\" data-sizes=\"auto\" \/><\/a>\n\t\t\t<\/dt>\n\t\t\t\t<dd class='wp-caption-text gallery-caption' id='gallery-1-53004'>\n\t\t\t\tin primo piano: Denis Fasolo, Luigi Bignone<br>ph Luigi De Palma\n\t\t\t\t<\/dd><\/dl><dl class='gallery-item'>\n\t\t\t<dt class='gallery-icon landscape'>\n\t\t\t\t<a data-rel=\"iLightbox[postimages]\" data-title=\"15_Sogno di una notte di mezza estate_ph Luigi De Palma_0109\" data-caption=\"Fabrizio Costella, Giordana Faggianoph Luigi De Palma\" href='https:\/\/www.teatrostabiletorino.it\/wp-content\/uploads\/2022\/06\/15_Sogno-di-una-notte-di-mezza-estate_ph-Luigi-De-Palma_0109.jpg'><img decoding=\"async\" width=\"150\" height=\"150\" src=\"https:\/\/www.teatrostabiletorino.it\/wp-content\/uploads\/2022\/06\/15_Sogno-di-una-notte-di-mezza-estate_ph-Luigi-De-Palma_0109-150x150.jpg\" class=\"attachment-thumbnail size-thumbnail lazyload\" alt=\"\" aria-describedby=\"gallery-1-53005\" srcset=\"data:image\/svg+xml,%3Csvg%20xmlns%3D%27http%3A%2F%2Fwww.w3.org%2F2000%2Fsvg%27%20width%3D%272048%27%20height%3D%271366%27%20viewBox%3D%270%200%202048%201366%27%3E%3Crect%20width%3D%272048%27%20height%3D%271366%27%20fill-opacity%3D%220%22%2F%3E%3C%2Fsvg%3E\" data-orig-src=\"https:\/\/www.teatrostabiletorino.it\/wp-content\/uploads\/2022\/06\/15_Sogno-di-una-notte-di-mezza-estate_ph-Luigi-De-Palma_0109-150x150.jpg\" data-srcset=\"https:\/\/www.teatrostabiletorino.it\/wp-content\/uploads\/2022\/06\/15_Sogno-di-una-notte-di-mezza-estate_ph-Luigi-De-Palma_0109-66x66.jpg 66w, https:\/\/www.teatrostabiletorino.it\/wp-content\/uploads\/2022\/06\/15_Sogno-di-una-notte-di-mezza-estate_ph-Luigi-De-Palma_0109-150x150.jpg 150w\" data-sizes=\"auto\" \/><\/a>\n\t\t\t<\/dt>\n\t\t\t\t<dd class='wp-caption-text gallery-caption' id='gallery-1-53005'>\n\t\t\t\tFabrizio Costella, Giordana Faggiano<br>ph Luigi De Palma\n\t\t\t\t<\/dd><\/dl><br style=\"clear: both\" \/><dl class='gallery-item'>\n\t\t\t<dt class='gallery-icon landscape'>\n\t\t\t\t<a data-rel=\"iLightbox[postimages]\" data-title=\"16_Sogno di una notte di mezza estate_ph Luigi DePalma__0033\" data-caption=\"da sinistra: Nicola Pannelli, Davide Antenucci, Michele Schiano di Cola, Bruno Ricci, Paolo Giangrasso, Denis Fasoloph Luigi De Palma\" href='https:\/\/www.teatrostabiletorino.it\/wp-content\/uploads\/2022\/06\/16_Sogno-di-una-notte-di-mezza-estate_ph-Luigi-DePalma__0033.jpg'><img decoding=\"async\" width=\"150\" height=\"150\" src=\"https:\/\/www.teatrostabiletorino.it\/wp-content\/uploads\/2022\/06\/16_Sogno-di-una-notte-di-mezza-estate_ph-Luigi-DePalma__0033-150x150.jpg\" class=\"attachment-thumbnail size-thumbnail lazyload\" alt=\"\" aria-describedby=\"gallery-1-53006\" srcset=\"data:image\/svg+xml,%3Csvg%20xmlns%3D%27http%3A%2F%2Fwww.w3.org%2F2000%2Fsvg%27%20width%3D%272048%27%20height%3D%271365%27%20viewBox%3D%270%200%202048%201365%27%3E%3Crect%20width%3D%272048%27%20height%3D%271365%27%20fill-opacity%3D%220%22%2F%3E%3C%2Fsvg%3E\" data-orig-src=\"https:\/\/www.teatrostabiletorino.it\/wp-content\/uploads\/2022\/06\/16_Sogno-di-una-notte-di-mezza-estate_ph-Luigi-DePalma__0033-150x150.jpg\" data-srcset=\"https:\/\/www.teatrostabiletorino.it\/wp-content\/uploads\/2022\/06\/16_Sogno-di-una-notte-di-mezza-estate_ph-Luigi-DePalma__0033-66x66.jpg 66w, https:\/\/www.teatrostabiletorino.it\/wp-content\/uploads\/2022\/06\/16_Sogno-di-una-notte-di-mezza-estate_ph-Luigi-DePalma__0033-150x150.jpg 150w\" data-sizes=\"auto\" \/><\/a>\n\t\t\t<\/dt>\n\t\t\t\t<dd class='wp-caption-text gallery-caption' id='gallery-1-53006'>\n\t\t\t\tda sinistra: Nicola Pannelli, Davide Antenucci, Michele Schiano di Cola, Bruno Ricci, Paolo Giangrasso, Denis Fasolo<br>ph Luigi De Palma\n\t\t\t\t<\/dd><\/dl><dl class='gallery-item'>\n\t\t\t<dt class='gallery-icon landscape'>\n\t\t\t\t<a data-rel=\"iLightbox[postimages]\" data-title=\"17_Sogno di una notte di mezza estate_ph Luigi De Palma_0018\" data-caption=\"da sinistra: Nicola Pannelli, Michele Schiano di Cola, Denis Fasoloph Luigi De Palma\" href='https:\/\/www.teatrostabiletorino.it\/wp-content\/uploads\/2022\/06\/17_Sogno-di-una-notte-di-mezza-estate_ph-Luigi-De-Palma_0018.jpg'><img decoding=\"async\" width=\"150\" height=\"150\" src=\"https:\/\/www.teatrostabiletorino.it\/wp-content\/uploads\/2022\/06\/17_Sogno-di-una-notte-di-mezza-estate_ph-Luigi-De-Palma_0018-150x150.jpg\" class=\"attachment-thumbnail size-thumbnail lazyload\" alt=\"\" aria-describedby=\"gallery-1-53007\" srcset=\"data:image\/svg+xml,%3Csvg%20xmlns%3D%27http%3A%2F%2Fwww.w3.org%2F2000%2Fsvg%27%20width%3D%272048%27%20height%3D%271365%27%20viewBox%3D%270%200%202048%201365%27%3E%3Crect%20width%3D%272048%27%20height%3D%271365%27%20fill-opacity%3D%220%22%2F%3E%3C%2Fsvg%3E\" data-orig-src=\"https:\/\/www.teatrostabiletorino.it\/wp-content\/uploads\/2022\/06\/17_Sogno-di-una-notte-di-mezza-estate_ph-Luigi-De-Palma_0018-150x150.jpg\" data-srcset=\"https:\/\/www.teatrostabiletorino.it\/wp-content\/uploads\/2022\/06\/17_Sogno-di-una-notte-di-mezza-estate_ph-Luigi-De-Palma_0018-66x66.jpg 66w, https:\/\/www.teatrostabiletorino.it\/wp-content\/uploads\/2022\/06\/17_Sogno-di-una-notte-di-mezza-estate_ph-Luigi-De-Palma_0018-150x150.jpg 150w\" data-sizes=\"auto\" \/><\/a>\n\t\t\t<\/dt>\n\t\t\t\t<dd class='wp-caption-text gallery-caption' id='gallery-1-53007'>\n\t\t\t\tda sinistra: Nicola Pannelli, Michele Schiano di Cola, Denis Fasolo<br>ph Luigi De Palma\n\t\t\t\t<\/dd><\/dl><dl class='gallery-item'>\n\t\t\t<dt class='gallery-icon landscape'>\n\t\t\t\t<a data-rel=\"iLightbox[postimages]\" data-title=\"18_Sogno di una notte di mezza estate_ph Luigi De Palma_0125\" data-caption=\"da sinistra: Denis Fasolo, Bruno Ricci, Davide Antenucci, Nicola Pannelli, Michele Schiano di Cola, Paolo Giangrasso, Cristina Parkuph Luigi De Palma\" href='https:\/\/www.teatrostabiletorino.it\/wp-content\/uploads\/2022\/06\/18_Sogno-di-una-notte-di-mezza-estate_ph-Luigi-De-Palma_0125.jpg'><img decoding=\"async\" width=\"150\" height=\"150\" src=\"https:\/\/www.teatrostabiletorino.it\/wp-content\/uploads\/2022\/06\/18_Sogno-di-una-notte-di-mezza-estate_ph-Luigi-De-Palma_0125-150x150.jpg\" class=\"attachment-thumbnail size-thumbnail lazyload\" alt=\"\" aria-describedby=\"gallery-1-53008\" srcset=\"data:image\/svg+xml,%3Csvg%20xmlns%3D%27http%3A%2F%2Fwww.w3.org%2F2000%2Fsvg%27%20width%3D%272048%27%20height%3D%271365%27%20viewBox%3D%270%200%202048%201365%27%3E%3Crect%20width%3D%272048%27%20height%3D%271365%27%20fill-opacity%3D%220%22%2F%3E%3C%2Fsvg%3E\" data-orig-src=\"https:\/\/www.teatrostabiletorino.it\/wp-content\/uploads\/2022\/06\/18_Sogno-di-una-notte-di-mezza-estate_ph-Luigi-De-Palma_0125-150x150.jpg\" data-srcset=\"https:\/\/www.teatrostabiletorino.it\/wp-content\/uploads\/2022\/06\/18_Sogno-di-una-notte-di-mezza-estate_ph-Luigi-De-Palma_0125-66x66.jpg 66w, https:\/\/www.teatrostabiletorino.it\/wp-content\/uploads\/2022\/06\/18_Sogno-di-una-notte-di-mezza-estate_ph-Luigi-De-Palma_0125-150x150.jpg 150w\" data-sizes=\"auto\" \/><\/a>\n\t\t\t<\/dt>\n\t\t\t\t<dd class='wp-caption-text gallery-caption' id='gallery-1-53008'>\n\t\t\t\tda sinistra: Denis Fasolo, Bruno Ricci, Davide Antenucci, Nicola Pannelli, Michele Schiano di Cola, Paolo Giangrasso, Cristina Parku<br>ph Luigi De Palma\n\t\t\t\t<\/dd><\/dl><dl class='gallery-item'>\n\t\t\t<dt class='gallery-icon landscape'>\n\t\t\t\t<a data-rel=\"iLightbox[postimages]\" data-title=\"19_Sogno di una notte di mezza estate_ph Luigi De Palma_0200\" data-caption=\"da sinistra: Michele Schiano di Cola, Paolo Giangrasso, Davide Antenucci, Denis Fasolo, Bruno Ricci, Nicola Pannelliph Luigi De Palma\" href='https:\/\/www.teatrostabiletorino.it\/wp-content\/uploads\/2022\/06\/19_Sogno-di-una-notte-di-mezza-estate_ph-Luigi-De-Palma_0200.jpg'><img decoding=\"async\" width=\"150\" height=\"150\" src=\"https:\/\/www.teatrostabiletorino.it\/wp-content\/uploads\/2022\/06\/19_Sogno-di-una-notte-di-mezza-estate_ph-Luigi-De-Palma_0200-150x150.jpg\" class=\"attachment-thumbnail size-thumbnail lazyload\" alt=\"\" aria-describedby=\"gallery-1-53009\" srcset=\"data:image\/svg+xml,%3Csvg%20xmlns%3D%27http%3A%2F%2Fwww.w3.org%2F2000%2Fsvg%27%20width%3D%272048%27%20height%3D%271365%27%20viewBox%3D%270%200%202048%201365%27%3E%3Crect%20width%3D%272048%27%20height%3D%271365%27%20fill-opacity%3D%220%22%2F%3E%3C%2Fsvg%3E\" data-orig-src=\"https:\/\/www.teatrostabiletorino.it\/wp-content\/uploads\/2022\/06\/19_Sogno-di-una-notte-di-mezza-estate_ph-Luigi-De-Palma_0200-150x150.jpg\" data-srcset=\"https:\/\/www.teatrostabiletorino.it\/wp-content\/uploads\/2022\/06\/19_Sogno-di-una-notte-di-mezza-estate_ph-Luigi-De-Palma_0200-66x66.jpg 66w, https:\/\/www.teatrostabiletorino.it\/wp-content\/uploads\/2022\/06\/19_Sogno-di-una-notte-di-mezza-estate_ph-Luigi-De-Palma_0200-150x150.jpg 150w\" data-sizes=\"auto\" \/><\/a>\n\t\t\t<\/dt>\n\t\t\t\t<dd class='wp-caption-text gallery-caption' id='gallery-1-53009'>\n\t\t\t\tda sinistra: Michele Schiano di Cola, Paolo Giangrasso, Davide Antenucci, Denis Fasolo, Bruno Ricci, Nicola Pannelli<br>ph Luigi De Palma\n\t\t\t\t<\/dd><\/dl><dl class='gallery-item'>\n\t\t\t<dt class='gallery-icon landscape'>\n\t\t\t\t<a data-rel=\"iLightbox[postimages]\" data-title=\"20_Sogno di una notte di mezza estate_ph Luigi De Palma_0206\" data-caption=\"da sinistra: Denis Fasolo, Paolo Giangrasso, Davide Antenucciph Luigi De Palma\" href='https:\/\/www.teatrostabiletorino.it\/wp-content\/uploads\/2022\/06\/20_Sogno-di-una-notte-di-mezza-estate_ph-Luigi-De-Palma_0206.jpg'><img decoding=\"async\" width=\"150\" height=\"150\" src=\"https:\/\/www.teatrostabiletorino.it\/wp-content\/uploads\/2022\/06\/20_Sogno-di-una-notte-di-mezza-estate_ph-Luigi-De-Palma_0206-150x150.jpg\" class=\"attachment-thumbnail size-thumbnail lazyload\" alt=\"\" aria-describedby=\"gallery-1-53010\" srcset=\"data:image\/svg+xml,%3Csvg%20xmlns%3D%27http%3A%2F%2Fwww.w3.org%2F2000%2Fsvg%27%20width%3D%272048%27%20height%3D%271366%27%20viewBox%3D%270%200%202048%201366%27%3E%3Crect%20width%3D%272048%27%20height%3D%271366%27%20fill-opacity%3D%220%22%2F%3E%3C%2Fsvg%3E\" data-orig-src=\"https:\/\/www.teatrostabiletorino.it\/wp-content\/uploads\/2022\/06\/20_Sogno-di-una-notte-di-mezza-estate_ph-Luigi-De-Palma_0206-150x150.jpg\" data-srcset=\"https:\/\/www.teatrostabiletorino.it\/wp-content\/uploads\/2022\/06\/20_Sogno-di-una-notte-di-mezza-estate_ph-Luigi-De-Palma_0206-66x66.jpg 66w, https:\/\/www.teatrostabiletorino.it\/wp-content\/uploads\/2022\/06\/20_Sogno-di-una-notte-di-mezza-estate_ph-Luigi-De-Palma_0206-150x150.jpg 150w\" data-sizes=\"auto\" \/><\/a>\n\t\t\t<\/dt>\n\t\t\t\t<dd class='wp-caption-text gallery-caption' id='gallery-1-53010'>\n\t\t\t\tda sinistra: Denis Fasolo, Paolo Giangrasso, Davide Antenucci<br>ph Luigi De Palma\n\t\t\t\t<\/dd><\/dl><br style=\"clear: both\" \/><dl class='gallery-item'>\n\t\t\t<dt class='gallery-icon landscape'>\n\t\t\t\t<a data-rel=\"iLightbox[postimages]\" data-title=\"21_Sogno di una notte di mezza estate_ph Luigi De Palma_0208\" data-caption=\"davanti, da sinistra: Denis Fasolo, Davide Antenucci; dietro: Paolo Giangrassoph Luigi De Palma\" href='https:\/\/www.teatrostabiletorino.it\/wp-content\/uploads\/2022\/06\/21_Sogno-di-una-notte-di-mezza-estate_ph-Luigi-De-Palma_0208.jpg'><img decoding=\"async\" width=\"150\" height=\"150\" src=\"https:\/\/www.teatrostabiletorino.it\/wp-content\/uploads\/2022\/06\/21_Sogno-di-una-notte-di-mezza-estate_ph-Luigi-De-Palma_0208-150x150.jpg\" class=\"attachment-thumbnail size-thumbnail lazyload\" alt=\"\" aria-describedby=\"gallery-1-53011\" srcset=\"data:image\/svg+xml,%3Csvg%20xmlns%3D%27http%3A%2F%2Fwww.w3.org%2F2000%2Fsvg%27%20width%3D%272048%27%20height%3D%271366%27%20viewBox%3D%270%200%202048%201366%27%3E%3Crect%20width%3D%272048%27%20height%3D%271366%27%20fill-opacity%3D%220%22%2F%3E%3C%2Fsvg%3E\" data-orig-src=\"https:\/\/www.teatrostabiletorino.it\/wp-content\/uploads\/2022\/06\/21_Sogno-di-una-notte-di-mezza-estate_ph-Luigi-De-Palma_0208-150x150.jpg\" data-srcset=\"https:\/\/www.teatrostabiletorino.it\/wp-content\/uploads\/2022\/06\/21_Sogno-di-una-notte-di-mezza-estate_ph-Luigi-De-Palma_0208-66x66.jpg 66w, https:\/\/www.teatrostabiletorino.it\/wp-content\/uploads\/2022\/06\/21_Sogno-di-una-notte-di-mezza-estate_ph-Luigi-De-Palma_0208-150x150.jpg 150w\" data-sizes=\"auto\" \/><\/a>\n\t\t\t<\/dt>\n\t\t\t\t<dd class='wp-caption-text gallery-caption' id='gallery-1-53011'>\n\t\t\t\tdavanti, da sinistra: Denis Fasolo, Davide Antenucci; dietro: Paolo Giangrasso<br>ph Luigi De Palma\n\t\t\t\t<\/dd><\/dl><dl class='gallery-item'>\n\t\t\t<dt class='gallery-icon landscape'>\n\t\t\t\t<a data-rel=\"iLightbox[postimages]\" data-title=\"22_Sogno di una notte di mezza estate_ph Luigi De Palma_0212\" data-caption=\"da sinistra: Michele Schiano di Cola, Bruno Ricciph Luigi De Palma\" href='https:\/\/www.teatrostabiletorino.it\/wp-content\/uploads\/2022\/06\/22_Sogno-di-una-notte-di-mezza-estate_ph-Luigi-De-Palma_0212.jpg'><img decoding=\"async\" width=\"150\" height=\"150\" src=\"https:\/\/www.teatrostabiletorino.it\/wp-content\/uploads\/2022\/06\/22_Sogno-di-una-notte-di-mezza-estate_ph-Luigi-De-Palma_0212-150x150.jpg\" class=\"attachment-thumbnail size-thumbnail lazyload\" alt=\"\" aria-describedby=\"gallery-1-53012\" srcset=\"data:image\/svg+xml,%3Csvg%20xmlns%3D%27http%3A%2F%2Fwww.w3.org%2F2000%2Fsvg%27%20width%3D%272048%27%20height%3D%271366%27%20viewBox%3D%270%200%202048%201366%27%3E%3Crect%20width%3D%272048%27%20height%3D%271366%27%20fill-opacity%3D%220%22%2F%3E%3C%2Fsvg%3E\" data-orig-src=\"https:\/\/www.teatrostabiletorino.it\/wp-content\/uploads\/2022\/06\/22_Sogno-di-una-notte-di-mezza-estate_ph-Luigi-De-Palma_0212-150x150.jpg\" data-srcset=\"https:\/\/www.teatrostabiletorino.it\/wp-content\/uploads\/2022\/06\/22_Sogno-di-una-notte-di-mezza-estate_ph-Luigi-De-Palma_0212-66x66.jpg 66w, https:\/\/www.teatrostabiletorino.it\/wp-content\/uploads\/2022\/06\/22_Sogno-di-una-notte-di-mezza-estate_ph-Luigi-De-Palma_0212-150x150.jpg 150w\" data-sizes=\"auto\" \/><\/a>\n\t\t\t<\/dt>\n\t\t\t\t<dd class='wp-caption-text gallery-caption' id='gallery-1-53012'>\n\t\t\t\tda sinistra: Michele Schiano di Cola, Bruno Ricci<br>ph Luigi De Palma\n\t\t\t\t<\/dd><\/dl><dl class='gallery-item'>\n\t\t\t<dt class='gallery-icon landscape'>\n\t\t\t\t<a data-rel=\"iLightbox[postimages]\" data-title=\"23_Sogno di una notte di mezza estate_ph Luigi De Palma_0220\" data-caption=\"La Compagniaph Luigi De Palma\" href='https:\/\/www.teatrostabiletorino.it\/wp-content\/uploads\/2022\/06\/23_Sogno-di-una-notte-di-mezza-estate_ph-Luigi-De-Palma_0220.jpg'><img decoding=\"async\" width=\"150\" height=\"150\" src=\"https:\/\/www.teatrostabiletorino.it\/wp-content\/uploads\/2022\/06\/23_Sogno-di-una-notte-di-mezza-estate_ph-Luigi-De-Palma_0220-150x150.jpg\" class=\"attachment-thumbnail size-thumbnail lazyload\" alt=\"\" aria-describedby=\"gallery-1-53013\" srcset=\"data:image\/svg+xml,%3Csvg%20xmlns%3D%27http%3A%2F%2Fwww.w3.org%2F2000%2Fsvg%27%20width%3D%272048%27%20height%3D%271365%27%20viewBox%3D%270%200%202048%201365%27%3E%3Crect%20width%3D%272048%27%20height%3D%271365%27%20fill-opacity%3D%220%22%2F%3E%3C%2Fsvg%3E\" data-orig-src=\"https:\/\/www.teatrostabiletorino.it\/wp-content\/uploads\/2022\/06\/23_Sogno-di-una-notte-di-mezza-estate_ph-Luigi-De-Palma_0220-150x150.jpg\" data-srcset=\"https:\/\/www.teatrostabiletorino.it\/wp-content\/uploads\/2022\/06\/23_Sogno-di-una-notte-di-mezza-estate_ph-Luigi-De-Palma_0220-66x66.jpg 66w, https:\/\/www.teatrostabiletorino.it\/wp-content\/uploads\/2022\/06\/23_Sogno-di-una-notte-di-mezza-estate_ph-Luigi-De-Palma_0220-150x150.jpg 150w\" data-sizes=\"auto\" \/><\/a>\n\t\t\t<\/dt>\n\t\t\t\t<dd class='wp-caption-text gallery-caption' id='gallery-1-53013'>\n\t\t\t\tLa Compagnia<br>ph Luigi De Palma\n\t\t\t\t<\/dd><\/dl>\n\t\t\t<br style='clear: both' \/>\n\t\t<\/div>\n<\/p>","protected":false},"excerpt":{"rendered":"<p>Sorry, this entry is only available in Italiano.Torna il consueto appuntamento estivo con Prato inglese, <a href=\"https:\/\/www.teatrostabiletorino.it\/en\/torna-in-scena-al-carignano-nellambito-di-prato-inglese-sogno-di-una-notte-di-mezza-estate-di-william-shakespeare-per-la-regia-di-valerio-binascoteatro-c\/\"> [+]<\/a><\/p>\n","protected":false},"author":2,"featured_media":52526,"comment_status":"open","ping_status":"open","sticky":false,"template":"","format":"standard","meta":{"_acf_changed":false,"footnotes":""},"categories":[149],"tags":[],"acf":[],"_links":{"self":[{"href":"https:\/\/www.teatrostabiletorino.it\/en\/wp-json\/wp\/v2\/posts\/52925"}],"collection":[{"href":"https:\/\/www.teatrostabiletorino.it\/en\/wp-json\/wp\/v2\/posts"}],"about":[{"href":"https:\/\/www.teatrostabiletorino.it\/en\/wp-json\/wp\/v2\/types\/post"}],"author":[{"embeddable":true,"href":"https:\/\/www.teatrostabiletorino.it\/en\/wp-json\/wp\/v2\/users\/2"}],"replies":[{"embeddable":true,"href":"https:\/\/www.teatrostabiletorino.it\/en\/wp-json\/wp\/v2\/comments?post=52925"}],"version-history":[{"count":0,"href":"https:\/\/www.teatrostabiletorino.it\/en\/wp-json\/wp\/v2\/posts\/52925\/revisions"}],"wp:featuredmedia":[{"embeddable":true,"href":"https:\/\/www.teatrostabiletorino.it\/en\/wp-json\/wp\/v2\/media\/52526"}],"wp:attachment":[{"href":"https:\/\/www.teatrostabiletorino.it\/en\/wp-json\/wp\/v2\/media?parent=52925"}],"wp:term":[{"taxonomy":"category","embeddable":true,"href":"https:\/\/www.teatrostabiletorino.it\/en\/wp-json\/wp\/v2\/categories?post=52925"},{"taxonomy":"post_tag","embeddable":true,"href":"https:\/\/www.teatrostabiletorino.it\/en\/wp-json\/wp\/v2\/tags?post=52925"}],"curies":[{"name":"wp","href":"https:\/\/api.w.org\/{rel}","templated":true}]}}