{"id":54636,"date":"2022-12-06T15:52:47","date_gmt":"2022-12-06T14:52:47","guid":{"rendered":"https:\/\/www.teatrostabiletorino.it\/?p=54636"},"modified":"2023-01-04T15:31:01","modified_gmt":"2023-01-04T14:31:01","slug":"debutta-al-teatro-gobetti-lo-spettacolo-the-children-di-lucy-kirkwood-con-elisabetta-pozzi-giovanni-crippa-francesca-ciocchetti-per-la-regia-di-andrea-chioditeatro-gobetti-13","status":"publish","type":"post","link":"https:\/\/www.teatrostabiletorino.it\/en\/debutta-al-teatro-gobetti-lo-spettacolo-the-children-di-lucy-kirkwood-con-elisabetta-pozzi-giovanni-crippa-francesca-ciocchetti-per-la-regia-di-andrea-chioditeatro-gobetti-13\/","title":{"rendered":"DEBUTTA AL TEATRO GOBETTI LO SPETTACOLO \u201cTHE CHILDREN\u201d DI LUCY KIRKWOOD,  CON ELISABETTA POZZI, GIOVANNI CRIPPA, FRANCESCA CIOCCHETTI, PER LA REGIA DI ANDREA CHIODI<br>Teatro Gobetti, 13 \u2013 18 dicembre 2022"},"content":{"rendered":"<p class=\"qtranxs-available-languages-message qtranxs-available-languages-message-en\">Sorry, this entry is only available in <a href=\"https:\/\/www.teatrostabiletorino.it\/it\/wp-json\/wp\/v2\/posts\/54636\" class=\"qtranxs-available-language-link qtranxs-available-language-link-it\" title=\"Italiano\">Italiano<\/a>.<\/p><p>Marted\u00ec 13 dicembre 2022, alle ore 19.30, debutta al Teatro Gobetti di Torino <strong><em>The Children<\/em><\/strong> di <strong>Lucy Kirkwood<\/strong>, per la traduzione di<strong> Monica Capuani <\/strong>e la regia di <strong>Andrea Chiodi<\/strong>. Lo spettacolo \u00e8 interpretato da <strong>Elisabetta Pozzi<\/strong>,<strong> Giovanni Crippa<\/strong>, <strong>Francesca Ciocchetti<\/strong>. Le scene sono di<strong> Alessandro Chiti<\/strong>, i costumi di<strong> Ilaria Ariemme<\/strong>, le luci di <strong>Cesare Agoni <\/strong>e le musiche di<strong> Daniele D\u2019Angelo<\/strong>. <em>The Children<\/em>, prodotto dal Centro Teatrale Bresciano e La Contrada \u2013 Teatro Stabile di Trieste, sar\u00e0 in scena nella stagione in abbonamento del Teatro Stabile di Torino fino a domenica 18 dicembre 2022. La vita di un\u2019anziana coppia di scienziati viene sconvolta da un incidente nucleare vicino al loro cottage. Ora l\u2019elettricit\u00e0 \u00e8 spesso assente, l\u2019acqua non \u00e8 potabile, il rischio di contaminazione costante e, a tutto questo, si aggiunge l\u2019arrivo inaspettato di una loro vecchia amica e collega. L\u2019equilibrio domestico finisce cos\u00ec in frantumi e impone a tutti i personaggi scelte radicali.<strong>\u00a0<\/strong><\/p>\n<p>Andrea Chiodi porta in scena il pluripremiato testo dell\u2019autrice britannica Lucy Kirkwood che ha debuttato nel 2016 al Royal Court Theatre di Londra ed \u00e8 poi stato rappresentato al Theater di Broadway. Definito dalla critica come un testo che \u201cafferra compulsivamente\u201d (The Guardian), scritto dalla \u201cdrammaturga pi\u00f9 gratificante della sua generazione\u201d (The Independent), <em>The Children<\/em> affronta tematiche urgenti come l\u2019ambiente, l\u2019equilibrio tra responsabilit\u00e0 individuale e collettiva, il cortocircuito relazionale tra le generazioni, il senso di ipoteca dell\u2019uomo contemporaneo sul proprio futuro e quello del pianeta.<\/p>\n<p>&nbsp;<\/p>\n<p><strong>Note di regia<\/strong><\/p>\n<p>\u00abLa complessit\u00e0 e l\u2019astuzia della scrittura di Lucy Kirkwood \u2013 dichiara Andrea Chiodi \u2013 consentono un lavoro sul testo a diversi livelli di profondit\u00e0, affrontando le problematiche e i conflitti pi\u00f9 intimi e privati dei personaggi insieme a temi universali, morali e collettivi, in un intreccio intonato e ricco di equilibrio. Il risultato \u00e8 una messa in scena in cui tutto \u201caccade\u201d, trascinando i tre scienziati in un intreccio inevitabile che sempre conserva contemporaneamente peso e leggerezza insieme, come una marea che continuamente cresce e decresce su se stessa. I personaggi agiscono in un luogo che \u00e8 esso stesso protagonista e spettatore silenzioso, carico di storie, ricordi legati alla vita dei tre colleghi, anch\u2019esso piegato e compromesso dal disastro che ha colpito il paese, una casa che \u00e8 al tempo stesso rifugio segreto e campo di battaglia e che appartiene in modo diverso a ciascuno dei tre personaggi. Una casa che ho voluto che fosse storta, non solo perch\u00e9 il terreno dove si svolge l\u2019azione frana, ma perch\u00e9 spesso le cose della vita si inclinano, si \u201cstortano\u201d, prendono strade che non possiamo sapere. I personaggi sono legati tra loro da fili lunghi e invisibili, da sensi di colpa sommersi e traumi complessi che emergono pian piano e li uniscono nel pensare e nell\u2019agire insieme, per definire e ridefinire il concetto di senso di responsabilit\u00e0 nei confronti delle generazioni future. Hazel, Robin e Rose, i tre protagonisti, sono al tempo stesso adulti e bambini, genitori e figli, ognuno con la propria risolutezza e fragilit\u00e0. Ho desiderato che l\u2019incedere della vicenda fosse raccontato e detto come un flusso di pensieri che accadono nell\u2019esatto momento in cui vengono detti, con stati d\u2019animo che cambiano repentinamente passando dal riso al pianto nell\u2019arco della stessa battuta, come forse avviene anche nella vita. Ecco s\u00ec, come accade nella vita, perch\u00e9 il teatro, questa drammaturgia in particolare, non fa altro che spalancarci alle infinite possibilit\u00e0 di conoscenza del cuore e del pensiero dell\u2019uomo\u00bb.<\/p>\n<p>&nbsp;<\/p>\n<p><a href=\"http:\/\/www.teatrostabiletorino.it\/wp-content\/uploads\/2022\/12\/01_CS_The-Children.pdf\" target=\"_blank\" rel=\"noopener noreferrer\">CS_The Children<\/a><\/p>\n<p>\n\t\t<style type=\"text\/css\">\n\t\t\t#gallery-1 {\n\t\t\t\tmargin: auto;\n\t\t\t}\n\t\t\t#gallery-1 .gallery-item {\n\t\t\t\tfloat: left;\n\t\t\t\tmargin-top: 10px;\n\t\t\t\ttext-align: center;\n\t\t\t\twidth: 20%;\n\t\t\t}\n\t\t\t#gallery-1 img {\n\t\t\t\tborder: 2px solid #cfcfcf;\n\t\t\t}\n\t\t\t#gallery-1 .gallery-caption {\n\t\t\t\tmargin-left: 0;\n\t\t\t}\n\t\t\t\/* see gallery_shortcode() in wp-includes\/media.php *\/\n\t\t<\/style>\n\t\t<div id='gallery-1' class='gallery galleryid-54636 gallery-columns-5 gallery-size-thumbnail'><dl class='gallery-item'>\n\t\t\t<dt class='gallery-icon landscape'>\n\t\t\t\t<a data-rel=\"iLightbox[postimages]\" data-title=\"02_1668_THE_CHILDREN_photo\u00a9MasiarPasquali\" data-caption=\"The ChildrenFoto Masiar Pasquali\" href='https:\/\/www.teatrostabiletorino.it\/wp-content\/uploads\/2022\/12\/02_1668_THE_CHILDREN_photo\u00a9MasiarPasquali.jpg'><img decoding=\"async\" width=\"150\" height=\"150\" src=\"https:\/\/www.teatrostabiletorino.it\/wp-content\/uploads\/2022\/12\/02_1668_THE_CHILDREN_photo\u00a9MasiarPasquali-150x150.jpg\" class=\"attachment-thumbnail size-thumbnail lazyload\" alt=\"\" aria-describedby=\"gallery-1-54638\" srcset=\"data:image\/svg+xml,%3Csvg%20xmlns%3D%27http%3A%2F%2Fwww.w3.org%2F2000%2Fsvg%27%20width%3D%272126%27%20height%3D%271417%27%20viewBox%3D%270%200%202126%201417%27%3E%3Crect%20width%3D%272126%27%20height%3D%271417%27%20fill-opacity%3D%220%22%2F%3E%3C%2Fsvg%3E\" data-orig-src=\"https:\/\/www.teatrostabiletorino.it\/wp-content\/uploads\/2022\/12\/02_1668_THE_CHILDREN_photo\u00a9MasiarPasquali-150x150.jpg\" data-srcset=\"https:\/\/www.teatrostabiletorino.it\/wp-content\/uploads\/2022\/12\/02_1668_THE_CHILDREN_photo\u00a9MasiarPasquali-66x66.jpg 66w, https:\/\/www.teatrostabiletorino.it\/wp-content\/uploads\/2022\/12\/02_1668_THE_CHILDREN_photo\u00a9MasiarPasquali-150x150.jpg 150w\" data-sizes=\"auto\" \/><\/a>\n\t\t\t<\/dt>\n\t\t\t\t<dd class='wp-caption-text gallery-caption' id='gallery-1-54638'>\n\t\t\t\tThe Children<br>Foto Masiar Pasquali\n\t\t\t\t<\/dd><\/dl><dl class='gallery-item'>\n\t\t\t<dt class='gallery-icon landscape'>\n\t\t\t\t<a data-rel=\"iLightbox[postimages]\" data-title=\"03_0572_THE_CHILDREN_photo\u00a9MasiarPasquali\" data-caption=\"The ChildrenFoto Masiar Pasquali\" href='https:\/\/www.teatrostabiletorino.it\/wp-content\/uploads\/2022\/12\/03_0572_THE_CHILDREN_photo\u00a9MasiarPasquali.jpg'><img decoding=\"async\" width=\"150\" height=\"150\" src=\"https:\/\/www.teatrostabiletorino.it\/wp-content\/uploads\/2022\/12\/03_0572_THE_CHILDREN_photo\u00a9MasiarPasquali-150x150.jpg\" class=\"attachment-thumbnail size-thumbnail lazyload\" alt=\"\" aria-describedby=\"gallery-1-54639\" srcset=\"data:image\/svg+xml,%3Csvg%20xmlns%3D%27http%3A%2F%2Fwww.w3.org%2F2000%2Fsvg%27%20width%3D%272126%27%20height%3D%271417%27%20viewBox%3D%270%200%202126%201417%27%3E%3Crect%20width%3D%272126%27%20height%3D%271417%27%20fill-opacity%3D%220%22%2F%3E%3C%2Fsvg%3E\" data-orig-src=\"https:\/\/www.teatrostabiletorino.it\/wp-content\/uploads\/2022\/12\/03_0572_THE_CHILDREN_photo\u00a9MasiarPasquali-150x150.jpg\" data-srcset=\"https:\/\/www.teatrostabiletorino.it\/wp-content\/uploads\/2022\/12\/03_0572_THE_CHILDREN_photo\u00a9MasiarPasquali-66x66.jpg 66w, https:\/\/www.teatrostabiletorino.it\/wp-content\/uploads\/2022\/12\/03_0572_THE_CHILDREN_photo\u00a9MasiarPasquali-150x150.jpg 150w\" data-sizes=\"auto\" \/><\/a>\n\t\t\t<\/dt>\n\t\t\t\t<dd class='wp-caption-text gallery-caption' id='gallery-1-54639'>\n\t\t\t\tThe Children<br>Foto Masiar Pasquali\n\t\t\t\t<\/dd><\/dl><dl class='gallery-item'>\n\t\t\t<dt class='gallery-icon landscape'>\n\t\t\t\t<a data-rel=\"iLightbox[postimages]\" data-title=\"04_1222_THE_CHILDREN_photo\u00a9MasiarPasquali\" data-caption=\"The ChildrenFoto Masiar Pasquali\" href='https:\/\/www.teatrostabiletorino.it\/wp-content\/uploads\/2022\/12\/04_1222_THE_CHILDREN_photo\u00a9MasiarPasquali.jpg'><img decoding=\"async\" width=\"150\" height=\"150\" src=\"https:\/\/www.teatrostabiletorino.it\/wp-content\/uploads\/2022\/12\/04_1222_THE_CHILDREN_photo\u00a9MasiarPasquali-150x150.jpg\" class=\"attachment-thumbnail size-thumbnail lazyload\" alt=\"\" aria-describedby=\"gallery-1-54640\" srcset=\"data:image\/svg+xml,%3Csvg%20xmlns%3D%27http%3A%2F%2Fwww.w3.org%2F2000%2Fsvg%27%20width%3D%272126%27%20height%3D%271417%27%20viewBox%3D%270%200%202126%201417%27%3E%3Crect%20width%3D%272126%27%20height%3D%271417%27%20fill-opacity%3D%220%22%2F%3E%3C%2Fsvg%3E\" data-orig-src=\"https:\/\/www.teatrostabiletorino.it\/wp-content\/uploads\/2022\/12\/04_1222_THE_CHILDREN_photo\u00a9MasiarPasquali-150x150.jpg\" data-srcset=\"https:\/\/www.teatrostabiletorino.it\/wp-content\/uploads\/2022\/12\/04_1222_THE_CHILDREN_photo\u00a9MasiarPasquali-66x66.jpg 66w, https:\/\/www.teatrostabiletorino.it\/wp-content\/uploads\/2022\/12\/04_1222_THE_CHILDREN_photo\u00a9MasiarPasquali-150x150.jpg 150w\" data-sizes=\"auto\" \/><\/a>\n\t\t\t<\/dt>\n\t\t\t\t<dd class='wp-caption-text gallery-caption' id='gallery-1-54640'>\n\t\t\t\tThe Children<br>Foto Masiar Pasquali\n\t\t\t\t<\/dd><\/dl><dl class='gallery-item'>\n\t\t\t<dt class='gallery-icon landscape'>\n\t\t\t\t<a data-rel=\"iLightbox[postimages]\" data-title=\"05_0066_THE_CHILDREN_photo\u00a9MasiarPasquali\" data-caption=\"The ChildrenFoto Masiar Pasquali\" href='https:\/\/www.teatrostabiletorino.it\/wp-content\/uploads\/2022\/12\/05_0066_THE_CHILDREN_photo\u00a9MasiarPasquali.jpg'><img decoding=\"async\" width=\"150\" height=\"150\" src=\"https:\/\/www.teatrostabiletorino.it\/wp-content\/uploads\/2022\/12\/05_0066_THE_CHILDREN_photo\u00a9MasiarPasquali-150x150.jpg\" class=\"attachment-thumbnail size-thumbnail lazyload\" alt=\"\" aria-describedby=\"gallery-1-54641\" srcset=\"data:image\/svg+xml,%3Csvg%20xmlns%3D%27http%3A%2F%2Fwww.w3.org%2F2000%2Fsvg%27%20width%3D%272362%27%20height%3D%271575%27%20viewBox%3D%270%200%202362%201575%27%3E%3Crect%20width%3D%272362%27%20height%3D%271575%27%20fill-opacity%3D%220%22%2F%3E%3C%2Fsvg%3E\" data-orig-src=\"https:\/\/www.teatrostabiletorino.it\/wp-content\/uploads\/2022\/12\/05_0066_THE_CHILDREN_photo\u00a9MasiarPasquali-150x150.jpg\" data-srcset=\"https:\/\/www.teatrostabiletorino.it\/wp-content\/uploads\/2022\/12\/05_0066_THE_CHILDREN_photo\u00a9MasiarPasquali-66x66.jpg 66w, https:\/\/www.teatrostabiletorino.it\/wp-content\/uploads\/2022\/12\/05_0066_THE_CHILDREN_photo\u00a9MasiarPasquali-150x150.jpg 150w\" data-sizes=\"auto\" \/><\/a>\n\t\t\t<\/dt>\n\t\t\t\t<dd class='wp-caption-text gallery-caption' id='gallery-1-54641'>\n\t\t\t\tThe Children<br>Foto Masiar Pasquali\n\t\t\t\t<\/dd><\/dl><dl class='gallery-item'>\n\t\t\t<dt class='gallery-icon landscape'>\n\t\t\t\t<a data-rel=\"iLightbox[postimages]\" data-title=\"01_0810_THE_CHILDREN_photo\u00a9MasiarPasquali\" data-caption=\"The ChildrenFoto Masiar Pasquali\" href='https:\/\/www.teatrostabiletorino.it\/wp-content\/uploads\/2022\/12\/01_0810_THE_CHILDREN_photo\u00a9MasiarPasquali.jpg'><img decoding=\"async\" width=\"150\" height=\"150\" src=\"https:\/\/www.teatrostabiletorino.it\/wp-content\/uploads\/2022\/12\/01_0810_THE_CHILDREN_photo\u00a9MasiarPasquali-150x150.jpg\" class=\"attachment-thumbnail size-thumbnail lazyload\" alt=\"\" aria-describedby=\"gallery-1-54642\" srcset=\"data:image\/svg+xml,%3Csvg%20xmlns%3D%27http%3A%2F%2Fwww.w3.org%2F2000%2Fsvg%27%20width%3D%272126%27%20height%3D%271417%27%20viewBox%3D%270%200%202126%201417%27%3E%3Crect%20width%3D%272126%27%20height%3D%271417%27%20fill-opacity%3D%220%22%2F%3E%3C%2Fsvg%3E\" data-orig-src=\"https:\/\/www.teatrostabiletorino.it\/wp-content\/uploads\/2022\/12\/01_0810_THE_CHILDREN_photo\u00a9MasiarPasquali-150x150.jpg\" data-srcset=\"https:\/\/www.teatrostabiletorino.it\/wp-content\/uploads\/2022\/12\/01_0810_THE_CHILDREN_photo\u00a9MasiarPasquali-66x66.jpg 66w, https:\/\/www.teatrostabiletorino.it\/wp-content\/uploads\/2022\/12\/01_0810_THE_CHILDREN_photo\u00a9MasiarPasquali-150x150.jpg 150w\" data-sizes=\"auto\" \/><\/a>\n\t\t\t<\/dt>\n\t\t\t\t<dd class='wp-caption-text gallery-caption' id='gallery-1-54642'>\n\t\t\t\tThe Children<br>Foto Masiar Pasquali\n\t\t\t\t<\/dd><\/dl><br style=\"clear: both\" \/>\n\t\t<\/div>\n<\/p>","protected":false},"excerpt":{"rendered":"<p>Sorry, this entry is only available in Italiano.Marted\u00ec 13 dicembre 2022, alle ore 19.30, debutta <a href=\"https:\/\/www.teatrostabiletorino.it\/en\/debutta-al-teatro-gobetti-lo-spettacolo-the-children-di-lucy-kirkwood-con-elisabetta-pozzi-giovanni-crippa-francesca-ciocchetti-per-la-regia-di-andrea-chioditeatro-gobetti-13\/\"> [+]<\/a><\/p>\n","protected":false},"author":2,"featured_media":54642,"comment_status":"closed","ping_status":"open","sticky":false,"template":"","format":"standard","meta":{"_acf_changed":false,"footnotes":""},"categories":[108],"tags":[],"acf":[],"_links":{"self":[{"href":"https:\/\/www.teatrostabiletorino.it\/en\/wp-json\/wp\/v2\/posts\/54636"}],"collection":[{"href":"https:\/\/www.teatrostabiletorino.it\/en\/wp-json\/wp\/v2\/posts"}],"about":[{"href":"https:\/\/www.teatrostabiletorino.it\/en\/wp-json\/wp\/v2\/types\/post"}],"author":[{"embeddable":true,"href":"https:\/\/www.teatrostabiletorino.it\/en\/wp-json\/wp\/v2\/users\/2"}],"replies":[{"embeddable":true,"href":"https:\/\/www.teatrostabiletorino.it\/en\/wp-json\/wp\/v2\/comments?post=54636"}],"version-history":[{"count":0,"href":"https:\/\/www.teatrostabiletorino.it\/en\/wp-json\/wp\/v2\/posts\/54636\/revisions"}],"wp:featuredmedia":[{"embeddable":true,"href":"https:\/\/www.teatrostabiletorino.it\/en\/wp-json\/wp\/v2\/media\/54642"}],"wp:attachment":[{"href":"https:\/\/www.teatrostabiletorino.it\/en\/wp-json\/wp\/v2\/media?parent=54636"}],"wp:term":[{"taxonomy":"category","embeddable":true,"href":"https:\/\/www.teatrostabiletorino.it\/en\/wp-json\/wp\/v2\/categories?post=54636"},{"taxonomy":"post_tag","embeddable":true,"href":"https:\/\/www.teatrostabiletorino.it\/en\/wp-json\/wp\/v2\/tags?post=54636"}],"curies":[{"name":"wp","href":"https:\/\/api.w.org\/{rel}","templated":true}]}}