{"id":54828,"date":"2022-12-22T11:10:53","date_gmt":"2022-12-22T10:10:53","guid":{"rendered":"https:\/\/www.teatrostabiletorino.it\/?p=54828"},"modified":"2023-01-04T15:31:00","modified_gmt":"2023-01-04T14:31:00","slug":"debutta-in-prima-nazionale-al-teatro-gobetti-di-torino-otello-di-william-shakespeare-diretto-e-interpretato-da-jurij-ferrini-teatro-gobetti-10-gennaio-5-febbraio-2023","status":"publish","type":"post","link":"https:\/\/www.teatrostabiletorino.it\/en\/debutta-in-prima-nazionale-al-teatro-gobetti-di-torino-otello-di-william-shakespeare-diretto-e-interpretato-da-jurij-ferrini-teatro-gobetti-10-gennaio-5-febbraio-2023\/","title":{"rendered":"DEBUTTA IN PRIMA NAZIONALE AL TEATRO GOBETTI DI TORINO \u201cOTELLO\u201d DI WILLIAM SHAKESPEARE  DIRETTO E INTERPRETATO DA JURIJ FERRINI <br>Teatro Gobetti, 10 gennaio \u2013 5 febbraio 2023"},"content":{"rendered":"<p class=\"qtranxs-available-languages-message qtranxs-available-languages-message-en\">Sorry, this entry is only available in <a href=\"https:\/\/www.teatrostabiletorino.it\/it\/wp-json\/wp\/v2\/posts\/54828\" class=\"qtranxs-available-language-link qtranxs-available-language-link-it\" title=\"Italiano\">Italiano<\/a>.<\/p><p>Marted\u00ec 10 gennaio 2023, alle ore 19.30, debutta in prima nazionale al Teatro Gobetti di Torino <strong><em>Otello <\/em><\/strong>di <strong>William Shakespeare<\/strong> nella traduzione di <strong>Emilio Cecchi <\/strong>e <strong>Giovanna Cecchi <\/strong>e per la regia di <strong>Jurij<\/strong> <strong>Ferrini<\/strong>. In scena insieme a Ferrini, <strong>Rebecca<\/strong> <strong>Rossetti<\/strong> e (in ordine alfabetico) <strong>Paolo Arlenghi<\/strong>,<strong> Sonia Guarino<\/strong>,<strong> Maria Rita Lo Destro<\/strong>, <strong>Agnese Mercati<\/strong>, <strong>Federico Palumeri<\/strong>, <strong>Stefano Paradisi<\/strong>, <strong>Michele Puleio<\/strong>. Le scene sono di <strong>Jacopo Valsania<\/strong>, che ha curato anche le luci insieme a <strong>Gian Andrea Francescutti<\/strong>, i costumi sono di <strong>Agostino Porchietto<\/strong>, e il suono di<strong> Gian Andrea Francescutti<\/strong>. Jurij Ferrini dirige e interpreta la pi\u00f9 celebre tragedia sulla gelosia: l\u2019<em>Otello<\/em> di Shakespeare. L\u2019intreccio di veleni e calunnie che strangola il Moro di Venezia, la sua amata Desdemona e il perfido Iago diventa qui la cornice narrativa per una chiave di lettura in stretto dialogo con il nostro presente e incentrata sui temi scottanti della discriminazione, della cospirazione e dell\u2019intolleranza. Tarli sociali della nostra contemporaneit\u00e0, che troveranno specchio nello Iago androgino interpretato da Rebecca Rossetti, e nel suo piano di distruzione (e autodistruzione) macerato in un disarmante disprezzo per la vita. Lo spettacolo, prodotto da Progetto U.R.T. e dal Teatro Stabile di Torino \u2013 Teatro Nazionale, sar\u00e0 replicato per la Stagione in abbonamento dello Stabile fino a domenica 5 febbraio 2023.<\/p>\n<p>&nbsp;<\/p>\n<p><strong>Note di regia di Jurij Ferrini<\/strong><\/p>\n<p>\u00abQuando leggo un testo, soprattutto un grande classico, non posso fare a meno di chiedermi che cosa possa significare per il pubblico di oggi. Un matrimonio segreto fra un maturo alto ufficiale di colore e la giovane figlia di un importante senatore nelle grazie del governo di una qualche potenza occidentale, proprio la notte prima di partire per una guerra lontana\u2026 Sono le premesse che \u2013 estrapolate dal loro contesto storico originale \u2013 mi permettono di avvicinare prospetticamente questa vicenda alla nostra falsa coscienza occidentale e costituiscono uno straordinario materiale per un lucido e appassionante esame del viaggio a ritroso, e contro natura (come si risalisse la corrente di un fiume), da un infinito oceano d\u2019Amore, fino alle fonti dell\u2019Odio pi\u00f9 puro; dal mare di Luce che \u00e8 la vita di ogni essere umano, alla pi\u00f9 spaventosa delle Tenebre, quella della morte; dalla prosperosa Pace in cui avrebbe senso restare, alla furiosa Guerra che ha sempre segnato il destino di donne e uomini. E cos\u00ec, nella mia immaginazione, la storia del nero Otello diventa la storia d\u2019amore di un generale delle forze armate occidentali, di stanza con le sue truppe a presidiare una esotica e meravigliosa isola (Cipro nell\u2019originale) per difenderla da forze nemiche mediorientali (i Turchi), accompagnato al fronte dalla sua splendida moglie, una donna bellissima, giovanissima, estremamente libera ed intelligente, (Desdemona) che lo ama profondamente contro tutti i pregiudizi di una societ\u00e0 ancora fortemente razzista \u2013 come in parte lo \u00e8 ancora la nostra, del resto \u2013 e da un suo ufficiale, un uomo di cui si fida moltissimo (Iago), altrettanto intelligente, del tutto affidabile in apparenza e votato, nel suo intimo, ad un oscuro nichilismo e alla distruzione di ogni istinto vitale. Questo rapporto triangolare porter\u00e0 le forze del puro amore (di cui Desdemona in quest\u2019ottica \u00e8 funzione) e dell\u2019odio pi\u00f9 profondo (di cui \u00e8 invece funzione Iago) a scontrarsi ferocemente nel cuore del protagonista, fino a rapirgli la mente e a condurlo verso il baratro di una gelosia folle e omicida. Il dramma privato della gelosia diventa cos\u00ec \u2013 in una visione pi\u00f9 collettiva \u2013 la tragedia della violenza umana che ha sempre avuto, purtroppo, ottimi motivi per essere scelta; almeno rispetto alla via molto pi\u00f9 complessa e articolata del dialogo, dell\u2019approfondimento e della reciproca comprensione. Un dialogo necessario per quella rivoluzione umana che non possiamo smettere mai di cercare; a partire proprio dal rivoluzionare noi stessi; riconoscendoci sempre nell\u2019avversario e inchinandoci alla sua umanit\u00e0, che rispecchia esattamente la nostra\u00bb.<\/p>\n<p>&nbsp;<\/p>\n<p><strong>DISTRIBUZIONE INTERPRETI\/PERSONAGGI <\/strong>(in ordine alfabetico)<\/p>\n<p>Paolo Arlenghi, <em>Montano<\/em><br \/>\nJurij Ferrini, <em>Otello<\/em><br \/>\nSonia Guarino, <em>Bianca<\/em><br \/>\nMaria Rita Lo Destro, <em>Emilia<\/em><br \/>\nAgnese Mercati, <em>Desdemona<\/em><br \/>\nFederico Palumeri, <em>Cassio<\/em><br \/>\nStefano Paradisi, <em>Roderigo<\/em><br \/>\nMichele Puleio, <em>Graziano<\/em><br \/>\nRebecca Rossetti, <em>Iago<\/em><\/p>\n<p>&nbsp;<\/p>\n<p><strong>DATE DI PROGRAMMAZIONE A TORINO E IN TOURN\u00c9E<\/strong><\/p>\n<p>Torino \u2013 Teatro Gobetti, dal 10 gennaio al 5 febbraio 2023 \u2013 Prima nazionale<br \/>\nStoro (TN) \u2013 Teatro Oratorio, 10 febbraio 2023<br \/>\nSan Vito al Tagliamento (PN) \u2013 Auditorium Comunale Centro Civico, 12 febbraio 2023<br \/>\nVercelli \u2013 Teatro Civico, 23 febbraio 2023<br \/>\nVilladossola (VB) \u2013 Teatro La Fabbrica, 24 febbraio 2023<br \/>\nLegnano (MI) \u2013 Teatro Tirinnanzi, 25 febbraio 2023<\/p>\n<p>&nbsp;<\/p>\n<p><strong><u>ACCESSIBILIT\u00c0 <\/u><\/strong><\/p>\n<p>Sei delle repliche in programma di <em>Otello, <\/em><strong>dal 31 gennaio al 5 febbraio 2023<\/strong>, saranno accessibili: si potr\u00e0 assistere allo spettacolo con il supporto di soprattitoli in italiano, in italiano semplificato con descrizione dei suoni e in inglese attraverso l\u2019uso di <strong>smartglasses<\/strong> o <strong>smartphone<\/strong>, in base alle esigenze dello spettatore. Sono inoltre disponibili sul sito internet del TST (predisposto per la lettura da parte di applicazioni screen reader) e sulla APP del TST, materiali di supporto realizzati <em>ad hoc.<\/em> All\u2019inizio di ogni recita accessibile \u00e8 prevista inoltre la trasmissione in sala di una breve audio introduzione dello spettacolo. <strong>Per l\u2019utilizzo gratuito dei dispositivi per l\u2019accessibilit\u00e0 <\/strong>(smartglasses o smartphone)<strong> \u00e8 necessaria la prenotazione dei biglietti<\/strong>, che potr\u00e0 essere effettuata contattando la biglietteria del Teatro Stabile di Torino. <strong>La recita di domenica 29 gennaio sar\u00e0 una r<em>ecita soft<\/em><\/strong><em>. <\/em>Si tratta di una tipologia di recite introdotte nella stagione 2022\/2023, realizzate in un\u2019atmosfera pi\u00f9 rilassata, cos\u00ec da favorire la partecipazione di adulti o bambini con difficolt\u00e0 di apprendimento, autistici o con disordini della comunicazione sensoriale. Lo spettacolo si svolger\u00e0 in una dimensione di luce pi\u00f9 confortevole, non saranno presenti effetti strobo, le porte della sala resteranno aperte ed eventuali volumi troppo alti di musiche o effetti sonori verranno ridotti. <strong>Venerd\u00ec 3 febbraio alle ore 18.00 al Teatro Gobetti<\/strong> \u00e8 prevista una<strong> visita tattile alla scenografia<\/strong>, per consentire agli spettatori con disabilit\u00e0 visiva di cogliere gli elementi scenografici, comprenderne la dimensione e l\u2019organizzazione, toccare arredi e costumi e condividere l\u2019esperienza con regista e attori della compagnia. La partecipazione \u00e8 gratuita fino esaurimento dei posti disponibili, previa prenotazione a accessibilita@teatrostabiletorino.it \u2013 0115169460. Il focus sull\u2019accessibilit\u00e0 si inserisce nell\u2019ambito del bando <strong>SWITCH_Strategie e strumenti per la digital transformation nella cultura<\/strong>, sostenuto dalla Fondazione Compagnia di San Paolo, che ha consentito al Teatro Stabile di Torino di avviare un articolato processo di trasformazione digitale. Il progetto \u00e8 stato sviluppato in collaborazione col partner tecnologico <strong>Panthea<\/strong> e la onlus <strong>+Cultura Accessibile<\/strong>. Per maggiori informazioni visitare la pagina: www.teatrostabiletorino.it\/accessibilita o contattare accessibilita@teatrostabiletorino.it \u2013 011 5169460.<\/p>\n<p><strong>RETROSCENA<\/strong><br \/>\nProgetto realizzato dal Teatro Stabile di Torino \u2013 Teatro Nazionale con l\u2019Universit\u00e0 degli Studi di Torino \/ DAMS \u2013 Universit\u00e0 degli Studi di Torino \/ CRAD<br \/>\n<strong>Mercoled\u00ec 18 gennaio 2023, ore 17.30<\/strong><br \/>\n<strong>Teatro Carignano, Caffetteria Lavazza<\/strong><br \/>\nJurij Ferrini e gli attori della compagnia<br \/>\ndialogano con Matteo Tamborrino (Universit\u00e0 di Torino)<br \/>\nsu <em>Otello<\/em> di William Shakespeare, regia di Jurij Ferrini<br \/>\n<em>Ingresso libero fino a esaurimento dei posti disponibili<\/em><br \/>\n<em>Prenotazione obbligatoria su teatrostabiletorino.it\/retroscena<\/em><\/p>\n<p><strong>FUORI COPIONE<\/strong><br \/>\nGli artisti del Teatro Stabile di Torino incontrano i cittadini all\u2019interno degli spazi di comunit\u00e0 della citt\u00e0. Il progetto \u00e8 sviluppato in collaborazione con il programma di La cultura dietro l\u2019angolo.<br \/>\n<strong>Venerd\u00ec 20 gennaio 2023, ore 17.00<\/strong><br \/>\n<strong>Officine CAOS \/ Casa del quartiere Vallette<\/strong> (piazza Montale, 18A \u2013 Torino)<br \/>\nJurij Ferrini racconta <em>Otello<\/em><br \/>\n<em>Ingresso libero<\/em><\/p>\n<p>&nbsp;<\/p>\n<p><a href=\"http:\/\/www.teatrostabiletorino.it\/wp-content\/uploads\/2022\/12\/01_CS_Otello.pdf\" target=\"_blank\" rel=\"noopener noreferrer\">CS_Otello<\/a><\/p>\n<p>\n\t\t<style type=\"text\/css\">\n\t\t\t#gallery-1 {\n\t\t\t\tmargin: auto;\n\t\t\t}\n\t\t\t#gallery-1 .gallery-item {\n\t\t\t\tfloat: left;\n\t\t\t\tmargin-top: 10px;\n\t\t\t\ttext-align: center;\n\t\t\t\twidth: 20%;\n\t\t\t}\n\t\t\t#gallery-1 img {\n\t\t\t\tborder: 2px solid #cfcfcf;\n\t\t\t}\n\t\t\t#gallery-1 .gallery-caption {\n\t\t\t\tmargin-left: 0;\n\t\t\t}\n\t\t\t\/* see gallery_shortcode() in wp-includes\/media.php *\/\n\t\t<\/style>\n\t\t<div id='gallery-1' class='gallery galleryid-54828 gallery-columns-5 gallery-size-thumbnail'><dl class='gallery-item'>\n\t\t\t<dt class='gallery-icon landscape'>\n\t\t\t\t<a data-rel=\"iLightbox[postimages]\" data-title=\"03_Otello_prove_ph Luigi De Palma\" data-caption=\"Otello (foto delle prove) ph Luigi De Palma\" href='https:\/\/www.teatrostabiletorino.it\/wp-content\/uploads\/2022\/12\/03_Otello_prove_ph-Luigi-De-Palma.jpg'><img decoding=\"async\" width=\"150\" height=\"150\" src=\"https:\/\/www.teatrostabiletorino.it\/wp-content\/uploads\/2022\/12\/03_Otello_prove_ph-Luigi-De-Palma-150x150.jpg\" class=\"attachment-thumbnail size-thumbnail lazyload\" alt=\"\" aria-describedby=\"gallery-1-54831\" srcset=\"data:image\/svg+xml,%3Csvg%20xmlns%3D%27http%3A%2F%2Fwww.w3.org%2F2000%2Fsvg%27%20width%3D%272048%27%20height%3D%271366%27%20viewBox%3D%270%200%202048%201366%27%3E%3Crect%20width%3D%272048%27%20height%3D%271366%27%20fill-opacity%3D%220%22%2F%3E%3C%2Fsvg%3E\" data-orig-src=\"https:\/\/www.teatrostabiletorino.it\/wp-content\/uploads\/2022\/12\/03_Otello_prove_ph-Luigi-De-Palma-150x150.jpg\" data-srcset=\"https:\/\/www.teatrostabiletorino.it\/wp-content\/uploads\/2022\/12\/03_Otello_prove_ph-Luigi-De-Palma-66x66.jpg 66w, https:\/\/www.teatrostabiletorino.it\/wp-content\/uploads\/2022\/12\/03_Otello_prove_ph-Luigi-De-Palma-150x150.jpg 150w\" data-sizes=\"auto\" \/><\/a>\n\t\t\t<\/dt>\n\t\t\t\t<dd class='wp-caption-text gallery-caption' id='gallery-1-54831'>\n\t\t\t\tOtello (foto delle prove) <br>ph Luigi De Palma\n\t\t\t\t<\/dd><\/dl><dl class='gallery-item'>\n\t\t\t<dt class='gallery-icon landscape'>\n\t\t\t\t<a data-rel=\"iLightbox[postimages]\" data-title=\"04_Otello_prove_ph Luigi De Palma\" data-caption=\"Otello (foto delle prove) ph Luigi De Palma\" href='https:\/\/www.teatrostabiletorino.it\/wp-content\/uploads\/2022\/12\/04_Otello_prove_ph-Luigi-De-Palma.jpg'><img decoding=\"async\" width=\"150\" height=\"150\" src=\"https:\/\/www.teatrostabiletorino.it\/wp-content\/uploads\/2022\/12\/04_Otello_prove_ph-Luigi-De-Palma-150x150.jpg\" class=\"attachment-thumbnail size-thumbnail lazyload\" alt=\"\" aria-describedby=\"gallery-1-54832\" srcset=\"data:image\/svg+xml,%3Csvg%20xmlns%3D%27http%3A%2F%2Fwww.w3.org%2F2000%2Fsvg%27%20width%3D%272048%27%20height%3D%271365%27%20viewBox%3D%270%200%202048%201365%27%3E%3Crect%20width%3D%272048%27%20height%3D%271365%27%20fill-opacity%3D%220%22%2F%3E%3C%2Fsvg%3E\" data-orig-src=\"https:\/\/www.teatrostabiletorino.it\/wp-content\/uploads\/2022\/12\/04_Otello_prove_ph-Luigi-De-Palma-150x150.jpg\" data-srcset=\"https:\/\/www.teatrostabiletorino.it\/wp-content\/uploads\/2022\/12\/04_Otello_prove_ph-Luigi-De-Palma-66x66.jpg 66w, https:\/\/www.teatrostabiletorino.it\/wp-content\/uploads\/2022\/12\/04_Otello_prove_ph-Luigi-De-Palma-150x150.jpg 150w\" data-sizes=\"auto\" \/><\/a>\n\t\t\t<\/dt>\n\t\t\t\t<dd class='wp-caption-text gallery-caption' id='gallery-1-54832'>\n\t\t\t\tOtello (foto delle prove) <br>ph Luigi De Palma\n\t\t\t\t<\/dd><\/dl><dl class='gallery-item'>\n\t\t\t<dt class='gallery-icon landscape'>\n\t\t\t\t<a data-rel=\"iLightbox[postimages]\" data-title=\"05_Otello_prove_ph Luigi De Palma\" data-caption=\"Otello (foto delle prove) ph Luigi De Palma\" href='https:\/\/www.teatrostabiletorino.it\/wp-content\/uploads\/2022\/12\/05_Otello_prove_ph-Luigi-De-Palma.jpg'><img decoding=\"async\" width=\"150\" height=\"150\" src=\"https:\/\/www.teatrostabiletorino.it\/wp-content\/uploads\/2022\/12\/05_Otello_prove_ph-Luigi-De-Palma-150x150.jpg\" class=\"attachment-thumbnail size-thumbnail lazyload\" alt=\"\" aria-describedby=\"gallery-1-54833\" srcset=\"data:image\/svg+xml,%3Csvg%20xmlns%3D%27http%3A%2F%2Fwww.w3.org%2F2000%2Fsvg%27%20width%3D%272048%27%20height%3D%271365%27%20viewBox%3D%270%200%202048%201365%27%3E%3Crect%20width%3D%272048%27%20height%3D%271365%27%20fill-opacity%3D%220%22%2F%3E%3C%2Fsvg%3E\" data-orig-src=\"https:\/\/www.teatrostabiletorino.it\/wp-content\/uploads\/2022\/12\/05_Otello_prove_ph-Luigi-De-Palma-150x150.jpg\" data-srcset=\"https:\/\/www.teatrostabiletorino.it\/wp-content\/uploads\/2022\/12\/05_Otello_prove_ph-Luigi-De-Palma-66x66.jpg 66w, https:\/\/www.teatrostabiletorino.it\/wp-content\/uploads\/2022\/12\/05_Otello_prove_ph-Luigi-De-Palma-150x150.jpg 150w\" data-sizes=\"auto\" \/><\/a>\n\t\t\t<\/dt>\n\t\t\t\t<dd class='wp-caption-text gallery-caption' id='gallery-1-54833'>\n\t\t\t\tOtello (foto delle prove) <br>ph Luigi De Palma\n\t\t\t\t<\/dd><\/dl><dl class='gallery-item'>\n\t\t\t<dt class='gallery-icon landscape'>\n\t\t\t\t<a data-rel=\"iLightbox[postimages]\" data-title=\"01_Otello_prove_ph Luigi De Palma\" data-caption=\"Otello (foto delle prove) ph Luigi De Palma\" href='https:\/\/www.teatrostabiletorino.it\/wp-content\/uploads\/2022\/12\/01_Otello_prove_ph-Luigi-De-Palma.jpg'><img decoding=\"async\" width=\"150\" height=\"150\" src=\"https:\/\/www.teatrostabiletorino.it\/wp-content\/uploads\/2022\/12\/01_Otello_prove_ph-Luigi-De-Palma-150x150.jpg\" class=\"attachment-thumbnail size-thumbnail lazyload\" alt=\"\" aria-describedby=\"gallery-1-54834\" srcset=\"data:image\/svg+xml,%3Csvg%20xmlns%3D%27http%3A%2F%2Fwww.w3.org%2F2000%2Fsvg%27%20width%3D%272048%27%20height%3D%271365%27%20viewBox%3D%270%200%202048%201365%27%3E%3Crect%20width%3D%272048%27%20height%3D%271365%27%20fill-opacity%3D%220%22%2F%3E%3C%2Fsvg%3E\" data-orig-src=\"https:\/\/www.teatrostabiletorino.it\/wp-content\/uploads\/2022\/12\/01_Otello_prove_ph-Luigi-De-Palma-150x150.jpg\" data-srcset=\"https:\/\/www.teatrostabiletorino.it\/wp-content\/uploads\/2022\/12\/01_Otello_prove_ph-Luigi-De-Palma-66x66.jpg 66w, https:\/\/www.teatrostabiletorino.it\/wp-content\/uploads\/2022\/12\/01_Otello_prove_ph-Luigi-De-Palma-150x150.jpg 150w\" data-sizes=\"auto\" \/><\/a>\n\t\t\t<\/dt>\n\t\t\t\t<dd class='wp-caption-text gallery-caption' id='gallery-1-54834'>\n\t\t\t\tOtello (foto delle prove) <br>ph Luigi De Palma\n\t\t\t\t<\/dd><\/dl><dl class='gallery-item'>\n\t\t\t<dt class='gallery-icon landscape'>\n\t\t\t\t<a data-rel=\"iLightbox[postimages]\" data-title=\"02_Otello_prove_ph Luigi De Palma\" data-caption=\"Otello (foto delle prove) ph Luigi De Palma\" href='https:\/\/www.teatrostabiletorino.it\/wp-content\/uploads\/2022\/12\/02_Otello_prove_ph-Luigi-De-Palma.jpg'><img decoding=\"async\" width=\"150\" height=\"150\" src=\"https:\/\/www.teatrostabiletorino.it\/wp-content\/uploads\/2022\/12\/02_Otello_prove_ph-Luigi-De-Palma-150x150.jpg\" class=\"attachment-thumbnail size-thumbnail lazyload\" alt=\"\" aria-describedby=\"gallery-1-54835\" srcset=\"data:image\/svg+xml,%3Csvg%20xmlns%3D%27http%3A%2F%2Fwww.w3.org%2F2000%2Fsvg%27%20width%3D%272048%27%20height%3D%271365%27%20viewBox%3D%270%200%202048%201365%27%3E%3Crect%20width%3D%272048%27%20height%3D%271365%27%20fill-opacity%3D%220%22%2F%3E%3C%2Fsvg%3E\" data-orig-src=\"https:\/\/www.teatrostabiletorino.it\/wp-content\/uploads\/2022\/12\/02_Otello_prove_ph-Luigi-De-Palma-150x150.jpg\" data-srcset=\"https:\/\/www.teatrostabiletorino.it\/wp-content\/uploads\/2022\/12\/02_Otello_prove_ph-Luigi-De-Palma-66x66.jpg 66w, https:\/\/www.teatrostabiletorino.it\/wp-content\/uploads\/2022\/12\/02_Otello_prove_ph-Luigi-De-Palma-150x150.jpg 150w\" data-sizes=\"auto\" \/><\/a>\n\t\t\t<\/dt>\n\t\t\t\t<dd class='wp-caption-text gallery-caption' id='gallery-1-54835'>\n\t\t\t\tOtello (foto delle prove) <br>ph Luigi De Palma\n\t\t\t\t<\/dd><\/dl><br style=\"clear: both\" \/>\n\t\t<\/div>\n<\/p>","protected":false},"excerpt":{"rendered":"<p>Sorry, this entry is only available in Italiano.Marted\u00ec 10 gennaio 2023, alle ore 19.30, debutta <a href=\"https:\/\/www.teatrostabiletorino.it\/en\/debutta-in-prima-nazionale-al-teatro-gobetti-di-torino-otello-di-william-shakespeare-diretto-e-interpretato-da-jurij-ferrini-teatro-gobetti-10-gennaio-5-febbraio-2023\/\"> [+]<\/a><\/p>\n","protected":false},"author":2,"featured_media":54832,"comment_status":"closed","ping_status":"open","sticky":false,"template":"","format":"standard","meta":{"_acf_changed":false,"footnotes":""},"categories":[108],"tags":[],"acf":[],"_links":{"self":[{"href":"https:\/\/www.teatrostabiletorino.it\/en\/wp-json\/wp\/v2\/posts\/54828"}],"collection":[{"href":"https:\/\/www.teatrostabiletorino.it\/en\/wp-json\/wp\/v2\/posts"}],"about":[{"href":"https:\/\/www.teatrostabiletorino.it\/en\/wp-json\/wp\/v2\/types\/post"}],"author":[{"embeddable":true,"href":"https:\/\/www.teatrostabiletorino.it\/en\/wp-json\/wp\/v2\/users\/2"}],"replies":[{"embeddable":true,"href":"https:\/\/www.teatrostabiletorino.it\/en\/wp-json\/wp\/v2\/comments?post=54828"}],"version-history":[{"count":0,"href":"https:\/\/www.teatrostabiletorino.it\/en\/wp-json\/wp\/v2\/posts\/54828\/revisions"}],"wp:featuredmedia":[{"embeddable":true,"href":"https:\/\/www.teatrostabiletorino.it\/en\/wp-json\/wp\/v2\/media\/54832"}],"wp:attachment":[{"href":"https:\/\/www.teatrostabiletorino.it\/en\/wp-json\/wp\/v2\/media?parent=54828"}],"wp:term":[{"taxonomy":"category","embeddable":true,"href":"https:\/\/www.teatrostabiletorino.it\/en\/wp-json\/wp\/v2\/categories?post=54828"},{"taxonomy":"post_tag","embeddable":true,"href":"https:\/\/www.teatrostabiletorino.it\/en\/wp-json\/wp\/v2\/tags?post=54828"}],"curies":[{"name":"wp","href":"https:\/\/api.w.org\/{rel}","templated":true}]}}