{"id":55401,"date":"2023-02-13T16:30:57","date_gmt":"2023-02-13T15:30:57","guid":{"rendered":"https:\/\/www.teatrostabiletorino.it\/?p=55401"},"modified":"2023-02-13T16:30:57","modified_gmt":"2023-02-13T15:30:57","slug":"debutta-il-principe-mezzanotte-spettacolo-curato-da-alessandro-serrateatro-gobetti-sala-pasolini-18-febbraio-14-maggio-2023","status":"publish","type":"post","link":"https:\/\/www.teatrostabiletorino.it\/en\/debutta-il-principe-mezzanotte-spettacolo-curato-da-alessandro-serrateatro-gobetti-sala-pasolini-18-febbraio-14-maggio-2023\/","title":{"rendered":"DEBUTTA \u201cIL PRINCIPE MEZZANOTTE\u201d, SPETTACOLO CURATO DA ALESSANDRO SERRA<br>Teatro Gobetti, Sala Pasolini 18 febbraio \u2013 14 maggio 2023"},"content":{"rendered":"<p class=\"qtranxs-available-languages-message qtranxs-available-languages-message-en\">Sorry, this entry is only available in <a href=\"https:\/\/www.teatrostabiletorino.it\/it\/wp-json\/wp\/v2\/posts\/55401\" class=\"qtranxs-available-language-link qtranxs-available-language-link-it\" title=\"Italiano\">Italiano<\/a>.<\/p><p>L\u2019appuntamento dedicato ai bambini e alle famiglie della stagione 2022\/2023 del Teatro Stabile di Torino sar\u00e0 <strong><em>Il Principe Mezzanotte<\/em><\/strong>, spettacolo scritto e diretto da <strong>Alessandro<\/strong> <strong>Serra<\/strong>, che verr\u00e0 allestito nella Sala Pasolini del Teatro Gobetti. Gli interpreti saranno (in ordine alfabetico) <strong>Alice<\/strong> <strong>Bossi<\/strong>, <strong>Andrea<\/strong> <strong>Castellano<\/strong>, <strong>Marco<\/strong> <strong>Vergati<\/strong>. Sono di Alessandro Serra anche scene, luci, suoni e costumi, mentre la realizzazione delle ombre \u00e8 di <strong>Chiara<\/strong> <strong>Carlorosi<\/strong>. Lo spettacolo, prodotto dal Teatro Stabile di Torino \u2013 Teatro Nazionale, sar\u00e0 in scena (fuori abbonamento) <strong>da sabato 18 febbraio 2023, alle ore 16.00, fino a domenica 14 maggio 2023 alle ore 10.30<\/strong>.<\/p>\n<p>Le recite per le scuole, programmate al mattino, inizieranno marted\u00ec 14 febbraio 2023.<\/p>\n<p>Dopo il successo internazionale de <em>La tempesta, <\/em>Alessandro Serra presenta nello spazio trasformato della Sala Pasolini uno spettacolo per tutte le et\u00e0. Il Principe Mezzanotte \u00e8 vittima di una maledizione: quando incontrer\u00e0 il vero amore sar\u00e0 destinato a trasformarsi in un essere mostruoso. Per sottrarsi a questo destino decide di non innamorarsi mai e si rinchiude in un maniero fumoso per vivere da solo, triste e malinconico. Un carosello di personaggi buffi e grotteschi ci porteranno nel mondo di questa fiaba delicata e romantica raccontata con uno stile insolitamente noir e misterioso, in un poetico flusso di prosa, teatro d\u2019immagine e teatro d\u2019ombre.<\/p>\n<p><strong>Presentazione dello spettacolo <\/strong><\/p>\n<p><em>Buonasera! Siete pronti ad ascoltare la storia del Principe Mezzanotte? Dovrete essere molto coraggiosi perch\u00e9 \u00e8 una storia misteriosa, divertente e buffa, ma anche un po\u2019 paurosa. C\u2019\u00e8 una volta un principe, dico c\u2019\u00e8 perch\u00e9 mica \u00e8 morto poveretto, insomma c\u2019\u00e8 una volta un principe di nome Mezzanotte, nato a mezzanotte e perdutamente innamorato del buio e delle stelle. Perch\u00e9 senza il buio le stelle non si vedono, giusto? Tutti pensano che la notte protegga e nasconda fantasmi, lupi e streghe e che la luce del giorno, invece, renda il mondo splendido e sereno. Eppure \u00e8 proprio di notte che prendono vita i sogni. Ma anche i sogni pi\u00f9 belli posso trasformarsi in incubi, proprio come accadde al nostro povero principe, costretto a nascondersi in questo magico com\u00f2 per sfuggire alla maledizione della terribile strega Valeriana. <\/em><em>La strega infatti si era talmente innamorata del nostro pallido principe che quando lui la respinse gli lanci\u00f2 la maledizione: il giorno in cui il principe si fosse innamorato si sarebbe trasformato in un essere mostruoso. Paura, eh? Da allora Mezzanotte, rimpicciolito con tutto il suo castello e i suoi servitori, vive triste e solitario in attesa che qualcuno sciolga la maledizione. <\/em><em>Ma che succede? Qualcuno \u00e8 entrato nel castello? C\u2019\u00e8 un gran trambusto, inseguimenti, porte che sbattono, luci che vanno e vengono\u2026 A quanto pare la storia sta per avere inizio. Non ci resta che entrare, se vogliamo sapere come andr\u00e0 a finire. E si entra proprio attraverso il com\u00f2: ve l\u2019ho detto che \u00e8 magico! Non temete, il Principe \u00e8 molto ospitale: un vero gentiluomo. Entrare, entrate, su! Sembra che non siate mai entrati in un com\u00f2\u2026<\/em><\/p>\n<p><a href=\"http:\/\/www.teatrostabiletorino.it\/wp-content\/uploads\/2023\/02\/01_CS_Il-Principe-Mezzanotte.pdf\" target=\"_blank\" rel=\"noopener noreferrer\">\u00a0CS_Il Principe Mezzanotte<\/a><\/p>\n<p>\n\t\t<style type=\"text\/css\">\n\t\t\t#gallery-1 {\n\t\t\t\tmargin: auto;\n\t\t\t}\n\t\t\t#gallery-1 .gallery-item {\n\t\t\t\tfloat: left;\n\t\t\t\tmargin-top: 10px;\n\t\t\t\ttext-align: center;\n\t\t\t\twidth: 20%;\n\t\t\t}\n\t\t\t#gallery-1 img {\n\t\t\t\tborder: 2px solid #cfcfcf;\n\t\t\t}\n\t\t\t#gallery-1 .gallery-caption {\n\t\t\t\tmargin-left: 0;\n\t\t\t}\n\t\t\t\/* see gallery_shortcode() in wp-includes\/media.php *\/\n\t\t<\/style>\n\t\t<div id='gallery-1' class='gallery galleryid-55401 gallery-columns-5 gallery-size-thumbnail'><dl class='gallery-item'>\n\t\t\t<dt class='gallery-icon landscape'>\n\t\t\t\t<a data-rel=\"iLightbox[postimages]\" data-title=\"03_Il Principe Mezzanotte_ph Alessandro Serra_L1050581\" data-caption=\"Il Principe Mezzanotteph Alessandro Serra\" href='https:\/\/www.teatrostabiletorino.it\/wp-content\/uploads\/2023\/02\/03_Il-Principe-Mezzanotte_ph-Alessandro-Serra_L1050581.jpg'><img decoding=\"async\" width=\"150\" height=\"150\" src=\"https:\/\/www.teatrostabiletorino.it\/wp-content\/uploads\/2023\/02\/03_Il-Principe-Mezzanotte_ph-Alessandro-Serra_L1050581-150x150.jpg\" class=\"attachment-thumbnail size-thumbnail lazyload\" alt=\"\" aria-describedby=\"gallery-1-55404\" srcset=\"data:image\/svg+xml,%3Csvg%20xmlns%3D%27http%3A%2F%2Fwww.w3.org%2F2000%2Fsvg%27%20width%3D%272126%27%20height%3D%271419%27%20viewBox%3D%270%200%202126%201419%27%3E%3Crect%20width%3D%272126%27%20height%3D%271419%27%20fill-opacity%3D%220%22%2F%3E%3C%2Fsvg%3E\" data-orig-src=\"https:\/\/www.teatrostabiletorino.it\/wp-content\/uploads\/2023\/02\/03_Il-Principe-Mezzanotte_ph-Alessandro-Serra_L1050581-150x150.jpg\" data-srcset=\"https:\/\/www.teatrostabiletorino.it\/wp-content\/uploads\/2023\/02\/03_Il-Principe-Mezzanotte_ph-Alessandro-Serra_L1050581-66x66.jpg 66w, https:\/\/www.teatrostabiletorino.it\/wp-content\/uploads\/2023\/02\/03_Il-Principe-Mezzanotte_ph-Alessandro-Serra_L1050581-150x150.jpg 150w\" data-sizes=\"auto\" \/><\/a>\n\t\t\t<\/dt>\n\t\t\t\t<dd class='wp-caption-text gallery-caption' id='gallery-1-55404'>\n\t\t\t\tIl Principe Mezzanotte<br>ph Alessandro Serra\n\t\t\t\t<\/dd><\/dl><dl class='gallery-item'>\n\t\t\t<dt class='gallery-icon landscape'>\n\t\t\t\t<a data-rel=\"iLightbox[postimages]\" data-title=\"02_Il Principe Mezzanotte_ph Alessandro Serra_L1050559\" data-caption=\"Il Principe Mezzanotteph Alessandro Serra\" href='https:\/\/www.teatrostabiletorino.it\/wp-content\/uploads\/2023\/02\/02_Il-Principe-Mezzanotte_ph-Alessandro-Serra_L1050559.jpg'><img decoding=\"async\" width=\"150\" height=\"150\" src=\"https:\/\/www.teatrostabiletorino.it\/wp-content\/uploads\/2023\/02\/02_Il-Principe-Mezzanotte_ph-Alessandro-Serra_L1050559-150x150.jpg\" class=\"attachment-thumbnail size-thumbnail lazyload\" alt=\"\" aria-describedby=\"gallery-1-55403\" srcset=\"data:image\/svg+xml,%3Csvg%20xmlns%3D%27http%3A%2F%2Fwww.w3.org%2F2000%2Fsvg%27%20width%3D%272126%27%20height%3D%271419%27%20viewBox%3D%270%200%202126%201419%27%3E%3Crect%20width%3D%272126%27%20height%3D%271419%27%20fill-opacity%3D%220%22%2F%3E%3C%2Fsvg%3E\" data-orig-src=\"https:\/\/www.teatrostabiletorino.it\/wp-content\/uploads\/2023\/02\/02_Il-Principe-Mezzanotte_ph-Alessandro-Serra_L1050559-150x150.jpg\" data-srcset=\"https:\/\/www.teatrostabiletorino.it\/wp-content\/uploads\/2023\/02\/02_Il-Principe-Mezzanotte_ph-Alessandro-Serra_L1050559-66x66.jpg 66w, https:\/\/www.teatrostabiletorino.it\/wp-content\/uploads\/2023\/02\/02_Il-Principe-Mezzanotte_ph-Alessandro-Serra_L1050559-150x150.jpg 150w\" data-sizes=\"auto\" \/><\/a>\n\t\t\t<\/dt>\n\t\t\t\t<dd class='wp-caption-text gallery-caption' id='gallery-1-55403'>\n\t\t\t\tIl Principe Mezzanotte<br>ph Alessandro Serra\n\t\t\t\t<\/dd><\/dl><dl class='gallery-item'>\n\t\t\t<dt class='gallery-icon landscape'>\n\t\t\t\t<a data-rel=\"iLightbox[postimages]\" data-title=\"06_Il Principe Mezzanotte_ph Alessandro Serra_L1050507\" data-caption=\"Il Principe Mezzanotteph Alessandro Serra\" href='https:\/\/www.teatrostabiletorino.it\/wp-content\/uploads\/2023\/02\/06_Il-Principe-Mezzanotte_ph-Alessandro-Serra_L1050507.jpg'><img decoding=\"async\" width=\"150\" height=\"150\" src=\"https:\/\/www.teatrostabiletorino.it\/wp-content\/uploads\/2023\/02\/06_Il-Principe-Mezzanotte_ph-Alessandro-Serra_L1050507-150x150.jpg\" class=\"attachment-thumbnail size-thumbnail lazyload\" alt=\"\" aria-describedby=\"gallery-1-55407\" srcset=\"data:image\/svg+xml,%3Csvg%20xmlns%3D%27http%3A%2F%2Fwww.w3.org%2F2000%2Fsvg%27%20width%3D%272126%27%20height%3D%271419%27%20viewBox%3D%270%200%202126%201419%27%3E%3Crect%20width%3D%272126%27%20height%3D%271419%27%20fill-opacity%3D%220%22%2F%3E%3C%2Fsvg%3E\" data-orig-src=\"https:\/\/www.teatrostabiletorino.it\/wp-content\/uploads\/2023\/02\/06_Il-Principe-Mezzanotte_ph-Alessandro-Serra_L1050507-150x150.jpg\" data-srcset=\"https:\/\/www.teatrostabiletorino.it\/wp-content\/uploads\/2023\/02\/06_Il-Principe-Mezzanotte_ph-Alessandro-Serra_L1050507-66x66.jpg 66w, https:\/\/www.teatrostabiletorino.it\/wp-content\/uploads\/2023\/02\/06_Il-Principe-Mezzanotte_ph-Alessandro-Serra_L1050507-150x150.jpg 150w\" data-sizes=\"auto\" \/><\/a>\n\t\t\t<\/dt>\n\t\t\t\t<dd class='wp-caption-text gallery-caption' id='gallery-1-55407'>\n\t\t\t\tIl Principe Mezzanotte<br>ph Alessandro Serra\n\t\t\t\t<\/dd><\/dl><dl class='gallery-item'>\n\t\t\t<dt class='gallery-icon portrait'>\n\t\t\t\t<a data-rel=\"iLightbox[postimages]\" data-title=\"01_Il Principe Mezzanotte_ph Alessandro Serra_0814\" data-caption=\"Il Principe Mezzanotteph Alessandro Serra\" href='https:\/\/www.teatrostabiletorino.it\/wp-content\/uploads\/2023\/02\/01_Il-Principe-Mezzanotte_ph-Alessandro-Serra_0814.jpg'><img decoding=\"async\" width=\"150\" height=\"150\" src=\"https:\/\/www.teatrostabiletorino.it\/wp-content\/uploads\/2023\/02\/01_Il-Principe-Mezzanotte_ph-Alessandro-Serra_0814-150x150.jpg\" class=\"attachment-thumbnail size-thumbnail lazyload\" alt=\"\" aria-describedby=\"gallery-1-55409\" srcset=\"data:image\/svg+xml,%3Csvg%20xmlns%3D%27http%3A%2F%2Fwww.w3.org%2F2000%2Fsvg%27%20width%3D%271576%27%20height%3D%272362%27%20viewBox%3D%270%200%201576%202362%27%3E%3Crect%20width%3D%271576%27%20height%3D%272362%27%20fill-opacity%3D%220%22%2F%3E%3C%2Fsvg%3E\" data-orig-src=\"https:\/\/www.teatrostabiletorino.it\/wp-content\/uploads\/2023\/02\/01_Il-Principe-Mezzanotte_ph-Alessandro-Serra_0814-150x150.jpg\" data-srcset=\"https:\/\/www.teatrostabiletorino.it\/wp-content\/uploads\/2023\/02\/01_Il-Principe-Mezzanotte_ph-Alessandro-Serra_0814-66x66.jpg 66w, https:\/\/www.teatrostabiletorino.it\/wp-content\/uploads\/2023\/02\/01_Il-Principe-Mezzanotte_ph-Alessandro-Serra_0814-150x150.jpg 150w\" data-sizes=\"auto\" \/><\/a>\n\t\t\t<\/dt>\n\t\t\t\t<dd class='wp-caption-text gallery-caption' id='gallery-1-55409'>\n\t\t\t\tIl Principe Mezzanotte<br>ph Alessandro Serra\n\t\t\t\t<\/dd><\/dl><dl class='gallery-item'>\n\t\t\t<dt class='gallery-icon landscape'>\n\t\t\t\t<a data-rel=\"iLightbox[postimages]\" data-title=\"05_Il Principe Mezzanotte_ph Alessandro Serra_L1050623\" data-caption=\"Il Principe Mezzanotteph Alessandro Serra\" href='https:\/\/www.teatrostabiletorino.it\/wp-content\/uploads\/2023\/02\/05_Il-Principe-Mezzanotte_ph-Alessandro-Serra_L1050623.jpg'><img decoding=\"async\" width=\"150\" height=\"150\" src=\"https:\/\/www.teatrostabiletorino.it\/wp-content\/uploads\/2023\/02\/05_Il-Principe-Mezzanotte_ph-Alessandro-Serra_L1050623-150x150.jpg\" class=\"attachment-thumbnail size-thumbnail lazyload\" alt=\"\" aria-describedby=\"gallery-1-55406\" srcset=\"data:image\/svg+xml,%3Csvg%20xmlns%3D%27http%3A%2F%2Fwww.w3.org%2F2000%2Fsvg%27%20width%3D%272126%27%20height%3D%271419%27%20viewBox%3D%270%200%202126%201419%27%3E%3Crect%20width%3D%272126%27%20height%3D%271419%27%20fill-opacity%3D%220%22%2F%3E%3C%2Fsvg%3E\" data-orig-src=\"https:\/\/www.teatrostabiletorino.it\/wp-content\/uploads\/2023\/02\/05_Il-Principe-Mezzanotte_ph-Alessandro-Serra_L1050623-150x150.jpg\" data-srcset=\"https:\/\/www.teatrostabiletorino.it\/wp-content\/uploads\/2023\/02\/05_Il-Principe-Mezzanotte_ph-Alessandro-Serra_L1050623-66x66.jpg 66w, https:\/\/www.teatrostabiletorino.it\/wp-content\/uploads\/2023\/02\/05_Il-Principe-Mezzanotte_ph-Alessandro-Serra_L1050623-150x150.jpg 150w\" data-sizes=\"auto\" \/><\/a>\n\t\t\t<\/dt>\n\t\t\t\t<dd class='wp-caption-text gallery-caption' id='gallery-1-55406'>\n\t\t\t\tIl Principe Mezzanotte<br>ph Alessandro Serra\n\t\t\t\t<\/dd><\/dl><br style=\"clear: both\" \/><dl class='gallery-item'>\n\t\t\t<dt class='gallery-icon landscape'>\n\t\t\t\t<a data-rel=\"iLightbox[postimages]\" data-title=\"04_Il Principe Mezzanotte_ph Alessandro Serra_L1050794\" data-caption=\"Il Principe Mezzanotteph Alessandro Serra\" href='https:\/\/www.teatrostabiletorino.it\/wp-content\/uploads\/2023\/02\/04_Il-Principe-Mezzanotte_ph-Alessandro-Serra_L1050794.jpg'><img decoding=\"async\" width=\"150\" height=\"150\" src=\"https:\/\/www.teatrostabiletorino.it\/wp-content\/uploads\/2023\/02\/04_Il-Principe-Mezzanotte_ph-Alessandro-Serra_L1050794-150x150.jpg\" class=\"attachment-thumbnail size-thumbnail lazyload\" alt=\"\" aria-describedby=\"gallery-1-55405\" srcset=\"data:image\/svg+xml,%3Csvg%20xmlns%3D%27http%3A%2F%2Fwww.w3.org%2F2000%2Fsvg%27%20width%3D%272126%27%20height%3D%271419%27%20viewBox%3D%270%200%202126%201419%27%3E%3Crect%20width%3D%272126%27%20height%3D%271419%27%20fill-opacity%3D%220%22%2F%3E%3C%2Fsvg%3E\" data-orig-src=\"https:\/\/www.teatrostabiletorino.it\/wp-content\/uploads\/2023\/02\/04_Il-Principe-Mezzanotte_ph-Alessandro-Serra_L1050794-150x150.jpg\" data-srcset=\"https:\/\/www.teatrostabiletorino.it\/wp-content\/uploads\/2023\/02\/04_Il-Principe-Mezzanotte_ph-Alessandro-Serra_L1050794-66x66.jpg 66w, https:\/\/www.teatrostabiletorino.it\/wp-content\/uploads\/2023\/02\/04_Il-Principe-Mezzanotte_ph-Alessandro-Serra_L1050794-150x150.jpg 150w\" data-sizes=\"auto\" \/><\/a>\n\t\t\t<\/dt>\n\t\t\t\t<dd class='wp-caption-text gallery-caption' id='gallery-1-55405'>\n\t\t\t\tIl Principe Mezzanotte<br>ph Alessandro Serra\n\t\t\t\t<\/dd><\/dl><dl class='gallery-item'>\n\t\t\t<dt class='gallery-icon landscape'>\n\t\t\t\t<a data-rel=\"iLightbox[postimages]\" data-title=\"07_Il Principe Mezzanotte_ph Alessandro Serra_0544\" data-caption=\"Il Principe Mezzanotteph Alessandro Serra\" href='https:\/\/www.teatrostabiletorino.it\/wp-content\/uploads\/2023\/02\/07_Il-Principe-Mezzanotte_ph-Alessandro-Serra_0544.jpg'><img decoding=\"async\" width=\"150\" height=\"150\" src=\"https:\/\/www.teatrostabiletorino.it\/wp-content\/uploads\/2023\/02\/07_Il-Principe-Mezzanotte_ph-Alessandro-Serra_0544-150x150.jpg\" class=\"attachment-thumbnail size-thumbnail lazyload\" alt=\"\" aria-describedby=\"gallery-1-55408\" srcset=\"data:image\/svg+xml,%3Csvg%20xmlns%3D%27http%3A%2F%2Fwww.w3.org%2F2000%2Fsvg%27%20width%3D%272362%27%20height%3D%271574%27%20viewBox%3D%270%200%202362%201574%27%3E%3Crect%20width%3D%272362%27%20height%3D%271574%27%20fill-opacity%3D%220%22%2F%3E%3C%2Fsvg%3E\" data-orig-src=\"https:\/\/www.teatrostabiletorino.it\/wp-content\/uploads\/2023\/02\/07_Il-Principe-Mezzanotte_ph-Alessandro-Serra_0544-150x150.jpg\" data-srcset=\"https:\/\/www.teatrostabiletorino.it\/wp-content\/uploads\/2023\/02\/07_Il-Principe-Mezzanotte_ph-Alessandro-Serra_0544-66x66.jpg 66w, https:\/\/www.teatrostabiletorino.it\/wp-content\/uploads\/2023\/02\/07_Il-Principe-Mezzanotte_ph-Alessandro-Serra_0544-150x150.jpg 150w\" data-sizes=\"auto\" \/><\/a>\n\t\t\t<\/dt>\n\t\t\t\t<dd class='wp-caption-text gallery-caption' id='gallery-1-55408'>\n\t\t\t\tIl Principe Mezzanotte<br>ph Alessandro Serra\n\t\t\t\t<\/dd><\/dl>\n\t\t\t<br style='clear: both' \/>\n\t\t<\/div>\n<\/p>","protected":false},"excerpt":{"rendered":"<p>Sorry, this entry is only available in Italiano.L\u2019appuntamento dedicato ai bambini e alle famiglie della <a href=\"https:\/\/www.teatrostabiletorino.it\/en\/debutta-il-principe-mezzanotte-spettacolo-curato-da-alessandro-serrateatro-gobetti-sala-pasolini-18-febbraio-14-maggio-2023\/\"> [+]<\/a><\/p>\n","protected":false},"author":2,"featured_media":55404,"comment_status":"closed","ping_status":"open","sticky":false,"template":"","format":"standard","meta":{"_acf_changed":false,"footnotes":""},"categories":[108],"tags":[],"acf":[],"_links":{"self":[{"href":"https:\/\/www.teatrostabiletorino.it\/en\/wp-json\/wp\/v2\/posts\/55401"}],"collection":[{"href":"https:\/\/www.teatrostabiletorino.it\/en\/wp-json\/wp\/v2\/posts"}],"about":[{"href":"https:\/\/www.teatrostabiletorino.it\/en\/wp-json\/wp\/v2\/types\/post"}],"author":[{"embeddable":true,"href":"https:\/\/www.teatrostabiletorino.it\/en\/wp-json\/wp\/v2\/users\/2"}],"replies":[{"embeddable":true,"href":"https:\/\/www.teatrostabiletorino.it\/en\/wp-json\/wp\/v2\/comments?post=55401"}],"version-history":[{"count":0,"href":"https:\/\/www.teatrostabiletorino.it\/en\/wp-json\/wp\/v2\/posts\/55401\/revisions"}],"wp:featuredmedia":[{"embeddable":true,"href":"https:\/\/www.teatrostabiletorino.it\/en\/wp-json\/wp\/v2\/media\/55404"}],"wp:attachment":[{"href":"https:\/\/www.teatrostabiletorino.it\/en\/wp-json\/wp\/v2\/media?parent=55401"}],"wp:term":[{"taxonomy":"category","embeddable":true,"href":"https:\/\/www.teatrostabiletorino.it\/en\/wp-json\/wp\/v2\/categories?post=55401"},{"taxonomy":"post_tag","embeddable":true,"href":"https:\/\/www.teatrostabiletorino.it\/en\/wp-json\/wp\/v2\/tags?post=55401"}],"curies":[{"name":"wp","href":"https:\/\/api.w.org\/{rel}","templated":true}]}}