{"id":55411,"date":"2023-02-13T16:41:21","date_gmt":"2023-02-13T15:41:21","guid":{"rendered":"https:\/\/www.teatrostabiletorino.it\/?p=55411"},"modified":"2023-02-13T16:41:21","modified_gmt":"2023-02-13T15:41:21","slug":"al-teatro-carignano-va-in-scena-tango-macondo-il-venditore-di-metafore-scritto-e-diretto-da-giorgio-gallione-con-ugo-dighero-e-paolo-fresuteatro-carignano-21-26-febbraio","status":"publish","type":"post","link":"https:\/\/www.teatrostabiletorino.it\/en\/al-teatro-carignano-va-in-scena-tango-macondo-il-venditore-di-metafore-scritto-e-diretto-da-giorgio-gallione-con-ugo-dighero-e-paolo-fresuteatro-carignano-21-26-febbraio\/","title":{"rendered":"AL TEATRO CARIGNANO VA IN SCENA \u201cTANGO MACONDO. IL VENDITORE DI METAFORE\u201d, SCRITTO E DIRETTO DA GIORGIO GALLIONE, CON UGO DIGHERO E PAOLO FRESU<br>Teatro Carignano, 21\u2013 26 febbraio 2023"},"content":{"rendered":"<p class=\"qtranxs-available-languages-message qtranxs-available-languages-message-en\">Sorry, this entry is only available in <a href=\"https:\/\/www.teatrostabiletorino.it\/it\/wp-json\/wp\/v2\/posts\/55411\" class=\"qtranxs-available-language-link qtranxs-available-language-link-it\" title=\"Italiano\">Italiano<\/a>.<\/p><p>Marted\u00ec 21 febbraio 2023, alle 19.30, debutta al Teatro Carignano lo spettacolo <strong><em>Tango Macondo. Il venditore di metafore<\/em><\/strong>, scritto e diretto da <strong>Giorgio Gallione<\/strong>, liberamente ispirato all\u2019opera <em>Il venditore di metafore<\/em> di Salvatore Niffoi (edizioni Giunti), con<strong> Ugo<\/strong> <strong>Dighero<\/strong>, <strong>Rosanna<\/strong> <strong>Naddeo<\/strong>, <strong>Paolo Li Volsi<\/strong>. Le musiche originali saranno eseguite dal vivo da <strong>Paolo<\/strong> <strong>Fresu<\/strong> (tromba, flicorno), <strong>Daniele<\/strong> <strong>di<\/strong> <strong>Bonaventura<\/strong> (bandoneon), <strong>Pierpaolo<\/strong> <strong>Vacca<\/strong> (organetto), mentre danzatrici e danzatori in scena saranno: <strong>Luca Alberti<\/strong>, <strong>Caterina<\/strong> <strong>Montanari<\/strong>, <strong>Valentina<\/strong> <strong>Squarzoni<\/strong>, <strong>Francesca<\/strong> <strong>Zaccaria<\/strong>, in collaborazione con <strong>DEOS Danse Ensemble Opera Studio \u2013 Genova<\/strong>. Le scene sono di <strong>Marcello<\/strong> <strong>Chiarenza<\/strong>, le coreografie di <strong>Giovanni<\/strong> <strong>Di Cicco<\/strong>, il disegno luci di <strong>Aldo<\/strong> <strong>Mantovani<\/strong>, i costumi di <strong>Francesca<\/strong> <strong>Marsella<\/strong>. <em>Tango Macondo<\/em>, prodotto dal Teatro Stabile di Bolzano, sar\u00e0 replicato per la Stagione in abbonamento del Teatro Stabile di Torino fino a domenica 26 febbraio 2023.<\/p>\n<p>Lo spettacolo racconta la storia di un bizzarro mercante e del suo viaggio da Mamoiada, in Sardegna, fino a Macondo, il paese immerso nella foresta colombiana che Garc\u00eda M\u00e1rquez invent\u00f2 per il suo <em>Cent\u2019anni di solitudine<\/em>. Ad arricchire questo sontuoso universo narrativo sar\u00e0 la musica: tra realismo magico e tragedia, questo racconto fantastico riuscir\u00e0 a unire due terre lontane e diventer\u00e0 il pentagramma per le note toccanti e universali della tromba di Paolo Fresu, che dialogher\u00e0 con l\u2019organetto sardo di Pierpaolo Vacca e il bandoneon argentino di Daniele di Bonaventura.<\/p>\n<p>\u00abQuella di raccontare, di raccontarsi, \u00e8 un\u2019esigenza che tutti gli esseri umani hanno nel proprio DNA. Siamo l\u2019unica specie narrante: \u00e8 la parola che ci rende umani.\u00bb dichiara Giorgio Gallione. \u00ab<em>Tango Macondo <\/em>\u00e8 uno spettacolo composito, articolato, pieno di linguaggi che si intersecano. \u00c8 un viaggio alla ricerca di storie tra il delirio e la geografia: storie fantastiche, storie immaginifiche, storie evocative. Nello spettacolo viene citato un mito primordiale che sostiene l\u2019esistenza di un mago cantastorie, una specie di gigante che ha generato tutte le storie che l\u2019essere umano ancora oggi alimenta, modifica, arricchisce. Come se ci fosse un unico padre dei racconti, che ci lega e ci accomuna.\u00bb Prosegue il regista: \u00abSono sempre alla ricerca di storie che hanno un potenziale teatrale ma non sono scritte per il teatro. Frequentare testi letterari \u00e8 per me un po\u2019 una vocazione e un po\u2019 una necessit\u00e0: mi interessa la parola narrativa, la parola evocativa, la parola alta. Dal confronto con un materiale letterario di questa altezza (M\u00e1rquez, Cort\u00e1zar, Borges, che hanno ispirato la seconda parte dello spettacolo) e un materiale altrettanto alto, ma che ha radici popolari, contadine, terrene (mi riferisco a Niffoi, a cui ho rubato la cornice narrativa), viene fuori un teatro anti realistico, un teatro di metafora, e perci\u00f2 un teatro che frequenta pi\u00f9 il verosimile che il vero.\u00bb<\/p>\n<p><a href=\"http:\/\/www.teatrostabiletorino.it\/wp-content\/uploads\/2023\/02\/01_CS_Tango-Macondo.pdf\" target=\"_blank\" rel=\"noopener noreferrer\">CS_Tango Macondo<\/a><\/p>\n<p>\n\t\t<style type=\"text\/css\">\n\t\t\t#gallery-1 {\n\t\t\t\tmargin: auto;\n\t\t\t}\n\t\t\t#gallery-1 .gallery-item {\n\t\t\t\tfloat: left;\n\t\t\t\tmargin-top: 10px;\n\t\t\t\ttext-align: center;\n\t\t\t\twidth: 20%;\n\t\t\t}\n\t\t\t#gallery-1 img {\n\t\t\t\tborder: 2px solid #cfcfcf;\n\t\t\t}\n\t\t\t#gallery-1 .gallery-caption {\n\t\t\t\tmargin-left: 0;\n\t\t\t}\n\t\t\t\/* see gallery_shortcode() in wp-includes\/media.php *\/\n\t\t<\/style>\n\t\t<div id='gallery-1' class='gallery galleryid-55411 gallery-columns-5 gallery-size-thumbnail'><dl class='gallery-item'>\n\t\t\t<dt class='gallery-icon landscape'>\n\t\t\t\t<a data-rel=\"iLightbox[postimages]\" data-title=\"DSC_4494_Tango_Macondo_Dighero_ph Tommaso Le Pera\" data-caption=\"Tango Macondoph Tommaso Le Pera\" href='https:\/\/www.teatrostabiletorino.it\/wp-content\/uploads\/2023\/02\/DSC_4494_Tango_Macondo_Dighero_ph-Tommaso-Le-Pera.jpg'><img decoding=\"async\" width=\"150\" height=\"150\" src=\"https:\/\/www.teatrostabiletorino.it\/wp-content\/uploads\/2023\/02\/DSC_4494_Tango_Macondo_Dighero_ph-Tommaso-Le-Pera-150x150.jpg\" class=\"attachment-thumbnail size-thumbnail lazyload\" alt=\"\" aria-describedby=\"gallery-1-55413\" srcset=\"data:image\/svg+xml,%3Csvg%20xmlns%3D%27http%3A%2F%2Fwww.w3.org%2F2000%2Fsvg%27%20width%3D%271772%27%20height%3D%271179%27%20viewBox%3D%270%200%201772%201179%27%3E%3Crect%20width%3D%271772%27%20height%3D%271179%27%20fill-opacity%3D%220%22%2F%3E%3C%2Fsvg%3E\" data-orig-src=\"https:\/\/www.teatrostabiletorino.it\/wp-content\/uploads\/2023\/02\/DSC_4494_Tango_Macondo_Dighero_ph-Tommaso-Le-Pera-150x150.jpg\" data-srcset=\"https:\/\/www.teatrostabiletorino.it\/wp-content\/uploads\/2023\/02\/DSC_4494_Tango_Macondo_Dighero_ph-Tommaso-Le-Pera-66x66.jpg 66w, https:\/\/www.teatrostabiletorino.it\/wp-content\/uploads\/2023\/02\/DSC_4494_Tango_Macondo_Dighero_ph-Tommaso-Le-Pera-150x150.jpg 150w\" data-sizes=\"auto\" \/><\/a>\n\t\t\t<\/dt>\n\t\t\t\t<dd class='wp-caption-text gallery-caption' id='gallery-1-55413'>\n\t\t\t\tTango Macondo<br>ph Tommaso Le Pera\n\t\t\t\t<\/dd><\/dl><dl class='gallery-item'>\n\t\t\t<dt class='gallery-icon portrait'>\n\t\t\t\t<a data-rel=\"iLightbox[postimages]\" data-title=\"DSC_4612_Tango_Macondo_Naddeo_Livolsi_ph Tommaso Le Pera\" data-caption=\"Tango Macondoph Tommaso Le Pera\" href='https:\/\/www.teatrostabiletorino.it\/wp-content\/uploads\/2023\/02\/DSC_4612_Tango_Macondo_Naddeo_Livolsi_ph-Tommaso-Le-Pera.jpg'><img decoding=\"async\" width=\"150\" height=\"150\" src=\"https:\/\/www.teatrostabiletorino.it\/wp-content\/uploads\/2023\/02\/DSC_4612_Tango_Macondo_Naddeo_Livolsi_ph-Tommaso-Le-Pera-150x150.jpg\" class=\"attachment-thumbnail size-thumbnail lazyload\" alt=\"\" aria-describedby=\"gallery-1-55414\" srcset=\"data:image\/svg+xml,%3Csvg%20xmlns%3D%27http%3A%2F%2Fwww.w3.org%2F2000%2Fsvg%27%20width%3D%271258%27%20height%3D%271890%27%20viewBox%3D%270%200%201258%201890%27%3E%3Crect%20width%3D%271258%27%20height%3D%271890%27%20fill-opacity%3D%220%22%2F%3E%3C%2Fsvg%3E\" data-orig-src=\"https:\/\/www.teatrostabiletorino.it\/wp-content\/uploads\/2023\/02\/DSC_4612_Tango_Macondo_Naddeo_Livolsi_ph-Tommaso-Le-Pera-150x150.jpg\" data-srcset=\"https:\/\/www.teatrostabiletorino.it\/wp-content\/uploads\/2023\/02\/DSC_4612_Tango_Macondo_Naddeo_Livolsi_ph-Tommaso-Le-Pera-66x66.jpg 66w, https:\/\/www.teatrostabiletorino.it\/wp-content\/uploads\/2023\/02\/DSC_4612_Tango_Macondo_Naddeo_Livolsi_ph-Tommaso-Le-Pera-150x150.jpg 150w\" data-sizes=\"auto\" \/><\/a>\n\t\t\t<\/dt>\n\t\t\t\t<dd class='wp-caption-text gallery-caption' id='gallery-1-55414'>\n\t\t\t\tTango Macondo<br>ph Tommaso Le Pera\n\t\t\t\t<\/dd><\/dl><dl class='gallery-item'>\n\t\t\t<dt class='gallery-icon landscape'>\n\t\t\t\t<a data-rel=\"iLightbox[postimages]\" data-title=\"DSC_4871_Tango_Macondo_Dighero_Naddeo_ph Tommaso Le Pera\" data-caption=\"Tango Macondoph Tommaso Le Pera\" href='https:\/\/www.teatrostabiletorino.it\/wp-content\/uploads\/2023\/02\/DSC_4871_Tango_Macondo_Dighero_Naddeo_ph-Tommaso-Le-Pera.jpg'><img decoding=\"async\" width=\"150\" height=\"150\" src=\"https:\/\/www.teatrostabiletorino.it\/wp-content\/uploads\/2023\/02\/DSC_4871_Tango_Macondo_Dighero_Naddeo_ph-Tommaso-Le-Pera-150x150.jpg\" class=\"attachment-thumbnail size-thumbnail lazyload\" alt=\"\" aria-describedby=\"gallery-1-55415\" srcset=\"data:image\/svg+xml,%3Csvg%20xmlns%3D%27http%3A%2F%2Fwww.w3.org%2F2000%2Fsvg%27%20width%3D%272126%27%20height%3D%271415%27%20viewBox%3D%270%200%202126%201415%27%3E%3Crect%20width%3D%272126%27%20height%3D%271415%27%20fill-opacity%3D%220%22%2F%3E%3C%2Fsvg%3E\" data-orig-src=\"https:\/\/www.teatrostabiletorino.it\/wp-content\/uploads\/2023\/02\/DSC_4871_Tango_Macondo_Dighero_Naddeo_ph-Tommaso-Le-Pera-150x150.jpg\" data-srcset=\"https:\/\/www.teatrostabiletorino.it\/wp-content\/uploads\/2023\/02\/DSC_4871_Tango_Macondo_Dighero_Naddeo_ph-Tommaso-Le-Pera-66x66.jpg 66w, https:\/\/www.teatrostabiletorino.it\/wp-content\/uploads\/2023\/02\/DSC_4871_Tango_Macondo_Dighero_Naddeo_ph-Tommaso-Le-Pera-150x150.jpg 150w\" data-sizes=\"auto\" \/><\/a>\n\t\t\t<\/dt>\n\t\t\t\t<dd class='wp-caption-text gallery-caption' id='gallery-1-55415'>\n\t\t\t\tTango Macondo<br>ph Tommaso Le Pera\n\t\t\t\t<\/dd><\/dl><dl class='gallery-item'>\n\t\t\t<dt class='gallery-icon landscape'>\n\t\t\t\t<a data-rel=\"iLightbox[postimages]\" data-title=\"DSC_4969_Tango_Macondo_Naddeo_ph Tommaso Le Pera\" data-caption=\"Tango Macondoph Tommaso Le Pera\" href='https:\/\/www.teatrostabiletorino.it\/wp-content\/uploads\/2023\/02\/DSC_4969_Tango_Macondo_Naddeo_ph-Tommaso-Le-Pera.jpg'><img decoding=\"async\" width=\"150\" height=\"150\" src=\"https:\/\/www.teatrostabiletorino.it\/wp-content\/uploads\/2023\/02\/DSC_4969_Tango_Macondo_Naddeo_ph-Tommaso-Le-Pera-150x150.jpg\" class=\"attachment-thumbnail size-thumbnail lazyload\" alt=\"\" aria-describedby=\"gallery-1-55416\" srcset=\"data:image\/svg+xml,%3Csvg%20xmlns%3D%27http%3A%2F%2Fwww.w3.org%2F2000%2Fsvg%27%20width%3D%272126%27%20height%3D%271415%27%20viewBox%3D%270%200%202126%201415%27%3E%3Crect%20width%3D%272126%27%20height%3D%271415%27%20fill-opacity%3D%220%22%2F%3E%3C%2Fsvg%3E\" data-orig-src=\"https:\/\/www.teatrostabiletorino.it\/wp-content\/uploads\/2023\/02\/DSC_4969_Tango_Macondo_Naddeo_ph-Tommaso-Le-Pera-150x150.jpg\" data-srcset=\"https:\/\/www.teatrostabiletorino.it\/wp-content\/uploads\/2023\/02\/DSC_4969_Tango_Macondo_Naddeo_ph-Tommaso-Le-Pera-66x66.jpg 66w, https:\/\/www.teatrostabiletorino.it\/wp-content\/uploads\/2023\/02\/DSC_4969_Tango_Macondo_Naddeo_ph-Tommaso-Le-Pera-150x150.jpg 150w\" data-sizes=\"auto\" \/><\/a>\n\t\t\t<\/dt>\n\t\t\t\t<dd class='wp-caption-text gallery-caption' id='gallery-1-55416'>\n\t\t\t\tTango Macondo<br>ph Tommaso Le Pera\n\t\t\t\t<\/dd><\/dl><dl class='gallery-item'>\n\t\t\t<dt class='gallery-icon landscape'>\n\t\t\t\t<a data-rel=\"iLightbox[postimages]\" data-title=\"DSC_5362_Tango Macondo_ph Tommaso Le Pera\" data-caption=\"Tango Macondoph Tommaso Le Pera\" href='https:\/\/www.teatrostabiletorino.it\/wp-content\/uploads\/2023\/02\/DSC_5362_Tango-Macondo_ph-Tommaso-Le-Pera.jpg'><img decoding=\"async\" width=\"150\" height=\"150\" src=\"https:\/\/www.teatrostabiletorino.it\/wp-content\/uploads\/2023\/02\/DSC_5362_Tango-Macondo_ph-Tommaso-Le-Pera-150x150.jpg\" class=\"attachment-thumbnail size-thumbnail lazyload\" alt=\"\" aria-describedby=\"gallery-1-55417\" srcset=\"data:image\/svg+xml,%3Csvg%20xmlns%3D%27http%3A%2F%2Fwww.w3.org%2F2000%2Fsvg%27%20width%3D%271701%27%20height%3D%271132%27%20viewBox%3D%270%200%201701%201132%27%3E%3Crect%20width%3D%271701%27%20height%3D%271132%27%20fill-opacity%3D%220%22%2F%3E%3C%2Fsvg%3E\" data-orig-src=\"https:\/\/www.teatrostabiletorino.it\/wp-content\/uploads\/2023\/02\/DSC_5362_Tango-Macondo_ph-Tommaso-Le-Pera-150x150.jpg\" data-srcset=\"https:\/\/www.teatrostabiletorino.it\/wp-content\/uploads\/2023\/02\/DSC_5362_Tango-Macondo_ph-Tommaso-Le-Pera-66x66.jpg 66w, https:\/\/www.teatrostabiletorino.it\/wp-content\/uploads\/2023\/02\/DSC_5362_Tango-Macondo_ph-Tommaso-Le-Pera-150x150.jpg 150w\" data-sizes=\"auto\" \/><\/a>\n\t\t\t<\/dt>\n\t\t\t\t<dd class='wp-caption-text gallery-caption' id='gallery-1-55417'>\n\t\t\t\tTango Macondo<br>ph Tommaso Le Pera\n\t\t\t\t<\/dd><\/dl><br style=\"clear: both\" \/><dl class='gallery-item'>\n\t\t\t<dt class='gallery-icon landscape'>\n\t\t\t\t<a data-rel=\"iLightbox[postimages]\" data-title=\"DSC_492_Tango_Macondo_Fresu_ph Tommaso Le Pera\" data-caption=\"Tango Macondoph Tommaso Le Pera\" href='https:\/\/www.teatrostabiletorino.it\/wp-content\/uploads\/2023\/02\/DSC_492_Tango_Macondo_Fresu_ph-Tommaso-Le-Pera.jpg'><img decoding=\"async\" width=\"150\" height=\"150\" src=\"https:\/\/www.teatrostabiletorino.it\/wp-content\/uploads\/2023\/02\/DSC_492_Tango_Macondo_Fresu_ph-Tommaso-Le-Pera-150x150.jpg\" class=\"attachment-thumbnail size-thumbnail lazyload\" alt=\"\" aria-describedby=\"gallery-1-55418\" srcset=\"data:image\/svg+xml,%3Csvg%20xmlns%3D%27http%3A%2F%2Fwww.w3.org%2F2000%2Fsvg%27%20width%3D%272362%27%20height%3D%271572%27%20viewBox%3D%270%200%202362%201572%27%3E%3Crect%20width%3D%272362%27%20height%3D%271572%27%20fill-opacity%3D%220%22%2F%3E%3C%2Fsvg%3E\" data-orig-src=\"https:\/\/www.teatrostabiletorino.it\/wp-content\/uploads\/2023\/02\/DSC_492_Tango_Macondo_Fresu_ph-Tommaso-Le-Pera-150x150.jpg\" data-srcset=\"https:\/\/www.teatrostabiletorino.it\/wp-content\/uploads\/2023\/02\/DSC_492_Tango_Macondo_Fresu_ph-Tommaso-Le-Pera-66x66.jpg 66w, https:\/\/www.teatrostabiletorino.it\/wp-content\/uploads\/2023\/02\/DSC_492_Tango_Macondo_Fresu_ph-Tommaso-Le-Pera-150x150.jpg 150w\" data-sizes=\"auto\" \/><\/a>\n\t\t\t<\/dt>\n\t\t\t\t<dd class='wp-caption-text gallery-caption' id='gallery-1-55418'>\n\t\t\t\tTango Macondo<br>ph Tommaso Le Pera\n\t\t\t\t<\/dd><\/dl><dl class='gallery-item'>\n\t\t\t<dt class='gallery-icon landscape'>\n\t\t\t\t<a data-rel=\"iLightbox[postimages]\" data-title=\"DSC_4411_Tango_Macondo_ph Tommaso Le Pera\" data-caption=\"Tango Macondoph Tommaso Le Pera\" href='https:\/\/www.teatrostabiletorino.it\/wp-content\/uploads\/2023\/02\/DSC_4411_Tango_Macondo_ph-Tommaso-Le-Pera.jpg'><img decoding=\"async\" width=\"150\" height=\"150\" src=\"https:\/\/www.teatrostabiletorino.it\/wp-content\/uploads\/2023\/02\/DSC_4411_Tango_Macondo_ph-Tommaso-Le-Pera-150x150.jpg\" class=\"attachment-thumbnail size-thumbnail lazyload\" alt=\"\" aria-describedby=\"gallery-1-55419\" srcset=\"data:image\/svg+xml,%3Csvg%20xmlns%3D%27http%3A%2F%2Fwww.w3.org%2F2000%2Fsvg%27%20width%3D%271772%27%20height%3D%271179%27%20viewBox%3D%270%200%201772%201179%27%3E%3Crect%20width%3D%271772%27%20height%3D%271179%27%20fill-opacity%3D%220%22%2F%3E%3C%2Fsvg%3E\" data-orig-src=\"https:\/\/www.teatrostabiletorino.it\/wp-content\/uploads\/2023\/02\/DSC_4411_Tango_Macondo_ph-Tommaso-Le-Pera-150x150.jpg\" data-srcset=\"https:\/\/www.teatrostabiletorino.it\/wp-content\/uploads\/2023\/02\/DSC_4411_Tango_Macondo_ph-Tommaso-Le-Pera-66x66.jpg 66w, https:\/\/www.teatrostabiletorino.it\/wp-content\/uploads\/2023\/02\/DSC_4411_Tango_Macondo_ph-Tommaso-Le-Pera-150x150.jpg 150w\" data-sizes=\"auto\" \/><\/a>\n\t\t\t<\/dt>\n\t\t\t\t<dd class='wp-caption-text gallery-caption' id='gallery-1-55419'>\n\t\t\t\tTango Macondo<br>ph Tommaso Le Pera\n\t\t\t\t<\/dd><\/dl>\n\t\t\t<br style='clear: both' \/>\n\t\t<\/div>\n<\/p>","protected":false},"excerpt":{"rendered":"<p>Sorry, this entry is only available in Italiano.Marted\u00ec 21 febbraio 2023, alle 19.30, debutta al <a href=\"https:\/\/www.teatrostabiletorino.it\/en\/al-teatro-carignano-va-in-scena-tango-macondo-il-venditore-di-metafore-scritto-e-diretto-da-giorgio-gallione-con-ugo-dighero-e-paolo-fresuteatro-carignano-21-26-febbraio\/\"> [+]<\/a><\/p>\n","protected":false},"author":2,"featured_media":55417,"comment_status":"closed","ping_status":"open","sticky":false,"template":"","format":"standard","meta":{"_acf_changed":false,"footnotes":""},"categories":[108],"tags":[],"acf":[],"_links":{"self":[{"href":"https:\/\/www.teatrostabiletorino.it\/en\/wp-json\/wp\/v2\/posts\/55411"}],"collection":[{"href":"https:\/\/www.teatrostabiletorino.it\/en\/wp-json\/wp\/v2\/posts"}],"about":[{"href":"https:\/\/www.teatrostabiletorino.it\/en\/wp-json\/wp\/v2\/types\/post"}],"author":[{"embeddable":true,"href":"https:\/\/www.teatrostabiletorino.it\/en\/wp-json\/wp\/v2\/users\/2"}],"replies":[{"embeddable":true,"href":"https:\/\/www.teatrostabiletorino.it\/en\/wp-json\/wp\/v2\/comments?post=55411"}],"version-history":[{"count":0,"href":"https:\/\/www.teatrostabiletorino.it\/en\/wp-json\/wp\/v2\/posts\/55411\/revisions"}],"wp:featuredmedia":[{"embeddable":true,"href":"https:\/\/www.teatrostabiletorino.it\/en\/wp-json\/wp\/v2\/media\/55417"}],"wp:attachment":[{"href":"https:\/\/www.teatrostabiletorino.it\/en\/wp-json\/wp\/v2\/media?parent=55411"}],"wp:term":[{"taxonomy":"category","embeddable":true,"href":"https:\/\/www.teatrostabiletorino.it\/en\/wp-json\/wp\/v2\/categories?post=55411"},{"taxonomy":"post_tag","embeddable":true,"href":"https:\/\/www.teatrostabiletorino.it\/en\/wp-json\/wp\/v2\/tags?post=55411"}],"curies":[{"name":"wp","href":"https:\/\/api.w.org\/{rel}","templated":true}]}}