{"id":55545,"date":"2023-03-01T16:11:46","date_gmt":"2023-03-01T15:11:46","guid":{"rendered":"https:\/\/www.teatrostabiletorino.it\/?p=55545"},"modified":"2023-03-01T16:11:46","modified_gmt":"2023-03-01T15:11:46","slug":"al-teatro-gobetti-debutta-lo-spettacolo-loreste-quando-i-morti-uccidono-i-vivi-di-francesco-niccolini-regia-di-giuseppe-mariniteatro-gobetti-14-19-marzo-2023","status":"publish","type":"post","link":"https:\/\/www.teatrostabiletorino.it\/en\/al-teatro-gobetti-debutta-lo-spettacolo-loreste-quando-i-morti-uccidono-i-vivi-di-francesco-niccolini-regia-di-giuseppe-mariniteatro-gobetti-14-19-marzo-2023\/","title":{"rendered":"AL TEATRO GOBETTI DEBUTTA LO SPETTACOLO \u201cL\u2019ORESTE. Quando i morti uccidono i vivi\u201d DI FRANCESCO NICCOLINI, REGIA DI GIUSEPPE MARINI<br>Teatro Gobetti, 14 \u2013 19 marzo 2023"},"content":{"rendered":"<p class=\"qtranxs-available-languages-message qtranxs-available-languages-message-en\">Sorry, this entry is only available in <a href=\"https:\/\/www.teatrostabiletorino.it\/it\/wp-json\/wp\/v2\/posts\/55545\" class=\"qtranxs-available-language-link qtranxs-available-language-link-it\" title=\"Italiano\">Italiano<\/a>.<\/p><p>Marted\u00ec 14 marzo 2023, alle ore 19.30, debutta al Teatro Gobetti di Torino lo spettacolo <strong><em>L\u2019Oreste. Quando i morti uccidono i vivi<\/em><\/strong>, di <strong>Francesco<\/strong> <strong>Niccolini<\/strong>, per la regia di <strong>Giuseppe<\/strong> <strong>Marini<\/strong>. Sar\u00e0 in scena <strong>Claudio<\/strong> <strong>Casadio<\/strong>, che ha anche collaborato alla drammaturgia. Le illustrazioni sono di <strong>Andrea<\/strong> <strong>Bruno<\/strong>, mentre le scenografie e le animazioni sono di <strong>Imaginarium<\/strong> <strong>Creative<\/strong> <strong>Studio<\/strong>; i costumi sono di <strong>Helga<\/strong> <strong>Williams<\/strong>; le musiche originali di <strong>Paolo<\/strong> <strong>Coletta<\/strong>; il light design di <strong>Michele<\/strong> <strong>Lavanga<\/strong>; il suono di <strong>Francesco<\/strong> <strong>Cavessi<\/strong>. Lo spettacolo, prodotto da Societ\u00e0 per Attori e Accademia Perduta\/Romagna Teatri, in collaborazione con Lucca Comics &amp; Games, sar\u00e0 replicato per la stagione in abbonamento dello Stabile di Torino fino a domenica 19 marzo 2023.<\/p>\n<p>&nbsp;<\/p>\n<p><strong>Scheda sullo spettacolo a cura della Compagnia<\/strong><\/p>\n<p>Oreste \u00e8 internato nel manicomio dell&#8217;Osservanza a Imola. \u00c8 stato abbandonato quando era bambino, e da un orfanotrofio a un riformatorio, da un lavoretto a un oltraggio a un pubblico ufficiale, \u00e8 finito l\u00ec dentro perch\u00e9, semplicemente, in Italia, un tempo andava cos\u00ec. Dopo trent&#8217;anni non \u00e8 ancora uscito: si \u00e8 specializzato a trovarsi sempre nel posto sbagliato nel momento peggiore. Non ha avuto fortuna l&#8217;Oreste, e nel suo passato ci sono avvenimenti terribili che ha rimosso ma dai quali non riesce a liberarsi: la morte della sorella preferita, la partenza del padre per la guerra, il suo ritorno dalla campagna di Russia tre anni dopo la fine di tutto e poi la sua nuova partenza, di nuovo per la Russia, per una fantastica carriera come cosmonauta e \u2013 come se tutto questo non bastasse \u2013 la morte violenta della madre, una madre che lo ha rifiutato quando era ancora ragazzino con i primi problemi psichici. Eppure, l&#8217;Oreste \u00e8 sempre allegro, canta, disegna, non dorme mai, scrive alla sua fidanzata (che ha conosciuto a un &#8220;festival per matti&#8221; nel manicomio di Maggiano a Lucca), parla sempre. Parla con i dottori, con gli infermieri, con un&#8217;altra sorella che di tanto in tanto viene a trovarlo, ma soprattutto parla con l&#8217;Ermes, il suo compagno di stanza, uno schizofrenico convinto di essere un ufficiale aeronautico di un esercito straniero tenuto prigioniero in Italia. Peccato che l&#8217;Ermes non esista. Oreste riceve costantemente visita dai suoi fantasmi, dalle visioni dei mondi disperati che coltiva dentro di s\u00e9, oltre che da medici e infermieri. I sogni dell&#8217;Oreste, i suoi incubi, i suoi desideri e gli errori di una vita tutta sbagliata trasformano la scenografia e il teatro drammatico classico in un caleidoscopio di presenze che solo le tecniche del \u201cGraphic Novel Theater\u201d rendono realizzabile: un impossibile viaggio tra Imola e la Luna attraverso la tenerezza disperata di un uomo abbandonato da bambino e che non si \u00e8 pi\u00f9 ritrovato. <em>L&#8217;Oreste<\/em> \u00e8 una riflessione sull&#8217;abbandono e sull&#8217;amore negato. Su come la vita spesso non faccia sconti e sia impietosa. E su come, a volte, sia pi\u00f9 difficile andare da Imola a Lucca che da Imola sulla Luna. Uno spettacolo originalissimo, di struggente poesia e forza, in cui fluiscono momenti drammatici e altri teneramente comici. Con un\u2019animazione grafica di straordinaria potenza, visiva e drammaturgica, Claudio Casadio d\u00e0 vita e voce a un personaggio indimenticabile, affrontando con grande sensibilit\u00e0 attoriale il tema importante e delicato della malattia mentale. Dallo spettacolo \u00e8 stato realizzato un libro che ne raccoglie testi e illustrazioni, pubblicato da Poliniani Editore.<\/p>\n<p>&nbsp;<\/p>\n<p><a href=\"http:\/\/www.teatrostabiletorino.it\/wp-content\/uploads\/2023\/03\/01_CS_LOreste.pdf\" target=\"_blank\" rel=\"noopener noreferrer\">CS_LOreste<\/a><\/p>\n<p>&nbsp;<\/p>\n<p>\n\t\t<style type=\"text\/css\">\n\t\t\t#gallery-1 {\n\t\t\t\tmargin: auto;\n\t\t\t}\n\t\t\t#gallery-1 .gallery-item {\n\t\t\t\tfloat: left;\n\t\t\t\tmargin-top: 10px;\n\t\t\t\ttext-align: center;\n\t\t\t\twidth: 20%;\n\t\t\t}\n\t\t\t#gallery-1 img {\n\t\t\t\tborder: 2px solid #cfcfcf;\n\t\t\t}\n\t\t\t#gallery-1 .gallery-caption {\n\t\t\t\tmargin-left: 0;\n\t\t\t}\n\t\t\t\/* see gallery_shortcode() in wp-includes\/media.php *\/\n\t\t<\/style>\n\t\t<div id='gallery-1' class='gallery galleryid-55545 gallery-columns-5 gallery-size-thumbnail'><dl class='gallery-item'>\n\t\t\t<dt class='gallery-icon landscape'>\n\t\t\t\t<a data-rel=\"iLightbox[postimages]\" data-title=\"02_L&#8217;Oreste_ph Tommaso Le Pera\" data-caption=\"L&#039;Oresteph Tommaso Le Pera\" href='https:\/\/www.teatrostabiletorino.it\/wp-content\/uploads\/2023\/03\/02_LOreste_ph-Tommaso-Le-Pera.jpg'><img decoding=\"async\" width=\"150\" height=\"150\" src=\"https:\/\/www.teatrostabiletorino.it\/wp-content\/uploads\/2023\/03\/02_LOreste_ph-Tommaso-Le-Pera-150x150.jpg\" class=\"attachment-thumbnail size-thumbnail lazyload\" alt=\"\" aria-describedby=\"gallery-1-55547\" srcset=\"data:image\/svg+xml,%3Csvg%20xmlns%3D%27http%3A%2F%2Fwww.w3.org%2F2000%2Fsvg%27%20width%3D%272126%27%20height%3D%271417%27%20viewBox%3D%270%200%202126%201417%27%3E%3Crect%20width%3D%272126%27%20height%3D%271417%27%20fill-opacity%3D%220%22%2F%3E%3C%2Fsvg%3E\" data-orig-src=\"https:\/\/www.teatrostabiletorino.it\/wp-content\/uploads\/2023\/03\/02_LOreste_ph-Tommaso-Le-Pera-150x150.jpg\" data-srcset=\"https:\/\/www.teatrostabiletorino.it\/wp-content\/uploads\/2023\/03\/02_LOreste_ph-Tommaso-Le-Pera-66x66.jpg 66w, https:\/\/www.teatrostabiletorino.it\/wp-content\/uploads\/2023\/03\/02_LOreste_ph-Tommaso-Le-Pera-150x150.jpg 150w\" data-sizes=\"auto\" \/><\/a>\n\t\t\t<\/dt>\n\t\t\t\t<dd class='wp-caption-text gallery-caption' id='gallery-1-55547'>\n\t\t\t\tL&#8217;Oreste<br>ph Tommaso Le Pera\n\t\t\t\t<\/dd><\/dl><dl class='gallery-item'>\n\t\t\t<dt class='gallery-icon landscape'>\n\t\t\t\t<a data-rel=\"iLightbox[postimages]\" data-title=\"03_L&#8217;Oreste_ph Tommaso Le Pera\" data-caption=\"L&#039;Oresteph Tommaso Le Pera\" href='https:\/\/www.teatrostabiletorino.it\/wp-content\/uploads\/2023\/03\/03_LOreste_ph-Tommaso-Le-Pera.jpg'><img decoding=\"async\" width=\"150\" height=\"150\" src=\"https:\/\/www.teatrostabiletorino.it\/wp-content\/uploads\/2023\/03\/03_LOreste_ph-Tommaso-Le-Pera-150x150.jpg\" class=\"attachment-thumbnail size-thumbnail lazyload\" alt=\"\" aria-describedby=\"gallery-1-55548\" srcset=\"data:image\/svg+xml,%3Csvg%20xmlns%3D%27http%3A%2F%2Fwww.w3.org%2F2000%2Fsvg%27%20width%3D%272126%27%20height%3D%271417%27%20viewBox%3D%270%200%202126%201417%27%3E%3Crect%20width%3D%272126%27%20height%3D%271417%27%20fill-opacity%3D%220%22%2F%3E%3C%2Fsvg%3E\" data-orig-src=\"https:\/\/www.teatrostabiletorino.it\/wp-content\/uploads\/2023\/03\/03_LOreste_ph-Tommaso-Le-Pera-150x150.jpg\" data-srcset=\"https:\/\/www.teatrostabiletorino.it\/wp-content\/uploads\/2023\/03\/03_LOreste_ph-Tommaso-Le-Pera-66x66.jpg 66w, https:\/\/www.teatrostabiletorino.it\/wp-content\/uploads\/2023\/03\/03_LOreste_ph-Tommaso-Le-Pera-150x150.jpg 150w\" data-sizes=\"auto\" \/><\/a>\n\t\t\t<\/dt>\n\t\t\t\t<dd class='wp-caption-text gallery-caption' id='gallery-1-55548'>\n\t\t\t\tL&#8217;Oreste<br>ph Tommaso Le Pera\n\t\t\t\t<\/dd><\/dl><dl class='gallery-item'>\n\t\t\t<dt class='gallery-icon landscape'>\n\t\t\t\t<a data-rel=\"iLightbox[postimages]\" data-title=\"04_L&#8217;Oreste_ph Tommaso Le Pera\" data-caption=\"L&#039;Oresteph Tommaso Le Pera\" href='https:\/\/www.teatrostabiletorino.it\/wp-content\/uploads\/2023\/03\/04_LOreste_ph-Tommaso-Le-Pera.jpg'><img decoding=\"async\" width=\"150\" height=\"150\" src=\"https:\/\/www.teatrostabiletorino.it\/wp-content\/uploads\/2023\/03\/04_LOreste_ph-Tommaso-Le-Pera-150x150.jpg\" class=\"attachment-thumbnail size-thumbnail lazyload\" alt=\"\" aria-describedby=\"gallery-1-55549\" srcset=\"data:image\/svg+xml,%3Csvg%20xmlns%3D%27http%3A%2F%2Fwww.w3.org%2F2000%2Fsvg%27%20width%3D%272126%27%20height%3D%271415%27%20viewBox%3D%270%200%202126%201415%27%3E%3Crect%20width%3D%272126%27%20height%3D%271415%27%20fill-opacity%3D%220%22%2F%3E%3C%2Fsvg%3E\" data-orig-src=\"https:\/\/www.teatrostabiletorino.it\/wp-content\/uploads\/2023\/03\/04_LOreste_ph-Tommaso-Le-Pera-150x150.jpg\" data-srcset=\"https:\/\/www.teatrostabiletorino.it\/wp-content\/uploads\/2023\/03\/04_LOreste_ph-Tommaso-Le-Pera-66x66.jpg 66w, https:\/\/www.teatrostabiletorino.it\/wp-content\/uploads\/2023\/03\/04_LOreste_ph-Tommaso-Le-Pera-150x150.jpg 150w\" data-sizes=\"auto\" \/><\/a>\n\t\t\t<\/dt>\n\t\t\t\t<dd class='wp-caption-text gallery-caption' id='gallery-1-55549'>\n\t\t\t\tL&#8217;Oreste<br>ph Tommaso Le Pera\n\t\t\t\t<\/dd><\/dl><dl class='gallery-item'>\n\t\t\t<dt class='gallery-icon landscape'>\n\t\t\t\t<a data-rel=\"iLightbox[postimages]\" data-title=\"01_L&#8217;Oreste_ph Tommaso Le Pera\" data-caption=\"L&#039;Oresteph Tommaso Le Pera\" href='https:\/\/www.teatrostabiletorino.it\/wp-content\/uploads\/2023\/03\/01_LOreste_ph-Tommaso-Le-Pera.jpg'><img decoding=\"async\" width=\"150\" height=\"150\" src=\"https:\/\/www.teatrostabiletorino.it\/wp-content\/uploads\/2023\/03\/01_LOreste_ph-Tommaso-Le-Pera-150x150.jpg\" class=\"attachment-thumbnail size-thumbnail lazyload\" alt=\"\" aria-describedby=\"gallery-1-55550\" srcset=\"data:image\/svg+xml,%3Csvg%20xmlns%3D%27http%3A%2F%2Fwww.w3.org%2F2000%2Fsvg%27%20width%3D%272126%27%20height%3D%271417%27%20viewBox%3D%270%200%202126%201417%27%3E%3Crect%20width%3D%272126%27%20height%3D%271417%27%20fill-opacity%3D%220%22%2F%3E%3C%2Fsvg%3E\" data-orig-src=\"https:\/\/www.teatrostabiletorino.it\/wp-content\/uploads\/2023\/03\/01_LOreste_ph-Tommaso-Le-Pera-150x150.jpg\" data-srcset=\"https:\/\/www.teatrostabiletorino.it\/wp-content\/uploads\/2023\/03\/01_LOreste_ph-Tommaso-Le-Pera-66x66.jpg 66w, https:\/\/www.teatrostabiletorino.it\/wp-content\/uploads\/2023\/03\/01_LOreste_ph-Tommaso-Le-Pera-150x150.jpg 150w\" data-sizes=\"auto\" \/><\/a>\n\t\t\t<\/dt>\n\t\t\t\t<dd class='wp-caption-text gallery-caption' id='gallery-1-55550'>\n\t\t\t\tL&#8217;Oreste<br>ph Tommaso Le Pera\n\t\t\t\t<\/dd><\/dl>\n\t\t\t<br style='clear: both' \/>\n\t\t<\/div>\n<\/p>","protected":false},"excerpt":{"rendered":"<p>Sorry, this entry is only available in Italiano.Marted\u00ec 14 marzo 2023, alle ore 19.30, debutta <a href=\"https:\/\/www.teatrostabiletorino.it\/en\/al-teatro-gobetti-debutta-lo-spettacolo-loreste-quando-i-morti-uccidono-i-vivi-di-francesco-niccolini-regia-di-giuseppe-mariniteatro-gobetti-14-19-marzo-2023\/\"> [+]<\/a><\/p>\n","protected":false},"author":2,"featured_media":55550,"comment_status":"closed","ping_status":"open","sticky":false,"template":"","format":"standard","meta":{"_acf_changed":false,"footnotes":""},"categories":[108],"tags":[],"acf":[],"_links":{"self":[{"href":"https:\/\/www.teatrostabiletorino.it\/en\/wp-json\/wp\/v2\/posts\/55545"}],"collection":[{"href":"https:\/\/www.teatrostabiletorino.it\/en\/wp-json\/wp\/v2\/posts"}],"about":[{"href":"https:\/\/www.teatrostabiletorino.it\/en\/wp-json\/wp\/v2\/types\/post"}],"author":[{"embeddable":true,"href":"https:\/\/www.teatrostabiletorino.it\/en\/wp-json\/wp\/v2\/users\/2"}],"replies":[{"embeddable":true,"href":"https:\/\/www.teatrostabiletorino.it\/en\/wp-json\/wp\/v2\/comments?post=55545"}],"version-history":[{"count":0,"href":"https:\/\/www.teatrostabiletorino.it\/en\/wp-json\/wp\/v2\/posts\/55545\/revisions"}],"wp:featuredmedia":[{"embeddable":true,"href":"https:\/\/www.teatrostabiletorino.it\/en\/wp-json\/wp\/v2\/media\/55550"}],"wp:attachment":[{"href":"https:\/\/www.teatrostabiletorino.it\/en\/wp-json\/wp\/v2\/media?parent=55545"}],"wp:term":[{"taxonomy":"category","embeddable":true,"href":"https:\/\/www.teatrostabiletorino.it\/en\/wp-json\/wp\/v2\/categories?post=55545"},{"taxonomy":"post_tag","embeddable":true,"href":"https:\/\/www.teatrostabiletorino.it\/en\/wp-json\/wp\/v2\/tags?post=55545"}],"curies":[{"name":"wp","href":"https:\/\/api.w.org\/{rel}","templated":true}]}}